{"id":368519,"date":"2024-01-03T13:33:19","date_gmt":"2024-01-03T12:33:19","guid":{"rendered":"https:\/\/www.radiopiu.net\/wordpress\/?p=368519"},"modified":"2024-01-04T05:39:06","modified_gmt":"2024-01-04T04:39:06","slug":"apre-lambulatorio-infermieristico-della-valbelluna-con-orari-dalle-6-alle-22-in-centro-a-santa-giustina","status":"publish","type":"post","link":"https:\/\/www.radiopiu.net\/wordpress\/apre-lambulatorio-infermieristico-della-valbelluna-con-orari-dalle-6-alle-22-in-centro-a-santa-giustina\/","title":{"rendered":"APRE L\u2019AMBULATORIO INFERMIERISTICO DELLA VALBELLUNA CON ORARI DALLE 6 ALLE 22 IN CENTRO A SANTA GIUSTINA"},"content":{"rendered":"<p>****<\/p>\n<p>&nbsp;<\/p>\n<p><strong>DI ALESSIA DALL&#8217;O&#8217;<\/strong><\/p>\n<p><strong>SANTA GIUSTINA <\/strong>Con l\u2019arrivo del nuovo anno, la comunit\u00e0 di Santa Giustina accoglie con entusiasmo l&#8217;apertura dell&#8217;ambulatorio infermieristico di Gigliola De Paris, un&#8217;iniziativa che promette di rivoluzionare l&#8217;approccio alla salute e al benessere nella zona della Valbelluna con un servizio infermieristico privato in studio o a domicilio presso la propria casa o quella dei propri cari. Con una lunga esperienza presso l&#8217;ospedale di Belluno, l&#8217;infermiera zumellese ha deciso di intraprendere una nuova sfida aprendo il suo studio in Via Roma 1, per offrire servizi che vanno oltre la tradizionale assistenza medica: prelievi venosi, somministrazione terapie, medicazioni, monitoraggi cardiaci e dei parametri vitali, ma anche servizi di educazione sanitaria. L&#8217;ambulatorio, aperto dalle 6 del mattino alle 22, si propone di semplificare la vita quotidiana dei pazienti: \u201cOrari flessibili consentono di realizzare, ad esempio, le analisi prescritte dal medico di base senza la necessit\u00e0 di prendere permesso lavorativo o fare le corse per rientrare in orario. Con una semplice chiamata, email o messaggino whatsapp cercher\u00f2 la soluzione pi\u00f9 adatta alle necessit\u00e0 di ognuno\u201d spiega De Paris. &#8220;Desidero, inoltre, con il tempo, creare una rete collaborativa con farmacie e medici per offrire soluzioni integrate ai pazienti. Gi\u00e0 con questa apertura possiamo dire che in questo stesso spazio stiamo costruendo un gruppo dedicato al benessere e alla salute a tutto tondo della persona: oltre al mio laboratorio in Via Roma trovate anche i colleghi Stefano Bernardi, fisioterapista, e Michelle Dal Pan, nutrizionista.\u201d A Santa Giustina in unico luogo e tre studi professionali con l&#8217;obiettivo comune di promuovere la salute della persona: un grande servizio per coloro i quali cercano soluzioni tempestive ma anche altamente professionali. L&#8217;ambulatorio inferimieristico della Valbelluna \u00e8 pronto ad accogliere i pazienti e a rispondere alle loro esigenze poich\u00e8 ieri, 3 gennaio, ha inaugurato la sua apertura ufficialmente. Per prenotazioni e ulteriori informazioni, \u00e8 possibile contattare Gigliola De Paris via email all&#8217;indirizzo info@ambulatorioinfermieristicovalbelluna.it o chiamando il numero +39 370 1410836.<\/p>\n\n\t\t\t<style type='text\/css'>\n\t\t\t\t#gallery-1 {\n\t\t\t\t\tmargin: auto;\n\t\t\t\t}\n\t\t\t\t#gallery-1 .gallery-item {\n\t\t\t\t\tfloat: left;\n\t\t\t\t\tmargin-top: 10px;\n\t\t\t\t\ttext-align: center;\n\t\t\t\t\twidth: 33%;\n\t\t\t\t}\n\t\t\t\t#gallery-1 img {\n\t\t\t\t\tborder: 2px solid #cfcfcf;\n\t\t\t\t}\n\t\t\t\t#gallery-1 .gallery-caption {\n\t\t\t\t\tmargin-left: 0;\n\t\t\t\t}\n\t\t\t\t\/* see gallery_shortcode() in wp-includes\/media.php *\/\n\t\t\t<\/style>\n\t\t<div id='gallery-1' class='dt-gallery-container gallery galleryid-368519 gallery-columns-3 gallery-size-thumbnail'><dl class='gallery-item'>\n\t\t\t\t<dt class='gallery-icon landscape'>\n\t\t\t\t\t<a class=\"rollover rollover-zoom dt-pswp-item\" title=\"Gigliola De Paris\" data-dt-img-description=\"\" data-large_image_width=\"688\" data-large_image_height=\"528\"href='https:\/\/www.radiopiu.net\/wordpress\/wp-content\/uploads\/2024\/01\/Gigliola-De-Paris.jpg'><img loading=\"lazy\" decoding=\"async\" width=\"150\" height=\"150\" src=\"https:\/\/www.radiopiu.net\/wordpress\/wp-content\/uploads\/2024\/01\/Gigliola-De-Paris-150x150.jpg\" class=\"attachment-thumbnail size-thumbnail\" alt=\"\" aria-describedby=\"gallery-1-368520\" \/><\/a>\n\t\t\t\t<\/dt>\n\t\t\t\t\t<dd class='wp-caption-text gallery-caption' id='gallery-1-368520'>\n\t\t\t\t\tGIGLIOLA DE PARIS\n\t\t\t\t\t<\/dd><\/dl><dl class='gallery-item'>\n\t\t\t\t<dt class='gallery-icon portrait'>\n\t\t\t\t\t<a class=\"rollover rollover-zoom dt-pswp-item\" title=\"Michelle Dal Pan Nutrizionista\" data-dt-img-description=\"\" data-large_image_width=\"232\" data-large_image_height=\"300\"href='https:\/\/www.radiopiu.net\/wordpress\/wp-content\/uploads\/2024\/01\/Michelle-Dal-Pan-Nutrizionista.jpg'><img loading=\"lazy\" decoding=\"async\" width=\"150\" height=\"150\" src=\"https:\/\/www.radiopiu.net\/wordpress\/wp-content\/uploads\/2024\/01\/Michelle-Dal-Pan-Nutrizionista-150x150.jpg\" class=\"attachment-thumbnail size-thumbnail\" alt=\"\" aria-describedby=\"gallery-1-368521\" \/><\/a>\n\t\t\t\t<\/dt>\n\t\t\t\t\t<dd class='wp-caption-text gallery-caption' id='gallery-1-368521'>\n\t\t\t\t\tMICHELLE DAL PIAN &#8211; NUTRIZIONISTA\n\t\t\t\t\t<\/dd><\/dl><dl class='gallery-item'>\n\t\t\t\t<dt class='gallery-icon landscape'>\n\t\t\t\t\t<a class=\"rollover rollover-zoom dt-pswp-item\" title=\"Stefano Bernardi Fisioterapista\" data-dt-img-description=\"\" data-large_image_width=\"1024\" data-large_image_height=\"683\"href='https:\/\/www.radiopiu.net\/wordpress\/wp-content\/uploads\/2024\/01\/Stefano-Bernardi-Fisioterapista.jpg'><img loading=\"lazy\" decoding=\"async\" width=\"150\" height=\"150\" src=\"https:\/\/www.radiopiu.net\/wordpress\/wp-content\/uploads\/2024\/01\/Stefano-Bernardi-Fisioterapista-150x150.jpg\" class=\"attachment-thumbnail size-thumbnail\" alt=\"\" aria-describedby=\"gallery-1-368522\" \/><\/a>\n\t\t\t\t<\/dt>\n\t\t\t\t\t<dd class='wp-caption-text gallery-caption' id='gallery-1-368522'>\n\t\t\t\t\tSTEFANO BERNARDI &#8211; FISIOTERAPISTA\n\t\t\t\t\t<\/dd><\/dl><br style=\"clear: both\" \/>\n\t\t\t<\/div>\n\n<p>&nbsp;<\/p>\n<p>&nbsp;<\/p>\n<p>******<\/p>\n","protected":false},"excerpt":{"rendered":"<p>**** &nbsp; DI ALESSIA DALL&#8217;O&#8217; SANTA GIUSTINA Con l\u2019arrivo del nuovo anno, la comunit\u00e0 di Santa Giustina accoglie con entusiasmo l&#8217;apertura dell&#8217;ambulatorio infermieristico di Gigliola De Paris, un&#8217;iniziativa che promette di rivoluzionare l&#8217;approccio alla salute e al benessere nella zona della Valbelluna con un servizio infermieristico privato in studio o a domicilio presso la propria&hellip;<\/p>\n","protected":false},"author":4,"featured_media":44829,"comment_status":"closed","ping_status":"closed","sticky":false,"template":"","format":"standard","meta":{"_monsterinsights_skip_tracking":false,"_monsterinsights_sitenote_active":false,"_monsterinsights_sitenote_note":"","_monsterinsights_sitenote_category":0,"footnotes":""},"categories":[51,49],"tags":[],"class_list":["post-368519","post","type-post","status-publish","format-standard","has-post-thumbnail","hentry","category-evidenza-top","category-news-18","category-51","category-49","description-off"],"img_url":"https:\/\/www.radiopiu.net\/wordpress\/wp-content\/uploads\/2018\/03\/220px-Municipio_Santa_Giustina.jpg","_links":{"self":[{"href":"https:\/\/www.radiopiu.net\/wordpress\/wp-json\/wp\/v2\/posts\/368519","targetHints":{"allow":["GET"]}}],"collection":[{"href":"https:\/\/www.radiopiu.net\/wordpress\/wp-json\/wp\/v2\/posts"}],"about":[{"href":"https:\/\/www.radiopiu.net\/wordpress\/wp-json\/wp\/v2\/types\/post"}],"author":[{"embeddable":true,"href":"https:\/\/www.radiopiu.net\/wordpress\/wp-json\/wp\/v2\/users\/4"}],"replies":[{"embeddable":true,"href":"https:\/\/www.radiopiu.net\/wordpress\/wp-json\/wp\/v2\/comments?post=368519"}],"version-history":[{"count":0,"href":"https:\/\/www.radiopiu.net\/wordpress\/wp-json\/wp\/v2\/posts\/368519\/revisions"}],"wp:featuredmedia":[{"embeddable":true,"href":"https:\/\/www.radiopiu.net\/wordpress\/wp-json\/wp\/v2\/media\/44829"}],"wp:attachment":[{"href":"https:\/\/www.radiopiu.net\/wordpress\/wp-json\/wp\/v2\/media?parent=368519"}],"wp:term":[{"taxonomy":"category","embeddable":true,"href":"https:\/\/www.radiopiu.net\/wordpress\/wp-json\/wp\/v2\/categories?post=368519"},{"taxonomy":"post_tag","embeddable":true,"href":"https:\/\/www.radiopiu.net\/wordpress\/wp-json\/wp\/v2\/tags?post=368519"}],"curies":[{"name":"wp","href":"https:\/\/api.w.org\/{rel}","templated":true}]}}