{"id":368542,"date":"2024-01-03T14:16:40","date_gmt":"2024-01-03T13:16:40","guid":{"rendered":"https:\/\/www.radiopiu.net\/wordpress\/?p=368542"},"modified":"2024-01-04T05:39:02","modified_gmt":"2024-01-04T04:39:02","slug":"pista-da-bob-una-storia-allitaliana-cgil-cisl-e-uil-dalla-parte-del-cio","status":"publish","type":"post","link":"https:\/\/www.radiopiu.net\/wordpress\/pista-da-bob-una-storia-allitaliana-cgil-cisl-e-uil-dalla-parte-del-cio\/","title":{"rendered":"PISTA DA BOB, \u201cUNA STORIA ALL\u2019ITALIANA\u201d. CGIL, CISL E UIL DALLA PARTE DEL CIO"},"content":{"rendered":"<p>******<\/p>\n<p>&nbsp;<\/p>\n<p><strong><a class=\"dt-pswp-item\" href=\"https:\/\/www.radiopiu.net\/wordpress\/wp-content\/uploads\/2021\/04\/cortina_guide_bob.jpg\" data-dt-img-description=\"\" data-large_image_width=\"600\" data-large_image_height=\"300\"><img loading=\"lazy\" decoding=\"async\" class=\"size-medium wp-image-204666 alignleft\" src=\"https:\/\/www.radiopiu.net\/wordpress\/wp-content\/uploads\/2021\/04\/cortina_guide_bob-300x150.jpg\" alt=\"\" width=\"300\" height=\"150\" srcset=\"https:\/\/www.radiopiu.net\/wordpress\/wp-content\/uploads\/2021\/04\/cortina_guide_bob-300x150.jpg 300w, https:\/\/www.radiopiu.net\/wordpress\/wp-content\/uploads\/2021\/04\/cortina_guide_bob.jpg 600w\" sizes=\"auto, (max-width: 300px) 100vw, 300px\" \/><\/a>BELLUNO <\/strong>\u201c<em>La vicenda della pista da bob per le Olimpiadi Milano-Cortina del 2026 sta assumendo delle connotazioni grottesche per quanto, purtroppo, reali. Verrebbe da dire l\u2019ennesima storia all\u2019italiana\u201d.<\/em> Si apre con questa riflessione amara la nota di Cgil, Cisl e Uil di Belluno sui recenti sviluppi relativi alla pista da bob di Cortina. La scadenza del nuovo bando per la versione light della struttura si avvicina (18 gennaio per la gara da 81,6 milioni di euro), mentre i dubbi si infittiscono. Se da un lato Cgil, Cisl e Uil concordano con la posizione assunta dal Comitato Olimpico Internazionale che ha ribadito che qualunque sar\u00e0 il progetto e ovunque esso trover\u00e0 collocazione il principio cardine che dovr\u00e0 essere onorato e rispettato \u00e8 quello della legacy (eredit\u00e0) per il territorio, dall\u2019altro le organizzazioni sindacali non possono non sottolineare come al momento non vi sia garanzia che tale principio venga rispettato, cos\u00ec come sta succedendo per il Villaggio Olimpico. <em>\u201cSalvo smentite dell\u2019ultima ora, dovrebbe essere edificato a Fiames con impatto ambientale notevole e un costo di circa 48 mln di euro, per poi essere smantellato alla fine dei Giochi, con il risultato che l\u2019unica legacy che ad oggi possiamo intravedere sono le opere di urbanizzazione che rimarrebbero nell\u2019area, peraltro riserva naturale e con biodiversit\u00e0 uniche<\/em>\u201d, affermano Denise Casanova, Massimiliano Paglini e Sonia Bridda, segretari generali rispettivamente di Cgil Belluno, Cisl Belluno Treviso e Uil Veneto Belluno. \u201c<em>Se non vi \u00e8 nessuno ad oggi in grado di dare garanzie per la legacy del Villaggio Olimpico, poich\u00e8 l\u2019unica scelta che potrebbe dare garanzie in tal senso \u00e8 il recupero del Villaggio ex Eni di Borca di Cadore &#8211; <\/em>riflettono i segretari<em> -, ci domandiamo chi possa dare garanzie per la legacy riguardo alla pista da bob bis\u201d. <\/em>\u201c<em>Sia chiaro, a scanso di equivoci <\/em>&#8211; ribadiscono Casanova, Paglini e Bridda &#8211; <em>condividiamo i principi dell\u2019Agenda Olimpica 2020 a cui si appella il CIO nella missiva inviata ad alcuni parlamentari italiani in cui \u00e8 scritto nero su bianco che nessun impianto permanente dovrebbe essere costruito senza un chiaro e visibile piano di legacy<\/em>. <em>Il CIO per\u00f2 aggiunge<\/em> <em>di credere fermamente che il numero esistente di impianti sia sufficiente per l\u2019attuale numero di atleti e competizioni e che solo gli impianti esistenti e gi\u00e0 operanti possono essere considerati a causa dello scarso tempo che rimane per i Giochi 2026\u201d<\/em>. \u201c<em>Il problema<\/em> &#8211; sostengono i segretari generali di Cgil, Cisl e Uil &#8211; <em>\u00e8 capire come ci si sia infilati in questo vicolo cieco e soprattutto perch\u00e9 ci si ritrova a due anni dalle Olimpiadi a dover correre per ottenere le offerte per i lavori in 18 giorni e soprattutto perch\u00e9 della programmazione delle discipline olimpiche per Cortina non \u00e8 stata fatta nessuna propedeutica valutazione sulla legacy degli impianti (e del Villaggio), affidandosi solo al romanticismo degli epici risultati del bob italiano nei Giochi del 1956\u201d. <\/em><em>\u201cAd oggi &#8211; <\/em>proseguono &#8211; <em>restano solo la certezza che per fare in fretta e contenere i costi della pista da bob bis si ripropone il criterio del massimo ribasso, che non d\u00e0 alcuna garanzia di rispetto della sicurezza e della corretta applicazione dei contratti collettivi di riferimento e quindi della tutela e della sicurezza dei lavoratori che opereranno nei cantieri, e allo stesso tempo la consapevolezza che senza il bob per Cortina si rischia una \u2018compartecipazione\u2019 ai Giochi, mentre con il bob si rischia l\u2019ennesima opera faraonica da 80 milioni senza certezze di eredit\u00e0, sviluppo e prospettive per il territorio. Ad oggi un vero capolavoro all\u2019italiana sul quale auspichiamo di essere smentiti\u201d.<\/em><\/p>\n<p>&nbsp;<\/p>\n<p>&nbsp;<\/p>\n<p>********<\/p>\n","protected":false},"excerpt":{"rendered":"<p>****** &nbsp; BELLUNO \u201cLa vicenda della pista da bob per le Olimpiadi Milano-Cortina del 2026 sta assumendo delle connotazioni grottesche per quanto, purtroppo, reali. Verrebbe da dire l\u2019ennesima storia all\u2019italiana\u201d. Si apre con questa riflessione amara la nota di Cgil, Cisl e Uil di Belluno sui recenti sviluppi relativi alla pista da bob di Cortina.&hellip;<\/p>\n","protected":false},"author":4,"featured_media":204667,"comment_status":"closed","ping_status":"closed","sticky":false,"template":"","format":"standard","meta":{"_monsterinsights_skip_tracking":false,"_monsterinsights_sitenote_active":false,"_monsterinsights_sitenote_note":"","_monsterinsights_sitenote_category":0,"footnotes":""},"categories":[51,49],"tags":[],"class_list":["post-368542","post","type-post","status-publish","format-standard","has-post-thumbnail","hentry","category-evidenza-top","category-news-18","category-51","category-49","description-off"],"img_url":"https:\/\/www.radiopiu.net\/wordpress\/wp-content\/uploads\/2021\/04\/cortina_guide_bob-1.jpg","_links":{"self":[{"href":"https:\/\/www.radiopiu.net\/wordpress\/wp-json\/wp\/v2\/posts\/368542","targetHints":{"allow":["GET"]}}],"collection":[{"href":"https:\/\/www.radiopiu.net\/wordpress\/wp-json\/wp\/v2\/posts"}],"about":[{"href":"https:\/\/www.radiopiu.net\/wordpress\/wp-json\/wp\/v2\/types\/post"}],"author":[{"embeddable":true,"href":"https:\/\/www.radiopiu.net\/wordpress\/wp-json\/wp\/v2\/users\/4"}],"replies":[{"embeddable":true,"href":"https:\/\/www.radiopiu.net\/wordpress\/wp-json\/wp\/v2\/comments?post=368542"}],"version-history":[{"count":0,"href":"https:\/\/www.radiopiu.net\/wordpress\/wp-json\/wp\/v2\/posts\/368542\/revisions"}],"wp:featuredmedia":[{"embeddable":true,"href":"https:\/\/www.radiopiu.net\/wordpress\/wp-json\/wp\/v2\/media\/204667"}],"wp:attachment":[{"href":"https:\/\/www.radiopiu.net\/wordpress\/wp-json\/wp\/v2\/media?parent=368542"}],"wp:term":[{"taxonomy":"category","embeddable":true,"href":"https:\/\/www.radiopiu.net\/wordpress\/wp-json\/wp\/v2\/categories?post=368542"},{"taxonomy":"post_tag","embeddable":true,"href":"https:\/\/www.radiopiu.net\/wordpress\/wp-json\/wp\/v2\/tags?post=368542"}],"curies":[{"name":"wp","href":"https:\/\/api.w.org\/{rel}","templated":true}]}}