{"id":368559,"date":"2024-01-04T05:22:19","date_gmt":"2024-01-04T04:22:19","guid":{"rendered":"https:\/\/www.radiopiu.net\/wordpress\/?p=368559"},"modified":"2024-01-04T05:38:51","modified_gmt":"2024-01-04T04:38:51","slug":"203-agordina-sotto-alla-montagna-emergenza-di-primo-livello","status":"publish","type":"post","link":"https:\/\/www.radiopiu.net\/wordpress\/203-agordina-sotto-alla-montagna-emergenza-di-primo-livello\/","title":{"rendered":"203 AGORDINA SOTTO ALLA MONTAGNA &#8220;EMERGENZA DI PRIMO LIVELLO&#8221;"},"content":{"rendered":"<p>***<\/p>\n<p>&nbsp;<\/p>\n<p><strong><img decoding=\"async\" class=\"alignleft\" src=\"https:\/\/www.radiopiu.net\/wordpress\/wp-content\/uploads\/2023\/08\/INCIDENTE-203-AGORDINA-1-300x158-1.jpg\" \/>REDAZIONE<\/strong> Troppi pericoli sotto quella montagna, troppi sassi che finiscono sulla carreggiata. Una strada da spostare, verso il torrente Cordevole, lontano dalle pareti rocciose. A Radio Pi\u00f9 lo scorso 31 dicembre ne ha parlato il Presidente dell&#8217;Unione Montana Agordina.<em> &#8220;Sta passando troppo tempo, e siamo al primo posto, recuperiamo il tempo perso. Grazie a Luxottica che ci \u00e8 accanto cos\u00ec come l&#8217;ex ministro Federico D&#8217;Inc\u00e0&#8221;.<\/em><\/p>\n<p><strong>AUDIO, il presidente dell&#8217;Unione Montana Paolo Frena<\/strong><\/p>\n<audio class=\"wp-audio-shortcode\" id=\"audio-368559-1\" preload=\"none\" style=\"width: 100%;\" controls=\"controls\"><source type=\"audio\/mpeg\" src=\"https:\/\/www.radiopiu.net\/wordpress\/wp-content\/uploads\/2024\/01\/paolo-secondo-intervento-203.mp3?_=1\" \/><a href=\"https:\/\/www.radiopiu.net\/wordpress\/wp-content\/uploads\/2024\/01\/paolo-secondo-intervento-203.mp3\">https:\/\/www.radiopiu.net\/wordpress\/wp-content\/uploads\/2024\/01\/paolo-secondo-intervento-203.mp3<\/a><\/audio>\n<p>&nbsp;<\/p>\n<p>&nbsp;<\/p>\n<hr \/>\n<p>&nbsp;<\/p>\n<p>&nbsp;<\/p>\n<p>&nbsp;<\/p>\n","protected":false},"excerpt":{"rendered":"<p>*** &nbsp; REDAZIONE Troppi pericoli sotto quella montagna, troppi sassi che finiscono sulla carreggiata. Una strada da spostare, verso il torrente Cordevole, lontano dalle pareti rocciose. A Radio Pi\u00f9 lo scorso 31 dicembre ne ha parlato il Presidente dell&#8217;Unione Montana Agordina. &#8220;Sta passando troppo tempo, e siamo al primo posto, recuperiamo il tempo perso. Grazie&hellip;<\/p>\n","protected":false},"author":4,"featured_media":348569,"comment_status":"closed","ping_status":"closed","sticky":false,"template":"","format":"standard","meta":{"_monsterinsights_skip_tracking":false,"_monsterinsights_sitenote_active":false,"_monsterinsights_sitenote_note":"","_monsterinsights_sitenote_category":0,"footnotes":""},"categories":[104,49],"tags":[],"class_list":["post-368559","post","type-post","status-publish","format-standard","has-post-thumbnail","hentry","category-evidenza_3","category-news-18","category-104","category-49","description-off"],"img_url":"https:\/\/www.radiopiu.net\/wordpress\/wp-content\/uploads\/2023\/08\/INCIDENTE-203-AGORDINA-1-300x158-1.jpg","_links":{"self":[{"href":"https:\/\/www.radiopiu.net\/wordpress\/wp-json\/wp\/v2\/posts\/368559","targetHints":{"allow":["GET"]}}],"collection":[{"href":"https:\/\/www.radiopiu.net\/wordpress\/wp-json\/wp\/v2\/posts"}],"about":[{"href":"https:\/\/www.radiopiu.net\/wordpress\/wp-json\/wp\/v2\/types\/post"}],"author":[{"embeddable":true,"href":"https:\/\/www.radiopiu.net\/wordpress\/wp-json\/wp\/v2\/users\/4"}],"replies":[{"embeddable":true,"href":"https:\/\/www.radiopiu.net\/wordpress\/wp-json\/wp\/v2\/comments?post=368559"}],"version-history":[{"count":0,"href":"https:\/\/www.radiopiu.net\/wordpress\/wp-json\/wp\/v2\/posts\/368559\/revisions"}],"wp:featuredmedia":[{"embeddable":true,"href":"https:\/\/www.radiopiu.net\/wordpress\/wp-json\/wp\/v2\/media\/348569"}],"wp:attachment":[{"href":"https:\/\/www.radiopiu.net\/wordpress\/wp-json\/wp\/v2\/media?parent=368559"}],"wp:term":[{"taxonomy":"category","embeddable":true,"href":"https:\/\/www.radiopiu.net\/wordpress\/wp-json\/wp\/v2\/categories?post=368559"},{"taxonomy":"post_tag","embeddable":true,"href":"https:\/\/www.radiopiu.net\/wordpress\/wp-json\/wp\/v2\/tags?post=368559"}],"curies":[{"name":"wp","href":"https:\/\/api.w.org\/{rel}","templated":true}]}}