{"id":368598,"date":"2024-01-04T05:23:26","date_gmt":"2024-01-04T04:23:26","guid":{"rendered":"https:\/\/www.radiopiu.net\/wordpress\/?p=368598"},"modified":"2024-01-04T05:30:02","modified_gmt":"2024-01-04T04:30:02","slug":"bimba-di-7-anni-trasferita-in-elicottero-a-belluno-dopo-caduta-sugli-sci","status":"publish","type":"post","link":"https:\/\/www.radiopiu.net\/wordpress\/bimba-di-7-anni-trasferita-in-elicottero-a-belluno-dopo-caduta-sugli-sci\/","title":{"rendered":"Bimba di 7 anni trasferita in elicottero a Belluno dopo caduta sugli sci:"},"content":{"rendered":"<p>&nbsp;<\/p>\n<p>&nbsp;<\/p>\n<blockquote>\n<h3><img loading=\"lazy\" decoding=\"async\" class=\"alignleft\" src=\"https:\/\/www.radiopiu.net\/wordpress\/wp-content\/uploads\/2023\/09\/447b5398-6730-4e17-aafb-a19aec8341de.jpg\" width=\"244\" height=\"112\" \/> Giornata impegnativa per il soccorso in zona sciistica<\/h3>\n<\/blockquote>\n<p>&nbsp;<\/p>\n<p><strong>SELVA DI CADORE<\/strong> Una bambina di sette anni, residente nel Trevigiano, \u00e8 stata trasferita in elicottero all&#8217;ospedale di Belluno dopo una caduta sugli sci che le ha causato dolori alla schiena. L&#8217;incidente \u00e8 avvenuto lungo la pista Bait intorno alle 14.30, mentre sciava con suo padre. Dopo aver perso il controllo degli sci e finito fuori pista, il padre l&#8217;ha riportata sulla pista, ma la bambina lamentava dolori alla schiena,\u00a0 richiesto l&#8217;impiego dell&#8217;elicottero Falco per trasferirla in ospedale a Belluno.<\/p>\n<p><strong>\u00a0VAL DI ZOLDO <\/strong>Una donna di 85 anni in Val di Zoldo \u00e8 finita in ospedale dopo una caduta su una lastra di ghiaccio davanti a casa. L&#8217;incidente, avvenuto poco prima di mezzogiorno e mezzo, ha causato traumi di lieve entit\u00e0, in particolare un trauma cranico. Data l&#8217;et\u00e0 della donna, \u00e8 stato chiamato l&#8217;elisoccorso. Dopo essere stata caricata sull&#8217;ambulanza di Forno, \u00e8 stata trasferita con l&#8217;elicottero Falco all&#8217;ospedale. Le condizioni non erano considerate gravi.<\/p>\n<p>Altri interventi dell&#8217;elicottero Falco a Malga Ciapela, minorenne colto da malore; Trauma agli arti inferiori anche per un altro bambino a San Vito di Cadore. Infine ieri sera elicottero in volo a Taibon con il buio, nulla di grave, 2 soccorsi illesi.<\/p>\n<p><iframe loading=\"lazy\" title=\"Elicottero in notturna sui cieli di Taibon (?)\" width=\"1200\" height=\"675\" src=\"https:\/\/www.youtube.com\/embed\/TIkZ6Y62Jt0?feature=oembed\" frameborder=\"0\" allow=\"accelerometer; autoplay; clipboard-write; encrypted-media; gyroscope; picture-in-picture; web-share\" allowfullscreen><\/iframe><\/p>\n<p>&nbsp;<\/p>\n<p>&nbsp;<\/p>\n","protected":false},"excerpt":{"rendered":"<p>&nbsp; &nbsp; Giornata impegnativa per il soccorso in zona sciistica &nbsp; SELVA DI CADORE Una bambina di sette anni, residente nel Trevigiano, \u00e8 stata trasferita in elicottero all&#8217;ospedale di Belluno dopo una caduta sugli sci che le ha causato dolori alla schiena. L&#8217;incidente \u00e8 avvenuto lungo la pista Bait intorno alle 14.30, mentre sciava con&hellip;<\/p>\n","protected":false},"author":4,"featured_media":316847,"comment_status":"closed","ping_status":"closed","sticky":false,"template":"","format":"standard","meta":{"_monsterinsights_skip_tracking":false,"_monsterinsights_sitenote_active":false,"_monsterinsights_sitenote_note":"","_monsterinsights_sitenote_category":0,"footnotes":""},"categories":[51,49],"tags":[],"class_list":["post-368598","post","type-post","status-publish","format-standard","has-post-thumbnail","hentry","category-evidenza-top","category-news-18","category-51","category-49","description-off"],"img_url":"https:\/\/www.radiopiu.net\/wordpress\/wp-content\/uploads\/2023\/01\/Senza-nome-38.jpg","_links":{"self":[{"href":"https:\/\/www.radiopiu.net\/wordpress\/wp-json\/wp\/v2\/posts\/368598","targetHints":{"allow":["GET"]}}],"collection":[{"href":"https:\/\/www.radiopiu.net\/wordpress\/wp-json\/wp\/v2\/posts"}],"about":[{"href":"https:\/\/www.radiopiu.net\/wordpress\/wp-json\/wp\/v2\/types\/post"}],"author":[{"embeddable":true,"href":"https:\/\/www.radiopiu.net\/wordpress\/wp-json\/wp\/v2\/users\/4"}],"replies":[{"embeddable":true,"href":"https:\/\/www.radiopiu.net\/wordpress\/wp-json\/wp\/v2\/comments?post=368598"}],"version-history":[{"count":0,"href":"https:\/\/www.radiopiu.net\/wordpress\/wp-json\/wp\/v2\/posts\/368598\/revisions"}],"wp:featuredmedia":[{"embeddable":true,"href":"https:\/\/www.radiopiu.net\/wordpress\/wp-json\/wp\/v2\/media\/316847"}],"wp:attachment":[{"href":"https:\/\/www.radiopiu.net\/wordpress\/wp-json\/wp\/v2\/media?parent=368598"}],"wp:term":[{"taxonomy":"category","embeddable":true,"href":"https:\/\/www.radiopiu.net\/wordpress\/wp-json\/wp\/v2\/categories?post=368598"},{"taxonomy":"post_tag","embeddable":true,"href":"https:\/\/www.radiopiu.net\/wordpress\/wp-json\/wp\/v2\/tags?post=368598"}],"curies":[{"name":"wp","href":"https:\/\/api.w.org\/{rel}","templated":true}]}}