{"id":368628,"date":"2024-01-05T05:16:55","date_gmt":"2024-01-05T04:16:55","guid":{"rendered":"https:\/\/www.radiopiu.net\/wordpress\/?p=368628"},"modified":"2024-01-05T08:03:28","modified_gmt":"2024-01-05T07:03:28","slug":"giornale-radiopiu-05-gennaio-2024-direttore-mirko-mezzacasada-40-anni-25-giugno-1983-25-giugno-2023","status":"publish","type":"post","link":"https:\/\/www.radiopiu.net\/wordpress\/giornale-radiopiu-05-gennaio-2024-direttore-mirko-mezzacasada-40-anni-25-giugno-1983-25-giugno-2023\/","title":{"rendered":"GIORNALE RADIOPIU 05 GENNAIO 2024 DIRETTORE MIRKO MEZZACASA\u2026DA 40 ANNI 25 GIUGNO 1983-25 GIUGNO 2023"},"content":{"rendered":"<h1>***<\/h1>\n<h1><\/h1>\n<h1 class=\"entry-title photoswipe-wrapper\"><strong><a class=\"dt-pswp-item\" href=\"https:\/\/www.radiopiu.net\/wordpress\/wp-content\/uploads\/2023\/12\/logo-radio.jpg\" data-dt-img-description=\"\" data-large_image_width=\"800\" data-large_image_height=\"600\"><img loading=\"lazy\" decoding=\"async\" class=\"wp-image-367163 alignleft\" src=\"https:\/\/www.radiopiu.net\/wordpress\/wp-content\/uploads\/2023\/12\/logo-radio-300x225.jpg\" alt=\"\" width=\"109\" height=\"82\" srcset=\"https:\/\/www.radiopiu.net\/wordpress\/wp-content\/uploads\/2023\/12\/logo-radio-300x225.jpg 300w, https:\/\/www.radiopiu.net\/wordpress\/wp-content\/uploads\/2023\/12\/logo-radio-768x576.jpg 768w, https:\/\/www.radiopiu.net\/wordpress\/wp-content\/uploads\/2023\/12\/logo-radio.jpg 800w\" sizes=\"auto, (max-width: 109px) 100vw, 109px\" \/><\/a><\/strong><\/h1>\n<h1 class=\"entry-title photoswipe-wrapper\">40esimo di RADIOPIU\u2026. LA VOCE DELL\u2019EMOZIONE<\/h1>\n<h2><span style=\"color: #ff0000;\">ISCRIVITI AL NOSTRO CANALE\u00a0\u00a0YOUTUBE PER SEGUIRE IN DIRETTA I PRINCIPALI PROGRAMMI DI RADIO PIU\u2019 E LE FUTURE DIRETTE IN ESTERNA. PER ISCRIVERTI <a style=\"color: #ff0000;\" href=\"https:\/\/youtube.com\/@radiopiu1527\">CLICCA QUI\u00a0<\/a>E PREMI\u00a0 \u201cIscriviti\u201d\u00a0\u00a0<\/span><\/h2>\n<p>&nbsp;<\/p>\n<p>&nbsp;<\/p>\n<hr \/>\n<p>&nbsp;<\/p>\n<blockquote>\n<blockquote>\n<h1><span style=\"color: #ff0000;\">i podcast informativi del mattino &#8211; audio &#8211;\u00a0<\/span><\/h1>\n<\/blockquote>\n<p><strong><a class=\"dt-pswp-item\" href=\"https:\/\/www.radiopiu.net\/wordpress\/wp-content\/uploads\/2023\/11\/th-10.jpg\" data-dt-img-description=\"\" data-large_image_width=\"320\" data-large_image_height=\"180\"><img loading=\"lazy\" decoding=\"async\" class=\"wp-image-362866 alignleft\" src=\"https:\/\/www.radiopiu.net\/wordpress\/wp-content\/uploads\/2023\/11\/th-10-300x169.jpg\" alt=\"\" width=\"185\" height=\"104\" srcset=\"https:\/\/www.radiopiu.net\/wordpress\/wp-content\/uploads\/2023\/11\/th-10-300x169.jpg 300w, https:\/\/www.radiopiu.net\/wordpress\/wp-content\/uploads\/2023\/11\/th-10.jpg 320w\" sizes=\"auto, (max-width: 185px) 100vw, 185px\" \/><\/a>LA RASSEGNA STAMPA NAZIONALE ALLA RADIO, OGNI GIORNO ALLE 5 E ALLE 6 DEL MATTINO <span style=\"color: #0000ff;\">viene pubblicata alle 6.00 <span style=\"color: #ff0000;\">DIRETTA RADIO<\/span><\/span><\/strong><\/p><\/blockquote>\n<p><strong>\u00a0di\u00a0 Stefano Fam\u00e0.<\/strong><br \/>\nEcco i titoli di oggi venerd\u00ec cinque gennaio selezionati dalle testate giornalistiche nazionali. Politica alla conferenza stampa della premier Meloni, economia saldi, sconti anticipati sul web. Iran\u00a0 l&#8217;isis rivendica l&#8217;attentato. Modena\u00a0 14enne trovato morto. Rivolta e scontri nel carcere di Santa Maria a Capuavetere.<br \/>\nCastellamare di Stabia, infermiera picchiata al pronto soccorso dai parenti di un paziente,<\/p>\n<p><strong>AUDIO<\/strong><\/p>\n<audio class=\"wp-audio-shortcode\" id=\"audio-368628-1\" preload=\"none\" style=\"width: 100%;\" controls=\"controls\"><source type=\"audio\/mpeg\" src=\"https:\/\/www.radiopiu.net\/wordpress\/wp-content\/uploads\/2024\/01\/GIORNALEDELLESEI-3.mp3?_=1\" \/><a href=\"https:\/\/www.radiopiu.net\/wordpress\/wp-content\/uploads\/2024\/01\/GIORNALEDELLESEI-3.mp3\">https:\/\/www.radiopiu.net\/wordpress\/wp-content\/uploads\/2024\/01\/GIORNALEDELLESEI-3.mp3<\/a><\/audio>\n<p>&nbsp;<\/p>\n<p>&nbsp;<\/p>\n<p><strong><a class=\"dt-pswp-item\" href=\"https:\/\/www.radiopiu.net\/wordpress\/wp-content\/uploads\/2023\/12\/images.png\" data-dt-img-description=\"\" data-large_image_width=\"316\" data-large_image_height=\"160\"><img loading=\"lazy\" decoding=\"async\" class=\"wp-image-367008 alignleft\" src=\"https:\/\/www.radiopiu.net\/wordpress\/wp-content\/uploads\/2023\/12\/images-300x152.png\" alt=\"\" width=\"235\" height=\"119\" srcset=\"https:\/\/www.radiopiu.net\/wordpress\/wp-content\/uploads\/2023\/12\/images-300x152.png 300w, https:\/\/www.radiopiu.net\/wordpress\/wp-content\/uploads\/2023\/12\/images.png 316w\" sizes=\"auto, (max-width: 235px) 100vw, 235px\" \/><\/a>OGNI GIORNO ALLE SETTE DEL MATTINO, LA RASSEGNA STAMPA LOCALE FLASH&#8230; PER CHI VA IN FRETTA. I TITOLI DAI GIORNALI E DAL SITO WWW.RADIOPIU.NET <span style=\"color: #0000ff;\">viene pubblicato alle 7.00<\/span> <span style=\"color: #ff0000;\">DIRETTA RADIO\u00a0<\/span><\/strong><\/p>\n<p><em><span style=\"color: #ff0000;\">per chi va in fretta&#8230; tante notizie in pochi minuti<\/span><\/em><\/p>\n<p>&nbsp;<\/p>\n<p><strong>AUDIO<\/strong><\/p>\n<audio class=\"wp-audio-shortcode\" id=\"audio-368628-2\" preload=\"none\" style=\"width: 100%;\" controls=\"controls\"><source type=\"audio\/mpeg\" src=\"https:\/\/www.radiopiu.net\/wordpress\/wp-content\/uploads\/2024\/01\/GF07-3.mp3?_=2\" \/><a href=\"https:\/\/www.radiopiu.net\/wordpress\/wp-content\/uploads\/2024\/01\/GF07-3.mp3\">https:\/\/www.radiopiu.net\/wordpress\/wp-content\/uploads\/2024\/01\/GF07-3.mp3<\/a><\/audio>\n<p>&nbsp;<\/p>\n<p>&nbsp;<\/p>\n<p>&nbsp;<\/p>\n<blockquote><p><strong><a class=\"dt-pswp-item\" href=\"https:\/\/www.radiopiu.net\/wordpress\/wp-content\/uploads\/2021\/07\/microfono-radio-ok-768x448-768x448-1.jpg\" data-dt-img-description=\"\" data-large_image_width=\"768\" data-large_image_height=\"448\"><img loading=\"lazy\" decoding=\"async\" class=\"wp-image-220632 alignleft\" src=\"https:\/\/www.radiopiu.net\/wordpress\/wp-content\/uploads\/2021\/07\/microfono-radio-ok-768x448-768x448-1-300x175.jpg\" alt=\"\" width=\"178\" height=\"104\" srcset=\"https:\/\/www.radiopiu.net\/wordpress\/wp-content\/uploads\/2021\/07\/microfono-radio-ok-768x448-768x448-1-300x175.jpg 300w, https:\/\/www.radiopiu.net\/wordpress\/wp-content\/uploads\/2021\/07\/microfono-radio-ok-768x448-768x448-1.jpg 768w\" sizes=\"auto, (max-width: 178px) 100vw, 178px\" \/><\/a>GIORNALE RADIO NAZIONALE, EDIZIONE DELLE SETTE <span style=\"color: #0000ff;\">viene pubblicato alle 7.05 <span style=\"color: #ff0000;\">DIRETTA RADIO\u00a0<\/span><\/span><\/strong><\/p><\/blockquote>\n<p>&nbsp;<\/p>\n<p>&nbsp;<\/p>\n<p><strong>AUDIO<\/strong><\/p>\n<audio class=\"wp-audio-shortcode\" id=\"audio-368628-3\" preload=\"none\" style=\"width: 100%;\" controls=\"controls\"><source type=\"audio\/mpeg\" src=\"https:\/\/www.radiopiu.net\/wordpress\/wp-content\/uploads\/2024\/01\/giornale07-3.mp3?_=3\" \/><a href=\"https:\/\/www.radiopiu.net\/wordpress\/wp-content\/uploads\/2024\/01\/giornale07-3.mp3\">https:\/\/www.radiopiu.net\/wordpress\/wp-content\/uploads\/2024\/01\/giornale07-3.mp3<\/a><\/audio>\n<p>&nbsp;<\/p>\n<p>&nbsp;<\/p>\n<p>&nbsp;<\/p>\n<blockquote>\n<h2><strong><a class=\"dt-pswp-item\" href=\"https:\/\/www.radiopiu.net\/wordpress\/wp-content\/uploads\/2023\/12\/th-10.jpg\" data-dt-img-description=\"\" data-large_image_width=\"245\" data-large_image_height=\"180\"><img loading=\"lazy\" decoding=\"async\" class=\" wp-image-367395 alignleft\" src=\"https:\/\/www.radiopiu.net\/wordpress\/wp-content\/uploads\/2023\/12\/th-10.jpg\" alt=\"\" width=\"166\" height=\"122\" \/><\/a>RASSEGNA STAMPA LOCALE, ORE OTTO 05<\/strong><\/h2>\n<h2><strong> <span style=\"color: #0000ff;\">viene\u00a0 <\/span><\/strong><strong><span style=\"color: #0000ff;\">pubblicata alle 8.05 <span style=\"color: #ff0000;\">DIRETTA RADIO\u00a0<\/span><\/span><\/strong><\/h2>\n<\/blockquote>\n<h1><\/h1>\n<p>&nbsp;<\/p>\n<p>&nbsp;<\/p>\n<p><iframe loading=\"lazy\" title=\"DAL 1983 LA RASSEGNA STAMPA LOCALE di mirko mezzacasa. L&#039;ORIGINALE\" width=\"1200\" height=\"675\" src=\"https:\/\/www.youtube.com\/embed\/wFfx36wQcqQ?feature=oembed\" frameborder=\"0\" allow=\"accelerometer; autoplay; clipboard-write; encrypted-media; gyroscope; picture-in-picture; web-share\" allowfullscreen><\/iframe><\/p>\n<p>&nbsp;<\/p>\n<p>&nbsp;<\/p>\n<hr \/>\n<p>&nbsp;<\/p>\n<p>&nbsp;<\/p>\n<p><a class=\"dt-pswp-item\" href=\"https:\/\/www.radiopiu.net\/wordpress\/wp-content\/uploads\/2023\/10\/34f4cfc6-e863-46e9-9695-8df44be63421.jpg\" data-dt-img-description=\"\" data-large_image_width=\"1200\" data-large_image_height=\"1200\"><img loading=\"lazy\" decoding=\"async\" class=\"wp-image-357393 alignleft\" src=\"https:\/\/www.radiopiu.net\/wordpress\/wp-content\/uploads\/2023\/10\/34f4cfc6-e863-46e9-9695-8df44be63421-300x300.jpg\" alt=\"\" width=\"81\" height=\"81\" srcset=\"https:\/\/www.radiopiu.net\/wordpress\/wp-content\/uploads\/2023\/10\/34f4cfc6-e863-46e9-9695-8df44be63421-300x300.jpg 300w, https:\/\/www.radiopiu.net\/wordpress\/wp-content\/uploads\/2023\/10\/34f4cfc6-e863-46e9-9695-8df44be63421-1024x1024.jpg 1024w, https:\/\/www.radiopiu.net\/wordpress\/wp-content\/uploads\/2023\/10\/34f4cfc6-e863-46e9-9695-8df44be63421-150x150.jpg 150w, https:\/\/www.radiopiu.net\/wordpress\/wp-content\/uploads\/2023\/10\/34f4cfc6-e863-46e9-9695-8df44be63421-768x768.jpg 768w, https:\/\/www.radiopiu.net\/wordpress\/wp-content\/uploads\/2023\/10\/34f4cfc6-e863-46e9-9695-8df44be63421.jpg 1200w\" sizes=\"auto, (max-width: 81px) 100vw, 81px\" \/><\/a>OGGI ALLA RADIO: <strong>ALLE 7<\/strong> LA RASSEGNA STAMPA LOCALE FLASH, PER CHI COME NOI ALLE SETTE DEL MATTINO VA DI FRETTA, TANTE NOTIZIE IN POCHE CHIACCHIERE. <strong>ALLE OTTO<\/strong> L&#8217;APPROFONDIMENTO NELLA STORICA RASSEGNA STAMPA LOCALE.\u00a0 DALLE 6 ALLE 21, OGNI ORA, L&#8217;INFORMAZIONE NAZIONALE, l&#8217;informazione locale, ALLE 10 flash. 11flash. 14 viabilit\u00e0. 15meteo. 16flash. 17flash. 18flash. 19 i titoli di Antenna 3<\/p>\n<p>&nbsp;<\/p>\n<p><a class=\"dt-pswp-item\" href=\"https:\/\/www.radiopiu.net\/wordpress\/wp-content\/uploads\/2024\/01\/PRES-DIR_ok-1024x620-1.jpg\" data-dt-img-description=\"\" data-large_image_width=\"1024\" data-large_image_height=\"620\"><img loading=\"lazy\" decoding=\"async\" class=\"wp-image-368736 alignleft\" src=\"https:\/\/www.radiopiu.net\/wordpress\/wp-content\/uploads\/2024\/01\/PRES-DIR_ok-1024x620-1-300x182.jpg\" alt=\"\" width=\"175\" height=\"106\" srcset=\"https:\/\/www.radiopiu.net\/wordpress\/wp-content\/uploads\/2024\/01\/PRES-DIR_ok-1024x620-1-300x182.jpg 300w, https:\/\/www.radiopiu.net\/wordpress\/wp-content\/uploads\/2024\/01\/PRES-DIR_ok-1024x620-1-768x465.jpg 768w, https:\/\/www.radiopiu.net\/wordpress\/wp-content\/uploads\/2024\/01\/PRES-DIR_ok-1024x620-1.jpg 1024w\" sizes=\"auto, (max-width: 175px) 100vw, 175px\" \/><\/a><\/p>\n<p>OGGI ALLE 10.30 E 1900 PRIMO APPUNTAMENTO CON PAOLO STEFAN, DIRETTORE <a class=\" d-ib fz-20 lh-26 td-hu tc va-bot mxw-100p\" href=\"https:\/\/r.search.yahoo.com\/_ylt=AwrkNx1OjpdlALQA0i_c5olQ;_ylu=Y29sbwNpcjIEcG9zAzEEdnRpZAMEc2VjA3Ny\/RV=2\/RE=1704459982\/RO=10\/RU=https%3a%2f%2fwww.solidarietaveneto.it%2f\/RK=2\/RS=i7bi2Ulo95owOie_BOmz1_Lcq3k-\" target=\"_blank\" rel=\"noopener\" data-matarget=\"algo\" data-cd5=\"65978e4eaa06b\" aria-label=\"Solidariet\u00e0 Veneto Fondo Pensione - Il tuo futuro al sicuro\">Solidariet\u00e0 Veneto Fondo Pensione &#8211; Il tuo futuro al sicuro<\/a> \u00a0\u00a0 <a class=\" d-ib fz-20 lh-26 td-hu tc va-bot mxw-100p\" href=\"https:\/\/r.search.yahoo.com\/_ylt=AwrkNx1OjpdlALQA0i_c5olQ;_ylu=Y29sbwNpcjIEcG9zAzEEdnRpZAMEc2VjA3Ny\/RV=2\/RE=1704459982\/RO=10\/RU=https%3a%2f%2fwww.solidarietaveneto.it%2f\/RK=2\/RS=i7bi2Ulo95owOie_BOmz1_Lcq3k-\" target=\"_blank\" rel=\"noopener\" data-matarget=\"algo\" data-cd5=\"65978e4eaa06b\" aria-label=\"Solidariet\u00e0 Veneto Fondo Pensione - Il tuo futuro al sicuro\"><span class=\" d-ib p-abs t-0 l-0 fz-14 lh-20 fc-obsidian wr-bw ls-n pb-4\">www.solidarietaveneto.it<\/span><\/a><\/p>\n<p>OGNI PRIMO VENERDI DEL MESE ALLA RADIO .<\/p>\n<p>&nbsp;<\/p>\n<div><\/div>\n<p>&nbsp;<\/p>\n<hr \/>\n<blockquote>\n<h2><\/h2>\n<h2>Scontro frontale lungo la strada Feltrina Muore un ventiduenne, tre feriti gravi<\/h2>\n<p><strong><a class=\"dt-pswp-item\" href=\"https:\/\/www.radiopiu.net\/wordpress\/wp-content\/uploads\/2024\/01\/Senza-nome-11.png\" data-dt-img-description=\"\" data-large_image_width=\"471\" data-large_image_height=\"372\"><img loading=\"lazy\" decoding=\"async\" class=\"wp-image-368714 alignleft\" src=\"https:\/\/www.radiopiu.net\/wordpress\/wp-content\/uploads\/2024\/01\/Senza-nome-11-300x237.png\" alt=\"\" width=\"209\" height=\"165\" srcset=\"https:\/\/www.radiopiu.net\/wordpress\/wp-content\/uploads\/2024\/01\/Senza-nome-11-300x237.png 300w, https:\/\/www.radiopiu.net\/wordpress\/wp-content\/uploads\/2024\/01\/Senza-nome-11.png 471w\" sizes=\"auto, (max-width: 209px) 100vw, 209px\" \/><\/a>PEDEROBBA<\/strong>\u00a0Incidente mortale ieri sera sulla Feltrina, coinvolgendo un&#8217;Audi A3 e una Land Rover Discovery. Patrick Mentil, 22 anni, residente a Castelcucco, ha perso la vita. Tre feriti, due in gravi condizioni, a bordo della Discovery. Collisione frontale, forse durante un sorpasso. Soccorsi tempestivi ma inutili per Mentil. La zona \u00e8 stata chiusa per le operazioni di soccorso. I feriti trasferiti in ospedale. Mentil, ex ciclista juniores, aveva prospettive professionali. Carabinieri indagano sulla dinamica, con ipotesi di sorpasso e velocit\u00e0 come cause. Tragico bilancio dell&#8217;incidente<\/p><\/blockquote>\n<p><strong>TUTTI PARTICOLARI SUL CORRIERE DELLE ALPI, PAGINE DAL FELTRINO\u00a0<\/strong><\/p>\n\n\t\t\t<style type='text\/css'>\n\t\t\t\t#gallery-1 {\n\t\t\t\t\tmargin: auto;\n\t\t\t\t}\n\t\t\t\t#gallery-1 .gallery-item {\n\t\t\t\t\tfloat: left;\n\t\t\t\t\tmargin-top: 10px;\n\t\t\t\t\ttext-align: center;\n\t\t\t\t\twidth: 50%;\n\t\t\t\t}\n\t\t\t\t#gallery-1 img {\n\t\t\t\t\tborder: 2px solid #cfcfcf;\n\t\t\t\t}\n\t\t\t\t#gallery-1 .gallery-caption {\n\t\t\t\t\tmargin-left: 0;\n\t\t\t\t}\n\t\t\t\t\/* see gallery_shortcode() in wp-includes\/media.php *\/\n\t\t\t<\/style>\n\t\t<div id='gallery-1' class='dt-gallery-container gallery galleryid-368628 gallery-columns-2 gallery-size-medium'><dl class='gallery-item'>\n\t\t\t\t<dt class='gallery-icon landscape'>\n\t\t\t\t\t<a class=\"rollover rollover-zoom dt-pswp-item\" title=\"Senza nome\" data-dt-img-description=\"\" data-large_image_width=\"547\" data-large_image_height=\"321\"href='https:\/\/www.radiopiu.net\/wordpress\/wp-content\/uploads\/2024\/01\/Senza-nome-12.png'><img loading=\"lazy\" decoding=\"async\" width=\"300\" height=\"176\" src=\"https:\/\/www.radiopiu.net\/wordpress\/wp-content\/uploads\/2024\/01\/Senza-nome-12-300x176.png\" class=\"attachment-medium size-medium\" alt=\"\" srcset=\"https:\/\/www.radiopiu.net\/wordpress\/wp-content\/uploads\/2024\/01\/Senza-nome-12-300x176.png 300w, https:\/\/www.radiopiu.net\/wordpress\/wp-content\/uploads\/2024\/01\/Senza-nome-12.png 547w\" sizes=\"auto, (max-width: 300px) 100vw, 300px\" \/><\/a>\n\t\t\t\t<\/dt><\/dl><dl class='gallery-item'>\n\t\t\t\t<dt class='gallery-icon landscape'>\n\t\t\t\t\t<a class=\"rollover rollover-zoom dt-pswp-item\" title=\"Senza nome\" data-dt-img-description=\"\" data-large_image_width=\"577\" data-large_image_height=\"324\"href='https:\/\/www.radiopiu.net\/wordpress\/wp-content\/uploads\/2024\/01\/Senza-nome-13.png'><img loading=\"lazy\" decoding=\"async\" width=\"300\" height=\"168\" src=\"https:\/\/www.radiopiu.net\/wordpress\/wp-content\/uploads\/2024\/01\/Senza-nome-13-300x168.png\" class=\"attachment-medium size-medium\" alt=\"\" srcset=\"https:\/\/www.radiopiu.net\/wordpress\/wp-content\/uploads\/2024\/01\/Senza-nome-13-300x168.png 300w, https:\/\/www.radiopiu.net\/wordpress\/wp-content\/uploads\/2024\/01\/Senza-nome-13.png 577w\" sizes=\"auto, (max-width: 300px) 100vw, 300px\" \/><\/a>\n\t\t\t\t<\/dt><\/dl><br style=\"clear: both\" \/>\n\t\t\t<\/div>\n\n<p><em>Il giovane era nato in provincia di Belluno, a Feltre, per poi trasferirsi in provincia di Treviso, a Castelcucco. Aveva frequentato il liceo Jacopo da Ponte a Bassano e fin da piccolo aveva coltivato la passione per il ciclismo. Era arrivato alle soglie del professionismo ed era stato in grado di vincere numerose gare da Juniores. Nel 2021 aveva corso con la Work Service, la stessa squadra di Davide Rebellin.\u00a0<\/em><\/p>\n<p>&nbsp;<\/p>\n<hr \/>\n<p>&nbsp;<\/p>\n<blockquote>\n<h3 class=\"entry-title\">ABBIAMO PERSO UNA COLONNA DEL TURISMO DELLA VALLE DEL BIOIS<\/h3>\n<\/blockquote>\n<p><img decoding=\"async\" class=\"alignleft\" src=\"https:\/\/www.radiopiu.net\/wordpress\/wp-content\/uploads\/2024\/01\/Senza-nome-9.png\" \/><strong>CANALE D&#8217;AGORDO<\/strong> Quando ieri mattina abbiamo scorto la nota del Suem che raccontava dell&#8217;intervento di Eli Treviso in localit\u00e0 Le Buse sopra Falcade speravamo in un incidente di poco conto, di primo mattino, erano le 6.19. Quando approfondendo la nota abbiamo poi visto quella morte, per arresto cardiaco,\u00a0 di una donna di 65 anni il pensiero \u00e8 andato subito a Rachele, simbolo della localit\u00e0 Le Buse, il nome noto in tutta la Valle del Biois. Si era alzata come ogni giorno per iniziare un&#8217;altra giornata impegnativa nel suo Chalet Le Buse,\u00a0 mentre preparava le colazioni l&#8217;improvviso malore che non le ha lasciato scampo.<\/p>\n<p>Abbiamo perso una colonna del turismo per tutta la vallata, abbiamo perso una donna che alla sua famiglia, a Canale d&#8217;Agordo, alla Valle del Biois, ha dato tutto. Rachele della famiglia Costa dei &#8220;Bolp&#8221;, cresciuta accanto al pap\u00e0 e a mamma Alba in Birreria, al lavoro fin da giovane perch\u00e9 da sempre questo \u00e8 stato lo stile della famiglia Costa.\u00a0 Quindi il Garni&#8217; con la figlia Samantha, il clone di Rachele, attaccata al lavoro e alla famiglia con i suoi 6 figli. E poi il Self Service Le Buse portato avanti con fatica e successo assieme al compagno Eddy.<\/p>\n<p>Tramortiti inviamo il nostro abbraccio ai fratelli Dino, Vigilio, alla figlia Samantha, alla mamma Alba, ad Eddy ai tanti nipoti.<\/p>\n<p>MM<\/p>\n<p>&nbsp;<\/p>\n<p><strong>DI GIANNI SANTOMASO<\/strong><\/p>\n<div class=\"col-xs-1\">\n<div id=\"share_bar_wrapper\" class=\"top\">\n<div id=\"share_bar\">\n<audio class=\"wp-audio-shortcode\" id=\"audio-368628-4\" preload=\"none\" style=\"width: 100%;\" controls=\"controls\"><source type=\"audio\/mpeg\" src=\"https:\/\/www.radiopiu.net\/wordpress\/wp-content\/uploads\/2024\/01\/GIANNI-RACHELE-COSTA.mp3?_=4\" \/><a href=\"https:\/\/www.radiopiu.net\/wordpress\/wp-content\/uploads\/2024\/01\/GIANNI-RACHELE-COSTA.mp3\">https:\/\/www.radiopiu.net\/wordpress\/wp-content\/uploads\/2024\/01\/GIANNI-RACHELE-COSTA.mp3<\/a><\/audio>\n<p>&nbsp;<\/p>\n<blockquote><p><em>Questa notizia non avrei mai voluto leggerla ne viverla. Siamo rimasti senza il nostro \u201ccapo\u201d il nostro riferimento .Solo ieri sera dopo una giornata di grande lavoro ci ha ringraziato tutti<br \/>\nFabio Luchetta.<\/em><\/p><\/blockquote>\n<\/div>\n<\/div>\n<\/div>\n<p>&nbsp;<\/p>\n<blockquote>\n<h3>DOMANI A CANALE D&#8217;AGORDO I FUNERALI DI RACHELE COSTA<\/h3>\n<\/blockquote>\n<p><strong>REDAZIONE<\/strong> Verranno celebrati domani alle 14:30 nella Chiesa Arcipretale di Canale D&#8217;Agordo i funerali di Rachele Costa. Lo annunciano con dolore Eddi con Alex, la figlia Samatha, il genero Amos, i nipoti, la mamma Alba, i fratelli Dino con Valentina e Vigilio con Franca e parenti tutti. Oggi alle 17\u00a0 e domani alle 14 il Santo Rosario. Si ringrazia quanti si uniranno nel ricordo e nella preghiera.<\/p>\n\n\t\t\t<style type='text\/css'>\n\t\t\t\t#gallery-2 {\n\t\t\t\t\tmargin: auto;\n\t\t\t\t}\n\t\t\t\t#gallery-2 .gallery-item {\n\t\t\t\t\tfloat: left;\n\t\t\t\t\tmargin-top: 10px;\n\t\t\t\t\ttext-align: center;\n\t\t\t\t\twidth: 100%;\n\t\t\t\t}\n\t\t\t\t#gallery-2 img {\n\t\t\t\t\tborder: 2px solid #cfcfcf;\n\t\t\t\t}\n\t\t\t\t#gallery-2 .gallery-caption {\n\t\t\t\t\tmargin-left: 0;\n\t\t\t\t}\n\t\t\t\t\/* see gallery_shortcode() in wp-includes\/media.php *\/\n\t\t\t<\/style>\n\t\t<div id='gallery-2' class='dt-gallery-container gallery galleryid-368628 gallery-columns-1 gallery-size-medium'><dl class='gallery-item'>\n\t\t\t\t<dt class='gallery-icon portrait'>\n\t\t\t\t\t<a class=\"rollover rollover-zoom dt-pswp-item\" title=\"EPIGRAFI\" data-dt-img-description=\"\" data-large_image_width=\"1807\" data-large_image_height=\"2560\"href='https:\/\/www.radiopiu.net\/wordpress\/wp-content\/uploads\/2024\/01\/Costa-Rachele-epi-sito-scaled.jpg'><img loading=\"lazy\" decoding=\"async\" width=\"212\" height=\"300\" src=\"https:\/\/www.radiopiu.net\/wordpress\/wp-content\/uploads\/2024\/01\/Costa-Rachele-epi-sito-212x300.jpg\" class=\"attachment-medium size-medium\" alt=\"\" srcset=\"https:\/\/www.radiopiu.net\/wordpress\/wp-content\/uploads\/2024\/01\/Costa-Rachele-epi-sito-212x300.jpg 212w, https:\/\/www.radiopiu.net\/wordpress\/wp-content\/uploads\/2024\/01\/Costa-Rachele-epi-sito-723x1024.jpg 723w, https:\/\/www.radiopiu.net\/wordpress\/wp-content\/uploads\/2024\/01\/Costa-Rachele-epi-sito-768x1088.jpg 768w, https:\/\/www.radiopiu.net\/wordpress\/wp-content\/uploads\/2024\/01\/Costa-Rachele-epi-sito-1084x1536.jpg 1084w, https:\/\/www.radiopiu.net\/wordpress\/wp-content\/uploads\/2024\/01\/Costa-Rachele-epi-sito-1446x2048.jpg 1446w, https:\/\/www.radiopiu.net\/wordpress\/wp-content\/uploads\/2024\/01\/Costa-Rachele-epi-sito-scaled.jpg 1807w\" sizes=\"auto, (max-width: 212px) 100vw, 212px\" \/><\/a>\n\t\t\t\t<\/dt><\/dl><br style=\"clear: both\" \/>\n\t\t\t<\/div>\n\n<p>&nbsp;<\/p>\n<hr \/>\n<p>&nbsp;<\/p>\n<blockquote>\n<h3>E&#8217; MORTO WALTER FONTANA. TECNICO PREPARATO E ATTIVO NEL VOLONTARIO LOCALE DI PONTE NELLE ALPI<\/h3>\n<\/blockquote>\n<p><strong><a class=\"dt-pswp-item\" href=\"https:\/\/www.radiopiu.net\/wordpress\/wp-content\/uploads\/2024\/01\/Walter_Fontana_in_montagna.jpg\" data-dt-img-description=\"\" data-large_image_width=\"1192\" data-large_image_height=\"700\"><img loading=\"lazy\" decoding=\"async\" class=\" wp-image-368648 alignleft\" src=\"https:\/\/www.radiopiu.net\/wordpress\/wp-content\/uploads\/2024\/01\/Walter_Fontana_in_montagna-300x176.jpg\" alt=\"\" width=\"199\" height=\"117\" srcset=\"https:\/\/www.radiopiu.net\/wordpress\/wp-content\/uploads\/2024\/01\/Walter_Fontana_in_montagna-300x176.jpg 300w, https:\/\/www.radiopiu.net\/wordpress\/wp-content\/uploads\/2024\/01\/Walter_Fontana_in_montagna-1024x601.jpg 1024w, https:\/\/www.radiopiu.net\/wordpress\/wp-content\/uploads\/2024\/01\/Walter_Fontana_in_montagna-768x451.jpg 768w, https:\/\/www.radiopiu.net\/wordpress\/wp-content\/uploads\/2024\/01\/Walter_Fontana_in_montagna.jpg 1192w\" sizes=\"auto, (max-width: 199px) 100vw, 199px\" \/><\/a>PONTE NELLE ALPI <\/strong>L\u2019amministrazione comunale di Ponte nelle Alpi e l\u2019intera comunit\u00e0 sono in lutto per la scomparsa di Walter Fontana: aveva 65 anni e si \u00e8 spento ieri mattina in seguito a una malattia che lo ha strappato troppo presto all\u2019affetto della compagna, della figlia e dei tanti amici a cui era profondamente legato. Tecnico e preparatissimo perito edile, sempre a disposizione del Comune, Fontana era anche un grande appassionato di musica, di montagna e di sport, oltre che un riferimento per il volontariato locale: membro della Cooperativa di Polpet, dedicava parte del suo tempo a varie associazioni del territorio. In pi\u00f9, era una delle colonne e delle anime della \u201cFesta de l&#8217;Unit\u00e0 Pus &#8211; Pian Longhi\u201d<\/p>\n<p>&nbsp;<\/p>\n<p>&nbsp;<\/p>\n<hr \/>\n<p>&nbsp;<\/p>\n<blockquote>\n<h3>ADDIO A PAUL THERIAULT IL COACH DELLA VITTORIA DI VILLACH<\/h3>\n<\/blockquote>\n<p>Stecche al cielo per Paul, l&#8217;allenatore dell&#8217;Alleghe Hockey, quello della Lega Alpina, della vittoria di Villach. Senza dubbio Un uomo speciale, un allenatore che ha dato tanto all&#8217;hockey anche ad Alleghe!<\/p>\n<p>&nbsp;<\/p>\n<p><img decoding=\"async\" class=\"aligncenter\" src=\"https:\/\/www.radiopiu.net\/wordpress\/wp-content\/uploads\/2024\/01\/15369922_10211780963666398_4362282136787845836_o-300x225-1.jpg\" \/><\/p>\n<p><b>Paul Theriault<\/b> (nato nel 1950) era un ex allenatore <a title=\"Canadesi\" href=\"https:\/\/en.wikipedia.org\/wiki\/Canadians\">canadese\u00a0<\/a><a title=\"Hockey su ghiaccio\" href=\"https:\/\/en.wikipedia.org\/wiki\/Ice_hockey\">di hockey sul ghiaccio<\/a>\u00a0.\u00a0Ha servito come assistente allenatore nella\u00a0<a title=\"Lega nazionale di hockey\" href=\"https:\/\/en.wikipedia.org\/wiki\/National_Hockey_League\">National Hockey League<\/a>\u00a0con i\u00a0<a title=\"Sciabole di bufalo\" href=\"https:\/\/en.wikipedia.org\/wiki\/Buffalo_Sabres\">Buffalo Sabres<\/a>\u00a0durante la\u00a0<a title=\"Stagione 1996-97 della NHL\" href=\"https:\/\/en.wikipedia.org\/wiki\/1996%E2%80%9397_NHL_season\">stagione NHL 1996-97<\/a> .\u00a0Theriault \u00e8 l&#8217;allenatore pi\u00f9 longevo nella storia degli\u00a0<a title=\"Generali di Oshawa\" href=\"https:\/\/en.wikipedia.org\/wiki\/Oshawa_Generals\">Oshawa Generals<\/a>\u00a0della\u00a0<a title=\"Lega di hockey dell'Ontario\" href=\"https:\/\/en.wikipedia.org\/wiki\/Ontario_Hockey_League\">Ontario Hockey League<\/a>\u00a0(OHL).\u00a0Ha anche servito come capo allenatore dell&#8217;OHL sia per gli\u00a0<a title=\"Lontre Erie\" href=\"https:\/\/en.wikipedia.org\/wiki\/Erie_Otters\">Erie Otters<\/a>\u00a0che per\u00a0<a title=\"Sault Ste. Maria Levrieri\" href=\"https:\/\/en.wikipedia.org\/wiki\/Sault_Ste._Marie_Greyhounds\">Sault Ste.\u00a0Maria Levrieri<\/a> .\u00a0Theriault \u00e8 stato insignito del\u00a0<a title=\"Trofeo Matt Leyden\" href=\"https:\/\/en.wikipedia.org\/wiki\/Matt_Leyden_Trophy\">Matt Leyden Trophy\u00a0<\/a><a title=\"Stagione OHL 1986-87\" href=\"https:\/\/en.wikipedia.org\/wiki\/1986%E2%80%9387_OHL_season\">1986-87<\/a>\u00a0come\u00a0allenatore dell&#8217;anno\u00a0<a title=\"Lega di hockey dell'Ontario\" href=\"https:\/\/en.wikipedia.org\/wiki\/Ontario_Hockey_League\">OHL . <\/a>A livello professionale, Theriault \u00e8 stato assistente allenatore dei Buffalo Sabres durante la\u00a0<a title=\"Stagione 1996-97 della NHL\" href=\"https:\/\/en.wikipedia.org\/wiki\/1996%E2%80%9397_NHL_season\">stagione NHL 1996-97<\/a>\u00a0, quando\u00a0<a title=\"Ted Nolan\" href=\"https:\/\/en.wikipedia.org\/wiki\/Ted_Nolan\">Ted Nolan<\/a>\u00a0vinse il\u00a0<a title=\"Premio Jack Adams\" href=\"https:\/\/en.wikipedia.org\/wiki\/Jack_Adams_Award\">Jack Adams Award<\/a> come allenatore dell&#8217;anno della NHL.\u00a0\u00c8 stato anche capo allenatore dei\u00a0<a title=\"Spiriti di selce\" href=\"https:\/\/en.wikipedia.org\/wiki\/Flint_Spirits\">Flint Spirits<\/a>\u00a0della\u00a0<a title=\"Lega internazionale di hockey (1945-2001)\" href=\"https:\/\/en.wikipedia.org\/wiki\/International_Hockey_League_(1945%E2%80%932001)\">International Hockey League<\/a>\u00a0e dell&#8217;HC\u00a0<a class=\"mw-redirect\" title=\"HC Asiago\" href=\"https:\/\/en.wikipedia.org\/wiki\/HC_Asiago\">Asiago<\/a>\u00a0e\u00a0<a title=\"HC Varese\" href=\"https:\/\/en.wikipedia.org\/wiki\/HC_Varese\">dell&#8217;HC Varese<\/a>\u00a0della\u00a0<a class=\"mw-redirect\" title=\"Serie A (hockey)\" href=\"https:\/\/en.wikipedia.org\/wiki\/Serie_A_(hockey)\">Serie A<\/a>\u00a0italiana .<\/p>\n<p>&nbsp;<\/p>\n<h3><span style=\"color: #ff0000;\">IL RICORDO DI PAOLO SOPPELSA<\/span><\/h3>\n<p>&#8220;&#8230;l&#8217;Alleghe Hockey piange Paul Theriault, l&#8217;allenatore che alla fine del 1992 riusc\u00ec a portare in riva al lago il trofeo pi\u00f9 importante della novantennale storia della squadra biancorossa; quell&#8217;anno, il Sergente di Ferro guid\u00f2 le Civette in una cavalcata trionfale che culmin\u00f2 con la clamorosa doppia vittoria di Villach. I biancorossi vinsero la semifinale contro i Devils di Berlusconi e poi la finalissima contro l&#8217;avversario di sempre, quel Bolzano che nel 1985 rub\u00f2 il sogno del primo Tricolore. Fu una vittoria dall&#8217;enorme valore sportivo, una vittoria che fece sognare l&#8217;intera provincia tranne Cortina. Paul Theriault fu il condottiero di quella squadra fortissima che conquist\u00f2 quel trofeo in quell&#8217;anno in cui, probabilmente, si raggiunse il massimo livello di gioco espresso in Italia. Il piccolo Alleghe in cima all&#8217;Olimpo dell&#8217;hockey non solo nazionale, ma pure internazionale, un qualcosa di immenso. Quella sera le campane di Alleghe suonarono a festa, e rimane il ricordo di una vittoria clamorosa. Poi Theriault ritorn\u00f2 all&#8217;ombra del Civetta una decina di anni dopo, a guidare i biancorossi nel campionato 2003\/2004. Fu una stagione divertente anche se un po&#8217; sfortunata a causa di parecchi infortuni, ma poco importa. Sabato sera l&#8217;Alleghe giocher\u00e0 in casa contro il Caldaro; immagino il doveroso minuto di silenzio, e poi sarebbe bello che si alzasse forte un coro che scandisce il nome di quest&#8217;uomo che, insieme ai suoi grandi giocatori, ci fece sognare. Ciao Paul, noi tifosi non ti dimenticheremo mai&#8230;bon viaz&#8230;&#8221;<\/p>\n<p>&nbsp;<\/p>\n\n\t\t\t<style type='text\/css'>\n\t\t\t\t#gallery-3 {\n\t\t\t\t\tmargin: auto;\n\t\t\t\t}\n\t\t\t\t#gallery-3 .gallery-item {\n\t\t\t\t\tfloat: left;\n\t\t\t\t\tmargin-top: 10px;\n\t\t\t\t\ttext-align: center;\n\t\t\t\t\twidth: 33%;\n\t\t\t\t}\n\t\t\t\t#gallery-3 img {\n\t\t\t\t\tborder: 2px solid #cfcfcf;\n\t\t\t\t}\n\t\t\t\t#gallery-3 .gallery-caption {\n\t\t\t\t\tmargin-left: 0;\n\t\t\t\t}\n\t\t\t\t\/* see gallery_shortcode() in wp-includes\/media.php *\/\n\t\t\t<\/style>\n\t\t<div id='gallery-3' class='dt-gallery-container gallery galleryid-368628 gallery-columns-3 gallery-size-thumbnail'><dl class='gallery-item'>\n\t\t\t\t<dt class='gallery-icon landscape'>\n\t\t\t\t\t<a class=\"rollover rollover-zoom dt-pswp-item\" title=\"e1a23599-c703-4dac-bc0d-e380dad9cf6b\" data-dt-img-description=\"\" data-large_image_width=\"1600\" data-large_image_height=\"1037\"href='https:\/\/www.radiopiu.net\/wordpress\/wp-content\/uploads\/2024\/01\/e1a23599-c703-4dac-bc0d-e380dad9cf6b.jpg'><img loading=\"lazy\" decoding=\"async\" width=\"150\" height=\"150\" src=\"https:\/\/www.radiopiu.net\/wordpress\/wp-content\/uploads\/2024\/01\/e1a23599-c703-4dac-bc0d-e380dad9cf6b-150x150.jpg\" class=\"attachment-thumbnail size-thumbnail\" alt=\"\" \/><\/a>\n\t\t\t\t<\/dt><\/dl><dl class='gallery-item'>\n\t\t\t\t<dt class='gallery-icon landscape'>\n\t\t\t\t\t<a class=\"rollover rollover-zoom dt-pswp-item\" title=\"be99fef9-ae6b-42e0-b4f2-7095da7f9c0f\" data-dt-img-description=\"\" data-large_image_width=\"617\" data-large_image_height=\"445\"href='https:\/\/www.radiopiu.net\/wordpress\/wp-content\/uploads\/2024\/01\/be99fef9-ae6b-42e0-b4f2-7095da7f9c0f.jpg'><img loading=\"lazy\" decoding=\"async\" width=\"150\" height=\"150\" src=\"https:\/\/www.radiopiu.net\/wordpress\/wp-content\/uploads\/2024\/01\/be99fef9-ae6b-42e0-b4f2-7095da7f9c0f-150x150.jpg\" class=\"attachment-thumbnail size-thumbnail\" alt=\"\" \/><\/a>\n\t\t\t\t<\/dt><\/dl><dl class='gallery-item'>\n\t\t\t\t<dt class='gallery-icon landscape'>\n\t\t\t\t\t<a class=\"rollover rollover-zoom dt-pswp-item\" title=\"4412fd59-f45e-46e3-bf6b-2b34ec8b1f97\" data-dt-img-description=\"\" data-large_image_width=\"589\" data-large_image_height=\"577\"href='https:\/\/www.radiopiu.net\/wordpress\/wp-content\/uploads\/2024\/01\/4412fd59-f45e-46e3-bf6b-2b34ec8b1f97.jpg'><img loading=\"lazy\" decoding=\"async\" width=\"150\" height=\"150\" src=\"https:\/\/www.radiopiu.net\/wordpress\/wp-content\/uploads\/2024\/01\/4412fd59-f45e-46e3-bf6b-2b34ec8b1f97-150x150.jpg\" class=\"attachment-thumbnail size-thumbnail\" alt=\"\" \/><\/a>\n\t\t\t\t<\/dt><\/dl><br style=\"clear: both\" \/>\n\t\t\t<\/div>\n\n<p>&nbsp;<\/p>\n<p>&nbsp;<\/p>\n<hr \/>\n<p>&nbsp;<\/p>\n<blockquote>\n<h3>IL POMERIGGIO DEL SUEM 118, TRA MALORI E INCIDENTI STRADALI<\/h3>\n<\/blockquote>\n<p><strong><a class=\"dt-pswp-item\" href=\"https:\/\/www.radiopiu.net\/wordpress\/wp-content\/uploads\/2023\/08\/suem.png\" data-dt-img-description=\"\" data-large_image_width=\"273\" data-large_image_height=\"127\"><img loading=\"lazy\" decoding=\"async\" class=\" wp-image-348238 alignleft\" src=\"https:\/\/www.radiopiu.net\/wordpress\/wp-content\/uploads\/2023\/08\/suem.png\" alt=\"\" width=\"174\" height=\"81\" \/><\/a>REDAZIONE<\/strong> Pomeriggio intenso anche ieri per il Suem 118 che \u00e8 intervenuto pi\u00f9 volte. Alle 13:40, \u00e8 stato segnalato un caso di trauma pediatrico nel comprensorio Civetta. Una bambina di 2 anni \u00e8 rimasta coinvolta in un incidente. L&#8217;elicottero Falco \u00e8 stato chiamato per trasportare la piccola paziente all&#8217;ospedale di Belluno. Poco dopo le 14 ad Arabba si \u00e8 verificato un caso di trauma toracico che ha coinvolto un uomo di 44 anni proveniente dalla Croazia. Il paziente \u00e8 stato trasportato con urgenza all&#8217;ospedale di Belluno dall&#8217;elicottero Falco. Alle 16 ad Auronzo un uomo di 52 anni residente a Belluno ha avuto bisogno di assistenza immediata. Anche in questo caso l&#8217;elicottero del Suem \u00e8 intervenuto per il trasporto del paziente al San Martino. Infine, alle 16.23, un incidente si \u00e8 verificato a Peaio, con un&#8217;auto fuori strada coinvolta. Tre persone, due donne di 58 e 79 anni e un uomo di 88 anni, tutti provenienti da Belluno, sono rimaste ferite. Sul posto due ambulanze e Falco per portare i pazienti all&#8217;ospedale di Pieve di Cadore.<\/p>\n<p>&nbsp;<\/p>\n<p>&nbsp;<\/p>\n<hr \/>\n<p>&nbsp;<\/p>\n<blockquote>\n<h3 class=\"entry-title\">RECUPERATI ESCURSIONISTI IN DIFFICOLT\u00c0<\/h3>\n<\/blockquote>\n<p><img loading=\"lazy\" decoding=\"async\" class=\"alignleft\" src=\"https:\/\/www.radiopiu.net\/wordpress\/wp-content\/uploads\/2024\/01\/Senza-nome-8.png\" width=\"125\" height=\"100\" \/><\/p>\n<p><strong>TAIBON\u00a0<\/strong> Mercoled\u00ec attorno alle 18 il Soccorso alpino di Agordo \u00e8 stato attivato per una coppia di escursionisti in difficolt\u00e0. Partiti dopo pranzo dalla Valle di San Lucano per una camminata, il 31enne di Calco (LC) e la 28enne di Castello Cabiaglio (VA), erano passati da Malgoverno e avevano raggiunto Casera dei Doff, scegliendo per il rientro un altro percorso meno frequentato, che li avrebbe portati a Pont direttamente. Lungo il percorso per\u00f2, ormai buio, si sono ritrovati tra gli schianti e non riuscivano pi\u00f9 a proseguire. Mentre una squadra era pronta in piazzola in supporto alle operazioni, l\u2019elicottero dell\u2019Aiut Alpin Dolomites ha sorvolato la zona e dopo averli individuati, in due rotazioni li ha imbarcati e portati a valle<\/p>\n<p>&nbsp;<\/p>\n<p>&nbsp;<\/p>\n<hr \/>\n<p>&nbsp;<\/p>\n<blockquote>\n<h3>ALPINISTI BLOCCATI DALLA NEVE RECUPERATI DAL SOCCORSO ALPINO<\/h3>\n<\/blockquote>\n<p><strong>CANALE D&#8217;AGORDO<\/strong> Attorno alle 16.30 di ieri la Centrale del 118 \u00e8 stata contattata da due alpinisti bloccati dalla neve. Saliti dal Canale dei Bureloni, nel territorio di Tonadico, i due per rientrare dovevano scendere attraversarsando il ghiacciaio delle Zirocole, nel comune di Canale d&#8217;Agordo, ma una volta giunti l\u00ec hanno trovato neve troppo alta e non erano in grado di proseguire. Individuati dall&#8217;elicottero di Trento emergenza a 2.800 metri di quota, i due sono stati imbarcati in hovering e trasportati a San Martino di Castrozza. Pronta a intervenire una squadra del Soccorso alpino della Val Biois.<\/p>\n<p>&nbsp;<\/p>\n<p>&nbsp;<\/p>\n<hr \/>\n<p>&nbsp;<\/p>\n<blockquote>\n<h3>DUE FERITI NELL&#8217;INCIDENTE SOPRA CAPRILE<\/h3>\n<\/blockquote>\n<p><strong><a class=\"dt-pswp-item\" href=\"https:\/\/www.radiopiu.net\/wordpress\/wp-content\/uploads\/2024\/01\/Senza-nome-10.png\" data-dt-img-description=\"\" data-large_image_width=\"485\" data-large_image_height=\"311\"><img loading=\"lazy\" decoding=\"async\" class=\"wp-image-368688 alignleft\" src=\"https:\/\/www.radiopiu.net\/wordpress\/wp-content\/uploads\/2024\/01\/Senza-nome-10-300x192.png\" alt=\"\" width=\"175\" height=\"112\" srcset=\"https:\/\/www.radiopiu.net\/wordpress\/wp-content\/uploads\/2024\/01\/Senza-nome-10-300x192.png 300w, https:\/\/www.radiopiu.net\/wordpress\/wp-content\/uploads\/2024\/01\/Senza-nome-10.png 485w\" sizes=\"auto, (max-width: 175px) 100vw, 175px\" \/><\/a>REDAZIONE<\/strong> Il bilancio \u00e8 di due feriti nell&#8217;incidente avvenuto ieri poco dopo le 10 a Caprile sulla strada che porta al Passo Falzarego, pi\u00f9 precisamente al trezo tornante sopra l&#8217;abitato della frazione di Alleghe. Un&#8217;auto e un camion sono entrati in collisione. Traffico in tilt con gli automobilisti che hanno optato per la strada di Digonera. Nell&#8217;impatto due persone sono rimaste ferite. Un uomo e una donna di Padova, rispettivamente di 28 e 26 anni, che sono stati trasportati in ambulanza all&#8217;ospedale di Agordo.<\/p>\n<p>&nbsp;<\/p>\n<p><strong><a class=\"dt-pswp-item\" href=\"https:\/\/www.radiopiu.net\/wordpress\/wp-content\/uploads\/2024\/01\/Senza-nome-15.png\" data-dt-img-description=\"\" data-large_image_width=\"430\" data-large_image_height=\"309\"><img loading=\"lazy\" decoding=\"async\" class=\"wp-image-368721 alignleft\" src=\"https:\/\/www.radiopiu.net\/wordpress\/wp-content\/uploads\/2024\/01\/Senza-nome-15-300x216.png\" alt=\"\" width=\"176\" height=\"127\" srcset=\"https:\/\/www.radiopiu.net\/wordpress\/wp-content\/uploads\/2024\/01\/Senza-nome-15-300x216.png 300w, https:\/\/www.radiopiu.net\/wordpress\/wp-content\/uploads\/2024\/01\/Senza-nome-15.png 430w\" sizes=\"auto, (max-width: 176px) 100vw, 176px\" \/><\/a>CORTINA<\/strong>\u00a0 Due incidenti ieri nella zona di Cortina: a Peaio, Vodo, un fuoristrada con tre anziani si \u00e8 capovolto; temuti inizialmente gravi ferimenti, ma alla fine solo contusioni. Il traffico \u00e8 stato bloccato per l&#8217;intervento dell&#8217;elisoccorso.<\/p>\n<p>A Zuel, altro cappottamento con un ferito lieve. Polizia e sanitari al lavoro. Entrambi gli incidenti hanno causato temporanei disagi al traffico.<\/p>\n<p>&nbsp;<\/p>\n<p><strong>AURONZO <\/strong>Un uomo di 52 anni, residente a Belluno, ha avuto un attacco epilettico ieri pomeriggio vicino allo stadio ad Auronzo. Rischia di essere investito da un furgone, ma il conducente, un corriere, ha reagito <a class=\"dt-pswp-item\" href=\"https:\/\/www.radiopiu.net\/wordpress\/wp-content\/uploads\/2024\/01\/Senza-nome-16.png\" data-dt-img-description=\"\" data-large_image_width=\"320\" data-large_image_height=\"172\"><img loading=\"lazy\" decoding=\"async\" class=\"wp-image-368722 alignleft\" src=\"https:\/\/www.radiopiu.net\/wordpress\/wp-content\/uploads\/2024\/01\/Senza-nome-16-300x161.png\" alt=\"\" width=\"248\" height=\"133\" srcset=\"https:\/\/www.radiopiu.net\/wordpress\/wp-content\/uploads\/2024\/01\/Senza-nome-16-300x161.png 300w, https:\/\/www.radiopiu.net\/wordpress\/wp-content\/uploads\/2024\/01\/Senza-nome-16.png 320w\" sizes=\"auto, (max-width: 248px) 100vw, 248px\" \/><\/a>prontamente evitando l&#8217;impatto. La vittima \u00e8 stata soccorsa in gravi condizioni e trasportata in ospedale a Belluno con ambulanza ed elicottero.<\/p>\n<p><strong>LAGAZUOI<\/strong> Momenti di panico a Lagazuoi, dove cavalli trainano slitte con sciatori. Due cavalli impazziti si sono scontrati con una banchina, sfiorando sciatori. Nessun ferito, ma la vicenda ha suscitato preoccupazioni.\u00a0 l&#8217;associazione animalista Aidaa annuncia denuncia per presunto maltrattamento. I cavalli sono usati come taxi per gli ospiti<\/p>\n<p>&nbsp;<\/p>\n<p>&nbsp;<\/p>\n<hr \/>\n<p>&nbsp;<\/p>\n<blockquote>\n<h3 class=\"_title post-title entry-title\">\u00a0SALDI: I COMMERCIANTI CI SPERANO DOPO UN NATALE MAGRO<\/h3>\n<\/blockquote>\n<p>DAL TG BELLUNESE DI ANTENNA 3, OGNI SERA ALLE 19.30, FACILMENTE RAGGIUNGIBILE SUL CANALE 10 DEL DIGITALE TERRESTRE. E OGNI SERA ALLE 19 LE ANTICIPAZIONI ALLA RADIO.<\/p>\n<p>Intervistati MIRIAM ANGELA DE MIN (PRESIDENTE GIUNTA ASCOM BELLUNO) (Servizio di\u00a0<a href=\"https:\/\/antennatre.medianordest.it\/redazione\/Fabio-Fioravanzi\/\">Fabio Fioravanzi<\/a>)<\/p>\n<p><iframe loading=\"lazy\" title=\"SALDI: I COMMERCIANTI CI SPERANO DOPO UN NATALE MAGRO | 04\/01\/2024\" width=\"1200\" height=\"675\" src=\"https:\/\/www.youtube.com\/embed\/U1xbCQrb-p0?feature=oembed\" frameborder=\"0\" allow=\"accelerometer; autoplay; clipboard-write; encrypted-media; gyroscope; picture-in-picture; web-share\" allowfullscreen><\/iframe><\/p>\n<p>&nbsp;<\/p>\n<hr \/>\n<p>&nbsp;<\/p>\n<blockquote>\n<h3>UN NUOVO VOLUME RARO DI DINO BUZZATI ALLA BIBLIOTECA CIVICA DI BELLUNO<\/h3>\n<\/blockquote>\n<p><strong>BELLUNO<\/strong> La Biblioteca Civica di Belluno si arricchisce di un altro tesoro: acquistata una copia rara de \u201cIl segreto del Bosco Vecchio\u201d di Dino Buzzati, edita nel 1939.<\/p>\n<p><strong>DI DANIELE DALVIT<\/strong><\/p>\n<audio class=\"wp-audio-shortcode\" id=\"audio-368628-5\" preload=\"none\" style=\"width: 100%;\" controls=\"controls\"><source type=\"audio\/mpeg\" src=\"https:\/\/www.radiopiu.net\/wordpress\/wp-content\/uploads\/2024\/01\/Radio-Piu-Servizio-Libro-raro-Buzzati.mp3?_=5\" \/><a href=\"https:\/\/www.radiopiu.net\/wordpress\/wp-content\/uploads\/2024\/01\/Radio-Piu-Servizio-Libro-raro-Buzzati.mp3\">https:\/\/www.radiopiu.net\/wordpress\/wp-content\/uploads\/2024\/01\/Radio-Piu-Servizio-Libro-raro-Buzzati.mp3<\/a><\/audio>\n<p>&nbsp;<\/p>\n\n\t\t\t<style type='text\/css'>\n\t\t\t\t#gallery-4 {\n\t\t\t\t\tmargin: auto;\n\t\t\t\t}\n\t\t\t\t#gallery-4 .gallery-item {\n\t\t\t\t\tfloat: left;\n\t\t\t\t\tmargin-top: 10px;\n\t\t\t\t\ttext-align: center;\n\t\t\t\t\twidth: 50%;\n\t\t\t\t}\n\t\t\t\t#gallery-4 img {\n\t\t\t\t\tborder: 2px solid #cfcfcf;\n\t\t\t\t}\n\t\t\t\t#gallery-4 .gallery-caption {\n\t\t\t\t\tmargin-left: 0;\n\t\t\t\t}\n\t\t\t\t\/* see gallery_shortcode() in wp-includes\/media.php *\/\n\t\t\t<\/style>\n\t\t<div id='gallery-4' class='dt-gallery-container gallery galleryid-368628 gallery-columns-2 gallery-size-medium'><dl class='gallery-item'>\n\t\t\t\t<dt class='gallery-icon landscape'>\n\t\t\t\t\t<a class=\"rollover rollover-zoom dt-pswp-item\" title=\"0a11b831-1eb1-4cb2-8ea5-e9b3d9ed1d45\" data-dt-img-description=\"\" data-large_image_width=\"2048\" data-large_image_height=\"1536\"href='https:\/\/www.radiopiu.net\/wordpress\/wp-content\/uploads\/2024\/01\/0a11b831-1eb1-4cb2-8ea5-e9b3d9ed1d45.jpg'><img loading=\"lazy\" decoding=\"async\" width=\"300\" height=\"225\" src=\"https:\/\/www.radiopiu.net\/wordpress\/wp-content\/uploads\/2024\/01\/0a11b831-1eb1-4cb2-8ea5-e9b3d9ed1d45-300x225.jpg\" class=\"attachment-medium size-medium\" alt=\"\" srcset=\"https:\/\/www.radiopiu.net\/wordpress\/wp-content\/uploads\/2024\/01\/0a11b831-1eb1-4cb2-8ea5-e9b3d9ed1d45-300x225.jpg 300w, https:\/\/www.radiopiu.net\/wordpress\/wp-content\/uploads\/2024\/01\/0a11b831-1eb1-4cb2-8ea5-e9b3d9ed1d45-1024x768.jpg 1024w, https:\/\/www.radiopiu.net\/wordpress\/wp-content\/uploads\/2024\/01\/0a11b831-1eb1-4cb2-8ea5-e9b3d9ed1d45-768x576.jpg 768w, https:\/\/www.radiopiu.net\/wordpress\/wp-content\/uploads\/2024\/01\/0a11b831-1eb1-4cb2-8ea5-e9b3d9ed1d45-1536x1152.jpg 1536w, https:\/\/www.radiopiu.net\/wordpress\/wp-content\/uploads\/2024\/01\/0a11b831-1eb1-4cb2-8ea5-e9b3d9ed1d45.jpg 2048w\" sizes=\"auto, (max-width: 300px) 100vw, 300px\" \/><\/a>\n\t\t\t\t<\/dt><\/dl><dl class='gallery-item'>\n\t\t\t\t<dt class='gallery-icon landscape'>\n\t\t\t\t\t<a class=\"rollover rollover-zoom dt-pswp-item\" title=\"ceb1c00e-a403-4d55-8169-e7479d6667c8\" data-dt-img-description=\"\" data-large_image_width=\"2560\" data-large_image_height=\"2076\"href='https:\/\/www.radiopiu.net\/wordpress\/wp-content\/uploads\/2024\/01\/ceb1c00e-a403-4d55-8169-e7479d6667c8-scaled.jpg'><img loading=\"lazy\" decoding=\"async\" width=\"300\" height=\"243\" src=\"https:\/\/www.radiopiu.net\/wordpress\/wp-content\/uploads\/2024\/01\/ceb1c00e-a403-4d55-8169-e7479d6667c8-300x243.jpg\" class=\"attachment-medium size-medium\" alt=\"\" srcset=\"https:\/\/www.radiopiu.net\/wordpress\/wp-content\/uploads\/2024\/01\/ceb1c00e-a403-4d55-8169-e7479d6667c8-300x243.jpg 300w, https:\/\/www.radiopiu.net\/wordpress\/wp-content\/uploads\/2024\/01\/ceb1c00e-a403-4d55-8169-e7479d6667c8-1024x831.jpg 1024w, https:\/\/www.radiopiu.net\/wordpress\/wp-content\/uploads\/2024\/01\/ceb1c00e-a403-4d55-8169-e7479d6667c8-768x623.jpg 768w, https:\/\/www.radiopiu.net\/wordpress\/wp-content\/uploads\/2024\/01\/ceb1c00e-a403-4d55-8169-e7479d6667c8-1536x1246.jpg 1536w, https:\/\/www.radiopiu.net\/wordpress\/wp-content\/uploads\/2024\/01\/ceb1c00e-a403-4d55-8169-e7479d6667c8-2048x1661.jpg 2048w\" sizes=\"auto, (max-width: 300px) 100vw, 300px\" \/><\/a>\n\t\t\t\t<\/dt><\/dl><br style=\"clear: both\" \/>\n\t\t\t<\/div>\n\n<p>&nbsp;<\/p>\n<hr \/>\n<p>&nbsp;<\/p>\n<blockquote>\n<h3>CI SI PREPARA AL CONTROESODO DEL FINE SETTIMANA, MA I PROBLEMI ALLA VIABILITA&#8217; NON MANCANO IN CADORE<\/h3>\n<\/blockquote>\n<p><strong>PRE LE TRE RADIO, BARBARA PAOLAZZI (RADIO CLUB 103)<\/strong><\/p>\n<audio class=\"wp-audio-shortcode\" id=\"audio-368628-6\" preload=\"none\" style=\"width: 100%;\" controls=\"controls\"><source type=\"audio\/mpeg\" src=\"https:\/\/www.radiopiu.net\/wordpress\/wp-content\/uploads\/2024\/01\/PAOLAZZI-PROBLEMI-VIABILITA-CADORE.mp3?_=6\" \/><a href=\"https:\/\/www.radiopiu.net\/wordpress\/wp-content\/uploads\/2024\/01\/PAOLAZZI-PROBLEMI-VIABILITA-CADORE.mp3\">https:\/\/www.radiopiu.net\/wordpress\/wp-content\/uploads\/2024\/01\/PAOLAZZI-PROBLEMI-VIABILITA-CADORE.mp3<\/a><\/audio>\n<p>&nbsp;<\/p>\n<hr \/>\n<p>&nbsp;<\/p>\n<blockquote>\n<h3>DALLA MARMOLADA \u201cSCENDE\u201d LA BEFANA. GRANDE SPETTACOLO OGGI DALLE 17 A MALGA CIAPELA<\/h3>\n<\/blockquote>\n<p><strong><a class=\"dt-pswp-item\" href=\"https:\/\/www.radiopiu.net\/wordpress\/wp-content\/uploads\/2024\/01\/5888710925630946332_121.jpg\" data-dt-img-description=\"\" data-large_image_width=\"960\" data-large_image_height=\"1280\"><img loading=\"lazy\" decoding=\"async\" class=\" wp-image-368644 alignleft\" src=\"https:\/\/www.radiopiu.net\/wordpress\/wp-content\/uploads\/2024\/01\/5888710925630946332_121-225x300.jpg\" alt=\"\" width=\"99\" height=\"132\" srcset=\"https:\/\/www.radiopiu.net\/wordpress\/wp-content\/uploads\/2024\/01\/5888710925630946332_121-225x300.jpg 225w, https:\/\/www.radiopiu.net\/wordpress\/wp-content\/uploads\/2024\/01\/5888710925630946332_121-768x1024.jpg 768w, https:\/\/www.radiopiu.net\/wordpress\/wp-content\/uploads\/2024\/01\/5888710925630946332_121.jpg 960w\" sizes=\"auto, (max-width: 99px) 100vw, 99px\" \/><\/a>ROCCA PIETORE <\/strong>Oggi, a Malga Ciapela, la Befana far\u00e0 un&#8217;apparizione speciale calandosi lungo il primo troncone della funivia con il supporto del Soccorso Alpino della Val Pettorina. L&#8217;evento, organizzato da Marmolada Srl in collaborazione con il Soccorso Alpino e il Consorzio Operatori Turistici della Marmolada, coinvolger\u00e0 grandi e piccini. La Befana arriver\u00e0 nel piazzale di Malga Ciapela per distribuire doni e dolciumi ai bambini. L&#8217;area sar\u00e0 illuminata con torce, creando un&#8217;atmosfera suggestiva. L&#8217;evento, divenuto tradizionale e atteso, \u00e8 un modo per ringraziare i turisti che hanno scelto la Marmolada durante le festivit\u00e0 e promuovere il territorio. L&#8217;appuntamento \u00e8 alle 17 a Malga Ciapela, con la calata della Befana prevista alle 18.<\/p>\n<p>&nbsp;<\/p>\n<p>&nbsp;<\/p>\n<hr \/>\n<p>&nbsp;<\/p>\n<blockquote>\n<h3>ARIA D&#8217;INVERN, IL CONCORSO FOTOGRAFICO<\/h3>\n<\/blockquote>\n<p><strong>CENCENIGHE<\/strong> La Pro Loco di Cencenighe ha organizzato un concorso fotografico dal titolo &#8220;Aria D&#8217;Invern&#8221;. Chi volesse partecipare pu\u00f2 inviare gli scatti fino al 31 marzo alla mail ariadinvern@gmail.com seguiranno le premiazioni e, nel mese di luglio, l&#8217;esposizione delle foto al Nof Fil\u00f2. Regolamento completo sul sito www.prolococencenighe.it<\/p>\n<p>&nbsp;<\/p>\n<p>&nbsp;<\/p>\n<hr \/>\n<p>&nbsp;<\/p>\n<h2><span style=\"color: #ff6600;\">IERI ALLA RADIO<\/span><\/h2>\n<h2><span style=\"color: #3366ff;\">L&#8217;AGORDINA CALCIO RIPARTE DAI GIOVANI. L&#8217;INTERVISTA<\/span><\/h2>\n<p><strong><a class=\"dt-pswp-item\" href=\"https:\/\/www.radiopiu.net\/wordpress\/wp-content\/uploads\/2019\/09\/AGORDINA-CALCIO.jpeg\" data-dt-img-description=\"\" data-large_image_width=\"225\" data-large_image_height=\"225\"><img loading=\"lazy\" decoding=\"async\" class=\" wp-image-97575 alignleft\" src=\"https:\/\/www.radiopiu.net\/wordpress\/wp-content\/uploads\/2019\/09\/AGORDINA-CALCIO.jpeg\" alt=\"\" width=\"125\" height=\"125\" srcset=\"https:\/\/www.radiopiu.net\/wordpress\/wp-content\/uploads\/2019\/09\/AGORDINA-CALCIO.jpeg 225w, https:\/\/www.radiopiu.net\/wordpress\/wp-content\/uploads\/2019\/09\/AGORDINA-CALCIO-150x150.jpeg 150w\" sizes=\"auto, (max-width: 125px) 100vw, 125px\" \/><\/a>AGORDO<\/strong><\/p>\n<p>DI GIANNI SANTOMASO<\/p>\n<audio class=\"wp-audio-shortcode\" id=\"audio-368628-7\" preload=\"none\" style=\"width: 100%;\" controls=\"controls\"><source type=\"audio\/mpeg\" src=\"https:\/\/www.radiopiu.net\/wordpress\/wp-content\/uploads\/2023\/12\/intervista-agordina-calcio-fine-2023.mp3?_=7\" \/><a href=\"https:\/\/www.radiopiu.net\/wordpress\/wp-content\/uploads\/2023\/12\/intervista-agordina-calcio-fine-2023.mp3\">https:\/\/www.radiopiu.net\/wordpress\/wp-content\/uploads\/2023\/12\/intervista-agordina-calcio-fine-2023.mp3<\/a><\/audio>\n<p>&nbsp;<\/p>\n<p>&nbsp;<\/p>\n<hr \/>\n<p>&nbsp;<\/p>\n<blockquote>\n<h1>Zuppa di Sasso: Una Storia di Passione, Birra e Sogni Montanari<\/h1>\n<\/blockquote>\n<p><strong><a class=\"dt-pswp-item\" href=\"https:\/\/www.radiopiu.net\/wordpress\/wp-content\/uploads\/2023\/12\/IMG20230806200327-scaled.jpg\" data-dt-img-description=\"\" data-large_image_width=\"1155\" data-large_image_height=\"2560\"><img loading=\"lazy\" decoding=\"async\" class=\"size-medium wp-image-367963 alignleft\" src=\"https:\/\/www.radiopiu.net\/wordpress\/wp-content\/uploads\/2023\/12\/IMG20230806200327-135x300.jpg\" alt=\"\" width=\"135\" height=\"300\" srcset=\"https:\/\/www.radiopiu.net\/wordpress\/wp-content\/uploads\/2023\/12\/IMG20230806200327-135x300.jpg 135w, https:\/\/www.radiopiu.net\/wordpress\/wp-content\/uploads\/2023\/12\/IMG20230806200327-462x1024.jpg 462w, https:\/\/www.radiopiu.net\/wordpress\/wp-content\/uploads\/2023\/12\/IMG20230806200327-768x1703.jpg 768w, https:\/\/www.radiopiu.net\/wordpress\/wp-content\/uploads\/2023\/12\/IMG20230806200327-693x1536.jpg 693w, https:\/\/www.radiopiu.net\/wordpress\/wp-content\/uploads\/2023\/12\/IMG20230806200327-924x2048.jpg 924w, https:\/\/www.radiopiu.net\/wordpress\/wp-content\/uploads\/2023\/12\/IMG20230806200327-scaled.jpg 1155w\" sizes=\"auto, (max-width: 135px) 100vw, 135px\" \/><\/a>REDAZIONE<\/strong> Alessandra Gargiuli, classe 92 nasce e cresce ad Agordo, amore e lavoro l&#8217;hanno portata a vivere vicino san Don\u00e0 di Piave in provincia di Venzia da ormai quasi dieci anni. Il\u00a0 suo\u00a0 cuore per\u00f2 non ha mai smesso di battere per l&#8217;Agordino\u00a0 dove spera\u00a0 un giorno di tornare tra le amate montagne.\u00a0 Michele Steolo, classe 85, nato e cresciuto a Ceggia in provincia di Venezia \u00e8 invece l&#8217;uomo che dopo averla incontrata a cambiato la sua vita .<em>&#8220;Ed io&#8230; che ho passato una vita a parlar male dei\u00a0 &#8220;venessie&#8221;, poi\u00a0 arriva lui, pi\u00f9 montanaro di me nel cuore,\u00a0 e cambia le carte in tavola. Un matrimonio, due bambine e un pub&#8221;<\/em> confessa Alessandra<\/p>\n<div dir=\"auto\"><strong>IL SOGNO&#8230;IL PUB E UN ANNO DI ALTI E BASSI.\u00a0 IL RITORNO AD AGORDO\u00a0<\/strong><\/div>\n<div dir=\"auto\">IL BrewPub &#8220;Zuppa di Sasso&#8221; viene aperto lo scorso agosto, in pieno post COVID. Non \u00e8 stata incoscienza, Alessandra e Michele ci hanno creduto e hanno azzardato.\u00a0 Un brewpub oltre a vendere birra artigianale di diverse provenienze, rivende anche la birra di produzione propria<em>. &#8220;Siamo partiti con una sola birra con il nostro <strong><a class=\"dt-pswp-item\" href=\"https:\/\/www.radiopiu.net\/wordpress\/wp-content\/uploads\/2023\/12\/IMG-20230204-WA0007.jpg\" data-dt-img-description=\"\" data-large_image_width=\"1500\" data-large_image_height=\"2000\"><img loading=\"lazy\" decoding=\"async\" class=\"size-medium wp-image-367962 alignright\" src=\"https:\/\/www.radiopiu.net\/wordpress\/wp-content\/uploads\/2023\/12\/IMG-20230204-WA0007-225x300.jpg\" alt=\"\" width=\"225\" height=\"300\" srcset=\"https:\/\/www.radiopiu.net\/wordpress\/wp-content\/uploads\/2023\/12\/IMG-20230204-WA0007-225x300.jpg 225w, https:\/\/www.radiopiu.net\/wordpress\/wp-content\/uploads\/2023\/12\/IMG-20230204-WA0007-768x1024.jpg 768w, https:\/\/www.radiopiu.net\/wordpress\/wp-content\/uploads\/2023\/12\/IMG-20230204-WA0007-1152x1536.jpg 1152w, https:\/\/www.radiopiu.net\/wordpress\/wp-content\/uploads\/2023\/12\/IMG-20230204-WA0007.jpg 1500w\" sizes=\"auto, (max-width: 225px) 100vw, 225px\" \/><\/a><\/strong>marchio, la Mermaid Tears. Una birra particolare dai sentori aciduli del limone e salata. Incredibilmente fresca per l&#8217;estate torrida della pianura &#8211; dice Alessandra\u00a0 &#8211; a dicembre dello stesso anno \u00e8 arrivato il primo riconoscimento per quest&#8217;ultima, un terzo posto nella categoria birre acide a Riva del Garda all&#8217;interno del contest &#8220;SoloBirra&#8221; affiancati a chi la birra la faceva da anni e anni.\u00a0\u00c8 stato un anno pieno, con alti e bassi, abbiamo lavorato parecchio e lanciato altre nuove birrette.\u00a0 Siamo arrivati anche ad Agordo con il nostro bancospina questa estate e devo dire che ci siamo davvero divertiti&#8221;.<\/em><\/div>\n<div dir=\"auto\"><strong>INCETTA DI PREMI A ROMA. PROGRAMMI PER IL FUTURO<\/strong><\/div>\n<div dir=\"auto\">A chiusura di un anno mirabolante e spinti dal tifo dei clienti\u00a0 Alessandra e Michele hanno\u00a0 deciso di partecipare a un concorso a Roma denominato &#8220;best italian beer&#8221;. che\u00a0 premia le migliori birre d&#8217;italia. Pochi giorni fa la notizia: Terzo posto per &#8220;Sete&#8221; nella categoria Pale Ale. Secondo posto per &#8220;Mermaid Tears&#8221; nella categoria Birre al Sale.\u00a0 Secondo posto per &#8221; Wonka Sucks&#8221; nella categoria Foreign Extra Stout. Primo posto per &#8220;Moegh\u00e9a #1&#8221; nella categoria Dortmunder, birre tedesche. &#8220;<em>Orgogliosi dei risultati ci siamo prefissati per il 2024 di trovare una nuova sede per il nostro pub per ingrandirci e allestire un impianto di produzione a vista. <\/em><em>Tra gli obbiettivi per\u00f2 uno aleggia nel cuore, e chiss\u00e0&#8230; Io ci terrei tanto, perch\u00e9 so dove vorrei invecchiare!! <\/em><em>Un sogno grande \u00e8 di avviare una produzione tra i monti &#8211; conclude Alessandra &#8211;\u00a0 dove sicuramente l&#8217;aria e l&#8217;acqua possono contribuire a una qualit\u00e0 superiore. Ci stiamo lavorando&#8221;\u00a0<\/em><\/div>\n<div dir=\"auto\"><\/div>\n<div dir=\"auto\"><\/div>\n<div dir=\"auto\">\n<hr \/>\n<\/div>\n<div dir=\"auto\"><\/div>\n<blockquote>\n<h3 dir=\"auto\">\u00a0BANDI E CONCORSI, DAL &#8220;MERCATINO&#8221; SITO RADIOPIU.NET<\/h3>\n<\/blockquote>\n<div dir=\"auto\">\n<p><a class=\"dt-pswp-item\" href=\"https:\/\/www.radiopiu.net\/wordpress\/wp-content\/uploads\/2023\/11\/TAIBON-1.jpg\" data-dt-img-description=\"\" data-large_image_width=\"960\" data-large_image_height=\"720\"><img loading=\"lazy\" decoding=\"async\" class=\"wp-image-359597 alignleft\" src=\"https:\/\/www.radiopiu.net\/wordpress\/wp-content\/uploads\/2023\/11\/TAIBON-1-300x225.jpg\" alt=\"\" width=\"145\" height=\"109\" srcset=\"https:\/\/www.radiopiu.net\/wordpress\/wp-content\/uploads\/2023\/11\/TAIBON-1-300x225.jpg 300w, https:\/\/www.radiopiu.net\/wordpress\/wp-content\/uploads\/2023\/11\/TAIBON-1-768x576.jpg 768w, https:\/\/www.radiopiu.net\/wordpress\/wp-content\/uploads\/2023\/11\/TAIBON-1.jpg 960w\" sizes=\"auto, (max-width: 145px) 100vw, 145px\" \/><\/a><strong>IL COMUNE DI TAIBON<\/strong> RENDE NOTO CHE \u00e8 STATO INDETTO UN CONCORSO PUBBLICO PER SOLI ESAMI. SI ASSUME, A TEMPO INDETERMINATO E PIENO 1 COLLABORATORE PROFESSIONALE CONDUTTORE DI MACCHINE OPERATRICI COMPLESSE TRATTAMENTO ECONOMICO COME DA NORME CONTRATTUALI. PATENTE DI GUIDA RICHIESTA DI TIPO B, C E D IN CORSO DI VALIDIT\u00e0. Per informazioni e copie del bando gli interessati potranno rivolgersi ai seguenti recapiti: telefono: 0439 310259, mail: concorsi@feltrino.bl.it La registrazione, la compilazione e l\u2019invio on line della domanda devono essere completati entro le 12 del 12 GENNAIO<\/p>\n<p>&nbsp;<\/p>\n<p><a class=\"dt-pswp-item\" href=\"https:\/\/www.radiopiu.net\/wordpress\/wp-content\/uploads\/2020\/04\/ASCA.png\" data-dt-img-description=\"\" data-large_image_width=\"1211\" data-large_image_height=\"668\"><img loading=\"lazy\" decoding=\"async\" class=\"wp-image-128881 alignleft\" src=\"https:\/\/www.radiopiu.net\/wordpress\/wp-content\/uploads\/2020\/04\/ASCA-300x165.png\" alt=\"\" width=\"173\" height=\"95\" srcset=\"https:\/\/www.radiopiu.net\/wordpress\/wp-content\/uploads\/2020\/04\/ASCA-300x165.png 300w, https:\/\/www.radiopiu.net\/wordpress\/wp-content\/uploads\/2020\/04\/ASCA-1024x565.png 1024w, https:\/\/www.radiopiu.net\/wordpress\/wp-content\/uploads\/2020\/04\/ASCA-768x424.png 768w, https:\/\/www.radiopiu.net\/wordpress\/wp-content\/uploads\/2020\/04\/ASCA.png 1211w\" sizes=\"auto, (max-width: 173px) 100vw, 173px\" \/><\/a><strong>AVVISO DI SELEZIONE!<\/strong><br \/>\n<strong>AGORDO<\/strong> ASCA, azienda speciale consortile agordina cerca a tempo indeterminato e con orario pieno una figura\u00a0 professionale denominata REFERENTE DEGLI OPERATORI SOCIO SANITARI.\u00a0 ACCESSO WELFARE AZIENDALE, POSSIBILIT\u00e0 DI SISTEMAZIONE ABITATIVA gratuita per 8 mesi.\u00a0\u00a0 LE DOMANDE DI PARTECIPAZIONE ALLA SELEZIONE VANNO PRESENTATE ENTRO LE 12 DEL 19 gennaio<br \/>\nInformazioni sul sito <a class=\"moz-txt-link-abbreviated\" href=\"http:\/\/www.servizisocialiasca.it\">www.servizisocialiasca.it<\/a>\u00a0 sezione bandi;\u00a0 oppure ALL&#8217;UFFICIO PERSONALE ASCA: <a class=\"moz-txt-link-abbreviated\" href=\"mailto:personale@servizisocialiasca.it\">personale@servizisocialiasca.it<\/a>\u00a0 telefono 0437 63750<\/p>\n<p>&nbsp;<\/p>\n<blockquote><p><strong><a class=\"dt-pswp-item\" href=\"https:\/\/www.radiopiu.net\/wordpress\/wp-content\/uploads\/2024\/01\/322_1.jpg\" data-dt-img-description=\"\" data-large_image_width=\"800\" data-large_image_height=\"532\"><img loading=\"lazy\" decoding=\"async\" class=\"wp-image-368729 alignleft\" src=\"https:\/\/www.radiopiu.net\/wordpress\/wp-content\/uploads\/2024\/01\/322_1-300x200.jpg\" alt=\"\" width=\"228\" height=\"152\" srcset=\"https:\/\/www.radiopiu.net\/wordpress\/wp-content\/uploads\/2024\/01\/322_1-300x200.jpg 300w, https:\/\/www.radiopiu.net\/wordpress\/wp-content\/uploads\/2024\/01\/322_1-768x511.jpg 768w, https:\/\/www.radiopiu.net\/wordpress\/wp-content\/uploads\/2024\/01\/322_1.jpg 800w\" sizes=\"auto, (max-width: 228px) 100vw, 228px\" \/><\/a>SAN MARTINO IN BADIA <\/strong>La Residenza socio-assistenziale per anziani di San Martino in Val Badia cerca da subito collaboratori qualificati a tempo determinato e\/o indeterminato da inserire nell\u2019organico. I profili richiesti sono: Infermieri professionali e operatori socio-sanitari. Si offre flessibilit\u00e0 oraria su lavoro a turni, part-time 19, 24 o 29 ore settimanali o a tempo pieno 38 ore. Si offre vitto e alloggio in struttura, possibilit\u00e0 di formazione\/aggiornamento professionale, corsi di lingua e altri benefit. Viene offerto contratto di lavoro collettivo intercompartimentale per dipendenti pubblici ed eventuale retribuzione di indennit\u00e0 linguistica di trilinguismo. Per la candidatura \u00e9 necessario possedere la padronanza della lingua italiana o tedesca, la capacit\u00e0 di lavorare in team e competenze sociali oltre alla qualifica professionale richiesta. Per interesse prego contattare direttamente la struttura al numero: 0474\/524700 o scrivendo una mail a: info@ciasadepalsa.it.<\/p><\/blockquote>\n<\/div>\n<div dir=\"auto\"><\/div>\n<div dir=\"auto\"><\/div>\n<hr \/>\n<p>&nbsp;<\/p>\n<h2><span style=\"color: #ff0000;\">GLI APPUNTAMENTI DELLA SETTIMANA\u00a0\u00a0<\/span><\/h2>\n<h2 id=\":ruo:\" class=\"x1heor9g x1qlqyl8 x1pd3egz x1a2a7pz x1gslohp x1yc453h\"><span class=\"x193iq5w xeuugli x13faqbe x1vvkbs x1xmvt09 x6prxxf xvq8zen xo1l8bm xi81zsa\"><strong><a class=\"x1i10hfl xjbqb8w x6umtig x1b1mbwd xaqea5y xav7gou x9f619 x1ypdohk xt0psk2 xe8uvvx xdj266r x11i5rnm xat24cr x1mh8g0r xexx8yu x4uap5 x18d9i69 xkhd6sd x16tdsg8 x1hl2dhg xggy1nq x1a2a7pz xt0b8zv xzsf02u x1s688f\" tabindex=\"0\" role=\"link\" href=\"https:\/\/www.facebook.com\/profile.php?id=100008232888784&amp;__cft__[0]=AZU5r7bBe9zcn9HwUuGa8GzB72Zx7TpnzZbRSmKbnCuneKsJc-Sz1BHrnQMOWrdf23X59LNFvCZsHqlSMCNYGkntV2j8G5KIxaD20KeIXocKvruEq0FkgcoaP2fq8PkuoAtlx1m_h-U7rPBtrdxfg7McZsY7xF20IKkjWpX53NHAIg5S2eOM6hut7rUDmoUtjBI&amp;__tn__=-]C%2CP-R\"><span class=\"xt0psk2\">Giuseppe De Don\u00e0<\/span><\/a><\/strong> \u00a0<\/span><em>Ripercorrendo i 30 anni trascorsi dal primo incontro riguardante l&#8217;astronomia fatto a Sospirolo, approfondir\u00f2 gli eventi pi\u00f9 recenti come l&#8217;aurora boreale che ha interessato i nostri cieli nella sera del 5 novembre.<\/em><\/h2>\n<p><a class=\"dt-pswp-item\" href=\"https:\/\/www.radiopiu.net\/wordpress\/wp-content\/uploads\/2024\/01\/414468836_3806678132949912_5745327499938075114_n.jpg\" data-dt-img-description=\"\" data-large_image_width=\"843\" data-large_image_height=\"537\"><img loading=\"lazy\" decoding=\"async\" class=\"alignnone wp-image-368317 size-full\" src=\"https:\/\/www.radiopiu.net\/wordpress\/wp-content\/uploads\/2024\/01\/414468836_3806678132949912_5745327499938075114_n.jpg\" alt=\"\" width=\"843\" height=\"537\" srcset=\"https:\/\/www.radiopiu.net\/wordpress\/wp-content\/uploads\/2024\/01\/414468836_3806678132949912_5745327499938075114_n.jpg 843w, https:\/\/www.radiopiu.net\/wordpress\/wp-content\/uploads\/2024\/01\/414468836_3806678132949912_5745327499938075114_n-300x191.jpg 300w, https:\/\/www.radiopiu.net\/wordpress\/wp-content\/uploads\/2024\/01\/414468836_3806678132949912_5745327499938075114_n-768x489.jpg 768w\" sizes=\"auto, (max-width: 843px) 100vw, 843px\" \/><\/a><\/p>\n<p>&nbsp;<\/p>\n<p>&nbsp;<\/p>\n<blockquote>\n<h3>I PAVAROI DI TAIBON<\/h3>\n<\/blockquote>\n<p><strong>TAIBON<\/strong> Scandole Storte, Gruppo Sportivo, Pro Loco e Amighi di Listolade organizzano i Pavaroi 2024, la tradizionale accensione dei fuochi sulle cime della conca agordina. Ritrovo in Piazza del Municipio di Taibon oggi a partire dalle 17:30 per ammirare i fuochi con un caldo vin brul\u00e8 o un the. Aspettando anche l&#8217;arrivo della befana.<\/p>\n<p>&nbsp;<\/p>\n<blockquote>\n<h3>LA BEFANA A SAN TOMASO<\/h3>\n<\/blockquote>\n<p><strong>SAN TOMASO<\/strong> Il Gruppo Folk dei Bati Orz organizza per stasera l&#8217;arrivo della befana a Celat di San Tomaso. Alle 18 panettone e vin blul\u00e8, a seguire l&#8217;esibizione del gruppo folk e alle 19 l&#8217;arrivo della befana con dolci e regali per i pi\u00f9 piccoli.<\/p>\n<p>&nbsp;<\/p>\n<blockquote>\n<h3>I PAVARUI A CENCENIGHE<\/h3>\n<\/blockquote>\n<p><strong>CENCENIGHE<\/strong> Torna il tradizionale appuntamento con i Pavarui, i fuochi sulle cime. Oggi dalle 19:30 al Nof Fil\u00f2 di Cencenighe gnocchi con la ricotta affumicata. All&#8217;imbrunire si accenderannoi fuochi sulle cime. Ingresso libero, per la cena \u00e8 consigliata la prenotazione allo 0437 591549<\/p>\n<p>&nbsp;<\/p>\n<blockquote>\n<h3>DOMINATOR NIGHT AI PIANI DI PEZZE&#8217;<\/h3>\n<\/blockquote>\n<p><strong><a class=\"dt-pswp-item\" href=\"https:\/\/www.radiopiu.net\/wordpress\/wp-content\/uploads\/2023\/12\/SCR-20231228-jsjq.png\" data-dt-img-description=\"\" data-large_image_width=\"1066\" data-large_image_height=\"440\"><img loading=\"lazy\" decoding=\"async\" class=\" wp-image-367821 alignleft\" src=\"https:\/\/www.radiopiu.net\/wordpress\/wp-content\/uploads\/2023\/12\/SCR-20231228-jsjq-300x124.png\" alt=\"\" width=\"150\" height=\"62\" srcset=\"https:\/\/www.radiopiu.net\/wordpress\/wp-content\/uploads\/2023\/12\/SCR-20231228-jsjq-300x124.png 300w, https:\/\/www.radiopiu.net\/wordpress\/wp-content\/uploads\/2023\/12\/SCR-20231228-jsjq-1024x423.png 1024w, https:\/\/www.radiopiu.net\/wordpress\/wp-content\/uploads\/2023\/12\/SCR-20231228-jsjq-768x317.png 768w, https:\/\/www.radiopiu.net\/wordpress\/wp-content\/uploads\/2023\/12\/SCR-20231228-jsjq.png 1066w\" sizes=\"auto, (max-width: 150px) 100vw, 150px\" \/><\/a>ALLEGHE<\/strong> Oggi ai Piani di Pezz\u00e8 andra in scena la &#8220;Dominator Night&#8221;. 14 piloti tra i migliori d&#8217;Europa si sfideranno senza esclusioni di colpi su un tracciato di puro snowcross. Uno spettacolo unico che inizier\u00e0 alle 21:30, a seguire le premiazioni e dj set fino all&#8217;1. Cabinovia aperta a pagamento dalle 20:30 all&#8217;1:30.<\/p>\n<p><strong>DI MIRKO MEZZACASA<\/strong><\/p>\n<p>OSPITI: Cristian Moretti, Andrea Dal Farra, Elisa Tosi, Max Tosi<\/p>\n<audio class=\"wp-audio-shortcode\" id=\"audio-368628-8\" preload=\"none\" style=\"width: 100%;\" controls=\"controls\"><source type=\"audio\/mpeg\" src=\"https:\/\/www.radiopiu.net\/wordpress\/wp-content\/uploads\/2023\/12\/MAX-TOSI-2023.mp3?_=8\" \/><a href=\"https:\/\/www.radiopiu.net\/wordpress\/wp-content\/uploads\/2023\/12\/MAX-TOSI-2023.mp3\">https:\/\/www.radiopiu.net\/wordpress\/wp-content\/uploads\/2023\/12\/MAX-TOSI-2023.mp3<\/a><\/audio>\n<p><strong>\u00a0<\/strong><\/p>\n<blockquote>\n<h3>UNA SERATA CON MANRICO DELL&#8217;AGNOLA<\/h3>\n<\/blockquote>\n<p><strong>BELLUNO<\/strong> Oggi alle 20:45 al Centro Congressi Le Torri in Nevegal una serata con Manrico Dell&#8217;Agnola. Dalle Dolomiti all&#8217;Antartide, la proiezione di due docufilm<\/p>\n<p>&nbsp;<\/p>\n<h2><span style=\"color: #ff0000;\">PROSSIMAMENTE<\/span><\/h2>\n<blockquote>\n<h3>LA SAGRA DI SAN MARCELLO A UMIN<\/h3>\n<\/blockquote>\n<p><strong>FELTRE<\/strong> La tradizionale Sagra di San Marcello a Umin, in programma dal 12 al 16 gennaio, celebra il patrono del paese con iniziative religiose, culturali e gastronomiche. Il piatto principale sar\u00e0 la trippa, preparata sia in sugo alla parmigiana sia in brodo, insieme ad altri piatti tipici della cucina bellunese. Il programma include visite guidate al sito di San Marcello, laboratori, una &#8220;San Marcello Run&#8221; di 7 km, messe e benedizioni. La sagra si svolger\u00e0 ad Umin, frazione di Feltre, con la cucina aperta tutti i giorni dalle 12 alle 23 e possibilit\u00e0 di asporto. Il ricavato sar\u00e0 devoluto al mantenimento della chiesa e a iniziative socio-culturali. Per ulteriori informazioni, \u00e8 possibile visitare il sito <a href=\"http:\/\/www.anavillabruna.it\/\" target=\"_new\" rel=\"noopener\">www.anavillabruna.it<\/a>.<\/p>\n<p>&nbsp;<\/p>\n<blockquote>\n<h3>LA NOSTRA CORDATA, MONTAGNE IN CAMBIAMENTO<\/h3>\n<\/blockquote>\n<p><strong>BELLUNO<\/strong> Venerdi 12 gennaio in sala conferenze della Camera di Commercio di Belluno-Treviso, piazza Santo Stefano tavola rotonda : Prof. Pasquale Nuzzolese: Istruzione; Jacopo Massaro: Pubblica amministrazione; Ingegner\u00a0Mara Nemela: Ambiente e Cultura<\/p>\n<p>&nbsp;<\/p>\n<hr \/>\n<p>&nbsp;<\/p>\n<p><a class=\"dt-pswp-item\" href=\"https:\/\/www.radiopiu.net\/wordpress\/wp-content\/uploads\/2018\/09\/viabilita.jpeg\" data-dt-img-description=\"\" data-large_image_width=\"800\" data-large_image_height=\"100\"><img loading=\"lazy\" decoding=\"async\" class=\"aligncenter wp-image-61954 size-full\" src=\"https:\/\/www.radiopiu.net\/wordpress\/wp-content\/uploads\/2018\/09\/viabilita.jpeg\" alt=\"\" width=\"800\" height=\"100\" srcset=\"https:\/\/www.radiopiu.net\/wordpress\/wp-content\/uploads\/2018\/09\/viabilita.jpeg 800w, https:\/\/www.radiopiu.net\/wordpress\/wp-content\/uploads\/2018\/09\/viabilita-300x38.jpeg 300w, https:\/\/www.radiopiu.net\/wordpress\/wp-content\/uploads\/2018\/09\/viabilita-768x96.jpeg 768w\" sizes=\"auto, (max-width: 800px) 100vw, 800px\" \/><\/a><\/p>\n<p>&nbsp;<\/p>\n<p><a class=\"dt-pswp-item\" href=\"https:\/\/www.radiopiu.net\/wordpress\/wp-content\/uploads\/2023\/12\/botol-car-service.jpg\" data-dt-img-description=\"\" data-large_image_width=\"600\" data-large_image_height=\"600\"><img loading=\"lazy\" decoding=\"async\" class=\"size-medium wp-image-367044 aligncenter\" src=\"https:\/\/www.radiopiu.net\/wordpress\/wp-content\/uploads\/2023\/12\/botol-car-service-300x300.jpg\" alt=\"\" width=\"300\" height=\"300\" srcset=\"https:\/\/www.radiopiu.net\/wordpress\/wp-content\/uploads\/2023\/12\/botol-car-service-300x300.jpg 300w, https:\/\/www.radiopiu.net\/wordpress\/wp-content\/uploads\/2023\/12\/botol-car-service-150x150.jpg 150w, https:\/\/www.radiopiu.net\/wordpress\/wp-content\/uploads\/2023\/12\/botol-car-service.jpg 600w\" sizes=\"auto, (max-width: 300px) 100vw, 300px\" \/><\/a><\/p>\n<p>&nbsp;<\/p>\n<p>&nbsp;<\/p>\n<blockquote class=\"wp-embedded-content\" data-secret=\"NAOiFPGmNW\"><p><a href=\"https:\/\/www.radiopiu.net\/wordpress\/viabilita\/\">viabilita<\/a><\/p><\/blockquote>\n<p><iframe loading=\"lazy\" class=\"wp-embedded-content\" sandbox=\"allow-scripts\" security=\"restricted\" style=\"position: absolute; clip: rect(1px, 1px, 1px, 1px);\" title=\"&#8220;viabilita&#8221; &#8212; Radio Pi\u00f9\" src=\"https:\/\/www.radiopiu.net\/wordpress\/viabilita\/embed\/#?secret=9ENApEV5gK#?secret=NAOiFPGmNW\" data-secret=\"NAOiFPGmNW\" width=\"600\" height=\"338\" frameborder=\"0\" marginwidth=\"0\" marginheight=\"0\" scrolling=\"no\"><\/iframe><\/p>\n<p>&nbsp;<\/p>\n<hr \/>\n<p>&nbsp;<\/p>\n<p><a class=\"dt-pswp-item\" href=\"https:\/\/www.radiopiu.net\/wordpress\/wp-content\/uploads\/2018\/09\/WhatsApp-Image-2018-09-20-at-16.04.06.jpeg\" data-dt-img-description=\"\" data-large_image_width=\"800\" data-large_image_height=\"100\"><img loading=\"lazy\" decoding=\"async\" class=\"wp-image-61378 size-full aligncenter\" src=\"https:\/\/www.radiopiu.net\/wordpress\/wp-content\/uploads\/2018\/09\/WhatsApp-Image-2018-09-20-at-16.04.06.jpeg\" alt=\"\" width=\"800\" height=\"100\" srcset=\"https:\/\/www.radiopiu.net\/wordpress\/wp-content\/uploads\/2018\/09\/WhatsApp-Image-2018-09-20-at-16.04.06.jpeg 800w, https:\/\/www.radiopiu.net\/wordpress\/wp-content\/uploads\/2018\/09\/WhatsApp-Image-2018-09-20-at-16.04.06-300x38.jpeg 300w, https:\/\/www.radiopiu.net\/wordpress\/wp-content\/uploads\/2018\/09\/WhatsApp-Image-2018-09-20-at-16.04.06-768x96.jpeg 768w\" sizes=\"auto, (max-width: 800px) 100vw, 800px\" \/><\/a><\/p>\n<p><center><\/center><b>\u00a0\u00a0<\/b><\/p>\n<p><center><b>OGGI<\/b><\/center>Peggioramento del tempo a partire dalle Prealpi occidentali, con primi deboli fenomeni gi\u00e0 al mattino sulle Prealpi, in successiva estensione alle Dolomiti entro il pomeriggio. A fine giornata intensificazione del maltempo, dapprima sulle Prealpi, poi su tutti i monti.<br \/>\n<b>Precipitazioni: <\/b>Crescente probabilit\u00e0 nel corso del mattino e soprattutto al pomeriggio fino a molto alta ovunque per precipitazioni di moderata intensit\u00e0 alla sera sulle Prealpi e ancora deboli sulle Dolomiti. Il limite delle nevicate sar\u00e0 inizialmente sui 700-900 m sulle Dolomiti e 900-1000 m sulle Prealpi, prima di rialzarsi per scirocco a 1000-1100 m sulle prime e 1100-1300 m sulle seconde.<br \/>\n<b>Temperature: <\/b>Minime in generale aumento; massime in rialzo oltre i 2200-2400 m e in calo sotto.<\/p>\n<hr \/>\n<p><center><b>DOMANI<\/b><\/center>Spiccato maltempo con cielo coperto tutto il giorno e abbondanti piogge nonch\u00e9 significative nevicate oltre i 1200-1500 m. Debole escursione termica giornaliera con temporanea avvezione sciroccale, maggiormente avvertita sui settori prealpini.<br \/>\n<b>Precipitazioni: <\/b>Probabilit\u00e0 alta di diffuse precipitazioni di moderata intensit\u00e0, localmente forti su Prealpi e Dolomiti meridionali. Il limite della neve risalir\u00e0 temporaneamente a 1100-1300 m sulle Dolomiti, seppur a tratti pi\u00f9 basso nelle valli pi\u00f9 chiuse nei momenti di maggiore intensit\u00e0, mentre lo scirocco riporter\u00e0 la pioggia fino a 1300-1500 m sulle Prealpi, prima che limite scenda di nuovo ovunque alla sera.<br \/>\n<b>Temperature: <\/b>Minime della notte in rialzo ovunque, mentre quelle assolute saranno in diminuzione ed osservate in tarda serata; massime pressoch\u00e9 stazionarie.<\/p>\n<hr \/>\n<p><center><b>DOMENICA<\/b><\/center>Residuo maltempo con cielo coperto e deboli precipitazioni, in graduale esaurimento nel corso del pomeriggio. Con il lieve calo termico, il limite neve si abbasser\u00e0 ovunque, a 700-900 m sulle Dolomiti e 800-1000 m sulle Prealpi.<\/p>\n<hr \/>\n<p><center><b>LUNEDI<\/b><\/center>Inizialmente molte nubi con sporadici fiocchi fino a 500-700 m, prima che la nuvolosit\u00e0 inizi ad attenuarsi lasciando spazio a rasserenamenti via via pi\u00f9 ampi al pomeriggio. L&#8217;ambiente sar\u00e0 prettamente invernale con ulteriore calo termico.<\/p>\n<p>&nbsp;<\/p>\n<p>&nbsp;<\/p>\n<hr \/>\n<p>&nbsp;<\/p>\n<p><img loading=\"lazy\" decoding=\"async\" class=\"wp-image-60761 size-full aligncenter\" src=\"https:\/\/www.radiopiu.net\/wordpress\/wp-content\/uploads\/2018\/09\/sport.jpg\" alt=\"\" width=\"800\" height=\"100\" srcset=\"https:\/\/www.radiopiu.net\/wordpress\/wp-content\/uploads\/2018\/09\/sport.jpg 800w, https:\/\/www.radiopiu.net\/wordpress\/wp-content\/uploads\/2018\/09\/sport-300x38.jpg 300w, https:\/\/www.radiopiu.net\/wordpress\/wp-content\/uploads\/2018\/09\/sport-768x96.jpg 768w\" sizes=\"auto, (max-width: 800px) 100vw, 800px\" \/><\/p>\n<p>&nbsp;<\/p>\n<p><span style=\"color: #0000ff;\"><strong>HOCKEY SU GHIACCIO<\/strong><\/span><\/p>\n<p>&nbsp;<\/p>\n<p>&nbsp;<\/p>\n<blockquote>\n<h3>L&#8217;ALLEGHE PERDE CON IL VARESE, BUONA LA PRIMA PER IL FELTRE<\/h3>\n<\/blockquote>\n<p><strong>di Marco Gaz<\/strong><\/p>\n<p><span style=\"color: #ff0000;\"><strong>PRIMA GIORNATA MASTER ROUND IHL<\/strong><\/span><\/p>\n<p><strong>VARESE \u2013 ALLEGHE 4-3<\/strong><\/p>\n<p>PARZIALI: 0-1, 3-2, 1-0<\/p>\n<p>GOL: Pt. 10\u201909\u201d A. Vinatzer. St. 7\u201908\u201d Borghi, 7\u201938\u201d Pietroniro, 8\u201904\u201d Moroder, 18\u201940\u201d Soppelsa, 19\u201902\u201d Piroso. Tt. 2\u201949\u201d Nasland<\/p>\n<p>Inizia con una sconfitta il Master Round dell\u2019Alleghe. Una bella prestazione della squadra allenata da Scapinello che fino alla fine del secondo tempo rimane in partita. Il gol della vittoria per il Varese arriva ad inizio terzo tempo ma gli agordini non hanno demeritato. Ora 48 ore di riposo prima di tornare in campo. Sabato sera le civette saranno al De Toni dove affronteranno il Caldaro. Dopo il minuto di raccoglimento in memoria di Paul Theriault le squadre danno il via ad una gara che nelle prime battute non decolla. Pochi I tiri in porta per le due compagini. Portiere che stanno a guardare e disco che viene conteso. A farsi pericolosi sono i mastini che impegnano Scola in pi\u00f9 occasioni. A sbloccare il punteggio per\u00f2 ci pensano le civette che al primo powerplay a favore riescono a condurre grazie ad una bella rete di Andreas Vinatzer. Gli agordini sembrano avere una marcia in pi\u00f9 e a fine primo tempo si avvicinano al raddoppio. Ma i campioni d\u2019Italia non ci stanno e provano a reagire. Nel secondo drittel il Varese si rende subito pericoloso ma Scola \u00e8 attento e sventa ogni minaccia. Piovono le penalit\u00e0 e non solo. Al Varese viene concesso un rigore per un\u2019irregolarit\u00e0 alleghese e Borghi pareggia i conti. Passano pochi secondi e i padroni di casa si portano in vantaggio con Pietroniro che trova il tapin vincente. Rispondono subito gli alleghesi che pareggiano i conti con Moroder con un tiro da distanza ravvicinata. Nel finale di tempo l\u2019Alleghe torna in vantaggio con una bella conclusione di Soppelsa. Ancora una volta passano pochi secondi e i mastini pareggiano di nuovo con un tiro dalla distanza di Piroso. Lombardi che si riportano in vantaggio ad inizio terzo. Tiro dalla linea blu di Naslund che Scola non riesce ad intercettare. Mastini che ci prendono gusto e prendono di mira la porta avversaria. Rispondono le civette in powerplay ma le conclusioni non vogliono entrare. Anzi, ad avvicinarsi al gol sono i campioni d\u2019Italia ma Scola dice di no. Mastini che sembrano avere in mano la partita, agordini che ci provano ma il golie varesotto fa la differenza. Sulla sirena Zherdev ci prova ma Marinelli fa il miracolo.<\/p>\n\n\t\t\t<style type='text\/css'>\n\t\t\t\t#gallery-5 {\n\t\t\t\t\tmargin: auto;\n\t\t\t\t}\n\t\t\t\t#gallery-5 .gallery-item {\n\t\t\t\t\tfloat: left;\n\t\t\t\t\tmargin-top: 10px;\n\t\t\t\t\ttext-align: center;\n\t\t\t\t\twidth: 50%;\n\t\t\t\t}\n\t\t\t\t#gallery-5 img {\n\t\t\t\t\tborder: 2px solid #cfcfcf;\n\t\t\t\t}\n\t\t\t\t#gallery-5 .gallery-caption {\n\t\t\t\t\tmargin-left: 0;\n\t\t\t\t}\n\t\t\t\t\/* see gallery_shortcode() in wp-includes\/media.php *\/\n\t\t\t<\/style>\n\t\t<div id='gallery-5' class='dt-gallery-container gallery galleryid-368628 gallery-columns-2 gallery-size-medium'><dl class='gallery-item'>\n\t\t\t\t<dt class='gallery-icon landscape'>\n\t\t\t\t\t<a class=\"rollover rollover-zoom dt-pswp-item\" title=\"ddd52fd2-6198-4810-9faa-ba56af75f78e\" data-dt-img-description=\"\" data-large_image_width=\"1024\" data-large_image_height=\"768\"href='https:\/\/www.radiopiu.net\/wordpress\/wp-content\/uploads\/2024\/01\/ddd52fd2-6198-4810-9faa-ba56af75f78e.jpg'><img loading=\"lazy\" decoding=\"async\" width=\"300\" height=\"225\" src=\"https:\/\/www.radiopiu.net\/wordpress\/wp-content\/uploads\/2024\/01\/ddd52fd2-6198-4810-9faa-ba56af75f78e-300x225.jpg\" class=\"attachment-medium size-medium\" alt=\"\" aria-describedby=\"gallery-5-368708\" srcset=\"https:\/\/www.radiopiu.net\/wordpress\/wp-content\/uploads\/2024\/01\/ddd52fd2-6198-4810-9faa-ba56af75f78e-300x225.jpg 300w, https:\/\/www.radiopiu.net\/wordpress\/wp-content\/uploads\/2024\/01\/ddd52fd2-6198-4810-9faa-ba56af75f78e-768x576.jpg 768w, https:\/\/www.radiopiu.net\/wordpress\/wp-content\/uploads\/2024\/01\/ddd52fd2-6198-4810-9faa-ba56af75f78e.jpg 1024w\" sizes=\"auto, (max-width: 300px) 100vw, 300px\" \/><\/a>\n\t\t\t\t<\/dt>\n\t\t\t\t\t<dd class='wp-caption-text gallery-caption' id='gallery-5-368708'>\n\t\t\t\t\tMINUTO DI RACCOGLIMENTO\n\t\t\t\t\t<\/dd><\/dl><dl class='gallery-item'>\n\t\t\t\t<dt class='gallery-icon landscape'>\n\t\t\t\t\t<a class=\"rollover rollover-zoom dt-pswp-item\" title=\"e78530cb-e3a1-4e27-9ad0-e18d7bade158\" data-dt-img-description=\"\" data-large_image_width=\"1024\" data-large_image_height=\"768\"href='https:\/\/www.radiopiu.net\/wordpress\/wp-content\/uploads\/2024\/01\/e78530cb-e3a1-4e27-9ad0-e18d7bade158.jpg'><img loading=\"lazy\" decoding=\"async\" width=\"300\" height=\"225\" src=\"https:\/\/www.radiopiu.net\/wordpress\/wp-content\/uploads\/2024\/01\/e78530cb-e3a1-4e27-9ad0-e18d7bade158-300x225.jpg\" class=\"attachment-medium size-medium\" alt=\"\" srcset=\"https:\/\/www.radiopiu.net\/wordpress\/wp-content\/uploads\/2024\/01\/e78530cb-e3a1-4e27-9ad0-e18d7bade158-300x225.jpg 300w, https:\/\/www.radiopiu.net\/wordpress\/wp-content\/uploads\/2024\/01\/e78530cb-e3a1-4e27-9ad0-e18d7bade158-768x576.jpg 768w, https:\/\/www.radiopiu.net\/wordpress\/wp-content\/uploads\/2024\/01\/e78530cb-e3a1-4e27-9ad0-e18d7bade158.jpg 1024w\" sizes=\"auto, (max-width: 300px) 100vw, 300px\" \/><\/a>\n\t\t\t\t<\/dt><\/dl><br style=\"clear: both\" \/>\n\t\t\t<\/div>\n\n<p>&nbsp;<\/p>\n<p><span style=\"color: #ff0000;\"><strong>PRIMA GIORNATA QUALIFICATION ROUND IHL<\/strong><\/span><\/p>\n<p><strong>FELTRE \u2013 DOBBIACO 5-1<\/strong><\/p>\n<p>PARZIALI: 2-0, 1-1, 2-0<\/p>\n<p>GOL: Pt. 10\u201901\u201d M. Dall\u2019Agnol, 13\u201950\u201d Lysenko. St. 5\u201935\u201d Tauber, 8\u201952\u201d Blaha. Tt. 8\u201937\u201d Eruzione, 16\u201933\u201d M. Dall\u2019Agnol<\/p>\n<p>La seconda fase della IHL inizia nel migliore dei modi per il Feltre che al PalaFeltre atterra il Dobbiaco. Buona prestazione dei picchi che passano in vantaggio nel primo tempo e riescono a mantenere il risultato a favore fino alla fine della partita. Prima parte di gara equilibrata con le due squadre che lottano su ogni disco. A sbloccare la partita sono i picchi che al giro di boa del primo tempo trovano la rete con Matteo Dall\u2019Agnol. Il raddoppio poco dopo con Lysenko. Nella seconda frazione il Dobbiaco accorcia le distanze con Tauber. Feltrini che non demordono e trovano la terza rete con Blaha. Feltre che cala il poker nel terzo periodo di gioco con Eruzione. Nel finale arriva la doppietta per Matteo Dall\u2019Agnol<\/p>\n<p>&nbsp;<\/p>\n<blockquote>\n<h3>LE GIOVANILI DELL&#8217;ALLEGHE HOCKEY INAUGURANO IL 2024 CON TRE VITTORIE<\/h3>\n<\/blockquote>\n<p><strong><a class=\"dt-pswp-item\" href=\"https:\/\/www.radiopiu.net\/wordpress\/wp-content\/uploads\/2023\/01\/hockey.jpg\" data-dt-img-description=\"\" data-large_image_width=\"1920\" data-large_image_height=\"1280\"><img loading=\"lazy\" decoding=\"async\" class=\" wp-image-315616 alignleft\" src=\"https:\/\/www.radiopiu.net\/wordpress\/wp-content\/uploads\/2023\/01\/hockey-300x200.jpg\" alt=\"\" width=\"167\" height=\"111\" srcset=\"https:\/\/www.radiopiu.net\/wordpress\/wp-content\/uploads\/2023\/01\/hockey-300x200.jpg 300w, https:\/\/www.radiopiu.net\/wordpress\/wp-content\/uploads\/2023\/01\/hockey-1024x683.jpg 1024w, https:\/\/www.radiopiu.net\/wordpress\/wp-content\/uploads\/2023\/01\/hockey-768x512.jpg 768w, https:\/\/www.radiopiu.net\/wordpress\/wp-content\/uploads\/2023\/01\/hockey-1536x1024.jpg 1536w, https:\/\/www.radiopiu.net\/wordpress\/wp-content\/uploads\/2023\/01\/hockey.jpg 1920w\" sizes=\"auto, (max-width: 167px) 100vw, 167px\" \/><\/a>di Marco Gaz<\/strong><\/p>\n<p><span style=\"color: #ff0000;\"><strong>UNDER 19<\/strong><\/span><\/p>\n<p><strong>PINEROLO \u2013 CORTINA\/ALLEGHE 1-4<\/strong><\/p>\n<p>GOL CORTINA\/ALLEGHE: Sudiro, Fontanive, Talamini, Rimoldi<\/p>\n<p>Il Cortina\/Alleghe inaugura il nuovo anno con una vittoria in trasferta. A Pinerolo la squadra mista bellunese incamera tre punti rifilando quattro reti ai padroni di casa e subendone solo una. Sudiro apre le marcature, nel secondo drittel Fontanive, Talamini e Rimoldi chiudono la sfida. La rete della bandiera per i piemontesi arriva nel terzo tempo.<\/p>\n<p><span style=\"color: #ff0000;\"><strong>UNDER 16<\/strong><\/span><\/p>\n<p><strong>CORTINA\/ALLEGHE \u2013 PERGINE 17-6<\/strong><\/p>\n<p>GOL CORTINA\/ALLEGHE: 4 Talamini, 4 Venturi, 2 Levis, 2 Fontanive, 2 Viel, Ganz, Alver\u00e0, Zanol<\/p>\n<p>Sagra del gol all\u2019olimpico di Cortina. Gli under 16 del Cortina\/Alleghe fanno un sol boccone del Pergine rifilando ben 17 reti ai trentini. Una partita mai stata in discussione con i bellunesi che hanno saputo gestire al meglio la partita dall\u2019inizio alla fine.<\/p>\n<p><span style=\"color: #ff0000;\"><strong>UNDER 14<\/strong><\/span><\/p>\n<p><strong>APPIANO \u2013 ALLEGHE\/CORTINA 1-3<\/strong><\/p>\n<p>Anche nel 2024 la squadra under 14 dell\u2019Alleghe\/Cortina continua la sua marcia inarrestabile di vittorie. Nella trasferta in terra altoatesina le giovani civette incamerano tre punti importanti. Una vittoria che conferma la prima posizione in classifica nella seconda fase di campionato.<\/p>\n<p>&nbsp;<\/p>\n<p><span style=\"color: #0000ff;\"><strong>PALLAVOLO<\/strong><\/span><\/p>\n<blockquote>\n<h3>L&#8217;UNDER 15 DEL BELLUNO VOLLEY SI AGGIUDICA IL TORNEO DELLA BEFANA<\/h3>\n<\/blockquote>\n<p><a class=\"dt-pswp-item\" href=\"https:\/\/www.radiopiu.net\/wordpress\/wp-content\/uploads\/2024\/01\/Under_15_schierata.jpg\" data-dt-img-description=\"\" data-large_image_width=\"1024\" data-large_image_height=\"663\"><img loading=\"lazy\" decoding=\"async\" class=\" wp-image-368663 alignleft\" src=\"https:\/\/www.radiopiu.net\/wordpress\/wp-content\/uploads\/2024\/01\/Under_15_schierata-300x194.jpg\" alt=\"\" width=\"203\" height=\"131\" srcset=\"https:\/\/www.radiopiu.net\/wordpress\/wp-content\/uploads\/2024\/01\/Under_15_schierata-300x194.jpg 300w, https:\/\/www.radiopiu.net\/wordpress\/wp-content\/uploads\/2024\/01\/Under_15_schierata-768x497.jpg 768w, https:\/\/www.radiopiu.net\/wordpress\/wp-content\/uploads\/2024\/01\/Under_15_schierata.jpg 1024w\" sizes=\"auto, (max-width: 203px) 100vw, 203px\" \/><\/a>L&#8217;Under 15 del Belluno Volley ha vinto il &#8220;Torneo della Befana&#8221;, un evento giovanile organizzato in collaborazione con diverse societ\u00e0. La squadra ha superato la fase iniziale con tre vittorie (2-0) e ha conquistato la finalissima contro il Bessica, vincendo 2-1. Un successo significativo, considerando che nel campionato interterritoriale avevano subito due sconfitte al tie-break contro Oderzo e Bessica. Pietro Dalla Corte \u00e8 stato premiato come miglior giocatore del torneo, ricoprendo il ruolo di schiacciatore in Under 15 e primo libero in Under 17.<\/p>\n<p>&nbsp;<\/p>\n<p>&nbsp;<\/p>\n<p><span style=\"color: #0000ff;\"><strong>SCI ALPINISMO<\/strong><\/span><\/p>\n<blockquote>\n<h3>A GENNAIO LA PRIMA SKIALP CAVERSON \u2013 PASSO VALLES<\/h3>\n<\/blockquote>\n<p><strong class=\"photoswipe-wrapper\"><a class=\"dt-pswp-item pspw-wrap-ready\" href=\"https:\/\/www.radiopiu.net\/wordpress\/wp-content\/uploads\/2023\/12\/SCR-20231228-jqob.png\" data-dt-img-description=\"\" data-large_image_width=\"1400\" data-large_image_height=\"842\"><img loading=\"lazy\" decoding=\"async\" class=\" wp-image-367819 alignleft\" src=\"https:\/\/www.radiopiu.net\/wordpress\/wp-content\/uploads\/2023\/12\/SCR-20231228-jqob-300x180.png\" sizes=\"auto, (max-width: 167px) 100vw, 167px\" srcset=\"https:\/\/www.radiopiu.net\/wordpress\/wp-content\/uploads\/2023\/12\/SCR-20231228-jqob-300x180.png 300w, https:\/\/www.radiopiu.net\/wordpress\/wp-content\/uploads\/2023\/12\/SCR-20231228-jqob-1024x616.png 1024w, https:\/\/www.radiopiu.net\/wordpress\/wp-content\/uploads\/2023\/12\/SCR-20231228-jqob-768x462.png 768w, https:\/\/www.radiopiu.net\/wordpress\/wp-content\/uploads\/2023\/12\/SCR-20231228-jqob.png 1400w\" alt=\"\" width=\"167\" height=\"100\" \/><\/a>FALCADE<\/strong>\u00a0L\u2019ASD Giro delle Mura Citta\u0300 di Feltre, il Le Mura TIMEvents con la colla- borazione del Gruppo Sportivo Vigili del Fuoco di Belluno organizzano, per giovedi\u0300 11 gennaio 2024, la prima edizione della SkiAlp Caverson Passo Valles, gara di sci alpinismo solo in salita, aperta a tutti. Partenza presso l\u2019Albergo Dolomiti, localita\u0300 Caverson, Falcade, quota 1.535 m, salita lungo la \u201cPista degli Innamorati\u201d per circa 4.400 mt. e arrivo a Passo Valles, quota 2.032 m. Iscrizioni online sul sito www.retevvf.it\/skialp\/<\/p>\n<p>&nbsp;<\/p>\n","protected":false},"excerpt":{"rendered":"<p>*** 40esimo di RADIOPIU\u2026. LA VOCE DELL\u2019EMOZIONE ISCRIVITI AL NOSTRO CANALE\u00a0\u00a0YOUTUBE PER SEGUIRE IN DIRETTA I PRINCIPALI PROGRAMMI DI RADIO PIU\u2019 E LE FUTURE DIRETTE IN ESTERNA. PER ISCRIVERTI CLICCA QUI\u00a0E PREMI\u00a0 \u201cIscriviti\u201d\u00a0\u00a0 &nbsp; &nbsp; &nbsp; i podcast informativi del mattino &#8211; audio &#8211;\u00a0 LA RASSEGNA STAMPA NAZIONALE ALLA RADIO, OGNI GIORNO ALLE 5 E&hellip;<\/p>\n","protected":false},"author":4,"featured_media":368718,"comment_status":"closed","ping_status":"closed","sticky":false,"template":"","format":"standard","meta":{"_monsterinsights_skip_tracking":false,"_monsterinsights_sitenote_active":false,"_monsterinsights_sitenote_note":"","_monsterinsights_sitenote_category":0,"footnotes":""},"categories":[51,86,49],"tags":[],"class_list":["post-368628","post","type-post","status-publish","format-standard","has-post-thumbnail","hentry","category-evidenza-top","category-gr","category-news-18","category-51","category-86","category-49","description-off"],"img_url":"https:\/\/www.radiopiu.net\/wordpress\/wp-content\/uploads\/2024\/01\/Senza-nome-13.png","_links":{"self":[{"href":"https:\/\/www.radiopiu.net\/wordpress\/wp-json\/wp\/v2\/posts\/368628","targetHints":{"allow":["GET"]}}],"collection":[{"href":"https:\/\/www.radiopiu.net\/wordpress\/wp-json\/wp\/v2\/posts"}],"about":[{"href":"https:\/\/www.radiopiu.net\/wordpress\/wp-json\/wp\/v2\/types\/post"}],"author":[{"embeddable":true,"href":"https:\/\/www.radiopiu.net\/wordpress\/wp-json\/wp\/v2\/users\/4"}],"replies":[{"embeddable":true,"href":"https:\/\/www.radiopiu.net\/wordpress\/wp-json\/wp\/v2\/comments?post=368628"}],"version-history":[{"count":0,"href":"https:\/\/www.radiopiu.net\/wordpress\/wp-json\/wp\/v2\/posts\/368628\/revisions"}],"wp:featuredmedia":[{"embeddable":true,"href":"https:\/\/www.radiopiu.net\/wordpress\/wp-json\/wp\/v2\/media\/368718"}],"wp:attachment":[{"href":"https:\/\/www.radiopiu.net\/wordpress\/wp-json\/wp\/v2\/media?parent=368628"}],"wp:term":[{"taxonomy":"category","embeddable":true,"href":"https:\/\/www.radiopiu.net\/wordpress\/wp-json\/wp\/v2\/categories?post=368628"},{"taxonomy":"post_tag","embeddable":true,"href":"https:\/\/www.radiopiu.net\/wordpress\/wp-json\/wp\/v2\/tags?post=368628"}],"curies":[{"name":"wp","href":"https:\/\/api.w.org\/{rel}","templated":true}]}}