{"id":368651,"date":"2024-01-05T05:15:14","date_gmt":"2024-01-05T04:15:14","guid":{"rendered":"https:\/\/www.radiopiu.net\/wordpress\/?p=368651"},"modified":"2024-01-05T05:23:40","modified_gmt":"2024-01-05T04:23:40","slug":"sabato-a-canale-dagordo-i-funerali-di-rachele-costaaa","status":"publish","type":"post","link":"https:\/\/www.radiopiu.net\/wordpress\/sabato-a-canale-dagordo-i-funerali-di-rachele-costaaa\/","title":{"rendered":"DOMANI A CANALE D&#8217;AGORDO I FUNERALI DI RACHELE COSTA"},"content":{"rendered":"<p>******<\/p>\n<p>&nbsp;<\/p>\n<p><strong>REDAZIONE<\/strong> Verranno celebrati DOMANI\u00a0 alle 14:30 nella Chiesa Arcipretale di Canale D&#8217;Agordo i funerali di Rachele Costa. Lo annunciano con dolore Eddi con Alex, la figlia Samatha, il genero Amos, i nipoti, la mamma Alba, i fratelli Dino con Valentina e Vigilio con Franca e parenti tutti. Domani alle 17\u00a0 e sabato alle 14 il Santo Rosario. Si ringrazia quanti si uniranno nel ricordo e nella preghiera.<\/p>\n\n\t\t\t<style type='text\/css'>\n\t\t\t\t#gallery-1 {\n\t\t\t\t\tmargin: auto;\n\t\t\t\t}\n\t\t\t\t#gallery-1 .gallery-item {\n\t\t\t\t\tfloat: left;\n\t\t\t\t\tmargin-top: 10px;\n\t\t\t\t\ttext-align: center;\n\t\t\t\t\twidth: 100%;\n\t\t\t\t}\n\t\t\t\t#gallery-1 img {\n\t\t\t\t\tborder: 2px solid #cfcfcf;\n\t\t\t\t}\n\t\t\t\t#gallery-1 .gallery-caption {\n\t\t\t\t\tmargin-left: 0;\n\t\t\t\t}\n\t\t\t\t\/* see gallery_shortcode() in wp-includes\/media.php *\/\n\t\t\t<\/style>\n\t\t<div id='gallery-1' class='dt-gallery-container gallery galleryid-368651 gallery-columns-1 gallery-size-medium'><dl class='gallery-item'>\n\t\t\t\t<dt class='gallery-icon portrait'>\n\t\t\t\t\t<a class=\"rollover rollover-zoom dt-pswp-item\" title=\"EPIGRAFI\" data-dt-img-description=\"\" data-large_image_width=\"1807\" data-large_image_height=\"2560\"href='https:\/\/www.radiopiu.net\/wordpress\/wp-content\/uploads\/2024\/01\/Costa-Rachele-epi-sito-scaled.jpg'><img loading=\"lazy\" decoding=\"async\" width=\"212\" height=\"300\" src=\"https:\/\/www.radiopiu.net\/wordpress\/wp-content\/uploads\/2024\/01\/Costa-Rachele-epi-sito-212x300.jpg\" class=\"attachment-medium size-medium\" alt=\"\" srcset=\"https:\/\/www.radiopiu.net\/wordpress\/wp-content\/uploads\/2024\/01\/Costa-Rachele-epi-sito-212x300.jpg 212w, https:\/\/www.radiopiu.net\/wordpress\/wp-content\/uploads\/2024\/01\/Costa-Rachele-epi-sito-723x1024.jpg 723w, https:\/\/www.radiopiu.net\/wordpress\/wp-content\/uploads\/2024\/01\/Costa-Rachele-epi-sito-768x1088.jpg 768w, https:\/\/www.radiopiu.net\/wordpress\/wp-content\/uploads\/2024\/01\/Costa-Rachele-epi-sito-1084x1536.jpg 1084w, https:\/\/www.radiopiu.net\/wordpress\/wp-content\/uploads\/2024\/01\/Costa-Rachele-epi-sito-1446x2048.jpg 1446w, https:\/\/www.radiopiu.net\/wordpress\/wp-content\/uploads\/2024\/01\/Costa-Rachele-epi-sito-scaled.jpg 1807w\" sizes=\"auto, (max-width: 212px) 100vw, 212px\" \/><\/a>\n\t\t\t\t<\/dt><\/dl><br style=\"clear: both\" \/>\n\t\t\t<\/div>\n\n<p>&nbsp;<\/p>\n<p><img decoding=\"async\" class=\"alignleft\" src=\"https:\/\/www.radiopiu.net\/wordpress\/wp-content\/uploads\/2024\/01\/Senza-nome-9.png\" \/><strong>CANALE D&#8217;AGORDO<\/strong> Quando stamane abbiamo scorto la nota del Suem che raccontava dell&#8217;intervento di Eli Treviso in localit\u00e0 Le Buse sopra Falcade speravamo in un incidente di poco conto, di primo mattino, erano le 6.19. Quando approfondendo la nota abbiamo poi visto quella morte, per arresto cardiaco,\u00a0 di una donna di 65 anni il pensiero \u00e8 andato subito a Rachele, simbolo della localit\u00e0 Le Buse, il nome noto in tutta la Valle del Biois. Si era alzata come ogni giorno per iniziare un&#8217;altra giornata impegnativa nel suo Chalet Le Buse,\u00a0 mentre preparava le colazioni l&#8217;improvviso malore che non le ha lasciato scampo.<\/p>\n<p>Abbiamo perso una colonna del turismo per tutta la vallata, abbiamo perso una donna che alla sua famiglia, a Canale d&#8217;Agordo, alla Valle del Biois, ha dato tutto. Rachele della famiglia Costa dei &#8220;Bolp&#8221;, cresciuta accanto al pap\u00e0 e a mamma Alba in Birreria, al lavoro fin da giovane perch\u00e9 da sempre questo \u00e8 stato lo stile della famiglia Costa.\u00a0 Quindi il Garni&#8217; con la figlia Samantha, il clone di Rachele, attaccata al lavoro e alla famiglia con i suoi 6 figli. E poi il Self Service Le Buse portato avanti con fatica e successo assieme al compagno Eddy.<\/p>\n<p>Tramortiti inviamo il nostro abbraccio ai fratelli Dino, Vigilio, alla figlia Samantha, alla mamma Alba, ad Eddy ai tanti nipoti.<\/p>\n<p>MM<\/p>\n<div class=\"col-xs-1\">\n<div id=\"share_bar_wrapper\" class=\"top\">\n<div id=\"share_bar\">\n<p>&nbsp;<\/p>\n<blockquote><p><em>Questa notizia non avrei mai voluto leggerla ne viverla. Siamo rimasti senza il nostro \u201ccapo\u201d il nostro riferimento .Solo ieri sera dopo una giornata di grande lavoro ci ha ringraziato tutti<br \/>\nFabio Luchetta.<\/em><\/p><\/blockquote>\n<\/div>\n<\/div>\n<\/div>\n<p>&nbsp;<\/p>\n<p>*******<\/p>\n","protected":false},"excerpt":{"rendered":"<p>****** &nbsp; REDAZIONE Verranno celebrati DOMANI\u00a0 alle 14:30 nella Chiesa Arcipretale di Canale D&#8217;Agordo i funerali di Rachele Costa. Lo annunciano con dolore Eddi con Alex, la figlia Samatha, il genero Amos, i nipoti, la mamma Alba, i fratelli Dino con Valentina e Vigilio con Franca e parenti tutti. Domani alle 17\u00a0 e sabato alle&hellip;<\/p>\n","protected":false},"author":4,"featured_media":368653,"comment_status":"closed","ping_status":"closed","sticky":false,"template":"","format":"standard","meta":{"_monsterinsights_skip_tracking":false,"_monsterinsights_sitenote_active":false,"_monsterinsights_sitenote_note":"","_monsterinsights_sitenote_category":0,"footnotes":""},"categories":[51,49],"tags":[],"class_list":["post-368651","post","type-post","status-publish","format-standard","has-post-thumbnail","hentry","category-evidenza-top","category-news-18","category-51","category-49","description-off"],"img_url":"https:\/\/www.radiopiu.net\/wordpress\/wp-content\/uploads\/2024\/01\/SCR-20240104-khsg.png","_links":{"self":[{"href":"https:\/\/www.radiopiu.net\/wordpress\/wp-json\/wp\/v2\/posts\/368651","targetHints":{"allow":["GET"]}}],"collection":[{"href":"https:\/\/www.radiopiu.net\/wordpress\/wp-json\/wp\/v2\/posts"}],"about":[{"href":"https:\/\/www.radiopiu.net\/wordpress\/wp-json\/wp\/v2\/types\/post"}],"author":[{"embeddable":true,"href":"https:\/\/www.radiopiu.net\/wordpress\/wp-json\/wp\/v2\/users\/4"}],"replies":[{"embeddable":true,"href":"https:\/\/www.radiopiu.net\/wordpress\/wp-json\/wp\/v2\/comments?post=368651"}],"version-history":[{"count":0,"href":"https:\/\/www.radiopiu.net\/wordpress\/wp-json\/wp\/v2\/posts\/368651\/revisions"}],"wp:featuredmedia":[{"embeddable":true,"href":"https:\/\/www.radiopiu.net\/wordpress\/wp-json\/wp\/v2\/media\/368653"}],"wp:attachment":[{"href":"https:\/\/www.radiopiu.net\/wordpress\/wp-json\/wp\/v2\/media?parent=368651"}],"wp:term":[{"taxonomy":"category","embeddable":true,"href":"https:\/\/www.radiopiu.net\/wordpress\/wp-json\/wp\/v2\/categories?post=368651"},{"taxonomy":"post_tag","embeddable":true,"href":"https:\/\/www.radiopiu.net\/wordpress\/wp-json\/wp\/v2\/tags?post=368651"}],"curies":[{"name":"wp","href":"https:\/\/api.w.org\/{rel}","templated":true}]}}