{"id":368704,"date":"2024-01-05T05:13:44","date_gmt":"2024-01-05T04:13:44","guid":{"rendered":"https:\/\/www.radiopiu.net\/wordpress\/?p=368704"},"modified":"2024-01-05T05:24:54","modified_gmt":"2024-01-05T04:24:54","slug":"il-pomeriggio-del-suem-118-tra-malori-e-incidenti-stradali","status":"publish","type":"post","link":"https:\/\/www.radiopiu.net\/wordpress\/il-pomeriggio-del-suem-118-tra-malori-e-incidenti-stradali\/","title":{"rendered":"IL POMERIGGIO DEL SUEM 118, TRA MALORI E INCIDENTI STRADALI"},"content":{"rendered":"<p>*****<\/p>\n<p>&nbsp;<\/p>\n<p><strong><a class=\"dt-pswp-item\" href=\"https:\/\/www.radiopiu.net\/wordpress\/wp-content\/uploads\/2023\/08\/suem.png\" data-dt-img-description=\"\" data-large_image_width=\"273\" data-large_image_height=\"127\"><img loading=\"lazy\" decoding=\"async\" class=\" wp-image-348238 alignleft\" src=\"https:\/\/www.radiopiu.net\/wordpress\/wp-content\/uploads\/2023\/08\/suem.png\" alt=\"\" width=\"174\" height=\"81\" \/><\/a>REDAZIONE<\/strong> Pomeriggio intenso anche oggi per il Suem 118 che \u00e8 intervenuto pi\u00f9 volte. Alle 13:40, \u00e8 stato segnalato un caso di trauma pediatrico nel comprensorio Civetta. Una bambina di 2 anni \u00e8 rimasta coinvolta in un incidente. L&#8217;elicottero Falco \u00e8 stato chiamato per trasportare la piccola paziente all&#8217;ospedale di Belluno. Poco dopo le 14 ad Arabba si \u00e8 verificato un caso di trauma toracico che ha coinvolto un uomo di 44 anni proveniente dalla Croazia. Il paziente \u00e8 stato trasportato con urgenza all&#8217;ospedale di Belluno dall&#8217;elicottero Falco. Alle 16 ad Auronzo un uomo di 52 anni residente a Belluno ha avuto bisogno di assistenza immediata. Anche in questo caso l&#8217;elicottero del Suem \u00e8 intervenuto per il trasporto del paziente al San Martino. Infine, alle 16.23, un incidente si \u00e8 verificato a Peaio, con un&#8217;auto fuori strada coinvolta. Tre persone, due donne di 58 e 79 anni e un uomo di 88 anni, tutti provenienti da Belluno, sono rimaste ferite. Sul posto due ambulanze e Falco per portare i pazienti all&#8217;ospedale di Pieve di Cadore.<\/p>\n<p>&nbsp;<\/p>\n<p>&nbsp;<\/p>\n<p>********<\/p>\n","protected":false},"excerpt":{"rendered":"<p>***** &nbsp; REDAZIONE Pomeriggio intenso anche oggi per il Suem 118 che \u00e8 intervenuto pi\u00f9 volte. Alle 13:40, \u00e8 stato segnalato un caso di trauma pediatrico nel comprensorio Civetta. Una bambina di 2 anni \u00e8 rimasta coinvolta in un incidente. L&#8217;elicottero Falco \u00e8 stato chiamato per trasportare la piccola paziente all&#8217;ospedale di Belluno. Poco dopo&hellip;<\/p>\n","protected":false},"author":4,"featured_media":247613,"comment_status":"closed","ping_status":"closed","sticky":false,"template":"","format":"standard","meta":{"_monsterinsights_skip_tracking":false,"_monsterinsights_sitenote_active":false,"_monsterinsights_sitenote_note":"","_monsterinsights_sitenote_category":0,"footnotes":""},"categories":[51,49],"tags":[],"class_list":["post-368704","post","type-post","status-publish","format-standard","has-post-thumbnail","hentry","category-evidenza-top","category-news-18","category-51","category-49","description-off"],"img_url":"https:\/\/www.radiopiu.net\/wordpress\/wp-content\/uploads\/2021\/12\/salt-suem.jpg","_links":{"self":[{"href":"https:\/\/www.radiopiu.net\/wordpress\/wp-json\/wp\/v2\/posts\/368704","targetHints":{"allow":["GET"]}}],"collection":[{"href":"https:\/\/www.radiopiu.net\/wordpress\/wp-json\/wp\/v2\/posts"}],"about":[{"href":"https:\/\/www.radiopiu.net\/wordpress\/wp-json\/wp\/v2\/types\/post"}],"author":[{"embeddable":true,"href":"https:\/\/www.radiopiu.net\/wordpress\/wp-json\/wp\/v2\/users\/4"}],"replies":[{"embeddable":true,"href":"https:\/\/www.radiopiu.net\/wordpress\/wp-json\/wp\/v2\/comments?post=368704"}],"version-history":[{"count":0,"href":"https:\/\/www.radiopiu.net\/wordpress\/wp-json\/wp\/v2\/posts\/368704\/revisions"}],"wp:featuredmedia":[{"embeddable":true,"href":"https:\/\/www.radiopiu.net\/wordpress\/wp-json\/wp\/v2\/media\/247613"}],"wp:attachment":[{"href":"https:\/\/www.radiopiu.net\/wordpress\/wp-json\/wp\/v2\/media?parent=368704"}],"wp:term":[{"taxonomy":"category","embeddable":true,"href":"https:\/\/www.radiopiu.net\/wordpress\/wp-json\/wp\/v2\/categories?post=368704"},{"taxonomy":"post_tag","embeddable":true,"href":"https:\/\/www.radiopiu.net\/wordpress\/wp-json\/wp\/v2\/tags?post=368704"}],"curies":[{"name":"wp","href":"https:\/\/api.w.org\/{rel}","templated":true}]}}