{"id":368738,"date":"2024-01-05T07:55:41","date_gmt":"2024-01-05T06:55:41","guid":{"rendered":"https:\/\/www.radiopiu.net\/wordpress\/?p=368738"},"modified":"2024-01-05T08:01:47","modified_gmt":"2024-01-05T07:01:47","slug":"ogni-giorno-da-40-anni-la-rassegna-stampa-di-radiopiu-loriginale-di-mirko-mezzacasa","status":"publish","type":"post","link":"https:\/\/www.radiopiu.net\/wordpress\/ogni-giorno-da-40-anni-la-rassegna-stampa-di-radiopiu-loriginale-di-mirko-mezzacasa\/","title":{"rendered":"ogni giorno da 40 anni&#8230; la rassegna stampa di radiopiu, l&#8217;originale di mirko mezzacasa"},"content":{"rendered":"<p>&nbsp;<\/p>\n<p>https:\/\/www.youtube.com\/watch?v=wFfx36wQcqQ<\/p>\n<p>&nbsp;<\/p>\n<p><img loading=\"lazy\" decoding=\"async\" class=\"alignleft\" src=\"https:\/\/www.radiopiu.net\/wordpress\/wp-content\/uploads\/2024\/01\/Senza-nome-14.png\" width=\"275\" height=\"164\" \/><strong>PEDEROBBA<\/strong> Schianto mortale, Patrik Mentil aveva solo 22 anni. Frontale lungo la feltrina, 3 i feriti, 2 in gravi condizioni. L&#8217;incidente ieri sera alle 19.30 a Onigo.<br \/>\n<strong>CANALE D&#8217;AGORDO<\/strong> Una disgrazia terribile, un paese in ginocchio, una famiglia tramortita. Ci ha lasciato Rachele Costa, la &#8220;Rac&#8221; de le Buse. Domani l&#8217;ultimo saluto.<br \/>\n<strong>VODO DI CADORE<\/strong> Due incidenti ieri nella zona di Cortina: a Peaio, Vodo, un fuoristrada con tre anziani si \u00e8 capovolto; temuti inizialmente gravi ferimenti, ma alla fine solo contusioni. Il traffico \u00e8 stato bloccato per l\u2019intervento dell\u2019elisoccorso.<strong> A Zuel,<\/strong> altro cappottamento con un ferito lieve. Polizia e sanitari al lavoro. Entrambi gli incidenti hanno causato temporanei disagi al traffico.<br \/>\n<strong>POLIZIA LOCALE SUGLI INCIDENTI?<\/strong> Non se ne parla nemmeno dicono i sindaci. Sale la protesta mentre gli agenti di Polizia devono garantire la sicurezza ai vip di Cortina.<br \/>\n<strong>LAGAZUOI<\/strong> Cavalli imbizzariti, momenti di panico sul taxi slitta. I cavalli si sono lanciati in una corsa senza freni tra gli sciatori, qualcuno \u00e8 ruzzolato a terra. Gli animalisti promettono denunce.<br \/>\n<strong>PONTE NELLE ALPI<\/strong> L\u2019amministrazione comunale di Ponte nelle Alpi e l\u2019intera comunit\u00e0 sono in lutto per la scomparsa di Walter Fontana: aveva 65 anni e si \u00e8 spento ieri mattina in seguito a una malattia<br \/>\n<strong>ALLEGHE<\/strong> Stecche al cielo per Paul, l\u2019allenatore dell\u2019Alleghe Hockey, quello della Lega Alpina, della vittoria di Villach. Senza dubbio Un uomo speciale, un allenatore che ha dato tanto all\u2019hockey anche ad Alleghe!<br \/>\n<strong>REDAZIONE<\/strong> Pomeriggio intenso anche ieri per il Suem 118 che \u00e8 intervenuto pi\u00f9 volte. Alle 13:40, \u00e8 stato segnalato un caso di trauma pediatrico nel comprensorio Civetta. Una bambina di 2 anni \u00e8 rimasta coinvolta in un incidente. L\u2019elicottero Falco \u00e8 stato chiamato per trasportare la piccola paziente all\u2019ospedale di Belluno<br \/>\n<strong>CANALE D\u2019AGORDO<\/strong> Attorno alle 16.30 di ieri la Centrale del 118 \u00e8 stata contattata da due alpinisti bloccati dalla neve. Individuati dall\u2019elicottero di Trento emergenza a 2.800 metri di quota, i due sono stati imbarcati in hovering e trasportati a San Martino di Castrozza.<br \/>\n<strong>REDAZIONE<\/strong> Il bilancio \u00e8 di due feriti nell\u2019incidente avvenuto ieri poco dopo le 10 a Caprile sulla strada che porta al Passo Falzarego, pi\u00f9 precisamente al terzo tornante sopra l\u2019abitato della frazione di Alleghe. Un\u2019auto e un camion sono entrati in collisione. Traffico in tilt<br \/>\n<strong>BELLUNO<\/strong> La Biblioteca Civica di Belluno si arricchisce di un altro tesoro: acquistata una copia rara de \u201cIl segreto del Bosco Vecchio\u201d di Dino Buzzati, edita nel 1939.<br \/>\n<span style=\"color: #ff0000;\">CI SI PREPARA AL CONTROESODO DEL FINE SETTIMANA, MA I PROBLEMI ALLA VIABILITA\u2019 NON MANCANO IN CADORE<\/span><br \/>\n<span style=\"color: #0000ff;\">DALLA MARMOLADA \u201cSCENDE\u201d LA BEFANA. GRANDE SPETTACOLO OGGI DALLE 17 A MALGA CIAPELA<\/span><br \/>\n<strong>CENCENIGHE<\/strong> La Pro Loco di Cencenighe ha organizzato un concorso fotografico dal titolo \u201cAria D\u2019Invern\u201d. Chi volesse partecipare pu\u00f2 inviare gli scatti fino al 31 marzo<br \/>\n<strong>TAIBON<\/strong> Scandole Storte, Gruppo Sportivo, Pro Loco e Amighi di Listolade organizzano i Pavaroi 2024, la tradizionale accensione dei fuochi sulle cime della conca agordina. Ritrovo in Piazza del Municipio di Taibon oggi a partire dalle 17:30<br \/>\n<strong>SAN TOMASO<\/strong> Il Gruppo Folk dei Bati Orz organizza per stasera l\u2019arrivo della befana a Celat di San Tomaso. Alle 18 panettone e vin blul\u00e8, a seguire l\u2019esibizione del gruppo folk e alle 19 l\u2019arrivo della befana con dolci e regali per i pi\u00f9 piccoli.<br \/>\n<strong>CENCENIGHE<\/strong> Torna il tradizionale appuntamento con i Pavarui, i fuochi sulle cime. Oggi dalle 19:30 al Nof Fil\u00f2 di Cencenighe gnocchi con la ricotta affumicata. All\u2019imbrunire si accenderannoi fuochi sulle cime. Ingresso libero, per la cena \u00e8 consigliata la prenotazione allo 0437 591549<br \/>\n<strong>ALLEGHE<\/strong> Oggi ai Piani di Pezz\u00e8 andra in scena la \u201cDominator Night\u201d. 14 piloti tra i migliori d\u2019Europa si sfideranno senza esclusioni di colpi su un tracciato di puro snowcross. Uno spettacolo unico che inizier\u00e0 alle 21:30, a seguire le premiazioni e dj set fino all\u20191. Cabinovia aperta a pagamento dalle 20:30 all\u20191:30.<br \/>\n<strong>BELLUNO<\/strong> Oggi alle 20:45 al Centro Congressi Le Torri in Nevegal una serata con Manrico Dell\u2019Agnola. Dalle Dolomiti all\u2019Antartide, la proiezione di due docufilm<\/p>\n<p><strong>L\u2019ALLEGHE PERDE CON IL VARESE, BUONA LA PRIMA PER IL FELTRE<\/strong><br \/>\nPRIMA GIORNATA MASTER ROUND IHL VARESE \u2013 ALLEGHE 4-3; PRIMA GIORNATA QUALIFICATION ROUND IHL &#8211; FELTRE \u2013 DOBBIACO 5-1<br \/>\nLE GIOVANILI DELL\u2019ALLEGHE HOCKEY INAUGURANO IL 2024 CON TRE VITTORIE<br \/>\nUNDER 19 PINEROLO \u2013 CORTINA\/ALLEGHE 1-4. UNDER 16 CORTINA\/ALLEGHE \u2013 PERGINE 17-6; UNDER 14 APPIANO \u2013 ALLEGHE\/CORTINA 1-3<br \/>\n<strong>PALLAVOLO L\u2019UNDER 15 DEL BELLUNO VOLLEY SI AGGIUDICA IL TORNEO DELLA BEFANA<\/strong><br \/>\n<strong>SCI ALPINISMO A GENNAIO LA PRIMA SKIALP CAVERSON \u2013 PASSO VALLES<\/strong><\/p>\n<p>&nbsp;<\/p>\n<p>&nbsp;<\/p>\n<p>&nbsp;<\/p>\n<hr \/>\n<p>&nbsp;<\/p>\n<p>&nbsp;<\/p>\n<p>&nbsp;<\/p>\n<p>&nbsp;<\/p>\n<p>&nbsp;<\/p>\n<p>&nbsp;<\/p>\n<p>&nbsp;<\/p>\n<p>&nbsp;<\/p>\n<p>&nbsp;<\/p>\n<p>&nbsp;<\/p>\n<p>&nbsp;<\/p>\n<p>&nbsp;<\/p>\n<p>&nbsp;<\/p>\n<p>&nbsp;<\/p>\n","protected":false},"excerpt":{"rendered":"<p>&nbsp; https:\/\/www.youtube.com\/watch?v=wFfx36wQcqQ &nbsp; PEDEROBBA Schianto mortale, Patrik Mentil aveva solo 22 anni. Frontale lungo la feltrina, 3 i feriti, 2 in gravi condizioni. L&#8217;incidente ieri sera alle 19.30 a Onigo. CANALE D&#8217;AGORDO Una disgrazia terribile, un paese in ginocchio, una famiglia tramortita. Ci ha lasciato Rachele Costa, la &#8220;Rac&#8221; de le Buse. Domani l&#8217;ultimo saluto.&hellip;<\/p>\n","protected":false},"author":4,"featured_media":368720,"comment_status":"closed","ping_status":"closed","sticky":false,"template":"","format":"standard","meta":{"_monsterinsights_skip_tracking":false,"_monsterinsights_sitenote_active":false,"_monsterinsights_sitenote_note":"","_monsterinsights_sitenote_category":0,"footnotes":""},"categories":[104,49],"tags":[],"class_list":["post-368738","post","type-post","status-publish","format-standard","has-post-thumbnail","hentry","category-evidenza_3","category-news-18","category-104","category-49","description-off"],"img_url":"https:\/\/www.radiopiu.net\/wordpress\/wp-content\/uploads\/2024\/01\/Senza-nome-14.png","_links":{"self":[{"href":"https:\/\/www.radiopiu.net\/wordpress\/wp-json\/wp\/v2\/posts\/368738","targetHints":{"allow":["GET"]}}],"collection":[{"href":"https:\/\/www.radiopiu.net\/wordpress\/wp-json\/wp\/v2\/posts"}],"about":[{"href":"https:\/\/www.radiopiu.net\/wordpress\/wp-json\/wp\/v2\/types\/post"}],"author":[{"embeddable":true,"href":"https:\/\/www.radiopiu.net\/wordpress\/wp-json\/wp\/v2\/users\/4"}],"replies":[{"embeddable":true,"href":"https:\/\/www.radiopiu.net\/wordpress\/wp-json\/wp\/v2\/comments?post=368738"}],"version-history":[{"count":0,"href":"https:\/\/www.radiopiu.net\/wordpress\/wp-json\/wp\/v2\/posts\/368738\/revisions"}],"wp:featuredmedia":[{"embeddable":true,"href":"https:\/\/www.radiopiu.net\/wordpress\/wp-json\/wp\/v2\/media\/368720"}],"wp:attachment":[{"href":"https:\/\/www.radiopiu.net\/wordpress\/wp-json\/wp\/v2\/media?parent=368738"}],"wp:term":[{"taxonomy":"category","embeddable":true,"href":"https:\/\/www.radiopiu.net\/wordpress\/wp-json\/wp\/v2\/categories?post=368738"},{"taxonomy":"post_tag","embeddable":true,"href":"https:\/\/www.radiopiu.net\/wordpress\/wp-json\/wp\/v2\/tags?post=368738"}],"curies":[{"name":"wp","href":"https:\/\/api.w.org\/{rel}","templated":true}]}}