{"id":368749,"date":"2024-01-08T05:45:10","date_gmt":"2024-01-08T04:45:10","guid":{"rendered":"https:\/\/www.radiopiu.net\/wordpress\/?p=368749"},"modified":"2024-01-08T08:09:30","modified_gmt":"2024-01-08T07:09:30","slug":"giornale-radiopiu-08-gennaio-2024-direttore-mirko-mezzacasada-40-anni-25-giugno-1983-25-giugno-2023","status":"publish","type":"post","link":"https:\/\/www.radiopiu.net\/wordpress\/giornale-radiopiu-08-gennaio-2024-direttore-mirko-mezzacasada-40-anni-25-giugno-1983-25-giugno-2023\/","title":{"rendered":"GIORNALE RADIOPIU 08 GENNAIO 2024 DIRETTORE MIRKO MEZZACASA\u2026DA 40 ANNI 25 GIUGNO 1983-25 GIUGNO 2023"},"content":{"rendered":"<h1>***<\/h1>\n<h1><\/h1>\n<h1 class=\"entry-title photoswipe-wrapper\"><strong><a class=\"dt-pswp-item\" href=\"https:\/\/www.radiopiu.net\/wordpress\/wp-content\/uploads\/2023\/12\/logo-radio.jpg\" data-dt-img-description=\"\" data-large_image_width=\"800\" data-large_image_height=\"600\"><img loading=\"lazy\" decoding=\"async\" class=\"wp-image-367163 alignleft\" src=\"https:\/\/www.radiopiu.net\/wordpress\/wp-content\/uploads\/2023\/12\/logo-radio-300x225.jpg\" alt=\"\" width=\"109\" height=\"82\" srcset=\"https:\/\/www.radiopiu.net\/wordpress\/wp-content\/uploads\/2023\/12\/logo-radio-300x225.jpg 300w, https:\/\/www.radiopiu.net\/wordpress\/wp-content\/uploads\/2023\/12\/logo-radio-768x576.jpg 768w, https:\/\/www.radiopiu.net\/wordpress\/wp-content\/uploads\/2023\/12\/logo-radio.jpg 800w\" sizes=\"auto, (max-width: 109px) 100vw, 109px\" \/><\/a><\/strong><\/h1>\n<h1 class=\"entry-title photoswipe-wrapper\">40esimo di RADIOPIU\u2026. LA VOCE DELL\u2019EMOZIONE<\/h1>\n<h2><span style=\"color: #ff0000;\">ISCRIVITI AL NOSTRO CANALE\u00a0\u00a0YOUTUBE PER SEGUIRE IN DIRETTA I PRINCIPALI PROGRAMMI DI RADIO PIU\u2019 E LE FUTURE DIRETTE IN ESTERNA. PER ISCRIVERTI <a style=\"color: #ff0000;\" href=\"https:\/\/youtube.com\/@radiopiu1527\">CLICCA QUI\u00a0<\/a>E PREMI\u00a0 \u201cIscriviti\u201d\u00a0 \u00a0<\/span><\/h2>\n<h2><\/h2>\n<h2><\/h2>\n<h2 style=\"text-align: center;\">I PAVAROI, COSI&#8217; A RIVAMONTE<\/h2>\n<p><a class=\"dt-pswp-item\" href=\"https:\/\/www.radiopiu.net\/wordpress\/wp-content\/uploads\/2024\/01\/417105424_457274679973088_8546755217186274464_n.jpg\" data-dt-img-description=\"\" data-large_image_width=\"395\" data-large_image_height=\"296\"><img loading=\"lazy\" decoding=\"async\" class=\"size-medium wp-image-368981 aligncenter\" src=\"https:\/\/www.radiopiu.net\/wordpress\/wp-content\/uploads\/2024\/01\/417105424_457274679973088_8546755217186274464_n-300x225.jpg\" alt=\"\" width=\"300\" height=\"225\" srcset=\"https:\/\/www.radiopiu.net\/wordpress\/wp-content\/uploads\/2024\/01\/417105424_457274679973088_8546755217186274464_n-300x225.jpg 300w, https:\/\/www.radiopiu.net\/wordpress\/wp-content\/uploads\/2024\/01\/417105424_457274679973088_8546755217186274464_n.jpg 395w\" sizes=\"auto, (max-width: 300px) 100vw, 300px\" \/>\u00a0<\/a><\/p>\n<blockquote>\n<h4><\/h4>\n<\/blockquote>\n<hr \/>\n<p>&nbsp;<\/p>\n<blockquote><p>&nbsp;<\/p>\n<h4><a class=\"dt-pswp-item\" href=\"https:\/\/www.radiopiu.net\/wordpress\/wp-content\/uploads\/2024\/01\/Senza-nome-18.png\" data-dt-img-description=\"\" data-large_image_width=\"474\" data-large_image_height=\"304\"><img loading=\"lazy\" decoding=\"async\" class=\"wp-image-368989 alignleft\" src=\"https:\/\/www.radiopiu.net\/wordpress\/wp-content\/uploads\/2024\/01\/Senza-nome-18-300x192.png\" alt=\"\" width=\"205\" height=\"131\" srcset=\"https:\/\/www.radiopiu.net\/wordpress\/wp-content\/uploads\/2024\/01\/Senza-nome-18-300x192.png 300w, https:\/\/www.radiopiu.net\/wordpress\/wp-content\/uploads\/2024\/01\/Senza-nome-18.png 474w\" sizes=\"auto, (max-width: 205px) 100vw, 205px\" \/><\/a>CONTRO ESODO MA NON CAOS DA PONTE DELL&#8217;IMMACOLATA<\/h4>\n<\/blockquote>\n<p><em> &#8220;Nelle nebbie dell&#8217;Alemagna, la temuta paralisi del traffico si dilegua come un fantasma evanescente. Il ritorno dei turisti dalle terre natalizie si consuma senza criticit\u00e0, con auto coraggiose che sfidano la neve. Tra le valli, qualche inconveniente sussurra la sua presenza, come il suv spericolato a Fortogna, ma la solidariet\u00e0 dei soccorritori e la prudenza dei viaggiatori sono il sale che scioglie ogni neve nel cuore del percorso&#8221; (MM)\u00a0<\/em><\/p>\n<p>&nbsp;<\/p>\n<p>&nbsp;<\/p>\n<hr \/>\n<h4><\/h4>\n<p>&nbsp;<\/p>\n<h4>POLEMICHE DI INIZIO ANNO, NEL MIRINO LA PROVINCIA<\/h4>\n<p><strong><a class=\"dt-pswp-item\" href=\"https:\/\/www.radiopiu.net\/wordpress\/wp-content\/uploads\/2018\/03\/maestri-gelatieri_piste_zoldo.jpg\" data-dt-img-description=\"\" data-large_image_width=\"4512\" data-large_image_height=\"3000\"><img loading=\"lazy\" decoding=\"async\" class=\"wp-image-45275 alignleft\" src=\"https:\/\/www.radiopiu.net\/wordpress\/wp-content\/uploads\/2018\/03\/maestri-gelatieri_piste_zoldo-300x199.jpg\" alt=\"\" width=\"219\" height=\"145\" srcset=\"https:\/\/www.radiopiu.net\/wordpress\/wp-content\/uploads\/2018\/03\/maestri-gelatieri_piste_zoldo-300x199.jpg 300w, https:\/\/www.radiopiu.net\/wordpress\/wp-content\/uploads\/2018\/03\/maestri-gelatieri_piste_zoldo-768x511.jpg 768w, https:\/\/www.radiopiu.net\/wordpress\/wp-content\/uploads\/2018\/03\/maestri-gelatieri_piste_zoldo-1024x681.jpg 1024w\" sizes=\"auto, (max-width: 219px) 100vw, 219px\" \/><\/a>VAL DI ZOLDO<\/strong> Controversa situazione attorno alla seggiovia Pioda di Palafavera. Nonostante la societ\u00e0 abbia ottenuto contributi regionali per il rifacimento e l&#8217;ammodernamento dell&#8217;impianto, il progetto non ha ancora ottenuto l&#8217;approvazione dagli uffici provinciali, scatenando una protesta che include inviti al mailbombing, striscioni di protesta e cartoline di sdegno lasciate sulle auto degli sciatori. Il intervento \u00e8 cruciale per eliminare un ostacolo nel comprensorio del Civetta, beneficiando altre societ\u00e0 nella zona. Il costo dell&#8217;operazione \u00e8 di 6 milioni, con la societ\u00e0 che dovr\u00e0 anticipare la somma prima di ricevere il contributo regionale di 3 milioni.<\/p>\n<p>&nbsp;<\/p>\n<p>&nbsp;<\/p>\n<p>&nbsp;<\/p>\n<hr \/>\n<p>&nbsp;<\/p>\n<blockquote>\n<blockquote>\n<h1><span style=\"color: #ff0000;\">i podcast informativi del mattino &#8211; audio &#8211;\u00a0<\/span><\/h1>\n<\/blockquote>\n<p><strong><a class=\"dt-pswp-item\" href=\"https:\/\/www.radiopiu.net\/wordpress\/wp-content\/uploads\/2023\/11\/th-10.jpg\" data-dt-img-description=\"\" data-large_image_width=\"320\" data-large_image_height=\"180\"><img loading=\"lazy\" decoding=\"async\" class=\"wp-image-362866 alignleft\" src=\"https:\/\/www.radiopiu.net\/wordpress\/wp-content\/uploads\/2023\/11\/th-10-300x169.jpg\" alt=\"\" width=\"185\" height=\"104\" srcset=\"https:\/\/www.radiopiu.net\/wordpress\/wp-content\/uploads\/2023\/11\/th-10-300x169.jpg 300w, https:\/\/www.radiopiu.net\/wordpress\/wp-content\/uploads\/2023\/11\/th-10.jpg 320w\" sizes=\"auto, (max-width: 185px) 100vw, 185px\" \/><\/a>LA RASSEGNA STAMPA NAZIONALE ALLA RADIO, OGNI GIORNO ALLE 5 E ALLE 6 DEL MATTINO <span style=\"color: #0000ff;\">viene pubblicata alle 6.00 <span style=\"color: #ff0000;\">DIRETTA RADIO\u00a0<\/span><\/span><\/strong><\/p>\n<p><strong>di\u00a0 STEFANO FAMA\u00a0<\/strong><br \/>\n<strong>Politica<\/strong> Carlo Calenda\u00a0 &#8220;il paese sta perdendo scuola e sanit\u00e0&#8221;.\u00a0 <strong>Economia<\/strong>\u00a0 CGIA,\u00a0 la pressione fiscale sui contribuenti onesti \u00e8 al 47%.\u00a0 <strong>Auto<\/strong> nel lago di Como, due morti.\u00a0<strong> Versiglia<\/strong>,\u00a0 si rovescia la barca nel lago. <strong>Biella<\/strong> ritrovata senza vita in casa,<strong> Valanga<\/strong> in Piemonte uccide escursionisti, al confine con la svizzera,\u00a0 l&#8217;incidente si \u00e8 verificato a 2.200 metri di quota, i corpi delle vittime sono stati individuati ieri pomeriggio insieme al loro cane<strong>\u00a0\u00a0<\/strong><\/p><\/blockquote>\n<p><strong>AUDIO<\/strong><\/p>\n<audio class=\"wp-audio-shortcode\" id=\"audio-368749-1\" preload=\"none\" style=\"width: 100%;\" controls=\"controls\"><source type=\"audio\/mpeg\" src=\"https:\/\/www.radiopiu.net\/wordpress\/wp-content\/uploads\/2024\/01\/GIORNALEDELLESEI-4.mp3?_=1\" \/><a href=\"https:\/\/www.radiopiu.net\/wordpress\/wp-content\/uploads\/2024\/01\/GIORNALEDELLESEI-4.mp3\">https:\/\/www.radiopiu.net\/wordpress\/wp-content\/uploads\/2024\/01\/GIORNALEDELLESEI-4.mp3<\/a><\/audio>\n<p>&nbsp;<\/p>\n<p>&nbsp;<\/p>\n<p><strong><a class=\"dt-pswp-item\" href=\"https:\/\/www.radiopiu.net\/wordpress\/wp-content\/uploads\/2023\/12\/images.png\" data-dt-img-description=\"\" data-large_image_width=\"316\" data-large_image_height=\"160\"><img loading=\"lazy\" decoding=\"async\" class=\"wp-image-367008 alignleft\" src=\"https:\/\/www.radiopiu.net\/wordpress\/wp-content\/uploads\/2023\/12\/images-300x152.png\" alt=\"\" width=\"235\" height=\"119\" srcset=\"https:\/\/www.radiopiu.net\/wordpress\/wp-content\/uploads\/2023\/12\/images-300x152.png 300w, https:\/\/www.radiopiu.net\/wordpress\/wp-content\/uploads\/2023\/12\/images.png 316w\" sizes=\"auto, (max-width: 235px) 100vw, 235px\" \/><\/a>OGNI GIORNO ALLE SETTE DEL MATTINO, LA RASSEGNA STAMPA LOCALE FLASH&#8230; PER CHI VA IN FRETTA. I TITOLI DAI GIORNALI E DAL SITO WWW.RADIOPIU.NET <span style=\"color: #0000ff;\">viene pubblicato alle 7.00<\/span> <span style=\"color: #ff0000;\">DIRETTA RADIO\u00a0<\/span><\/strong><\/p>\n<p><em><span style=\"color: #ff0000;\">per chi va in fretta&#8230; tante notizie in pochi minuti<\/span><\/em><\/p>\n<p>&nbsp;<\/p>\n<p><strong>AUDIO<\/strong><\/p>\n<audio class=\"wp-audio-shortcode\" id=\"audio-368749-2\" preload=\"none\" style=\"width: 100%;\" controls=\"controls\"><source type=\"audio\/mpeg\" src=\"https:\/\/www.radiopiu.net\/wordpress\/wp-content\/uploads\/2024\/01\/GF07-4.mp3?_=2\" \/><a href=\"https:\/\/www.radiopiu.net\/wordpress\/wp-content\/uploads\/2024\/01\/GF07-4.mp3\">https:\/\/www.radiopiu.net\/wordpress\/wp-content\/uploads\/2024\/01\/GF07-4.mp3<\/a><\/audio>\n<p>&nbsp;<\/p>\n<p>&nbsp;<\/p>\n<p>&nbsp;<\/p>\n<blockquote><p><strong><a class=\"dt-pswp-item\" href=\"https:\/\/www.radiopiu.net\/wordpress\/wp-content\/uploads\/2021\/07\/microfono-radio-ok-768x448-768x448-1.jpg\" data-dt-img-description=\"\" data-large_image_width=\"768\" data-large_image_height=\"448\"><img loading=\"lazy\" decoding=\"async\" class=\"wp-image-220632 alignleft\" src=\"https:\/\/www.radiopiu.net\/wordpress\/wp-content\/uploads\/2021\/07\/microfono-radio-ok-768x448-768x448-1-300x175.jpg\" alt=\"\" width=\"178\" height=\"104\" srcset=\"https:\/\/www.radiopiu.net\/wordpress\/wp-content\/uploads\/2021\/07\/microfono-radio-ok-768x448-768x448-1-300x175.jpg 300w, https:\/\/www.radiopiu.net\/wordpress\/wp-content\/uploads\/2021\/07\/microfono-radio-ok-768x448-768x448-1.jpg 768w\" sizes=\"auto, (max-width: 178px) 100vw, 178px\" \/><\/a>GIORNALE RADIO NAZIONALE, EDIZIONE DELLE SETTE <span style=\"color: #0000ff;\">viene pubblicato alle 7.05 <span style=\"color: #ff0000;\">DIRETTA RADIO\u00a0<\/span><\/span><\/strong><\/p><\/blockquote>\n<p>&nbsp;<\/p>\n<p>&nbsp;<\/p>\n<p><strong>AUDIO<\/strong><\/p>\n<audio class=\"wp-audio-shortcode\" id=\"audio-368749-3\" preload=\"none\" style=\"width: 100%;\" controls=\"controls\"><source type=\"audio\/mpeg\" src=\"https:\/\/www.radiopiu.net\/wordpress\/wp-content\/uploads\/2024\/01\/giornale07-4.mp3?_=3\" \/><a href=\"https:\/\/www.radiopiu.net\/wordpress\/wp-content\/uploads\/2024\/01\/giornale07-4.mp3\">https:\/\/www.radiopiu.net\/wordpress\/wp-content\/uploads\/2024\/01\/giornale07-4.mp3<\/a><\/audio>\n<p>&nbsp;<\/p>\n<p>&nbsp;<\/p>\n<p>&nbsp;<\/p>\n<blockquote>\n<h2><strong><a class=\"dt-pswp-item\" href=\"https:\/\/www.radiopiu.net\/wordpress\/wp-content\/uploads\/2023\/12\/th-10.jpg\" data-dt-img-description=\"\" data-large_image_width=\"245\" data-large_image_height=\"180\"><img loading=\"lazy\" decoding=\"async\" class=\" wp-image-367395 alignleft\" src=\"https:\/\/www.radiopiu.net\/wordpress\/wp-content\/uploads\/2023\/12\/th-10.jpg\" alt=\"\" width=\"166\" height=\"122\" \/><\/a>RASSEGNA STAMPA LOCALE, ORE OTTO 05<\/strong><\/h2>\n<h2><strong> <span style=\"color: #0000ff;\">viene\u00a0 <\/span><\/strong><strong><span style=\"color: #0000ff;\">pubblicata alle 8.05 <span style=\"color: #ff0000;\">DIRETTA RADIO\u00a0<\/span><\/span><\/strong><\/h2>\n<\/blockquote>\n<h1><\/h1>\n<p>&nbsp;<\/p>\n<p>&nbsp;<\/p>\n<p><iframe loading=\"lazy\" title=\"DAL 1983 LA RASSEGNA STAMPA LOCALE di mirko mezzacasa. L&#039;ORIGINALE\" width=\"1200\" height=\"675\" src=\"https:\/\/www.youtube.com\/embed\/Vv-mvRzyLt4?feature=oembed\" frameborder=\"0\" allow=\"accelerometer; autoplay; clipboard-write; encrypted-media; gyroscope; picture-in-picture; web-share\" allowfullscreen><\/iframe><\/p>\n<p>&nbsp;<\/p>\n<hr \/>\n<p>&nbsp;<\/p>\n<p>&nbsp;<\/p>\n<p><a class=\"dt-pswp-item\" href=\"https:\/\/www.radiopiu.net\/wordpress\/wp-content\/uploads\/2023\/10\/34f4cfc6-e863-46e9-9695-8df44be63421.jpg\" data-dt-img-description=\"\" data-large_image_width=\"1200\" data-large_image_height=\"1200\"><img loading=\"lazy\" decoding=\"async\" class=\"wp-image-357393 alignleft\" src=\"https:\/\/www.radiopiu.net\/wordpress\/wp-content\/uploads\/2023\/10\/34f4cfc6-e863-46e9-9695-8df44be63421-300x300.jpg\" alt=\"\" width=\"81\" height=\"81\" srcset=\"https:\/\/www.radiopiu.net\/wordpress\/wp-content\/uploads\/2023\/10\/34f4cfc6-e863-46e9-9695-8df44be63421-300x300.jpg 300w, https:\/\/www.radiopiu.net\/wordpress\/wp-content\/uploads\/2023\/10\/34f4cfc6-e863-46e9-9695-8df44be63421-1024x1024.jpg 1024w, https:\/\/www.radiopiu.net\/wordpress\/wp-content\/uploads\/2023\/10\/34f4cfc6-e863-46e9-9695-8df44be63421-150x150.jpg 150w, https:\/\/www.radiopiu.net\/wordpress\/wp-content\/uploads\/2023\/10\/34f4cfc6-e863-46e9-9695-8df44be63421-768x768.jpg 768w, https:\/\/www.radiopiu.net\/wordpress\/wp-content\/uploads\/2023\/10\/34f4cfc6-e863-46e9-9695-8df44be63421.jpg 1200w\" sizes=\"auto, (max-width: 81px) 100vw, 81px\" \/><\/a>OGGI ALLA RADIO: <strong>ALLE 7<\/strong> LA RASSEGNA STAMPA LOCALE FLASH, PER CHI COME NOI ALLE SETTE DEL MATTINO VA DI FRETTA, TANTE NOTIZIE IN POCHE CHIACCHIERE. <strong>ALLE OTTO<\/strong> L&#8217;APPROFONDIMENTO NELLA STORICA RASSEGNA STAMPA LOCALE.\u00a0 DALLE 6 ALLE 21, OGNI ORA, L&#8217;INFORMAZIONE NAZIONALE, l&#8217;informazione locale, ALLE 10 flash. 11flash. 14 viabilit\u00e0. 15meteo. 16flash. 17flash. 18flash. 19 i titoli di Antenna 3<\/p>\n<p>&nbsp;<\/p>\n<p>&nbsp;<\/p>\n<p>&nbsp;<\/p>\n<hr \/>\n<p>&nbsp;<\/p>\n<blockquote>\n<h3>SCOSSA DI TERREMOTO A POSSAGNO<\/h3>\n<\/blockquote>\n<p><strong>REDAZIONE\u00a0<\/strong>Poco prima delle 8 di ieri mattina la terra ha tremato tra le province di Belluno e Treviso. Una scossa di terremoto di 2.4 sulla scala Richter con epicentro a Possagno. Scossa registrata anche dal sismografo di Agordo<\/p>\n\n\t\t\t<style type='text\/css'>\n\t\t\t\t#gallery-1 {\n\t\t\t\t\tmargin: auto;\n\t\t\t\t}\n\t\t\t\t#gallery-1 .gallery-item {\n\t\t\t\t\tfloat: left;\n\t\t\t\t\tmargin-top: 10px;\n\t\t\t\t\ttext-align: center;\n\t\t\t\t\twidth: 50%;\n\t\t\t\t}\n\t\t\t\t#gallery-1 img {\n\t\t\t\t\tborder: 2px solid #cfcfcf;\n\t\t\t\t}\n\t\t\t\t#gallery-1 .gallery-caption {\n\t\t\t\t\tmargin-left: 0;\n\t\t\t\t}\n\t\t\t\t\/* see gallery_shortcode() in wp-includes\/media.php *\/\n\t\t\t<\/style>\n\t\t<div id='gallery-1' class='dt-gallery-container gallery galleryid-368749 gallery-columns-2 gallery-size-thumbnail'><dl class='gallery-item'>\n\t\t\t\t<dt class='gallery-icon landscape'>\n\t\t\t\t\t<a class=\"rollover rollover-zoom dt-pswp-item\" title=\"IMG_5242\" data-dt-img-description=\"\" data-large_image_width=\"1125\" data-large_image_height=\"725\"href='https:\/\/www.radiopiu.net\/wordpress\/wp-content\/uploads\/2024\/01\/IMG_5242.jpeg'><img loading=\"lazy\" decoding=\"async\" width=\"150\" height=\"150\" src=\"https:\/\/www.radiopiu.net\/wordpress\/wp-content\/uploads\/2024\/01\/IMG_5242-150x150.jpeg\" class=\"attachment-thumbnail size-thumbnail\" alt=\"\" \/><\/a>\n\t\t\t\t<\/dt><\/dl><dl class='gallery-item'>\n\t\t\t\t<dt class='gallery-icon landscape'>\n\t\t\t\t\t<a class=\"rollover rollover-zoom dt-pswp-item\" title=\"d5cab70c-c3b2-43cb-b70f-8b297a7272d4\" data-dt-img-description=\"\" data-large_image_width=\"792\" data-large_image_height=\"612\"href='https:\/\/www.radiopiu.net\/wordpress\/wp-content\/uploads\/2024\/01\/d5cab70c-c3b2-43cb-b70f-8b297a7272d4.jpeg'><img loading=\"lazy\" decoding=\"async\" width=\"150\" height=\"150\" src=\"https:\/\/www.radiopiu.net\/wordpress\/wp-content\/uploads\/2024\/01\/d5cab70c-c3b2-43cb-b70f-8b297a7272d4-150x150.jpeg\" class=\"attachment-thumbnail size-thumbnail\" alt=\"\" \/><\/a>\n\t\t\t\t<\/dt><\/dl><br style=\"clear: both\" \/>\n\t\t\t<\/div>\n\n<p>&nbsp;<\/p>\n<p>&nbsp;<\/p>\n<hr \/>\n<blockquote>\n<h3><\/h3>\n<h3>LA TERRA TREMA ANCHE IN ALPAGO<\/h3>\n<\/blockquote>\n<p><strong><a class=\"dt-pswp-item\" href=\"https:\/\/www.radiopiu.net\/wordpress\/wp-content\/uploads\/2024\/01\/IMG_5245.jpeg\" data-dt-img-description=\"\" data-large_image_width=\"1050\" data-large_image_height=\"751\"><img loading=\"lazy\" decoding=\"async\" class=\"size-medium wp-image-368935 alignleft\" src=\"https:\/\/www.radiopiu.net\/wordpress\/wp-content\/uploads\/2024\/01\/IMG_5245-300x215.jpeg\" alt=\"\" width=\"300\" height=\"215\" srcset=\"https:\/\/www.radiopiu.net\/wordpress\/wp-content\/uploads\/2024\/01\/IMG_5245-300x215.jpeg 300w, https:\/\/www.radiopiu.net\/wordpress\/wp-content\/uploads\/2024\/01\/IMG_5245-1024x732.jpeg 1024w, https:\/\/www.radiopiu.net\/wordpress\/wp-content\/uploads\/2024\/01\/IMG_5245-768x549.jpeg 768w, https:\/\/www.radiopiu.net\/wordpress\/wp-content\/uploads\/2024\/01\/IMG_5245.jpeg 1050w\" sizes=\"auto, (max-width: 300px) 100vw, 300px\" \/><\/a>REDAZIONE\u00a0<\/strong>Altra scossa di terremoto registrata poco dopo le 13 a Chies D\u2019Alpago. 2.7 sulla scala Richter a 10,8 km di profondit\u00e0<\/p>\n<p>&nbsp;<\/p>\n<p>&nbsp;<\/p>\n<p>&nbsp;<\/p>\n<p>&nbsp;<\/p>\n<p>&nbsp;<\/p>\n<p>&nbsp;<\/p>\n<p>&nbsp;<\/p>\n<p>&nbsp;<\/p>\n<hr \/>\n<blockquote>\n<h3><\/h3>\n<h3>UN ALTRO LUTTO A TAIBON, CIAO MARCO!<\/h3>\n<\/blockquote>\n<p><img decoding=\"async\" class=\"aligncenter\" src=\"https:\/\/www.radiopiu.net\/wordpress\/wp-content\/uploads\/2024\/01\/Senza-nome-20.png\" \/><\/p>\n<p><strong>TAIBON<\/strong> Una lunga malattia, che non gli ha lasciato scampo. Si \u00e8 spento Marco Cadorin, 66 anni, cresciuto lungo la strada che porta alla chiesa nella grande abitazione di famiglia dove il pap\u00e0 Arrigo, per tanti anni, ha gestito un&#8217;importante macelleria. Marco ha dedicato la sua vita lavorativa al mondo dell&#8217;occhialeria, dalla De Rigo a Luxottica.<br \/>\nI funerali domani alle 14.30 a Taibon Agordino.<\/p>\n<p><em>Dalla redazione di RADIOPIU un messaggio di cordoglio e un abbraccio ai tre figli, alla compagna Lisi, alla sorella Antonella<\/em>.<\/p>\n<p>&nbsp;<\/p>\n<p>&nbsp;<\/p>\n<hr \/>\n<blockquote>\n<h3><\/h3>\n<h3>UNA FOLLA PER L&#8217;ULTIMO SALUTO A RACHELE<\/h3>\n<div class=\"articlePlainSubHead\"><em><a class=\"dt-pswp-item\" href=\"https:\/\/www.radiopiu.net\/wordpress\/wp-content\/uploads\/2024\/01\/Senza-nome-17.png\" data-dt-img-description=\"\" data-large_image_width=\"593\" data-large_image_height=\"335\"><img loading=\"lazy\" decoding=\"async\" class=\" wp-image-368919 alignleft\" src=\"https:\/\/www.radiopiu.net\/wordpress\/wp-content\/uploads\/2024\/01\/Senza-nome-17-300x169.png\" alt=\"\" width=\"225\" height=\"127\" srcset=\"https:\/\/www.radiopiu.net\/wordpress\/wp-content\/uploads\/2024\/01\/Senza-nome-17-300x169.png 300w, https:\/\/www.radiopiu.net\/wordpress\/wp-content\/uploads\/2024\/01\/Senza-nome-17.png 593w\" sizes=\"auto, (max-width: 225px) 100vw, 225px\" \/><\/a>Don De Vido ne ha sottolineato l&#8217;impegno in famiglia e sul lavoro Una folla commossa a Canale al funerale di Rachele Costa<\/em><\/div>\n<\/blockquote>\n<div class=\"addthis_sharing_toolbox\" data-url=\"http:\/\/sfoglio.corrierealpi.gelocal.it\/share_article.php?article_id=13521657\" data-title=\"Una folla commossa a Canale al funerale di Rachele Costa\"><\/div>\n<div class=\"articlePlainText\"><\/div>\n<p class=\"articlePlainText\"><strong>l&#8217;addio<\/strong><\/p>\n<p class=\"articlePlainText\"><strong>Gianni Santomaso<\/strong><\/p>\n<div class=\"articlePlainText\">\n<audio class=\"wp-audio-shortcode\" id=\"audio-368749-4\" preload=\"none\" style=\"width: 100%;\" controls=\"controls\"><source type=\"audio\/mpeg\" src=\"https:\/\/www.radiopiu.net\/wordpress\/wp-content\/uploads\/2024\/01\/GIANNI-UNA-FOLLA-PER-RACHELE.mp3?_=4\" \/><a href=\"https:\/\/www.radiopiu.net\/wordpress\/wp-content\/uploads\/2024\/01\/GIANNI-UNA-FOLLA-PER-RACHELE.mp3\">https:\/\/www.radiopiu.net\/wordpress\/wp-content\/uploads\/2024\/01\/GIANNI-UNA-FOLLA-PER-RACHELE.mp3<\/a><\/audio>\n<p><strong>\u00a0\u00a0<\/strong><\/p>\n<hr \/>\n<p>&nbsp;<\/p>\n<\/div>\n<blockquote>\n<h3>IVAN SCUSSEL E&#8217; TORNATO TRA LE BRACCIA DI MAMMA ALIDA<\/h3>\n<\/blockquote>\n<p><em><a class=\"dt-pswp-item\" href=\"https:\/\/www.radiopiu.net\/wordpress\/wp-content\/uploads\/2024\/01\/SCR-20240105-rdun.png\" data-dt-img-description=\"\" data-large_image_width=\"404\" data-large_image_height=\"528\"><img loading=\"lazy\" decoding=\"async\" class=\" wp-image-368811 alignleft\" src=\"https:\/\/www.radiopiu.net\/wordpress\/wp-content\/uploads\/2024\/01\/SCR-20240105-rdun-230x300.png\" alt=\"\" width=\"113\" height=\"147\" srcset=\"https:\/\/www.radiopiu.net\/wordpress\/wp-content\/uploads\/2024\/01\/SCR-20240105-rdun-230x300.png 230w, https:\/\/www.radiopiu.net\/wordpress\/wp-content\/uploads\/2024\/01\/SCR-20240105-rdun.png 404w\" sizes=\"auto, (max-width: 113px) 100vw, 113px\" \/><\/a><strong>AGORDO<\/strong><br \/>\n<\/em><\/p>\n<p>I funerali si svolgeranno oggi alle 15.30 nella Chiesa Arcidiaconale di Agordo. La famiglia ringrazia il personale del Pronto Soccorso dell&#8217;Ospedale di Agordo.<\/p>\n<p>&nbsp;<\/p>\n<p>&nbsp;<\/p>\n<p>&nbsp;<\/p>\n<p>&nbsp;<\/p>\n<hr \/>\n<p>&nbsp;<\/p>\n<blockquote>\n<h3>SUV ESCE DI STRADA E ABBATTE LO SFIATO DEL METANODOTTO<\/h3>\n<\/blockquote>\n<p><strong>LONGARONE<\/strong> Poco prima delle 16:30 di ieri i vigili del fuoco sono intervenuti lungo la statale Alemagna, in localit\u00e0 Fortogna a Longarone, per un SUV finito parzialmente fuoristrada che ha abbattuto un tubo dello sfiato del metanodotto. L&#8217;incidente ha causato due feriti. I pompieri provenienti da Belluno, con l&#8217;ausilio dei volontari locali, hanno messo in sicurezza la zona. Le due persone ferite sono state assistite dal personale sanitario del Suem e successivamente trasferite in ospedale. Sul posto sono intervenuti anche il personale della rete gas per le riparazioni e le forze dell&#8217;ordine. Le operazioni di soccorso dei vigili del fuoco sono concluse verso le 19:00.<\/p>\n\n\t\t\t<style type='text\/css'>\n\t\t\t\t#gallery-2 {\n\t\t\t\t\tmargin: auto;\n\t\t\t\t}\n\t\t\t\t#gallery-2 .gallery-item {\n\t\t\t\t\tfloat: left;\n\t\t\t\t\tmargin-top: 10px;\n\t\t\t\t\ttext-align: center;\n\t\t\t\t\twidth: 25%;\n\t\t\t\t}\n\t\t\t\t#gallery-2 img {\n\t\t\t\t\tborder: 2px solid #cfcfcf;\n\t\t\t\t}\n\t\t\t\t#gallery-2 .gallery-caption {\n\t\t\t\t\tmargin-left: 0;\n\t\t\t\t}\n\t\t\t\t\/* see gallery_shortcode() in wp-includes\/media.php *\/\n\t\t\t<\/style>\n\t\t<div id='gallery-2' class='dt-gallery-container gallery galleryid-368749 gallery-columns-4 gallery-size-thumbnail'><dl class='gallery-item'>\n\t\t\t\t<dt class='gallery-icon landscape'>\n\t\t\t\t\t<a class=\"rollover rollover-zoom dt-pswp-item\" title=\"7e48b9a9-3aca-4f3c-a5e0-c38403174fd1\" data-dt-img-description=\"\" data-large_image_width=\"900\" data-large_image_height=\"815\"href='https:\/\/www.radiopiu.net\/wordpress\/wp-content\/uploads\/2024\/01\/7e48b9a9-3aca-4f3c-a5e0-c38403174fd1.jpg'><img loading=\"lazy\" decoding=\"async\" width=\"150\" height=\"150\" src=\"https:\/\/www.radiopiu.net\/wordpress\/wp-content\/uploads\/2024\/01\/7e48b9a9-3aca-4f3c-a5e0-c38403174fd1-150x150.jpg\" class=\"attachment-thumbnail size-thumbnail\" alt=\"\" \/><\/a>\n\t\t\t\t<\/dt><\/dl><dl class='gallery-item'>\n\t\t\t\t<dt class='gallery-icon landscape'>\n\t\t\t\t\t<a class=\"rollover rollover-zoom dt-pswp-item\" title=\"0dfc98ae-6cfe-44ac-ab8d-ebc87714574a\" data-dt-img-description=\"\" data-large_image_width=\"900\" data-large_image_height=\"761\"href='https:\/\/www.radiopiu.net\/wordpress\/wp-content\/uploads\/2024\/01\/0dfc98ae-6cfe-44ac-ab8d-ebc87714574a.jpg'><img loading=\"lazy\" decoding=\"async\" width=\"150\" height=\"150\" src=\"https:\/\/www.radiopiu.net\/wordpress\/wp-content\/uploads\/2024\/01\/0dfc98ae-6cfe-44ac-ab8d-ebc87714574a-150x150.jpg\" class=\"attachment-thumbnail size-thumbnail\" alt=\"\" \/><\/a>\n\t\t\t\t<\/dt><\/dl><dl class='gallery-item'>\n\t\t\t\t<dt class='gallery-icon landscape'>\n\t\t\t\t\t<a class=\"rollover rollover-zoom dt-pswp-item\" title=\"59d3f1d3-24e9-44b7-ac2c-69be842c4a16\" data-dt-img-description=\"\" data-large_image_width=\"900\" data-large_image_height=\"726\"href='https:\/\/www.radiopiu.net\/wordpress\/wp-content\/uploads\/2024\/01\/59d3f1d3-24e9-44b7-ac2c-69be842c4a16.jpg'><img loading=\"lazy\" decoding=\"async\" width=\"150\" height=\"150\" src=\"https:\/\/www.radiopiu.net\/wordpress\/wp-content\/uploads\/2024\/01\/59d3f1d3-24e9-44b7-ac2c-69be842c4a16-150x150.jpg\" class=\"attachment-thumbnail size-thumbnail\" alt=\"\" \/><\/a>\n\t\t\t\t<\/dt><\/dl><dl class='gallery-item'>\n\t\t\t\t<dt class='gallery-icon portrait'>\n\t\t\t\t\t<a class=\"rollover rollover-zoom dt-pswp-item\" title=\"9ec4efd9-e8c7-418c-b43f-ba810f8b89f9\" data-dt-img-description=\"\" data-large_image_width=\"900\" data-large_image_height=\"1013\"href='https:\/\/www.radiopiu.net\/wordpress\/wp-content\/uploads\/2024\/01\/9ec4efd9-e8c7-418c-b43f-ba810f8b89f9.jpg'><img loading=\"lazy\" decoding=\"async\" width=\"150\" height=\"150\" src=\"https:\/\/www.radiopiu.net\/wordpress\/wp-content\/uploads\/2024\/01\/9ec4efd9-e8c7-418c-b43f-ba810f8b89f9-150x150.jpg\" class=\"attachment-thumbnail size-thumbnail\" alt=\"\" \/><\/a>\n\t\t\t\t<\/dt><\/dl><br style=\"clear: both\" \/>\n\t\t\t<\/div>\n\n<p>&nbsp;<\/p>\n<hr \/>\n<p>&nbsp;<\/p>\n<blockquote>\n<h3>A FUOCO UNA MANSARDA A FELTRE. EVACUATA UNA FAMIGLIA<\/h3>\n<\/blockquote>\n<p><strong>FELTRE<\/strong> Un incendio al tetto di una mansarda ha richiesto l&#8217;intervento dei vigili del fuoco venerdi sera in Via Culliada a Feltre. Una famiglia di 4 persone, inclusi un bambino piccolo, \u00e8 stata evacuata.<\/p>\n\n\t\t\t<style type='text\/css'>\n\t\t\t\t#gallery-3 {\n\t\t\t\t\tmargin: auto;\n\t\t\t\t}\n\t\t\t\t#gallery-3 .gallery-item {\n\t\t\t\t\tfloat: left;\n\t\t\t\t\tmargin-top: 10px;\n\t\t\t\t\ttext-align: center;\n\t\t\t\t\twidth: 20%;\n\t\t\t\t}\n\t\t\t\t#gallery-3 img {\n\t\t\t\t\tborder: 2px solid #cfcfcf;\n\t\t\t\t}\n\t\t\t\t#gallery-3 .gallery-caption {\n\t\t\t\t\tmargin-left: 0;\n\t\t\t\t}\n\t\t\t\t\/* see gallery_shortcode() in wp-includes\/media.php *\/\n\t\t\t<\/style>\n\t\t<div id='gallery-3' class='dt-gallery-container gallery galleryid-368749 gallery-columns-5 gallery-size-thumbnail'><dl class='gallery-item'>\n\t\t\t\t<dt class='gallery-icon portrait'>\n\t\t\t\t\t<a class=\"rollover rollover-zoom dt-pswp-item\" title=\"ab75eecf-e0cc-4231-9301-edbd16bed55b\" data-dt-img-description=\"\" data-large_image_width=\"1201\" data-large_image_height=\"1600\"href='https:\/\/www.radiopiu.net\/wordpress\/wp-content\/uploads\/2024\/01\/ab75eecf-e0cc-4231-9301-edbd16bed55b.jpg'><img loading=\"lazy\" decoding=\"async\" width=\"150\" height=\"150\" src=\"https:\/\/www.radiopiu.net\/wordpress\/wp-content\/uploads\/2024\/01\/ab75eecf-e0cc-4231-9301-edbd16bed55b-150x150.jpg\" class=\"attachment-thumbnail size-thumbnail\" alt=\"\" \/><\/a>\n\t\t\t\t<\/dt><\/dl><dl class='gallery-item'>\n\t\t\t\t<dt class='gallery-icon portrait'>\n\t\t\t\t\t<a class=\"rollover rollover-zoom dt-pswp-item\" title=\"6d8dac04-a858-4a11-8e72-0eee2db2084c\" data-dt-img-description=\"\" data-large_image_width=\"1201\" data-large_image_height=\"1600\"href='https:\/\/www.radiopiu.net\/wordpress\/wp-content\/uploads\/2024\/01\/6d8dac04-a858-4a11-8e72-0eee2db2084c.jpg'><img loading=\"lazy\" decoding=\"async\" width=\"150\" height=\"150\" src=\"https:\/\/www.radiopiu.net\/wordpress\/wp-content\/uploads\/2024\/01\/6d8dac04-a858-4a11-8e72-0eee2db2084c-150x150.jpg\" class=\"attachment-thumbnail size-thumbnail\" alt=\"\" \/><\/a>\n\t\t\t\t<\/dt><\/dl><dl class='gallery-item'>\n\t\t\t\t<dt class='gallery-icon portrait'>\n\t\t\t\t\t<a class=\"rollover rollover-zoom dt-pswp-item\" title=\"b13f44ce-d326-4129-841e-9468b78806c0\" data-dt-img-description=\"\" data-large_image_width=\"1201\" data-large_image_height=\"1544\"href='https:\/\/www.radiopiu.net\/wordpress\/wp-content\/uploads\/2024\/01\/b13f44ce-d326-4129-841e-9468b78806c0.jpg'><img loading=\"lazy\" decoding=\"async\" width=\"150\" height=\"150\" src=\"https:\/\/www.radiopiu.net\/wordpress\/wp-content\/uploads\/2024\/01\/b13f44ce-d326-4129-841e-9468b78806c0-150x150.jpg\" class=\"attachment-thumbnail size-thumbnail\" alt=\"\" \/><\/a>\n\t\t\t\t<\/dt><\/dl><dl class='gallery-item'>\n\t\t\t\t<dt class='gallery-icon portrait'>\n\t\t\t\t\t<a class=\"rollover rollover-zoom dt-pswp-item\" title=\"37afca76-c477-4595-804c-a816e92a1482\" data-dt-img-description=\"\" data-large_image_width=\"1201\" data-large_image_height=\"1600\"href='https:\/\/www.radiopiu.net\/wordpress\/wp-content\/uploads\/2024\/01\/37afca76-c477-4595-804c-a816e92a1482.jpg'><img loading=\"lazy\" decoding=\"async\" width=\"150\" height=\"150\" src=\"https:\/\/www.radiopiu.net\/wordpress\/wp-content\/uploads\/2024\/01\/37afca76-c477-4595-804c-a816e92a1482-150x150.jpg\" class=\"attachment-thumbnail size-thumbnail\" alt=\"\" \/><\/a>\n\t\t\t\t<\/dt><\/dl><dl class='gallery-item'>\n\t\t\t\t<dt class='gallery-icon portrait'>\n\t\t\t\t\t<a class=\"rollover rollover-zoom dt-pswp-item\" title=\"16fa559d-22fd-42ba-8f24-a797f481a7d2\" data-dt-img-description=\"\" data-large_image_width=\"1201\" data-large_image_height=\"1600\"href='https:\/\/www.radiopiu.net\/wordpress\/wp-content\/uploads\/2024\/01\/16fa559d-22fd-42ba-8f24-a797f481a7d2.jpg'><img loading=\"lazy\" decoding=\"async\" width=\"150\" height=\"150\" src=\"https:\/\/www.radiopiu.net\/wordpress\/wp-content\/uploads\/2024\/01\/16fa559d-22fd-42ba-8f24-a797f481a7d2-150x150.jpg\" class=\"attachment-thumbnail size-thumbnail\" alt=\"\" \/><\/a>\n\t\t\t\t<\/dt><\/dl><br style=\"clear: both\" \/>\n\t\t\t<\/div>\n\n<p>&nbsp;<\/p>\n<hr \/>\n<p>&nbsp;<\/p>\n<blockquote>\n<h3>INCENDIO NEL LOCALE LAVAGGIO DELLA CUCINA DELL\u2019ISTITUTO CARENZONI MONEGO A FELTRE: 18 PERSONE EVACUATE<\/h3>\n<p><em>L&#8217;Istituto Carenzoni Monego \u00e8 sotto sequestro penale dopo l&#8217;incendio, costringendo gli ospiti a una sistemazione d&#8217;emergenza. Si prospettano circa 20 giorni di attesa per accertamenti e riparazioni. Una soluzione provvisoria \u00e8 stata trovata per gli sfollati, coinvolgendo Azienda feltrina e Caritas. Dopo l&#8217;incendio, soccorsi e attivit\u00e0 di polizia giudiziaria sono seguiti, e l&#8217;edificio \u00e8 ora sigillato. Il Carenzoni si impegna a riparare rapidamente, ma l&#8217;emergenza abitativa viene affrontata con alloggi temporanei. Il confronto continuo tra enti e soccorritori promette una gestione oculata della situazione.<\/em><\/p><\/blockquote>\n<p><strong><a class=\"dt-pswp-item\" href=\"https:\/\/www.radiopiu.net\/wordpress\/wp-content\/uploads\/2024\/01\/d8ab9c53-028a-4c14-98bf-11cd8b17939a.jpg\" data-dt-img-description=\"\" data-large_image_width=\"1600\" data-large_image_height=\"1112\"><img loading=\"lazy\" decoding=\"async\" class=\" wp-image-368903 alignleft\" src=\"https:\/\/www.radiopiu.net\/wordpress\/wp-content\/uploads\/2024\/01\/d8ab9c53-028a-4c14-98bf-11cd8b17939a-300x209.jpg\" alt=\"\" width=\"204\" height=\"142\" srcset=\"https:\/\/www.radiopiu.net\/wordpress\/wp-content\/uploads\/2024\/01\/d8ab9c53-028a-4c14-98bf-11cd8b17939a-300x209.jpg 300w, https:\/\/www.radiopiu.net\/wordpress\/wp-content\/uploads\/2024\/01\/d8ab9c53-028a-4c14-98bf-11cd8b17939a-1024x712.jpg 1024w, https:\/\/www.radiopiu.net\/wordpress\/wp-content\/uploads\/2024\/01\/d8ab9c53-028a-4c14-98bf-11cd8b17939a-768x534.jpg 768w, https:\/\/www.radiopiu.net\/wordpress\/wp-content\/uploads\/2024\/01\/d8ab9c53-028a-4c14-98bf-11cd8b17939a-1536x1068.jpg 1536w, https:\/\/www.radiopiu.net\/wordpress\/wp-content\/uploads\/2024\/01\/d8ab9c53-028a-4c14-98bf-11cd8b17939a.jpg 1600w\" sizes=\"auto, (max-width: 204px) 100vw, 204px\" \/><\/a>FELTRE<\/strong> Sabato dalle 17, i vigili del fuoco sono intervenuti in via Cesare Battisti a Feltre per un incendio nell&#8217;istituto Carenzoni Monego. Hanno salvato 4 persone dalle finestre del primo piano, evacuando complessivamente 18 ospiti. Le fiamme si sono sviluppate nell&#8217;area lavaggio della cucina, causando fumo nelle camere del piano superiore. I pompieri hanno spento l&#8217;incendio, e uno degli ospiti con piccole ustioni \u00e8 stato trasferito in pronto soccorso. Le operazioni di messa in sicurezza dei locali sono ancora in corso. Il sindaco \u00e8 sul posto per trovare alloggi temporanei per le persone evacuate. I locali interessati sono interdetti fino al ripristino degli impianti e alla salubrit\u00e0 degli ambienti.<\/p>\n<p>&nbsp;<\/p>\n<p>&nbsp;<\/p>\n<hr \/>\n<p>&nbsp;<\/p>\n<blockquote>\n<h3>SUEM: TRE INTERVENTI IERI TRA AURONZO, CORTINA E LONGARONE<\/h3>\n<\/blockquote>\n<p><strong><a class=\"dt-pswp-item\" href=\"https:\/\/www.radiopiu.net\/wordpress\/wp-content\/uploads\/2023\/08\/ambulanza-ulss-1.jpg\" data-dt-img-description=\"\" data-large_image_width=\"1591\" data-large_image_height=\"1029\"><img loading=\"lazy\" decoding=\"async\" class=\" wp-image-348787 alignleft\" src=\"https:\/\/www.radiopiu.net\/wordpress\/wp-content\/uploads\/2023\/08\/ambulanza-ulss-1-300x194.jpg\" alt=\"\" width=\"186\" height=\"120\" srcset=\"https:\/\/www.radiopiu.net\/wordpress\/wp-content\/uploads\/2023\/08\/ambulanza-ulss-1-300x194.jpg 300w, https:\/\/www.radiopiu.net\/wordpress\/wp-content\/uploads\/2023\/08\/ambulanza-ulss-1-1024x662.jpg 1024w, https:\/\/www.radiopiu.net\/wordpress\/wp-content\/uploads\/2023\/08\/ambulanza-ulss-1-768x497.jpg 768w, https:\/\/www.radiopiu.net\/wordpress\/wp-content\/uploads\/2023\/08\/ambulanza-ulss-1-1536x993.jpg 1536w, https:\/\/www.radiopiu.net\/wordpress\/wp-content\/uploads\/2023\/08\/ambulanza-ulss-1.jpg 1591w\" sizes=\"auto, (max-width: 186px) 100vw, 186px\" \/><\/a>REDAZIONE<\/strong> Sono tre gli interventi del Suem 118 nel pomeriggio di oggi. Alle 13:30, ad Auronzo di Cadore, \u00e8 stato segnalato un caso di malore. Una donna di 66 anni residente ad Auronzo ha avuto bisogno di assistenza urgente. Sul posto \u00e8 intervenuto l&#8217;ambulanza e Falco, che ha trasportato la paziente all&#8217;ospedale di Belluno. Poco dopo, alle 14:40, un uomo di 62 anni proveniente da Conegliano \u00e8 rimasto coinvolto in un incidente sciistico. anche in questo caso \u00e8 intervenuto l&#8217;elicottero per il trasporto del paziente all&#8217;ospedale di Belluno. Alle 16:19, si \u00e8 verificato un incidente auto a Fae&#8217; di Longarone. Due persone, un uomo e una donna di 26 e 27 anni provenienti da Rovigo, sono rimaste coinvolte. Sono intervenuti gli operatori sanitari con l&#8217;ambulanza, che hanno provveduto al trasporto dei feriti al san Martino di Belluno. Inoltre 12 interventi sui comprensori sciistici: 6 a Cortina, uno ad Arabba, 3 sul Civetta e 2 a Falcade.<\/p>\n<p>&nbsp;<\/p>\n<p>&nbsp;<\/p>\n<hr \/>\n<p>&nbsp;<\/p>\n<blockquote>\n<h3>INCIDENTE IN PISTA A PASSO CAMPOLONGO<\/h3>\n<\/blockquote>\n<p><strong><a class=\"dt-pswp-item\" href=\"https:\/\/www.radiopiu.net\/wordpress\/wp-content\/uploads\/2023\/08\/suem.png\" data-dt-img-description=\"\" data-large_image_width=\"273\" data-large_image_height=\"127\"><img loading=\"lazy\" decoding=\"async\" class=\" wp-image-348238 alignleft\" src=\"https:\/\/www.radiopiu.net\/wordpress\/wp-content\/uploads\/2023\/08\/suem.png\" alt=\"\" width=\"157\" height=\"73\" \/><\/a>REDAZIONE<\/strong> Intervento dell&#8217;elicottero Aiut Alpin Dolomites venerd\u00ec mattina a Passo Campolongo dove una donna di 56 anni di Bolzano \u00e8 stata coinvolta in un incidente in pista ed \u00e8 stata elitrasportata all&#8217;ospedale di Bolzano.<\/p>\n<p>&nbsp;<\/p>\n<p>&nbsp;<\/p>\n<hr \/>\n<p>&nbsp;<\/p>\n<blockquote>\n<h3>RECUPERATO SCIATORE IN FUORIPISTA<\/h3>\n<\/blockquote>\n<p><strong>SELVA DI CADORE<\/strong> Ieri verso le 12.30 la Centrale del 118 \u00e8 stata attivata, su segnalazione del personale della seggiovia, attirato dalle grida di aiuto di uno sciatore in difficolt\u00e0 all&#8217;altezza del 16\u00b0 pilone. Uscito in fuoripista nel tratto di impianti di Pescul, un 24enne ucraino, era rimasto bloccato dalla neve, incapace di proseguire. Dopo aver ricevuto le indicazioni sommarie della posizione, il ragazzo, che era incolume, \u00e8 stato raggiunto da un soccorritore della Val Fiorentina, che si trovava gi\u00e0 nelle vicinanze, affiancato poi da altri due volontari, ed \u00e8 stato aiutato a tornare al sicuro.<\/p>\n<p>&nbsp;<\/p>\n<p>&nbsp;<\/p>\n<hr \/>\n<p>&nbsp;<\/p>\n<blockquote>\n<h3>C&#8217;E&#8217; LA PROPOSTA DI INTITOLARE IL CAMPO DI FREINE A MASSIMO CREPAZ<\/h3>\n<\/blockquote>\n<p><strong><a class=\"dt-pswp-item\" href=\"https:\/\/www.radiopiu.net\/wordpress\/wp-content\/uploads\/2024\/01\/MASSIMO-CREPAZ.jpg\" data-dt-img-description=\"\" data-large_image_width=\"855\" data-large_image_height=\"717\"><img loading=\"lazy\" decoding=\"async\" class=\" wp-image-368899 alignleft\" src=\"https:\/\/www.radiopiu.net\/wordpress\/wp-content\/uploads\/2024\/01\/MASSIMO-CREPAZ-300x252.jpg\" alt=\"\" width=\"157\" height=\"132\" srcset=\"https:\/\/www.radiopiu.net\/wordpress\/wp-content\/uploads\/2024\/01\/MASSIMO-CREPAZ-300x252.jpg 300w, https:\/\/www.radiopiu.net\/wordpress\/wp-content\/uploads\/2024\/01\/MASSIMO-CREPAZ-768x644.jpg 768w, https:\/\/www.radiopiu.net\/wordpress\/wp-content\/uploads\/2024\/01\/MASSIMO-CREPAZ.jpg 855w\" sizes=\"auto, (max-width: 157px) 100vw, 157px\" \/><\/a>LIVINALLONGO<\/strong><\/p>\n<p>DI LORENZO SORATROI<\/p>\n<audio class=\"wp-audio-shortcode\" id=\"audio-368749-5\" preload=\"none\" style=\"width: 100%;\" controls=\"controls\"><source type=\"audio\/mpeg\" src=\"https:\/\/www.radiopiu.net\/wordpress\/wp-content\/uploads\/2024\/01\/SORATROI-CE-LA-PROPOSTA-DI-INTITOLARE-IL-CAMPO-DI-FREINE-A-MASSIMO-CREPAZ.mp3?_=5\" \/><a href=\"https:\/\/www.radiopiu.net\/wordpress\/wp-content\/uploads\/2024\/01\/SORATROI-CE-LA-PROPOSTA-DI-INTITOLARE-IL-CAMPO-DI-FREINE-A-MASSIMO-CREPAZ.mp3\">https:\/\/www.radiopiu.net\/wordpress\/wp-content\/uploads\/2024\/01\/SORATROI-CE-LA-PROPOSTA-DI-INTITOLARE-IL-CAMPO-DI-FREINE-A-MASSIMO-CREPAZ.mp3<\/a><\/audio>\n<p>&nbsp;<\/p>\n<hr \/>\n<p>&nbsp;<\/p>\n<blockquote>\n<h3>LA RICERCA DI PERCORSI ALTERNATIVI HA RAGGIUNTO LIVELLI IMPENSABILI<\/h3>\n<\/blockquote>\n<p><strong>REDAZIONE<\/strong> Il video che pubblichiamo dice tutto. Un&#8217;auto sulle piste da sci a San Martino di Castrozza<\/p>\n<div style=\"width: 848px;\" class=\"wp-video\"><video class=\"wp-video-shortcode\" id=\"video-368749-1\" width=\"848\" height=\"480\" preload=\"metadata\" controls=\"controls\"><source type=\"video\/mp4\" src=\"https:\/\/www.radiopiu.net\/wordpress\/wp-content\/uploads\/2024\/01\/document_5821266976416207527.mp4?_=1\" \/><a href=\"https:\/\/www.radiopiu.net\/wordpress\/wp-content\/uploads\/2024\/01\/document_5821266976416207527.mp4\">https:\/\/www.radiopiu.net\/wordpress\/wp-content\/uploads\/2024\/01\/document_5821266976416207527.mp4<\/a><\/video><\/div>\n<p>&nbsp;<\/p>\n<hr \/>\n<p>&nbsp;<\/p>\n<blockquote>\n<h3>IL COMUNE DI AGORDO VUOLE RIQUALIFICARE L&#8217;EX TIRO A SEGNO DI CROSTOLIN<\/h3>\n<\/blockquote>\n<p><strong><a class=\"dt-pswp-item\" href=\"https:\/\/www.radiopiu.net\/wordpress\/wp-content\/uploads\/2024\/01\/8e6f79a9-311c-4662-afa0-752e18aa486d-1.jpg\" data-dt-img-description=\"\" data-large_image_width=\"1024\" data-large_image_height=\"683\"><img loading=\"lazy\" decoding=\"async\" class=\" wp-image-368800 alignleft\" src=\"https:\/\/www.radiopiu.net\/wordpress\/wp-content\/uploads\/2024\/01\/8e6f79a9-311c-4662-afa0-752e18aa486d-1-300x200.jpg\" alt=\"\" width=\"204\" height=\"136\" srcset=\"https:\/\/www.radiopiu.net\/wordpress\/wp-content\/uploads\/2024\/01\/8e6f79a9-311c-4662-afa0-752e18aa486d-1-300x200.jpg 300w, https:\/\/www.radiopiu.net\/wordpress\/wp-content\/uploads\/2024\/01\/8e6f79a9-311c-4662-afa0-752e18aa486d-1-768x512.jpg 768w, https:\/\/www.radiopiu.net\/wordpress\/wp-content\/uploads\/2024\/01\/8e6f79a9-311c-4662-afa0-752e18aa486d-1.jpg 1024w\" sizes=\"auto, (max-width: 204px) 100vw, 204px\" \/><\/a>AGORDO<\/strong><\/p>\n<p>DI GIANNI SANTOMASO<\/p>\n<audio class=\"wp-audio-shortcode\" id=\"audio-368749-6\" preload=\"none\" style=\"width: 100%;\" controls=\"controls\"><source type=\"audio\/mpeg\" src=\"https:\/\/www.radiopiu.net\/wordpress\/wp-content\/uploads\/2024\/01\/GIANNI-IL-COMUNE-DI-AGORDO-VUOLE-RIQUALIFICARE-LEX-TIRO-A-SEGNO-DI-CROSTOLIN.mp3?_=6\" \/><a href=\"https:\/\/www.radiopiu.net\/wordpress\/wp-content\/uploads\/2024\/01\/GIANNI-IL-COMUNE-DI-AGORDO-VUOLE-RIQUALIFICARE-LEX-TIRO-A-SEGNO-DI-CROSTOLIN.mp3\">https:\/\/www.radiopiu.net\/wordpress\/wp-content\/uploads\/2024\/01\/GIANNI-IL-COMUNE-DI-AGORDO-VUOLE-RIQUALIFICARE-LEX-TIRO-A-SEGNO-DI-CROSTOLIN.mp3<\/a><\/audio>\n<p>&nbsp;<\/p>\n<hr \/>\n<p>&nbsp;<\/p>\n<blockquote>\n<h3>VIABILITA&#8217; IN PROVINCIA DI BELLUNO, PARLA IL PRESIDENTE DEL VENETO LUCA ZAIA<\/h3>\n<\/blockquote>\n<p><strong><a class=\"dt-pswp-item\" href=\"https:\/\/www.radiopiu.net\/wordpress\/wp-content\/uploads\/2023\/12\/zaia-2023-scaled.jpg\" data-dt-img-description=\"\" data-large_image_width=\"2560\" data-large_image_height=\"1708\"><img loading=\"lazy\" decoding=\"async\" class=\" wp-image-364512 alignleft\" src=\"https:\/\/www.radiopiu.net\/wordpress\/wp-content\/uploads\/2023\/12\/zaia-2023-300x200.jpg\" alt=\"\" width=\"188\" height=\"125\" srcset=\"https:\/\/www.radiopiu.net\/wordpress\/wp-content\/uploads\/2023\/12\/zaia-2023-300x200.jpg 300w, https:\/\/www.radiopiu.net\/wordpress\/wp-content\/uploads\/2023\/12\/zaia-2023-1024x683.jpg 1024w, https:\/\/www.radiopiu.net\/wordpress\/wp-content\/uploads\/2023\/12\/zaia-2023-768x512.jpg 768w, https:\/\/www.radiopiu.net\/wordpress\/wp-content\/uploads\/2023\/12\/zaia-2023-1536x1025.jpg 1536w, https:\/\/www.radiopiu.net\/wordpress\/wp-content\/uploads\/2023\/12\/zaia-2023-2048x1366.jpg 2048w\" sizes=\"auto, (max-width: 188px) 100vw, 188px\" \/><\/a>PER LE TRE RADIO, BARBARA PAOLAZZI<\/strong><\/p>\n<audio class=\"wp-audio-shortcode\" id=\"audio-368749-7\" preload=\"none\" style=\"width: 100%;\" controls=\"controls\"><source type=\"audio\/mpeg\" src=\"https:\/\/www.radiopiu.net\/wordpress\/wp-content\/uploads\/2024\/01\/PAOLAZZI-ZAIA-VIABILITA.mp3?_=7\" \/><a href=\"https:\/\/www.radiopiu.net\/wordpress\/wp-content\/uploads\/2024\/01\/PAOLAZZI-ZAIA-VIABILITA.mp3\">https:\/\/www.radiopiu.net\/wordpress\/wp-content\/uploads\/2024\/01\/PAOLAZZI-ZAIA-VIABILITA.mp3<\/a><\/audio>\n<p>&nbsp;<\/p>\n<p>&nbsp;<\/p>\n<p><a class=\"dt-pswp-item\" href=\"https:\/\/www.radiopiu.net\/wordpress\/wp-content\/uploads\/2024\/01\/Senza-nome-19.png\" data-dt-img-description=\"\" data-large_image_width=\"387\" data-large_image_height=\"84\"><img loading=\"lazy\" decoding=\"async\" class=\"wp-image-368996 size-full aligncenter\" src=\"https:\/\/www.radiopiu.net\/wordpress\/wp-content\/uploads\/2024\/01\/Senza-nome-19.png\" alt=\"\" width=\"387\" height=\"84\" srcset=\"https:\/\/www.radiopiu.net\/wordpress\/wp-content\/uploads\/2024\/01\/Senza-nome-19.png 387w, https:\/\/www.radiopiu.net\/wordpress\/wp-content\/uploads\/2024\/01\/Senza-nome-19-300x65.png 300w\" sizes=\"auto, (max-width: 387px) 100vw, 387px\" \/><\/a><\/p>\n<p>&nbsp;<\/p>\n<p>&nbsp;<\/p>\n<hr \/>\n<p>&nbsp;<\/p>\n<blockquote>\n<h3>IL COMUNE DI FALCADE METTE IN VENDITA LE PROPRIE AZIONI DEGLI IMPIANTI FALCADE &#8211; COL MARGHERITA<\/h3>\n<\/blockquote>\n<p><strong><a class=\"dt-pswp-item\" href=\"https:\/\/www.radiopiu.net\/wordpress\/wp-content\/uploads\/2022\/12\/MUNICIPIO-FALCADE.png\" data-dt-img-description=\"\" data-large_image_width=\"941\" data-large_image_height=\"655\"><img loading=\"lazy\" decoding=\"async\" class=\" wp-image-314065 alignleft\" src=\"https:\/\/www.radiopiu.net\/wordpress\/wp-content\/uploads\/2022\/12\/MUNICIPIO-FALCADE-300x209.png\" alt=\"\" width=\"200\" height=\"139\" srcset=\"https:\/\/www.radiopiu.net\/wordpress\/wp-content\/uploads\/2022\/12\/MUNICIPIO-FALCADE-300x209.png 300w, https:\/\/www.radiopiu.net\/wordpress\/wp-content\/uploads\/2022\/12\/MUNICIPIO-FALCADE-768x535.png 768w, https:\/\/www.radiopiu.net\/wordpress\/wp-content\/uploads\/2022\/12\/MUNICIPIO-FALCADE.png 941w\" sizes=\"auto, (max-width: 200px) 100vw, 200px\" \/><\/a>FALCADE<\/strong><\/p>\n<p>DI GIANNI SANTOMASO<\/p>\n<audio class=\"wp-audio-shortcode\" id=\"audio-368749-8\" preload=\"none\" style=\"width: 100%;\" controls=\"controls\"><source type=\"audio\/mpeg\" src=\"https:\/\/www.radiopiu.net\/wordpress\/wp-content\/uploads\/2024\/01\/GIANNI-IL-COMUNE-DI-FALCADE-METTE-IN-VENDITA-LE-PROPRIE-AZIONI-DEGLI-IMPIANTI-FALCADE-COL-MARGHERITA.mp3?_=8\" \/><a href=\"https:\/\/www.radiopiu.net\/wordpress\/wp-content\/uploads\/2024\/01\/GIANNI-IL-COMUNE-DI-FALCADE-METTE-IN-VENDITA-LE-PROPRIE-AZIONI-DEGLI-IMPIANTI-FALCADE-COL-MARGHERITA.mp3\">https:\/\/www.radiopiu.net\/wordpress\/wp-content\/uploads\/2024\/01\/GIANNI-IL-COMUNE-DI-FALCADE-METTE-IN-VENDITA-LE-PROPRIE-AZIONI-DEGLI-IMPIANTI-FALCADE-COL-MARGHERITA.mp3<\/a><\/audio>\n<p>&nbsp;<\/p>\n<hr \/>\n<p>&nbsp;<\/p>\n<blockquote>\n<h3>IDROELETTRICO: IL PD CHIEDE CHE LA MONETIZZAZIONE RESTI NEL BELLUNESE<\/h3>\n<\/blockquote>\n<p><strong><a class=\"dt-pswp-item\" href=\"https:\/\/www.radiopiu.net\/wordpress\/wp-content\/uploads\/2019\/02\/mini-idroelettrico.jpg\" data-dt-img-description=\"\" data-large_image_width=\"615\" data-large_image_height=\"439\"><img loading=\"lazy\" decoding=\"async\" class=\" wp-image-75526 alignleft\" src=\"https:\/\/www.radiopiu.net\/wordpress\/wp-content\/uploads\/2019\/02\/mini-idroelettrico-300x214.jpg\" alt=\"\" width=\"171\" height=\"122\" srcset=\"https:\/\/www.radiopiu.net\/wordpress\/wp-content\/uploads\/2019\/02\/mini-idroelettrico-300x214.jpg 300w, https:\/\/www.radiopiu.net\/wordpress\/wp-content\/uploads\/2019\/02\/mini-idroelettrico.jpg 615w\" sizes=\"auto, (max-width: 171px) 100vw, 171px\" \/><\/a>VENEZIA <\/strong>&#8220;Da anni chiediamo che sia l&#8217;autonomia di Belluno non resti sulla carta e che venga applicata integralmente la legge che ne riconosce la specialit\u00e0. Se ora scattasse la tagliola sulla monetizzazione dell&#8217;energia idroelettrica, come stabilito per legge, ci ritroveremmo di fronte ad un tradimento inaccettabile&#8221;. La presa di posizione \u00e8 dei consiglieri regionali del PD Veneto, Jonatan Montanariello, Andrea Zanoni e Francesca Zottis. &#8220;Condividiamo la posizione in merito di un esponente politico autorevole come Quinto Piol che lancia l&#8217;allarme sul rischio che queste risorse vengano sottratte al territorio bellunese. E lo ribadiremo anche in occasione della seduta della seconda commissione prevista il prossimo 11 gennaio. Difendere questa splendida e fragile realt\u00e0 significa in primis garantirle adeguati stanziamenti. \u00c8 a dir poco stridente il fatto che gli stessi paladini dell&#8217;autonomia da Roma che siedono nella Giunta Zaia mostrino il volto centralista quando si tratta di riconoscere specificit\u00e0 e autonomia al bellunese&#8221;.<\/p>\n<p>&nbsp;<\/p>\n<p>&nbsp;<\/p>\n<hr \/>\n<p>&nbsp;<\/p>\n<blockquote>\n<h3>EXTRACANONI, PROVINCIA DI BELLUNO IN ATTESA DI RISORSE<\/h3>\n<\/blockquote>\n<p><strong><a class=\"dt-pswp-item\" href=\"https:\/\/www.radiopiu.net\/wordpress\/wp-content\/uploads\/2023\/04\/PADRIN.jpeg\" data-dt-img-description=\"\" data-large_image_width=\"1110\" data-large_image_height=\"648\"><img loading=\"lazy\" decoding=\"async\" class=\" wp-image-330720 alignleft\" src=\"https:\/\/www.radiopiu.net\/wordpress\/wp-content\/uploads\/2023\/04\/PADRIN-300x175.jpeg\" alt=\"\" width=\"183\" height=\"107\" srcset=\"https:\/\/www.radiopiu.net\/wordpress\/wp-content\/uploads\/2023\/04\/PADRIN-300x175.jpeg 300w, https:\/\/www.radiopiu.net\/wordpress\/wp-content\/uploads\/2023\/04\/PADRIN-1024x598.jpeg 1024w, https:\/\/www.radiopiu.net\/wordpress\/wp-content\/uploads\/2023\/04\/PADRIN-768x448.jpeg 768w, https:\/\/www.radiopiu.net\/wordpress\/wp-content\/uploads\/2023\/04\/PADRIN.jpeg 1110w\" sizes=\"auto, (max-width: 183px) 100vw, 183px\" \/><\/a>BELLUNO<\/strong> Il presidente della Provincia di Belluno, Roberto Padrin, esprime l&#8217;attesa per il sblocco delle risorse degli &#8220;extracanoni idrici&#8221;, introdotti dalla legge sull&#8217;energia della Regione Veneto. Questi extracanoni rappresentano una quota dell&#8217;energia ceduta gratuitamente dai grandi concessionari ai territori, pari a 220 kilowattora per ogni kilowatt di potenza nominale media di concessione. La Provincia di Belluno dovrebbe ricevere circa 18,4 milioni di euro all&#8217;anno da questa iniziativa. Padrin sottolinea che tali risorse sono diverse dai canoni idrici, che rappresentano entrate consolidate. Attualmente, in Seconda Commissione regionale si sta discutendo la possibilit\u00e0 di ridurre la quota destinata a Belluno per sostenere altre province colpite dalle spese per luce e gas. Padrin auspica che le specificit\u00e0 territoriali del Bellunese vengano prese in considerazione e che le risorse siano sbloccate presto per sostenere attivit\u00e0 sociali, case di riposo, scuole e attivit\u00e0 commerciali e turistiche.<\/p>\n<p>&nbsp;<\/p>\n<p>&nbsp;<\/p>\n<hr \/>\n<p>&nbsp;<\/p>\n<blockquote>\n<h3>NEL 2023 MIGLIORATA QUALITA\u2019 DELL\u2019ARIA IN VENETO<\/h3>\n<\/blockquote>\n<p><strong>VENEZIA<\/strong> I dati dell&#8217;Arpav relativi al 2023 indicano un miglioramento della qualit\u00e0 dell&#8217;aria in Veneto per il quarto anno consecutivo. Il valore limite annuale del biossido di azoto \u00e8 rispettato in tutte le stazioni di misura, e anche i limiti annuali per il particolato (PM10 e PM2.5) sono conformi alle normative. Tuttavia, persiste il superamento del valore limite giornaliero per il PM10 in alcune stazioni, sebbene in calo rispetto al 2022. L&#8217;Assessore all&#8217;Ambiente, Gianpaolo Bottacin, sottolinea che nonostante i miglioramenti, \u00e8 necessario continuare gli investimenti per affrontare la criticit\u00e0 legata allo smog nel bacino padano.<\/p>\n<p>&nbsp;<\/p>\n<p>&nbsp;<\/p>\n<hr \/>\n<p>&nbsp;<\/p>\n<blockquote>\n<h3>IL TRADIZIONALE APPUNTAMENTO CON LA BEFANA DEL VIGILE A BELLUNO<\/h3>\n<\/blockquote>\n<p><strong>BELLUNO<\/strong> Si \u00e8 svolta in piazza dei Martiri a Belluno la &#8220;Befana del vigile&#8221; arrivata all&#8217;udicesima edizione, organizzata dal Circolo Bellunese auto-moto d\u2019epoca \u201cBerto Gidoni\u201d con la collaborazione di varie associazioni, tra cui il circolo ricreativo dei Vigili del Fuoco. La manifestazione ha recuperato una tradizione che coinvolgeva il regalo di una bottiglia e un panettone al Vigile Urbano, che stazionava nella sua pedana all\u2019incrocio tra via Loreto e via Garibaldi. La sfilata ha incluso mezzi d&#8217;epoca (tra cui un furgone Fiat 238 del 1972, un\u2019autopompa 640N del 1952 e una CA AR59 1901-1101 del 1963 dei pompieri), con furgoni e autopompe storiche, chiudendo con un gesto benefico: ogni equipaggio ha donato un pacco con generi di prima necessit\u00e0 destinato alle opere di sostegno delle persone bisognose curate dai Frati Cappuccini di Mussoi.<\/p>\n\n\t\t\t<style type='text\/css'>\n\t\t\t\t#gallery-4 {\n\t\t\t\t\tmargin: auto;\n\t\t\t\t}\n\t\t\t\t#gallery-4 .gallery-item {\n\t\t\t\t\tfloat: left;\n\t\t\t\t\tmargin-top: 10px;\n\t\t\t\t\ttext-align: center;\n\t\t\t\t\twidth: 33%;\n\t\t\t\t}\n\t\t\t\t#gallery-4 img {\n\t\t\t\t\tborder: 2px solid #cfcfcf;\n\t\t\t\t}\n\t\t\t\t#gallery-4 .gallery-caption {\n\t\t\t\t\tmargin-left: 0;\n\t\t\t\t}\n\t\t\t\t\/* see gallery_shortcode() in wp-includes\/media.php *\/\n\t\t\t<\/style>\n\t\t<div id='gallery-4' class='dt-gallery-container gallery galleryid-368749 gallery-columns-3 gallery-size-medium'><dl class='gallery-item'>\n\t\t\t\t<dt class='gallery-icon landscape'>\n\t\t\t\t\t<a class=\"rollover rollover-zoom dt-pswp-item\" title=\"13d87ac3-067e-48b7-b9ba-59f1aba7a946\" data-dt-img-description=\"\" data-large_image_width=\"1600\" data-large_image_height=\"899\"href='https:\/\/www.radiopiu.net\/wordpress\/wp-content\/uploads\/2024\/01\/13d87ac3-067e-48b7-b9ba-59f1aba7a946.jpg'><img loading=\"lazy\" decoding=\"async\" width=\"300\" height=\"169\" src=\"https:\/\/www.radiopiu.net\/wordpress\/wp-content\/uploads\/2024\/01\/13d87ac3-067e-48b7-b9ba-59f1aba7a946-300x169.jpg\" class=\"attachment-medium size-medium\" alt=\"\" srcset=\"https:\/\/www.radiopiu.net\/wordpress\/wp-content\/uploads\/2024\/01\/13d87ac3-067e-48b7-b9ba-59f1aba7a946-300x169.jpg 300w, https:\/\/www.radiopiu.net\/wordpress\/wp-content\/uploads\/2024\/01\/13d87ac3-067e-48b7-b9ba-59f1aba7a946-1024x575.jpg 1024w, https:\/\/www.radiopiu.net\/wordpress\/wp-content\/uploads\/2024\/01\/13d87ac3-067e-48b7-b9ba-59f1aba7a946-768x432.jpg 768w, https:\/\/www.radiopiu.net\/wordpress\/wp-content\/uploads\/2024\/01\/13d87ac3-067e-48b7-b9ba-59f1aba7a946-1536x863.jpg 1536w, https:\/\/www.radiopiu.net\/wordpress\/wp-content\/uploads\/2024\/01\/13d87ac3-067e-48b7-b9ba-59f1aba7a946.jpg 1600w\" sizes=\"auto, (max-width: 300px) 100vw, 300px\" \/><\/a>\n\t\t\t\t<\/dt><\/dl><dl class='gallery-item'>\n\t\t\t\t<dt class='gallery-icon landscape'>\n\t\t\t\t\t<a class=\"rollover rollover-zoom dt-pswp-item\" title=\"c7a00b5a-bf2c-4eb5-a560-4b93f8bf0808\" data-dt-img-description=\"\" data-large_image_width=\"1600\" data-large_image_height=\"899\"href='https:\/\/www.radiopiu.net\/wordpress\/wp-content\/uploads\/2024\/01\/c7a00b5a-bf2c-4eb5-a560-4b93f8bf0808.jpg'><img loading=\"lazy\" decoding=\"async\" width=\"300\" height=\"169\" src=\"https:\/\/www.radiopiu.net\/wordpress\/wp-content\/uploads\/2024\/01\/c7a00b5a-bf2c-4eb5-a560-4b93f8bf0808-300x169.jpg\" class=\"attachment-medium size-medium\" alt=\"\" srcset=\"https:\/\/www.radiopiu.net\/wordpress\/wp-content\/uploads\/2024\/01\/c7a00b5a-bf2c-4eb5-a560-4b93f8bf0808-300x169.jpg 300w, https:\/\/www.radiopiu.net\/wordpress\/wp-content\/uploads\/2024\/01\/c7a00b5a-bf2c-4eb5-a560-4b93f8bf0808-1024x575.jpg 1024w, https:\/\/www.radiopiu.net\/wordpress\/wp-content\/uploads\/2024\/01\/c7a00b5a-bf2c-4eb5-a560-4b93f8bf0808-768x432.jpg 768w, https:\/\/www.radiopiu.net\/wordpress\/wp-content\/uploads\/2024\/01\/c7a00b5a-bf2c-4eb5-a560-4b93f8bf0808-1536x863.jpg 1536w, https:\/\/www.radiopiu.net\/wordpress\/wp-content\/uploads\/2024\/01\/c7a00b5a-bf2c-4eb5-a560-4b93f8bf0808.jpg 1600w\" sizes=\"auto, (max-width: 300px) 100vw, 300px\" \/><\/a>\n\t\t\t\t<\/dt><\/dl><dl class='gallery-item'>\n\t\t\t\t<dt class='gallery-icon landscape'>\n\t\t\t\t\t<a class=\"rollover rollover-zoom dt-pswp-item\" title=\"2974aa37-e1e7-4043-98cd-38e971de8c06\" data-dt-img-description=\"\" data-large_image_width=\"1600\" data-large_image_height=\"983\"href='https:\/\/www.radiopiu.net\/wordpress\/wp-content\/uploads\/2024\/01\/2974aa37-e1e7-4043-98cd-38e971de8c06.jpg'><img loading=\"lazy\" decoding=\"async\" width=\"300\" height=\"184\" src=\"https:\/\/www.radiopiu.net\/wordpress\/wp-content\/uploads\/2024\/01\/2974aa37-e1e7-4043-98cd-38e971de8c06-300x184.jpg\" class=\"attachment-medium size-medium\" alt=\"\" srcset=\"https:\/\/www.radiopiu.net\/wordpress\/wp-content\/uploads\/2024\/01\/2974aa37-e1e7-4043-98cd-38e971de8c06-300x184.jpg 300w, https:\/\/www.radiopiu.net\/wordpress\/wp-content\/uploads\/2024\/01\/2974aa37-e1e7-4043-98cd-38e971de8c06-1024x629.jpg 1024w, https:\/\/www.radiopiu.net\/wordpress\/wp-content\/uploads\/2024\/01\/2974aa37-e1e7-4043-98cd-38e971de8c06-768x472.jpg 768w, https:\/\/www.radiopiu.net\/wordpress\/wp-content\/uploads\/2024\/01\/2974aa37-e1e7-4043-98cd-38e971de8c06-1536x944.jpg 1536w, https:\/\/www.radiopiu.net\/wordpress\/wp-content\/uploads\/2024\/01\/2974aa37-e1e7-4043-98cd-38e971de8c06.jpg 1600w\" sizes=\"auto, (max-width: 300px) 100vw, 300px\" \/><\/a>\n\t\t\t\t<\/dt><\/dl><br style=\"clear: both\" \/><dl class='gallery-item'>\n\t\t\t\t<dt class='gallery-icon landscape'>\n\t\t\t\t\t<a class=\"rollover rollover-zoom dt-pswp-item\" title=\"09e4b21d-531e-456e-bf01-6e0d1c318068\" data-dt-img-description=\"\" data-large_image_width=\"1600\" data-large_image_height=\"1066\"href='https:\/\/www.radiopiu.net\/wordpress\/wp-content\/uploads\/2024\/01\/09e4b21d-531e-456e-bf01-6e0d1c318068.jpg'><img loading=\"lazy\" decoding=\"async\" width=\"300\" height=\"200\" src=\"https:\/\/www.radiopiu.net\/wordpress\/wp-content\/uploads\/2024\/01\/09e4b21d-531e-456e-bf01-6e0d1c318068-300x200.jpg\" class=\"attachment-medium size-medium\" alt=\"\" srcset=\"https:\/\/www.radiopiu.net\/wordpress\/wp-content\/uploads\/2024\/01\/09e4b21d-531e-456e-bf01-6e0d1c318068-300x200.jpg 300w, https:\/\/www.radiopiu.net\/wordpress\/wp-content\/uploads\/2024\/01\/09e4b21d-531e-456e-bf01-6e0d1c318068-1024x682.jpg 1024w, https:\/\/www.radiopiu.net\/wordpress\/wp-content\/uploads\/2024\/01\/09e4b21d-531e-456e-bf01-6e0d1c318068-768x512.jpg 768w, https:\/\/www.radiopiu.net\/wordpress\/wp-content\/uploads\/2024\/01\/09e4b21d-531e-456e-bf01-6e0d1c318068-1536x1023.jpg 1536w, https:\/\/www.radiopiu.net\/wordpress\/wp-content\/uploads\/2024\/01\/09e4b21d-531e-456e-bf01-6e0d1c318068.jpg 1600w\" sizes=\"auto, (max-width: 300px) 100vw, 300px\" \/><\/a>\n\t\t\t\t<\/dt><\/dl><dl class='gallery-item'>\n\t\t\t\t<dt class='gallery-icon landscape'>\n\t\t\t\t\t<a class=\"rollover rollover-zoom dt-pswp-item\" title=\"24021463-dcad-4e3c-af5c-509ba79ecc2d\" data-dt-img-description=\"\" data-large_image_width=\"1297\" data-large_image_height=\"813\"href='https:\/\/www.radiopiu.net\/wordpress\/wp-content\/uploads\/2024\/01\/24021463-dcad-4e3c-af5c-509ba79ecc2d.jpg'><img loading=\"lazy\" decoding=\"async\" width=\"300\" height=\"188\" src=\"https:\/\/www.radiopiu.net\/wordpress\/wp-content\/uploads\/2024\/01\/24021463-dcad-4e3c-af5c-509ba79ecc2d-300x188.jpg\" class=\"attachment-medium size-medium\" alt=\"\" srcset=\"https:\/\/www.radiopiu.net\/wordpress\/wp-content\/uploads\/2024\/01\/24021463-dcad-4e3c-af5c-509ba79ecc2d-300x188.jpg 300w, https:\/\/www.radiopiu.net\/wordpress\/wp-content\/uploads\/2024\/01\/24021463-dcad-4e3c-af5c-509ba79ecc2d-1024x642.jpg 1024w, https:\/\/www.radiopiu.net\/wordpress\/wp-content\/uploads\/2024\/01\/24021463-dcad-4e3c-af5c-509ba79ecc2d-768x481.jpg 768w, https:\/\/www.radiopiu.net\/wordpress\/wp-content\/uploads\/2024\/01\/24021463-dcad-4e3c-af5c-509ba79ecc2d.jpg 1297w\" sizes=\"auto, (max-width: 300px) 100vw, 300px\" \/><\/a>\n\t\t\t\t<\/dt><\/dl><dl class='gallery-item'>\n\t\t\t\t<dt class='gallery-icon landscape'>\n\t\t\t\t\t<a class=\"rollover rollover-zoom dt-pswp-item\" title=\"b74dfee8-5c30-4ce7-ac30-269fe7c632a5\" data-dt-img-description=\"\" data-large_image_width=\"1420\" data-large_image_height=\"924\"href='https:\/\/www.radiopiu.net\/wordpress\/wp-content\/uploads\/2024\/01\/b74dfee8-5c30-4ce7-ac30-269fe7c632a5.jpg'><img loading=\"lazy\" decoding=\"async\" width=\"300\" height=\"195\" src=\"https:\/\/www.radiopiu.net\/wordpress\/wp-content\/uploads\/2024\/01\/b74dfee8-5c30-4ce7-ac30-269fe7c632a5-300x195.jpg\" class=\"attachment-medium size-medium\" alt=\"\" srcset=\"https:\/\/www.radiopiu.net\/wordpress\/wp-content\/uploads\/2024\/01\/b74dfee8-5c30-4ce7-ac30-269fe7c632a5-300x195.jpg 300w, https:\/\/www.radiopiu.net\/wordpress\/wp-content\/uploads\/2024\/01\/b74dfee8-5c30-4ce7-ac30-269fe7c632a5-1024x666.jpg 1024w, https:\/\/www.radiopiu.net\/wordpress\/wp-content\/uploads\/2024\/01\/b74dfee8-5c30-4ce7-ac30-269fe7c632a5-768x500.jpg 768w, https:\/\/www.radiopiu.net\/wordpress\/wp-content\/uploads\/2024\/01\/b74dfee8-5c30-4ce7-ac30-269fe7c632a5.jpg 1420w\" sizes=\"auto, (max-width: 300px) 100vw, 300px\" \/><\/a>\n\t\t\t\t<\/dt><\/dl><br style=\"clear: both\" \/>\n\t\t\t<\/div>\n\n<p>&nbsp;<\/p>\n<hr \/>\n<p>&nbsp;<\/p>\n<blockquote>\n<h3>IL LICEO LOLLINO CI SARA&#8217;<\/h3>\n<\/blockquote>\n<p><strong><a class=\"dt-pswp-item\" href=\"https:\/\/www.radiopiu.net\/wordpress\/wp-content\/uploads\/2021\/04\/LOLLINO.jpg\" data-dt-img-description=\"\" data-large_image_width=\"1618\" data-large_image_height=\"1078\"><img loading=\"lazy\" decoding=\"async\" class=\" wp-image-203612 alignleft\" src=\"https:\/\/www.radiopiu.net\/wordpress\/wp-content\/uploads\/2021\/04\/LOLLINO-300x200.jpg\" alt=\"\" width=\"155\" height=\"103\" srcset=\"https:\/\/www.radiopiu.net\/wordpress\/wp-content\/uploads\/2021\/04\/LOLLINO-300x200.jpg 300w, https:\/\/www.radiopiu.net\/wordpress\/wp-content\/uploads\/2021\/04\/LOLLINO-1024x682.jpg 1024w, https:\/\/www.radiopiu.net\/wordpress\/wp-content\/uploads\/2021\/04\/LOLLINO-768x512.jpg 768w, https:\/\/www.radiopiu.net\/wordpress\/wp-content\/uploads\/2021\/04\/LOLLINO-1536x1023.jpg 1536w, https:\/\/www.radiopiu.net\/wordpress\/wp-content\/uploads\/2021\/04\/LOLLINO.jpg 1618w\" sizes=\"auto, (max-width: 155px) 100vw, 155px\" \/><\/a>BELLUNO<\/strong> Il liceo Lollino, affrontando la situazione attuale, ha proposto una collaborazione con &#8220;Scuole per crescere&#8221;, una rete di scuole cattoliche operante principalmente in Toscana ma estesa anche in altre regioni del Centro Nord. Questa proposta mira a preservare lo stile del Lollino e contemporaneamente ad aggiornarne l&#8217;offerta educativa. Scuole per crescere, rappresentata da Mario Monti Guarnieri, \u00e8 il soggetto identificato per gestire il liceo scientifico e classico frequentato dagli studenti nell&#8217;edificio di via San Pietro a Belluno, in collaborazione con la Diocesi di Belluno-Feltre. La nuova gestione \u00e8 stata discussa in incontri con docenti, rappresentanti dei genitori e il Vescovo Renato Marangoni. Al Lollino, il 7 gennaio, si terr\u00e0 un evento di &#8220;Scuola aperta&#8221; per presentare le novit\u00e0 previste per l&#8217;anno scolastico 2024-2025, mantenendo l&#8217;integrazione tra il liceo scientifico e classico con una curvatura internazionale.<\/p>\n<p>&nbsp;<\/p>\n<p>&nbsp;<\/p>\n<hr \/>\n<p>&nbsp;<\/p>\n<blockquote>\n<h3>A FELTRE CINQUE NUOVE COLONNINE PER LA RICARICA DI AUTO ELETTRICHE<\/h3>\n<\/blockquote>\n<p><strong><a class=\"dt-pswp-item\" href=\"https:\/\/www.radiopiu.net\/wordpress\/wp-content\/uploads\/2021\/12\/Auto-elettriche_lr.jpg\" data-dt-img-description=\"\" data-large_image_width=\"373\" data-large_image_height=\"249\"><img loading=\"lazy\" decoding=\"async\" class=\" wp-image-246364 alignleft\" src=\"https:\/\/www.radiopiu.net\/wordpress\/wp-content\/uploads\/2021\/12\/Auto-elettriche_lr-300x200.jpg\" alt=\"\" width=\"185\" height=\"123\" srcset=\"https:\/\/www.radiopiu.net\/wordpress\/wp-content\/uploads\/2021\/12\/Auto-elettriche_lr-300x200.jpg 300w, https:\/\/www.radiopiu.net\/wordpress\/wp-content\/uploads\/2021\/12\/Auto-elettriche_lr.jpg 373w\" sizes=\"auto, (max-width: 185px) 100vw, 185px\" \/><\/a>FELTRE<\/strong> Il Comune di Feltre ha approvato un accordo con la societ\u00e0 Be Charge per l&#8217;installazione di cinque nuove colonnine di ricarica per veicoli elettrici. Be Charge svolge il ruolo di E-Mobility Provider (EMP) e Charging Point Operator (CPO), gestendo l&#8217;infrastruttura di punti di ricarica. La delibera di Giunta autorizza il progetto che prevede l&#8217;installazione delle colonnine in aree di parcheggio strategiche del territorio, promuovendo la mobilit\u00e0 elettrica come mezzo per migliorare la qualit\u00e0 dell&#8217;ambiente. Il vicesindaco di Feltre, Claudio dalla Palma, sottolinea che l&#8217;iniziativa non comporta oneri per il Comune, tranne la disponibilit\u00e0 di spazi pubblici per le nuove colonnine. Le colonnine saranno di ultima generazione e offriranno una ricarica veloce. La durata della convenzione con Be Charge sar\u00e0 di 12 anni, e le aree selezionate per l&#8217;installazione mirano a coprire zone prive di postazioni simili.<\/p>\n<p>&nbsp;<\/p>\n<p>&nbsp;<\/p>\n<hr \/>\n<p>&nbsp;<\/p>\n<blockquote>\n<h3>ALPAGO: MINORANZA CONTRO L&#8217;AUMENTO IRPEF<\/h3>\n<\/blockquote>\n<p><strong><a class=\"dt-pswp-item\" href=\"https:\/\/www.radiopiu.net\/wordpress\/wp-content\/uploads\/2024\/01\/De-Francesch-Costa-Dal-Paos.png\" data-dt-img-description=\"\" data-large_image_width=\"1573\" data-large_image_height=\"785\"><img loading=\"lazy\" decoding=\"async\" class=\" wp-image-368788 alignleft\" src=\"https:\/\/www.radiopiu.net\/wordpress\/wp-content\/uploads\/2024\/01\/De-Francesch-Costa-Dal-Paos-300x150.png\" alt=\"\" width=\"192\" height=\"96\" srcset=\"https:\/\/www.radiopiu.net\/wordpress\/wp-content\/uploads\/2024\/01\/De-Francesch-Costa-Dal-Paos-300x150.png 300w, https:\/\/www.radiopiu.net\/wordpress\/wp-content\/uploads\/2024\/01\/De-Francesch-Costa-Dal-Paos-1024x511.png 1024w, https:\/\/www.radiopiu.net\/wordpress\/wp-content\/uploads\/2024\/01\/De-Francesch-Costa-Dal-Paos-768x383.png 768w, https:\/\/www.radiopiu.net\/wordpress\/wp-content\/uploads\/2024\/01\/De-Francesch-Costa-Dal-Paos-1536x767.png 1536w, https:\/\/www.radiopiu.net\/wordpress\/wp-content\/uploads\/2024\/01\/De-Francesch-Costa-Dal-Paos.png 1573w\" sizes=\"auto, (max-width: 192px) 100vw, 192px\" \/><\/a>ALPAGO<\/strong> Il Gruppo &#8220;Alpago, Insieme per il futuro&#8221; e &#8220;A come Alpago&#8221; si sono opposti agli aumenti dell&#8217;IRPEF decisi dall&#8217;Amministrazione Peterle per il 2024 e successivi. Le aliquote, approvate l&#8217;anno precedente, mantengono un&#8217;esenzione per redditi inferiori a 15.000 euro annui ma presentano incrementi significativi per fasce di reddito superiori. Nonostante il tentativo di presentare un emendamento al bilancio per riportare le aliquote ai livelli precedenti, l&#8217;iniziativa \u00e8 stata dichiarata &#8220;irricevibile.&#8221; Le minoranze esprimono delusione per l&#8217;approccio della maggioranza e lamentano la mancata riduzione delle tasse per i cittadini dell&#8217;Alpago, specie considerando le possibili premialit\u00e0 economiche legate alla fusione comunale.<\/p>\n<p>&nbsp;<\/p>\n<p>&nbsp;<\/p>\n<hr \/>\n<p>&nbsp;<\/p>\n<blockquote>\n<h3>DILLO A RADIO PIU&#8217;&#8230;I MERCATINI DI NATALE AD ALLEGHE SAREBBERO UN VALORE AGGIUNTO<\/h3>\n<\/blockquote>\n<p><strong><a class=\"dt-pswp-item\" href=\"https:\/\/www.radiopiu.net\/wordpress\/wp-content\/uploads\/2022\/12\/alleghe-estate.jpg\" data-dt-img-description=\"\" data-large_image_width=\"640\" data-large_image_height=\"425\"><img loading=\"lazy\" decoding=\"async\" class=\" wp-image-311542 alignleft\" src=\"https:\/\/www.radiopiu.net\/wordpress\/wp-content\/uploads\/2022\/12\/alleghe-estate-300x199.jpg\" alt=\"\" width=\"152\" height=\"101\" srcset=\"https:\/\/www.radiopiu.net\/wordpress\/wp-content\/uploads\/2022\/12\/alleghe-estate-300x199.jpg 300w, https:\/\/www.radiopiu.net\/wordpress\/wp-content\/uploads\/2022\/12\/alleghe-estate.jpg 640w\" sizes=\"auto, (max-width: 152px) 100vw, 152px\" \/><\/a>Riceviamo e pubblichiamo<\/strong><\/p>\n<p>Vi scrivo per esprimere una amarezza che da qualche anno mi rattrista. Per una serie di motivazioni mi sono trasferita a Masar\u00e8 di Rocca Pietore, un luogo bellissimo e a tratti pure incantato. La vista da casa mia si affaccia sulla cascata di Alleghe. Un contesto ricco per lo sport: d\u2019inverno lo sci, il pattinaggio o le camminate attorno al lago o in altri splendidi posti dell\u2019Agordino, d\u2019estate le camminate in quota e l\u2019arrampicata. Quello che manca, non solo a mio parere, sono i mercatini di Natale, che porterebbero tanto turismo e darebbero ad Alleghe ancora maggior fasto, oltre che richiamare nuova gente e nuova energia economica. Non tutti vanno a sciare e magari dopo una bella giornata, \u00e8 piacevole vedere qualche oggetto da regalare\/regalarsi o prendere un vin brul\u00e8 per riscaldarsi. Tra l\u2018altro il posto ci sarebbe, perch\u00e9 d\u2019estate viene fatto il mercato settimanale proprio lungo il lago e sarebbe veramente bello e renderebbe l\u2019atmosfera ancora pi\u00f9 magica di quello che gi\u00e0 \u00e8. Io capisco tante cose, ma so perfettamente che tutto questo incrementerebbe il turismo e darebbe ancor pi\u00f9 lustro ad Alleghe e cos\u00ec il turismo non dovrebbe recarsi fino a Brunico o Bolzano per vedere dei mercatini, farcendo peraltro ancora strada e sottraendo altra economia all\u2019Agordino. Anni fa i mercatini c\u2019erano anche ad Agordo, ma ora il nulla. Sono passata per Falcade e di sei casette ce ne era solo una aperta. Mi domando a questo punto se non si voglia far scappare il turismo operando in questa maniera o meglio non facendo niente. Questo rammarico non \u00e8 solo mio, ma anche di altre persone che la pensano come me e che dicono che \u00e8 un peccato che per una visione miope ci facciamo sfuggire tanto turismo, oltre al fatto di creare momenti di socialit\u00e0 e creare degli eventi che attirerebbero turismo e di conseguenza ulteriori entrate anche per il Comune. Volevo esprimere qui in Radio Pi\u00f9 i miei pensieri sperando che vengano colti dalle Amministrazioni competenti e che si possa un altro anno riuscire a vedere questi benedetti Mercatini Natalizi. Naturalmente per questo inverno \u00e8 tardi, ma riprorr\u00f2 la stessa lettera a settembre, dando cos\u00ec modo alle Amministrazioni di organizzarsi. Grazie dell\u2019attenzione.<\/p>\n<p>Manuela Marchesi<\/p>\n<p>&nbsp;<\/p>\n<p>&nbsp;<\/p>\n<hr \/>\n<div class=\"moz-text-html\" lang=\"x-western\">\n<div dir=\"ltr\">\n<div><strong><em><span style=\"font-size: x-large;\">\u00a0 \u00a0<\/span><\/em><\/strong><\/div>\n<blockquote>\n<h3>DILLO A RADIO PIU&#8217;\u00a0 &#8220;UNA LEVATA DI SCUDI NON CON&#8230;DIVISA&#8221;<\/h3>\n<\/blockquote>\n<div><\/div>\n<\/div>\n<\/div>\n<p><em>Non riesco a capire perch\u00e9 maggior parte dei Sindaci si sono opposti ( assieme ai Sindacati) Affinch\u00e9 la Polizia Locale affianchi le Forze dell\u2019Ordine nei servizi di Polizia, in particolare nei servizi sulla strada.<\/em><br \/>\n<em>Ricordo che la Polizia Locale \u00e9 a tutti gli effetti anche un organo di Polizia Stradale e che tra i suoi compiti \u00e9 abilitata a svolgere attivit\u00e0 di Polizia Stradale con servizi\u00a0 di prevenzione, controllo, rilievi e repressione ecc.ecc.<\/em><br \/>\n<em>Pertanto non vedo questa levata di scudi nel voler ridimensionare la loro attivit\u00e0.<\/em><br \/>\n<em>Sarebbe interessante sentire su questa materia anche gli stessi operatori.<\/em><br \/>\n<em>\u00a0<\/em><em>Rodolfo Pellegrinon, Falcade<\/em><\/p>\n<hr \/>\n<p>&nbsp;<\/p>\n<blockquote>\n<h3>PER OGNI VENETO 4.292 EURO DI IRPEF &#8211; PRESSIONE FISCALE AL 47,4%. &#8211; MEF SU EVASIONE AUTONOMI &#8220;INATTENDIBILI&#8221;<\/h3>\n<\/blockquote>\n<p><a class=\"dt-pswp-item\" href=\"https:\/\/www.radiopiu.net\/wordpress\/wp-content\/uploads\/2024\/01\/Schermata-2024-01-06-alle-10.12.17.png\" data-dt-img-description=\"\" data-large_image_width=\"938\" data-large_image_height=\"1714\"><img loading=\"lazy\" decoding=\"async\" class=\"size-medium wp-image-368839 alignleft\" src=\"https:\/\/www.radiopiu.net\/wordpress\/wp-content\/uploads\/2024\/01\/Schermata-2024-01-06-alle-10.12.17-164x300.png\" alt=\"\" width=\"164\" height=\"300\" srcset=\"https:\/\/www.radiopiu.net\/wordpress\/wp-content\/uploads\/2024\/01\/Schermata-2024-01-06-alle-10.12.17-164x300.png 164w, https:\/\/www.radiopiu.net\/wordpress\/wp-content\/uploads\/2024\/01\/Schermata-2024-01-06-alle-10.12.17-560x1024.png 560w, https:\/\/www.radiopiu.net\/wordpress\/wp-content\/uploads\/2024\/01\/Schermata-2024-01-06-alle-10.12.17-768x1403.png 768w, https:\/\/www.radiopiu.net\/wordpress\/wp-content\/uploads\/2024\/01\/Schermata-2024-01-06-alle-10.12.17-841x1536.png 841w, https:\/\/www.radiopiu.net\/wordpress\/wp-content\/uploads\/2024\/01\/Schermata-2024-01-06-alle-10.12.17.png 938w\" sizes=\"auto, (max-width: 164px) 100vw, 164px\" \/><\/a>Ognuno dei 3,6 milioni di contribuenti Irpef presenti nel Veneto versa all\u2019erario mediamente 4.292 euro all\u2019anno. Un importo inferiore a quanto pagano, ad esempio, i lombardi, i residenti della Provincia Autonoma di Bolzano o i laziali. Le ragioni di questo gap vanno ricercate nei livelli retributivi medi dei nostri corregionali che, mediamente, sono pi\u00f9 bassi della gran parte di quelli riconducibili ai contribuenti Irpef delle principali regioni del Nord (vedi Tab. 1).<\/p>\n<p>Se teniamo conto che in Veneto l\u2019incidenza percentuale dell\u2019economia non osservata sul valore aggiunto regionale \u00e8 molto contenuta e pari al 10 per cento (vedi Graf. 1), ci\u00f2 testimonia che il peso dell\u2019evasione fiscale e del lavoro nero presente nel nostro territorio \u00e8 molto contenuto. Pertanto, possiamo affermare che la quasi totalit\u00e0 dei contribuenti Irpef veneti sono fedeli al fisco e sugli stessi grava una pressione fiscale reale del 47,4 per cento: quasi 5 punti in pi\u00f9 rispetto al dato ufficiale che l\u2019anno scorso si \u00e8 attestato al 42,5 per cento (vedi Tab. 2). A dirlo \u00e8 l\u2019Ufficio studi della CGIA.<\/p>\n<p><strong>Perch\u00e9 questa differenza?<\/strong><br \/>\nIl Pil nazionale, come del resto quello di molti altri Paesi dell\u2019Unione Europea, comprende anche gli effetti dell\u2019economia non osservata, il cui contributo alle casse dello Stato \u00e8 nullo per definizione. Pertanto, alla luce del fatto che la pressione fiscale \u00e8 data dal rapporto tra le entrate fiscali e il Pil, se da quest\u2019ultimo storniamo la componente riconducibile al sommerso, il peso del fisco in capo ai contribuenti onesti sale inevitabilmente, consegnandoci un carico fiscale reale per il 2023 del 47,4 per cento. Si tratta di un livello di 4,9 punti superiore a quello ufficiale che, invece, si \u00e8 attestato al 42, 5 per cento.<\/p>\n<p><strong>Meno tasse, ma pochi se ne sono accorti<\/strong><br \/>\nNel 2023 il prelievo fiscale \u00e8 finalmente sceso: rispetto all\u2019anno precedente la pressione fiscale \u00e8 diminuita di 0,2 punti percentuali, grazie alla rimodulazione delle aliquote e degli scaglioni dell\u2019Irpef e al modesto aumento del Pil. Analogamente, anche nel 2024 il peso complessivo delle tasse e dei contributi sulla ricchezza prodotta nel Paese dovrebbe scendere. Tuttavia, \u00e8 verosimile ritenere che la gran parte degli italiani, purtroppo, non se ne sia accorta, poich\u00e9 nel contempo \u00e8 cresciuto il costo delle bollette, della Tari, dei ticket sanitari, dei pedaggi autostradali, dei servizi postali, dei trasporti, etc. Insomma, se le tasse sono diminuite, il peso delle tariffe invece \u00e8 salito creando un effetto distorsivo. In sintesi, i contribuenti non hanno potuto beneficiare pienamente della diminuzione della pressione fiscale perch\u00e9, nel frattempo sono aumentate le tariffe che, a differenza delle tasse, statisticamente non vengono incluse tra le voci che compongono le entrate fiscali.<\/p>\n<p><strong><a class=\"dt-pswp-item\" href=\"https:\/\/www.radiopiu.net\/wordpress\/wp-content\/uploads\/2024\/01\/Schermata-2024-01-06-alle-10.12.36.png\" data-dt-img-description=\"\" data-large_image_width=\"1264\" data-large_image_height=\"1404\"><img loading=\"lazy\" decoding=\"async\" class=\"size-medium wp-image-368838 alignleft\" src=\"https:\/\/www.radiopiu.net\/wordpress\/wp-content\/uploads\/2024\/01\/Schermata-2024-01-06-alle-10.12.36-270x300.png\" alt=\"\" width=\"270\" height=\"300\" srcset=\"https:\/\/www.radiopiu.net\/wordpress\/wp-content\/uploads\/2024\/01\/Schermata-2024-01-06-alle-10.12.36-270x300.png 270w, https:\/\/www.radiopiu.net\/wordpress\/wp-content\/uploads\/2024\/01\/Schermata-2024-01-06-alle-10.12.36-922x1024.png 922w, https:\/\/www.radiopiu.net\/wordpress\/wp-content\/uploads\/2024\/01\/Schermata-2024-01-06-alle-10.12.36-768x853.png 768w, https:\/\/www.radiopiu.net\/wordpress\/wp-content\/uploads\/2024\/01\/Schermata-2024-01-06-alle-10.12.36.png 1264w\" sizes=\"auto, (max-width: 270px) 100vw, 270px\" \/><\/a>Ecco perch\u00e9 la pressione fiscale reale \u00e8 al 47,4%<\/strong><br \/>\nIn Italia nel 2021 (ultimo dato disponibile) l\u2019economia non osservata ammontava a 192 miliardi di euro (pari all\u201911,7 per cento del valore aggiunto nazionale) (vedi Graf. 1), di cui 173,8 miliardi erano attribuibili al sommerso economico e altri 18,2 alle attivit\u00e0 illegali. Nei dati riportati in questa news, l\u2019Ufficio studi della CGIA ha ipotizzato, prudenzialmente, che l\u2019incidenza dell\u2019economia sommersa e delle attivit\u00e0 illegali sul Pil nel biennio 2022-2023 non abbia subito alcuna variazione rispetto al dato 2021.<\/p>\n<p><strong>I calcoli del MEF sono comunque esatti<\/strong><br \/>\nRibadendo che la pressione fiscale ufficiale \u00e8 data dal rapporto tra le entrate fiscali ed il Pil, se dalla ricchezza del Paese scorporiamo la quota riconducibile all\u2019economia non osservata che non apporta gettito alle casse dello Stato, il prodotto interno lordo diminuisce (quindi si riduce il valore del denominatore), facendo aumentare il risultato che emerge dal rapporto tra il gettito fiscale e il Pil. L\u2019Ufficio studi della CGIA tiene comunque a precisare che la pressione fiscale ufficiale calcolata anche dal Ministero dell\u2019Economia e delle Finanze (nel 2023 al 42,5 per cento) rispetta fedelmente le disposizioni metodologiche previste dall\u2019Eurostat.<\/p>\n<p><strong>\u201cInattendibili\u201d invece quelli sull\u2019evasione degli autonomi<\/strong><br \/>\nNei giorni scorsi \u00e8 stato aggiornato il report sull\u2019economia sommersa e sull\u2019evasione fiscale e contributiva presente in Italia. I dati del Ministero dell\u2019Economia e delle Finanze (MEF) stimano in 83,6 miliardi di euro il tax gap presente nel Paese. Sebbene il dato sia in calo, la tipologia di imposta maggiormente soggetta ad evasione in Italia rimane l\u2019Irpef dei lavoratori autonomi, per un importo pari a 30 miliardi di euro che corrisponde ad una propensione al gap nell\u2019imposta del 67,2 per cento. Questo vuol dire che, secondo i tecnici del MEF, i lavoratori autonomi versano solo un terzo dell\u2019Irpef che teoricamente dovrebbero versare al fisco. Senza entrare nel merito della metodologia di calcolo utilizzata che, a nostro avviso, appare alquanto discutibile, ci limitiamo a dimostrare l\u2019\u201cinattendibilit\u00e0\u201d di questo risultato mediante alcune semplici considerazioni. Secondo le dichiarazioni dei redditi dei lavoratori autonomi in contabilit\u00e0 semplificata del Veneto (praticamente artigiani e commercianti), nell\u2019anno di imposta 2021 gli stessi hanno dichiarato mediamente 33.300 euro lordi (vedi Tab. 3). Segnaliamo che oltre il 70 per cento di queste partite Iva \u00e8 composto dal solo titolare dell\u2019azienda (in altre parole lavora da solo). Bene. Se, come sostiene il MEF, queste attivit\u00e0 evadono poco pi\u00f9 del 67 per <a class=\"dt-pswp-item\" href=\"https:\/\/www.radiopiu.net\/wordpress\/wp-content\/uploads\/2024\/01\/Schermata-2024-01-06-alle-10.13.29.png\" data-dt-img-description=\"\" data-large_image_width=\"542\" data-large_image_height=\"1356\"><img loading=\"lazy\" decoding=\"async\" class=\"size-medium wp-image-368837 alignleft\" src=\"https:\/\/www.radiopiu.net\/wordpress\/wp-content\/uploads\/2024\/01\/Schermata-2024-01-06-alle-10.13.29-120x300.png\" alt=\"\" width=\"120\" height=\"300\" srcset=\"https:\/\/www.radiopiu.net\/wordpress\/wp-content\/uploads\/2024\/01\/Schermata-2024-01-06-alle-10.13.29-120x300.png 120w, https:\/\/www.radiopiu.net\/wordpress\/wp-content\/uploads\/2024\/01\/Schermata-2024-01-06-alle-10.13.29-409x1024.png 409w, https:\/\/www.radiopiu.net\/wordpress\/wp-content\/uploads\/2024\/01\/Schermata-2024-01-06-alle-10.13.29.png 542w\" sizes=\"auto, (max-width: 120px) 100vw, 120px\" \/><\/a>cento dell\u2019Irpef, quanto dovrebbero dichiarare se fossero rispettosi delle richieste dell\u2019erario? Circa il 1115 per cento in pi\u00f9, vale a dire poco pi\u00f9 di 73 mila euro all\u2019anno. Ora, come possono \u201craggiungere\u201d nella realt\u00e0 una soglia di reddito cos\u00ec elevata se la stragrande maggioranza lavora da solo, quindi \u00e8 poco pi\u00f9 di un lavoratore dipendente, e al massimo pu\u00f2 lavorare 10-12 ore al giorno, senza contare che durante questo nastro orario deve rapportarsi anche con i clienti, con i fornitori, con altre aziende, con il commercialista, con la banca, con l\u2019assicurazione e come tutti i comuni mortali pu\u00f2 infortunarsi, ammalarsi, prendersi delle ferie, etc., etc.?<\/p>\n<p><strong>La stima sull\u2019evasione non include i \u201cminimi\u201d, gran parte dell\u2019agricoltura, i professionisti e il settore domestico<\/strong><br \/>\nOvviamente, nessuno pu\u00f2 nascondere che anche tra i lavoratori autonomi ci siano delle sacche di evasione che vanno assolutamente contrastate. Tuttavia, le stime messe a punto dal MEF non convincono, anche alla luce del fatto che non includono il tax gap riconducibile agli autonomi esclusi dal pagamento dell\u2019Irap. Vale a dire quelli che hanno aderito al regime fiscale dei \u201cminimi\u201d, una buona parte delle imprese agricole, i professionisti privi di autonoma organizzazione e il settore dei servizi domestici. Complessivamente stiamo parlando di ben oltre la met\u00e0 dei lavoratori indipendenti presente nel nostro Paese (circa 2,5 milioni). Ebbene, se fosse considerata anche l\u2019evasione di questi ultimi, che picco toccherebbe il mancato gettito ascrivibile al cosiddetto popolo delle partite Iva? Appare pertanto evidente che i dati presentati dal MEF nei giorni scorsi siano poco \u201cattendibili\u201d.<\/p>\n<p>&nbsp;<\/p>\n<p>&nbsp;<\/p>\n<p><a class=\"dt-pswp-item\" href=\"https:\/\/www.radiopiu.net\/wordpress\/wp-content\/uploads\/2024\/01\/Senza-nome-19.png\" data-dt-img-description=\"\" data-large_image_width=\"387\" data-large_image_height=\"84\"><img loading=\"lazy\" decoding=\"async\" class=\"wp-image-368996 size-full aligncenter\" src=\"https:\/\/www.radiopiu.net\/wordpress\/wp-content\/uploads\/2024\/01\/Senza-nome-19.png\" alt=\"\" width=\"387\" height=\"84\" srcset=\"https:\/\/www.radiopiu.net\/wordpress\/wp-content\/uploads\/2024\/01\/Senza-nome-19.png 387w, https:\/\/www.radiopiu.net\/wordpress\/wp-content\/uploads\/2024\/01\/Senza-nome-19-300x65.png 300w\" sizes=\"auto, (max-width: 387px) 100vw, 387px\" \/><\/a><\/p>\n<p>&nbsp;<\/p>\n<p>&nbsp;<\/p>\n<hr \/>\n<p>&nbsp;<\/p>\n<blockquote>\n<h1>EVENTI A BELLUNO<\/h1>\n<h1><strong style=\"font-size: 14px;\">FOTO CARMELA\u00a0<\/strong><\/h1>\n<\/blockquote>\n\n\t\t\t<style type='text\/css'>\n\t\t\t\t#gallery-5 {\n\t\t\t\t\tmargin: auto;\n\t\t\t\t}\n\t\t\t\t#gallery-5 .gallery-item {\n\t\t\t\t\tfloat: left;\n\t\t\t\t\tmargin-top: 10px;\n\t\t\t\t\ttext-align: center;\n\t\t\t\t\twidth: 33%;\n\t\t\t\t}\n\t\t\t\t#gallery-5 img {\n\t\t\t\t\tborder: 2px solid #cfcfcf;\n\t\t\t\t}\n\t\t\t\t#gallery-5 .gallery-caption {\n\t\t\t\t\tmargin-left: 0;\n\t\t\t\t}\n\t\t\t\t\/* see gallery_shortcode() in wp-includes\/media.php *\/\n\t\t\t<\/style>\n\t\t<div id='gallery-5' class='dt-gallery-container gallery galleryid-368749 gallery-columns-3 gallery-size-thumbnail'><dl class='gallery-item'>\n\t\t\t\t<dt class='gallery-icon portrait'>\n\t\t\t\t\t<a class=\"rollover rollover-zoom dt-pswp-item\" title=\"77037601-cc6f-4267-ac12-5a4658e9619f\" data-dt-img-description=\"\" data-large_image_width=\"738\" data-large_image_height=\"1600\"href='https:\/\/www.radiopiu.net\/wordpress\/wp-content\/uploads\/2024\/01\/77037601-cc6f-4267-ac12-5a4658e9619f.jpg'><img loading=\"lazy\" decoding=\"async\" width=\"150\" height=\"150\" src=\"https:\/\/www.radiopiu.net\/wordpress\/wp-content\/uploads\/2024\/01\/77037601-cc6f-4267-ac12-5a4658e9619f-150x150.jpg\" class=\"attachment-thumbnail size-thumbnail\" alt=\"\" \/><\/a>\n\t\t\t\t<\/dt><\/dl><dl class='gallery-item'>\n\t\t\t\t<dt class='gallery-icon landscape'>\n\t\t\t\t\t<a class=\"rollover rollover-zoom dt-pswp-item\" title=\"ab5d2adf-9a27-4f64-a4df-0bf436ed91a9\" data-dt-img-description=\"\" data-large_image_width=\"1599\" data-large_image_height=\"899\"href='https:\/\/www.radiopiu.net\/wordpress\/wp-content\/uploads\/2024\/01\/ab5d2adf-9a27-4f64-a4df-0bf436ed91a9.jpg'><img loading=\"lazy\" decoding=\"async\" width=\"150\" height=\"150\" src=\"https:\/\/www.radiopiu.net\/wordpress\/wp-content\/uploads\/2024\/01\/ab5d2adf-9a27-4f64-a4df-0bf436ed91a9-150x150.jpg\" class=\"attachment-thumbnail size-thumbnail\" alt=\"\" \/><\/a>\n\t\t\t\t<\/dt><\/dl><dl class='gallery-item'>\n\t\t\t\t<dt class='gallery-icon portrait'>\n\t\t\t\t\t<a class=\"rollover rollover-zoom dt-pswp-item\" title=\"f80559b9-9f14-4b2e-a43b-5dc670b25723\" data-dt-img-description=\"\" data-large_image_width=\"1200\" data-large_image_height=\"1600\"href='https:\/\/www.radiopiu.net\/wordpress\/wp-content\/uploads\/2024\/01\/f80559b9-9f14-4b2e-a43b-5dc670b25723.jpg'><img loading=\"lazy\" decoding=\"async\" width=\"150\" height=\"150\" src=\"https:\/\/www.radiopiu.net\/wordpress\/wp-content\/uploads\/2024\/01\/f80559b9-9f14-4b2e-a43b-5dc670b25723-150x150.jpg\" class=\"attachment-thumbnail size-thumbnail\" alt=\"\" \/><\/a>\n\t\t\t\t<\/dt><\/dl><br style=\"clear: both\" \/>\n\t\t\t<\/div>\n\n<p><strong>Impatti sonori al teatro Dino Buzzati. \u00a0Filarmonica di Belluno e\u00a0 Schola Cantorum di Santa Giustina<\/strong><\/p>\n\n\t\t\t<style type='text\/css'>\n\t\t\t\t#gallery-6 {\n\t\t\t\t\tmargin: auto;\n\t\t\t\t}\n\t\t\t\t#gallery-6 .gallery-item {\n\t\t\t\t\tfloat: left;\n\t\t\t\t\tmargin-top: 10px;\n\t\t\t\t\ttext-align: center;\n\t\t\t\t\twidth: 50%;\n\t\t\t\t}\n\t\t\t\t#gallery-6 img {\n\t\t\t\t\tborder: 2px solid #cfcfcf;\n\t\t\t\t}\n\t\t\t\t#gallery-6 .gallery-caption {\n\t\t\t\t\tmargin-left: 0;\n\t\t\t\t}\n\t\t\t\t\/* see gallery_shortcode() in wp-includes\/media.php *\/\n\t\t\t<\/style>\n\t\t<div id='gallery-6' class='dt-gallery-container gallery galleryid-368749 gallery-columns-2 gallery-size-thumbnail'><dl class='gallery-item'>\n\t\t\t\t<dt class='gallery-icon portrait'>\n\t\t\t\t\t<a class=\"rollover rollover-zoom dt-pswp-item\" title=\"de32b8ee-494c-4ab5-9b93-4e5b3c59b209\" data-dt-img-description=\"\" data-large_image_width=\"1080\" data-large_image_height=\"1920\"href='https:\/\/www.radiopiu.net\/wordpress\/wp-content\/uploads\/2024\/01\/de32b8ee-494c-4ab5-9b93-4e5b3c59b209.jpg'><img loading=\"lazy\" decoding=\"async\" width=\"150\" height=\"150\" src=\"https:\/\/www.radiopiu.net\/wordpress\/wp-content\/uploads\/2024\/01\/de32b8ee-494c-4ab5-9b93-4e5b3c59b209-150x150.jpg\" class=\"attachment-thumbnail size-thumbnail\" alt=\"\" \/><\/a>\n\t\t\t\t<\/dt><\/dl><dl class='gallery-item'>\n\t\t\t\t<dt class='gallery-icon landscape'>\n\t\t\t\t\t<a class=\"rollover rollover-zoom dt-pswp-item\" title=\"18585df0-5f2f-407b-a2fa-e41535f6a46e\" data-dt-img-description=\"\" data-large_image_width=\"1600\" data-large_image_height=\"1200\"href='https:\/\/www.radiopiu.net\/wordpress\/wp-content\/uploads\/2024\/01\/18585df0-5f2f-407b-a2fa-e41535f6a46e.jpg'><img loading=\"lazy\" decoding=\"async\" width=\"150\" height=\"150\" src=\"https:\/\/www.radiopiu.net\/wordpress\/wp-content\/uploads\/2024\/01\/18585df0-5f2f-407b-a2fa-e41535f6a46e-150x150.jpg\" class=\"attachment-thumbnail size-thumbnail\" alt=\"\" \/><\/a>\n\t\t\t\t<\/dt><\/dl><br style=\"clear: both\" \/>\n\t\t\t<\/div>\n\n<p>&nbsp;<\/p>\n<p>&nbsp;<\/p>\n<hr \/>\n<p>&nbsp;<\/p>\n<blockquote>\n<h3>ARIA D&#8217;INVERN, IL CONCORSO FOTOGRAFICO<\/h3>\n<\/blockquote>\n<p><strong>CENCENIGHE<\/strong> La Pro Loco di Cencenighe ha organizzato un concorso fotografico dal titolo &#8220;Aria D&#8217;Invern&#8221;. Chi volesse partecipare pu\u00f2 inviare gli scatti fino al 31 marzo alla mail ariadinvern@gmail.com seguiranno le premiazioni e, nel mese di luglio, l&#8217;esposizione delle foto al Nof Fil\u00f2. Regolamento completo sul sito www.prolococencenighe.it<\/p>\n<p>&nbsp;<\/p>\n<p>&nbsp;<\/p>\n<hr \/>\n<p>&nbsp;<\/p>\n<blockquote>\n<h3>LA DOMINATOR NIGHT AI PIANI DI PEZZE&#8217;<\/h3>\n<\/blockquote>\n<p><strong><a class=\"dt-pswp-item\" href=\"https:\/\/www.radiopiu.net\/wordpress\/wp-content\/uploads\/2024\/01\/00648696-10e1-4547-ad51-29d9d0d7c579.jpg\" data-dt-img-description=\"\" data-large_image_width=\"1024\" data-large_image_height=\"856\"><img loading=\"lazy\" decoding=\"async\" class=\" wp-image-368860 alignleft\" src=\"https:\/\/www.radiopiu.net\/wordpress\/wp-content\/uploads\/2024\/01\/00648696-10e1-4547-ad51-29d9d0d7c579-300x251.jpg\" alt=\"\" width=\"149\" height=\"125\" srcset=\"https:\/\/www.radiopiu.net\/wordpress\/wp-content\/uploads\/2024\/01\/00648696-10e1-4547-ad51-29d9d0d7c579-300x251.jpg 300w, https:\/\/www.radiopiu.net\/wordpress\/wp-content\/uploads\/2024\/01\/00648696-10e1-4547-ad51-29d9d0d7c579-768x642.jpg 768w, https:\/\/www.radiopiu.net\/wordpress\/wp-content\/uploads\/2024\/01\/00648696-10e1-4547-ad51-29d9d0d7c579.jpg 1024w\" sizes=\"auto, (max-width: 149px) 100vw, 149px\" \/><\/a>DI ALESSIA DALL&#8217;O&#8217;<\/strong><\/p>\n<audio class=\"wp-audio-shortcode\" id=\"audio-368749-9\" preload=\"none\" style=\"width: 100%;\" controls=\"controls\"><source type=\"audio\/mpeg\" src=\"https:\/\/www.radiopiu.net\/wordpress\/wp-content\/uploads\/2024\/01\/ALESSIA-DOMINATOR.mp3?_=9\" \/><a href=\"https:\/\/www.radiopiu.net\/wordpress\/wp-content\/uploads\/2024\/01\/ALESSIA-DOMINATOR.mp3\">https:\/\/www.radiopiu.net\/wordpress\/wp-content\/uploads\/2024\/01\/ALESSIA-DOMINATOR.mp3<\/a><\/audio>\n<p>&nbsp;<\/p>\n<div style=\"width: 848px;\" class=\"wp-video\"><video class=\"wp-video-shortcode\" id=\"video-368749-2\" width=\"848\" height=\"480\" preload=\"metadata\" controls=\"controls\"><source type=\"video\/mp4\" src=\"https:\/\/www.radiopiu.net\/wordpress\/wp-content\/uploads\/2024\/01\/WhatsApp-Video-2024-01-06-at-11.36.21.mp4?_=2\" \/><a href=\"https:\/\/www.radiopiu.net\/wordpress\/wp-content\/uploads\/2024\/01\/WhatsApp-Video-2024-01-06-at-11.36.21.mp4\">https:\/\/www.radiopiu.net\/wordpress\/wp-content\/uploads\/2024\/01\/WhatsApp-Video-2024-01-06-at-11.36.21.mp4<\/a><\/video><\/div>\n<p>&nbsp;<\/p>\n<p>&nbsp;<\/p>\n<hr \/>\n<p>&nbsp;<\/p>\n<blockquote>\n<h3>LE DONAZE A COLLE SANTA LUCIA<\/h3>\n<\/blockquote>\n<p><strong><a class=\"dt-pswp-item\" href=\"https:\/\/www.radiopiu.net\/wordpress\/wp-content\/uploads\/2024\/01\/22512aa8-749b-4480-857c-036653e8c2eb.jpg\" data-dt-img-description=\"\" data-large_image_width=\"762\" data-large_image_height=\"580\"><img loading=\"lazy\" decoding=\"async\" class=\" wp-image-368880 alignleft\" src=\"https:\/\/www.radiopiu.net\/wordpress\/wp-content\/uploads\/2024\/01\/22512aa8-749b-4480-857c-036653e8c2eb-300x228.jpg\" alt=\"\" width=\"172\" height=\"131\" srcset=\"https:\/\/www.radiopiu.net\/wordpress\/wp-content\/uploads\/2024\/01\/22512aa8-749b-4480-857c-036653e8c2eb-300x228.jpg 300w, https:\/\/www.radiopiu.net\/wordpress\/wp-content\/uploads\/2024\/01\/22512aa8-749b-4480-857c-036653e8c2eb.jpg 762w\" sizes=\"auto, (max-width: 172px) 100vw, 172px\" \/><\/a>COLLE SANTA LUCIA<\/strong> Appuntamento tradizionale la vigilia dell&#8217;Epifania con Le Donaze. Una serata sotto la neve dove le Donaze hanno rallegrato gli ospiti del paese.<\/p>\n<p>(FOTO: Pagina Facebook Colle Santa Lucia &#8211; Dolomiti)<\/p>\n<p><strong>MAURIZIO TROI, ASSOCIAZIONE TURISTICA COLLE SANTA LUCIA<\/strong><\/p>\n<audio class=\"wp-audio-shortcode\" id=\"audio-368749-10\" preload=\"none\" style=\"width: 100%;\" controls=\"controls\"><source type=\"audio\/mpeg\" src=\"https:\/\/www.radiopiu.net\/wordpress\/wp-content\/uploads\/2024\/01\/MAURIZIO-TROI-DONAZE.mp3?_=10\" \/><a href=\"https:\/\/www.radiopiu.net\/wordpress\/wp-content\/uploads\/2024\/01\/MAURIZIO-TROI-DONAZE.mp3\">https:\/\/www.radiopiu.net\/wordpress\/wp-content\/uploads\/2024\/01\/MAURIZIO-TROI-DONAZE.mp3<\/a><\/audio>\n<p>&nbsp;<\/p>\n<hr \/>\n<p>&nbsp;<\/p>\n<blockquote>\n<h3>A VARE DI SAN TOMASO E&#8217; ARRIVATA LA BEFANA<\/h3>\n<\/blockquote>\n<p><strong>SAN TOMASO<\/strong> Puntuale, come ogni anno, anche a Vare di San Tomaso \u00e8 arrivata la Befana per salutare grandi e piccini. Immancabili i fuochi, classici della vigilia dell&#8217;Epifania<\/p>\n\n\t\t\t<style type='text\/css'>\n\t\t\t\t#gallery-7 {\n\t\t\t\t\tmargin: auto;\n\t\t\t\t}\n\t\t\t\t#gallery-7 .gallery-item {\n\t\t\t\t\tfloat: left;\n\t\t\t\t\tmargin-top: 10px;\n\t\t\t\t\ttext-align: center;\n\t\t\t\t\twidth: 25%;\n\t\t\t\t}\n\t\t\t\t#gallery-7 img {\n\t\t\t\t\tborder: 2px solid #cfcfcf;\n\t\t\t\t}\n\t\t\t\t#gallery-7 .gallery-caption {\n\t\t\t\t\tmargin-left: 0;\n\t\t\t\t}\n\t\t\t\t\/* see gallery_shortcode() in wp-includes\/media.php *\/\n\t\t\t<\/style>\n\t\t<div id='gallery-7' class='dt-gallery-container gallery galleryid-368749 gallery-columns-4 gallery-size-thumbnail'><dl class='gallery-item'>\n\t\t\t\t<dt class='gallery-icon landscape'>\n\t\t\t\t\t<a class=\"rollover rollover-zoom dt-pswp-item\" title=\"d490baa5-4107-49d7-9841-09197081ca6a\" data-dt-img-description=\"\" data-large_image_width=\"1600\" data-large_image_height=\"1200\"href='https:\/\/www.radiopiu.net\/wordpress\/wp-content\/uploads\/2024\/01\/d490baa5-4107-49d7-9841-09197081ca6a.jpg'><img loading=\"lazy\" decoding=\"async\" width=\"150\" height=\"150\" src=\"https:\/\/www.radiopiu.net\/wordpress\/wp-content\/uploads\/2024\/01\/d490baa5-4107-49d7-9841-09197081ca6a-150x150.jpg\" class=\"attachment-thumbnail size-thumbnail\" alt=\"\" \/><\/a>\n\t\t\t\t<\/dt><\/dl><dl class='gallery-item'>\n\t\t\t\t<dt class='gallery-icon landscape'>\n\t\t\t\t\t<a class=\"rollover rollover-zoom dt-pswp-item\" title=\"735db1fb-0b9e-4869-ab3c-837ae8232ad1\" data-dt-img-description=\"\" data-large_image_width=\"1600\" data-large_image_height=\"1200\"href='https:\/\/www.radiopiu.net\/wordpress\/wp-content\/uploads\/2024\/01\/735db1fb-0b9e-4869-ab3c-837ae8232ad1.jpg'><img loading=\"lazy\" decoding=\"async\" width=\"150\" height=\"150\" src=\"https:\/\/www.radiopiu.net\/wordpress\/wp-content\/uploads\/2024\/01\/735db1fb-0b9e-4869-ab3c-837ae8232ad1-150x150.jpg\" class=\"attachment-thumbnail size-thumbnail\" alt=\"\" \/><\/a>\n\t\t\t\t<\/dt><\/dl><dl class='gallery-item'>\n\t\t\t\t<dt class='gallery-icon portrait'>\n\t\t\t\t\t<a class=\"rollover rollover-zoom dt-pswp-item\" title=\"605105b4-7249-43db-a00d-e677738dd015\" data-dt-img-description=\"\" data-large_image_width=\"1200\" data-large_image_height=\"1600\"href='https:\/\/www.radiopiu.net\/wordpress\/wp-content\/uploads\/2024\/01\/605105b4-7249-43db-a00d-e677738dd015.jpg'><img loading=\"lazy\" decoding=\"async\" width=\"150\" height=\"150\" src=\"https:\/\/www.radiopiu.net\/wordpress\/wp-content\/uploads\/2024\/01\/605105b4-7249-43db-a00d-e677738dd015-150x150.jpg\" class=\"attachment-thumbnail size-thumbnail\" alt=\"\" \/><\/a>\n\t\t\t\t<\/dt><\/dl><dl class='gallery-item'>\n\t\t\t\t<dt class='gallery-icon portrait'>\n\t\t\t\t\t<a class=\"rollover rollover-zoom dt-pswp-item\" title=\"eaaf2c8c-3032-4427-a1d7-b4a95cf39f60\" data-dt-img-description=\"\" data-large_image_width=\"1200\" data-large_image_height=\"1600\"href='https:\/\/www.radiopiu.net\/wordpress\/wp-content\/uploads\/2024\/01\/eaaf2c8c-3032-4427-a1d7-b4a95cf39f60.jpg'><img loading=\"lazy\" decoding=\"async\" width=\"150\" height=\"150\" src=\"https:\/\/www.radiopiu.net\/wordpress\/wp-content\/uploads\/2024\/01\/eaaf2c8c-3032-4427-a1d7-b4a95cf39f60-150x150.jpg\" class=\"attachment-thumbnail size-thumbnail\" alt=\"\" \/><\/a>\n\t\t\t\t<\/dt><\/dl><br style=\"clear: both\" \/>\n\t\t\t<\/div>\n\n<p>&nbsp;<\/p>\n<hr \/>\n<p>&nbsp;<\/p>\n<h2><span style=\"color: #ff6600;\">ALLA RADIO<\/span><\/h2>\n<h2><span style=\"color: #ff0000;\">L&#8217;INTERVISTA AD ENNIO VIGNE E MAURO SOPPELSA<\/span><\/h2>\n<p><strong><a class=\"dt-pswp-item\" href=\"https:\/\/www.radiopiu.net\/wordpress\/wp-content\/uploads\/2024\/01\/c0c7e637-b469-4449-9a27-4daf169d802c.jpg\" data-dt-img-description=\"\" data-large_image_width=\"1024\" data-large_image_height=\"686\"><img loading=\"lazy\" decoding=\"async\" class=\" wp-image-368855 alignleft\" src=\"https:\/\/www.radiopiu.net\/wordpress\/wp-content\/uploads\/2024\/01\/c0c7e637-b469-4449-9a27-4daf169d802c-300x201.jpg\" alt=\"\" width=\"184\" height=\"123\" srcset=\"https:\/\/www.radiopiu.net\/wordpress\/wp-content\/uploads\/2024\/01\/c0c7e637-b469-4449-9a27-4daf169d802c-300x201.jpg 300w, https:\/\/www.radiopiu.net\/wordpress\/wp-content\/uploads\/2024\/01\/c0c7e637-b469-4449-9a27-4daf169d802c-768x515.jpg 768w, https:\/\/www.radiopiu.net\/wordpress\/wp-content\/uploads\/2024\/01\/c0c7e637-b469-4449-9a27-4daf169d802c.jpg 1024w\" sizes=\"auto, (max-width: 184px) 100vw, 184px\" \/><\/a>DI MIRKO MEZZACASA<\/strong><\/p>\n<p>OSPITI: Ennio Vigne, Presidente dell&#8217;Ente Parco Dolomiti Bellunesi, e Mauro Soppelsa, Presidente del GAL Alto Bellunese<\/p>\n<audio class=\"wp-audio-shortcode\" id=\"audio-368749-11\" preload=\"none\" style=\"width: 100%;\" controls=\"controls\"><source type=\"audio\/mpeg\" src=\"https:\/\/www.radiopiu.net\/wordpress\/wp-content\/uploads\/2024\/01\/PRINCIPALE.mp3?_=11\" \/><a href=\"https:\/\/www.radiopiu.net\/wordpress\/wp-content\/uploads\/2024\/01\/PRINCIPALE.mp3\">https:\/\/www.radiopiu.net\/wordpress\/wp-content\/uploads\/2024\/01\/PRINCIPALE.mp3<\/a><\/audio>\n<p>&nbsp;<\/p>\n<h2><span style=\"color: #008000;\">SPECIALE SOLIDARIETA&#8217; VENETO<\/span><\/h2>\n<p><strong><a class=\"dt-pswp-item\" href=\"https:\/\/www.radiopiu.net\/wordpress\/wp-content\/uploads\/2020\/05\/solidariet\u00e0-veneto.jpg\" data-dt-img-description=\"\" data-large_image_width=\"1373\" data-large_image_height=\"961\"><img loading=\"lazy\" decoding=\"async\" class=\" wp-image-134366 alignleft\" src=\"https:\/\/www.radiopiu.net\/wordpress\/wp-content\/uploads\/2020\/05\/solidariet\u00e0-veneto-300x210.jpg\" alt=\"\" width=\"164\" height=\"115\" srcset=\"https:\/\/www.radiopiu.net\/wordpress\/wp-content\/uploads\/2020\/05\/solidariet\u00e0-veneto-300x210.jpg 300w, https:\/\/www.radiopiu.net\/wordpress\/wp-content\/uploads\/2020\/05\/solidariet\u00e0-veneto-1024x717.jpg 1024w, https:\/\/www.radiopiu.net\/wordpress\/wp-content\/uploads\/2020\/05\/solidariet\u00e0-veneto-768x538.jpg 768w, https:\/\/www.radiopiu.net\/wordpress\/wp-content\/uploads\/2020\/05\/solidariet\u00e0-veneto.jpg 1373w\" sizes=\"auto, (max-width: 164px) 100vw, 164px\" \/><\/a>DI MIRKO MEZZACASA<\/strong><\/p>\n<p>Ospite: Paolo Stefan, direttore Solidariet\u00e0 Veneto<\/p>\n<audio class=\"wp-audio-shortcode\" id=\"audio-368749-12\" preload=\"none\" style=\"width: 100%;\" controls=\"controls\"><source type=\"audio\/mpeg\" src=\"https:\/\/www.radiopiu.net\/wordpress\/wp-content\/uploads\/2024\/01\/paolo-stefan-venerdi-2024.mp3?_=12\" \/><a href=\"https:\/\/www.radiopiu.net\/wordpress\/wp-content\/uploads\/2024\/01\/paolo-stefan-venerdi-2024.mp3\">https:\/\/www.radiopiu.net\/wordpress\/wp-content\/uploads\/2024\/01\/paolo-stefan-venerdi-2024.mp3<\/a><\/audio>\n<p>&nbsp;<\/p>\n<p>&nbsp;<\/p>\n<hr \/>\n<p>&nbsp;<\/p>\n<blockquote>\n<h3 dir=\"auto\">BANDI E CONCORSI, DAL &#8220;MERCATINO&#8221; SITO RADIOPIU.NET<\/h3>\n<\/blockquote>\n<div dir=\"auto\">\n<p><a class=\"dt-pswp-item\" href=\"https:\/\/www.radiopiu.net\/wordpress\/wp-content\/uploads\/2023\/11\/TAIBON-1.jpg\" data-dt-img-description=\"\" data-large_image_width=\"960\" data-large_image_height=\"720\"><img loading=\"lazy\" decoding=\"async\" class=\"wp-image-359597 alignleft\" src=\"https:\/\/www.radiopiu.net\/wordpress\/wp-content\/uploads\/2023\/11\/TAIBON-1-300x225.jpg\" alt=\"\" width=\"145\" height=\"109\" srcset=\"https:\/\/www.radiopiu.net\/wordpress\/wp-content\/uploads\/2023\/11\/TAIBON-1-300x225.jpg 300w, https:\/\/www.radiopiu.net\/wordpress\/wp-content\/uploads\/2023\/11\/TAIBON-1-768x576.jpg 768w, https:\/\/www.radiopiu.net\/wordpress\/wp-content\/uploads\/2023\/11\/TAIBON-1.jpg 960w\" sizes=\"auto, (max-width: 145px) 100vw, 145px\" \/><\/a><strong>IL COMUNE DI TAIBON<\/strong> RENDE NOTO CHE \u00e8 STATO INDETTO UN CONCORSO PUBBLICO PER SOLI ESAMI. SI ASSUME, A TEMPO INDETERMINATO E PIENO 1 COLLABORATORE PROFESSIONALE CONDUTTORE DI MACCHINE OPERATRICI COMPLESSE TRATTAMENTO ECONOMICO COME DA NORME CONTRATTUALI. PATENTE DI GUIDA RICHIESTA DI TIPO B, C E D IN CORSO DI VALIDIT\u00e0. Per informazioni e copie del bando gli interessati potranno rivolgersi ai seguenti recapiti: telefono: 0439 310259, mail: concorsi@feltrino.bl.it La registrazione, la compilazione e l\u2019invio on line della domanda devono essere completati entro le 12 del 12 GENNAIO<\/p>\n<p>&nbsp;<\/p>\n<p><a class=\"dt-pswp-item\" href=\"https:\/\/www.radiopiu.net\/wordpress\/wp-content\/uploads\/2020\/04\/ASCA.png\" data-dt-img-description=\"\" data-large_image_width=\"1211\" data-large_image_height=\"668\"><img loading=\"lazy\" decoding=\"async\" class=\"wp-image-128881 alignleft\" src=\"https:\/\/www.radiopiu.net\/wordpress\/wp-content\/uploads\/2020\/04\/ASCA-300x165.png\" alt=\"\" width=\"173\" height=\"95\" srcset=\"https:\/\/www.radiopiu.net\/wordpress\/wp-content\/uploads\/2020\/04\/ASCA-300x165.png 300w, https:\/\/www.radiopiu.net\/wordpress\/wp-content\/uploads\/2020\/04\/ASCA-1024x565.png 1024w, https:\/\/www.radiopiu.net\/wordpress\/wp-content\/uploads\/2020\/04\/ASCA-768x424.png 768w, https:\/\/www.radiopiu.net\/wordpress\/wp-content\/uploads\/2020\/04\/ASCA.png 1211w\" sizes=\"auto, (max-width: 173px) 100vw, 173px\" \/><\/a><strong>AVVISO DI SELEZIONE!<\/strong><br \/>\n<strong>AGORDO<\/strong> ASCA, azienda speciale consortile agordina cerca a tempo indeterminato e con orario pieno una figura\u00a0 professionale denominata REFERENTE DEGLI OPERATORI SOCIO SANITARI.\u00a0 ACCESSO WELFARE AZIENDALE, POSSIBILIT\u00e0 DI SISTEMAZIONE ABITATIVA gratuita per 8 mesi.\u00a0\u00a0 LE DOMANDE DI PARTECIPAZIONE ALLA SELEZIONE VANNO PRESENTATE ENTRO LE 12 DEL 19 gennaio<br \/>\nInformazioni sul sito <a class=\"moz-txt-link-abbreviated\" href=\"http:\/\/www.servizisocialiasca.it\">www.servizisocialiasca.it<\/a>\u00a0 sezione bandi;\u00a0 oppure ALL&#8217;UFFICIO PERSONALE ASCA: <a class=\"moz-txt-link-abbreviated\" href=\"mailto:personale@servizisocialiasca.it\">personale@servizisocialiasca.it<\/a>\u00a0 telefono 0437 63750<\/p>\n<p>&nbsp;<\/p>\n<blockquote><p><strong><a class=\"dt-pswp-item\" href=\"https:\/\/www.radiopiu.net\/wordpress\/wp-content\/uploads\/2024\/01\/322_1.jpg\" data-dt-img-description=\"\" data-large_image_width=\"800\" data-large_image_height=\"532\"><img loading=\"lazy\" decoding=\"async\" class=\"wp-image-368729 alignleft\" src=\"https:\/\/www.radiopiu.net\/wordpress\/wp-content\/uploads\/2024\/01\/322_1-300x200.jpg\" alt=\"\" width=\"228\" height=\"152\" srcset=\"https:\/\/www.radiopiu.net\/wordpress\/wp-content\/uploads\/2024\/01\/322_1-300x200.jpg 300w, https:\/\/www.radiopiu.net\/wordpress\/wp-content\/uploads\/2024\/01\/322_1-768x511.jpg 768w, https:\/\/www.radiopiu.net\/wordpress\/wp-content\/uploads\/2024\/01\/322_1.jpg 800w\" sizes=\"auto, (max-width: 228px) 100vw, 228px\" \/><\/a>SAN MARTINO IN BADIA <\/strong>La Residenza socio-assistenziale per anziani di San Martino in Val Badia cerca da subito collaboratori qualificati a tempo determinato e\/o indeterminato da inserire nell\u2019organico. I profili richiesti sono: Infermieri professionali e operatori socio-sanitari. Si offre flessibilit\u00e0 oraria su lavoro a turni, part-time 19, 24 o 29 ore settimanali o a tempo pieno 38 ore. Si offre vitto e alloggio in struttura, possibilit\u00e0 di formazione\/aggiornamento professionale, corsi di lingua e altri benefit. Viene offerto contratto di lavoro collettivo intercompartimentale per dipendenti pubblici ed eventuale retribuzione di indennit\u00e0 linguistica di trilinguismo. Per la candidatura \u00e9 necessario possedere la padronanza della lingua italiana o tedesca, la capacit\u00e0 di lavorare in team e competenze sociali oltre alla qualifica professionale richiesta. Per interesse prego contattare direttamente la struttura al numero: 0474\/524700 o scrivendo una mail a: info@ciasadepalsa.it.<\/p><\/blockquote>\n<\/div>\n<div dir=\"auto\"><\/div>\n<div dir=\"auto\"><\/div>\n<hr \/>\n<p>&nbsp;<\/p>\n<h2><span style=\"color: #ff0000;\">GLI APPUNTAMENTI DELLA SETTIMANA\u00a0\u00a0<\/span><\/h2>\n<blockquote>\n<h3>LA SAGRA DI SAN MARCELLO A UMIN<\/h3>\n<\/blockquote>\n<p><strong>FELTRE<\/strong> La tradizionale Sagra di San Marcello a Umin, in programma dal 12 al 16 gennaio, celebra il patrono del paese con iniziative religiose, culturali e gastronomiche. Il piatto principale sar\u00e0 la trippa, preparata sia in sugo alla parmigiana sia in brodo, insieme ad altri piatti tipici della cucina bellunese. Il programma include visite guidate al sito di San Marcello, laboratori, una &#8220;San Marcello Run&#8221; di 7 km, messe e benedizioni. La sagra si svolger\u00e0 ad Umin, frazione di Feltre, con la cucina aperta tutti i giorni dalle 12 alle 23 e possibilit\u00e0 di asporto. Il ricavato sar\u00e0 devoluto al mantenimento della chiesa e a iniziative socio-culturali. Per ulteriori informazioni, \u00e8 possibile visitare il sito <a href=\"http:\/\/www.anavillabruna.it\/\" target=\"_new\" rel=\"noopener\">www.anavillabruna.it<\/a>.<\/p>\n<p>&nbsp;<\/p>\n<blockquote>\n<h3>LA NOSTRA CORDATA, MONTAGNE IN CAMBIAMENTO<\/h3>\n<\/blockquote>\n<p><strong>BELLUNO<\/strong> Venerdi 12 gennaio in sala conferenze della Camera di Commercio di Belluno-Treviso, piazza Santo Stefano tavola rotonda : Prof. Pasquale Nuzzolese: Istruzione; Jacopo Massaro: Pubblica amministrazione; Ingegner\u00a0Mara Nemela: Ambiente e Cultura<\/p>\n<p>&nbsp;<\/p>\n<blockquote>\n<h3>LA SAGRA DE SANT&#8217;ANTONE A CENCENIGHE<\/h3>\n<\/blockquote>\n<p><strong>CENCENIGHE<\/strong> L&#8217;amministrazione comunale e la Pro Loco di Cencenighe organizzano tre giorni di festa per la Sagra di Sant&#8217;Antone. Domenica alle 14 al Nof Fil\u00f2 il torneo di scarabocio. Mercoled\u00ec 17 la santa messa alle 18. Domenica 21 il pranzo con i nonni: alle 10 la santa messa e alle 12 il pranzo al Nof Fil\u00f2 con ospiti d&#8217;onore i nonni.<\/p>\n<p>&nbsp;<\/p>\n<hr \/>\n<p>&nbsp;<\/p>\n<blockquote>\n<h3><span style=\"color: #ff0000;\">L&#8217;OPINIONE&#8230;DI FRANCO PIACENTINI<\/span><\/h3>\n<\/blockquote>\n<p dir=\"auto\">Nella lunga conferenza stampa della Presidente del Consiglio dei Ministri, svoltasi il 4 gennaio 2024, non \u00e8 stata chiaramente evidenziata la effettiva disponibilit\u00e0, il concreto impegno del Governo, a finanziare con un adeguato numero di miliardi di euro, il fondo nazionale finalizzato alle persone anziane non autosufficienti e alle loro famiglie. Ricordo che da oltre dieci mesi, sulla base della specifica legge delega, del precedente Governo &#8220;Draghi&#8221;, il Parlamento \u00e8 delegato a definire e ad approvare i decreti delegati per rendere esigibili finanziamenti e servizi per gli anziani non autosufficienti. Questi provvedimenti (decreti) sono fondamentali, ovviamente se adeguatamente finanziati, per almeno ridurre la pesante compartecipazione economica, da sempre nel nostro Paese, a carico delle famiglie con congiunti disabili, non autosufficienti o con patologie croniche invalidanti, come: Alzheimer e demenza senile. Governo e Parlamento dovrebbero convergere positivamente in una &#8220;massa critica&#8221;, anche prendendo in considerazione le proposte del &#8220;PATTO per un nuovo Welfare&#8221; e le richieste di CGIL CISL UIL, per realizzare un atto di giustizia per le persone non autosufficienti.<\/p>\n<p dir=\"auto\">Franco Piacentini<\/p>\n<hr \/>\n<p>&nbsp;<\/p>\n<blockquote>\n<h3>I NUMERI VINCENTI DELLA LOTTERIA DELL&#8217;ALLEGHE HOCKEY<\/h3>\n<\/blockquote>\n<p><strong>ALLEGHE<\/strong> Tra il secondo e il terzo tempo della partita tra Alleghe e Caldaro sono stati estratti i biglietti vincenti della lotteria. Primo premio una crociera.<\/p>\n<p><strong>I BIGLIETTI VINCENTI<\/strong><\/p>\n<a href=\"https:\/\/www.radiopiu.net\/wordpress\/wp-content\/uploads\/2024\/01\/BIGLIETTI-LOTTERIA-ALLEGHE-HOCKEY.pdf\" class=\"pdfemb-viewer\" style=\"\" data-width=\"max\" data-height=\"max\" data-toolbar=\"top\" data-toolbar-fixed=\"on\">BIGLIETTI LOTTERIA ALLEGHE HOCKEY<\/a>\n<p>&nbsp;<\/p>\n<hr \/>\n<p>&nbsp;<\/p>\n<p><a class=\"dt-pswp-item\" href=\"https:\/\/www.radiopiu.net\/wordpress\/wp-content\/uploads\/2018\/09\/viabilita.jpeg\" data-dt-img-description=\"\" data-large_image_width=\"800\" data-large_image_height=\"100\"><img loading=\"lazy\" decoding=\"async\" class=\"aligncenter wp-image-61954 size-full\" src=\"https:\/\/www.radiopiu.net\/wordpress\/wp-content\/uploads\/2018\/09\/viabilita.jpeg\" alt=\"\" width=\"800\" height=\"100\" srcset=\"https:\/\/www.radiopiu.net\/wordpress\/wp-content\/uploads\/2018\/09\/viabilita.jpeg 800w, https:\/\/www.radiopiu.net\/wordpress\/wp-content\/uploads\/2018\/09\/viabilita-300x38.jpeg 300w, https:\/\/www.radiopiu.net\/wordpress\/wp-content\/uploads\/2018\/09\/viabilita-768x96.jpeg 768w\" sizes=\"auto, (max-width: 800px) 100vw, 800px\" \/><\/a><\/p>\n<p>&nbsp;<\/p>\n<p><a class=\"dt-pswp-item\" href=\"https:\/\/www.radiopiu.net\/wordpress\/wp-content\/uploads\/2023\/12\/botol-car-service.jpg\" data-dt-img-description=\"\" data-large_image_width=\"600\" data-large_image_height=\"600\"><img loading=\"lazy\" decoding=\"async\" class=\"size-medium wp-image-367044 aligncenter\" src=\"https:\/\/www.radiopiu.net\/wordpress\/wp-content\/uploads\/2023\/12\/botol-car-service-300x300.jpg\" alt=\"\" width=\"300\" height=\"300\" srcset=\"https:\/\/www.radiopiu.net\/wordpress\/wp-content\/uploads\/2023\/12\/botol-car-service-300x300.jpg 300w, https:\/\/www.radiopiu.net\/wordpress\/wp-content\/uploads\/2023\/12\/botol-car-service-150x150.jpg 150w, https:\/\/www.radiopiu.net\/wordpress\/wp-content\/uploads\/2023\/12\/botol-car-service.jpg 600w\" sizes=\"auto, (max-width: 300px) 100vw, 300px\" \/><\/a><\/p>\n<p>&nbsp;<\/p>\n<p>&nbsp;<\/p>\n<blockquote class=\"wp-embedded-content\" data-secret=\"QFXEAPqz0Y\"><p><a href=\"https:\/\/www.radiopiu.net\/wordpress\/viabilita\/\">viabilita<\/a><\/p><\/blockquote>\n<p><iframe loading=\"lazy\" class=\"wp-embedded-content\" sandbox=\"allow-scripts\" security=\"restricted\" style=\"position: absolute; clip: rect(1px, 1px, 1px, 1px);\" title=\"&#8220;viabilita&#8221; &#8212; Radio Pi\u00f9\" src=\"https:\/\/www.radiopiu.net\/wordpress\/viabilita\/embed\/#?secret=NOgHyCNGfl#?secret=QFXEAPqz0Y\" data-secret=\"QFXEAPqz0Y\" width=\"600\" height=\"338\" frameborder=\"0\" marginwidth=\"0\" marginheight=\"0\" scrolling=\"no\"><\/iframe><\/p>\n<p>&nbsp;<\/p>\n<hr \/>\n<p>&nbsp;<\/p>\n<p><a class=\"dt-pswp-item\" href=\"https:\/\/www.radiopiu.net\/wordpress\/wp-content\/uploads\/2018\/09\/WhatsApp-Image-2018-09-20-at-16.04.06.jpeg\" data-dt-img-description=\"\" data-large_image_width=\"800\" data-large_image_height=\"100\"><img loading=\"lazy\" decoding=\"async\" class=\"wp-image-61378 size-full aligncenter\" src=\"https:\/\/www.radiopiu.net\/wordpress\/wp-content\/uploads\/2018\/09\/WhatsApp-Image-2018-09-20-at-16.04.06.jpeg\" alt=\"\" width=\"800\" height=\"100\" srcset=\"https:\/\/www.radiopiu.net\/wordpress\/wp-content\/uploads\/2018\/09\/WhatsApp-Image-2018-09-20-at-16.04.06.jpeg 800w, https:\/\/www.radiopiu.net\/wordpress\/wp-content\/uploads\/2018\/09\/WhatsApp-Image-2018-09-20-at-16.04.06-300x38.jpeg 300w, https:\/\/www.radiopiu.net\/wordpress\/wp-content\/uploads\/2018\/09\/WhatsApp-Image-2018-09-20-at-16.04.06-768x96.jpeg 768w\" sizes=\"auto, (max-width: 800px) 100vw, 800px\" \/><\/a><\/p>\n<p><center><\/center><b>\u00a0\u00a0<\/b><\/p>\n<p><center><b>OGGI<\/b><\/center>Inizialmente molte nubi, prima che la nuvolosit\u00e0 inizi ad attenuarsi, gi\u00e0 nel corso del mattino, lasciando spazio alle prime schiarite. Al pomeriggio miglioramento con rasserenamenti via via pi\u00f9 ampi a partire dalle Dolomiti, in successiva estensione a tutto il settore prealpino. Avvezione di aria pi\u00f9 fredda sulle cime pi\u00f9 alte.<br \/>\n<b>Precipitazioni: <\/b>Salvo qualche fiocco notturno (10%) oltre gli 800-1000 m, saranno assenti (0%) ovunque in giornata.<br \/>\n<b>Temperature: <\/b>Minime in callo ed osservate alla sera per l&#8217;irraggiamento che si verificher\u00e0 dopo il tramonto. Massime senza notevoli variazioni rispetto a domenica, salvo calo delle stesse alle quote pi\u00f9 alte.<\/p>\n<hr \/>\n<p><center><b>DOMANI<\/b><\/center>Tempo stabile ed in prevalenza soleggiato con cielo sereno, aria tersa ed ottima visibilit\u00e0 in un contesto pi\u00f9 invernale, almeno di notte, con diffuse gelate, anche forti nei settori innevati. Il gelo sar\u00e0 persistente, anche alle quote medie.<br \/>\n<b>Precipitazioni: <\/b>Assenti (0%).<br \/>\n<b>Temperature: <\/b>Generale calo delle temperature, eccetto locale aumento delle massime nelle valli pi\u00f9 assolate. Le gelate notturne saranno anche intense nei settori innevati per forte irraggiamento notturno.<\/p>\n<hr \/>\n<p><center><b>MERCOLEDI<\/b><\/center>Tempo stabile ed in prevalenza soleggiato in un contesto prettamente invernale sui monti con diffuse gelate notturne, sempre pi\u00f9 forti nei settori innevati; il gelo persistente si diffonder\u00e0 a quote relativamente basse, specie nei settori in ombra.<\/p>\n<hr \/>\n<p><center><b>GIOVEDI<\/b><\/center>Tempo stabile ed in prevalenza soleggiato in un contesto prettamente invernale al mattino, specie nelle valli, dove l&#8217;aria fredda sedimenter\u00e0, mentre le temperature torneranno a salire in quota.<\/p>\n<p>&nbsp;<\/p>\n<p>&nbsp;<\/p>\n<hr \/>\n<p>&nbsp;<\/p>\n<p>&nbsp;<\/p>\n<p><a class=\"dt-pswp-item\" href=\"https:\/\/www.radiopiu.net\/wordpress\/wp-content\/uploads\/2024\/01\/Senza-nome-19.png\" data-dt-img-description=\"\" data-large_image_width=\"387\" data-large_image_height=\"84\"><img loading=\"lazy\" decoding=\"async\" class=\"wp-image-368996 size-full aligncenter\" src=\"https:\/\/www.radiopiu.net\/wordpress\/wp-content\/uploads\/2024\/01\/Senza-nome-19.png\" alt=\"\" width=\"387\" height=\"84\" srcset=\"https:\/\/www.radiopiu.net\/wordpress\/wp-content\/uploads\/2024\/01\/Senza-nome-19.png 387w, https:\/\/www.radiopiu.net\/wordpress\/wp-content\/uploads\/2024\/01\/Senza-nome-19-300x65.png 300w\" sizes=\"auto, (max-width: 387px) 100vw, 387px\" \/><\/a><\/p>\n<p>&nbsp;<\/p>\n<p>&nbsp;<\/p>\n<p><img loading=\"lazy\" decoding=\"async\" class=\"wp-image-60761 size-full aligncenter\" src=\"https:\/\/www.radiopiu.net\/wordpress\/wp-content\/uploads\/2018\/09\/sport.jpg\" alt=\"\" width=\"800\" height=\"100\" srcset=\"https:\/\/www.radiopiu.net\/wordpress\/wp-content\/uploads\/2018\/09\/sport.jpg 800w, https:\/\/www.radiopiu.net\/wordpress\/wp-content\/uploads\/2018\/09\/sport-300x38.jpg 300w, https:\/\/www.radiopiu.net\/wordpress\/wp-content\/uploads\/2018\/09\/sport-768x96.jpg 768w\" sizes=\"auto, (max-width: 800px) 100vw, 800px\" \/><\/p>\n<p>&nbsp;<\/p>\n<p><span style=\"color: #0000ff;\"><strong>HOCKEY SU GHIACCIO<\/strong><\/span><\/p>\n<blockquote>\n<h3>L&#8217;ALLEGHE CROLLA IN CASA CON IL CALDARO. IL COMO VINCE ALL&#8217;OVERTIME CON IL FELTRE<\/h3>\n<\/blockquote>\n<p><strong>di Marco Gaz<\/strong><\/p>\n<p><span style=\"color: #ff0000;\"><strong>SECONDA GIORNATA MASTER ROUND IHL<\/strong><\/span><\/p>\n<p><strong>ALLEGHE \u2013 CALDARO 2-5<\/strong><\/p>\n<p>PARZIALI: 0-0, 0-2, 2-3<\/p>\n<p>GOL: St. 8\u201912\u201d Riekkinen, 17\u201959\u201d De Don\u00e0. Tt. 8\u201952\u201d Zherdev, 13\u201916\u201d Makela, 14\u201931\u201d Reffo, 16\u201907\u201d De Don\u00e0, 19\u201940\u201d Oberrauch<\/p>\n<p>Di fronte a 800 persone, l\u2019Alleghe crolla con il Caldaro. La formazione agordina va sotto per 2 a 0, pareggia i conti ma gli altoatesini chius\u00ecdono la sfida nei minuti finali. Un match equilibrato con i lucci sornioni che hanno aspettato il momento giusto per colpire nel segno. Gli agordini hanno giocato bene sprecando qualche occasione di troppo. Ora qualche giorno di riposo prima di ritornare in campo gioved\u00ec prossimo quando al De Toni ci sara la gara di andata per i quarti di finale di Coppa Italia contro l\u2019Appiano. Parte bene la squadra allenata da Scapinello che nei primi minuti si avvicina alla porta dei Lucci con alcune conclusioni velenose. Si gioca a viso aperto e gli altoatesini provano a reagire con una superiorit\u00e0 numerica. In panca puniti De Val e Caldaro che prende di mira la porta difesa da Scola ma senza trovare il vantaggio. Civette che rispondono subito dopo ma il golie della squadra ospite si difende bene. \u00c8 un assedio dell\u2019Alleghe che per\u00f2 non riesce a sbloccare il punteggio. Anche nel secondo tempo gli agordini sembrano avere la partita in mano. Zherdev si divora il vantaggio. Ci provano anche De Val, testori e Soppelsa ma la porta sembra stregata. Nel momento migliore dei padroni di casa arriva il gol del Caldaro. A sbloccare il punteggio ci pensa il nuovo arrivato Riekkinen. Rispondono i biancorossi ma non riescono a pareggiare i conti. Alla prima disattenzione della partita per gli agordini, il Caldaro trova il secondo gol della serata con De Don\u00e0. Terza frazione di firma agordina con tante conclusioni verso la porta dei lucci. Makela sfiora il gol. In powerplay i ragazzi di Scapinello ci provano ma senza raccogliere i frutti sperati. Alla fine, ci pensa Zherdev ad accorciare le distanze trovando un varco tra braccio e gambale del portiere. Il pareggio arriva poco dopo: a battere il portiere altoatesino ci pensa Makela. Ma nei minuti seguente arriva la beffa con gli altoatesini che nel giro di 2\u2019 trova il poker. Prima Reffo batte Scola, poi, in contropiede, De Don\u00e0 sigla la doppietta personale. Nel finale Scapinello opta per togliere il portiere alla ricerca dell\u2019impresa ma gli avversari chiudono la partita con Oberrauch<\/p>\n<p><strong>CLASSIFICA MASTER ROUND\u00a0<\/strong>Pergine e Varese 19, Caldaro 18, Appiano 13, Alleghe 12<\/p>\n<p><strong>LE FOTO DI MATTEO FLORIDIA<\/strong><\/p>\n\n\t\t\t<style type='text\/css'>\n\t\t\t\t#gallery-8 {\n\t\t\t\t\tmargin: auto;\n\t\t\t\t}\n\t\t\t\t#gallery-8 .gallery-item {\n\t\t\t\t\tfloat: left;\n\t\t\t\t\tmargin-top: 10px;\n\t\t\t\t\ttext-align: center;\n\t\t\t\t\twidth: 20%;\n\t\t\t\t}\n\t\t\t\t#gallery-8 img {\n\t\t\t\t\tborder: 2px solid #cfcfcf;\n\t\t\t\t}\n\t\t\t\t#gallery-8 .gallery-caption {\n\t\t\t\t\tmargin-left: 0;\n\t\t\t\t}\n\t\t\t\t\/* see gallery_shortcode() in wp-includes\/media.php *\/\n\t\t\t<\/style>\n\t\t<div id='gallery-8' class='dt-gallery-container gallery galleryid-368749 gallery-columns-5 gallery-size-thumbnail'><dl class='gallery-item'>\n\t\t\t\t<dt class='gallery-icon landscape'>\n\t\t\t\t\t<a class=\"rollover rollover-zoom dt-pswp-item\" title=\"0f7c0c1a-3d68-4dba-ab4b-bd57639bbcfa\" data-dt-img-description=\"\" data-large_image_width=\"1600\" data-large_image_height=\"1064\"href='https:\/\/www.radiopiu.net\/wordpress\/wp-content\/uploads\/2024\/01\/0f7c0c1a-3d68-4dba-ab4b-bd57639bbcfa.jpg'><img loading=\"lazy\" decoding=\"async\" width=\"150\" height=\"150\" src=\"https:\/\/www.radiopiu.net\/wordpress\/wp-content\/uploads\/2024\/01\/0f7c0c1a-3d68-4dba-ab4b-bd57639bbcfa-150x150.jpg\" class=\"attachment-thumbnail size-thumbnail\" alt=\"\" \/><\/a>\n\t\t\t\t<\/dt><\/dl><dl class='gallery-item'>\n\t\t\t\t<dt class='gallery-icon landscape'>\n\t\t\t\t\t<a class=\"rollover rollover-zoom dt-pswp-item\" title=\"063199b4-1f62-40d7-9ebd-05cc9eb37af7\" data-dt-img-description=\"\" data-large_image_width=\"1600\" data-large_image_height=\"1230\"href='https:\/\/www.radiopiu.net\/wordpress\/wp-content\/uploads\/2024\/01\/063199b4-1f62-40d7-9ebd-05cc9eb37af7.jpg'><img loading=\"lazy\" decoding=\"async\" width=\"150\" height=\"150\" src=\"https:\/\/www.radiopiu.net\/wordpress\/wp-content\/uploads\/2024\/01\/063199b4-1f62-40d7-9ebd-05cc9eb37af7-150x150.jpg\" class=\"attachment-thumbnail size-thumbnail\" alt=\"\" \/><\/a>\n\t\t\t\t<\/dt><\/dl><dl class='gallery-item'>\n\t\t\t\t<dt class='gallery-icon landscape'>\n\t\t\t\t\t<a class=\"rollover rollover-zoom dt-pswp-item\" title=\"7df54090-78b5-48b3-a26e-45e1bb265235\" data-dt-img-description=\"\" data-large_image_width=\"1600\" data-large_image_height=\"1090\"href='https:\/\/www.radiopiu.net\/wordpress\/wp-content\/uploads\/2024\/01\/7df54090-78b5-48b3-a26e-45e1bb265235.jpg'><img loading=\"lazy\" decoding=\"async\" width=\"150\" height=\"150\" src=\"https:\/\/www.radiopiu.net\/wordpress\/wp-content\/uploads\/2024\/01\/7df54090-78b5-48b3-a26e-45e1bb265235-150x150.jpg\" class=\"attachment-thumbnail size-thumbnail\" alt=\"\" \/><\/a>\n\t\t\t\t<\/dt><\/dl><dl class='gallery-item'>\n\t\t\t\t<dt class='gallery-icon landscape'>\n\t\t\t\t\t<a class=\"rollover rollover-zoom dt-pswp-item\" title=\"9fcf8117-5d76-40cb-8d04-c37f57c37d34\" data-dt-img-description=\"\" data-large_image_width=\"1600\" data-large_image_height=\"1172\"href='https:\/\/www.radiopiu.net\/wordpress\/wp-content\/uploads\/2024\/01\/9fcf8117-5d76-40cb-8d04-c37f57c37d34.jpg'><img loading=\"lazy\" decoding=\"async\" width=\"150\" height=\"150\" src=\"https:\/\/www.radiopiu.net\/wordpress\/wp-content\/uploads\/2024\/01\/9fcf8117-5d76-40cb-8d04-c37f57c37d34-150x150.jpg\" class=\"attachment-thumbnail size-thumbnail\" alt=\"\" \/><\/a>\n\t\t\t\t<\/dt><\/dl><dl class='gallery-item'>\n\t\t\t\t<dt class='gallery-icon landscape'>\n\t\t\t\t\t<a class=\"rollover rollover-zoom dt-pswp-item\" title=\"7c4b0406-edd3-4c24-8455-448457a3a242\" data-dt-img-description=\"\" data-large_image_width=\"1600\" data-large_image_height=\"1096\"href='https:\/\/www.radiopiu.net\/wordpress\/wp-content\/uploads\/2024\/01\/7c4b0406-edd3-4c24-8455-448457a3a242.jpg'><img loading=\"lazy\" decoding=\"async\" width=\"150\" height=\"150\" src=\"https:\/\/www.radiopiu.net\/wordpress\/wp-content\/uploads\/2024\/01\/7c4b0406-edd3-4c24-8455-448457a3a242-150x150.jpg\" class=\"attachment-thumbnail size-thumbnail\" alt=\"\" \/><\/a>\n\t\t\t\t<\/dt><\/dl><br style=\"clear: both\" \/>\n\t\t\t<\/div>\n\n<p>&nbsp;<\/p>\n<p><strong>LE FOTO DI ANNALISA DAL MAS<\/strong><\/p>\n\n\t\t\t<style type='text\/css'>\n\t\t\t\t#gallery-9 {\n\t\t\t\t\tmargin: auto;\n\t\t\t\t}\n\t\t\t\t#gallery-9 .gallery-item {\n\t\t\t\t\tfloat: left;\n\t\t\t\t\tmargin-top: 10px;\n\t\t\t\t\ttext-align: center;\n\t\t\t\t\twidth: 20%;\n\t\t\t\t}\n\t\t\t\t#gallery-9 img {\n\t\t\t\t\tborder: 2px solid #cfcfcf;\n\t\t\t\t}\n\t\t\t\t#gallery-9 .gallery-caption {\n\t\t\t\t\tmargin-left: 0;\n\t\t\t\t}\n\t\t\t\t\/* see gallery_shortcode() in wp-includes\/media.php *\/\n\t\t\t<\/style>\n\t\t<div id='gallery-9' class='dt-gallery-container gallery galleryid-368749 gallery-columns-5 gallery-size-thumbnail'><dl class='gallery-item'>\n\t\t\t\t<dt class='gallery-icon landscape'>\n\t\t\t\t\t<a class=\"rollover rollover-zoom dt-pswp-item\" title=\"31e3355e-0682-4179-b0a5-939adfffabd6\" data-dt-img-description=\"\" data-large_image_width=\"2048\" data-large_image_height=\"1536\"href='https:\/\/www.radiopiu.net\/wordpress\/wp-content\/uploads\/2024\/01\/31e3355e-0682-4179-b0a5-939adfffabd6.jpg'><img loading=\"lazy\" decoding=\"async\" width=\"150\" height=\"150\" src=\"https:\/\/www.radiopiu.net\/wordpress\/wp-content\/uploads\/2024\/01\/31e3355e-0682-4179-b0a5-939adfffabd6-150x150.jpg\" class=\"attachment-thumbnail size-thumbnail\" alt=\"\" \/><\/a>\n\t\t\t\t<\/dt><\/dl><dl class='gallery-item'>\n\t\t\t\t<dt class='gallery-icon landscape'>\n\t\t\t\t\t<a class=\"rollover rollover-zoom dt-pswp-item\" title=\"1f86ba5a-44bf-476e-a791-e07872b2bd92\" data-dt-img-description=\"\" data-large_image_width=\"2048\" data-large_image_height=\"1152\"href='https:\/\/www.radiopiu.net\/wordpress\/wp-content\/uploads\/2024\/01\/1f86ba5a-44bf-476e-a791-e07872b2bd92.jpg'><img loading=\"lazy\" decoding=\"async\" width=\"150\" height=\"150\" src=\"https:\/\/www.radiopiu.net\/wordpress\/wp-content\/uploads\/2024\/01\/1f86ba5a-44bf-476e-a791-e07872b2bd92-150x150.jpg\" class=\"attachment-thumbnail size-thumbnail\" alt=\"\" \/><\/a>\n\t\t\t\t<\/dt><\/dl><dl class='gallery-item'>\n\t\t\t\t<dt class='gallery-icon landscape'>\n\t\t\t\t\t<a class=\"rollover rollover-zoom dt-pswp-item\" title=\"d14ba57f-7693-4834-a407-568bbffe4331\" data-dt-img-description=\"\" data-large_image_width=\"2048\" data-large_image_height=\"1536\"href='https:\/\/www.radiopiu.net\/wordpress\/wp-content\/uploads\/2024\/01\/d14ba57f-7693-4834-a407-568bbffe4331.jpg'><img loading=\"lazy\" decoding=\"async\" width=\"150\" height=\"150\" src=\"https:\/\/www.radiopiu.net\/wordpress\/wp-content\/uploads\/2024\/01\/d14ba57f-7693-4834-a407-568bbffe4331-150x150.jpg\" class=\"attachment-thumbnail size-thumbnail\" alt=\"\" \/><\/a>\n\t\t\t\t<\/dt><\/dl><dl class='gallery-item'>\n\t\t\t\t<dt class='gallery-icon landscape'>\n\t\t\t\t\t<a class=\"rollover rollover-zoom dt-pswp-item\" title=\"42def204-a012-4214-a813-4ed1d185bf61\" data-dt-img-description=\"\" data-large_image_width=\"1024\" data-large_image_height=\"768\"href='https:\/\/www.radiopiu.net\/wordpress\/wp-content\/uploads\/2024\/01\/42def204-a012-4214-a813-4ed1d185bf61.jpg'><img loading=\"lazy\" decoding=\"async\" width=\"150\" height=\"150\" src=\"https:\/\/www.radiopiu.net\/wordpress\/wp-content\/uploads\/2024\/01\/42def204-a012-4214-a813-4ed1d185bf61-150x150.jpg\" class=\"attachment-thumbnail size-thumbnail\" alt=\"\" \/><\/a>\n\t\t\t\t<\/dt><\/dl><dl class='gallery-item'>\n\t\t\t\t<dt class='gallery-icon landscape'>\n\t\t\t\t\t<a class=\"rollover rollover-zoom dt-pswp-item\" title=\"4fd533ed-391e-47ea-ab50-110c35ba25c5\" data-dt-img-description=\"\" data-large_image_width=\"1024\" data-large_image_height=\"768\"href='https:\/\/www.radiopiu.net\/wordpress\/wp-content\/uploads\/2024\/01\/4fd533ed-391e-47ea-ab50-110c35ba25c5.jpg'><img loading=\"lazy\" decoding=\"async\" width=\"150\" height=\"150\" src=\"https:\/\/www.radiopiu.net\/wordpress\/wp-content\/uploads\/2024\/01\/4fd533ed-391e-47ea-ab50-110c35ba25c5-150x150.jpg\" class=\"attachment-thumbnail size-thumbnail\" alt=\"\" \/><\/a>\n\t\t\t\t<\/dt><\/dl><br style=\"clear: both\" \/>\n\t\t\t<\/div>\n\n<p>&nbsp;<\/p>\n<p><span style=\"color: #ff0000;\"><strong>SECONDA GIORNATA QUALIFICATION ROUND IHL<\/strong><\/span><\/p>\n<p><strong>COMO \u2013 FELTRE 4-3 dot<\/strong><\/p>\n<p>PARZIALI: 1-0, 1-0, 1-3, 1-0<\/p>\n<p>GOL: Pt. 8\u201955\u201d Popovic. St. 11\u201921\u201d Ambrosoli. Tt. 1\u201949\u201d e 11\u201927\u201d Lysenko, 5\u201903\u201d Stanko, 15\u201918\u201d De Giacinto. Ot. 3\u201937\u201d Vola<\/p>\n<p>Dopo la bella vittoria con il Dobbiaco, il Feltre perde all\u2019overtime contro il Como dopo una bella rimonta avvenuta nella terza frazione. Lariani che hanno gestito bene la sfida nei primi due tempi ma i picchi hanno reagito nella frazione finale portando al supplementare la sfida dove i lombardi hanno avuto la meglio. Primo tempo che si chiude con il Como in vantaggio grazie al gol di Popovic. Nella ripresa arriva il raddoppio dei padroni di casa con Ambrosoli. Il Feltre fatica ad ingranare nonostante le tante penalit\u00e0 rifilate ai lariani. Accorciano le distanze i feltrini ad inizio terzo drittel con Lysenko ma il Como trova la terza marcatura della serata con Stanko. Feltre mai domo che prova a reagire e ad accorciare le distanze ci pensa di nuovo Lysenko. Ospiti che tirano fuori le unghie e pareggiano la sfida. \u00c8 De Giacinto che trova il pertugio per battere il portiere lombardo. Si va all\u2019overtime dove Vola regala il punto aggiuntivo al Como<\/p>\n<p><strong>CLASSIFICA QUALIFICATION ROUND <\/strong>Feltre e Fiemme 15, Como 10, Bressanone 7, Valpellice 6, Dobbiaco 3<\/p>\n<p>&nbsp;<\/p>\n<blockquote>\n<h3>GIOVANILI ALLEGHE HOCKEY: BENE L&#8217;UNDER 19, PRIMA SCONFITTA PER L&#8217;UNDER 14<\/h3>\n<\/blockquote>\n<p><span style=\"color: #ff0000;\"><strong><a class=\"dt-pswp-item\" href=\"https:\/\/www.radiopiu.net\/wordpress\/wp-content\/uploads\/2022\/01\/HOCKEY-2022.jpg\" data-dt-img-description=\"\" data-large_image_width=\"1920\" data-large_image_height=\"1280\"><img loading=\"lazy\" decoding=\"async\" class=\" wp-image-255780 alignleft\" src=\"https:\/\/www.radiopiu.net\/wordpress\/wp-content\/uploads\/2022\/01\/HOCKEY-2022-300x200.jpg\" alt=\"\" width=\"195\" height=\"130\" srcset=\"https:\/\/www.radiopiu.net\/wordpress\/wp-content\/uploads\/2022\/01\/HOCKEY-2022-300x200.jpg 300w, https:\/\/www.radiopiu.net\/wordpress\/wp-content\/uploads\/2022\/01\/HOCKEY-2022-1024x683.jpg 1024w, https:\/\/www.radiopiu.net\/wordpress\/wp-content\/uploads\/2022\/01\/HOCKEY-2022-768x512.jpg 768w, https:\/\/www.radiopiu.net\/wordpress\/wp-content\/uploads\/2022\/01\/HOCKEY-2022-1536x1024.jpg 1536w, https:\/\/www.radiopiu.net\/wordpress\/wp-content\/uploads\/2022\/01\/HOCKEY-2022.jpg 1920w\" sizes=\"auto, (max-width: 195px) 100vw, 195px\" \/><\/a>UNDER 19<\/strong><\/span><\/p>\n<p><strong>BOLZANO &#8211; CORTINA\/ALLEGHE 0-3<\/strong><\/p>\n<p>GOL CORTINA\/ALLEGHE: Esposito, De Luca, Talamini<\/p>\n<p>Tutto facile per i giovani bellunesi under 19 del Cortina\/Alleghe che a Bolzano vincono con un netto 3 a 0 contro i padroni di casa. La squadra mista bellunese mette a segno un gol per tempo e chiude la sfida altoatesina senza subire reti. Esposito porta in vantaggio gli ospiti dopo pochi minuti. De Luca raddoppia nel secondo drittel e Talamini chiude l&#8217;impresa nell&#8217;ultima frazione. Cortina\/Alleghe in testa al campionato con 44 punti assieme al Junior Team Ora\/Egna.<\/p>\n<p><span style=\"color: #ff0000;\"><strong>UNDER 14<\/strong><\/span><\/p>\n<p><strong>ALLEGHE\/CORTINA &#8211; VAL PUSTERIA 2-4<\/strong><\/p>\n<p>Prima sconfitta in stagione per le giovani civette under 14 che al De Toni crollano con il Val Pusteria. Due vittorie e una sconfitta nella seconda fase per i bellunesi e quarto posto in classifica, ma il campionato \u00e8 ancora lungo e si spera in un solo passo falso delle civette.<\/p>\n<p>&nbsp;<\/p>\n<p><span style=\"color: #0000ff;\"><strong>SCI NORDICO<\/strong><\/span><\/p>\n<blockquote>\n<h3>LORENZO BUSIN SI AGGIUDICA LA COPPA ITALIA RODE A PADOLA DI COMELICO<\/h3>\n<\/blockquote>\n<p><strong><a class=\"dt-pswp-item\" href=\"https:\/\/www.radiopiu.net\/wordpress\/wp-content\/uploads\/2024\/01\/414693251_347305218067711_8184632639538211545_n.jpg\" data-dt-img-description=\"\" data-large_image_width=\"2048\" data-large_image_height=\"1536\"><img loading=\"lazy\" decoding=\"async\" class=\" wp-image-368957 alignleft\" src=\"https:\/\/www.radiopiu.net\/wordpress\/wp-content\/uploads\/2024\/01\/414693251_347305218067711_8184632639538211545_n-300x225.jpg\" alt=\"\" width=\"164\" height=\"123\" srcset=\"https:\/\/www.radiopiu.net\/wordpress\/wp-content\/uploads\/2024\/01\/414693251_347305218067711_8184632639538211545_n-300x225.jpg 300w, https:\/\/www.radiopiu.net\/wordpress\/wp-content\/uploads\/2024\/01\/414693251_347305218067711_8184632639538211545_n-1024x768.jpg 1024w, https:\/\/www.radiopiu.net\/wordpress\/wp-content\/uploads\/2024\/01\/414693251_347305218067711_8184632639538211545_n-768x576.jpg 768w, https:\/\/www.radiopiu.net\/wordpress\/wp-content\/uploads\/2024\/01\/414693251_347305218067711_8184632639538211545_n-1536x1152.jpg 1536w, https:\/\/www.radiopiu.net\/wordpress\/wp-content\/uploads\/2024\/01\/414693251_347305218067711_8184632639538211545_n.jpg 2048w\" sizes=\"auto, (max-width: 164px) 100vw, 164px\" \/><\/a>REDAZIONE <\/strong>Padola di Comelico ha ospitato la seconda giornata di gare della Coppa Italia di sci nordico, e la vittoria nella competizione di 20 km in tecnica classica \u00e8 stata conquistata da Lorenzo Busin. Il ragazzo della Valle del Biois ha brillato sulla pista, aggiudicandosi la Coppa Italia Rode. La classifica vede al secondo posto Martin Coradazzi dell&#8217;esercito, seguito da Mattia Armellini delle Fiamme Oro. Un&#8217;altro ottimo risultato per Busin che in questa occasione ha abbandonato le gare di lunga distanza per far vedere di che pasta \u00e8 fatto anche nelle competizioni con chilometraggio pi\u00f9 corto.<\/p>\n<p>&nbsp;<\/p>\n<p><span style=\"color: #0000ff;\"><strong>PALLAVOLO\u00a0\u00a0<\/strong><\/span><\/p>\n<div>\n<blockquote>\n<h2><b><a class=\"dt-pswp-item\" href=\"https:\/\/www.radiopiu.net\/wordpress\/wp-content\/uploads\/2024\/01\/Festa_dopo_il_successo_sulla_Moyashi.jpg\" data-dt-img-description=\"\" data-large_image_width=\"1280\" data-large_image_height=\"853\"><img loading=\"lazy\" decoding=\"async\" class=\"size-medium wp-image-369016 alignleft\" src=\"https:\/\/www.radiopiu.net\/wordpress\/wp-content\/uploads\/2024\/01\/Festa_dopo_il_successo_sulla_Moyashi-300x200.jpg\" alt=\"\" width=\"300\" height=\"200\" srcset=\"https:\/\/www.radiopiu.net\/wordpress\/wp-content\/uploads\/2024\/01\/Festa_dopo_il_successo_sulla_Moyashi-300x200.jpg 300w, https:\/\/www.radiopiu.net\/wordpress\/wp-content\/uploads\/2024\/01\/Festa_dopo_il_successo_sulla_Moyashi-1024x682.jpg 1024w, https:\/\/www.radiopiu.net\/wordpress\/wp-content\/uploads\/2024\/01\/Festa_dopo_il_successo_sulla_Moyashi-768x512.jpg 768w, https:\/\/www.radiopiu.net\/wordpress\/wp-content\/uploads\/2024\/01\/Festa_dopo_il_successo_sulla_Moyashi.jpg 1280w\" sizes=\"auto, (max-width: 300px) 100vw, 300px\" \/><\/a>Moyashi al tappeto: il Belluno Volley si prende la rivincita<\/b><\/h2>\n<\/blockquote>\n<p>&nbsp;<\/p>\n<p><b>BELLUNO VOLLEY-MOYASHI GARLASCO 3-0 <\/b><b>PARZIALI: <\/b>25-18, 25-21, 27-25.<span class=\"gmail-Apple-converted-space\"> \u00a0<\/span><b>BELLUNO VOLLEY:<\/b> Ferrato 3, Bisi 15, Schiro 5, Bucko 16, Mozzato 11, Antonaci 6; Orto (L), G. Martinez 4, Reyes (L), I. Martinez, De Col. N.e. Stufano, Fraccaro, Guolla. Allenatore: G. Colussi.<\/p>\n<p>Il <b>Belluno Volley<\/b> si prende la rivincita con la <b>Moyashi Garlasco<\/b>. E, oltre a cancellare con un colpo di spugna il passivo maturato nella gara d\u2019andata, regala la prima gioia del 2024 al suo pubblico. Lo stesso che, per l\u2019ennesima volta, ha risposto in massa alla chiamata dei rinoceronti, come confermano le oltre 600 presenze sugli spalti, nonostante l\u2019orario anomalo (120 minuti prima rispetto al solito). Bisi impeccabile nei momenti topici, Bucko top scorer (67 per cento in attacco, un ace e un muro) e Ferrato preciso nell\u2019orchestrare dalla cabina di regia: i tre re magi (ma non solo loro: ci sono pure un Mozzato da 11 punti con 2 servizi vincenti, Orto, Schiro e il solito Gonzalo \u201cimpattante\u201d a gara in corso) arrivano con un giorno di ritardo. E pi\u00f9 che oro, incenso e mirra, portano un successo (il nono stagionale e secondo consecutivo) utile a cementare il sesto posto e, soprattutto, a tenere il passo delle formazioni di testa.<\/p>\n<\/div>\n<p>&nbsp;<\/p>\n","protected":false},"excerpt":{"rendered":"<p>*** 40esimo di RADIOPIU\u2026. LA VOCE DELL\u2019EMOZIONE ISCRIVITI AL NOSTRO CANALE\u00a0\u00a0YOUTUBE PER SEGUIRE IN DIRETTA I PRINCIPALI PROGRAMMI DI RADIO PIU\u2019 E LE FUTURE DIRETTE IN ESTERNA. PER ISCRIVERTI CLICCA QUI\u00a0E PREMI\u00a0 \u201cIscriviti\u201d\u00a0 \u00a0 I PAVAROI, COSI&#8217; A RIVAMONTE \u00a0 &nbsp; &nbsp; CONTRO ESODO MA NON CAOS DA PONTE DELL&#8217;IMMACOLATA &#8220;Nelle nebbie dell&#8217;Alemagna, la temuta&hellip;<\/p>\n","protected":false},"author":4,"featured_media":368972,"comment_status":"closed","ping_status":"closed","sticky":false,"template":"","format":"standard","meta":{"_monsterinsights_skip_tracking":false,"_monsterinsights_sitenote_active":false,"_monsterinsights_sitenote_note":"","_monsterinsights_sitenote_category":0,"footnotes":""},"categories":[51,86,49],"tags":[],"class_list":["post-368749","post","type-post","status-publish","format-standard","has-post-thumbnail","hentry","category-evidenza-top","category-gr","category-news-18","category-51","category-86","category-49","description-off"],"img_url":"https:\/\/www.radiopiu.net\/wordpress\/wp-content\/uploads\/2024\/01\/0dfc98ae-6cfe-44ac-ab8d-ebc87714574a.jpg","_links":{"self":[{"href":"https:\/\/www.radiopiu.net\/wordpress\/wp-json\/wp\/v2\/posts\/368749","targetHints":{"allow":["GET"]}}],"collection":[{"href":"https:\/\/www.radiopiu.net\/wordpress\/wp-json\/wp\/v2\/posts"}],"about":[{"href":"https:\/\/www.radiopiu.net\/wordpress\/wp-json\/wp\/v2\/types\/post"}],"author":[{"embeddable":true,"href":"https:\/\/www.radiopiu.net\/wordpress\/wp-json\/wp\/v2\/users\/4"}],"replies":[{"embeddable":true,"href":"https:\/\/www.radiopiu.net\/wordpress\/wp-json\/wp\/v2\/comments?post=368749"}],"version-history":[{"count":0,"href":"https:\/\/www.radiopiu.net\/wordpress\/wp-json\/wp\/v2\/posts\/368749\/revisions"}],"wp:featuredmedia":[{"embeddable":true,"href":"https:\/\/www.radiopiu.net\/wordpress\/wp-json\/wp\/v2\/media\/368972"}],"wp:attachment":[{"href":"https:\/\/www.radiopiu.net\/wordpress\/wp-json\/wp\/v2\/media?parent=368749"}],"wp:term":[{"taxonomy":"category","embeddable":true,"href":"https:\/\/www.radiopiu.net\/wordpress\/wp-json\/wp\/v2\/categories?post=368749"},{"taxonomy":"post_tag","embeddable":true,"href":"https:\/\/www.radiopiu.net\/wordpress\/wp-json\/wp\/v2\/tags?post=368749"}],"curies":[{"name":"wp","href":"https:\/\/api.w.org\/{rel}","templated":true}]}}