{"id":368809,"date":"2024-01-05T19:45:20","date_gmt":"2024-01-05T18:45:20","guid":{"rendered":"https:\/\/www.radiopiu.net\/wordpress\/?p=368809"},"modified":"2024-01-06T09:24:03","modified_gmt":"2024-01-06T08:24:03","slug":"ivan-e-tornato-tra-le-braccia-di-mamma-alida","status":"publish","type":"post","link":"https:\/\/www.radiopiu.net\/wordpress\/ivan-e-tornato-tra-le-braccia-di-mamma-alida\/","title":{"rendered":"IVAN E&#8217; TORNATO TRA LE BRACCIA DI MAMMA ALIDA"},"content":{"rendered":"<p>****<\/p>\n<p><em>Stavo pensando ad Alida, alla faccia che ha fatto quando gli sei arrivato a tiro, buona com&#8217;\u00e8 gli orecchi te li ha tirati, ma nemmeno tanto forte. Penso a Sabrina, la tua coscritta, che abbiamo accompagnato assieme in quell&#8217;ultimo viaggio, e che probabilmente una festa te la doveva. Caro Ivan dall&#8217;invidiata barbetta splendidamente curata, ci mancherai. Un abbraccio al pap\u00e0 Ezio, a tua sorella Rita con Daniele, Gioele, Diamante. Quella di Ezio, Alida, Ivan e Rita \u00e8 una famiglia fortemente legata a Radio Pi\u00f9 e viceversa, lo \u00e8 stata nei momenti felici, lo \u00e8 ora, in giorni di grande dolore.<\/em><\/p>\n<p>Ciao L&#8217;Ivan<br \/>\nmirko<\/p>\n<p>&nbsp;<\/p>\n<p>I funerali si svolgeranno luned\u00ec alle 15.30 nella Chiesa Arcidiaconale di Agordo. Domenica alle 20 verr\u00e0 recitato il Santo Rosario sempre nella chiesa di Agordo. La famiglia ringrazia il personale del Pronto Soccorso dell&#8217;Ospedale di Agordo.<\/p>\n\n\t\t\t<style type='text\/css'>\n\t\t\t\t#gallery-1 {\n\t\t\t\t\tmargin: auto;\n\t\t\t\t}\n\t\t\t\t#gallery-1 .gallery-item {\n\t\t\t\t\tfloat: left;\n\t\t\t\t\tmargin-top: 10px;\n\t\t\t\t\ttext-align: center;\n\t\t\t\t\twidth: 100%;\n\t\t\t\t}\n\t\t\t\t#gallery-1 img {\n\t\t\t\t\tborder: 2px solid #cfcfcf;\n\t\t\t\t}\n\t\t\t\t#gallery-1 .gallery-caption {\n\t\t\t\t\tmargin-left: 0;\n\t\t\t\t}\n\t\t\t\t\/* see gallery_shortcode() in wp-includes\/media.php *\/\n\t\t\t<\/style>\n\t\t<div id='gallery-1' class='dt-gallery-container gallery galleryid-368809 gallery-columns-1 gallery-size-medium'><dl class='gallery-item'>\n\t\t\t\t<dt class='gallery-icon portrait'>\n\t\t\t\t\t<a class=\"rollover rollover-zoom dt-pswp-item\" title=\"a13ead67-1df8-4511-b107-ed58ace974ee\" data-dt-img-description=\"\" data-large_image_width=\"726\" data-large_image_height=\"1024\"href='https:\/\/www.radiopiu.net\/wordpress\/wp-content\/uploads\/2024\/01\/a13ead67-1df8-4511-b107-ed58ace974ee.jpg'><img loading=\"lazy\" decoding=\"async\" width=\"213\" height=\"300\" src=\"https:\/\/www.radiopiu.net\/wordpress\/wp-content\/uploads\/2024\/01\/a13ead67-1df8-4511-b107-ed58ace974ee-213x300.jpg\" class=\"attachment-medium size-medium\" alt=\"\" srcset=\"https:\/\/www.radiopiu.net\/wordpress\/wp-content\/uploads\/2024\/01\/a13ead67-1df8-4511-b107-ed58ace974ee-213x300.jpg 213w, https:\/\/www.radiopiu.net\/wordpress\/wp-content\/uploads\/2024\/01\/a13ead67-1df8-4511-b107-ed58ace974ee.jpg 726w\" sizes=\"auto, (max-width: 213px) 100vw, 213px\" \/><\/a>\n\t\t\t\t<\/dt><\/dl><br style=\"clear: both\" \/>\n\t\t\t<\/div>\n\n<p>&nbsp;<\/p>\n<p>&nbsp;<\/p>\n<p>*******<\/p>\n","protected":false},"excerpt":{"rendered":"<p>**** Stavo pensando ad Alida, alla faccia che ha fatto quando gli sei arrivato a tiro, buona com&#8217;\u00e8 gli orecchi te li ha tirati, ma nemmeno tanto forte. Penso a Sabrina, la tua coscritta, che abbiamo accompagnato assieme in quell&#8217;ultimo viaggio, e che probabilmente una festa te la doveva. Caro Ivan dall&#8217;invidiata barbetta splendidamente curata,&hellip;<\/p>\n","protected":false},"author":4,"featured_media":368811,"comment_status":"closed","ping_status":"closed","sticky":false,"template":"","format":"standard","meta":{"_monsterinsights_skip_tracking":false,"_monsterinsights_sitenote_active":false,"_monsterinsights_sitenote_note":"","_monsterinsights_sitenote_category":0,"footnotes":""},"categories":[51,49],"tags":[],"class_list":["post-368809","post","type-post","status-publish","format-standard","has-post-thumbnail","hentry","category-evidenza-top","category-news-18","category-51","category-49","description-off"],"img_url":"https:\/\/www.radiopiu.net\/wordpress\/wp-content\/uploads\/2024\/01\/SCR-20240105-rdun.png","_links":{"self":[{"href":"https:\/\/www.radiopiu.net\/wordpress\/wp-json\/wp\/v2\/posts\/368809","targetHints":{"allow":["GET"]}}],"collection":[{"href":"https:\/\/www.radiopiu.net\/wordpress\/wp-json\/wp\/v2\/posts"}],"about":[{"href":"https:\/\/www.radiopiu.net\/wordpress\/wp-json\/wp\/v2\/types\/post"}],"author":[{"embeddable":true,"href":"https:\/\/www.radiopiu.net\/wordpress\/wp-json\/wp\/v2\/users\/4"}],"replies":[{"embeddable":true,"href":"https:\/\/www.radiopiu.net\/wordpress\/wp-json\/wp\/v2\/comments?post=368809"}],"version-history":[{"count":0,"href":"https:\/\/www.radiopiu.net\/wordpress\/wp-json\/wp\/v2\/posts\/368809\/revisions"}],"wp:featuredmedia":[{"embeddable":true,"href":"https:\/\/www.radiopiu.net\/wordpress\/wp-json\/wp\/v2\/media\/368811"}],"wp:attachment":[{"href":"https:\/\/www.radiopiu.net\/wordpress\/wp-json\/wp\/v2\/media?parent=368809"}],"wp:term":[{"taxonomy":"category","embeddable":true,"href":"https:\/\/www.radiopiu.net\/wordpress\/wp-json\/wp\/v2\/categories?post=368809"},{"taxonomy":"post_tag","embeddable":true,"href":"https:\/\/www.radiopiu.net\/wordpress\/wp-json\/wp\/v2\/tags?post=368809"}],"curies":[{"name":"wp","href":"https:\/\/api.w.org\/{rel}","templated":true}]}}