{"id":368817,"date":"2024-01-05T20:27:12","date_gmt":"2024-01-05T19:27:12","guid":{"rendered":"https:\/\/www.radiopiu.net\/wordpress\/?p=368817"},"modified":"2024-01-05T20:27:12","modified_gmt":"2024-01-05T19:27:12","slug":"voltago-in-lutto-per-la-morte-di-augusto-riva","status":"publish","type":"post","link":"https:\/\/www.radiopiu.net\/wordpress\/voltago-in-lutto-per-la-morte-di-augusto-riva\/","title":{"rendered":"VOLTAGO IN LUTTO PER LA MORTE DI AUGUSTO RIVA"},"content":{"rendered":"<p>******<\/p>\n<p>&nbsp;<\/p>\n<p><strong><a class=\"dt-pswp-item\" href=\"https:\/\/www.radiopiu.net\/wordpress\/wp-content\/uploads\/2024\/01\/SCR-20240105-rtfh.png\" data-dt-img-description=\"\" data-large_image_width=\"342\" data-large_image_height=\"488\"><img loading=\"lazy\" decoding=\"async\" class=\" wp-image-368818 alignleft\" src=\"https:\/\/www.radiopiu.net\/wordpress\/wp-content\/uploads\/2024\/01\/SCR-20240105-rtfh-210x300.png\" alt=\"\" width=\"99\" height=\"141\" srcset=\"https:\/\/www.radiopiu.net\/wordpress\/wp-content\/uploads\/2024\/01\/SCR-20240105-rtfh-210x300.png 210w, https:\/\/www.radiopiu.net\/wordpress\/wp-content\/uploads\/2024\/01\/SCR-20240105-rtfh.png 342w\" sizes=\"auto, (max-width: 99px) 100vw, 99px\" \/><\/a> <\/strong><\/p>\n<p><strong>\u00a0<\/strong><\/p>\n<p><strong>REDAZIONE<\/strong> \u00c8 morto a 78 anni Augusto Riva (Giustino). Ad annunciarlo la la moglie Milena, i figli Cristina, Gabriele e Marco con le loro famiglie, la sorella Anita, i cognati, le cognate, i nipoti e parenti tutti. I funerali si svolgeranno marted\u00ec alle 14:30 nella chiesa parocchiale di Voltago Agordino. Il Santo Rosario verr\u00e0 recitato luned\u00ec alle 18 sempre nella chiesa di Voltago. I famigliari ringraziano fin d&#8217;ora quanti parteciperenno alla cerimonia.<\/p>\n<p>&nbsp;<\/p>\n<p>&nbsp;<\/p>\n<p>******<\/p>\n","protected":false},"excerpt":{"rendered":"<p>****** &nbsp; \u00a0 REDAZIONE \u00c8 morto a 78 anni Augusto Riva (Giustino). Ad annunciarlo la la moglie Milena, i figli Cristina, Gabriele e Marco con le loro famiglie, la sorella Anita, i cognati, le cognate, i nipoti e parenti tutti. I funerali si svolgeranno marted\u00ec alle 14:30 nella chiesa parocchiale di Voltago Agordino. Il Santo&hellip;<\/p>\n","protected":false},"author":4,"featured_media":368818,"comment_status":"closed","ping_status":"closed","sticky":false,"template":"","format":"standard","meta":{"_monsterinsights_skip_tracking":false,"_monsterinsights_sitenote_active":false,"_monsterinsights_sitenote_note":"","_monsterinsights_sitenote_category":0,"footnotes":""},"categories":[51,49],"tags":[],"class_list":["post-368817","post","type-post","status-publish","format-standard","has-post-thumbnail","hentry","category-evidenza-top","category-news-18","category-51","category-49","description-off"],"img_url":"https:\/\/www.radiopiu.net\/wordpress\/wp-content\/uploads\/2024\/01\/SCR-20240105-rtfh.png","_links":{"self":[{"href":"https:\/\/www.radiopiu.net\/wordpress\/wp-json\/wp\/v2\/posts\/368817","targetHints":{"allow":["GET"]}}],"collection":[{"href":"https:\/\/www.radiopiu.net\/wordpress\/wp-json\/wp\/v2\/posts"}],"about":[{"href":"https:\/\/www.radiopiu.net\/wordpress\/wp-json\/wp\/v2\/types\/post"}],"author":[{"embeddable":true,"href":"https:\/\/www.radiopiu.net\/wordpress\/wp-json\/wp\/v2\/users\/4"}],"replies":[{"embeddable":true,"href":"https:\/\/www.radiopiu.net\/wordpress\/wp-json\/wp\/v2\/comments?post=368817"}],"version-history":[{"count":0,"href":"https:\/\/www.radiopiu.net\/wordpress\/wp-json\/wp\/v2\/posts\/368817\/revisions"}],"wp:featuredmedia":[{"embeddable":true,"href":"https:\/\/www.radiopiu.net\/wordpress\/wp-json\/wp\/v2\/media\/368818"}],"wp:attachment":[{"href":"https:\/\/www.radiopiu.net\/wordpress\/wp-json\/wp\/v2\/media?parent=368817"}],"wp:term":[{"taxonomy":"category","embeddable":true,"href":"https:\/\/www.radiopiu.net\/wordpress\/wp-json\/wp\/v2\/categories?post=368817"},{"taxonomy":"post_tag","embeddable":true,"href":"https:\/\/www.radiopiu.net\/wordpress\/wp-json\/wp\/v2\/tags?post=368817"}],"curies":[{"name":"wp","href":"https:\/\/api.w.org\/{rel}","templated":true}]}}