{"id":368845,"date":"2024-01-06T10:41:39","date_gmt":"2024-01-06T09:41:39","guid":{"rendered":"https:\/\/www.radiopiu.net\/wordpress\/?p=368845"},"modified":"2024-01-06T10:41:39","modified_gmt":"2024-01-06T09:41:39","slug":"dillo-a-radio-piu-i-mercatini-di-natale-ad-alleghe-sarebbero-un-valore-aggiunto","status":"publish","type":"post","link":"https:\/\/www.radiopiu.net\/wordpress\/dillo-a-radio-piu-i-mercatini-di-natale-ad-alleghe-sarebbero-un-valore-aggiunto\/","title":{"rendered":"DILLO A RADIO PIU&#8217;&#8230;I MERCATINI DI NATALE AD ALLEGHE SAREBBERO UN VALORE AGGIUNTO"},"content":{"rendered":"<p>*****<\/p>\n<p>&nbsp;<\/p>\n<p><strong><a class=\"dt-pswp-item\" href=\"https:\/\/www.radiopiu.net\/wordpress\/wp-content\/uploads\/2022\/12\/alleghe-estate.jpg\" data-dt-img-description=\"\" data-large_image_width=\"640\" data-large_image_height=\"425\"><img loading=\"lazy\" decoding=\"async\" class=\" wp-image-311542 alignleft\" src=\"https:\/\/www.radiopiu.net\/wordpress\/wp-content\/uploads\/2022\/12\/alleghe-estate-300x199.jpg\" alt=\"\" width=\"152\" height=\"101\" srcset=\"https:\/\/www.radiopiu.net\/wordpress\/wp-content\/uploads\/2022\/12\/alleghe-estate-300x199.jpg 300w, https:\/\/www.radiopiu.net\/wordpress\/wp-content\/uploads\/2022\/12\/alleghe-estate.jpg 640w\" sizes=\"auto, (max-width: 152px) 100vw, 152px\" \/><\/a>Riceviamo e pubblichiamo<\/strong><\/p>\n<p>Vi scrivo per esprimere una amarezza che da qualche anno mi rattrista. Per una serie di motivazioni mi sono trasferita a Masar\u00e8 di Rocca Pietore, un luogo bellissimo e a tratti pure incantato. La vista da casa mia si affaccia sulla cascata di Alleghe. Un contesto ricco per lo sport: d\u2019inverno lo sci, il pattinaggio o le camminate attorno al lago o in altri splendidi posti dell\u2019Agordino, d\u2019estate le camminate in quota e l\u2019arrampicata. Quello che manca, non solo a mio parere, sono i mercatini di Natale, che porterebbero tanto turismo e darebbero ad Alleghe ancora maggior fasto, oltre che richiamare nuova gente e nuova energia economica. Non tutti vanno a sciare e magari dopo una bella giornata, \u00e8 piacevole vedere qualche oggetto da regalare\/regalarsi o prendere un vin brul\u00e8 per riscaldarsi. Tra l\u2018altro il posto ci sarebbe, perch\u00e9 d\u2019estate viene fatto il mercato settimanale proprio lungo il lago e sarebbe veramente bello e renderebbe l\u2019atmosfera ancora pi\u00f9 magica di quello che gi\u00e0 \u00e8. Io capisco tante cose, ma so perfettamente che tutto questo incrementerebbe il turismo e darebbe ancor pi\u00f9 lustro ad Alleghe e cos\u00ec il turismo non dovrebbe recarsi fino a Brunico o Bolzano per vedere dei mercatini, farcendo peraltro ancora strada e sottraendo altra economia all\u2019Agordino. Anni fa i mercatini c\u2019erano anche ad Agordo, ma ora il nulla. Sono passata per Falcade e di sei casette ce ne era solo una aperta. Mi domando a questo punto se non si voglia far scappare il turismo operando in questa maniera o meglio non facendo niente. Questo rammarico non \u00e8 solo mio, ma anche di altre persone che la pensano come me e che dicono che \u00e8 un peccato che per una visione miope ci facciamo sfuggire tanto turismo, oltre al fatto di creare momenti di socialit\u00e0 e creare degli eventi che attirerebbero turismo e di conseguenza ulteriori entrate anche per il Comune. Volevo esprimere qui in Radio Pi\u00f9 i miei pensieri sperando che vengano colti dalle Amministrazioni competenti e che si possa un altro anno riuscire a vedere questi benedetti Mercatini Natalizi. Naturalmente per questo inverno \u00e8 tardi, ma riprorr\u00f2 la stessa lettera a settembre, dando cos\u00ec modo alle Amministrazioni di organizzarsi. Grazie dell\u2019attenzione.<\/p>\n<p>Manuela Marchesi<\/p>\n<p>&nbsp;<\/p>\n<p>&nbsp;<\/p>\n<p>*******<\/p>\n","protected":false},"excerpt":{"rendered":"<p>***** &nbsp; Riceviamo e pubblichiamo Vi scrivo per esprimere una amarezza che da qualche anno mi rattrista. Per una serie di motivazioni mi sono trasferita a Masar\u00e8 di Rocca Pietore, un luogo bellissimo e a tratti pure incantato. La vista da casa mia si affaccia sulla cascata di Alleghe. Un contesto ricco per lo sport:&hellip;<\/p>\n","protected":false},"author":4,"featured_media":311542,"comment_status":"closed","ping_status":"closed","sticky":false,"template":"","format":"standard","meta":{"_monsterinsights_skip_tracking":false,"_monsterinsights_sitenote_active":false,"_monsterinsights_sitenote_note":"","_monsterinsights_sitenote_category":0,"footnotes":""},"categories":[49],"tags":[],"class_list":["post-368845","post","type-post","status-publish","format-standard","has-post-thumbnail","hentry","category-news-18","category-49","description-off"],"img_url":"https:\/\/www.radiopiu.net\/wordpress\/wp-content\/uploads\/2022\/12\/alleghe-estate.jpg","_links":{"self":[{"href":"https:\/\/www.radiopiu.net\/wordpress\/wp-json\/wp\/v2\/posts\/368845","targetHints":{"allow":["GET"]}}],"collection":[{"href":"https:\/\/www.radiopiu.net\/wordpress\/wp-json\/wp\/v2\/posts"}],"about":[{"href":"https:\/\/www.radiopiu.net\/wordpress\/wp-json\/wp\/v2\/types\/post"}],"author":[{"embeddable":true,"href":"https:\/\/www.radiopiu.net\/wordpress\/wp-json\/wp\/v2\/users\/4"}],"replies":[{"embeddable":true,"href":"https:\/\/www.radiopiu.net\/wordpress\/wp-json\/wp\/v2\/comments?post=368845"}],"version-history":[{"count":0,"href":"https:\/\/www.radiopiu.net\/wordpress\/wp-json\/wp\/v2\/posts\/368845\/revisions"}],"wp:featuredmedia":[{"embeddable":true,"href":"https:\/\/www.radiopiu.net\/wordpress\/wp-json\/wp\/v2\/media\/311542"}],"wp:attachment":[{"href":"https:\/\/www.radiopiu.net\/wordpress\/wp-json\/wp\/v2\/media?parent=368845"}],"wp:term":[{"taxonomy":"category","embeddable":true,"href":"https:\/\/www.radiopiu.net\/wordpress\/wp-json\/wp\/v2\/categories?post=368845"},{"taxonomy":"post_tag","embeddable":true,"href":"https:\/\/www.radiopiu.net\/wordpress\/wp-json\/wp\/v2\/tags?post=368845"}],"curies":[{"name":"wp","href":"https:\/\/api.w.org\/{rel}","templated":true}]}}