{"id":368901,"date":"2024-01-06T21:30:07","date_gmt":"2024-01-06T20:30:07","guid":{"rendered":"https:\/\/www.radiopiu.net\/wordpress\/?p=368901"},"modified":"2024-01-08T05:49:45","modified_gmt":"2024-01-08T04:49:45","slug":"incendio-nel-locale-lavaggio-della-cucina-dellistituto-carenzoni-monego-a-feltre","status":"publish","type":"post","link":"https:\/\/www.radiopiu.net\/wordpress\/incendio-nel-locale-lavaggio-della-cucina-dellistituto-carenzoni-monego-a-feltre\/","title":{"rendered":"INCENDIO NEL LOCALE LAVAGGIO DELLA CUCINA DELL\u2019ISTITUTO CARENZONI MONEGO A FELTRE: 18 PERSONE EVACUATE"},"content":{"rendered":"<p>****<\/p>\n<p>&nbsp;<\/p>\n<p><em>L&#8217;Istituto Carenzoni Monego \u00e8 sotto sequestro penale dopo l&#8217;incendio, costringendo gli ospiti a una sistemazione d&#8217;emergenza. Si prospettano circa 20 giorni di attesa per accertamenti e riparazioni. Una soluzione provvisoria \u00e8 stata trovata per gli sfollati, coinvolgendo Azienda feltrina e Caritas. Dopo l&#8217;incendio, soccorsi e attivit\u00e0 di polizia giudiziaria sono seguiti, e l&#8217;edificio \u00e8 ora sigillato. Il Carenzoni si impegna a riparare rapidamente, ma l&#8217;emergenza abitativa viene affrontata con alloggi temporanei. Il confronto continuo tra enti e soccorritori promette una gestione oculata della situazione.<\/em><\/p>\n<p><strong><a class=\"dt-pswp-item\" href=\"https:\/\/www.radiopiu.net\/wordpress\/wp-content\/uploads\/2024\/01\/d8ab9c53-028a-4c14-98bf-11cd8b17939a.jpg\" data-dt-img-description=\"\" data-large_image_width=\"1600\" data-large_image_height=\"1112\"><img loading=\"lazy\" decoding=\"async\" class=\" wp-image-368903 alignleft\" src=\"https:\/\/www.radiopiu.net\/wordpress\/wp-content\/uploads\/2024\/01\/d8ab9c53-028a-4c14-98bf-11cd8b17939a-300x209.jpg\" alt=\"\" width=\"204\" height=\"142\" srcset=\"https:\/\/www.radiopiu.net\/wordpress\/wp-content\/uploads\/2024\/01\/d8ab9c53-028a-4c14-98bf-11cd8b17939a-300x209.jpg 300w, https:\/\/www.radiopiu.net\/wordpress\/wp-content\/uploads\/2024\/01\/d8ab9c53-028a-4c14-98bf-11cd8b17939a-1024x712.jpg 1024w, https:\/\/www.radiopiu.net\/wordpress\/wp-content\/uploads\/2024\/01\/d8ab9c53-028a-4c14-98bf-11cd8b17939a-768x534.jpg 768w, https:\/\/www.radiopiu.net\/wordpress\/wp-content\/uploads\/2024\/01\/d8ab9c53-028a-4c14-98bf-11cd8b17939a-1536x1068.jpg 1536w, https:\/\/www.radiopiu.net\/wordpress\/wp-content\/uploads\/2024\/01\/d8ab9c53-028a-4c14-98bf-11cd8b17939a.jpg 1600w\" sizes=\"auto, (max-width: 204px) 100vw, 204px\" \/><\/a>FELTRE<\/strong> Sabato dalle 17, i vigili del fuoco sono intervenuti in via Cesare Battisti a Feltre per un incendio nell&#8217;istituto Carenzoni Monego. Hanno salvato 4 persone dalle finestre del primo piano, evacuando complessivamente 18 ospiti. Le fiamme si sono sviluppate nell&#8217;area lavaggio della cucina, causando fumo nelle camere del piano superiore. I pompieri hanno spento l&#8217;incendio, e uno degli ospiti con piccole ustioni \u00e8 stato trasferito in pronto soccorso. Le operazioni di messa in sicurezza dei locali sono ancora in corso. Il sindaco \u00e8 sul posto per trovare alloggi temporanei per le persone evacuate. I locali interessati sono interdetti fino al ripristino degli impianti e alla salubrit\u00e0 degli ambienti.<\/p>\n<p>&nbsp;<\/p>\n<p>&nbsp;<\/p>\n<p>*******<\/p>\n","protected":false},"excerpt":{"rendered":"<p>**** &nbsp; L&#8217;Istituto Carenzoni Monego \u00e8 sotto sequestro penale dopo l&#8217;incendio, costringendo gli ospiti a una sistemazione d&#8217;emergenza. Si prospettano circa 20 giorni di attesa per accertamenti e riparazioni. Una soluzione provvisoria \u00e8 stata trovata per gli sfollati, coinvolgendo Azienda feltrina e Caritas. Dopo l&#8217;incendio, soccorsi e attivit\u00e0 di polizia giudiziaria sono seguiti, e l&#8217;edificio&hellip;<\/p>\n","protected":false},"author":4,"featured_media":368903,"comment_status":"closed","ping_status":"closed","sticky":false,"template":"","format":"standard","meta":{"_monsterinsights_skip_tracking":false,"_monsterinsights_sitenote_active":false,"_monsterinsights_sitenote_note":"","_monsterinsights_sitenote_category":0,"footnotes":""},"categories":[51,49],"tags":[],"class_list":["post-368901","post","type-post","status-publish","format-standard","has-post-thumbnail","hentry","category-evidenza-top","category-news-18","category-51","category-49","description-off"],"img_url":"https:\/\/www.radiopiu.net\/wordpress\/wp-content\/uploads\/2024\/01\/d8ab9c53-028a-4c14-98bf-11cd8b17939a.jpg","_links":{"self":[{"href":"https:\/\/www.radiopiu.net\/wordpress\/wp-json\/wp\/v2\/posts\/368901","targetHints":{"allow":["GET"]}}],"collection":[{"href":"https:\/\/www.radiopiu.net\/wordpress\/wp-json\/wp\/v2\/posts"}],"about":[{"href":"https:\/\/www.radiopiu.net\/wordpress\/wp-json\/wp\/v2\/types\/post"}],"author":[{"embeddable":true,"href":"https:\/\/www.radiopiu.net\/wordpress\/wp-json\/wp\/v2\/users\/4"}],"replies":[{"embeddable":true,"href":"https:\/\/www.radiopiu.net\/wordpress\/wp-json\/wp\/v2\/comments?post=368901"}],"version-history":[{"count":0,"href":"https:\/\/www.radiopiu.net\/wordpress\/wp-json\/wp\/v2\/posts\/368901\/revisions"}],"wp:featuredmedia":[{"embeddable":true,"href":"https:\/\/www.radiopiu.net\/wordpress\/wp-json\/wp\/v2\/media\/368903"}],"wp:attachment":[{"href":"https:\/\/www.radiopiu.net\/wordpress\/wp-json\/wp\/v2\/media?parent=368901"}],"wp:term":[{"taxonomy":"category","embeddable":true,"href":"https:\/\/www.radiopiu.net\/wordpress\/wp-json\/wp\/v2\/categories?post=368901"},{"taxonomy":"post_tag","embeddable":true,"href":"https:\/\/www.radiopiu.net\/wordpress\/wp-json\/wp\/v2\/tags?post=368901"}],"curies":[{"name":"wp","href":"https:\/\/api.w.org\/{rel}","templated":true}]}}