{"id":368944,"date":"2024-01-08T13:30:07","date_gmt":"2024-01-08T12:30:07","guid":{"rendered":"https:\/\/www.radiopiu.net\/wordpress\/?p=368944"},"modified":"2024-01-07T15:20:04","modified_gmt":"2024-01-07T14:20:04","slug":"i-racconti-di-paolo-soppelsa-puntata-210","status":"publish","type":"post","link":"https:\/\/www.radiopiu.net\/wordpress\/i-racconti-di-paolo-soppelsa-puntata-210\/","title":{"rendered":"I RACCONTI DI PAOLO SOPPELSA &#8211; PUNTATA 210"},"content":{"rendered":"<p>******<\/p>\n<p>&nbsp;<\/p>\n<p><strong>TEMPO D&#8217;INVERNO <\/strong><\/p>\n<p><strong>AUDIO<\/strong><\/p>\n<audio class=\"wp-audio-shortcode\" id=\"audio-368944-1\" preload=\"none\" style=\"width: 100%;\" controls=\"controls\"><source type=\"audio\/mpeg\" src=\"https:\/\/www.radiopiu.net\/wordpress\/wp-content\/uploads\/2024\/01\/PAOLOS.mp3?_=1\" \/><a href=\"https:\/\/www.radiopiu.net\/wordpress\/wp-content\/uploads\/2024\/01\/PAOLOS.mp3\">https:\/\/www.radiopiu.net\/wordpress\/wp-content\/uploads\/2024\/01\/PAOLOS.mp3<\/a><\/audio>\n<p>&nbsp;<\/p>\n<p><a class=\"dt-pswp-item\" href=\"https:\/\/www.radiopiu.net\/wordpress\/wp-content\/uploads\/2024\/01\/c0272e0e-2b31-4916-b868-e71a5b9cfe61.jpg\" data-dt-img-description=\"\" data-large_image_width=\"1600\" data-large_image_height=\"1200\"><img loading=\"lazy\" decoding=\"async\" class=\" wp-image-368946 alignleft\" src=\"https:\/\/www.radiopiu.net\/wordpress\/wp-content\/uploads\/2024\/01\/c0272e0e-2b31-4916-b868-e71a5b9cfe61-300x225.jpg\" alt=\"\" width=\"196\" height=\"147\" srcset=\"https:\/\/www.radiopiu.net\/wordpress\/wp-content\/uploads\/2024\/01\/c0272e0e-2b31-4916-b868-e71a5b9cfe61-300x225.jpg 300w, https:\/\/www.radiopiu.net\/wordpress\/wp-content\/uploads\/2024\/01\/c0272e0e-2b31-4916-b868-e71a5b9cfe61-1024x768.jpg 1024w, https:\/\/www.radiopiu.net\/wordpress\/wp-content\/uploads\/2024\/01\/c0272e0e-2b31-4916-b868-e71a5b9cfe61-768x576.jpg 768w, https:\/\/www.radiopiu.net\/wordpress\/wp-content\/uploads\/2024\/01\/c0272e0e-2b31-4916-b868-e71a5b9cfe61-1536x1152.jpg 1536w, https:\/\/www.radiopiu.net\/wordpress\/wp-content\/uploads\/2024\/01\/c0272e0e-2b31-4916-b868-e71a5b9cfe61.jpg 1600w\" sizes=\"auto, (max-width: 196px) 100vw, 196px\" \/><\/a>Gennaio era un mese duro, anche per quella gente di montagna che di lunghi inverni ne aveva vissuti tanti. Sei giorni ancora di festivit\u00e0 natalizie, poi la Befana avrebbe riempito le calze di semplici doni e poi sarebbe ripartita, portandosi via il clima di festa e pure i nipoti, che avrebbero lasciato il paese per ritornare alla loro vita di citt\u00e0. Lass\u00f9, nella frazione a mezzacosta, sarebbero rimasti solamente i freddi silenzi del luned\u00ec dell&#8217;anno a fare compagnia ai pochi anziani che vivevano la loro semplice vita di fronte al Pelsa. Ora avevano toccato il punto pi\u00f9 profondo dell&#8217;inverno, e non era solamente il calendario a rammentarlo, erano pure le cataste di legna che si riducevano di giorno in giorno e poi quel gelo delle notti limpide, quelle con infinite stelle nel cielo. Gennaio era cos\u00ec, se erano nuvole grigie che nascondevano le montagne, era quasi sicuramente neve, se al contrario era cielo puro, era freddo che bruciava la pelle e i polmoni. Un tempo lento da vivere, un tempo che sembrava infinito e una settimana pareva un anno, con quei giorni stanchi consumati in casa riempiendo di legna la cucina economica e spalando la neve quando decideva di nevicare. Di quei tempi ormai lontani di quando ero bambino, ricordo i prati arresi all&#8217;inverno e la pazienza di chi, lass\u00f9, trascorreva in silenzio quelle lunghe ore di gennaio. Rammento le domeniche umide e uggiose, grigie come la Ritmo che appena dopo pranzo partiva da Belluno e a volte incontrava la prima neve l\u00ec, dove la valle si stringeva e la Valbelluna diventava Agordino. Rivedo le fontane ghiacciate, il ghiaino sparso sull&#8217;asfalto della Provinciale di San Tomaso, il cappello grigio di pap\u00e0. E poi i cieli limpidi di certe sere che avevano dentro il profumo dei salami appesi in cantina, la lampadina da 30 watt con la sua luce giallina e stanca, il ronzio monotono del grande congelatore da poco riempito con la carne della &#8220;becaria&#8221;. Ritrovo la porta azzurra della cantina e le epiche stellate classiche delle lunghe e gelide notti di gennaio; quante stelle sopra la valle, ognuna con la propria luce ed il proprio posto nel cielo, veniva quasi voglia di contarle. Ricordo il caldo potente del fornel, i dormiveglia post giochi sulla neve, le parole in dialetto che in quei momenti erano echi lontani. E poi il giaccone di pap\u00e0, la sua pila di ferro, il sacchetto di plastica con dentro le catene da neve che formavano un groviglio inestricabile che lui riusciva a domare in pochi minuti. Ricordi di pali di legno rossi e blu posizionati a bordo strada e cumuli di neve sporca ammucchiata alla base del muro del sagrato della chiesa di Cencenighe. Era cos\u00ec, per me, quel tempo rallentato del profondo inverno di montagna, aveva dentro neve e stelle, cieli limpidi e cieli assenti, nuvole grigie e calore di legna di larice e faggio. Poi, quel tempo di maglioni di lana e dolcevite e calzamaglie sintetiche, si trascinava lentamente incontro a febbraio; dopo i severi giorni della merla, una nuova appena accennata dolcezza, un timido alito di pi\u00f9 lieve inverno, si sarebbe posato sulla valle e sui visi di chi, la domenica, mi avrebbe aspettato ancora una volta lass\u00f9.<\/p>\n<p>&nbsp;<\/p>\n<p>&nbsp;<\/p>\n<p>******<\/p>\n","protected":false},"excerpt":{"rendered":"<p>****** &nbsp; TEMPO D&#8217;INVERNO AUDIO &nbsp; Gennaio era un mese duro, anche per quella gente di montagna che di lunghi inverni ne aveva vissuti tanti. Sei giorni ancora di festivit\u00e0 natalizie, poi la Befana avrebbe riempito le calze di semplici doni e poi sarebbe ripartita, portandosi via il clima di festa e pure i nipoti,&hellip;<\/p>\n","protected":false},"author":4,"featured_media":368946,"comment_status":"closed","ping_status":"closed","sticky":false,"template":"","format":"standard","meta":{"_monsterinsights_skip_tracking":false,"_monsterinsights_sitenote_active":false,"_monsterinsights_sitenote_note":"","_monsterinsights_sitenote_category":0,"footnotes":""},"categories":[49,112],"tags":[],"class_list":["post-368944","post","type-post","status-publish","format-standard","has-post-thumbnail","hentry","category-news-18","category-racconti-soppelsa","category-49","category-112","description-off"],"img_url":"https:\/\/www.radiopiu.net\/wordpress\/wp-content\/uploads\/2024\/01\/c0272e0e-2b31-4916-b868-e71a5b9cfe61.jpg","_links":{"self":[{"href":"https:\/\/www.radiopiu.net\/wordpress\/wp-json\/wp\/v2\/posts\/368944","targetHints":{"allow":["GET"]}}],"collection":[{"href":"https:\/\/www.radiopiu.net\/wordpress\/wp-json\/wp\/v2\/posts"}],"about":[{"href":"https:\/\/www.radiopiu.net\/wordpress\/wp-json\/wp\/v2\/types\/post"}],"author":[{"embeddable":true,"href":"https:\/\/www.radiopiu.net\/wordpress\/wp-json\/wp\/v2\/users\/4"}],"replies":[{"embeddable":true,"href":"https:\/\/www.radiopiu.net\/wordpress\/wp-json\/wp\/v2\/comments?post=368944"}],"version-history":[{"count":0,"href":"https:\/\/www.radiopiu.net\/wordpress\/wp-json\/wp\/v2\/posts\/368944\/revisions"}],"wp:featuredmedia":[{"embeddable":true,"href":"https:\/\/www.radiopiu.net\/wordpress\/wp-json\/wp\/v2\/media\/368946"}],"wp:attachment":[{"href":"https:\/\/www.radiopiu.net\/wordpress\/wp-json\/wp\/v2\/media?parent=368944"}],"wp:term":[{"taxonomy":"category","embeddable":true,"href":"https:\/\/www.radiopiu.net\/wordpress\/wp-json\/wp\/v2\/categories?post=368944"},{"taxonomy":"post_tag","embeddable":true,"href":"https:\/\/www.radiopiu.net\/wordpress\/wp-json\/wp\/v2\/tags?post=368944"}],"curies":[{"name":"wp","href":"https:\/\/api.w.org\/{rel}","templated":true}]}}