{"id":368955,"date":"2024-01-07T17:08:00","date_gmt":"2024-01-07T16:08:00","guid":{"rendered":"https:\/\/www.radiopiu.net\/wordpress\/?p=368955"},"modified":"2024-01-07T17:08:35","modified_gmt":"2024-01-07T16:08:35","slug":"recuperato-sciatore-in-fuoripista","status":"publish","type":"post","link":"https:\/\/www.radiopiu.net\/wordpress\/recuperato-sciatore-in-fuoripista\/","title":{"rendered":"RECUPERATO SCIATORE IN FUORIPISTA"},"content":{"rendered":"<p>***<\/p>\n<p>&nbsp;<\/p>\n<p>SELVA DI CADORE Verso le 12.30 la Centrale del 118 \u00e8 stata attivata, su segnalazione del personale della seggiovia, attirato dalle grida di aiuto di uno sciatore in difficolt\u00e0 all&#8217;altezza del 16\u00b0 pilone. Uscito in fuoripista nel tratto di impianti di Pescul, un 24enne ucraino, era rimasto bloccato dalla neve, incapace di proseguire. Dopo aver ricevuto le indicazioni sommarie della posizione, il ragazzo, che era incolume, \u00e8 stato raggiunto da un soccorritore della Val Fiorentina, che si trovava gi\u00e0 nelle vicinanze, affiancato poi da altri due volontari, ed \u00e8 stato aiutato a tornare al sicuro.<\/p>\n<p>&nbsp;<\/p>\n<p>__<\/p>\n","protected":false},"excerpt":{"rendered":"<p>*** &nbsp; SELVA DI CADORE Verso le 12.30 la Centrale del 118 \u00e8 stata attivata, su segnalazione del personale della seggiovia, attirato dalle grida di aiuto di uno sciatore in difficolt\u00e0 all&#8217;altezza del 16\u00b0 pilone. Uscito in fuoripista nel tratto di impianti di Pescul, un 24enne ucraino, era rimasto bloccato dalla neve, incapace di proseguire.&hellip;<\/p>\n","protected":false},"author":4,"featured_media":270917,"comment_status":"closed","ping_status":"closed","sticky":false,"template":"","format":"standard","meta":{"_monsterinsights_skip_tracking":false,"_monsterinsights_sitenote_active":false,"_monsterinsights_sitenote_note":"","_monsterinsights_sitenote_category":0,"footnotes":""},"categories":[51,49],"tags":[],"class_list":["post-368955","post","type-post","status-publish","format-standard","has-post-thumbnail","hentry","category-evidenza-top","category-news-18","category-51","category-49","description-off"],"img_url":"https:\/\/www.radiopiu.net\/wordpress\/wp-content\/uploads\/2022\/04\/soccorso-alpino-1024x602-1.jpg","_links":{"self":[{"href":"https:\/\/www.radiopiu.net\/wordpress\/wp-json\/wp\/v2\/posts\/368955","targetHints":{"allow":["GET"]}}],"collection":[{"href":"https:\/\/www.radiopiu.net\/wordpress\/wp-json\/wp\/v2\/posts"}],"about":[{"href":"https:\/\/www.radiopiu.net\/wordpress\/wp-json\/wp\/v2\/types\/post"}],"author":[{"embeddable":true,"href":"https:\/\/www.radiopiu.net\/wordpress\/wp-json\/wp\/v2\/users\/4"}],"replies":[{"embeddable":true,"href":"https:\/\/www.radiopiu.net\/wordpress\/wp-json\/wp\/v2\/comments?post=368955"}],"version-history":[{"count":0,"href":"https:\/\/www.radiopiu.net\/wordpress\/wp-json\/wp\/v2\/posts\/368955\/revisions"}],"wp:featuredmedia":[{"embeddable":true,"href":"https:\/\/www.radiopiu.net\/wordpress\/wp-json\/wp\/v2\/media\/270917"}],"wp:attachment":[{"href":"https:\/\/www.radiopiu.net\/wordpress\/wp-json\/wp\/v2\/media?parent=368955"}],"wp:term":[{"taxonomy":"category","embeddable":true,"href":"https:\/\/www.radiopiu.net\/wordpress\/wp-json\/wp\/v2\/categories?post=368955"},{"taxonomy":"post_tag","embeddable":true,"href":"https:\/\/www.radiopiu.net\/wordpress\/wp-json\/wp\/v2\/tags?post=368955"}],"curies":[{"name":"wp","href":"https:\/\/api.w.org\/{rel}","templated":true}]}}