{"id":368968,"date":"2024-01-07T20:18:51","date_gmt":"2024-01-07T19:18:51","guid":{"rendered":"https:\/\/www.radiopiu.net\/wordpress\/?p=368968"},"modified":"2024-01-08T05:48:02","modified_gmt":"2024-01-08T04:48:02","slug":"il-pomeriggio-del-suem-118-tre-interventi-tra-auronzo-cortina-e-longarone","status":"publish","type":"post","link":"https:\/\/www.radiopiu.net\/wordpress\/il-pomeriggio-del-suem-118-tre-interventi-tra-auronzo-cortina-e-longarone\/","title":{"rendered":"IL POMERIGGIO DEL SUEM 118. TRE INTERVENTI TRA AURONZO, CORTINA E LONGARONE"},"content":{"rendered":"<p>*****<\/p>\n<p>&nbsp;<\/p>\n<p><strong><a class=\"dt-pswp-item\" href=\"https:\/\/www.radiopiu.net\/wordpress\/wp-content\/uploads\/2023\/08\/ambulanza-ulss-1.jpg\" data-dt-img-description=\"\" data-large_image_width=\"1591\" data-large_image_height=\"1029\"><img loading=\"lazy\" decoding=\"async\" class=\" wp-image-348787 alignleft\" src=\"https:\/\/www.radiopiu.net\/wordpress\/wp-content\/uploads\/2023\/08\/ambulanza-ulss-1-300x194.jpg\" alt=\"\" width=\"186\" height=\"120\" srcset=\"https:\/\/www.radiopiu.net\/wordpress\/wp-content\/uploads\/2023\/08\/ambulanza-ulss-1-300x194.jpg 300w, https:\/\/www.radiopiu.net\/wordpress\/wp-content\/uploads\/2023\/08\/ambulanza-ulss-1-1024x662.jpg 1024w, https:\/\/www.radiopiu.net\/wordpress\/wp-content\/uploads\/2023\/08\/ambulanza-ulss-1-768x497.jpg 768w, https:\/\/www.radiopiu.net\/wordpress\/wp-content\/uploads\/2023\/08\/ambulanza-ulss-1-1536x993.jpg 1536w, https:\/\/www.radiopiu.net\/wordpress\/wp-content\/uploads\/2023\/08\/ambulanza-ulss-1.jpg 1591w\" sizes=\"auto, (max-width: 186px) 100vw, 186px\" \/><\/a>REDAZIONE<\/strong> Sono tre gli interventi del Suem 118 nel pomeriggio di oggi. Alle 13:30, ad Auronzo di Cadore, \u00e8 stato segnalato un caso di malore. Una donna di 66 anni residente ad Auronzo ha avuto bisogno di assistenza urgente. Sul posto \u00e8 intervenuto l&#8217;ambulanza e Falco, che ha trasportato la paziente all&#8217;ospedale di Belluno. Poco dopo, alle 14:40, un uomo di 62 anni proveniente da Conegliano \u00e8 rimasto coinvolto in un incidente sciistico. anche in questo caso \u00e8 intervenuto l&#8217;elicottero per il trasporto del paziente all&#8217;ospedale di Belluno. Alle 16:19, si \u00e8 verificato un incidente auto a Fae&#8217; di Longarone. Due persone, un uomo e una donna di 26 e 27 anni provenienti da Rovigo, sono rimaste coinvolte. Sono intervenuti gli operatori sanitari con l&#8217;ambulanza, che hanno provveduto al trasporto dei feriti al san Martino di Belluno. Inoltre 12 interventi sui comprensori sciistici: 6 a Cortina, uno ad Arabba, 3 sul Civetta e 2 a Falcade.<\/p>\n<p>&nbsp;<\/p>\n<p>&nbsp;<\/p>\n<p>*******<\/p>\n","protected":false},"excerpt":{"rendered":"<p>***** &nbsp; REDAZIONE Sono tre gli interventi del Suem 118 nel pomeriggio di oggi. Alle 13:30, ad Auronzo di Cadore, \u00e8 stato segnalato un caso di malore. Una donna di 66 anni residente ad Auronzo ha avuto bisogno di assistenza urgente. Sul posto \u00e8 intervenuto l&#8217;ambulanza e Falco, che ha trasportato la paziente all&#8217;ospedale di&hellip;<\/p>\n","protected":false},"author":4,"featured_media":348787,"comment_status":"closed","ping_status":"closed","sticky":false,"template":"","format":"standard","meta":{"_monsterinsights_skip_tracking":false,"_monsterinsights_sitenote_active":false,"_monsterinsights_sitenote_note":"","_monsterinsights_sitenote_category":0,"footnotes":""},"categories":[51,49],"tags":[],"class_list":["post-368968","post","type-post","status-publish","format-standard","has-post-thumbnail","hentry","category-evidenza-top","category-news-18","category-51","category-49","description-off"],"img_url":"https:\/\/www.radiopiu.net\/wordpress\/wp-content\/uploads\/2023\/08\/ambulanza-ulss-1.jpg","_links":{"self":[{"href":"https:\/\/www.radiopiu.net\/wordpress\/wp-json\/wp\/v2\/posts\/368968","targetHints":{"allow":["GET"]}}],"collection":[{"href":"https:\/\/www.radiopiu.net\/wordpress\/wp-json\/wp\/v2\/posts"}],"about":[{"href":"https:\/\/www.radiopiu.net\/wordpress\/wp-json\/wp\/v2\/types\/post"}],"author":[{"embeddable":true,"href":"https:\/\/www.radiopiu.net\/wordpress\/wp-json\/wp\/v2\/users\/4"}],"replies":[{"embeddable":true,"href":"https:\/\/www.radiopiu.net\/wordpress\/wp-json\/wp\/v2\/comments?post=368968"}],"version-history":[{"count":0,"href":"https:\/\/www.radiopiu.net\/wordpress\/wp-json\/wp\/v2\/posts\/368968\/revisions"}],"wp:featuredmedia":[{"embeddable":true,"href":"https:\/\/www.radiopiu.net\/wordpress\/wp-json\/wp\/v2\/media\/348787"}],"wp:attachment":[{"href":"https:\/\/www.radiopiu.net\/wordpress\/wp-json\/wp\/v2\/media?parent=368968"}],"wp:term":[{"taxonomy":"category","embeddable":true,"href":"https:\/\/www.radiopiu.net\/wordpress\/wp-json\/wp\/v2\/categories?post=368968"},{"taxonomy":"post_tag","embeddable":true,"href":"https:\/\/www.radiopiu.net\/wordpress\/wp-json\/wp\/v2\/tags?post=368968"}],"curies":[{"name":"wp","href":"https:\/\/api.w.org\/{rel}","templated":true}]}}