{"id":368979,"date":"2024-01-09T05:45:17","date_gmt":"2024-01-09T04:45:17","guid":{"rendered":"https:\/\/www.radiopiu.net\/wordpress\/?p=368979"},"modified":"2024-01-09T08:55:34","modified_gmt":"2024-01-09T07:55:34","slug":"giornale-radiopiu-09-gennaio-2024-direttore-mirko-mezzacasa","status":"publish","type":"post","link":"https:\/\/www.radiopiu.net\/wordpress\/giornale-radiopiu-09-gennaio-2024-direttore-mirko-mezzacasa\/","title":{"rendered":"GIORNALE RADIOPIU 09 GENNAIO 2024 DIRETTORE MIRKO MEZZACASA, anno 9"},"content":{"rendered":"<h1>***<\/h1>\n<p>&nbsp;<\/p>\n<p>&nbsp;<\/p>\n<p><a class=\"dt-pswp-item\" href=\"https:\/\/www.radiopiu.net\/wordpress\/wp-content\/uploads\/2024\/01\/Senza-nome-19.png\" data-dt-img-description=\"\" data-large_image_width=\"387\" data-large_image_height=\"84\"><img loading=\"lazy\" decoding=\"async\" class=\"wp-image-368996 size-full aligncenter\" src=\"https:\/\/www.radiopiu.net\/wordpress\/wp-content\/uploads\/2024\/01\/Senza-nome-19.png\" alt=\"\" width=\"387\" height=\"84\" srcset=\"https:\/\/www.radiopiu.net\/wordpress\/wp-content\/uploads\/2024\/01\/Senza-nome-19.png 387w, https:\/\/www.radiopiu.net\/wordpress\/wp-content\/uploads\/2024\/01\/Senza-nome-19-300x65.png 300w\" sizes=\"auto, (max-width: 387px) 100vw, 387px\" \/><\/a><\/p>\n<p>&nbsp;<\/p>\n<h1 class=\"entry-title photoswipe-wrapper\"><strong><a class=\"dt-pswp-item\" href=\"https:\/\/www.radiopiu.net\/wordpress\/wp-content\/uploads\/2023\/12\/logo-radio.jpg\" data-dt-img-description=\"\" data-large_image_width=\"800\" data-large_image_height=\"600\"><img loading=\"lazy\" decoding=\"async\" class=\"wp-image-367163 alignleft\" src=\"https:\/\/www.radiopiu.net\/wordpress\/wp-content\/uploads\/2023\/12\/logo-radio-300x225.jpg\" alt=\"\" width=\"109\" height=\"82\" srcset=\"https:\/\/www.radiopiu.net\/wordpress\/wp-content\/uploads\/2023\/12\/logo-radio-300x225.jpg 300w, https:\/\/www.radiopiu.net\/wordpress\/wp-content\/uploads\/2023\/12\/logo-radio-768x576.jpg 768w, https:\/\/www.radiopiu.net\/wordpress\/wp-content\/uploads\/2023\/12\/logo-radio.jpg 800w\" sizes=\"auto, (max-width: 109px) 100vw, 109px\" \/><\/a><\/strong><\/h1>\n<h1 class=\"entry-title photoswipe-wrapper\">40esimo di RADIOPIU\u2026. LA VOCE DELL\u2019EMOZIONE<\/h1>\n<h2><span style=\"color: #ff0000;\">ISCRIVITI AL NOSTRO CANALE\u00a0\u00a0YOUTUBE PER SEGUIRE IN DIRETTA I PRINCIPALI PROGRAMMI DI RADIO PIU\u2019 E LE FUTURE DIRETTE IN ESTERNA. PER ISCRIVERTI <a style=\"color: #ff0000;\" href=\"https:\/\/youtube.com\/@radiopiu1527\">CLICCA QUI\u00a0<\/a>E PREMI\u00a0 \u201cIscriviti\u201d\u00a0\u00a0<\/span><\/h2>\n<p>&nbsp;<\/p>\n<p>&nbsp;<\/p>\n<hr \/>\n<p>&nbsp;<\/p>\n<blockquote>\n<blockquote>\n<h1><span style=\"color: #ff0000;\">i podcast informativi del mattino &#8211; audio &#8211;\u00a0<\/span><\/h1>\n<\/blockquote>\n<p><strong><a class=\"dt-pswp-item\" href=\"https:\/\/www.radiopiu.net\/wordpress\/wp-content\/uploads\/2023\/11\/th-10.jpg\" data-dt-img-description=\"\" data-large_image_width=\"320\" data-large_image_height=\"180\"><img loading=\"lazy\" decoding=\"async\" class=\"wp-image-362866 alignleft\" src=\"https:\/\/www.radiopiu.net\/wordpress\/wp-content\/uploads\/2023\/11\/th-10-300x169.jpg\" alt=\"\" width=\"185\" height=\"104\" srcset=\"https:\/\/www.radiopiu.net\/wordpress\/wp-content\/uploads\/2023\/11\/th-10-300x169.jpg 300w, https:\/\/www.radiopiu.net\/wordpress\/wp-content\/uploads\/2023\/11\/th-10.jpg 320w\" sizes=\"auto, (max-width: 185px) 100vw, 185px\" \/><\/a>LA RASSEGNA STAMPA NAZIONALE ALLA RADIO, OGNI GIORNO ALLE 5 E ALLE 6 DEL MATTINO <span style=\"color: #0000ff;\">viene pubblicata alle 6.00 <span style=\"color: #ff0000;\">DIRETTA RADIO <\/span><\/span><\/strong><\/p><\/blockquote>\n<p><strong><br \/>\n<\/strong>Il ministro della difesa israeliano avverte Beirut, in Libano potrebbe replicarsi Gaza. Ancora dispersi per il sisma in Giappone, il bilancio sale a 323. Il ministro degli esteri Antonio Taiani ha rilasciato le sue dichiarazioni in materia di elezioni europee, dopo l&#8217;adesione di Trippo di consigliere di forza Italia della regione Lazio. In nostro obiettivo di superare il 10% alle prossime elezioni europee e di arrivare a quota 20% alle politiche. La cronaca, ipotesi di un guasto meccanico per il caso della coppia deceduta sabato scorso nel lago di Como. Deceduto adolescente in Sardegna, stava traversando la strada per andare a scuola. Arrestato un uomo a Torre di Greco per atti persecutori nei confronti della compagna.<\/p>\n<p><strong>AUDIO<\/strong><\/p>\n<audio class=\"wp-audio-shortcode\" id=\"audio-368979-1\" preload=\"none\" style=\"width: 100%;\" controls=\"controls\"><source type=\"audio\/mpeg\" src=\"https:\/\/www.radiopiu.net\/wordpress\/wp-content\/uploads\/2024\/01\/GIORNALEDELLESEI-5.mp3?_=1\" \/><a href=\"https:\/\/www.radiopiu.net\/wordpress\/wp-content\/uploads\/2024\/01\/GIORNALEDELLESEI-5.mp3\">https:\/\/www.radiopiu.net\/wordpress\/wp-content\/uploads\/2024\/01\/GIORNALEDELLESEI-5.mp3<\/a><\/audio>\n<p>&nbsp;<\/p>\n<p>&nbsp;<\/p>\n<p><strong><a class=\"dt-pswp-item\" href=\"https:\/\/www.radiopiu.net\/wordpress\/wp-content\/uploads\/2023\/12\/images.png\" data-dt-img-description=\"\" data-large_image_width=\"316\" data-large_image_height=\"160\"><img loading=\"lazy\" decoding=\"async\" class=\"wp-image-367008 alignleft\" src=\"https:\/\/www.radiopiu.net\/wordpress\/wp-content\/uploads\/2023\/12\/images-300x152.png\" alt=\"\" width=\"235\" height=\"119\" srcset=\"https:\/\/www.radiopiu.net\/wordpress\/wp-content\/uploads\/2023\/12\/images-300x152.png 300w, https:\/\/www.radiopiu.net\/wordpress\/wp-content\/uploads\/2023\/12\/images.png 316w\" sizes=\"auto, (max-width: 235px) 100vw, 235px\" \/><\/a>OGNI GIORNO ALLE SETTE DEL MATTINO, LA RASSEGNA STAMPA LOCALE FLASH&#8230; PER CHI VA IN FRETTA. I TITOLI DAI GIORNALI E DAL SITO WWW.RADIOPIU.NET <span style=\"color: #0000ff;\">viene pubblicato alle 7.00<\/span> <span style=\"color: #ff0000;\">DIRETTA RADIO\u00a0<\/span><\/strong><\/p>\n<p><em><span style=\"color: #ff0000;\">per chi va in fretta&#8230; tante notizie in pochi minuti. L&#8217;informazione locale alla radio, ogni ora dalle 7 del mattino alle 19 della sera.<\/span><\/em><\/p>\n<p>&nbsp;<\/p>\n<p><strong>BORGO VALBELLUNA<\/strong> Un uomo si \u00e8 spacciato per il padre di un bambino in una scuola di Mel, chiedendo di portarlo via anticipatamente. Gli insegnanti hanno scoperto l&#8217;inganno<\/p>\n<p><strong>AUDIO<\/strong><\/p>\n<audio class=\"wp-audio-shortcode\" id=\"audio-368979-2\" preload=\"none\" style=\"width: 100%;\" controls=\"controls\"><source type=\"audio\/mpeg\" src=\"https:\/\/www.radiopiu.net\/wordpress\/wp-content\/uploads\/2024\/01\/GF07-5.mp3?_=2\" \/><a href=\"https:\/\/www.radiopiu.net\/wordpress\/wp-content\/uploads\/2024\/01\/GF07-5.mp3\">https:\/\/www.radiopiu.net\/wordpress\/wp-content\/uploads\/2024\/01\/GF07-5.mp3<\/a><\/audio>\n<p>&nbsp;<\/p>\n<p>&nbsp;<\/p>\n<p>&nbsp;<\/p>\n<blockquote><p><strong><a class=\"dt-pswp-item\" href=\"https:\/\/www.radiopiu.net\/wordpress\/wp-content\/uploads\/2021\/07\/microfono-radio-ok-768x448-768x448-1.jpg\" data-dt-img-description=\"\" data-large_image_width=\"768\" data-large_image_height=\"448\"><img loading=\"lazy\" decoding=\"async\" class=\"wp-image-220632 alignleft\" src=\"https:\/\/www.radiopiu.net\/wordpress\/wp-content\/uploads\/2021\/07\/microfono-radio-ok-768x448-768x448-1-300x175.jpg\" alt=\"\" width=\"178\" height=\"104\" srcset=\"https:\/\/www.radiopiu.net\/wordpress\/wp-content\/uploads\/2021\/07\/microfono-radio-ok-768x448-768x448-1-300x175.jpg 300w, https:\/\/www.radiopiu.net\/wordpress\/wp-content\/uploads\/2021\/07\/microfono-radio-ok-768x448-768x448-1.jpg 768w\" sizes=\"auto, (max-width: 178px) 100vw, 178px\" \/><\/a>GIORNALE RADIO NAZIONALE, EDIZIONE DELLE SETTE <span style=\"color: #0000ff;\">viene pubblicato alle 7.05 <span style=\"color: #ff0000;\">DIRETTA RADIO\u00a0<\/span><\/span><\/strong><\/p><\/blockquote>\n<p><strong>il giornale radionazionale e&#8217; in onda ogni ora, dalle sette del mattino alle venti della sera\u00a0<\/strong><\/p>\n<p>Chiara Ferragni indagata per truffa aggravata, lo ha deciso il Procuratore aggiunto. Indagata anche la Balocco. Salta il tavolo sul Governo per l&#8217;ex Ilva. La Digos indaga per i fatti davanti all&#8217;ex sede dell&#8217;Msi dopo i saluti romani, esposto in procura per apologia di fascismo. Quattro bambini morti in un incendio nell&#8217;ospedale nel sud dell&#8217;Iraq<\/p>\n<p><strong>AUDIO<\/strong><\/p>\n<audio class=\"wp-audio-shortcode\" id=\"audio-368979-3\" preload=\"none\" style=\"width: 100%;\" controls=\"controls\"><source type=\"audio\/mpeg\" src=\"https:\/\/www.radiopiu.net\/wordpress\/wp-content\/uploads\/2024\/01\/giornale07-5.mp3?_=3\" \/><a href=\"https:\/\/www.radiopiu.net\/wordpress\/wp-content\/uploads\/2024\/01\/giornale07-5.mp3\">https:\/\/www.radiopiu.net\/wordpress\/wp-content\/uploads\/2024\/01\/giornale07-5.mp3<\/a><\/audio>\n<p>&nbsp;<\/p>\n<p>&nbsp;<\/p>\n<p>&nbsp;<\/p>\n<blockquote>\n<h2><strong><a class=\"dt-pswp-item\" href=\"https:\/\/www.radiopiu.net\/wordpress\/wp-content\/uploads\/2023\/12\/th-10.jpg\" data-dt-img-description=\"\" data-large_image_width=\"245\" data-large_image_height=\"180\"><img loading=\"lazy\" decoding=\"async\" class=\" wp-image-367395 alignleft\" src=\"https:\/\/www.radiopiu.net\/wordpress\/wp-content\/uploads\/2023\/12\/th-10.jpg\" alt=\"\" width=\"166\" height=\"122\" \/><\/a>RASSEGNA STAMPA LOCALE, ORE OTTO 05<\/strong><\/h2>\n<h2><strong> <span style=\"color: #0000ff;\">viene\u00a0 <\/span><\/strong><strong><span style=\"color: #0000ff;\">pubblicata alle 8.05 <span style=\"color: #ff0000;\">DIRETTA RADIO\u00a0<\/span><\/span><\/strong><\/h2>\n<\/blockquote>\n<h1><\/h1>\n<p>&nbsp;<\/p>\n<p><strong>ADDIO A BEATRICE, A MUGNAI UN VUOTO SPECIALE<\/strong><br \/>\n<strong>FELTRE<\/strong> Beatrice Cassol, 17 anni, affetta da problemi motori, \u00e8 mancata in casa a Mugnai a causa di una crisi, con lei c\u2019erano i genitori. La ragazza frequentava una scuola speciale.<br \/>\n<strong>BORGO VALBELLUNA<\/strong> Un uomo si \u00e8 spacciato per il padre di un bambino in una scuola di Mel, chiedendo di portarlo via anticipatamente. Gli insegnanti hanno scoperto l\u2019inganno prima che si verificassero conseguenze. Il preside ha informato tutte le famiglie tramite una circolare, evidenziando la necessit\u00e0 di attenzione e verifiche approfondite prima di autorizzare il ritiro anticipato degli studenti<br \/>\n<strong>PONTE NELLE ALPI<\/strong> Alle 19 di ieri sera le baby gang si sono fronteggiate. Rissa interrotta dopo la telefonata di un passeggero del treno al 113. Sono spuntate mazze da baseball, bastoni e catene. Nessun ferito da pronto soccorso. Ora le Forze dell\u2019ordiene vaglieranno i filmati delle telecamere per dare un nome ai fenomeni dell\u2019incivilt\u00e0.<br \/>\n<strong>SOSPIROLO<\/strong> piange la scomparsa di Rosanna Piccolotto, 84 anni, figura chiave nel volontariato e associazionismo locale, fondatrice della Pro Loco Monti del Sole e gestore del bar Piccolotto. Ha contribuito attivamente alla crescita dell\u2019associazione e si \u00e8 distinta per il suo impegno nella valorizzazione delle tradizioni. Funerali domani alle 15 nell\u2019arcipretale di Sospirolo.<br \/>\n<strong>REDAZIONE<\/strong> L\u2019elicottero del Suem 118 si \u00e8 alzato in volo ieri mattina poco dopo le 9 in direzione Selva di Cadore dove una donna di 44 anni del posto era stata colpita da un ictus. La donna \u00e8 stata elitrasportata al San Martino di Belluno in codice rosso. I sanitari sono riusciti ad intervenire in tempo ed ora non \u00e8 in pericolo di vita.<br \/>\n<strong>TAIBON<\/strong> Rallentamenti lungo la 203 agordina in localit\u00e0 Nogarola, fronte Autocar San Lucano. Violento tamponamento nel pomeriggio di ieri. Coinvolto un furgone che si stava immettendo in strada e un auto che sopraggiungeva con direzione Agordo-Cencenighe. Fortunatamente nessuna conseguenza per conducenti e passeggeri \u201cfrustati\u201d dagli airbag.<\/p>\n<p><iframe loading=\"lazy\" title=\"DAL 1983 LA RASSEGNA STAMPA LOCALE di mirko mezzacasa. L&#039;ORIGINALE\" width=\"1200\" height=\"675\" src=\"https:\/\/www.youtube.com\/embed\/uNWlB9DpCJM?feature=oembed\" frameborder=\"0\" allow=\"accelerometer; autoplay; clipboard-write; encrypted-media; gyroscope; picture-in-picture; web-share\" allowfullscreen><\/iframe><\/p>\n<p>&nbsp;<\/p>\n<hr \/>\n<p>&nbsp;<\/p>\n<p>&nbsp;<\/p>\n<p><a class=\"dt-pswp-item\" href=\"https:\/\/www.radiopiu.net\/wordpress\/wp-content\/uploads\/2023\/10\/34f4cfc6-e863-46e9-9695-8df44be63421.jpg\" data-dt-img-description=\"\" data-large_image_width=\"1200\" data-large_image_height=\"1200\"><img loading=\"lazy\" decoding=\"async\" class=\"wp-image-357393 alignleft\" src=\"https:\/\/www.radiopiu.net\/wordpress\/wp-content\/uploads\/2023\/10\/34f4cfc6-e863-46e9-9695-8df44be63421-300x300.jpg\" alt=\"\" width=\"81\" height=\"81\" srcset=\"https:\/\/www.radiopiu.net\/wordpress\/wp-content\/uploads\/2023\/10\/34f4cfc6-e863-46e9-9695-8df44be63421-300x300.jpg 300w, https:\/\/www.radiopiu.net\/wordpress\/wp-content\/uploads\/2023\/10\/34f4cfc6-e863-46e9-9695-8df44be63421-1024x1024.jpg 1024w, https:\/\/www.radiopiu.net\/wordpress\/wp-content\/uploads\/2023\/10\/34f4cfc6-e863-46e9-9695-8df44be63421-150x150.jpg 150w, https:\/\/www.radiopiu.net\/wordpress\/wp-content\/uploads\/2023\/10\/34f4cfc6-e863-46e9-9695-8df44be63421-768x768.jpg 768w, https:\/\/www.radiopiu.net\/wordpress\/wp-content\/uploads\/2023\/10\/34f4cfc6-e863-46e9-9695-8df44be63421.jpg 1200w\" sizes=\"auto, (max-width: 81px) 100vw, 81px\" \/><\/a>OGGI ALLA RADIO: <strong>ALLE 7<\/strong> LA RASSEGNA STAMPA LOCALE FLASH, PER CHI COME NOI ALLE SETTE DEL MATTINO VA DI FRETTA, TANTE NOTIZIE IN POCHE CHIACCHIERE. <strong>ALLE OTTO<\/strong> L&#8217;APPROFONDIMENTO NELLA STORICA RASSEGNA STAMPA LOCALE.\u00a0 DALLE 6 ALLE 21, OGNI ORA, L&#8217;INFORMAZIONE NAZIONALE, l&#8217;informazione locale, ALLE 10 flash. 11flash. 14 viabilit\u00e0. 15meteo. 16flash. 17flash. 18flash. 19 i titoli di Antenna 3<\/p>\n<p>&nbsp;<\/p>\n<p>&nbsp;<\/p>\n<hr \/>\n<p>&nbsp;<\/p>\n<p>&nbsp;<\/p>\n<blockquote>\n<h3>ADDIO A BEATRICE, A MUGNAI UN VUOTO SPECIALE<\/h3>\n<\/blockquote>\n<p><strong>FELTRE<\/strong> Beatrice Cassol, 17 anni, affetta da problemi motori, \u00e8 mancata in casa a Mugnai a causa di una crisi, con lei c&#8217;erano i genitiori. La ragazza frequentava una scuola speciale. Nonostante le critiche condizioni degli ultimi giorni, Beatrice era attesa alla riapertura delle scuole dopo le vacanze natalizie. La notizia ha causato dolore fra gli operatori della scuola, dove Beatrice era parte integrante da piccola. Lascia un vuoto speciale e affettuoso nei cuori di chi l&#8217;ha conosciuta.<\/p>\n<p>&nbsp;<\/p>\n<p>&nbsp;<\/p>\n<hr \/>\n<p>&nbsp;<\/p>\n<blockquote>\n<h3>Uomo si spaccia per genitore in scuola di Mel, ma inganno sventato. Il preside avverte le famiglie<\/h3>\n<\/blockquote>\n<p><strong><img loading=\"lazy\" decoding=\"async\" class=\"alignleft\" src=\"https:\/\/www.radiopiu.net\/wordpress\/wp-content\/uploads\/2022\/03\/mel-1.jpg\" width=\"194\" height=\"109\" \/>BORGO VALBELLUNA<\/strong> Un uomo si \u00e8 spacciato per il padre di un bambino in una scuola di Mel, chiedendo di portarlo via anticipatamente. Gli insegnanti hanno scoperto l&#8217;inganno prima che si verificassero conseguenze. Il preside ha informato tutte le famiglie tramite una circolare, evidenziando la necessit\u00e0 di attenzione e verifiche approfondite prima di autorizzare il ritiro anticipato degli studenti<\/p>\n<div class=\"flex-1 overflow-hidden\">\n<div class=\"react-scroll-to-bottom--css-rqgko-79elbk h-full\">\n<div class=\"react-scroll-to-bottom--css-rqgko-1n7m0yu\">\n<div class=\"flex flex-col pb-9 text-sm\">\n<div class=\"w-full text-token-text-primary\" data-testid=\"conversation-turn-31\">\n<div class=\"px-4 py-2 justify-center text-base md:gap-6 m-auto\">\n<div class=\"flex flex-1 text-base mx-auto gap-3 md:px-5 lg:px-1 xl:px-5 md:max-w-3xl lg:max-w-[40rem] xl:max-w-[48rem] group final-completion\">\n<div class=\"relative flex w-full flex-col lg:w-[calc(100%-115px)] agent-turn\">\n<div class=\"flex-col gap-1 md:gap-3\">\n<div class=\"mt-1 flex justify-start gap-3 empty:hidden\"><\/div>\n<\/div>\n<\/div>\n<\/div>\n<\/div>\n<\/div>\n<\/div>\n<\/div>\n<\/div>\n<\/div>\n<p><strong>LA LETTERA del dirigente Umberto De Col<\/strong><\/p>\n<div class=\"articlePlainText\"><em>\u00a0&#8220;Comunicazione di un fatto grave accaduto. Questa mattina, in un nostro plesso, una persona si \u00e8 presentata dicendo di essere il genitore di un nostro alunno, per poterlo fare uscire anticipatamente. Grazie all&#8217;attenzione dei docenti e dei collaboratori scolastici, \u00e8 stato verificato che non si trattava di un genitore. La persona, durante l&#8217;attesa, \u00e8 andata via ed il fatto grave non ha avuto conseguenze. Alla luce di quanto accaduto \u00e8 stata data comunicazione ai nostri plessi, di mantenere la massima attenzione e di conseguenza si \u00e8 ritenuto necessario informare anche le famiglie dell&#8217;accaduto&#8221;.<br \/>\nil Preside.<\/em><\/div>\n<div><\/div>\n<div><\/div>\n<div>\n<hr \/>\n<\/div>\n<blockquote>\n<h3><a class=\"dt-pswp-item\" href=\"https:\/\/www.radiopiu.net\/wordpress\/wp-content\/uploads\/2022\/05\/POLIZIA-1.jpg\" data-dt-img-description=\"\" data-large_image_width=\"1920\" data-large_image_height=\"1080\"><img loading=\"lazy\" decoding=\"async\" class=\"wp-image-278032 alignleft\" src=\"https:\/\/www.radiopiu.net\/wordpress\/wp-content\/uploads\/2022\/05\/POLIZIA-1-300x169.jpg\" alt=\"\" width=\"160\" height=\"90\" srcset=\"https:\/\/www.radiopiu.net\/wordpress\/wp-content\/uploads\/2022\/05\/POLIZIA-1-300x169.jpg 300w, https:\/\/www.radiopiu.net\/wordpress\/wp-content\/uploads\/2022\/05\/POLIZIA-1-1024x576.jpg 1024w, https:\/\/www.radiopiu.net\/wordpress\/wp-content\/uploads\/2022\/05\/POLIZIA-1-768x432.jpg 768w, https:\/\/www.radiopiu.net\/wordpress\/wp-content\/uploads\/2022\/05\/POLIZIA-1-1536x864.jpg 1536w, https:\/\/www.radiopiu.net\/wordpress\/wp-content\/uploads\/2022\/05\/POLIZIA-1.jpg 1920w\" sizes=\"auto, (max-width: 160px) 100vw, 160px\" \/><\/a>\u00a0RISSA SERALE A PONTE NELLE ALPI<\/h3>\n<\/blockquote>\n<div><strong>\u00a0PONTE NELLE ALPI<\/strong> Alle 19 di ieri sera le baby gang si sono fronteggiate. Rissa interrotta dopo la telefonata di un passeggero del treno al 113. Sono spuntate mazze da baseball, bastoni e catene. Nessun ferito da pronto soccorso. Ora le Forze dell&#8217;ordine vaglieranno i filmati delle telecamere per dare un nome ai fenomeni dell&#8217;incivilt\u00e0.<\/div>\n<div><\/div>\n<p>&nbsp;<\/p>\n<hr \/>\n<blockquote>\n<h3>OGGI L&#8217;ULTIMO SALUTO A MARCO CADORIN<\/h3>\n<\/blockquote>\n<p><strong>TAIBON <\/strong>I funerali oggi alle 14.30 a Taibon Agordino.<\/p>\n<p><a class=\"dt-pswp-item\" href=\"https:\/\/www.radiopiu.net\/wordpress\/wp-content\/uploads\/2024\/01\/4d15a7e0-eb15-403c-acd2-3103511d62e5.jpg\" data-dt-img-description=\"\" data-large_image_width=\"818\" data-large_image_height=\"1024\"><img loading=\"lazy\" decoding=\"async\" class=\"wp-image-369053 alignleft\" src=\"https:\/\/www.radiopiu.net\/wordpress\/wp-content\/uploads\/2024\/01\/4d15a7e0-eb15-403c-acd2-3103511d62e5-240x300.jpg\" alt=\"\" width=\"128\" height=\"160\" srcset=\"https:\/\/www.radiopiu.net\/wordpress\/wp-content\/uploads\/2024\/01\/4d15a7e0-eb15-403c-acd2-3103511d62e5-240x300.jpg 240w, https:\/\/www.radiopiu.net\/wordpress\/wp-content\/uploads\/2024\/01\/4d15a7e0-eb15-403c-acd2-3103511d62e5-768x961.jpg 768w, https:\/\/www.radiopiu.net\/wordpress\/wp-content\/uploads\/2024\/01\/4d15a7e0-eb15-403c-acd2-3103511d62e5.jpg 818w\" sizes=\"auto, (max-width: 128px) 100vw, 128px\" \/><\/a><br \/>\n<em>Ne danno il triste annuncio la compagna Lisi, i figli Nicol\u00f2, Giovanni con Lucia e Alvise, i piccoli Falco e Blue, la sorella Antonella con Carlo, i nipoti, i cugini, Lorella, gli amici e parenti tutti.\u00a0<\/em><\/p>\n<p>&nbsp;<\/p>\n<p>&nbsp;<\/p>\n<p>&nbsp;<\/p>\n<p><strong>Un piccolo omaggio ad un grande sportivo, a Marco.<\/strong><\/p>\n<p><strong>1981, giochi sotto l&#8217;albero con Marco Cadorin, Attilio Buzzatti&#8230;.FALCADE\u00a0<\/strong><\/p>\n<p>2009, la gara su la levina in Valle di San Lucano con Marco Cadorin e Luky Sport<\/p>\n<p><iframe loading=\"lazy\" title=\"It&#039;s a Christmas Knockout 1981 International Aviemore (UK) Italian Commentary (RAI) Full Show\" width=\"1200\" height=\"900\" src=\"https:\/\/www.youtube.com\/embed\/3exV3Bie8QE?feature=oembed\" frameborder=\"0\" allow=\"accelerometer; autoplay; clipboard-write; encrypted-media; gyroscope; picture-in-picture; web-share\" allowfullscreen><\/iframe><\/p>\n<p>&nbsp;<\/p>\n<p><strong>GALLERY <span style=\"color: #ff0000;\">archivio radiopiu<\/span><\/strong><\/p>\n\n\t\t\t<style type='text\/css'>\n\t\t\t\t#gallery-1 {\n\t\t\t\t\tmargin: auto;\n\t\t\t\t}\n\t\t\t\t#gallery-1 .gallery-item {\n\t\t\t\t\tfloat: left;\n\t\t\t\t\tmargin-top: 10px;\n\t\t\t\t\ttext-align: center;\n\t\t\t\t\twidth: 20%;\n\t\t\t\t}\n\t\t\t\t#gallery-1 img {\n\t\t\t\t\tborder: 2px solid #cfcfcf;\n\t\t\t\t}\n\t\t\t\t#gallery-1 .gallery-caption {\n\t\t\t\t\tmargin-left: 0;\n\t\t\t\t}\n\t\t\t\t\/* see gallery_shortcode() in wp-includes\/media.php *\/\n\t\t\t<\/style>\n\t\t<div id='gallery-1' class='dt-gallery-container gallery galleryid-368979 gallery-columns-5 gallery-size-thumbnail'><dl class='gallery-item'>\n\t\t\t\t<dt class='gallery-icon landscape'>\n\t\t\t\t\t<a class=\"rollover rollover-zoom dt-pswp-item\" title=\"_DSC0133\" data-dt-img-description=\"\" data-large_image_width=\"2560\" data-large_image_height=\"1702\"href='https:\/\/www.radiopiu.net\/wordpress\/wp-content\/uploads\/2024\/01\/DSC0133-scaled.jpg'><img loading=\"lazy\" decoding=\"async\" width=\"150\" height=\"150\" src=\"https:\/\/www.radiopiu.net\/wordpress\/wp-content\/uploads\/2024\/01\/DSC0133-150x150.jpg\" class=\"attachment-thumbnail size-thumbnail\" alt=\"\" \/><\/a>\n\t\t\t\t<\/dt><\/dl><dl class='gallery-item'>\n\t\t\t\t<dt class='gallery-icon landscape'>\n\t\t\t\t\t<a class=\"rollover rollover-zoom dt-pswp-item\" title=\"_DSC0213\" data-dt-img-description=\"\" data-large_image_width=\"2560\" data-large_image_height=\"1702\"href='https:\/\/www.radiopiu.net\/wordpress\/wp-content\/uploads\/2024\/01\/DSC0213-scaled.jpg'><img loading=\"lazy\" decoding=\"async\" width=\"150\" height=\"150\" src=\"https:\/\/www.radiopiu.net\/wordpress\/wp-content\/uploads\/2024\/01\/DSC0213-150x150.jpg\" class=\"attachment-thumbnail size-thumbnail\" alt=\"\" \/><\/a>\n\t\t\t\t<\/dt><\/dl><dl class='gallery-item'>\n\t\t\t\t<dt class='gallery-icon landscape'>\n\t\t\t\t\t<a class=\"rollover rollover-zoom dt-pswp-item\" title=\"_DSC0214\" data-dt-img-description=\"\" data-large_image_width=\"2560\" data-large_image_height=\"1702\"href='https:\/\/www.radiopiu.net\/wordpress\/wp-content\/uploads\/2024\/01\/DSC0214-scaled-e1704724320840.jpg'><img loading=\"lazy\" decoding=\"async\" width=\"150\" height=\"150\" src=\"https:\/\/www.radiopiu.net\/wordpress\/wp-content\/uploads\/2024\/01\/DSC0214-scaled-e1704724320840-150x150.jpg\" class=\"attachment-thumbnail size-thumbnail\" alt=\"\" \/><\/a>\n\t\t\t\t<\/dt><\/dl><dl class='gallery-item'>\n\t\t\t\t<dt class='gallery-icon landscape'>\n\t\t\t\t\t<a class=\"rollover rollover-zoom dt-pswp-item\" title=\"_DSC0435\" data-dt-img-description=\"\" data-large_image_width=\"2560\" data-large_image_height=\"1702\"href='https:\/\/www.radiopiu.net\/wordpress\/wp-content\/uploads\/2024\/01\/DSC0435-scaled-e1704724333707.jpg'><img loading=\"lazy\" decoding=\"async\" width=\"150\" height=\"150\" src=\"https:\/\/www.radiopiu.net\/wordpress\/wp-content\/uploads\/2024\/01\/DSC0435-scaled-e1704724333707-150x150.jpg\" class=\"attachment-thumbnail size-thumbnail\" alt=\"\" \/><\/a>\n\t\t\t\t<\/dt><\/dl><dl class='gallery-item'>\n\t\t\t\t<dt class='gallery-icon landscape'>\n\t\t\t\t\t<a class=\"rollover rollover-zoom dt-pswp-item\" title=\"_DSC0215\" data-dt-img-description=\"\" data-large_image_width=\"2560\" data-large_image_height=\"1702\"href='https:\/\/www.radiopiu.net\/wordpress\/wp-content\/uploads\/2024\/01\/DSC0215-scaled.jpg'><img loading=\"lazy\" decoding=\"async\" width=\"150\" height=\"150\" src=\"https:\/\/www.radiopiu.net\/wordpress\/wp-content\/uploads\/2024\/01\/DSC0215-150x150.jpg\" class=\"attachment-thumbnail size-thumbnail\" alt=\"\" \/><\/a>\n\t\t\t\t<\/dt><\/dl><br style=\"clear: both\" \/><dl class='gallery-item'>\n\t\t\t\t<dt class='gallery-icon landscape'>\n\t\t\t\t\t<a class=\"rollover rollover-zoom dt-pswp-item\" title=\"_DSC0216\" data-dt-img-description=\"\" data-large_image_width=\"2560\" data-large_image_height=\"1702\"href='https:\/\/www.radiopiu.net\/wordpress\/wp-content\/uploads\/2024\/01\/DSC0216-scaled.jpg'><img loading=\"lazy\" decoding=\"async\" width=\"150\" height=\"150\" src=\"https:\/\/www.radiopiu.net\/wordpress\/wp-content\/uploads\/2024\/01\/DSC0216-150x150.jpg\" class=\"attachment-thumbnail size-thumbnail\" alt=\"\" \/><\/a>\n\t\t\t\t<\/dt><\/dl><dl class='gallery-item'>\n\t\t\t\t<dt class='gallery-icon landscape'>\n\t\t\t\t\t<a class=\"rollover rollover-zoom dt-pswp-item\" title=\"_DSC0436\" data-dt-img-description=\"\" data-large_image_width=\"2560\" data-large_image_height=\"1702\"href='https:\/\/www.radiopiu.net\/wordpress\/wp-content\/uploads\/2024\/01\/DSC0436-scaled.jpg'><img loading=\"lazy\" decoding=\"async\" width=\"150\" height=\"150\" src=\"https:\/\/www.radiopiu.net\/wordpress\/wp-content\/uploads\/2024\/01\/DSC0436-150x150.jpg\" class=\"attachment-thumbnail size-thumbnail\" alt=\"\" \/><\/a>\n\t\t\t\t<\/dt><\/dl><dl class='gallery-item'>\n\t\t\t\t<dt class='gallery-icon landscape'>\n\t\t\t\t\t<a class=\"rollover rollover-zoom dt-pswp-item\" title=\"_DSC0437\" data-dt-img-description=\"\" data-large_image_width=\"2560\" data-large_image_height=\"1702\"href='https:\/\/www.radiopiu.net\/wordpress\/wp-content\/uploads\/2024\/01\/DSC0437-scaled.jpg'><img loading=\"lazy\" decoding=\"async\" width=\"150\" height=\"150\" src=\"https:\/\/www.radiopiu.net\/wordpress\/wp-content\/uploads\/2024\/01\/DSC0437-150x150.jpg\" class=\"attachment-thumbnail size-thumbnail\" alt=\"\" \/><\/a>\n\t\t\t\t<\/dt><\/dl><dl class='gallery-item'>\n\t\t\t\t<dt class='gallery-icon landscape'>\n\t\t\t\t\t<a class=\"rollover rollover-zoom dt-pswp-item\" title=\"_DSC0438\" data-dt-img-description=\"\" data-large_image_width=\"2560\" data-large_image_height=\"1702\"href='https:\/\/www.radiopiu.net\/wordpress\/wp-content\/uploads\/2024\/01\/DSC0438-scaled.jpg'><img loading=\"lazy\" decoding=\"async\" width=\"150\" height=\"150\" src=\"https:\/\/www.radiopiu.net\/wordpress\/wp-content\/uploads\/2024\/01\/DSC0438-150x150.jpg\" class=\"attachment-thumbnail size-thumbnail\" alt=\"\" \/><\/a>\n\t\t\t\t<\/dt><\/dl><dl class='gallery-item'>\n\t\t\t\t<dt class='gallery-icon landscape'>\n\t\t\t\t\t<a class=\"rollover rollover-zoom dt-pswp-item\" title=\"_DSC0439\" data-dt-img-description=\"\" data-large_image_width=\"2560\" data-large_image_height=\"1702\"href='https:\/\/www.radiopiu.net\/wordpress\/wp-content\/uploads\/2024\/01\/DSC0439-scaled.jpg'><img loading=\"lazy\" decoding=\"async\" width=\"150\" height=\"150\" src=\"https:\/\/www.radiopiu.net\/wordpress\/wp-content\/uploads\/2024\/01\/DSC0439-150x150.jpg\" class=\"attachment-thumbnail size-thumbnail\" alt=\"\" \/><\/a>\n\t\t\t\t<\/dt><\/dl><br style=\"clear: both\" \/>\n\t\t\t<\/div>\n\n<p>&nbsp;<\/p>\n<p>&nbsp;<\/p>\n<hr \/>\n<p>&nbsp;<\/p>\n<blockquote>\n<h3><a class=\"dt-pswp-item\" href=\"https:\/\/www.radiopiu.net\/wordpress\/wp-content\/uploads\/2024\/01\/Senza-nome-24.png\" data-dt-img-description=\"\" data-large_image_width=\"265\" data-large_image_height=\"300\"><img loading=\"lazy\" decoding=\"async\" class=\"wp-image-369196 alignleft\" src=\"https:\/\/www.radiopiu.net\/wordpress\/wp-content\/uploads\/2024\/01\/Senza-nome-24.png\" alt=\"\" width=\"124\" height=\"140\" \/><\/a>DOMANI A SOSPIROLO I FUNERALI DELLA FONDATRICE DELLA PROLOCO<\/h3>\n<\/blockquote>\n<p><b>SOSPIROLO <\/b>piange la scomparsa di Rosanna Piccolotto, 84 anni, figura chiave nel volontariato e associazionismo locale, fondatrice della Pro Loco Monti del Sole e gestore del bar Piccolotto. Ha contribuito attivamente alla crescita dell&#8217;associazione e si \u00e8 distinta per il suo impegno nella valorizzazione delle tradizioni. Funerali domani alle 15 nell&#8217;arcipretale di Sospirolo.<\/p>\n<p>&nbsp;<\/p>\n<p>&nbsp;<\/p>\n<hr \/>\n<p>&nbsp;<\/p>\n<p>&nbsp;<\/p>\n<blockquote>\n<h3><a class=\"dt-pswp-item\" href=\"https:\/\/www.radiopiu.net\/wordpress\/wp-content\/uploads\/2024\/01\/Cortina-Sciatori_controllo-pista-scaled.jpg\" data-dt-img-description=\"\" data-large_image_width=\"2560\" data-large_image_height=\"1920\"><img loading=\"lazy\" decoding=\"async\" class=\"wp-image-369070 alignleft\" src=\"https:\/\/www.radiopiu.net\/wordpress\/wp-content\/uploads\/2024\/01\/Cortina-Sciatori_controllo-pista-300x225.jpg\" alt=\"\" width=\"145\" height=\"109\" srcset=\"https:\/\/www.radiopiu.net\/wordpress\/wp-content\/uploads\/2024\/01\/Cortina-Sciatori_controllo-pista-300x225.jpg 300w, https:\/\/www.radiopiu.net\/wordpress\/wp-content\/uploads\/2024\/01\/Cortina-Sciatori_controllo-pista-1024x768.jpg 1024w, https:\/\/www.radiopiu.net\/wordpress\/wp-content\/uploads\/2024\/01\/Cortina-Sciatori_controllo-pista-768x576.jpg 768w, https:\/\/www.radiopiu.net\/wordpress\/wp-content\/uploads\/2024\/01\/Cortina-Sciatori_controllo-pista-1536x1152.jpg 1536w, https:\/\/www.radiopiu.net\/wordpress\/wp-content\/uploads\/2024\/01\/Cortina-Sciatori_controllo-pista-2048x1536.jpg 2048w\" sizes=\"auto, (max-width: 145px) 100vw, 145px\" \/><\/a>CARABINIERI SULLE PISTE: DROGA E SANZIONI A SCIATORI INDISCIPLINATI<\/h3>\n<\/blockquote>\n<p><strong>CORTINA\u00a0<\/strong> Il fine settimana ha visto i Carabinieri di Cortina d\u2019Ampezzo intensificare i controlli sulle piste, coinvolgendo 46 militari. Durante i 22 interventi di soccorso, sono stati segnalati infortuni scaturiti da cadute o scontri tra sciatori. I controlli hanno portato a sanzioni per violazioni, incluso il transito su piste chiuse, mancata assicurazione e eccessiva velocit\u00e0. Tre giovani sono stati segnalati per possesso di marijuana.<\/p>\n<blockquote><p><em>il fuori pista \u00e8 assolutamente vietato cos\u00ec come l\u2019impiego di piste chiuse che sono sempre indicate da cartellonistica e, infine, che vige il divieto di impegnare le piste in stato di alterazione da alcool o droghe. Per questo l\u2019impegno a vigilare dei Carabinieri resta alto, per assicurare a tutti le migliori condizioni di sicurezza nel godersi le montagne innevate.<\/em><\/p><\/blockquote>\n<p>&nbsp;<\/p>\n<hr \/>\n<p>&nbsp;<\/p>\n<blockquote>\n<h3>FALCO A SELVA DI CADORE PER SOCCORRERE UNA DONNA<\/h3>\n<\/blockquote>\n<p><strong>REDAZIONE\u00a0<\/strong>L&#8217;elicottero del Suem 118 si \u00e8 alzato in volo ieri mattina poco dopo le 9 in direzione Selva di Cadore dove una donna di 44 anni del posto era stata colpita da un ictus. La donna \u00e8 stata elitrasportata al San Martino di Belluno in codice rosso. I sanitari sono riusciti ad intervenire in tempo ed ora non \u00e8 in pericolo di vita.<\/p>\n<p>&nbsp;<\/p>\n<p>&nbsp;<\/p>\n<hr \/>\n<p>&nbsp;<\/p>\n<blockquote>\n<h3>TAMPONAMENTI VIOLENTI<\/h3>\n<\/blockquote>\n<p><strong>TAIBON\u00a0<\/strong> Rallentamenti lungo la 203 agordina in localit\u00e0 Nogarola, fronte Autocar San Lucano. Violento tamponamento nel pomeriggio di ieri. Coinvolto un furgone che si stava immettendo in strada e un auto che sopraggiungeva con direzione Agordo-Cencenighe. Fortunatamente nessuna conseguenza per\u00a0 conducenti e passeggeri &#8220;frustati&#8221; dagli airbag.<\/p>\n\n\t\t\t<style type='text\/css'>\n\t\t\t\t#gallery-2 {\n\t\t\t\t\tmargin: auto;\n\t\t\t\t}\n\t\t\t\t#gallery-2 .gallery-item {\n\t\t\t\t\tfloat: left;\n\t\t\t\t\tmargin-top: 10px;\n\t\t\t\t\ttext-align: center;\n\t\t\t\t\twidth: 50%;\n\t\t\t\t}\n\t\t\t\t#gallery-2 img {\n\t\t\t\t\tborder: 2px solid #cfcfcf;\n\t\t\t\t}\n\t\t\t\t#gallery-2 .gallery-caption {\n\t\t\t\t\tmargin-left: 0;\n\t\t\t\t}\n\t\t\t\t\/* see gallery_shortcode() in wp-includes\/media.php *\/\n\t\t\t<\/style>\n\t\t<div id='gallery-2' class='dt-gallery-container gallery galleryid-368979 gallery-columns-2 gallery-size-thumbnail'><dl class='gallery-item'>\n\t\t\t\t<dt class='gallery-icon landscape'>\n\t\t\t\t\t<a class=\"rollover rollover-zoom dt-pswp-item\" title=\"ef747904-03d0b-4620-985f-82bd7c140fae\" data-dt-img-description=\"\" data-large_image_width=\"2048\" data-large_image_height=\"1152\"href='https:\/\/www.radiopiu.net\/wordpress\/wp-content\/uploads\/2024\/01\/ef747904-03d0b-4620-985f-82bd7c140fae.jpg'><img loading=\"lazy\" decoding=\"async\" width=\"150\" height=\"150\" src=\"https:\/\/www.radiopiu.net\/wordpress\/wp-content\/uploads\/2024\/01\/ef747904-03d0b-4620-985f-82bd7c140fae-150x150.jpg\" class=\"attachment-thumbnail size-thumbnail\" alt=\"\" \/><\/a>\n\t\t\t\t<\/dt><\/dl><dl class='gallery-item'>\n\t\t\t\t<dt class='gallery-icon landscape'>\n\t\t\t\t\t<a class=\"rollover rollover-zoom dt-pswp-item\" title=\"Senza nome\" data-dt-img-description=\"\" data-large_image_width=\"593\" data-large_image_height=\"405\"href='https:\/\/www.radiopiu.net\/wordpress\/wp-content\/uploads\/2024\/01\/Senza-nome-23.png'><img loading=\"lazy\" decoding=\"async\" width=\"150\" height=\"150\" src=\"https:\/\/www.radiopiu.net\/wordpress\/wp-content\/uploads\/2024\/01\/Senza-nome-23-150x150.png\" class=\"attachment-thumbnail size-thumbnail\" alt=\"\" \/><\/a>\n\t\t\t\t<\/dt><\/dl><br style=\"clear: both\" \/>\n\t\t\t<\/div>\n\n<p>&nbsp;<\/p>\n<p>&nbsp;<\/p>\n<hr \/>\n<p>&nbsp;<\/p>\n<blockquote>\n<h3>LA CURIOSITA&#8217;&#8230; E IL PRECEDENTE<\/h3>\n<\/blockquote>\n<p><strong>SAN GREGORIO NELLE ALPI<\/strong>\u00a0Una signora riceve un risarcimento di 486 euro dal Comune dopo una caduta dovuta a cubetti di porfido smossi in via XXXI Ottobre. L&#8217;incidente avvenuto a maggio ha causato lesioni e danni agli occhiali. Dopo tre mesi di perizie, l&#8217;ufficio Viabilit\u00e0 conferma la presenza della buca e interviene per mettere in sicurezza l&#8217;area. Il Comune risarcisce la cittadina dopo aver ricevuto la fattura per le lenti nuove. Resta aperta la valutazione di responsabilit\u00e0 della struttura.<\/p>\n<p>&nbsp;<\/p>\n<p>&nbsp;<\/p>\n<hr \/>\n<p>&nbsp;<\/p>\n<p>&nbsp;<\/p>\n<blockquote>\n<h3>CINQUE ANNI FA UN INCENDIO DISTRUGGEVA CASERA DI MALGA FOCA<\/h3>\n<\/blockquote>\n<p><strong>DI TIZIANO DE COL<\/strong><\/p>\n<p>Cinque anni orsono, proprio in questi giorni, precisamente il 13 gennaio 2019, a causa di un incendio andava praticamente distrutta la Cas\u00e8ra di Malga Foca, ristrutturata dal Comune di La Valle nel 2004. Qui proponiamo una serie di immagini inedite e video inediti dell&#8217;evento, alcune molto rappresentative e simboliche del forte incendio, riprese da Nicola Crose con il cannocchiale dalla frazione di Lantrago a circa 4 Km di distanza. La sequenza si sviluppa da una mezz&#8217;ora circa da quando si \u00e8 visto il fumo dal paese di La Valle, fino all&#8217; intervento dei Vigili del Fuoco e dell&#8217;elicottero dei Carabinieri Forestali e poi fino al sopravvenire del buio. La serie fotografica di Nicola Crose si conclude con alcune immagini rilevate sul posto dopo l&#8217;incendio e con la situazione della Cas\u00e8ra di Malga Foca com&#8217;\u00e8 tutt&#8217;ora. Segue una serie di immagini del Vigili del Fuoco pubblicate in quei giorni da Radio Pi\u00f9. L&#8217;intervento dei Vigili del Fuoco fu reso oltremodo difficile dalla pessima situazione della viabilit\u00e0 silvo pastorale d&#8217;accesso a Malga Foca disastrata dal ciclone Vaia accaduto poco pi\u00f9 di due mesi prima dell&#8217;incendio, per cui gli uomini dei Vigili del Fuoco dovettero raggiungere la Cas\u00e8ra percorrendo a piedi buona parte della viabilit\u00e0 silvo pastorale d&#8217;accesso ossia sicuramente pi\u00f9 di 1 chilometro con un dislivello sicuramente di pi\u00f9 di 500 metri.<\/p>\n<p><em><strong>Tutte le fotografie sono archiviate nell&#8217;Archivio fotografico di De Col Tiziano. Si ringrazia\u00a0 Nicola Crose\u00a0 per la cortese disponibilit\u00e0 delle immagini<\/strong><\/em><\/p>\n<p><strong>LE FOTO DA LONTANO<\/strong><\/p>\n\n\t\t\t<style type='text\/css'>\n\t\t\t\t#gallery-3 {\n\t\t\t\t\tmargin: auto;\n\t\t\t\t}\n\t\t\t\t#gallery-3 .gallery-item {\n\t\t\t\t\tfloat: left;\n\t\t\t\t\tmargin-top: 10px;\n\t\t\t\t\ttext-align: center;\n\t\t\t\t\twidth: 14%;\n\t\t\t\t}\n\t\t\t\t#gallery-3 img {\n\t\t\t\t\tborder: 2px solid #cfcfcf;\n\t\t\t\t}\n\t\t\t\t#gallery-3 .gallery-caption {\n\t\t\t\t\tmargin-left: 0;\n\t\t\t\t}\n\t\t\t\t\/* see gallery_shortcode() in wp-includes\/media.php *\/\n\t\t\t<\/style>\n\t\t<div id='gallery-3' class='dt-gallery-container gallery galleryid-368979 gallery-columns-7 gallery-size-thumbnail'><dl class='gallery-item'>\n\t\t\t\t<dt class='gallery-icon landscape'>\n\t\t\t\t\t<a class=\"rollover rollover-zoom dt-pswp-item\" title=\"b77f1f7d-6316-4050-a2c7-fe600dfc032d\" data-dt-img-description=\"\" data-large_image_width=\"1600\" data-large_image_height=\"960\"href='https:\/\/www.radiopiu.net\/wordpress\/wp-content\/uploads\/2024\/01\/b77f1f7d-6316-4050-a2c7-fe600dfc032d.jpg'><img loading=\"lazy\" decoding=\"async\" width=\"150\" height=\"150\" src=\"https:\/\/www.radiopiu.net\/wordpress\/wp-content\/uploads\/2024\/01\/b77f1f7d-6316-4050-a2c7-fe600dfc032d-150x150.jpg\" class=\"attachment-thumbnail size-thumbnail\" alt=\"\" \/><\/a>\n\t\t\t\t<\/dt><\/dl><dl class='gallery-item'>\n\t\t\t\t<dt class='gallery-icon landscape'>\n\t\t\t\t\t<a class=\"rollover rollover-zoom dt-pswp-item\" title=\"84de73b5-9a9a-4b12-a427-f224b6587d30\" data-dt-img-description=\"\" data-large_image_width=\"1600\" data-large_image_height=\"960\"href='https:\/\/www.radiopiu.net\/wordpress\/wp-content\/uploads\/2024\/01\/84de73b5-9a9a-4b12-a427-f224b6587d30.jpg'><img loading=\"lazy\" decoding=\"async\" width=\"150\" height=\"150\" src=\"https:\/\/www.radiopiu.net\/wordpress\/wp-content\/uploads\/2024\/01\/84de73b5-9a9a-4b12-a427-f224b6587d30-150x150.jpg\" class=\"attachment-thumbnail size-thumbnail\" alt=\"\" \/><\/a>\n\t\t\t\t<\/dt><\/dl><dl class='gallery-item'>\n\t\t\t\t<dt class='gallery-icon landscape'>\n\t\t\t\t\t<a class=\"rollover rollover-zoom dt-pswp-item\" title=\"152efc89-79fa-437b-aeac-35327efb9acd\" data-dt-img-description=\"\" data-large_image_width=\"1600\" data-large_image_height=\"960\"href='https:\/\/www.radiopiu.net\/wordpress\/wp-content\/uploads\/2024\/01\/152efc89-79fa-437b-aeac-35327efb9acd.jpg'><img loading=\"lazy\" decoding=\"async\" width=\"150\" height=\"150\" src=\"https:\/\/www.radiopiu.net\/wordpress\/wp-content\/uploads\/2024\/01\/152efc89-79fa-437b-aeac-35327efb9acd-150x150.jpg\" class=\"attachment-thumbnail size-thumbnail\" alt=\"\" \/><\/a>\n\t\t\t\t<\/dt><\/dl><dl class='gallery-item'>\n\t\t\t\t<dt class='gallery-icon landscape'>\n\t\t\t\t\t<a class=\"rollover rollover-zoom dt-pswp-item\" title=\"696bb833-d3f6-434e-9feb-748c29d426a3\" data-dt-img-description=\"\" data-large_image_width=\"1600\" data-large_image_height=\"960\"href='https:\/\/www.radiopiu.net\/wordpress\/wp-content\/uploads\/2024\/01\/696bb833-d3f6-434e-9feb-748c29d426a3.jpg'><img loading=\"lazy\" decoding=\"async\" width=\"150\" height=\"150\" src=\"https:\/\/www.radiopiu.net\/wordpress\/wp-content\/uploads\/2024\/01\/696bb833-d3f6-434e-9feb-748c29d426a3-150x150.jpg\" class=\"attachment-thumbnail size-thumbnail\" alt=\"\" \/><\/a>\n\t\t\t\t<\/dt><\/dl><dl class='gallery-item'>\n\t\t\t\t<dt class='gallery-icon landscape'>\n\t\t\t\t\t<a class=\"rollover rollover-zoom dt-pswp-item\" title=\"8a6fe0ca-96ac-48d6-8665-e41bbacbef4d\" data-dt-img-description=\"\" data-large_image_width=\"1600\" data-large_image_height=\"960\"href='https:\/\/www.radiopiu.net\/wordpress\/wp-content\/uploads\/2024\/01\/8a6fe0ca-96ac-48d6-8665-e41bbacbef4d.jpg'><img loading=\"lazy\" decoding=\"async\" width=\"150\" height=\"150\" src=\"https:\/\/www.radiopiu.net\/wordpress\/wp-content\/uploads\/2024\/01\/8a6fe0ca-96ac-48d6-8665-e41bbacbef4d-150x150.jpg\" class=\"attachment-thumbnail size-thumbnail\" alt=\"\" \/><\/a>\n\t\t\t\t<\/dt><\/dl><dl class='gallery-item'>\n\t\t\t\t<dt class='gallery-icon landscape'>\n\t\t\t\t\t<a class=\"rollover rollover-zoom dt-pswp-item\" title=\"9c80bc42-9d0a-45fd-becb-603e0e0bbd96\" data-dt-img-description=\"\" data-large_image_width=\"1600\" data-large_image_height=\"960\"href='https:\/\/www.radiopiu.net\/wordpress\/wp-content\/uploads\/2024\/01\/9c80bc42-9d0a-45fd-becb-603e0e0bbd96.jpg'><img loading=\"lazy\" decoding=\"async\" width=\"150\" height=\"150\" src=\"https:\/\/www.radiopiu.net\/wordpress\/wp-content\/uploads\/2024\/01\/9c80bc42-9d0a-45fd-becb-603e0e0bbd96-150x150.jpg\" class=\"attachment-thumbnail size-thumbnail\" alt=\"\" \/><\/a>\n\t\t\t\t<\/dt><\/dl><dl class='gallery-item'>\n\t\t\t\t<dt class='gallery-icon landscape'>\n\t\t\t\t\t<a class=\"rollover rollover-zoom dt-pswp-item\" title=\"f728f035-3a54-4f19-8c47-09957ae1cb46\" data-dt-img-description=\"\" data-large_image_width=\"1600\" data-large_image_height=\"960\"href='https:\/\/www.radiopiu.net\/wordpress\/wp-content\/uploads\/2024\/01\/f728f035-3a54-4f19-8c47-09957ae1cb46.jpg'><img loading=\"lazy\" decoding=\"async\" width=\"150\" height=\"150\" src=\"https:\/\/www.radiopiu.net\/wordpress\/wp-content\/uploads\/2024\/01\/f728f035-3a54-4f19-8c47-09957ae1cb46-150x150.jpg\" class=\"attachment-thumbnail size-thumbnail\" alt=\"\" \/><\/a>\n\t\t\t\t<\/dt><\/dl><br style=\"clear: both\" \/><dl class='gallery-item'>\n\t\t\t\t<dt class='gallery-icon landscape'>\n\t\t\t\t\t<a class=\"rollover rollover-zoom dt-pswp-item\" title=\"1ff73c7e-be98-483b-8266-cc12e653d766\" data-dt-img-description=\"\" data-large_image_width=\"1600\" data-large_image_height=\"1153\"href='https:\/\/www.radiopiu.net\/wordpress\/wp-content\/uploads\/2024\/01\/1ff73c7e-be98-483b-8266-cc12e653d766.jpg'><img loading=\"lazy\" decoding=\"async\" width=\"150\" height=\"150\" src=\"https:\/\/www.radiopiu.net\/wordpress\/wp-content\/uploads\/2024\/01\/1ff73c7e-be98-483b-8266-cc12e653d766-150x150.jpg\" class=\"attachment-thumbnail size-thumbnail\" alt=\"\" \/><\/a>\n\t\t\t\t<\/dt><\/dl><dl class='gallery-item'>\n\t\t\t\t<dt class='gallery-icon landscape'>\n\t\t\t\t\t<a class=\"rollover rollover-zoom dt-pswp-item\" title=\"4dc04826-aef7-401f-9e6e-9eb7a9be7b81\" data-dt-img-description=\"\" data-large_image_width=\"1600\" data-large_image_height=\"960\"href='https:\/\/www.radiopiu.net\/wordpress\/wp-content\/uploads\/2024\/01\/4dc04826-aef7-401f-9e6e-9eb7a9be7b81.jpg'><img loading=\"lazy\" decoding=\"async\" width=\"150\" height=\"150\" src=\"https:\/\/www.radiopiu.net\/wordpress\/wp-content\/uploads\/2024\/01\/4dc04826-aef7-401f-9e6e-9eb7a9be7b81-150x150.jpg\" class=\"attachment-thumbnail size-thumbnail\" alt=\"\" \/><\/a>\n\t\t\t\t<\/dt><\/dl><dl class='gallery-item'>\n\t\t\t\t<dt class='gallery-icon landscape'>\n\t\t\t\t\t<a class=\"rollover rollover-zoom dt-pswp-item\" title=\"fb723b8b-734d-4c1f-8432-1d51b375fe03\" data-dt-img-description=\"\" data-large_image_width=\"1600\" data-large_image_height=\"960\"href='https:\/\/www.radiopiu.net\/wordpress\/wp-content\/uploads\/2024\/01\/fb723b8b-734d-4c1f-8432-1d51b375fe03.jpg'><img loading=\"lazy\" decoding=\"async\" width=\"150\" height=\"150\" src=\"https:\/\/www.radiopiu.net\/wordpress\/wp-content\/uploads\/2024\/01\/fb723b8b-734d-4c1f-8432-1d51b375fe03-150x150.jpg\" class=\"attachment-thumbnail size-thumbnail\" alt=\"\" \/><\/a>\n\t\t\t\t<\/dt><\/dl><dl class='gallery-item'>\n\t\t\t\t<dt class='gallery-icon landscape'>\n\t\t\t\t\t<a class=\"rollover rollover-zoom dt-pswp-item\" title=\"8db2ce40-b7fc-45dc-ac45-444c60b94cec\" data-dt-img-description=\"\" data-large_image_width=\"1600\" data-large_image_height=\"960\"href='https:\/\/www.radiopiu.net\/wordpress\/wp-content\/uploads\/2024\/01\/8db2ce40-b7fc-45dc-ac45-444c60b94cec.jpg'><img loading=\"lazy\" decoding=\"async\" width=\"150\" height=\"150\" src=\"https:\/\/www.radiopiu.net\/wordpress\/wp-content\/uploads\/2024\/01\/8db2ce40-b7fc-45dc-ac45-444c60b94cec-150x150.jpg\" class=\"attachment-thumbnail size-thumbnail\" alt=\"\" \/><\/a>\n\t\t\t\t<\/dt><\/dl><dl class='gallery-item'>\n\t\t\t\t<dt class='gallery-icon landscape'>\n\t\t\t\t\t<a class=\"rollover rollover-zoom dt-pswp-item\" title=\"8e204abe-9c27-43fc-a8c5-4dbc714ac9c8\" data-dt-img-description=\"\" data-large_image_width=\"1600\" data-large_image_height=\"960\"href='https:\/\/www.radiopiu.net\/wordpress\/wp-content\/uploads\/2024\/01\/8e204abe-9c27-43fc-a8c5-4dbc714ac9c8.jpg'><img loading=\"lazy\" decoding=\"async\" width=\"150\" height=\"150\" src=\"https:\/\/www.radiopiu.net\/wordpress\/wp-content\/uploads\/2024\/01\/8e204abe-9c27-43fc-a8c5-4dbc714ac9c8-150x150.jpg\" class=\"attachment-thumbnail size-thumbnail\" alt=\"\" \/><\/a>\n\t\t\t\t<\/dt><\/dl><dl class='gallery-item'>\n\t\t\t\t<dt class='gallery-icon landscape'>\n\t\t\t\t\t<a class=\"rollover rollover-zoom dt-pswp-item\" title=\"dae2b86e-02f7-4ebd-be57-1e94662cb3e1\" data-dt-img-description=\"\" data-large_image_width=\"1600\" data-large_image_height=\"960\"href='https:\/\/www.radiopiu.net\/wordpress\/wp-content\/uploads\/2024\/01\/dae2b86e-02f7-4ebd-be57-1e94662cb3e1.jpg'><img loading=\"lazy\" decoding=\"async\" width=\"150\" height=\"150\" src=\"https:\/\/www.radiopiu.net\/wordpress\/wp-content\/uploads\/2024\/01\/dae2b86e-02f7-4ebd-be57-1e94662cb3e1-150x150.jpg\" class=\"attachment-thumbnail size-thumbnail\" alt=\"\" \/><\/a>\n\t\t\t\t<\/dt><\/dl><dl class='gallery-item'>\n\t\t\t\t<dt class='gallery-icon landscape'>\n\t\t\t\t\t<a class=\"rollover rollover-zoom dt-pswp-item\" title=\"b39aa3bd-579e-49ff-a2d8-93cfc2689c86\" data-dt-img-description=\"\" data-large_image_width=\"1600\" data-large_image_height=\"960\"href='https:\/\/www.radiopiu.net\/wordpress\/wp-content\/uploads\/2024\/01\/b39aa3bd-579e-49ff-a2d8-93cfc2689c86.jpg'><img loading=\"lazy\" decoding=\"async\" width=\"150\" height=\"150\" src=\"https:\/\/www.radiopiu.net\/wordpress\/wp-content\/uploads\/2024\/01\/b39aa3bd-579e-49ff-a2d8-93cfc2689c86-150x150.jpg\" class=\"attachment-thumbnail size-thumbnail\" alt=\"\" \/><\/a>\n\t\t\t\t<\/dt><\/dl><br style=\"clear: both\" \/><dl class='gallery-item'>\n\t\t\t\t<dt class='gallery-icon landscape'>\n\t\t\t\t\t<a class=\"rollover rollover-zoom dt-pswp-item\" title=\"9af1d152-9f8a-4960-a28c-74e3b3476762\" data-dt-img-description=\"\" data-large_image_width=\"1600\" data-large_image_height=\"960\"href='https:\/\/www.radiopiu.net\/wordpress\/wp-content\/uploads\/2024\/01\/9af1d152-9f8a-4960-a28c-74e3b3476762.jpg'><img loading=\"lazy\" decoding=\"async\" width=\"150\" height=\"150\" src=\"https:\/\/www.radiopiu.net\/wordpress\/wp-content\/uploads\/2024\/01\/9af1d152-9f8a-4960-a28c-74e3b3476762-150x150.jpg\" class=\"attachment-thumbnail size-thumbnail\" alt=\"\" \/><\/a>\n\t\t\t\t<\/dt><\/dl><dl class='gallery-item'>\n\t\t\t\t<dt class='gallery-icon landscape'>\n\t\t\t\t\t<a class=\"rollover rollover-zoom dt-pswp-item\" title=\"1e8ca7d1-336c-4e30-b308-ca57f5993b4d\" data-dt-img-description=\"\" data-large_image_width=\"1600\" data-large_image_height=\"960\"href='https:\/\/www.radiopiu.net\/wordpress\/wp-content\/uploads\/2024\/01\/1e8ca7d1-336c-4e30-b308-ca57f5993b4d.jpg'><img loading=\"lazy\" decoding=\"async\" width=\"150\" height=\"150\" src=\"https:\/\/www.radiopiu.net\/wordpress\/wp-content\/uploads\/2024\/01\/1e8ca7d1-336c-4e30-b308-ca57f5993b4d-150x150.jpg\" class=\"attachment-thumbnail size-thumbnail\" alt=\"\" \/><\/a>\n\t\t\t\t<\/dt><\/dl><dl class='gallery-item'>\n\t\t\t\t<dt class='gallery-icon landscape'>\n\t\t\t\t\t<a class=\"rollover rollover-zoom dt-pswp-item\" title=\"b886f062-b2b5-4fbf-a73f-ff47b6d4263a\" data-dt-img-description=\"\" data-large_image_width=\"1600\" data-large_image_height=\"960\"href='https:\/\/www.radiopiu.net\/wordpress\/wp-content\/uploads\/2024\/01\/b886f062-b2b5-4fbf-a73f-ff47b6d4263a.jpg'><img loading=\"lazy\" decoding=\"async\" width=\"150\" height=\"150\" src=\"https:\/\/www.radiopiu.net\/wordpress\/wp-content\/uploads\/2024\/01\/b886f062-b2b5-4fbf-a73f-ff47b6d4263a-150x150.jpg\" class=\"attachment-thumbnail size-thumbnail\" alt=\"\" \/><\/a>\n\t\t\t\t<\/dt><\/dl><dl class='gallery-item'>\n\t\t\t\t<dt class='gallery-icon landscape'>\n\t\t\t\t\t<a class=\"rollover rollover-zoom dt-pswp-item\" title=\"e489f6ef-fc74-4326-96c1-cd97558698b4\" data-dt-img-description=\"\" data-large_image_width=\"1600\" data-large_image_height=\"960\"href='https:\/\/www.radiopiu.net\/wordpress\/wp-content\/uploads\/2024\/01\/e489f6ef-fc74-4326-96c1-cd97558698b4.jpg'><img loading=\"lazy\" decoding=\"async\" width=\"150\" height=\"150\" src=\"https:\/\/www.radiopiu.net\/wordpress\/wp-content\/uploads\/2024\/01\/e489f6ef-fc74-4326-96c1-cd97558698b4-150x150.jpg\" class=\"attachment-thumbnail size-thumbnail\" alt=\"\" \/><\/a>\n\t\t\t\t<\/dt><\/dl><dl class='gallery-item'>\n\t\t\t\t<dt class='gallery-icon landscape'>\n\t\t\t\t\t<a class=\"rollover rollover-zoom dt-pswp-item\" title=\"a7f980df-7e81-4631-88b5-98dccac5c80e\" data-dt-img-description=\"\" data-large_image_width=\"1600\" data-large_image_height=\"960\"href='https:\/\/www.radiopiu.net\/wordpress\/wp-content\/uploads\/2024\/01\/a7f980df-7e81-4631-88b5-98dccac5c80e.jpg'><img loading=\"lazy\" decoding=\"async\" width=\"150\" height=\"150\" src=\"https:\/\/www.radiopiu.net\/wordpress\/wp-content\/uploads\/2024\/01\/a7f980df-7e81-4631-88b5-98dccac5c80e-150x150.jpg\" class=\"attachment-thumbnail size-thumbnail\" alt=\"\" \/><\/a>\n\t\t\t\t<\/dt><\/dl><dl class='gallery-item'>\n\t\t\t\t<dt class='gallery-icon landscape'>\n\t\t\t\t\t<a class=\"rollover rollover-zoom dt-pswp-item\" title=\"a8534cd2-93e8-4cd1-8691-cee9ad636fdf\" data-dt-img-description=\"\" data-large_image_width=\"1600\" data-large_image_height=\"960\"href='https:\/\/www.radiopiu.net\/wordpress\/wp-content\/uploads\/2024\/01\/a8534cd2-93e8-4cd1-8691-cee9ad636fdf.jpg'><img loading=\"lazy\" decoding=\"async\" width=\"150\" height=\"150\" src=\"https:\/\/www.radiopiu.net\/wordpress\/wp-content\/uploads\/2024\/01\/a8534cd2-93e8-4cd1-8691-cee9ad636fdf-150x150.jpg\" class=\"attachment-thumbnail size-thumbnail\" alt=\"\" \/><\/a>\n\t\t\t\t<\/dt><\/dl><dl class='gallery-item'>\n\t\t\t\t<dt class='gallery-icon landscape'>\n\t\t\t\t\t<a class=\"rollover rollover-zoom dt-pswp-item\" title=\"4a1e5fde-36ab-4a27-8705-7475f6a8f2e8\" data-dt-img-description=\"\" data-large_image_width=\"1600\" data-large_image_height=\"960\"href='https:\/\/www.radiopiu.net\/wordpress\/wp-content\/uploads\/2024\/01\/4a1e5fde-36ab-4a27-8705-7475f6a8f2e8.jpg'><img loading=\"lazy\" decoding=\"async\" width=\"150\" height=\"150\" src=\"https:\/\/www.radiopiu.net\/wordpress\/wp-content\/uploads\/2024\/01\/4a1e5fde-36ab-4a27-8705-7475f6a8f2e8-150x150.jpg\" class=\"attachment-thumbnail size-thumbnail\" alt=\"\" \/><\/a>\n\t\t\t\t<\/dt><\/dl><br style=\"clear: both\" \/>\n\t\t\t<\/div>\n\n<p>&nbsp;<\/p>\n<p><strong>LE FOTO DOPO L&#8217;INTERVENTO DEI VIGILI DEL FUOCO<\/strong><\/p>\n\n\t\t\t<style type='text\/css'>\n\t\t\t\t#gallery-4 {\n\t\t\t\t\tmargin: auto;\n\t\t\t\t}\n\t\t\t\t#gallery-4 .gallery-item {\n\t\t\t\t\tfloat: left;\n\t\t\t\t\tmargin-top: 10px;\n\t\t\t\t\ttext-align: center;\n\t\t\t\t\twidth: 16%;\n\t\t\t\t}\n\t\t\t\t#gallery-4 img {\n\t\t\t\t\tborder: 2px solid #cfcfcf;\n\t\t\t\t}\n\t\t\t\t#gallery-4 .gallery-caption {\n\t\t\t\t\tmargin-left: 0;\n\t\t\t\t}\n\t\t\t\t\/* see gallery_shortcode() in wp-includes\/media.php *\/\n\t\t\t<\/style>\n\t\t<div id='gallery-4' class='dt-gallery-container gallery galleryid-368979 gallery-columns-6 gallery-size-thumbnail'><dl class='gallery-item'>\n\t\t\t\t<dt class='gallery-icon landscape'>\n\t\t\t\t\t<a class=\"rollover rollover-zoom dt-pswp-item\" title=\"5534aa19-4a9f-429b-9b3f-474cbf934c6b\" data-dt-img-description=\"\" data-large_image_width=\"480\" data-large_image_height=\"360\"href='https:\/\/www.radiopiu.net\/wordpress\/wp-content\/uploads\/2024\/01\/5534aa19-4a9f-429b-9b3f-474cbf934c6b.jpg'><img loading=\"lazy\" decoding=\"async\" width=\"150\" height=\"150\" src=\"https:\/\/www.radiopiu.net\/wordpress\/wp-content\/uploads\/2024\/01\/5534aa19-4a9f-429b-9b3f-474cbf934c6b-150x150.jpg\" class=\"attachment-thumbnail size-thumbnail\" alt=\"\" \/><\/a>\n\t\t\t\t<\/dt><\/dl><dl class='gallery-item'>\n\t\t\t\t<dt class='gallery-icon landscape'>\n\t\t\t\t\t<a class=\"rollover rollover-zoom dt-pswp-item\" title=\"8c06bcec-efd0-4390-b8fa-eedb1fc9fa8f-1\" data-dt-img-description=\"\" data-large_image_width=\"480\" data-large_image_height=\"360\"href='https:\/\/www.radiopiu.net\/wordpress\/wp-content\/uploads\/2024\/01\/8c06bcec-efd0-4390-b8fa-eedb1fc9fa8f-1.jpg'><img loading=\"lazy\" decoding=\"async\" width=\"150\" height=\"150\" src=\"https:\/\/www.radiopiu.net\/wordpress\/wp-content\/uploads\/2024\/01\/8c06bcec-efd0-4390-b8fa-eedb1fc9fa8f-1-150x150.jpg\" class=\"attachment-thumbnail size-thumbnail\" alt=\"\" \/><\/a>\n\t\t\t\t<\/dt><\/dl><dl class='gallery-item'>\n\t\t\t\t<dt class='gallery-icon landscape'>\n\t\t\t\t\t<a class=\"rollover rollover-zoom dt-pswp-item\" title=\"a266eeb5-0dc7-448a-9313-951d34cabd8d\" data-dt-img-description=\"\" data-large_image_width=\"480\" data-large_image_height=\"360\"href='https:\/\/www.radiopiu.net\/wordpress\/wp-content\/uploads\/2024\/01\/a266eeb5-0dc7-448a-9313-951d34cabd8d.jpg'><img loading=\"lazy\" decoding=\"async\" width=\"150\" height=\"150\" src=\"https:\/\/www.radiopiu.net\/wordpress\/wp-content\/uploads\/2024\/01\/a266eeb5-0dc7-448a-9313-951d34cabd8d-150x150.jpg\" class=\"attachment-thumbnail size-thumbnail\" alt=\"\" \/><\/a>\n\t\t\t\t<\/dt><\/dl><dl class='gallery-item'>\n\t\t\t\t<dt class='gallery-icon landscape'>\n\t\t\t\t\t<a class=\"rollover rollover-zoom dt-pswp-item\" title=\"14b34d72-5a00-4907-be58-f1bf2d1305e3\" data-dt-img-description=\"\" data-large_image_width=\"480\" data-large_image_height=\"360\"href='https:\/\/www.radiopiu.net\/wordpress\/wp-content\/uploads\/2024\/01\/14b34d72-5a00-4907-be58-f1bf2d1305e3.jpg'><img loading=\"lazy\" decoding=\"async\" width=\"150\" height=\"150\" src=\"https:\/\/www.radiopiu.net\/wordpress\/wp-content\/uploads\/2024\/01\/14b34d72-5a00-4907-be58-f1bf2d1305e3-150x150.jpg\" class=\"attachment-thumbnail size-thumbnail\" alt=\"\" \/><\/a>\n\t\t\t\t<\/dt><\/dl><dl class='gallery-item'>\n\t\t\t\t<dt class='gallery-icon landscape'>\n\t\t\t\t\t<a class=\"rollover rollover-zoom dt-pswp-item\" title=\"a664bca5-5b99-4621-acac-6b25b9075d60\" data-dt-img-description=\"\" data-large_image_width=\"480\" data-large_image_height=\"360\"href='https:\/\/www.radiopiu.net\/wordpress\/wp-content\/uploads\/2024\/01\/a664bca5-5b99-4621-acac-6b25b9075d60.jpg'><img loading=\"lazy\" decoding=\"async\" width=\"150\" height=\"150\" src=\"https:\/\/www.radiopiu.net\/wordpress\/wp-content\/uploads\/2024\/01\/a664bca5-5b99-4621-acac-6b25b9075d60-150x150.jpg\" class=\"attachment-thumbnail size-thumbnail\" alt=\"\" \/><\/a>\n\t\t\t\t<\/dt><\/dl><dl class='gallery-item'>\n\t\t\t\t<dt class='gallery-icon landscape'>\n\t\t\t\t\t<a class=\"rollover rollover-zoom dt-pswp-item\" title=\"4667e003-4fe6-419b-a46c-4d6a83486f75\" data-dt-img-description=\"\" data-large_image_width=\"480\" data-large_image_height=\"270\"href='https:\/\/www.radiopiu.net\/wordpress\/wp-content\/uploads\/2024\/01\/4667e003-4fe6-419b-a46c-4d6a83486f75.jpg'><img loading=\"lazy\" decoding=\"async\" width=\"150\" height=\"150\" src=\"https:\/\/www.radiopiu.net\/wordpress\/wp-content\/uploads\/2024\/01\/4667e003-4fe6-419b-a46c-4d6a83486f75-150x150.jpg\" class=\"attachment-thumbnail size-thumbnail\" alt=\"\" \/><\/a>\n\t\t\t\t<\/dt><\/dl><br style=\"clear: both\" \/><dl class='gallery-item'>\n\t\t\t\t<dt class='gallery-icon landscape'>\n\t\t\t\t\t<a class=\"rollover rollover-zoom dt-pswp-item\" title=\"8c06bcec-efd0-4390-b8fa-eedb1fc9fa8f\" data-dt-img-description=\"\" data-large_image_width=\"480\" data-large_image_height=\"360\"href='https:\/\/www.radiopiu.net\/wordpress\/wp-content\/uploads\/2024\/01\/8c06bcec-efd0-4390-b8fa-eedb1fc9fa8f.jpg'><img loading=\"lazy\" decoding=\"async\" width=\"150\" height=\"150\" src=\"https:\/\/www.radiopiu.net\/wordpress\/wp-content\/uploads\/2024\/01\/8c06bcec-efd0-4390-b8fa-eedb1fc9fa8f-150x150.jpg\" class=\"attachment-thumbnail size-thumbnail\" alt=\"\" \/><\/a>\n\t\t\t\t<\/dt><\/dl><dl class='gallery-item'>\n\t\t\t\t<dt class='gallery-icon landscape'>\n\t\t\t\t\t<a class=\"rollover rollover-zoom dt-pswp-item\" title=\"e2471c80-3741-42ab-bd02-48b92afaf6e5\" data-dt-img-description=\"\" data-large_image_width=\"480\" data-large_image_height=\"360\"href='https:\/\/www.radiopiu.net\/wordpress\/wp-content\/uploads\/2024\/01\/e2471c80-3741-42ab-bd02-48b92afaf6e5.jpg'><img loading=\"lazy\" decoding=\"async\" width=\"150\" height=\"150\" src=\"https:\/\/www.radiopiu.net\/wordpress\/wp-content\/uploads\/2024\/01\/e2471c80-3741-42ab-bd02-48b92afaf6e5-150x150.jpg\" class=\"attachment-thumbnail size-thumbnail\" alt=\"\" \/><\/a>\n\t\t\t\t<\/dt><\/dl><dl class='gallery-item'>\n\t\t\t\t<dt class='gallery-icon landscape'>\n\t\t\t\t\t<a class=\"rollover rollover-zoom dt-pswp-item\" title=\"8b3bb3f0-55fc-41e7-813c-bdc6f84cdd53\" data-dt-img-description=\"\" data-large_image_width=\"720\" data-large_image_height=\"432\"href='https:\/\/www.radiopiu.net\/wordpress\/wp-content\/uploads\/2024\/01\/8b3bb3f0-55fc-41e7-813c-bdc6f84cdd53.jpg'><img loading=\"lazy\" decoding=\"async\" width=\"150\" height=\"150\" src=\"https:\/\/www.radiopiu.net\/wordpress\/wp-content\/uploads\/2024\/01\/8b3bb3f0-55fc-41e7-813c-bdc6f84cdd53-150x150.jpg\" class=\"attachment-thumbnail size-thumbnail\" alt=\"\" \/><\/a>\n\t\t\t\t<\/dt><\/dl><dl class='gallery-item'>\n\t\t\t\t<dt class='gallery-icon landscape'>\n\t\t\t\t\t<a class=\"rollover rollover-zoom dt-pswp-item\" title=\"a69805c2-5ce9-45eb-88fa-e76d98693fe3\" data-dt-img-description=\"\" data-large_image_width=\"720\" data-large_image_height=\"432\"href='https:\/\/www.radiopiu.net\/wordpress\/wp-content\/uploads\/2024\/01\/a69805c2-5ce9-45eb-88fa-e76d98693fe3.jpg'><img loading=\"lazy\" decoding=\"async\" width=\"150\" height=\"150\" src=\"https:\/\/www.radiopiu.net\/wordpress\/wp-content\/uploads\/2024\/01\/a69805c2-5ce9-45eb-88fa-e76d98693fe3-150x150.jpg\" class=\"attachment-thumbnail size-thumbnail\" alt=\"\" \/><\/a>\n\t\t\t\t<\/dt><\/dl><dl class='gallery-item'>\n\t\t\t\t<dt class='gallery-icon landscape'>\n\t\t\t\t\t<a class=\"rollover rollover-zoom dt-pswp-item\" title=\"587e0a7b-d345-44aa-8103-51a38038632e\" data-dt-img-description=\"\" data-large_image_width=\"720\" data-large_image_height=\"432\"href='https:\/\/www.radiopiu.net\/wordpress\/wp-content\/uploads\/2024\/01\/587e0a7b-d345-44aa-8103-51a38038632e.jpg'><img loading=\"lazy\" decoding=\"async\" width=\"150\" height=\"150\" src=\"https:\/\/www.radiopiu.net\/wordpress\/wp-content\/uploads\/2024\/01\/587e0a7b-d345-44aa-8103-51a38038632e-150x150.jpg\" class=\"attachment-thumbnail size-thumbnail\" alt=\"\" \/><\/a>\n\t\t\t\t<\/dt><\/dl><dl class='gallery-item'>\n\t\t\t\t<dt class='gallery-icon landscape'>\n\t\t\t\t\t<a class=\"rollover rollover-zoom dt-pswp-item\" title=\"cc81b389-6d4e-4484-9653-07bf8f76b4ed\" data-dt-img-description=\"\" data-large_image_width=\"720\" data-large_image_height=\"432\"href='https:\/\/www.radiopiu.net\/wordpress\/wp-content\/uploads\/2024\/01\/cc81b389-6d4e-4484-9653-07bf8f76b4ed.jpg'><img loading=\"lazy\" decoding=\"async\" width=\"150\" height=\"150\" src=\"https:\/\/www.radiopiu.net\/wordpress\/wp-content\/uploads\/2024\/01\/cc81b389-6d4e-4484-9653-07bf8f76b4ed-150x150.jpg\" class=\"attachment-thumbnail size-thumbnail\" alt=\"\" \/><\/a>\n\t\t\t\t<\/dt><\/dl><br style=\"clear: both\" \/>\n\t\t\t<\/div>\n\n<p>&nbsp;<\/p>\n<p><strong>IL VIDEO<\/strong><\/p>\n<div style=\"width: 848px;\" class=\"wp-video\"><video class=\"wp-video-shortcode\" id=\"video-368979-1\" width=\"848\" height=\"480\" preload=\"metadata\" controls=\"controls\"><source type=\"video\/mp4\" src=\"https:\/\/www.radiopiu.net\/wordpress\/wp-content\/uploads\/2024\/01\/WhatsApp-Video-2024-01-08-at-18.24.01.mp4?_=1\" \/><a href=\"https:\/\/www.radiopiu.net\/wordpress\/wp-content\/uploads\/2024\/01\/WhatsApp-Video-2024-01-08-at-18.24.01.mp4\">https:\/\/www.radiopiu.net\/wordpress\/wp-content\/uploads\/2024\/01\/WhatsApp-Video-2024-01-08-at-18.24.01.mp4<\/a><\/video><\/div>\n<p>&nbsp;<\/p>\n<p>&nbsp;<\/p>\n<p>&nbsp;<\/p>\n<hr \/>\n<p>&nbsp;<\/p>\n<blockquote>\n<h3>SOCCORSO ALPINO. RINNOVATI I CAPI E I VICECAPI PER IL TRIENNIO 24\/26<\/h3>\n<\/blockquote>\n<p><strong><a class=\"dt-pswp-item\" href=\"https:\/\/www.radiopiu.net\/wordpress\/wp-content\/uploads\/2024\/01\/IMG-20231225-WA0005.jpg\" data-dt-img-description=\"\" data-large_image_width=\"1024\" data-large_image_height=\"768\"><img loading=\"lazy\" decoding=\"async\" class=\" wp-image-369058 alignleft\" src=\"https:\/\/www.radiopiu.net\/wordpress\/wp-content\/uploads\/2024\/01\/IMG-20231225-WA0005-300x225.jpg\" alt=\"\" width=\"232\" height=\"174\" srcset=\"https:\/\/www.radiopiu.net\/wordpress\/wp-content\/uploads\/2024\/01\/IMG-20231225-WA0005-300x225.jpg 300w, https:\/\/www.radiopiu.net\/wordpress\/wp-content\/uploads\/2024\/01\/IMG-20231225-WA0005-768x576.jpg 768w, https:\/\/www.radiopiu.net\/wordpress\/wp-content\/uploads\/2024\/01\/IMG-20231225-WA0005.jpg 1024w\" sizes=\"auto, (max-width: 232px) 100vw, 232px\" \/><\/a>REDAZIONE\u00a0<\/strong> Le nomine per il triennio 2024\/2026 nelle Stazioni del Soccorso Alpino e Speleologico Veneto vedono la conferma di molti soccorritori ai vertici, mentre alcuni capi storici lasciano il loro incarico. Cambiamenti includono inversione di ruoli ad Alleghe, nuova nomina a Feltre, e nuovi vice in diverse stazioni. Le Stazioni di Agordo, Alpago, Auronzo di Cadore, Belluno, Cortina d&#8217;Ampezzo, Feltre, Livinallongo, Longarone, Pieve di Cadore, San Vito di Cadore, Val Biois, Val Comelico, Val Pettorina, Val di Zoldo, Pedemontana del Grappa, e Prealpi Trevigiane hanno annunciato le nuove leadership.<\/p>\n<p><strong>Queste le nomine nella II Delegazione Dolomiti Bellunesi.<\/strong><\/p>\n<p>Agordo confermati sia il capo Diego Favero, che il vice Paolo Mazzucco; inversione dei ruoli ad Alleghe con Simone Chenet che diventa capo e Alessandro Rudatis suo vice. Invariata la reggenza in Alpago, restano capo Vittorio Stoka e vicecapo Christian De Pra, come ad Auronzo di Cadore, capo Franco Zandegiacomo Mistrotione e vice Michele Crolla. Nella Stazione di Belluno Gianpaolo Sani \u00e8 confermato, mentre lo affiancher\u00e0 come vice Riccardo Foppa, al posto di Alessandro Raccanello; per il Centro Cadore subentra come capo a Maurizio Bergamo (15 anni tra capo e vice) il suo vice Alessandro Valmassoni, affiancato da Luca Doriguzzi. A Cortina <a class=\"dt-pswp-item\" href=\"https:\/\/www.radiopiu.net\/wordpress\/wp-content\/uploads\/2024\/01\/IMG-20231227-WA0005.jpg\" data-dt-img-description=\"\" data-large_image_width=\"2048\" data-large_image_height=\"1536\"><img loading=\"lazy\" decoding=\"async\" class=\"size-medium wp-image-369059 alignright\" src=\"https:\/\/www.radiopiu.net\/wordpress\/wp-content\/uploads\/2024\/01\/IMG-20231227-WA0005-300x225.jpg\" alt=\"\" width=\"300\" height=\"225\" srcset=\"https:\/\/www.radiopiu.net\/wordpress\/wp-content\/uploads\/2024\/01\/IMG-20231227-WA0005-300x225.jpg 300w, https:\/\/www.radiopiu.net\/wordpress\/wp-content\/uploads\/2024\/01\/IMG-20231227-WA0005-1024x768.jpg 1024w, https:\/\/www.radiopiu.net\/wordpress\/wp-content\/uploads\/2024\/01\/IMG-20231227-WA0005-768x576.jpg 768w, https:\/\/www.radiopiu.net\/wordpress\/wp-content\/uploads\/2024\/01\/IMG-20231227-WA0005-1536x1152.jpg 1536w, https:\/\/www.radiopiu.net\/wordpress\/wp-content\/uploads\/2024\/01\/IMG-20231227-WA0005.jpg 2048w\" sizes=\"auto, (max-width: 300px) 100vw, 300px\" \/><\/a>d\u2019Ampezzo \u00e8 ancora capo Roberto Santuz, con lui Manuel Soccol. A Feltre rimane capo Franco Casanova, nuova nomina per Marco Piazzetta al posto di Michele Rech come vice. Confermato a Livinallongo Giorgio Sorarui, mentre al posto di Marino Zorz (dopo 26 anni ai vertici della Stazione) diventa vice Andrea Dorigo. A Longarone conferma per il capo Diego Manarin, suo vice \u00e8 stato eletto Alessandro De Bona al posto di Fabio Bergamin. Il Soccorso alpino di Pieve di Cadore ha eletto Giuliano Baracco, vicecapo dopo Marco Da Col (per 14 anni capo o vice) \u00e8 stato nominato Enrico Gatto. A San Vito di Cadore restano sia Nicola Cherubin, che Ugo Brugiolo. Cambio in Val Biois, a Fabrizio Scola, che diventa vice, subentra Kristian Zus. Cecilia De Filippo lascia il posto di capo a Gino De Zolt in Val Comelico, Mattia Bergagnin \u00e8 il nuovo vice. La Val Pettorina riconferma Alessandro Darman, suo vice al posto di Francesco Fersuoch sar\u00e0 Andrea Darman. Invariata la situazione per la Val di Zoldo con Giovanni De Rocco e Luisa De Zaiacomo.<\/p>\n<p>&nbsp;<\/p>\n<p><strong>PER LE TRE RADIO, BARBARA PAOLAZZI (CLUB 103)<\/strong><\/p>\n<audio class=\"wp-audio-shortcode\" id=\"audio-368979-4\" preload=\"none\" style=\"width: 100%;\" controls=\"controls\"><source type=\"audio\/mpeg\" src=\"https:\/\/www.radiopiu.net\/wordpress\/wp-content\/uploads\/2024\/01\/PAOLAZZI-NOMINE-SOCCORSO-ALPINO.mp3?_=4\" \/><a href=\"https:\/\/www.radiopiu.net\/wordpress\/wp-content\/uploads\/2024\/01\/PAOLAZZI-NOMINE-SOCCORSO-ALPINO.mp3\">https:\/\/www.radiopiu.net\/wordpress\/wp-content\/uploads\/2024\/01\/PAOLAZZI-NOMINE-SOCCORSO-ALPINO.mp3<\/a><\/audio>\n<p>&nbsp;<\/p>\n<blockquote>\n<h3>ZAIA AUGURA BUON LAVORO AGLI ANGELI DELLA MONTAGNA<\/h3>\n<\/blockquote>\n<p><strong>VENEZIA <\/strong>\u201cGli uomini e le donne del Soccorso Alpino e Speleologico sono veri e propri angeli che spesso mettono a repentaglio la loro incolumit\u00e0 per salvare la vita agli altri. A loro va tutta la nostra riconoscenza e ai nuovi vertici delle varie stazioni del Veneto il pi\u00f9 caloroso augurio di buon lavoro\u201d. Lo dice il Presidente della Regione, Luca Zaia, in relazione alla nomina, avvenuta oggi, dei nuovi responsabili delle Stazioni del Soccorso Alpino e Speleologico del Veneto.<\/p>\n<p>&nbsp;<\/p>\n<p>&nbsp;<\/p>\n<hr \/>\n<p>&nbsp;<\/p>\n<blockquote>\n<h3 class=\"entry-title\">SEGGIOVIA PALAFAVERA-PIODA, DALLA PROVINCIA \u201cIL PROPONENTE NON HA PRESENTATO GLI ELABORATI NECESSARI\u201d<\/h3>\n<\/blockquote>\n<p><strong><a class=\"dt-pswp-item\" href=\"https:\/\/www.radiopiu.net\/wordpress\/wp-content\/uploads\/2020\/06\/palazzo_piloni_belluno.jpg\" data-dt-img-description=\"\" data-large_image_width=\"1000\" data-large_image_height=\"667\"><img loading=\"lazy\" decoding=\"async\" class=\" wp-image-144771 alignleft\" src=\"https:\/\/www.radiopiu.net\/wordpress\/wp-content\/uploads\/2020\/06\/palazzo_piloni_belluno-300x200.jpg\" alt=\"\" width=\"179\" height=\"119\" srcset=\"https:\/\/www.radiopiu.net\/wordpress\/wp-content\/uploads\/2020\/06\/palazzo_piloni_belluno-300x200.jpg 300w, https:\/\/www.radiopiu.net\/wordpress\/wp-content\/uploads\/2020\/06\/palazzo_piloni_belluno-768x512.jpg 768w, https:\/\/www.radiopiu.net\/wordpress\/wp-content\/uploads\/2020\/06\/palazzo_piloni_belluno.jpg 1000w\" sizes=\"auto, (max-width: 179px) 100vw, 179px\" \/><\/a>REDAZIONE<\/strong>\u00a0 Nonostante la societ\u00e0 abbia ottenuto contributi regionali per il rifacimento e l\u2019ammodernamento dell\u2019impianto, il progetto non ha ancora ottenuto l\u2019approvazione dagli uffici provinciali, scatenando una protesta.\u00a0 La realizzazione del progetto della seggiovia \u201cPalafavera-Pioda\u201d \u00e8 in attesa dell\u2019acquisizione del giudizio di compatibilit\u00e0 ambientale. Il procedimento amministrativo, avviato secondo la legge regionale 21\/2008, \u00e8 sospeso in attesa della valutazione di impatto ambientale (Via). La societ\u00e0 Palafavera srl ha presentato il progetto, ma non ha avviato la procedura di Valutazione impatto ambientale. La documentazione richiesta per la procedura di Via non \u00e8 stata fornita, e la sospensione persiste fino alla valutazione favorevole della Via. Solo dopo tale approvazione riprenderanno le valutazioni per l\u2019approvazione secondo la legge regionale e il Dpr 753\/1980.<\/p>\n<p><strong>DALLA PROVINCIA<\/strong><br \/>\n<em>\u201cTutti gli interventi relativi agli impianti di risalita, infatti, sono sottoposti a una procedura standard per completare la pratica di approvazione del progetto.\u00a0 Approvazione in Commissione Via, richiesta dalla normativa regionale\u00a0 e quindi l\u2019endoprocedura relativa alla sicurezza. C\u2019\u00e8 un elenco standard \u2013 uguale per tutti \u2013 di documenti da presentare per i progetti. Di fatto, deve essere presentata una serie di elaborati a firma del progettista e controfirma del proponente di progetto. Il progetto di Palafavera proposto da Palafavera srl (Progetto per la realizzazione della seggiovia ad ammorsamento automatico denominata \u201cPalafavera-Pioda\u201d in sostituzione della seggiovia Sem107 \u201cPalafavera (1525) \u2013 Pioda (1890)\u201d C.1.10M) \u00e8 attualmente in attesa dell\u2019acquisizione del giudizio di compatibilit\u00e0 ambientale. Di fatto, il proponente ha presentato istanza con progetto, ma non ha mai iniziato la procedura di Valutazione impatto ambientale, in quanto non ha ancora depositato gli elaborati necessari.\u00a0 Su richiesta del proponente, \u00e8 stato effettuato un incontro preliminare per esaminare il progetto, a cui \u00e8 seguito anche un sopralluogo tecnico al fine di definire il perimetro di sensibilit\u00e0 ambientale del sito. A seguito di incontro e sopralluogo, non \u00e8 mai pervenuta la documentazione necessaria per procedere. Per la precisione, la procedura relativa alla legge regionale 21\/2008 \u00e8 stata sospesa in attesa delle valutazioni della Via\u201d\u00a0<\/em><\/p>\n<p>&nbsp;<\/p>\n<hr \/>\n<p>&nbsp;<\/p>\n<blockquote>\n<h3><a class=\"dt-pswp-item\" href=\"https:\/\/www.radiopiu.net\/wordpress\/wp-content\/uploads\/2021\/10\/9396bbfc-2818-4225-b55d-9a56c39206f1.jpg\" data-dt-img-description=\"\" data-large_image_width=\"1599\" data-large_image_height=\"899\"><img loading=\"lazy\" decoding=\"async\" class=\"wp-image-237486 alignleft\" src=\"https:\/\/www.radiopiu.net\/wordpress\/wp-content\/uploads\/2021\/10\/9396bbfc-2818-4225-b55d-9a56c39206f1-300x169.jpg\" alt=\"\" width=\"192\" height=\"108\" srcset=\"https:\/\/www.radiopiu.net\/wordpress\/wp-content\/uploads\/2021\/10\/9396bbfc-2818-4225-b55d-9a56c39206f1-300x169.jpg 300w, https:\/\/www.radiopiu.net\/wordpress\/wp-content\/uploads\/2021\/10\/9396bbfc-2818-4225-b55d-9a56c39206f1-1024x576.jpg 1024w, https:\/\/www.radiopiu.net\/wordpress\/wp-content\/uploads\/2021\/10\/9396bbfc-2818-4225-b55d-9a56c39206f1-768x432.jpg 768w, https:\/\/www.radiopiu.net\/wordpress\/wp-content\/uploads\/2021\/10\/9396bbfc-2818-4225-b55d-9a56c39206f1-1536x864.jpg 1536w, https:\/\/www.radiopiu.net\/wordpress\/wp-content\/uploads\/2021\/10\/9396bbfc-2818-4225-b55d-9a56c39206f1.jpg 1599w\" sizes=\"auto, (max-width: 192px) 100vw, 192px\" \/><\/a>ANNO NUOVO, PROBLEMI VECCHI. IL 2024 SI PORTA CON SE&#8217;&#8230; LA DOLOMITIBUS<\/h3>\n<\/blockquote>\n<p><strong>BELLUNO<\/strong> Dolomitibus ha tagliato oltre 30 corse nel servizio di trasporto pubblico alla ripresa delle lezioni, provocando disagi, soprattutto nell&#8217;area urbana di Belluno. La carenza di autisti \u00e8 la causa principale, accentuata dalla malattia di alcuni conducenti, nonostante l&#8217;arrivo di nuovi autisti da Milano. La situazione critica del trasporto locale preoccupa gli utenti. Nel frattempo, Dolomitibus annuncia novit\u00e0 per le linee 25 e 30, con modifiche agli orari di alcune corse per migliorare l&#8217;efficienza del servizio extraurbano.<\/p>\n<p>&nbsp;<\/p>\n<p>&nbsp;<\/p>\n<hr \/>\n<p>&nbsp;<\/p>\n<p>&nbsp;<\/p>\n<blockquote>\n<h3>IERI IN TRIBUNALE, OGGI SUL CORRIERE DELLE ALPI.<br \/>\nLA GIUDIZIARIA<\/h3>\n<\/blockquote>\n<p><strong><a class=\"dt-pswp-item\" href=\"https:\/\/www.radiopiu.net\/wordpress\/wp-content\/uploads\/2018\/07\/TRIBUNALE-2.jpg\" data-dt-img-description=\"\" data-large_image_width=\"960\" data-large_image_height=\"720\"><img loading=\"lazy\" decoding=\"async\" class=\"wp-image-53165 alignleft\" src=\"https:\/\/www.radiopiu.net\/wordpress\/wp-content\/uploads\/2018\/07\/TRIBUNALE-2-300x225.jpg\" alt=\"\" width=\"211\" height=\"158\" srcset=\"https:\/\/www.radiopiu.net\/wordpress\/wp-content\/uploads\/2018\/07\/TRIBUNALE-2-300x225.jpg 300w, https:\/\/www.radiopiu.net\/wordpress\/wp-content\/uploads\/2018\/07\/TRIBUNALE-2-768x576.jpg 768w, https:\/\/www.radiopiu.net\/wordpress\/wp-content\/uploads\/2018\/07\/TRIBUNALE-2.jpg 960w\" sizes=\"auto, (max-width: 211px) 100vw, 211px\" \/><\/a>ALLEGHE<\/strong> Condannato a cinque mesi di reclusione per aver preso a sassate l&#8217;auto di un carabiniere a Alleghe nel giugno 2021. Inizialmente chiesti dieci mesi dal pubblico ministero, il giudice li ha dimezzati. L&#8217;uomo che aveva ammesso le proprie responsabilit\u00e0, avrebbe dovuto pagare una multa di 6.750 euro..<\/p>\n<p><strong>ALLEGHE<\/strong> Un alleghese ha contestato l&#8217;etilometro dopo essere stato fermato per guida in stato di ebbrezza. Nonostante il suo ricorso sia stato dichiarato inammissibile dalla Corte di Cassazione poco pi\u00f9 di un mese fa, aveva cercato di contestare l&#8217;omologazione e le revisioni periodiche dell&#8217;apparecchio.\u00a0 La Cassazione ha definitivamente respinto il ricorso, confermando la sentenza di condanna.<\/p>\n<div class=\"w-full pt-2 md:pt-0 dark:border-white\/20 md:border-transparent md:dark:border-transparent md:w-[calc(100%-.5rem)]\">\n<form class=\"stretch mx-2 flex flex-row gap-3 last:mb-2 md:mx-4 md:last:mb-6 lg:mx-auto lg:max-w-2xl xl:max-w-3xl\">\n<div class=\"relative flex h-full flex-1 items-stretch md:flex-col\">\n<div class=\"flex w-full items-center\"><\/div>\n<\/div>\n<\/form>\n<\/div>\n<p>&nbsp;<\/p>\n<hr \/>\n<p>&nbsp;<\/p>\n<blockquote>\n<h3>IL MUSAL ANNUNCIA UNA BIBLIOTECA A SCAFFALE APERTO NELLA MANSARDA DEL MUSEO<\/h3>\n<\/blockquote>\n<p><strong>CANALE D&#8217;AGORDO<\/strong><\/p>\n<p>DI GIANNI SANTOMASO<\/p>\n<audio class=\"wp-audio-shortcode\" id=\"audio-368979-5\" preload=\"none\" style=\"width: 100%;\" controls=\"controls\"><source type=\"audio\/mpeg\" src=\"https:\/\/www.radiopiu.net\/wordpress\/wp-content\/uploads\/2024\/01\/GIANNI-IL-MUSAL-ANNUNCIA-UNA-BIBLIOTECA-A-SCAFFALE-APERTO-NELLA-MANSARDA-DEL-MUSEO.mp3?_=5\" \/><a href=\"https:\/\/www.radiopiu.net\/wordpress\/wp-content\/uploads\/2024\/01\/GIANNI-IL-MUSAL-ANNUNCIA-UNA-BIBLIOTECA-A-SCAFFALE-APERTO-NELLA-MANSARDA-DEL-MUSEO.mp3\">https:\/\/www.radiopiu.net\/wordpress\/wp-content\/uploads\/2024\/01\/GIANNI-IL-MUSAL-ANNUNCIA-UNA-BIBLIOTECA-A-SCAFFALE-APERTO-NELLA-MANSARDA-DEL-MUSEO.mp3<\/a><\/audio>\n<p>&nbsp;<\/p>\n\n\t\t\t<style type='text\/css'>\n\t\t\t\t#gallery-5 {\n\t\t\t\t\tmargin: auto;\n\t\t\t\t}\n\t\t\t\t#gallery-5 .gallery-item {\n\t\t\t\t\tfloat: left;\n\t\t\t\t\tmargin-top: 10px;\n\t\t\t\t\ttext-align: center;\n\t\t\t\t\twidth: 25%;\n\t\t\t\t}\n\t\t\t\t#gallery-5 img {\n\t\t\t\t\tborder: 2px solid #cfcfcf;\n\t\t\t\t}\n\t\t\t\t#gallery-5 .gallery-caption {\n\t\t\t\t\tmargin-left: 0;\n\t\t\t\t}\n\t\t\t\t\/* see gallery_shortcode() in wp-includes\/media.php *\/\n\t\t\t<\/style>\n\t\t<div id='gallery-5' class='dt-gallery-container gallery galleryid-368979 gallery-columns-4 gallery-size-thumbnail'><dl class='gallery-item'>\n\t\t\t\t<dt class='gallery-icon landscape'>\n\t\t\t\t\t<a class=\"rollover rollover-zoom dt-pswp-item\" title=\"415994126_867054982090739_4019792900129933995_n\" data-dt-img-description=\"\" data-large_image_width=\"612\" data-large_image_height=\"344\"href='https:\/\/www.radiopiu.net\/wordpress\/wp-content\/uploads\/2024\/01\/415994126_867054982090739_4019792900129933995_n.jpg'><img loading=\"lazy\" decoding=\"async\" width=\"150\" height=\"150\" src=\"https:\/\/www.radiopiu.net\/wordpress\/wp-content\/uploads\/2024\/01\/415994126_867054982090739_4019792900129933995_n-150x150.jpg\" class=\"attachment-thumbnail size-thumbnail\" alt=\"\" \/><\/a>\n\t\t\t\t<\/dt><\/dl><dl class='gallery-item'>\n\t\t\t\t<dt class='gallery-icon landscape'>\n\t\t\t\t\t<a class=\"rollover rollover-zoom dt-pswp-item\" title=\"416029017_867054975424073_9106874044391777795_n\" data-dt-img-description=\"\" data-large_image_width=\"1080\" data-large_image_height=\"607\"href='https:\/\/www.radiopiu.net\/wordpress\/wp-content\/uploads\/2024\/01\/416029017_867054975424073_9106874044391777795_n.jpg'><img loading=\"lazy\" decoding=\"async\" width=\"150\" height=\"150\" src=\"https:\/\/www.radiopiu.net\/wordpress\/wp-content\/uploads\/2024\/01\/416029017_867054975424073_9106874044391777795_n-150x150.jpg\" class=\"attachment-thumbnail size-thumbnail\" alt=\"\" \/><\/a>\n\t\t\t\t<\/dt><\/dl><dl class='gallery-item'>\n\t\t\t\t<dt class='gallery-icon landscape'>\n\t\t\t\t\t<a class=\"rollover rollover-zoom dt-pswp-item\" title=\"415995755_867054978757406_6125821575532914676_n\" data-dt-img-description=\"\" data-large_image_width=\"1080\" data-large_image_height=\"607\"href='https:\/\/www.radiopiu.net\/wordpress\/wp-content\/uploads\/2024\/01\/415995755_867054978757406_6125821575532914676_n.jpg'><img loading=\"lazy\" decoding=\"async\" width=\"150\" height=\"150\" src=\"https:\/\/www.radiopiu.net\/wordpress\/wp-content\/uploads\/2024\/01\/415995755_867054978757406_6125821575532914676_n-150x150.jpg\" class=\"attachment-thumbnail size-thumbnail\" alt=\"\" \/><\/a>\n\t\t\t\t<\/dt><\/dl><dl class='gallery-item'>\n\t\t\t\t<dt class='gallery-icon landscape'>\n\t\t\t\t\t<a class=\"rollover rollover-zoom dt-pswp-item\" title=\"416014613_867054985424072_7661622666150362863_n\" data-dt-img-description=\"\" data-large_image_width=\"1080\" data-large_image_height=\"607\"href='https:\/\/www.radiopiu.net\/wordpress\/wp-content\/uploads\/2024\/01\/416014613_867054985424072_7661622666150362863_n.jpg'><img loading=\"lazy\" decoding=\"async\" width=\"150\" height=\"150\" src=\"https:\/\/www.radiopiu.net\/wordpress\/wp-content\/uploads\/2024\/01\/416014613_867054985424072_7661622666150362863_n-150x150.jpg\" class=\"attachment-thumbnail size-thumbnail\" alt=\"\" \/><\/a>\n\t\t\t\t<\/dt><\/dl><br style=\"clear: both\" \/>\n\t\t\t<\/div>\n\n<p>&nbsp;<\/p>\n<hr \/>\n<p>&nbsp;<\/p>\n<blockquote>\n<h3>RIPRENDONO I LAVORI ALLA MEDIATECA DELLE DOLOMITI A PALAZZO CREPADONA<\/h3>\n<\/blockquote>\n<p><strong><a class=\"dt-pswp-item\" href=\"https:\/\/www.radiopiu.net\/wordpress\/wp-content\/uploads\/2024\/01\/8d15c84a-47f9-4f63-b302-6f0ce54da4be.jpg\" data-dt-img-description=\"\" data-large_image_width=\"1600\" data-large_image_height=\"1066\"><img loading=\"lazy\" decoding=\"async\" class=\" wp-image-369094 alignleft\" src=\"https:\/\/www.radiopiu.net\/wordpress\/wp-content\/uploads\/2024\/01\/8d15c84a-47f9-4f63-b302-6f0ce54da4be-300x200.jpg\" alt=\"\" width=\"180\" height=\"120\" srcset=\"https:\/\/www.radiopiu.net\/wordpress\/wp-content\/uploads\/2024\/01\/8d15c84a-47f9-4f63-b302-6f0ce54da4be-300x200.jpg 300w, https:\/\/www.radiopiu.net\/wordpress\/wp-content\/uploads\/2024\/01\/8d15c84a-47f9-4f63-b302-6f0ce54da4be-1024x682.jpg 1024w, https:\/\/www.radiopiu.net\/wordpress\/wp-content\/uploads\/2024\/01\/8d15c84a-47f9-4f63-b302-6f0ce54da4be-768x512.jpg 768w, https:\/\/www.radiopiu.net\/wordpress\/wp-content\/uploads\/2024\/01\/8d15c84a-47f9-4f63-b302-6f0ce54da4be-1536x1023.jpg 1536w, https:\/\/www.radiopiu.net\/wordpress\/wp-content\/uploads\/2024\/01\/8d15c84a-47f9-4f63-b302-6f0ce54da4be.jpg 1600w\" sizes=\"auto, (max-width: 180px) 100vw, 180px\" \/><\/a>BELLUNO<\/strong> Sar\u00e0 il 2024 il ritorno della Biblioteca Civica di Belluno nella sua sede storica di Palazzo Crepadona. Con il nuovo anno, riprendono i lavori per il completamento della Mediateca delle Dolomiti.<\/p>\n<p><strong>DI DANIELE DALVIT<\/strong><\/p>\n<audio class=\"wp-audio-shortcode\" id=\"audio-368979-6\" preload=\"none\" style=\"width: 100%;\" controls=\"controls\"><source type=\"audio\/mpeg\" src=\"https:\/\/www.radiopiu.net\/wordpress\/wp-content\/uploads\/2024\/01\/Radio-Piu-Servizio-Ritorno-biblioteca-2024.mp3?_=6\" \/><a href=\"https:\/\/www.radiopiu.net\/wordpress\/wp-content\/uploads\/2024\/01\/Radio-Piu-Servizio-Ritorno-biblioteca-2024.mp3\">https:\/\/www.radiopiu.net\/wordpress\/wp-content\/uploads\/2024\/01\/Radio-Piu-Servizio-Ritorno-biblioteca-2024.mp3<\/a><\/audio>\n<p>&nbsp;<\/p>\n<p>&nbsp;<\/p>\n<p>&nbsp;<\/p>\n<hr \/>\n<p>&nbsp;<\/p>\n<blockquote>\n<h2>EssilorLuxottica per la prima volta al CES di Las Vegas<\/h2>\n<\/blockquote>\n<p>&nbsp;<\/p>\n<p><strong><img loading=\"lazy\" decoding=\"async\" class=\"alignleft\" src=\"https:\/\/www.radiopiu.net\/wordpress\/wp-content\/uploads\/2023\/10\/1-EssilorLuxottica.jpg.jpg\" width=\"150\" height=\"100\" \/>AGORDO<\/strong> EssilorLuxottica sar\u00e0 presente per la prima volta al Consumer Electronics Show (CES) che si svolge a Las Vegas dal 9 al 12 gennaio 2024, per presentare le ultime novit\u00e0 del Gruppo nel campo dell\u2019elettronica di consumo. \u00a0Quasi 50 anni fa, EssilorLuxottica ha rimosso lo stigma legato all\u2019occhiale da vista, trasformando quello che era percepito solo come un dispositivo medico in un accessorio moda. Da allora, l&#8217;azienda ha reinventato quello che un paio di occhiali pu\u00f2 fare per chi li indossa.<\/p>\n<p>&nbsp;<\/p>\n<blockquote>\n<h3>Al CES, EssilorLuxottica presenter\u00e0 anche i Ray-Ban Meta, gli occhiali iconici con fotocamera integrata<\/h3>\n<p><em>\u201cGrazie a un\u2019esperienza decennale nel campo degli smart glasses, abbiamo affinato le nostre competenze in diversi ambiti, dalla ricerca e sviluppo alla produzione fino alla distribuzione, con importanti partnership e nuovi prodotti, come il recente lancio dei Ray-Ban Meta. Al CES, saremo tra i principali innovatori a livello mondiale con un prodotto, Nuance Audio, che ha il potenziale per migliorare la qualit\u00e0 della vita di oltre un miliardo di persone\u201d<\/em>, ha detto Francesco Milleri, Presidente e Amministratore Delegato di EssilorLuxottica.<\/p><\/blockquote>\n<p>&nbsp;<\/p>\n<p>&nbsp;<\/p>\n<hr \/>\n<p>&nbsp;<\/p>\n<blockquote>\n<h3>LIBERA AGORDINO DONA 816 EURO A BELLUNO DONNA<\/h3>\n<\/blockquote>\n<p><strong><a class=\"dt-pswp-item\" href=\"https:\/\/www.radiopiu.net\/wordpress\/wp-content\/uploads\/2023\/06\/LIBERA-AGORDINO.jpg\" data-dt-img-description=\"\" data-large_image_width=\"640\" data-large_image_height=\"640\"><img loading=\"lazy\" decoding=\"async\" class=\" wp-image-338852 alignleft\" src=\"https:\/\/www.radiopiu.net\/wordpress\/wp-content\/uploads\/2023\/06\/LIBERA-AGORDINO-300x300.jpg\" alt=\"\" width=\"148\" height=\"148\" srcset=\"https:\/\/www.radiopiu.net\/wordpress\/wp-content\/uploads\/2023\/06\/LIBERA-AGORDINO-300x300.jpg 300w, https:\/\/www.radiopiu.net\/wordpress\/wp-content\/uploads\/2023\/06\/LIBERA-AGORDINO-150x150.jpg 150w, https:\/\/www.radiopiu.net\/wordpress\/wp-content\/uploads\/2023\/06\/LIBERA-AGORDINO.jpg 640w\" sizes=\"auto, (max-width: 148px) 100vw, 148px\" \/><\/a>AGORDO<\/strong><\/p>\n<p>DI GIANNI SANTOMASO<\/p>\n<audio class=\"wp-audio-shortcode\" id=\"audio-368979-7\" preload=\"none\" style=\"width: 100%;\" controls=\"controls\"><source type=\"audio\/mpeg\" src=\"https:\/\/www.radiopiu.net\/wordpress\/wp-content\/uploads\/2024\/01\/GIANNI-LIBERA-AGORDINO-DONA-816-EURO-A-BELLUNO-DONNA.mp3?_=7\" \/><a href=\"https:\/\/www.radiopiu.net\/wordpress\/wp-content\/uploads\/2024\/01\/GIANNI-LIBERA-AGORDINO-DONA-816-EURO-A-BELLUNO-DONNA.mp3\">https:\/\/www.radiopiu.net\/wordpress\/wp-content\/uploads\/2024\/01\/GIANNI-LIBERA-AGORDINO-DONA-816-EURO-A-BELLUNO-DONNA.mp3<\/a><\/audio>\n<p>&nbsp;<\/p>\n<hr \/>\n<p>&nbsp;<\/p>\n<blockquote>\n<h3>OPERATIVI I MODULI PREFABBRICATI ALL&#8217;ISTITUTO RENIER<\/h3>\n<\/blockquote>\n<p><strong>BELLUNO<\/strong> Gli studenti dell&#8217;Istituto Renier sono entrati oggi nei nuovi moduli prefabbricati, sostituendo le aule utilizzate precedentemente. La Provincia ha investito 1,4 milioni di euro in queste strutture per fornire spazi accoglienti agli studenti e minimizzare l&#8217;interferenza tra lavori edili e attivit\u00e0 didattica, rispondendo alle esigenze sollevate dall&#8217;istituto di Mier. La dirigente scolastica Viola Anesin e il suo staff hanno collaborato con la Provincia per facilitare il processo, consentendo agli studenti di riprendere le lezioni dopo la pausa natalizia in aule accoglienti.<\/p>\n<p>&nbsp;<\/p>\n<blockquote>\n<h3 class=\"_title post-title entry-title\">NUOVA VITA PER IL \u2018LOLLINO\u2019 GRAZIE A \u2018SCUOLE PER CRESCERE\u2019<\/h3>\n<\/blockquote>\n<p><strong><span style=\"color: #ff0000;\">IERI SERA DAL TG BELLUNESE DI ANTENNA 3, ORE 19.30 CANALE 10 DIGITALE TERRESTRE. E OGNI SERA ALLE 19 SU RADIO PIU&#8217; LE ANTICIPAZIONI<\/span><\/strong><\/p>\n<p>Intervistati DON GIUSEPPE BRATTI (PRESIDE LICEO LOLLINO) (Servizio di\u00a0<a href=\"https:\/\/antennatre.medianordest.it\/redazione\/Fabio-Fioravanzi\/\">Fabio Fioravanzi<\/a>)<\/p>\n<p><iframe loading=\"lazy\" title=\"NUOVA VITA PER IL &#039;LOLLINO&#039; GRAZIE A &#039;SCUOLE PER CRESCERE&#039; | 08\/01\/2024\" width=\"1200\" height=\"675\" src=\"https:\/\/www.youtube.com\/embed\/WeeDm7084hw?feature=oembed\" frameborder=\"0\" allow=\"accelerometer; autoplay; clipboard-write; encrypted-media; gyroscope; picture-in-picture; web-share\" allowfullscreen><\/iframe><\/p>\n<p>&nbsp;<\/p>\n<p>&nbsp;<\/p>\n<hr \/>\n<p>&nbsp;<\/p>\n<blockquote>\n<h3><a class=\"dt-pswp-item\" href=\"https:\/\/www.radiopiu.net\/wordpress\/wp-content\/uploads\/2024\/01\/Senza-nome-22.png\" data-dt-img-description=\"\" data-large_image_width=\"290\" data-large_image_height=\"229\"><img loading=\"lazy\" decoding=\"async\" class=\"wp-image-369063 alignleft\" src=\"https:\/\/www.radiopiu.net\/wordpress\/wp-content\/uploads\/2024\/01\/Senza-nome-22.png\" alt=\"\" width=\"190\" height=\"150\" \/><\/a>MONTAGNE IN CAMBIAMENTO, IL CONVEGNO<\/h3>\n<p><em>Un viaggio nella transizione ecologica dolomitica<\/em><\/p><\/blockquote>\n<p><strong>BELLUNO<\/strong> Il 12 gennaio dalle 9 si terr\u00e0 il convegno &#8220;Montagne in cambiamento&#8221; presso la Camera di Commercio di Belluno, organizzato da Irene Da Ros del DISPES di Trieste in collaborazione con &#8220;Scuole in rete per un mondo di solidariet\u00e0 e di pace&#8221; di Belluno. Sponsorizzato da &#8220;Banca Prealpi San Biagio&#8221; con il progetto &#8220;Noi per Noi&#8221;.\u00a0 L&#8217;evento affronter\u00e0 la transizione ecologica dolomitica con relatori universitari, figure economico-sociali, e culturali-istituzionali. La giornata culminer\u00e0 con la proiezione del film &#8220;In sostenibile&#8221; e un panel serale focalizzato sul turismo nella &#8220;Transizione ecologica dolomitica&#8221;.<\/p>\n<p>&nbsp;<\/p>\n<p>&nbsp;<\/p>\n<hr \/>\n<p>&nbsp;<\/p>\n<blockquote>\n<h3>I CONSIGLIERI DEL PD TROVANO INSUFFICIENTE IL BANDO PER GLI INFERMIERI DELLA REGIONE<\/h3>\n<\/blockquote>\n<p><strong><a class=\"dt-pswp-item\" href=\"https:\/\/www.radiopiu.net\/wordpress\/wp-content\/uploads\/2021\/11\/INFERMIERE-OSS.png\" data-dt-img-description=\"\" data-large_image_width=\"1784\" data-large_image_height=\"1068\"><img loading=\"lazy\" decoding=\"async\" class=\" wp-image-242263 alignleft\" src=\"https:\/\/www.radiopiu.net\/wordpress\/wp-content\/uploads\/2021\/11\/INFERMIERE-OSS-300x180.png\" alt=\"\" width=\"177\" height=\"106\" srcset=\"https:\/\/www.radiopiu.net\/wordpress\/wp-content\/uploads\/2021\/11\/INFERMIERE-OSS-300x180.png 300w, https:\/\/www.radiopiu.net\/wordpress\/wp-content\/uploads\/2021\/11\/INFERMIERE-OSS-1024x613.png 1024w, https:\/\/www.radiopiu.net\/wordpress\/wp-content\/uploads\/2021\/11\/INFERMIERE-OSS-768x460.png 768w, https:\/\/www.radiopiu.net\/wordpress\/wp-content\/uploads\/2021\/11\/INFERMIERE-OSS-1536x920.png 1536w, https:\/\/www.radiopiu.net\/wordpress\/wp-content\/uploads\/2021\/11\/INFERMIERE-OSS.png 1784w\" sizes=\"auto, (max-width: 177px) 100vw, 177px\" \/><\/a>VENEZIA<\/strong> I consiglieri regionali del PD Veneto criticano il bando di 439 posti per infermieri nelle Ulss venete, definendolo un palliativo insufficiente per affrontare la carenza di figure professionali e sottolineano la mancanza di investimenti per rendere pi\u00f9 attrattive le posizioni nel settore sanitario pubblico. Contestano la distribuzione disomogenea dei posti tra le Ulss e respingono l&#8217;argomento che un aumento di posti possa svuotare di infermieri le Rsa. Concludono dichiarando che la regione deve intervenire per migliorare le condizioni lavorative e affrontare il depauperamento progressivo del settore sanitario.<\/p>\n<p>&nbsp;<\/p>\n<p>&nbsp;<\/p>\n<hr \/>\n<p>&nbsp;<\/p>\n<blockquote>\n<h3>L&#8217; EVENTO INVERNALE DEL GRUPPO ALPINI<\/h3>\n<\/blockquote>\n<p><strong>PONTE NELLE ALPI<\/strong>\u00a0 Il Gruppo Alpini di Ponte nelle Alpi &#8211; Soverzene lo scorso 6 gennaio ha proposto il raduno invernale, nella sua 64\u00aa edizione,\u00a0 presso il monumento ai caduti di Santa Caterina. Durante la cerimonia, rappresentanze di Gruppi Alpini hanno deposto una corona in memoria delle vittime di guerre. Il capogruppo Mario Dall\u2019Anese ha illustrato le attivit\u00e0 svolte nel 2023, elencando il volontariato in Protezione civile, la raccolta alimentare, il ripristino di sentieri e giornate ecologiche. La presenza dei sindaci e i finanziamenti per la sede evidenziano l&#8217;apprezzamento delle comunit\u00e0 per il contributo degli Alpini.<\/p>\n\n\t\t\t<style type='text\/css'>\n\t\t\t\t#gallery-6 {\n\t\t\t\t\tmargin: auto;\n\t\t\t\t}\n\t\t\t\t#gallery-6 .gallery-item {\n\t\t\t\t\tfloat: left;\n\t\t\t\t\tmargin-top: 10px;\n\t\t\t\t\ttext-align: center;\n\t\t\t\t\twidth: 25%;\n\t\t\t\t}\n\t\t\t\t#gallery-6 img {\n\t\t\t\t\tborder: 2px solid #cfcfcf;\n\t\t\t\t}\n\t\t\t\t#gallery-6 .gallery-caption {\n\t\t\t\t\tmargin-left: 0;\n\t\t\t\t}\n\t\t\t\t\/* see gallery_shortcode() in wp-includes\/media.php *\/\n\t\t\t<\/style>\n\t\t<div id='gallery-6' class='dt-gallery-container gallery galleryid-368979 gallery-columns-4 gallery-size-thumbnail'><dl class='gallery-item'>\n\t\t\t\t<dt class='gallery-icon landscape'>\n\t\t\t\t\t<a class=\"rollover rollover-zoom dt-pswp-item\" title=\"Raduno_2\" data-dt-img-description=\"\" data-large_image_width=\"1024\" data-large_image_height=\"768\"href='https:\/\/www.radiopiu.net\/wordpress\/wp-content\/uploads\/2024\/01\/Raduno_2.jpg'><img loading=\"lazy\" decoding=\"async\" width=\"150\" height=\"150\" src=\"https:\/\/www.radiopiu.net\/wordpress\/wp-content\/uploads\/2024\/01\/Raduno_2-150x150.jpg\" class=\"attachment-thumbnail size-thumbnail\" alt=\"\" \/><\/a>\n\t\t\t\t<\/dt><\/dl><dl class='gallery-item'>\n\t\t\t\t<dt class='gallery-icon landscape'>\n\t\t\t\t\t<a class=\"rollover rollover-zoom dt-pswp-item\" title=\"Raduno_1\" data-dt-img-description=\"\" data-large_image_width=\"1024\" data-large_image_height=\"768\"href='https:\/\/www.radiopiu.net\/wordpress\/wp-content\/uploads\/2024\/01\/Raduno_1.jpg'><img loading=\"lazy\" decoding=\"async\" width=\"150\" height=\"150\" src=\"https:\/\/www.radiopiu.net\/wordpress\/wp-content\/uploads\/2024\/01\/Raduno_1-150x150.jpg\" class=\"attachment-thumbnail size-thumbnail\" alt=\"\" \/><\/a>\n\t\t\t\t<\/dt><\/dl><dl class='gallery-item'>\n\t\t\t\t<dt class='gallery-icon landscape'>\n\t\t\t\t\t<a class=\"rollover rollover-zoom dt-pswp-item\" title=\"Raduno_4\" data-dt-img-description=\"\" data-large_image_width=\"1024\" data-large_image_height=\"768\"href='https:\/\/www.radiopiu.net\/wordpress\/wp-content\/uploads\/2024\/01\/Raduno_4.jpg'><img loading=\"lazy\" decoding=\"async\" width=\"150\" height=\"150\" src=\"https:\/\/www.radiopiu.net\/wordpress\/wp-content\/uploads\/2024\/01\/Raduno_4-150x150.jpg\" class=\"attachment-thumbnail size-thumbnail\" alt=\"\" \/><\/a>\n\t\t\t\t<\/dt><\/dl><dl class='gallery-item'>\n\t\t\t\t<dt class='gallery-icon landscape'>\n\t\t\t\t\t<a class=\"rollover rollover-zoom dt-pswp-item\" title=\"Raduno_3\" data-dt-img-description=\"\" data-large_image_width=\"1024\" data-large_image_height=\"768\"href='https:\/\/www.radiopiu.net\/wordpress\/wp-content\/uploads\/2024\/01\/Raduno_3.jpg'><img loading=\"lazy\" decoding=\"async\" width=\"150\" height=\"150\" src=\"https:\/\/www.radiopiu.net\/wordpress\/wp-content\/uploads\/2024\/01\/Raduno_3-150x150.jpg\" class=\"attachment-thumbnail size-thumbnail\" alt=\"\" \/><\/a>\n\t\t\t\t<\/dt><\/dl><br style=\"clear: both\" \/>\n\t\t\t<\/div>\n\n<p>&nbsp;<\/p>\n<p>&nbsp;<\/p>\n<hr \/>\n<p>&nbsp;<\/p>\n<blockquote>\n<h3>SIMICO RISPONDE ALL&#8217;AMINISTRAZIONE DI CORTINA SULLE TEMPISTICHE DELLE OPERE IN PROGRAMMA<\/h3>\n<\/blockquote>\n<p><strong>CORTINA<\/strong> Il Comune di Cortina d&#8217;Ampezzo ha comunicato la risposta arrivata dal Commissario Ing. Luigi Sant&#8217;Andre in merito alle richieste richieste dell&#8217;Amministrazione su opere e alle tempistiche della Societ\u00e0 Simico. &#8220;Questa risposta tempestiva &#8211; si legge in una nota &#8211; \u00e8 un segno di ottima collaborazione e condivisione tra le parti coinvolte&#8221; .<\/p>\n<p><strong>PER LE TRE RADIO, BARBARA PAOLAZZI (CLUB 103)<\/strong><\/p>\n<audio class=\"wp-audio-shortcode\" id=\"audio-368979-8\" preload=\"none\" style=\"width: 100%;\" controls=\"controls\"><source type=\"audio\/mpeg\" src=\"https:\/\/www.radiopiu.net\/wordpress\/wp-content\/uploads\/2024\/01\/PAOLAZZI-SIMICO-RISPONDE-ALLAMINISTRAZIONE-DI-CORTINA-SULLE-TEMPISTICHE-DELLE-OPERE-IN-PROGRAMMA.mp3?_=8\" \/><a href=\"https:\/\/www.radiopiu.net\/wordpress\/wp-content\/uploads\/2024\/01\/PAOLAZZI-SIMICO-RISPONDE-ALLAMINISTRAZIONE-DI-CORTINA-SULLE-TEMPISTICHE-DELLE-OPERE-IN-PROGRAMMA.mp3\">https:\/\/www.radiopiu.net\/wordpress\/wp-content\/uploads\/2024\/01\/PAOLAZZI-SIMICO-RISPONDE-ALLAMINISTRAZIONE-DI-CORTINA-SULLE-TEMPISTICHE-DELLE-OPERE-IN-PROGRAMMA.mp3<\/a><\/audio>\n<p>&nbsp;<\/p>\n\n\t\t\t<style type='text\/css'>\n\t\t\t\t#gallery-7 {\n\t\t\t\t\tmargin: auto;\n\t\t\t\t}\n\t\t\t\t#gallery-7 .gallery-item {\n\t\t\t\t\tfloat: left;\n\t\t\t\t\tmargin-top: 10px;\n\t\t\t\t\ttext-align: center;\n\t\t\t\t\twidth: 33%;\n\t\t\t\t}\n\t\t\t\t#gallery-7 img {\n\t\t\t\t\tborder: 2px solid #cfcfcf;\n\t\t\t\t}\n\t\t\t\t#gallery-7 .gallery-caption {\n\t\t\t\t\tmargin-left: 0;\n\t\t\t\t}\n\t\t\t\t\/* see gallery_shortcode() in wp-includes\/media.php *\/\n\t\t\t<\/style>\n\t\t<div id='gallery-7' class='dt-gallery-container gallery galleryid-368979 gallery-columns-3 gallery-size-thumbnail'><dl class='gallery-item'>\n\t\t\t\t<dt class='gallery-icon landscape'>\n\t\t\t\t\t<a class=\"rollover rollover-zoom dt-pswp-item\" title=\"62373884-c41b-4c6b-9496-f31e446f817a\" data-dt-img-description=\"\" data-large_image_width=\"930\" data-large_image_height=\"620\"href='https:\/\/www.radiopiu.net\/wordpress\/wp-content\/uploads\/2024\/01\/62373884-c41b-4c6b-9496-f31e446f817a.jpg'><img loading=\"lazy\" decoding=\"async\" width=\"150\" height=\"150\" src=\"https:\/\/www.radiopiu.net\/wordpress\/wp-content\/uploads\/2024\/01\/62373884-c41b-4c6b-9496-f31e446f817a-150x150.jpg\" class=\"attachment-thumbnail size-thumbnail\" alt=\"\" \/><\/a>\n\t\t\t\t<\/dt><\/dl><dl class='gallery-item'>\n\t\t\t\t<dt class='gallery-icon portrait'>\n\t\t\t\t\t<a class=\"rollover rollover-zoom dt-pswp-item\" title=\"7051fffd-0623-42a9-b74f-2a73b24a00d4\" data-dt-img-description=\"\" data-large_image_width=\"932\" data-large_image_height=\"1004\"href='https:\/\/www.radiopiu.net\/wordpress\/wp-content\/uploads\/2024\/01\/7051fffd-0623-42a9-b74f-2a73b24a00d4.jpg'><img loading=\"lazy\" decoding=\"async\" width=\"150\" height=\"150\" src=\"https:\/\/www.radiopiu.net\/wordpress\/wp-content\/uploads\/2024\/01\/7051fffd-0623-42a9-b74f-2a73b24a00d4-150x150.jpg\" class=\"attachment-thumbnail size-thumbnail\" alt=\"\" \/><\/a>\n\t\t\t\t<\/dt><\/dl><dl class='gallery-item'>\n\t\t\t\t<dt class='gallery-icon landscape'>\n\t\t\t\t\t<a class=\"rollover rollover-zoom dt-pswp-item\" title=\"316c47ac-fb7c-43da-ab40-62f72f58394f\" data-dt-img-description=\"\" data-large_image_width=\"930\" data-large_image_height=\"620\"href='https:\/\/www.radiopiu.net\/wordpress\/wp-content\/uploads\/2024\/01\/316c47ac-fb7c-43da-ab40-62f72f58394f.jpg'><img loading=\"lazy\" decoding=\"async\" width=\"150\" height=\"150\" src=\"https:\/\/www.radiopiu.net\/wordpress\/wp-content\/uploads\/2024\/01\/316c47ac-fb7c-43da-ab40-62f72f58394f-150x150.jpg\" class=\"attachment-thumbnail size-thumbnail\" alt=\"\" \/><\/a>\n\t\t\t\t<\/dt><\/dl><br style=\"clear: both\" \/>\n\t\t\t<\/div>\n\n<p>&nbsp;<\/p>\n<hr \/>\n<p>&nbsp;<\/p>\n<blockquote>\n<h3>IL PIANO DI RIQUALIFICAZIONE DELL&#8217;EX STAZIONE PREOCCUPA IL COMITATO CIVICO CORTINA<\/h3>\n<\/blockquote>\n<p><strong><a class=\"dt-pswp-item\" href=\"https:\/\/www.radiopiu.net\/wordpress\/wp-content\/uploads\/2023\/03\/MUNCIPIO-CORTINA.png\" data-dt-img-description=\"\" data-large_image_width=\"423\" data-large_image_height=\"367\"><img loading=\"lazy\" decoding=\"async\" class=\" wp-image-327577 alignleft\" src=\"https:\/\/www.radiopiu.net\/wordpress\/wp-content\/uploads\/2023\/03\/MUNCIPIO-CORTINA-300x260.png\" alt=\"\" width=\"159\" height=\"138\" srcset=\"https:\/\/www.radiopiu.net\/wordpress\/wp-content\/uploads\/2023\/03\/MUNCIPIO-CORTINA-300x260.png 300w, https:\/\/www.radiopiu.net\/wordpress\/wp-content\/uploads\/2023\/03\/MUNCIPIO-CORTINA.png 423w\" sizes=\"auto, (max-width: 159px) 100vw, 159px\" \/><\/a>CORTINA<\/strong> Il Comitato Civico Cortina ha inviato una lettera ai consiglieri comunali manifestando preoccupazione riguardo all&#8217;ipotesi di finanza di progetto per la riqualificazione dell&#8217;area &#8220;ex Stazione&#8221; di Cortina. Esprimono preoccupazione per la privatizzazione di un&#8217;area strategica e denunciano la speculazione edilizia proposta da un soggetto privato e sostenuta dall&#8217;Amministrazione comunale. Sottolineano la vendita di terreno pubblico e la violazione di vincoli storici e paesaggistici. Chiedono ai consiglieri di riflettere attentamente sulla decisione e sottolineano la responsabilit\u00e0 che grava su di loro in questa operazione che avr\u00e0 conseguenze sul futuro della comunit\u00e0 di Cortina d&#8217;Ampezzo.<\/p>\n<p>&nbsp;<\/p>\n<p>&nbsp;<\/p>\n<p>&nbsp;<\/p>\n<hr \/>\n<p>&nbsp;<\/p>\n<blockquote>\n<h3>ARIA D&#8217;INVERN, IL CONCORSO FOTOGRAFICO<\/h3>\n<\/blockquote>\n<p><strong>CENCENIGHE<\/strong> La Pro Loco di Cencenighe ha organizzato un concorso fotografico dal titolo &#8220;Aria D&#8217;Invern&#8221;. Chi volesse partecipare pu\u00f2 inviare gli scatti fino al 31 marzo alla mail ariadinvern@gmail.com seguiranno le premiazioni e, nel mese di luglio, l&#8217;esposizione delle foto al Nof Fil\u00f2. Regolamento completo sul sito www.prolococencenighe.it<\/p>\n<p>&nbsp;<\/p>\n<p>&nbsp;<\/p>\n<hr \/>\n<p>&nbsp;<\/p>\n<blockquote>\n<h3><span style=\"color: #000000;\">salute e societa&#8217;, con il dottor\u00a0 Marco Caracciolo, il lunedi alle 13.10\u00a0<\/span><\/h3>\n<p><strong>Diabete e Ambiente<\/strong><\/p>\n<p><a class=\"dt-pswp-item\" href=\"https:\/\/www.radiopiu.net\/wordpress\/wp-content\/uploads\/2024\/01\/84593040-8a4a-4ac1-9770-45fea95095c4.jpeg\" data-dt-img-description=\"\" data-large_image_width=\"800\" data-large_image_height=\"445\"><img loading=\"lazy\" decoding=\"async\" class=\"wp-image-369050 alignleft\" src=\"https:\/\/www.radiopiu.net\/wordpress\/wp-content\/uploads\/2024\/01\/84593040-8a4a-4ac1-9770-45fea95095c4-300x167.jpeg\" alt=\"\" width=\"217\" height=\"121\" srcset=\"https:\/\/www.radiopiu.net\/wordpress\/wp-content\/uploads\/2024\/01\/84593040-8a4a-4ac1-9770-45fea95095c4-300x167.jpeg 300w, https:\/\/www.radiopiu.net\/wordpress\/wp-content\/uploads\/2024\/01\/84593040-8a4a-4ac1-9770-45fea95095c4-768x427.jpeg 768w, https:\/\/www.radiopiu.net\/wordpress\/wp-content\/uploads\/2024\/01\/84593040-8a4a-4ac1-9770-45fea95095c4.jpeg 800w\" sizes=\"auto, (max-width: 217px) 100vw, 217px\" \/><\/a>Stili di vita sbagliati e inquinamento ambientale sono tra i principali determinanti dell\u2019insorgenza e della progressione del diabete tipo 2.<br \/>\nInnovazione e sostenibilit\u00e0 ambientale possono contribuire ad una gestione ottimale del diabete.<br \/>\nRete reumatologica \u201cHub &amp; Spoke\u201d<\/p>\n<p>Da Rimini, durante il congresso della Societ\u00e0 italiana di reumatologia, gli esperti lanciano l\u2019appello per la programmazione di una rete reumatologica a supporto delle diagnosi precoci.<\/p><\/blockquote>\n<audio class=\"wp-audio-shortcode\" id=\"audio-368979-9\" preload=\"none\" style=\"width: 100%;\" controls=\"controls\"><source type=\"audio\/mpeg\" src=\"https:\/\/www.radiopiu.net\/wordpress\/wp-content\/uploads\/2024\/01\/SALUTE-1.mp3?_=9\" \/><a href=\"https:\/\/www.radiopiu.net\/wordpress\/wp-content\/uploads\/2024\/01\/SALUTE-1.mp3\">https:\/\/www.radiopiu.net\/wordpress\/wp-content\/uploads\/2024\/01\/SALUTE-1.mp3<\/a><\/audio>\n<p>&nbsp;<\/p>\n<p>&nbsp;<\/p>\n<hr \/>\n<p>&nbsp;<\/p>\n<h2><span style=\"color: #ff0000;\">OGGI COME IERI di e con SILVIA BALDO<\/span><\/h2>\n<p><img decoding=\"async\" class=\"aligncenter\" src=\"https:\/\/www.radiopiu.net\/wordpress\/wp-content\/uploads\/2023\/09\/309000774_10222572118595513_7956305457803922499_n.jpg\" \/><\/p>\n<p><strong>PUNTATA 14 08 GENNAIO 2024<\/strong><\/p>\n<audio class=\"wp-audio-shortcode\" id=\"audio-368979-10\" preload=\"none\" style=\"width: 100%;\" controls=\"controls\"><source type=\"audio\/mpeg\" src=\"https:\/\/www.radiopiu.net\/wordpress\/wp-content\/uploads\/2024\/01\/SIBI.mp3?_=10\" \/><a href=\"https:\/\/www.radiopiu.net\/wordpress\/wp-content\/uploads\/2024\/01\/SIBI.mp3\">https:\/\/www.radiopiu.net\/wordpress\/wp-content\/uploads\/2024\/01\/SIBI.mp3<\/a><\/audio>\n<p>&nbsp;<\/p>\n<p><strong>LA RACCOLTA COMPLETA <a href=\"https:\/\/www.radiopiu.net\/wordpress\/alle-nove-oggi-come-ieri-di-e-con-silvia-baldo\/\">CLICCA QUI<\/a><\/strong><\/p>\n<p>&nbsp;<\/p>\n<h2><span style=\"color: #808000;\">PERITI MINERARI DALL\u2019AGORDINO AL MONDO<\/span><\/h2>\n<p><strong>REDAZIONE<\/strong> Continua la serie di racconti con i periti minerari agordini. Nelle prossime due puntate la storia di Mario Palla. I racconti dei periti minerari agordini che hanno lavorato nel mondo, ogni luned\u00ec alle 10:30 e alle 19 su Radio Pi\u00f9.<\/p>\n<p><iframe loading=\"lazy\" title=\"MARIO PALLA\" width=\"1200\" height=\"675\" src=\"https:\/\/www.youtube.com\/embed\/XGefNcjfWnA?feature=oembed\" frameborder=\"0\" allow=\"accelerometer; autoplay; clipboard-write; encrypted-media; gyroscope; picture-in-picture; web-share\" allowfullscreen><\/iframe><\/p>\n<p>&nbsp;<\/p>\n<p><strong>LA RACCOLTA COMPLETA <a href=\"https:\/\/www.radiopiu.net\/wordpress\/periti-minerari-dallagordino-al-mondo\/\">CLICCA QUI<\/a><\/strong><\/p>\n<p>&nbsp;<\/p>\n<h2><span style=\"color: #99cc00;\">I RACCONTI DI PAOLO SOPPELSA<\/span><\/h2>\n<p><strong>TEMPO D&#8217;INVERNO <\/strong><\/p>\n<p><strong>AUDIO<\/strong><\/p>\n<audio class=\"wp-audio-shortcode\" id=\"audio-368979-11\" preload=\"none\" style=\"width: 100%;\" controls=\"controls\"><source type=\"audio\/mpeg\" src=\"https:\/\/www.radiopiu.net\/wordpress\/wp-content\/uploads\/2024\/01\/PAOLOS.mp3?_=11\" \/><a href=\"https:\/\/www.radiopiu.net\/wordpress\/wp-content\/uploads\/2024\/01\/PAOLOS.mp3\">https:\/\/www.radiopiu.net\/wordpress\/wp-content\/uploads\/2024\/01\/PAOLOS.mp3<\/a><\/audio>\n<p>&nbsp;<\/p>\n<p><a class=\"dt-pswp-item\" href=\"https:\/\/www.radiopiu.net\/wordpress\/wp-content\/uploads\/2024\/01\/c0272e0e-2b31-4916-b868-e71a5b9cfe61.jpg\" data-dt-img-description=\"\" data-large_image_width=\"1600\" data-large_image_height=\"1200\"><img loading=\"lazy\" decoding=\"async\" class=\" wp-image-368946 alignleft\" src=\"https:\/\/www.radiopiu.net\/wordpress\/wp-content\/uploads\/2024\/01\/c0272e0e-2b31-4916-b868-e71a5b9cfe61-300x225.jpg\" alt=\"\" width=\"196\" height=\"147\" srcset=\"https:\/\/www.radiopiu.net\/wordpress\/wp-content\/uploads\/2024\/01\/c0272e0e-2b31-4916-b868-e71a5b9cfe61-300x225.jpg 300w, https:\/\/www.radiopiu.net\/wordpress\/wp-content\/uploads\/2024\/01\/c0272e0e-2b31-4916-b868-e71a5b9cfe61-1024x768.jpg 1024w, https:\/\/www.radiopiu.net\/wordpress\/wp-content\/uploads\/2024\/01\/c0272e0e-2b31-4916-b868-e71a5b9cfe61-768x576.jpg 768w, https:\/\/www.radiopiu.net\/wordpress\/wp-content\/uploads\/2024\/01\/c0272e0e-2b31-4916-b868-e71a5b9cfe61-1536x1152.jpg 1536w, https:\/\/www.radiopiu.net\/wordpress\/wp-content\/uploads\/2024\/01\/c0272e0e-2b31-4916-b868-e71a5b9cfe61.jpg 1600w\" sizes=\"auto, (max-width: 196px) 100vw, 196px\" \/><\/a>Gennaio era un mese duro, anche per quella gente di montagna che di lunghi inverni ne aveva vissuti tanti. Sei giorni ancora di festivit\u00e0 natalizie, poi la Befana avrebbe riempito le calze di semplici doni e poi sarebbe ripartita, portandosi via il clima di festa e pure i nipoti, che avrebbero lasciato il paese per ritornare alla loro vita di citt\u00e0. Lass\u00f9, nella frazione a mezzacosta, sarebbero rimasti solamente i freddi silenzi del luned\u00ec dell&#8217;anno a fare compagnia ai pochi anziani che vivevano la loro semplice vita di fronte al Pelsa. Ora avevano toccato il punto pi\u00f9 profondo dell&#8217;inverno, e non era solamente il calendario a rammentarlo, erano pure le cataste di legna che si riducevano di giorno in giorno e poi quel gelo delle notti limpide, quelle con infinite stelle nel cielo. Gennaio era cos\u00ec, se erano nuvole grigie che nascondevano le montagne, era quasi sicuramente neve, se al contrario era cielo puro, era freddo che bruciava la pelle e i polmoni. Un tempo lento da vivere, un tempo che sembrava infinito e una settimana pareva un anno, con quei giorni stanchi consumati in casa riempiendo di legna la cucina economica e spalando la neve quando decideva di nevicare. Di quei tempi ormai lontani di quando ero bambino, ricordo i prati arresi all&#8217;inverno e la pazienza di chi, lass\u00f9, trascorreva in silenzio quelle lunghe ore di gennaio. Rammento le domeniche umide e uggiose, grigie come la Ritmo che appena dopo pranzo partiva da Belluno e a volte incontrava la prima neve l\u00ec, dove la valle si stringeva e la Valbelluna diventava Agordino. Rivedo le fontane ghiacciate, il ghiaino sparso sull&#8217;asfalto della Provinciale di San Tomaso, il cappello grigio di pap\u00e0. E poi i cieli limpidi di certe sere che avevano dentro il profumo dei salami appesi in cantina, la lampadina da 30 watt con la sua luce giallina e stanca, il ronzio monotono del grande congelatore da poco riempito con la carne della &#8220;becaria&#8221;. Ritrovo la porta azzurra della cantina e le epiche stellate classiche delle lunghe e gelide notti di gennaio; quante stelle sopra la valle, ognuna con la propria luce ed il proprio posto nel cielo, veniva quasi voglia di contarle. Ricordo il caldo potente del fornel, i dormiveglia post giochi sulla neve, le parole in dialetto che in quei momenti erano echi lontani. E poi il giaccone di pap\u00e0, la sua pila di ferro, il sacchetto di plastica con dentro le catene da neve che formavano un groviglio inestricabile che lui riusciva a domare in pochi minuti. Ricordi di pali di legno rossi e blu posizionati a bordo strada e cumuli di neve sporca ammucchiata alla base del muro del sagrato della chiesa di Cencenighe. Era cos\u00ec, per me, quel tempo rallentato del profondo inverno di montagna, aveva dentro neve e stelle, cieli limpidi e cieli assenti, nuvole grigie e calore di legna di larice e faggio. Poi, quel tempo di maglioni di lana e dolcevite e calzamaglie sintetiche, si trascinava lentamente incontro a febbraio; dopo i severi giorni della merla, una nuova appena accennata dolcezza, un timido alito di pi\u00f9 lieve inverno, si sarebbe posato sulla valle e sui visi di chi, la domenica, mi avrebbe aspettato ancora una volta lass\u00f9.<\/p>\n<p>&nbsp;<\/p>\n<p>&nbsp;<\/p>\n<hr \/>\n<p>&nbsp;<\/p>\n<p>&nbsp;<\/p>\n<blockquote>\n<h2>LE PISTE&#8230; SULLA PORTA DI CASA<\/h2>\n<\/blockquote>\n<div>\n<div class=\"x1cy8zhl x78zum5 x1q0g3np xod5an3 x1pi30zi x1swvt13 xz9dl7a\">\n<div class=\"x1iyjqo2\">\n<div class=\"x78zum5 xdt5ytf xz62fqu x16ldp7u\">\n<div class=\"xu06os2 x1ok221b\">\n<h2 id=\":R1al9aqqd9emhpapd5aq:\" class=\"x1heor9g x1qlqyl8 x1pd3egz x1a2a7pz x1gslohp x1yc453h\"><span class=\"x193iq5w xeuugli x13faqbe x1vvkbs x1xmvt09 x6prxxf xvq8zen xo1l8bm xi81zsa\"><strong><a class=\"dt-pswp-item\" href=\"https:\/\/www.radiopiu.net\/wordpress\/wp-content\/uploads\/2024\/01\/416115755_781404010669020_236056682682557113_n-1.jpg\" data-dt-img-description=\"\" data-large_image_width=\"768\" data-large_image_height=\"1024\"><img loading=\"lazy\" decoding=\"async\" class=\" wp-image-369192 alignleft\" src=\"https:\/\/www.radiopiu.net\/wordpress\/wp-content\/uploads\/2024\/01\/416115755_781404010669020_236056682682557113_n-1-225x300.jpg\" alt=\"\" width=\"142\" height=\"189\" srcset=\"https:\/\/www.radiopiu.net\/wordpress\/wp-content\/uploads\/2024\/01\/416115755_781404010669020_236056682682557113_n-1-225x300.jpg 225w, https:\/\/www.radiopiu.net\/wordpress\/wp-content\/uploads\/2024\/01\/416115755_781404010669020_236056682682557113_n-1.jpg 768w\" sizes=\"auto, (max-width: 142px) 100vw, 142px\" \/><\/a>Aurine SKI Dolomiti -Progetto Desma <\/strong><\/span><strong><a class=\"x1i10hfl xjbqb8w x6umtig x1b1mbwd xaqea5y xav7gou x9f619 x1ypdohk xt0psk2 xe8uvvx xdj266r x11i5rnm xat24cr x1mh8g0r xexx8yu x4uap5 x18d9i69 xkhd6sd x16tdsg8 x1hl2dhg xggy1nq x1a2a7pz xt0b8zv xzsf02u x1s688f\" tabindex=\"0\" role=\"link\" href=\"https:\/\/www.facebook.com\/aurineskidolomiti?__cft__[0]=AZXSmHr83SUuJT0u4kVMSvLZyFo58012vDZQz2S9NoUpe9MsUBxfpeLpjB-1OoVs-G6CFBOMyk-HwUGAJFyotDcmMB8tqVOt4ppZp7H1Nhm_9AbxGcAKPdaj0NRByIDsgxLcHrLDuU1XYg3AAgvwT-9s&amp;__tn__=-]C%2CP-R\"><span class=\"xt0psk2\">&#8211;<\/span><\/a><\/strong>.<\/h2>\n<\/div>\n<div class=\"xu06os2 x1ok221b\">NUOVE APERTURE E NUOVI ORARI: &#8211; LUNEDI : Chiuso &#8211; MARTEDI : Chiuso &#8211; MERCOLEDI : 13:00-16:30 \/ 19:30-22:00 &#8211; GIOVEDI : 13:00-16:30 &#8211; VENERDI : 13:00-16:30 &#8211; SABATO : 9:00 &#8211; 16.30 &#8211; DOMENICA : 9:00 &#8211; 16.30 AD OGGI LA SITUAZIONE PISTE: &#8211; CAMPO SCUOLA <span class=\"x3nfvp2 x1j61x8r x1fcty0u xdj266r xhhsvwb xat24cr xgzva0m xxymvpz xlup9mm x1kky2od\"><img loading=\"lazy\" decoding=\"async\" class=\"xz74otr\" src=\"https:\/\/static.xx.fbcdn.net\/images\/emoji.php\/v9\/t55\/1.5\/16\/1f7e2.png\" alt=\"&#x1f7e2;\" width=\"16\" height=\"16\" \/><\/span><\/div>\n<\/div>\n<\/div>\n<\/div>\n<\/div>\n<div>\n<div class=\"\" dir=\"auto\">\n<div id=\":R1al9aqqd9emhpapd5aqH2:\" class=\"x1iorvi4 x1pi30zi x1l90r2v x1swvt13\" data-ad-comet-preview=\"message\" data-ad-preview=\"message\">\n<div class=\"x78zum5 xdt5ytf xz62fqu x16ldp7u\">\n<div class=\"xu06os2 x1ok221b\">\n<div class=\"x11i5rnm xat24cr x1mh8g0r x1vvkbs xtlvy1s x126k92a\">\n<div dir=\"auto\">&#8211; GARDELINA <span class=\"x3nfvp2 x1j61x8r x1fcty0u xdj266r xhhsvwb xat24cr xgzva0m xxymvpz xlup9mm x1kky2od\"><img loading=\"lazy\" decoding=\"async\" class=\"xz74otr\" src=\"https:\/\/static.xx.fbcdn.net\/images\/emoji.php\/v9\/t55\/1.5\/16\/1f7e2.png\" alt=\"&#x1f7e2;\" width=\"16\" height=\"16\" \/> <\/span>&#8211; BEPI <span class=\"x3nfvp2 x1j61x8r x1fcty0u xdj266r xhhsvwb xat24cr xgzva0m xxymvpz xlup9mm x1kky2od\"><img loading=\"lazy\" decoding=\"async\" class=\"xz74otr\" src=\"https:\/\/static.xx.fbcdn.net\/images\/emoji.php\/v9\/t55\/1.5\/16\/1f7e2.png\" alt=\"&#x1f7e2;\" width=\"16\" height=\"16\" \/> <\/span>&#8211; GEMINI <span class=\"x3nfvp2 x1j61x8r x1fcty0u xdj266r xhhsvwb xat24cr xgzva0m xxymvpz xlup9mm x1kky2od\"><img loading=\"lazy\" decoding=\"async\" class=\"xz74otr\" src=\"https:\/\/static.xx.fbcdn.net\/images\/emoji.php\/v9\/tc7\/1.5\/16\/1f534.png\" alt=\"&#x1f534;\" width=\"16\" height=\"16\" \/> <\/span>Se le temperature ce lo permetteranno in pochi giorni sar\u00e0 completata anche la parte alta con l&#8217;apertura della sciovia Gardelon. RISTOBAR GHEGY<\/div>\n<\/div>\n<div class=\"x11i5rnm xat24cr x1mh8g0r x1vvkbs xtlvy1s x126k92a\">\n<div dir=\"auto\">&#8211; Dal Mercoled\u00ec al Venerd\u00ec aperto dall&#8217;ora di pranzo. &#8211; Mercoled\u00ec sera anche a cena con i panini GOURMET. &#8211; Sabato e Domenica 8:30 &#8211; 18.30.<\/div>\n<\/div>\n<\/div>\n<\/div>\n<\/div>\n<\/div>\n<\/div>\n<p>&nbsp;<\/p>\n<p>&nbsp;<\/p>\n<p>&nbsp;<\/p>\n<hr \/>\n<p>&nbsp;<\/p>\n<p>&nbsp;<\/p>\n<p><a class=\"dt-pswp-item\" href=\"https:\/\/www.radiopiu.net\/wordpress\/wp-content\/uploads\/2024\/01\/Senza-nome-19.png\" data-dt-img-description=\"\" data-large_image_width=\"387\" data-large_image_height=\"84\"><img loading=\"lazy\" decoding=\"async\" class=\"wp-image-368996 size-full aligncenter\" src=\"https:\/\/www.radiopiu.net\/wordpress\/wp-content\/uploads\/2024\/01\/Senza-nome-19.png\" alt=\"\" width=\"387\" height=\"84\" srcset=\"https:\/\/www.radiopiu.net\/wordpress\/wp-content\/uploads\/2024\/01\/Senza-nome-19.png 387w, https:\/\/www.radiopiu.net\/wordpress\/wp-content\/uploads\/2024\/01\/Senza-nome-19-300x65.png 300w\" sizes=\"auto, (max-width: 387px) 100vw, 387px\" \/><\/a><\/p>\n<p>&nbsp;<\/p>\n<hr \/>\n<p>&nbsp;<\/p>\n<p>&nbsp;<\/p>\n<div class=\"moz-text-html\" lang=\"x-western\">\n<div dir=\"ltr\">\n<blockquote>\n<h3>DILLO A RADIO PIU&#8217;\u00a0 &#8220;UNA LEVATA DI SCUDI NON CON&#8230;DIVISA&#8221;<\/h3>\n<\/blockquote>\n<\/div>\n<\/div>\n<p><em>Non riesco a capire perch\u00e9 maggior parte dei Sindaci si sono opposti ( assieme ai Sindacati) Affinch\u00e9 la Polizia Locale affianchi le Forze dell\u2019Ordine nei servizi di Polizia, in particolare nei servizi sulla strada.<\/em><br \/>\n<em>Ricordo che la Polizia Locale \u00e9 a tutti gli effetti anche un organo di Polizia Stradale e che tra i suoi compiti \u00e9 abilitata a svolgere attivit\u00e0 di Polizia Stradale con servizi\u00a0 di prevenzione, controllo, rilievi e repressione ecc.ecc.<\/em><br \/>\n<em>Pertanto non vedo questa levata di scudi nel voler ridimensionare la loro attivit\u00e0.<\/em><br \/>\n<em>Sarebbe interessante sentire su questa materia anche gli stessi operatori.<\/em><br \/>\n<em>\u00a0<\/em><em>Rodolfo Pellegrinon, Falcade\u00a0<\/em><\/p>\n<p>&nbsp;<\/p>\n<p>&nbsp;<\/p>\n<hr \/>\n<p>&nbsp;<\/p>\n<blockquote>\n<h3 dir=\"auto\">BANDI E CONCORSI, DAL &#8220;MERCATINO&#8221; SITO RADIOPIU.NET<\/h3>\n<\/blockquote>\n<div dir=\"auto\">\n<p><a class=\"dt-pswp-item\" href=\"https:\/\/www.radiopiu.net\/wordpress\/wp-content\/uploads\/2023\/11\/TAIBON-1.jpg\" data-dt-img-description=\"\" data-large_image_width=\"960\" data-large_image_height=\"720\"><img loading=\"lazy\" decoding=\"async\" class=\"wp-image-359597 alignleft\" src=\"https:\/\/www.radiopiu.net\/wordpress\/wp-content\/uploads\/2023\/11\/TAIBON-1-300x225.jpg\" alt=\"\" width=\"145\" height=\"109\" srcset=\"https:\/\/www.radiopiu.net\/wordpress\/wp-content\/uploads\/2023\/11\/TAIBON-1-300x225.jpg 300w, https:\/\/www.radiopiu.net\/wordpress\/wp-content\/uploads\/2023\/11\/TAIBON-1-768x576.jpg 768w, https:\/\/www.radiopiu.net\/wordpress\/wp-content\/uploads\/2023\/11\/TAIBON-1.jpg 960w\" sizes=\"auto, (max-width: 145px) 100vw, 145px\" \/><\/a><strong>IL COMUNE DI TAIBON<\/strong> RENDE NOTO CHE \u00e8 STATO INDETTO UN CONCORSO PUBBLICO PER SOLI ESAMI. SI ASSUME, A TEMPO INDETERMINATO E PIENO 1 COLLABORATORE PROFESSIONALE CONDUTTORE DI MACCHINE OPERATRICI COMPLESSE TRATTAMENTO ECONOMICO COME DA NORME CONTRATTUALI. PATENTE DI GUIDA RICHIESTA DI TIPO B, C E D IN CORSO DI VALIDIT\u00e0. Per informazioni e copie del bando gli interessati potranno rivolgersi ai seguenti recapiti: telefono: 0439 310259, mail: concorsi@feltrino.bl.it La registrazione, la compilazione e l\u2019invio on line della domanda devono essere completati entro le 12 del 12 GENNAIO<\/p>\n<p>&nbsp;<\/p>\n<p><a class=\"dt-pswp-item\" href=\"https:\/\/www.radiopiu.net\/wordpress\/wp-content\/uploads\/2020\/04\/ASCA.png\" data-dt-img-description=\"\" data-large_image_width=\"1211\" data-large_image_height=\"668\"><img loading=\"lazy\" decoding=\"async\" class=\"wp-image-128881 alignleft\" src=\"https:\/\/www.radiopiu.net\/wordpress\/wp-content\/uploads\/2020\/04\/ASCA-300x165.png\" alt=\"\" width=\"173\" height=\"95\" srcset=\"https:\/\/www.radiopiu.net\/wordpress\/wp-content\/uploads\/2020\/04\/ASCA-300x165.png 300w, https:\/\/www.radiopiu.net\/wordpress\/wp-content\/uploads\/2020\/04\/ASCA-1024x565.png 1024w, https:\/\/www.radiopiu.net\/wordpress\/wp-content\/uploads\/2020\/04\/ASCA-768x424.png 768w, https:\/\/www.radiopiu.net\/wordpress\/wp-content\/uploads\/2020\/04\/ASCA.png 1211w\" sizes=\"auto, (max-width: 173px) 100vw, 173px\" \/><\/a><strong>AVVISO DI SELEZIONE!<\/strong><br \/>\n<strong>AGORDO<\/strong> ASCA, azienda speciale consortile agordina cerca a tempo indeterminato e con orario pieno una figura\u00a0 professionale denominata REFERENTE DEGLI OPERATORI SOCIO SANITARI.\u00a0 ACCESSO WELFARE AZIENDALE, POSSIBILIT\u00e0 DI SISTEMAZIONE ABITATIVA gratuita per 8 mesi.\u00a0\u00a0 LE DOMANDE DI PARTECIPAZIONE ALLA SELEZIONE VANNO PRESENTATE ENTRO LE 12 DEL 19 gennaio<br \/>\nInformazioni sul sito <a class=\"moz-txt-link-abbreviated\" href=\"http:\/\/www.servizisocialiasca.it\">www.servizisocialiasca.it<\/a>\u00a0 sezione bandi;\u00a0 oppure ALL&#8217;UFFICIO PERSONALE ASCA: <a class=\"moz-txt-link-abbreviated\" href=\"mailto:personale@servizisocialiasca.it\">personale@servizisocialiasca.it<\/a>\u00a0 telefono 0437 63750<\/p>\n<p>&nbsp;<\/p>\n<blockquote><p><strong><a class=\"dt-pswp-item\" href=\"https:\/\/www.radiopiu.net\/wordpress\/wp-content\/uploads\/2024\/01\/322_1.jpg\" data-dt-img-description=\"\" data-large_image_width=\"800\" data-large_image_height=\"532\"><img loading=\"lazy\" decoding=\"async\" class=\"wp-image-368729 alignleft\" src=\"https:\/\/www.radiopiu.net\/wordpress\/wp-content\/uploads\/2024\/01\/322_1-300x200.jpg\" alt=\"\" width=\"228\" height=\"152\" srcset=\"https:\/\/www.radiopiu.net\/wordpress\/wp-content\/uploads\/2024\/01\/322_1-300x200.jpg 300w, https:\/\/www.radiopiu.net\/wordpress\/wp-content\/uploads\/2024\/01\/322_1-768x511.jpg 768w, https:\/\/www.radiopiu.net\/wordpress\/wp-content\/uploads\/2024\/01\/322_1.jpg 800w\" sizes=\"auto, (max-width: 228px) 100vw, 228px\" \/><\/a>SAN MARTINO IN BADIA <\/strong>La Residenza socio-assistenziale per anziani di San Martino in Val Badia cerca da subito collaboratori qualificati a tempo determinato e\/o indeterminato da inserire nell\u2019organico. I profili richiesti sono: Infermieri professionali e operatori socio-sanitari. Si offre flessibilit\u00e0 oraria su lavoro a turni, part-time 19, 24 o 29 ore settimanali o a tempo pieno 38 ore. Si offre vitto e alloggio in struttura, possibilit\u00e0 di formazione\/aggiornamento professionale, corsi di lingua e altri benefit. Viene offerto contratto di lavoro collettivo intercompartimentale per dipendenti pubblici ed eventuale retribuzione di indennit\u00e0 linguistica di trilinguismo. Per la candidatura \u00e9 necessario possedere la padronanza della lingua italiana o tedesca, la capacit\u00e0 di lavorare in team e competenze sociali oltre alla qualifica professionale richiesta. Per interesse prego contattare direttamente la struttura al numero: 0474\/524700 o scrivendo una mail a: info@ciasadepalsa.it.<\/p><\/blockquote>\n<\/div>\n<div dir=\"auto\"><\/div>\n<div dir=\"auto\"><\/div>\n<hr \/>\n<p>&nbsp;<\/p>\n<h2><span style=\"color: #ff0000;\">GLI APPUNTAMENTI DELLA SETTIMANA\u00a0\u00a0<\/span><\/h2>\n<blockquote>\n<h3>A LOZZO DI CADORE SI PARLA DI SCUOLA E ISTRUZIONE<\/h3>\n<\/blockquote>\n<p><strong>LOZZO DI CADORE<\/strong> Oggi alle 18 in Sala Pellegrini a Lozzo di Cadore si svolger\u00e0 una conferenza aperta a tutti per parlare di scuola e istruzione e del loro futuro. Interverranno il dott. Michele Sardo, dirigente scolastico e formatore, e Serenella Bogana, Consigliere provinciale all&#8217;istruzione.<\/p>\n<p>&nbsp;<\/p>\n<blockquote>\n<h3>LA SAGRA DI SAN MARCELLO A UMIN<\/h3>\n<\/blockquote>\n<p><strong>FELTRE<\/strong> La tradizionale Sagra di San Marcello a Umin, in programma dal 12 al 16 gennaio, celebra il patrono del paese con iniziative religiose, culturali e gastronomiche. Il piatto principale sar\u00e0 la trippa, preparata sia in sugo alla parmigiana sia in brodo, insieme ad altri piatti tipici della cucina bellunese. Il programma include visite guidate al sito di San Marcello, laboratori, una &#8220;San Marcello Run&#8221; di 7 km, messe e benedizioni. La sagra si svolger\u00e0 ad Umin, frazione di Feltre, con la cucina aperta tutti i giorni dalle 12 alle 23 e possibilit\u00e0 di asporto. Il ricavato sar\u00e0 devoluto al mantenimento della chiesa e a iniziative socio-culturali. Per ulteriori informazioni, \u00e8 possibile visitare il sito <a href=\"http:\/\/www.anavillabruna.it\/\" target=\"_new\" rel=\"noopener\">www.anavillabruna.it<\/a>.<\/p>\n<p>&nbsp;<\/p>\n<blockquote>\n<h3>LA NOSTRA CORDATA, MONTAGNE IN CAMBIAMENTO<\/h3>\n<\/blockquote>\n<p><strong>BELLUNO<\/strong> Venerdi 12 gennaio in sala conferenze della Camera di Commercio di Belluno-Treviso, piazza Santo Stefano tavola rotonda : Prof. Pasquale Nuzzolese: Istruzione; Jacopo Massaro: Pubblica amministrazione; Ingegner\u00a0Mara Nemela: Ambiente e Cultura<\/p>\n<p>&nbsp;<\/p>\n<blockquote>\n<h3>LA SAGRA DE SANT&#8217;ANTONE A CENCENIGHE<\/h3>\n<\/blockquote>\n<p><strong>CENCENIGHE<\/strong> L&#8217;amministrazione comunale e la Pro Loco di Cencenighe organizzano tre giorni di festa per la Sagra di Sant&#8217;Antone. Domenica alle 14 al Nof Fil\u00f2 il torneo di scarabocio. Mercoled\u00ec 17 la santa messa alle 18. Domenica 21 il pranzo con i nonni: alle 10 la santa messa e alle 12 il pranzo al Nof Fil\u00f2 con ospiti d&#8217;onore i nonni.<\/p>\n<p>&nbsp;<\/p>\n<p>&nbsp;<\/p>\n<hr \/>\n<p>&nbsp;<\/p>\n<blockquote>\n<h3>I NUMERI VINCENTI DELLA LOTTERIA DELL&#8217;ALLEGHE HOCKEY<\/h3>\n<\/blockquote>\n<p><strong>ALLEGHE<\/strong> Tra il secondo e il terzo tempo della partita tra Alleghe e Caldaro sono stati estratti i biglietti vincenti della lotteria. Primo premio una crociera.<\/p>\n<p><strong>I BIGLIETTI VINCENTI<\/strong><\/p>\n<a href=\"https:\/\/www.radiopiu.net\/wordpress\/wp-content\/uploads\/2024\/01\/BIGLIETTI-LOTTERIA-ALLEGHE-HOCKEY.pdf\" class=\"pdfemb-viewer\" style=\"\" data-width=\"max\" data-height=\"max\" data-toolbar=\"top\" data-toolbar-fixed=\"on\">BIGLIETTI LOTTERIA ALLEGHE HOCKEY<\/a>\n<p>&nbsp;<\/p>\n<hr \/>\n<p>&nbsp;<\/p>\n<p><a class=\"dt-pswp-item\" href=\"https:\/\/www.radiopiu.net\/wordpress\/wp-content\/uploads\/2018\/09\/viabilita.jpeg\" data-dt-img-description=\"\" data-large_image_width=\"800\" data-large_image_height=\"100\"><img loading=\"lazy\" decoding=\"async\" class=\"aligncenter wp-image-61954 size-full\" src=\"https:\/\/www.radiopiu.net\/wordpress\/wp-content\/uploads\/2018\/09\/viabilita.jpeg\" alt=\"\" width=\"800\" height=\"100\" srcset=\"https:\/\/www.radiopiu.net\/wordpress\/wp-content\/uploads\/2018\/09\/viabilita.jpeg 800w, https:\/\/www.radiopiu.net\/wordpress\/wp-content\/uploads\/2018\/09\/viabilita-300x38.jpeg 300w, https:\/\/www.radiopiu.net\/wordpress\/wp-content\/uploads\/2018\/09\/viabilita-768x96.jpeg 768w\" sizes=\"auto, (max-width: 800px) 100vw, 800px\" \/><\/a><\/p>\n<p>&nbsp;<\/p>\n<p><a class=\"dt-pswp-item\" href=\"https:\/\/www.radiopiu.net\/wordpress\/wp-content\/uploads\/2023\/12\/botol-car-service.jpg\" data-dt-img-description=\"\" data-large_image_width=\"600\" data-large_image_height=\"600\"><img loading=\"lazy\" decoding=\"async\" class=\"size-medium wp-image-367044 aligncenter\" src=\"https:\/\/www.radiopiu.net\/wordpress\/wp-content\/uploads\/2023\/12\/botol-car-service-300x300.jpg\" alt=\"\" width=\"300\" height=\"300\" srcset=\"https:\/\/www.radiopiu.net\/wordpress\/wp-content\/uploads\/2023\/12\/botol-car-service-300x300.jpg 300w, https:\/\/www.radiopiu.net\/wordpress\/wp-content\/uploads\/2023\/12\/botol-car-service-150x150.jpg 150w, https:\/\/www.radiopiu.net\/wordpress\/wp-content\/uploads\/2023\/12\/botol-car-service.jpg 600w\" sizes=\"auto, (max-width: 300px) 100vw, 300px\" \/><\/a><\/p>\n<p>&nbsp;<\/p>\n<p>&nbsp;<\/p>\n<blockquote class=\"wp-embedded-content\" data-secret=\"Fw2UDfw0fT\"><p><a href=\"https:\/\/www.radiopiu.net\/wordpress\/viabilita\/\">viabilita<\/a><\/p><\/blockquote>\n<p><iframe loading=\"lazy\" class=\"wp-embedded-content\" sandbox=\"allow-scripts\" security=\"restricted\" style=\"position: absolute; clip: rect(1px, 1px, 1px, 1px);\" title=\"&#8220;viabilita&#8221; &#8212; Radio Pi\u00f9\" src=\"https:\/\/www.radiopiu.net\/wordpress\/viabilita\/embed\/#?secret=FpWEeuRlGE#?secret=Fw2UDfw0fT\" data-secret=\"Fw2UDfw0fT\" width=\"600\" height=\"338\" frameborder=\"0\" marginwidth=\"0\" marginheight=\"0\" scrolling=\"no\"><\/iframe><\/p>\n<p>&nbsp;<\/p>\n<hr \/>\n<p>&nbsp;<\/p>\n<p><a class=\"dt-pswp-item\" href=\"https:\/\/www.radiopiu.net\/wordpress\/wp-content\/uploads\/2018\/09\/WhatsApp-Image-2018-09-20-at-16.04.06.jpeg\" data-dt-img-description=\"\" data-large_image_width=\"800\" data-large_image_height=\"100\"><img loading=\"lazy\" decoding=\"async\" class=\"wp-image-61378 size-full aligncenter\" src=\"https:\/\/www.radiopiu.net\/wordpress\/wp-content\/uploads\/2018\/09\/WhatsApp-Image-2018-09-20-at-16.04.06.jpeg\" alt=\"\" width=\"800\" height=\"100\" srcset=\"https:\/\/www.radiopiu.net\/wordpress\/wp-content\/uploads\/2018\/09\/WhatsApp-Image-2018-09-20-at-16.04.06.jpeg 800w, https:\/\/www.radiopiu.net\/wordpress\/wp-content\/uploads\/2018\/09\/WhatsApp-Image-2018-09-20-at-16.04.06-300x38.jpeg 300w, https:\/\/www.radiopiu.net\/wordpress\/wp-content\/uploads\/2018\/09\/WhatsApp-Image-2018-09-20-at-16.04.06-768x96.jpeg 768w\" sizes=\"auto, (max-width: 800px) 100vw, 800px\" \/><\/a><\/p>\n<p><center><\/center><b>\u00a0\u00a0<\/b><\/p>\n<p><center><\/center><b>OGGI: <\/b>Tempo stabile ed in prevalenza soleggiato con cielo poco nuvoloso specie al mattino con qualche temporanea foschia o nube bassa nelle ore fredde in alcune valli come in Valbelluna; graduale aumento della nuvolosit\u00e0 di tipo alto nel corso del pomeriggio\/sera. Contesto pi\u00f9 invernale rispetto a giorni precedenti, almeno di notte con diffuse gelate. Precipitazioni: Assenti Temperature: in generale calo<\/p>\n<p>&nbsp;<\/p>\n<hr \/>\n<p><center><\/center><b>DOMANI : <\/b>Giornata piuttosto nuvolosa con cielo irregolarmente nuvoloso per nubi medio-alte e qualche parziale schiarita. clima di stampo invernale. <b>Precipitazioni: <\/b>Fenomeni generalmente assenti. <b>Temperature: <\/b>In generale diminuzione<\/p>\n<p>&nbsp;<\/p>\n<hr \/>\n<p><center><\/center><strong>GIOVEDI<\/strong> Tempo ancora stabile e pi\u00f9 soleggiato rispetto a mercoled\u00ec con aria asciutta e ottima visibilit\u00e0 a tutte le quote e clima tipicamente invernale. Temperature minime in diminuzione specie nelle valli, massime in temporaneo aumento soprattutto in alta montagna. Venti deboli di direzione variabile nelle valli e da deboli a moderati da nord est in quota.<\/p>\n<hr \/>\n<p><center><\/center><strong>VENERDI<\/strong> Stabile e ben soleggiato con aria asciutta e ottima visibilit\u00e0. Temperature minime nelle valli in lieve aumento, in quota in lieve calo; massime in generale lieve calo. Venti in alta montagna in prevalenza tesi da nord, nord est.<\/p>\n<p>&nbsp;<\/p>\n<hr \/>\n<p>&nbsp;<\/p>\n<blockquote>\n<h2><img loading=\"lazy\" decoding=\"async\" class=\"alignleft\" src=\"https:\/\/www.radiopiu.net\/wordpress\/wp-content\/uploads\/2020\/12\/fiocco-neve.jpg\" width=\"116\" height=\"87\" \/>NEVE AL SUOLO. AGGIORNAMENTO ARPAV 08 gennaio24<\/h2>\n<\/blockquote>\n<p>&nbsp;<\/p>\n<blockquote>\n<h3><em>A<\/em><em> Ornella 130 centimetri\u00a0 Ra Vales 122 centimetri al suolo,\u00a0 97 a Col dei Baldi sopra Alleghe; <\/em><\/h3>\n<\/blockquote>\n<a href=\"https:\/\/www.radiopiu.net\/wordpress\/wp-content\/uploads\/2021\/12\/2024_01_08_Dolomiti-Neve-al-Suolo.pdf\" class=\"pdfemb-viewer\" style=\"\" data-width=\"max\" data-height=\"max\" data-toolbar=\"top\" data-toolbar-fixed=\"on\">2024_01_08_Dolomiti Neve al Suolo<\/a>\n<hr \/>\n<p>&nbsp;<\/p>\n<p><img loading=\"lazy\" decoding=\"async\" class=\"wp-image-60761 size-full aligncenter\" src=\"https:\/\/www.radiopiu.net\/wordpress\/wp-content\/uploads\/2018\/09\/sport.jpg\" alt=\"\" width=\"800\" height=\"100\" srcset=\"https:\/\/www.radiopiu.net\/wordpress\/wp-content\/uploads\/2018\/09\/sport.jpg 800w, https:\/\/www.radiopiu.net\/wordpress\/wp-content\/uploads\/2018\/09\/sport-300x38.jpg 300w, https:\/\/www.radiopiu.net\/wordpress\/wp-content\/uploads\/2018\/09\/sport-768x96.jpg 768w\" sizes=\"auto, (max-width: 800px) 100vw, 800px\" \/><\/p>\n<p>&nbsp;<\/p>\n<p><span style=\"color: #0000ff;\"><strong>SCI NORDICO<\/strong><\/span><\/p>\n<blockquote>\n<h3>VANESSA CAGNATI CONVOCATA PER I GIOCHI OLIMPICI INVERNALI GIOVANILI<\/h3>\n<\/blockquote>\n<p><strong><a class=\"dt-pswp-item\" href=\"https:\/\/www.radiopiu.net\/wordpress\/wp-content\/uploads\/2024\/01\/vanessa-cagnati-sappada-17-dic-2023-Copia.jpg\" data-dt-img-description=\"\" data-large_image_width=\"1200\" data-large_image_height=\"800\"><img loading=\"lazy\" decoding=\"async\" class=\" wp-image-369109 alignleft\" src=\"https:\/\/www.radiopiu.net\/wordpress\/wp-content\/uploads\/2024\/01\/vanessa-cagnati-sappada-17-dic-2023-Copia-300x200.jpg\" alt=\"\" width=\"158\" height=\"105\" srcset=\"https:\/\/www.radiopiu.net\/wordpress\/wp-content\/uploads\/2024\/01\/vanessa-cagnati-sappada-17-dic-2023-Copia-300x200.jpg 300w, https:\/\/www.radiopiu.net\/wordpress\/wp-content\/uploads\/2024\/01\/vanessa-cagnati-sappada-17-dic-2023-Copia-1024x683.jpg 1024w, https:\/\/www.radiopiu.net\/wordpress\/wp-content\/uploads\/2024\/01\/vanessa-cagnati-sappada-17-dic-2023-Copia-768x512.jpg 768w, https:\/\/www.radiopiu.net\/wordpress\/wp-content\/uploads\/2024\/01\/vanessa-cagnati-sappada-17-dic-2023-Copia.jpg 1200w\" sizes=\"auto, (max-width: 158px) 100vw, 158px\" \/><\/a>REDAZIONE<\/strong> \u00c8 stata annunciata ufficialmente la squadra italiana che parteciper\u00e0 ai Giochi Olimpici Giovanili Invernali (YOG) di Gangwon 2024. Il Presidente del CONI, Giovanni Malag\u00f2, e il Segretario Generale, Carlo Mornati, hanno presentato l&#8217;Italia Team durante un evento presso l&#8217;Allianz Tower di Milano. Flora Tabanelli sar\u00e0 la portabandiera della squadra italiana. Tra i convocati anche Vanessa Cagnati, l&#8217;atleta di Canale D&#8217;Agordo che nell&#8217;ultimo periodo ha saputo farsi notare per gli ottimi risultati con lo Sci Club Val Biois. Far\u00e0 parte dei 74 atleti convocati per i giochi e sar\u00e0 tra i 6 che faranno la sua parte nello sci nordico.<\/p>\n<p>(FOTO: FISI Veneto)<\/p>\n<p><strong>MATTEO CAGNATI, SCI CLUB VAL BIOIS<\/strong><\/p>\n<audio class=\"wp-audio-shortcode\" id=\"audio-368979-12\" preload=\"none\" style=\"width: 100%;\" controls=\"controls\"><source type=\"audio\/mpeg\" src=\"https:\/\/www.radiopiu.net\/wordpress\/wp-content\/uploads\/2024\/01\/MATTEO-CAGANATI-PER-CONVOCAZIONE-VANESSA.mp3?_=12\" \/><a href=\"https:\/\/www.radiopiu.net\/wordpress\/wp-content\/uploads\/2024\/01\/MATTEO-CAGANATI-PER-CONVOCAZIONE-VANESSA.mp3\">https:\/\/www.radiopiu.net\/wordpress\/wp-content\/uploads\/2024\/01\/MATTEO-CAGANATI-PER-CONVOCAZIONE-VANESSA.mp3<\/a><\/audio>\n<p>&nbsp;<\/p>\n<p><span style=\"color: #0000ff;\"><strong>SCI ALPINISMO<\/strong><\/span><\/p>\n<blockquote>\n<h3>OTTIMO INIZIO AGLI EUROPEI DI SCI ALPINISMO PER MARTINA SCOLA<\/h3>\n<\/blockquote>\n<p><strong><a class=\"dt-pswp-item\" href=\"https:\/\/www.radiopiu.net\/wordpress\/wp-content\/uploads\/2024\/01\/martina-scola-terza-camp-europeo-under-18-individuale-flaine-8-gen-2024-Copia.jpg\" data-dt-img-description=\"\" data-large_image_width=\"1440\" data-large_image_height=\"960\"><img loading=\"lazy\" decoding=\"async\" class=\" wp-image-369125 alignleft\" src=\"https:\/\/www.radiopiu.net\/wordpress\/wp-content\/uploads\/2024\/01\/martina-scola-terza-camp-europeo-under-18-individuale-flaine-8-gen-2024-Copia-300x200.jpg\" alt=\"\" width=\"158\" height=\"105\" srcset=\"https:\/\/www.radiopiu.net\/wordpress\/wp-content\/uploads\/2024\/01\/martina-scola-terza-camp-europeo-under-18-individuale-flaine-8-gen-2024-Copia-300x200.jpg 300w, https:\/\/www.radiopiu.net\/wordpress\/wp-content\/uploads\/2024\/01\/martina-scola-terza-camp-europeo-under-18-individuale-flaine-8-gen-2024-Copia-1024x683.jpg 1024w, https:\/\/www.radiopiu.net\/wordpress\/wp-content\/uploads\/2024\/01\/martina-scola-terza-camp-europeo-under-18-individuale-flaine-8-gen-2024-Copia-768x512.jpg 768w, https:\/\/www.radiopiu.net\/wordpress\/wp-content\/uploads\/2024\/01\/martina-scola-terza-camp-europeo-under-18-individuale-flaine-8-gen-2024-Copia.jpg 1440w\" sizes=\"auto, (max-width: 158px) 100vw, 158px\" \/><\/a>REDAZIONE<\/strong> Nell&#8217;esordio degli Europei di Flaine (Alpi francesi) di Sci Alpinismo, il movimento veneto ha ottenuto tre medaglie: un argento e due bronzi nell&#8217;Individuale. Enrico Pellegrini (Sci Cai Schio) ha conquistato l&#8217;argento nella gara Under 18, piazzandosi secondo dietro a Luca Curioni. Martina Scola (Sci Nordico Marmolada) ha ottenuto il bronzo nella gara under 18 femminile. Alba De Silvestro, del Centro sportivo Esercito, ha ottenuto il bronzo nella sua categoria. Una giornata da incorniciare per i portacolori azzurri impegnati in Francia.<\/p>\n<p>(FOTO: Fisi Veneto)<\/p>\n<p>&nbsp;<\/p>\n<p><span style=\"color: #0000ff;\"><strong>CALCIO A 5<\/strong><\/span><\/p>\n<blockquote>\n<h3>GIESSE PER LO SPORT\u2026CON LA CANOTTIERI BELLUNO CALCIO A 5<\/h3>\n<\/blockquote>\n<div class=\"x11i5rnm xat24cr x1mh8g0r x1vvkbs xtlvy1s x126k92a\">\n<h4 class=\"photoswipe-wrapper\" dir=\"auto\"><a class=\"dt-pswp-item pspw-wrap-ready\" href=\"https:\/\/www.radiopiu.net\/wordpress\/wp-content\/uploads\/2023\/10\/Senza-nome-57.png\" data-dt-img-description=\"\" data-large_image_width=\"317\" data-large_image_height=\"322\"><img loading=\"lazy\" decoding=\"async\" class=\"size-medium wp-image-358116 aligncenter\" src=\"https:\/\/www.radiopiu.net\/wordpress\/wp-content\/uploads\/2023\/10\/Senza-nome-57-295x300.png\" sizes=\"auto, (max-width: 295px) 100vw, 295px\" srcset=\"https:\/\/www.radiopiu.net\/wordpress\/wp-content\/uploads\/2023\/10\/Senza-nome-57-295x300.png 295w, https:\/\/www.radiopiu.net\/wordpress\/wp-content\/uploads\/2023\/10\/Senza-nome-57.png 317w\" alt=\"\" width=\"295\" height=\"300\" \/><\/a><\/h4>\n<h4 dir=\"auto\"><\/h4>\n<h4 dir=\"auto\">GIESSE PER LO SPORT\u201d \u2026 con la Canottieri Belluno, calcio a 5. Tutto sul campionato di serie A2, girone A. Il programma alla RADIO che da ascolto ai talenti del calcio a 5 bellunese. IN COLLABORAZIONE CON GIESSE RISARCIMENTO DANNI A BELLUNO<\/h4>\n<\/div>\n<div class=\"x11i5rnm xat24cr x1mh8g0r x1vvkbs xtlvy1s x126k92a\">\n<h4 dir=\"auto\"><a class=\"x1i10hfl xjbqb8w x6umtig x1b1mbwd xaqea5y xav7gou x9f619 x1ypdohk xt0psk2 xe8uvvx xdj266r x11i5rnm xat24cr x1mh8g0r xexx8yu x4uap5 x18d9i69 xkhd6sd x16tdsg8 x1hl2dhg xggy1nq x1a2a7pz xt0b8zv x1qq9wsj xo1l8bm\" tabindex=\"0\" role=\"link\" href=\"https:\/\/www.facebook.com\/groups\/radiopiu\/?__cft__[0]=AZVtB3sskZBwGsu89zeRk9eNMGUFohz53TdYmXZyePAKPt8cBeKCqA03znGJk9wPaqHDXQ5yMBG_hrsUX03xH8fdmlMazTirW3KRFEY3Kr2cyBd_5Es2MvKnqyd6ZcahL6_M_zOo19o5N5tV8NHsHcfP&amp;__tn__=-UK-R\"><span class=\"xt0psk2\">RADIO PIU\u2019 EMITTENTE AGORDINA (Taibon_32027)<\/span><\/a>: IL LUNEDI ALLE 16.30, IL MARTEDI ALLE 13.05 RADIO CLUB 103 IL LUNEDI ALLE 16.20 E MARTEDI ALLE 13.40 <a class=\"x1i10hfl xjbqb8w x6umtig x1b1mbwd xaqea5y xav7gou x9f619 x1ypdohk xt0psk2 xe8uvvx xdj266r x11i5rnm xat24cr x1mh8g0r xexx8yu x4uap5 x18d9i69 xkhd6sd x16tdsg8 x1hl2dhg xggy1nq x1a2a7pz xt0b8zv x1qq9wsj xo1l8bm\" tabindex=\"0\" role=\"link\" href=\"https:\/\/www.facebook.com\/groups\/61488111720\/user\/100063652837062\/?__cft__[0]=AZVtB3sskZBwGsu89zeRk9eNMGUFohz53TdYmXZyePAKPt8cBeKCqA03znGJk9wPaqHDXQ5yMBG_hrsUX03xH8fdmlMazTirW3KRFEY3Kr2cyBd_5Es2MvKnqyd6ZcahL6_M_zOo19o5N5tV8NHsHcfP&amp;__tn__=-]K-R\"><span class=\"xt0psk2\">Radio Primiero<\/span><\/a>\u00a0IL LUNEDI ALLE 10.30 E MARTEDI ALLE 12.30<\/h4>\n<p>&nbsp;<\/p>\n<p><strong><a class=\"dt-pswp-item\" href=\"https:\/\/www.radiopiu.net\/wordpress\/wp-content\/uploads\/2023\/12\/CANOTTIERI-6-GENNAI.jpg\" data-dt-img-description=\"\" data-large_image_width=\"1600\" data-large_image_height=\"1200\"><img loading=\"lazy\" decoding=\"async\" class=\" wp-image-368950 alignleft\" src=\"https:\/\/www.radiopiu.net\/wordpress\/wp-content\/uploads\/2023\/12\/CANOTTIERI-6-GENNAI-300x225.jpg\" alt=\"\" width=\"171\" height=\"128\" srcset=\"https:\/\/www.radiopiu.net\/wordpress\/wp-content\/uploads\/2023\/12\/CANOTTIERI-6-GENNAI-300x225.jpg 300w, https:\/\/www.radiopiu.net\/wordpress\/wp-content\/uploads\/2023\/12\/CANOTTIERI-6-GENNAI-1024x768.jpg 1024w, https:\/\/www.radiopiu.net\/wordpress\/wp-content\/uploads\/2023\/12\/CANOTTIERI-6-GENNAI-768x576.jpg 768w, https:\/\/www.radiopiu.net\/wordpress\/wp-content\/uploads\/2023\/12\/CANOTTIERI-6-GENNAI-1536x1152.jpg 1536w, https:\/\/www.radiopiu.net\/wordpress\/wp-content\/uploads\/2023\/12\/CANOTTIERI-6-GENNAI.jpg 1600w\" sizes=\"auto, (max-width: 171px) 100vw, 171px\" \/><\/a>PUNTATA 12 &#8211; 08 GENNAIO 2024<\/strong><\/p>\n<p><span style=\"color: #0000ff;\"><strong>UNDICESIMA GIORNATA SERIE A 2 GIRONE A<\/strong><\/span><\/p>\n<p><strong>CANOTTIERI BELLUNO &#8211; VILLORBA 4-3<\/strong><\/p>\n<p>Reti: PT 12.15 Robinho; ST 2.31 Robinho, 7.11 Bortolini, 7.33 Dos Santos, 17.02 Tenderini, 17.48 Tenderini, 19.27 Madu<\/p>\n<audio class=\"wp-audio-shortcode\" id=\"audio-368979-13\" preload=\"none\" style=\"width: 100%;\" controls=\"controls\"><source type=\"audio\/mpeg\" src=\"https:\/\/www.radiopiu.net\/wordpress\/wp-content\/uploads\/2023\/12\/GIESSECALCIO-1.mp3?_=13\" \/><a href=\"https:\/\/www.radiopiu.net\/wordpress\/wp-content\/uploads\/2023\/12\/GIESSECALCIO-1.mp3\">https:\/\/www.radiopiu.net\/wordpress\/wp-content\/uploads\/2023\/12\/GIESSECALCIO-1.mp3<\/a><\/audio>\n<p>&nbsp;<\/p>\n<p><strong>LA RACCOLTA COMPLETA <a href=\"https:\/\/www.radiopiu.net\/wordpress\/giesse-per-lo-sport-con-la-canottieri-belluno-calcio-a-5\/\">CLICCA QUI<\/a><\/strong><\/p>\n<\/div>\n<p>&nbsp;<\/p>\n<p>&nbsp;<\/p>\n<p>&nbsp;<\/p>\n<p>&nbsp;<\/p>\n<p>&nbsp;<\/p>\n<p>&nbsp;<\/p>\n<div style=\"width: 848px;\" class=\"wp-video\"><video class=\"wp-video-shortcode\" id=\"video-368979-2\" width=\"848\" height=\"480\" preload=\"metadata\" controls=\"controls\"><source type=\"video\/mp4\" src=\"https:\/\/www.radiopiu.net\/wordpress\/wp-content\/uploads\/2024\/01\/WhatsApp-Video-2024-01-08-at-18.24.01.mp4?_=2\" \/><a href=\"https:\/\/www.radiopiu.net\/wordpress\/wp-content\/uploads\/2024\/01\/WhatsApp-Video-2024-01-08-at-18.24.01.mp4\">https:\/\/www.radiopiu.net\/wordpress\/wp-content\/uploads\/2024\/01\/WhatsApp-Video-2024-01-08-at-18.24.01.mp4<\/a><\/video><\/div>\n","protected":false},"excerpt":{"rendered":"<p>*** &nbsp; &nbsp; &nbsp; 40esimo di RADIOPIU\u2026. LA VOCE DELL\u2019EMOZIONE ISCRIVITI AL NOSTRO CANALE\u00a0\u00a0YOUTUBE PER SEGUIRE IN DIRETTA I PRINCIPALI PROGRAMMI DI RADIO PIU\u2019 E LE FUTURE DIRETTE IN ESTERNA. PER ISCRIVERTI CLICCA QUI\u00a0E PREMI\u00a0 \u201cIscriviti\u201d\u00a0\u00a0 &nbsp; &nbsp; &nbsp; i podcast informativi del mattino &#8211; audio &#8211;\u00a0 LA RASSEGNA STAMPA NAZIONALE ALLA RADIO, OGNI GIORNO&hellip;<\/p>\n","protected":false},"author":4,"featured_media":369157,"comment_status":"closed","ping_status":"closed","sticky":false,"template":"","format":"standard","meta":{"_monsterinsights_skip_tracking":false,"_monsterinsights_sitenote_active":false,"_monsterinsights_sitenote_note":"","_monsterinsights_sitenote_category":0,"footnotes":""},"categories":[51,86,49],"tags":[],"class_list":["post-368979","post","type-post","status-publish","format-standard","has-post-thumbnail","hentry","category-evidenza-top","category-gr","category-news-18","category-51","category-86","category-49","description-off"],"img_url":"https:\/\/www.radiopiu.net\/wordpress\/wp-content\/uploads\/2024\/01\/e2471c80-3741-42ab-bd02-48b92afaf6e5.jpg","_links":{"self":[{"href":"https:\/\/www.radiopiu.net\/wordpress\/wp-json\/wp\/v2\/posts\/368979","targetHints":{"allow":["GET"]}}],"collection":[{"href":"https:\/\/www.radiopiu.net\/wordpress\/wp-json\/wp\/v2\/posts"}],"about":[{"href":"https:\/\/www.radiopiu.net\/wordpress\/wp-json\/wp\/v2\/types\/post"}],"author":[{"embeddable":true,"href":"https:\/\/www.radiopiu.net\/wordpress\/wp-json\/wp\/v2\/users\/4"}],"replies":[{"embeddable":true,"href":"https:\/\/www.radiopiu.net\/wordpress\/wp-json\/wp\/v2\/comments?post=368979"}],"version-history":[{"count":0,"href":"https:\/\/www.radiopiu.net\/wordpress\/wp-json\/wp\/v2\/posts\/368979\/revisions"}],"wp:featuredmedia":[{"embeddable":true,"href":"https:\/\/www.radiopiu.net\/wordpress\/wp-json\/wp\/v2\/media\/369157"}],"wp:attachment":[{"href":"https:\/\/www.radiopiu.net\/wordpress\/wp-json\/wp\/v2\/media?parent=368979"}],"wp:term":[{"taxonomy":"category","embeddable":true,"href":"https:\/\/www.radiopiu.net\/wordpress\/wp-json\/wp\/v2\/categories?post=368979"},{"taxonomy":"post_tag","embeddable":true,"href":"https:\/\/www.radiopiu.net\/wordpress\/wp-json\/wp\/v2\/tags?post=368979"}],"curies":[{"name":"wp","href":"https:\/\/api.w.org\/{rel}","templated":true}]}}