{"id":368993,"date":"2024-01-08T05:17:42","date_gmt":"2024-01-08T04:17:42","guid":{"rendered":"https:\/\/www.radiopiu.net\/wordpress\/?p=368993"},"modified":"2024-01-08T05:19:00","modified_gmt":"2024-01-08T04:19:00","slug":"polemiche-di-inizio-an","status":"publish","type":"post","link":"https:\/\/www.radiopiu.net\/wordpress\/polemiche-di-inizio-an\/","title":{"rendered":"POLEMICHE DI INIZIO ANNO, NEL MIRINO LA PROVINCIA\u00a0"},"content":{"rendered":"<h4><\/h4>\n<p><strong><a class=\"dt-pswp-item\" href=\"https:\/\/www.radiopiu.net\/wordpress\/wp-content\/uploads\/2018\/03\/maestri-gelatieri_piste_zoldo.jpg\" data-dt-img-description=\"\" data-large_image_width=\"4512\" data-large_image_height=\"3000\"><img loading=\"lazy\" decoding=\"async\" class=\"wp-image-45275 alignleft\" src=\"https:\/\/www.radiopiu.net\/wordpress\/wp-content\/uploads\/2018\/03\/maestri-gelatieri_piste_zoldo-300x199.jpg\" alt=\"\" width=\"219\" height=\"145\" srcset=\"https:\/\/www.radiopiu.net\/wordpress\/wp-content\/uploads\/2018\/03\/maestri-gelatieri_piste_zoldo-300x199.jpg 300w, https:\/\/www.radiopiu.net\/wordpress\/wp-content\/uploads\/2018\/03\/maestri-gelatieri_piste_zoldo-768x511.jpg 768w, https:\/\/www.radiopiu.net\/wordpress\/wp-content\/uploads\/2018\/03\/maestri-gelatieri_piste_zoldo-1024x681.jpg 1024w\" sizes=\"auto, (max-width: 219px) 100vw, 219px\" \/><\/a>VAL DI ZOLDO<\/strong> Controversa situazione attorno alla seggiovia Pioda di Palafavera. Nonostante la societ\u00e0 abbia ottenuto contributi regionali per il rifacimento e l&#8217;ammodernamento dell&#8217;impianto, il progetto non ha ancora ottenuto l&#8217;approvazione dagli uffici provinciali, scatenando una protesta che include inviti al mailbombing, striscioni di protesta e cartoline di sdegno lasciate sulle auto degli sciatori. Il intervento \u00e8 cruciale per eliminare un ostacolo nel comprensorio del Civetta, beneficiando altre societ\u00e0 nella zona. Il costo dell&#8217;operazione \u00e8 di 6 milioni, con la societ\u00e0 che dovr\u00e0 anticipare la somma prima di ricevere il contributo regionale di 3 milioni.<\/p>\n<p>&nbsp;<\/p>\n","protected":false},"excerpt":{"rendered":"<p>VAL DI ZOLDO Controversa situazione attorno alla seggiovia Pioda di Palafavera. Nonostante la societ\u00e0 abbia ottenuto contributi regionali per il rifacimento e l&#8217;ammodernamento dell&#8217;impianto, il progetto non ha ancora ottenuto l&#8217;approvazione dagli uffici provinciali, scatenando una protesta che include inviti al mailbombing, striscioni di protesta e cartoline di sdegno lasciate sulle auto degli sciatori. Il&hellip;<\/p>\n","protected":false},"author":4,"featured_media":45275,"comment_status":"closed","ping_status":"closed","sticky":false,"template":"","format":"standard","meta":{"_monsterinsights_skip_tracking":false,"_monsterinsights_sitenote_active":false,"_monsterinsights_sitenote_note":"","_monsterinsights_sitenote_category":0,"footnotes":""},"categories":[51,49],"tags":[],"class_list":["post-368993","post","type-post","status-publish","format-standard","has-post-thumbnail","hentry","category-evidenza-top","category-news-18","category-51","category-49","description-off"],"img_url":"https:\/\/www.radiopiu.net\/wordpress\/wp-content\/uploads\/2018\/03\/maestri-gelatieri_piste_zoldo.jpg","_links":{"self":[{"href":"https:\/\/www.radiopiu.net\/wordpress\/wp-json\/wp\/v2\/posts\/368993","targetHints":{"allow":["GET"]}}],"collection":[{"href":"https:\/\/www.radiopiu.net\/wordpress\/wp-json\/wp\/v2\/posts"}],"about":[{"href":"https:\/\/www.radiopiu.net\/wordpress\/wp-json\/wp\/v2\/types\/post"}],"author":[{"embeddable":true,"href":"https:\/\/www.radiopiu.net\/wordpress\/wp-json\/wp\/v2\/users\/4"}],"replies":[{"embeddable":true,"href":"https:\/\/www.radiopiu.net\/wordpress\/wp-json\/wp\/v2\/comments?post=368993"}],"version-history":[{"count":0,"href":"https:\/\/www.radiopiu.net\/wordpress\/wp-json\/wp\/v2\/posts\/368993\/revisions"}],"wp:featuredmedia":[{"embeddable":true,"href":"https:\/\/www.radiopiu.net\/wordpress\/wp-json\/wp\/v2\/media\/45275"}],"wp:attachment":[{"href":"https:\/\/www.radiopiu.net\/wordpress\/wp-json\/wp\/v2\/media?parent=368993"}],"wp:term":[{"taxonomy":"category","embeddable":true,"href":"https:\/\/www.radiopiu.net\/wordpress\/wp-json\/wp\/v2\/categories?post=368993"},{"taxonomy":"post_tag","embeddable":true,"href":"https:\/\/www.radiopiu.net\/wordpress\/wp-json\/wp\/v2\/tags?post=368993"}],"curies":[{"name":"wp","href":"https:\/\/api.w.org\/{rel}","templated":true}]}}