{"id":369057,"date":"2024-01-09T05:40:25","date_gmt":"2024-01-09T04:40:25","guid":{"rendered":"https:\/\/www.radiopiu.net\/wordpress\/?p=369057"},"modified":"2024-01-09T06:00:10","modified_gmt":"2024-01-09T05:00:10","slug":"soccorso-alpino-rinnovati-i-capi-e-i-vicecapi-per-il-triennio-24-26","status":"publish","type":"post","link":"https:\/\/www.radiopiu.net\/wordpress\/soccorso-alpino-rinnovati-i-capi-e-i-vicecapi-per-il-triennio-24-26\/","title":{"rendered":"SOCCORSO ALPINO. RINNOVATI I CAPI E I VICECAPI PER IL TRIENNIO 24\/26"},"content":{"rendered":"<p>***<\/p>\n<p>&nbsp;<\/p>\n<p>&nbsp;<\/p>\n<p><strong><a class=\"dt-pswp-item\" href=\"https:\/\/www.radiopiu.net\/wordpress\/wp-content\/uploads\/2024\/01\/IMG-20231225-WA0005.jpg\" data-dt-img-description=\"\" data-large_image_width=\"1024\" data-large_image_height=\"768\"><img loading=\"lazy\" decoding=\"async\" class=\" wp-image-369058 alignleft\" src=\"https:\/\/www.radiopiu.net\/wordpress\/wp-content\/uploads\/2024\/01\/IMG-20231225-WA0005-300x225.jpg\" alt=\"\" width=\"232\" height=\"174\" srcset=\"https:\/\/www.radiopiu.net\/wordpress\/wp-content\/uploads\/2024\/01\/IMG-20231225-WA0005-300x225.jpg 300w, https:\/\/www.radiopiu.net\/wordpress\/wp-content\/uploads\/2024\/01\/IMG-20231225-WA0005-768x576.jpg 768w, https:\/\/www.radiopiu.net\/wordpress\/wp-content\/uploads\/2024\/01\/IMG-20231225-WA0005.jpg 1024w\" sizes=\"auto, (max-width: 232px) 100vw, 232px\" \/><\/a>REDAZIONE\u00a0<\/strong> Le nomine per il triennio 2024\/2026 nelle Stazioni del Soccorso Alpino e Speleologico Veneto vedono la conferma di molti soccorritori ai vertici, mentre alcuni capi storici lasciano il loro incarico. Cambiamenti includono inversione di ruoli ad Alleghe, nuova nomina a Feltre, e nuovi vice in diverse stazioni. Le Stazioni di Agordo, Alpago, Auronzo di Cadore, Belluno, Cortina d&#8217;Ampezzo, Feltre, Livinallongo, Longarone, Pieve di Cadore, San Vito di Cadore, Val Biois, Val Comelico, Val Pettorina, Val di Zoldo, Pedemontana del Grappa, e Prealpi Trevigiane hanno annunciato le nuove leadership.<\/p>\n<p><strong>Queste le nomine nella II Delegazione Dolomiti Bellunesi.<\/strong><\/p>\n<p>Agordo confermati sia il capo Diego Favero, che il vice Paolo Mazzucco; inversione dei ruoli ad Alleghe con Simone Chenet che diventa capo e Alessandro Rudatis suo vice. Invariata la reggenza in Alpago, restano capo Vittorio Stoka e vicecapo Christian De Pra, come ad Auronzo di Cadore, capo Franco Zandegiacomo Mistrotione e vice Michele Crolla. Nella Stazione di Belluno Gianpaolo Sani \u00e8 confermato, mentre lo affiancher\u00e0 come vice Riccardo Foppa, al posto di Alessandro Raccanello; per il Centro Cadore subentra come capo a Maurizio Bergamo (15 anni tra capo e vice) il suo vice Alessandro Valmassoni, affiancato da Luca Doriguzzi. A Cortina <a class=\"dt-pswp-item\" href=\"https:\/\/www.radiopiu.net\/wordpress\/wp-content\/uploads\/2024\/01\/IMG-20231227-WA0005.jpg\" data-dt-img-description=\"\" data-large_image_width=\"2048\" data-large_image_height=\"1536\"><img loading=\"lazy\" decoding=\"async\" class=\"size-medium wp-image-369059 alignright\" src=\"https:\/\/www.radiopiu.net\/wordpress\/wp-content\/uploads\/2024\/01\/IMG-20231227-WA0005-300x225.jpg\" alt=\"\" width=\"300\" height=\"225\" srcset=\"https:\/\/www.radiopiu.net\/wordpress\/wp-content\/uploads\/2024\/01\/IMG-20231227-WA0005-300x225.jpg 300w, https:\/\/www.radiopiu.net\/wordpress\/wp-content\/uploads\/2024\/01\/IMG-20231227-WA0005-1024x768.jpg 1024w, https:\/\/www.radiopiu.net\/wordpress\/wp-content\/uploads\/2024\/01\/IMG-20231227-WA0005-768x576.jpg 768w, https:\/\/www.radiopiu.net\/wordpress\/wp-content\/uploads\/2024\/01\/IMG-20231227-WA0005-1536x1152.jpg 1536w, https:\/\/www.radiopiu.net\/wordpress\/wp-content\/uploads\/2024\/01\/IMG-20231227-WA0005.jpg 2048w\" sizes=\"auto, (max-width: 300px) 100vw, 300px\" \/><\/a>d\u2019Ampezzo \u00e8 ancora capo Roberto Santuz, con lui Manuel Soccol. A Feltre rimane capo Franco Casanova, nuova nomina per Marco Piazzetta al posto di Michele Rech come vice. Confermato a Livinallongo Giorgio Sorarui, mentre al posto di Marino Zorz (dopo 26 anni ai vertici della Stazione) diventa vice Andrea Dorigo. A Longarone conferma per il capo Diego Manarin, suo vice \u00e8 stato eletto Alessandro De Bona al posto di Fabio Bergamin. Il Soccorso alpino di Pieve di Cadore ha eletto Giuliano Baracco, vicecapo dopo Marco Da Col (per 14 anni capo o vice) \u00e8 stato nominato Enrico Gatto. A San Vito di Cadore restano sia Nicola Cherubin, che Ugo Brugiolo. Cambio in Val Biois, a Fabrizio Scola, che diventa vice, subentra Kristian Zus. Cecilia De Filippo lascia il posto di capo a Gino De Zolt in Val Comelico, Mattia Bergagnin \u00e8 il nuovo vice. La Val Pettorina riconferma Alessandro Darman, suo vice al posto di Francesco Fersuoch sar\u00e0 Andrea Darman. Invariata la situazione per la Val di Zoldo con Giovanni De Rocco e Luisa De Zaiacomo.<\/p>\n<p>&nbsp;<\/p>\n<blockquote>\n<h3>SOCCORSO ALPINO. NUOVI VERTICI DELLE STAZIONI IN VENETO. ZAIA, \u201cBUON LAVORO AGLI ANGELI DELLA MONTAGNA\u201d<\/h3>\n<\/blockquote>\n<p><em>\u201cGli uomini e le donne del Soccorso Alpino e Speleologico sono veri e propri angeli che spesso mettono a repentaglio la loro incolumit\u00e0 per salvare la vita agli altri. A loro va tutta la nostra riconoscenza e ai nuovi vertici delle varie stazioni del Veneto il pi\u00f9 caloroso augurio di buon lavoro. Proprio in questo periodo \u2013\u00a0 dice il Governatore \u2013 non passa giorno che non si abbia notizia di interventi, via terra o con l\u2019elicottero, molti dei quali pericolosi, da parte di soccorritori del Cnsas, chiamati a salvare frequentatori delle montagne, spesso inesperti o imprudenti, che si trovano in situazioni di difficolt\u00e0. Loro, donne e uomini del Soccorso Alpino, la montagna la amano e la conoscono come pochi, ma la conoscenza \u00e8 in questo caso affiancata da generosit\u00e0 e altruismo che li spingono anche oltre la soglia di sicurezza per salvare una vita o prestare soccorso a un infortunato. Sono certo\u00a0 che i nuovi dirigenti delle Stazioni continueranno a tenere altissimo il valore del loro operato e guadagnarsi, una volta di pi\u00f9, tutta la nostra riconoscenza\u201d.\u00a0<\/em><\/p>\n<p>&nbsp;<\/p>\n<p>&nbsp;<\/p>\n<hr \/>\n<p>&nbsp;<\/p>\n","protected":false},"excerpt":{"rendered":"<p>*** &nbsp; &nbsp; REDAZIONE\u00a0 Le nomine per il triennio 2024\/2026 nelle Stazioni del Soccorso Alpino e Speleologico Veneto vedono la conferma di molti soccorritori ai vertici, mentre alcuni capi storici lasciano il loro incarico. Cambiamenti includono inversione di ruoli ad Alleghe, nuova nomina a Feltre, e nuovi vice in diverse stazioni. Le Stazioni di Agordo,&hellip;<\/p>\n","protected":false},"author":4,"featured_media":369058,"comment_status":"closed","ping_status":"closed","sticky":false,"template":"","format":"standard","meta":{"_monsterinsights_skip_tracking":false,"_monsterinsights_sitenote_active":false,"_monsterinsights_sitenote_note":"","_monsterinsights_sitenote_category":0,"footnotes":""},"categories":[51,49],"tags":[],"class_list":["post-369057","post","type-post","status-publish","format-standard","has-post-thumbnail","hentry","category-evidenza-top","category-news-18","category-51","category-49","description-off"],"img_url":"https:\/\/www.radiopiu.net\/wordpress\/wp-content\/uploads\/2024\/01\/IMG-20231225-WA0005.jpg","_links":{"self":[{"href":"https:\/\/www.radiopiu.net\/wordpress\/wp-json\/wp\/v2\/posts\/369057","targetHints":{"allow":["GET"]}}],"collection":[{"href":"https:\/\/www.radiopiu.net\/wordpress\/wp-json\/wp\/v2\/posts"}],"about":[{"href":"https:\/\/www.radiopiu.net\/wordpress\/wp-json\/wp\/v2\/types\/post"}],"author":[{"embeddable":true,"href":"https:\/\/www.radiopiu.net\/wordpress\/wp-json\/wp\/v2\/users\/4"}],"replies":[{"embeddable":true,"href":"https:\/\/www.radiopiu.net\/wordpress\/wp-json\/wp\/v2\/comments?post=369057"}],"version-history":[{"count":0,"href":"https:\/\/www.radiopiu.net\/wordpress\/wp-json\/wp\/v2\/posts\/369057\/revisions"}],"wp:featuredmedia":[{"embeddable":true,"href":"https:\/\/www.radiopiu.net\/wordpress\/wp-json\/wp\/v2\/media\/369058"}],"wp:attachment":[{"href":"https:\/\/www.radiopiu.net\/wordpress\/wp-json\/wp\/v2\/media?parent=369057"}],"wp:term":[{"taxonomy":"category","embeddable":true,"href":"https:\/\/www.radiopiu.net\/wordpress\/wp-json\/wp\/v2\/categories?post=369057"},{"taxonomy":"post_tag","embeddable":true,"href":"https:\/\/www.radiopiu.net\/wordpress\/wp-json\/wp\/v2\/tags?post=369057"}],"curies":[{"name":"wp","href":"https:\/\/api.w.org\/{rel}","templated":true}]}}