{"id":369107,"date":"2024-01-18T05:18:44","date_gmt":"2024-01-18T04:18:44","guid":{"rendered":"https:\/\/www.radiopiu.net\/wordpress\/?p=369107"},"modified":"2024-01-18T05:40:49","modified_gmt":"2024-01-18T04:40:49","slug":"in-corea-con-vanessa-orgoglio-sci-club-val-biois","status":"publish","type":"post","link":"https:\/\/www.radiopiu.net\/wordpress\/in-corea-con-vanessa-orgoglio-sci-club-val-biois\/","title":{"rendered":"IN COREA CON VANESSA, ORGOGLIO SCI CLUB VAL BIOIS"},"content":{"rendered":"<p>*****<\/p>\n<p><span style=\"color: #ff0000;\"><strong>DA RADIO PIU&#8217;:<\/strong><\/span> complimenti ed in bocca al lupo a Vanessa Cagnati dello Sci Club Val Biois, tra le convocate della rappresentativa italiana alle Olimpiadi invernali giovani in programma da domani in Corea del Sud.<\/p>\n<p><strong>archivio radiopiu, 8 GENNAIO 2024<\/strong><\/p>\n<p><strong><a class=\"dt-pswp-item\" href=\"https:\/\/www.radiopiu.net\/wordpress\/wp-content\/uploads\/2024\/01\/vanessa-cagnati-sappada-17-dic-2023-Copia.jpg\" data-dt-img-description=\"\" data-large_image_width=\"1200\" data-large_image_height=\"800\"><img loading=\"lazy\" decoding=\"async\" class=\" wp-image-369109 alignleft\" src=\"https:\/\/www.radiopiu.net\/wordpress\/wp-content\/uploads\/2024\/01\/vanessa-cagnati-sappada-17-dic-2023-Copia-300x200.jpg\" alt=\"\" width=\"158\" height=\"105\" srcset=\"https:\/\/www.radiopiu.net\/wordpress\/wp-content\/uploads\/2024\/01\/vanessa-cagnati-sappada-17-dic-2023-Copia-300x200.jpg 300w, https:\/\/www.radiopiu.net\/wordpress\/wp-content\/uploads\/2024\/01\/vanessa-cagnati-sappada-17-dic-2023-Copia-1024x683.jpg 1024w, https:\/\/www.radiopiu.net\/wordpress\/wp-content\/uploads\/2024\/01\/vanessa-cagnati-sappada-17-dic-2023-Copia-768x512.jpg 768w, https:\/\/www.radiopiu.net\/wordpress\/wp-content\/uploads\/2024\/01\/vanessa-cagnati-sappada-17-dic-2023-Copia.jpg 1200w\" sizes=\"auto, (max-width: 158px) 100vw, 158px\" \/><\/a>REDAZIONE<\/strong> \u00c8 stata annunciata ufficialmente la squadra italiana che parteciper\u00e0 ai Giochi Olimpici Giovanili Invernali (YOG) di Gangwon 2024. Il Presidente del CONI, Giovanni Malag\u00f2, e il Segretario Generale, Carlo Mornati, hanno presentato l&#8217;Italia Team durante un evento presso l&#8217;Allianz Tower di Milano. Flora Tabanelli sar\u00e0 la portabandiera della squadra italiana. Tra i convocati anche Vanessa Cagnati, l&#8217;atleta di Canale D&#8217;Agordo che nell&#8217;ultimo periodo ha saputo farsi notare per gli ottimi risultati con lo Sci Club Val Biois. Far\u00e0 parte dei 74 atleti convocati per i giochi e sar\u00e0 tra i 6 che faranno la sua parte nello sci nordico.<\/p>\n<p>(FOTO: FISI Veneto)<\/p>\n<p><strong>MATTEO CAGNATI, SCI CLUB VAL BIOIS<\/strong><\/p>\n<audio class=\"wp-audio-shortcode\" id=\"audio-369107-1\" preload=\"none\" style=\"width: 100%;\" controls=\"controls\"><source type=\"audio\/mpeg\" src=\"https:\/\/www.radiopiu.net\/wordpress\/wp-content\/uploads\/2024\/01\/MATTEO-CAGANATI-PER-CONVOCAZIONE-VANESSA.mp3?_=1\" \/><a href=\"https:\/\/www.radiopiu.net\/wordpress\/wp-content\/uploads\/2024\/01\/MATTEO-CAGANATI-PER-CONVOCAZIONE-VANESSA.mp3\">https:\/\/www.radiopiu.net\/wordpress\/wp-content\/uploads\/2024\/01\/MATTEO-CAGANATI-PER-CONVOCAZIONE-VANESSA.mp3<\/a><\/audio>\n<p>&nbsp;<\/p>\n<p>&nbsp;<\/p>\n<p>******<\/p>\n","protected":false},"excerpt":{"rendered":"<p>***** DA RADIO PIU&#8217;: complimenti ed in bocca al lupo a Vanessa Cagnati dello Sci Club Val Biois, tra le convocate della rappresentativa italiana alle Olimpiadi invernali giovani in programma da domani in Corea del Sud. archivio radiopiu, 8 GENNAIO 2024 REDAZIONE \u00c8 stata annunciata ufficialmente la squadra italiana che parteciper\u00e0 ai Giochi Olimpici Giovanili&hellip;<\/p>\n","protected":false},"author":4,"featured_media":369109,"comment_status":"closed","ping_status":"closed","sticky":false,"template":"","format":"standard","meta":{"_monsterinsights_skip_tracking":false,"_monsterinsights_sitenote_active":false,"_monsterinsights_sitenote_note":"","_monsterinsights_sitenote_category":0,"footnotes":""},"categories":[51,49],"tags":[],"class_list":["post-369107","post","type-post","status-publish","format-standard","has-post-thumbnail","hentry","category-evidenza-top","category-news-18","category-51","category-49","description-off"],"img_url":"https:\/\/www.radiopiu.net\/wordpress\/wp-content\/uploads\/2024\/01\/vanessa-cagnati-sappada-17-dic-2023-Copia.jpg","_links":{"self":[{"href":"https:\/\/www.radiopiu.net\/wordpress\/wp-json\/wp\/v2\/posts\/369107","targetHints":{"allow":["GET"]}}],"collection":[{"href":"https:\/\/www.radiopiu.net\/wordpress\/wp-json\/wp\/v2\/posts"}],"about":[{"href":"https:\/\/www.radiopiu.net\/wordpress\/wp-json\/wp\/v2\/types\/post"}],"author":[{"embeddable":true,"href":"https:\/\/www.radiopiu.net\/wordpress\/wp-json\/wp\/v2\/users\/4"}],"replies":[{"embeddable":true,"href":"https:\/\/www.radiopiu.net\/wordpress\/wp-json\/wp\/v2\/comments?post=369107"}],"version-history":[{"count":0,"href":"https:\/\/www.radiopiu.net\/wordpress\/wp-json\/wp\/v2\/posts\/369107\/revisions"}],"wp:featuredmedia":[{"embeddable":true,"href":"https:\/\/www.radiopiu.net\/wordpress\/wp-json\/wp\/v2\/media\/369109"}],"wp:attachment":[{"href":"https:\/\/www.radiopiu.net\/wordpress\/wp-json\/wp\/v2\/media?parent=369107"}],"wp:term":[{"taxonomy":"category","embeddable":true,"href":"https:\/\/www.radiopiu.net\/wordpress\/wp-json\/wp\/v2\/categories?post=369107"},{"taxonomy":"post_tag","embeddable":true,"href":"https:\/\/www.radiopiu.net\/wordpress\/wp-json\/wp\/v2\/tags?post=369107"}],"curies":[{"name":"wp","href":"https:\/\/api.w.org\/{rel}","templated":true}]}}