{"id":369205,"date":"2024-01-09T07:55:38","date_gmt":"2024-01-09T06:55:38","guid":{"rendered":"https:\/\/www.radiopiu.net\/wordpress\/?p=369205"},"modified":"2024-01-09T08:02:47","modified_gmt":"2024-01-09T07:02:47","slug":"dal-1983-la-rassegna-stampasa-13","status":"publish","type":"post","link":"https:\/\/www.radiopiu.net\/wordpress\/dal-1983-la-rassegna-stampasa-13\/","title":{"rendered":"DAL 1983 LA RASSEGNA STAMPA LOCALE di mirko mezzacasa"},"content":{"rendered":"<p>***<\/p>\n<p>&nbsp;<\/p>\n<p><iframe loading=\"lazy\" title=\"DAL 1983 LA RASSEGNA STAMPA LOCALE di mirko mezzacasa. L&#039;ORIGINALE\" width=\"1200\" height=\"675\" src=\"https:\/\/www.youtube.com\/embed\/uNWlB9DpCJM?feature=oembed\" frameborder=\"0\" allow=\"accelerometer; autoplay; clipboard-write; encrypted-media; gyroscope; picture-in-picture; web-share\" allowfullscreen><\/iframe><\/p>\n<p>&nbsp;<\/p>\n<p>&nbsp;<\/p>\n<p><img loading=\"lazy\" decoding=\"async\" class=\"alignleft\" src=\"https:\/\/www.radiopiu.net\/wordpress\/wp-content\/uploads\/2024\/01\/COPRTINA.png\" width=\"245\" height=\"163\" \/>ADDIO A BEATRICE, A MUGNAI UN VUOTO SPECIALE F<br \/>\nFELTRE Beatrice Cassol, 17 anni, affetta da problemi motori, \u00e8 mancata in casa a Mugnai a causa di una crisi, con lei c\u2019erano i genitiori. La ragazza frequentava una scuola speciale.<br \/>\nBORGO VALBELLUNA Un uomo si \u00e8 spacciato per il padre di un bambino in una scuola di Mel, chiedendo di portarlo via anticipatamente. Gli insegnanti hanno scoperto l\u2019inganno prima che si verificassero conseguenze. Il preside ha informato tutte le famiglie tramite una circolare, evidenziando la necessit\u00e0 di attenzione e verifiche approfondite prima di autorizzare il ritiro anticipato degli studenti<br \/>\nPONTE NELLE ALPI Alle 19 di ieri sera le baby gang si sono fronteggiate. Rissa interrotta dopo la telefonata di un passeggero del treno al 113. Sono spuntate mazze da baseball, bastoni e catene. Nessun ferito da pronto soccorso. Ora le Forze dell\u2019ordiene vaglieranno i filmati delle telecamere per dare un nome ai fenomeni dell\u2019incivilt\u00e0.<br \/>\nSOSPIROLO piange la scomparsa di Rosanna Piccolotto, 84 anni, figura chiave nel volontariato e associazionismo locale, fondatrice della Pro Loco Monti del Sole e gestore del bar Piccolotto. Ha contribuito attivamente alla crescita dell\u2019associazione e si \u00e8 distinta per il suo impegno nella valorizzazione delle tradizioni. Funerali domani alle 15 nell\u2019arcipretale di Sospirolo.<br \/>\nREDAZIONE L\u2019elicottero del Suem 118 si \u00e8 alzato in volo ieri mattina poco dopo le 9 in direzione Selva di Cadore dove una donna di 44 anni del posto era stata colpita da un ictus. La donna \u00e8 stata elitrasportata al San Martino di Belluno in codice rosso. I sanitari sono riusciti ad intervenire in tempo ed ora non \u00e8 in pericolo di vita.<br \/>\nTAIBON Rallentamenti lungo la 203 agordina in localit\u00e0 Nogarola, fronte Autocar San Lucano. Violento tamponamento nel pomeriggio di ieri. Coinvolto un furgone che si stava immettendo in strada e un auto che sopraggiungeva con direzione Agordo-Cencenighe. Fortunatamente nessuna conseguenza per conducenti e passeggeri \u201cfrustrati\u201d dagli airbag.<br \/>\nLA CURIOSITA\u2019\u2026 E IL PRECEDENTE SAN GREGORIO NELLE ALPI Una signora riceve un risarcimento di 486 euro dal Comune dopo una caduta dovuta a cubetti di porfido smossi in via XXXI Ottobre. L\u2019incidente avvenuto a maggio ha causato lesioni e danni agli occhiali<br \/>\nCINQUE ANNI FA UN INCENDIO DISTRUGGEVA CASERA DI MALGA FOCA<br \/>\nDI TIZIANO DE COL nel giornale radiopiu:_ Cinque anni orsono, proprio in questi giorni, precisamente il 13 gennaio 2019, a causa di un incendio andava praticamente distrutta la Cas\u00e8ra di Malga Foca, ristrutturata dal Comune di La Valle nel 2004.<br \/>\nANNO NUOVO, PROBLEMI VECCHI. IL 2024 SI PORTA CON SE\u2019\u2026 LA DOLOMITIBUS<br \/>\nBELLUNO Dolomitibus ha tagliato oltre 30 corse nel servizio di trasporto pubblico alla ripresa delle lezioni, provocando disagi<br \/>\nALLEGHE Condannato a cinque mesi di reclusione per aver preso a sassate l\u2019auto di un carabiniere \u00f9<br \/>\nALLEGHE Un alleghese ha contestato l\u2019etilometro dopo essere stato fermato per guida in stato di ebbrezza. Nonostante il suo ricorso sia stato dichiarato inammissibile dalla Corte di Cassazione poco pi\u00f9 di un mese fa, aveva cercato di contestare l\u2019omologazione e le revisioni periodiche dell\u2019apparecchio. La Cassazione ha definitivamente respinto il ricorso, confermando la sentenza di condanna.<br \/>\ncanale d&#8217;agordo IL MUSAL ANNUNCIA UNA BIBLIOTECA A SCAFFALE APERTO NELLA MANSARDA DEL MUSEO<br \/>\nbelluno RIPRENDONO I LAVORI ALLA MEDIATECA DELLE DOLOMITI A PALAZZO CREPADONA<br \/>\nagordo LIBERA AGORDINO DONA 816 EURO A BELLUNO DONNA<br \/>\nNUOVA VITA PER IL \u2018LOLLINO\u2019 GRAZIE A \u2018SCUOLE PER CRESCERE\u2019. IERI SERA DAL TG BELLUNESE DI ANTENNA 3, ORE 19.30 CANALE 10 DIGITALE TERRESTRE. E OGNI SERA ALLE 19 SU RADIO PIU\u2019 LE ANTICIPAZIONI<br \/>\nLOZZO DI CADORE Oggi alle 18 in Sala Pellegrini a Lozzo di Cadore si svolger\u00e0 una conferenza aperta a tutti per parlare di scuola e istruzione e del loro futuro. Interverranno il dott. Michele Sardo, dirigente scolastico e formatore, e Serenella Bogana, Consigliere provinciale all&#8217;istruzione.<br \/>\nCENCENIGHE L&#8217;amministrazione comunale e la Pro Loco di Cencenighe organizzano tre giorni di festa per la Sagra di Sant&#8217;Antone. Domenica alle 14 al Nof Fil\u00f2 il torneo di scarabocio. Mercoled\u00ec 17 la santa messa alle 18. Domenica 21 il pranzo con i nonni: alle 10 la santa messa e alle 12 il pranzo al Nof Fil\u00f2 con ospiti d&#8217;onore i nonni.<\/p>\n<p>SCI NORDICO VANESSA CAGNATI CONVOCATA PER I GIOCHI OLIMPICI INVERNALI GIOVANILI<br \/>\nSCI ALPINISMO OTTIMO INIZIO AGLI EUROPEI DI SCI ALPINISMO PER MARTINA SCOLA<br \/>\nCALCIO A 5 GIESSE PER LO SPORT\u2026CON LA CANOTTIERI BELLUNO CALCIO A 5 OGGI ALLE 13.20 LO SPECIALE ALLA RADIO PUNTATA 12 &#8211; 08 GENNAIO 2024 UNDICESIMA GIORNATA SERIE A 2 GIRONE A CANOTTIERI BELLUNO &#8211; VILLORBA 4-3<\/p>\n<p>&nbsp;<\/p>\n<p>&nbsp;<\/p>\n<p>&nbsp;<\/p>\n<p>&nbsp;<\/p>\n<hr \/>\n<p>&nbsp;<\/p>\n<p>&nbsp;<\/p>\n<p>&nbsp;<\/p>\n<p>&nbsp;<\/p>\n<p>&nbsp;<\/p>\n<p>&nbsp;<\/p>\n","protected":false},"excerpt":{"rendered":"<p>*** &nbsp; &nbsp; &nbsp; ADDIO A BEATRICE, A MUGNAI UN VUOTO SPECIALE F FELTRE Beatrice Cassol, 17 anni, affetta da problemi motori, \u00e8 mancata in casa a Mugnai a causa di una crisi, con lei c\u2019erano i genitiori. La ragazza frequentava una scuola speciale. BORGO VALBELLUNA Un uomo si \u00e8 spacciato per il padre di&hellip;<\/p>\n","protected":false},"author":4,"featured_media":369206,"comment_status":"closed","ping_status":"closed","sticky":false,"template":"","format":"standard","meta":{"_monsterinsights_skip_tracking":false,"_monsterinsights_sitenote_active":false,"_monsterinsights_sitenote_note":"","_monsterinsights_sitenote_category":0,"footnotes":""},"categories":[104,49,142],"tags":[],"class_list":["post-369205","post","type-post","status-publish","format-standard","has-post-thumbnail","hentry","category-evidenza_3","category-news-18","category-rassegna-stampa","category-104","category-49","category-142","description-off"],"img_url":"https:\/\/www.radiopiu.net\/wordpress\/wp-content\/uploads\/2024\/01\/COPRTINA.png","_links":{"self":[{"href":"https:\/\/www.radiopiu.net\/wordpress\/wp-json\/wp\/v2\/posts\/369205","targetHints":{"allow":["GET"]}}],"collection":[{"href":"https:\/\/www.radiopiu.net\/wordpress\/wp-json\/wp\/v2\/posts"}],"about":[{"href":"https:\/\/www.radiopiu.net\/wordpress\/wp-json\/wp\/v2\/types\/post"}],"author":[{"embeddable":true,"href":"https:\/\/www.radiopiu.net\/wordpress\/wp-json\/wp\/v2\/users\/4"}],"replies":[{"embeddable":true,"href":"https:\/\/www.radiopiu.net\/wordpress\/wp-json\/wp\/v2\/comments?post=369205"}],"version-history":[{"count":0,"href":"https:\/\/www.radiopiu.net\/wordpress\/wp-json\/wp\/v2\/posts\/369205\/revisions"}],"wp:featuredmedia":[{"embeddable":true,"href":"https:\/\/www.radiopiu.net\/wordpress\/wp-json\/wp\/v2\/media\/369206"}],"wp:attachment":[{"href":"https:\/\/www.radiopiu.net\/wordpress\/wp-json\/wp\/v2\/media?parent=369205"}],"wp:term":[{"taxonomy":"category","embeddable":true,"href":"https:\/\/www.radiopiu.net\/wordpress\/wp-json\/wp\/v2\/categories?post=369205"},{"taxonomy":"post_tag","embeddable":true,"href":"https:\/\/www.radiopiu.net\/wordpress\/wp-json\/wp\/v2\/tags?post=369205"}],"curies":[{"name":"wp","href":"https:\/\/api.w.org\/{rel}","templated":true}]}}