{"id":369329,"date":"2024-01-11T05:41:52","date_gmt":"2024-01-11T04:41:52","guid":{"rendered":"https:\/\/www.radiopiu.net\/wordpress\/?p=369329"},"modified":"2024-01-11T14:37:09","modified_gmt":"2024-01-11T13:37:09","slug":"giornale-r","status":"publish","type":"post","link":"https:\/\/www.radiopiu.net\/wordpress\/giornale-r\/","title":{"rendered":"GIORNALE RADIOPIU 11 GENNAIO 2024 DIRETTORE MIRKO MEZZACASA\u2026DA 40 ANNI 25 GIUGNO 1983-25 GIUGNO 2023"},"content":{"rendered":"<h1>***<\/h1>\n<p>&nbsp;<\/p>\n<p>&nbsp;<\/p>\n<p><a class=\"dt-pswp-item\" href=\"https:\/\/www.radiopiu.net\/wordpress\/wp-content\/uploads\/2024\/01\/Senza-nome-19.png\" data-dt-img-description=\"\" data-large_image_width=\"387\" data-large_image_height=\"84\"><img loading=\"lazy\" decoding=\"async\" class=\"wp-image-368996 size-full aligncenter\" src=\"https:\/\/www.radiopiu.net\/wordpress\/wp-content\/uploads\/2024\/01\/Senza-nome-19.png\" alt=\"\" width=\"387\" height=\"84\" srcset=\"https:\/\/www.radiopiu.net\/wordpress\/wp-content\/uploads\/2024\/01\/Senza-nome-19.png 387w, https:\/\/www.radiopiu.net\/wordpress\/wp-content\/uploads\/2024\/01\/Senza-nome-19-300x65.png 300w\" sizes=\"auto, (max-width: 387px) 100vw, 387px\" \/><\/a><\/p>\n<p>&nbsp;<\/p>\n<h1 class=\"entry-title photoswipe-wrapper\"><strong><a class=\"dt-pswp-item\" href=\"https:\/\/www.radiopiu.net\/wordpress\/wp-content\/uploads\/2023\/12\/logo-radio.jpg\" data-dt-img-description=\"\" data-large_image_width=\"800\" data-large_image_height=\"600\"><img loading=\"lazy\" decoding=\"async\" class=\"wp-image-367163 alignleft\" src=\"https:\/\/www.radiopiu.net\/wordpress\/wp-content\/uploads\/2023\/12\/logo-radio-300x225.jpg\" alt=\"\" width=\"109\" height=\"82\" srcset=\"https:\/\/www.radiopiu.net\/wordpress\/wp-content\/uploads\/2023\/12\/logo-radio-300x225.jpg 300w, https:\/\/www.radiopiu.net\/wordpress\/wp-content\/uploads\/2023\/12\/logo-radio-768x576.jpg 768w, https:\/\/www.radiopiu.net\/wordpress\/wp-content\/uploads\/2023\/12\/logo-radio.jpg 800w\" sizes=\"auto, (max-width: 109px) 100vw, 109px\" \/><\/a><\/strong><\/h1>\n<h1 class=\"entry-title photoswipe-wrapper\">40esimo di RADIOPIU\u2026. LA VOCE DELL\u2019EMOZIONE<\/h1>\n<h2><span style=\"color: #ff0000;\">ISCRIVITI AL NOSTRO CANALE\u00a0\u00a0YOUTUBE PER SEGUIRE IN DIRETTA I PRINCIPALI PROGRAMMI DI RADIO PIU\u2019 E LE FUTURE DIRETTE IN ESTERNA. PER ISCRIVERTI <a style=\"color: #ff0000;\" href=\"https:\/\/youtube.com\/@radiopiu1527\">CLICCA QUI\u00a0<\/a>E PREMI\u00a0 \u201cIscriviti\u201d\u00a0\u00a0<\/span><\/h2>\n<p>&nbsp;<\/p>\n<p>&nbsp;<\/p>\n<hr \/>\n<p>&nbsp;<\/p>\n<blockquote>\n<blockquote>\n<h1><span style=\"color: #ff0000;\">i podcast informativi del mattino &#8211; audio &#8211;\u00a0<\/span><\/h1>\n<\/blockquote>\n<p><strong><a class=\"dt-pswp-item\" href=\"https:\/\/www.radiopiu.net\/wordpress\/wp-content\/uploads\/2023\/11\/th-10.jpg\" data-dt-img-description=\"\" data-large_image_width=\"320\" data-large_image_height=\"180\"><img loading=\"lazy\" decoding=\"async\" class=\"wp-image-362866 alignleft\" src=\"https:\/\/www.radiopiu.net\/wordpress\/wp-content\/uploads\/2023\/11\/th-10-300x169.jpg\" alt=\"\" width=\"185\" height=\"104\" srcset=\"https:\/\/www.radiopiu.net\/wordpress\/wp-content\/uploads\/2023\/11\/th-10-300x169.jpg 300w, https:\/\/www.radiopiu.net\/wordpress\/wp-content\/uploads\/2023\/11\/th-10.jpg 320w\" sizes=\"auto, (max-width: 185px) 100vw, 185px\" \/><\/a>LA RASSEGNA STAMPA NAZIONALE ALLA RADIO, OGNI GIORNO ALLE 5 E ALLE 6 DEL MATTINO <span style=\"color: #0000ff;\">viene pubblicata alle 6.00 <span style=\"color: #ff0000;\">DIRETTA RADIO<\/span><\/span><\/strong><\/p><\/blockquote>\n<p>Disordini fuori dallo stadio Olimpico al termine della partita Roma e Lazio. Stretta dell&#8217; AGICOM sugli influencer, approvate le linee e guida. Nessuna chiusura sulla concorrenza nel settore ambulanti e balneari. L&#8217;Italia conferma il proprio appoggio all&#8217;Ucraina, ma il voto crea divisioni all&#8217;interno del PD. &#8220;Non ho ricevuto nessun avviso di indagine&#8221; queste le dichiarazioni di Vittorio Sgarbi. Inasprimento delle pene anche ritiro della patente per chi abbandona gli animali. Coppa Italia proietta la Lazio in semifinale grazie a un rigore. Atalanta, batte\u00a0 2-1 il Milan nei quarti di finale.<strong><br \/>\n<\/strong><strong>AUDIO<\/strong><\/p>\n<audio class=\"wp-audio-shortcode\" id=\"audio-369329-1\" preload=\"none\" style=\"width: 100%;\" controls=\"controls\"><source type=\"audio\/mpeg\" src=\"https:\/\/www.radiopiu.net\/wordpress\/wp-content\/uploads\/2024\/01\/GIORNALEDELLESEI-7.mp3?_=1\" \/><a href=\"https:\/\/www.radiopiu.net\/wordpress\/wp-content\/uploads\/2024\/01\/GIORNALEDELLESEI-7.mp3\">https:\/\/www.radiopiu.net\/wordpress\/wp-content\/uploads\/2024\/01\/GIORNALEDELLESEI-7.mp3<\/a><\/audio>\n<p>&nbsp;<\/p>\n<p>&nbsp;<\/p>\n<p>&nbsp;<\/p>\n<p><strong><a class=\"dt-pswp-item\" href=\"https:\/\/www.radiopiu.net\/wordpress\/wp-content\/uploads\/2023\/12\/images.png\" data-dt-img-description=\"\" data-large_image_width=\"316\" data-large_image_height=\"160\"><img loading=\"lazy\" decoding=\"async\" class=\"wp-image-367008 alignleft\" src=\"https:\/\/www.radiopiu.net\/wordpress\/wp-content\/uploads\/2023\/12\/images-300x152.png\" alt=\"\" width=\"235\" height=\"119\" srcset=\"https:\/\/www.radiopiu.net\/wordpress\/wp-content\/uploads\/2023\/12\/images-300x152.png 300w, https:\/\/www.radiopiu.net\/wordpress\/wp-content\/uploads\/2023\/12\/images.png 316w\" sizes=\"auto, (max-width: 235px) 100vw, 235px\" \/><\/a>OGNI GIORNO ALLE SETTE DEL MATTINO, LA RASSEGNA STAMPA LOCALE FLASH&#8230; PER CHI VA IN FRETTA. I TITOLI DAI GIORNALI E DAL SITO WWW.RADIOPIU.NET <span style=\"color: #0000ff;\">viene pubblicato alle 7.00<\/span> <span style=\"color: #ff0000;\">DIRETTA RADIO\u00a0<\/span><\/strong><\/p>\n<p><em><span style=\"color: #ff0000;\">per chi va in fretta&#8230; tante notizie in pochi minuti. L&#8217;informazione locale alla radio, ogni ora dalle 7 del mattino alle 19 della sera.<\/span><\/em><\/p>\n<p><strong>MEL<\/strong> Le conclusione dei Carabinieri: nessun falso genitore, solo un equivoco nel quale \u00e8 caduto un bidello. Qui pro quo per una omonimia tra due bimbi di due diverse classi. L&#8217;allerta era stato esteso a tutta la provincia.<br \/>\n<strong>QUERO<\/strong> Asilo chiuso. Pochi i bambini, alte le spese. Per i piccoli trasferta a Vas. L&#8217;amministrazione aveva proposto alla Diocesi di raddoppiare i contributi ma la Diocesi dalla struttura privata ha detto no.<br \/>\n<strong>VENEZIA<\/strong> Alle scuole per l&#8217;infanzia paritarie, non statali, la Regione ha destinato mezzo milione di euro. 100 mila euro a Belluno con 8 asili privati.<br \/>\n<strong>COLLE SANTA LUCIA<\/strong> Il palo dell&#8217;autovelox segato in due. Il sindaco promette la riattivazione dei controlli al pi\u00f9 presto anche con la video sorveglianza.<br \/>\n<strong>ALANO<\/strong> La giunta comunale di Alano di Piave ha installato un autovelox fisso a Fener, con previsione di introiti per il 2024 di 149.476 euro da violazioni al Codice della Strada.<br \/>\n<strong>BELLUNO<\/strong> L&#8217;assicuarazione per le auto in un anno \u00e8 cresciuta del 36 per cento. Poco pi\u00f9 dell&#8217;1 per cento cambier\u00e0 classe di merito.<\/p>\n<p><strong>AUDIO\u00a0<\/strong><\/p>\n<audio class=\"wp-audio-shortcode\" id=\"audio-369329-2\" preload=\"none\" style=\"width: 100%;\" controls=\"controls\"><source type=\"audio\/mpeg\" src=\"https:\/\/www.radiopiu.net\/wordpress\/wp-content\/uploads\/2024\/01\/GF07-7.mp3?_=2\" \/><a href=\"https:\/\/www.radiopiu.net\/wordpress\/wp-content\/uploads\/2024\/01\/GF07-7.mp3\">https:\/\/www.radiopiu.net\/wordpress\/wp-content\/uploads\/2024\/01\/GF07-7.mp3<\/a><\/audio>\n<p>&nbsp;<\/p>\n<p>&nbsp;<\/p>\n<blockquote><p><strong><a class=\"dt-pswp-item\" href=\"https:\/\/www.radiopiu.net\/wordpress\/wp-content\/uploads\/2021\/07\/microfono-radio-ok-768x448-768x448-1.jpg\" data-dt-img-description=\"\" data-large_image_width=\"768\" data-large_image_height=\"448\"><img loading=\"lazy\" decoding=\"async\" class=\"wp-image-220632 alignleft\" src=\"https:\/\/www.radiopiu.net\/wordpress\/wp-content\/uploads\/2021\/07\/microfono-radio-ok-768x448-768x448-1-300x175.jpg\" alt=\"\" width=\"178\" height=\"104\" srcset=\"https:\/\/www.radiopiu.net\/wordpress\/wp-content\/uploads\/2021\/07\/microfono-radio-ok-768x448-768x448-1-300x175.jpg 300w, https:\/\/www.radiopiu.net\/wordpress\/wp-content\/uploads\/2021\/07\/microfono-radio-ok-768x448-768x448-1.jpg 768w\" sizes=\"auto, (max-width: 178px) 100vw, 178px\" \/><\/a>GIORNALE RADIO NAZIONALE, EDIZIONE DELLE SETTE <span style=\"color: #0000ff;\">viene pubblicato alle 7.05 <span style=\"color: #ff0000;\">DIRETTA RADIO\u00a0<\/span><\/span><\/strong><\/p><\/blockquote>\n<p><strong>il giornale radionazionale e&#8217; in onda ogni ora, dalle sette del mattino alle venti della sera\u00a0<\/strong><\/p>\n<p><strong>AUDIO<\/strong><\/p>\n<audio class=\"wp-audio-shortcode\" id=\"audio-369329-3\" preload=\"none\" style=\"width: 100%;\" controls=\"controls\"><source type=\"audio\/mpeg\" src=\"https:\/\/www.radiopiu.net\/wordpress\/wp-content\/uploads\/2024\/01\/giornale07-7.mp3?_=3\" \/><a href=\"https:\/\/www.radiopiu.net\/wordpress\/wp-content\/uploads\/2024\/01\/giornale07-7.mp3\">https:\/\/www.radiopiu.net\/wordpress\/wp-content\/uploads\/2024\/01\/giornale07-7.mp3<\/a><\/audio>\n<p>&nbsp;<\/p>\n<p>&nbsp;<\/p>\n<p>&nbsp;<\/p>\n<blockquote>\n<h2><strong><a class=\"dt-pswp-item\" href=\"https:\/\/www.radiopiu.net\/wordpress\/wp-content\/uploads\/2023\/12\/th-10.jpg\" data-dt-img-description=\"\" data-large_image_width=\"245\" data-large_image_height=\"180\"><img loading=\"lazy\" decoding=\"async\" class=\" wp-image-367395 alignleft\" src=\"https:\/\/www.radiopiu.net\/wordpress\/wp-content\/uploads\/2023\/12\/th-10.jpg\" alt=\"\" width=\"166\" height=\"122\" \/><\/a>RASSEGNA STAMPA LOCALE, ORE OTTO 05<\/strong><\/h2>\n<h2><strong> <span style=\"color: #0000ff;\">viene\u00a0 <\/span><\/strong><strong><span style=\"color: #0000ff;\">pubblicata alle 8.05 <span style=\"color: #ff0000;\">DIRETTA RADIO\u00a0<\/span><\/span><\/strong><\/h2>\n<\/blockquote>\n<h1><\/h1>\n<p><strong>PIEVE DI CADORE<\/strong> Una donna di 57 anni \u00e8 stata investita ieri a Pieve di Cadore. L\u2019incidente \u00e8 avvenuto alle 18 al bivio tra via Madonneta e l\u2019Alemagna. La vittima, colpita da un SUV mentre attraversava la strada, ha riportato traumi e fratture, ma fortunatamente non \u00e8 in pericolo di vita.<br \/>\n<strong>ROCCA PIETORE<\/strong> Domani alle 14 a Laste di Rocca Pietore si terranno i funerali di Elena Boschet, vedova De Vallier, di 84 anni. E\u2019 mancata nella sua abitazione che ha condiviso con il marito Adelio De Vallier originario di Rocca Pietore. Lascia i figli Diana, Walter, Gianni, Patrick, i fratelli, le sorelle, nipoti e pronipoti.<br \/>\n<strong>SEREN DEL GRAPPA<\/strong> I vandali bivaccano alle scuole elementari. Hanno rotto una finestra e si sono introdotti all\u2019interno della scuola, rompendo porte, sversando vernice.<br \/>\n<strong>BELLUNO<\/strong> Parler\u00e0 agordino la nuova guida di Azione nel capoluogo: sar\u00e0 infatti l\u2019ex assessore al bilancio di Canale d\u2019Agordo Riccardo Fontanive il nuovo segretario del capoluogo del partito guidato da Carlo Calenda.<\/p>\n<p>&nbsp;<\/p>\n<p>&nbsp;<\/p>\n<p><iframe loading=\"lazy\" title=\"DAL 1983 LA RASSEGNA STAMPA LOCALE di mirko mezzacasa. L&#039;ORIGINALE\" width=\"1200\" height=\"675\" src=\"https:\/\/www.youtube.com\/embed\/iK8DJ-KMYig?feature=oembed\" frameborder=\"0\" allow=\"accelerometer; autoplay; clipboard-write; encrypted-media; gyroscope; picture-in-picture; web-share\" allowfullscreen><\/iframe><\/p>\n<p>&nbsp;<\/p>\n<hr \/>\n<p>&nbsp;<\/p>\n<p>&nbsp;<\/p>\n<p><a class=\"dt-pswp-item\" href=\"https:\/\/www.radiopiu.net\/wordpress\/wp-content\/uploads\/2023\/10\/34f4cfc6-e863-46e9-9695-8df44be63421.jpg\" data-dt-img-description=\"\" data-large_image_width=\"1200\" data-large_image_height=\"1200\"><img loading=\"lazy\" decoding=\"async\" class=\"wp-image-357393 alignleft\" src=\"https:\/\/www.radiopiu.net\/wordpress\/wp-content\/uploads\/2023\/10\/34f4cfc6-e863-46e9-9695-8df44be63421-300x300.jpg\" alt=\"\" width=\"81\" height=\"81\" srcset=\"https:\/\/www.radiopiu.net\/wordpress\/wp-content\/uploads\/2023\/10\/34f4cfc6-e863-46e9-9695-8df44be63421-300x300.jpg 300w, https:\/\/www.radiopiu.net\/wordpress\/wp-content\/uploads\/2023\/10\/34f4cfc6-e863-46e9-9695-8df44be63421-1024x1024.jpg 1024w, https:\/\/www.radiopiu.net\/wordpress\/wp-content\/uploads\/2023\/10\/34f4cfc6-e863-46e9-9695-8df44be63421-150x150.jpg 150w, https:\/\/www.radiopiu.net\/wordpress\/wp-content\/uploads\/2023\/10\/34f4cfc6-e863-46e9-9695-8df44be63421-768x768.jpg 768w, https:\/\/www.radiopiu.net\/wordpress\/wp-content\/uploads\/2023\/10\/34f4cfc6-e863-46e9-9695-8df44be63421.jpg 1200w\" sizes=\"auto, (max-width: 81px) 100vw, 81px\" \/><\/a>OGGI ALLA RADIO: <strong>ALLE 7<\/strong> LA RASSEGNA STAMPA LOCALE FLASH, PER CHI COME NOI ALLE SETTE DEL MATTINO VA DI FRETTA, TANTE NOTIZIE IN POCHE CHIACCHIERE. <strong>ALLE OTTO<\/strong> L&#8217;APPROFONDIMENTO NELLA STORICA RASSEGNA STAMPA LOCALE.\u00a0 DALLE 6 ALLE 21, OGNI ORA, L&#8217;INFORMAZIONE NAZIONALE, l&#8217;informazione locale, ALLE 10 flash. 11flash. 14 viabilit\u00e0. 15meteo. 16flash. 17flash. 18flash. 19 i titoli di Antenna 3<\/p>\n<p>oggi alle <strong>8.30<\/strong> PIU&#8217; SIAMO di marina don\u00e0; <strong>9.10<\/strong> IL COUNTRY di alex Nascinben <strong>10.30 e 1900<\/strong> SPI CGIL BELLUNO con maria rita gentilin. <strong>18.30<\/strong> SALUTE E SOCIETA&#8217; dottor Marco Caracciolo<\/p>\n<p>&nbsp;<\/p>\n<hr \/>\n<p>&nbsp;<\/p>\n<p>&nbsp;<\/p>\n<p>&nbsp;<\/p>\n<blockquote>\n<h2>MALORE A PASSO VALLES, INTERVENTO NELLA NOTTE<\/h2>\n<\/blockquote>\n<p><img decoding=\"async\" class=\"aligncenter\" src=\"https:\/\/www.radiopiu.net\/wordpress\/wp-content\/uploads\/2023\/08\/suem.png\" \/><\/p>\n<p>REDAZIONE Serata e notte impegnativa per uomini e donne del Suem. Alle 18 di ieri investimento di un pedone a Tai di Cadore. La donna, 57 anni di Pieve di Cadore, \u00e8 stata portata in gravi condizioni, ma non in pericolo di vita, all&#8217;ospedale Giovanni Paolo II.<br \/>\nAlle 23 della sera \u00e8 scattato l&#8217;allarme al Rifugio Passo Valles. Sul posto l&#8217;elicottero da Trento e l&#8217;ambulanza della Croce Verde. E&#8217; stata soccorsa una ragazza di 19 anni di Voltago Agordino, portata all&#8217;ospedale di Agordo con un codice di media gravit\u00e0.<\/p>\n<p>Ieri in pista: ALLEGHE 3 INTERVENTI; ZOLDO 3, ARABBA 2, SELVE E CORTINA 1<\/p>\n<p>&nbsp;<\/p>\n<p>&nbsp;<\/p>\n<blockquote>\n<h3>Investimento a Pieve di Cadore: Donna di 57 Anni Colpita da SUV, Prognosi Riservata ma Fuori pericolo di Vita.<\/h3>\n<\/blockquote>\n<p><strong>PIEVE DI CADORE<\/strong> Una donna di 57 anni \u00e8 stata investita ieri a Pieve di Cadore. L&#8217;incidente \u00e8 avvenuto alle 18 al bivio tra via Madonneta e l&#8217;Alemagna. La vittima, colpita da un SUV mentre attraversava la strada, ha riportato traumi e fratture, ma fortunatamente non \u00e8 in pericolo di vita. Trasferita in ospedale a Pieve di Cadore per accertamenti, \u00e8 poi stata ricoverata a Belluno. La dinamica dell&#8217;incidente \u00e8 sotto indagine della Polizia stradale, che sta valutando la possibilit\u00e0 di un mancato riconoscimento del pedone da parte del conducente. Testimonianze e esami tossicologici saranno cruciali nell&#8217;indagine.<\/p>\n<p>&nbsp;<\/p>\n<hr \/>\n<p>&nbsp;<\/p>\n<blockquote>\n<h3>INTOSSICAZIONE DA MONOSSIDO DI CARBONIO A CARVE DI MEL<\/h3>\n<\/blockquote>\n<blockquote><p><em>Nella notte tra il 10 e l&#8217;11 gennaio,\u00a0 a Carve di Mel, un uomo di 70 anni \u00e8 stato trovato svenuto in casa dalla moglie e dalla figlia. Il soccorso immediato ha svelato un pericolo invisibile: l&#8217;intossicazione da monossido di carbonio.<\/em><\/p><\/blockquote>\n<p><strong><img decoding=\"async\" class=\"alignleft\" src=\"https:\/\/www.radiopiu.net\/wordpress\/wp-content\/uploads\/2024\/01\/th-1.jpg\" \/>BORGO VALBELLUNA<\/strong> La famiglia, inizialmente, ha attribuito il malore all&#8217;usuale problemi di salute dell&#8217;uomo, ma le analisi del sangue in ospedale hanno rivelato la presenza di monossido di carbonio nel suo organismo. A questo punto &#8211; come scrive sul sito on line il Corriere delle Alpi &#8211;\u00a0 sono stati sottoposti ad accertamenti anche la moglie e la figlia, entrambe colpite ma fortunatamente non in modo grave. Erano circa le 3.30 quando i soccorsi sono intervenuti per portare in ospedale il 70enne. Sul posto sono giunti i pompieri di Feltre, che, nonostante la casa fosse gi\u00e0 stata aerata, hanno rilevato ancora tracce di monossido. La fonte del pericolo \u00e8 stata individuata in una caldaia a legna utilizzata per il riscaldamento domestico. L&#8217;uomo anziano, fortunatamente, non \u00e8 in pericolo di vita, mentre la moglie e la figlia, dopo ulteriori controlli, sembrano essere fuori pericolo e non avevano avvertito alcun sintomo. Il monossido di carbonio \u00e8 un nemico invisibile, un gas insidioso che pu\u00f2 causare danni gravi o addirittura fatali. L&#8217;importanza di controlli regolari e della manutenzione degli impianti di riscaldamento, come in questo caso, \u00e8 fondamentale per evitare tragedie simili.<\/p>\n<p>&nbsp;<\/p>\n<p>&nbsp;<\/p>\n<hr \/>\n<p>&nbsp;<\/p>\n<div class=\"articlePlainSubHead\"><\/div>\n<blockquote>\n<h3 class=\"articlePlainTitle\"><a class=\"dt-pswp-item\" href=\"https:\/\/www.radiopiu.net\/wordpress\/wp-content\/uploads\/2024\/01\/Senza-nome-32.png\" data-dt-img-description=\"\" data-large_image_width=\"276\" data-large_image_height=\"233\"><img loading=\"lazy\" decoding=\"async\" class=\"wp-image-369475 alignleft\" src=\"https:\/\/www.radiopiu.net\/wordpress\/wp-content\/uploads\/2024\/01\/Senza-nome-32.png\" alt=\"\" width=\"109\" height=\"92\" \/><\/a>Domegge e Vodo in lutto per Nicoletta Gregori<\/h3>\n<\/blockquote>\n<div class=\"articlePlainText\"><\/div>\n<div class=\"articlePlainText\"><strong>DOMEGGE\u00a0<\/strong> E&#8217; mancata Nicoletta Gregori in Cian Toma. La donna, che aveva 54 anni ed era madre di due figli, combatteva da tempo contro la malattia. Domani alle 15 l&#8217;ultimo saluto a Domegge partendo dall&#8217;abitazione. I familiari hanno voluto ringraziare l&#8217;Adimed per l&#8217;assistenza.<\/div>\n<p>&nbsp;<\/p>\n<p>&nbsp;<\/p>\n<hr \/>\n<p>&nbsp;<\/p>\n<blockquote>\n<h3><a class=\"dt-pswp-item\" href=\"https:\/\/www.radiopiu.net\/wordpress\/wp-content\/uploads\/2024\/01\/Senza-nome-33.png\" data-dt-img-description=\"\" data-large_image_width=\"208\" data-large_image_height=\"154\"><img loading=\"lazy\" decoding=\"async\" class=\" wp-image-369476 alignleft\" src=\"https:\/\/www.radiopiu.net\/wordpress\/wp-content\/uploads\/2024\/01\/Senza-nome-33.png\" alt=\"\" width=\"118\" height=\"87\" \/><\/a>DOMANI I FUNERALI DI ELENA, UNA VITA DA EMIGRANTE<\/h3>\n<\/blockquote>\n<p><strong>ROCCA PIETORE<\/strong> Domani alle 14 a Laste di Rocca Pietore si terranno i funerali di Elena Boschet, vedova De Vallier, di 84 anni. E&#8217; mancata nella sua abitazione che ha condiviso con il marito Adelio De Vallier originario di Rocca Pietore. Lascia i figli Diana, Walter, Gianni, Patrick, i fratelli, le sorelle, nipoti e pronipoti.<\/p>\n<p>&nbsp;<\/p>\n<hr \/>\n<p>&nbsp;<\/p>\n<blockquote>\n<h3><a class=\"dt-pswp-item\" href=\"https:\/\/www.radiopiu.net\/wordpress\/wp-content\/uploads\/2024\/01\/Senza-nome-36.png\" data-dt-img-description=\"\" data-large_image_width=\"289\" data-large_image_height=\"231\"><img loading=\"lazy\" decoding=\"async\" class=\"wp-image-369501 alignleft\" src=\"https:\/\/www.radiopiu.net\/wordpress\/wp-content\/uploads\/2024\/01\/Senza-nome-36.png\" alt=\"\" width=\"176\" height=\"141\" \/><\/a>ADDIO A NATALE<\/h3>\n<p><strong>ALLEGHE\u00a0<\/strong> E&#8217; mancato Natale Costa, nato a Costa di Falcade il 16 dicembre 1926. Ne danno il triste annuncio il figlio, Dottor Massimo Costa, la nuora Beatrice, i nipoti Andrea, Veronica, Laura il cognato Vittorio. I funerali domani alle 14.30 nella chiesa di San Biagio. Dalla famiglia il grazie ai medici del reparto Medicina dell&#8217;ospedale di Agordo.<\/p>\n<p>&nbsp;<\/p><\/blockquote>\n<p>&nbsp;<\/p>\n<p>&nbsp;<\/p>\n<hr \/>\n<p>&nbsp;<\/p>\n<blockquote>\n<h3>IERI IN COMELICO<\/h3>\n<p>Nel pomeriggio il sinistro spettacolare in Comelico Superiore, fortunatamente senza feriti. Anche ieri immancabili gli aggiornamenti sulla chat VIABILITA&#8217; PROVINCIA DI BELLUNO in collaborazione con Botol Car Service, Agordo.<\/p><\/blockquote>\n<p><img decoding=\"async\" src=\"https:\/\/www.radiopiu.net\/wordpress\/wp-content\/uploads\/2024\/01\/d7a5a05d-85c9-4274-9262-ac94325ec2bf-1024x768-1.jpg\" \/><\/p>\n<p>&nbsp;<\/p>\n<p>&nbsp;<\/p>\n<hr \/>\n<p>&nbsp;<\/p>\n<blockquote>\n<h3>IL PALO DELL&#8217;AUTOVELOX SEGATO IN DUE<\/h3>\n<\/blockquote>\n<p><strong><a class=\"dt-pswp-item\" href=\"https:\/\/www.radiopiu.net\/wordpress\/wp-content\/uploads\/2024\/01\/033a7fca-82e0-4a6d-a38f-f9abf24f22d6.jpg\" data-dt-img-description=\"\" data-large_image_width=\"1024\" data-large_image_height=\"768\"><img loading=\"lazy\" decoding=\"async\" class=\" wp-image-369439 alignleft\" src=\"https:\/\/www.radiopiu.net\/wordpress\/wp-content\/uploads\/2024\/01\/033a7fca-82e0-4a6d-a38f-f9abf24f22d6-300x225.jpg\" alt=\"\" width=\"303\" height=\"227\" srcset=\"https:\/\/www.radiopiu.net\/wordpress\/wp-content\/uploads\/2024\/01\/033a7fca-82e0-4a6d-a38f-f9abf24f22d6-300x225.jpg 300w, https:\/\/www.radiopiu.net\/wordpress\/wp-content\/uploads\/2024\/01\/033a7fca-82e0-4a6d-a38f-f9abf24f22d6-768x576.jpg 768w, https:\/\/www.radiopiu.net\/wordpress\/wp-content\/uploads\/2024\/01\/033a7fca-82e0-4a6d-a38f-f9abf24f22d6.jpg 1024w\" sizes=\"auto, (max-width: 303px) 100vw, 303px\" \/><\/a>REDAZIONE <\/strong>Un atto di vandalismo, anche questo lo pagher\u00e0 la comunit\u00e0. Il palo che sorregge l&#8217;autovelox a Passo Giau \u00e8 stato segato in due, quindi inservibile. Per l&#8217;operazione l&#8217;ignoto o il gruppo di ignoti ha fatto ricordo ad una mola a disco<strong>.<\/strong><\/p>\n<p>Il palo con annesso autovelox \u00e8 stato lasciato tristemente a terra in mezzo alla neve. L&#8217;autovelox lungo la strada del Passo Giau, \u00e8 considerato il pi\u00f9 &#8220;micidiale&#8221; d&#8217;Italia in termini di multe emesse. In Comune di Colle Santa Lucia, il valico attrae numerosi automobilisti, vige il limite di velocit\u00e0 di 50 orari. Nel solo 2020, l&#8217;autovelox ha generato 552.367 euro per il Comune di Colle Santa Lucia, grazie a 4.596 verbali notificati, di cui 3.132 a cittadini stranieri. La somma corrisponde a circa 1.555 euro per residente.\u00a0 La presenza dell&#8217;autovelox \u00e8 nota tra i motociclisti e ha generato anche recensioni su TripAdvisor.<\/p>\n<p>&nbsp;<\/p>\n<p><strong>SANZIONI<\/strong> Fino a 10 km\/h oltre il limite &#8211; Multa da 41 a 168 euro.\u00a0 Da 10 a 40 km\/h oltre il limite- Multa da 168 a 674 euro; \u00a0Decurtazione 3 Punti dalla Patente di Guida.\u00a0Da 40 a 60 km\/h oltre il limite \u00a0Multa da 527 a 2.108 euro &#8211; Decurtazione 6 Punti dalla Patente di Guida &#8211; Sospensione della Patente (da 1 a 3 mesi) Oltre i 60 km\/h dal limite &#8211; Multa da 821 a 3.287 euro decurtazione 10 Punti dalla Patente di Guida &#8211; Sospensione della Patente (da 6 a 12 mesI)<\/p>\n<p>&nbsp;<\/p>\n<blockquote>\n<h3>AUTOVELOX ABBATTUTO SUL PASSO GIAU: L&#8217;AMMINISTRAZIONE COMUNALE DI COLLE SANTA LUCIA SPORGE DENUNCIA<\/h3>\n<\/blockquote>\n<p><strong><a class=\"dt-pswp-item\" href=\"https:\/\/www.radiopiu.net\/wordpress\/wp-content\/uploads\/2024\/01\/655adf13-41a9-4586-b960-23d86d4dd18f.jpg\" data-dt-img-description=\"\" data-large_image_width=\"1080\" data-large_image_height=\"1175\"><img loading=\"lazy\" decoding=\"async\" class=\" wp-image-369455 alignleft\" src=\"https:\/\/www.radiopiu.net\/wordpress\/wp-content\/uploads\/2024\/01\/655adf13-41a9-4586-b960-23d86d4dd18f-276x300.jpg\" alt=\"\" width=\"155\" height=\"168\" srcset=\"https:\/\/www.radiopiu.net\/wordpress\/wp-content\/uploads\/2024\/01\/655adf13-41a9-4586-b960-23d86d4dd18f-276x300.jpg 276w, https:\/\/www.radiopiu.net\/wordpress\/wp-content\/uploads\/2024\/01\/655adf13-41a9-4586-b960-23d86d4dd18f-941x1024.jpg 941w, https:\/\/www.radiopiu.net\/wordpress\/wp-content\/uploads\/2024\/01\/655adf13-41a9-4586-b960-23d86d4dd18f-768x836.jpg 768w, https:\/\/www.radiopiu.net\/wordpress\/wp-content\/uploads\/2024\/01\/655adf13-41a9-4586-b960-23d86d4dd18f.jpg 1080w\" sizes=\"auto, (max-width: 155px) 100vw, 155px\" \/><\/a>COLLE SANTA LUCIA<\/strong> In seguito all&#8217;abbattimento dell&#8217;autovelox sul Passo Giau, l&#8217;amministrazione comunale di Colle Santa Lucia prende posizione e non si fa intimorire.<\/p>\n<p>&nbsp;<\/p>\n<p class=\"page\" title=\"Page 1\">In mattinata, su segnalazione di alcuni passanti e\u0300 stato ravvisato l\u2019abbattimento, a lato strada, del palo su cui e\u0300 installata la strumentazione per il controllo elettronico della velocita\u0300 al Passo Giau, in loc. Piezza. Un atto che l\u2019amministrazione comunale ritiene deplorevole ed irrispettoso verso tutta la comunita\u0300 collese, non abituata di certo a questo tipo di azioni, anche per il fatto che l\u2019azione si e\u0300 svolta con tutta probabilita\u0300 con il favore delle tenebre nella giornata di martedi\u0300 sera. Nella mattinata di oggi il sindaco Frena provvedera\u0300 a sporgere denuncia presso i carabinieri al fine di tutelare gli interessi del Comune di Colle Santa Lucia e poter individuare l\u2019autore del deprecabile gesto da parte delle forze dell\u2019ordine preposte. L\u2019amministrazione comunale con i suoi uffici si attivera\u0300 comunque da subito per ripristinare nel piu\u0300 breve tempo possibile la strumentazione di controllo e valutera\u0300 anche l\u2019installazione di un impianto di videosorveglianza affinche\u0301 situazioni del genere non si verifichino piu\u0300 in futuro. Questo atto non intimorisce l\u2019amministrazione comunale nell\u2019attivita\u0300 di controllo della velocita\u0300 al Passo Giau, ma rende invece ancor piu\u0300 consapevoli gli amministratori dell\u2019 importanza di questo strumento nell\u2019ottica di contrastare quanti utilizzano impropriamente la strada che porta al Passo Giau.<\/p>\n<hr \/>\n<blockquote>\n<h3 title=\"Page 1\">Alano di Piave: Nuovo Autovelox a Fener per Sicurezza e Introiti. Prospettive Finanziarie e Impegno per la Tutela dell&#8217;Incolumit\u00e0 Pubblica nel 2024.<\/h3>\n<\/blockquote>\n<p title=\"Page 1\"><strong><a class=\"dt-pswp-item\" href=\"https:\/\/www.radiopiu.net\/wordpress\/wp-content\/uploads\/2024\/01\/Senza-nome-31.png\" data-dt-img-description=\"\" data-large_image_width=\"274\" data-large_image_height=\"163\"><img loading=\"lazy\" decoding=\"async\" class=\" wp-image-369474 alignleft\" src=\"https:\/\/www.radiopiu.net\/wordpress\/wp-content\/uploads\/2024\/01\/Senza-nome-31.png\" alt=\"\" width=\"225\" height=\"134\" \/><\/a>ALANO<\/strong> La giunta comunale di Alano di Piave ha installato un autovelox fisso a Fener, con previsione di introiti per il 2024 di 149.476 euro da violazioni al Codice della Strada. In funzione dal 2022, l&#8217;apparecchio mira a ridurre l&#8217;alta velocit\u00e0 sul tratto Feltrina. La priorit\u00e0 \u00e8 la sicurezza stradale e il sindaco Bogana sottolinea il contributo per la tutela dell&#8217;incolumit\u00e0 pubblica. La gestione delle sanzioni \u00e8 affidata alla ditta aggiudicataria. Questo \u00e8 il terzo autovelox nel Basso Feltrino, con contestazioni, ma la sicurezza resta al primo posto. I proventi saranno destinati al Comune per interventi di manutenzione e sicurezza stradale.<\/p>\n<p>&nbsp;<\/p>\n<hr \/>\n<p>&nbsp;<\/p>\n<blockquote>\n<h3>I VANDALI DI SEREN DEL GRAPPA<\/h3>\n<\/blockquote>\n<p><strong>SEREN DEL GRAPPA\u00a0<\/strong> I vandali bivaccano alle scuole elementari. Hanno rotto una finestra e si sono introdotti all&#8217;interno della scuola, rompendo porte, sversando vernice. Non sarebbe stato rubato nulla. Indagano i Carabinieri.<\/p>\n<p>&nbsp;<\/p>\n<p>&nbsp;<\/p>\n<hr \/>\n<p>&nbsp;<\/p>\n<blockquote>\n<h3>SCUOLA DI MEL: SOLO UN EQUIVOCO, CHIARITO DAI CARABINIERI NON DALLA SCUOLA CHE AVEVA CREATO ALLARME TRA LE FAMIGLIE DI TUTTA LA PROVINCIA.<\/h3>\n<\/blockquote>\n<p><strong><a class=\"dt-pswp-item\" href=\"https:\/\/www.radiopiu.net\/wordpress\/wp-content\/uploads\/2023\/09\/carabinieri_apertura-anno-scolastico_3.jpg\" data-dt-img-description=\"\" data-large_image_width=\"1024\" data-large_image_height=\"768\"><img loading=\"lazy\" decoding=\"async\" class=\" wp-image-352328 alignleft\" src=\"https:\/\/www.radiopiu.net\/wordpress\/wp-content\/uploads\/2023\/09\/carabinieri_apertura-anno-scolastico_3-300x225.jpg\" alt=\"\" width=\"167\" height=\"125\" srcset=\"https:\/\/www.radiopiu.net\/wordpress\/wp-content\/uploads\/2023\/09\/carabinieri_apertura-anno-scolastico_3-300x225.jpg 300w, https:\/\/www.radiopiu.net\/wordpress\/wp-content\/uploads\/2023\/09\/carabinieri_apertura-anno-scolastico_3-768x576.jpg 768w, https:\/\/www.radiopiu.net\/wordpress\/wp-content\/uploads\/2023\/09\/carabinieri_apertura-anno-scolastico_3.jpg 1024w\" sizes=\"auto, (max-width: 167px) 100vw, 167px\" \/><\/a>BELLUNO<\/strong> In seguito alle indagini condotte dai Carabinieri della Compagnia di Feltre e della Stazione di Mel, \u00e8 emerso che la notizia di un presunto &#8220;finto genitore&#8221; che avrebbe cercato di prelevare uno studente da una scuola a Mel \u00e8 infondata. Il malinteso \u00e8 stato generato da una coincidenza di nomi tra due studenti, entrambi chiamati &#8220;Maria,&#8221; con cognomi molto simili. Durante l&#8217;orario di ricreazione, il genitore di &#8220;Maria Rossi&#8221; ha chiesto l&#8217;uscita dello studente, ma a causa della confusione generata dal transito degli studenti, il collaboratore scolastico ha frainteso la richiesta, pensando si trattasse di &#8220;Maria Rocci.&#8221; Entrambi gli studenti erano nella stessa classe e sezione, ma uno delle medie e l&#8217;altro delle elementari, aumentando l&#8217;equivoco. Dopo un&#8217;approfondita indagine, i Carabinieri hanno confermato che nessun &#8220;finto genitore&#8221; ha tentato di prelevare indebitamente uno studente dalla scuola. La situazione \u00e8 stata chiarita, e l&#8217;incidente non \u00e8 avvenuto come inizialmente riportato.<\/p>\n<p>&nbsp;<\/p>\n<hr \/>\n<p>&nbsp;<\/p>\n<blockquote>\n<h3>RC AUTO: AUMENTI IN VISTA PER 60 MILA VENETI<\/h3>\n<\/blockquote>\n<p><strong><a class=\"dt-pswp-item\" href=\"https:\/\/www.radiopiu.net\/wordpress\/wp-content\/uploads\/2024\/01\/Cambio-classe_c-Paolese_lr.jpg\" data-dt-img-description=\"\" data-large_image_width=\"639\" data-large_image_height=\"426\"><img loading=\"lazy\" decoding=\"async\" class=\" wp-image-369409 alignleft\" src=\"https:\/\/www.radiopiu.net\/wordpress\/wp-content\/uploads\/2024\/01\/Cambio-classe_c-Paolese_lr-300x200.jpg\" alt=\"\" width=\"165\" height=\"110\" srcset=\"https:\/\/www.radiopiu.net\/wordpress\/wp-content\/uploads\/2024\/01\/Cambio-classe_c-Paolese_lr-300x200.jpg 300w, https:\/\/www.radiopiu.net\/wordpress\/wp-content\/uploads\/2024\/01\/Cambio-classe_c-Paolese_lr.jpg 639w\" sizes=\"auto, (max-width: 165px) 100vw, 165px\" \/><\/a>MILANO<\/strong> Secondo l&#8217;Osservatorio di Facile.it, oltre 60.000 automobilisti veneti vedranno un peggioramento della classe di merito nel 2024 a causa di sinistri con colpa dichiarati nel 2023, con conseguente aumento del costo dell&#8217;RC auto. L&#8217;analisi si basa su un campione di oltre 67.000 preventivi raccolti tra novembre e dicembre 2023. Anche per gli automobilisti virtuosi, le tariffe RC auto in Veneto sono aumentate del 36,3% su base annua, con una media di 514,53 euro a dicembre 2023. La tendenza al rialzo sembra persistere, influenzata dall&#8217;inflazione e dagli aumenti nei costi di riparazione e nei sinistri. A livello provinciale, Vicenza ha la percentuale pi\u00f9 alta di automobilisti con sinistri con colpa (2,72%), seguita da Venezia (2,23%) e Rovigo (2,19%). Gli insegnanti sono la categoria pi\u00f9 colpita, con il 3,42% che ha dichiarato sinistri con colpa nel 2023. Chiude la classifica veneta Belluno, area dove in percentuale sono stati denunciati alle assicurazioni meno sinistri con colpa (1,15%).<\/p>\n<p>&nbsp;<\/p>\n<hr \/>\n<p>&nbsp;<\/p>\n<blockquote>\n<h3>QUERO RIMANE SENZA ASILO<\/h3>\n<\/blockquote>\n<p><strong>QUERO<\/strong>\u00a0 Chiuso! Motivo? Troppe spese e sempre meno bambini che lo frequentano. Dopo 120 anni addio alla scuola materna, da un giorno all&#8217;altro, senza preavviso, senza soluzioni alternative, senza un percorso condiviso.<\/p>\n<blockquote><p><em>Intanto la Regione alle scuole dell&#8217;infanzia non statali ha destinato un contributo di mezzo milione di euro. Belluno 8 asili e 100 mila euro. Alpago 37 mila euro.<\/em><\/p><\/blockquote>\n<p>&nbsp;<\/p>\n<hr \/>\n<p>&nbsp;<\/p>\n<blockquote>\n<h3>LA CONCA AGORDINA PUO&#8217; TORNARE AD AVERE UNA VOCAZIONE TURISTICA<\/h3>\n<\/blockquote>\n<p><a class=\"dt-pswp-item\" href=\"https:\/\/www.radiopiu.net\/wordpress\/wp-content\/uploads\/2021\/12\/a8371783-cfcb-4daa-bed2-464f0155dbc4.jpg\" data-dt-img-description=\"LA CONCA AGORDINA\" data-large_image_width=\"1384\" data-large_image_height=\"924\"><img loading=\"lazy\" decoding=\"async\" class=\"wp-image-250578 alignleft\" src=\"https:\/\/www.radiopiu.net\/wordpress\/wp-content\/uploads\/2021\/12\/a8371783-cfcb-4daa-bed2-464f0155dbc4-300x200.jpg\" alt=\"\" width=\"174\" height=\"116\" srcset=\"https:\/\/www.radiopiu.net\/wordpress\/wp-content\/uploads\/2021\/12\/a8371783-cfcb-4daa-bed2-464f0155dbc4-300x200.jpg 300w, https:\/\/www.radiopiu.net\/wordpress\/wp-content\/uploads\/2021\/12\/a8371783-cfcb-4daa-bed2-464f0155dbc4-1024x684.jpg 1024w, https:\/\/www.radiopiu.net\/wordpress\/wp-content\/uploads\/2021\/12\/a8371783-cfcb-4daa-bed2-464f0155dbc4-768x513.jpg 768w, https:\/\/www.radiopiu.net\/wordpress\/wp-content\/uploads\/2021\/12\/a8371783-cfcb-4daa-bed2-464f0155dbc4.jpg 1384w\" sizes=\"auto, (max-width: 174px) 100vw, 174px\" \/><\/a><strong>AGORDO<\/strong><\/p>\n<p>DI GIANNI SANTOMASO<\/p>\n<audio class=\"wp-audio-shortcode\" id=\"audio-369329-4\" preload=\"none\" style=\"width: 100%;\" controls=\"controls\"><source type=\"audio\/mpeg\" src=\"https:\/\/www.radiopiu.net\/wordpress\/wp-content\/uploads\/2024\/01\/GIANNI-LA-CONCA-AGORDINA-PUO-TORNARE-AD-AVERE-UNA-VOCAZIONE-TURISTICA.mp3?_=4\" \/><a href=\"https:\/\/www.radiopiu.net\/wordpress\/wp-content\/uploads\/2024\/01\/GIANNI-LA-CONCA-AGORDINA-PUO-TORNARE-AD-AVERE-UNA-VOCAZIONE-TURISTICA.mp3\">https:\/\/www.radiopiu.net\/wordpress\/wp-content\/uploads\/2024\/01\/GIANNI-LA-CONCA-AGORDINA-PUO-TORNARE-AD-AVERE-UNA-VOCAZIONE-TURISTICA.mp3<\/a><\/audio>\n<p>&nbsp;<\/p>\n<p>&nbsp;<\/p>\n<hr \/>\n<p>&nbsp;<\/p>\n<blockquote>\n<h3>CORSO DI FORMAZIONE PER LA POLIZIA LOCALE. IN SALA BIANCHI IL CORSO PER L\u2019UTILIZZO DELLO SPRAY OC<\/h3>\n<\/blockquote>\n<p><strong><a class=\"dt-pswp-item\" href=\"https:\/\/www.radiopiu.net\/wordpress\/wp-content\/uploads\/2022\/12\/polizia-locale-belluno.jpg\" data-dt-img-description=\"\" data-large_image_width=\"733\" data-large_image_height=\"436\"><img loading=\"lazy\" decoding=\"async\" class=\" wp-image-311737 alignleft\" src=\"https:\/\/www.radiopiu.net\/wordpress\/wp-content\/uploads\/2022\/12\/polizia-locale-belluno-300x178.jpg\" alt=\"\" width=\"177\" height=\"105\" srcset=\"https:\/\/www.radiopiu.net\/wordpress\/wp-content\/uploads\/2022\/12\/polizia-locale-belluno-300x178.jpg 300w, https:\/\/www.radiopiu.net\/wordpress\/wp-content\/uploads\/2022\/12\/polizia-locale-belluno.jpg 733w\" sizes=\"auto, (max-width: 177px) 100vw, 177px\" \/><\/a>BELLUNO<\/strong> Polizia locale in aula: oggi giornata di formazione in Sala Bianchi sull\u2019utilizzo del dispositivo spray OC. A sedersi sui banchi per una mattinata di teoria e di pratica saranno complessivamente 30 agenti, dei comandi di Belluno e di Alpago, oltre che di Feltre e Borgo Valbelluna dove lo strumento \u00e8 gi\u00e0 in uso. La lezione sar\u00e0 il primo passo per l\u2019introduzione, anche a Belluno nei prossimi giorni, dello\u00a0 strumento che nebulizza un principio attivo naturale a base di Oleoresin Capiscum come previsto e normato dal decreto 103 del 2011 del Ministero dell\u2019Interno.<\/p>\n<p><strong>IL SINDACO DI BELLUNO OSCAR DE PELLEGRIN<\/strong><\/p>\n<audio class=\"wp-audio-shortcode\" id=\"audio-369329-5\" preload=\"none\" style=\"width: 100%;\" controls=\"controls\"><source type=\"audio\/mpeg\" src=\"https:\/\/www.radiopiu.net\/wordpress\/wp-content\/uploads\/2024\/01\/Sindaco-su-corso-formazione-polizia-locale.mp3?_=5\" \/><a href=\"https:\/\/www.radiopiu.net\/wordpress\/wp-content\/uploads\/2024\/01\/Sindaco-su-corso-formazione-polizia-locale.mp3\">https:\/\/www.radiopiu.net\/wordpress\/wp-content\/uploads\/2024\/01\/Sindaco-su-corso-formazione-polizia-locale.mp3<\/a><\/audio>\n<p>&nbsp;<\/p>\n<p>&nbsp;<\/p>\n<p>&nbsp;<\/p>\n<hr \/>\n<p>&nbsp;<\/p>\n<p>&nbsp;<\/p>\n<p><strong><a class=\"dt-pswp-item\" href=\"https:\/\/www.radiopiu.net\/wordpress\/wp-content\/uploads\/2024\/01\/Senza-nome-34.png\" data-dt-img-description=\"\" data-large_image_width=\"239\" data-large_image_height=\"153\"><img loading=\"lazy\" decoding=\"async\" class=\"wp-image-369478 alignleft\" src=\"https:\/\/www.radiopiu.net\/wordpress\/wp-content\/uploads\/2024\/01\/Senza-nome-34.png\" alt=\"\" width=\"128\" height=\"82\" \/><\/a>dal TG BELLUNESE di\u00a0 ANTENNA 3 ogni sera alle 19.30 sul canale 10 del digitale terrestre e alle 19 le anticipazioni alla radio.\u00a0<\/strong><\/p>\n<blockquote>\n<h3 class=\"_title post-title entry-title\">CANTIERI OLIMPICI, TRA UN MESE IL VIA AI PRIMI LAVORI<\/h3>\n<\/blockquote>\n<p>Intervistati GIANLUCA LORENZI SINDACO DI CORTINA D\u2019AMPEZZO (AL TELEFONO) (Servizio di\u00a0<a href=\"https:\/\/antennatre.medianordest.it\/redazione\/Tiziana-Bolognani\/\">Tiziana Bolognani<\/a>)<\/p>\n<p><iframe loading=\"lazy\" title=\"CANTIERI OLIMPICI, TRA UN MESE IL VIA AI PRIMI LAVORI | 10\/01\/2024\" width=\"1200\" height=\"675\" src=\"https:\/\/www.youtube.com\/embed\/WYhK5cDN8jI?feature=oembed\" frameborder=\"0\" allow=\"accelerometer; autoplay; clipboard-write; encrypted-media; gyroscope; picture-in-picture; web-share\" allowfullscreen><\/iframe><\/p>\n<p>&nbsp;<\/p>\n<hr \/>\n<p>&nbsp;<\/p>\n<blockquote>\n<h3>RICCARDO FONTANIVE E&#8217; IL NUOVO SEGRETARIO DI AZIONE<\/h3>\n<\/blockquote>\n<p><strong><a class=\"dt-pswp-item\" href=\"https:\/\/www.radiopiu.net\/wordpress\/wp-content\/uploads\/2024\/01\/9478a41d-b6b9-49b3-ae92-408673afaed4.jpg\" data-dt-img-description=\"\" data-large_image_width=\"1600\" data-large_image_height=\"1200\"><img loading=\"lazy\" decoding=\"async\" class=\" wp-image-369417 alignleft\" src=\"https:\/\/www.radiopiu.net\/wordpress\/wp-content\/uploads\/2024\/01\/9478a41d-b6b9-49b3-ae92-408673afaed4-300x225.jpg\" alt=\"\" width=\"168\" height=\"126\" srcset=\"https:\/\/www.radiopiu.net\/wordpress\/wp-content\/uploads\/2024\/01\/9478a41d-b6b9-49b3-ae92-408673afaed4-300x225.jpg 300w, https:\/\/www.radiopiu.net\/wordpress\/wp-content\/uploads\/2024\/01\/9478a41d-b6b9-49b3-ae92-408673afaed4-1024x768.jpg 1024w, https:\/\/www.radiopiu.net\/wordpress\/wp-content\/uploads\/2024\/01\/9478a41d-b6b9-49b3-ae92-408673afaed4-768x576.jpg 768w, https:\/\/www.radiopiu.net\/wordpress\/wp-content\/uploads\/2024\/01\/9478a41d-b6b9-49b3-ae92-408673afaed4-1536x1152.jpg 1536w, https:\/\/www.radiopiu.net\/wordpress\/wp-content\/uploads\/2024\/01\/9478a41d-b6b9-49b3-ae92-408673afaed4.jpg 1600w\" sizes=\"auto, (max-width: 168px) 100vw, 168px\" \/><\/a>BELLUNO<\/strong> Parler\u00e0 agordino la nuova guida di Azione nel capoluogo: sar\u00e0 infatti l&#8217;ex assessore al bilancio di Canale d&#8217;Agordo Riccardo Fontanive il nuovo segretario del capoluogo del partito guidato da Carlo Calenda.<\/p>\n<p><strong>DI DANIELE DALVIT<\/strong><\/p>\n<audio class=\"wp-audio-shortcode\" id=\"audio-369329-6\" preload=\"none\" style=\"width: 100%;\" controls=\"controls\"><source type=\"audio\/mpeg\" src=\"https:\/\/www.radiopiu.net\/wordpress\/wp-content\/uploads\/2024\/01\/Radio-Piu-Servizio-Segretario-Azione-Belluno.mp3?_=6\" \/><a href=\"https:\/\/www.radiopiu.net\/wordpress\/wp-content\/uploads\/2024\/01\/Radio-Piu-Servizio-Segretario-Azione-Belluno.mp3\">https:\/\/www.radiopiu.net\/wordpress\/wp-content\/uploads\/2024\/01\/Radio-Piu-Servizio-Segretario-Azione-Belluno.mp3<\/a><\/audio>\n<p>&nbsp;<\/p>\n<hr \/>\n<p>&nbsp;<\/p>\n<div class=\"articlePlainSubHead\"><\/div>\n<blockquote>\n<h3 class=\"articlePlainTitle\">Funivie in assemblea per bilancio e cariche<\/h3>\n<\/blockquote>\n<div class=\"addthis_sharing_toolbox\" data-url=\"http:\/\/sfoglio.corrierealpi.gelocal.it\/share_article.php?article_id=13536475\" data-title=\"Funivie in assemblea per bilancio e cariche\"><\/div>\n<div class=\"articlePlainText\"><strong>VAL DI ZOLDO\u00a0<\/strong> \u00c8 stata convocata per sabato\u00a0 alle 14, alla sala civica di piazza Angelini, l&#8217;assemblea della societ\u00e0 ValdiZoldo Funivie per tirare le somme sui conti e per rinnovare le cariche sociali.\u00a0Il secondo punto \u00e8 dedicato alla nomina dell&#8217;organo amministrativo, con la attribuzione del relativo compenso.<\/div>\n<p>&nbsp;<\/p>\n<p>&nbsp;<\/p>\n<hr \/>\n<p>&nbsp;<\/p>\n<blockquote>\n<h3>LA PROVINCIA APPOGGIA LA PROPOSTA DI LICEO STEAM<\/h3>\n<\/blockquote>\n<p><strong><a class=\"dt-pswp-item\" href=\"https:\/\/www.radiopiu.net\/wordpress\/wp-content\/uploads\/2020\/06\/primo-piano-gli-studenti-che-scrivono-e-leggono-gli-fogli-di-risposta-degli-esami-di-esercitazione-in-aula-della-scuola-con-lo-stress_73622-858.jpg\" data-dt-img-description=\"\" data-large_image_width=\"626\" data-large_image_height=\"417\"><img loading=\"lazy\" decoding=\"async\" class=\" wp-image-143128 alignleft\" src=\"https:\/\/www.radiopiu.net\/wordpress\/wp-content\/uploads\/2020\/06\/primo-piano-gli-studenti-che-scrivono-e-leggono-gli-fogli-di-risposta-degli-esami-di-esercitazione-in-aula-della-scuola-con-lo-stress_73622-858-300x200.jpg\" alt=\"\" width=\"179\" height=\"119\" srcset=\"https:\/\/www.radiopiu.net\/wordpress\/wp-content\/uploads\/2020\/06\/primo-piano-gli-studenti-che-scrivono-e-leggono-gli-fogli-di-risposta-degli-esami-di-esercitazione-in-aula-della-scuola-con-lo-stress_73622-858-300x200.jpg 300w, https:\/\/www.radiopiu.net\/wordpress\/wp-content\/uploads\/2020\/06\/primo-piano-gli-studenti-che-scrivono-e-leggono-gli-fogli-di-risposta-degli-esami-di-esercitazione-in-aula-della-scuola-con-lo-stress_73622-858.jpg 626w\" sizes=\"auto, (max-width: 179px) 100vw, 179px\" \/><\/a>BELLUNO<\/strong> Il presidente della Provincia di Belluno, Roberto Padrin, ha accolto favorevolmente la proposta di introdurre un liceo STEAM (Scienze, Tecnologia, Ingegneria, Arte e Matematica) nel Bellunese. La proposta \u00e8 stata avanzata da Confindustria Belluno Dolomiti e attualmente \u00e8 in fase di valutazione da parte della Diocesi per quanto riguarda il liceo Lollino, che attualmente offre corsi classico e scientifico. Il presidente Padrin sottolinea l&#8217;importanza di offrire percorsi formativi all&#8217;avanguardia per costruire competenze necessarie al territorio. Vista la diminuzione del numero di studenti nella provincia, ampliare l&#8217;offerta formativa potrebbe attrarre studenti da altre regioni e contribuire alla crescita complessiva della provincia. La proposta di un liceo STEAM potrebbe essere un&#8217;opportunit\u00e0 significativa per rispondere alle esigenze delle imprese e fornire servizi alla comunit\u00e0 locale. Attualmente, ci sono solo due licei STEAM in Italia, a Bologna e Rovereto. Il liceo di Rovereto ha registrato un notevole aumento delle pre-iscrizioni, passando da 18 a 180 in pochi anni. La diversificazione delle opzioni formative \u00e8 considerata cruciale per attrarre studenti e sostenere la crescita delle scuole.<\/p>\n<p>&nbsp;<\/p>\n<p>&nbsp;<\/p>\n<hr \/>\n<p>&nbsp;<\/p>\n<blockquote>\n<h3>FELTRE: APPROVATO IL PROGETTO DI FATTIBILIT\u00c0 TECNICA ECONOMICA PER LA REALIZZAZIONE DELLA PIASTRA ENDOSCOPICA<\/h3>\n<\/blockquote>\n<p><strong><a class=\"dt-pswp-item\" href=\"https:\/\/www.radiopiu.net\/wordpress\/wp-content\/uploads\/2024\/01\/Nuovo-blocco-operatorio-Ospedale-di-Feltre.jpeg\" data-dt-img-description=\"\" data-large_image_width=\"2048\" data-large_image_height=\"2048\"><img loading=\"lazy\" decoding=\"async\" class=\" wp-image-369437 alignleft\" src=\"https:\/\/www.radiopiu.net\/wordpress\/wp-content\/uploads\/2024\/01\/Nuovo-blocco-operatorio-Ospedale-di-Feltre-300x300.jpeg\" alt=\"\" width=\"139\" height=\"139\" srcset=\"https:\/\/www.radiopiu.net\/wordpress\/wp-content\/uploads\/2024\/01\/Nuovo-blocco-operatorio-Ospedale-di-Feltre-300x300.jpeg 300w, https:\/\/www.radiopiu.net\/wordpress\/wp-content\/uploads\/2024\/01\/Nuovo-blocco-operatorio-Ospedale-di-Feltre-1024x1024.jpeg 1024w, https:\/\/www.radiopiu.net\/wordpress\/wp-content\/uploads\/2024\/01\/Nuovo-blocco-operatorio-Ospedale-di-Feltre-150x150.jpeg 150w, https:\/\/www.radiopiu.net\/wordpress\/wp-content\/uploads\/2024\/01\/Nuovo-blocco-operatorio-Ospedale-di-Feltre-768x768.jpeg 768w, https:\/\/www.radiopiu.net\/wordpress\/wp-content\/uploads\/2024\/01\/Nuovo-blocco-operatorio-Ospedale-di-Feltre-1536x1536.jpeg 1536w, https:\/\/www.radiopiu.net\/wordpress\/wp-content\/uploads\/2024\/01\/Nuovo-blocco-operatorio-Ospedale-di-Feltre.jpeg 2048w\" sizes=\"auto, (max-width: 139px) 100vw, 139px\" \/><\/a>BELLUNO<\/strong> \u00c8 stato approvato il progetto di fattibilit\u00e0 tecnica ed economica per la realizzazione della piastra endoscopica presso l&#8217;Ospedale di Feltre, Centro di Riferimento Regionale per la chirurgia oncologica gastroenterologica &#8220;Michele De Boni&#8221;. L&#8217;investimento supera i 5 milioni di euro, di cui 2 milioni finanziati dal Fondo Comuni Confinanti. Il progetto prevede la ristrutturazione di una parte dell&#8217;ospedale, con adeguamenti strutturali e impiantistici, per creare tre sale endoscopiche, locali per accoglienza e monitoraggio dei pazienti, e spazi per attivit\u00e0 amministrative e sanitarie. L&#8217;obiettivo \u00e8 dotare il Centro di Riferimento di moderne tecnologie per procedure endoscopiche complesse, garantendo standard elevati di cure e assistenza. Dopo l&#8217;approvazione, seguiranno la stipula della convenzione per il finanziamento e le fasi di progettazione ed esecuzione dei lavori.<\/p>\n<p>&nbsp;<\/p>\n<p>&nbsp;<\/p>\n<hr \/>\n<p>&nbsp;<\/p>\n<blockquote>\n<h3>INFLUENZA: OGGI IL RAPPORTO SULL&#8217;ANDAMENTO EPIDEMICO<\/h3>\n<\/blockquote>\n<p><strong><a class=\"dt-pswp-item\" href=\"https:\/\/www.radiopiu.net\/wordpress\/wp-content\/uploads\/2022\/12\/TERMOMETRO.png\" data-dt-img-description=\"\" data-large_image_width=\"1280\" data-large_image_height=\"766\"><img loading=\"lazy\" decoding=\"async\" class=\" wp-image-314054 alignleft\" src=\"https:\/\/www.radiopiu.net\/wordpress\/wp-content\/uploads\/2022\/12\/TERMOMETRO-300x180.png\" alt=\"\" width=\"155\" height=\"93\" srcset=\"https:\/\/www.radiopiu.net\/wordpress\/wp-content\/uploads\/2022\/12\/TERMOMETRO-300x180.png 300w, https:\/\/www.radiopiu.net\/wordpress\/wp-content\/uploads\/2022\/12\/TERMOMETRO-1024x613.png 1024w, https:\/\/www.radiopiu.net\/wordpress\/wp-content\/uploads\/2022\/12\/TERMOMETRO-768x460.png 768w, https:\/\/www.radiopiu.net\/wordpress\/wp-content\/uploads\/2022\/12\/TERMOMETRO.png 1280w\" sizes=\"auto, (max-width: 155px) 100vw, 155px\" \/><\/a>VENEZIA<\/strong> Verr\u00e0 diffuso oggi il report sull&#8217;andamento dell&#8217;influenza in Veneto. Attualmente, l&#8217;andamento influenzale nella stagione 2023-2024 risulta statisticamente sovrapponibile alle stagioni pre-pandemiche, senza situazioni eccezionali. I dati disponibili finora mostrano una mortalit\u00e0 in linea con le stagioni precedenti, con 3 decessi registrati finora. La Direzione Prevenzione sottolinea che non ci sono nuovi casi di &#8220;influenza suina&#8221; come evento di passaggio di virus animale-uomo, ma si tratta di contagi da virus H1N1, comune nella stagione influenzale stagionale. L&#8217;influenza attuale \u00e8 caratterizzata dalla circolazione del virus H1N1 pdm09, presente in tutte le stagioni dal 2009, e il termine &#8220;influenza suina&#8221; \u00e8 considerato un retaggio mediatico. La mortalit\u00e0 e i ricoveri attuali sono in linea con le stagioni pre-pandemiche, secondo un recente report dell&#8217;OMS. La sorveglianza attraverso medici e ospedali rimane importante, e il vaccino \u00e8 disponibile per i soggetti a rischio e le categorie indicate dal ministero.<\/p>\n<p>&nbsp;<\/p>\n<p>&nbsp;<\/p>\n<hr \/>\n<p>&nbsp;<\/p>\n<blockquote>\n<h3 class=\"titolonews\">APPROVATO IL NUOVO TESTO UNICO CHE METTE ORDINE IN TEMA DI URBANISTICA, EDILIZIA E TERRITORIO<\/h3>\n<\/blockquote>\n<p><strong><a class=\"dt-pswp-item\" href=\"https:\/\/www.radiopiu.net\/wordpress\/wp-content\/uploads\/2018\/01\/edilizia-scolastica.jpg\" data-dt-img-description=\"\" data-large_image_width=\"800\" data-large_image_height=\"579\"><img loading=\"lazy\" decoding=\"async\" class=\" wp-image-42389 alignleft\" src=\"https:\/\/www.radiopiu.net\/wordpress\/wp-content\/uploads\/2018\/01\/edilizia-scolastica-300x217.jpg\" alt=\"\" width=\"156\" height=\"113\" srcset=\"https:\/\/www.radiopiu.net\/wordpress\/wp-content\/uploads\/2018\/01\/edilizia-scolastica-300x217.jpg 300w, https:\/\/www.radiopiu.net\/wordpress\/wp-content\/uploads\/2018\/01\/edilizia-scolastica-768x556.jpg 768w, https:\/\/www.radiopiu.net\/wordpress\/wp-content\/uploads\/2018\/01\/edilizia-scolastica.jpg 800w\" sizes=\"auto, (max-width: 156px) 100vw, 156px\" \/><\/a>VENEZIA<\/strong> La Giunta regionale del Veneto ha approvato un disegno di legge per un nuovo Testo Unico chiamato &#8220;Veneto Territorio Sostenibile&#8221;. Questo riunisce la normativa esistente su urbanistica, edilizia e paesaggio in un unico documento, riducendo il numero complessivo di articoli a 125 per semplificare la lettura e l&#8217;interpretazione. L&#8217;obiettivo \u00e8 risolvere criticit\u00e0, colmare lacune normative, perfezionare il monitoraggio territoriale e rafforzare gli obiettivi delle politiche di sostenibilit\u00e0 territoriale. Il Testo Unico promuove il coinvolgimento dei cittadini nei processi di pianificazione e introduce nuove dotazioni territoriali come il &#8220;Tavolo regionale per le infrastrutture verdi in ambito urbano&#8221;.<\/p>\n<p>&nbsp;<\/p>\n<p>&nbsp;<\/p>\n<hr \/>\n<p>&nbsp;<\/p>\n<blockquote>\n<h3>UN ANNO SENZA GIULIA RAMELLI<\/h3>\n<\/blockquote>\n<p><strong><a class=\"dt-pswp-item\" href=\"https:\/\/www.radiopiu.net\/wordpress\/wp-content\/uploads\/2024\/01\/4dbd2cb9-3a56-4831-9e80-9e672c221630.jpg\" data-dt-img-description=\"\" data-large_image_width=\"768\" data-large_image_height=\"904\"><img loading=\"lazy\" decoding=\"async\" class=\" wp-image-369461 alignleft\" src=\"https:\/\/www.radiopiu.net\/wordpress\/wp-content\/uploads\/2024\/01\/4dbd2cb9-3a56-4831-9e80-9e672c221630-255x300.jpg\" alt=\"\" width=\"102\" height=\"120\" srcset=\"https:\/\/www.radiopiu.net\/wordpress\/wp-content\/uploads\/2024\/01\/4dbd2cb9-3a56-4831-9e80-9e672c221630-255x300.jpg 255w, https:\/\/www.radiopiu.net\/wordpress\/wp-content\/uploads\/2024\/01\/4dbd2cb9-3a56-4831-9e80-9e672c221630.jpg 768w\" sizes=\"auto, (max-width: 102px) 100vw, 102px\" \/><\/a>PER LE TRE RADIO, BARBARA PAOLAZZI (CLUB 103)<\/strong><\/p>\n<audio class=\"wp-audio-shortcode\" id=\"audio-369329-7\" preload=\"none\" style=\"width: 100%;\" controls=\"controls\"><source type=\"audio\/mpeg\" src=\"https:\/\/www.radiopiu.net\/wordpress\/wp-content\/uploads\/2024\/01\/PAOLAZZI-UN-ANNO-SENZA-GIULIA-RAMELLI.mp3?_=7\" \/><a href=\"https:\/\/www.radiopiu.net\/wordpress\/wp-content\/uploads\/2024\/01\/PAOLAZZI-UN-ANNO-SENZA-GIULIA-RAMELLI.mp3\">https:\/\/www.radiopiu.net\/wordpress\/wp-content\/uploads\/2024\/01\/PAOLAZZI-UN-ANNO-SENZA-GIULIA-RAMELLI.mp3<\/a><\/audio>\n<p>&nbsp;<\/p>\n<p>&nbsp;<\/p>\n<hr \/>\n<p>&nbsp;<\/p>\n<blockquote>\n<h3>L\u2019HOTEL BOITE LANCIA \u201cLE NUOVE DOLOMITI\u201d<\/h3>\n<\/blockquote>\n<p><strong><a class=\"dt-pswp-item\" href=\"https:\/\/www.radiopiu.net\/wordpress\/wp-content\/uploads\/2024\/01\/Locandina-Le-nuove-Dolomiti-scaled.jpg\" data-dt-img-description=\"\" data-large_image_width=\"1831\" data-large_image_height=\"2560\"><img loading=\"lazy\" decoding=\"async\" class=\" wp-image-369407 alignleft\" src=\"https:\/\/www.radiopiu.net\/wordpress\/wp-content\/uploads\/2024\/01\/Locandina-Le-nuove-Dolomiti-215x300.jpg\" alt=\"\" width=\"100\" height=\"140\" srcset=\"https:\/\/www.radiopiu.net\/wordpress\/wp-content\/uploads\/2024\/01\/Locandina-Le-nuove-Dolomiti-215x300.jpg 215w, https:\/\/www.radiopiu.net\/wordpress\/wp-content\/uploads\/2024\/01\/Locandina-Le-nuove-Dolomiti-732x1024.jpg 732w, https:\/\/www.radiopiu.net\/wordpress\/wp-content\/uploads\/2024\/01\/Locandina-Le-nuove-Dolomiti-768x1074.jpg 768w, https:\/\/www.radiopiu.net\/wordpress\/wp-content\/uploads\/2024\/01\/Locandina-Le-nuove-Dolomiti-1098x1536.jpg 1098w, https:\/\/www.radiopiu.net\/wordpress\/wp-content\/uploads\/2024\/01\/Locandina-Le-nuove-Dolomiti-1465x2048.jpg 1465w, https:\/\/www.radiopiu.net\/wordpress\/wp-content\/uploads\/2024\/01\/Locandina-Le-nuove-Dolomiti-scaled.jpg 1831w\" sizes=\"auto, (max-width: 100px) 100vw, 100px\" \/><\/a>BORCA DI CADORE<\/strong> L&#8217;Hotel Boite di Borca di Cadore, in collaborazione con Welcome Dolomiti e con il patrocinio del Comune di Borca di Cadore, presenta iniziative innovative rivolte agli ospiti, residenti, amministratori pubblici e realt\u00e0 private del territorio. La struttura ha collaborato con Welcome Dolomiti per creare un calendario di attivit\u00e0 quotidiane per ospiti e clienti esterni. La nuova rassegna culturale &#8220;Le nuove Dolomiti&#8221; comprende tre eventi che valorizzano l&#8217;autenticit\u00e0 delle persone e delle imprese. Gli incontri riguardano temi come lo sviluppo del territorio, il nuovo lusso nelle valli incontaminate e il valore delle aziende agricole di montagna. Gli eventi si svolgono nel Salotto Hotel Boite.<\/p>\n<p>&nbsp;<\/p>\n<p>&nbsp;<\/p>\n<p>&nbsp;<\/p>\n<hr \/>\n<p>&nbsp;<\/p>\n<blockquote>\n<h3>CONVEGNO BELLUNESE \u201cL\u2019ENERGIA DEL TERRITORIO PER IL CITTADINO\u201d<\/h3>\n<\/blockquote>\n<p><strong><a class=\"dt-pswp-item\" href=\"https:\/\/www.radiopiu.net\/wordpress\/wp-content\/uploads\/2023\/07\/banner-BIM-testa.jpg\" data-dt-img-description=\"\" data-large_image_width=\"500\" data-large_image_height=\"400\"><img loading=\"lazy\" decoding=\"async\" class=\" wp-image-342582 alignleft\" src=\"https:\/\/www.radiopiu.net\/wordpress\/wp-content\/uploads\/2023\/07\/banner-BIM-testa-300x240.jpg\" alt=\"\" width=\"104\" height=\"83\" srcset=\"https:\/\/www.radiopiu.net\/wordpress\/wp-content\/uploads\/2023\/07\/banner-BIM-testa-300x240.jpg 300w, https:\/\/www.radiopiu.net\/wordpress\/wp-content\/uploads\/2023\/07\/banner-BIM-testa.jpg 500w\" sizes=\"auto, (max-width: 104px) 100vw, 104px\" \/><\/a>BELLUNO<\/strong> Il convegno &#8220;L&#8217;energia del territorio per il cittadino&#8221; si terr\u00e0 gioved\u00ec 11 gennaio, dalle 9 alle 13, presso la sede della Camera di Commercio Treviso-Belluno Dolomiti a Belluno. Organizzato dal Consorzio Bim Piave e dal Comune di Belluno, in collaborazione con la Camera di Commercio e la Provincia di Belluno, mira a esplorare opportunit\u00e0 di sviluppo energetico economico ed ecosostenibile per il Bellunese.<\/p>\n<p>&nbsp;<\/p>\n<p>&nbsp;<\/p>\n<hr \/>\n<p>&nbsp;<\/p>\n<p>&nbsp;<\/p>\n<blockquote>\n<h3><a class=\"dt-pswp-item\" href=\"https:\/\/www.radiopiu.net\/wordpress\/wp-content\/uploads\/2024\/01\/Senza-nome-22.png\" data-dt-img-description=\"\" data-large_image_width=\"290\" data-large_image_height=\"229\"><img loading=\"lazy\" decoding=\"async\" class=\"wp-image-369063 alignleft\" src=\"https:\/\/www.radiopiu.net\/wordpress\/wp-content\/uploads\/2024\/01\/Senza-nome-22.png\" alt=\"\" width=\"190\" height=\"150\" \/><\/a>MONTAGNE IN CAMBIAMENTO, IL CONVEGNO<\/h3>\n<p><em>Un viaggio nella transizione ecologica dolomitica<\/em><\/p><\/blockquote>\n<p><strong>BELLUNO<\/strong> Il 12 gennaio dalle 9 si terr\u00e0 il convegno &#8220;Montagne in cambiamento&#8221; presso la Camera di Commercio di Belluno, organizzato da Irene Da Ros del DISPES di Trieste in collaborazione con &#8220;Scuole in rete per un mondo di solidariet\u00e0 e di pace&#8221; di Belluno.<\/p>\n<p>&nbsp;<\/p>\n<hr \/>\n<p>&nbsp;<\/p>\n<blockquote>\n<h2>LE PISTE&#8230; SULLA PORTA DI CASA<\/h2>\n<\/blockquote>\n<div>\n<div class=\"x1cy8zhl x78zum5 x1q0g3np xod5an3 x1pi30zi x1swvt13 xz9dl7a\">\n<div class=\"x1iyjqo2\">\n<div class=\"x78zum5 xdt5ytf xz62fqu x16ldp7u\">\n<div class=\"xu06os2 x1ok221b\">\n<h2 id=\":R1al9aqqd9emhpapd5aq:\" class=\"x1heor9g x1qlqyl8 x1pd3egz x1a2a7pz x1gslohp x1yc453h\"><span class=\"x193iq5w xeuugli x13faqbe x1vvkbs x1xmvt09 x6prxxf xvq8zen xo1l8bm xi81zsa\"><strong><a class=\"dt-pswp-item\" href=\"https:\/\/www.radiopiu.net\/wordpress\/wp-content\/uploads\/2021\/11\/FORCELLA-AURINE.jpg\" data-dt-img-description=\"\" data-large_image_width=\"960\" data-large_image_height=\"720\"><img loading=\"lazy\" decoding=\"async\" class=\" wp-image-241538 alignleft\" src=\"https:\/\/www.radiopiu.net\/wordpress\/wp-content\/uploads\/2021\/11\/FORCELLA-AURINE-300x225.jpg\" alt=\"\" width=\"191\" height=\"143\" srcset=\"https:\/\/www.radiopiu.net\/wordpress\/wp-content\/uploads\/2021\/11\/FORCELLA-AURINE-300x225.jpg 300w, https:\/\/www.radiopiu.net\/wordpress\/wp-content\/uploads\/2021\/11\/FORCELLA-AURINE-768x576.jpg 768w, https:\/\/www.radiopiu.net\/wordpress\/wp-content\/uploads\/2021\/11\/FORCELLA-AURINE.jpg 960w\" sizes=\"auto, (max-width: 191px) 100vw, 191px\" \/><\/a>Aurine SKI Dolomiti -Progetto Desma <\/strong><\/span><strong><a class=\"x1i10hfl xjbqb8w x6umtig x1b1mbwd xaqea5y xav7gou x9f619 x1ypdohk xt0psk2 xe8uvvx xdj266r x11i5rnm xat24cr x1mh8g0r xexx8yu x4uap5 x18d9i69 xkhd6sd x16tdsg8 x1hl2dhg xggy1nq x1a2a7pz xt0b8zv xzsf02u x1s688f\" tabindex=\"0\" role=\"link\" href=\"https:\/\/www.facebook.com\/aurineskidolomiti?__cft__[0]=AZXSmHr83SUuJT0u4kVMSvLZyFo58012vDZQz2S9NoUpe9MsUBxfpeLpjB-1OoVs-G6CFBOMyk-HwUGAJFyotDcmMB8tqVOt4ppZp7H1Nhm_9AbxGcAKPdaj0NRByIDsgxLcHrLDuU1XYg3AAgvwT-9s&amp;__tn__=-]C%2CP-R\"><span class=\"xt0psk2\">&#8211;<\/span><\/a><\/strong>.<\/h2>\n<\/div>\n<div class=\"xu06os2 x1ok221b\">NUOVE APERTURE E NUOVI ORARI: &#8211; LUNEDI : Chiuso &#8211; MARTEDI : Chiuso &#8211; MERCOLEDI : 13:00-16:30 \/ 19:30-22:00 &#8211; GIOVEDI : 13:00-16:30 &#8211; VENERDI : 13:00-16:30 &#8211; SABATO : 9:00 &#8211; 16.30 &#8211; DOMENICA : 9:00 &#8211; 16.30 AD OGGI LA SITUAZIONE PISTE: &#8211; CAMPO SCUOLA <span class=\"x3nfvp2 x1j61x8r x1fcty0u xdj266r xhhsvwb xat24cr xgzva0m xxymvpz xlup9mm x1kky2od\"><img loading=\"lazy\" decoding=\"async\" class=\"xz74otr\" src=\"https:\/\/static.xx.fbcdn.net\/images\/emoji.php\/v9\/t55\/1.5\/16\/1f7e2.png\" alt=\"&#x1f7e2;\" width=\"16\" height=\"16\" \/><\/span><\/div>\n<\/div>\n<\/div>\n<\/div>\n<\/div>\n<div>\n<div class=\"\" dir=\"auto\">\n<div id=\":R1al9aqqd9emhpapd5aqH2:\" class=\"x1iorvi4 x1pi30zi x1l90r2v x1swvt13\" data-ad-comet-preview=\"message\" data-ad-preview=\"message\">\n<div class=\"x78zum5 xdt5ytf xz62fqu x16ldp7u\">\n<div class=\"xu06os2 x1ok221b\">\n<div class=\"x11i5rnm xat24cr x1mh8g0r x1vvkbs xtlvy1s x126k92a\">\n<div dir=\"auto\">&#8211; GARDELINA <span class=\"x3nfvp2 x1j61x8r x1fcty0u xdj266r xhhsvwb xat24cr xgzva0m xxymvpz xlup9mm x1kky2od\"><img loading=\"lazy\" decoding=\"async\" class=\"xz74otr\" src=\"https:\/\/static.xx.fbcdn.net\/images\/emoji.php\/v9\/t55\/1.5\/16\/1f7e2.png\" alt=\"&#x1f7e2;\" width=\"16\" height=\"16\" \/> <\/span>&#8211; BEPI <span class=\"x3nfvp2 x1j61x8r x1fcty0u xdj266r xhhsvwb xat24cr xgzva0m xxymvpz xlup9mm x1kky2od\"><img loading=\"lazy\" decoding=\"async\" class=\"xz74otr\" src=\"https:\/\/static.xx.fbcdn.net\/images\/emoji.php\/v9\/t55\/1.5\/16\/1f7e2.png\" alt=\"&#x1f7e2;\" width=\"16\" height=\"16\" \/> <\/span>&#8211; GEMINI <span class=\"x3nfvp2 x1j61x8r x1fcty0u xdj266r xhhsvwb xat24cr xgzva0m xxymvpz xlup9mm x1kky2od\"><img loading=\"lazy\" decoding=\"async\" class=\"xz74otr\" src=\"https:\/\/static.xx.fbcdn.net\/images\/emoji.php\/v9\/tc7\/1.5\/16\/1f534.png\" alt=\"&#x1f534;\" width=\"16\" height=\"16\" \/> <\/span>Se le temperature ce lo permetteranno in pochi giorni sar\u00e0 completata anche la parte alta con l&#8217;apertura della sciovia Gardelon. RISTOBAR GHEGY<\/div>\n<\/div>\n<div class=\"x11i5rnm xat24cr x1mh8g0r x1vvkbs xtlvy1s x126k92a\">\n<div dir=\"auto\">&#8211; Dal Mercoled\u00ec al Venerd\u00ec aperto dall&#8217;ora di pranzo. &#8211; Mercoled\u00ec sera anche a cena con i panini GOURMET. &#8211; Sabato e Domenica 8:30 &#8211; 18.30.<\/div>\n<\/div>\n<\/div>\n<\/div>\n<\/div>\n<\/div>\n<\/div>\n<p>&nbsp;<\/p>\n<p>&nbsp;<\/p>\n<hr \/>\n<p>&nbsp;<\/p>\n<blockquote>\n<h3>CAI AGORDO, LA NUOVA STAGIONE<\/h3>\n<\/blockquote>\n<p><strong>AGORDO<\/strong> A<span style=\"color: #000000; font-family: roboto, helvetica neue, helvetica, arial, sans-serif;\">nche il 2024 sar\u00e0 un anno ricco di attivit\u00e0 escursionistica per adulti e bambini, Corsi e incontri culturali. Prima escursione invernale domenica 14 gennaio a Jore in Valle del Biois. Facile e piacevole camminata tra i boschi di larice e abete rosso ai piedi delle Cime d&#8217;Auta.<\/span><\/p>\n<p>&nbsp;<\/p>\n<p>&nbsp;<\/p>\n<hr \/>\n<p>&nbsp;<\/p>\n<blockquote>\n<h3>ARIA D&#8217;INVERN, IL CONCORSO FOTOGRAFICO<\/h3>\n<\/blockquote>\n<p><strong>CENCENIGHE<\/strong> La Pro Loco di Cencenighe ha organizzato un concorso fotografico dal titolo &#8220;Aria D&#8217;Invern&#8221;. Chi volesse partecipare pu\u00f2 inviare gli scatti fino al 31 marzo alla mail ariadinvern@gmail.com seguiranno le premiazioni e, nel mese di luglio, l&#8217;esposizione delle foto al Nof Fil\u00f2. Regolamento completo sul sito www.prolococencenighe.it<\/p>\n<p>&nbsp;<\/p>\n<p>&nbsp;<\/p>\n<hr \/>\n<p>&nbsp;<\/p>\n<p>&nbsp;<\/p>\n<p>&nbsp;<\/p>\n<blockquote>\n<h3><a class=\"dt-pswp-item\" href=\"https:\/\/www.radiopiu.net\/wordpress\/wp-content\/uploads\/2024\/01\/SCR-20240109-pzvy.png\" data-dt-img-description=\"\" data-large_image_width=\"750\" data-large_image_height=\"318\"><img loading=\"lazy\" decoding=\"async\" class=\" wp-image-369322 alignleft\" src=\"https:\/\/www.radiopiu.net\/wordpress\/wp-content\/uploads\/2024\/01\/SCR-20240109-pzvy-300x127.png\" alt=\"\" width=\"222\" height=\"94\" srcset=\"https:\/\/www.radiopiu.net\/wordpress\/wp-content\/uploads\/2024\/01\/SCR-20240109-pzvy-300x127.png 300w, https:\/\/www.radiopiu.net\/wordpress\/wp-content\/uploads\/2024\/01\/SCR-20240109-pzvy.png 750w\" sizes=\"auto, (max-width: 222px) 100vw, 222px\" \/><\/a>OPEN DAY ALLA SCUOLA DELL&#8217;INFANZIA DI AGORDO<\/h3>\n<\/blockquote>\n<p><strong>AGORDO<\/strong> E&#8217; in programma per mercoled\u00ec 24 gennaio l&#8217;open day della Scuola dell&#8217;infanzia di Agordo dedicato ai genitori. Nell&#8217;occasione si potr\u00e0 vistare la struttura ed effettuare le isrizioni per il prossimo anno scolastico. La scuola sar\u00e0 visitabile dalle 16 alle 17. Inoltre, per coloro che sono impossibilitati a visitare la scuola, il 31 gennaio dalle 9 alle 16 sar\u00e0 possibile fare l&#8217;iscrizione.<\/p>\n<p>&nbsp;<\/p>\n<p>&nbsp;<\/p>\n<p>&nbsp;<\/p>\n<hr \/>\n<p>&nbsp;<\/p>\n<h2><span style=\"color: #ff6600;\">IERI ALLA RADIO<\/span><\/h2>\n<h2><span style=\"color: #ff0000;\">LIBER, IL NUOVO PROGRAMMA DI LIANA CAVALLET<\/span><\/h2>\n<p><strong>PUNTATA 16 10 GENNAIO 2024 &#8211; CORRADO DA ROIT &#8220;LETTERE DALL&#8217;ATLANTE&#8221;, FRANCESCA GALLO &#8220;MARGRANDO&#8221;, SARA PIAZZA &#8220;I GIORNI DELLA MERLA&#8221;<\/strong><\/p>\n\n\t\t\t<style type='text\/css'>\n\t\t\t\t#gallery-1 {\n\t\t\t\t\tmargin: auto;\n\t\t\t\t}\n\t\t\t\t#gallery-1 .gallery-item {\n\t\t\t\t\tfloat: left;\n\t\t\t\t\tmargin-top: 10px;\n\t\t\t\t\ttext-align: center;\n\t\t\t\t\twidth: 33%;\n\t\t\t\t}\n\t\t\t\t#gallery-1 img {\n\t\t\t\t\tborder: 2px solid #cfcfcf;\n\t\t\t\t}\n\t\t\t\t#gallery-1 .gallery-caption {\n\t\t\t\t\tmargin-left: 0;\n\t\t\t\t}\n\t\t\t\t\/* see gallery_shortcode() in wp-includes\/media.php *\/\n\t\t\t<\/style>\n\t\t<div id='gallery-1' class='dt-gallery-container gallery galleryid-369329 gallery-columns-3 gallery-size-thumbnail'><dl class='gallery-item'>\n\t\t\t\t<dt class='gallery-icon portrait'>\n\t\t\t\t\t<a class=\"rollover rollover-zoom dt-pswp-item\" title=\"39fcbab4-1c6d-4afd-a6f7-ef7521049b38\" data-dt-img-description=\"\" data-large_image_width=\"537\" data-large_image_height=\"772\"href='https:\/\/www.radiopiu.net\/wordpress\/wp-content\/uploads\/2024\/01\/39fcbab4-1c6d-4afd-a6f7-ef7521049b38.jpg'><img loading=\"lazy\" decoding=\"async\" width=\"150\" height=\"150\" src=\"https:\/\/www.radiopiu.net\/wordpress\/wp-content\/uploads\/2024\/01\/39fcbab4-1c6d-4afd-a6f7-ef7521049b38-150x150.jpg\" class=\"attachment-thumbnail size-thumbnail\" alt=\"\" \/><\/a>\n\t\t\t\t<\/dt><\/dl><dl class='gallery-item'>\n\t\t\t\t<dt class='gallery-icon portrait'>\n\t\t\t\t\t<a class=\"rollover rollover-zoom dt-pswp-item\" title=\"f322d132-c72f-4722-9f5a-0e715beda818\" data-dt-img-description=\"\" data-large_image_width=\"524\" data-large_image_height=\"780\"href='https:\/\/www.radiopiu.net\/wordpress\/wp-content\/uploads\/2024\/01\/f322d132-c72f-4722-9f5a-0e715beda818.jpg'><img loading=\"lazy\" decoding=\"async\" width=\"150\" height=\"150\" src=\"https:\/\/www.radiopiu.net\/wordpress\/wp-content\/uploads\/2024\/01\/f322d132-c72f-4722-9f5a-0e715beda818-150x150.jpg\" class=\"attachment-thumbnail size-thumbnail\" alt=\"\" \/><\/a>\n\t\t\t\t<\/dt><\/dl><dl class='gallery-item'>\n\t\t\t\t<dt class='gallery-icon portrait'>\n\t\t\t\t\t<a class=\"rollover rollover-zoom dt-pswp-item\" title=\"246bb39f-45f6-4b5a-8fce-80fdb2779cea\" data-dt-img-description=\"\" data-large_image_width=\"296\" data-large_image_height=\"438\"href='https:\/\/www.radiopiu.net\/wordpress\/wp-content\/uploads\/2024\/01\/246bb39f-45f6-4b5a-8fce-80fdb2779cea.jpg'><img loading=\"lazy\" decoding=\"async\" width=\"150\" height=\"150\" src=\"https:\/\/www.radiopiu.net\/wordpress\/wp-content\/uploads\/2024\/01\/246bb39f-45f6-4b5a-8fce-80fdb2779cea-150x150.jpg\" class=\"attachment-thumbnail size-thumbnail\" alt=\"\" \/><\/a>\n\t\t\t\t<\/dt><\/dl><br style=\"clear: both\" \/>\n\t\t\t<\/div>\n\n<audio class=\"wp-audio-shortcode\" id=\"audio-369329-8\" preload=\"none\" style=\"width: 100%;\" controls=\"controls\"><source type=\"audio\/mpeg\" src=\"https:\/\/www.radiopiu.net\/wordpress\/wp-content\/uploads\/2024\/01\/LIANA-2.mp3?_=8\" \/><a href=\"https:\/\/www.radiopiu.net\/wordpress\/wp-content\/uploads\/2024\/01\/LIANA-2.mp3\">https:\/\/www.radiopiu.net\/wordpress\/wp-content\/uploads\/2024\/01\/LIANA-2.mp3<\/a><\/audio>\n<p>&nbsp;<\/p>\n<p><strong>LA RACCOLTA COMPLETA <a href=\"https:\/\/www.radiopiu.net\/wordpress\/liber-il-nuovo-programma-di-liana-cavalet-la-raccolta-2\/\">CLICCA QUI<\/a><\/strong><\/p>\n<p>&nbsp;<\/p>\n<h2><a class=\"dt-pswp-item\" href=\"https:\/\/www.radiopiu.net\/wordpress\/wp-content\/uploads\/2022\/11\/scuola-zaino.jpeg\" data-dt-img-description=\"\" data-large_image_width=\"626\" data-large_image_height=\"417\"><img loading=\"lazy\" decoding=\"async\" class=\" wp-image-306830 alignleft\" src=\"https:\/\/www.radiopiu.net\/wordpress\/wp-content\/uploads\/2022\/11\/scuola-zaino-300x200.jpeg\" alt=\"\" width=\"152\" height=\"101\" srcset=\"https:\/\/www.radiopiu.net\/wordpress\/wp-content\/uploads\/2022\/11\/scuola-zaino-300x200.jpeg 300w, https:\/\/www.radiopiu.net\/wordpress\/wp-content\/uploads\/2022\/11\/scuola-zaino.jpeg 626w\" sizes=\"auto, (max-width: 152px) 100vw, 152px\" \/><\/a><span style=\"color: #3366ff;\">SE NON LA SMETTI TI MANDO DAL PRESIDE<\/span><\/h2>\n<p><strong>DI MIRKO MEZZACASA<\/strong><\/p>\n<p>CON MARIA ROSA SALMAZO<\/p>\n<audio class=\"wp-audio-shortcode\" id=\"audio-369329-9\" preload=\"none\" style=\"width: 100%;\" controls=\"controls\"><source type=\"audio\/mpeg\" src=\"https:\/\/www.radiopiu.net\/wordpress\/wp-content\/uploads\/2024\/01\/PRESIDE.mp3?_=9\" \/><a href=\"https:\/\/www.radiopiu.net\/wordpress\/wp-content\/uploads\/2024\/01\/PRESIDE.mp3\">https:\/\/www.radiopiu.net\/wordpress\/wp-content\/uploads\/2024\/01\/PRESIDE.mp3<\/a><\/audio>\n<p>&nbsp;<\/p>\n<h2><span style=\"color: #008000;\">CISL E FEMCA CISL LA VOCE PER I LAVORATORI<\/span><\/h2>\n<p><a class=\"dt-pswp-item\" href=\"https:\/\/www.radiopiu.net\/wordpress\/wp-content\/uploads\/2023\/10\/Senza-nome-7.png\" data-dt-img-description=\"\" data-large_image_width=\"235\" data-large_image_height=\"378\"><img loading=\"lazy\" decoding=\"async\" class=\"wp-image-355326 alignleft\" src=\"https:\/\/www.radiopiu.net\/wordpress\/wp-content\/uploads\/2023\/10\/Senza-nome-7-187x300.png\" alt=\"\" width=\"92\" height=\"148\" srcset=\"https:\/\/www.radiopiu.net\/wordpress\/wp-content\/uploads\/2023\/10\/Senza-nome-7-187x300.png 187w, https:\/\/www.radiopiu.net\/wordpress\/wp-content\/uploads\/2023\/10\/Senza-nome-7.png 235w\" sizes=\"auto, (max-width: 92px) 100vw, 92px\" \/><\/a>10 GENNAIO 2024<\/p>\n<h3>PUNTATA 55, ALESSIO PICCOLI<\/h3>\n<audio class=\"wp-audio-shortcode\" id=\"audio-369329-10\" preload=\"none\" style=\"width: 100%;\" controls=\"controls\"><source type=\"audio\/mpeg\" src=\"https:\/\/www.radiopiu.net\/wordpress\/wp-content\/uploads\/2024\/01\/FEMCA-CISL.mp3?_=10\" \/><a href=\"https:\/\/www.radiopiu.net\/wordpress\/wp-content\/uploads\/2024\/01\/FEMCA-CISL.mp3\">https:\/\/www.radiopiu.net\/wordpress\/wp-content\/uploads\/2024\/01\/FEMCA-CISL.mp3<\/a><\/audio>\n<p>&nbsp;<\/p>\n<p><strong>LA RACCOLTA COMPLETA <a href=\"https:\/\/www.radiopiu.net\/wordpress\/cisl-e-femca-cisl-la-vocef\/\">CLICCA QUI<\/a><\/strong><\/p>\n<p>&nbsp;<\/p>\n<hr \/>\n<p>&nbsp;<\/p>\n<p>&nbsp;<\/p>\n<p>&nbsp;<\/p>\n<p><a class=\"dt-pswp-item\" href=\"https:\/\/www.radiopiu.net\/wordpress\/wp-content\/uploads\/2024\/01\/Senza-nome-19.png\" data-dt-img-description=\"\" data-large_image_width=\"387\" data-large_image_height=\"84\"><img loading=\"lazy\" decoding=\"async\" class=\"wp-image-368996 size-full aligncenter\" src=\"https:\/\/www.radiopiu.net\/wordpress\/wp-content\/uploads\/2024\/01\/Senza-nome-19.png\" alt=\"\" width=\"387\" height=\"84\" srcset=\"https:\/\/www.radiopiu.net\/wordpress\/wp-content\/uploads\/2024\/01\/Senza-nome-19.png 387w, https:\/\/www.radiopiu.net\/wordpress\/wp-content\/uploads\/2024\/01\/Senza-nome-19-300x65.png 300w\" sizes=\"auto, (max-width: 387px) 100vw, 387px\" \/><\/a><\/p>\n<p>&nbsp;<\/p>\n<p>&nbsp;<\/p>\n<p>&nbsp;<\/p>\n<hr \/>\n<p>&nbsp;<\/p>\n<blockquote>\n<h3 dir=\"auto\">BANDI E CONCORSI, DAL &#8220;MERCATINO&#8221; SITO RADIOPIU.NET<\/h3>\n<\/blockquote>\n<div dir=\"auto\">\n<p><a class=\"dt-pswp-item\" href=\"https:\/\/www.radiopiu.net\/wordpress\/wp-content\/uploads\/2023\/11\/TAIBON-1.jpg\" data-dt-img-description=\"\" data-large_image_width=\"960\" data-large_image_height=\"720\"><img loading=\"lazy\" decoding=\"async\" class=\"wp-image-359597 alignleft\" src=\"https:\/\/www.radiopiu.net\/wordpress\/wp-content\/uploads\/2023\/11\/TAIBON-1-300x225.jpg\" alt=\"\" width=\"145\" height=\"109\" srcset=\"https:\/\/www.radiopiu.net\/wordpress\/wp-content\/uploads\/2023\/11\/TAIBON-1-300x225.jpg 300w, https:\/\/www.radiopiu.net\/wordpress\/wp-content\/uploads\/2023\/11\/TAIBON-1-768x576.jpg 768w, https:\/\/www.radiopiu.net\/wordpress\/wp-content\/uploads\/2023\/11\/TAIBON-1.jpg 960w\" sizes=\"auto, (max-width: 145px) 100vw, 145px\" \/><\/a><strong>IL COMUNE DI TAIBON<\/strong> RENDE NOTO CHE \u00e8 STATO INDETTO UN CONCORSO PUBBLICO PER SOLI ESAMI. SI ASSUME, A TEMPO INDETERMINATO E PIENO 1 COLLABORATORE PROFESSIONALE CONDUTTORE DI MACCHINE OPERATRICI COMPLESSE TRATTAMENTO ECONOMICO COME DA NORME CONTRATTUALI. PATENTE DI GUIDA RICHIESTA DI TIPO B, C E D IN CORSO DI VALIDIT\u00e0. Per informazioni e copie del bando gli interessati potranno rivolgersi ai seguenti recapiti: telefono: 0439 310259, mail: concorsi@feltrino.bl.it La registrazione, la compilazione e l\u2019invio on line della domanda devono essere completati entro le 12 del 12 GENNAIO<\/p>\n<p>&nbsp;<\/p>\n<p><a class=\"dt-pswp-item\" href=\"https:\/\/www.radiopiu.net\/wordpress\/wp-content\/uploads\/2020\/04\/ASCA.png\" data-dt-img-description=\"\" data-large_image_width=\"1211\" data-large_image_height=\"668\"><img loading=\"lazy\" decoding=\"async\" class=\"wp-image-128881 alignleft\" src=\"https:\/\/www.radiopiu.net\/wordpress\/wp-content\/uploads\/2020\/04\/ASCA-300x165.png\" alt=\"\" width=\"173\" height=\"95\" srcset=\"https:\/\/www.radiopiu.net\/wordpress\/wp-content\/uploads\/2020\/04\/ASCA-300x165.png 300w, https:\/\/www.radiopiu.net\/wordpress\/wp-content\/uploads\/2020\/04\/ASCA-1024x565.png 1024w, https:\/\/www.radiopiu.net\/wordpress\/wp-content\/uploads\/2020\/04\/ASCA-768x424.png 768w, https:\/\/www.radiopiu.net\/wordpress\/wp-content\/uploads\/2020\/04\/ASCA.png 1211w\" sizes=\"auto, (max-width: 173px) 100vw, 173px\" \/><\/a><strong>AVVISO DI SELEZIONE!<\/strong><br \/>\n<strong>AGORDO<\/strong> ASCA, azienda speciale consortile agordina cerca a tempo indeterminato e con orario pieno una figura\u00a0 professionale denominata REFERENTE DEGLI OPERATORI SOCIO SANITARI.\u00a0 ACCESSO WELFARE AZIENDALE, POSSIBILIT\u00e0 DI SISTEMAZIONE ABITATIVA gratuita per 8 mesi.\u00a0\u00a0 LE DOMANDE DI PARTECIPAZIONE ALLA SELEZIONE VANNO PRESENTATE ENTRO LE 12 DEL 19 gennaio<br \/>\nInformazioni sul sito <a class=\"moz-txt-link-abbreviated\" href=\"http:\/\/www.servizisocialiasca.it\">www.servizisocialiasca.it<\/a>\u00a0 sezione bandi;\u00a0 oppure ALL&#8217;UFFICIO PERSONALE ASCA: <a class=\"moz-txt-link-abbreviated\" href=\"mailto:personale@servizisocialiasca.it\">personale@servizisocialiasca.it<\/a>\u00a0 telefono 0437 63750<\/p>\n<p>&nbsp;<\/p>\n<blockquote><p><strong><a class=\"dt-pswp-item\" href=\"https:\/\/www.radiopiu.net\/wordpress\/wp-content\/uploads\/2024\/01\/322_1.jpg\" data-dt-img-description=\"\" data-large_image_width=\"800\" data-large_image_height=\"532\"><img loading=\"lazy\" decoding=\"async\" class=\"wp-image-368729 alignleft\" src=\"https:\/\/www.radiopiu.net\/wordpress\/wp-content\/uploads\/2024\/01\/322_1-300x200.jpg\" alt=\"\" width=\"228\" height=\"152\" srcset=\"https:\/\/www.radiopiu.net\/wordpress\/wp-content\/uploads\/2024\/01\/322_1-300x200.jpg 300w, https:\/\/www.radiopiu.net\/wordpress\/wp-content\/uploads\/2024\/01\/322_1-768x511.jpg 768w, https:\/\/www.radiopiu.net\/wordpress\/wp-content\/uploads\/2024\/01\/322_1.jpg 800w\" sizes=\"auto, (max-width: 228px) 100vw, 228px\" \/><\/a>SAN MARTINO IN BADIA <\/strong>La Residenza socio-assistenziale per anziani di San Martino in Val Badia cerca da subito collaboratori qualificati a tempo determinato e\/o indeterminato da inserire nell\u2019organico. I profili richiesti sono: Infermieri professionali e operatori socio-sanitari. Si offre flessibilit\u00e0 oraria su lavoro a turni, part-time 19, 24 o 29 ore settimanali o a tempo pieno 38 ore. Si offre vitto e alloggio in struttura, possibilit\u00e0 di formazione\/aggiornamento professionale, corsi di lingua e altri benefit. Viene offerto contratto di lavoro collettivo intercompartimentale per dipendenti pubblici ed eventuale retribuzione di indennit\u00e0 linguistica di trilinguismo. Per la candidatura \u00e9 necessario possedere la padronanza della lingua italiana o tedesca, la capacit\u00e0 di lavorare in team e competenze sociali oltre alla qualifica professionale richiesta. Per interesse prego contattare direttamente la struttura al numero: 0474\/524700 o scrivendo una mail a: info@ciasadepalsa.it.<\/p><\/blockquote>\n<\/div>\n<div dir=\"auto\"><\/div>\n<div dir=\"auto\">\n<hr \/>\n<\/div>\n<blockquote>\n<h3 dir=\"auto\">1989 CON RADIO PIU&#8217; ENRICO RUGGERI AD AGORDO<\/h3>\n<\/blockquote>\n<div dir=\"auto\">\n<p><strong><img loading=\"lazy\" decoding=\"async\" class=\"alignleft\" src=\"https:\/\/www.radiopiu.net\/wordpress\/wp-content\/uploads\/2024\/01\/285512446_10228632409262006_2788279429880867847_n-1.jpg\" width=\"311\" height=\"233\" \/>Agordo<\/strong>Gli anni d&#8217;oro della musica e dell&#8217;intrattenimento ad Agordo risplendono nel ricordo di concerti memorabili organizzati da Radio Pi\u00f9 e l&#8217;effimera\u00a0 esperienza di Agordo Estate. Il\u00a0 Broi e il Palaghiaccio di Agordo divennero palcoscenico di emozionanti esibizioni di artisti del calibro di Enrico Ruggeri, Casadei, Belumat, Roberto Vecchioni, e Giorgio Faletti. L&#8217;atmosfera vibrante si estendeva ben oltre le note, abbracciando la vivace comunit\u00e0 locale. Un capitolo speciale di quegli anni d&#8217;oro era il ristorante Gargantu\u00e0, punto di incontro prediletto per gli appassionati di musica e buona cucina. La sua accoglienza calorosa e la professionalit\u00e0 del personale contribuivano a creare un&#8217;esperienza indimenticabile per i partecipanti. La via 27 aprile, teatro di questi eventi, si trasformava in un affollato boulevard di entusiasmo e condivisione. Agordo, attraverso la sinfonia delle note e l&#8217;energia dei presenti, faceva davvero bella figura nella scena culturale locale.\u00a0 Oggi, quegli anni rimangono impressi nelle menti di coloro che hanno vissuto la magia di ogni concerto e la gioia di ritrovarsi in un luogo che, per un momento, si trasformava nel cuore pulsante della musica e della socialit\u00e0 ad Agordo. Un tuffo nei ricordi musicali, un omaggio a quei momenti che hanno segnato un&#8217;epoca e che continuano a vibrare nel tessuto della storia locale. Peccato che Agordo Estate sia durata troppo poco, ma le scellerate scelte di qualcuno affossarono l&#8217;iniziativa, infatti una dietro l&#8217;altra le societ\u00e0 sportive hanno preso la via pi\u00f9 breve per andarsene anche dopo il\u00a0 &#8220;fallimentare&#8221; concerto dei Pooh a Sedico poco partecipato o il famoso\u00a0 concerto di Jannacci al teatro\u00a0 comunale pubblicizzato e mai organizzato&#8230; giusto per citare le ultime scelte errate). Dopo quell&#8217;esperienza RadioPi\u00f9 ha proseguito in autonomia con la collaborazione di tanti volontari e sono stati portati nell&#8217;Agordino i Nomadi (alcune volte tra Alleghe e Falcade), Vecchioni, Oxa, Ron, Dolcenera, Fichi d&#8217;India, Cevoli &#8230; e molti altri.<\/p>\n<p><em>*** Il termine &#8220;effimera&#8221; \u00e8 un aggettivo che deriva dal latino &#8220;ephemera&#8221; e si riferisce a qualcosa di transitorio, breve nella durata o di breve durata. Indica qualcosa che ha una vita o una esistenza molto limitata nel tempo, che dura solo per un breve periodo. Pu\u00f2 essere utilizzato per descrivere oggetti, eventi, emozioni o situazioni che sono fugaci, passeggeri o temporanei. In dialetto milanese, il termine &#8220;effimera&#8221; pu\u00f2 essere espresso come &#8220;efimera&#8221; o &#8220;efimera.&#8221;\u00a0<\/em><\/p>\n<\/div>\n<div dir=\"auto\"><\/div>\n<hr \/>\n<p>&nbsp;<\/p>\n<h2><span style=\"color: #ff0000;\">GLI APPUNTAMENTI DELLA SETTIMANA\u00a0 \u00a0<\/span><a class=\"dt-pswp-item\" href=\"https:\/\/www.radiopiu.net\/wordpress\/wp-content\/uploads\/2024\/01\/417835328_122113319486160070_1477154090671399943_n.jpg\" data-dt-img-description=\"\" data-large_image_width=\"843\" data-large_image_height=\"843\"><img loading=\"lazy\" decoding=\"async\" class=\"wp-image-369241 alignleft\" src=\"https:\/\/www.radiopiu.net\/wordpress\/wp-content\/uploads\/2024\/01\/417835328_122113319486160070_1477154090671399943_n-300x300.jpg\" alt=\"\" width=\"182\" height=\"182\" srcset=\"https:\/\/www.radiopiu.net\/wordpress\/wp-content\/uploads\/2024\/01\/417835328_122113319486160070_1477154090671399943_n-300x300.jpg 300w, https:\/\/www.radiopiu.net\/wordpress\/wp-content\/uploads\/2024\/01\/417835328_122113319486160070_1477154090671399943_n-150x150.jpg 150w, https:\/\/www.radiopiu.net\/wordpress\/wp-content\/uploads\/2024\/01\/417835328_122113319486160070_1477154090671399943_n-768x768.jpg 768w, https:\/\/www.radiopiu.net\/wordpress\/wp-content\/uploads\/2024\/01\/417835328_122113319486160070_1477154090671399943_n.jpg 843w\" sizes=\"auto, (max-width: 182px) 100vw, 182px\" \/><\/a><\/h2>\n<p>&nbsp;<\/p>\n<p><strong>Al cinema Dolomiti di Falcade, a grande richiesta, torna sul grande schermo C&#8217;E&#8217; ANCORA DOMANI il film di Paola Cortellesi e Valerio Mastandrea.\u00a0<\/strong><\/p>\n<div dir=\"auto\"><strong>12 Gennaio 2024 | Ore 21:00<\/strong><\/div>\n<div dir=\"auto\"><strong>13 Gennaio 2024 | Ore 21:00<\/strong><\/div>\n<div dir=\"auto\"><strong>14 Gennaio 2024 | Ore 15:30 e 21:00<\/strong><\/div>\n<p><span style=\"color: #0000ff;\"><strong>\u00a0tra i 5 film italiani con il maggior incasso di sempre!\u00a0 \u00a0<\/strong><\/span><\/p>\n<p>&nbsp;<\/p>\n<p>&nbsp;<\/p>\n<blockquote>\n<h3>LA NOSTRA CORDATA, MONTAGNE IN CAMBIAMENTO<\/h3>\n<\/blockquote>\n<p><strong>BELLUNO<\/strong> Domani in sala conferenze della Camera di Commercio di Belluno-Treviso, piazza Santo Stefano tavola rotonda : Prof. Pasquale Nuzzolese: Istruzione; Jacopo Massaro: Pubblica amministrazione; Ingegner Mara Nemela: Ambiente e Cultura<\/p>\n<p>&nbsp;<\/p>\n<blockquote>\n<h3>LA SAGRA DE SANT&#8217;ANTONE A CENCENIGHE<\/h3>\n<\/blockquote>\n<p><strong>CENCENIGHE<\/strong> L&#8217;amministrazione comunale e la Pro Loco di Cencenighe organizzano tre giorni di festa per la Sagra di Sant&#8217;Antone. Domenica alle 14 al Nof Fil\u00f2 il torneo di scarabocio. Mercoled\u00ec 17 la santa messa alle 18. Domenica 21 il pranzo con i nonni: alle 10 la santa messa e alle 12 il pranzo al Nof Fil\u00f2 con ospiti d&#8217;onore i nonni.<\/p>\n<p>&nbsp;<\/p>\n<blockquote>\n<h3>CON IL CAI IN VALLE DEL BIOIS<\/h3>\n<\/blockquote>\n<p><strong>AGORDO<\/strong> Prima uscita dell&#8217;anno per il Cai di Agordo che domenica organizza un&#8217;escursione con le racchette da neve a Jore in Valle del Biois. Per info e prenotazioni 380 6983040 dalle 16 alle 21<\/p>\n<p>&nbsp;<\/p>\n<blockquote>\n<h3>LA FESTA DEGLI ALPINI A SAN GREGORIO NELLE ALPI<\/h3>\n<\/blockquote>\n<p><strong>SAN GREGORIO NELLE ALPI<\/strong> Domenica 14 gennaio 2024 a San Gregorio nelle Alpi si terr\u00e0 la tradizionale Festa del Gruppo Alpini gen. Nasci. Il programma prevede alle 9.50 la cerimonia dell\u2019alzabandiera cui seguir\u00e0 la S. Messa e la deposizione di una corona di alloro al Monumento ai Caduti. Presso la sede degli alpini in localit\u00e0 Donada verranno consegnati contributi ad enti e associazioni. Alle 12.30 \u00e8 previsto il pranzo sociale<br \/>\npresso il Ristorante da Rosario a Toschian.<\/p>\n<p>&nbsp;<\/p>\n<p>&nbsp;<\/p>\n<hr \/>\n<p>&nbsp;<\/p>\n<p><a class=\"dt-pswp-item\" href=\"https:\/\/www.radiopiu.net\/wordpress\/wp-content\/uploads\/2018\/09\/viabilita.jpeg\" data-dt-img-description=\"\" data-large_image_width=\"800\" data-large_image_height=\"100\"><img loading=\"lazy\" decoding=\"async\" class=\"aligncenter wp-image-61954 size-full\" src=\"https:\/\/www.radiopiu.net\/wordpress\/wp-content\/uploads\/2018\/09\/viabilita.jpeg\" alt=\"\" width=\"800\" height=\"100\" srcset=\"https:\/\/www.radiopiu.net\/wordpress\/wp-content\/uploads\/2018\/09\/viabilita.jpeg 800w, https:\/\/www.radiopiu.net\/wordpress\/wp-content\/uploads\/2018\/09\/viabilita-300x38.jpeg 300w, https:\/\/www.radiopiu.net\/wordpress\/wp-content\/uploads\/2018\/09\/viabilita-768x96.jpeg 768w\" sizes=\"auto, (max-width: 800px) 100vw, 800px\" \/><\/a><\/p>\n<p>&nbsp;<\/p>\n<p><a class=\"dt-pswp-item\" href=\"https:\/\/www.radiopiu.net\/wordpress\/wp-content\/uploads\/2023\/12\/botol-car-service.jpg\" data-dt-img-description=\"\" data-large_image_width=\"600\" data-large_image_height=\"600\"><img loading=\"lazy\" decoding=\"async\" class=\"size-medium wp-image-367044 aligncenter\" src=\"https:\/\/www.radiopiu.net\/wordpress\/wp-content\/uploads\/2023\/12\/botol-car-service-300x300.jpg\" alt=\"\" width=\"300\" height=\"300\" srcset=\"https:\/\/www.radiopiu.net\/wordpress\/wp-content\/uploads\/2023\/12\/botol-car-service-300x300.jpg 300w, https:\/\/www.radiopiu.net\/wordpress\/wp-content\/uploads\/2023\/12\/botol-car-service-150x150.jpg 150w, https:\/\/www.radiopiu.net\/wordpress\/wp-content\/uploads\/2023\/12\/botol-car-service.jpg 600w\" sizes=\"auto, (max-width: 300px) 100vw, 300px\" \/><\/a><\/p>\n<p>&nbsp;<\/p>\n<blockquote>\n<h1><span style=\"color: #ff0000;\"><a class=\"dt-pswp-item\" href=\"https:\/\/www.radiopiu.net\/wordpress\/wp-content\/uploads\/2020\/05\/VENETO-STRADE.png\" data-dt-img-description=\"\" data-large_image_width=\"400\" data-large_image_height=\"400\"><img loading=\"lazy\" decoding=\"async\" class=\"wp-image-135574 alignleft\" src=\"https:\/\/www.radiopiu.net\/wordpress\/wp-content\/uploads\/2020\/05\/VENETO-STRADE-300x300.png\" alt=\"\" width=\"102\" height=\"102\" srcset=\"https:\/\/www.radiopiu.net\/wordpress\/wp-content\/uploads\/2020\/05\/VENETO-STRADE-300x300.png 300w, https:\/\/www.radiopiu.net\/wordpress\/wp-content\/uploads\/2020\/05\/VENETO-STRADE-150x150.png 150w, https:\/\/www.radiopiu.net\/wordpress\/wp-content\/uploads\/2020\/05\/VENETO-STRADE.png 400w\" sizes=\"auto, (max-width: 102px) 100vw, 102px\" \/><\/a>AGGIORNAMENTO QUOTIDIANO, IN\u00a0 COLLABORAZIONE CON VENETO STRADE<\/span><\/h1>\n<p>&nbsp;<\/p><\/blockquote>\n<blockquote><p>Si raccomanda di percorrere i passi al di sopra dei 1200 m slm con catene montate; le catene devono essere montate fuori dalla sede stradale, per non intralciare il traffico e le operazioni di sgombero neve dal piano viabile. Si raccomanda di prestare la massima attenzione nella guida per la possibile presenza di tratti resi scivolosi causati da neve fortemente bagnata<\/p>\n<p>\u00c8 chiuso per periodo invernale il seguente tratto stradale: &#8211; S.P. 33 \u201cdi Sauris\u201d dal km 0+000 (innesto S.P. 619) al km 6+800 (confine Provincia di Udine).<\/p><\/blockquote>\n<p><strong>SOSPIROLO\u00a0<\/strong> Lungo la provinciale 2 tra Pian Falcina e Gena Bassa in Comune di Sospirolo\u00a0 <span style=\"color: #ff0000;\">fino al 15 febbraio,<\/span> sabato e domeniche compresi, senso unico alternato regolato da semaforo o movieri, interruzioni alla viabilit\u00e0 fino a 10 minuti per tratti di 200 metri.<\/p>\n<p>&nbsp;<\/p>\n<hr \/>\n<p>&nbsp;<\/p>\n<p><a class=\"dt-pswp-item\" href=\"https:\/\/www.radiopiu.net\/wordpress\/wp-content\/uploads\/2018\/09\/WhatsApp-Image-2018-09-20-at-16.04.06.jpeg\" data-dt-img-description=\"\" data-large_image_width=\"800\" data-large_image_height=\"100\"><img loading=\"lazy\" decoding=\"async\" class=\"wp-image-61378 size-full aligncenter\" src=\"https:\/\/www.radiopiu.net\/wordpress\/wp-content\/uploads\/2018\/09\/WhatsApp-Image-2018-09-20-at-16.04.06.jpeg\" alt=\"\" width=\"800\" height=\"100\" srcset=\"https:\/\/www.radiopiu.net\/wordpress\/wp-content\/uploads\/2018\/09\/WhatsApp-Image-2018-09-20-at-16.04.06.jpeg 800w, https:\/\/www.radiopiu.net\/wordpress\/wp-content\/uploads\/2018\/09\/WhatsApp-Image-2018-09-20-at-16.04.06-300x38.jpeg 300w, https:\/\/www.radiopiu.net\/wordpress\/wp-content\/uploads\/2018\/09\/WhatsApp-Image-2018-09-20-at-16.04.06-768x96.jpeg 768w\" sizes=\"auto, (max-width: 800px) 100vw, 800px\" \/><\/a><\/p>\n<p><center><\/center><b>\u00a0\u00a0<\/b><\/p>\n<p><center><\/center><center><\/center><center><b>OGGI<\/b><\/center>Tempo stabile e pi\u00f9 soleggiato rispetto a mercoled\u00ec e con ottima visibilit\u00e0 a tutte le quote per ingresso di aria secca specie in mattinata dopo l&#8217;alba, con eventuali residue foschie e temporanee nubi basse nelle ore fredde in alcune valli, che saranno tuttavia in rapido dissolvimento.<br \/>\n<b>Precipitazioni: <\/b>Assenti<br \/>\n<b>Temperature: <\/b>In aumento anche sensibile le massime specie in alta montagna, ad eccezione delle minime nelle valli che potranno risultare in lieve o contenuta diminuzione; elevata escursione termica giornaliera nelle valli orientate in modo favorevole al soleggiamento.<\/p>\n<hr \/>\n<p><center><b>DOMANI<\/b><\/center>Tempo ancora stabile e ben soleggiato con aria asciutta e ottima visibilit\u00e0. Clima invernale.<br \/>\n<b>Precipitazioni: <\/b>Assenti<br \/>\n<b>Temperature: <\/b>Minime pressoch\u00e9 stazionarie o in lieve calo e misurate in quota a fine giornata, massime in lieve o contenuta diminuzione specie in alta montagna.<\/p>\n<hr \/>\n<p><center><b>SABATO<\/b><\/center>Tempo ancora stabile e ben soleggiato con aria tersa e ottima visibilit\u00e0. Temperature minime senza notevoli variazioni, massime in aumento soprattutto in alta montagna.<\/p>\n<hr \/>\n<p><center><b>DOMENICA<\/b><\/center>Ancora una giornata con tempo stabile e completamente priva di nubi almeno al mattino, con aria tersa e ottima visibilit\u00e0. Nel pomeriggio possibile transito di innocue e modeste velature. Temperature in aumento in alta montagna, specie le minime, senza variazioni di rilievo o in lieve calo nelle valli specie le massime.<\/p>\n<p>&nbsp;<\/p>\n<hr \/>\n<p>&nbsp;<\/p>\n<p><a class=\"dt-pswp-item\" href=\"https:\/\/www.radiopiu.net\/wordpress\/wp-content\/uploads\/2024\/01\/Senza-nome-35.png\" data-dt-img-description=\"\" data-large_image_width=\"504\" data-large_image_height=\"286\"><img loading=\"lazy\" decoding=\"async\" class=\"wp-image-369483 size-full aligncenter\" src=\"https:\/\/www.radiopiu.net\/wordpress\/wp-content\/uploads\/2024\/01\/Senza-nome-35.png\" alt=\"\" width=\"504\" height=\"286\" srcset=\"https:\/\/www.radiopiu.net\/wordpress\/wp-content\/uploads\/2024\/01\/Senza-nome-35.png 504w, https:\/\/www.radiopiu.net\/wordpress\/wp-content\/uploads\/2024\/01\/Senza-nome-35-300x170.png 300w\" sizes=\"auto, (max-width: 504px) 100vw, 504px\" \/><\/a><\/p>\n<p>&nbsp;<\/p>\n<hr \/>\n<p>&nbsp;<\/p>\n<p>&nbsp;<\/p>\n<p>&nbsp;<\/p>\n<p><img loading=\"lazy\" decoding=\"async\" class=\"wp-image-60761 size-full aligncenter\" src=\"https:\/\/www.radiopiu.net\/wordpress\/wp-content\/uploads\/2018\/09\/sport.jpg\" alt=\"\" width=\"800\" height=\"100\" srcset=\"https:\/\/www.radiopiu.net\/wordpress\/wp-content\/uploads\/2018\/09\/sport.jpg 800w, https:\/\/www.radiopiu.net\/wordpress\/wp-content\/uploads\/2018\/09\/sport-300x38.jpg 300w, https:\/\/www.radiopiu.net\/wordpress\/wp-content\/uploads\/2018\/09\/sport-768x96.jpg 768w\" sizes=\"auto, (max-width: 800px) 100vw, 800px\" \/><\/p>\n<p>&nbsp;<\/p>\n<p><span style=\"color: #0000ff;\"><strong>HOCKEY SU GHIACCIO<\/strong><\/span><\/p>\n<blockquote>\n<h3>AD ALLEGHE ARRIVA L\u2019APPIANO PER L\u2019ANDATA DEI QUARTI DI COPPA ITALIA<\/h3>\n<\/blockquote>\n<p style=\"font-weight: 400;\"><strong><a class=\"dt-pswp-item\" href=\"https:\/\/www.radiopiu.net\/wordpress\/wp-content\/uploads\/2023\/10\/hockey.jpg\" data-dt-img-description=\"\" data-large_image_width=\"1280\" data-large_image_height=\"961\"><img loading=\"lazy\" decoding=\"async\" class=\" wp-image-359038 alignleft\" src=\"https:\/\/www.radiopiu.net\/wordpress\/wp-content\/uploads\/2023\/10\/hockey-300x225.jpg\" alt=\"\" width=\"157\" height=\"118\" srcset=\"https:\/\/www.radiopiu.net\/wordpress\/wp-content\/uploads\/2023\/10\/hockey-300x225.jpg 300w, https:\/\/www.radiopiu.net\/wordpress\/wp-content\/uploads\/2023\/10\/hockey-1024x769.jpg 1024w, https:\/\/www.radiopiu.net\/wordpress\/wp-content\/uploads\/2023\/10\/hockey-768x577.jpg 768w, https:\/\/www.radiopiu.net\/wordpress\/wp-content\/uploads\/2023\/10\/hockey.jpg 1280w\" sizes=\"auto, (max-width: 157px) 100vw, 157px\" \/><\/a>Di Roberto Miana, portavoce dell\u2019Alleghe Hockey<\/strong><\/p>\n<p style=\"font-weight: 400;\">Andata quarti di finale di Coppa Italia 2023\/2024. Gioved\u00ec 11 gennaio alle 20:30 l\u2019Alleghe gioca in casa contro l\u2019Appiano. Conquistati i quarti ai danni del Dobbiaco, 5-4 in Alta Pusteria e 6-3 in riva al lago, le Civette di coach Scapinello riprendono il percorso nei quarti della coppa nazionale incrociando le stecche contro i Pirati di Appiano, che a loro volta hanno superato senza problemi l\u2019hockey Pin\u00e8, 6-2 in Trentino e 4-1 in casa. La vincente della doppia sfida tra Civette e Pirati (ritorno il 16 gennaio ad Appiano) parteciper\u00e0 alla Final Four di Coppa Italia all\u2019Acinque Ice Arena di Varese, in programma il 20 e 21 gennaio. Nei due precedenti stagionali di campionato i Biancorossi si sono imposti 5-3 ad Appiano e 6-2 ad Alleghe.<\/p>\n<p style=\"font-weight: 400;\"><strong>ALLEGHE hockey &#8211; HC APPIANO <\/strong>Gioved\u00ec 11 gennaio ore 20:30 &#8211; Palaghiaccio Alvise De Toni di Alleghe (BL)<\/p>\n<p style=\"font-weight: 400;\">Arbitri: Alessio Bedana e Patrick Theo Gruber con giudici di linea Andrea Carrito, Alexander Wiest. Collegamenti in\u00a0DIRETTA RADIOFONICA\u00a0su Radio Pi\u00f9 (www.radiopiu.net) con \u201cHockey al punto giusto\u201d, in studio Marco Gaz e da Alleghe interventi di Federico Paganin<\/p>\n<p>&nbsp;<\/p>\n<blockquote>\n<h3>FELTRE IN CASA CON IL VARESE PER I QUARTI DI COPPA ITALIA<\/h3>\n<\/blockquote>\n<p><strong>FELTRE<\/strong> Iniziano i quarti di finale di Coppa Italia anche per il Feltre che stasera alle 20:30 ospiter\u00e0 al PalaFeltre i campioni in carica del Varese. Una partita difficile per picchi contro i lombardi che faranno di tutto per non mancare l&#8217;appuntamento con la Final Four che si disputer\u00e0 proprio in quel di Varese.<\/p>\n<p><strong>LE SQUADRE BELLUNESI IMPEGNATE NELLA COPPA ITALIA\u00a0<\/strong>Stasera alle 20:30 le gare di andata dei quarti: ad Alleghe Alleghe &#8211; Appiano e a Feltre la sfida Feltre &#8211; Varese<\/p>\n<p>&nbsp;<\/p>\n<p><span style=\"color: #0000ff;\"><strong>SCI ALPINO<\/strong><\/span><\/p>\n<blockquote>\n<h3>OLYMPIA DELLE TOFANE IN ALLESTIMENTO IN VISTA DELLE GARE FEMMINILI DI COPPA DEL MONDO<\/h3>\n<\/blockquote>\n<p><strong><a class=\"dt-pswp-item\" href=\"https:\/\/www.radiopiu.net\/wordpress\/wp-content\/uploads\/2024\/01\/240110-CortinaSkiWorldCup-LavoriPista-5.jpg\" data-dt-img-description=\"\" data-large_image_width=\"1600\" data-large_image_height=\"1200\"><img loading=\"lazy\" decoding=\"async\" class=\" wp-image-369405 alignleft\" src=\"https:\/\/www.radiopiu.net\/wordpress\/wp-content\/uploads\/2024\/01\/240110-CortinaSkiWorldCup-LavoriPista-5-300x225.jpg\" alt=\"\" width=\"127\" height=\"95\" srcset=\"https:\/\/www.radiopiu.net\/wordpress\/wp-content\/uploads\/2024\/01\/240110-CortinaSkiWorldCup-LavoriPista-5-300x225.jpg 300w, https:\/\/www.radiopiu.net\/wordpress\/wp-content\/uploads\/2024\/01\/240110-CortinaSkiWorldCup-LavoriPista-5-1024x768.jpg 1024w, https:\/\/www.radiopiu.net\/wordpress\/wp-content\/uploads\/2024\/01\/240110-CortinaSkiWorldCup-LavoriPista-5-768x576.jpg 768w, https:\/\/www.radiopiu.net\/wordpress\/wp-content\/uploads\/2024\/01\/240110-CortinaSkiWorldCup-LavoriPista-5-1536x1152.jpg 1536w, https:\/\/www.radiopiu.net\/wordpress\/wp-content\/uploads\/2024\/01\/240110-CortinaSkiWorldCup-LavoriPista-5.jpg 1600w\" sizes=\"auto, (max-width: 127px) 100vw, 127px\" \/><\/a>CORTINA <\/strong>In preparazione della Coppa del mondo femminile di sci alpino, la Cortina Audi Fis Ski World Cup, che si terr\u00e0 sulla pista Olympia delle Tofane dal 26 al 28 gennaio, una squadra di circa 40 addetti sta lavorando per garantire la sicurezza delle atlete. Il direttore di gara, Matteo Gobbo, coordina l&#8217;installazione delle reti di sicurezza e altre protezioni sulla pista iconica. Le nevicate dello scorso fine settimana hanno migliorato le condizioni del manto nevoso. L&#8217;ispezione finale della Fis \u00e8 prevista per venerd\u00ec 13 gennaio. L&#8217;organizzazione si avvale del supporto delle Truppe Alpine dell&#8217;Esercito, della societ\u00e0 impianti Ista, di Prinoth e di Liski.<\/p>\n","protected":false},"excerpt":{"rendered":"<p>*** &nbsp; &nbsp; &nbsp; 40esimo di RADIOPIU\u2026. LA VOCE DELL\u2019EMOZIONE ISCRIVITI AL NOSTRO CANALE\u00a0\u00a0YOUTUBE PER SEGUIRE IN DIRETTA I PRINCIPALI PROGRAMMI DI RADIO PIU\u2019 E LE FUTURE DIRETTE IN ESTERNA. PER ISCRIVERTI CLICCA QUI\u00a0E PREMI\u00a0 \u201cIscriviti\u201d\u00a0\u00a0 &nbsp; &nbsp; &nbsp; i podcast informativi del mattino &#8211; audio &#8211;\u00a0 LA RASSEGNA STAMPA NAZIONALE ALLA RADIO, OGNI GIORNO&hellip;<\/p>\n","protected":false},"author":4,"featured_media":369491,"comment_status":"closed","ping_status":"closed","sticky":false,"template":"","format":"standard","meta":{"_monsterinsights_skip_tracking":false,"_monsterinsights_sitenote_active":false,"_monsterinsights_sitenote_note":"","_monsterinsights_sitenote_category":0,"footnotes":""},"categories":[86,49],"tags":[],"class_list":["post-369329","post","type-post","status-publish","format-standard","has-post-thumbnail","hentry","category-gr","category-news-18","category-86","category-49","description-off"],"img_url":"https:\/\/www.radiopiu.net\/wordpress\/wp-content\/uploads\/2024\/01\/d7a5a05d-85c9-4274-9262-ac94325ec2bf-1024x768-1.jpg","_links":{"self":[{"href":"https:\/\/www.radiopiu.net\/wordpress\/wp-json\/wp\/v2\/posts\/369329","targetHints":{"allow":["GET"]}}],"collection":[{"href":"https:\/\/www.radiopiu.net\/wordpress\/wp-json\/wp\/v2\/posts"}],"about":[{"href":"https:\/\/www.radiopiu.net\/wordpress\/wp-json\/wp\/v2\/types\/post"}],"author":[{"embeddable":true,"href":"https:\/\/www.radiopiu.net\/wordpress\/wp-json\/wp\/v2\/users\/4"}],"replies":[{"embeddable":true,"href":"https:\/\/www.radiopiu.net\/wordpress\/wp-json\/wp\/v2\/comments?post=369329"}],"version-history":[{"count":0,"href":"https:\/\/www.radiopiu.net\/wordpress\/wp-json\/wp\/v2\/posts\/369329\/revisions"}],"wp:featuredmedia":[{"embeddable":true,"href":"https:\/\/www.radiopiu.net\/wordpress\/wp-json\/wp\/v2\/media\/369491"}],"wp:attachment":[{"href":"https:\/\/www.radiopiu.net\/wordpress\/wp-json\/wp\/v2\/media?parent=369329"}],"wp:term":[{"taxonomy":"category","embeddable":true,"href":"https:\/\/www.radiopiu.net\/wordpress\/wp-json\/wp\/v2\/categories?post=369329"},{"taxonomy":"post_tag","embeddable":true,"href":"https:\/\/www.radiopiu.net\/wordpress\/wp-json\/wp\/v2\/tags?post=369329"}],"curies":[{"name":"wp","href":"https:\/\/api.w.org\/{rel}","templated":true}]}}