{"id":369436,"date":"2024-01-11T05:40:57","date_gmt":"2024-01-11T04:40:57","guid":{"rendered":"https:\/\/www.radiopiu.net\/wordpress\/?p=369436"},"modified":"2024-01-11T05:42:18","modified_gmt":"2024-01-11T04:42:18","slug":"il-palo-dellautovelox-segato-in-due","status":"publish","type":"post","link":"https:\/\/www.radiopiu.net\/wordpress\/il-palo-dellautovelox-segato-in-due\/","title":{"rendered":"IL PALO DELL&#8217;AUTOVELOX SEGATO IN DUE"},"content":{"rendered":"<p>*****<\/p>\n<p>&nbsp;<\/p>\n<p><strong><a class=\"dt-pswp-item\" href=\"https:\/\/www.radiopiu.net\/wordpress\/wp-content\/uploads\/2024\/01\/033a7fca-82e0-4a6d-a38f-f9abf24f22d6.jpg\" data-dt-img-description=\"\" data-large_image_width=\"1024\" data-large_image_height=\"768\"><img loading=\"lazy\" decoding=\"async\" class=\" wp-image-369439 alignleft\" src=\"https:\/\/www.radiopiu.net\/wordpress\/wp-content\/uploads\/2024\/01\/033a7fca-82e0-4a6d-a38f-f9abf24f22d6-300x225.jpg\" alt=\"\" width=\"303\" height=\"227\" srcset=\"https:\/\/www.radiopiu.net\/wordpress\/wp-content\/uploads\/2024\/01\/033a7fca-82e0-4a6d-a38f-f9abf24f22d6-300x225.jpg 300w, https:\/\/www.radiopiu.net\/wordpress\/wp-content\/uploads\/2024\/01\/033a7fca-82e0-4a6d-a38f-f9abf24f22d6-768x576.jpg 768w, https:\/\/www.radiopiu.net\/wordpress\/wp-content\/uploads\/2024\/01\/033a7fca-82e0-4a6d-a38f-f9abf24f22d6.jpg 1024w\" sizes=\"auto, (max-width: 303px) 100vw, 303px\" \/><\/a>REDAZIONE <\/strong>Un atto di vandalismo, anche questo lo pagher\u00e0 la comunit\u00e0. Il palo che sorregge l&#8217;autovelox a Passo Giau \u00e8 stato segato in due, quindi inservibile. Per l&#8217;operazione l&#8217;ignoto o il gruppo di ignoti ha fatto ricorso ad una mola a disco<strong>.<\/strong><\/p>\n<p>Il palo con annesso autovelox \u00e8 stato lasciato tristemente a terra in mezzo alla neve.<\/p>\n<p><strong>Dal Municipio di Colle Santa Lucia l&#8217;indignazione degli amministratori, siamo in attesa del commento del vicesindaco Carlo Agostini.<\/strong><\/p>\n<p>L&#8217;autovelox lungo la strada del Passo Giau, \u00e8 considerato il pi\u00f9 &#8220;micidiale&#8221; d&#8217;Italia in termini di multe emesse. In Comune di Colle Santa Lucia, il valico attrae numerosi automobilisti, vige il limite di velocit\u00e0 di 50 orari. Nel solo 2020, l&#8217;autovelox ha generato 552.367 euro per il Comune di Colle Santa Lucia, grazie a 4.596 verbali notificati, di cui 3.132 a cittadini stranieri. La somma corrisponde a circa 1.555 euro per residente.\u00a0 La presenza dell&#8217;autovelox \u00e8 nota tra i motociclisti e ha generato anche recensioni su TripAdvisor.<\/p>\n<p>&nbsp;<\/p>\n<p><strong>SANZIONI<\/strong> Fino a 10 km\/h oltre il limite &#8211; Multa da 41 a 168 euro.\u00a0 Da 10 a 40 km\/h oltre il limite- Multa da 168 a 674 euro; \u00a0Decurtazione 3 Punti dalla Patente di Guida.\u00a0Da 40 a 60 km\/h oltre il limite \u00a0Multa da 527 a 2.108 euro &#8211; Decurtazione 6 Punti dalla Patente di Guida &#8211; Sospensione della Patente (da 1 a 3 mesi) Oltre i 60 km\/h dal limite &#8211; Multa da 821 a 3.287 euro decurtazione 10 Punti dalla Patente di Guida &#8211; Sospensione della Patente (da 6 a 12 mesI)<\/p>\n<p>&nbsp;<\/p>\n<p>&nbsp;<\/p>\n<p>*******<\/p>\n<p>&nbsp;<\/p>\n<p>&nbsp;<\/p>\n","protected":false},"excerpt":{"rendered":"<p>***** &nbsp; REDAZIONE Un atto di vandalismo, anche questo lo pagher\u00e0 la comunit\u00e0. Il palo che sorregge l&#8217;autovelox a Passo Giau \u00e8 stato segato in due, quindi inservibile. Per l&#8217;operazione l&#8217;ignoto o il gruppo di ignoti ha fatto ricorso ad una mola a disco. Il palo con annesso autovelox \u00e8 stato lasciato tristemente a terra&hellip;<\/p>\n","protected":false},"author":4,"featured_media":369439,"comment_status":"closed","ping_status":"closed","sticky":false,"template":"","format":"standard","meta":{"_monsterinsights_skip_tracking":false,"_monsterinsights_sitenote_active":false,"_monsterinsights_sitenote_note":"","_monsterinsights_sitenote_category":0,"footnotes":""},"categories":[51,49],"tags":[],"class_list":["post-369436","post","type-post","status-publish","format-standard","has-post-thumbnail","hentry","category-evidenza-top","category-news-18","category-51","category-49","description-off"],"img_url":"https:\/\/www.radiopiu.net\/wordpress\/wp-content\/uploads\/2024\/01\/033a7fca-82e0-4a6d-a38f-f9abf24f22d6.jpg","_links":{"self":[{"href":"https:\/\/www.radiopiu.net\/wordpress\/wp-json\/wp\/v2\/posts\/369436","targetHints":{"allow":["GET"]}}],"collection":[{"href":"https:\/\/www.radiopiu.net\/wordpress\/wp-json\/wp\/v2\/posts"}],"about":[{"href":"https:\/\/www.radiopiu.net\/wordpress\/wp-json\/wp\/v2\/types\/post"}],"author":[{"embeddable":true,"href":"https:\/\/www.radiopiu.net\/wordpress\/wp-json\/wp\/v2\/users\/4"}],"replies":[{"embeddable":true,"href":"https:\/\/www.radiopiu.net\/wordpress\/wp-json\/wp\/v2\/comments?post=369436"}],"version-history":[{"count":0,"href":"https:\/\/www.radiopiu.net\/wordpress\/wp-json\/wp\/v2\/posts\/369436\/revisions"}],"wp:featuredmedia":[{"embeddable":true,"href":"https:\/\/www.radiopiu.net\/wordpress\/wp-json\/wp\/v2\/media\/369439"}],"wp:attachment":[{"href":"https:\/\/www.radiopiu.net\/wordpress\/wp-json\/wp\/v2\/media?parent=369436"}],"wp:term":[{"taxonomy":"category","embeddable":true,"href":"https:\/\/www.radiopiu.net\/wordpress\/wp-json\/wp\/v2\/categories?post=369436"},{"taxonomy":"post_tag","embeddable":true,"href":"https:\/\/www.radiopiu.net\/wordpress\/wp-json\/wp\/v2\/tags?post=369436"}],"curies":[{"name":"wp","href":"https:\/\/api.w.org\/{rel}","templated":true}]}}