{"id":369471,"date":"2024-01-12T05:16:59","date_gmt":"2024-01-12T04:16:59","guid":{"rendered":"https:\/\/www.radiopiu.net\/wordpress\/?p=369471"},"modified":"2024-01-12T08:43:17","modified_gmt":"2024-01-12T07:43:17","slug":"giornale-radiopiu-12-gennaio-2024-direttore-mirko-mezzacasada-40-anni-25-giugno-1983-25-giugno-2023","status":"publish","type":"post","link":"https:\/\/www.radiopiu.net\/wordpress\/giornale-radiopiu-12-gennaio-2024-direttore-mirko-mezzacasada-40-anni-25-giugno-1983-25-giugno-2023\/","title":{"rendered":"GIORNALE RADIOPIU 12 GENNAIO 2024 DIRETTORE MIRKO MEZZACASA\u2026DA 40 ANNI 25 GIUGNO 1983-25 GIUGNO 2023"},"content":{"rendered":"<h1>***<\/h1>\n<p>&nbsp;<\/p>\n<p>&nbsp;<\/p>\n<p><a class=\"dt-pswp-item\" href=\"https:\/\/www.radiopiu.net\/wordpress\/wp-content\/uploads\/2024\/01\/Senza-nome-19.png\" data-dt-img-description=\"\" data-large_image_width=\"387\" data-large_image_height=\"84\"><img loading=\"lazy\" decoding=\"async\" class=\"wp-image-368996 size-full aligncenter\" src=\"https:\/\/www.radiopiu.net\/wordpress\/wp-content\/uploads\/2024\/01\/Senza-nome-19.png\" alt=\"\" width=\"387\" height=\"84\" srcset=\"https:\/\/www.radiopiu.net\/wordpress\/wp-content\/uploads\/2024\/01\/Senza-nome-19.png 387w, https:\/\/www.radiopiu.net\/wordpress\/wp-content\/uploads\/2024\/01\/Senza-nome-19-300x65.png 300w\" sizes=\"auto, (max-width: 387px) 100vw, 387px\" \/><\/a><\/p>\n<p>&nbsp;<\/p>\n<h1 class=\"entry-title photoswipe-wrapper\"><strong><a class=\"dt-pswp-item\" href=\"https:\/\/www.radiopiu.net\/wordpress\/wp-content\/uploads\/2023\/12\/logo-radio.jpg\" data-dt-img-description=\"\" data-large_image_width=\"800\" data-large_image_height=\"600\"><img loading=\"lazy\" decoding=\"async\" class=\"wp-image-367163 alignleft\" src=\"https:\/\/www.radiopiu.net\/wordpress\/wp-content\/uploads\/2023\/12\/logo-radio-300x225.jpg\" alt=\"\" width=\"109\" height=\"82\" srcset=\"https:\/\/www.radiopiu.net\/wordpress\/wp-content\/uploads\/2023\/12\/logo-radio-300x225.jpg 300w, https:\/\/www.radiopiu.net\/wordpress\/wp-content\/uploads\/2023\/12\/logo-radio-768x576.jpg 768w, https:\/\/www.radiopiu.net\/wordpress\/wp-content\/uploads\/2023\/12\/logo-radio.jpg 800w\" sizes=\"auto, (max-width: 109px) 100vw, 109px\" \/><\/a><\/strong><\/h1>\n<h1 class=\"entry-title photoswipe-wrapper\">40esimo di RADIOPIU\u2026. LA VOCE DELL\u2019EMOZIONE<\/h1>\n<h2><span style=\"color: #ff0000;\">ISCRIVITI AL NOSTRO CANALE\u00a0\u00a0YOUTUBE PER SEGUIRE IN DIRETTA I PRINCIPALI PROGRAMMI DI RADIO PIU\u2019 E LE FUTURE DIRETTE IN ESTERNA. PER ISCRIVERTI <a style=\"color: #ff0000;\" href=\"https:\/\/youtube.com\/@radiopiu1527\">CLICCA QUI\u00a0<\/a>E PREMI\u00a0 \u201cIscriviti\u201d\u00a0\u00a0<\/span><\/h2>\n<p>&nbsp;<\/p>\n<p>&nbsp;<\/p>\n<hr \/>\n<p>&nbsp;<\/p>\n<blockquote>\n<blockquote>\n<h1><span style=\"color: #ff0000;\">i podcast informativi del mattino &#8211; audio &#8211;\u00a0<\/span><\/h1>\n<\/blockquote>\n<p><strong><a class=\"dt-pswp-item\" href=\"https:\/\/www.radiopiu.net\/wordpress\/wp-content\/uploads\/2023\/11\/th-10.jpg\" data-dt-img-description=\"\" data-large_image_width=\"320\" data-large_image_height=\"180\"><img loading=\"lazy\" decoding=\"async\" class=\"wp-image-362866 alignleft\" src=\"https:\/\/www.radiopiu.net\/wordpress\/wp-content\/uploads\/2023\/11\/th-10-300x169.jpg\" alt=\"\" width=\"185\" height=\"104\" srcset=\"https:\/\/www.radiopiu.net\/wordpress\/wp-content\/uploads\/2023\/11\/th-10-300x169.jpg 300w, https:\/\/www.radiopiu.net\/wordpress\/wp-content\/uploads\/2023\/11\/th-10.jpg 320w\" sizes=\"auto, (max-width: 185px) 100vw, 185px\" \/><\/a>LA RASSEGNA STAMPA NAZIONALE ALLA RADIO, OGNI GIORNO ALLE 5 E ALLE 6 DEL MATTINO <span style=\"color: #0000ff;\">viene pubblicata alle 6.00 <span style=\"color: #ff0000;\">DIRETTA RADIO<\/span><\/span><\/strong><\/p><\/blockquote>\n<p><strong>\u00a0 DI Stefano Fama<\/strong><\/p>\n<p><strong>Politica<\/strong> Incontro Meloni-Salvini-Tajani, riunione sui migranti.<strong> Economia,<\/strong> Bce nessun shock, riparte la crescita.<strong> Israele,<\/strong> genocidio al via l&#8217;udienza all&#8217;Aia. <strong>Dubai<\/strong> fermato il finanziari Gianluigi Torzi.<strong> Salerno<\/strong> ha le meningite il neonato positivo alla cocaina <strong>Caivano\u00a0<\/strong>Bimba precipita dal secondo piano\u00a0 <strong>Trento<\/strong> Uccide la moglie e s&#8217;impicca <strong>Milano<\/strong>\u00a0 Tentato omidicio in ristorante<\/p>\n<p><strong>AUDIO\u00a0<\/strong><\/p>\n<audio class=\"wp-audio-shortcode\" id=\"audio-369471-1\" preload=\"none\" style=\"width: 100%;\" controls=\"controls\"><source type=\"audio\/mpeg\" src=\"https:\/\/www.radiopiu.net\/wordpress\/wp-content\/uploads\/2024\/01\/GIORNALEDELLESEI-8.mp3?_=1\" \/><a href=\"https:\/\/www.radiopiu.net\/wordpress\/wp-content\/uploads\/2024\/01\/GIORNALEDELLESEI-8.mp3\">https:\/\/www.radiopiu.net\/wordpress\/wp-content\/uploads\/2024\/01\/GIORNALEDELLESEI-8.mp3<\/a><\/audio>\n<p>&nbsp;<\/p>\n<p><strong><a class=\"dt-pswp-item\" href=\"https:\/\/www.radiopiu.net\/wordpress\/wp-content\/uploads\/2023\/12\/images.png\" data-dt-img-description=\"\" data-large_image_width=\"316\" data-large_image_height=\"160\"><img loading=\"lazy\" decoding=\"async\" class=\"wp-image-367008 alignleft\" src=\"https:\/\/www.radiopiu.net\/wordpress\/wp-content\/uploads\/2023\/12\/images-300x152.png\" alt=\"\" width=\"235\" height=\"119\" srcset=\"https:\/\/www.radiopiu.net\/wordpress\/wp-content\/uploads\/2023\/12\/images-300x152.png 300w, https:\/\/www.radiopiu.net\/wordpress\/wp-content\/uploads\/2023\/12\/images.png 316w\" sizes=\"auto, (max-width: 235px) 100vw, 235px\" \/><\/a>OGNI GIORNO ALLE SETTE DEL MATTINO, LA RASSEGNA STAMPA LOCALE FLASH&#8230; PER CHI VA IN FRETTA. I TITOLI DAI GIORNALI E DAL SITO WWW.RADIOPIU.NET <span style=\"color: #0000ff;\">viene pubblicato alle 7.00<\/span> <span style=\"color: #ff0000;\">DIRETTA RADIO\u00a0<\/span><\/strong><\/p>\n<p><em><span style=\"color: #ff0000;\">per chi va in fretta&#8230; tante notizie in pochi minuti. L&#8217;informazione locale alla radio, ogni ora dalle 7 del mattino alle 19 della sera.\u00a0<\/span><\/em><\/p>\n<p><strong>BELLUNO\u00a0<\/strong> Mario Dal Soler, ex sindacalista Cisl e dirigente delle squadre di calcio bellunesi, \u00e8 scomparso all&#8217;et\u00e0 di 69 anni. Originario di Sovramonte, aveva iniziato la sua attivit\u00e0 sindacale negli anni Settanta come delegato alla Pandolfo Alluminio<br \/>\n<strong>BORGO VALBELLUNA<\/strong> Nel cuore della notte tra il 10 e l&#8217;11 gennaio a Carve di Mel, un uomo di 70 anni \u00e8 stato ritrovato svenuto in casa dalla moglie e dalla figlia. Il pronto intervento ha rivelato una minaccia invisibile: l&#8217;intossicazione da monossido di carbonio.<br \/>\n<strong>PASSO VALLES<\/strong> Alle 23 di mercoled\u00ec \u00e8 scattato l\u2019allarme al Rifugio Passo Valles. Sul posto l\u2019elicottero da Trento e l\u2019ambulanza della Croce Verde. E\u2019 stata soccorsa una ragazza di 19 anni di Voltago Agordino, portata all\u2019ospedale di Agordo con un codice di media gravit\u00e0.<br \/>\n<strong>FELTRE<\/strong>\u00a0 Giuliano Zani, noto musicista nel Feltrino, \u00e8 scomparso improvvisamente a 75 anni. Radicato nella zona, amato per le serate musicali con un repertorio dagli anni Settanta, era un grande appassionato dei Nomadi.<br \/>\n<strong>REDAZIONE<\/strong> Ieri alle 11.30 i vigili del fuoco di Agordo sono saliti a Sant&#8217;Andrea di Gosaldo in seguito all&#8217;uscita di strada autonoma di un&#8217;auto. A bordo due anziani di 84 anni di Rivamonte, soccorsi e trasporti al pronto soccorso del Papa Luciani dall&#8217;ambulanza del nosocomio di Agordo. Sul posto anche i vigili del fuoco volontari di Gosaldo.<br \/>\n<strong>livinallongo Ore 13.30,<\/strong> intervento sulla pista Avoie \u201c22\u201d le pattuglie del soccorso piste dell&#8217; arma del Burz e dei Bec,coordinate dal Maresciallo comandante della stazione di Arabba hanno effettuato una delicata operazione di soccorso ad uno sciatore.\u00a0 ( maschio, italiano di anni 70 )che nella caduta durante la discesa della pista riportava un importante trauma facciale e cranico con perdita di memoria<br \/>\n<strong>RASAI<\/strong> Incendio in laboratorio di occhialeria a Rasai. I vigili del fuoco di Feltre e Belluno sono intervenuti per un focolaio nei filtri del silo delle polveri di lavorazione. Dopo una prima spegnitura, una richiesta successiva ha portato allo smontaggio completo per prevenire nuovi focolai. L&#8217;intervento si \u00e8 concluso alle 20<\/p>\n<p><strong>AUDIO<\/strong><\/p>\n<audio class=\"wp-audio-shortcode\" id=\"audio-369471-2\" preload=\"none\" style=\"width: 100%;\" controls=\"controls\"><source type=\"audio\/mpeg\" src=\"https:\/\/www.radiopiu.net\/wordpress\/wp-content\/uploads\/2024\/01\/GF07-8.mp3?_=2\" \/><a href=\"https:\/\/www.radiopiu.net\/wordpress\/wp-content\/uploads\/2024\/01\/GF07-8.mp3\">https:\/\/www.radiopiu.net\/wordpress\/wp-content\/uploads\/2024\/01\/GF07-8.mp3<\/a><\/audio>\n<p>&nbsp;<\/p>\n<p>&nbsp;<\/p>\n<p>&nbsp;<\/p>\n<blockquote><p><strong><a class=\"dt-pswp-item\" href=\"https:\/\/www.radiopiu.net\/wordpress\/wp-content\/uploads\/2021\/07\/microfono-radio-ok-768x448-768x448-1.jpg\" data-dt-img-description=\"\" data-large_image_width=\"768\" data-large_image_height=\"448\"><img loading=\"lazy\" decoding=\"async\" class=\"wp-image-220632 alignleft\" src=\"https:\/\/www.radiopiu.net\/wordpress\/wp-content\/uploads\/2021\/07\/microfono-radio-ok-768x448-768x448-1-300x175.jpg\" alt=\"\" width=\"178\" height=\"104\" srcset=\"https:\/\/www.radiopiu.net\/wordpress\/wp-content\/uploads\/2021\/07\/microfono-radio-ok-768x448-768x448-1-300x175.jpg 300w, https:\/\/www.radiopiu.net\/wordpress\/wp-content\/uploads\/2021\/07\/microfono-radio-ok-768x448-768x448-1.jpg 768w\" sizes=\"auto, (max-width: 178px) 100vw, 178px\" \/><\/a>GIORNALE RADIO NAZIONALE, EDIZIONE DELLE SETTE <span style=\"color: #0000ff;\">viene pubblicato alle 7.05 <span style=\"color: #ff0000;\">DIRETTA RADIO\u00a0<\/span><\/span><\/strong><\/p><\/blockquote>\n<p><strong>il giornale radionazionale e&#8217; in onda ogni ora, dalle sette del mattino alle venti della sera\u00a0<\/strong><\/p>\n<p><strong>Attacchi<\/strong> aerei nello Yemen; <strong>Guerra<\/strong> in Ucraina, 688 giorni; Italia, la Camera approva il sostegno all&#8217;Ucraina.<strong> Italia<\/strong> 12 indagati per apologia del fascismo.<strong> Ex Ilva<\/strong> Governo al lavoro per evitare contenzioso legale.<strong> Calcio<\/strong> La Juve stacca il pass per le semifinali di Coppa Italia<\/p>\n<p><strong>AUDIO<\/strong><\/p>\n<audio class=\"wp-audio-shortcode\" id=\"audio-369471-3\" preload=\"none\" style=\"width: 100%;\" controls=\"controls\"><source type=\"audio\/mpeg\" src=\"https:\/\/www.radiopiu.net\/wordpress\/wp-content\/uploads\/2024\/01\/giornale07-8.mp3?_=3\" \/><a href=\"https:\/\/www.radiopiu.net\/wordpress\/wp-content\/uploads\/2024\/01\/giornale07-8.mp3\">https:\/\/www.radiopiu.net\/wordpress\/wp-content\/uploads\/2024\/01\/giornale07-8.mp3<\/a><\/audio>\n<p>&nbsp;<\/p>\n<p>&nbsp;<\/p>\n<p>&nbsp;<\/p>\n<blockquote>\n<h2><strong><a class=\"dt-pswp-item\" href=\"https:\/\/www.radiopiu.net\/wordpress\/wp-content\/uploads\/2023\/12\/th-10.jpg\" data-dt-img-description=\"\" data-large_image_width=\"245\" data-large_image_height=\"180\"><img loading=\"lazy\" decoding=\"async\" class=\" wp-image-367395 alignleft\" src=\"https:\/\/www.radiopiu.net\/wordpress\/wp-content\/uploads\/2023\/12\/th-10.jpg\" alt=\"\" width=\"166\" height=\"122\" \/><\/a>RASSEGNA STAMPA LOCALE, ORE OTTO 05<\/strong><\/h2>\n<h2><strong> <span style=\"color: #0000ff;\">viene\u00a0 <\/span><\/strong><strong><span style=\"color: #0000ff;\">pubblicata alle 8.05 <span style=\"color: #ff0000;\">DIRETTA RADIO\u00a0<\/span><\/span><\/strong><\/h2>\n<\/blockquote>\n<p><strong>Il padre, Diego Feltri<\/strong>n, ha patteggiato due anni per omicidio colposo e detenzione di stupefacenti in seguito alla morte del figlio Nicol\u00f2, 2 anni, per intossicazione da hashish. La pena \u00e8 sospesa grazie alla mancanza di precedenti. La droga \u00e8 stata trovata in casa dai carabinieri e nello stomaco del bambino.<br \/>\n<strong>VANDALISMO AGLI AUTOVELOX:<\/strong> LA NORMALIZZAZIONE DEL PERICOLO SOCIALE E LA NECESSIT\u00c0 DI UNA CONDANNA UNANIME Dal sindaco di Val di Zoldo, Camillo De Pellegrin<br \/>\n<strong>CORTINA<\/strong> Il consiglio comunale di Cortina \u00e8 stato invaso da una folla di cittadini contrari alla speculazione della stazione. Il Comitato Civico Cortina ha lanciato l&#8217;appello a difendere il patrimonio collettivo, e la popolazione ha risposto con una partecipazione massiccia<br \/>\n<strong>INFLUENZA.<\/strong> IN CALO L\u2019INCIDENZA IN VENETO. 11,23 PER MILLE CONTRO 14,48 PER MILLE DEL PRECEDENTE REPORT<br \/>\n<strong>96 EURO<\/strong> IN PIU&#8217; IN BUSTA PAGA PER I METALMECCANICI DEL SETTORE ARTIGIANO DI BELLUNO E TREVISO<br \/>\n<strong>LEONARDO MARIA DEL VECCHIO<\/strong> RAFFORZA IL MADE IN ITALY. ENTRA NEL CAPITALE DI IMA, SOCIETA&#8217; CHE PROGETTA MACCHINE AUTOMATICHE PER IL PACKAGING<br \/>\n<strong>GAS<\/strong>: TORNA L&#8217;IVA AL 22%<br \/>\n<strong>BELLUNO<\/strong> Domani alle 21 al Teatro Dino Buzzati di Belluno arriva la grande danza con la rassegna dal titolo &#8220;Ballade&#8221;. Organizza la Fondazione Teatri Delle Dolomiti.<br \/>\n<span style=\"color: #ff0000;\">HOCKEY SU GHIACCIO QUARTI DI FINALE AMARI PER ALLEGHE E FELTRE. APPIANO E VARESE VINCONO L&#8217;ANDATA ANDATA QUARTI DI FINALE COPPA ITALIA IHL ALLEGHE \u2013 APPIANO 0-5 FELTRE \u2013 VARESE 3-4<\/span><\/p>\n<p>&nbsp;<\/p>\n<p>&nbsp;<\/p>\n<p><iframe loading=\"lazy\" title=\"DAL 1983 LA RASSEGNA STAMPA LOCALE di mirko mezzacasa. L&#039;ORIGINALE\" width=\"1200\" height=\"675\" src=\"https:\/\/www.youtube.com\/embed\/CA0ZkF1_s-4?feature=oembed\" frameborder=\"0\" allow=\"accelerometer; autoplay; clipboard-write; encrypted-media; gyroscope; picture-in-picture; web-share\" allowfullscreen><\/iframe><\/p>\n<p>&nbsp;<\/p>\n<p>&nbsp;<\/p>\n<hr \/>\n<p>&nbsp;<\/p>\n<p>&nbsp;<\/p>\n<p><a class=\"dt-pswp-item\" href=\"https:\/\/www.radiopiu.net\/wordpress\/wp-content\/uploads\/2023\/10\/34f4cfc6-e863-46e9-9695-8df44be63421.jpg\" data-dt-img-description=\"\" data-large_image_width=\"1200\" data-large_image_height=\"1200\"><img loading=\"lazy\" decoding=\"async\" class=\"wp-image-357393 alignleft\" src=\"https:\/\/www.radiopiu.net\/wordpress\/wp-content\/uploads\/2023\/10\/34f4cfc6-e863-46e9-9695-8df44be63421-300x300.jpg\" alt=\"\" width=\"81\" height=\"81\" srcset=\"https:\/\/www.radiopiu.net\/wordpress\/wp-content\/uploads\/2023\/10\/34f4cfc6-e863-46e9-9695-8df44be63421-300x300.jpg 300w, https:\/\/www.radiopiu.net\/wordpress\/wp-content\/uploads\/2023\/10\/34f4cfc6-e863-46e9-9695-8df44be63421-1024x1024.jpg 1024w, https:\/\/www.radiopiu.net\/wordpress\/wp-content\/uploads\/2023\/10\/34f4cfc6-e863-46e9-9695-8df44be63421-150x150.jpg 150w, https:\/\/www.radiopiu.net\/wordpress\/wp-content\/uploads\/2023\/10\/34f4cfc6-e863-46e9-9695-8df44be63421-768x768.jpg 768w, https:\/\/www.radiopiu.net\/wordpress\/wp-content\/uploads\/2023\/10\/34f4cfc6-e863-46e9-9695-8df44be63421.jpg 1200w\" sizes=\"auto, (max-width: 81px) 100vw, 81px\" \/><\/a>OGGI ALLA RADIO: <strong>ALLE 7<\/strong> LA RASSEGNA STAMPA LOCALE FLASH, PER CHI COME NOI ALLE SETTE DEL MATTINO VA DI FRETTA, TANTE NOTIZIE IN POCHE CHIACCHIERE. <strong>ALLE OTTO<\/strong> L&#8217;APPROFONDIMENTO NELLA STORICA RASSEGNA STAMPA LOCALE.\u00a0 DALLE 6 ALLE 21, OGNI ORA, L&#8217;INFORMAZIONE NAZIONALE, l&#8217;informazione locale, ALLE 10 flash. 11flash. 14 viabilit\u00e0. 15meteo. 16flash. 17flash. 18flash. 19 i titoli di Antenna 3<\/p>\n<p><strong>oggi alle 8.20<\/strong> MARINA DONA &#8220;piu&#8217; siamo) <strong>ALLE NOVE<\/strong> le novit\u00e0 di MARCO GAZ in Premier e speciale anni 80 con Monica Fontanive <strong>10.30 e 1900<\/strong> il concorso fotografico con Proloco e Comune di Cencenighe.<\/p>\n<p>&nbsp;<\/p>\n<hr \/>\n<p>&nbsp;<\/p>\n<blockquote>\n<h3>PROFONDO CORDOGLIO DELLA CISL PER LA SCOMPARSA DI MARIO DAL SOLER<\/h3>\n<\/blockquote>\n<p><strong><a class=\"dt-pswp-item\" href=\"https:\/\/www.radiopiu.net\/wordpress\/wp-content\/uploads\/2024\/01\/419232890_24696802439935450_1519264806375279885_n.jpg\" data-dt-img-description=\"\" data-large_image_width=\"481\" data-large_image_height=\"402\"><img loading=\"lazy\" decoding=\"async\" class=\" wp-image-369596 alignleft\" src=\"https:\/\/www.radiopiu.net\/wordpress\/wp-content\/uploads\/2024\/01\/419232890_24696802439935450_1519264806375279885_n-300x251.jpg\" alt=\"\" width=\"179\" height=\"150\" srcset=\"https:\/\/www.radiopiu.net\/wordpress\/wp-content\/uploads\/2024\/01\/419232890_24696802439935450_1519264806375279885_n-300x251.jpg 300w, https:\/\/www.radiopiu.net\/wordpress\/wp-content\/uploads\/2024\/01\/419232890_24696802439935450_1519264806375279885_n.jpg 481w\" sizes=\"auto, (max-width: 179px) 100vw, 179px\" \/><\/a>BELLUNO\u00a0 <\/strong>Mario Dal Soler, ex sindacalista Cisl e dirigente delle squadre di calcio bellunesi, \u00e8 scomparso all&#8217;et\u00e0 di 69 anni. Originario di Sovramonte, aveva iniziato la sua attivit\u00e0 sindacale negli anni Settanta come delegato alla Pandolfo Alluminio. Nel corso degli anni Ottanta, aveva lavorato con la Filca (Federazione degli edili) prima di dedicarsi alla Fisascat, la categoria del commercio, turismo e servizi, diventandone Segretario generale per due mandati. Negli anni Novanta, Dal Soler si era impegnato per estendere la contrattazione territoriale nel settore del turismo, commercio e vigilanza. Ha contribuito alla creazione dell&#8217;ente bilaterale del commercio e turismo a Belluno. Successivamente, ha fatto parte della Segreteria regionale veneta della Fisascat e nel 2005 \u00e8 tornato a Belluno nella Segreteria confederale Cisl. I funerali si terranno in Duomo a Feltre alle 10 di luned\u00ec 16 gennaio. La sua scomparsa \u00e8 stata descritta come una perdita per il sindacato e viene ricordato come un sindacalista appassionato e impegnato.<\/p>\n<p>&nbsp;<\/p>\n<p>&nbsp;<\/p>\n<hr \/>\n<p>&nbsp;<\/p>\n<p><span style=\"color: #ff0000;\">L&#8217;ALTRA NOTTE\u00a0 1<\/span><\/p>\n<blockquote><p><strong>INTOSSICAZIONE DA MONOSSIDO DI CARBONIO A CARVE DI MEL<\/strong><\/p><\/blockquote>\n<p><strong>BORGO VALBELLUNA<\/strong> Nel cuore della notte tra il 10 e l&#8217;11 gennaio a Carve di Mel, un uomo di 70 anni \u00e8 stato ritrovato svenuto in casa dalla moglie e dalla figlia. Il pronto intervento ha rivelato una minaccia invisibile: l&#8217;intossicazione da monossido di carbonio. Inizialmente attribuito a problemi di salute, gli esami ospedalieri hanno svelato la presenza del gas. Moglie e figlia, interessate ma non gravemente, sono state sottoposte a controlli. I pompieri di Feltre, intervenuti alle 3.30, hanno individuato la fonte nel riscaldamento a legna. L&#8217;anziano non \u00e8 in pericolo, mentre la consapevolezza dell&#8217;insidioso monossido sottolinea l&#8217;importanza di regolari controlli e manutenzione.<\/p>\n<p>&nbsp;<\/p>\n<p><span style=\"color: #ff0000;\">L&#8217;ALTRA NOTTE\u00a0 \u00a02<\/span><\/p>\n<blockquote><p><strong>ALLARME AL RIFUGIO PASSO VALLES: SOCCORSO IN ELICOTTERO <\/strong><\/p><\/blockquote>\n<p><strong>PASSO VALLES<\/strong> Alle 23 di mercoled\u00ec \u00e8 scattato l\u2019allarme al Rifugio Passo Valles. Sul posto l\u2019elicottero da Trento e l\u2019ambulanza della Croce Verde. E\u2019 stata soccorsa una ragazza di 19 anni di Voltago Agordino, portata all\u2019ospedale di Agordo con un codice di media gravit\u00e0.<\/p>\n<p>&nbsp;<\/p>\n<hr \/>\n<p>&nbsp;<\/p>\n<p><span style=\"color: #ff0000;\">LUTTI<\/span><\/p>\n<h3 style=\"text-align: center;\">ADDIO A NATALE ed\u00a0 ELENA<\/h3>\n\n\t\t\t<style type='text\/css'>\n\t\t\t\t#gallery-1 {\n\t\t\t\t\tmargin: auto;\n\t\t\t\t}\n\t\t\t\t#gallery-1 .gallery-item {\n\t\t\t\t\tfloat: left;\n\t\t\t\t\tmargin-top: 10px;\n\t\t\t\t\ttext-align: center;\n\t\t\t\t\twidth: 50%;\n\t\t\t\t}\n\t\t\t\t#gallery-1 img {\n\t\t\t\t\tborder: 2px solid #cfcfcf;\n\t\t\t\t}\n\t\t\t\t#gallery-1 .gallery-caption {\n\t\t\t\t\tmargin-left: 0;\n\t\t\t\t}\n\t\t\t\t\/* see gallery_shortcode() in wp-includes\/media.php *\/\n\t\t\t<\/style>\n\t\t<div id='gallery-1' class='dt-gallery-container gallery galleryid-369471 gallery-columns-2 gallery-size-thumbnail'><dl class='gallery-item'>\n\t\t\t\t<dt class='gallery-icon landscape'>\n\t\t\t\t\t<a class=\"rollover rollover-zoom dt-pswp-item\" title=\"Senza nome\" data-dt-img-description=\"\" data-large_image_width=\"289\" data-large_image_height=\"231\"href='https:\/\/www.radiopiu.net\/wordpress\/wp-content\/uploads\/2024\/01\/Senza-nome-36.png'><img loading=\"lazy\" decoding=\"async\" width=\"150\" height=\"150\" src=\"https:\/\/www.radiopiu.net\/wordpress\/wp-content\/uploads\/2024\/01\/Senza-nome-36-150x150.png\" class=\"attachment-thumbnail size-thumbnail\" alt=\"\" \/><\/a>\n\t\t\t\t<\/dt><\/dl><dl class='gallery-item'>\n\t\t\t\t<dt class='gallery-icon landscape'>\n\t\t\t\t\t<a class=\"rollover rollover-zoom dt-pswp-item\" title=\"Senza nome\" data-dt-img-description=\"\" data-large_image_width=\"208\" data-large_image_height=\"154\"href='https:\/\/www.radiopiu.net\/wordpress\/wp-content\/uploads\/2024\/01\/Senza-nome-33.png'><img loading=\"lazy\" decoding=\"async\" width=\"150\" height=\"150\" src=\"https:\/\/www.radiopiu.net\/wordpress\/wp-content\/uploads\/2024\/01\/Senza-nome-33-150x150.png\" class=\"attachment-thumbnail size-thumbnail\" alt=\"\" \/><\/a>\n\t\t\t\t<\/dt><\/dl><br style=\"clear: both\" \/>\n\t\t\t<\/div>\n\n<p><strong>ALLEGHE\u00a0<\/strong> E&#8217; mancato Natale Costa, nato a Costa di Falcade il 16 dicembre 1926.\u00a0 I funerali oggi alle 14.30 nella chiesa di San Biagio. Un messaggio di cordoglio e vicinanza alle famiglia dall\u2019Alleghe Hockey.<em> \u201cNatale \u2013 ricorda il presidente Adriano Levis \u2013 negli anni 60 \u00e8 stato Presidente della societ\u00e0 Alleghe Hockey&#8221;<\/em><\/p>\n<h3><strong style=\"font-size: 14px;\">ROCCA PIETORE<\/strong><span style=\"font-size: 14px; font-weight: normal;\"> Oggi alle 14 a Laste\u00a0 si terranno i funerali di Elena Boschet, vedova De Vallier, di 84 anni.\u00a0<\/span><\/h3>\n<p>&nbsp;<\/p>\n<p>&nbsp;<\/p>\n<h3><a class=\"dt-pswp-item\" href=\"https:\/\/www.radiopiu.net\/wordpress\/wp-content\/uploads\/2024\/01\/Senza-nome-38.png\" data-dt-img-description=\"\" data-large_image_width=\"256\" data-large_image_height=\"289\"><img loading=\"lazy\" decoding=\"async\" class=\"wp-image-369622 alignleft\" src=\"https:\/\/www.radiopiu.net\/wordpress\/wp-content\/uploads\/2024\/01\/Senza-nome-38.png\" alt=\"\" width=\"117\" height=\"132\" \/><\/a>CIAO CANTANTE<\/h3>\n<p><strong>FELTRE\u00a0<\/strong> Giuliano Zani, noto musicista nel Feltrino, \u00e8 scomparso improvvisamente a 75 anni. Radicato nella zona, amato per le serate musicali con un repertorio dagli anni Settanta, era un grande appassionato dei Nomadi. Conosciuto per la sua squisitezza e allegria, lascer\u00e0 un vuoto nella comunit\u00e0. I funerali si terranno domani alle 10 nella chiesa parrocchiale di Villapaiera.<\/p>\n<p>&nbsp;<\/p>\n<p>&nbsp;<\/p>\n<hr \/>\n<p>&nbsp;<\/p>\n<p><span style=\"color: #ff0000;\">INCIDENTI<\/span><\/p>\n<blockquote>\n<h3>DUE ANZIANI FERITI NELL&#8217;INCIDENTE A SANT&#8217;ANDREA<\/h3>\n<\/blockquote>\n<p><strong>REDAZIONE<\/strong> Ieri alle 11.30 i vigili del fuoco di Agordo sono saliti a Sant&#8217;Andrea di Gosaldo in seguito all&#8217;uscita di strada autonoma di un&#8217;auto. A bordo due anziani di 84 anni di Rivamonte, soccorsi e trasporti al pronto soccorso del Papa Luciani dall&#8217;ambulanza del nosocomio di Agordo. Sul posto anche i vigili del fuoco volontari di Gosaldo.<\/p>\n<p><strong>VAL DI ZOLDO<\/strong> Poco prima\u00a0 l&#8217;elisoccorso \u00e8 intervenuto a Zoldo Alto per un malore occorso ad una donna di 82 anni.<\/p>\n<p>&nbsp;<\/p>\n<p>&nbsp;<\/p>\n<hr \/>\n<p>&nbsp;<\/p>\n<blockquote>\n<h2>Soccorso Piste Arabba.. Carabinieri sempre in prima linea.<\/h2>\n<\/blockquote>\n<p>Ore 13.30, intervento sulla pista Avoie \u201c22\u201d le pattuglie del soccorso piste dell&#8217; arma del Burz e dei Bec,coordinate dal Maresciallo comandante della stazione di Arabba hanno effettuato una delicata operazione di soccorso ad uno sciatore.( maschio, italiano di anni 70 )che nella caduta durante la discesa della pista riportava un importante trauma facciale e cranico con perdita di memoria.Visto lo stato confusionale dello sciatore veniva richiesto l\u2019 intervento del Suem \u201c118\u201d.Sul posto giungeva l&#8217;elicottero Falco per il trasporto dell&#8217; infortunato presso il San Martino di Belluno per le cure del caso.Come sempre, in queste situazioni basilare \u00e8 stata la professionalit\u00e0 del personale dei Carabinieri addetti al soccorso piste.<\/p>\n<p>collaborazione Massimo Sommariva, Ispettore Dolomiti Super Ski.<\/p>\n\n\t\t\t<style type='text\/css'>\n\t\t\t\t#gallery-2 {\n\t\t\t\t\tmargin: auto;\n\t\t\t\t}\n\t\t\t\t#gallery-2 .gallery-item {\n\t\t\t\t\tfloat: left;\n\t\t\t\t\tmargin-top: 10px;\n\t\t\t\t\ttext-align: center;\n\t\t\t\t\twidth: 25%;\n\t\t\t\t}\n\t\t\t\t#gallery-2 img {\n\t\t\t\t\tborder: 2px solid #cfcfcf;\n\t\t\t\t}\n\t\t\t\t#gallery-2 .gallery-caption {\n\t\t\t\t\tmargin-left: 0;\n\t\t\t\t}\n\t\t\t\t\/* see gallery_shortcode() in wp-includes\/media.php *\/\n\t\t\t<\/style>\n\t\t<div id='gallery-2' class='dt-gallery-container gallery galleryid-369471 gallery-columns-4 gallery-size-thumbnail'><dl class='gallery-item'>\n\t\t\t\t<dt class='gallery-icon landscape'>\n\t\t\t\t\t<a class=\"rollover rollover-zoom dt-pswp-item\" title=\"0aa69675-b6ff-4465-ad8f-d25dfac074e0\" data-dt-img-description=\"\" data-large_image_width=\"2048\" data-large_image_height=\"921\"href='https:\/\/www.radiopiu.net\/wordpress\/wp-content\/uploads\/2024\/01\/0aa69675-b6ff-4465-ad8f-d25dfac074e0.jpg'><img loading=\"lazy\" decoding=\"async\" width=\"150\" height=\"150\" src=\"https:\/\/www.radiopiu.net\/wordpress\/wp-content\/uploads\/2024\/01\/0aa69675-b6ff-4465-ad8f-d25dfac074e0-150x150.jpg\" class=\"attachment-thumbnail size-thumbnail\" alt=\"\" \/><\/a>\n\t\t\t\t<\/dt><\/dl><dl class='gallery-item'>\n\t\t\t\t<dt class='gallery-icon portrait'>\n\t\t\t\t\t<a class=\"rollover rollover-zoom dt-pswp-item\" title=\"3955a579-df48-4fff-8239-6bb73477a203\" data-dt-img-description=\"\" data-large_image_width=\"921\" data-large_image_height=\"2048\"href='https:\/\/www.radiopiu.net\/wordpress\/wp-content\/uploads\/2024\/01\/3955a579-df48-4fff-8239-6bb73477a203.jpg'><img loading=\"lazy\" decoding=\"async\" width=\"150\" height=\"150\" src=\"https:\/\/www.radiopiu.net\/wordpress\/wp-content\/uploads\/2024\/01\/3955a579-df48-4fff-8239-6bb73477a203-150x150.jpg\" class=\"attachment-thumbnail size-thumbnail\" alt=\"\" \/><\/a>\n\t\t\t\t<\/dt><\/dl><dl class='gallery-item'>\n\t\t\t\t<dt class='gallery-icon portrait'>\n\t\t\t\t\t<a class=\"rollover rollover-zoom dt-pswp-item\" title=\"70c40f19-3408-4d45-ae41-cbaccf7daf1f\" data-dt-img-description=\"\" data-large_image_width=\"921\" data-large_image_height=\"2048\"href='https:\/\/www.radiopiu.net\/wordpress\/wp-content\/uploads\/2024\/01\/70c40f19-3408-4d45-ae41-cbaccf7daf1f.jpg'><img loading=\"lazy\" decoding=\"async\" width=\"150\" height=\"150\" src=\"https:\/\/www.radiopiu.net\/wordpress\/wp-content\/uploads\/2024\/01\/70c40f19-3408-4d45-ae41-cbaccf7daf1f-150x150.jpg\" class=\"attachment-thumbnail size-thumbnail\" alt=\"\" \/><\/a>\n\t\t\t\t<\/dt><\/dl><dl class='gallery-item'>\n\t\t\t\t<dt class='gallery-icon portrait'>\n\t\t\t\t\t<a class=\"rollover rollover-zoom dt-pswp-item\" title=\"34c481c3-d0b7-45bc-8d2e-0cabf5cf2af7\" data-dt-img-description=\"\" data-large_image_width=\"1037\" data-large_image_height=\"1765\"href='https:\/\/www.radiopiu.net\/wordpress\/wp-content\/uploads\/2024\/01\/34c481c3-d0b7-45bc-8d2e-0cabf5cf2af7.jpg'><img loading=\"lazy\" decoding=\"async\" width=\"150\" height=\"150\" src=\"https:\/\/www.radiopiu.net\/wordpress\/wp-content\/uploads\/2024\/01\/34c481c3-d0b7-45bc-8d2e-0cabf5cf2af7-150x150.jpg\" class=\"attachment-thumbnail size-thumbnail\" alt=\"\" \/><\/a>\n\t\t\t\t<\/dt><\/dl><br style=\"clear: both\" \/>\n\t\t\t<\/div>\n\n<p>&nbsp;<\/p>\n<hr \/>\n<p>&nbsp;<\/p>\n<p>&nbsp;<\/p>\n<blockquote>\n<h3 class=\"articlePlainTitle\"><a class=\"dt-pswp-item\" href=\"https:\/\/www.radiopiu.net\/wordpress\/wp-content\/uploads\/2021\/07\/49394d4a-be71-4216-8f46-567b5b983925.jpg\" data-dt-img-description=\"\" data-large_image_width=\"1080\" data-large_image_height=\"717\"><img loading=\"lazy\" decoding=\"async\" class=\"wp-image-222516 alignleft\" src=\"https:\/\/www.radiopiu.net\/wordpress\/wp-content\/uploads\/2021\/07\/49394d4a-be71-4216-8f46-567b5b983925-300x199.jpg\" alt=\"\" width=\"128\" height=\"85\" srcset=\"https:\/\/www.radiopiu.net\/wordpress\/wp-content\/uploads\/2021\/07\/49394d4a-be71-4216-8f46-567b5b983925-300x199.jpg 300w, https:\/\/www.radiopiu.net\/wordpress\/wp-content\/uploads\/2021\/07\/49394d4a-be71-4216-8f46-567b5b983925-1024x680.jpg 1024w, https:\/\/www.radiopiu.net\/wordpress\/wp-content\/uploads\/2021\/07\/49394d4a-be71-4216-8f46-567b5b983925-768x510.jpg 768w, https:\/\/www.radiopiu.net\/wordpress\/wp-content\/uploads\/2021\/07\/49394d4a-be71-4216-8f46-567b5b983925.jpg 1080w\" sizes=\"auto, (max-width: 128px) 100vw, 128px\" \/><\/a>Principio di incendio nel silo delle polveri: arrivano i pompieri<\/h3>\n<\/blockquote>\n<p>Incendio in laboratorio di occhialeria a Rasai. I vigili del fuoco di Feltre e Belluno sono intervenuti per un focolaio nei filtri del silo delle polveri di lavorazione. Dopo una prima spegnitura, una richiesta successiva ha portato allo smontaggio completo per prevenire nuovi focolai. L&#8217;intervento si \u00e8 concluso alle 20<\/p>\n<p>&nbsp;<\/p>\n<p>&nbsp;<\/p>\n<hr \/>\n<p>&nbsp;<\/p>\n<blockquote>\n<h3>PATTEGGIAMENTO, FELTRINO NON ANDRA&#8217; IN CARCERE<\/h3>\n<\/blockquote>\n<div class=\"flex-1 overflow-hidden\">\n<div class=\"react-scroll-to-bottom--css-dkwbu-79elbk h-full\">\n<div class=\"react-scroll-to-bottom--css-dkwbu-1n7m0yu\">\n<div class=\"flex flex-col pb-9 text-sm\">\n<div class=\"w-full text-token-text-primary\" data-testid=\"conversation-turn-19\">\n<div class=\"px-4 py-2 justify-center text-base md:gap-6 m-auto\">\n<div class=\"flex flex-1 text-base mx-auto gap-3 md:px-5 lg:px-1 xl:px-5 md:max-w-3xl lg:max-w-[40rem] xl:max-w-[48rem] group final-completion\">\n<div class=\"relative flex w-full flex-col lg:w-[calc(100%-115px)] agent-turn\">\n<div class=\"flex-col gap-1 md:gap-3\">\n<div class=\"flex flex-grow flex-col max-w-full\">\n<div class=\"min-h-[20px] text-message flex flex-col items-start gap-3 whitespace-pre-wrap break-words [.text-message+&amp;]:mt-5 overflow-x-auto\" data-message-author-role=\"assistant\" data-message-id=\"77380691-9c22-4978-9485-28bdd83db39d\">\n<div class=\"markdown prose w-full break-words dark:prose-invert dark\">\n<p><a class=\"dt-pswp-item\" href=\"https:\/\/www.radiopiu.net\/wordpress\/wp-content\/uploads\/2024\/01\/Senza-nome-39.png\" data-dt-img-description=\"\" data-large_image_width=\"166\" data-large_image_height=\"158\"><img loading=\"lazy\" decoding=\"async\" class=\"wp-image-369623 alignleft\" src=\"https:\/\/www.radiopiu.net\/wordpress\/wp-content\/uploads\/2024\/01\/Senza-nome-39.png\" alt=\"\" width=\"109\" height=\"103\" \/><\/a>Il padre, Diego Feltrin, ha patteggiato due anni per omicidio colposo e detenzione di stupefacenti in seguito alla morte del figlio Nicol\u00f2, 2 anni, per intossicazione da hashish. La pena \u00e8 sospesa grazie alla mancanza di precedenti. La droga \u00e8 stata trovata in casa dai carabinieri e nello stomaco del bambino. L&#8217;accordo \u00e8 stato raggiunto con la Procura, evitando la custodia cautelare in carcere. La sentenza sar\u00e0 motivata dal giudice per le udienze preliminari. Non sono state avanzate richieste di parte civile. Il padre ha accettato la soluzione proposta dalla Procura.<\/p>\n<\/div>\n<\/div>\n<\/div>\n<\/div>\n<\/div>\n<\/div>\n<\/div>\n<\/div>\n<\/div>\n<\/div>\n<\/div>\n<\/div>\n<div class=\"w-full pt-2 md:pt-0 dark:border-white\/20 md:border-transparent md:dark:border-transparent md:w-[calc(100%-.5rem)]\">\n<form class=\"stretch mx-2 flex flex-row gap-3 last:mb-2 md:mx-4 md:last:mb-6 lg:mx-auto lg:max-w-2xl xl:max-w-3xl\">\n<div class=\"relative flex h-full flex-1 items-stretch md:flex-col\">\n<div class=\"flex w-full items-center\"><\/div>\n<\/div>\n<\/form>\n<\/div>\n<hr \/>\n<p>&nbsp;<\/p>\n<blockquote>\n<h3>IERI IL CORSO DI FORMAZIONE IN SALA BIANCHI<\/h3>\n<\/blockquote>\n<div><strong>BELLUNO<\/strong>\u00a0 La dichiarazione del Comandante della polizia locale Antonio Codemo <em>&#8220;La lezione \u00e8 stata estremamente concreta e ricca di informazioni interessanti. Per gli agenti del comando di Belluno \u00e8 stato un momento di formazione necessario e propedeutico all&#8217;introduzione, tra qualche giorno, del dispositivo spray OC. Seguiranno altri momenti come questo per restare sempre aggiornati ed essere pronti, in futuro, all&#8217;introduzione di ulteriori strumenti, tecnologici e non&#8221;.\u00a0<\/em><\/div>\n\n\t\t\t<style type='text\/css'>\n\t\t\t\t#gallery-3 {\n\t\t\t\t\tmargin: auto;\n\t\t\t\t}\n\t\t\t\t#gallery-3 .gallery-item {\n\t\t\t\t\tfloat: left;\n\t\t\t\t\tmargin-top: 10px;\n\t\t\t\t\ttext-align: center;\n\t\t\t\t\twidth: 33%;\n\t\t\t\t}\n\t\t\t\t#gallery-3 img {\n\t\t\t\t\tborder: 2px solid #cfcfcf;\n\t\t\t\t}\n\t\t\t\t#gallery-3 .gallery-caption {\n\t\t\t\t\tmargin-left: 0;\n\t\t\t\t}\n\t\t\t\t\/* see gallery_shortcode() in wp-includes\/media.php *\/\n\t\t\t<\/style>\n\t\t<div id='gallery-3' class='dt-gallery-container gallery galleryid-369471 gallery-columns-3 gallery-size-thumbnail'><dl class='gallery-item'>\n\t\t\t\t<dt class='gallery-icon landscape'>\n\t\t\t\t\t<a class=\"rollover rollover-zoom dt-pswp-item\" title=\"image00003\" data-dt-img-description=\"\" data-large_image_width=\"2560\" data-large_image_height=\"1920\"href='https:\/\/www.radiopiu.net\/wordpress\/wp-content\/uploads\/2024\/01\/image00003-scaled.jpeg'><img loading=\"lazy\" decoding=\"async\" width=\"150\" height=\"150\" src=\"https:\/\/www.radiopiu.net\/wordpress\/wp-content\/uploads\/2024\/01\/image00003-150x150.jpeg\" class=\"attachment-thumbnail size-thumbnail\" alt=\"\" \/><\/a>\n\t\t\t\t<\/dt><\/dl><dl class='gallery-item'>\n\t\t\t\t<dt class='gallery-icon landscape'>\n\t\t\t\t\t<a class=\"rollover rollover-zoom dt-pswp-item\" title=\"image00001\" data-dt-img-description=\"\" data-large_image_width=\"2560\" data-large_image_height=\"1920\"href='https:\/\/www.radiopiu.net\/wordpress\/wp-content\/uploads\/2024\/01\/image00001-scaled.jpeg'><img loading=\"lazy\" decoding=\"async\" width=\"150\" height=\"150\" src=\"https:\/\/www.radiopiu.net\/wordpress\/wp-content\/uploads\/2024\/01\/image00001-150x150.jpeg\" class=\"attachment-thumbnail size-thumbnail\" alt=\"\" \/><\/a>\n\t\t\t\t<\/dt><\/dl><dl class='gallery-item'>\n\t\t\t\t<dt class='gallery-icon landscape'>\n\t\t\t\t\t<a class=\"rollover rollover-zoom dt-pswp-item\" title=\"image00002\" data-dt-img-description=\"\" data-large_image_width=\"2560\" data-large_image_height=\"1920\"href='https:\/\/www.radiopiu.net\/wordpress\/wp-content\/uploads\/2024\/01\/image00002-scaled.jpeg'><img loading=\"lazy\" decoding=\"async\" width=\"150\" height=\"150\" src=\"https:\/\/www.radiopiu.net\/wordpress\/wp-content\/uploads\/2024\/01\/image00002-150x150.jpeg\" class=\"attachment-thumbnail size-thumbnail\" alt=\"\" \/><\/a>\n\t\t\t\t<\/dt><\/dl><br style=\"clear: both\" \/>\n\t\t\t<\/div>\n\n<p><iframe loading=\"lazy\" title=\"IMG 6353\" width=\"1200\" height=\"675\" src=\"https:\/\/www.youtube.com\/embed\/0pdw-zowwAo?feature=oembed\" frameborder=\"0\" allow=\"accelerometer; autoplay; clipboard-write; encrypted-media; gyroscope; picture-in-picture; web-share\" allowfullscreen><\/iframe><\/p>\n<p>&nbsp;<\/p>\n<hr \/>\n<p>&nbsp;<\/p>\n<p>&nbsp;<\/p>\n<div class=\"page-title-head hgroup\">\n<blockquote>\n<h3 class=\"entry-title\">VANDALISMO AGLI AUTOVELOX: LA NORMALIZZAZIONE DEL PERICOLO SOCIALE E LA NECESSIT\u00c0 DI UNA CONDANNA UNANIME<\/h3>\n<\/blockquote>\n<\/div>\n<p>Dal sindaco di Val di Zoldo, Camillo De Pellegrin, riceviamo e volentieri pubblichiamo una presa di posizione dopo l&#8217;atto vandalico di Passo Giau<\/p>\n<blockquote><p><em><img loading=\"lazy\" decoding=\"async\" class=\"alignleft\" src=\"https:\/\/www.radiopiu.net\/wordpress\/wp-content\/uploads\/2022\/01\/28056423_1570743069705719_9091845138820201561_n-300x300.jpg\" width=\"152\" height=\"152\" \/>&#8220;E&#8217; stato distrutto un autovelox al Passo Giau, seguendo la stessa tecnica usata dal &#8220;Fleximan&#8221; in provincia di Rovigo. Nonostante le divergenti opinioni sulla validit\u00e0 dei controlli di velocit\u00e0, preoccupa il crescente sostegno sui social al vandalismo, con Fleximan acclamato come &#8220;eroe&#8221;. Questo fenomeno rischia di legittimare l&#8217;idea che gli autovelox debbano essere distrutti, minando l&#8217;autorit\u00e0 della polizia locale. La pericolosa normalizzazione di tali azioni pu\u00f2 influenzare menti fragili, compromettendo la sicurezza stradale e mettendo a rischio la coesione sociale. La condanna unanime di tali atti, non solo dalle istituzioni ma dalla collettivit\u00e0, \u00e8 essenziale per proteggere l&#8217;integrit\u00e0 delle forze dell&#8217;ordine e garantire la sicurezza delle comunit\u00e0&#8221;.\u00a0<\/em><\/p><\/blockquote>\n<p>LA LETTERA COMPLETA DEL SINDACO CAMILLO DE PELLEGRIN, <span style=\"color: #0000ff;\"><strong><a style=\"color: #0000ff;\" href=\"https:\/\/www.radiopiu.net\/wordpress\/vandalismo-agli-autovelox-la-normalizzazione-del-pericolo-sociale-e-la-necessita-di-una-condanna-unanime\/\">CLICCA QUI<\/a><\/strong><\/span><\/p>\n<p>&nbsp;<\/p>\n<hr \/>\n<p>&nbsp;<\/p>\n<blockquote>\n<h3>DEI CHIARIMENTI SUGLI AUTOVELOX<\/h3>\n<\/blockquote>\n<p><strong><a class=\"dt-pswp-item\" href=\"https:\/\/www.radiopiu.net\/wordpress\/wp-content\/uploads\/2020\/09\/autovelox-1.jpg\" data-dt-img-description=\"\" data-large_image_width=\"1217\" data-large_image_height=\"694\"><img loading=\"lazy\" decoding=\"async\" class=\" wp-image-159887 alignleft\" src=\"https:\/\/www.radiopiu.net\/wordpress\/wp-content\/uploads\/2020\/09\/autovelox-1-300x171.jpg\" alt=\"\" width=\"182\" height=\"104\" srcset=\"https:\/\/www.radiopiu.net\/wordpress\/wp-content\/uploads\/2020\/09\/autovelox-1-300x171.jpg 300w, https:\/\/www.radiopiu.net\/wordpress\/wp-content\/uploads\/2020\/09\/autovelox-1-1024x584.jpg 1024w, https:\/\/www.radiopiu.net\/wordpress\/wp-content\/uploads\/2020\/09\/autovelox-1-768x438.jpg 768w, https:\/\/www.radiopiu.net\/wordpress\/wp-content\/uploads\/2020\/09\/autovelox-1-640x365.jpg 640w, https:\/\/www.radiopiu.net\/wordpress\/wp-content\/uploads\/2020\/09\/autovelox-1.jpg 1217w\" sizes=\"auto, (max-width: 182px) 100vw, 182px\" \/><\/a>DI LUISA MANFROI<\/strong><\/p>\n<p><strong>VALLE DEL BIOIS <\/strong>Che l\u2019autovelox sia il nemico dichiarato di molti automobilisti \u00e8 un dato di fatto ma \u00e8 un deterrente per dissuaderci dal premere sull\u2019acceleratore in centro abitato o nei punti ritenuti pi\u00f9 a rischio per la sicurezza. Uno di questi, quello di La Mora,\u00a0 in comune di Canale d\u2019Agordo, ha sollevato qualche domanda circa il posizionamento in quel luogo e nei giorni delle festivit\u00e0 natalizie. Interrogativi che sono stati chiariti\u00a0 dal sindaco di Canale d\u2019Agordo, Massimo Murer. \u00abLa decisione di mettere una postazione mobile in quel luogo trova spiegazione nelle segnalazioni che sono pervenute e che non abbiamo potuto ignorare circa la pericolosit\u00e0 dell\u2019uscita dal parcheggio dell\u2019albergo, aperto in queste settimane, ubicato in in un punto che ha un ingresso ma soprattutto un\u2019uscita pericolosa con scarsa visibilit\u00e0 per chi si immette nella provinciale\u00bb. La risposta va a chiarire i dubbi di chi\u00a0 riteneva l\u2019autovelox una strategia per aumentare le entrate, soprattutto considerando la sua collocazione durante le festivit\u00e0, periodo in cui c\u2019\u00e8 un flusso maggiore di veicoli. \u00a0Un\u2019ipotesi che il sindaco ha respinto fornendo una spiegazione. \u00abGli introiti che derivano dall\u2019autovelox ammontano circa a 10 \u2013 15 mila euro annui la cui met\u00e0 \u00e8 costituita da spese d\u2019ufficio e dall\u2019affitto dell\u2019apparecchio, senza dimenticare che si deve disporre del vigile nello svolgere il servizio togliendolo momentaneamente ad altre funzioni, come quella di guardia boschiva. Le sanzioni non sono tante poich\u00e9 chi transita in genere sa che deve andare piano (oltretutto\u00a0 la cartellonistica avverte che il limite \u00e8 di 50 chilometri e della presenza del controllo elettronico)\u00bb. Qualcuno dei sanzionati superava i 100 km\/h. Murer ha voluto chiarire che c\u2019\u00e8 una tolleranza minima fino a 60 km\/h. Ci sono altri tratti nel comune di Canale e lungo la SP 346 che\u00a0 inducono\u00a0 gli automobilisti a premere sull\u2019acceleratore. Un esempio \u00e8 il bivio per il capoluogo di Canale, dove le auto arrivano da due direzioni, dal rettilineo di Savaion e da quello di Val e le Casate. \u00abAnche in questi punti, la velocit\u00e0 \u00e8 un problema, ma il controllo deve essere eseguito con buon senso. Nei prossimi giorni verr\u00e0 effettuata una verifica. In qual tratto \u00e8 previsto di non superare i 70 km\/h, ma se venisse effettuata una misurazione con l\u2019autovelox,\u00a0 si rischia che le sanzioni siano numerose. \u00c8 molto probabile che il controllo venga effettuato nelle ore serali. L\u2019obiettivo principale \u00e8 far capire agli automobilisti di rallentare\u00bb. \u00a0Ormai, questi strumenti di misurazione sono diventati comuni sulle strade ma le regole circa il loro uso e collocazione sono complesse e in continua evoluzione. A Cencenighe, in via XX settembre, l\u2019autovelox fisso \u00e8 stato rimosso a causa di problemi di visibilit\u00e0 e sicurezza all\u2019uscita dal bivio per Campo. Tuttavia, in base a quanto ha esplicitato il sindaco Mauro Soppelsa, esiste una postazione mobile che pu\u00f2 essere collocata ovunque in paese. Ritiene che il problema del mancato\u00a0 rispetto dei limiti di velocit\u00e0 sia sempre presente e che l\u2019unico deterrente sia l\u2019autovelox. La loro osservanza \u00e8 \u00abun segno di civilt\u00e0 e di rispetto per l\u2019incolumit\u00e0 delle persone. I buoni consigli servono a ben poco. L\u2019unico sistema \u00e8 quello di sanzionare, non c\u2019\u00e8 alternativa\u00bb. Sempre su questo tema: \u00abCome amministrazione comunale abbiamo ragionato sulla possibilit\u00e0 di installare dei dissuasori ma questo non \u00e8 possibile\u00a0 perch\u00e9 ostacolerebbero il passaggio dei mezzi di soccorso. L\u2019altra soluzione prospettata, quella dei\u00a0 semafori intelligenti, presenta anch\u2019essa dei problemi\u00bb. Risulta che questi dispositivi progettati per migliorare l\u2019efficienza del traffico e la sicurezza stradale, malgrado alcuni comuni li abbiano gi\u00e0 adottati, non sono ancora stati omologati. \u00abIn centro abbiamo segnalato gli attraversamenti pedonali e cercato di assicurare l\u2019intervento del vigile quando gli alunni necessitano di passare la strada per recarsi a scuola in zona bivio per il ponte di Avoscan. Saranno installati dei cartelli lampeggianti per segnalare il passaggio pedonale vicino all\u2019asilo nido e alla scuola dell\u2019infanzia dato che non \u00e8 fattibile destinare un addetto alla regolazione del passaggio a causa della variabilit\u00e0 degli orari di entrata e uscita dalla struttura. Un autovelox mobile comporta un notevole carico di lavoro d\u2019ufficio e l\u2019iter richiede del tempo per arrivare alla notifica delle sanzioni. Pertanto, le uscite\u00a0 sono\u00a0 calibrate tenendo conto di tutte queste attivit\u00e0 e anche degli altri incarichi del vigile\u00bb. I veicoli attuali sono significativamente pi\u00f9 veloci rispetto a quelli del passato e spesso, quando siamo alla guida, si supera il limite\u00a0 senza nemmeno rendercene conto. Ma questo non esime nessuno dal rispetto della legge, compreso l\u2019obbligo di fermarsi per i pedoni ai passaggi pedonali.\u00a0 Non tutti lo fanno e questo dimostra che\u00a0 la coscienza civica in molti casi \u00e8 davvero carente.<\/p>\n<p>&nbsp;<\/p>\n<p>&nbsp;<\/p>\n<hr \/>\n<p>&nbsp;<\/p>\n<blockquote>\n<h3>ANCHE I CITTADINI CONTRO IL COMUNE DI CORTINA SULLA QUESTIONE DELL&#8217;EX STAZIONE<\/h3>\n<\/blockquote>\n<p><strong><a class=\"dt-pswp-item\" href=\"https:\/\/www.radiopiu.net\/wordpress\/wp-content\/uploads\/2024\/01\/f2594ae2-3d94-4d1e-afed-23ac7ab5a217.jpg\" data-dt-img-description=\"\" data-large_image_width=\"1024\" data-large_image_height=\"496\"><img loading=\"lazy\" decoding=\"async\" class=\" wp-image-369327 alignleft\" src=\"https:\/\/www.radiopiu.net\/wordpress\/wp-content\/uploads\/2024\/01\/f2594ae2-3d94-4d1e-afed-23ac7ab5a217-300x145.jpg\" alt=\"\" width=\"192\" height=\"93\" srcset=\"https:\/\/www.radiopiu.net\/wordpress\/wp-content\/uploads\/2024\/01\/f2594ae2-3d94-4d1e-afed-23ac7ab5a217-300x145.jpg 300w, https:\/\/www.radiopiu.net\/wordpress\/wp-content\/uploads\/2024\/01\/f2594ae2-3d94-4d1e-afed-23ac7ab5a217-768x372.jpg 768w, https:\/\/www.radiopiu.net\/wordpress\/wp-content\/uploads\/2024\/01\/f2594ae2-3d94-4d1e-afed-23ac7ab5a217.jpg 1024w\" sizes=\"auto, (max-width: 192px) 100vw, 192px\" \/><\/a>CORTINA<\/strong> Il consiglio comunale di Cortina \u00e8 stato invaso da una folla di cittadini contrari alla speculazione della stazione. Il Comitato Civico Cortina ha lanciato l&#8217;appello a difendere il patrimonio collettivo, e la popolazione ha risposto con una partecipazione massiccia, riempiendo la sala consiliare e esprimendo chiaramente il suo dissenso contro la speculazione e la svendita del patrimonio comunale. I presenti hanno rivolto il messaggio &#8220;No alla speculazione e alla svendita del patrimonio comunale&#8221; ai consiglieri comunali. La protesta \u00e8 stata descritta come un segnale forte all&#8217;amministrazione comunale, accusata di allontanarsi dai cittadini e di perseguire iniziative dannose per il paese. La battaglia contro la speculazione non si ferma qui, con l&#8217;impegno a continuare sia nelle sedi istituzionali che legali.<\/p>\n<p>&nbsp;<\/p>\n<p>&nbsp;<\/p>\n<hr \/>\n<p>&nbsp;<\/p>\n<p><strong><a class=\"dt-pswp-item\" href=\"https:\/\/www.radiopiu.net\/wordpress\/wp-content\/uploads\/2024\/01\/Senza-nome-34.png\" data-dt-img-description=\"\" data-large_image_width=\"239\" data-large_image_height=\"153\"><img loading=\"lazy\" decoding=\"async\" class=\"wp-image-369478 alignleft\" src=\"https:\/\/www.radiopiu.net\/wordpress\/wp-content\/uploads\/2024\/01\/Senza-nome-34.png\" alt=\"\" width=\"128\" height=\"82\" \/><\/a> <\/strong><\/p>\n<p><strong>\u00a0<\/strong><\/p>\n<p><strong>dal TG BELLUNESE di\u00a0 ANTENNA 3 ogni sera alle 19.30 sul canale 10 del digitale terrestre e alle 19 le anticipazioni alla radio.\u00a0<\/strong><\/p>\n<blockquote>\n<h3 class=\"_title post-title entry-title\">EX STAZIONE\u2019, FOLLA DI CITTADINI CONTRO LA PRIVATIZZAZIONE, MA LA VARIANTE PASSA<\/h3>\n<\/blockquote>\n<p>di <a href=\"https:\/\/antennatre.medianordest.it\/redazione\/Tiziana-Bolognani\/\">Tiziana Bolognani\u00a0<\/a><\/p>\n<p>INTERVISTA MARINA MENARDI (PRESIDENTE COMITATO CIVICO CORTINA)<\/p>\n<p><iframe loading=\"lazy\" title=\"&#039;EX STAZIONE&#039;, FOLLA DI CITTADINI CONTRO LA PRIVATIZZAZIONE, MA LA VARIANTE PASSA | 11\/01\/2024\" width=\"1200\" height=\"675\" src=\"https:\/\/www.youtube.com\/embed\/F07kbFfe_4U?feature=oembed\" frameborder=\"0\" allow=\"accelerometer; autoplay; clipboard-write; encrypted-media; gyroscope; picture-in-picture; web-share\" allowfullscreen><\/iframe><\/p>\n<p>&nbsp;<\/p>\n<hr \/>\n<p>&nbsp;<\/p>\n<blockquote>\n<h3 class=\"articlePlainTitle\">Funivie in assemblea per bilancio e cariche<\/h3>\n<\/blockquote>\n<div class=\"articlePlainText\"><strong>VAL DI ZOLDO\u00a0<\/strong> \u00c8 stata convocata per domani\u00a0 alle 14, alla sala civica di piazza Angelini, l&#8217;assemblea della societ\u00e0 ValdiZoldo Funivie per tirare le somme sui conti e per rinnovare le cariche sociali.<\/div>\n<div><\/div>\n<p>&nbsp;<\/p>\n<p>&nbsp;<\/p>\n<hr \/>\n<p>&nbsp;<\/p>\n<blockquote>\n<h3 class=\"titolonews\">INFLUENZA. IN CALO L\u2019INCIDENZA IN VENETO. 11,23 PER MILLE CONTRO 14,48 PER MILLE DEL PRECEDENTE REPORT<\/h3>\n<\/blockquote>\n<p><strong><a class=\"dt-pswp-item\" href=\"https:\/\/www.radiopiu.net\/wordpress\/wp-content\/uploads\/2019\/02\/INFLUENZA-SCIENZA-E-SALUTE-.jpg\" data-dt-img-description=\"\" data-large_image_width=\"655\" data-large_image_height=\"437\"><img loading=\"lazy\" decoding=\"async\" class=\"wp-image-75837 alignleft\" src=\"https:\/\/www.radiopiu.net\/wordpress\/wp-content\/uploads\/2019\/02\/INFLUENZA-SCIENZA-E-SALUTE--300x200.jpg\" alt=\"\" width=\"164\" height=\"109\" srcset=\"https:\/\/www.radiopiu.net\/wordpress\/wp-content\/uploads\/2019\/02\/INFLUENZA-SCIENZA-E-SALUTE--300x200.jpg 300w, https:\/\/www.radiopiu.net\/wordpress\/wp-content\/uploads\/2019\/02\/INFLUENZA-SCIENZA-E-SALUTE-.jpg 655w\" sizes=\"auto, (max-width: 164px) 100vw, 164px\" \/><\/a>VENEZIA<\/strong> L\u2019incidenza dell\u2019influenza stagionale in Veneto \u00e8 in diminuzione. Lo attesta il nuovo Rapporto RespiVirNet, diffuso oggi dalla Direzione Regionale Prevenzione. <em>\u201cIl calo \u2013 fa notare l\u2019Assessore alla Sanit\u00e0 Manuela Lanzarin \u2013 appare generalizzato sia in assoluto, 11,23 per mille abitanti contro 14,48 per mille della precedente settimana, sia riguardo alle diverse fasce d\u2019et\u00e0, tutte in diminuzione, ad eccezione di un piccolo aumento nella fascia degli ultrasessantacinquenni, che fa segnare 6,39 per mille contro 5,98 della settimana scorsa&#8221;.<\/em><\/p>\n<blockquote>\n<h3><strong>Vaccinazione antinfluenzale: <\/strong><strong>ancora attiva l\u2019offerta, previsto l\u2019accesso libero<\/strong><\/h3>\n<\/blockquote>\n<p><strong>BELLUNO<\/strong> L&#8217;Ulss Dolomiti ha previsto l&#8217;accesso libero per tutte le persone per le quali \u00e8 raccomandata la vaccinazione antinfluenzale (anziani, soggetti con patologie croniche, caregiver, etc) nelle seguenti sedute, per le quali \u00e8 possibile anche la prenotazione online per gli over 65: oggi\u00a0 &#8211; dalle 9.00 alle 12.00 \u2013 Centro Vaccinale Salce.\u00a0 Luned\u00ec 15 Gennaio &#8211; dalle 14.00 alle 16.45 \u2013 Centro Vaccinale Tai di Cadore, Sala Coletti<\/p>\n<p>&nbsp;<\/p>\n<p>&nbsp;<\/p>\n<hr \/>\n<p>&nbsp;<\/p>\n<blockquote>\n<h3>96 EURO IN PIU&#8217; IN BUSTA PAGA PER I METALMECCANICI DEL SETTORE ARTIGIANO DI BELLUNO E TREVISO<\/h3>\n<\/blockquote>\n<p><strong><a class=\"dt-pswp-item\" href=\"https:\/\/www.radiopiu.net\/wordpress\/wp-content\/uploads\/2021\/04\/FIM-CISL.png\" data-dt-img-description=\"\" data-large_image_width=\"820\" data-large_image_height=\"560\"><img loading=\"lazy\" decoding=\"async\" class=\" wp-image-204036 alignleft\" src=\"https:\/\/www.radiopiu.net\/wordpress\/wp-content\/uploads\/2021\/04\/FIM-CISL-300x205.png\" alt=\"\" width=\"181\" height=\"124\" srcset=\"https:\/\/www.radiopiu.net\/wordpress\/wp-content\/uploads\/2021\/04\/FIM-CISL-300x205.png 300w, https:\/\/www.radiopiu.net\/wordpress\/wp-content\/uploads\/2021\/04\/FIM-CISL-768x524.png 768w, https:\/\/www.radiopiu.net\/wordpress\/wp-content\/uploads\/2021\/04\/FIM-CISL.png 820w\" sizes=\"auto, (max-width: 181px) 100vw, 181px\" \/><\/a>BELLUNO<\/strong> I metalmeccanici delle province di Treviso (13.000 addetti) e Belluno (2.000) vedranno un aumento dei minimi retributivi nei loro stipendi di gennaio. L&#8217;incremento \u00e8 stato definito a livello nazionale da Fim, Fiom, Uilm e rappresentanze datoriali come Confartigianato, CNA, Casartigiani e Claai. Questo aumento rappresenta un anticipo degli incrementi dei minimi retributivi che verranno determinati nel corso della trattativa per la vigenza contrattuale 2023-2026 del Ccnl Artigiani Area Meccanica. L&#8217;aumento, denominato AFAC (Acconto su Futuri Aumenti Contrattuali), ammonta a 96 euro al quarto livello e sar\u00e0 riconosciuto a oltre 500.000 lavoratori del settore dell&#8217;artigianato dell&#8217;area meccanica in tutto il Paese. La prima tranche \u00e8 di 50 euro dal 1\u00b0 dicembre 2023, recuperata nelle buste paga di gennaio 2024, mentre la seconda tranche di 46 euro sar\u00e0 applicata dal 1\u00b0 aprile 2024. Questo accordo \u00e8 visto come un segno di rispetto per un settore considerato importante per l&#8217;economia industriale del Paese e della regione. La trattativa per il rinnovo dell&#8217;intero contratto nazionale continuer\u00e0 il 26 gennaio, affrontando temi come la conciliazione vita-lavoro, la formazione professionale e la salute e sicurezza. La FIM proporr\u00e0 anche la discussione sulla costituzione di un Fondo di Previdenza Complementare di categoria.<\/p>\n<p>&nbsp;<\/p>\n<p>&nbsp;<\/p>\n<hr \/>\n<p>&nbsp;<\/p>\n<blockquote>\n<h3>LEONARDO MARIA DEL VECCHIO RAFFORZA IL MADE IN ITALY. ENTRA NEL CAPITALE DI IMA, SOCIETA&#8217; CHE PROGETTA MACCHINE AUTOMATICHE PER IL PACKAGING<\/h3>\n<\/blockquote>\n<p><a class=\"dt-pswp-item\" href=\"https:\/\/www.radiopiu.net\/wordpress\/wp-content\/uploads\/2023\/01\/th-8.jpg\" data-dt-img-description=\"Leonardo Maria Del Vecchio Chief Strategy Officer EssilorLuxottica\" data-large_image_width=\"474\" data-large_image_height=\"296\"><img loading=\"lazy\" decoding=\"async\" class=\"wp-image-316002 alignleft\" src=\"https:\/\/www.radiopiu.net\/wordpress\/wp-content\/uploads\/2023\/01\/th-8-300x187.jpg\" alt=\"\" width=\"205\" height=\"128\" srcset=\"https:\/\/www.radiopiu.net\/wordpress\/wp-content\/uploads\/2023\/01\/th-8-300x187.jpg 300w, https:\/\/www.radiopiu.net\/wordpress\/wp-content\/uploads\/2023\/01\/th-8.jpg 474w\" sizes=\"auto, (max-width: 205px) 100vw, 205px\" \/><\/a><strong>REDAZIONE<\/strong> Leonardo Maria Del Vecchio, azionista di EssilorLuxottica con Delfin, ha annunciato che il suo family office, LMDV Capital, entrer\u00e0 nel capitale di IMA con una quota dell&#8217;1,1%, evidenziando l&#8217;impegno nel sostenere il Made in Italy e la fiducia nelle potenzialit\u00e0 delle imprese familiari. L&#8217;obiettivo del family office \u00e8 costruire un portafoglio diversificato con focus su food, real estate e investimenti nel Made in Italy. LMDV Capital mira a consolidare e sviluppare la parte real estate, con attenzione a Milano, e valuta ulteriori opportunit\u00e0 di investimento simili. L&#8217;investimento \u00e8 avvenuto nel contesto del riassetto del valore di 6,5 miliardi di euro con la partecipazione di BDT, Msd Partners e LMDV Capital. Fondata nel 1961, Ima \u00e8 un&#8217;azienda leader nella progettazione e produzione di macchine automatiche per il processo e il confezionamento di una vasta gamma di prodotti, tra cui farmaci, dispositivi medici, cosmetici, t\u00e8, caff\u00e8 e altri alimenti.<\/p>\n<p>&nbsp;<\/p>\n<p>&nbsp;<\/p>\n<hr \/>\n<p>&nbsp;<\/p>\n<blockquote>\n<h3>GAS: TORNA L&#8217;IVA AL 22%<\/h3>\n<\/blockquote>\n<p><strong><a class=\"dt-pswp-item\" href=\"https:\/\/www.radiopiu.net\/wordpress\/wp-content\/uploads\/2020\/07\/FIAMMA-GAS.jpg\" data-dt-img-description=\"\" data-large_image_width=\"1920\" data-large_image_height=\"1440\"><img loading=\"lazy\" decoding=\"async\" class=\" wp-image-150271 alignleft\" src=\"https:\/\/www.radiopiu.net\/wordpress\/wp-content\/uploads\/2020\/07\/FIAMMA-GAS-300x225.jpg\" alt=\"\" width=\"151\" height=\"113\" srcset=\"https:\/\/www.radiopiu.net\/wordpress\/wp-content\/uploads\/2020\/07\/FIAMMA-GAS-300x225.jpg 300w, https:\/\/www.radiopiu.net\/wordpress\/wp-content\/uploads\/2020\/07\/FIAMMA-GAS-1024x768.jpg 1024w, https:\/\/www.radiopiu.net\/wordpress\/wp-content\/uploads\/2020\/07\/FIAMMA-GAS-768x576.jpg 768w, https:\/\/www.radiopiu.net\/wordpress\/wp-content\/uploads\/2020\/07\/FIAMMA-GAS-1536x1152.jpg 1536w, https:\/\/www.radiopiu.net\/wordpress\/wp-content\/uploads\/2020\/07\/FIAMMA-GAS.jpg 1920w\" sizes=\"auto, (max-width: 151px) 100vw, 151px\" \/><\/a>MILANO<\/strong> Nel 2024, nel mercato del gas in Italia, termina la Maggior Tutela, tranne per i &#8220;vulnerabili&#8221;, e l&#8217;IVA ritorna a scaglioni fino al 22%, abbandonando il tasso agevolato al 5%. Questo cambio segue due anni di misure di sostegno, includendo la riduzione temporanea dell&#8217;IVA. Il mancato rinnovo della misura porta al ripristino dell&#8217;IVA ordinaria da gennaio 2024. Segugio.it sottolinea che ci\u00f2 comporta un aumento del 13% nella spesa per una famiglia media, mentre per consumi ridotti l&#8217;impatto \u00e8 del 6%. Tuttavia, chi ha tariffe indicizzate al PSV pu\u00f2 beneficiare di un prezzo pi\u00f9 basso del gas grazie a una riduzione del 15% nell&#8217;indice di mercato all&#8217;ingrosso, mitigando il rincaro complessivo.<\/p>\n<p>&nbsp;<\/p>\n<p>&nbsp;<\/p>\n<hr \/>\n<p>&nbsp;<\/p>\n<blockquote>\n<h3>LOLLINO, LA DIOCESI PROSEGUE L&#8217;ATTIVIT\u00c0 AFFIANCATA DA \u201cSCUOLE PER CRESCERE\u201d<\/h3>\n<\/blockquote>\n<p><strong>BELLUNO<\/strong> La Diocesi proseguir\u00e0 la sua tradizionale attivit\u00e0 di liceo scientifico e classico integrati al Liceo Lollino, rafforzandosi grazie al supporto della rete di \u201cScuole per Crescere\u201d: la ri-conferma arrivata direttamente dalla Diocesi di Belluno-Feltre \u00e8 stata accolta con grande soddisfazione dall&#8217;Associazione Amici del Lollino.<\/p>\n<p><strong>FRANCESCO GALLI, PRESIDENTE AMICI DEL LOLLINO<\/strong><\/p>\n<div style=\"width: 1200px;\" class=\"wp-video\"><video class=\"wp-video-shortcode\" id=\"video-369471-1\" width=\"1200\" height=\"675\" preload=\"metadata\" controls=\"controls\"><source type=\"video\/mp4\" src=\"https:\/\/www.radiopiu.net\/wordpress\/wp-content\/uploads\/2024\/01\/Francesco-Galli-Presidente-Amici-del-Lollino.mp4?_=1\" \/><a href=\"https:\/\/www.radiopiu.net\/wordpress\/wp-content\/uploads\/2024\/01\/Francesco-Galli-Presidente-Amici-del-Lollino.mp4\">https:\/\/www.radiopiu.net\/wordpress\/wp-content\/uploads\/2024\/01\/Francesco-Galli-Presidente-Amici-del-Lollino.mp4<\/a><\/video><\/div>\n<p>&nbsp;<\/p>\n<hr \/>\n<p>&nbsp;<\/p>\n<blockquote>\n<h3>RIQUALIFICAZIONE MARCIAPIEDI A COL DI CUGNAN: 180MILA EURO PER LA SICUREZZA E LA VIABILIT\u00c0<\/h3>\n<\/blockquote>\n<p><a class=\"dt-pswp-item\" href=\"https:\/\/www.radiopiu.net\/wordpress\/wp-content\/uploads\/2024\/01\/Marta_Viel.jpg\" data-dt-img-description=\"\" data-large_image_width=\"1167\" data-large_image_height=\"1556\"><img loading=\"lazy\" decoding=\"async\" class=\"wp-image-369571 alignleft\" src=\"https:\/\/www.radiopiu.net\/wordpress\/wp-content\/uploads\/2024\/01\/Marta_Viel-225x300.jpg\" alt=\"\" width=\"94\" height=\"125\" srcset=\"https:\/\/www.radiopiu.net\/wordpress\/wp-content\/uploads\/2024\/01\/Marta_Viel-225x300.jpg 225w, https:\/\/www.radiopiu.net\/wordpress\/wp-content\/uploads\/2024\/01\/Marta_Viel-768x1024.jpg 768w, https:\/\/www.radiopiu.net\/wordpress\/wp-content\/uploads\/2024\/01\/Marta_Viel-1152x1536.jpg 1152w, https:\/\/www.radiopiu.net\/wordpress\/wp-content\/uploads\/2024\/01\/Marta_Viel.jpg 1167w\" sizes=\"auto, (max-width: 94px) 100vw, 94px\" \/><\/a><strong>PONTE NELLE ALPI<\/strong> Il Comune di Ponte nelle Alpi ha presentato un progetto di riqualificazione dei marciapiedi a Col di Cugnan, promuovendo la sicurezza nell&#8217;area scolastica, religiosa e dei trasporti. Il progetto include la gestione delle acque piovane e la sistemazione di tombotti. Il finanziamento di 180mila euro sar\u00e0 disponibile da aprile 2024, con l&#8217;intervento che potrebbe iniziare nell&#8217;autunno successivo. L&#8217;assessora Marta Viel\u00a0 (FOTO) ha sottolineato l&#8217;importanza di migliorare la viabilit\u00e0 e la sicurezza nella zona, rispondendo alle richieste della comunit\u00e0 locale.<\/p>\n<p>&nbsp;<\/p>\n<p>&nbsp;<\/p>\n<hr \/>\n<p>&nbsp;<\/p>\n<blockquote>\n<h3>SABATO 20 GENNAIO LA SECONDA EDIZIONE DELLA PARTITA DEL SORRISO<\/h3>\n<\/blockquote>\n<p><strong><a class=\"dt-pswp-item\" href=\"https:\/\/www.radiopiu.net\/wordpress\/wp-content\/uploads\/2024\/01\/a59500bb-2a31-465b-9cdd-0a53bb2e93b2.jpg\" data-dt-img-description=\"\" data-large_image_width=\"2048\" data-large_image_height=\"1536\"><img loading=\"lazy\" decoding=\"async\" class=\" wp-image-369582 alignleft\" src=\"https:\/\/www.radiopiu.net\/wordpress\/wp-content\/uploads\/2024\/01\/a59500bb-2a31-465b-9cdd-0a53bb2e93b2-300x225.jpg\" alt=\"\" width=\"175\" height=\"131\" srcset=\"https:\/\/www.radiopiu.net\/wordpress\/wp-content\/uploads\/2024\/01\/a59500bb-2a31-465b-9cdd-0a53bb2e93b2-300x225.jpg 300w, https:\/\/www.radiopiu.net\/wordpress\/wp-content\/uploads\/2024\/01\/a59500bb-2a31-465b-9cdd-0a53bb2e93b2-1024x768.jpg 1024w, https:\/\/www.radiopiu.net\/wordpress\/wp-content\/uploads\/2024\/01\/a59500bb-2a31-465b-9cdd-0a53bb2e93b2-768x576.jpg 768w, https:\/\/www.radiopiu.net\/wordpress\/wp-content\/uploads\/2024\/01\/a59500bb-2a31-465b-9cdd-0a53bb2e93b2-1536x1152.jpg 1536w, https:\/\/www.radiopiu.net\/wordpress\/wp-content\/uploads\/2024\/01\/a59500bb-2a31-465b-9cdd-0a53bb2e93b2.jpg 2048w\" sizes=\"auto, (max-width: 175px) 100vw, 175px\" \/><\/a>BELLUNO<\/strong> Si giocher\u00e0 sabato 20 gennaio alla Spes Arena la seconda edizione della Partita del Sorriso, che vedr\u00e0 fronteggiarsi le formazioni composte dai consiglieri comunali di Belluno e dagli allenatori delle squadre di calcio e calcio a 5 del capoluogo.<\/p>\n<p><strong>DI DANIELE DALVIT<\/strong><\/p>\n<audio class=\"wp-audio-shortcode\" id=\"audio-369471-4\" preload=\"none\" style=\"width: 100%;\" controls=\"controls\"><source type=\"audio\/mpeg\" src=\"https:\/\/www.radiopiu.net\/wordpress\/wp-content\/uploads\/2024\/01\/Radio-Piu-Servizio-Presentazione-Partita-del-Sorriso-2024.mp3?_=4\" \/><a href=\"https:\/\/www.radiopiu.net\/wordpress\/wp-content\/uploads\/2024\/01\/Radio-Piu-Servizio-Presentazione-Partita-del-Sorriso-2024.mp3\">https:\/\/www.radiopiu.net\/wordpress\/wp-content\/uploads\/2024\/01\/Radio-Piu-Servizio-Presentazione-Partita-del-Sorriso-2024.mp3<\/a><\/audio>\n<p>&nbsp;<\/p>\n<hr \/>\n<p>&nbsp;<\/p>\n<p>&nbsp;<\/p>\n<blockquote>\n<h3><a class=\"dt-pswp-item\" href=\"https:\/\/www.radiopiu.net\/wordpress\/wp-content\/uploads\/2024\/01\/49f8be50-d1a7-4d76-a599-99d205437d5c.jpg\" data-dt-img-description=\"\" data-large_image_width=\"1415\" data-large_image_height=\"2000\"><img loading=\"lazy\" decoding=\"async\" class=\"wp-image-369629 alignleft\" src=\"https:\/\/www.radiopiu.net\/wordpress\/wp-content\/uploads\/2024\/01\/49f8be50-d1a7-4d76-a599-99d205437d5c-212x300.jpg\" alt=\"\" width=\"150\" height=\"212\" srcset=\"https:\/\/www.radiopiu.net\/wordpress\/wp-content\/uploads\/2024\/01\/49f8be50-d1a7-4d76-a599-99d205437d5c-212x300.jpg 212w, https:\/\/www.radiopiu.net\/wordpress\/wp-content\/uploads\/2024\/01\/49f8be50-d1a7-4d76-a599-99d205437d5c-724x1024.jpg 724w, https:\/\/www.radiopiu.net\/wordpress\/wp-content\/uploads\/2024\/01\/49f8be50-d1a7-4d76-a599-99d205437d5c-768x1086.jpg 768w, https:\/\/www.radiopiu.net\/wordpress\/wp-content\/uploads\/2024\/01\/49f8be50-d1a7-4d76-a599-99d205437d5c-1087x1536.jpg 1087w, https:\/\/www.radiopiu.net\/wordpress\/wp-content\/uploads\/2024\/01\/49f8be50-d1a7-4d76-a599-99d205437d5c.jpg 1415w\" sizes=\"auto, (max-width: 150px) 100vw, 150px\" \/><\/a>LEGNO: L&#8217;ORO DELLE NOSTRE PREALPI<\/h3>\n<\/blockquote>\n<p><strong>BELLUNO <\/strong>L&#8217;evento &#8220;Riscopri il legno come risorsa per un&#8217;economia sostenibile&#8221; si terr\u00e0 gioved\u00ec 18 gennaio alle 19:30 al Ristorante Pian Longhi a Belluno. I relatori dell&#8217;evento sono Gimmy Dal Farra, Presidente dell&#8217;Associazione Belluno Alpina, e l&#8217;Europarlamentare della Lega, Onorevole Paolo Borchia del Gruppo Identit\u00e0 e Democrazia. L&#8217;incontro affronter\u00e0 tematiche legate all&#8217;utilizzo del legno come risorsa per un&#8217;economia sostenibile, evidenziando l&#8217;importanza di preservare gli ecosistemi, la salute e la cultura locali, e promuovendo la convivialit\u00e0.<\/p>\n<p>&nbsp;<\/p>\n<p>&nbsp;<\/p>\n<hr \/>\n<p>&nbsp;<\/p>\n<blockquote>\n<h3>MONTAGNE IN CAMBIAMENTO<\/h3>\n<\/blockquote>\n<p><strong>BELLUNO<\/strong> Oggi dalle 9 si terr\u00e0 il convegno &#8220;Montagne in cambiamento&#8221; presso la Camera di Commercio di Belluno, organizzato da Irene Da Ros del DISPES di Trieste in collaborazione con &#8220;Scuole in rete.<\/p>\n<p>&nbsp;<\/p>\n<hr \/>\n<p>&nbsp;<\/p>\n<blockquote>\n<h2>LE PISTE&#8230; SULLA PORTA DI CASA<\/h2>\n<\/blockquote>\n<div>\n<div class=\"x1cy8zhl x78zum5 x1q0g3np xod5an3 x1pi30zi x1swvt13 xz9dl7a\">\n<div class=\"x1iyjqo2\">\n<div class=\"x78zum5 xdt5ytf xz62fqu x16ldp7u\">\n<div class=\"xu06os2 x1ok221b\">\n<h2 id=\":R1al9aqqd9emhpapd5aq:\" class=\"x1heor9g x1qlqyl8 x1pd3egz x1a2a7pz x1gslohp x1yc453h\"><span class=\"x193iq5w xeuugli x13faqbe x1vvkbs x1xmvt09 x6prxxf xvq8zen xo1l8bm xi81zsa\"><strong><a class=\"dt-pswp-item\" href=\"https:\/\/www.radiopiu.net\/wordpress\/wp-content\/uploads\/2021\/11\/FORCELLA-AURINE.jpg\" data-dt-img-description=\"\" data-large_image_width=\"960\" data-large_image_height=\"720\"><img loading=\"lazy\" decoding=\"async\" class=\" wp-image-241538 alignleft\" src=\"https:\/\/www.radiopiu.net\/wordpress\/wp-content\/uploads\/2021\/11\/FORCELLA-AURINE-300x225.jpg\" alt=\"\" width=\"191\" height=\"143\" srcset=\"https:\/\/www.radiopiu.net\/wordpress\/wp-content\/uploads\/2021\/11\/FORCELLA-AURINE-300x225.jpg 300w, https:\/\/www.radiopiu.net\/wordpress\/wp-content\/uploads\/2021\/11\/FORCELLA-AURINE-768x576.jpg 768w, https:\/\/www.radiopiu.net\/wordpress\/wp-content\/uploads\/2021\/11\/FORCELLA-AURINE.jpg 960w\" sizes=\"auto, (max-width: 191px) 100vw, 191px\" \/><\/a>Aurine SKI Dolomiti -Progetto Desma <\/strong><\/span><strong><a class=\"x1i10hfl xjbqb8w x6umtig x1b1mbwd xaqea5y xav7gou x9f619 x1ypdohk xt0psk2 xe8uvvx xdj266r x11i5rnm xat24cr x1mh8g0r xexx8yu x4uap5 x18d9i69 xkhd6sd x16tdsg8 x1hl2dhg xggy1nq x1a2a7pz xt0b8zv xzsf02u x1s688f\" tabindex=\"0\" role=\"link\" href=\"https:\/\/www.facebook.com\/aurineskidolomiti?__cft__[0]=AZXSmHr83SUuJT0u4kVMSvLZyFo58012vDZQz2S9NoUpe9MsUBxfpeLpjB-1OoVs-G6CFBOMyk-HwUGAJFyotDcmMB8tqVOt4ppZp7H1Nhm_9AbxGcAKPdaj0NRByIDsgxLcHrLDuU1XYg3AAgvwT-9s&amp;__tn__=-]C%2CP-R\"><span class=\"xt0psk2\">&#8211;<\/span><\/a><\/strong>.<\/h2>\n<\/div>\n<div class=\"xu06os2 x1ok221b\">NUOVE APERTURE E NUOVI ORARI: &#8211; LUNEDI : Chiuso &#8211; MARTEDI : Chiuso &#8211; MERCOLEDI : 13:00-16:30 \/ 19:30-22:00 &#8211; GIOVEDI : 13:00-16:30 &#8211; VENERDI : 13:00-16:30 &#8211; SABATO : 9:00 &#8211; 16.30 &#8211; DOMENICA : 9:00 &#8211; 16.30 AD OGGI LA SITUAZIONE PISTE: &#8211; CAMPO SCUOLA <span class=\"x3nfvp2 x1j61x8r x1fcty0u xdj266r xhhsvwb xat24cr xgzva0m xxymvpz xlup9mm x1kky2od\"><img loading=\"lazy\" decoding=\"async\" class=\"xz74otr\" src=\"https:\/\/static.xx.fbcdn.net\/images\/emoji.php\/v9\/t55\/1.5\/16\/1f7e2.png\" alt=\"&#x1f7e2;\" width=\"16\" height=\"16\" \/><\/span><\/div>\n<\/div>\n<\/div>\n<\/div>\n<\/div>\n<div>\n<div class=\"\" dir=\"auto\">\n<div id=\":R1al9aqqd9emhpapd5aqH2:\" class=\"x1iorvi4 x1pi30zi x1l90r2v x1swvt13\" data-ad-comet-preview=\"message\" data-ad-preview=\"message\">\n<div class=\"x78zum5 xdt5ytf xz62fqu x16ldp7u\">\n<div class=\"xu06os2 x1ok221b\">\n<div class=\"x11i5rnm xat24cr x1mh8g0r x1vvkbs xtlvy1s x126k92a\">\n<div dir=\"auto\">&#8211; GARDELINA <span class=\"x3nfvp2 x1j61x8r x1fcty0u xdj266r xhhsvwb xat24cr xgzva0m xxymvpz xlup9mm x1kky2od\"><img loading=\"lazy\" decoding=\"async\" class=\"xz74otr\" src=\"https:\/\/static.xx.fbcdn.net\/images\/emoji.php\/v9\/t55\/1.5\/16\/1f7e2.png\" alt=\"&#x1f7e2;\" width=\"16\" height=\"16\" \/> <\/span>&#8211; BEPI <span class=\"x3nfvp2 x1j61x8r x1fcty0u xdj266r xhhsvwb xat24cr xgzva0m xxymvpz xlup9mm x1kky2od\"><img loading=\"lazy\" decoding=\"async\" class=\"xz74otr\" src=\"https:\/\/static.xx.fbcdn.net\/images\/emoji.php\/v9\/t55\/1.5\/16\/1f7e2.png\" alt=\"&#x1f7e2;\" width=\"16\" height=\"16\" \/> <\/span>&#8211; GEMINI <span class=\"x3nfvp2 x1j61x8r x1fcty0u xdj266r xhhsvwb xat24cr xgzva0m xxymvpz xlup9mm x1kky2od\"><img loading=\"lazy\" decoding=\"async\" class=\"xz74otr\" src=\"https:\/\/static.xx.fbcdn.net\/images\/emoji.php\/v9\/tc7\/1.5\/16\/1f534.png\" alt=\"&#x1f534;\" width=\"16\" height=\"16\" \/> <\/span>Se le temperature ce lo permetteranno in pochi giorni sar\u00e0 completata anche la parte alta con l&#8217;apertura della sciovia Gardelon. RISTOBAR GHEGY<\/div>\n<\/div>\n<div class=\"x11i5rnm xat24cr x1mh8g0r x1vvkbs xtlvy1s x126k92a\">\n<div dir=\"auto\">&#8211; Dal Mercoled\u00ec al Venerd\u00ec aperto dall&#8217;ora di pranzo. &#8211; Mercoled\u00ec sera anche a cena con i panini GOURMET. &#8211; Sabato e Domenica 8:30 &#8211; 18.30.<\/div>\n<\/div>\n<\/div>\n<\/div>\n<\/div>\n<\/div>\n<\/div>\n<p>&nbsp;<\/p>\n<p>&nbsp;<\/p>\n<hr \/>\n<p>&nbsp;<\/p>\n<blockquote>\n<h3>CAI AGORDO, LA NUOVA STAGIONE<\/h3>\n<\/blockquote>\n<p><strong>AGORDO<\/strong> A<span style=\"color: #000000; font-family: roboto, helvetica neue, helvetica, arial, sans-serif;\">nche il 2024 sar\u00e0 un anno ricco di attivit\u00e0 escursionistica per adulti e bambini, Corsi e incontri culturali. Prima escursione invernale domenica 14 gennaio a Jore in Valle del Biois. Facile e piacevole camminata tra i boschi di larice e abete rosso ai piedi delle Cime d&#8217;Auta.<\/span><\/p>\n<p>&nbsp;<\/p>\n<p>&nbsp;<\/p>\n<hr \/>\n<p>&nbsp;<\/p>\n<blockquote>\n<h3>ARIA D&#8217;INVERN, IL CONCORSO FOTOGRAFICO OGGI ALLE 10,30 E 1900 LO SPECIALE ALLA RADIO CON:<br \/>\n<span style=\"color: #ff0000;\">ORIETTA SCARDANZAN, ELISA CANCEL, FRANCESCA TRENTIN<\/span><\/h3>\n<\/blockquote>\n<p><strong>CENCENIGHE<\/strong> La Pro Loco di Cencenighe ha organizzato un concorso fotografico dal titolo &#8220;Aria D&#8217;Invern&#8221;. Chi volesse partecipare pu\u00f2 inviare gli scatti fino al 31 marzo alla mail ariadinvern@gmail.com seguiranno le premiazioni e, nel mese di luglio, l&#8217;esposizione delle foto al Nof Fil\u00f2. Regolamento completo sul sito www.prolococencenighe.it<\/p>\n<p>&nbsp;<\/p>\n<p>&nbsp;<\/p>\n<hr \/>\n<p>&nbsp;<\/p>\n<p>&nbsp;<\/p>\n<p>&nbsp;<\/p>\n<blockquote>\n<h3><a class=\"dt-pswp-item\" href=\"https:\/\/www.radiopiu.net\/wordpress\/wp-content\/uploads\/2024\/01\/SCR-20240109-pzvy.png\" data-dt-img-description=\"\" data-large_image_width=\"750\" data-large_image_height=\"318\"><img loading=\"lazy\" decoding=\"async\" class=\" wp-image-369322 alignleft\" src=\"https:\/\/www.radiopiu.net\/wordpress\/wp-content\/uploads\/2024\/01\/SCR-20240109-pzvy-300x127.png\" alt=\"\" width=\"222\" height=\"94\" srcset=\"https:\/\/www.radiopiu.net\/wordpress\/wp-content\/uploads\/2024\/01\/SCR-20240109-pzvy-300x127.png 300w, https:\/\/www.radiopiu.net\/wordpress\/wp-content\/uploads\/2024\/01\/SCR-20240109-pzvy.png 750w\" sizes=\"auto, (max-width: 222px) 100vw, 222px\" \/><\/a>OPEN DAY ALLA SCUOLA DELL&#8217;INFANZIA DI AGORDO<\/h3>\n<\/blockquote>\n<p><strong>AGORDO<\/strong> E&#8217; in programma per mercoled\u00ec 24 gennaio l&#8217;open day della Scuola dell&#8217;infanzia di Agordo dedicato ai genitori. Nell&#8217;occasione si potr\u00e0 vistare la struttura ed effettuare le isrizioni per il prossimo anno scolastico. La scuola sar\u00e0 visitabile dalle 16 alle 17. Inoltre, per coloro che sono impossibilitati a visitare la scuola, il 31 gennaio dalle 9 alle 16 sar\u00e0 possibile fare l&#8217;iscrizione.<\/p>\n<p>&nbsp;<\/p>\n<div class=\"flex-1 overflow-hidden\">\n<div class=\"react-scroll-to-bottom--css-dkwbu-79elbk h-full\">\n<div class=\"react-scroll-to-bottom--css-dkwbu-1n7m0yu\">\n<div class=\"flex flex-col pb-9 text-sm\">\n<div class=\"w-full text-token-text-primary\" data-testid=\"conversation-turn-3\">\n<div class=\"px-4 py-2 justify-center text-base md:gap-6 m-auto\">\n<div class=\"flex flex-1 text-base mx-auto gap-3 md:px-5 lg:px-1 xl:px-5 md:max-w-3xl lg:max-w-[40rem] xl:max-w-[48rem] group final-completion\">\n<div class=\"relative flex w-full flex-col lg:w-[calc(100%-115px)] agent-turn\">\n<div class=\"flex-col gap-1 md:gap-3\">\n<div class=\"flex flex-grow flex-col max-w-full\">\n<div class=\"min-h-[20px] text-message flex flex-col items-start gap-3 whitespace-pre-wrap break-words [.text-message+&amp;]:mt-5 overflow-x-auto\" data-message-author-role=\"assistant\" data-message-id=\"8cb177b7-f0a7-4336-8584-f52af36e3c8f\">\n<div class=\"markdown prose w-full break-words dark:prose-invert dark\">\n<p><strong>BELLUNO<\/strong> La Scuola Lollino aprir\u00e0 le sue porte oggi alle\u00a0 18 per accogliere gli studenti delle ultime classi delle medie (o secondarie di primo grado). Durante l&#8217;evento, gli studenti avranno l&#8217;opportunit\u00e0 di esplorare gli ambienti del liceo e di familiarizzare con la proposta formativa.<\/p>\n<\/div>\n<\/div>\n<\/div>\n<\/div>\n<\/div>\n<\/div>\n<\/div>\n<\/div>\n<\/div>\n<\/div>\n<\/div>\n<\/div>\n<div class=\"w-full pt-2 md:pt-0 dark:border-white\/20 md:border-transparent md:dark:border-transparent md:w-[calc(100%-.5rem)]\">\n<form class=\"stretch mx-2 flex flex-row gap-3 last:mb-2 md:mx-4 md:last:mb-6 lg:mx-auto lg:max-w-2xl xl:max-w-3xl\">\n<div class=\"relative flex h-full flex-1 items-stretch md:flex-col\">\n<div class=\"flex w-full items-center\"><\/div>\n<\/div>\n<\/form>\n<\/div>\n<p>&nbsp;<\/p>\n<hr \/>\n<p>&nbsp;<\/p>\n<h2><span style=\"color: #ff6600;\">IERI ALLA RADIO\u00a0<\/span><\/h2>\n<blockquote>\n<h3><a class=\"dt-pswp-item\" href=\"https:\/\/www.radiopiu.net\/wordpress\/wp-content\/uploads\/2020\/03\/spi-1.jpg\" data-dt-img-description=\"\" data-large_image_width=\"300\" data-large_image_height=\"167\"><img loading=\"lazy\" decoding=\"async\" class=\"wp-image-366015 alignleft\" src=\"https:\/\/www.radiopiu.net\/wordpress\/wp-content\/uploads\/2020\/03\/spi-1.jpg\" alt=\"\" width=\"131\" height=\"73\" \/><\/a>SPI CGIL APPUNTAMENTO QUINDICINALE CON MARIA RITA GENTILIN<\/h3>\n<\/blockquote>\n<p><strong>di mirko mezzacasa\u00a0\u00a0<\/strong><\/p>\n<audio class=\"wp-audio-shortcode\" id=\"audio-369471-5\" preload=\"none\" style=\"width: 100%;\" controls=\"controls\"><source type=\"audio\/mpeg\" src=\"https:\/\/www.radiopiu.net\/wordpress\/wp-content\/uploads\/2024\/01\/MARIA-RITA-GENTILIN-GIVOEDI-GENNAIO.mp3?_=5\" \/><a href=\"https:\/\/www.radiopiu.net\/wordpress\/wp-content\/uploads\/2024\/01\/MARIA-RITA-GENTILIN-GIVOEDI-GENNAIO.mp3\">https:\/\/www.radiopiu.net\/wordpress\/wp-content\/uploads\/2024\/01\/MARIA-RITA-GENTILIN-GIVOEDI-GENNAIO.mp3<\/a><\/audio>\n<p>&nbsp;<\/p>\n<hr \/>\n<p>&nbsp;<\/p>\n<blockquote>\n<h3>DILLO A RADIO PIU&#8217;&#8230; LA TASSA SULLA TASSA<\/h3>\n<\/blockquote>\n<p><strong>FALCADE<\/strong> La tassa sui rifiuti ( anche detta TARI) rappresenta il tributo che \u00e8 destinato a finanziare i costi relativi alla raccolta e allo smaltimento dei rifiuti, sostenuti dal Comune.Sulle somme e sulle diverse voci che vanno a comporre l\u2019importo complessivo che il cittadino sar\u00e0 chiamato a versare per la TARI, molto spesso le Amministrazioni Comunali applicano anche l\u2019 IVA. ( Imposta sul Valore Aggiunto).Praticamente viene fatta pagare una tassa sulla tassa.<\/p>\n<p>Falcade, Rodolfo Pellegrinon<\/p>\n<p>&nbsp;<\/p>\n<p>&nbsp;<\/p>\n<hr \/>\n<p>&nbsp;<\/p>\n<p>&nbsp;<\/p>\n<p><a class=\"dt-pswp-item\" href=\"https:\/\/www.radiopiu.net\/wordpress\/wp-content\/uploads\/2024\/01\/Senza-nome-19.png\" data-dt-img-description=\"\" data-large_image_width=\"387\" data-large_image_height=\"84\"><img loading=\"lazy\" decoding=\"async\" class=\"wp-image-368996 size-full aligncenter\" src=\"https:\/\/www.radiopiu.net\/wordpress\/wp-content\/uploads\/2024\/01\/Senza-nome-19.png\" alt=\"\" width=\"387\" height=\"84\" srcset=\"https:\/\/www.radiopiu.net\/wordpress\/wp-content\/uploads\/2024\/01\/Senza-nome-19.png 387w, https:\/\/www.radiopiu.net\/wordpress\/wp-content\/uploads\/2024\/01\/Senza-nome-19-300x65.png 300w\" sizes=\"auto, (max-width: 387px) 100vw, 387px\" \/><\/a><\/p>\n<p>&nbsp;<\/p>\n<p>&nbsp;<\/p>\n<p>&nbsp;<\/p>\n<hr \/>\n<p>&nbsp;<\/p>\n<blockquote>\n<h3 dir=\"auto\">BANDI E CONCORSI, DAL &#8220;MERCATINO&#8221; SITO RADIOPIU.NET<\/h3>\n<\/blockquote>\n<div dir=\"auto\">\n<p><a class=\"dt-pswp-item\" href=\"https:\/\/www.radiopiu.net\/wordpress\/wp-content\/uploads\/2023\/11\/TAIBON-1.jpg\" data-dt-img-description=\"\" data-large_image_width=\"960\" data-large_image_height=\"720\"><img loading=\"lazy\" decoding=\"async\" class=\"wp-image-359597 alignleft\" src=\"https:\/\/www.radiopiu.net\/wordpress\/wp-content\/uploads\/2023\/11\/TAIBON-1-300x225.jpg\" alt=\"\" width=\"145\" height=\"109\" srcset=\"https:\/\/www.radiopiu.net\/wordpress\/wp-content\/uploads\/2023\/11\/TAIBON-1-300x225.jpg 300w, https:\/\/www.radiopiu.net\/wordpress\/wp-content\/uploads\/2023\/11\/TAIBON-1-768x576.jpg 768w, https:\/\/www.radiopiu.net\/wordpress\/wp-content\/uploads\/2023\/11\/TAIBON-1.jpg 960w\" sizes=\"auto, (max-width: 145px) 100vw, 145px\" \/><\/a><strong>IL COMUNE DI TAIBON<\/strong> RENDE NOTO CHE \u00e8 STATO INDETTO UN CONCORSO PUBBLICO PER SOLI ESAMI. SI ASSUME, A TEMPO INDETERMINATO E PIENO 1 COLLABORATORE PROFESSIONALE CONDUTTORE DI MACCHINE OPERATRICI COMPLESSE TRATTAMENTO ECONOMICO COME DA NORME CONTRATTUALI. PATENTE DI GUIDA RICHIESTA DI TIPO B, C E D IN CORSO DI VALIDIT\u00e0. Per informazioni e copie del bando gli interessati potranno rivolgersi ai seguenti recapiti: telefono: 0439 310259, mail: concorsi@feltrino.bl.it La registrazione, la compilazione e l\u2019invio on line della domanda devono essere completati entro le 12 del 12 GENNAIO<\/p>\n<p>&nbsp;<\/p>\n<p><a class=\"dt-pswp-item\" href=\"https:\/\/www.radiopiu.net\/wordpress\/wp-content\/uploads\/2020\/04\/ASCA.png\" data-dt-img-description=\"\" data-large_image_width=\"1211\" data-large_image_height=\"668\"><img loading=\"lazy\" decoding=\"async\" class=\"wp-image-128881 alignleft\" src=\"https:\/\/www.radiopiu.net\/wordpress\/wp-content\/uploads\/2020\/04\/ASCA-300x165.png\" alt=\"\" width=\"173\" height=\"95\" srcset=\"https:\/\/www.radiopiu.net\/wordpress\/wp-content\/uploads\/2020\/04\/ASCA-300x165.png 300w, https:\/\/www.radiopiu.net\/wordpress\/wp-content\/uploads\/2020\/04\/ASCA-1024x565.png 1024w, https:\/\/www.radiopiu.net\/wordpress\/wp-content\/uploads\/2020\/04\/ASCA-768x424.png 768w, https:\/\/www.radiopiu.net\/wordpress\/wp-content\/uploads\/2020\/04\/ASCA.png 1211w\" sizes=\"auto, (max-width: 173px) 100vw, 173px\" \/><\/a><strong>AVVISO DI SELEZIONE!<\/strong><br \/>\n<strong>AGORDO<\/strong> ASCA, azienda speciale consortile agordina cerca a tempo indeterminato e con orario pieno una figura\u00a0 professionale denominata REFERENTE DEGLI OPERATORI SOCIO SANITARI.\u00a0 ACCESSO WELFARE AZIENDALE, POSSIBILIT\u00e0 DI SISTEMAZIONE ABITATIVA gratuita per 8 mesi.\u00a0\u00a0 LE DOMANDE DI PARTECIPAZIONE ALLA SELEZIONE VANNO PRESENTATE ENTRO LE 12 DEL 19 gennaio<br \/>\nInformazioni sul sito <a class=\"moz-txt-link-abbreviated\" href=\"http:\/\/www.servizisocialiasca.it\">www.servizisocialiasca.it<\/a>\u00a0 sezione bandi;\u00a0 oppure ALL&#8217;UFFICIO PERSONALE ASCA: <a class=\"moz-txt-link-abbreviated\" href=\"mailto:personale@servizisocialiasca.it\">personale@servizisocialiasca.it<\/a>\u00a0 telefono 0437 63750<\/p>\n<p>&nbsp;<\/p>\n<blockquote><p><strong><a class=\"dt-pswp-item\" href=\"https:\/\/www.radiopiu.net\/wordpress\/wp-content\/uploads\/2024\/01\/322_1.jpg\" data-dt-img-description=\"\" data-large_image_width=\"800\" data-large_image_height=\"532\"><img loading=\"lazy\" decoding=\"async\" class=\"wp-image-368729 alignleft\" src=\"https:\/\/www.radiopiu.net\/wordpress\/wp-content\/uploads\/2024\/01\/322_1-300x200.jpg\" alt=\"\" width=\"228\" height=\"152\" srcset=\"https:\/\/www.radiopiu.net\/wordpress\/wp-content\/uploads\/2024\/01\/322_1-300x200.jpg 300w, https:\/\/www.radiopiu.net\/wordpress\/wp-content\/uploads\/2024\/01\/322_1-768x511.jpg 768w, https:\/\/www.radiopiu.net\/wordpress\/wp-content\/uploads\/2024\/01\/322_1.jpg 800w\" sizes=\"auto, (max-width: 228px) 100vw, 228px\" \/><\/a>SAN MARTINO IN BADIA <\/strong>La Residenza socio-assistenziale per anziani di San Martino in Val Badia cerca da subito collaboratori qualificati a tempo determinato e\/o indeterminato da inserire nell\u2019organico. I profili richiesti sono: Infermieri professionali e operatori socio-sanitari. Si offre flessibilit\u00e0 oraria su lavoro a turni, part-time 19, 24 o 29 ore settimanali o a tempo pieno 38 ore. Si offre vitto e alloggio in struttura, possibilit\u00e0 di formazione\/aggiornamento professionale, corsi di lingua e altri benefit. Viene offerto contratto di lavoro collettivo intercompartimentale per dipendenti pubblici ed eventuale retribuzione di indennit\u00e0 linguistica di trilinguismo. Per la candidatura \u00e9 necessario possedere la padronanza della lingua italiana o tedesca, la capacit\u00e0 di lavorare in team e competenze sociali oltre alla qualifica professionale richiesta. Per interesse prego contattare direttamente la struttura al numero: 0474\/524700 o scrivendo una mail a: info@ciasadepalsa.it.<\/p><\/blockquote>\n<\/div>\n<div dir=\"auto\"><\/div>\n<div dir=\"auto\"><\/div>\n<hr \/>\n<p>&nbsp;<\/p>\n<h2><span style=\"color: #ff0000;\">GLI APPUNTAMENTI DELLA SETTIMANA\u00a0 \u00a0<\/span><a class=\"dt-pswp-item\" href=\"https:\/\/www.radiopiu.net\/wordpress\/wp-content\/uploads\/2024\/01\/417835328_122113319486160070_1477154090671399943_n.jpg\" data-dt-img-description=\"\" data-large_image_width=\"843\" data-large_image_height=\"843\"><img loading=\"lazy\" decoding=\"async\" class=\"wp-image-369241 alignleft\" src=\"https:\/\/www.radiopiu.net\/wordpress\/wp-content\/uploads\/2024\/01\/417835328_122113319486160070_1477154090671399943_n-300x300.jpg\" alt=\"\" width=\"182\" height=\"182\" srcset=\"https:\/\/www.radiopiu.net\/wordpress\/wp-content\/uploads\/2024\/01\/417835328_122113319486160070_1477154090671399943_n-300x300.jpg 300w, https:\/\/www.radiopiu.net\/wordpress\/wp-content\/uploads\/2024\/01\/417835328_122113319486160070_1477154090671399943_n-150x150.jpg 150w, https:\/\/www.radiopiu.net\/wordpress\/wp-content\/uploads\/2024\/01\/417835328_122113319486160070_1477154090671399943_n-768x768.jpg 768w, https:\/\/www.radiopiu.net\/wordpress\/wp-content\/uploads\/2024\/01\/417835328_122113319486160070_1477154090671399943_n.jpg 843w\" sizes=\"auto, (max-width: 182px) 100vw, 182px\" \/><\/a><\/h2>\n<p>&nbsp;<\/p>\n<p><strong>Al cinema Dolomiti di Falcade, a grande richiesta, torna sul grande schermo C&#8217;E&#8217; ANCORA DOMANI il film di Paola Cortellesi e Valerio Mastandrea.\u00a0<\/strong><\/p>\n<div dir=\"auto\"><strong>12 Gennaio 2024 | Ore 21:00<\/strong><\/div>\n<div dir=\"auto\"><strong>13 Gennaio 2024 | Ore 21:00<\/strong><\/div>\n<div dir=\"auto\"><strong>14 Gennaio 2024 | Ore 15:30 e 21:00<\/strong><\/div>\n<p><span style=\"color: #0000ff;\"><strong>\u00a0tra i 5 film italiani con il maggior incasso di sempre!\u00a0 \u00a0<\/strong><\/span><\/p>\n<p>&nbsp;<\/p>\n<p>&nbsp;<\/p>\n<blockquote>\n<h3>LA NOSTRA CORDATA, MONTAGNE IN CAMBIAMENTO<\/h3>\n<\/blockquote>\n<p><strong>BELLUNO<\/strong> Oggi in sala conferenze della Camera di Commercio di Belluno-Treviso, piazza Santo Stefano tavola rotonda : Prof. Pasquale Nuzzolese: Istruzione; Jacopo Massaro: Pubblica amministrazione; Ingegner Mara Nemela: Ambiente e Cultura<\/p>\n<p>&nbsp;<\/p>\n<blockquote>\n<h3>DOMANI AL TEATRO BUZZATI DI BELLUNO LA RASSEGNA DI DANZA<\/h3>\n<\/blockquote>\n<p><strong>BELLUNO<\/strong> Domani alle 21 al Teatro Dino Buzzati di Belluno arriva la grande danza con la rassegna dal titolo &#8220;Ballade&#8221;. Organizza la Fondazione Teatri Delle Dolomiti.<\/p>\n<p>&nbsp;<\/p>\n<blockquote>\n<h3>LA SAGRA DE SANT&#8217;ANTONE A CENCENIGHE<\/h3>\n<\/blockquote>\n<p><strong>CENCENIGHE<\/strong> L&#8217;amministrazione comunale e la Pro Loco di Cencenighe organizzano tre giorni di festa per la Sagra di Sant&#8217;Antone. Domenica alle 14 al Nof Fil\u00f2 il torneo di scarabocio. Mercoled\u00ec 17 la santa messa alle 18. Domenica 21 il pranzo con i nonni: alle 10 la santa messa e alle 12 il pranzo al Nof Fil\u00f2 con ospiti d&#8217;onore i nonni.<\/p>\n<p>&nbsp;<\/p>\n<blockquote>\n<h3>CON IL CAI IN VALLE DEL BIOIS<\/h3>\n<\/blockquote>\n<p><strong>AGORDO<\/strong> Prima uscita dell&#8217;anno per il Cai di Agordo che domenica organizza un&#8217;escursione con le racchette da neve a Jore in Valle del Biois. Per info e prenotazioni 380 6983040 dalle 16 alle 21<\/p>\n<p>&nbsp;<\/p>\n<blockquote>\n<h3>LA FESTA DEGLI ALPINI A SAN GREGORIO NELLE ALPI<\/h3>\n<\/blockquote>\n<p><strong>SAN GREGORIO NELLE ALPI<\/strong> Domenica 14 gennaio 2024 a San Gregorio nelle Alpi si terr\u00e0 la tradizionale Festa del Gruppo Alpini gen. Nasci. Il programma prevede alle 9.50 la cerimonia dell\u2019alzabandiera cui seguir\u00e0 la S. Messa e la deposizione di una corona di alloro al Monumento ai Caduti. Presso la sede degli alpini in localit\u00e0 Donada verranno consegnati contributi ad enti e associazioni. Alle 12.30 \u00e8 previsto il pranzo sociale<br \/>\npresso il Ristorante da Rosario a Toschian.<\/p>\n<p>&nbsp;<\/p>\n<p>&nbsp;<\/p>\n<hr \/>\n<p>&nbsp;<\/p>\n<p><a class=\"dt-pswp-item\" href=\"https:\/\/www.radiopiu.net\/wordpress\/wp-content\/uploads\/2018\/09\/viabilita.jpeg\" data-dt-img-description=\"\" data-large_image_width=\"800\" data-large_image_height=\"100\"><img loading=\"lazy\" decoding=\"async\" class=\"aligncenter wp-image-61954 size-full\" src=\"https:\/\/www.radiopiu.net\/wordpress\/wp-content\/uploads\/2018\/09\/viabilita.jpeg\" alt=\"\" width=\"800\" height=\"100\" srcset=\"https:\/\/www.radiopiu.net\/wordpress\/wp-content\/uploads\/2018\/09\/viabilita.jpeg 800w, https:\/\/www.radiopiu.net\/wordpress\/wp-content\/uploads\/2018\/09\/viabilita-300x38.jpeg 300w, https:\/\/www.radiopiu.net\/wordpress\/wp-content\/uploads\/2018\/09\/viabilita-768x96.jpeg 768w\" sizes=\"auto, (max-width: 800px) 100vw, 800px\" \/><\/a><\/p>\n<p>&nbsp;<\/p>\n<p><a class=\"dt-pswp-item\" href=\"https:\/\/www.radiopiu.net\/wordpress\/wp-content\/uploads\/2023\/12\/botol-car-service.jpg\" data-dt-img-description=\"\" data-large_image_width=\"600\" data-large_image_height=\"600\"><img loading=\"lazy\" decoding=\"async\" class=\"size-medium wp-image-367044 aligncenter\" src=\"https:\/\/www.radiopiu.net\/wordpress\/wp-content\/uploads\/2023\/12\/botol-car-service-300x300.jpg\" alt=\"\" width=\"300\" height=\"300\" srcset=\"https:\/\/www.radiopiu.net\/wordpress\/wp-content\/uploads\/2023\/12\/botol-car-service-300x300.jpg 300w, https:\/\/www.radiopiu.net\/wordpress\/wp-content\/uploads\/2023\/12\/botol-car-service-150x150.jpg 150w, https:\/\/www.radiopiu.net\/wordpress\/wp-content\/uploads\/2023\/12\/botol-car-service.jpg 600w\" sizes=\"auto, (max-width: 300px) 100vw, 300px\" \/><\/a><\/p>\n<p>&nbsp;<\/p>\n<blockquote>\n<h1><span style=\"color: #ff0000;\"><a class=\"dt-pswp-item\" href=\"https:\/\/www.radiopiu.net\/wordpress\/wp-content\/uploads\/2020\/05\/VENETO-STRADE.png\" data-dt-img-description=\"\" data-large_image_width=\"400\" data-large_image_height=\"400\"><img loading=\"lazy\" decoding=\"async\" class=\"wp-image-135574 alignleft\" src=\"https:\/\/www.radiopiu.net\/wordpress\/wp-content\/uploads\/2020\/05\/VENETO-STRADE-300x300.png\" alt=\"\" width=\"102\" height=\"102\" srcset=\"https:\/\/www.radiopiu.net\/wordpress\/wp-content\/uploads\/2020\/05\/VENETO-STRADE-300x300.png 300w, https:\/\/www.radiopiu.net\/wordpress\/wp-content\/uploads\/2020\/05\/VENETO-STRADE-150x150.png 150w, https:\/\/www.radiopiu.net\/wordpress\/wp-content\/uploads\/2020\/05\/VENETO-STRADE.png 400w\" sizes=\"auto, (max-width: 102px) 100vw, 102px\" \/><\/a>AGGIORNAMENTO QUOTIDIANO, IN\u00a0 COLLABORAZIONE CON VENETO STRADE<\/span><\/h1>\n<p>&nbsp;<\/p><\/blockquote>\n<blockquote><p>Si raccomanda di percorrere i passi al di sopra dei 1200 m slm con catene montate; le catene devono essere montate fuori dalla sede stradale, per non intralciare il traffico e le operazioni di sgombero neve dal piano viabile. Si raccomanda di prestare la massima attenzione nella guida per la possibile presenza di tratti resi scivolosi causati da neve fortemente bagnata<\/p>\n<p>\u00c8 chiuso per periodo invernale il seguente tratto stradale: &#8211; S.P. 33 \u201cdi Sauris\u201d dal km 0+000 (innesto S.P. 619) al km 6+800 (confine Provincia di Udine).<\/p><\/blockquote>\n<p><strong>SOSPIROLO\u00a0<\/strong> Lungo la provinciale 2 tra Pian Falcina e Gena Bassa in Comune di Sospirolo\u00a0 <span style=\"color: #ff0000;\">fino al 15 febbraio,<\/span> sabato e domeniche compresi, senso unico alternato regolato da semaforo o movieri, interruzioni alla viabilit\u00e0 fino a 10 minuti per tratti di 200 metri.<\/p>\n<p>&nbsp;<\/p>\n<hr \/>\n<p>&nbsp;<\/p>\n<p><a class=\"dt-pswp-item\" href=\"https:\/\/www.radiopiu.net\/wordpress\/wp-content\/uploads\/2018\/09\/WhatsApp-Image-2018-09-20-at-16.04.06.jpeg\" data-dt-img-description=\"\" data-large_image_width=\"800\" data-large_image_height=\"100\"><img loading=\"lazy\" decoding=\"async\" class=\"wp-image-61378 size-full aligncenter\" src=\"https:\/\/www.radiopiu.net\/wordpress\/wp-content\/uploads\/2018\/09\/WhatsApp-Image-2018-09-20-at-16.04.06.jpeg\" alt=\"\" width=\"800\" height=\"100\" srcset=\"https:\/\/www.radiopiu.net\/wordpress\/wp-content\/uploads\/2018\/09\/WhatsApp-Image-2018-09-20-at-16.04.06.jpeg 800w, https:\/\/www.radiopiu.net\/wordpress\/wp-content\/uploads\/2018\/09\/WhatsApp-Image-2018-09-20-at-16.04.06-300x38.jpeg 300w, https:\/\/www.radiopiu.net\/wordpress\/wp-content\/uploads\/2018\/09\/WhatsApp-Image-2018-09-20-at-16.04.06-768x96.jpeg 768w\" sizes=\"auto, (max-width: 800px) 100vw, 800px\" \/><\/a><\/p>\n<p><center><\/center><b>\u00a0 \u00a0<\/b><\/p>\n<p>&nbsp;<\/p>\n<p><center><\/center><b>OGGI: <\/b>Tempo ancora stabile e ben soleggiato con cielo sereno, aria asciutta e ottima visibilit\u00e0, salvo qualche foschia nelle ore fredde nelle valli prealpine in prossimit\u00e0 dei corsi d&#8217;acqua. Clima invernale. <b>P<\/b>recipitazioni: Assenti Temperature <b>Temperature: <\/b>Minime pressoch\u00e9 stazionarie o in lieve calo e misurate in quota a fine giornata, massime in lieve o contenuta diminuzione specie in alta montagna con lieve o moderata inversione termica nelle valli.<\/p>\n<hr \/>\n<p><center><\/center><b>DOMANI : <\/b>Tempo ancora stabile e ben soleggiato con cielo sereno, aria tersa e ottima visibilit\u00e0, salvo qualche foschia nelle ore fredde nelle valli prealpine in prossimit\u00e0 dei corsi d&#8217;acqua. <b>Precipitazioni: <\/b>Assenti. <b>Temperature: <\/b>Minime senza notevoli variazioni o in lieve calo.<\/p>\n<p>&nbsp;<\/p>\n<hr \/>\n<p><center><\/center><strong>DOMENICA<\/strong> Ancora una giornata con tempo stabile e completamente priva di nubi almeno al mattino, con aria tersa e ottima visibilit\u00e0. Dalle ore centrali possibile transito di innocue e modeste velature. Temperature in lieve aumento alta montagna, senza variazioni di rilievo o in lieve calo nelle valli. Venti in quota moderati o tesi da ovest, nord ovest.<\/p>\n<hr \/>\n<p><center><\/center><strong>LUNEDI<\/strong> Tempo ancora stabile e ben soleggiato con cielo sereno, aria asciutta e ottima visibilit\u00e0 su tutto l&#8217;arco alpino, salvo locali e temporanee foschie in alcune valli prealpine nelle ore fredde. Temperature in alta montagna in ulteriore lieve diminuzione, nelle valli stazionarie o in lieve aumento. Venti in alta montagna in genere moderati da ovest, nord ovest.<\/p>\n<p>&nbsp;<\/p>\n<p><center><\/center><center><\/center><a class=\"dt-pswp-item\" href=\"https:\/\/www.radiopiu.net\/wordpress\/wp-content\/uploads\/2024\/01\/Senza-nome-35.png\" data-dt-img-description=\"\" data-large_image_width=\"504\" data-large_image_height=\"286\"><img loading=\"lazy\" decoding=\"async\" class=\"wp-image-369483 size-full aligncenter\" src=\"https:\/\/www.radiopiu.net\/wordpress\/wp-content\/uploads\/2024\/01\/Senza-nome-35.png\" alt=\"\" width=\"504\" height=\"286\" srcset=\"https:\/\/www.radiopiu.net\/wordpress\/wp-content\/uploads\/2024\/01\/Senza-nome-35.png 504w, https:\/\/www.radiopiu.net\/wordpress\/wp-content\/uploads\/2024\/01\/Senza-nome-35-300x170.png 300w\" sizes=\"auto, (max-width: 504px) 100vw, 504px\" \/><\/a><\/p>\n<p>&nbsp;<\/p>\n<hr \/>\n<p>&nbsp;<\/p>\n<p><img loading=\"lazy\" decoding=\"async\" class=\"wp-image-60761 size-full aligncenter\" src=\"https:\/\/www.radiopiu.net\/wordpress\/wp-content\/uploads\/2018\/09\/sport.jpg\" alt=\"\" width=\"800\" height=\"100\" srcset=\"https:\/\/www.radiopiu.net\/wordpress\/wp-content\/uploads\/2018\/09\/sport.jpg 800w, https:\/\/www.radiopiu.net\/wordpress\/wp-content\/uploads\/2018\/09\/sport-300x38.jpg 300w, https:\/\/www.radiopiu.net\/wordpress\/wp-content\/uploads\/2018\/09\/sport-768x96.jpg 768w\" sizes=\"auto, (max-width: 800px) 100vw, 800px\" \/><\/p>\n<p>&nbsp;<\/p>\n<p><span style=\"color: #0000ff;\"><strong>HOCKEY SU GHIACCIO<\/strong><\/span><\/p>\n<blockquote>\n<h3>QUARTI DI FINALE AMARI PER ALLEGHE E FELTRE. APPIANO E VARESE VINCONO L&#8217;ANDATA<\/h3>\n<\/blockquote>\n<p><strong>di Marco Gaz<\/strong><\/p>\n<p><span style=\"color: #ff0000;\"><strong>ANDATA QUARTI DI FINALE COPPA ITALIA IHL<\/strong><\/span><\/p>\n<p><strong>ALLEGHE \u2013 APPIANO 0-5<\/strong><\/p>\n<p>PARZIALI: 0-2, 0-1, 0-2<\/p>\n<p>GOL: Pt. 1\u201949\u201d Engl, 9\u201915\u201d Graf. St. 0\u201934\u201d Graf. Tt. 16\u201910\u201d Piechenstein, 18\u201909\u201d Erlacher<\/p>\n<p>I quarti di finale di Coppa Italia iniziano con il piede sbagliato per l\u2019Alleghe che al De Toni non riesce a tenere testa all\u2019Appiano. I pirati chiudono la partita nei primi due tempi mettendo un piede nella final four del torneo. Una partita che \u00e8 iniziata male ed \u00e8 continuata peggio per gli agordini che nonostante tutto hanno avuto le occasioni per accorciare le distanze ma senza sfruttarle a dovere. Ora turno di riposo in IHL e civette che torneranno in campo marted\u00ec prossimo per giocare il ritorno dei quarti di Coppa.\u00a0 Si fa subito in salita la strada per la squadra agordina che al primo contropiede subisce il gol dai pirati. Ci pensa Engl a sbloccare il punteggio con un tiro da distanza ravvicinata. Nicola Soppelsa finisce in panca puniti e l\u2019Appiano raddoppia. Dopo essersi difesi bene gli alleghesi vengono sorpresi da una conclusione di Graf. Civette che provano a reagire con Zherdev e Makela ma il golie altoatesino ci mette una pezza. Nella seconda frazione gli ospiti incrementano subito il punteggio. A trovare la doppietta personale ci pensa Graf. Gli agordini provano a rispondere ma la porta altoatesina sembra stregata. Intanto Zherdev deve abbandonare il campo per un colpo al volto e le civette non riescono ad accorciare in situazione di powerplay. Terzo tempo con gli uomini di Scapinello che provano a reagire ma subiscono i contropiedi avversari. Poco gioco e poche idee delle due squadre che sembrano non volersi fare del male. Nel finale di gara c\u2019\u00e8 spazio per altre due marcature per gli ospiti che portano a casa il primo scontro della fase finale della Coppa.<\/p>\n<p><strong>LE FOTO DI ANNALISA DAL MAS<\/strong><\/p>\n\n\t\t\t<style type='text\/css'>\n\t\t\t\t#gallery-4 {\n\t\t\t\t\tmargin: auto;\n\t\t\t\t}\n\t\t\t\t#gallery-4 .gallery-item {\n\t\t\t\t\tfloat: left;\n\t\t\t\t\tmargin-top: 10px;\n\t\t\t\t\ttext-align: center;\n\t\t\t\t\twidth: 33%;\n\t\t\t\t}\n\t\t\t\t#gallery-4 img {\n\t\t\t\t\tborder: 2px solid #cfcfcf;\n\t\t\t\t}\n\t\t\t\t#gallery-4 .gallery-caption {\n\t\t\t\t\tmargin-left: 0;\n\t\t\t\t}\n\t\t\t\t\/* see gallery_shortcode() in wp-includes\/media.php *\/\n\t\t\t<\/style>\n\t\t<div id='gallery-4' class='dt-gallery-container gallery galleryid-369471 gallery-columns-3 gallery-size-thumbnail'><dl class='gallery-item'>\n\t\t\t\t<dt class='gallery-icon landscape'>\n\t\t\t\t\t<a class=\"rollover rollover-zoom dt-pswp-item\" title=\"5afd7026-759f-4539-bcea-af4958b372b7\" data-dt-img-description=\"\" data-large_image_width=\"2048\" data-large_image_height=\"1536\"href='https:\/\/www.radiopiu.net\/wordpress\/wp-content\/uploads\/2024\/01\/5afd7026-759f-4539-bcea-af4958b372b7.jpg'><img loading=\"lazy\" decoding=\"async\" width=\"150\" height=\"150\" src=\"https:\/\/www.radiopiu.net\/wordpress\/wp-content\/uploads\/2024\/01\/5afd7026-759f-4539-bcea-af4958b372b7-150x150.jpg\" class=\"attachment-thumbnail size-thumbnail\" alt=\"\" \/><\/a>\n\t\t\t\t<\/dt><\/dl><dl class='gallery-item'>\n\t\t\t\t<dt class='gallery-icon landscape'>\n\t\t\t\t\t<a class=\"rollover rollover-zoom dt-pswp-item\" title=\"2388b3c2-8d0b-4b59-aa7e-535ecd2ef5ee\" data-dt-img-description=\"\" data-large_image_width=\"1600\" data-large_image_height=\"1200\"href='https:\/\/www.radiopiu.net\/wordpress\/wp-content\/uploads\/2024\/01\/2388b3c2-8d0b-4b59-aa7e-535ecd2ef5ee.jpg'><img loading=\"lazy\" decoding=\"async\" width=\"150\" height=\"150\" src=\"https:\/\/www.radiopiu.net\/wordpress\/wp-content\/uploads\/2024\/01\/2388b3c2-8d0b-4b59-aa7e-535ecd2ef5ee-150x150.jpg\" class=\"attachment-thumbnail size-thumbnail\" alt=\"\" \/><\/a>\n\t\t\t\t<\/dt><\/dl><dl class='gallery-item'>\n\t\t\t\t<dt class='gallery-icon landscape'>\n\t\t\t\t\t<a class=\"rollover rollover-zoom dt-pswp-item\" title=\"fecdebec-0eb9-47cd-af8d-90e0ed37faf1\" data-dt-img-description=\"\" data-large_image_width=\"2048\" data-large_image_height=\"1536\"href='https:\/\/www.radiopiu.net\/wordpress\/wp-content\/uploads\/2024\/01\/fecdebec-0eb9-47cd-af8d-90e0ed37faf1.jpg'><img loading=\"lazy\" decoding=\"async\" width=\"150\" height=\"150\" src=\"https:\/\/www.radiopiu.net\/wordpress\/wp-content\/uploads\/2024\/01\/fecdebec-0eb9-47cd-af8d-90e0ed37faf1-150x150.jpg\" class=\"attachment-thumbnail size-thumbnail\" alt=\"\" \/><\/a>\n\t\t\t\t<\/dt><\/dl><br style=\"clear: both\" \/>\n\t\t\t<\/div>\n\n<p>&nbsp;<\/p>\n<p><strong>FELTRE \u2013 VARESE 3-4<\/strong><\/p>\n<p>PARZIALI: 0-4, 1-0, 2-0<\/p>\n<p>GOL: Pt. 0\u201947\u201d Borghi, 3\u201950\u201d e 18\u201925\u201d Garau, 15\u201952\u201d Pietroniro. St. 7\u201946\u201d Lysenko. Tt. 16\u201941\u201d L. dall\u2019Agnol, 18\u201940\u201d Lysenko<\/p>\n<p>Il Feltre perde in casa con il Varese nell\u2019andata dei Quarti di Coppa Italia. Dopo un primo tempo da dimenticare, i picchi alzano la testa nel secondo tempo e rischiano di compiere l\u2019impresa nell\u2019ultimo periodo di gioco avvicinandosi al pareggio. I mastini espugnano il PalaFeltre e mettono un piede nella final four che verr\u00e0 giocata a Varese. Pronti, via e Varese subito in vantaggio. Non passa neanche un minuto che Borghi porta in vantaggio i mastini. Picchi che accusano il colpo e poco dopo subiscono il raddoppio dei lombardi con Garau. Ci prendono gusto i varesotti che negli ultimi minuti del primo drittel calano il poker con Pietroniro e Garau. Nella seconda frazione il Feltre prova a reagire provando alcune conclusioni che non vanno a buon fine. Lysenko accorcia le distanze per i padroni di casa. Nel terzo parziale il Feltre tiene in mano la sfida e nel finale di gara accorcia ulteriormente le distanze grazie a Lorenzo Dall\u2019Agnol e Lysenko. Ultimi minuti al cardiopalma ma il Varese conquista la vittoria<\/p>\n<p>&nbsp;<\/p>\n<blockquote>\n<h3>MONDIALE UNDER 18 FEMMINILE: L&#8217;ITALIA SI GIOCA LA PROMOZIONE<\/h3>\n<\/blockquote>\n<p><a class=\"dt-pswp-item\" href=\"https:\/\/www.radiopiu.net\/wordpress\/wp-content\/uploads\/2024\/01\/0d36c3ea-316e-20ec-5647-13d61bdce3f4-scaled.jpg\" data-dt-img-description=\"\" data-large_image_width=\"2560\" data-large_image_height=\"1504\"><img loading=\"lazy\" decoding=\"async\" class=\" wp-image-369573 alignleft\" src=\"https:\/\/www.radiopiu.net\/wordpress\/wp-content\/uploads\/2024\/01\/0d36c3ea-316e-20ec-5647-13d61bdce3f4-300x176.jpg\" alt=\"\" width=\"216\" height=\"127\" srcset=\"https:\/\/www.radiopiu.net\/wordpress\/wp-content\/uploads\/2024\/01\/0d36c3ea-316e-20ec-5647-13d61bdce3f4-300x176.jpg 300w, https:\/\/www.radiopiu.net\/wordpress\/wp-content\/uploads\/2024\/01\/0d36c3ea-316e-20ec-5647-13d61bdce3f4-1024x602.jpg 1024w, https:\/\/www.radiopiu.net\/wordpress\/wp-content\/uploads\/2024\/01\/0d36c3ea-316e-20ec-5647-13d61bdce3f4-768x451.jpg 768w, https:\/\/www.radiopiu.net\/wordpress\/wp-content\/uploads\/2024\/01\/0d36c3ea-316e-20ec-5647-13d61bdce3f4-1536x902.jpg 1536w, https:\/\/www.radiopiu.net\/wordpress\/wp-content\/uploads\/2024\/01\/0d36c3ea-316e-20ec-5647-13d61bdce3f4-2048x1203.jpg 2048w\" sizes=\"auto, (max-width: 216px) 100vw, 216px\" \/><\/a>L&#8217;Italia e il Giappone si contenderanno la medaglia d&#8217;oro del Mondiale U18 femminile Divisione I Gruppo A di Egna in una partita che si terr\u00e0 domani alle 19:30 presso la W\u00fcrthArena di Egna. Le Azzurrine inseguono il Giappone con un distacco di due punti e necessitano di una vittoria nei tempi regolamentari per ottenere la medaglia d&#8217;oro e un posto in Top Division. Dopo una vittoria all&#8217;esordio contro l&#8217;Ungheria, l&#8217;Italia ha subito una sconfitta contro l&#8217;Austria ai rigori, ma si \u00e8 poi ripresa con vittorie contro la Francia e una notevole rimonta contro la Danimarca. Il Giappone \u00e8 finora imbattuto nel torneo e rappresenta una sfida significativa per le Azzurrine. La partita determiner\u00e0 il verdetto finale del Mondiale U18 femminile.<\/p>\n<p>&nbsp;<\/p>\n<p><span style=\"color: #0000ff;\"><strong>SCI ALPINO<\/strong><\/span><\/p>\n<blockquote>\n<h3><a class=\"dt-pswp-item\" href=\"https:\/\/www.radiopiu.net\/wordpress\/wp-content\/uploads\/2024\/01\/db23547a-74b0-49cd-8fc9-92e1edbce40b.jpg\" data-dt-img-description=\"\" data-large_image_width=\"1024\" data-large_image_height=\"683\"><img loading=\"lazy\" decoding=\"async\" class=\" wp-image-369602 alignleft\" src=\"https:\/\/www.radiopiu.net\/wordpress\/wp-content\/uploads\/2024\/01\/db23547a-74b0-49cd-8fc9-92e1edbce40b-300x200.jpg\" alt=\"\" width=\"191\" height=\"127\" srcset=\"https:\/\/www.radiopiu.net\/wordpress\/wp-content\/uploads\/2024\/01\/db23547a-74b0-49cd-8fc9-92e1edbce40b-300x200.jpg 300w, https:\/\/www.radiopiu.net\/wordpress\/wp-content\/uploads\/2024\/01\/db23547a-74b0-49cd-8fc9-92e1edbce40b-768x512.jpg 768w, https:\/\/www.radiopiu.net\/wordpress\/wp-content\/uploads\/2024\/01\/db23547a-74b0-49cd-8fc9-92e1edbce40b.jpg 1024w\" sizes=\"auto, (max-width: 191px) 100vw, 191px\" \/><\/a>ANCORA UN INFORTUNIO PER LA DOLMEN<\/h3>\n<\/blockquote>\n<p><strong>PER LE TRE RADIO, BARBARA PAOLAZZI (CLUB 103)<\/strong><\/p>\n<audio class=\"wp-audio-shortcode\" id=\"audio-369471-6\" preload=\"none\" style=\"width: 100%;\" controls=\"controls\"><source type=\"audio\/mpeg\" src=\"https:\/\/www.radiopiu.net\/wordpress\/wp-content\/uploads\/2024\/01\/PAOLAZZI-SCI-ALPINO.mp3?_=6\" \/><a href=\"https:\/\/www.radiopiu.net\/wordpress\/wp-content\/uploads\/2024\/01\/PAOLAZZI-SCI-ALPINO.mp3\">https:\/\/www.radiopiu.net\/wordpress\/wp-content\/uploads\/2024\/01\/PAOLAZZI-SCI-ALPINO.mp3<\/a><\/audio>\n<p>&nbsp;<\/p>\n<p><span style=\"color: #0000ff;\"><strong>CURLING<\/strong><\/span><\/p>\n<blockquote>\n<h3><a class=\"dt-pswp-item\" href=\"https:\/\/www.radiopiu.net\/wordpress\/wp-content\/uploads\/2024\/01\/3b5e74f2-33d8-41c4-9064-5281e0747f6c.jpg\" data-dt-img-description=\"\" data-large_image_width=\"1024\" data-large_image_height=\"768\"><img loading=\"lazy\" decoding=\"async\" class=\" wp-image-369603 alignleft\" src=\"https:\/\/www.radiopiu.net\/wordpress\/wp-content\/uploads\/2024\/01\/3b5e74f2-33d8-41c4-9064-5281e0747f6c-300x225.jpg\" alt=\"\" width=\"175\" height=\"131\" srcset=\"https:\/\/www.radiopiu.net\/wordpress\/wp-content\/uploads\/2024\/01\/3b5e74f2-33d8-41c4-9064-5281e0747f6c-300x225.jpg 300w, https:\/\/www.radiopiu.net\/wordpress\/wp-content\/uploads\/2024\/01\/3b5e74f2-33d8-41c4-9064-5281e0747f6c-768x576.jpg 768w, https:\/\/www.radiopiu.net\/wordpress\/wp-content\/uploads\/2024\/01\/3b5e74f2-33d8-41c4-9064-5281e0747f6c.jpg 1024w\" sizes=\"auto, (max-width: 175px) 100vw, 175px\" \/><\/a>PRIMA GIORNATA DELLA CORTINA CURLING CUP<\/h3>\n<\/blockquote>\n<p><strong>PER LE TRE RADIO, BARBARA PAOLAZZI (CLUB 103)<\/strong><\/p>\n<audio class=\"wp-audio-shortcode\" id=\"audio-369471-7\" preload=\"none\" style=\"width: 100%;\" controls=\"controls\"><source type=\"audio\/mpeg\" src=\"https:\/\/www.radiopiu.net\/wordpress\/wp-content\/uploads\/2024\/01\/PAOLAZZI-CURLING.mp3?_=7\" \/><a href=\"https:\/\/www.radiopiu.net\/wordpress\/wp-content\/uploads\/2024\/01\/PAOLAZZI-CURLING.mp3\">https:\/\/www.radiopiu.net\/wordpress\/wp-content\/uploads\/2024\/01\/PAOLAZZI-CURLING.mp3<\/a><\/audio>\n<p>&nbsp;<\/p>\n<p>&nbsp;<\/p>\n<p>&nbsp;<\/p>\n<p>&nbsp;<\/p>\n","protected":false},"excerpt":{"rendered":"<p>*** &nbsp; &nbsp; &nbsp; 40esimo di RADIOPIU\u2026. LA VOCE DELL\u2019EMOZIONE ISCRIVITI AL NOSTRO CANALE\u00a0\u00a0YOUTUBE PER SEGUIRE IN DIRETTA I PRINCIPALI PROGRAMMI DI RADIO PIU\u2019 E LE FUTURE DIRETTE IN ESTERNA. PER ISCRIVERTI CLICCA QUI\u00a0E PREMI\u00a0 \u201cIscriviti\u201d\u00a0\u00a0 &nbsp; &nbsp; &nbsp; i podcast informativi del mattino &#8211; audio &#8211;\u00a0 LA RASSEGNA STAMPA NAZIONALE ALLA RADIO, OGNI GIORNO&hellip;<\/p>\n","protected":false},"author":4,"featured_media":369616,"comment_status":"closed","ping_status":"closed","sticky":false,"template":"","format":"standard","meta":{"_monsterinsights_skip_tracking":false,"_monsterinsights_sitenote_active":false,"_monsterinsights_sitenote_note":"","_monsterinsights_sitenote_category":0,"footnotes":""},"categories":[51,86,49],"tags":[],"class_list":["post-369471","post","type-post","status-publish","format-standard","has-post-thumbnail","hentry","category-evidenza-top","category-gr","category-news-18","category-51","category-86","category-49","description-off"],"img_url":"https:\/\/www.radiopiu.net\/wordpress\/wp-content\/uploads\/2024\/01\/34c481c3-d0b7-45bc-8d2e-0cabf5cf2af7.jpg","_links":{"self":[{"href":"https:\/\/www.radiopiu.net\/wordpress\/wp-json\/wp\/v2\/posts\/369471","targetHints":{"allow":["GET"]}}],"collection":[{"href":"https:\/\/www.radiopiu.net\/wordpress\/wp-json\/wp\/v2\/posts"}],"about":[{"href":"https:\/\/www.radiopiu.net\/wordpress\/wp-json\/wp\/v2\/types\/post"}],"author":[{"embeddable":true,"href":"https:\/\/www.radiopiu.net\/wordpress\/wp-json\/wp\/v2\/users\/4"}],"replies":[{"embeddable":true,"href":"https:\/\/www.radiopiu.net\/wordpress\/wp-json\/wp\/v2\/comments?post=369471"}],"version-history":[{"count":0,"href":"https:\/\/www.radiopiu.net\/wordpress\/wp-json\/wp\/v2\/posts\/369471\/revisions"}],"wp:featuredmedia":[{"embeddable":true,"href":"https:\/\/www.radiopiu.net\/wordpress\/wp-json\/wp\/v2\/media\/369616"}],"wp:attachment":[{"href":"https:\/\/www.radiopiu.net\/wordpress\/wp-json\/wp\/v2\/media?parent=369471"}],"wp:term":[{"taxonomy":"category","embeddable":true,"href":"https:\/\/www.radiopiu.net\/wordpress\/wp-json\/wp\/v2\/categories?post=369471"},{"taxonomy":"post_tag","embeddable":true,"href":"https:\/\/www.radiopiu.net\/wordpress\/wp-json\/wp\/v2\/tags?post=369471"}],"curies":[{"name":"wp","href":"https:\/\/api.w.org\/{rel}","templated":true}]}}