{"id":369494,"date":"2024-01-11T07:55:14","date_gmt":"2024-01-11T06:55:14","guid":{"rendered":"https:\/\/www.radiopiu.net\/wordpress\/?p=369494"},"modified":"2024-01-11T08:43:28","modified_gmt":"2024-01-11T07:43:28","slug":"369494-2","status":"publish","type":"post","link":"https:\/\/www.radiopiu.net\/wordpress\/369494-2\/","title":{"rendered":"dal1983 LA RASSEGNA DELLA STAMPA LOCALE di mirko mezzacasa"},"content":{"rendered":"<p>&nbsp;<\/p>\n<p><iframe loading=\"lazy\" title=\"DAL 1983 LA RASSEGNA STAMPA LOCALE di mirko mezzacasa. L&#039;ORIGINALE\" width=\"1200\" height=\"675\" src=\"https:\/\/www.youtube.com\/embed\/iK8DJ-KMYig?feature=oembed\" frameborder=\"0\" allow=\"accelerometer; autoplay; clipboard-write; encrypted-media; gyroscope; picture-in-picture; web-share\" allowfullscreen><\/iframe><\/p>\n<p>&nbsp;<\/p>\n<p><img loading=\"lazy\" decoding=\"async\" class=\"alignleft\" src=\"https:\/\/www.radiopiu.net\/wordpress\/wp-content\/uploads\/2024\/01\/coper.png\" width=\"266\" height=\"149\" \/><strong>MEL<\/strong> Le conclusione dei Carabinieri: nessun falso genitore, solo un equivoco nel quale \u00e8 caduto un bidello. Qui pro quo per una omonimia tra due bimbi di due diverse classi. L&#8217;allerta era stato esteso a tutta la provincia.<br \/>\n<strong>QUERO<\/strong> Asilo chiuso. Pochi i bambini, alte le spese. Per i piccoli trasferta a Vas. L&#8217;amministrazione aveva proposto alla Diocesi di raddoppiare i contributi ma la Diocesi dalla struttura privata ha detto no.<br \/>\n<strong>VENEZIA<\/strong> Alle scuole per l&#8217;infanzia paritarie, non statali, la Regione ha destinato mezzo milione di euro. 100 mila euro a Belluno con 8 asili privati.<br \/>\n<strong>COLLE SANTA LUCIA<\/strong> Il palo dell&#8217;autovelox segato in due. Il sindaco promette la riattivazione dei controlli al pi\u00f9 presto anche con la video sorveglianza.<br \/>\n<strong>ALANO<\/strong> La giunta comunale di Alano di Piave ha installato un autovelox fisso a Fener, con previsione di introiti per il 2024 di 149.476 euro da violazioni al Codice della Strada.<br \/>\n<strong>BELLUNO<\/strong> L&#8217;assicuarazione per le auto in un anno \u00e8 cresciuta del 36 per cento. Poco pi\u00f9 dell&#8217;1 per cento cambier\u00e0 classe di merito.<br \/>\n<strong>PIEVE DI CADORE<\/strong> Una donna di 57 anni \u00e8 stata investita ieri a Pieve di Cadore. L\u2019incidente \u00e8 avvenuto alle 18 al bivio tra via Madonneta e l\u2019Alemagna. La vittima, colpita da un SUV mentre attraversava la strada, ha riportato traumi e fratture, ma fortunatamente non \u00e8 in pericolo di vita.<br \/>\n<strong>ROCCA PIETORE<\/strong> Domani alle 14 a Laste di Rocca Pietore si terranno i funerali di Elena Boschet, vedova De Vallier, di 84 anni. E\u2019 mancata nella sua abitazione che ha condiviso con il marito Adelio De Vallier originario di Rocca Pietore. Lascia i figli Diana, Walter, Gianni, Patrick, i fratelli, le sorelle, nipoti e pronipoti.<br \/>\n<strong>SEREN DEL GRAPPA<\/strong> I vandali bivaccano alle scuole elementari. Hanno rotto una finestra e si sono introdotti all\u2019interno della scuola, rompendo porte, sversando vernice.<br \/>\n<strong>BELLUNO<\/strong> Polizia locale in aula: oggi giornata di formazione in Sala Bianchi sull\u2019utilizzo del dispositivo spray OC. A sedersi sui banchi per una mattinata di teoria e di pratica saranno complessivamente 30 agenti, dei comandi di Belluno e di Alpago, oltre che di Feltre e Borgo Valbelluna dove lo strumento \u00e8 gi\u00e0 in uso.<\/p>\n<p><strong>BELLUNO<\/strong> Parler\u00e0 agordino la nuova guida di Azione nel capoluogo: sar\u00e0 infatti l\u2019ex assessore al bilancio di Canale d\u2019Agordo Riccardo Fontanive il nuovo segretario del capoluogo del partito guidato da Carlo Calenda.<br \/>\n<strong>VAL DI ZOLDO<\/strong> \u00c8 stata convocata per sabato alle 14, alla sala civica di piazza Angelini, l\u2019assemblea della societ\u00e0 ValdiZoldo Funivie<br \/>\n<strong>BELLUNO<\/strong> Il 12 gennaio dalle 9 si terr\u00e0 il convegno \u201cMontagne in cambiamento\u201d presso la Camera di Commercio di Belluno, organizzato da Irene Da Ros del DISPES di Trieste<br \/>\n<strong>AGORDO<\/strong> E\u2019 in programma per mercoled\u00ec 24 gennaio l\u2019open day della Scuola dell\u2019infanzia di Agordo dedicato ai genitori. Nell\u2019occasione si potr\u00e0 vistare la struttura ed effettuare le iscrizioni per il prossimo anno scolastico.<br \/>\n<strong>CENCENIGHE<\/strong> L\u2019amministrazione comunale e la Pro Loco\u00a0 organizzano tre giorni di festa per la Sagra di Sant\u2019Antone. Domenica alle 14 al Nof Fil\u00f2 il torneo di scarabocio. Mercoled\u00ec 17 la santa messa alle 18. Domenica 21 il pranzo con i nonni: alle 10 la santa messa e alle 12 il pranzo al Nof Fil\u00f2 con ospiti d\u2019onore i nonni.<br \/>\n<strong>Al cinema Dolomiti<\/strong> di Falcade, a grande richiesta, torna sul grande schermo C\u2019E\u2019 ANCORA DOMANI il film di Paola Cortellesi e Valerio Mastandrea. 12 Gennaio 2024 | Ore 21:00 13 Gennaio 2024 | Ore 21:00 14 Gennaio 2024 | Ore 15:30 e 21:00 tra i 5 film italiani con il maggior incasso di sempre!<br \/>\n<strong>SOSPIROLO<\/strong> Lungo la provinciale 2 tra Pian Falcina e Gena Bassa in Comune di Sospirolo fino al 15 febbraio, sabato e domeniche compresi, senso unico alternato regolato da semaforo o movieri, interruzioni alla viabilit\u00e0 fino a 10 minuti per tratti di 200 metri.<\/p>\n<p><strong>HOCKEY<\/strong> SU GHIACCIO AD ALLEGHE ARRIVA L\u2019APPIANO PER L\u2019ANDATA DEI QUARTI DI COPPA ITALIA.\u00a0 FELTRE IN CASA CON IL VARESE PER I QUARTI DI COPPA ITALIA. LE SQUADRE BELLUNESI IMPEGNATE NELLA COPPA ITALIA Stasera alle 20:30 le gare di andata dei quarti: ad Alleghe Alleghe \u2013 Appiano e a Feltre la sfida Feltre \u2013 Varese<br \/>\n<strong>SCI ALPINO<\/strong> OLYMPIA DELLE TOFANE IN ALLESTIMENTO IN VISTA DELLE GARE FEMMINILI DI COPPA DEL MONDO<\/p>\n<p>&nbsp;<\/p>\n<p>&nbsp;<\/p>\n<p>&nbsp;<\/p>\n<p>&nbsp;<\/p>\n<p>&nbsp;<\/p>\n<p>&nbsp;<\/p>\n<p>&nbsp;<\/p>\n<p>&nbsp;<\/p>\n<p>&nbsp;<\/p>\n<p>&nbsp;<\/p>\n<p>&nbsp;<\/p>\n","protected":false},"excerpt":{"rendered":"<p>&nbsp; &nbsp; MEL Le conclusione dei Carabinieri: nessun falso genitore, solo un equivoco nel quale \u00e8 caduto un bidello. Qui pro quo per una omonimia tra due bimbi di due diverse classi. L&#8217;allerta era stato esteso a tutta la provincia. QUERO Asilo chiuso. Pochi i bambini, alte le spese. Per i piccoli trasferta a Vas.&hellip;<\/p>\n","protected":false},"author":4,"featured_media":369495,"comment_status":"closed","ping_status":"closed","sticky":false,"template":"","format":"standard","meta":{"_monsterinsights_skip_tracking":false,"_monsterinsights_sitenote_active":false,"_monsterinsights_sitenote_note":"","_monsterinsights_sitenote_category":0,"footnotes":""},"categories":[104,49,142],"tags":[],"class_list":["post-369494","post","type-post","status-publish","format-standard","has-post-thumbnail","hentry","category-evidenza_3","category-news-18","category-rassegna-stampa","category-104","category-49","category-142","description-off"],"img_url":"https:\/\/www.radiopiu.net\/wordpress\/wp-content\/uploads\/2024\/01\/coper.png","_links":{"self":[{"href":"https:\/\/www.radiopiu.net\/wordpress\/wp-json\/wp\/v2\/posts\/369494","targetHints":{"allow":["GET"]}}],"collection":[{"href":"https:\/\/www.radiopiu.net\/wordpress\/wp-json\/wp\/v2\/posts"}],"about":[{"href":"https:\/\/www.radiopiu.net\/wordpress\/wp-json\/wp\/v2\/types\/post"}],"author":[{"embeddable":true,"href":"https:\/\/www.radiopiu.net\/wordpress\/wp-json\/wp\/v2\/users\/4"}],"replies":[{"embeddable":true,"href":"https:\/\/www.radiopiu.net\/wordpress\/wp-json\/wp\/v2\/comments?post=369494"}],"version-history":[{"count":0,"href":"https:\/\/www.radiopiu.net\/wordpress\/wp-json\/wp\/v2\/posts\/369494\/revisions"}],"wp:featuredmedia":[{"embeddable":true,"href":"https:\/\/www.radiopiu.net\/wordpress\/wp-json\/wp\/v2\/media\/369495"}],"wp:attachment":[{"href":"https:\/\/www.radiopiu.net\/wordpress\/wp-json\/wp\/v2\/media?parent=369494"}],"wp:term":[{"taxonomy":"category","embeddable":true,"href":"https:\/\/www.radiopiu.net\/wordpress\/wp-json\/wp\/v2\/categories?post=369494"},{"taxonomy":"post_tag","embeddable":true,"href":"https:\/\/www.radiopiu.net\/wordpress\/wp-json\/wp\/v2\/tags?post=369494"}],"curies":[{"name":"wp","href":"https:\/\/api.w.org\/{rel}","templated":true}]}}