{"id":369562,"date":"2024-01-12T05:13:08","date_gmt":"2024-01-12T04:13:08","guid":{"rendered":"https:\/\/www.radiopiu.net\/wordpress\/?p=369562"},"modified":"2024-01-12T05:27:05","modified_gmt":"2024-01-12T04:27:05","slug":"vandalismo-agli-autovelox-la-normalizzazione-del-pericolo-sociale-e-la-necessita-di-una-condanna-unanime","status":"publish","type":"post","link":"https:\/\/www.radiopiu.net\/wordpress\/vandalismo-agli-autovelox-la-normalizzazione-del-pericolo-sociale-e-la-necessita-di-una-condanna-unanime\/","title":{"rendered":"Vandalismo agli Autovelox: La Normalizzazione del Pericolo Sociale e la Necessit\u00e0 di una Condanna Unanime"},"content":{"rendered":"<hr \/>\n<p>&nbsp;<\/p>\n<p>&nbsp;<\/p>\n<p><strong>di CAMILLO DE PELLEGRIN, SINDACO VAL DI ZOLDO<\/strong><\/p>\n<p><strong><a class=\"dt-pswp-item\" href=\"https:\/\/www.radiopiu.net\/wordpress\/wp-content\/uploads\/2022\/01\/28056423_1570743069705719_9091845138820201561_n.jpg\" data-dt-img-description=\"il sindaco Camillo De Pellegrin\" data-large_image_width=\"960\" data-large_image_height=\"959\"><img loading=\"lazy\" decoding=\"async\" class=\"size-medium wp-image-254798 alignleft\" src=\"https:\/\/www.radiopiu.net\/wordpress\/wp-content\/uploads\/2022\/01\/28056423_1570743069705719_9091845138820201561_n-300x300.jpg\" alt=\"\" width=\"300\" height=\"300\" srcset=\"https:\/\/www.radiopiu.net\/wordpress\/wp-content\/uploads\/2022\/01\/28056423_1570743069705719_9091845138820201561_n-300x300.jpg 300w, https:\/\/www.radiopiu.net\/wordpress\/wp-content\/uploads\/2022\/01\/28056423_1570743069705719_9091845138820201561_n-150x150.jpg 150w, https:\/\/www.radiopiu.net\/wordpress\/wp-content\/uploads\/2022\/01\/28056423_1570743069705719_9091845138820201561_n-768x767.jpg 768w, https:\/\/www.radiopiu.net\/wordpress\/wp-content\/uploads\/2022\/01\/28056423_1570743069705719_9091845138820201561_n.jpg 960w\" sizes=\"auto, (max-width: 300px) 100vw, 300px\" \/><\/a>VAL DI ZOLDO<\/strong> E&#8217; di ieri la notizia che \u00e8 stato letteralmente abbattuto l&#8217;ennesimo autovelox , questa volta quello installato al Passo Giau dal Comune di Colle Santa Lucia. Pare che la tecnica sia la stessa utilizzata dal vandalo soprannominato &#8220;Fleximan&#8221; a cui si attribuiscono altri 8 danneggiamenti di autovelox in provincia di Rovigo.<br \/>\nOra, se quegli autovelox sono installati \u00e8 perch\u00e9 una normativa statale a monte lo consente. L&#8217;installazione \u00e8 stata autorizzata, esiste un&#8217;omologazione dell&#8217;apparecchiatura che rileva la velocit\u00e0 e tutti questi autovelox sono stati installati con risorse pubbliche, di tutti noi. Le opinioni sull&#8217;opportunit\u00e0 di effettuare il controllo della velocit\u00e0 con queste apparecchiature sono diverse, \u00e8 una questione sicuramente controversa da approfondire, il tema per\u00f2 oggi \u00e8 un altro. Sta di fatto che le azioni compiute da questo o questi soggetti, oltre ad essere riprovevoli a prescindere, stanno ingenerando una situazione a mio parere molto pericolosa; \u00a0Fleximan sui social \u00e8 diventato una sorta di &#8220;eroe&#8221;. Il giustiziere degli automobilisti. Basta leggere i commenti agli articoli per rendersene conto: &#8220;Non so chi tu sia ma meriti un monumento\u2026disobbedienza civile\u2026non fermarti&#8221; &#8220;una medaglia a questa persona&#8221; &#8220;C&#8217;\u00e8 un supereroe in Veneto&#8221;. E avanti cos\u00ec. Centinaia di messaggi. Ora, se fosse solo questo, per quanto sia deprecabile inneggiare alla distruzione di cose altrui e a maggior ragione della cosa pubblica, si potrebbe semplicemente censurare come frutto di una sottocultura imperante che <img decoding=\"async\" class=\"alignright\" src=\"https:\/\/www.radiopiu.net\/wordpress\/wp-content\/uploads\/2024\/01\/Senza-nome-37.png\" \/>disprezza tutto ci\u00f2 che \u00e8 pubblico. Qui per\u00f2 il rischio \u00e8 un altro ed \u00e8 quello di fomentare e legittimare un certo tipo di pensiero: gli autovelox vanno distrutti, sono da combattere, la polizia locale quindi \u00e8 da combattere. Pericoloso che per azioni di questo tipo, che spesso rimangono impunite dal punto di vista penale per l&#8217;impossibilit\u00e0 di rintracciare gli autori, non ci sia nemmeno la sanzione della condanna sociale da parte della collettivit\u00e0, al contrario si diventa eroi ed eroine. Ecco, questo \u00e8 veramente deleterio, ed \u00e8 un pensiero che si sta gi\u00e0 facendo strada. Un esempio viene da un commento all&#8217;articolo sui fatti del passo Giau postato ieri su facebook: &#8220;io segherei l&#8217;auto dei vigili di Feltre in 2. Puntuali in superstrada Fenadora Anz\u00f9 sotto al cavalcavia\u2026..durante orari uscita dal lavoro&#8221;. Dalle parole ai fatti certo ce ne passa, e fortunatamente si leggono, seppur meno numerosi, anche commenti di dissenso e dissociazione da questi gesti, ma sono comunque affermazioni gravi e la possibilit\u00e0 che dilaghi questo tipo di pensiero in un&#8217;epoca governata dai social non deve essere sottovalutato. Quale pu\u00f2 essere l&#8217;effetto su menti fragili? Cosa potr\u00e0 accadere quando gli agenti che utilizzano gli strumenti di controllo della velocit\u00e0 in modalit\u00e0 contestazione immediata fermeranno un automobilista e gli eleveranno una sanzione, spesso di importo consistente e magari dovranno provvedere al ritiro della patente? Quali potranno essere le reazioni in un clima come quello che si sta generando? A maggior ragione quindi, la risposta di condanna da parte non solo delle Istituzioni , ma di tutta la collettivit\u00e0, a fatti di vandalismo di questo tipo dovrebbe essere forte e unanime, perch\u00e9 sulle strade a presidiare quelle strumentazioni, e quasi sempre disarmati, ci sono i nostri agenti di Polizia Locale, amati e odiati, ma che prima di tutto sono persone, mariti, figli, madri che svolgono un servizio imprescindibile per la sicurezza delle nostre comunit\u00e0.<\/p>\n<p>&nbsp;<\/p>\n<p>&nbsp;<\/p>\n<hr \/>\n<p>&nbsp;<\/p>\n","protected":false},"excerpt":{"rendered":"<p>&nbsp; &nbsp; di CAMILLO DE PELLEGRIN, SINDACO VAL DI ZOLDO VAL DI ZOLDO E&#8217; di ieri la notizia che \u00e8 stato letteralmente abbattuto l&#8217;ennesimo autovelox , questa volta quello installato al Passo Giau dal Comune di Colle Santa Lucia. Pare che la tecnica sia la stessa utilizzata dal vandalo soprannominato &#8220;Fleximan&#8221; a cui si attribuiscono&hellip;<\/p>\n","protected":false},"author":4,"featured_media":369563,"comment_status":"closed","ping_status":"closed","sticky":false,"template":"","format":"standard","meta":{"_monsterinsights_skip_tracking":false,"_monsterinsights_sitenote_active":false,"_monsterinsights_sitenote_note":"","_monsterinsights_sitenote_category":0,"footnotes":""},"categories":[51,49],"tags":[],"class_list":["post-369562","post","type-post","status-publish","format-standard","has-post-thumbnail","hentry","category-evidenza-top","category-news-18","category-51","category-49","description-off"],"img_url":"https:\/\/www.radiopiu.net\/wordpress\/wp-content\/uploads\/2024\/01\/Senza-nome-37.png","_links":{"self":[{"href":"https:\/\/www.radiopiu.net\/wordpress\/wp-json\/wp\/v2\/posts\/369562","targetHints":{"allow":["GET"]}}],"collection":[{"href":"https:\/\/www.radiopiu.net\/wordpress\/wp-json\/wp\/v2\/posts"}],"about":[{"href":"https:\/\/www.radiopiu.net\/wordpress\/wp-json\/wp\/v2\/types\/post"}],"author":[{"embeddable":true,"href":"https:\/\/www.radiopiu.net\/wordpress\/wp-json\/wp\/v2\/users\/4"}],"replies":[{"embeddable":true,"href":"https:\/\/www.radiopiu.net\/wordpress\/wp-json\/wp\/v2\/comments?post=369562"}],"version-history":[{"count":0,"href":"https:\/\/www.radiopiu.net\/wordpress\/wp-json\/wp\/v2\/posts\/369562\/revisions"}],"wp:featuredmedia":[{"embeddable":true,"href":"https:\/\/www.radiopiu.net\/wordpress\/wp-json\/wp\/v2\/media\/369563"}],"wp:attachment":[{"href":"https:\/\/www.radiopiu.net\/wordpress\/wp-json\/wp\/v2\/media?parent=369562"}],"wp:term":[{"taxonomy":"category","embeddable":true,"href":"https:\/\/www.radiopiu.net\/wordpress\/wp-json\/wp\/v2\/categories?post=369562"},{"taxonomy":"post_tag","embeddable":true,"href":"https:\/\/www.radiopiu.net\/wordpress\/wp-json\/wp\/v2\/tags?post=369562"}],"curies":[{"name":"wp","href":"https:\/\/api.w.org\/{rel}","templated":true}]}}