{"id":369591,"date":"2024-01-12T05:00:03","date_gmt":"2024-01-12T04:00:03","guid":{"rendered":"https:\/\/www.radiopiu.net\/wordpress\/?p=369591"},"modified":"2024-01-12T05:29:09","modified_gmt":"2024-01-12T04:29:09","slug":"96-euro-in-piu-in-busta-paga-per-i-metalmeccanici-del-settore-artigiano-di-belluno-e-treviso","status":"publish","type":"post","link":"https:\/\/www.radiopiu.net\/wordpress\/96-euro-in-piu-in-busta-paga-per-i-metalmeccanici-del-settore-artigiano-di-belluno-e-treviso\/","title":{"rendered":"96 EURO IN PIU&#8217; IN BUSTA PAGA PER I METALMECCANICI DEL SETTORE ARTIGIANO DI BELLUNO E TREVISO"},"content":{"rendered":"<p>*****<\/p>\n<p>&nbsp;<\/p>\n<p><strong><a class=\"dt-pswp-item\" href=\"https:\/\/www.radiopiu.net\/wordpress\/wp-content\/uploads\/2021\/04\/FIM-CISL.png\" data-dt-img-description=\"\" data-large_image_width=\"820\" data-large_image_height=\"560\"><img loading=\"lazy\" decoding=\"async\" class=\" wp-image-204036 alignleft\" src=\"https:\/\/www.radiopiu.net\/wordpress\/wp-content\/uploads\/2021\/04\/FIM-CISL-300x205.png\" alt=\"\" width=\"181\" height=\"124\" srcset=\"https:\/\/www.radiopiu.net\/wordpress\/wp-content\/uploads\/2021\/04\/FIM-CISL-300x205.png 300w, https:\/\/www.radiopiu.net\/wordpress\/wp-content\/uploads\/2021\/04\/FIM-CISL-768x524.png 768w, https:\/\/www.radiopiu.net\/wordpress\/wp-content\/uploads\/2021\/04\/FIM-CISL.png 820w\" sizes=\"auto, (max-width: 181px) 100vw, 181px\" \/><\/a>BELLUNO <\/strong><span style=\"color: #000000; font-family: Helvetica;\">Nella busta paga di gennaio i metalmeccanici delle province di Treviso (13mila addetti) e Belluno (2mila) del settore artigianato troveranno l\u2019aumento dei minimi retributivi definito lo scorso 21 dicembre a livello nazionale da Fim, Fiom e Uilm e dalle rappresentanze datoriali Confartigianato, CNA, Casartigiani e Claai. <\/span><span style=\"color: #000000; font-family: Helvetica;\">La quota rappresenta un anticipo degli aumenti dei minimi retributivi che si andr\u00e0 a determinare nel prosieguo della trattativa per la vigenza contrattuale 2023-26 del Ccnl Artigiani Area Meccanica (che comprende 4 settori: meccanica-installazione impianti, odontotecnici, orafi-argentieri e restauro artistico beni culturali) ed \u00e8 calcolata sull\u2019indice Ipca del 2023.\u00a0 <\/span><span style=\"color: #000000; font-family: Helvetica;\">L\u2019aumento (tecnicamente denominato AFAC &#8211; Acconto su Futuri Aumenti Contrattuali) \u00e8 di 96 euro al quarto livello, pari ad un percentuale media del 6,6% per tutti i livelli salariali, che sar\u00e0 riconosciuto a pi\u00f9 di 500.000 lavoratori impiegati nel Paese nel settore dell\u2019artigianato dell\u2019area meccanica. La prima tranche \u00e8 di 50 euro dal 1\u00b0 dicembre 2023 (recuperata nella busta paga di gennaio 2024), la seconda 46 euro dal 1\u00b0 aprile 2024. <\/span><span style=\"color: #000000; font-family: Helvetica;\">\u201c<i>Riteniamo questo riconoscimento un segno di rispetto per un settore che spesso \u00e8 considerato la Cenerentola dei metalmeccanici, ma che rappresenta invece un asset importante al supporto dell\u2019economia industriale del Paese e del nostro territorio<\/i> &#8211; dichiara il Segretario Generale FIM CISL Belluno Treviso Alessio Lovisotto -. <i>Le professionalit\u00e0 di questi lavoratori possono non venire valorizzate al meglio se non c\u2019\u00e8 una dinamica salariale condivisa laddove il potere contrattuale sia molto polverizzato e con scarsa rappresentanza sindacale collettiva. A tal proposito il recente rinnovo, che non ha ancora completato tutti i capitoli negoziali, rappresenta un faro atteso da molti dipendenti che avevano osservato con attenzione quanto accaduto con il pi\u00f9 diffuso contratto dell\u2019industria, con incrementi anche a tre cifre a seguito di una inflazione importante, che va sicuramente sconfitta senza indugi con adeguate politiche di controllo della speculazione e dei prezzi\u201d. <\/i><\/span><span style=\"color: #000000; font-family: Helvetica;\">\u201c<i>Questo accordo &#8211; <\/i>aggiunge il Segretario Generale FIM CISL Veneto Nicola Panarella &#8211; <i>dimostra che le buone relazioni sindacali, attraverso la contrattazione, possono portare risposte veloci e adeguate anche rispetto alle retribuzioni, soprattutto in una fase inflattiva particolarmente penalizzante per il potere d\u2019acquisto dei lavoratori. La FIM-CISL ritiene quest\u2019accordo un primo importante passo per il complessivo rinnovo del CCNL Artigiani area meccanica, un settore in cui molte sono le difficolt\u00e0 di raggiungere tutti i luoghi di lavoro per l\u2019alto numero di aziende su tutto il territorio veneto\u201d. <\/i><\/span><span style=\"color: #000000; font-family: Helvetica;\">La trattativa per il rinnovo dell\u2019intero contrattato nazionale proseguir\u00e0 il 26 gennaio, quando si affronteranno i temi legati alla conciliazione vita-lavoro, alla formazione professionale, alla salute e sicurezza e la FIM proporr\u00e0 di affrontare la discussione per la definizione delle condizioni per la costituzione di un Fondo di Previdenza Complementare di categoria.<\/span><\/p>\n<p>&nbsp;<\/p>\n<p>&nbsp;<\/p>\n<p>******<\/p>\n","protected":false},"excerpt":{"rendered":"<p>***** &nbsp; BELLUNO Nella busta paga di gennaio i metalmeccanici delle province di Treviso (13mila addetti) e Belluno (2mila) del settore artigianato troveranno l\u2019aumento dei minimi retributivi definito lo scorso 21 dicembre a livello nazionale da Fim, Fiom e Uilm e dalle rappresentanze datoriali Confartigianato, CNA, Casartigiani e Claai. La quota rappresenta un anticipo degli&hellip;<\/p>\n","protected":false},"author":4,"featured_media":204036,"comment_status":"closed","ping_status":"closed","sticky":false,"template":"","format":"standard","meta":{"_monsterinsights_skip_tracking":false,"_monsterinsights_sitenote_active":false,"_monsterinsights_sitenote_note":"","_monsterinsights_sitenote_category":0,"footnotes":""},"categories":[51,49],"tags":[],"class_list":["post-369591","post","type-post","status-publish","format-standard","has-post-thumbnail","hentry","category-evidenza-top","category-news-18","category-51","category-49","description-off"],"img_url":"https:\/\/www.radiopiu.net\/wordpress\/wp-content\/uploads\/2021\/04\/FIM-CISL.png","_links":{"self":[{"href":"https:\/\/www.radiopiu.net\/wordpress\/wp-json\/wp\/v2\/posts\/369591","targetHints":{"allow":["GET"]}}],"collection":[{"href":"https:\/\/www.radiopiu.net\/wordpress\/wp-json\/wp\/v2\/posts"}],"about":[{"href":"https:\/\/www.radiopiu.net\/wordpress\/wp-json\/wp\/v2\/types\/post"}],"author":[{"embeddable":true,"href":"https:\/\/www.radiopiu.net\/wordpress\/wp-json\/wp\/v2\/users\/4"}],"replies":[{"embeddable":true,"href":"https:\/\/www.radiopiu.net\/wordpress\/wp-json\/wp\/v2\/comments?post=369591"}],"version-history":[{"count":0,"href":"https:\/\/www.radiopiu.net\/wordpress\/wp-json\/wp\/v2\/posts\/369591\/revisions"}],"wp:featuredmedia":[{"embeddable":true,"href":"https:\/\/www.radiopiu.net\/wordpress\/wp-json\/wp\/v2\/media\/204036"}],"wp:attachment":[{"href":"https:\/\/www.radiopiu.net\/wordpress\/wp-json\/wp\/v2\/media?parent=369591"}],"wp:term":[{"taxonomy":"category","embeddable":true,"href":"https:\/\/www.radiopiu.net\/wordpress\/wp-json\/wp\/v2\/categories?post=369591"},{"taxonomy":"post_tag","embeddable":true,"href":"https:\/\/www.radiopiu.net\/wordpress\/wp-json\/wp\/v2\/tags?post=369591"}],"curies":[{"name":"wp","href":"https:\/\/api.w.org\/{rel}","templated":true}]}}