{"id":369613,"date":"2024-01-13T05:25:12","date_gmt":"2024-01-13T04:25:12","guid":{"rendered":"https:\/\/www.radiopiu.net\/wordpress\/?p=369613"},"modified":"2024-01-13T07:30:04","modified_gmt":"2024-01-13T06:30:04","slug":"giornale-radiopiu-13-gennaio-2024-direttore-mirko-mezzacasada-40-anni-25-giugno-1983-25-giugno-2023","status":"publish","type":"post","link":"https:\/\/www.radiopiu.net\/wordpress\/giornale-radiopiu-13-gennaio-2024-direttore-mirko-mezzacasada-40-anni-25-giugno-1983-25-giugno-2023\/","title":{"rendered":"GIORNALE RADIOPIU 13 GENNAIO 2024 DIRETTORE MIRKO MEZZACASA\u2026DA 40 ANNI 25 GIUGNO 1983-25 GIUGNO 2023"},"content":{"rendered":"<h1>***<\/h1>\n<p>&nbsp;<\/p>\n<p>&nbsp;<\/p>\n<p><a class=\"dt-pswp-item\" href=\"https:\/\/www.radiopiu.net\/wordpress\/wp-content\/uploads\/2024\/01\/Senza-nome-19.png\" data-dt-img-description=\"\" data-large_image_width=\"387\" data-large_image_height=\"84\"><img loading=\"lazy\" decoding=\"async\" class=\"wp-image-368996 size-full aligncenter\" src=\"https:\/\/www.radiopiu.net\/wordpress\/wp-content\/uploads\/2024\/01\/Senza-nome-19.png\" alt=\"\" width=\"387\" height=\"84\" srcset=\"https:\/\/www.radiopiu.net\/wordpress\/wp-content\/uploads\/2024\/01\/Senza-nome-19.png 387w, https:\/\/www.radiopiu.net\/wordpress\/wp-content\/uploads\/2024\/01\/Senza-nome-19-300x65.png 300w\" sizes=\"auto, (max-width: 387px) 100vw, 387px\" \/><\/a><\/p>\n<p>&nbsp;<\/p>\n<h1 class=\"entry-title photoswipe-wrapper\"><strong><a class=\"dt-pswp-item\" href=\"https:\/\/www.radiopiu.net\/wordpress\/wp-content\/uploads\/2023\/12\/logo-radio.jpg\" data-dt-img-description=\"\" data-large_image_width=\"800\" data-large_image_height=\"600\"><img loading=\"lazy\" decoding=\"async\" class=\"wp-image-367163 alignleft\" src=\"https:\/\/www.radiopiu.net\/wordpress\/wp-content\/uploads\/2023\/12\/logo-radio-300x225.jpg\" alt=\"\" width=\"109\" height=\"82\" srcset=\"https:\/\/www.radiopiu.net\/wordpress\/wp-content\/uploads\/2023\/12\/logo-radio-300x225.jpg 300w, https:\/\/www.radiopiu.net\/wordpress\/wp-content\/uploads\/2023\/12\/logo-radio-768x576.jpg 768w, https:\/\/www.radiopiu.net\/wordpress\/wp-content\/uploads\/2023\/12\/logo-radio.jpg 800w\" sizes=\"auto, (max-width: 109px) 100vw, 109px\" \/><\/a><\/strong><\/h1>\n<h1 class=\"entry-title photoswipe-wrapper\">40esimo di RADIOPIU\u2026. LA VOCE DELL\u2019EMOZIONE<\/h1>\n<h2><span style=\"color: #ff0000;\">ISCRIVITI AL NOSTRO CANALE\u00a0\u00a0YOUTUBE PER SEGUIRE IN DIRETTA I PRINCIPALI PROGRAMMI DI RADIO PIU\u2019 E LE FUTURE DIRETTE IN ESTERNA. PER ISCRIVERTI <a style=\"color: #ff0000;\" href=\"https:\/\/youtube.com\/@radiopiu1527\">CLICCA QUI\u00a0<\/a>E PREMI\u00a0 \u201cIscriviti\u201d\u00a0\u00a0<\/span><\/h2>\n<p>&nbsp;<\/p>\n<h2 style=\"text-align: center;\"><span style=\"color: #ff00ff;\">LE MONGOLFIERE NEI CIELI AGORDINI<\/span><\/h2>\n<p><strong>REDAZIONE<\/strong> Ieri alcune mongolfiere hanno sorvolato i cieli agordini&#8230;ma non solo, grazie a Barbara Bressan<\/p>\n\n\t\t\t<style type='text\/css'>\n\t\t\t\t#gallery-1 {\n\t\t\t\t\tmargin: auto;\n\t\t\t\t}\n\t\t\t\t#gallery-1 .gallery-item {\n\t\t\t\t\tfloat: left;\n\t\t\t\t\tmargin-top: 10px;\n\t\t\t\t\ttext-align: center;\n\t\t\t\t\twidth: 25%;\n\t\t\t\t}\n\t\t\t\t#gallery-1 img {\n\t\t\t\t\tborder: 2px solid #cfcfcf;\n\t\t\t\t}\n\t\t\t\t#gallery-1 .gallery-caption {\n\t\t\t\t\tmargin-left: 0;\n\t\t\t\t}\n\t\t\t\t\/* see gallery_shortcode() in wp-includes\/media.php *\/\n\t\t\t<\/style>\n\t\t<div id='gallery-1' class='dt-gallery-container gallery galleryid-369613 gallery-columns-4 gallery-size-thumbnail'><dl class='gallery-item'>\n\t\t\t\t<dt class='gallery-icon landscape'>\n\t\t\t\t\t<a class=\"rollover rollover-zoom dt-pswp-item\" title=\"9d150193-13b2-49ec-a82a-f6e8874f0561\" data-dt-img-description=\"\" data-large_image_width=\"2048\" data-large_image_height=\"1880\"href='https:\/\/www.radiopiu.net\/wordpress\/wp-content\/uploads\/2024\/01\/9d150193-13b2-49ec-a82a-f6e8874f0561.jpg'><img loading=\"lazy\" decoding=\"async\" width=\"150\" height=\"150\" src=\"https:\/\/www.radiopiu.net\/wordpress\/wp-content\/uploads\/2024\/01\/9d150193-13b2-49ec-a82a-f6e8874f0561-150x150.jpg\" class=\"attachment-thumbnail size-thumbnail\" alt=\"\" \/><\/a>\n\t\t\t\t<\/dt><\/dl><dl class='gallery-item'>\n\t\t\t\t<dt class='gallery-icon landscape'>\n\t\t\t\t\t<a class=\"rollover rollover-zoom dt-pswp-item\" title=\"869efb76-09d4-4015-9bb7-09c2964f9386\" data-dt-img-description=\"\" data-large_image_width=\"1077\" data-large_image_height=\"889\"href='https:\/\/www.radiopiu.net\/wordpress\/wp-content\/uploads\/2024\/01\/869efb76-09d4-4015-9bb7-09c2964f9386.jpg'><img loading=\"lazy\" decoding=\"async\" width=\"150\" height=\"150\" src=\"https:\/\/www.radiopiu.net\/wordpress\/wp-content\/uploads\/2024\/01\/869efb76-09d4-4015-9bb7-09c2964f9386-150x150.jpg\" class=\"attachment-thumbnail size-thumbnail\" alt=\"\" \/><\/a>\n\t\t\t\t<\/dt><\/dl><dl class='gallery-item'>\n\t\t\t\t<dt class='gallery-icon landscape'>\n\t\t\t\t\t<a class=\"rollover rollover-zoom dt-pswp-item\" title=\"bfdf6f10-294d-4f8d-a797-335320596d65\" data-dt-img-description=\"\" data-large_image_width=\"1751\" data-large_image_height=\"1467\"href='https:\/\/www.radiopiu.net\/wordpress\/wp-content\/uploads\/2024\/01\/bfdf6f10-294d-4f8d-a797-335320596d65.jpg'><img loading=\"lazy\" decoding=\"async\" width=\"150\" height=\"150\" src=\"https:\/\/www.radiopiu.net\/wordpress\/wp-content\/uploads\/2024\/01\/bfdf6f10-294d-4f8d-a797-335320596d65-150x150.jpg\" class=\"attachment-thumbnail size-thumbnail\" alt=\"\" \/><\/a>\n\t\t\t\t<\/dt><\/dl><dl class='gallery-item'>\n\t\t\t\t<dt class='gallery-icon landscape'>\n\t\t\t\t\t<a class=\"rollover rollover-zoom dt-pswp-item\" title=\"e1bb9284-661f-4859-8ad3-d1ef675f029b\" data-dt-img-description=\"\" data-large_image_width=\"1356\" data-large_image_height=\"1011\"href='https:\/\/www.radiopiu.net\/wordpress\/wp-content\/uploads\/2024\/01\/e1bb9284-661f-4859-8ad3-d1ef675f029b.jpg'><img loading=\"lazy\" decoding=\"async\" width=\"150\" height=\"150\" src=\"https:\/\/www.radiopiu.net\/wordpress\/wp-content\/uploads\/2024\/01\/e1bb9284-661f-4859-8ad3-d1ef675f029b-150x150.jpg\" class=\"attachment-thumbnail size-thumbnail\" alt=\"\" \/><\/a>\n\t\t\t\t<\/dt><\/dl><br style=\"clear: both\" \/>\n\t\t\t<\/div>\n\n<p>&nbsp;<\/p>\n<hr \/>\n<p>&nbsp;<\/p>\n<blockquote>\n<blockquote>\n<h1><span style=\"color: #ff0000;\">i podcast informativi del mattino &#8211; audio &#8211;\u00a0<\/span><\/h1>\n<\/blockquote>\n<p><strong><a class=\"dt-pswp-item\" href=\"https:\/\/www.radiopiu.net\/wordpress\/wp-content\/uploads\/2023\/11\/th-10.jpg\" data-dt-img-description=\"\" data-large_image_width=\"320\" data-large_image_height=\"180\"><img loading=\"lazy\" decoding=\"async\" class=\"wp-image-362866 alignleft\" src=\"https:\/\/www.radiopiu.net\/wordpress\/wp-content\/uploads\/2023\/11\/th-10-300x169.jpg\" alt=\"\" width=\"185\" height=\"104\" srcset=\"https:\/\/www.radiopiu.net\/wordpress\/wp-content\/uploads\/2023\/11\/th-10-300x169.jpg 300w, https:\/\/www.radiopiu.net\/wordpress\/wp-content\/uploads\/2023\/11\/th-10.jpg 320w\" sizes=\"auto, (max-width: 185px) 100vw, 185px\" \/><\/a>LA RASSEGNA STAMPA NAZIONALE ALLA RADIO, OGNI GIORNO ALLE 5 E ALLE 6 DEL MATTINO <span style=\"color: #0000ff;\">viene pubblicata alle 6.00 <span style=\"color: #ff0000;\">DIRETTA RADIO<\/span><\/span><\/strong><\/p><\/blockquote>\n<p><strong>\u00a0 Biden <\/strong>pronti a nuovi attacchi; <strong>perquisite le\u00a0 case di Vittorio Sgarbi; <\/strong>come ristrutturare le case senza super bonus.<strong> Palermo, muore per una garza lasciata durante un&#8217;operazione. Berlinguer <\/strong>dopo il fuori onda di striscia<\/p>\n<p><strong>AUDIO<\/strong><\/p>\n<audio class=\"wp-audio-shortcode\" id=\"audio-369613-1\" preload=\"none\" style=\"width: 100%;\" controls=\"controls\"><source type=\"audio\/mpeg\" src=\"https:\/\/www.radiopiu.net\/wordpress\/wp-content\/uploads\/2024\/01\/GIORNALEDELLESEI-9.mp3?_=1\" \/><a href=\"https:\/\/www.radiopiu.net\/wordpress\/wp-content\/uploads\/2024\/01\/GIORNALEDELLESEI-9.mp3\">https:\/\/www.radiopiu.net\/wordpress\/wp-content\/uploads\/2024\/01\/GIORNALEDELLESEI-9.mp3<\/a><\/audio>\n<p>&nbsp;<\/p>\n<p>&nbsp;<\/p>\n<p><strong><a class=\"dt-pswp-item\" href=\"https:\/\/www.radiopiu.net\/wordpress\/wp-content\/uploads\/2023\/12\/images.png\" data-dt-img-description=\"\" data-large_image_width=\"316\" data-large_image_height=\"160\"><img loading=\"lazy\" decoding=\"async\" class=\"wp-image-367008 alignleft\" src=\"https:\/\/www.radiopiu.net\/wordpress\/wp-content\/uploads\/2023\/12\/images-300x152.png\" alt=\"\" width=\"235\" height=\"119\" srcset=\"https:\/\/www.radiopiu.net\/wordpress\/wp-content\/uploads\/2023\/12\/images-300x152.png 300w, https:\/\/www.radiopiu.net\/wordpress\/wp-content\/uploads\/2023\/12\/images.png 316w\" sizes=\"auto, (max-width: 235px) 100vw, 235px\" \/><\/a>OGNI GIORNO ALLE SETTE DEL MATTINO, LA RASSEGNA STAMPA LOCALE FLASH&#8230; PER CHI VA IN FRETTA. I TITOLI DAI GIORNALI E DAL SITO WWW.RADIOPIU.NET <span style=\"color: #0000ff;\">viene pubblicato alle 7.00<\/span> <span style=\"color: #ff0000;\">DIRETTA RADIO\u00a0<\/span><\/strong><\/p>\n<p><em><span style=\"color: #ff0000;\">per chi va in fretta&#8230; tante notizie in pochi minuti. L&#8217;informazione locale alla radio, ogni ora dalle 7 del mattino alle 19 della sera.<\/span><\/em><\/p>\n<p><strong>VALSUGANA<\/strong> Frana, statale e binari chiusi. Feltrina alternativa per collegare Trento a Bassano, deviazioni a Primolano e Romano d&#8217;Ezzelino.<br \/>\n<strong>ECONOMIA<\/strong> Food, mattone e imprese. Leonardo Del Vecchio con Lazza e Fedez investe 140 milioni di euro.<br \/>\n<strong>BELLUNO<\/strong> Imu non pagata per oltre 1 milione di euro, il Comune invia 1800 avvisi di pagamento.<br \/>\n<strong>ABM<\/strong> Veneti nel mondo, La Regione taglia i contributi, la rabbia di Oscar De Bona.<br \/>\n<strong>VENEZIA<\/strong> Elena Boschet, emigrata dalla piccola frazione di Rocca Pietore nel bellunese al Sudafrica, \u00e8 scomparsa all\u2019et\u00e0 di 94 anni. Dopo una vita trascorsa tra le Dolomiti e il Sudafrica, \u00e8 ritornata nella sua Laste, dove \u00e8 deceduta. Il Presidente della Regione del Veneto, Luca Zaia, ha elogiato la sua figura<br \/>\n<strong>FALCADE<\/strong> un incendio ha messo in allarme la comunit\u00e0 locale quando una catasta di legna, situata vicino a una casa, \u00e8 improvvisamente andata a fuoco. Fortunatamente, l\u2019intervento tempestivo dei passanti e dei vicini di casa ha contribuito a contenere le fiamme, utilizzando pale di neve e secchi d\u2019acqua disponibili in loco.<br \/>\n<strong>FELTRE<\/strong> Il video di due giorni fa, registrato da una dash-cam durante un controllo notturno con autovelox all\u2019uscita per Feltre della Fenadora-Anz\u00f9, ha generato discussioni sui social tramite il gruppo \u201cSei di Feltre se\u201d su Facebook. Molti utenti e l\u2019associazione Altvelox hanno contestato la scarsa visibilit\u00e0 della postazione di controllo della polizia locale di Feltre, situata sotto un cavalcavia con l\u2019auto parcheggiata e le luci spente.<br \/>\n<strong>rocca pietore<\/strong> I SERRAI DI SOTTOGUDA SARANNO ULTIMATI PER LA FINE DELL\u2019ESTATE<br \/>\n<strong>livinallongo<\/strong> DA OLTRE 30 ANNI CI SONO 88 DOMANDE CHE CHIEDONO DI ACQUISIRE TERRENI COMUNALI<br \/>\n<strong>AGORDO<\/strong> L\u2019Unione montana agordina e il Comune di Rivamonte hanno approvato una convenzione per istituire un ufficio dedicato alle procedure di esproprio.<\/p>\n<p><strong>AUDIO\u00a0<\/strong><\/p>\n<audio class=\"wp-audio-shortcode\" id=\"audio-369613-2\" preload=\"none\" style=\"width: 100%;\" controls=\"controls\"><source type=\"audio\/mpeg\" src=\"https:\/\/www.radiopiu.net\/wordpress\/wp-content\/uploads\/2024\/01\/GF07-9.mp3?_=2\" \/><a href=\"https:\/\/www.radiopiu.net\/wordpress\/wp-content\/uploads\/2024\/01\/GF07-9.mp3\">https:\/\/www.radiopiu.net\/wordpress\/wp-content\/uploads\/2024\/01\/GF07-9.mp3<\/a><\/audio>\n<p>&nbsp;<\/p>\n<p>&nbsp;<\/p>\n<blockquote><p><strong><a class=\"dt-pswp-item\" href=\"https:\/\/www.radiopiu.net\/wordpress\/wp-content\/uploads\/2021\/07\/microfono-radio-ok-768x448-768x448-1.jpg\" data-dt-img-description=\"\" data-large_image_width=\"768\" data-large_image_height=\"448\"><img loading=\"lazy\" decoding=\"async\" class=\"wp-image-220632 alignleft\" src=\"https:\/\/www.radiopiu.net\/wordpress\/wp-content\/uploads\/2021\/07\/microfono-radio-ok-768x448-768x448-1-300x175.jpg\" alt=\"\" width=\"178\" height=\"104\" srcset=\"https:\/\/www.radiopiu.net\/wordpress\/wp-content\/uploads\/2021\/07\/microfono-radio-ok-768x448-768x448-1-300x175.jpg 300w, https:\/\/www.radiopiu.net\/wordpress\/wp-content\/uploads\/2021\/07\/microfono-radio-ok-768x448-768x448-1.jpg 768w\" sizes=\"auto, (max-width: 178px) 100vw, 178px\" \/><\/a>GIORNALE RADIO NAZIONALE, EDIZIONE DELLE SETTE <span style=\"color: #0000ff;\">viene pubblicato alle 7.05 <span style=\"color: #ff0000;\">DIRETTA RADIO\u00a0<\/span><\/span><\/strong><\/p><\/blockquote>\n<p><strong>il giornale radionazionale e&#8217; in onda ogni ora, dalle sette del mattino alle venti della sera\u00a0<\/strong><\/p>\n<p><strong>AUDIO\u00a0<\/strong><\/p>\n<audio class=\"wp-audio-shortcode\" id=\"audio-369613-3\" preload=\"none\" style=\"width: 100%;\" controls=\"controls\"><source type=\"audio\/mpeg\" src=\"https:\/\/www.radiopiu.net\/wordpress\/wp-content\/uploads\/2024\/01\/giornale07-9.mp3?_=3\" \/><a href=\"https:\/\/www.radiopiu.net\/wordpress\/wp-content\/uploads\/2024\/01\/giornale07-9.mp3\">https:\/\/www.radiopiu.net\/wordpress\/wp-content\/uploads\/2024\/01\/giornale07-9.mp3<\/a><\/audio>\n<p>&nbsp;<\/p>\n<p>&nbsp;<\/p>\n<blockquote>\n<h2><strong><a class=\"dt-pswp-item\" href=\"https:\/\/www.radiopiu.net\/wordpress\/wp-content\/uploads\/2023\/12\/th-10.jpg\" data-dt-img-description=\"\" data-large_image_width=\"245\" data-large_image_height=\"180\"><img loading=\"lazy\" decoding=\"async\" class=\" wp-image-367395 alignleft\" src=\"https:\/\/www.radiopiu.net\/wordpress\/wp-content\/uploads\/2023\/12\/th-10.jpg\" alt=\"\" width=\"166\" height=\"122\" \/><\/a>RASSEGNA STAMPA LOCALE, ORE OTTO 05<\/strong><\/h2>\n<h2><strong> <span style=\"color: #0000ff;\">viene\u00a0 <\/span><\/strong><strong><span style=\"color: #0000ff;\">pubblicata alle 8.05 <span style=\"color: #ff0000;\">DIRETTA RADIO\u00a0<\/span><\/span><\/strong><\/h2>\n<\/blockquote>\n<p><strong>COLLE SANTA LUCIA<\/strong> \u00c8 vero che i politici non dovrebbero immischiarsi negli affari della Chiesa ma \u00e8 altrettanto inopportuno che presbiteri e vescovi si immischino in faccende politiche o comunque cerchino di influenzarle.<br \/>\n<strong><a class=\"dt-pswp-item\" href=\"https:\/\/www.radiopiu.net\/wordpress\/wp-content\/uploads\/2024\/01\/COPERTINA-3.png\" data-dt-img-description=\"\" data-large_image_width=\"483\" data-large_image_height=\"282\"><img loading=\"lazy\" decoding=\"async\" class=\"size-medium wp-image-369767 alignleft\" src=\"https:\/\/www.radiopiu.net\/wordpress\/wp-content\/uploads\/2024\/01\/COPERTINA-3-300x175.png\" alt=\"\" width=\"300\" height=\"175\" srcset=\"https:\/\/www.radiopiu.net\/wordpress\/wp-content\/uploads\/2024\/01\/COPERTINA-3-300x175.png 300w, https:\/\/www.radiopiu.net\/wordpress\/wp-content\/uploads\/2024\/01\/COPERTINA-3.png 483w\" sizes=\"auto, (max-width: 300px) 100vw, 300px\" \/><\/a>LAVORO:<\/strong> PER LA REGIONE I DATI OCCUPAZIONALI 2023 SONO SODDISFACIENTI<br \/>\n<strong>BELLUNO<\/strong> La presidente di Confindustria Belluno Dolomiti, Lorraine Berton, ha dichiarato che l&#8217;iniziativa di aprire a Belluno un Liceo Steam International, simile a quelli di Rovereto, Bologna, Parma e Monza, non \u00e8 archiviata nonostante l&#8217;accordo tra la Diocesi di Belluno e la cooperativa &#8220;Scuole per crescere&#8221; per la continuit\u00e0 del Liceo Lollino.<br \/>\n<strong>A PONTE NELLE ALPI<\/strong> VERRA&#8217; INAUGURATO IL NUOVO UFFICIO RELAZIONI<br \/>\n<strong>VAL DI ZOLDO\u00a0<\/strong> \u00c8 stata convocata per oggi\u00a0 alle 14, alla sala civica di piazza Angelini, l&#8217;assemblea della societ\u00e0 ValdiZoldo Funivie per tirare le somme sui conti e per rinnovare le cariche sociali.<br \/>\n<strong>CENTRO FORMAZIONE E SICUREZZA<\/strong>_SEDICO CFS, SCUOLA CHE PREPARA TECNICI SPECIALIZZATI. IL 13 GENNAIO &#8220;SCUOLA APERTA&#8221; DALLE 14.30 ALLE 17<br \/>\n<span style=\"color: #000000;\"><strong>BELLUNO<\/strong> Oggi alle 21 al Teatro Dino Buzzati di Belluno arriva la grande danza con la rassegna dal titolo &#8220;Ballade&#8221;. Organizza la Fondazione Teatri Delle Dolomiti.<\/span><\/p>\n<p><span style=\"color: #ff0000;\">HOCKEY SU GHIACCIO L&#8217;ITALIA FEMMINILE UNDER 18 TERMINA IL MONDIALE AL SECONDO POSTO<\/span><br \/>\n<span style=\"color: #ff0000;\">CORSA IN MONTAGNA LUNEDI&#8217; AL VIA LE ISCRIZIONI ALLA TRANSCIVETTA\u00a0<\/span><\/p>\n<p>AUDIO<\/p>\n<audio class=\"wp-audio-shortcode\" id=\"audio-369613-4\" preload=\"none\" style=\"width: 100%;\" controls=\"controls\"><source type=\"audio\/mpeg\" src=\"https:\/\/www.radiopiu.net\/wordpress\/wp-content\/uploads\/2024\/01\/RASSEGNA-STAMPA-LOCALE-DI-MIRKO.mp3?_=4\" \/><a href=\"https:\/\/www.radiopiu.net\/wordpress\/wp-content\/uploads\/2024\/01\/RASSEGNA-STAMPA-LOCALE-DI-MIRKO.mp3\">https:\/\/www.radiopiu.net\/wordpress\/wp-content\/uploads\/2024\/01\/RASSEGNA-STAMPA-LOCALE-DI-MIRKO.mp3<\/a><\/audio>\n<p>&nbsp;<\/p>\n<p>&nbsp;<\/p>\n<p>&nbsp;<\/p>\n<p>&nbsp;<\/p>\n<p>&nbsp;<\/p>\n<hr \/>\n<p>&nbsp;<\/p>\n<p>&nbsp;<\/p>\n<p><a class=\"dt-pswp-item\" href=\"https:\/\/www.radiopiu.net\/wordpress\/wp-content\/uploads\/2023\/10\/34f4cfc6-e863-46e9-9695-8df44be63421.jpg\" data-dt-img-description=\"\" data-large_image_width=\"1200\" data-large_image_height=\"1200\"><img loading=\"lazy\" decoding=\"async\" class=\"wp-image-357393 alignleft\" src=\"https:\/\/www.radiopiu.net\/wordpress\/wp-content\/uploads\/2023\/10\/34f4cfc6-e863-46e9-9695-8df44be63421-300x300.jpg\" alt=\"\" width=\"81\" height=\"81\" srcset=\"https:\/\/www.radiopiu.net\/wordpress\/wp-content\/uploads\/2023\/10\/34f4cfc6-e863-46e9-9695-8df44be63421-300x300.jpg 300w, https:\/\/www.radiopiu.net\/wordpress\/wp-content\/uploads\/2023\/10\/34f4cfc6-e863-46e9-9695-8df44be63421-1024x1024.jpg 1024w, https:\/\/www.radiopiu.net\/wordpress\/wp-content\/uploads\/2023\/10\/34f4cfc6-e863-46e9-9695-8df44be63421-150x150.jpg 150w, https:\/\/www.radiopiu.net\/wordpress\/wp-content\/uploads\/2023\/10\/34f4cfc6-e863-46e9-9695-8df44be63421-768x768.jpg 768w, https:\/\/www.radiopiu.net\/wordpress\/wp-content\/uploads\/2023\/10\/34f4cfc6-e863-46e9-9695-8df44be63421.jpg 1200w\" sizes=\"auto, (max-width: 81px) 100vw, 81px\" \/><\/a>OGGI ALLA RADIO: <strong>ALLE 7<\/strong> LA RASSEGNA STAMPA LOCALE FLASH, PER CHI COME NOI ALLE SETTE DEL MATTINO VA DI FRETTA, TANTE NOTIZIE IN POCHE CHIACCHIERE. <strong>ALLE OTTO<\/strong> L&#8217;APPROFONDIMENTO NELLA STORICA RASSEGNA STAMPA LOCALE.\u00a0 DALLE 6 ALLE 21, OGNI ORA, L&#8217;INFORMAZIONE NAZIONALE, l&#8217;informazione locale, ALLE 10 flash. 11flash. 14 viabilit\u00e0. 15meteo. 16flash. 17flash. 18flash. 19 i titoli di Antenna 3<\/p>\n<p>&nbsp;<\/p>\n<p>&nbsp;<\/p>\n<hr \/>\n<p>&nbsp;<\/p>\n<blockquote>\n<h3>COMMOSSI E GRATI PER IL RICORDO DI RACHELE<\/h3>\n<\/blockquote>\n<p><strong><img loading=\"lazy\" decoding=\"async\" class=\"alignleft\" src=\"https:\/\/www.radiopiu.net\/wordpress\/wp-content\/uploads\/2024\/01\/SCR-20240104-khsg.png\" width=\"132\" height=\"194\" \/>CANALE D&#8217;AGORDO<\/strong> Sabato entrare in chiesa a Canale d&#8217;Agordo, gi\u00e0 un&#8217;ora prima della cerimonia per Rachele Costa, \u00e8 stato impossibile. Una folla l&#8217;ha riempita, fuori in piazza\u00a0 centinaia di persone sotto la pioggia in rispettoso silenzio e raccolti nelle preghiera. In tanti, uomini, donne,\u00a0 anziani, giovani, atleti, cittadini dell&#8217;intera provincia, hanno voluto testimoniare ai famigliari l&#8217;attaccamento a Rachele, che in tutti noi ha lasciato qualche cosa.<\/p>\n<p>Sicuramente un ricordo indelebile. Le famiglie Costa, Valt, Bozza, ci hanno incaricato di ringraziare tutti voi per la grande partecipazioni. <em>&#8220;Siamo commossi per questa dimostrazione di affetto. Per noi un abbraccio importante che non cancella, ma lenisce un dolore grande, grazie a tutti&#8221;.<\/em><\/p>\n<p>&nbsp;<\/p>\n<p>&nbsp;<\/p>\n<hr \/>\n<p>&nbsp;<\/p>\n<blockquote>\n<h3>IL CORDOGLIO DI ZAIA PER ELENA BOSCHET<\/h3>\n<\/blockquote>\n<p><strong><a class=\"dt-pswp-item\" href=\"https:\/\/www.radiopiu.net\/wordpress\/wp-content\/uploads\/2024\/01\/SCR-20240112-ncey.jpeg\" data-dt-img-description=\"\" data-large_image_width=\"800\" data-large_image_height=\"616\"><img loading=\"lazy\" decoding=\"async\" class=\" wp-image-369704 alignleft\" src=\"https:\/\/www.radiopiu.net\/wordpress\/wp-content\/uploads\/2024\/01\/SCR-20240112-ncey-300x231.jpeg\" alt=\"\" width=\"121\" height=\"93\" srcset=\"https:\/\/www.radiopiu.net\/wordpress\/wp-content\/uploads\/2024\/01\/SCR-20240112-ncey-300x231.jpeg 300w, https:\/\/www.radiopiu.net\/wordpress\/wp-content\/uploads\/2024\/01\/SCR-20240112-ncey-768x591.jpeg 768w, https:\/\/www.radiopiu.net\/wordpress\/wp-content\/uploads\/2024\/01\/SCR-20240112-ncey.jpeg 800w\" sizes=\"auto, (max-width: 121px) 100vw, 121px\" \/><\/a>VENEZIA <\/strong>Elena Boschet, emigrata dalla piccola frazione di Rocca Pietore nel bellunese al Sudafrica, \u00e8 scomparsa all&#8217;et\u00e0 di 94 anni. Dopo una vita trascorsa tra le Dolomiti e il Sudafrica, \u00e8 ritornata nella sua Laste, dove \u00e8 deceduta. Il Presidente della Regione del Veneto, Luca Zaia, ha elogiato la sua figura, definendola simbolo dell&#8217;emigrazione veneta e dei valori della regione.<\/p>\n<p>&nbsp;<\/p>\n<p>&nbsp;<\/p>\n<hr \/>\n<p>&nbsp;<\/p>\n<blockquote>\n<h3>CADE UN GROSSO MASSO SULLA STRADA CHE DA BASSANO DEL GRAPPA PORTA A FELTRE<\/h3>\n<\/blockquote>\n<p><strong>REDAZIONE<\/strong> Un grosso masso \u00e8 caduto causando la chiusura totale delle due corsie della carreggiata in direzione Nord sulla SS47 e della linea ferroviaria Valsugana al KM 60+250, loc. San Marino, comune di San Nazario (VI). Le deviazioni sono state attuate, coinvolgendo ANAS, Polizia Stradale e Carabinieri. Non ci sono persone coinvolte. Traffico bloccato. Qui proponiamo il video dalla chat Telegram VPB &#8211; Viabilit\u00e0 Provincia di Belluno. Problemi anche alla ferrovia.<\/p>\n<div style=\"width: 480px;\" class=\"wp-video\"><video class=\"wp-video-shortcode\" id=\"video-369613-1\" width=\"480\" height=\"864\" preload=\"metadata\" controls=\"controls\"><source type=\"video\/mp4\" src=\"https:\/\/www.radiopiu.net\/wordpress\/wp-content\/uploads\/2024\/01\/video5841208775859508058.mp4?_=1\" \/><a href=\"https:\/\/www.radiopiu.net\/wordpress\/wp-content\/uploads\/2024\/01\/video5841208775859508058.mp4\">https:\/\/www.radiopiu.net\/wordpress\/wp-content\/uploads\/2024\/01\/video5841208775859508058.mp4<\/a><\/video><\/div>\n<p><strong>Comunicato 50 (Ufficio Stampa Giunta Provinciale)<\/strong><\/p>\n<p>Interrotta la circolazione su strada e ferrovia nel tratto veneto. La Provincia di Trento monitora la situazione, automobilisti informati con pannelli. Frana in Valbrenta, SS47 chiusa e deviazione su Feltre. I treni si fermano a Primolano<\/p>\n<p>Le strutture tecniche della Provincia autonoma di Trento stanno monitorando la situazione per il territorio di competenza e sono in costante contatto con i colleghi del Veneto per quanto riguarda la chiusura, causa frana, della statale 47 della Valsugana e della ferrovia in provincia di Vicenza. Un importante distacco roccioso avvenuto nella tarda mattinata all\u2019altezza dell\u2019abitato di San Marino, Comune di Valbrenta, ad una decina di chilometri dal confine con il Trentino, ha interessato strada e binari rendendo necessaria l\u2019interruzione dei collegamenti in entrambi i sensi di marcia. Non risultano coinvolti mezzi o persone. Le corse della linea ferroviaria sono al momento regolari in entrambe le direzioni ma si fermano a Primolano. Sono in corso le verifiche tecniche da parte dei tecnici di Rfi per conentire la regolare ripresa della circolazione lungo l\u2019intera linea ferroviaria. Per quanto riguarda la viabilit\u00e0, il collegamento \u00e8 garantito dalla deviazione sulla SS50 bis\/var che porta ad Arsi\u00e8 (con il bivio per il Primiero), Feltre, Belluno o verso la pianura. Il Servizio Gestione strade sta provvedendo a informare gli utenti della chiusura e deviazione in atto con i pannelli a messaggio variabile posti sia lungo la tangenziale di Trento che lungo la Valsugana. Per il momento non si registrano particolari disagi al traffico. Nell\u2019area della frana in territorio veneto sono in corso le verifiche e le successive pulizie e disgaggio. Per quanto riguarda la SS47, se le operazioni procederanno come previsto nei prossimi giorni potr\u00e0 essere programmata la riapertura parziale della strada.<\/p>\n<p>&nbsp;<\/p>\n<hr \/>\n<p>&nbsp;<\/p>\n<blockquote>\n<h3>IERI SERA, INCENDIO SPENTO E CASA SALVA.<\/h3>\n<\/blockquote>\n<p><strong><a class=\"dt-pswp-item\" href=\"https:\/\/www.radiopiu.net\/wordpress\/wp-content\/uploads\/2024\/01\/bf768c02-6a30-4fff-b7cb-81b71ccf9389.jpg\" data-dt-img-description=\"\" data-large_image_width=\"1196\" data-large_image_height=\"1600\"><img loading=\"lazy\" decoding=\"async\" class=\" wp-image-369756 alignleft\" src=\"https:\/\/www.radiopiu.net\/wordpress\/wp-content\/uploads\/2024\/01\/bf768c02-6a30-4fff-b7cb-81b71ccf9389-224x300.jpg\" alt=\"\" width=\"192\" height=\"257\" srcset=\"https:\/\/www.radiopiu.net\/wordpress\/wp-content\/uploads\/2024\/01\/bf768c02-6a30-4fff-b7cb-81b71ccf9389-224x300.jpg 224w, https:\/\/www.radiopiu.net\/wordpress\/wp-content\/uploads\/2024\/01\/bf768c02-6a30-4fff-b7cb-81b71ccf9389-765x1024.jpg 765w, https:\/\/www.radiopiu.net\/wordpress\/wp-content\/uploads\/2024\/01\/bf768c02-6a30-4fff-b7cb-81b71ccf9389-768x1027.jpg 768w, https:\/\/www.radiopiu.net\/wordpress\/wp-content\/uploads\/2024\/01\/bf768c02-6a30-4fff-b7cb-81b71ccf9389-1148x1536.jpg 1148w, https:\/\/www.radiopiu.net\/wordpress\/wp-content\/uploads\/2024\/01\/bf768c02-6a30-4fff-b7cb-81b71ccf9389.jpg 1196w\" sizes=\"auto, (max-width: 192px) 100vw, 192px\" \/><\/a>FALCADE\u00a0<\/strong><\/p>\n<p>un incendio ha messo in allarme la comunit\u00e0 locale quando una catasta di legna, situata vicino a una casa, \u00e8 improvvisamente andata a fuoco. Fortunatamente, l&#8217;intervento tempestivo dei passanti e dei vicini di casa ha contribuito a contenere le fiamme, utilizzando pale di neve e secchi d&#8217;acqua disponibili in loco. In attesa dei pompieri da Agordo, distanti 20 km, coadiuvati dai Volontari di Canale d&#8217;Agordo i presenti hanno agito prontamente per limitare i danni nel miglior modo possibile. Nonostante la lontananza della squadra antincendio, l&#8217;impegno della comunit\u00e0 ha dimostrato di essere fondamentale nell&#8217;affrontare l&#8217;emergenza. Grazie all&#8217;azione coordinata dei residenti e all&#8217;arrivo tempestivo dei pompieri, l&#8217;incendio \u00e8 stato gestito con successo, limitando i danni alla struttura circostante. La rapida risposta dei presenti sottolinea l&#8217;importanza della solidariet\u00e0 e della prontezza d&#8217;intervento in situazioni di emergenza.<\/p>\n<p>&nbsp;<\/p>\n<p>&nbsp;<\/p>\n<p>&nbsp;<\/p>\n<hr \/>\n<p>&nbsp;<\/p>\n<blockquote>\n<h3>I VIGILI DI FELTRE HANNO LA LORO BELLA VISIBILITA&#8217; SUI SOCIAL. SOMMERSI DALLE CRITICHE<\/h3>\n<\/blockquote>\n<p><strong><a class=\"dt-pswp-item\" href=\"https:\/\/www.radiopiu.net\/wordpress\/wp-content\/uploads\/2024\/01\/Senza-nome-42.png\" data-dt-img-description=\"\" data-large_image_width=\"490\" data-large_image_height=\"224\"><img loading=\"lazy\" decoding=\"async\" class=\"size-medium wp-image-369758 alignleft\" src=\"https:\/\/www.radiopiu.net\/wordpress\/wp-content\/uploads\/2024\/01\/Senza-nome-42-300x137.png\" alt=\"\" width=\"300\" height=\"137\" srcset=\"https:\/\/www.radiopiu.net\/wordpress\/wp-content\/uploads\/2024\/01\/Senza-nome-42-300x137.png 300w, https:\/\/www.radiopiu.net\/wordpress\/wp-content\/uploads\/2024\/01\/Senza-nome-42.png 490w\" sizes=\"auto, (max-width: 300px) 100vw, 300px\" \/><\/a>FELTRE<\/strong> Il \u00a0video di due giorni fa, registrato da una dash-cam durante un controllo notturno con autovelox all&#8217;uscita per Feltre della Fenadora-Anz\u00f9, ha generato discussioni sui social tramite il gruppo &#8220;Sei di Feltre se&#8221; su Facebook. Molti utenti e l&#8217;associazione Altvelox hanno contestato la scarsa visibilit\u00e0 della postazione di controllo della polizia locale di Feltre, situata sotto un cavalcavia con l&#8217;auto parcheggiata e le luci spente. Inoltre, \u00e8 stata criticata la scelta di effettuare il controllo in un tratto dove il limite di velocit\u00e0 passa da 90 a 70 km\/h. Il comandante della polizia locale\u00a0 difende la postazione, affermando che \u00e8 a norma, prevista e verificata, situata su un rettilineo con segnaletica adeguata e visibile. L&#8217;assessore alla polizia locale, Alberto Curto, ribadisce l&#8217;importanza dei controlli per garantire la sicurezza stradale, sottolineando la necessit\u00e0 di far rispettare i limiti di velocit\u00e0 e contrastare la sosta selvaggia.<\/p>\n<p>&nbsp;<\/p>\n<p>&nbsp;<\/p>\n<hr \/>\n<p>&nbsp;<\/p>\n<blockquote>\n<h3>DILLO A RADIOPIU&#8230; DI CORRADO CAMPEDEL<\/h3>\n<\/blockquote>\n<p><a class=\"dt-pswp-item\" href=\"https:\/\/www.radiopiu.net\/wordpress\/wp-content\/uploads\/2024\/01\/Senza-nome-37.png\" data-dt-img-description=\"\" data-large_image_width=\"227\" data-large_image_height=\"150\"><img loading=\"lazy\" decoding=\"async\" class=\"size-full wp-image-369563 alignleft\" src=\"https:\/\/www.radiopiu.net\/wordpress\/wp-content\/uploads\/2024\/01\/Senza-nome-37.png\" alt=\"\" width=\"227\" height=\"150\" \/><\/a>Certo che, se servono questi metodi per sollecitare il dibattito c&#8217;\u00e8 da riflettere. Il rispetto delle norme e dei limiti \u00e8 doveroso e sacrosanto, tanto doveroso e sacrosanto dovrebbe essere l&#8217;utilizzo non ipocrita da parte delle istituzioni dei mezzi\u00a0messi loro a disposizione. L&#8217;autovelox del passo Giau, posto a difesa dalle scorribande dei motociclisti poteva essere posto sulla base di limiti di velocit\u00e0 pi\u00f9 adeguati, le scorribande non si fanno ai 51 km orari ma a velocit\u00e0 pi\u00f9 elevate, il limite da controllare potrebbe essere messo ai 60 o 70 o ai 90 come gi\u00e0 stabilito per legge. La prova del fatto che il limite posto di 50 non \u00e8 adeguato lo dice proprio l&#8217;elevato numero di verbali. A conforto potrebbe essere utile sapere quante sono in percentuale le contestazioni oltre i 10 km ora.<\/p>\n<p>&nbsp;<\/p>\n<hr \/>\n<p>&nbsp;<\/p>\n<blockquote>\n<h3>I SERRAI DI SOTTOGUDA SARANNO ULTIMATI PER LA FINE DELL&#8217;ESTATE<\/h3>\n<\/blockquote>\n<p><strong><a class=\"dt-pswp-item\" href=\"https:\/\/www.radiopiu.net\/wordpress\/wp-content\/uploads\/2021\/06\/Cantiere-Serrai-23.06.21_2.jpeg\" data-dt-img-description=\"\" data-large_image_width=\"1024\" data-large_image_height=\"768\"><img loading=\"lazy\" decoding=\"async\" class=\" wp-image-217833 alignleft\" src=\"https:\/\/www.radiopiu.net\/wordpress\/wp-content\/uploads\/2021\/06\/Cantiere-Serrai-23.06.21_2-300x225.jpeg\" alt=\"\" width=\"156\" height=\"117\" srcset=\"https:\/\/www.radiopiu.net\/wordpress\/wp-content\/uploads\/2021\/06\/Cantiere-Serrai-23.06.21_2-300x225.jpeg 300w, https:\/\/www.radiopiu.net\/wordpress\/wp-content\/uploads\/2021\/06\/Cantiere-Serrai-23.06.21_2-768x576.jpeg 768w, https:\/\/www.radiopiu.net\/wordpress\/wp-content\/uploads\/2021\/06\/Cantiere-Serrai-23.06.21_2.jpeg 1024w\" sizes=\"auto, (max-width: 156px) 100vw, 156px\" \/><\/a>ROCCA PIETORE<\/strong><\/p>\n<p>DI GIANNI SANTOMASO<\/p>\n<audio class=\"wp-audio-shortcode\" id=\"audio-369613-5\" preload=\"none\" style=\"width: 100%;\" controls=\"controls\"><source type=\"audio\/mpeg\" src=\"https:\/\/www.radiopiu.net\/wordpress\/wp-content\/uploads\/2024\/01\/GIANNI-I-SERRAI-DI-SOTTOGUDA-SARANNO-ULTIMATI-PER-LA-FINE-DELLESTATE.mp3?_=5\" \/><a href=\"https:\/\/www.radiopiu.net\/wordpress\/wp-content\/uploads\/2024\/01\/GIANNI-I-SERRAI-DI-SOTTOGUDA-SARANNO-ULTIMATI-PER-LA-FINE-DELLESTATE.mp3\">https:\/\/www.radiopiu.net\/wordpress\/wp-content\/uploads\/2024\/01\/GIANNI-I-SERRAI-DI-SOTTOGUDA-SARANNO-ULTIMATI-PER-LA-FINE-DELLESTATE.mp3<\/a><\/audio>\n<p>&nbsp;<\/p>\n<hr \/>\n<p>&nbsp;<\/p>\n<p>&nbsp;<\/p>\n<blockquote>\n<h3>A LIVINALLONGO DA OLTRE 30 ANNI CI SONO 88 DOMANDE CHE CHIEDONO DI ACQUISIRE TERRENI COMUNALI<\/h3>\n<\/blockquote>\n<p><strong><a class=\"dt-pswp-item\" href=\"https:\/\/www.radiopiu.net\/wordpress\/wp-content\/uploads\/2021\/05\/Arabba_Fodom_Turismo_photo-credit.RobertoDePellegrin-scaled.jpg\" data-dt-img-description=\"\" data-large_image_width=\"2560\" data-large_image_height=\"1707\"><img loading=\"lazy\" decoding=\"async\" class=\" wp-image-210754 alignleft\" src=\"https:\/\/www.radiopiu.net\/wordpress\/wp-content\/uploads\/2021\/05\/Arabba_Fodom_Turismo_photo-credit.RobertoDePellegrin-300x200.jpg\" alt=\"\" width=\"164\" height=\"109\" srcset=\"https:\/\/www.radiopiu.net\/wordpress\/wp-content\/uploads\/2021\/05\/Arabba_Fodom_Turismo_photo-credit.RobertoDePellegrin-300x200.jpg 300w, https:\/\/www.radiopiu.net\/wordpress\/wp-content\/uploads\/2021\/05\/Arabba_Fodom_Turismo_photo-credit.RobertoDePellegrin-1024x683.jpg 1024w, https:\/\/www.radiopiu.net\/wordpress\/wp-content\/uploads\/2021\/05\/Arabba_Fodom_Turismo_photo-credit.RobertoDePellegrin-768x512.jpg 768w, https:\/\/www.radiopiu.net\/wordpress\/wp-content\/uploads\/2021\/05\/Arabba_Fodom_Turismo_photo-credit.RobertoDePellegrin-1536x1024.jpg 1536w, https:\/\/www.radiopiu.net\/wordpress\/wp-content\/uploads\/2021\/05\/Arabba_Fodom_Turismo_photo-credit.RobertoDePellegrin-2048x1365.jpg 2048w\" sizes=\"auto, (max-width: 164px) 100vw, 164px\" \/><\/a>LIVINALLONGO<\/strong><\/p>\n<p>DI LORENZO SORATROI<\/p>\n<audio class=\"wp-audio-shortcode\" id=\"audio-369613-6\" preload=\"none\" style=\"width: 100%;\" controls=\"controls\"><source type=\"audio\/mpeg\" src=\"https:\/\/www.radiopiu.net\/wordpress\/wp-content\/uploads\/2024\/01\/SORATROI-DA-OLTRE-30-CI-SONO-88-DOMANDE-CHE-CHIEDONO-DI-ACQUISIRE-TERRENI-COMUNALI.mp3?_=6\" \/><a href=\"https:\/\/www.radiopiu.net\/wordpress\/wp-content\/uploads\/2024\/01\/SORATROI-DA-OLTRE-30-CI-SONO-88-DOMANDE-CHE-CHIEDONO-DI-ACQUISIRE-TERRENI-COMUNALI.mp3\">https:\/\/www.radiopiu.net\/wordpress\/wp-content\/uploads\/2024\/01\/SORATROI-DA-OLTRE-30-CI-SONO-88-DOMANDE-CHE-CHIEDONO-DI-ACQUISIRE-TERRENI-COMUNALI.mp3<\/a><\/audio>\n<p>&nbsp;<\/p>\n<hr \/>\n<p>&nbsp;<\/p>\n<blockquote>\n<h2 class=\"articlePlainTitle\">Pratiche di esproprio: accordo fatto<\/h2>\n<\/blockquote>\n<p><strong>AGORDO<\/strong> L&#8217;Unione montana agordina e il Comune di Rivamonte hanno approvato una convenzione per istituire un ufficio dedicato alle procedure di esproprio. L&#8217;Unione montana agir\u00e0 per conto di Rivamonte in tre progetti: adeguamento stradale, copertura del campo da tennis per uso polifunzionale ed il ripristino di una strada comunale. L&#8217;accordo prevede che l&#8217;ufficio tecnico dell&#8217;Unione montana agisca per le espropriazioni necessarie a tali interventi, garantendo un&#8217;efficace gestione delle procedure. I lavori, finanziati con fondi delle aree interne, mirano a migliorare la sicurezza stradale e potenziare le infrastrutture locali.<\/p>\n<p>&nbsp;<\/p>\n<hr \/>\n<p>&nbsp;<\/p>\n<blockquote>\n<h3>DILLO A RADIO PIU &#8230;. &#8220;Noi siamo e vogliamo rimanere ci\u00f2 che siamo&#8221;<\/h3>\n<\/blockquote>\n<blockquote><p><em>Riceviamo a pubblichiamo alcune considerazioni personali da Colle Santa Lucia\u00a0<\/em><\/p><\/blockquote>\n<p><strong>di Franz Dell&#8217;Andrea, cittadino di Colle Santa Lucia.<\/strong><\/p>\n<p><img loading=\"lazy\" decoding=\"async\" class=\"alignleft\" src=\"https:\/\/www.radiopiu.net\/wordpress\/wp-content\/uploads\/2021\/08\/COLLE-SANTA-LUCIA.jpg\" width=\"296\" height=\"222\" \/>Ci troviamo spesso ad assistere e tollerare situazioni spiacevoli, senza avere la forza o la possibilit\u00e0 di<br \/>\nmetterci del nostro per migliorare la realt\u00e0 delle cose. Siamo costretti a subirle, anche quando sono<br \/>\ncaratterizzate da aspetti universalmente riconosciuti come deplorevoli o inaccettabili. Le comunit\u00e0 di<br \/>\nminoranza si trovano spesso in questa situazione e troppe volte si sono fatte il callo a forza di resistere<br \/>\nvalorosamente. La comunit\u00e0 di Colle Santa Lucia, insieme agli altri due comuni ladini del Veneto, subiscono le angherie dei \u201cpoteri forti\u201d da pi\u00f9 di un secolo. Appena dopo la Prima Guerra Mondiale gli abitanti sono stati strappati (sulla carta ma non nel sentimento!) dalla loro secolare madre patria, l\u2019amata Terra Tirolese, per essere redenti, come dicevano e volevano gli italiani. Non si \u00e8 mai capito bene da cosa dovevano essere redenti, certo \u00e8 che dopo la separazione dal resto della Ladinia, ben presto sono cominciati i problemi, alcuni dei quali perdurano ancora oggi. Innumerevoli sono stati in questo ultimo secolo i tentativi intellettuali, politici e religiosi di soffocare la determinazione e l\u2019orgoglio del Popolo Ladino che da sempre sostiene una cosa molto semplice: \u201cNoi siamo e vogliamo rimanere ci\u00f2 che siamo!!!\u201d. Questo orgoglio evidentemente ha sempre dato fastidio a quelli che non lo hanno mai voluto comprendere, n\u00e9 in passato n\u00e9 tantomeno ora. Oggi siamo testimoni di un ennesimo tentativo.<\/p>\n<blockquote><p><strong><em>\u00c8 vero che i politici non dovrebbero immischiarsi negli affari della Chiesa ma \u00e8 altrettanto inopportuno che <\/em><\/strong><strong><em>presbiteri e vescovi si immischino in faccende politiche o comunque cerchino di influenzarle<\/em><\/strong>.<\/p><\/blockquote>\n<p>La riunificazione della Parrocchia di Colle Santa Lucia con il Decanato di Livinallongo, dopo essere stata<br \/>\nauspicata dalla popolazione, \u00e8 stata in qualche modo boicottata, per interessi e ragioni che a mio modo di<br \/>\nvedere possono essere solamente di rilevanza politica, in quanto la sperimentazione pastorale degli ultimi<br \/>\nvent\u2019anni \u00e8 evidentemente fallita. Lo stesso Decanato, la cui esistenza era stata garantita dal Vescovo<br \/>\ndiocesano in seguito ad un sollevamento della popolazione, ora sembra non esista pi\u00f9, anche se mai<br \/>\nsoppresso ufficialmente. C\u2019\u00e8 da augurarsi che l\u2019antica istituzione del Decanato non sia stata mantenuta in<br \/>\npiedi solo in modo apparente e fittizio, semplicemente per tenere buoni \u201csti quattro parrocchiani<br \/>\nmontanari\u201d, perch\u00e9 questo sarebbe inaccettabile.<\/p>\n<blockquote>\n<h3><em>L\u2019 amministrazione della Parrocchia di Colle S. Lucia \u00e8 stata affidata e rimane tutt\u2019 ora nelle mani di don Renato Tasso, salesiano che non ha compreso e rispettato la sensibilit\u00e0 di questa piccola comunit\u00e0 di minoranza, ma piuttosto ha deriso dal pulpito la comunit\u00e0 stessa, ridicolizzando le nostre peculiarit\u00e0 e la nostra tradizione.<\/em><\/h3>\n<\/blockquote>\n<p>Cerca continuamente di imprimere alla comunit\u00e0 cambiamenti in contrasto con la sensibilit\u00e0 dei residenti; e lo fa spingendosi nell\u2019ambito politico, come quando sugger\u00ec sul foglietto settimanale la fusione dei comuni di Colle S. Lucia e Selva di Cadore (ecco perch\u00e9 ho precedentemente accennato alle ingerenze tra politica e religione!). Sempre don Tasso, sperava nella creazione di un Consiglio Pastorale Parrocchiale che sostenesse le sue idee (e in questo s\u00ec che si era adoperato), ma la popolazione di Colle Santa Lucia ha deciso diversamente, con un plebiscito che ha eletto tutti componenti che hanno una certa sensibilit\u00e0 e la pensano in una maniera ben precisa. Tutto questo accade mentre il Vescovo di Belluno sembra starsene con le mani conserte ad osservare: non si capisce veramente se sia complice o solo indifferente e insensibile. Sperando che questo mio sfogo personale serva a qualcosa, rimaniamo in fiduciosa attesa per vedere cosa ci riserver\u00e0 questo nuovo anno.<\/p>\n<blockquote><p><strong>Radio Pi\u00f9, dopo aver pubblicato la lettera di Franz Dell&#8217;Andrea, invitano Don Renato Tasso e il vescovo della Diocesi ad intervenire, se lo ritengono utile e interessante al dibattito.<\/strong><\/p><\/blockquote>\n<p>&nbsp;<\/p>\n<blockquote>\n<h3>DILLO A RADIO PIU&#8217;&#8230;LA CRITICA DEL TURISTA DI COLLE SANTA LUCIA<\/h3>\n<\/blockquote>\n<p><strong><a class=\"dt-pswp-item\" href=\"https:\/\/www.radiopiu.net\/wordpress\/wp-content\/uploads\/2024\/01\/Colle_Santa_Lucia-scaled.jpg\" data-dt-img-description=\"\" data-large_image_width=\"2560\" data-large_image_height=\"1588\"><img loading=\"lazy\" decoding=\"async\" class=\" wp-image-369750 alignleft\" src=\"https:\/\/www.radiopiu.net\/wordpress\/wp-content\/uploads\/2024\/01\/Colle_Santa_Lucia-300x186.jpg\" alt=\"\" width=\"195\" height=\"121\" srcset=\"https:\/\/www.radiopiu.net\/wordpress\/wp-content\/uploads\/2024\/01\/Colle_Santa_Lucia-300x186.jpg 300w, https:\/\/www.radiopiu.net\/wordpress\/wp-content\/uploads\/2024\/01\/Colle_Santa_Lucia-1024x635.jpg 1024w, https:\/\/www.radiopiu.net\/wordpress\/wp-content\/uploads\/2024\/01\/Colle_Santa_Lucia-768x477.jpg 768w, https:\/\/www.radiopiu.net\/wordpress\/wp-content\/uploads\/2024\/01\/Colle_Santa_Lucia-1536x953.jpg 1536w, https:\/\/www.radiopiu.net\/wordpress\/wp-content\/uploads\/2024\/01\/Colle_Santa_Lucia-2048x1271.jpg 2048w\" sizes=\"auto, (max-width: 195px) 100vw, 195px\" \/><\/a>Dopo la lettera pubblicata del cittadino di Colle Santa Lucia, in Redazione arriva una risposta che pubblichiamo<\/strong><\/p>\n<div class=\"moz-text-html\" lang=\"x-unicode\">\n<p class=\"default-style\">Buongiorno, ho letto la lettera inviata dal \u00a0Sig. \u00a0Francesco (Franz) di Colle S. Lucia, che si sente oppresso e vuole assolutamente tornare alle sue origini.\u00a0 Prima di tutto gli voglio fare i complimenti per le parole \u00a0erudite usate nella sua lettera e per averci fatto conoscere come vivono le comunit\u00e0 in minoranza che subiscono angherie e oppressioni, dovrebbe chiedere scusa e vergognarsi di queste parole con tutti i paesi del mondo che vivono veramente oppressi e subiscono angherie. Io penso che lui e tutti quelli che si sentono come lui, non fossero nati quando il loro paesino \u00e8 stato annesso all\u2019Italia e quindi essendo nati in Italia se non si trovano bene o hanno questo grande desiderio di tornare alle origini, non devono fare altro che espatriare verso il Tirolo ed essere felici. Io ho conosciuto in tanti anni di vacanze a Colle tanti preti da Don Piero a Don Renato e mi sono sembrati tutti, chi pi\u00f9 chi meno, simpatici e attivi \u00a0e sono sempre andata in chiesa non per loro , ma per pregare. Se voi volevate Don Andrea che \u00e8 stato assegnato alle Parrocchie di Pieve non ne ha certo colpa lui. \u00a0Se il suo grande errore \u00e8 stato quello di mettere sul foglietto parrocchiale l\u2019idea di unire due comuni povero mondo, sappiate che in altri posti si sono uniti anche tre comuni di pochi abitanti creando nuove comunit\u00e0, nuove idee e risorse. Concludo dicendo che adesso ho capito perch\u00e9 dopo tanti anni che vado in vacanza a Colle non ho mai trovato \u00a0niente di nuovo, di accattivante per il turista , finch\u00e9 c\u2019\u00e8 gente che ragiona cos\u00ec che vorrebbe vivere in una altra nazione. Auguro a tutti gli altri abitanti di quel meraviglioso paese di continuare ad aprirsi \u00a0al mondo.<\/p>\n<p class=\"default-style\">Un caro turista deluso , molto deluso<\/p>\n<p>&nbsp;<\/p>\n<p>&nbsp;<\/p>\n<p>&nbsp;<\/p>\n<\/div>\n<hr \/>\n<p>&nbsp;<\/p>\n<blockquote>\n<h3>UN UFFICO PER LE PROCEDURE DI ESPROPRIO A RIVAMONTE<\/h3>\n<\/blockquote>\n<p><strong><a class=\"dt-pswp-item\" href=\"https:\/\/www.radiopiu.net\/wordpress\/wp-content\/uploads\/2021\/09\/DJI_0036-scaled.jpg\" data-dt-img-description=\"\" data-large_image_width=\"2560\" data-large_image_height=\"1920\"><img loading=\"lazy\" decoding=\"async\" class=\" wp-image-232647 alignleft\" src=\"https:\/\/www.radiopiu.net\/wordpress\/wp-content\/uploads\/2021\/09\/DJI_0036-300x225.jpg\" alt=\"\" width=\"156\" height=\"117\" srcset=\"https:\/\/www.radiopiu.net\/wordpress\/wp-content\/uploads\/2021\/09\/DJI_0036-300x225.jpg 300w, https:\/\/www.radiopiu.net\/wordpress\/wp-content\/uploads\/2021\/09\/DJI_0036-1024x768.jpg 1024w, https:\/\/www.radiopiu.net\/wordpress\/wp-content\/uploads\/2021\/09\/DJI_0036-768x576.jpg 768w, https:\/\/www.radiopiu.net\/wordpress\/wp-content\/uploads\/2021\/09\/DJI_0036-1536x1152.jpg 1536w, https:\/\/www.radiopiu.net\/wordpress\/wp-content\/uploads\/2021\/09\/DJI_0036-2048x1536.jpg 2048w\" sizes=\"auto, (max-width: 156px) 100vw, 156px\" \/><\/a>RIVAMONTE<\/strong><\/p>\n<p>DI GIANNI SANTOMASO<\/p>\n<audio class=\"wp-audio-shortcode\" id=\"audio-369613-7\" preload=\"none\" style=\"width: 100%;\" controls=\"controls\"><source type=\"audio\/mpeg\" src=\"https:\/\/www.radiopiu.net\/wordpress\/wp-content\/uploads\/2024\/01\/GIANNI-UN-UFFICO-PER-LE-PROCEDURE-DI-ESPROPRIO-A-RIVAMONTE.mp3?_=7\" \/><a href=\"https:\/\/www.radiopiu.net\/wordpress\/wp-content\/uploads\/2024\/01\/GIANNI-UN-UFFICO-PER-LE-PROCEDURE-DI-ESPROPRIO-A-RIVAMONTE.mp3\">https:\/\/www.radiopiu.net\/wordpress\/wp-content\/uploads\/2024\/01\/GIANNI-UN-UFFICO-PER-LE-PROCEDURE-DI-ESPROPRIO-A-RIVAMONTE.mp3<\/a><\/audio>\n<p>&nbsp;<\/p>\n<hr \/>\n<p>&nbsp;<\/p>\n<blockquote>\n<h3>LAVORO: PER LA REGIONE I DATI OCCUPAZIONALI 2023 SONO SODDISFACIENTI<\/h3>\n<\/blockquote>\n<p><strong><a class=\"dt-pswp-item\" href=\"https:\/\/www.radiopiu.net\/wordpress\/wp-content\/uploads\/2018\/05\/lavoro.jpg\" data-dt-img-description=\"\" data-large_image_width=\"1280\" data-large_image_height=\"720\"><img loading=\"lazy\" decoding=\"async\" class=\" wp-image-49672 alignleft\" src=\"https:\/\/www.radiopiu.net\/wordpress\/wp-content\/uploads\/2018\/05\/lavoro-300x169.jpg\" alt=\"\" width=\"170\" height=\"96\" srcset=\"https:\/\/www.radiopiu.net\/wordpress\/wp-content\/uploads\/2018\/05\/lavoro-300x169.jpg 300w, https:\/\/www.radiopiu.net\/wordpress\/wp-content\/uploads\/2018\/05\/lavoro-768x432.jpg 768w, https:\/\/www.radiopiu.net\/wordpress\/wp-content\/uploads\/2018\/05\/lavoro-1024x576.jpg 1024w, https:\/\/www.radiopiu.net\/wordpress\/wp-content\/uploads\/2018\/05\/lavoro.jpg 1280w\" sizes=\"auto, (max-width: 170px) 100vw, 170px\" \/><\/a>VENEZIA<\/strong> L&#8217;assessore al Lavoro, all\u2019Istruzione e alla Formazione, Elena Donazzan, ha commentato in modo positivo i dati relativi al mercato del lavoro in Veneto nel 2023. Nonostante i segnali di rallentamento economico, la regione ha registrato risultati positivi, con un aumento delle assunzioni e un bilancio occupazionale superiore ai livelli pre-pandemici del 2019. I settori trainanti sono il turismo, il commercio al dettaglio e l&#8217;agricoltura, mentre il settore industriale ha mostrato pi\u00f9 difficolt\u00e0. Donazzan ha sottolineato l&#8217;importanza delle riforme nell&#8217;istruzione per formare una forza lavoro altamente specializzata e proiettata verso il futuro.<\/p>\n<p>&nbsp;<\/p>\n<p>&nbsp;<\/p>\n<hr \/>\n<p>&nbsp;<\/p>\n<blockquote>\n<h3>UNA FIACCOLATA PER I DIPENDENTI FUORI SEDE E PART-TIME DI POSTE ITALIANE<\/h3>\n<\/blockquote>\n<p><strong><a class=\"dt-pswp-item\" href=\"https:\/\/www.radiopiu.net\/wordpress\/wp-content\/uploads\/2024\/01\/slc-cgil.png\" data-dt-img-description=\"\" data-large_image_width=\"439\" data-large_image_height=\"197\"><img loading=\"lazy\" decoding=\"async\" class=\" wp-image-369720 alignleft\" src=\"https:\/\/www.radiopiu.net\/wordpress\/wp-content\/uploads\/2024\/01\/slc-cgil-300x135.png\" alt=\"\" width=\"222\" height=\"100\" srcset=\"https:\/\/www.radiopiu.net\/wordpress\/wp-content\/uploads\/2024\/01\/slc-cgil-300x135.png 300w, https:\/\/www.radiopiu.net\/wordpress\/wp-content\/uploads\/2024\/01\/slc-cgil.png 439w\" sizes=\"auto, (max-width: 222px) 100vw, 222px\" \/><\/a>BELLUNO<\/strong> La SLC CGIL Veneto ha annunciato una fiaccolata luned\u00ec davanti ai palazzi delle Poste in regione. Il comunicato esprime preoccupazione per la mancanza di iniziative a favore dei lavoratori Fuori sede e dei part-time involontari presso Poste Italiane.<\/p>\n<p>&nbsp;<\/p>\n<hr \/>\n<p>&nbsp;<\/p>\n<blockquote>\n<h3>MENO SOLDI PER LE ASSOCIAZIONI A SOSTEGNO DEI VENETI NEL MONDO<\/h3>\n<\/blockquote>\n<p><strong><a class=\"dt-pswp-item\" href=\"https:\/\/www.radiopiu.net\/wordpress\/wp-content\/uploads\/2024\/01\/oscar_de_bona_abm.jpg\" data-dt-img-description=\"\" data-large_image_width=\"1280\" data-large_image_height=\"853\"><img loading=\"lazy\" decoding=\"async\" class=\" wp-image-369712 alignleft\" src=\"https:\/\/www.radiopiu.net\/wordpress\/wp-content\/uploads\/2024\/01\/oscar_de_bona_abm-300x200.jpg\" alt=\"\" width=\"165\" height=\"110\" srcset=\"https:\/\/www.radiopiu.net\/wordpress\/wp-content\/uploads\/2024\/01\/oscar_de_bona_abm-300x200.jpg 300w, https:\/\/www.radiopiu.net\/wordpress\/wp-content\/uploads\/2024\/01\/oscar_de_bona_abm-1024x682.jpg 1024w, https:\/\/www.radiopiu.net\/wordpress\/wp-content\/uploads\/2024\/01\/oscar_de_bona_abm-768x512.jpg 768w, https:\/\/www.radiopiu.net\/wordpress\/wp-content\/uploads\/2024\/01\/oscar_de_bona_abm.jpg 1280w\" sizes=\"auto, (max-width: 165px) 100vw, 165px\" \/><\/a>BELLUNO<\/strong> L&#8217;Associazione Bellunesi nel Mondo esprime delusione per la riduzione dei fondi regionali destinati nel Bilancio di previsione 2024, passando da 260.000 euro a 175.000 euro. Oscar De Bona, presidente dell&#8217;Associazione Bellunesi nel Mondo, sottolinea l&#8217;importanza del supporto finanziario per le comunit\u00e0 dei veneti nel mondo, specialmente in un anno dedicato al &#8220;Turismo delle radici&#8221;. De Bona si rivolge al presidente della Regione Luca Zaia, chiedendo un maggiore impegno per sostenere l&#8217;associazionismo veneto e le iniziative connesse al legame tra le comunit\u00e0 di emigranti e il Veneto.<\/p>\n<p>&nbsp;<\/p>\n<p>&nbsp;<\/p>\n<hr \/>\n<p>&nbsp;<\/p>\n<blockquote>\n<h3>LICEO STEAM A BELLUNO: CONFINDUSTRIA AL LAVORO<\/h3>\n<\/blockquote>\n<p><strong><a class=\"dt-pswp-item\" href=\"https:\/\/www.radiopiu.net\/wordpress\/wp-content\/uploads\/2019\/09\/Lorraine_Berton.jpg\" data-dt-img-description=\"\" data-large_image_width=\"767\" data-large_image_height=\"768\"><img loading=\"lazy\" decoding=\"async\" class=\" wp-image-99105 alignleft\" src=\"https:\/\/www.radiopiu.net\/wordpress\/wp-content\/uploads\/2019\/09\/Lorraine_Berton-300x300.jpg\" alt=\"\" width=\"142\" height=\"142\" srcset=\"https:\/\/www.radiopiu.net\/wordpress\/wp-content\/uploads\/2019\/09\/Lorraine_Berton-300x300.jpg 300w, https:\/\/www.radiopiu.net\/wordpress\/wp-content\/uploads\/2019\/09\/Lorraine_Berton-150x150.jpg 150w, https:\/\/www.radiopiu.net\/wordpress\/wp-content\/uploads\/2019\/09\/Lorraine_Berton.jpg 767w\" sizes=\"auto, (max-width: 142px) 100vw, 142px\" \/><\/a>BELLUNO<\/strong> La presidente di Confindustria Belluno Dolomiti, Lorraine Berton, ha dichiarato che l&#8217;iniziativa di aprire a Belluno un Liceo Steam International, simile a quelli di Rovereto, Bologna, Parma e Monza, non \u00e8 archiviata nonostante l&#8217;accordo tra la Diocesi di Belluno e la cooperativa &#8220;Scuole per crescere&#8221; per la continuit\u00e0 del Liceo Lollino. Berton ha affermato che le porte con la Diocesi e il Vescovo resteranno aperte, e l&#8217;intenzione \u00e8 di perseguire tutte le strade per attivare una nuova offerta formativa nella provincia di Belluno, offrendo ai giovani la possibilit\u00e0 di acquisire competenze rilevanti in un mondo in rapida trasformazione. Il Liceo Steam International offre un percorso di studi che unisce creativit\u00e0, utilit\u00e0, comunicativit\u00e0, e tecnologia attraverso l&#8217;uso intelligente delle risorse umane e delle tecnologie.<\/p>\n<p>&nbsp;<\/p>\n<p>&nbsp;<\/p>\n<hr \/>\n<p>&nbsp;<\/p>\n<blockquote>\n<h3>A PONTE NELLE ALPI VERRA&#8217; INAUGURATO IL NUOVO UFFICIO RELAZIONI<\/h3>\n<\/blockquote>\n<p><strong><a class=\"dt-pswp-item\" href=\"https:\/\/www.radiopiu.net\/wordpress\/wp-content\/uploads\/2024\/01\/Il_nuovo_Ufficio_relazioni_con_il_pubblico.jpg\" data-dt-img-description=\"\" data-large_image_width=\"1591\" data-large_image_height=\"1193\"><img loading=\"lazy\" decoding=\"async\" class=\" wp-image-369710 alignleft\" src=\"https:\/\/www.radiopiu.net\/wordpress\/wp-content\/uploads\/2024\/01\/Il_nuovo_Ufficio_relazioni_con_il_pubblico-300x225.jpg\" alt=\"\" width=\"191\" height=\"143\" srcset=\"https:\/\/www.radiopiu.net\/wordpress\/wp-content\/uploads\/2024\/01\/Il_nuovo_Ufficio_relazioni_con_il_pubblico-300x225.jpg 300w, https:\/\/www.radiopiu.net\/wordpress\/wp-content\/uploads\/2024\/01\/Il_nuovo_Ufficio_relazioni_con_il_pubblico-1024x768.jpg 1024w, https:\/\/www.radiopiu.net\/wordpress\/wp-content\/uploads\/2024\/01\/Il_nuovo_Ufficio_relazioni_con_il_pubblico-768x576.jpg 768w, https:\/\/www.radiopiu.net\/wordpress\/wp-content\/uploads\/2024\/01\/Il_nuovo_Ufficio_relazioni_con_il_pubblico-1536x1152.jpg 1536w, https:\/\/www.radiopiu.net\/wordpress\/wp-content\/uploads\/2024\/01\/Il_nuovo_Ufficio_relazioni_con_il_pubblico.jpg 1591w\" sizes=\"auto, (max-width: 191px) 100vw, 191px\" \/><\/a>PONTE NELLE ALPI<\/strong> Verr\u00e0 inaugurato mercoled\u00ec il nuovo ufficio relazioni con il pubblico di Ponte nelle Alpi ai Coi de Pera, mentre entrer\u00e0 in funzione a febbraio il servizio di infermiere di prossimit\u00e0.<\/p>\n<p><strong>DI DANIELE DALVIT<\/strong><\/p>\n<audio class=\"wp-audio-shortcode\" id=\"audio-369613-8\" preload=\"none\" style=\"width: 100%;\" controls=\"controls\"><source type=\"audio\/mpeg\" src=\"https:\/\/www.radiopiu.net\/wordpress\/wp-content\/uploads\/2024\/01\/Radio-Piu-Servizio-Servizi-esterni-Ponte-nelle-Alpi.mp3?_=8\" \/><a href=\"https:\/\/www.radiopiu.net\/wordpress\/wp-content\/uploads\/2024\/01\/Radio-Piu-Servizio-Servizi-esterni-Ponte-nelle-Alpi.mp3\">https:\/\/www.radiopiu.net\/wordpress\/wp-content\/uploads\/2024\/01\/Radio-Piu-Servizio-Servizi-esterni-Ponte-nelle-Alpi.mp3<\/a><\/audio>\n<p>&nbsp;<\/p>\n<hr \/>\n<p>&nbsp;<\/p>\n<p><strong><a class=\"dt-pswp-item\" href=\"https:\/\/www.radiopiu.net\/wordpress\/wp-content\/uploads\/2024\/01\/Senza-nome-34.png\" data-dt-img-description=\"\" data-large_image_width=\"239\" data-large_image_height=\"153\"><img loading=\"lazy\" decoding=\"async\" class=\"wp-image-369478 alignleft\" src=\"https:\/\/www.radiopiu.net\/wordpress\/wp-content\/uploads\/2024\/01\/Senza-nome-34.png\" alt=\"\" width=\"128\" height=\"82\" \/><\/a> <\/strong><\/p>\n<p><strong>\u00a0<\/strong><\/p>\n<p><strong>dal TG BELLUNESE di\u00a0 ANTENNA 3 ogni sera alle 19.30 sul canale 10 del digitale terrestre e alle 19 le anticipazioni alla radio.\u00a0<\/strong><\/p>\n<blockquote>\n<h3 class=\"_title post-title entry-title\">IL LOLLINO ALLA RETE SCUOLE DI CL. BERTON: \u00abCON DIOCESI E VESCOVO PORTE SEMPRE APERTE\u00bb<\/h3>\n<\/blockquote>\n<p>di <a href=\"https:\/\/antennatre.medianordest.it\/redazione\/Tiziana-Bolognani\/\">Tiziana Bolognani<\/a><\/p>\n<p>Intervistati FRANCESCO GALLI (PRESIDENTE ASSOCIAZIONE \u201cAMICI DEL LOLLINO\u201d), ANDREA FERRAZZI (DIRETTORE CONFINDUSTRIA BELLUNO DOLOMITI)<\/p>\n<p><iframe loading=\"lazy\" title=\"IL LOLLINO ALLA RETE SCUOLE DI CL. BERTON: \u00abCON DIOCESI E VESCOVO PORTE SEMPRE APERTE\u00bb | 12\/01\/2024\" width=\"1200\" height=\"675\" src=\"https:\/\/www.youtube.com\/embed\/PHC9Gcf_q4A?feature=oembed\" frameborder=\"0\" allow=\"accelerometer; autoplay; clipboard-write; encrypted-media; gyroscope; picture-in-picture; web-share\" allowfullscreen><\/iframe><\/p>\n<p>&nbsp;<\/p>\n<p>&nbsp;<\/p>\n<hr \/>\n<p>&nbsp;<\/p>\n<blockquote>\n<h1>OGGI SUL CORRIERE DELLE ALPI<\/h1>\n<\/blockquote>\n\n\t\t\t<style type='text\/css'>\n\t\t\t\t#gallery-2 {\n\t\t\t\t\tmargin: auto;\n\t\t\t\t}\n\t\t\t\t#gallery-2 .gallery-item {\n\t\t\t\t\tfloat: left;\n\t\t\t\t\tmargin-top: 10px;\n\t\t\t\t\ttext-align: center;\n\t\t\t\t\twidth: 50%;\n\t\t\t\t}\n\t\t\t\t#gallery-2 img {\n\t\t\t\t\tborder: 2px solid #cfcfcf;\n\t\t\t\t}\n\t\t\t\t#gallery-2 .gallery-caption {\n\t\t\t\t\tmargin-left: 0;\n\t\t\t\t}\n\t\t\t\t\/* see gallery_shortcode() in wp-includes\/media.php *\/\n\t\t\t<\/style>\n\t\t<div id='gallery-2' class='dt-gallery-container gallery galleryid-369613 gallery-columns-2 gallery-size-medium'><dl class='gallery-item'>\n\t\t\t\t<dt class='gallery-icon landscape'>\n\t\t\t\t\t<a class=\"rollover rollover-zoom dt-pswp-item\" title=\"Senza nome\" data-dt-img-description=\"\" data-large_image_width=\"293\" data-large_image_height=\"290\"href='https:\/\/www.radiopiu.net\/wordpress\/wp-content\/uploads\/2024\/01\/Senza-nome-43.png'><img loading=\"lazy\" decoding=\"async\" width=\"293\" height=\"290\" src=\"https:\/\/www.radiopiu.net\/wordpress\/wp-content\/uploads\/2024\/01\/Senza-nome-43.png\" class=\"attachment-medium size-medium\" alt=\"\" \/><\/a>\n\t\t\t\t<\/dt><\/dl><dl class='gallery-item'>\n\t\t\t\t<dt class='gallery-icon landscape'>\n\t\t\t\t\t<a class=\"rollover rollover-zoom dt-pswp-item\" title=\"COPERTINA\" data-dt-img-description=\"\" data-large_image_width=\"483\" data-large_image_height=\"282\"href='https:\/\/www.radiopiu.net\/wordpress\/wp-content\/uploads\/2024\/01\/COPERTINA-2.png'><img loading=\"lazy\" decoding=\"async\" width=\"300\" height=\"175\" src=\"https:\/\/www.radiopiu.net\/wordpress\/wp-content\/uploads\/2024\/01\/COPERTINA-2-300x175.png\" class=\"attachment-medium size-medium\" alt=\"\" srcset=\"https:\/\/www.radiopiu.net\/wordpress\/wp-content\/uploads\/2024\/01\/COPERTINA-2-300x175.png 300w, https:\/\/www.radiopiu.net\/wordpress\/wp-content\/uploads\/2024\/01\/COPERTINA-2.png 483w\" sizes=\"auto, (max-width: 300px) 100vw, 300px\" \/><\/a>\n\t\t\t\t<\/dt><\/dl><br style=\"clear: both\" \/>\n\t\t\t<\/div>\n\n<p>&nbsp;<\/p>\n<hr \/>\n<p>&nbsp;<\/p>\n<blockquote>\n<h3>IL TURISMO FA SOGNARE CORTINA<\/h3>\n<\/blockquote>\n<p><strong>CORTINA <\/strong>Archiviato il Natale, gli Albergatori della Conca Ampezzana si concentrano sul prosieguo della stagione. Il weekend della Coppa del Mondo di Sci Alpino Femminile viaggia verso il sold out. Bene anche la settimana di Carnevale, attualmente al 60% con ottime prospettive di incremento grazie all\u2019arrivo della neve. Attesi molti stranieri.<\/p>\n<p><strong>PER LE TRE RADIO, BARBARA PAOLAZZI (CLUB 103)<\/strong><\/p>\n<audio class=\"wp-audio-shortcode\" id=\"audio-369613-9\" preload=\"none\" style=\"width: 100%;\" controls=\"controls\"><source type=\"audio\/mpeg\" src=\"https:\/\/www.radiopiu.net\/wordpress\/wp-content\/uploads\/2024\/01\/PAOLAZZI-TURISMO-CORTINA.mp3?_=9\" \/><a href=\"https:\/\/www.radiopiu.net\/wordpress\/wp-content\/uploads\/2024\/01\/PAOLAZZI-TURISMO-CORTINA.mp3\">https:\/\/www.radiopiu.net\/wordpress\/wp-content\/uploads\/2024\/01\/PAOLAZZI-TURISMO-CORTINA.mp3<\/a><\/audio>\n<p>&nbsp;<\/p>\n<hr \/>\n<p>&nbsp;<\/p>\n<blockquote>\n<h3>AL RIFUGIO FALORIA IL PRIMO ZAINO DI TELEMEDICINA<\/h3>\n<\/blockquote>\n<p><strong>CORTINA<\/strong> Il rifugio Faloria, situato in alta quota, ha attivato il primo kit di telemedicina del Veneto, composto da uno zaino rigido contenente una bodycam, un pulsimetro, un misuratore di pressione arteriosa e un elettrocardiografo a 12 derivazioni. Questo \u00e8 il primo di 10 zaini che saranno posizionati in rifugi frequentati da escursionisti, lontani dalle vie di comunicazione. Il progetto \u00e8 stato realizzato in collaborazione con la Regione del Veneto, l&#8217;AUSLL 1 di Belluno, il Gruppo Regionale CAI Veneto e il Soccorso Alpino Bellunese.<\/p>\n<p>&nbsp;<\/p>\n<p>&nbsp;<\/p>\n<hr \/>\n<p>&nbsp;<\/p>\n<blockquote>\n<h3 class=\"articlePlainTitle\">Funivie in assemblea per bilancio e cariche<\/h3>\n<\/blockquote>\n<p class=\"articlePlainText\"><strong>VAL DI ZOLDO\u00a0<\/strong> \u00c8 stata convocata per oggi\u00a0 alle 14, alla sala civica di piazza Angelini, l&#8217;assemblea della societ\u00e0 ValdiZoldo Funivie per tirare le somme sui conti e per rinnovare le cariche sociali.<\/p>\n<p>&nbsp;<\/p>\n<p>&nbsp;<\/p>\n<hr \/>\n<p>&nbsp;<\/p>\n<blockquote>\n<h3>UN CAFFE&#8217; CON&#8230;<\/h3>\n<\/blockquote>\n<p><strong>ALPAGO<\/strong> Inizia la serie di incontri &#8220;Un caff\u00e8 con&#8230;&#8221;, promossa dalle parrocchie dell&#8217;Alpago in collaborazione con il comitato Alpago Due Ruote &amp; Solidariet\u00e0 e l&#8217;associazione Ceno Barattin. Gli incontri, che avranno luogo alla Casa della Giovent\u00f9 di Puos d\u2019Alpago, si concentreranno sulla socializzazione, il recupero della memoria, esperienze significative di volontariato e argomenti specifici proposti da figure professionali, ricercatori e artisti locali. Il primo incontro, &#8220;Cosa impariamo dall\u2019Africa?&#8221;, \u00e8 previsto per il 17 gennaio, a cura di Paola Barattin. Gli appuntamenti si svolgeranno fino a giugno e affronteranno tematiche varie.<\/p>\n<p><strong>IL PROGRAMMA DEGLI INCONTRI<\/strong><\/p>\n<p><a class=\"dt-pswp-item\" href=\"https:\/\/www.radiopiu.net\/wordpress\/wp-content\/uploads\/2024\/01\/DEPLIANT-calendario-Un-caffe-con.-Alpago-2024.jpg\" data-dt-img-description=\"incontri Un caff\u00e8 con... Alpago 2024 - 1\" data-large_image_width=\"2000\" data-large_image_height=\"1333\"><img loading=\"lazy\" decoding=\"async\" class=\"aligncenter wp-image-369715 size-medium\" src=\"https:\/\/www.radiopiu.net\/wordpress\/wp-content\/uploads\/2024\/01\/DEPLIANT-calendario-Un-caffe-con.-Alpago-2024-300x200.jpg\" alt=\"\" width=\"300\" height=\"200\" srcset=\"https:\/\/www.radiopiu.net\/wordpress\/wp-content\/uploads\/2024\/01\/DEPLIANT-calendario-Un-caffe-con.-Alpago-2024-300x200.jpg 300w, https:\/\/www.radiopiu.net\/wordpress\/wp-content\/uploads\/2024\/01\/DEPLIANT-calendario-Un-caffe-con.-Alpago-2024-1024x682.jpg 1024w, https:\/\/www.radiopiu.net\/wordpress\/wp-content\/uploads\/2024\/01\/DEPLIANT-calendario-Un-caffe-con.-Alpago-2024-768x512.jpg 768w, https:\/\/www.radiopiu.net\/wordpress\/wp-content\/uploads\/2024\/01\/DEPLIANT-calendario-Un-caffe-con.-Alpago-2024-1536x1024.jpg 1536w, https:\/\/www.radiopiu.net\/wordpress\/wp-content\/uploads\/2024\/01\/DEPLIANT-calendario-Un-caffe-con.-Alpago-2024.jpg 2000w\" sizes=\"auto, (max-width: 300px) 100vw, 300px\" \/><\/a><\/p>\n<hr \/>\n<p>&nbsp;<\/p>\n<blockquote>\n<h3>ARIA D&#8217;INVERN, IL CONCORSO FOTOGRAFICO<\/h3>\n<\/blockquote>\n<p><strong><img loading=\"lazy\" decoding=\"async\" class=\"alignleft\" src=\"https:\/\/www.radiopiu.net\/wordpress\/wp-content\/uploads\/2024\/01\/Senza-nome-41.png\" width=\"375\" height=\"201\" \/>CENCENIGHE<\/strong> La Pro Loco di Cencenighe ha organizzato un concorso fotografico dal titolo &#8220;Aria D&#8217;Invern&#8221;. Chi volesse partecipare pu\u00f2 inviare gli scatti fino al 31 marzo alla mail ariadinvern@gmail.com seguiranno le premiazioni e, nel mese di luglio, l&#8217;esposizione delle foto al Nof Fil\u00f2. Regolamento completo sul sito www.prolococencenighe.it<\/p>\n<p>&nbsp;<\/p>\n<p><strong>L&#8217;INTERVISTA ALLA RADIO CON ORIETTA SCARDANZAN, ELISA CANCEL, FRANCESCA TRENTIN\u00a0<\/strong><\/p>\n<audio class=\"wp-audio-shortcode\" id=\"audio-369613-10\" preload=\"none\" style=\"width: 100%;\" controls=\"controls\"><source type=\"audio\/mpeg\" src=\"https:\/\/www.radiopiu.net\/wordpress\/wp-content\/uploads\/2024\/01\/porolco-cence-aria-dinverno.mp3?_=10\" \/><a href=\"https:\/\/www.radiopiu.net\/wordpress\/wp-content\/uploads\/2024\/01\/porolco-cence-aria-dinverno.mp3\">https:\/\/www.radiopiu.net\/wordpress\/wp-content\/uploads\/2024\/01\/porolco-cence-aria-dinverno.mp3<\/a><\/audio>\n<p>&nbsp;<\/p>\n<p>&nbsp;<\/p>\n<hr \/>\n<p>&nbsp;<\/p>\n<blockquote>\n<h2>CENTRO FORMAZIONE E SICUREZZA_SEDICO<\/h2>\n<\/blockquote>\n<p>&nbsp;<\/p>\n<blockquote><p><strong><img loading=\"lazy\" decoding=\"async\" class=\"attachment-266x266 alignleft\" src=\"https:\/\/www.radiopiu.net\/wordpress\/wp-content\/uploads\/2023\/11\/Senza-nome-97.png\" alt=\"\" width=\"140\" height=\"89\" \/>CFS, SCUOLA CHE PREPARA TECNICI SPECIALIZZATI. IL 13 GENNAIO &#8220;SCUOLA APERTA&#8221; DALLE 14.30 ALLE 17 <\/strong><\/p>\n<p><strong>L&#8217;INTERVISTA DI MIRKO MEZZACASA A FLAVIO BATTISTON, DOCENTE.<\/strong><\/p><\/blockquote>\n<audio class=\"wp-audio-shortcode\" id=\"audio-369613-11\" preload=\"none\" style=\"width: 100%;\" controls=\"controls\"><source type=\"audio\/mpeg\" src=\"https:\/\/www.radiopiu.net\/wordpress\/wp-content\/uploads\/2023\/11\/BURIGO.mp3?_=11\" \/><a href=\"https:\/\/www.radiopiu.net\/wordpress\/wp-content\/uploads\/2023\/11\/BURIGO.mp3\">https:\/\/www.radiopiu.net\/wordpress\/wp-content\/uploads\/2023\/11\/BURIGO.mp3<\/a><\/audio>\n<p>&nbsp;<\/p>\n<p>LA RACCOLTA COMPLETA <span style=\"color: #0000ff;\"><strong><a style=\"color: #0000ff;\" href=\"https:\/\/www.radiopiu.net\/wordpress\/cfs_ufasdfg\/\">CLICCA QUI\u00a0<\/a><\/strong><\/span><\/p>\n<p>&nbsp;<\/p>\n<p>&nbsp;<\/p>\n<hr \/>\n<p>&nbsp;<\/p>\n<blockquote>\n<h3>LEGNO: L&#8217;ORO DELLE NOSTRE PREALPI<\/h3>\n<\/blockquote>\n<blockquote>\n<h3><a class=\"dt-pswp-item\" href=\"https:\/\/www.radiopiu.net\/wordpress\/wp-content\/uploads\/2024\/01\/49f8be50-d1a7-4d76-a599-99d205437d5c.jpg\" data-dt-img-description=\"\" data-large_image_width=\"1415\" data-large_image_height=\"2000\"><img loading=\"lazy\" decoding=\"async\" class=\"wp-image-369629 alignleft\" src=\"https:\/\/www.radiopiu.net\/wordpress\/wp-content\/uploads\/2024\/01\/49f8be50-d1a7-4d76-a599-99d205437d5c-212x300.jpg\" alt=\"\" width=\"150\" height=\"212\" srcset=\"https:\/\/www.radiopiu.net\/wordpress\/wp-content\/uploads\/2024\/01\/49f8be50-d1a7-4d76-a599-99d205437d5c-212x300.jpg 212w, https:\/\/www.radiopiu.net\/wordpress\/wp-content\/uploads\/2024\/01\/49f8be50-d1a7-4d76-a599-99d205437d5c-724x1024.jpg 724w, https:\/\/www.radiopiu.net\/wordpress\/wp-content\/uploads\/2024\/01\/49f8be50-d1a7-4d76-a599-99d205437d5c-768x1086.jpg 768w, https:\/\/www.radiopiu.net\/wordpress\/wp-content\/uploads\/2024\/01\/49f8be50-d1a7-4d76-a599-99d205437d5c-1087x1536.jpg 1087w, https:\/\/www.radiopiu.net\/wordpress\/wp-content\/uploads\/2024\/01\/49f8be50-d1a7-4d76-a599-99d205437d5c.jpg 1415w\" sizes=\"auto, (max-width: 150px) 100vw, 150px\" \/><\/a>LEGNO: L&#8217;ORO DELLE NOSTRE PREALPI<\/h3>\n<\/blockquote>\n<p><strong>BELLUNO <\/strong>L&#8217;evento &#8220;Riscopri il legno come risorsa per un&#8217;economia sostenibile&#8221; si terr\u00e0 gioved\u00ec 18 gennaio alle 19:30 al Ristorante Pian Longhi a Belluno. I relatori dell&#8217;evento sono Gimmy Dal Farra, Presidente dell&#8217;Associazione Belluno Alpina, e l&#8217;Europarlamentare della Lega, Onorevole Paolo Borchia del Gruppo Identit\u00e0 e Democrazia. L&#8217;incontro affronter\u00e0 tematiche legate all&#8217;utilizzo del legno come risorsa per un&#8217;economia sostenibile, evidenziando l&#8217;importanza di preservare gli ecosistemi, la salute e la cultura locali, e promuovendo la convivialit\u00e0.<\/p>\n<p>&nbsp;<\/p>\n<p><strong>DI GIMMY DAL FARRA\u00a0<\/strong><\/p>\n<p>L&#8217;associazione Belluno Alpina decide di rompere l&#8217;impasse sulla costituzione del consorzio forestale nel comprensorio Ronce-Nevegal-Valmorel e lancia la sua proposta: \u201cRicostituiamo la Regola, che gi\u00e0 esisteva anni fa nel nostro comprensorio, e avviamo autonomamente questo progetto fondamentale per la tutela dell&#8217;ambiente e delle popolazioni\u201d. \u201cViviamo nella stessa provincia, a pochi chilometri di distanza, eppure l\u00e0 c&#8217;\u00e8 una visione completamente diversa rispetto alla gestione del bosco: anche loro come noi, infatti, si stupiscono di come in Valbelluna la risorsa foresta venga poco considerata. &#8211; spiega Dal Farra \u2013 Il confronto con loro ci ha permesso di avere delle importanti conferme: non solo il lavoro del consorzio forestale \u00e8 importante per la pulizia dei boschi, in particolar modo in un territorio come il loro ad alta vocazione turistica, ma soprattutto genera economia ed occupazione, tra visitatori e filiera del legno. \u00c8 quello che sosteniamo da tempo, purtroppo inascoltati\u201d. Proprio per rispondere a questo silenzio da parte delle istituzioni locali, quindi, nasce l&#8217;idea di ricostituire la Regola: \u201cSe da una parte restiamo in attesa che i comuni si confrontino attivamente tra loro sul tema, dall&#8217;altra parte noi non possiamo e non vogliamo lasciare cadere nel vuoto le opportunit\u00e0 (e la disponibilit\u00e0) arrivate in questi mesi dalla Regione Veneto e da Veneto Agricoltura. Vogliamo farlo soprattutto per i nostri giovani, perch\u00e9 possano crescere in un territorio decoroso e accogliente e possano trovare \u201ca casa\u201d occasioni di occupazione e crescita; la vendita e lavorazione del legname ci consentirebbe infatti di ottenere importanti risorse economiche da poter reinvestire in progetti locali di sviluppo\u201d. \u201cLa propriet\u00e0 collettiva pu\u00f2 tornare nel comprensorio e dare risposte a tutte quelle giovani famiglie che hanno scelto di vivere qua, alle attivit\u00e0 economiche che hanno scommesso su questo territorio e ai tanti turisti che nelle Prealpi della Valbelluna trovano pace e tranquillit\u00e0. &#8211; evidenziano da Belluno Alpina \u2013 Il ritorno della Regola porta anche a una riscoperta della storia e delle tradizioni dei posti; \u00e8 un percorso ambientale ed economico, ma anche culturale: conoscere e riscoprire il passato \u00e8 fondamentale per costruire il futuro\u201d. \u201cSappiamo che non sar\u00e0 un percorso facile n\u00e9 veloce: serve un investimento iniziale per trovare professionisti per la redazione dello statuto e per lo studio delle propriet\u00e0, a cui dovranno far seguito incontri con la popolazione delle frazioni interessate. \u00c8 un&#8217;ipotesi che avevamo gi\u00e0 affrontato alcuni anni fa, ma ora ci sono agevolazioni e finanziamenti da parte della Regione Veneto attraverso il Piano di Sviluppo Rurale che mirano proprio a sostenere la ricomposizione fondiaria e la costituzioni di organismi di gestione collettiva\u201d, concludono dall&#8217;associazione.<\/p>\n<p>&nbsp;<\/p>\n<p>&nbsp;<\/p>\n<hr \/>\n<p>&nbsp;<\/p>\n<blockquote>\n<h2>LE PISTE&#8230; SULLA PORTA DI CASA<\/h2>\n<\/blockquote>\n<div>\n<div class=\"x1cy8zhl x78zum5 x1q0g3np xod5an3 x1pi30zi x1swvt13 xz9dl7a\">\n<div class=\"x1iyjqo2\">\n<div class=\"x78zum5 xdt5ytf xz62fqu x16ldp7u\">\n<div class=\"xu06os2 x1ok221b\">\n<h2 id=\":R1al9aqqd9emhpapd5aq:\" class=\"x1heor9g x1qlqyl8 x1pd3egz x1a2a7pz x1gslohp x1yc453h\"><span class=\"x193iq5w xeuugli x13faqbe x1vvkbs x1xmvt09 x6prxxf xvq8zen xo1l8bm xi81zsa\"><strong><a class=\"dt-pswp-item\" href=\"https:\/\/www.radiopiu.net\/wordpress\/wp-content\/uploads\/2021\/11\/FORCELLA-AURINE.jpg\" data-dt-img-description=\"\" data-large_image_width=\"960\" data-large_image_height=\"720\"><img loading=\"lazy\" decoding=\"async\" class=\" wp-image-241538 alignleft\" src=\"https:\/\/www.radiopiu.net\/wordpress\/wp-content\/uploads\/2021\/11\/FORCELLA-AURINE-300x225.jpg\" alt=\"\" width=\"191\" height=\"143\" srcset=\"https:\/\/www.radiopiu.net\/wordpress\/wp-content\/uploads\/2021\/11\/FORCELLA-AURINE-300x225.jpg 300w, https:\/\/www.radiopiu.net\/wordpress\/wp-content\/uploads\/2021\/11\/FORCELLA-AURINE-768x576.jpg 768w, https:\/\/www.radiopiu.net\/wordpress\/wp-content\/uploads\/2021\/11\/FORCELLA-AURINE.jpg 960w\" sizes=\"auto, (max-width: 191px) 100vw, 191px\" \/><\/a>Aurine SKI Dolomiti -Progetto Desma <\/strong><\/span><strong><a class=\"x1i10hfl xjbqb8w x6umtig x1b1mbwd xaqea5y xav7gou x9f619 x1ypdohk xt0psk2 xe8uvvx xdj266r x11i5rnm xat24cr x1mh8g0r xexx8yu x4uap5 x18d9i69 xkhd6sd x16tdsg8 x1hl2dhg xggy1nq x1a2a7pz xt0b8zv xzsf02u x1s688f\" tabindex=\"0\" role=\"link\" href=\"https:\/\/www.facebook.com\/aurineskidolomiti?__cft__[0]=AZXSmHr83SUuJT0u4kVMSvLZyFo58012vDZQz2S9NoUpe9MsUBxfpeLpjB-1OoVs-G6CFBOMyk-HwUGAJFyotDcmMB8tqVOt4ppZp7H1Nhm_9AbxGcAKPdaj0NRByIDsgxLcHrLDuU1XYg3AAgvwT-9s&amp;__tn__=-]C%2CP-R\"><span class=\"xt0psk2\">&#8211;<\/span><\/a><\/strong>.<\/h2>\n<\/div>\n<div class=\"xu06os2 x1ok221b\">NUOVE APERTURE E NUOVI ORARI: &#8211; LUNEDI : Chiuso &#8211; MARTEDI : Chiuso &#8211; MERCOLEDI : 13:00-16:30 \/ 19:30-22:00 &#8211; GIOVEDI : 13:00-16:30 &#8211; VENERDI : 13:00-16:30 &#8211; SABATO : 9:00 &#8211; 16.30 &#8211; DOMENICA : 9:00 &#8211; 16.30 AD OGGI LA SITUAZIONE PISTE: &#8211; CAMPO SCUOLA <span class=\"x3nfvp2 x1j61x8r x1fcty0u xdj266r xhhsvwb xat24cr xgzva0m xxymvpz xlup9mm x1kky2od\"><img loading=\"lazy\" decoding=\"async\" class=\"xz74otr\" src=\"https:\/\/static.xx.fbcdn.net\/images\/emoji.php\/v9\/t55\/1.5\/16\/1f7e2.png\" alt=\"&#x1f7e2;\" width=\"16\" height=\"16\" \/><\/span><\/div>\n<\/div>\n<\/div>\n<\/div>\n<\/div>\n<div>\n<div class=\"\" dir=\"auto\">\n<div id=\":R1al9aqqd9emhpapd5aqH2:\" class=\"x1iorvi4 x1pi30zi x1l90r2v x1swvt13\" data-ad-comet-preview=\"message\" data-ad-preview=\"message\">\n<div class=\"x78zum5 xdt5ytf xz62fqu x16ldp7u\">\n<div class=\"xu06os2 x1ok221b\">\n<div class=\"x11i5rnm xat24cr x1mh8g0r x1vvkbs xtlvy1s x126k92a\">\n<div dir=\"auto\">&#8211; GARDELINA <span class=\"x3nfvp2 x1j61x8r x1fcty0u xdj266r xhhsvwb xat24cr xgzva0m xxymvpz xlup9mm x1kky2od\"><img loading=\"lazy\" decoding=\"async\" class=\"xz74otr\" src=\"https:\/\/static.xx.fbcdn.net\/images\/emoji.php\/v9\/t55\/1.5\/16\/1f7e2.png\" alt=\"&#x1f7e2;\" width=\"16\" height=\"16\" \/> <\/span>&#8211; BEPI <span class=\"x3nfvp2 x1j61x8r x1fcty0u xdj266r xhhsvwb xat24cr xgzva0m xxymvpz xlup9mm x1kky2od\"><img loading=\"lazy\" decoding=\"async\" class=\"xz74otr\" src=\"https:\/\/static.xx.fbcdn.net\/images\/emoji.php\/v9\/t55\/1.5\/16\/1f7e2.png\" alt=\"&#x1f7e2;\" width=\"16\" height=\"16\" \/> <\/span>&#8211; GEMINI <span class=\"x3nfvp2 x1j61x8r x1fcty0u xdj266r xhhsvwb xat24cr xgzva0m xxymvpz xlup9mm x1kky2od\"><img loading=\"lazy\" decoding=\"async\" class=\"xz74otr\" src=\"https:\/\/static.xx.fbcdn.net\/images\/emoji.php\/v9\/tc7\/1.5\/16\/1f534.png\" alt=\"&#x1f534;\" width=\"16\" height=\"16\" \/> <\/span>Se le temperature ce lo permetteranno in pochi giorni sar\u00e0 completata anche la parte alta con l&#8217;apertura della sciovia Gardelon. RISTOBAR GHEGY<\/div>\n<\/div>\n<div class=\"x11i5rnm xat24cr x1mh8g0r x1vvkbs xtlvy1s x126k92a\">\n<div dir=\"auto\">&#8211; Dal Mercoled\u00ec al Venerd\u00ec aperto dall&#8217;ora di pranzo. &#8211; Mercoled\u00ec sera anche a cena con i panini GOURMET. &#8211; Sabato e Domenica 8:30 &#8211; 18.30.<\/div>\n<\/div>\n<\/div>\n<\/div>\n<\/div>\n<\/div>\n<\/div>\n<p>&nbsp;<\/p>\n<p>&nbsp;<\/p>\n<hr \/>\n<p>&nbsp;<\/p>\n<blockquote>\n<h3>CAI AGORDO, LA NUOVA STAGIONE<\/h3>\n<\/blockquote>\n<p><strong>AGORDO<\/strong> A<span style=\"color: #000000; font-family: roboto, helvetica neue, helvetica, arial, sans-serif;\">nche il 2024 sar\u00e0 un anno ricco di attivit\u00e0 escursionistica per adulti e bambini, Corsi e incontri culturali. Prima escursione invernale domenica 14 gennaio a Jore in Valle del Biois. Facile e piacevole camminata tra i boschi di larice e abete rosso ai piedi delle Cime d&#8217;Auta.<\/span><\/p>\n<p>&nbsp;<\/p>\n<p>&nbsp;<\/p>\n<p>&nbsp;<\/p>\n<hr \/>\n<p>&nbsp;<\/p>\n<blockquote>\n<h3>LO SPAVENTATO LUPACCHIOTTO DI SAN TOMASO&#8230; IN PASSEGGIATA<\/h3>\n<\/blockquote>\n<p><strong>SAN TOMASO<\/strong> Nel video il lupetto di San Tomaso, un cucciolo ieri mattina finito nell&#8217;obiettivo di Dina che ringraziamo per la bella segnalazione dalla frazione Tocol<\/p>\n<div style=\"width: 848px;\" class=\"wp-video\"><video class=\"wp-video-shortcode\" id=\"video-369613-2\" width=\"848\" height=\"480\" preload=\"metadata\" controls=\"controls\"><source type=\"video\/mp4\" src=\"https:\/\/www.radiopiu.net\/wordpress\/wp-content\/uploads\/2024\/01\/WhatsApp-Video-2024-01-12-at-09.05.14.mp4?_=2\" \/><a href=\"https:\/\/www.radiopiu.net\/wordpress\/wp-content\/uploads\/2024\/01\/WhatsApp-Video-2024-01-12-at-09.05.14.mp4\">https:\/\/www.radiopiu.net\/wordpress\/wp-content\/uploads\/2024\/01\/WhatsApp-Video-2024-01-12-at-09.05.14.mp4<\/a><\/video><\/div>\n<p>&nbsp;<\/p>\n<p>&nbsp;<\/p>\n<hr \/>\n<p>&nbsp;<\/p>\n<p>&nbsp;<\/p>\n<p>&nbsp;<\/p>\n<div>\n<div class=\"x1cy8zhl x78zum5 x1q0g3np xod5an3 x1pi30zi x1swvt13 xz9dl7a\">\n<div class=\"x1iyjqo2\">\n<div class=\"x78zum5 xdt5ytf xz62fqu x16ldp7u\">\n<div class=\"xu06os2 x1ok221b\">\n<div class=\"x6prxxf xk50ysn xvq8zen\" dir=\"ltr\"><span class=\"xt0psk2\"><a class=\"dt-pswp-item\" href=\"https:\/\/www.radiopiu.net\/wordpress\/wp-content\/uploads\/2024\/01\/417372870_10232800803182357_1910413562985334689_n.jpg\" data-dt-img-description=\"\" data-large_image_width=\"843\" data-large_image_height=\"843\"><img loading=\"lazy\" decoding=\"async\" class=\"wp-image-369774 alignleft\" src=\"https:\/\/www.radiopiu.net\/wordpress\/wp-content\/uploads\/2024\/01\/417372870_10232800803182357_1910413562985334689_n-300x300.jpg\" alt=\"\" width=\"195\" height=\"195\" srcset=\"https:\/\/www.radiopiu.net\/wordpress\/wp-content\/uploads\/2024\/01\/417372870_10232800803182357_1910413562985334689_n-300x300.jpg 300w, https:\/\/www.radiopiu.net\/wordpress\/wp-content\/uploads\/2024\/01\/417372870_10232800803182357_1910413562985334689_n-150x150.jpg 150w, https:\/\/www.radiopiu.net\/wordpress\/wp-content\/uploads\/2024\/01\/417372870_10232800803182357_1910413562985334689_n-768x768.jpg 768w, https:\/\/www.radiopiu.net\/wordpress\/wp-content\/uploads\/2024\/01\/417372870_10232800803182357_1910413562985334689_n.jpg 843w\" sizes=\"auto, (max-width: 195px) 100vw, 195px\" \/><\/a><a class=\"x1i10hfl xjbqb8w x6umtig x1b1mbwd xaqea5y xav7gou x9f619 x1ypdohk xt0psk2 xe8uvvx xdj266r x11i5rnm xat24cr x1mh8g0r xexx8yu x4uap5 x18d9i69 xkhd6sd x16tdsg8 x1hl2dhg xggy1nq x1a2a7pz xt0b8zv xzsf02u x1s688f\" tabindex=\"0\" role=\"link\" href=\"https:\/\/www.facebook.com\/groups\/127815760432\/?hoisted_section_header_type=recently_seen&amp;multi_permalinks=10168225028925433&amp;__cft__[0]=AZV6C_NxiQUZY30ImqYFxmwynzNrq27fv-cjoDuhNuDAO0p6CVeTzb84L5nQFN8Hplki9PglxTGpyRNVcyZq7-D3Rq_GP4LUcJEfGpzY29jliIJFPjwe0IVeJmSdR5JPPzvaaurd88MG7OSJkoLhuQRrPlbyNq823mLuOtkCOeLHso3YvQ1-9KxoXrA9MmqBXrQ&amp;__tn__=-UC%2CP-R\">I DIGOMANER<\/a> <\/span><span class=\"\"><span class=\"xt0psk2\"><a class=\"x1i10hfl xjbqb8w x6umtig x1b1mbwd xaqea5y xav7gou x9f619 x1ypdohk xt0psk2 xe8uvvx xdj266r x11i5rnm xat24cr x1mh8g0r xexx8yu x4uap5 x18d9i69 xkhd6sd x16tdsg8 x1hl2dhg xggy1nq x1a2a7pz x1heor9g xt0b8zv xo1l8bm\" tabindex=\"0\" role=\"link\" href=\"https:\/\/www.facebook.com\/groups\/127815760432\/user\/1231538908\/?__cft__[0]=AZV6C_NxiQUZY30ImqYFxmwynzNrq27fv-cjoDuhNuDAO0p6CVeTzb84L5nQFN8Hplki9PglxTGpyRNVcyZq7-D3Rq_GP4LUcJEfGpzY29jliIJFPjwe0IVeJmSdR5JPPzvaaurd88MG7OSJkoLhuQRrPlbyNq823mLuOtkCOeLHso3YvQ1-9KxoXrA9MmqBXrQ&amp;__tn__=%2CP-R\"><span class=\"x193iq5w xeuugli x13faqbe x1vvkbs x1xmvt09 x1nxh6w3 x1sibtaa x1s688f xi81zsa\">Luca Pollazzon<\/span><\/a><\/span><\/span><span class=\"xh99ass\"><span class=\"xzpqnlu xjm9jq1 x6ikm8r x10wlt62 x10l6tqk x1i1rx1s\">\u00a0<\/span><span aria-hidden=\"true\"> \u00b7\u00a0 <\/span><\/span>Amministratore Persona pi\u00f9 attiva<\/div>\n<\/div>\n<div class=\"xu06os2 x1ok221b\"><span class=\"x193iq5w xeuugli x13faqbe x1vvkbs x1xmvt09 x1lliihq x1s928wv xhkezso x1gmr53x x1cpjm7i x1fgarty x1943h6x x4zkp8e x676frb x1nxh6w3 x1sibtaa xo1l8bm xi81zsa x1yc453h\" dir=\"auto\"><span id=\":r4b:\"><span class=\"xh99ass\"><span class=\"xzpqnlu xjm9jq1 x6ikm8r x10wlt62 x10l6tqk x1i1rx1s\">\u00a0<\/span><span aria-hidden=\"true\">\u00a0\u00b7\u00a0<\/span><\/span><span class=\"x4k7w5x x1h91t0o x1h9r5lt x1jfb8zj xv2umb2 x1beo9mf xaigb6o x12ejxvf x3igimt xarpa2k xedcshv x1lytzrv x1t2pt76 x7ja8zs x1qrby5j\"><a class=\"x1i10hfl xjbqb8w x6umtig x1b1mbwd xaqea5y xav7gou x9f619 x1ypdohk xt0psk2 xe8uvvx xdj266r x11i5rnm xat24cr x1mh8g0r xexx8yu x4uap5 x18d9i69 xkhd6sd x16tdsg8 x1hl2dhg xggy1nq x1a2a7pz x1heor9g xt0b8zv xo1l8bm\" tabindex=\"0\" role=\"link\" href=\"https:\/\/www.facebook.com\/groups\/127815760432\/?multi_permalinks=10168225028925433&amp;hoisted_section_header_type=recently_seen&amp;__cft__[0]=AZV6C_NxiQUZY30ImqYFxmwynzNrq27fv-cjoDuhNuDAO0p6CVeTzb84L5nQFN8Hplki9PglxTGpyRNVcyZq7-D3Rq_GP4LUcJEfGpzY29jliIJFPjwe0IVeJmSdR5JPPzvaaurd88MG7OSJkoLhuQRrPlbyNq823mLuOtkCOeLHso3YvQ1-9KxoXrA9MmqBXrQ&amp;__tn__=%2CO%2CP-R\" aria-label=\"21 h\">21 h<\/a><\/span><span class=\"xh99ass\"><span class=\"xzpqnlu xjm9jq1 x6ikm8r x10wlt62 x10l6tqk x1i1rx1s\">\u00a0<\/span><span aria-hidden=\"true\">\u00a0\u00b7\u00a0<\/span><\/span><\/span><\/span><\/div>\n<\/div>\n<\/div>\n<div class=\"xqcrz7y x78zum5 x1qx5ct2 x1y1aw1k x1sxyh0 xwib8y2 xurb0ha xw4jnvo\">\n<div>\n<div class=\"x1i10hfl x1qjc9v5 xjqpnuy xa49m3k xqeqjp1 x2hbi6w x9f619 x1ypdohk xdl72j9 x2lah0s xe8uvvx x2lwn1j xeuugli x16tdsg8 x1hl2dhg xggy1nq x1ja2u2z x1t137rt x1o1ewxj x3x9cwd x1e5q0jg x13rtm0m x1q0g3np x87ps6o x1lku1pv x1a2a7pz xjyslct xjbqb8w x13fuv20 xu3j5b3 x1q0q8m5 x26u7qi x972fbf xcfux6l x1qhh985 xm0m39n x3nfvp2 xdj266r x11i5rnm xat24cr x1mh8g0r xexx8yu x4uap5 x18d9i69 xkhd6sd x1n2onr6 x3ajldb x194ut8o x1vzenxt xd7ygy7 xt298gk x1xhcax0 x1s928wv x10pfhc2 x1j6awrg x1v53gu8 x1tfg27r xitxdhh\" tabindex=\"0\" role=\"button\" aria-expanded=\"false\" aria-haspopup=\"menu\" aria-label=\"Azioni per questo post\">\n<div class=\"x1ey2m1c xds687c xg01cxk x47corl x10l6tqk x17qophe x13vifvy x1ebt8du x19991ni x1dhq9h x14yjl9h xudhj91 x18nykt9 xww2gxu\" role=\"none\" data-visualcompletion=\"ignore\"><\/div>\n<\/div>\n<\/div>\n<\/div>\n<\/div>\n<\/div>\n<div>\n<div class=\"\" dir=\"auto\">\n<div id=\":r4c:\" class=\"x1iorvi4 x1pi30zi x1l90r2v x1swvt13\" data-ad-comet-preview=\"message\" data-ad-preview=\"message\">\n<div class=\"x78zum5 xdt5ytf xz62fqu x16ldp7u\">\n<div class=\"xu06os2 x1ok221b\">\n<div class=\"xdj266r x11i5rnm xat24cr x1mh8g0r x1vvkbs x126k92a\">\n<div dir=\"auto\">Oggi Il Gruppo DEI DIGOMANER di Facebook compie 15 anni! Grazie a tutti per aver contribuito a farlo crescere con i Vs contenuti e in particolare ad Attilio per la costante presenza e amministrazione dello stesso, oltre alle lodevoli iniziative in loco, con la posa di due bellissime targhe in quel di Digoman. Anche il 2024 porter\u00e0 qualche altra bella novit\u00e0 che sar\u00e0 visibile nel nostro paesello, in primavera arriveranno i dettagli..<\/div>\n<\/div>\n<div class=\"x11i5rnm xat24cr x1mh8g0r x1vvkbs xtlvy1s x126k92a\">\n<div dir=\"auto\">Sani a tutti.<\/div>\n<div dir=\"auto\">Luca<\/div>\n<\/div>\n<\/div>\n<\/div>\n<\/div>\n<\/div>\n<\/div>\n<p>&nbsp;<\/p>\n<p>&nbsp;<\/p>\n<p>&nbsp;<\/p>\n<hr \/>\n<p>&nbsp;<\/p>\n<p>&nbsp;<\/p>\n<p>&nbsp;<\/p>\n<blockquote>\n<h3><a class=\"dt-pswp-item\" href=\"https:\/\/www.radiopiu.net\/wordpress\/wp-content\/uploads\/2024\/01\/SCR-20240109-pzvy.png\" data-dt-img-description=\"\" data-large_image_width=\"750\" data-large_image_height=\"318\"><img loading=\"lazy\" decoding=\"async\" class=\" wp-image-369322 alignleft\" src=\"https:\/\/www.radiopiu.net\/wordpress\/wp-content\/uploads\/2024\/01\/SCR-20240109-pzvy-300x127.png\" alt=\"\" width=\"222\" height=\"94\" srcset=\"https:\/\/www.radiopiu.net\/wordpress\/wp-content\/uploads\/2024\/01\/SCR-20240109-pzvy-300x127.png 300w, https:\/\/www.radiopiu.net\/wordpress\/wp-content\/uploads\/2024\/01\/SCR-20240109-pzvy.png 750w\" sizes=\"auto, (max-width: 222px) 100vw, 222px\" \/><\/a>OPEN DAY ALLA SCUOLA DELL&#8217;INFANZIA DI AGORDO<\/h3>\n<\/blockquote>\n<p><strong>AGORDO<\/strong> E&#8217; in programma per mercoled\u00ec 24 gennaio l&#8217;open day della Scuola dell&#8217;infanzia di Agordo dedicato ai genitori. Nell&#8217;occasione si potr\u00e0 vistare la struttura ed effettuare le isrizioni per il prossimo anno scolastico. La scuola sar\u00e0 visitabile dalle 16 alle 17. Inoltre, per coloro che sono impossibilitati a visitare la scuola, il 31 gennaio dalle 9 alle 16 sar\u00e0 possibile fare l&#8217;iscrizione.<\/p>\n<p>&nbsp;<\/p>\n<hr \/>\n<p>&nbsp;<\/p>\n<p>&nbsp;<\/p>\n<h2><span style=\"color: #ff6600;\">IERI ALLA RADIO\u00a0<\/span><\/h2>\n<h1><span style=\"color: #000000;\">\u00a0&#8220;DINTORN E FORA VIA&#8221;\u00a0 IL PROGRAMMA\u00a0 A CURA DEL MUSLA\u00a0\u00a0<strong>\u00a0 \u00a0\u00a0<\/strong><\/span><span style=\"color: #ff0000;\">\u00a0<\/span><\/h1>\n<h1 style=\"text-align: center;\"><span style=\"color: #ff0000;\">TERZO\u00a0 ANNO\u00a0 \u00a02024\u00a0 \u00a0<\/span><\/h1>\n<p>&nbsp;<\/p>\n<p><strong><a class=\"dt-pswp-item\" href=\"https:\/\/www.radiopiu.net\/wordpress\/wp-content\/uploads\/2022\/05\/QUOTIDIANO-GIORNALE.jpg\" data-dt-img-description=\"\" data-large_image_width=\"1920\" data-large_image_height=\"1271\"><img loading=\"lazy\" decoding=\"async\" class=\" wp-image-274885 alignleft\" src=\"https:\/\/www.radiopiu.net\/wordpress\/wp-content\/uploads\/2022\/05\/QUOTIDIANO-GIORNALE-300x199.jpg\" alt=\"\" width=\"134\" height=\"89\" srcset=\"https:\/\/www.radiopiu.net\/wordpress\/wp-content\/uploads\/2022\/05\/QUOTIDIANO-GIORNALE-300x199.jpg 300w, https:\/\/www.radiopiu.net\/wordpress\/wp-content\/uploads\/2022\/05\/QUOTIDIANO-GIORNALE-1024x678.jpg 1024w, https:\/\/www.radiopiu.net\/wordpress\/wp-content\/uploads\/2022\/05\/QUOTIDIANO-GIORNALE-768x508.jpg 768w, https:\/\/www.radiopiu.net\/wordpress\/wp-content\/uploads\/2022\/05\/QUOTIDIANO-GIORNALE-1536x1017.jpg 1536w, https:\/\/www.radiopiu.net\/wordpress\/wp-content\/uploads\/2022\/05\/QUOTIDIANO-GIORNALE.jpg 1920w\" sizes=\"auto, (max-width: 134px) 100vw, 134px\" \/><\/a>PUNTATA DEL 12 GENNAIO 2024, ERIK MARCON\u00a0<\/strong><\/p>\n<audio class=\"wp-audio-shortcode\" id=\"audio-369613-12\" preload=\"none\" style=\"width: 100%;\" controls=\"controls\"><source type=\"audio\/mpeg\" src=\"https:\/\/www.radiopiu.net\/wordpress\/wp-content\/uploads\/2024\/01\/MUSLA-1.mp3?_=12\" \/><a href=\"https:\/\/www.radiopiu.net\/wordpress\/wp-content\/uploads\/2024\/01\/MUSLA-1.mp3\">https:\/\/www.radiopiu.net\/wordpress\/wp-content\/uploads\/2024\/01\/MUSLA-1.mp3<\/a><\/audio>\n<p>&nbsp;<\/p>\n<p>LA RACCOLTA COMPLETA <span style=\"color: #0000ff;\"><strong><a style=\"color: #0000ff;\" href=\"https:\/\/www.radiopiu.net\/wordpress\/musla\/\">CLICCA QUI\u00a0<\/a><\/strong><\/span><\/p>\n<p>&nbsp;<\/p>\n<p>&nbsp;<\/p>\n<hr \/>\n<p>&nbsp;<\/p>\n<p><a class=\"dt-pswp-item\" href=\"https:\/\/www.radiopiu.net\/wordpress\/wp-content\/uploads\/2024\/01\/Senza-nome-19.png\" data-dt-img-description=\"\" data-large_image_width=\"387\" data-large_image_height=\"84\"><img loading=\"lazy\" decoding=\"async\" class=\"wp-image-368996 size-full aligncenter\" src=\"https:\/\/www.radiopiu.net\/wordpress\/wp-content\/uploads\/2024\/01\/Senza-nome-19.png\" alt=\"\" width=\"387\" height=\"84\" srcset=\"https:\/\/www.radiopiu.net\/wordpress\/wp-content\/uploads\/2024\/01\/Senza-nome-19.png 387w, https:\/\/www.radiopiu.net\/wordpress\/wp-content\/uploads\/2024\/01\/Senza-nome-19-300x65.png 300w\" sizes=\"auto, (max-width: 387px) 100vw, 387px\" \/><\/a><\/p>\n<p>&nbsp;<\/p>\n<hr \/>\n<p>&nbsp;<\/p>\n<blockquote>\n<h3 dir=\"auto\">BANDI E CONCORSI, DAL &#8220;MERCATINO&#8221; SITO RADIOPIU.NET<\/h3>\n<\/blockquote>\n<div dir=\"auto\">\n<p><a class=\"dt-pswp-item\" href=\"https:\/\/www.radiopiu.net\/wordpress\/wp-content\/uploads\/2023\/11\/TAIBON-1.jpg\" data-dt-img-description=\"\" data-large_image_width=\"960\" data-large_image_height=\"720\"><img loading=\"lazy\" decoding=\"async\" class=\"wp-image-359597 alignleft\" src=\"https:\/\/www.radiopiu.net\/wordpress\/wp-content\/uploads\/2023\/11\/TAIBON-1-300x225.jpg\" alt=\"\" width=\"145\" height=\"109\" srcset=\"https:\/\/www.radiopiu.net\/wordpress\/wp-content\/uploads\/2023\/11\/TAIBON-1-300x225.jpg 300w, https:\/\/www.radiopiu.net\/wordpress\/wp-content\/uploads\/2023\/11\/TAIBON-1-768x576.jpg 768w, https:\/\/www.radiopiu.net\/wordpress\/wp-content\/uploads\/2023\/11\/TAIBON-1.jpg 960w\" sizes=\"auto, (max-width: 145px) 100vw, 145px\" \/><\/a><strong>IL COMUNE DI TAIBON<\/strong> RENDE NOTO CHE \u00e8 STATO INDETTO UN CONCORSO PUBBLICO PER SOLI ESAMI. SI ASSUME, A TEMPO INDETERMINATO E PIENO 1 COLLABORATORE PROFESSIONALE CONDUTTORE DI MACCHINE OPERATRICI COMPLESSE TRATTAMENTO ECONOMICO COME DA NORME CONTRATTUALI. PATENTE DI GUIDA RICHIESTA DI TIPO B, C E D IN CORSO DI VALIDIT\u00e0. Per informazioni e copie del bando gli interessati potranno rivolgersi ai seguenti recapiti: telefono: 0439 310259, mail: concorsi@feltrino.bl.it La registrazione, la compilazione e l\u2019invio on line della domanda devono essere completati entro le 12 del 12 GENNAIO<\/p>\n<p>&nbsp;<\/p>\n<p><a class=\"dt-pswp-item\" href=\"https:\/\/www.radiopiu.net\/wordpress\/wp-content\/uploads\/2020\/04\/ASCA.png\" data-dt-img-description=\"\" data-large_image_width=\"1211\" data-large_image_height=\"668\"><img loading=\"lazy\" decoding=\"async\" class=\"wp-image-128881 alignleft\" src=\"https:\/\/www.radiopiu.net\/wordpress\/wp-content\/uploads\/2020\/04\/ASCA-300x165.png\" alt=\"\" width=\"173\" height=\"95\" srcset=\"https:\/\/www.radiopiu.net\/wordpress\/wp-content\/uploads\/2020\/04\/ASCA-300x165.png 300w, https:\/\/www.radiopiu.net\/wordpress\/wp-content\/uploads\/2020\/04\/ASCA-1024x565.png 1024w, https:\/\/www.radiopiu.net\/wordpress\/wp-content\/uploads\/2020\/04\/ASCA-768x424.png 768w, https:\/\/www.radiopiu.net\/wordpress\/wp-content\/uploads\/2020\/04\/ASCA.png 1211w\" sizes=\"auto, (max-width: 173px) 100vw, 173px\" \/><\/a><strong>AVVISO DI SELEZIONE!<\/strong><br \/>\n<strong>AGORDO<\/strong> ASCA, azienda speciale consortile agordina cerca a tempo indeterminato e con orario pieno una figura\u00a0 professionale denominata REFERENTE DEGLI OPERATORI SOCIO SANITARI.\u00a0 ACCESSO WELFARE AZIENDALE, POSSIBILIT\u00e0 DI SISTEMAZIONE ABITATIVA gratuita per 8 mesi.\u00a0\u00a0 LE DOMANDE DI PARTECIPAZIONE ALLA SELEZIONE VANNO PRESENTATE ENTRO LE 12 DEL 19 gennaio<br \/>\nInformazioni sul sito <a class=\"moz-txt-link-abbreviated\" href=\"http:\/\/www.servizisocialiasca.it\">www.servizisocialiasca.it<\/a>\u00a0 sezione bandi;\u00a0 oppure ALL&#8217;UFFICIO PERSONALE ASCA: <a class=\"moz-txt-link-abbreviated\" href=\"mailto:personale@servizisocialiasca.it\">personale@servizisocialiasca.it<\/a>\u00a0 telefono 0437 63750<\/p>\n<p>&nbsp;<\/p>\n<blockquote><p><strong><a class=\"dt-pswp-item\" href=\"https:\/\/www.radiopiu.net\/wordpress\/wp-content\/uploads\/2024\/01\/322_1.jpg\" data-dt-img-description=\"\" data-large_image_width=\"800\" data-large_image_height=\"532\"><img loading=\"lazy\" decoding=\"async\" class=\"wp-image-368729 alignleft\" src=\"https:\/\/www.radiopiu.net\/wordpress\/wp-content\/uploads\/2024\/01\/322_1-300x200.jpg\" alt=\"\" width=\"228\" height=\"152\" srcset=\"https:\/\/www.radiopiu.net\/wordpress\/wp-content\/uploads\/2024\/01\/322_1-300x200.jpg 300w, https:\/\/www.radiopiu.net\/wordpress\/wp-content\/uploads\/2024\/01\/322_1-768x511.jpg 768w, https:\/\/www.radiopiu.net\/wordpress\/wp-content\/uploads\/2024\/01\/322_1.jpg 800w\" sizes=\"auto, (max-width: 228px) 100vw, 228px\" \/><\/a>SAN MARTINO IN BADIA <\/strong>La Residenza socio-assistenziale per anziani di San Martino in Val Badia cerca da subito collaboratori qualificati a tempo determinato e\/o indeterminato da inserire nell\u2019organico. I profili richiesti sono: Infermieri professionali e operatori socio-sanitari. Si offre flessibilit\u00e0 oraria su lavoro a turni, part-time 19, 24 o 29 ore settimanali o a tempo pieno 38 ore. Si offre vitto e alloggio in struttura, possibilit\u00e0 di formazione\/aggiornamento professionale, corsi di lingua e altri benefit. Viene offerto contratto di lavoro collettivo intercompartimentale per dipendenti pubblici ed eventuale retribuzione di indennit\u00e0 linguistica di trilinguismo. Per la candidatura \u00e9 necessario possedere la padronanza della lingua italiana o tedesca, la capacit\u00e0 di lavorare in team e competenze sociali oltre alla qualifica professionale richiesta. Per interesse prego contattare direttamente la struttura al numero: 0474\/524700 o scrivendo una mail a: info@ciasadepalsa.it.<\/p><\/blockquote>\n<\/div>\n<div dir=\"auto\"><\/div>\n<div dir=\"auto\"><\/div>\n<hr \/>\n<p>&nbsp;<\/p>\n<h2><span style=\"color: #ff0000;\">GLI APPUNTAMENTI DELLA SETTIMANA\u00a0 \u00a0<\/span><a class=\"dt-pswp-item\" href=\"https:\/\/www.radiopiu.net\/wordpress\/wp-content\/uploads\/2024\/01\/417835328_122113319486160070_1477154090671399943_n.jpg\" data-dt-img-description=\"\" data-large_image_width=\"843\" data-large_image_height=\"843\"><img loading=\"lazy\" decoding=\"async\" class=\"wp-image-369241 alignleft\" src=\"https:\/\/www.radiopiu.net\/wordpress\/wp-content\/uploads\/2024\/01\/417835328_122113319486160070_1477154090671399943_n-300x300.jpg\" alt=\"\" width=\"182\" height=\"182\" srcset=\"https:\/\/www.radiopiu.net\/wordpress\/wp-content\/uploads\/2024\/01\/417835328_122113319486160070_1477154090671399943_n-300x300.jpg 300w, https:\/\/www.radiopiu.net\/wordpress\/wp-content\/uploads\/2024\/01\/417835328_122113319486160070_1477154090671399943_n-150x150.jpg 150w, https:\/\/www.radiopiu.net\/wordpress\/wp-content\/uploads\/2024\/01\/417835328_122113319486160070_1477154090671399943_n-768x768.jpg 768w, https:\/\/www.radiopiu.net\/wordpress\/wp-content\/uploads\/2024\/01\/417835328_122113319486160070_1477154090671399943_n.jpg 843w\" sizes=\"auto, (max-width: 182px) 100vw, 182px\" \/><\/a><\/h2>\n<p>&nbsp;<\/p>\n<p><strong>Al cinema Dolomiti di Falcade, a grande richiesta, torna sul grande schermo C&#8217;E&#8217; ANCORA DOMANI il film di Paola Cortellesi e Valerio Mastandrea.\u00a0<\/strong><\/p>\n<div dir=\"auto\"><strong>OGGI | Ore 21:00<\/strong><\/div>\n<div dir=\"auto\"><strong>DOMANI | Ore 15:30 e 21:00<\/strong><\/div>\n<p><span style=\"color: #0000ff;\"><strong>\u00a0tra i 5 film italiani con il maggior incasso di sempre!\u00a0 \u00a0<\/strong><\/span><\/p>\n<p>&nbsp;<\/p>\n<blockquote>\n<h3>AL TEATRO BUZZATI DI BELLUNO LA RASSEGNA DI DANZA<\/h3>\n<\/blockquote>\n<p><strong>BELLUNO<\/strong> Oggi alle 21 al Teatro Dino Buzzati di Belluno arriva la grande danza con la rassegna dal titolo &#8220;Ballade&#8221;. Organizza la Fondazione Teatri Delle Dolomiti.<\/p>\n<p>&nbsp;<\/p>\n<blockquote>\n<h3>LA SAGRA DE SANT&#8217;ANTONE A CENCENIGHE<\/h3>\n<\/blockquote>\n<p><strong>CENCENIGHE<\/strong> L&#8217;amministrazione comunale e la Pro Loco di Cencenighe organizzano tre giorni di festa per la Sagra di Sant&#8217;Antone. Domani alle 14 al Nof Fil\u00f2 il torneo di scarabocio. Mercoled\u00ec 17 la santa messa alle 18. Domenica 21 il pranzo con i nonni: alle 10 la santa messa e alle 12 il pranzo al Nof Fil\u00f2 con ospiti d&#8217;onore i nonni.<\/p>\n<p>&nbsp;<\/p>\n<blockquote>\n<h3>CON IL CAI IN VALLE DEL BIOIS<\/h3>\n<\/blockquote>\n<p><strong>AGORDO<\/strong> Prima uscita dell&#8217;anno per il Cai di Agordo che domani organizza un&#8217;escursione con le racchette da neve a Jore in Valle del Biois. Per info e prenotazioni 380 6983040 dalle 16 alle 21<\/p>\n<p>&nbsp;<\/p>\n<blockquote>\n<h3>LA FESTA DEGLI ALPINI A SAN GREGORIO NELLE ALPI<\/h3>\n<\/blockquote>\n<p><strong>SAN GREGORIO NELLE ALPI<\/strong> Domani a San Gregorio nelle Alpi si terr\u00e0 la tradizionale Festa del Gruppo Alpini gen. Nasci. Il programma prevede alle 9.50 la cerimonia dell\u2019alzabandiera cui seguir\u00e0 la S. Messa e la deposizione di una corona di alloro al Monumento ai Caduti. Presso la sede degli alpini in localit\u00e0 Donada verranno consegnati contributi ad enti e associazioni. Alle 12.30 \u00e8 previsto il pranzo sociale<br \/>\npresso il Ristorante da Rosario a Toschian.<\/p>\n<p>&nbsp;<\/p>\n<p>&nbsp;<\/p>\n<hr \/>\n<p>&nbsp;<\/p>\n<p><a class=\"dt-pswp-item\" href=\"https:\/\/www.radiopiu.net\/wordpress\/wp-content\/uploads\/2018\/09\/viabilita.jpeg\" data-dt-img-description=\"\" data-large_image_width=\"800\" data-large_image_height=\"100\"><img loading=\"lazy\" decoding=\"async\" class=\"aligncenter wp-image-61954 size-full\" src=\"https:\/\/www.radiopiu.net\/wordpress\/wp-content\/uploads\/2018\/09\/viabilita.jpeg\" alt=\"\" width=\"800\" height=\"100\" srcset=\"https:\/\/www.radiopiu.net\/wordpress\/wp-content\/uploads\/2018\/09\/viabilita.jpeg 800w, https:\/\/www.radiopiu.net\/wordpress\/wp-content\/uploads\/2018\/09\/viabilita-300x38.jpeg 300w, https:\/\/www.radiopiu.net\/wordpress\/wp-content\/uploads\/2018\/09\/viabilita-768x96.jpeg 768w\" sizes=\"auto, (max-width: 800px) 100vw, 800px\" \/><\/a><\/p>\n<p>&nbsp;<\/p>\n<p><a class=\"dt-pswp-item\" href=\"https:\/\/www.radiopiu.net\/wordpress\/wp-content\/uploads\/2023\/12\/botol-car-service.jpg\" data-dt-img-description=\"\" data-large_image_width=\"600\" data-large_image_height=\"600\"><img loading=\"lazy\" decoding=\"async\" class=\"size-medium wp-image-367044 aligncenter\" src=\"https:\/\/www.radiopiu.net\/wordpress\/wp-content\/uploads\/2023\/12\/botol-car-service-300x300.jpg\" alt=\"\" width=\"300\" height=\"300\" srcset=\"https:\/\/www.radiopiu.net\/wordpress\/wp-content\/uploads\/2023\/12\/botol-car-service-300x300.jpg 300w, https:\/\/www.radiopiu.net\/wordpress\/wp-content\/uploads\/2023\/12\/botol-car-service-150x150.jpg 150w, https:\/\/www.radiopiu.net\/wordpress\/wp-content\/uploads\/2023\/12\/botol-car-service.jpg 600w\" sizes=\"auto, (max-width: 300px) 100vw, 300px\" \/><\/a><\/p>\n<p>&nbsp;<\/p>\n<blockquote>\n<h1><span style=\"color: #ff0000;\"><a class=\"dt-pswp-item\" href=\"https:\/\/www.radiopiu.net\/wordpress\/wp-content\/uploads\/2020\/05\/VENETO-STRADE.png\" data-dt-img-description=\"\" data-large_image_width=\"400\" data-large_image_height=\"400\"><img loading=\"lazy\" decoding=\"async\" class=\"wp-image-135574 alignleft\" src=\"https:\/\/www.radiopiu.net\/wordpress\/wp-content\/uploads\/2020\/05\/VENETO-STRADE-300x300.png\" alt=\"\" width=\"102\" height=\"102\" srcset=\"https:\/\/www.radiopiu.net\/wordpress\/wp-content\/uploads\/2020\/05\/VENETO-STRADE-300x300.png 300w, https:\/\/www.radiopiu.net\/wordpress\/wp-content\/uploads\/2020\/05\/VENETO-STRADE-150x150.png 150w, https:\/\/www.radiopiu.net\/wordpress\/wp-content\/uploads\/2020\/05\/VENETO-STRADE.png 400w\" sizes=\"auto, (max-width: 102px) 100vw, 102px\" \/><\/a>AGGIORNAMENTO QUOTIDIANO, IN\u00a0 COLLABORAZIONE CON VENETO STRADE<\/span><\/h1>\n<p>&nbsp;<\/p><\/blockquote>\n<blockquote><p>Si raccomanda di percorrere i passi al di sopra dei 1200 m slm con catene montate; le catene devono essere montate fuori dalla sede stradale, per non intralciare il traffico e le operazioni di sgombero neve dal piano viabile. Si raccomanda di prestare la massima attenzione nella guida per la possibile presenza di tratti resi scivolosi causati da neve fortemente bagnata<\/p>\n<p>\u00c8 chiuso per periodo invernale il seguente tratto stradale: &#8211; S.P. 33 \u201cdi Sauris\u201d dal km 0+000 (innesto S.P. 619) al km 6+800 (confine Provincia di Udine).<\/p><\/blockquote>\n<p><strong>SOSPIROLO\u00a0<\/strong> Lungo la provinciale 2 tra Pian Falcina e Gena Bassa in Comune di Sospirolo\u00a0 <span style=\"color: #ff0000;\">fino al 15 febbraio,<\/span> sabato e domeniche compresi, senso unico alternato regolato da semaforo o movieri, interruzioni alla viabilit\u00e0 fino a 10 minuti per tratti di 200 metri.<\/p>\n<p>&nbsp;<\/p>\n<hr \/>\n<p>&nbsp;<\/p>\n<p><a class=\"dt-pswp-item\" href=\"https:\/\/www.radiopiu.net\/wordpress\/wp-content\/uploads\/2018\/09\/WhatsApp-Image-2018-09-20-at-16.04.06.jpeg\" data-dt-img-description=\"\" data-large_image_width=\"800\" data-large_image_height=\"100\"><img loading=\"lazy\" decoding=\"async\" class=\"wp-image-61378 size-full aligncenter\" src=\"https:\/\/www.radiopiu.net\/wordpress\/wp-content\/uploads\/2018\/09\/WhatsApp-Image-2018-09-20-at-16.04.06.jpeg\" alt=\"\" width=\"800\" height=\"100\" srcset=\"https:\/\/www.radiopiu.net\/wordpress\/wp-content\/uploads\/2018\/09\/WhatsApp-Image-2018-09-20-at-16.04.06.jpeg 800w, https:\/\/www.radiopiu.net\/wordpress\/wp-content\/uploads\/2018\/09\/WhatsApp-Image-2018-09-20-at-16.04.06-300x38.jpeg 300w, https:\/\/www.radiopiu.net\/wordpress\/wp-content\/uploads\/2018\/09\/WhatsApp-Image-2018-09-20-at-16.04.06-768x96.jpeg 768w\" sizes=\"auto, (max-width: 800px) 100vw, 800px\" \/><\/a><\/p>\n<p><center><\/center><b>\u00a0 \u00a0<\/b><\/p>\n<p><center><b>OGGI<\/b><\/center><b>Tempo atteso: <\/b>Tempo ancora stabile e ben soleggiato con cielo sereno, aria tersa e ottima visibilit\u00e0, salvo qualche foschia nelle ore fredde in alcune valli prealpine in prossimit\u00e0 dei corsi d&#8217;acqua.<br \/>\n<b>Precipitazioni: <\/b>Assenti<br \/>\n<b>Temperature: <\/b>Minime senza notevoli variazioni o in lieve aumento specie in alta montagna, massime in lieve o contenuto aumento soprattutto in alta montagna, con elevata escursione termica giornaliera soprattutto negli altipiani e nelle valli ben soleggiate.<\/p>\n<hr \/>\n<p><center><b>DOMANI<\/b><\/center><b>Tempo atteso: <\/b>Ancora una giornata con tempo stabile e completamente priva di nubi almeno al mattino, con aria tersa e ottima visibilit\u00e0. Dalle ore centrali possibile transito di innocue e leggere velature.<br \/>\n<b>Precipitazioni: <\/b>Assenti<br \/>\n<b>Temperature: <\/b>In alta montagna minime in lieve o contenuto aumento e misurate a fine giornata sulle Prealpi, massime in lieve calo; nelle valli senza variazioni di rilievo o in lieve calo.<\/p>\n<hr \/>\n<p><center><b>LUNEDI<\/b><\/center>Tempo ancora stabile e ben soleggiato con cielo sereno, aria tersa e ottima visibilit\u00e0 su tutto l&#8217;arco alpino, salvo locali e temporanee foschie in alcune valli prealpine nelle ore fredde. Temperature in lieve o contenuta diminuzione specie in quota.<\/p>\n<hr \/>\n<p><center><b>MARTEDI<\/b><\/center>Tempo stabile e ancora ben soleggiato con aria tersa e ottima visibilit\u00e0, salvo locali e temporanee foschie nelle ore fredde. Clima invernale. Temperature in lieve o contenuta diminuzione.<\/p>\n<p><center><\/center>&nbsp;<\/p>\n<p>&nbsp;<\/p>\n<p><center><\/center><center><\/center><a class=\"dt-pswp-item\" href=\"https:\/\/www.radiopiu.net\/wordpress\/wp-content\/uploads\/2024\/01\/Senza-nome-35.png\" data-dt-img-description=\"\" data-large_image_width=\"504\" data-large_image_height=\"286\"><img loading=\"lazy\" decoding=\"async\" class=\"wp-image-369483 size-full aligncenter\" src=\"https:\/\/www.radiopiu.net\/wordpress\/wp-content\/uploads\/2024\/01\/Senza-nome-35.png\" alt=\"\" width=\"504\" height=\"286\" srcset=\"https:\/\/www.radiopiu.net\/wordpress\/wp-content\/uploads\/2024\/01\/Senza-nome-35.png 504w, https:\/\/www.radiopiu.net\/wordpress\/wp-content\/uploads\/2024\/01\/Senza-nome-35-300x170.png 300w\" sizes=\"auto, (max-width: 504px) 100vw, 504px\" \/><\/a><\/p>\n<p>&nbsp;<\/p>\n<hr \/>\n<p>&nbsp;<\/p>\n<p><img loading=\"lazy\" decoding=\"async\" class=\"wp-image-60761 size-full aligncenter\" src=\"https:\/\/www.radiopiu.net\/wordpress\/wp-content\/uploads\/2018\/09\/sport.jpg\" alt=\"\" width=\"800\" height=\"100\" srcset=\"https:\/\/www.radiopiu.net\/wordpress\/wp-content\/uploads\/2018\/09\/sport.jpg 800w, https:\/\/www.radiopiu.net\/wordpress\/wp-content\/uploads\/2018\/09\/sport-300x38.jpg 300w, https:\/\/www.radiopiu.net\/wordpress\/wp-content\/uploads\/2018\/09\/sport-768x96.jpg 768w\" sizes=\"auto, (max-width: 800px) 100vw, 800px\" \/><\/p>\n<p>&nbsp;<\/p>\n<p><span style=\"color: #0000ff;\"><strong>HOCKEY SU GHIACCIO<\/strong><\/span><\/p>\n<blockquote>\n<h3><a class=\"dt-pswp-item\" href=\"https:\/\/www.radiopiu.net\/wordpress\/wp-content\/uploads\/2024\/01\/c6561e8d-c706-ed54-4180-3e99e15abecd.jpg\" data-dt-img-description=\"\" data-large_image_width=\"2100\" data-large_image_height=\"1469\"><img loading=\"lazy\" decoding=\"async\" class=\" wp-image-369748 alignleft\" src=\"https:\/\/www.radiopiu.net\/wordpress\/wp-content\/uploads\/2024\/01\/c6561e8d-c706-ed54-4180-3e99e15abecd-300x210.jpg\" alt=\"\" width=\"219\" height=\"153\" srcset=\"https:\/\/www.radiopiu.net\/wordpress\/wp-content\/uploads\/2024\/01\/c6561e8d-c706-ed54-4180-3e99e15abecd-300x210.jpg 300w, https:\/\/www.radiopiu.net\/wordpress\/wp-content\/uploads\/2024\/01\/c6561e8d-c706-ed54-4180-3e99e15abecd-1024x716.jpg 1024w, https:\/\/www.radiopiu.net\/wordpress\/wp-content\/uploads\/2024\/01\/c6561e8d-c706-ed54-4180-3e99e15abecd-768x537.jpg 768w, https:\/\/www.radiopiu.net\/wordpress\/wp-content\/uploads\/2024\/01\/c6561e8d-c706-ed54-4180-3e99e15abecd-1536x1074.jpg 1536w, https:\/\/www.radiopiu.net\/wordpress\/wp-content\/uploads\/2024\/01\/c6561e8d-c706-ed54-4180-3e99e15abecd-2048x1433.jpg 2048w\" sizes=\"auto, (max-width: 219px) 100vw, 219px\" \/><\/a>L&#8217;ITALIA FEMMINILE UNDER 18 TERMINA IL MONDIALE AL SECONDO POSTO<\/h3>\n<\/blockquote>\n<p>La Nazionale femminile U18 italiana non riesce a conquistare la Top Division, perdendo 6-1 contro il Giappone nell&#8217;ultima partita dei Mondiali Divisione I Gruppo A a Egna. Nonostante la sconfitta, le Azzurrine chiudono il torneo con la medaglia d&#8217;argento, un risultato positivo che conferma il talento e la grinta della squadra. Il Giappone ottiene la promozione in Top Division, mentre la Danimarca retrocede.<\/p>\n<p>&nbsp;<\/p>\n<p><span style=\"color: #0000ff;\"><strong>CORSA IN MONTAGNA<\/strong><\/span><\/p>\n<blockquote>\n<h3>LUNEDI&#8217; AL VIA LE ISCRIZIONI ALLA TRANSCIVETTA<\/h3>\n<\/blockquote>\n<p><strong><a class=\"dt-pswp-item\" href=\"https:\/\/www.radiopiu.net\/wordpress\/wp-content\/uploads\/2024\/01\/\u00a9EchidiAlessandroSogne-26-PASSAGGIO-LAGO-COLDAI-2022.jpg\" data-dt-img-description=\"\" data-large_image_width=\"1700\" data-large_image_height=\"1133\"><img loading=\"lazy\" decoding=\"async\" class=\" wp-image-369714 alignleft\" src=\"https:\/\/www.radiopiu.net\/wordpress\/wp-content\/uploads\/2024\/01\/\u00a9EchidiAlessandroSogne-26-PASSAGGIO-LAGO-COLDAI-2022-300x200.jpg\" alt=\"\" width=\"166\" height=\"110\" srcset=\"https:\/\/www.radiopiu.net\/wordpress\/wp-content\/uploads\/2024\/01\/\u00a9EchidiAlessandroSogne-26-PASSAGGIO-LAGO-COLDAI-2022-300x200.jpg 300w, https:\/\/www.radiopiu.net\/wordpress\/wp-content\/uploads\/2024\/01\/\u00a9EchidiAlessandroSogne-26-PASSAGGIO-LAGO-COLDAI-2022-1024x682.jpg 1024w, https:\/\/www.radiopiu.net\/wordpress\/wp-content\/uploads\/2024\/01\/\u00a9EchidiAlessandroSogne-26-PASSAGGIO-LAGO-COLDAI-2022-768x512.jpg 768w, https:\/\/www.radiopiu.net\/wordpress\/wp-content\/uploads\/2024\/01\/\u00a9EchidiAlessandroSogne-26-PASSAGGIO-LAGO-COLDAI-2022-1536x1024.jpg 1536w, https:\/\/www.radiopiu.net\/wordpress\/wp-content\/uploads\/2024\/01\/\u00a9EchidiAlessandroSogne-26-PASSAGGIO-LAGO-COLDAI-2022.jpg 1700w\" sizes=\"auto, (max-width: 166px) 100vw, 166px\" \/><\/a>ALLEGHE<\/strong> Le iscrizioni alla 42\u00aa edizione della Transcivetta Karpos, gara di corsa in montagna a coppie, apriranno luned\u00ec 15 gennaio. L&#8217;evento si terr\u00e0 il 21 luglio, con partenza da Listolade di Taibon Agordino e arrivo ad Alleghe. Le iscrizioni possono essere effettuate sul sito ufficiale della manifestazione fino al 3 luglio, con una quota di 90 euro a coppia fino al 31 marzo, che successivamente aumenter\u00e0 a 100 euro. La partecipazione pu\u00f2 avvenire in modalit\u00e0 competitiva o non competitiva, con la possibilit\u00e0 di iscriversi anche senza certificato medico agonistico in quest&#8217;ultimo caso.<\/p>\n<p>&nbsp;<\/p>\n<p>&nbsp;<\/p>\n","protected":false},"excerpt":{"rendered":"<p>*** &nbsp; &nbsp; &nbsp; 40esimo di RADIOPIU\u2026. LA VOCE DELL\u2019EMOZIONE ISCRIVITI AL NOSTRO CANALE\u00a0\u00a0YOUTUBE PER SEGUIRE IN DIRETTA I PRINCIPALI PROGRAMMI DI RADIO PIU\u2019 E LE FUTURE DIRETTE IN ESTERNA. PER ISCRIVERTI CLICCA QUI\u00a0E PREMI\u00a0 \u201cIscriviti\u201d\u00a0\u00a0 &nbsp; LE MONGOLFIERE NEI CIELI AGORDINI REDAZIONE Ieri alcune mongolfiere hanno sorvolato i cieli agordini&#8230;ma non solo, grazie a&hellip;<\/p>\n","protected":false},"author":4,"featured_media":369758,"comment_status":"closed","ping_status":"closed","sticky":false,"template":"","format":"standard","meta":{"_monsterinsights_skip_tracking":false,"_monsterinsights_sitenote_active":false,"_monsterinsights_sitenote_note":"","_monsterinsights_sitenote_category":0,"footnotes":""},"categories":[51,86,49],"tags":[],"class_list":["post-369613","post","type-post","status-publish","format-standard","has-post-thumbnail","hentry","category-evidenza-top","category-gr","category-news-18","category-51","category-86","category-49","description-off"],"img_url":"https:\/\/www.radiopiu.net\/wordpress\/wp-content\/uploads\/2024\/01\/Senza-nome-42.png","_links":{"self":[{"href":"https:\/\/www.radiopiu.net\/wordpress\/wp-json\/wp\/v2\/posts\/369613","targetHints":{"allow":["GET"]}}],"collection":[{"href":"https:\/\/www.radiopiu.net\/wordpress\/wp-json\/wp\/v2\/posts"}],"about":[{"href":"https:\/\/www.radiopiu.net\/wordpress\/wp-json\/wp\/v2\/types\/post"}],"author":[{"embeddable":true,"href":"https:\/\/www.radiopiu.net\/wordpress\/wp-json\/wp\/v2\/users\/4"}],"replies":[{"embeddable":true,"href":"https:\/\/www.radiopiu.net\/wordpress\/wp-json\/wp\/v2\/comments?post=369613"}],"version-history":[{"count":0,"href":"https:\/\/www.radiopiu.net\/wordpress\/wp-json\/wp\/v2\/posts\/369613\/revisions"}],"wp:featuredmedia":[{"embeddable":true,"href":"https:\/\/www.radiopiu.net\/wordpress\/wp-json\/wp\/v2\/media\/369758"}],"wp:attachment":[{"href":"https:\/\/www.radiopiu.net\/wordpress\/wp-json\/wp\/v2\/media?parent=369613"}],"wp:term":[{"taxonomy":"category","embeddable":true,"href":"https:\/\/www.radiopiu.net\/wordpress\/wp-json\/wp\/v2\/categories?post=369613"},{"taxonomy":"post_tag","embeddable":true,"href":"https:\/\/www.radiopiu.net\/wordpress\/wp-json\/wp\/v2\/tags?post=369613"}],"curies":[{"name":"wp","href":"https:\/\/api.w.org\/{rel}","templated":true}]}}