{"id":369652,"date":"2024-01-13T05:19:43","date_gmt":"2024-01-13T04:19:43","guid":{"rendered":"https:\/\/www.radiopiu.net\/wordpress\/?p=369652"},"modified":"2024-01-13T05:27:03","modified_gmt":"2024-01-13T04:27:03","slug":"dillo-a-radio-piu-noi-siamo-e-vogliamo-rimanere-cio-che-siamo","status":"publish","type":"post","link":"https:\/\/www.radiopiu.net\/wordpress\/dillo-a-radio-piu-noi-siamo-e-vogliamo-rimanere-cio-che-siamo\/","title":{"rendered":"DILLO A RADIO PIU &#8230;. &#8220;Noi siamo e vogliamo rimanere ci\u00f2 che siamo&#8221;"},"content":{"rendered":"<p>***<\/p>\n<blockquote><p><em>Riceviamo a pubblichiamo alcune considerazioni personali da Colle Santa Lucia\u00a0<\/em><\/p><\/blockquote>\n<p><strong>di Franz Dell&#8217;Andrea, cittadino di Colle Santa Lucia.<\/strong><\/p>\n<p>&nbsp;<\/p>\n<p>&nbsp;<\/p>\n<p><img loading=\"lazy\" decoding=\"async\" class=\"alignleft\" src=\"https:\/\/www.radiopiu.net\/wordpress\/wp-content\/uploads\/2021\/08\/COLLE-SANTA-LUCIA.jpg\" width=\"296\" height=\"222\" \/>Ci troviamo spesso ad assistere e tollerare situazioni spiacevoli, senza avere la forza o la possibilit\u00e0 di<br \/>\nmetterci del nostro per migliorare la realt\u00e0 delle cose. Siamo costretti a subirle, anche quando sono<br \/>\ncaratterizzate da aspetti universalmente riconosciuti come deplorevoli o inaccettabili. Le comunit\u00e0 di<br \/>\nminoranza si trovano spesso in questa situazione e troppe volte si sono fatte il callo a forza di resistere<br \/>\nvalorosamente. La comunit\u00e0 di Colle Santa Lucia, insieme agli altri due comuni ladini del Veneto, subiscono le angherie dei \u201cpoteri forti\u201d da pi\u00f9 di un secolo. Appena dopo la Prima Guerra Mondiale gli abitanti sono stati strappati (sulla carta ma non nel sentimento!) dalla loro secolare madre patria, l\u2019amata Terra Tirolese, per essere redenti, come dicevano e volevano gli italiani. Non si \u00e8 mai capito bene da cosa dovevano essere redenti, certo \u00e8 che dopo la separazione dal resto della Ladinia, ben presto sono cominciati i problemi, alcuni dei quali perdurano ancora oggi. Innumerevoli sono stati in questo ultimo secolo i tentativi intellettuali, politici e religiosi di soffocare la determinazione e l\u2019orgoglio del Popolo Ladino che da sempre sostiene una cosa molto semplice: \u201cNoi siamo e vogliamo rimanere ci\u00f2 che siamo!!!\u201d. Questo orgoglio evidentemente ha sempre dato fastidio a quelli che non lo hanno mai voluto comprendere, n\u00e9 in passato n\u00e9 tantomeno ora. Oggi siamo testimoni di un ennesimo tentativo.<\/p>\n<blockquote><p><strong><em>\u00c8 vero che i politici non dovrebbero immischiarsi negli affari della Chiesa ma \u00e8 altrettanto inopportuno che <\/em><\/strong><strong><em>presbiteri e vescovi si immischino in faccende politiche o comunque cerchino di influenzarle<\/em><\/strong>.<\/p><\/blockquote>\n<p>La riunificazione della Parrocchia di Colle Santa Lucia con il Decanato di Livinallongo, dopo essere stata<br \/>\nauspicata dalla popolazione, \u00e8 stata in qualche modo boicottata, per interessi e ragioni che a mio modo di<br \/>\nvedere possono essere solamente di rilevanza politica, in quanto la sperimentazione pastorale degli ultimi<br \/>\nvent\u2019anni \u00e8 evidentemente fallita. Lo stesso Decanato, la cui esistenza era stata garantita dal Vescovo<br \/>\ndiocesano in seguito ad un sollevamento della popolazione, ora sembra non esista pi\u00f9, anche se mai<br \/>\nsoppresso ufficialmente. C\u2019\u00e8 da augurarsi che l\u2019antica istituzione del Decanato non sia stata mantenuta in<br \/>\npiedi solo in modo apparente e fittizio, semplicemente per tenere buoni \u201csti quattro parrocchiani<br \/>\nmontanari\u201d, perch\u00e9 questo sarebbe inaccettabile.<\/p>\n<blockquote>\n<h3><em>L\u2019 amministrazione della Parrocchia di Colle S. Lucia \u00e8 stata affidata e rimane tutt\u2019 ora nelle mani di don Renato Tasso, salesiano che non ha compreso e rispettato la sensibilit\u00e0 di questa piccola comunit\u00e0 di minoranza, ma piuttosto ha deriso dal pulpito la comunit\u00e0 stessa, ridicolizzando le nostre peculiarit\u00e0 e la nostra tradizione.<\/em><\/h3>\n<\/blockquote>\n<p>Cerca continuamente di imprimere alla comunit\u00e0 cambiamenti in contrasto con la sensibilit\u00e0 dei residenti; e lo fa spingendosi nell\u2019ambito politico, come quando sugger\u00ec sul foglietto settimanale la fusione dei comuni di Colle S. Lucia e Selva di Cadore (ecco perch\u00e9 ho precedentemente accennato alle ingerenze tra politica e religione!). Sempre don Tasso, sperava nella creazione di un Consiglio Pastorale Parrocchiale che sostenesse le sue idee (e in questo s\u00ec che si era adoperato), ma la popolazione di Colle Santa Lucia ha deciso diversamente, con un plebiscito che ha eletto tutti componenti che hanno una certa sensibilit\u00e0 e la pensano in una maniera ben precisa. Tutto questo accade mentre il Vescovo di Belluno sembra starsene con le mani conserte ad osservare: non si capisce veramente se sia complice o solo indifferente e insensibile. Sperando che questo mio sfogo personale serva a qualcosa, rimaniamo in fiduciosa attesa per vedere cosa ci riserver\u00e0 questo nuovo anno.<\/p>\n<blockquote><p><strong>Radio Pi\u00f9, dopo aver pubblicato la lettera di Franz Dell&#8217;Andrea, invitano Don Renato Tasso e il vescovo della Diocesi ad intervenire, se lo ritengono utile e interessante al dibattito.<\/strong><\/p><\/blockquote>\n<p>&nbsp;<\/p>\n<p>______<\/p>\n","protected":false},"excerpt":{"rendered":"<p>*** Riceviamo a pubblichiamo alcune considerazioni personali da Colle Santa Lucia\u00a0 di Franz Dell&#8217;Andrea, cittadino di Colle Santa Lucia. &nbsp; &nbsp; Ci troviamo spesso ad assistere e tollerare situazioni spiacevoli, senza avere la forza o la possibilit\u00e0 di metterci del nostro per migliorare la realt\u00e0 delle cose. Siamo costretti a subirle, anche quando sono caratterizzate&hellip;<\/p>\n","protected":false},"author":4,"featured_media":229239,"comment_status":"closed","ping_status":"closed","sticky":false,"template":"","format":"standard","meta":{"_monsterinsights_skip_tracking":false,"_monsterinsights_sitenote_active":false,"_monsterinsights_sitenote_note":"","_monsterinsights_sitenote_category":0,"footnotes":""},"categories":[51,49],"tags":[],"class_list":["post-369652","post","type-post","status-publish","format-standard","has-post-thumbnail","hentry","category-evidenza-top","category-news-18","category-51","category-49","description-off"],"img_url":"https:\/\/www.radiopiu.net\/wordpress\/wp-content\/uploads\/2021\/08\/COLLE-SANTA-LUCIA.jpg","_links":{"self":[{"href":"https:\/\/www.radiopiu.net\/wordpress\/wp-json\/wp\/v2\/posts\/369652","targetHints":{"allow":["GET"]}}],"collection":[{"href":"https:\/\/www.radiopiu.net\/wordpress\/wp-json\/wp\/v2\/posts"}],"about":[{"href":"https:\/\/www.radiopiu.net\/wordpress\/wp-json\/wp\/v2\/types\/post"}],"author":[{"embeddable":true,"href":"https:\/\/www.radiopiu.net\/wordpress\/wp-json\/wp\/v2\/users\/4"}],"replies":[{"embeddable":true,"href":"https:\/\/www.radiopiu.net\/wordpress\/wp-json\/wp\/v2\/comments?post=369652"}],"version-history":[{"count":0,"href":"https:\/\/www.radiopiu.net\/wordpress\/wp-json\/wp\/v2\/posts\/369652\/revisions"}],"wp:featuredmedia":[{"embeddable":true,"href":"https:\/\/www.radiopiu.net\/wordpress\/wp-json\/wp\/v2\/media\/229239"}],"wp:attachment":[{"href":"https:\/\/www.radiopiu.net\/wordpress\/wp-json\/wp\/v2\/media?parent=369652"}],"wp:term":[{"taxonomy":"category","embeddable":true,"href":"https:\/\/www.radiopiu.net\/wordpress\/wp-json\/wp\/v2\/categories?post=369652"},{"taxonomy":"post_tag","embeddable":true,"href":"https:\/\/www.radiopiu.net\/wordpress\/wp-json\/wp\/v2\/tags?post=369652"}],"curies":[{"name":"wp","href":"https:\/\/api.w.org\/{rel}","templated":true}]}}