{"id":369723,"date":"2024-01-12T15:57:47","date_gmt":"2024-01-12T14:57:47","guid":{"rendered":"https:\/\/www.radiopiu.net\/wordpress\/?p=369723"},"modified":"2024-01-12T15:57:47","modified_gmt":"2024-01-12T14:57:47","slug":"a-ponte-nelle-alpi-verra-inaugurato-il-nuovo-ufficio-relazioni","status":"publish","type":"post","link":"https:\/\/www.radiopiu.net\/wordpress\/a-ponte-nelle-alpi-verra-inaugurato-il-nuovo-ufficio-relazioni\/","title":{"rendered":"A PONTE NELLE ALPI VERRA&#8217; INAUGURATO IL NUOVO UFFICIO RELAZIONI"},"content":{"rendered":"<p>*****<\/p>\n<p>&nbsp;<\/p>\n<p><strong><a class=\"dt-pswp-item\" href=\"https:\/\/www.radiopiu.net\/wordpress\/wp-content\/uploads\/2024\/01\/Il_nuovo_Ufficio_relazioni_con_il_pubblico.jpg\" data-dt-img-description=\"\" data-large_image_width=\"1591\" data-large_image_height=\"1193\"><img loading=\"lazy\" decoding=\"async\" class=\" wp-image-369710 alignleft\" src=\"https:\/\/www.radiopiu.net\/wordpress\/wp-content\/uploads\/2024\/01\/Il_nuovo_Ufficio_relazioni_con_il_pubblico-300x225.jpg\" alt=\"\" width=\"191\" height=\"143\" srcset=\"https:\/\/www.radiopiu.net\/wordpress\/wp-content\/uploads\/2024\/01\/Il_nuovo_Ufficio_relazioni_con_il_pubblico-300x225.jpg 300w, https:\/\/www.radiopiu.net\/wordpress\/wp-content\/uploads\/2024\/01\/Il_nuovo_Ufficio_relazioni_con_il_pubblico-1024x768.jpg 1024w, https:\/\/www.radiopiu.net\/wordpress\/wp-content\/uploads\/2024\/01\/Il_nuovo_Ufficio_relazioni_con_il_pubblico-768x576.jpg 768w, https:\/\/www.radiopiu.net\/wordpress\/wp-content\/uploads\/2024\/01\/Il_nuovo_Ufficio_relazioni_con_il_pubblico-1536x1152.jpg 1536w, https:\/\/www.radiopiu.net\/wordpress\/wp-content\/uploads\/2024\/01\/Il_nuovo_Ufficio_relazioni_con_il_pubblico.jpg 1591w\" sizes=\"auto, (max-width: 191px) 100vw, 191px\" \/><\/a>PONTE NELLE ALPI<\/strong> Verr\u00e0 inaugurato mercoled\u00ec il nuovo ufficio relazioni con il pubblico di Ponte nelle Alpi ai Coi de Pera, mentre entrer\u00e0 in funzione a febbraio il servizio di infermiere di prossimit\u00e0.<\/p>\n<p><strong>DI DANIELE DALVIT<\/strong><\/p>\n<audio class=\"wp-audio-shortcode\" id=\"audio-369723-1\" preload=\"none\" style=\"width: 100%;\" controls=\"controls\"><source type=\"audio\/mpeg\" src=\"https:\/\/www.radiopiu.net\/wordpress\/wp-content\/uploads\/2024\/01\/Radio-Piu-Servizio-Servizi-esterni-Ponte-nelle-Alpi.mp3?_=1\" \/><a href=\"https:\/\/www.radiopiu.net\/wordpress\/wp-content\/uploads\/2024\/01\/Radio-Piu-Servizio-Servizi-esterni-Ponte-nelle-Alpi.mp3\">https:\/\/www.radiopiu.net\/wordpress\/wp-content\/uploads\/2024\/01\/Radio-Piu-Servizio-Servizi-esterni-Ponte-nelle-Alpi.mp3<\/a><\/audio>\n<p>&nbsp;<\/p>\n<p>&nbsp;<\/p>\n<p>******<\/p>\n","protected":false},"excerpt":{"rendered":"<p>***** &nbsp; PONTE NELLE ALPI Verr\u00e0 inaugurato mercoled\u00ec il nuovo ufficio relazioni con il pubblico di Ponte nelle Alpi ai Coi de Pera, mentre entrer\u00e0 in funzione a febbraio il servizio di infermiere di prossimit\u00e0. DI DANIELE DALVIT &nbsp; &nbsp; ******<\/p>\n","protected":false},"author":4,"featured_media":369710,"comment_status":"closed","ping_status":"closed","sticky":false,"template":"","format":"standard","meta":{"_monsterinsights_skip_tracking":false,"_monsterinsights_sitenote_active":false,"_monsterinsights_sitenote_note":"","_monsterinsights_sitenote_category":0,"footnotes":""},"categories":[49],"tags":[],"class_list":["post-369723","post","type-post","status-publish","format-standard","has-post-thumbnail","hentry","category-news-18","category-49","description-off"],"img_url":"https:\/\/www.radiopiu.net\/wordpress\/wp-content\/uploads\/2024\/01\/Il_nuovo_Ufficio_relazioni_con_il_pubblico.jpg","_links":{"self":[{"href":"https:\/\/www.radiopiu.net\/wordpress\/wp-json\/wp\/v2\/posts\/369723","targetHints":{"allow":["GET"]}}],"collection":[{"href":"https:\/\/www.radiopiu.net\/wordpress\/wp-json\/wp\/v2\/posts"}],"about":[{"href":"https:\/\/www.radiopiu.net\/wordpress\/wp-json\/wp\/v2\/types\/post"}],"author":[{"embeddable":true,"href":"https:\/\/www.radiopiu.net\/wordpress\/wp-json\/wp\/v2\/users\/4"}],"replies":[{"embeddable":true,"href":"https:\/\/www.radiopiu.net\/wordpress\/wp-json\/wp\/v2\/comments?post=369723"}],"version-history":[{"count":0,"href":"https:\/\/www.radiopiu.net\/wordpress\/wp-json\/wp\/v2\/posts\/369723\/revisions"}],"wp:featuredmedia":[{"embeddable":true,"href":"https:\/\/www.radiopiu.net\/wordpress\/wp-json\/wp\/v2\/media\/369710"}],"wp:attachment":[{"href":"https:\/\/www.radiopiu.net\/wordpress\/wp-json\/wp\/v2\/media?parent=369723"}],"wp:term":[{"taxonomy":"category","embeddable":true,"href":"https:\/\/www.radiopiu.net\/wordpress\/wp-json\/wp\/v2\/categories?post=369723"},{"taxonomy":"post_tag","embeddable":true,"href":"https:\/\/www.radiopiu.net\/wordpress\/wp-json\/wp\/v2\/tags?post=369723"}],"curies":[{"name":"wp","href":"https:\/\/api.w.org\/{rel}","templated":true}]}}