{"id":369798,"date":"2024-01-15T05:31:01","date_gmt":"2024-01-15T04:31:01","guid":{"rendered":"https:\/\/www.radiopiu.net\/wordpress\/?p=369798"},"modified":"2024-01-15T08:36:56","modified_gmt":"2024-01-15T07:36:56","slug":"giornale-radiopiu-15-gennaio-2024-direttore-mirko-mezzacasada-40-anni-25-giugno-1983-25-giugno-2023","status":"publish","type":"post","link":"https:\/\/www.radiopiu.net\/wordpress\/giornale-radiopiu-15-gennaio-2024-direttore-mirko-mezzacasada-40-anni-25-giugno-1983-25-giugno-2023\/","title":{"rendered":"GIORNALE RADIOPIU 15 GENNAIO 2024 DIRETTORE MIRKO MEZZACASA\u2026DA 40 ANNI 25 GIUGNO 1983-25 GIUGNO 2023"},"content":{"rendered":"<h1>***<\/h1>\n<p>&nbsp;<\/p>\n<p>&nbsp;<\/p>\n<p><a class=\"dt-pswp-item\" href=\"https:\/\/www.radiopiu.net\/wordpress\/wp-content\/uploads\/2024\/01\/Senza-nome-19.png\" data-dt-img-description=\"\" data-large_image_width=\"387\" data-large_image_height=\"84\"><img loading=\"lazy\" decoding=\"async\" class=\"wp-image-368996 size-full aligncenter\" src=\"https:\/\/www.radiopiu.net\/wordpress\/wp-content\/uploads\/2024\/01\/Senza-nome-19.png\" alt=\"\" width=\"387\" height=\"84\" srcset=\"https:\/\/www.radiopiu.net\/wordpress\/wp-content\/uploads\/2024\/01\/Senza-nome-19.png 387w, https:\/\/www.radiopiu.net\/wordpress\/wp-content\/uploads\/2024\/01\/Senza-nome-19-300x65.png 300w\" sizes=\"auto, (max-width: 387px) 100vw, 387px\" \/><\/a><\/p>\n<p>&nbsp;<\/p>\n<h1 class=\"entry-title photoswipe-wrapper\"><strong><a class=\"dt-pswp-item\" href=\"https:\/\/www.radiopiu.net\/wordpress\/wp-content\/uploads\/2023\/12\/logo-radio.jpg\" data-dt-img-description=\"\" data-large_image_width=\"800\" data-large_image_height=\"600\"><img loading=\"lazy\" decoding=\"async\" class=\"wp-image-367163 alignleft\" src=\"https:\/\/www.radiopiu.net\/wordpress\/wp-content\/uploads\/2023\/12\/logo-radio-300x225.jpg\" alt=\"\" width=\"109\" height=\"82\" srcset=\"https:\/\/www.radiopiu.net\/wordpress\/wp-content\/uploads\/2023\/12\/logo-radio-300x225.jpg 300w, https:\/\/www.radiopiu.net\/wordpress\/wp-content\/uploads\/2023\/12\/logo-radio-768x576.jpg 768w, https:\/\/www.radiopiu.net\/wordpress\/wp-content\/uploads\/2023\/12\/logo-radio.jpg 800w\" sizes=\"auto, (max-width: 109px) 100vw, 109px\" \/><\/a><\/strong><\/h1>\n<h1 class=\"entry-title photoswipe-wrapper\">40esimo di RADIOPIU\u2026. LA VOCE DELL\u2019EMOZIONE<\/h1>\n<h2><span style=\"color: #ff0000;\">ISCRIVITI AL NOSTRO CANALE\u00a0\u00a0YOUTUBE PER SEGUIRE IN DIRETTA I PRINCIPALI PROGRAMMI DI RADIO PIU\u2019 E LE FUTURE DIRETTE IN ESTERNA. PER ISCRIVERTI <a style=\"color: #ff0000;\" href=\"https:\/\/youtube.com\/@radiopiu1527\">CLICCA QUI\u00a0<\/a>E PREMI\u00a0 \u201cIscriviti\u201d\u00a0\u00a0<\/span><\/h2>\n<p>&nbsp;<\/p>\n<p>&nbsp;<\/p>\n<hr \/>\n<p>&nbsp;<\/p>\n<blockquote>\n<blockquote>\n<h1><span style=\"color: #ff0000;\">i podcast informativi del mattino &#8211; audio &#8211;\u00a0<\/span><\/h1>\n<\/blockquote>\n<p><strong><a class=\"dt-pswp-item\" href=\"https:\/\/www.radiopiu.net\/wordpress\/wp-content\/uploads\/2023\/11\/th-10.jpg\" data-dt-img-description=\"\" data-large_image_width=\"320\" data-large_image_height=\"180\"><img loading=\"lazy\" decoding=\"async\" class=\"wp-image-362866 alignleft\" src=\"https:\/\/www.radiopiu.net\/wordpress\/wp-content\/uploads\/2023\/11\/th-10-300x169.jpg\" alt=\"\" width=\"185\" height=\"104\" srcset=\"https:\/\/www.radiopiu.net\/wordpress\/wp-content\/uploads\/2023\/11\/th-10-300x169.jpg 300w, https:\/\/www.radiopiu.net\/wordpress\/wp-content\/uploads\/2023\/11\/th-10.jpg 320w\" sizes=\"auto, (max-width: 185px) 100vw, 185px\" \/><\/a>LA RASSEGNA STAMPA NAZIONALE ALLA RADIO, OGNI GIORNO ALLE 5 E ALLE 6 DEL MATTINO <span style=\"color: #0000ff;\">viene pubblicata alle 6.00 <span style=\"color: #ff0000;\">DIRETTA RADIO<\/span><\/span><\/strong><\/p><\/blockquote>\n<p>di STEFANO FAMA&#8217;<\/p>\n<p><strong>Politica<\/strong> De Luca &#8220;denunceremo il Ministro Fitto per atti di omissione rispetto a procedimenti bloccati con danno immenso per la Campania&#8221;. <strong>Economia <\/strong>Ex<strong> I<\/strong>lva, Mittal, vuole 400 milioni per lasciare il\u00a0 40%. <strong>Danimarca<\/strong> l&#8217;abdicazione della regina Margrete. La questione di <strong>Taiwan<\/strong>, <strong>Milano<\/strong> scoppia incendio in un dormitorio abusivo, <strong>Reggio Emilia<\/strong> per la donna drogata e stuprata la vigilia di Natale, arrestato un 46enne. Alto Adige\u00a0 16enne morta per assideramento, valanga nell&#8217;<strong>aquilano<\/strong> un morto, <strong>sport<\/strong> campionati di S\u00ec.<br \/>\nE ora andiamo ad approfondire i temi dei titoli e le altre notizie riportate dai giornali di oggi:<\/p>\n<p><strong>AUDIO<\/strong><\/p>\n<audio class=\"wp-audio-shortcode\" id=\"audio-369798-1\" preload=\"none\" style=\"width: 100%;\" controls=\"controls\"><source type=\"audio\/mpeg\" src=\"https:\/\/www.radiopiu.net\/wordpress\/wp-content\/uploads\/2024\/01\/GIORNALEDELLESEI-10.mp3?_=1\" \/><a href=\"https:\/\/www.radiopiu.net\/wordpress\/wp-content\/uploads\/2024\/01\/GIORNALEDELLESEI-10.mp3\">https:\/\/www.radiopiu.net\/wordpress\/wp-content\/uploads\/2024\/01\/GIORNALEDELLESEI-10.mp3<\/a><\/audio>\n<p>&nbsp;<\/p>\n<p>&nbsp;<\/p>\n<p>&nbsp;<\/p>\n<p><strong><a class=\"dt-pswp-item\" href=\"https:\/\/www.radiopiu.net\/wordpress\/wp-content\/uploads\/2023\/12\/images.png\" data-dt-img-description=\"\" data-large_image_width=\"316\" data-large_image_height=\"160\"><img loading=\"lazy\" decoding=\"async\" class=\"wp-image-367008 alignleft\" src=\"https:\/\/www.radiopiu.net\/wordpress\/wp-content\/uploads\/2023\/12\/images-300x152.png\" alt=\"\" width=\"235\" height=\"119\" srcset=\"https:\/\/www.radiopiu.net\/wordpress\/wp-content\/uploads\/2023\/12\/images-300x152.png 300w, https:\/\/www.radiopiu.net\/wordpress\/wp-content\/uploads\/2023\/12\/images.png 316w\" sizes=\"auto, (max-width: 235px) 100vw, 235px\" \/><\/a>OGNI GIORNO ALLE SETTE DEL MATTINO, LA RASSEGNA STAMPA LOCALE FLASH&#8230; PER CHI VA IN FRETTA. I TITOLI DAI GIORNALI E DAL SITO WWW.RADIOPIU.NET <span style=\"color: #0000ff;\">viene pubblicato alle 7.00<\/span> <span style=\"color: #ff0000;\">DIRETTA RADIO\u00a0<\/span><\/strong><\/p>\n<p><em><span style=\"color: #ff0000;\">per chi va in fretta&#8230; tante notizie in pochi minuti. L&#8217;informazione locale alla radio, ogni ora dalle 7 del mattino alle 19 della sera.<\/span><\/em><\/p>\n<p><strong>AGORDO <\/strong>Agordo piange la perdita di Stefano Bertoldi, 61 anni, un uomo coraggioso che ha <a class=\"dt-pswp-item\" href=\"https:\/\/www.radiopiu.net\/wordpress\/wp-content\/uploads\/2024\/01\/418886018_10227328184383689_3247257205588766993_n.jpg\" data-dt-img-description=\"\" data-large_image_width=\"1747\" data-large_image_height=\"960\"><img loading=\"lazy\" decoding=\"async\" class=\"size-medium wp-image-369931 alignleft\" src=\"https:\/\/www.radiopiu.net\/wordpress\/wp-content\/uploads\/2024\/01\/418886018_10227328184383689_3247257205588766993_n-300x165.jpg\" alt=\"\" width=\"300\" height=\"165\" srcset=\"https:\/\/www.radiopiu.net\/wordpress\/wp-content\/uploads\/2024\/01\/418886018_10227328184383689_3247257205588766993_n-300x165.jpg 300w, https:\/\/www.radiopiu.net\/wordpress\/wp-content\/uploads\/2024\/01\/418886018_10227328184383689_3247257205588766993_n-1024x563.jpg 1024w, https:\/\/www.radiopiu.net\/wordpress\/wp-content\/uploads\/2024\/01\/418886018_10227328184383689_3247257205588766993_n-768x422.jpg 768w, https:\/\/www.radiopiu.net\/wordpress\/wp-content\/uploads\/2024\/01\/418886018_10227328184383689_3247257205588766993_n-1536x844.jpg 1536w, https:\/\/www.radiopiu.net\/wordpress\/wp-content\/uploads\/2024\/01\/418886018_10227328184383689_3247257205588766993_n.jpg 1747w\" sizes=\"auto, (max-width: 300px) 100vw, 300px\" \/><\/a>lottato con dignit\u00e0 contro la malattia. La sua malattia ha reso il suo percorso difficile, ma il sostegno di Fabio, del personale infermieristico e del dottor Paolo Fadig\u00e0 ha alleviato la sua sofferenza. Stefano, un guerriero che ha affrontato la malattia con coraggio, \u00e8 ricordato per la sua resilienza. I funerali DOMANI alle 14 ad Agordo.<br \/>\n<strong>PIEVE DI CADORE<\/strong> Domani si terranno i funerali di Enrico Tabacchi, 36enne di Sottocastello, presso la chiesa di Santa Maria Nascente a Pieve. La messa alle 14:30 sar\u00e0 preceduta dalla recita del rosario. La famiglia ha chiesto donazioni per Casa Tua 2<br \/>\n<strong>REDAZIONE<\/strong>Un giovane automobilista di 22 anni, residente ad Agordo, rimane gravemente ferito in un incidente sull&#8217;A27, schiantandosi contro il guard rail all&#8217;uscita di Vittorio Veneto sud. Nonostante fosse a bordo di una Jeep Renegade, ha riportato un politrauma importante. Sospetta velocit\u00e0 eccessiva al momento dell&#8217;incidente, verificato alle 4 del mattino.<\/p>\n<p><strong>AUDIO<\/strong><\/p>\n<audio class=\"wp-audio-shortcode\" id=\"audio-369798-2\" preload=\"none\" style=\"width: 100%;\" controls=\"controls\"><source type=\"audio\/mpeg\" src=\"https:\/\/www.radiopiu.net\/wordpress\/wp-content\/uploads\/2024\/01\/GF07-10.mp3?_=2\" \/><a href=\"https:\/\/www.radiopiu.net\/wordpress\/wp-content\/uploads\/2024\/01\/GF07-10.mp3\">https:\/\/www.radiopiu.net\/wordpress\/wp-content\/uploads\/2024\/01\/GF07-10.mp3<\/a><\/audio>\n<p>&nbsp;<\/p>\n<p>&nbsp;<\/p>\n<p>&nbsp;<\/p>\n<blockquote><p><strong><a class=\"dt-pswp-item\" href=\"https:\/\/www.radiopiu.net\/wordpress\/wp-content\/uploads\/2021\/07\/microfono-radio-ok-768x448-768x448-1.jpg\" data-dt-img-description=\"\" data-large_image_width=\"768\" data-large_image_height=\"448\"><img loading=\"lazy\" decoding=\"async\" class=\"wp-image-220632 alignleft\" src=\"https:\/\/www.radiopiu.net\/wordpress\/wp-content\/uploads\/2021\/07\/microfono-radio-ok-768x448-768x448-1-300x175.jpg\" alt=\"\" width=\"178\" height=\"104\" srcset=\"https:\/\/www.radiopiu.net\/wordpress\/wp-content\/uploads\/2021\/07\/microfono-radio-ok-768x448-768x448-1-300x175.jpg 300w, https:\/\/www.radiopiu.net\/wordpress\/wp-content\/uploads\/2021\/07\/microfono-radio-ok-768x448-768x448-1.jpg 768w\" sizes=\"auto, (max-width: 178px) 100vw, 178px\" \/><\/a>GIORNALE RADIO NAZIONALE, EDIZIONE DELLE SETTE <span style=\"color: #0000ff;\">viene pubblicato alle 7.05 <span style=\"color: #ff0000;\">DIRETTA RADIO\u00a0<\/span><\/span><\/strong><\/p><\/blockquote>\n<p><strong>il giornale radionazionale e&#8217; in onda ogni ora, dalle sette del mattino alle venti della sera\u00a0\u00a0<\/strong><\/p>\n<p>&nbsp;<\/p>\n<p><strong>CRONACA<\/strong> Trovata senza vita la titolare di una pizzeria, <strong>VENTENNE<\/strong> ucciso durante una rissa a Palermo, figlio del re delle scommesse on line. <strong>BATTUTA DI CACCIA<\/strong> tragica in Sardegna, morto un cacciatore durante una battuta. <strong>PAPA FRANCESCO<\/strong> Dimissioni una possibilit\u00e0 ma non nell&#8217;immediato futuro. <strong>GUERRA<\/strong> 101 giorni di guerra, Biden vuole liberare gli ostaggi. <strong>NUOVO RAID USA<\/strong> NELLO YEMEN?\u00a0 Il Pentagono smentisce.<\/p>\n<p><strong>AUDIO<\/strong><\/p>\n<audio class=\"wp-audio-shortcode\" id=\"audio-369798-3\" preload=\"none\" style=\"width: 100%;\" controls=\"controls\"><source type=\"audio\/mpeg\" src=\"https:\/\/www.radiopiu.net\/wordpress\/wp-content\/uploads\/2024\/01\/giornale07-10.mp3?_=3\" \/><a href=\"https:\/\/www.radiopiu.net\/wordpress\/wp-content\/uploads\/2024\/01\/giornale07-10.mp3\">https:\/\/www.radiopiu.net\/wordpress\/wp-content\/uploads\/2024\/01\/giornale07-10.mp3<\/a><\/audio>\n<p>&nbsp;<\/p>\n<p>&nbsp;<\/p>\n<p>&nbsp;<\/p>\n<blockquote>\n<h2><strong><a class=\"dt-pswp-item\" href=\"https:\/\/www.radiopiu.net\/wordpress\/wp-content\/uploads\/2023\/12\/th-10.jpg\" data-dt-img-description=\"\" data-large_image_width=\"245\" data-large_image_height=\"180\"><img loading=\"lazy\" decoding=\"async\" class=\" wp-image-367395 alignleft\" src=\"https:\/\/www.radiopiu.net\/wordpress\/wp-content\/uploads\/2023\/12\/th-10.jpg\" alt=\"\" width=\"166\" height=\"122\" \/><\/a>RASSEGNA STAMPA LOCALE, ORE OTTO 05<\/strong><\/h2>\n<h2><strong> <span style=\"color: #0000ff;\">viene\u00a0 <\/span><\/strong><strong><span style=\"color: #0000ff;\">pubblicata alle 8.05 <span style=\"color: #ff0000;\">DIRETTA RADIO\u00a0\u00a0<\/span><\/span><\/strong><\/h2>\n<p><strong>FELTRE<\/strong> La novit\u00e0, istituito il bus a chiamata, decisione presa dall&#8217;amministrazione comunale. Meno corse e meno impatto ambientale.<br \/>\n<strong>FELTRE<\/strong> La Fiab con i ciclisti prende posizione dopo gli atti vandalici agli autovelox.<\/p>\n<p><strong>BELLUNO<\/strong> Evasione Imu, il Comune batte cassam, in credito di oltre 1 milione di euro. 1828 contribuenti morosi.<br \/>\n<strong>LIVINALLONGO<\/strong> Ladini in guerra con il vescovo. La chiesa non si immischi nelle questioni politiche e rispetti le tradizioni e la volont\u00e0 di rimanere uniti al decanato di Livinallongo.<br \/>\n<strong>BELLUNO<\/strong> Crolla la natalit\u00e0, determinanti gli arrivi da fuori, nei primi dieci mesi del 2023 la provincia ha perso 377 residenti, saldo negativo -1108 compensato dagli arrivi degli immigrati.<\/p>\n<p><strong>ROCCA PIETORE<\/strong> PER LUCIA FARENZENA DEL CONSORZIO OPERATORI TURISTICI MARMOLADA MANCA UNA VISIONE SUL FUTURO DEI SERRAI<\/p><\/blockquote>\n<p><strong>AUDIO<\/strong><\/p>\n<p>&nbsp;<\/p>\n<p><iframe loading=\"lazy\" title=\"la rassegna stampa locale dal 1983\" width=\"1200\" height=\"675\" src=\"https:\/\/www.youtube.com\/embed\/9Ppf6xFh8hE?feature=oembed\" frameborder=\"0\" allow=\"accelerometer; autoplay; clipboard-write; encrypted-media; gyroscope; picture-in-picture; web-share\" allowfullscreen><\/iframe><\/p>\n<p>&nbsp;<\/p>\n<hr \/>\n<p>&nbsp;<\/p>\n<p>&nbsp;<\/p>\n<p><a class=\"dt-pswp-item\" href=\"https:\/\/www.radiopiu.net\/wordpress\/wp-content\/uploads\/2023\/10\/34f4cfc6-e863-46e9-9695-8df44be63421.jpg\" data-dt-img-description=\"\" data-large_image_width=\"1200\" data-large_image_height=\"1200\"><img loading=\"lazy\" decoding=\"async\" class=\"wp-image-357393 alignleft\" src=\"https:\/\/www.radiopiu.net\/wordpress\/wp-content\/uploads\/2023\/10\/34f4cfc6-e863-46e9-9695-8df44be63421-300x300.jpg\" alt=\"\" width=\"81\" height=\"81\" srcset=\"https:\/\/www.radiopiu.net\/wordpress\/wp-content\/uploads\/2023\/10\/34f4cfc6-e863-46e9-9695-8df44be63421-300x300.jpg 300w, https:\/\/www.radiopiu.net\/wordpress\/wp-content\/uploads\/2023\/10\/34f4cfc6-e863-46e9-9695-8df44be63421-1024x1024.jpg 1024w, https:\/\/www.radiopiu.net\/wordpress\/wp-content\/uploads\/2023\/10\/34f4cfc6-e863-46e9-9695-8df44be63421-150x150.jpg 150w, https:\/\/www.radiopiu.net\/wordpress\/wp-content\/uploads\/2023\/10\/34f4cfc6-e863-46e9-9695-8df44be63421-768x768.jpg 768w, https:\/\/www.radiopiu.net\/wordpress\/wp-content\/uploads\/2023\/10\/34f4cfc6-e863-46e9-9695-8df44be63421.jpg 1200w\" sizes=\"auto, (max-width: 81px) 100vw, 81px\" \/><\/a>OGGI ALLA RADIO: <strong>ALLE 7<\/strong> LA RASSEGNA STAMPA LOCALE FLASH, PER CHI COME NOI ALLE SETTE DEL MATTINO VA DI FRETTA, TANTE NOTIZIE IN POCHE CHIACCHIERE. <strong>ALLE OTTO<\/strong> L&#8217;APPROFONDIMENTO NELLA STORICA RASSEGNA STAMPA LOCALE.\u00a0 DALLE 6 ALLE 21, OGNI ORA, L&#8217;INFORMAZIONE NAZIONALE, l&#8217;informazione locale, ALLE 10 flash. 11flash. 14 viabilit\u00e0. 15meteo. 16flash. 17flash. 18flash. 19 i titoli di Antenna 3<\/p>\n<p>&nbsp;<\/p>\n<p>&nbsp;<\/p>\n<hr \/>\n<p>&nbsp;<\/p>\n<blockquote>\n<h3 class=\"entry-title\">ADDIO A STEFANO BERTOLDI: UNA VITA DURA, UN CUORE CORAGGIOSO<\/h3>\n<\/blockquote>\n<p><strong><a class=\"dt-pswp-item\" href=\"https:\/\/www.radiopiu.net\/wordpress\/wp-content\/uploads\/2024\/01\/Senza-nome-44.png\" data-dt-img-description=\"\" data-large_image_width=\"300\" data-large_image_height=\"238\"><img loading=\"lazy\" decoding=\"async\" class=\" wp-image-369903 alignleft\" src=\"https:\/\/www.radiopiu.net\/wordpress\/wp-content\/uploads\/2024\/01\/Senza-nome-44.png\" alt=\"\" width=\"124\" height=\"98\" \/><\/a>AGORDO<\/strong> piange la perdita di un uomo coraggioso, Stefano Bertoldi, che ha attraversato anni difficili combattendo contro la malattia. A 61 anni, Stefano ci ha lasciato, ma il suo ricordo vivr\u00e0 nel cuore di coloro che hanno condiviso la sua battaglia e hanno assistito alla sua forza interiore. La sua malattia ha portato Stefano in un percorso tortuoso, ma l\u2019amorevole dedizione di Fabio, il sostegno del personale infermieristico del Papa Luciani di Agordo e la costante presenza del dottor Paolo Fadig\u00e0 hanno mitigato la sua sofferenza, rendendo meno arduo il suo cammino. Stefano non era solo un uomo affrontato dalla malattia, ma un guerriero che ha lottato con dignit\u00e0 e coraggio. Le cure amorevoli e l\u2019attenzione ricevuta hanno illuminato i giorni pi\u00f9 bui della sua esistenza, donandogli conforto e serenit\u00e0. La comunit\u00e0 di Agordo si unisce in un commosso addio, ricordando non solo la difficile lotta di Stefano, ma anche la sua resilienza e la forza che ha dimostrato di possedere. Marted\u00ec, alle 14, si terranno i suoi funerali ad Agordo, un momento per onorare e celebrare la vita di un uomo che ha affrontato le avversit\u00e0 con dignit\u00e0 e amore. La sua memoria continuer\u00e0 a ispirare coloro che hanno avuto il privilegio di condividere la sua vita e di imparare dalla sua straordinaria forza interiore (mm)<\/p>\n<blockquote>\n<h3>MONSIGNOR GIORGIO LISE<\/h3>\n<audio class=\"wp-audio-shortcode\" id=\"audio-369798-4\" preload=\"none\" style=\"width: 100%;\" controls=\"controls\"><source type=\"audio\/mpeg\" src=\"https:\/\/www.radiopiu.net\/wordpress\/wp-content\/uploads\/2024\/01\/stefan-o-don-girogio-1.mp3?_=4\" \/><a href=\"https:\/\/www.radiopiu.net\/wordpress\/wp-content\/uploads\/2024\/01\/stefan-o-don-girogio-1.mp3\">https:\/\/www.radiopiu.net\/wordpress\/wp-content\/uploads\/2024\/01\/stefan-o-don-girogio-1.mp3<\/a><\/audio><\/blockquote>\n<p>&nbsp;<\/p>\n<p>&nbsp;<\/p>\n<hr \/>\n<p>&nbsp;<\/p>\n<p>&nbsp;<\/p>\n<blockquote>\n<h3><a class=\"dt-pswp-item\" href=\"https:\/\/www.radiopiu.net\/wordpress\/wp-content\/uploads\/2024\/01\/Senza-nome-46.png\" data-dt-img-description=\"\" data-large_image_width=\"278\" data-large_image_height=\"312\"><img loading=\"lazy\" decoding=\"async\" class=\" wp-image-369937 alignleft\" src=\"https:\/\/www.radiopiu.net\/wordpress\/wp-content\/uploads\/2024\/01\/Senza-nome-46-267x300.png\" alt=\"\" width=\"118\" height=\"133\" srcset=\"https:\/\/www.radiopiu.net\/wordpress\/wp-content\/uploads\/2024\/01\/Senza-nome-46-267x300.png 267w, https:\/\/www.radiopiu.net\/wordpress\/wp-content\/uploads\/2024\/01\/Senza-nome-46.png 278w\" sizes=\"auto, (max-width: 118px) 100vw, 118px\" \/><\/a>DOMANI L&#8217;ADDIO AD ENRICO TABACCHI<\/h3>\n<\/blockquote>\n<p><strong>PIEVE DI CADORE<\/strong> Domani si terranno i funerali di Enrico Tabacchi, 36enne di Sottocastello, presso la chiesa di Santa Maria Nascente a Pieve. La messa alle 14:30 sar\u00e0 preceduta dalla recita del rosario. La famiglia ha chiesto donazioni per Casa Tua 2, l&#8217;Ulss 1 Dolomiti, dove Enrico trascorse gli ultimi giorni di vita. Mirco Dorigo, 55 anni, residente a Comelico, \u00e8 deceduto nell&#8217;hospice di viale Europa. I suoi funerali si terranno anch&#8217;essi domani alle 14:30 nella chiesa di Santo Stefano di Cadore, con rosario precedente. Offerte saranno raccolte per Casa Tua 2. Entrambi colpiti da malattie incurabili, la comunit\u00e0 esprime il proprio cordoglio.<\/p>\n<p>&nbsp;<\/p>\n<p>&nbsp;<\/p>\n<hr \/>\n<p>&nbsp;<\/p>\n<blockquote>\n<h3>INCIDENTE IN A27 ALL&#8217;USCITA DI VITTORIO VENETO SUD. GRAVE UN AGORDINO<\/h3>\n<\/blockquote>\n<p><strong><a class=\"dt-pswp-item\" href=\"https:\/\/www.radiopiu.net\/wordpress\/wp-content\/uploads\/2024\/01\/SCR-20240113-ljdv.jpeg\" data-dt-img-description=\"\" data-large_image_width=\"1526\" data-large_image_height=\"900\"><img loading=\"lazy\" decoding=\"async\" class=\" wp-image-369796 alignleft\" src=\"https:\/\/www.radiopiu.net\/wordpress\/wp-content\/uploads\/2024\/01\/SCR-20240113-ljdv-300x177.jpeg\" alt=\"\" width=\"176\" height=\"104\" srcset=\"https:\/\/www.radiopiu.net\/wordpress\/wp-content\/uploads\/2024\/01\/SCR-20240113-ljdv-300x177.jpeg 300w, https:\/\/www.radiopiu.net\/wordpress\/wp-content\/uploads\/2024\/01\/SCR-20240113-ljdv-1024x604.jpeg 1024w, https:\/\/www.radiopiu.net\/wordpress\/wp-content\/uploads\/2024\/01\/SCR-20240113-ljdv-768x453.jpeg 768w, https:\/\/www.radiopiu.net\/wordpress\/wp-content\/uploads\/2024\/01\/SCR-20240113-ljdv.jpeg 1526w\" sizes=\"auto, (max-width: 176px) 100vw, 176px\" \/><\/a>REDAZIONE<\/strong>Un giovane automobilista di 22 anni, residente ad Agordo, rimane gravemente ferito in un incidente sull&#8217;A27, schiantandosi contro il guard rail all&#8217;uscita di Vittorio Veneto sud. Nonostante fosse a bordo di una Jeep Renegade, ha riportato un politrauma importante. Sospetta velocit\u00e0 eccessiva al momento dell&#8217;incidente, verificato alle 4 del mattino. Il conducente, di origine rumena, ha evitato un normale controllo dei carabinieri a Ponte nelle Alpi, scatenando un breve inseguimento. Dopo l&#8217;incidente, \u00e8 stato ricoverato in gravi condizioni a Treviso. La polizia ha richiesto prelievo del sangue per verificare la presenza di alcol. In caso positivo, potrebbe perderne la patente. La priorit\u00e0 \u00e8 il recupero del giovane, seguito da chiarimenti sulla fuga. Non risultano coinvolti altri veicoli e passeggeri. La Polstrada di Treviso gestisce la situazione, con esami per accertare l&#8217;eventuale assunzione di sostanze. <strong><br \/>\n<\/strong><\/p>\n<p>&nbsp;<\/p>\n<p>&nbsp;<\/p>\n<hr \/>\n<p>&nbsp;<\/p>\n<blockquote>\n<h3>IL SABATO POMERIGGIO DEL SUEM TRA MALGA CIAPELA E CORTINA<\/h3>\n<\/blockquote>\n<p><strong>REDAZIONE<\/strong> Sono due gli interventi del Suem 118 in provincia di Belluno nel pomeriggio di sabato. Alle 16:45 la centrale operativa \u00e8 stata allertata per un uomo di 48 anni di Roma che aveva subito un trauma a Malga Ciapela. \u00c8 intervenuta l&#8217;ambulanza di Rocca Pietore che ha trasportato il paziente all&#8217;ospedale di Agordo. Poco dopo le 18 si \u00e8 alzato in volo l&#8217;elicottero Falco in direzione Cortina dove un 47enne aveva subito un trauma. Sono stati 21 gli interventi sui comprensori sciistici: 6 sul Civetta, 2 ad Arabba, 7 a Cortina, uno in Marmolada e 5 a Falcade.<\/p>\n<p>&nbsp;<\/p>\n<p>&nbsp;<\/p>\n<hr \/>\n<p>&nbsp;<\/p>\n<blockquote>\n<h3>TRE INTERVENTI DEL SOCCORSO ALPINO TRA SABATO E DOMENICA<\/h3>\n<\/blockquote>\n<p><strong><a class=\"dt-pswp-item\" href=\"https:\/\/www.radiopiu.net\/wordpress\/wp-content\/uploads\/2024\/01\/Watermark_20240114_152344_527.jpg\" data-dt-img-description=\"\" data-large_image_width=\"2048\" data-large_image_height=\"2048\"><img loading=\"lazy\" decoding=\"async\" class=\" wp-image-369891 alignleft\" src=\"https:\/\/www.radiopiu.net\/wordpress\/wp-content\/uploads\/2024\/01\/Watermark_20240114_152344_527-300x300.jpg\" alt=\"\" width=\"172\" height=\"172\" srcset=\"https:\/\/www.radiopiu.net\/wordpress\/wp-content\/uploads\/2024\/01\/Watermark_20240114_152344_527-300x300.jpg 300w, https:\/\/www.radiopiu.net\/wordpress\/wp-content\/uploads\/2024\/01\/Watermark_20240114_152344_527-1024x1024.jpg 1024w, https:\/\/www.radiopiu.net\/wordpress\/wp-content\/uploads\/2024\/01\/Watermark_20240114_152344_527-150x150.jpg 150w, https:\/\/www.radiopiu.net\/wordpress\/wp-content\/uploads\/2024\/01\/Watermark_20240114_152344_527-768x768.jpg 768w, https:\/\/www.radiopiu.net\/wordpress\/wp-content\/uploads\/2024\/01\/Watermark_20240114_152344_527-1536x1536.jpg 1536w, https:\/\/www.radiopiu.net\/wordpress\/wp-content\/uploads\/2024\/01\/Watermark_20240114_152344_527.jpg 2048w\" sizes=\"auto, (max-width: 172px) 100vw, 172px\" \/><\/a>REDAZIONE <\/strong>Un intervento di recupero di uno sciatore \u00e8 stato completato ieri alle 3.30 sotto il Rifugio Fonda Savio nel Vallon del Nevaio. Il Soccorso alpino di Auronzo \u00e8 stato attivato dal 118 dopo la segnalazione dei Carabinieri. Lo sciatore, un 48enne di Venezia, era partito per una sciata notturna dal Lago d&#8217;Antorno, ma aveva preso un canale sbagliato. Con l&#8217;ausilio di sei soccorritori, \u00e8 stato guidato a valle lungo un percorso alternativo. Nel pomeriggio di sabato, un&#8217;altra emergenza ha coinvolto un ragazzo e una ragazza di Monastier (TV) che intendevano passare la notte nel bivacco invernale del Rifugio Galassi. Non attrezzati per muoversi sulla neve alta, erano rimasti bloccati a quota 1.900. Dopo un intervento del Soccorso alpino di Pieve di Cadore, sono stati rifocillati e accompagnati alla loro macchina. In un altro intervento, una scialpinista infortunata scendendo dalla Val d&#8217;Arcia a Borca di Cadore \u00e8 stata recuperata dall&#8217;elicottero dell&#8217;Aiut Alpin Dolomites di Bolzano e trasportata all&#8217;ospedale di Cortina. L&#8217;allarme \u00e8 stato ricevuto ieri intorno alle 13.<\/p>\n<p>&nbsp;<\/p>\n<p>&nbsp;<\/p>\n<hr \/>\n<p>&nbsp;<\/p>\n<blockquote>\n<h3>PER LUCIA FARENZENA DEL CONSORZIO OPERATORI TURISTICI MARMOLADA MANCA UNA VISIONE SUL FUTURO DEI SERRAI<\/h3>\n<\/blockquote>\n<p><strong><a class=\"dt-pswp-item\" href=\"https:\/\/www.radiopiu.net\/wordpress\/wp-content\/uploads\/2021\/06\/Cantiere-Serrai-23.06.21_1.jpeg\" data-dt-img-description=\"\" data-large_image_width=\"1024\" data-large_image_height=\"768\"><img loading=\"lazy\" decoding=\"async\" class=\" wp-image-217832 alignleft\" src=\"https:\/\/www.radiopiu.net\/wordpress\/wp-content\/uploads\/2021\/06\/Cantiere-Serrai-23.06.21_1-300x225.jpeg\" alt=\"\" width=\"171\" height=\"128\" srcset=\"https:\/\/www.radiopiu.net\/wordpress\/wp-content\/uploads\/2021\/06\/Cantiere-Serrai-23.06.21_1-300x225.jpeg 300w, https:\/\/www.radiopiu.net\/wordpress\/wp-content\/uploads\/2021\/06\/Cantiere-Serrai-23.06.21_1-768x576.jpeg 768w, https:\/\/www.radiopiu.net\/wordpress\/wp-content\/uploads\/2021\/06\/Cantiere-Serrai-23.06.21_1.jpeg 1024w\" sizes=\"auto, (max-width: 171px) 100vw, 171px\" \/><\/a>ROCCA PIETORE<\/strong><\/p>\n<p>DI GIANNI SANTOMASO<\/p>\n<audio class=\"wp-audio-shortcode\" id=\"audio-369798-5\" preload=\"none\" style=\"width: 100%;\" controls=\"controls\"><source type=\"audio\/mpeg\" src=\"https:\/\/www.radiopiu.net\/wordpress\/wp-content\/uploads\/2024\/01\/GIANNI-PER-LUCIA-FARENZENA-DEL-CONSORZIO-OPERATORI-TURISTICI-MARMOLADA-MANCA-UNA-VISIONE-SUL-FUTURO-DEI-SERRAI.mp3?_=5\" \/><a href=\"https:\/\/www.radiopiu.net\/wordpress\/wp-content\/uploads\/2024\/01\/GIANNI-PER-LUCIA-FARENZENA-DEL-CONSORZIO-OPERATORI-TURISTICI-MARMOLADA-MANCA-UNA-VISIONE-SUL-FUTURO-DEI-SERRAI.mp3\">https:\/\/www.radiopiu.net\/wordpress\/wp-content\/uploads\/2024\/01\/GIANNI-PER-LUCIA-FARENZENA-DEL-CONSORZIO-OPERATORI-TURISTICI-MARMOLADA-MANCA-UNA-VISIONE-SUL-FUTURO-DEI-SERRAI.mp3<\/a><\/audio>\n<p>&nbsp;<\/p>\n<p>&nbsp;<\/p>\n<hr \/>\n<p>&nbsp;<\/p>\n<p>&nbsp;<\/p>\n<div class=\"articlePlainSubHead\"><em><strong>I malumori dei residenti in una lettera: \u00abAffossano le nostre tradizioni, non possiamo restare con Selva e Pescul\u00bb\u00a0<\/strong><\/em><\/div>\n<div><\/div>\n<blockquote>\n<h2 class=\"articlePlainTitle\"><a class=\"dt-pswp-item\" href=\"https:\/\/www.radiopiu.net\/wordpress\/wp-content\/uploads\/2024\/01\/Senza-nome-50.png\" data-dt-img-description=\"\" data-large_image_width=\"462\" data-large_image_height=\"361\"><img loading=\"lazy\" decoding=\"async\" class=\"wp-image-369964 alignleft\" src=\"https:\/\/www.radiopiu.net\/wordpress\/wp-content\/uploads\/2024\/01\/Senza-nome-50-300x234.png\" alt=\"\" width=\"188\" height=\"147\" srcset=\"https:\/\/www.radiopiu.net\/wordpress\/wp-content\/uploads\/2024\/01\/Senza-nome-50-300x234.png 300w, https:\/\/www.radiopiu.net\/wordpress\/wp-content\/uploads\/2024\/01\/Senza-nome-50.png 462w\" sizes=\"auto, (max-width: 188px) 100vw, 188px\" \/><\/a>I ladini di Colle contro vescovo e parroco \u00abNoi vogliamo il Decanato di Livinallongo\u00bb<\/h2>\n<\/blockquote>\n<div class=\"articlePlainText\"><\/div>\n<div class=\"articlePlainText\"><strong>Il caso<\/strong><\/div>\n<div class=\"articlePlainText\">\n<p><strong><strong>Lorenzo Soratroi<\/strong><\/strong><\/p>\n<audio class=\"wp-audio-shortcode\" id=\"audio-369798-6\" preload=\"none\" style=\"width: 100%;\" controls=\"controls\"><source type=\"audio\/mpeg\" src=\"https:\/\/www.radiopiu.net\/wordpress\/wp-content\/uploads\/2024\/01\/lorenzo-soratroi.mp3?_=6\" \/><a href=\"https:\/\/www.radiopiu.net\/wordpress\/wp-content\/uploads\/2024\/01\/lorenzo-soratroi.mp3\">https:\/\/www.radiopiu.net\/wordpress\/wp-content\/uploads\/2024\/01\/lorenzo-soratroi.mp3<\/a><\/audio>\n<\/div>\n<div><\/div>\n<div><\/div>\n<div><\/div>\n<p>&nbsp;<\/p>\n<hr \/>\n<p>&nbsp;<\/p>\n<blockquote>\n<h3>Vandalismo Stradale: L&#8217;Associazione FIAB FeltreInBici denuncia attacchi agli autovelox e chiede azioni urgenti per la sicurezza<\/h3>\n<\/blockquote>\n<p><strong><a class=\"dt-pswp-item\" href=\"https:\/\/www.radiopiu.net\/wordpress\/wp-content\/uploads\/2024\/01\/Senza-nome-47.png\" data-dt-img-description=\"\" data-large_image_width=\"289\" data-large_image_height=\"156\"><img loading=\"lazy\" decoding=\"async\" class=\" wp-image-369940 alignleft\" src=\"https:\/\/www.radiopiu.net\/wordpress\/wp-content\/uploads\/2024\/01\/Senza-nome-47.png\" alt=\"\" width=\"235\" height=\"127\" \/><\/a>FELTRE<\/strong> L&#8217;Associazione FIAB FeltreInBici denuncia un preoccupante aumento di vandalismo stradale nei confronti degli autovelox, strumenti cruciali per la sicurezza stradale. Un individuo, o gruppo, ha danneggiato gli autovelox con smerigliatrici, mettendo a rischio la vita degli automobilisti. Questi attacchi, oltre a violare normative statali, danneggiano il tessuto sociale. \u00c8 inaccettabile l&#8217;applauso su Facebook a tali azioni, minando la legalit\u00e0. Invocando condanne e fermezza istituzionale, l&#8217;associazione sottolinea l&#8217;importanza degli autovelox nella prevenzione degli incidenti e chiede investimenti in dispositivi pi\u00f9 resistenti. La comunit\u00e0 deve respingere la barbarie e promuovere la sicurezza stradale.<\/p>\n<p>&nbsp;<\/p>\n<p>IL DOCUMENTO COMPLETO <a href=\"https:\/\/www.radiopiu.net\/wordpress\/wp-content\/uploads\/2024\/01\/Comunicato-Stampa-sullEscalation-di-Vandalismo-contro-gli-Autovelox-da-pa.InBici.pdf\" class=\"pdfemb-viewer\" style=\"\" data-width=\"max\" data-height=\"max\" data-toolbar=\"top\" data-toolbar-fixed=\"on\">Comunicato Stampa sull&#039;Escalation di Vandalismo contro gli Autovelox da pa...InBici<\/a>\n<p>&nbsp;<\/p>\n<hr \/>\n<p>&nbsp;<\/p>\n<blockquote>\n<h1>Il Cammino Retico: Un Viaggio Alla Scoperta dell&#8217;Antico Popolo Retico<\/h1>\n<\/blockquote>\n<p><strong><a class=\"dt-pswp-item\" href=\"https:\/\/www.radiopiu.net\/wordpress\/wp-content\/uploads\/2024\/01\/416056346_356346973669538_5425621088152675004_n.jpg\" data-dt-img-description=\"\" data-large_image_width=\"500\" data-large_image_height=\"500\"><img loading=\"lazy\" decoding=\"async\" class=\" wp-image-369943 alignleft\" src=\"https:\/\/www.radiopiu.net\/wordpress\/wp-content\/uploads\/2024\/01\/416056346_356346973669538_5425621088152675004_n-300x300.jpg\" alt=\"\" width=\"159\" height=\"159\" srcset=\"https:\/\/www.radiopiu.net\/wordpress\/wp-content\/uploads\/2024\/01\/416056346_356346973669538_5425621088152675004_n-300x300.jpg 300w, https:\/\/www.radiopiu.net\/wordpress\/wp-content\/uploads\/2024\/01\/416056346_356346973669538_5425621088152675004_n-150x150.jpg 150w, https:\/\/www.radiopiu.net\/wordpress\/wp-content\/uploads\/2024\/01\/416056346_356346973669538_5425621088152675004_n.jpg 500w\" sizes=\"auto, (max-width: 159px) 100vw, 159px\" \/><\/a>FELTRE <\/strong>L&#8217;associazione no-profit &#8220;Carpe Diem&#8221; di Feltre, guidata dalla presidente Loreta De Bortoli, annuncia con entusiasmo il progetto &#8220;Cammino Retico&#8221;, un itinerario di sette giorni attraverso suggestivi paesaggi seguendo le tracce dell&#8217;antico popolo Retico. Il percorso, di circa 170 km, attraversa altipiani, valli, e borghi montani, toccando luoghi storici come il santuario di San Vittore e Corona, il fiordo Feltrino del lago del Corlo e la citt\u00e0 murata di Feltre. Ogni partecipante pu\u00f2 personalizzare il proprio itinerario, con tappe adatte al proprio ritmo e fisicit\u00e0.<\/p>\n<p>Strutture convenzionate e la possibilit\u00e0 di campeggiare sono offerte lungo il percorso. Ogni partecipante ricever\u00e0 una guida ufficiale, credenziale e tracciato GPX. La registrazione \u00e8 obbligatoria per ottenere il diploma di percorrenza. Per coloro che giungono il giorno prima, sono disponibili donativi con posti letto limitati. L&#8217;associazione invita a registrarsi anticipatamente per garantire una migliore organizzazione.<\/p>\n<p>&nbsp;<\/p>\n<hr \/>\n<p>&nbsp;<\/p>\n<blockquote>\n<h3>L&#8217;ULSS 1 DOLOMITI PUNTA AL SECONDO ELICOTTERO ANCHE NEL PERIODO INVERNALE<\/h3>\n<\/blockquote>\n<p><strong><a class=\"dt-pswp-item\" href=\"https:\/\/www.radiopiu.net\/wordpress\/wp-content\/uploads\/2024\/01\/20240113_115345-scaled.jpg\" data-dt-img-description=\"\" data-large_image_width=\"2560\" data-large_image_height=\"1920\"><img loading=\"lazy\" decoding=\"async\" class=\" wp-image-369880 alignleft\" src=\"https:\/\/www.radiopiu.net\/wordpress\/wp-content\/uploads\/2024\/01\/20240113_115345-300x225.jpg\" alt=\"\" width=\"216\" height=\"162\" srcset=\"https:\/\/www.radiopiu.net\/wordpress\/wp-content\/uploads\/2024\/01\/20240113_115345-300x225.jpg 300w, https:\/\/www.radiopiu.net\/wordpress\/wp-content\/uploads\/2024\/01\/20240113_115345-1024x768.jpg 1024w, https:\/\/www.radiopiu.net\/wordpress\/wp-content\/uploads\/2024\/01\/20240113_115345-768x576.jpg 768w, https:\/\/www.radiopiu.net\/wordpress\/wp-content\/uploads\/2024\/01\/20240113_115345-1536x1152.jpg 1536w, https:\/\/www.radiopiu.net\/wordpress\/wp-content\/uploads\/2024\/01\/20240113_115345-2048x1536.jpg 2048w\" sizes=\"auto, (max-width: 216px) 100vw, 216px\" \/><\/a>BELLUNO<\/strong> L&#8217;Ulss 1 Dolomiti mira ad attivare un secondo elicottero anche durante l&#8217;inverno e a ampliare la piazzola di atterraggio dell&#8217;ospedale di Belluno per consentire la presenza simultanea di due velivoli. Il commissario straordinario, Giuseppe Dal Ben, propone l&#8217;utilizzo del secondo elicottero in specifiche giornate o durante eventi affollati in montagna. Inoltre, intende espandere la piazzola di atterraggio entro l&#8217;estate per agevolare l&#8217;operativit\u00e0 del nuovo elicottero Suem. Durante la stagione sciistica natalizia, sono stati registrati un aumento degli accessi ai Pronto soccorso e un incremento degli interventi sulle piste, con una media giornaliera di 277 accessi nel 2023 e un picco di 5.197 accessi nelle due settimane tra il 23 dicembre e il 7 gennaio 2024.<\/p>\n<p><strong>IL REPORT DELLA RETE EMERGENZA URGENZA<\/strong><\/p>\n<a href=\"https:\/\/www.radiopiu.net\/wordpress\/wp-content\/uploads\/2024\/01\/Rete-emergenza-urgenza-2.pdf\" class=\"pdfemb-viewer\" style=\"\" data-width=\"max\" data-height=\"max\" data-toolbar=\"top\" data-toolbar-fixed=\"on\">Rete emergenza urgenza (2)<\/a>\n<p>&nbsp;<\/p>\n<hr \/>\n<p>&nbsp;<\/p>\n<blockquote>\n<h3>PRONTA LA PALESTRA TEMPORANEA ALL&#8217;ISTITUTO NEGRELLI DI FELTRE<\/h3>\n<\/blockquote>\n<p><strong>FELTRE\u00a0<\/strong> La Provincia ha installato una palestra temporanea presso il Boscariz di Feltre per gli studenti del Dal Piaz e del Negrelli. Questa pressostruttura, di tipo gonfiabile, riscaldata e con pavimentazione sportiva, sar\u00e0 utilizzata durante i lavori di demolizione e ricostruzione previsti nel Negrelli nei prossimi anni, un intervento del Pnrr da 19 milioni di euro. La struttura, acquistata per circa 200mila euro, \u00e8 stata installata a cavallo tra fine dicembre e inizio gennaio e sar\u00e0 utilizzabile dalle scuole in attesa della posa della pavimentazione definitiva e dell\u2019installazione delle attrezzature sportive. La Provincia ha comunicato l&#8217;iniziativa anche alle associazioni sportive e sociali feltrine, cercando di limitare i disagi causati dagli interventi programmati sulle scuole. Il presidente della Provincia, Roberto Padrin, ha dichiarato che stanno cercando di ridurre al minimo l&#8217;impatto sull&#8217;attivit\u00e0 sportiva grazie alla collaborazione con il Comune e l&#8217;assessore Zatta.<\/p>\n\n\t\t\t<style type='text\/css'>\n\t\t\t\t#gallery-1 {\n\t\t\t\t\tmargin: auto;\n\t\t\t\t}\n\t\t\t\t#gallery-1 .gallery-item {\n\t\t\t\t\tfloat: left;\n\t\t\t\t\tmargin-top: 10px;\n\t\t\t\t\ttext-align: center;\n\t\t\t\t\twidth: 20%;\n\t\t\t\t}\n\t\t\t\t#gallery-1 img {\n\t\t\t\t\tborder: 2px solid #cfcfcf;\n\t\t\t\t}\n\t\t\t\t#gallery-1 .gallery-caption {\n\t\t\t\t\tmargin-left: 0;\n\t\t\t\t}\n\t\t\t\t\/* see gallery_shortcode() in wp-includes\/media.php *\/\n\t\t\t<\/style>\n\t\t<div id='gallery-1' class='dt-gallery-container gallery galleryid-369798 gallery-columns-5 gallery-size-thumbnail'><dl class='gallery-item'>\n\t\t\t\t<dt class='gallery-icon landscape'>\n\t\t\t\t\t<a class=\"rollover rollover-zoom dt-pswp-item\" title=\"pressostruttura interno 2\" data-dt-img-description=\"\" data-large_image_width=\"2000\" data-large_image_height=\"1126\"href='https:\/\/www.radiopiu.net\/wordpress\/wp-content\/uploads\/2024\/01\/pressostruttura-interno-2.jpg'><img loading=\"lazy\" decoding=\"async\" width=\"150\" height=\"150\" src=\"https:\/\/www.radiopiu.net\/wordpress\/wp-content\/uploads\/2024\/01\/pressostruttura-interno-2-150x150.jpg\" class=\"attachment-thumbnail size-thumbnail\" alt=\"\" \/><\/a>\n\t\t\t\t<\/dt><\/dl><dl class='gallery-item'>\n\t\t\t\t<dt class='gallery-icon landscape'>\n\t\t\t\t\t<a class=\"rollover rollover-zoom dt-pswp-item\" title=\"pressostruttura esterno 3\" data-dt-img-description=\"\" data-large_image_width=\"1600\" data-large_image_height=\"900\"href='https:\/\/www.radiopiu.net\/wordpress\/wp-content\/uploads\/2024\/01\/pressostruttura-esterno-3.jpg'><img loading=\"lazy\" decoding=\"async\" width=\"150\" height=\"150\" src=\"https:\/\/www.radiopiu.net\/wordpress\/wp-content\/uploads\/2024\/01\/pressostruttura-esterno-3-150x150.jpg\" class=\"attachment-thumbnail size-thumbnail\" alt=\"\" \/><\/a>\n\t\t\t\t<\/dt><\/dl><dl class='gallery-item'>\n\t\t\t\t<dt class='gallery-icon landscape'>\n\t\t\t\t\t<a class=\"rollover rollover-zoom dt-pswp-item\" title=\"pressostruttura esterno 1\" data-dt-img-description=\"\" data-large_image_width=\"2000\" data-large_image_height=\"1126\"href='https:\/\/www.radiopiu.net\/wordpress\/wp-content\/uploads\/2024\/01\/pressostruttura-esterno-1.jpg'><img loading=\"lazy\" decoding=\"async\" width=\"150\" height=\"150\" src=\"https:\/\/www.radiopiu.net\/wordpress\/wp-content\/uploads\/2024\/01\/pressostruttura-esterno-1-150x150.jpg\" class=\"attachment-thumbnail size-thumbnail\" alt=\"\" \/><\/a>\n\t\t\t\t<\/dt><\/dl><dl class='gallery-item'>\n\t\t\t\t<dt class='gallery-icon landscape'>\n\t\t\t\t\t<a class=\"rollover rollover-zoom dt-pswp-item\" title=\"pressostruttura interno 1\" data-dt-img-description=\"\" data-large_image_width=\"2000\" data-large_image_height=\"1126\"href='https:\/\/www.radiopiu.net\/wordpress\/wp-content\/uploads\/2024\/01\/pressostruttura-interno-1.jpg'><img loading=\"lazy\" decoding=\"async\" width=\"150\" height=\"150\" src=\"https:\/\/www.radiopiu.net\/wordpress\/wp-content\/uploads\/2024\/01\/pressostruttura-interno-1-150x150.jpg\" class=\"attachment-thumbnail size-thumbnail\" alt=\"\" \/><\/a>\n\t\t\t\t<\/dt><\/dl><dl class='gallery-item'>\n\t\t\t\t<dt class='gallery-icon landscape'>\n\t\t\t\t\t<a class=\"rollover rollover-zoom dt-pswp-item\" title=\"pressostruttura esterno 2\" data-dt-img-description=\"\" data-large_image_width=\"2000\" data-large_image_height=\"1126\"href='https:\/\/www.radiopiu.net\/wordpress\/wp-content\/uploads\/2024\/01\/pressostruttura-esterno-2.jpg'><img loading=\"lazy\" decoding=\"async\" width=\"150\" height=\"150\" src=\"https:\/\/www.radiopiu.net\/wordpress\/wp-content\/uploads\/2024\/01\/pressostruttura-esterno-2-150x150.jpg\" class=\"attachment-thumbnail size-thumbnail\" alt=\"\" \/><\/a>\n\t\t\t\t<\/dt><\/dl><br style=\"clear: both\" \/>\n\t\t\t<\/div>\n\n<p>&nbsp;<\/p>\n<p>&nbsp;<\/p>\n<hr \/>\n<p>&nbsp;<\/p>\n<blockquote>\n<h3>LO SPI CGIL AL FIANCO DEI DIPENDENTI DI POSTE ITALIANE<\/h3>\n<\/blockquote>\n<p><strong><a class=\"dt-pswp-item\" href=\"https:\/\/www.radiopiu.net\/wordpress\/wp-content\/uploads\/2023\/02\/SPI-CGIL.png\" data-dt-img-description=\"\" data-large_image_width=\"278\" data-large_image_height=\"244\"><img loading=\"lazy\" decoding=\"async\" class=\" wp-image-322694 alignleft\" src=\"https:\/\/www.radiopiu.net\/wordpress\/wp-content\/uploads\/2023\/02\/SPI-CGIL.png\" alt=\"\" width=\"144\" height=\"126\" \/><\/a>VENEZIA<\/strong> Lo Spi Cgil della regione Veneto esprime preoccupazione per la situazione di Poste Italiane e appoggia la manifestazione dei lavoratori postali in programma davanti alla sede regionale dell&#8217;azienda a Mestre. Il sindacato sottolinea l&#8217;importanza di garantire livelli occupazionali adeguati sia in qualit\u00e0 che in quantit\u00e0 per assicurare un servizio di qualit\u00e0, specialmente per gli anziani, principali fruitori degli uffici postali. Lo Spi Cgil auspica un confronto utile tra le parti per risolvere la problematica della carenza di personale e preservare il ruolo fondamentale di Poste Italiane come punto di riferimento per i pensionati.<\/p>\n<p>&nbsp;<\/p>\n<blockquote>\n<h3>LO SPORTELLO DELLO SPI CGIL A BELLUNO<\/h3>\n<\/blockquote>\n<p><strong>BELLUNO<\/strong> Lo Spi Cgil apre uno sportello sociale a Belluno ogni luned\u00ec e gioved\u00ec dalle 15:00 alle 17:00 presso Viale Fantuzzi 11. Offre informazioni e orientamento sui diritti in diversi ambiti, come domiciliarit\u00e0, handicap, esenzioni ticket e accesso ad aiuti economici, con l&#8217;obiettivo di supportare la popolazione anziana e fornire assistenza alle famiglie. Per contattare lo sportello, \u00e8 possibile chiamare i numeri 3406551229 o 0439 184 1425 o inviare una e-mail a <a target=\"_new\" rel=\"noopener\">spi.bl@veneto.cgil.it<\/a>.<\/p>\n<p>&nbsp;<\/p>\n<hr \/>\n<p>&nbsp;<\/p>\n<blockquote>\n<h3>VERSO L\u2019ARGENTO \u201cPER INVECCHIARE BENE NON VIVERE MAI DA VECCHIO\u201d<\/h3>\n<\/blockquote>\n<p><strong><a class=\"dt-pswp-item\" href=\"https:\/\/www.radiopiu.net\/wordpress\/wp-content\/uploads\/2023\/03\/hand-2906425__340.jpg\" data-dt-img-description=\"\" data-large_image_width=\"510\" data-large_image_height=\"340\"><img loading=\"lazy\" decoding=\"async\" class=\" wp-image-326940 alignleft\" src=\"https:\/\/www.radiopiu.net\/wordpress\/wp-content\/uploads\/2023\/03\/hand-2906425__340-300x200.jpg\" alt=\"\" width=\"143\" height=\"95\" srcset=\"https:\/\/www.radiopiu.net\/wordpress\/wp-content\/uploads\/2023\/03\/hand-2906425__340-300x200.jpg 300w, https:\/\/www.radiopiu.net\/wordpress\/wp-content\/uploads\/2023\/03\/hand-2906425__340.jpg 510w\" sizes=\"auto, (max-width: 143px) 100vw, 143px\" \/><\/a>BELLUNO<\/strong> L&#8217;Appuntamento organizzato dall&#8217;AULSS 1 Dolomiti, intitolato &#8220;Per invecchiare bene non vivere mai da vecchio,&#8221; si tiene ogni due mesi e vede la partecipazione di cittadini iscritti che possono collegarsi da casa o da sedi precedentemente individuate dall&#8217;Azienda Sanitaria. Gli incontri di due ore, svolti tramite computer o cellulare, sono tenuti da medici dell&#8217;AULSS e coprono temi come la prevenzione, il dolore e il sonno. Nonostante la difficolt\u00e0 di organizzare sedi di incontro nella zona del Cadore, la Lega dei Pensionati della Cgil del Cadore\/Comelico ha individuato il circolo Auser di Pieve di Cadore come sede per partecipare agli incontri. Questa iniziativa ha visto la partecipazione di 10-15 pensionati interessati e attenti, rappresentando un&#8217;esperienza di socialit\u00e0 arricchente. La Lega SPI CGIL Cadore\/Comelico valuta positivamente l&#8217;esperienza e si impegna a ripeterla, creando o intersecando occasioni di incontro per supportare le persone anziane.<\/p>\n<p>&nbsp;<\/p>\n<p>&nbsp;<\/p>\n<p>&nbsp;<\/p>\n<hr \/>\n<p>&nbsp;<\/p>\n<blockquote>\n<h3>DONAZZAN: IL PROGETTO SCUOLA SICURA E&#8217; ESSENZIALE<\/h3>\n<\/blockquote>\n<p><strong><a class=\"dt-pswp-item\" href=\"https:\/\/www.radiopiu.net\/wordpress\/wp-content\/uploads\/2021\/03\/ELENA-DONAZZAN.png\" data-dt-img-description=\"\" data-large_image_width=\"1266\" data-large_image_height=\"1146\"><img loading=\"lazy\" decoding=\"async\" class=\" wp-image-195881 alignleft\" src=\"https:\/\/www.radiopiu.net\/wordpress\/wp-content\/uploads\/2021\/03\/ELENA-DONAZZAN-300x272.png\" alt=\"\" width=\"150\" height=\"136\" srcset=\"https:\/\/www.radiopiu.net\/wordpress\/wp-content\/uploads\/2021\/03\/ELENA-DONAZZAN-300x272.png 300w, https:\/\/www.radiopiu.net\/wordpress\/wp-content\/uploads\/2021\/03\/ELENA-DONAZZAN-1024x927.png 1024w, https:\/\/www.radiopiu.net\/wordpress\/wp-content\/uploads\/2021\/03\/ELENA-DONAZZAN-768x695.png 768w, https:\/\/www.radiopiu.net\/wordpress\/wp-content\/uploads\/2021\/03\/ELENA-DONAZZAN.png 1266w\" sizes=\"auto, (max-width: 150px) 100vw, 150px\" \/><\/a>VENEZIA<\/strong> L&#8217;Assessore all&#8217;Istruzione della Regione del Veneto, Elena Donazzan, ha sottolineato l&#8217;importanza del progetto &#8220;Scuola Sicura Veneto&#8221;, ideato dall&#8217;Assessore alla Protezione Civile Gianpaolo Bottacin. Donazzan ha enfatizzato che \u00e8 fondamentale trasmettere la cultura della Protezione Civile nelle scuole, rafforzando la capacit\u00e0 di gestire le emergenze e promuovendo la prevenzione attraverso l&#8217;educazione alle buone pratiche e ai comportamenti corretti, soprattutto nelle nuove generazioni. La Regione del Veneto ha implementato con successo il progetto Scuola Sicura Veneto nelle scuole, coinvolgendo la Protezione Civile in esercitazioni e nell&#8217;insegnamento delle norme di comportamento e autoprotezione. L&#8217;Assessore ha anche sottolineato la sua convinzione sull&#8217;opportunit\u00e0 di ripensare al ripristino del servizio di leva obbligatorio per i giovani italiani.<\/p>\n<p>&nbsp;<\/p>\n<p>&nbsp;<\/p>\n<hr \/>\n<p>&nbsp;<\/p>\n<p><strong><a class=\"dt-pswp-item\" href=\"https:\/\/www.radiopiu.net\/wordpress\/wp-content\/uploads\/2024\/01\/Senza-nome-34.png\" data-dt-img-description=\"\" data-large_image_width=\"239\" data-large_image_height=\"153\"><img loading=\"lazy\" decoding=\"async\" class=\"wp-image-369478 alignleft\" src=\"https:\/\/www.radiopiu.net\/wordpress\/wp-content\/uploads\/2024\/01\/Senza-nome-34.png\" alt=\"\" width=\"128\" height=\"82\" \/><\/a> <\/strong><\/p>\n<p><strong>\u00a0<\/strong><\/p>\n<p><strong>dal TG BELLUNESE di\u00a0 ANTENNA 3 ogni sera alle 19.30 sul canale 10 del digitale terrestre e alle 19 le anticipazioni alla radio.\u00a0<\/strong><\/p>\n<p>&nbsp;<\/p>\n<p>&nbsp;<\/p>\n<hr \/>\n<p>&nbsp;<\/p>\n<blockquote>\n<h3>MICROSOFT BING SCEGLIE L&#8217;AGNER COME SFONDO<\/h3>\n<div dir=\"auto\"><em>&#8220;su <a class=\"x1i10hfl xjbqb8w x6umtig x1b1mbwd xaqea5y xav7gou x9f619 x1ypdohk xt0psk2 xe8uvvx xdj266r x11i5rnm xat24cr x1mh8g0r xexx8yu x4uap5 x18d9i69 xkhd6sd x16tdsg8 x1hl2dhg xggy1nq x1a2a7pz xt0b8zv x1fey0fg\" tabindex=\"0\" role=\"link\" href=\"https:\/\/www.bing.com\/?fbclid=IwAR39N9wvOqKeravl7eR-wn7RbUOuXO763NYB4kSdDX0sCxxffd_W1GSeX6U\" target=\"_blank\" rel=\"nofollow noopener noreferrer\">http:\/\/www.bing.com<\/a> da Taibon Agordino. Una fotografia della cascata dell&#8217;inferno con il tramonto sull&#8217;Agner&#8221;.<\/em><\/div>\n<\/blockquote>\n<p><strong><a class=\"dt-pswp-item\" href=\"https:\/\/www.radiopiu.net\/wordpress\/wp-content\/uploads\/2024\/01\/Senza-nome-45.png\" data-dt-img-description=\"\" data-large_image_width=\"257\" data-large_image_height=\"241\"><img loading=\"lazy\" decoding=\"async\" class=\"wp-image-369930 alignleft\" src=\"https:\/\/www.radiopiu.net\/wordpress\/wp-content\/uploads\/2024\/01\/Senza-nome-45.png\" alt=\"\" width=\"133\" height=\"125\" \/><\/a>REDAZIONE<\/strong> Sorpresa nella giornata di sabato sul motore di ricerca di Microsoft Bing. Il sito presentava come sfondo una foto artistica che ritrae l&#8217;Agner. L&#8217;autore: MORENO GEREMETTA di Agordo. A lui abbiamo chiesto come sia riuscito ad approdare a Bing e quali sensazioni ed emozioni nel vedere l&#8217;Agner&#8230; nel mondo.<\/p>\n<p><strong>MORENO GEREMETTA<\/strong><\/p>\n<audio class=\"wp-audio-shortcode\" id=\"audio-369798-7\" preload=\"none\" style=\"width: 100%;\" controls=\"controls\"><source type=\"audio\/mpeg\" src=\"https:\/\/www.radiopiu.net\/wordpress\/wp-content\/uploads\/2024\/01\/MORENO-GEREMETTA.mp3?_=7\" \/><a href=\"https:\/\/www.radiopiu.net\/wordpress\/wp-content\/uploads\/2024\/01\/MORENO-GEREMETTA.mp3\">https:\/\/www.radiopiu.net\/wordpress\/wp-content\/uploads\/2024\/01\/MORENO-GEREMETTA.mp3<\/a><\/audio>\n<p><a class=\"dt-pswp-item\" href=\"https:\/\/www.radiopiu.net\/wordpress\/wp-content\/uploads\/2024\/01\/418886018_10227328184383689_3247257205588766993_n.jpg\" data-dt-img-description=\"\" data-large_image_width=\"1747\" data-large_image_height=\"960\"><img loading=\"lazy\" decoding=\"async\" class=\"size-medium wp-image-369931 aligncenter\" src=\"https:\/\/www.radiopiu.net\/wordpress\/wp-content\/uploads\/2024\/01\/418886018_10227328184383689_3247257205588766993_n-300x165.jpg\" alt=\"\" width=\"300\" height=\"165\" srcset=\"https:\/\/www.radiopiu.net\/wordpress\/wp-content\/uploads\/2024\/01\/418886018_10227328184383689_3247257205588766993_n-300x165.jpg 300w, https:\/\/www.radiopiu.net\/wordpress\/wp-content\/uploads\/2024\/01\/418886018_10227328184383689_3247257205588766993_n-1024x563.jpg 1024w, https:\/\/www.radiopiu.net\/wordpress\/wp-content\/uploads\/2024\/01\/418886018_10227328184383689_3247257205588766993_n-768x422.jpg 768w, https:\/\/www.radiopiu.net\/wordpress\/wp-content\/uploads\/2024\/01\/418886018_10227328184383689_3247257205588766993_n-1536x844.jpg 1536w, https:\/\/www.radiopiu.net\/wordpress\/wp-content\/uploads\/2024\/01\/418886018_10227328184383689_3247257205588766993_n.jpg 1747w\" sizes=\"auto, (max-width: 300px) 100vw, 300px\" \/><\/a><\/p>\n<hr \/>\n<p>&nbsp;<\/p>\n<blockquote>\n<h3>OMICIDIO DI EMMA CANTON. CON ROBERTO DE NART &#8220;NEL LUOGO DEL DELITTO&#8221;.<\/h3>\n<\/blockquote>\n<div>\n<div class=\"\" dir=\"auto\">\n<div id=\":r1kh:\" class=\"x1iorvi4 x1pi30zi x1l90r2v x1swvt13\" data-ad-comet-preview=\"message\" data-ad-preview=\"message\">\n<div class=\"x78zum5 xdt5ytf xz62fqu x16ldp7u\">\n<div class=\"xu06os2 x1ok221b\">\n<div class=\"x11i5rnm xat24cr x1mh8g0r x1vvkbs xtlvy1s x126k92a\">\n<div dir=\"auto\"><img loading=\"lazy\" decoding=\"async\" class=\"x1ey2m1c xds687c x5yr21d x10l6tqk x17qophe x13vifvy xh8yej3 xl1xv1r alignleft\" src=\"https:\/\/scontent-mxp2-1.xx.fbcdn.net\/v\/t39.30808-6\/413892218_6782657368527745_6697488528668670959_n.jpg?_nc_cat=100&amp;ccb=1-7&amp;_nc_sid=3635dc&amp;_nc_ohc=YdurxIxAUzAAX-Lxaye&amp;_nc_ht=scontent-mxp2-1.xx&amp;oh=00_AfBOqONEXBQoXqndAs4oRii7BSuMJfhR0hrXWKC_tU82kg&amp;oe=65A8C00F\" alt=\"Potrebbe essere un'immagine raffigurante il seguente testo &quot;Omicidio CIC di Emma Canton Atti processuali -Archivio di Stato di Venezia 1933 Roberto De Nart&quot;\" width=\"143\" height=\"213\" \/><strong>TRICHIANA<\/strong> Si terr\u00e0 venerd\u00ec 19 GENNAIO\u00a0 \u00a0alle 18:30 in Biblioteca\u00a0 a\u00a0 Trichiana presentazione dell\u2019ultimo libro di Roberto De Nart dal titolo \u201cOmicidio di Emma Canton\u201d. Condurr\u00e0 la serata l\u2019avvocato Anna Polifroni del Foro di Belluno e la dottoressa Fiorella Bristot. Il libro del giornalista bellunese narra i fatti realmente accaduti 90 anni fa nella frazione di S. Antonio Tortal di Trichiana (Borgo Valbelluna), ricostruiti sulla base degli atti processuali dell\u2019Archivio di Stato di Venezia. Quello di Emma Canton \u00e8 un caso di femminicidio crudele che presenta molte analogie con il caso attuale di Giulia Cecchettin, uccisa dal suo ex fidanzato Filippo Turetta. Entrambe le giovani coppie hanno la medesima et\u00e0, 22 anni.<\/div>\n<\/div>\n<div dir=\"auto\"><\/div>\n<div dir=\"auto\">\n<p><strong><a class=\"dt-pswp-item\" href=\"https:\/\/www.radiopiu.net\/wordpress\/wp-content\/uploads\/2024\/01\/file.jpg\" data-dt-img-description=\"\" data-large_image_width=\"640\" data-large_image_height=\"640\"><img loading=\"lazy\" decoding=\"async\" class=\"wp-image-369934 alignleft\" src=\"https:\/\/www.radiopiu.net\/wordpress\/wp-content\/uploads\/2024\/01\/file-300x300.jpg\" alt=\"\" width=\"102\" height=\"102\" srcset=\"https:\/\/www.radiopiu.net\/wordpress\/wp-content\/uploads\/2024\/01\/file-300x300.jpg 300w, https:\/\/www.radiopiu.net\/wordpress\/wp-content\/uploads\/2024\/01\/file-150x150.jpg 150w, https:\/\/www.radiopiu.net\/wordpress\/wp-content\/uploads\/2024\/01\/file.jpg 640w\" sizes=\"auto, (max-width: 102px) 100vw, 102px\" \/><\/a>L&#8217;AUTORE, ROBERTO DE NART<\/strong><\/p>\n<\/div>\n<\/div>\n<\/div>\n<\/div>\n<\/div>\n<div id=\":r1ki:\" class=\"x1n2onr6\">\n<div class=\"x1n2onr6\">\n<div class=\"x6s0dn4 x1jx94hy x78zum5 xdt5ytf x6ikm8r x10wlt62 x1n2onr6 xh8yej3\">\n<div class=\"xqtp20y x6ikm8r x10wlt62 x1n2onr6\">\n<div class=\"x10l6tqk x13vifvy\">\n<audio class=\"wp-audio-shortcode\" id=\"audio-369798-8\" preload=\"none\" style=\"width: 100%;\" controls=\"controls\"><source type=\"audio\/mpeg\" src=\"https:\/\/www.radiopiu.net\/wordpress\/wp-content\/uploads\/2023\/11\/ROBERTO-DE-NART.mp3?_=8\" \/><a href=\"https:\/\/www.radiopiu.net\/wordpress\/wp-content\/uploads\/2023\/11\/ROBERTO-DE-NART.mp3\">https:\/\/www.radiopiu.net\/wordpress\/wp-content\/uploads\/2023\/11\/ROBERTO-DE-NART.mp3<\/a><\/audio>\n<\/div>\n<\/div>\n<\/div>\n<div class=\"xua58t2 xzg4506 x1ey2m1c xds687c x47corl x10l6tqk x17qophe x13vifvy\"><\/div>\n<div><\/div>\n<\/div>\n<\/div>\n<\/div>\n<p>&nbsp;<\/p>\n<hr \/>\n<p>&nbsp;<\/p>\n<blockquote>\n<h3>UN CAFFE&#8217; CON&#8230;<\/h3>\n<\/blockquote>\n<p><strong>ALPAGO<\/strong> Inizia la serie di incontri &#8220;Un caff\u00e8 con&#8230;&#8221;, promossa dalle parrocchie dell&#8217;Alpago in collaborazione con il comitato Alpago Due Ruote &amp; Solidariet\u00e0 e l&#8217;associazione Ceno Barattin. Gli incontri, che avranno luogo alla Casa della Giovent\u00f9 di Puos d\u2019Alpago, si concentreranno sulla socializzazione, il recupero della memoria, esperienze significative di volontariato e argomenti specifici proposti da figure professionali, ricercatori e artisti locali. Il primo incontro, &#8220;Cosa impariamo dall\u2019Africa?&#8221;, \u00e8 previsto per il 17 gennaio, a cura di Paola Barattin. Gli appuntamenti si svolgeranno fino a giugno e affronteranno tematiche varie.<\/p>\n<p><strong>IL PROGRAMMA DEGLI INCONTRI<\/strong><\/p>\n<p><a class=\"dt-pswp-item\" href=\"https:\/\/www.radiopiu.net\/wordpress\/wp-content\/uploads\/2024\/01\/DEPLIANT-calendario-Un-caffe-con.-Alpago-2024.jpg\" data-dt-img-description=\"incontri Un caff\u00e8 con... Alpago 2024 - 1\" data-large_image_width=\"2000\" data-large_image_height=\"1333\"><img loading=\"lazy\" decoding=\"async\" class=\"aligncenter wp-image-369715 size-medium\" src=\"https:\/\/www.radiopiu.net\/wordpress\/wp-content\/uploads\/2024\/01\/DEPLIANT-calendario-Un-caffe-con.-Alpago-2024-300x200.jpg\" alt=\"\" width=\"300\" height=\"200\" srcset=\"https:\/\/www.radiopiu.net\/wordpress\/wp-content\/uploads\/2024\/01\/DEPLIANT-calendario-Un-caffe-con.-Alpago-2024-300x200.jpg 300w, https:\/\/www.radiopiu.net\/wordpress\/wp-content\/uploads\/2024\/01\/DEPLIANT-calendario-Un-caffe-con.-Alpago-2024-1024x682.jpg 1024w, https:\/\/www.radiopiu.net\/wordpress\/wp-content\/uploads\/2024\/01\/DEPLIANT-calendario-Un-caffe-con.-Alpago-2024-768x512.jpg 768w, https:\/\/www.radiopiu.net\/wordpress\/wp-content\/uploads\/2024\/01\/DEPLIANT-calendario-Un-caffe-con.-Alpago-2024-1536x1024.jpg 1536w, https:\/\/www.radiopiu.net\/wordpress\/wp-content\/uploads\/2024\/01\/DEPLIANT-calendario-Un-caffe-con.-Alpago-2024.jpg 2000w\" sizes=\"auto, (max-width: 300px) 100vw, 300px\" \/><\/a><\/p>\n<hr \/>\n<p>&nbsp;<\/p>\n<blockquote>\n<h3><\/h3>\n<h3>ARIA D&#8217;INVERN, IL CONCORSO FOTOGRAFICO<\/h3>\n<\/blockquote>\n<p><strong><img loading=\"lazy\" decoding=\"async\" class=\"alignleft\" src=\"https:\/\/www.radiopiu.net\/wordpress\/wp-content\/uploads\/2024\/01\/Senza-nome-41.png\" width=\"375\" height=\"201\" \/>CENCENIGHE<\/strong> La Pro Loco di Cencenighe ha organizzato un concorso fotografico dal titolo &#8220;Aria D&#8217;Invern&#8221;. Chi volesse partecipare pu\u00f2 inviare gli scatti fino al 31 marzo alla mail ariadinvern@gmail.com seguiranno le premiazioni e, nel mese di luglio, l&#8217;esposizione delle foto al Nof Fil\u00f2. Regolamento completo sul sito www.prolococencenighe.it<\/p>\n<p>&nbsp;<\/p>\n<p><strong>L&#8217;INTERVISTA ALLA RADIO CON ORIETTA SCARDANZAN, ELISA CANCEL, FRANCESCA TRENTIN\u00a0<\/strong><\/p>\n<audio class=\"wp-audio-shortcode\" id=\"audio-369798-9\" preload=\"none\" style=\"width: 100%;\" controls=\"controls\"><source type=\"audio\/mpeg\" src=\"https:\/\/www.radiopiu.net\/wordpress\/wp-content\/uploads\/2024\/01\/porolco-cence-aria-dinverno.mp3?_=9\" \/><a href=\"https:\/\/www.radiopiu.net\/wordpress\/wp-content\/uploads\/2024\/01\/porolco-cence-aria-dinverno.mp3\">https:\/\/www.radiopiu.net\/wordpress\/wp-content\/uploads\/2024\/01\/porolco-cence-aria-dinverno.mp3<\/a><\/audio>\n<p>&nbsp;<\/p>\n<hr \/>\n<p>&nbsp;<\/p>\n<blockquote>\n<h3>LEGNO: L&#8217;ORO DELLE NOSTRE PREALPI<\/h3>\n<\/blockquote>\n<blockquote>\n<h3><a class=\"dt-pswp-item\" href=\"https:\/\/www.radiopiu.net\/wordpress\/wp-content\/uploads\/2024\/01\/49f8be50-d1a7-4d76-a599-99d205437d5c.jpg\" data-dt-img-description=\"\" data-large_image_width=\"1415\" data-large_image_height=\"2000\"><img loading=\"lazy\" decoding=\"async\" class=\"wp-image-369629 alignleft\" src=\"https:\/\/www.radiopiu.net\/wordpress\/wp-content\/uploads\/2024\/01\/49f8be50-d1a7-4d76-a599-99d205437d5c-212x300.jpg\" alt=\"\" width=\"92\" height=\"131\" srcset=\"https:\/\/www.radiopiu.net\/wordpress\/wp-content\/uploads\/2024\/01\/49f8be50-d1a7-4d76-a599-99d205437d5c-212x300.jpg 212w, https:\/\/www.radiopiu.net\/wordpress\/wp-content\/uploads\/2024\/01\/49f8be50-d1a7-4d76-a599-99d205437d5c-724x1024.jpg 724w, https:\/\/www.radiopiu.net\/wordpress\/wp-content\/uploads\/2024\/01\/49f8be50-d1a7-4d76-a599-99d205437d5c-768x1086.jpg 768w, https:\/\/www.radiopiu.net\/wordpress\/wp-content\/uploads\/2024\/01\/49f8be50-d1a7-4d76-a599-99d205437d5c-1087x1536.jpg 1087w, https:\/\/www.radiopiu.net\/wordpress\/wp-content\/uploads\/2024\/01\/49f8be50-d1a7-4d76-a599-99d205437d5c.jpg 1415w\" sizes=\"auto, (max-width: 92px) 100vw, 92px\" \/><\/a>LEGNO: L&#8217;ORO DELLE NOSTRE PREALPI<\/h3>\n<\/blockquote>\n<p><strong>BELLUNO <\/strong>L&#8217;evento &#8220;Riscopri il legno come risorsa per un&#8217;economia sostenibile&#8221; si terr\u00e0 gioved\u00ec 18 gennaio alle 19:30 al Ristorante Pian Longhi a Belluno. I relatori dell&#8217;evento sono Gimmy Dal Farra, Presidente dell&#8217;Associazione Belluno Alpina, e l&#8217;Europarlamentare della Lega, Onorevole Paolo Borchia del Gruppo Identit\u00e0 e Democrazia. L&#8217;incontro affronter\u00e0 tematiche legate all&#8217;utilizzo del legno come risorsa per un&#8217;economia sostenibile, evidenziando l&#8217;importanza di preservare gli ecosistemi, la salute e la cultura locali, e promuovendo la convivialit\u00e0.<\/p>\n<p>&nbsp;<\/p>\n<p>&nbsp;<\/p>\n<hr \/>\n<p>&nbsp;<\/p>\n<blockquote>\n<h2>LE PISTE&#8230; SULLA PORTA DI CASA<\/h2>\n<\/blockquote>\n<div>\n<div class=\"x1cy8zhl x78zum5 x1q0g3np xod5an3 x1pi30zi x1swvt13 xz9dl7a\">\n<div class=\"x1iyjqo2\">\n<div class=\"x78zum5 xdt5ytf xz62fqu x16ldp7u\">\n<div class=\"xu06os2 x1ok221b\">\n<h2 id=\":R1al9aqqd9emhpapd5aq:\" class=\"x1heor9g x1qlqyl8 x1pd3egz x1a2a7pz x1gslohp x1yc453h\"><span class=\"x193iq5w xeuugli x13faqbe x1vvkbs x1xmvt09 x6prxxf xvq8zen xo1l8bm xi81zsa\"><strong><a class=\"dt-pswp-item\" href=\"https:\/\/www.radiopiu.net\/wordpress\/wp-content\/uploads\/2021\/11\/FORCELLA-AURINE.jpg\" data-dt-img-description=\"\" data-large_image_width=\"960\" data-large_image_height=\"720\"><img loading=\"lazy\" decoding=\"async\" class=\" wp-image-241538 alignleft\" src=\"https:\/\/www.radiopiu.net\/wordpress\/wp-content\/uploads\/2021\/11\/FORCELLA-AURINE-300x225.jpg\" alt=\"\" width=\"191\" height=\"143\" srcset=\"https:\/\/www.radiopiu.net\/wordpress\/wp-content\/uploads\/2021\/11\/FORCELLA-AURINE-300x225.jpg 300w, https:\/\/www.radiopiu.net\/wordpress\/wp-content\/uploads\/2021\/11\/FORCELLA-AURINE-768x576.jpg 768w, https:\/\/www.radiopiu.net\/wordpress\/wp-content\/uploads\/2021\/11\/FORCELLA-AURINE.jpg 960w\" sizes=\"auto, (max-width: 191px) 100vw, 191px\" \/><\/a>Aurine SKI Dolomiti -Progetto Desma <\/strong><\/span><strong><a class=\"x1i10hfl xjbqb8w x6umtig x1b1mbwd xaqea5y xav7gou x9f619 x1ypdohk xt0psk2 xe8uvvx xdj266r x11i5rnm xat24cr x1mh8g0r xexx8yu x4uap5 x18d9i69 xkhd6sd x16tdsg8 x1hl2dhg xggy1nq x1a2a7pz xt0b8zv xzsf02u x1s688f\" tabindex=\"0\" role=\"link\" href=\"https:\/\/www.facebook.com\/aurineskidolomiti?__cft__[0]=AZXSmHr83SUuJT0u4kVMSvLZyFo58012vDZQz2S9NoUpe9MsUBxfpeLpjB-1OoVs-G6CFBOMyk-HwUGAJFyotDcmMB8tqVOt4ppZp7H1Nhm_9AbxGcAKPdaj0NRByIDsgxLcHrLDuU1XYg3AAgvwT-9s&amp;__tn__=-]C%2CP-R\"><span class=\"xt0psk2\">&#8211;<\/span><\/a><\/strong>.<\/h2>\n<\/div>\n<div class=\"xu06os2 x1ok221b\">NUOVE APERTURE E NUOVI ORARI: &#8211; LUNEDI : Chiuso &#8211; MARTEDI : Chiuso &#8211; MERCOLEDI : 13:00-16:30 \/ 19:30-22:00 &#8211; GIOVEDI : 13:00-16:30 &#8211; VENERDI : 13:00-16:30 &#8211; SABATO : 9:00 &#8211; 16.30 &#8211; DOMENICA : 9:00 &#8211; 16.30 AD OGGI LA SITUAZIONE PISTE: &#8211; CAMPO SCUOLA <span class=\"x3nfvp2 x1j61x8r x1fcty0u xdj266r xhhsvwb xat24cr xgzva0m xxymvpz xlup9mm x1kky2od\"><img loading=\"lazy\" decoding=\"async\" class=\"xz74otr\" src=\"https:\/\/static.xx.fbcdn.net\/images\/emoji.php\/v9\/t55\/1.5\/16\/1f7e2.png\" alt=\"&#x1f7e2;\" width=\"16\" height=\"16\" \/><\/span><\/div>\n<\/div>\n<\/div>\n<\/div>\n<\/div>\n<div>\n<div class=\"\" dir=\"auto\">\n<div id=\":R1al9aqqd9emhpapd5aqH2:\" class=\"x1iorvi4 x1pi30zi x1l90r2v x1swvt13\" data-ad-comet-preview=\"message\" data-ad-preview=\"message\">\n<div class=\"x78zum5 xdt5ytf xz62fqu x16ldp7u\">\n<div class=\"xu06os2 x1ok221b\">\n<div class=\"x11i5rnm xat24cr x1mh8g0r x1vvkbs xtlvy1s x126k92a\">\n<div dir=\"auto\">&#8211; GARDELINA <span class=\"x3nfvp2 x1j61x8r x1fcty0u xdj266r xhhsvwb xat24cr xgzva0m xxymvpz xlup9mm x1kky2od\"><img loading=\"lazy\" decoding=\"async\" class=\"xz74otr\" src=\"https:\/\/static.xx.fbcdn.net\/images\/emoji.php\/v9\/t55\/1.5\/16\/1f7e2.png\" alt=\"&#x1f7e2;\" width=\"16\" height=\"16\" \/> <\/span>&#8211; BEPI <span class=\"x3nfvp2 x1j61x8r x1fcty0u xdj266r xhhsvwb xat24cr xgzva0m xxymvpz xlup9mm x1kky2od\"><img loading=\"lazy\" decoding=\"async\" class=\"xz74otr\" src=\"https:\/\/static.xx.fbcdn.net\/images\/emoji.php\/v9\/t55\/1.5\/16\/1f7e2.png\" alt=\"&#x1f7e2;\" width=\"16\" height=\"16\" \/> <\/span>&#8211; GEMINI <span class=\"x3nfvp2 x1j61x8r x1fcty0u xdj266r xhhsvwb xat24cr xgzva0m xxymvpz xlup9mm x1kky2od\"><img loading=\"lazy\" decoding=\"async\" class=\"xz74otr\" src=\"https:\/\/static.xx.fbcdn.net\/images\/emoji.php\/v9\/tc7\/1.5\/16\/1f534.png\" alt=\"&#x1f534;\" width=\"16\" height=\"16\" \/> <\/span>Se le temperature ce lo permetteranno in pochi giorni sar\u00e0 completata anche la parte alta con l&#8217;apertura della sciovia Gardelon. RISTOBAR GHEGY<\/div>\n<\/div>\n<div class=\"x11i5rnm xat24cr x1mh8g0r x1vvkbs xtlvy1s x126k92a\">\n<div dir=\"auto\">&#8211; Dal Mercoled\u00ec al Venerd\u00ec aperto dall&#8217;ora di pranzo. &#8211; Mercoled\u00ec sera anche a cena con i panini GOURMET. &#8211; Sabato e Domenica 8:30 &#8211; 18.30.<\/div>\n<\/div>\n<\/div>\n<\/div>\n<\/div>\n<\/div>\n<\/div>\n<p>&nbsp;<\/p>\n<p>&nbsp;<\/p>\n<hr \/>\n<p>&nbsp;<\/p>\n<blockquote>\n<h3><a class=\"dt-pswp-item\" href=\"https:\/\/www.radiopiu.net\/wordpress\/wp-content\/uploads\/2024\/01\/SCR-20240109-pzvy.png\" data-dt-img-description=\"\" data-large_image_width=\"750\" data-large_image_height=\"318\"><img loading=\"lazy\" decoding=\"async\" class=\" wp-image-369322 alignleft\" src=\"https:\/\/www.radiopiu.net\/wordpress\/wp-content\/uploads\/2024\/01\/SCR-20240109-pzvy-300x127.png\" alt=\"\" width=\"222\" height=\"94\" srcset=\"https:\/\/www.radiopiu.net\/wordpress\/wp-content\/uploads\/2024\/01\/SCR-20240109-pzvy-300x127.png 300w, https:\/\/www.radiopiu.net\/wordpress\/wp-content\/uploads\/2024\/01\/SCR-20240109-pzvy.png 750w\" sizes=\"auto, (max-width: 222px) 100vw, 222px\" \/><\/a>OPEN DAY ALLA SCUOLA DELL&#8217;INFANZIA DI AGORDO<\/h3>\n<\/blockquote>\n<p><strong>AGORDO<\/strong> E&#8217; in programma per mercoled\u00ec 24 gennaio l&#8217;open day della Scuola dell&#8217;infanzia di Agordo dedicato ai genitori. Nell&#8217;occasione si potr\u00e0 vistare la struttura ed effettuare le isrizioni per il prossimo anno scolastico. La scuola sar\u00e0 visitabile dalle 16 alle 17. Inoltre, per coloro che sono impossibilitati a visitare la scuola, il 31 gennaio dalle 9 alle 16 sar\u00e0 possibile fare l&#8217;iscrizione.<\/p>\n<p>&nbsp;<\/p>\n<hr \/>\n<p>&nbsp;<\/p>\n<blockquote>\n<h3>COME NUOVO BIMBI, IL NUOVO NEGOZIO DI GIADA SCHENA<\/h3>\n<\/blockquote>\n<p><strong>REDAZIONE<\/strong> Ha aperto i battenti un nuovo negozio ad Agordo. In contrada dei signori Giada Schena ha aperto le porte di &#8220;Come Nuovo Bimbi&#8221; a Radio Pi\u00f9.<\/p>\n<div style=\"width: 848px;\" class=\"wp-video\"><video class=\"wp-video-shortcode\" id=\"video-369798-1\" width=\"848\" height=\"480\" preload=\"metadata\" controls=\"controls\"><source type=\"video\/mp4\" src=\"https:\/\/www.radiopiu.net\/wordpress\/wp-content\/uploads\/2024\/01\/WhatsApp-Video-2024-01-13-at-12.28.12.mp4?_=1\" \/><a href=\"https:\/\/www.radiopiu.net\/wordpress\/wp-content\/uploads\/2024\/01\/WhatsApp-Video-2024-01-13-at-12.28.12.mp4\">https:\/\/www.radiopiu.net\/wordpress\/wp-content\/uploads\/2024\/01\/WhatsApp-Video-2024-01-13-at-12.28.12.mp4<\/a><\/video><\/div>\n<p>&nbsp;<\/p>\n<hr \/>\n<p>&nbsp;<\/p>\n<blockquote>\n<h3>LE NUOVE DOLOMITI ALL&#8217;HOTEL BOITE<\/h3>\n<\/blockquote>\n<p><strong>BORCA DI CADORE<\/strong> Il primo incontro della rassegna &#8220;Le nuove Dolomiti&#8221; sar\u00e0 dedicato al tema del futuro sostenibile del Cadore. Intitolato &#8220;Green Deal Cadore 2030 e le nuove opportunit\u00e0 di sviluppo del territorio&#8221;, l&#8217;evento si terr\u00e0 il oggi all&#8217;Hotel Boite di Borca di Cadore. I relatori includono il presidente della Magnifica Comunit\u00e0 di Cadore, Renzo Bortolot, il presidente di DBA Group e dell&#8217;Associazione Comelico Nuova, Francesco De Bettin, e l&#8217;antropologo Annibale Salsa. L&#8217;incontro sar\u00e0 moderato dalla giornalista Marina Menardi e affronter\u00e0 il progetto &#8220;Green Deal Cadore 2030&#8221;, nato per promuovere lo sviluppo sostenibile del territorio, anche in vista delle Olimpiadi invernali di Milano Cortina nel 2026.<\/p>\n<p>&nbsp;<\/p>\n<p>&nbsp;<\/p>\n<hr \/>\n<p>&nbsp;<\/p>\n<blockquote>\n<h3>SCUOLA DI SCI ALPINISMO CON IL CAI<\/h3>\n<\/blockquote>\n<p><strong>AGORDO<\/strong> La Scuola di Alpinismo e Scialpinismo della Sezione Agordina del CAI organizza un Corso Base di Scialpinismo SA1, dedicato a coloro che vogliono acquisire le nozioni teoriche e pratiche per praticare lo scialpinismo in autonomia e sicurezza. La presentazione del corso si terr\u00e0 venerd\u00ec alle 20.30 presso la Sede sociale di Piazzale Marconi ad Agordo. Il corso \u00e8 aperto a un massimo di 10 partecipanti.<\/p>\n<p>&nbsp;<\/p>\n<p>&nbsp;<\/p>\n<hr \/>\n<p>&nbsp;<\/p>\n<blockquote>\n<h3>L\u2019INDUSTRIA ITALIANA E\u2019 CROLLATA IN 15 ANNI . IL VENETO TIENE<\/h3>\n<\/blockquote>\n<p><a class=\"dt-pswp-item\" href=\"https:\/\/www.radiopiu.net\/wordpress\/wp-content\/uploads\/2024\/01\/Schermata-2024-01-13-alle-10.26.35.png\" data-dt-img-description=\"\" data-large_image_width=\"1152\" data-large_image_height=\"1476\"><img loading=\"lazy\" decoding=\"async\" class=\"size-medium wp-image-369791 alignleft\" src=\"https:\/\/www.radiopiu.net\/wordpress\/wp-content\/uploads\/2024\/01\/Schermata-2024-01-13-alle-10.26.35-234x300.png\" alt=\"\" width=\"234\" height=\"300\" srcset=\"https:\/\/www.radiopiu.net\/wordpress\/wp-content\/uploads\/2024\/01\/Schermata-2024-01-13-alle-10.26.35-234x300.png 234w, https:\/\/www.radiopiu.net\/wordpress\/wp-content\/uploads\/2024\/01\/Schermata-2024-01-13-alle-10.26.35-799x1024.png 799w, https:\/\/www.radiopiu.net\/wordpress\/wp-content\/uploads\/2024\/01\/Schermata-2024-01-13-alle-10.26.35-768x984.png 768w, https:\/\/www.radiopiu.net\/wordpress\/wp-content\/uploads\/2024\/01\/Schermata-2024-01-13-alle-10.26.35.png 1152w\" sizes=\"auto, (max-width: 234px) 100vw, 234px\" \/><\/a>Sebbene il settore manifatturiero veneto contribuisca al nostro Pil regionale \u201csolo\u201d per il 29 per cento, tra il 2007 e il 2022 il valore aggiunto reale della nostra industria \u00e8 aumentato del 3,1 per cento. Tra tutte le regioni presenti in Italia solo la Basilicata (+35,1 per cento), il Trentino Alto Adige (+15,9 per cento) e l\u2019Emila Romagna (+10,1 per cento) vantano dei risultati migliori dei nostri. Il dato medio nazionale \u00e8 stato negativo: -8,4 per cento, con punte che in Calabria hanno toccato il -33,5 per cento, in Sicilia il -43,3 per cento e in Sardegna addirittura il -52,4 per cento (vedi Tab. 1). A dirlo \u00e8 l\u2019Ufficio studi della CGIA.<\/p>\n<p>Ricordiamo che dalla fine della seconda guerra mondiale a oggi, gli ultimi 15 sono stati gli anni pi\u00f9 difficili per la gran parte dei Paesi occidentali. Per quanto concerne l\u2019Italia, ad esempio, la grande recessione del 2008-2009, la crisi dei debiti sovrani del 2012-2013, la pandemia del 2020-2021 e l\u2019invasione dell\u2019Ucraina da parte della Russia avvenuta nel 2022 hanno profondamente cambiato il volto della nostra economia, anche a livello regionale.<\/p>\n<p>Pertanto, \u00e8 verosimile ritenere che le crisi 2008-2009 e 2012-2013 abbiano sicuramente ridotto e fiaccato la platea delle imprese manifatturiere presenti anche in Veneto, ma abbiano rafforzato la tenuta e le performance di quelle rimaste sul mercato che, rispetto alle concorrenti straniere, hanno superato con maggiore slancio gli effetti negativi provocati dalla crisi pandemica del 2020-2021.<\/p>\n<p>Il successo registrato soprattutto in questi ultimi due anni dai nostri prodotti made in Italy in tutti i principali mercati mondiali \u00e8, di fatto, la conferma della tesi appena esposta.<\/p>\n<p><strong><a class=\"dt-pswp-item\" href=\"https:\/\/www.radiopiu.net\/wordpress\/wp-content\/uploads\/2024\/01\/Schermata-2024-01-13-alle-10.26.47.png\" data-dt-img-description=\"\" data-large_image_width=\"1268\" data-large_image_height=\"968\"><img loading=\"lazy\" decoding=\"async\" class=\"size-medium wp-image-369790 alignleft\" src=\"https:\/\/www.radiopiu.net\/wordpress\/wp-content\/uploads\/2024\/01\/Schermata-2024-01-13-alle-10.26.47-300x229.png\" alt=\"\" width=\"300\" height=\"229\" srcset=\"https:\/\/www.radiopiu.net\/wordpress\/wp-content\/uploads\/2024\/01\/Schermata-2024-01-13-alle-10.26.47-300x229.png 300w, https:\/\/www.radiopiu.net\/wordpress\/wp-content\/uploads\/2024\/01\/Schermata-2024-01-13-alle-10.26.47-1024x782.png 1024w, https:\/\/www.radiopiu.net\/wordpress\/wp-content\/uploads\/2024\/01\/Schermata-2024-01-13-alle-10.26.47-768x586.png 768w, https:\/\/www.radiopiu.net\/wordpress\/wp-content\/uploads\/2024\/01\/Schermata-2024-01-13-alle-10.26.47.png 1268w\" sizes=\"auto, (max-width: 300px) 100vw, 300px\" \/><\/a>Alimentari e bevande al top, in difficolt\u00e0 produzione energia e mezzi di trasporto<\/strong><br \/>\nIl comparto che nell\u2019industria veneta ha subito la contrazione negativa del valore aggiunto pi\u00f9 pesante in questi ultimi 15 anni \u00e8 stato quella della produzione e distribuzione dell\u2019energia elettrica e del gas (-31,5 per cento). Seguono i mezzi di trasporto (-17,3 per cento), distribuzione acqua e trattamento rifiuti (-15,2 per cento), il mobile (-12,9 per cento) e il legno\/carta (-7,7 per cento), e il tessile-abbigliamento-calzature (-5 per cento). Per contro, invece, i settori che esibiscono una variazione anticipata dal segno pi\u00f9 sono la raffinazione\/chimica\/farmaceutica (+10,2 per cento) e la gomma\/plastica \/vetro\/ceramica (+14 per cento). Tra tutti i comparti, la maglia rosa \u00e8 ad appannaggio degli alimentari\/bevande, in 15 anni ha registrato un incremento importantissimo pari al 47 per cento (vedi Tab. 2).<\/p>\n<p><strong>E\u2019 crollato il Sud. Ha tenuto solo il Nordest<\/strong><br \/>\nSempre tra il 2007 e il 2022, il valore aggiunto reale dell\u2019industria del Mezzogiorno \u00e8 crollato del 27 per cento, quello del Centro del 14,2 per cento e del Nordovest dell\u20198,4 per cento. Solo il Nordest ha registrato un risultato positivo che ha toccato il +5,9 per cento (vedi Graf. 2). A regionale sono le imprese della Basilicata ad aver registrato la crescita del valore aggiunto dell\u2019industria pi\u00f9 importante (+35,1 per cento). Risultato che secondo l\u2019Ufficio studi della CGIA \u00e8 in massima parte ascrivibile agli ottimi risultati conseguiti dal settore estrattivo, grazie alla presenza di Eni, Total e Shell nella Val d\u2019Agri e nella Valle del Sauro. In seconda posizione si colloca il Trentino Alto Adige (+15,9 per cento) che ha potuto contare sullo score del settore agroalimentare, della distribuzione di energia, delle acciaierie e delle imprese meccaniche. In terza posizione, invece, scorgiamo l\u2019Emilia Romagna (+10,1 per cento) e appena fuori dal podio il Veneto (+3,1 per cento). Dal quinto posto in poi tutte le regioni italiane presentano una variazione di crescita del valore aggiunto negativa. Come dicevamo pi\u00f9 sopra, le situazioni pi\u00f9 critiche si sono verificate in Calabria (-33,5 per cento), in Valle d\u2019Aosta (-33,7 per cento), in Sicilia (-43,3 per cento) e in Sardegna (-52,4 per cento) (vedi Tab. 3).<\/p>\n<p><strong><a class=\"dt-pswp-item\" href=\"https:\/\/www.radiopiu.net\/wordpress\/wp-content\/uploads\/2024\/01\/Schermata-2024-01-13-alle-10.27.02.png\" data-dt-img-description=\"\" data-large_image_width=\"1240\" data-large_image_height=\"644\"><img loading=\"lazy\" decoding=\"async\" class=\"size-medium wp-image-369789 alignleft\" src=\"https:\/\/www.radiopiu.net\/wordpress\/wp-content\/uploads\/2024\/01\/Schermata-2024-01-13-alle-10.27.02-300x156.png\" alt=\"\" width=\"300\" height=\"156\" srcset=\"https:\/\/www.radiopiu.net\/wordpress\/wp-content\/uploads\/2024\/01\/Schermata-2024-01-13-alle-10.27.02-300x156.png 300w, https:\/\/www.radiopiu.net\/wordpress\/wp-content\/uploads\/2024\/01\/Schermata-2024-01-13-alle-10.27.02-1024x532.png 1024w, https:\/\/www.radiopiu.net\/wordpress\/wp-content\/uploads\/2024\/01\/Schermata-2024-01-13-alle-10.27.02-768x399.png 768w, https:\/\/www.radiopiu.net\/wordpress\/wp-content\/uploads\/2024\/01\/Schermata-2024-01-13-alle-10.27.02.png 1240w\" sizes=\"auto, (max-width: 300px) 100vw, 300px\" \/><\/a>Vicenza, Treviso e Padova sono tra le province pi\u00f9 industrializzate d\u2019Italia<\/strong><br \/>\nA livello provinciale Vicenza (con 11,5 miliardi di euro di valore aggiunto nominale nel 2021), rimane l\u2019area pi\u00f9 \u201cmanifatturiera\u201d del Veneto. Seguono Treviso (9,3 miliardi) e Padova (8,3 miliardi). Tutte e tre sono incluse tra le prime 10 province pi\u00f9 industrializzate d\u2019Italia. La variazione del valore aggiunto dell\u2019industria in senso stretto pi\u00f9 importante registrata tra il 2007 e il 2021 ha interessato la provincia di Padova con un ottimo +34 per cento. Seguono Vicenza con il +30,8 per cento, Verona con il +25,4 per cento e Venezia con il +22,9 per cento. Tra le 7 province venete solo Rovigo ha subito una contrazione pari al -6,3 per cento (Tab. 3).<\/p>\n<p>&nbsp;<\/p>\n<p>&nbsp;<\/p>\n<hr \/>\n<p>&nbsp;<\/p>\n<h2><span style=\"color: #ff6600;\">ALLA RADIO\u00a0<\/span><\/h2>\n<h2><span style=\"color: #800080;\">LA RASSEGNA STAMPA DA L&#8217;AMICO DEL POPOLO<\/span><\/h2>\n<p><a class=\"dt-pswp-item\" href=\"https:\/\/www.radiopiu.net\/wordpress\/wp-content\/uploads\/2021\/03\/ANDREA-DE-BERNARDIN.jpg\" data-dt-img-description=\"andrea de bernardin\" data-large_image_width=\"960\" data-large_image_height=\"540\"><img loading=\"lazy\" decoding=\"async\" class=\"wp-image-195558 size-medium alignleft\" src=\"https:\/\/www.radiopiu.net\/wordpress\/wp-content\/uploads\/2021\/03\/ANDREA-DE-BERNARDIN-300x169.jpg\" alt=\"\" width=\"300\" height=\"169\" srcset=\"https:\/\/www.radiopiu.net\/wordpress\/wp-content\/uploads\/2021\/03\/ANDREA-DE-BERNARDIN-300x169.jpg 300w, https:\/\/www.radiopiu.net\/wordpress\/wp-content\/uploads\/2021\/03\/ANDREA-DE-BERNARDIN-768x432.jpg 768w, https:\/\/www.radiopiu.net\/wordpress\/wp-content\/uploads\/2021\/03\/ANDREA-DE-BERNARDIN.jpg 960w\" sizes=\"auto, (max-width: 300px) 100vw, 300px\" \/><\/a><\/p>\n<p><strong>DI GIANNI SANTOMASO<\/strong><\/p>\n<p>OSPITE: Andrea De Bernardin, Sindaco di Rocca Pietore<\/p>\n<audio class=\"wp-audio-shortcode\" id=\"audio-369798-10\" preload=\"none\" style=\"width: 100%;\" controls=\"controls\"><source type=\"audio\/mpeg\" src=\"https:\/\/www.radiopiu.net\/wordpress\/wp-content\/uploads\/2024\/01\/RASSEGNA-GIANNI-SITO.mp3?_=10\" \/><a href=\"https:\/\/www.radiopiu.net\/wordpress\/wp-content\/uploads\/2024\/01\/RASSEGNA-GIANNI-SITO.mp3\">https:\/\/www.radiopiu.net\/wordpress\/wp-content\/uploads\/2024\/01\/RASSEGNA-GIANNI-SITO.mp3<\/a><\/audio>\n<p>&nbsp;<\/p>\n<h2><span style=\"color: #008000;\">DUE MINUTI PER TE<\/span><\/h2>\n<p><strong><a class=\"dt-pswp-item\" href=\"https:\/\/www.radiopiu.net\/wordpress\/wp-content\/uploads\/2020\/12\/DON-GIORGIO-LISE.jpg\" data-dt-img-description=\"\" data-large_image_width=\"1600\" data-large_image_height=\"901\"><img loading=\"lazy\" decoding=\"async\" class=\" wp-image-177420 alignleft\" src=\"https:\/\/www.radiopiu.net\/wordpress\/wp-content\/uploads\/2020\/12\/DON-GIORGIO-LISE-300x169.jpg\" alt=\"\" width=\"142\" height=\"80\" srcset=\"https:\/\/www.radiopiu.net\/wordpress\/wp-content\/uploads\/2020\/12\/DON-GIORGIO-LISE-300x169.jpg 300w, https:\/\/www.radiopiu.net\/wordpress\/wp-content\/uploads\/2020\/12\/DON-GIORGIO-LISE-1024x577.jpg 1024w, https:\/\/www.radiopiu.net\/wordpress\/wp-content\/uploads\/2020\/12\/DON-GIORGIO-LISE-768x432.jpg 768w, https:\/\/www.radiopiu.net\/wordpress\/wp-content\/uploads\/2020\/12\/DON-GIORGIO-LISE-1536x865.jpg 1536w, https:\/\/www.radiopiu.net\/wordpress\/wp-content\/uploads\/2020\/12\/DON-GIORGIO-LISE.jpg 1600w\" sizes=\"auto, (max-width: 142px) 100vw, 142px\" \/><\/a>APPUNTAMENTO DELLA DOMENICA CON IL PENSIERO DI MONSIGNOR GIORGIO LISE<\/strong><\/p>\n<audio class=\"wp-audio-shortcode\" id=\"audio-369798-11\" preload=\"none\" style=\"width: 100%;\" controls=\"controls\"><source type=\"audio\/mpeg\" src=\"https:\/\/www.radiopiu.net\/wordpress\/wp-content\/uploads\/2024\/01\/DON-GIORGIO.mp3?_=11\" \/><a href=\"https:\/\/www.radiopiu.net\/wordpress\/wp-content\/uploads\/2024\/01\/DON-GIORGIO.mp3\">https:\/\/www.radiopiu.net\/wordpress\/wp-content\/uploads\/2024\/01\/DON-GIORGIO.mp3<\/a><\/audio>\n<p>&nbsp;<\/p>\n<p>&nbsp;<\/p>\n<p>&nbsp;<\/p>\n<div dir=\"auto\">\n<p><a class=\"dt-pswp-item\" href=\"https:\/\/www.radiopiu.net\/wordpress\/wp-content\/uploads\/2020\/04\/ASCA.png\" data-dt-img-description=\"\" data-large_image_width=\"1211\" data-large_image_height=\"668\"><img loading=\"lazy\" decoding=\"async\" class=\"wp-image-128881 alignleft\" src=\"https:\/\/www.radiopiu.net\/wordpress\/wp-content\/uploads\/2020\/04\/ASCA-300x165.png\" alt=\"\" width=\"173\" height=\"95\" srcset=\"https:\/\/www.radiopiu.net\/wordpress\/wp-content\/uploads\/2020\/04\/ASCA-300x165.png 300w, https:\/\/www.radiopiu.net\/wordpress\/wp-content\/uploads\/2020\/04\/ASCA-1024x565.png 1024w, https:\/\/www.radiopiu.net\/wordpress\/wp-content\/uploads\/2020\/04\/ASCA-768x424.png 768w, https:\/\/www.radiopiu.net\/wordpress\/wp-content\/uploads\/2020\/04\/ASCA.png 1211w\" sizes=\"auto, (max-width: 173px) 100vw, 173px\" \/><\/a><strong>AVVISO DI SELEZIONE!<\/strong><br \/>\n<strong>AGORDO<\/strong> ASCA, azienda speciale consortile agordina cerca a tempo indeterminato e con orario pieno una figura\u00a0 professionale denominata REFERENTE DEGLI OPERATORI SOCIO SANITARI.\u00a0 ACCESSO WELFARE AZIENDALE, POSSIBILIT\u00e0 DI SISTEMAZIONE ABITATIVA gratuita per 8 mesi.\u00a0\u00a0 LE DOMANDE DI PARTECIPAZIONE ALLA SELEZIONE VANNO PRESENTATE ENTRO LE 12 DEL 19 gennaio<br \/>\nInformazioni sul sito <a class=\"moz-txt-link-abbreviated\" href=\"http:\/\/www.servizisocialiasca.it\">www.servizisocialiasca.it<\/a>\u00a0 sezione bandi;\u00a0 oppure ALL&#8217;UFFICIO PERSONALE ASCA: <a class=\"moz-txt-link-abbreviated\" href=\"mailto:personale@servizisocialiasca.it\">personale@servizisocialiasca.it<\/a>\u00a0 telefono 0437 63750<\/p>\n<p>&nbsp;<\/p>\n<blockquote><p><strong><a class=\"dt-pswp-item\" href=\"https:\/\/www.radiopiu.net\/wordpress\/wp-content\/uploads\/2024\/01\/322_1.jpg\" data-dt-img-description=\"\" data-large_image_width=\"800\" data-large_image_height=\"532\"><img loading=\"lazy\" decoding=\"async\" class=\"wp-image-368729 alignleft\" src=\"https:\/\/www.radiopiu.net\/wordpress\/wp-content\/uploads\/2024\/01\/322_1-300x200.jpg\" alt=\"\" width=\"228\" height=\"152\" srcset=\"https:\/\/www.radiopiu.net\/wordpress\/wp-content\/uploads\/2024\/01\/322_1-300x200.jpg 300w, https:\/\/www.radiopiu.net\/wordpress\/wp-content\/uploads\/2024\/01\/322_1-768x511.jpg 768w, https:\/\/www.radiopiu.net\/wordpress\/wp-content\/uploads\/2024\/01\/322_1.jpg 800w\" sizes=\"auto, (max-width: 228px) 100vw, 228px\" \/><\/a>SAN MARTINO IN BADIA <\/strong>La Residenza socio-assistenziale per anziani di San Martino in Val Badia cerca da subito collaboratori qualificati a tempo determinato e\/o indeterminato da inserire nell\u2019organico. I profili richiesti sono: Infermieri professionali e operatori socio-sanitari. Si offre flessibilit\u00e0 oraria su lavoro a turni, part-time 19, 24 o 29 ore settimanali o a tempo pieno 38 ore. Si offre vitto e alloggio in struttura, possibilit\u00e0 di formazione\/aggiornamento professionale, corsi di lingua e altri benefit. Viene offerto contratto di lavoro collettivo intercompartimentale per dipendenti pubblici ed eventuale retribuzione di indennit\u00e0 linguistica di trilinguismo. Per la candidatura \u00e9 necessario possedere la padronanza della lingua italiana o tedesca, la capacit\u00e0 di lavorare in team e competenze sociali oltre alla qualifica professionale richiesta. Per interesse prego contattare direttamente la struttura al numero: 0474\/524700 o scrivendo una mail a: info@ciasadepalsa.it.<\/p><\/blockquote>\n<\/div>\n<div dir=\"auto\"><\/div>\n<div dir=\"auto\"><\/div>\n<hr \/>\n<p>&nbsp;<\/p>\n<h2><span style=\"color: #ff0000;\">GLI APPUNTAMENTI DELLA SETTIMANA\u00a0 \u00a0<\/span><\/h2>\n<blockquote>\n<h3>LA SAGRA DE SANT&#8217;ANTONE A CENCENIGHE<\/h3>\n<\/blockquote>\n<p><strong>CENCENIGHE<\/strong> L&#8217;amministrazione comunale e la Pro Loco di Cencenighe organizzano la festa per la Sagra di Sant&#8217;Antone. Mercoled\u00ec 17 la santa messa alle 18. Domenica 21 il pranzo con i nonni: alle 10 la santa messa e alle 12 il pranzo al Nof Fil\u00f2 con ospiti d&#8217;onore i nonni.<\/p>\n<p>&nbsp;<\/p>\n<blockquote>\n<h3>CAR AL ME BELUN: IL RECITAL<\/h3>\n<\/blockquote>\n<p><strong>SOSPIROLO<\/strong> Torna la \u201cGiornata Nazionale del Dialetto e delle Lingue Locali\u201d che si celebra il 17 gennaio. In questo ambito, la Pro Loco Monti del Sole di Sospirolo, propone il recital \u201cCaro al me Belun\u201d della compagnia Teatro Tre di Belluno &#8211; domenica 21 gennaio alle ore 17.00 &#8211; al Centro civico di Sospirolo. L\u2019evento, ad ingresso libero, gode del patrocinio del Comune di Sospirolo.<\/p>\n<p>&nbsp;<\/p>\n<hr \/>\n<p>&nbsp;<\/p>\n<p><a class=\"dt-pswp-item\" href=\"https:\/\/www.radiopiu.net\/wordpress\/wp-content\/uploads\/2018\/09\/viabilita.jpeg\" data-dt-img-description=\"\" data-large_image_width=\"800\" data-large_image_height=\"100\"><img loading=\"lazy\" decoding=\"async\" class=\"aligncenter wp-image-61954 size-full\" src=\"https:\/\/www.radiopiu.net\/wordpress\/wp-content\/uploads\/2018\/09\/viabilita.jpeg\" alt=\"\" width=\"800\" height=\"100\" srcset=\"https:\/\/www.radiopiu.net\/wordpress\/wp-content\/uploads\/2018\/09\/viabilita.jpeg 800w, https:\/\/www.radiopiu.net\/wordpress\/wp-content\/uploads\/2018\/09\/viabilita-300x38.jpeg 300w, https:\/\/www.radiopiu.net\/wordpress\/wp-content\/uploads\/2018\/09\/viabilita-768x96.jpeg 768w\" sizes=\"auto, (max-width: 800px) 100vw, 800px\" \/><\/a><\/p>\n<p>&nbsp;<\/p>\n<p><a class=\"dt-pswp-item\" href=\"https:\/\/www.radiopiu.net\/wordpress\/wp-content\/uploads\/2023\/12\/botol-car-service.jpg\" data-dt-img-description=\"\" data-large_image_width=\"600\" data-large_image_height=\"600\"><img loading=\"lazy\" decoding=\"async\" class=\"size-medium wp-image-367044 aligncenter\" src=\"https:\/\/www.radiopiu.net\/wordpress\/wp-content\/uploads\/2023\/12\/botol-car-service-300x300.jpg\" alt=\"\" width=\"300\" height=\"300\" srcset=\"https:\/\/www.radiopiu.net\/wordpress\/wp-content\/uploads\/2023\/12\/botol-car-service-300x300.jpg 300w, https:\/\/www.radiopiu.net\/wordpress\/wp-content\/uploads\/2023\/12\/botol-car-service-150x150.jpg 150w, https:\/\/www.radiopiu.net\/wordpress\/wp-content\/uploads\/2023\/12\/botol-car-service.jpg 600w\" sizes=\"auto, (max-width: 300px) 100vw, 300px\" \/><\/a><\/p>\n<p>&nbsp;<\/p>\n<blockquote>\n<h1><span style=\"color: #ff0000;\"><a class=\"dt-pswp-item\" href=\"https:\/\/www.radiopiu.net\/wordpress\/wp-content\/uploads\/2020\/05\/VENETO-STRADE.png\" data-dt-img-description=\"\" data-large_image_width=\"400\" data-large_image_height=\"400\"><img loading=\"lazy\" decoding=\"async\" class=\"wp-image-135574 alignleft\" src=\"https:\/\/www.radiopiu.net\/wordpress\/wp-content\/uploads\/2020\/05\/VENETO-STRADE-300x300.png\" alt=\"\" width=\"102\" height=\"102\" srcset=\"https:\/\/www.radiopiu.net\/wordpress\/wp-content\/uploads\/2020\/05\/VENETO-STRADE-300x300.png 300w, https:\/\/www.radiopiu.net\/wordpress\/wp-content\/uploads\/2020\/05\/VENETO-STRADE-150x150.png 150w, https:\/\/www.radiopiu.net\/wordpress\/wp-content\/uploads\/2020\/05\/VENETO-STRADE.png 400w\" sizes=\"auto, (max-width: 102px) 100vw, 102px\" \/><\/a>AGGIORNAMENTO QUOTIDIANO, IN\u00a0 COLLABORAZIONE CON VENETO STRADE<\/span><\/h1>\n<p>&nbsp;<\/p><\/blockquote>\n<blockquote><p>Si raccomanda di percorrere i passi al di sopra dei 1200 m slm con catene montate; le catene devono essere montate fuori dalla sede stradale, per non intralciare il traffico e le operazioni di sgombero neve dal piano viabile. Si raccomanda di prestare la massima attenzione nella guida per la possibile presenza di tratti resi scivolosi causati da neve fortemente bagnata<\/p>\n<p>\u00c8 chiuso per periodo invernale il seguente tratto stradale: &#8211; S.P. 33 \u201cdi Sauris\u201d dal km 0+000 (innesto S.P. 619) al km 6+800 (confine Provincia di Udine).<\/p><\/blockquote>\n<p><strong>SOSPIROLO\u00a0<\/strong> Lungo la provinciale 2 tra Pian Falcina e Gena Bassa in Comune di Sospirolo\u00a0 <span style=\"color: #ff0000;\">fino al 15 febbraio,<\/span> sabato e domeniche compresi, senso unico alternato regolato da semaforo o movieri, interruzioni alla viabilit\u00e0 fino a 10 minuti per tratti di 200 metri.<\/p>\n<p>&nbsp;<\/p>\n<hr \/>\n<p>&nbsp;<\/p>\n<p><a class=\"dt-pswp-item\" href=\"https:\/\/www.radiopiu.net\/wordpress\/wp-content\/uploads\/2018\/09\/WhatsApp-Image-2018-09-20-at-16.04.06.jpeg\" data-dt-img-description=\"\" data-large_image_width=\"800\" data-large_image_height=\"100\"><img loading=\"lazy\" decoding=\"async\" class=\"wp-image-61378 size-full aligncenter\" src=\"https:\/\/www.radiopiu.net\/wordpress\/wp-content\/uploads\/2018\/09\/WhatsApp-Image-2018-09-20-at-16.04.06.jpeg\" alt=\"\" width=\"800\" height=\"100\" srcset=\"https:\/\/www.radiopiu.net\/wordpress\/wp-content\/uploads\/2018\/09\/WhatsApp-Image-2018-09-20-at-16.04.06.jpeg 800w, https:\/\/www.radiopiu.net\/wordpress\/wp-content\/uploads\/2018\/09\/WhatsApp-Image-2018-09-20-at-16.04.06-300x38.jpeg 300w, https:\/\/www.radiopiu.net\/wordpress\/wp-content\/uploads\/2018\/09\/WhatsApp-Image-2018-09-20-at-16.04.06-768x96.jpeg 768w\" sizes=\"auto, (max-width: 800px) 100vw, 800px\" \/><\/a><\/p>\n<p><center><\/center><b>\u00a0 \u00a0<\/b><\/p>\n<p><center><b>OGGI<\/b><\/center>Tempo ancora stabile e ben soleggiato con cielo sereno, aria tersa e ottima visibilit\u00e0 su tutto l&#8217;arco alpino, salvo residue velature molto sottili nelle prime ore e temporanee foschie eventualmente associate a locali banchi di nebbia in alcune valli prealpine nelle ore fredde, in rapido dissolvimento dopo l&#8217;alba.<br \/>\n<b>Precipitazioni: <\/b>Assenti<br \/>\n<b>Temperature: <\/b>In lieve o contenuta diminuzione specie in quota dove le minime saranno misurate a fine giornata; moderata inversione termica nelle valli soprattutto nelle ore notturne ed elevata escursione termica giornaliera.<\/p>\n<hr \/>\n<p><center><b>DOMANI<\/b><\/center>Tempo stabile e ancora ben soleggiato con aria tersa e ottima visibilit\u00e0, salvo temporanee foschie o locali banchi di nebbia nelle ore fredde nelle valli un po&#8217; pi\u00f9 probabili rispetto ai giorni precedenti. Clima invernale.<br \/>\n<b>Precipitazioni: <\/b>Assenti<br \/>\n<b>Temperature: <\/b>In diminuzione, specie in alta montagna, con elevata escursione termica giornaliera nelle valli assolate; attenuazione dell&#8217;inversione termica.<\/p>\n<hr \/>\n<p><center><b>MERCOLEDI<\/b><\/center>Da irregolarmente nuvoloso con parziali schiarite specie al mattino a molto nuvoloso o coperto dalle ore centrali con le prime deboli precipitazioni sulle zone prealpine occidentali in estensione nel corso del pomeriggio\/sera sulle Dolomiti. I fenomeni saranno modesti inizialmente sparsi poi diffusi nel corso del pomeriggio sera con quota neve dapprima intorno ai 400-600 m, localmente anche fino nelle basse conche prealpine, poi in rialzo sulle Prealpi fino ai 1200-1400 m nella notte.<\/p>\n<hr \/>\n<p><center><b>GIOVEDI<\/b><\/center>Cielo molto nuvoloso o coperto specialmente nelle prime ore con fenomeni da sparsi a diffusi e in prevalenza di modesta intensit\u00e0. Quota neve ancora in prevalenza fino a fondovalle sulle Dolomiti, specie in quelle pi\u00f9 settentrionali, in ulteriore leggero aumento sulle Prealpi e Dolomiti meridionali, fino a 1400-1700 m. Attenuazione dei fenomeni nel corso della mattinata.<\/p>\n<p><center><\/center>&nbsp;<\/p>\n<p><center><\/center><center><\/center><a class=\"dt-pswp-item\" href=\"https:\/\/www.radiopiu.net\/wordpress\/wp-content\/uploads\/2024\/01\/Senza-nome-48.png\" data-dt-img-description=\"\" data-large_image_width=\"460\" data-large_image_height=\"633\"><img loading=\"lazy\" decoding=\"async\" class=\"aligncenter wp-image-369946 size-full\" src=\"https:\/\/www.radiopiu.net\/wordpress\/wp-content\/uploads\/2024\/01\/Senza-nome-48.png\" alt=\"\" width=\"460\" height=\"633\" srcset=\"https:\/\/www.radiopiu.net\/wordpress\/wp-content\/uploads\/2024\/01\/Senza-nome-48.png 460w, https:\/\/www.radiopiu.net\/wordpress\/wp-content\/uploads\/2024\/01\/Senza-nome-48-218x300.png 218w\" sizes=\"auto, (max-width: 460px) 100vw, 460px\" \/><\/a><\/p>\n<p>&nbsp;<\/p>\n<hr \/>\n<p>&nbsp;<\/p>\n<p><img loading=\"lazy\" decoding=\"async\" class=\"wp-image-60761 size-full aligncenter\" src=\"https:\/\/www.radiopiu.net\/wordpress\/wp-content\/uploads\/2018\/09\/sport.jpg\" alt=\"\" width=\"800\" height=\"100\" srcset=\"https:\/\/www.radiopiu.net\/wordpress\/wp-content\/uploads\/2018\/09\/sport.jpg 800w, https:\/\/www.radiopiu.net\/wordpress\/wp-content\/uploads\/2018\/09\/sport-300x38.jpg 300w, https:\/\/www.radiopiu.net\/wordpress\/wp-content\/uploads\/2018\/09\/sport-768x96.jpg 768w\" sizes=\"auto, (max-width: 800px) 100vw, 800px\" \/><\/p>\n<p>&nbsp;<\/p>\n<p><span style=\"color: #0000ff;\"><strong>SNOWBOARD<\/strong><\/span><\/p>\n<blockquote>\n<h3>PRIMA VITTORIA IN COPPA DEL MONDO PER LUCIA DALMASSO<\/h3>\n<\/blockquote>\n<p><strong><a class=\"dt-pswp-item\" href=\"https:\/\/www.radiopiu.net\/wordpress\/wp-content\/uploads\/2024\/01\/Lucia_Dalmasso_Cortina_dicembre2023_800-800.jpg\" data-dt-img-description=\"\" data-large_image_width=\"1068\" data-large_image_height=\"584\"><img loading=\"lazy\" decoding=\"async\" class=\" wp-image-369824 alignleft\" src=\"https:\/\/www.radiopiu.net\/wordpress\/wp-content\/uploads\/2024\/01\/Lucia_Dalmasso_Cortina_dicembre2023_800-800-300x164.jpg\" alt=\"\" width=\"220\" height=\"120\" srcset=\"https:\/\/www.radiopiu.net\/wordpress\/wp-content\/uploads\/2024\/01\/Lucia_Dalmasso_Cortina_dicembre2023_800-800-300x164.jpg 300w, https:\/\/www.radiopiu.net\/wordpress\/wp-content\/uploads\/2024\/01\/Lucia_Dalmasso_Cortina_dicembre2023_800-800-1024x560.jpg 1024w, https:\/\/www.radiopiu.net\/wordpress\/wp-content\/uploads\/2024\/01\/Lucia_Dalmasso_Cortina_dicembre2023_800-800-768x420.jpg 768w, https:\/\/www.radiopiu.net\/wordpress\/wp-content\/uploads\/2024\/01\/Lucia_Dalmasso_Cortina_dicembre2023_800-800.jpg 1068w\" sizes=\"auto, (max-width: 220px) 100vw, 220px\" \/><\/a>REDAZIONE<\/strong> Nel gigante parallelo femminile di Coppa del Mondo a Scuol in Svizzera, Lucia Dalmasso ha ottenuto la sua prima vittoria in carriera, concludendo davanti alla compagna di squadra Jasmin Coratti. Questa vittoria segna un successo significativo per la squadra italiana di parallelo. La gara ha visto un duello tra le due atlete azzurre, ma Coratti ha avuto una prematura uscita, consentendo a Dalmasso di assicurarsi la vittoria. La vittoria di Dalmasso arriva in una stagione in cui si \u00e8 gi\u00e0 distinta con piazzamenti di rilievo nelle prove di Davos e Cortina d&#8217;Ampezzo.<\/p>\n<p>(foto: fisi.org)<\/p>\n<p>&nbsp;<\/p>\n<p><span style=\"color: #0000ff;\"><strong>HOCKEY SU GHIACCIO<\/strong><\/span><\/p>\n<blockquote>\n<h3>IL FELTRE VINCE CON IL VALPELLICE E SI AGGIUDICA LA PRIMA POSIZIONE DEL QUALIFICATION ROUND<\/h3>\n<\/blockquote>\n<p><span style=\"color: #ff0000;\"><strong>QUALIFICATION ROUND<\/strong><\/span><\/p>\n<p><strong><a class=\"dt-pswp-item\" href=\"https:\/\/www.radiopiu.net\/wordpress\/wp-content\/uploads\/2024\/01\/feltre-ghiaccio.jpg\" data-dt-img-description=\"\" data-large_image_width=\"2048\" data-large_image_height=\"1185\"><img loading=\"lazy\" decoding=\"async\" class=\" wp-image-369865 alignleft\" src=\"https:\/\/www.radiopiu.net\/wordpress\/wp-content\/uploads\/2024\/01\/feltre-ghiaccio-300x174.jpg\" alt=\"\" width=\"178\" height=\"103\" srcset=\"https:\/\/www.radiopiu.net\/wordpress\/wp-content\/uploads\/2024\/01\/feltre-ghiaccio-300x174.jpg 300w, https:\/\/www.radiopiu.net\/wordpress\/wp-content\/uploads\/2024\/01\/feltre-ghiaccio-1024x593.jpg 1024w, https:\/\/www.radiopiu.net\/wordpress\/wp-content\/uploads\/2024\/01\/feltre-ghiaccio-768x444.jpg 768w, https:\/\/www.radiopiu.net\/wordpress\/wp-content\/uploads\/2024\/01\/feltre-ghiaccio-1536x889.jpg 1536w, https:\/\/www.radiopiu.net\/wordpress\/wp-content\/uploads\/2024\/01\/feltre-ghiaccio.jpg 2048w\" sizes=\"auto, (max-width: 178px) 100vw, 178px\" \/><\/a>FELTRE &#8211; VALPELLICE 4-1<\/strong><\/p>\n<p>PARZIALI: 0-0, 1-0, 3-1<\/p>\n<p>GOL: St. 9&#8217;44&#8221; Blaha. Tt. 2&#8217;21&#8221; Morel, 5&#8217;49&#8221; Broch, 15&#8217;31&#8221; M. Dall&#8217;Agnol, 19&#8217;33&#8221; Eruzione<\/p>\n<p>Il Feltre fa bottino pieno tra le mura amiche e atterra il Valpellice nel terzo tempo. Un match partito in sordina ma che si \u00e8 vivacizzato con l&#8217;andare del tempo. I picchi vincono e si aggiudicano la prima posizione del girone di qualificazione. Dopo un primo tempo a reti inviolate, la sfida si apre a met\u00e0 secondo tempo quando Blaha porta in vantaggio i padroni di casa. Nella terza frazione il Valpellice pareggia subito i conti con Morel ma la reazione del Feltre non si fa attendere. Broch mette la firma sul secondo gol dei picchi e a chiudere la sfida ci pensano Matteo Dall&#8217;Agnol ed Eruzione.<\/p>\n<p>&nbsp;<\/p>\n<blockquote>\n<h3>DUE VITTORIE PER LE GIOVANILI DELL&#8217;ALLEGHE HOCKEY<\/h3>\n<\/blockquote>\n<p><strong><a class=\"dt-pswp-item\" href=\"https:\/\/www.radiopiu.net\/wordpress\/wp-content\/uploads\/2019\/01\/AE7A9D38-59B1-49C9-9B49-6662F54D0440.jpeg\" data-dt-img-description=\"\" data-large_image_width=\"1300\" data-large_image_height=\"1300\"><img loading=\"lazy\" decoding=\"async\" class=\" wp-image-71463 alignleft\" src=\"https:\/\/www.radiopiu.net\/wordpress\/wp-content\/uploads\/2019\/01\/AE7A9D38-59B1-49C9-9B49-6662F54D0440-300x300.jpeg\" alt=\"\" width=\"144\" height=\"144\" srcset=\"https:\/\/www.radiopiu.net\/wordpress\/wp-content\/uploads\/2019\/01\/AE7A9D38-59B1-49C9-9B49-6662F54D0440-300x300.jpeg 300w, https:\/\/www.radiopiu.net\/wordpress\/wp-content\/uploads\/2019\/01\/AE7A9D38-59B1-49C9-9B49-6662F54D0440-150x150.jpeg 150w, https:\/\/www.radiopiu.net\/wordpress\/wp-content\/uploads\/2019\/01\/AE7A9D38-59B1-49C9-9B49-6662F54D0440-768x768.jpeg 768w, https:\/\/www.radiopiu.net\/wordpress\/wp-content\/uploads\/2019\/01\/AE7A9D38-59B1-49C9-9B49-6662F54D0440-1024x1024.jpeg 1024w, https:\/\/www.radiopiu.net\/wordpress\/wp-content\/uploads\/2019\/01\/AE7A9D38-59B1-49C9-9B49-6662F54D0440.jpeg 1300w\" sizes=\"auto, (max-width: 144px) 100vw, 144px\" \/><\/a>di Marco Gaz<\/strong><\/p>\n<p><span style=\"color: #ff0000;\"><strong>UNDER 19<\/strong><\/span><\/p>\n<p><strong>TURNO DI RIPOSO<\/strong><\/p>\n<p><span style=\"color: #ff0000;\"><strong>UNDER 16<\/strong><\/span><\/p>\n<p><strong>CALDARO \u2013 CORTINA\/ALLEGHE 1-5<\/strong><\/p>\n<p>GOL CORTINA\/ALLEGHE: Evangelisti, Viel, 2 Levis, Fontanive<\/p>\n<p>Quarta vittoria consecutiva per la squadra mista bellunese che a Caldaro fa un sol boccone degli altoatesini. Tre punti importanti per il Coretina\/Alleghe che rimane al terzo posto in classifica a soli 2 punti dall\u2019Appiano capoclassifica. Evangelisti e Viel chiudono la prima frazione con i bellunesi in vantaggio. Levis mette a segno una doppietta nel secondo drittel e Fontanive chiude la sfida a 2\u2019 dal termine. Nel finale la rete della bandiera per i padroni di casa.<\/p>\n<p><span style=\"color: #ff0000;\"><strong>UNDER 14 <\/strong><\/span><\/p>\n<p><strong>YOUNG LIONS \u2013 ALLEGHE\/CORTINA 2-6<\/strong><\/p>\n<p>Con un punteggio tennistico L\u2019Alleghe\/Cortina under 14 supera gli Young Lions. A Lana, vicino a Merano, i bellunesi incamerano l\u2019ennesima vittoria in campionato rifilando 6 gol ai padroni di casa e subendone 2. Una vittoria importante che lancia la squadra mista in testa alla classifica con 9 punti nella seconda fase del torneo.<\/p>\n<p>&nbsp;<\/p>\n<blockquote>\n<h3>L&#8217;ALLEGHE\/CORTINA UNDER 10 ALLA NINO CUP DI ZOLDO<\/h3>\n<\/blockquote>\n<p><strong><a class=\"dt-pswp-item\" href=\"https:\/\/www.radiopiu.net\/wordpress\/wp-content\/uploads\/2024\/01\/bd72b2ca-c528-4f5e-bc3e-74924370fb87.jpg\" data-dt-img-description=\"\" data-large_image_width=\"1024\" data-large_image_height=\"681\"><img loading=\"lazy\" decoding=\"async\" class=\" wp-image-369910 alignleft\" src=\"https:\/\/www.radiopiu.net\/wordpress\/wp-content\/uploads\/2024\/01\/bd72b2ca-c528-4f5e-bc3e-74924370fb87-300x200.jpg\" alt=\"\" width=\"206\" height=\"137\" srcset=\"https:\/\/www.radiopiu.net\/wordpress\/wp-content\/uploads\/2024\/01\/bd72b2ca-c528-4f5e-bc3e-74924370fb87-300x200.jpg 300w, https:\/\/www.radiopiu.net\/wordpress\/wp-content\/uploads\/2024\/01\/bd72b2ca-c528-4f5e-bc3e-74924370fb87-768x511.jpg 768w, https:\/\/www.radiopiu.net\/wordpress\/wp-content\/uploads\/2024\/01\/bd72b2ca-c528-4f5e-bc3e-74924370fb87.jpg 1024w\" sizes=\"auto, (max-width: 206px) 100vw, 206px\" \/><\/a>REDAZIONE<\/strong> \u00c8 andata in scena in Zoldo la Nino Cup 2024, torneo dedicato ai giovani Under 10. A battersi sul rettangolo ghiacciato squadre internazionali e italiane tra cui anche la squadra mista dell&#8217;Alleghe\/Cortina. Una giornata di sport dove i giovani hockeysti si sono divertiti ed hanno avuto modo di confrontarsi fra loro. Tra le squadre che hanno partecipato al torneo, oltre a formazioni della Repubblica Ceca, anche Milano, Varese, Pinerolo e Zoldo. Le giovani civette chiudono il torneo al quinto posto dopo aver vinto il derby con lo Zoldo. Soddisfazione per gli allenatori e accompagnatori della squadra &#8220;agordina&#8221;. Un motivo di orgoglio per la societ\u00e0 dal significato importante: ad Alleghe e Cortina i giovani hanno voglia di giocare ad hockey.<\/p>\n<p>&nbsp;<\/p>\n<p><span style=\"color: #0000ff;\"><strong>SCI NORDICO<\/strong><\/span><\/p>\n<blockquote>\n<h3>I FRATELLI BUSIN COLPISCONO ANCORA. EMANUELE QUARTO IN VAL PUSTERIA, LORENZO PRIMO DEGLI ITALIANI NELLA TAPPA SKI CLASSIC<\/h3>\n<\/blockquote>\n<p><strong><a class=\"dt-pswp-item\" href=\"https:\/\/www.radiopiu.net\/wordpress\/wp-content\/uploads\/2024\/01\/413257232_4780101498881759_7650996808379388359_n.jpg\" data-dt-img-description=\"\" data-large_image_width=\"1080\" data-large_image_height=\"716\"><img loading=\"lazy\" decoding=\"async\" class=\" wp-image-369842 alignleft\" src=\"https:\/\/www.radiopiu.net\/wordpress\/wp-content\/uploads\/2024\/01\/413257232_4780101498881759_7650996808379388359_n-300x199.jpg\" alt=\"\" width=\"204\" height=\"135\" srcset=\"https:\/\/www.radiopiu.net\/wordpress\/wp-content\/uploads\/2024\/01\/413257232_4780101498881759_7650996808379388359_n-300x199.jpg 300w, https:\/\/www.radiopiu.net\/wordpress\/wp-content\/uploads\/2024\/01\/413257232_4780101498881759_7650996808379388359_n-1024x679.jpg 1024w, https:\/\/www.radiopiu.net\/wordpress\/wp-content\/uploads\/2024\/01\/413257232_4780101498881759_7650996808379388359_n-768x509.jpg 768w, https:\/\/www.radiopiu.net\/wordpress\/wp-content\/uploads\/2024\/01\/413257232_4780101498881759_7650996808379388359_n.jpg 1080w\" sizes=\"auto, (max-width: 204px) 100vw, 204px\" \/><\/a>REDAZIONE\u00a0<\/strong>Una giornata da incorniciare per i fratelli Busin in terra altoatesina. Nella 3 Zinnen Pustertaler Ski Marathon in Val Pusteria Emanuele Busin si \u00e8 distinto nella 30 km a tecnica classica, conquistando un onorevole quarto posto e sfiorando il podio dopo una gara in cui gli atleti hanno lottato dal primo all&#8217;ultimo metro. Sempre in Val Pusteria per il circuito Ski Classic Lorenzo Busin ha affrontando temperature di -17 gradi per gran parte della gara. Lorenzo ha concluso i 62 km al 32\u00b0 posto, risultando il primo italiano assoluto e superando avversari di alto livello, tra cui il campione nazionale Dietmar Noeckler.<\/p>\n<p>&nbsp;<\/p>\n<p>&nbsp;<\/p>\n<p><span style=\"color: #0000ff;\"><strong>PALLAVOLO<\/strong><\/span><\/p>\n<blockquote>\n<h3>DOPPIA VITTORIA PER LA PALLAVOLO FEMMINILE BELLUNO<\/h3>\n<\/blockquote>\n<p><span style=\"color: #ff0000;\"><strong><a class=\"dt-pswp-item\" href=\"https:\/\/www.radiopiu.net\/wordpress\/wp-content\/uploads\/2024\/01\/Serie_C_in_festa_a_Torri_di_Quartesolo.jpg\" data-dt-img-description=\"\" data-large_image_width=\"920\" data-large_image_height=\"760\"><img loading=\"lazy\" decoding=\"async\" class=\" wp-image-369858 alignleft\" src=\"https:\/\/www.radiopiu.net\/wordpress\/wp-content\/uploads\/2024\/01\/Serie_C_in_festa_a_Torri_di_Quartesolo-300x248.jpg\" alt=\"\" width=\"171\" height=\"141\" srcset=\"https:\/\/www.radiopiu.net\/wordpress\/wp-content\/uploads\/2024\/01\/Serie_C_in_festa_a_Torri_di_Quartesolo-300x248.jpg 300w, https:\/\/www.radiopiu.net\/wordpress\/wp-content\/uploads\/2024\/01\/Serie_C_in_festa_a_Torri_di_Quartesolo-768x634.jpg 768w, https:\/\/www.radiopiu.net\/wordpress\/wp-content\/uploads\/2024\/01\/Serie_C_in_festa_a_Torri_di_Quartesolo.jpg 920w\" sizes=\"auto, (max-width: 171px) 100vw, 171px\" \/><\/a>SERIE C<\/strong><\/span><\/p>\n<p><b>THEMA STUDIO TORRI-HOMECLICK SB VOLLEY 0-3 (<\/b><strong>14-25, 15-25, 22-25)<\/strong><\/p>\n<p>Sul velluto a Torri di Quartesolo. La Homeclick SB Volley non sente neppure un grammo della ruggine accumulata dopo oltre un mese a secco di gare ufficiali. E trova subito il ritmo partita: il confronto, in terra vicentina, si risolve in tre parziali sostanzialmente a senso unico, in cui le ragazze di Josh De Salvador mettono in mostra l\u2019atteggiamento giusto, oltre al maggior spessore tecnico.<span class=\"gmail-Apple-converted-space\">\u00a0<\/span><\/p>\n<p><span style=\"color: #ff0000;\"><strong><a class=\"dt-pswp-item\" href=\"https:\/\/www.radiopiu.net\/wordpress\/wp-content\/uploads\/2024\/01\/Serie_D_vittoriosa_col_Vision.jpg\" data-dt-img-description=\"\" data-large_image_width=\"800\" data-large_image_height=\"400\"><img loading=\"lazy\" decoding=\"async\" class=\" wp-image-369859 alignright\" src=\"https:\/\/www.radiopiu.net\/wordpress\/wp-content\/uploads\/2024\/01\/Serie_D_vittoriosa_col_Vision-300x150.jpg\" alt=\"\" width=\"242\" height=\"121\" srcset=\"https:\/\/www.radiopiu.net\/wordpress\/wp-content\/uploads\/2024\/01\/Serie_D_vittoriosa_col_Vision-300x150.jpg 300w, https:\/\/www.radiopiu.net\/wordpress\/wp-content\/uploads\/2024\/01\/Serie_D_vittoriosa_col_Vision-768x384.jpg 768w, https:\/\/www.radiopiu.net\/wordpress\/wp-content\/uploads\/2024\/01\/Serie_D_vittoriosa_col_Vision.jpg 800w\" sizes=\"auto, (max-width: 242px) 100vw, 242px\" \/><\/a>SERIE D<\/strong><\/span><\/p>\n<p><strong>SB VOLLEY-VISION VOLLEY 3-1 (25-22, 21-25, 25-18, 25-22)<\/strong><\/p>\n<p>Terza vittoria nelle ultime quattro partite: la seconda di fila davanti al pubblico di Mur di Cadola. La\u00a0 SB Volley non solo conferma i progressi gi\u00e0 manifestati alla fine dell\u2019anno solare, ma va oltre. Decisamente oltre. Al punto da prendersi uno scalpo pallavolistico d\u2019eccellenza come quello della quarta forza del campionato di serie D: il Vision Volley. Una formazione molto giovane, ma fisicamente di spessore, con un paio di individualit\u00e0 di tutto rispetto. E dotate di una capacit\u00e0 di salto non comune.<span class=\"gmail-Apple-converted-space\">\u00a0<\/span><\/p>\n<p>&nbsp;<\/p>\n<blockquote>\n<h3>UN FINE SETTIMANA NERO PER IL VOLLEY CLUB AGORDINO. TRE SCONFITTE IN DUE GIORNI<\/h3>\n<\/blockquote>\n<p><strong><a class=\"dt-pswp-item\" href=\"https:\/\/www.radiopiu.net\/wordpress\/wp-content\/uploads\/2022\/04\/VOLLEY-CLUB-AGORDINO.jpg\" data-dt-img-description=\"\" data-large_image_width=\"500\" data-large_image_height=\"512\"><img loading=\"lazy\" decoding=\"async\" class=\" wp-image-268787 alignleft\" src=\"https:\/\/www.radiopiu.net\/wordpress\/wp-content\/uploads\/2022\/04\/VOLLEY-CLUB-AGORDINO-293x300.jpg\" alt=\"\" width=\"162\" height=\"166\" srcset=\"https:\/\/www.radiopiu.net\/wordpress\/wp-content\/uploads\/2022\/04\/VOLLEY-CLUB-AGORDINO-293x300.jpg 293w, https:\/\/www.radiopiu.net\/wordpress\/wp-content\/uploads\/2022\/04\/VOLLEY-CLUB-AGORDINO.jpg 500w\" sizes=\"auto, (max-width: 162px) 100vw, 162px\" \/><\/a>di Marco Gaz<\/strong><\/p>\n<p><span style=\"color: #ff0000;\"><strong>PRIMA DIVISIONE<\/strong><\/span><\/p>\n<p><strong>VOLLEY CARINATESE \u2013 VOLLEY CLUB AGORDINO 3-0 (25-11, 25-11, 25-18)<\/strong><\/p>\n<p>Il 2024 della prima squadra del Volley Club Agordino inizia con il piede sbagliato. La squadra allenata da De Nardin crolla in terra trevigiana e il Volley Carinatese chiude la sfida in tre set. Mai state in partita le agordine che nei primi due parziali concedono 14 punti alle trevigiane. Meglio il terzo set ma le padrone di casa incamerano la vittoria<\/p>\n<p>&nbsp;<\/p>\n<p><span style=\"color: #ff0000;\"><strong>UNDER 14 <\/strong><\/span><\/p>\n<p><strong>\u00a0DOLOMITE \u2013 VOLLEY CLUB AGORDINO 3-0 (25-10, 25-10, 25-20)<\/strong><\/p>\n<p>Inizia male il nuovo anno per la squadra pi\u00f9 giovane del Volley Club Agordino che in terra trevigiana racimola la prima sconfitta del 2024. Padrone di casa che chiudono la sfida in tre set ed agordine che reagiscono solo nel terzo parziale.<\/p>\n<p><strong>VOLLEY CLUB AGORDINO \u2013 CAPPELLA FREGONA 0-3 (7-25, 6-25, 18-25)<\/strong><\/p>\n<p>Seconda sconfitta in due giorni per la squadra under 14 del Volley Club Agordino. Al PalaRova di Agordo una partita da dimenticare per le agordine che rimangono con la testa in spogliatoio e Cappella Fregona che chiude in tre set la sfida.<\/p>\n<p>&nbsp;<\/p>\n<p><span style=\"color: #0000ff;\"><strong>CURLING<\/strong><\/span><\/p>\n<blockquote>\n<h3><a class=\"dt-pswp-item\" href=\"https:\/\/www.radiopiu.net\/wordpress\/wp-content\/uploads\/2024\/01\/240113-CortinaCurlingCup-Day3-SemiFinal-PhManazProduction-27-scaled.jpg\" data-dt-img-description=\"\" data-large_image_width=\"1710\" data-large_image_height=\"2560\"><img loading=\"lazy\" decoding=\"async\" class=\" wp-image-369870 alignleft\" src=\"https:\/\/www.radiopiu.net\/wordpress\/wp-content\/uploads\/2024\/01\/240113-CortinaCurlingCup-Day3-SemiFinal-PhManazProduction-27-200x300.jpg\" alt=\"\" width=\"106\" height=\"159\" \/><\/a>LA CORTINA CURLING CUP PARLA TURCO<\/h3>\n<\/blockquote>\n<p>La prima edizione della Cortina Curling Cup ha visto il Team Yildiz trionfare come vincitore. Nell&#8217;unico evento italiano del World Curling Tour, dieci squadre femminili di curling provenienti da otto nazioni si sono sfidate allo stadio olimpico del ghiaccio di Cortina d&#8217;Ampezzo per tre giorni consecutivi. Il Team Yildiz ha ottenuto la vittoria sconfiggendo le tedesche del Team Abbes ai quarti, superando il Team R\u00f8rvik norvegese in semifinale e vincendo la finale contro il Team Schwaller svizzero con un punteggio di 6-4. Il Team R\u00f8rvik ha conquistato il terzo posto battendo le coreane del Team Gim nella gara per il terzo e quarto posto.<\/p>\n<p>&nbsp;<\/p>\n<p><span style=\"color: #0000ff;\"><strong>PALLAVOLO<\/strong><\/span><\/p>\n<blockquote>\n<h3><b><a class=\"dt-pswp-item\" href=\"https:\/\/www.radiopiu.net\/wordpress\/wp-content\/uploads\/2024\/01\/Bisi_murato-scaled.jpg\" data-dt-img-description=\"\" data-large_image_width=\"2560\" data-large_image_height=\"1523\"><img loading=\"lazy\" decoding=\"async\" class=\"size-medium wp-image-369938 alignleft\" src=\"https:\/\/www.radiopiu.net\/wordpress\/wp-content\/uploads\/2024\/01\/Bisi_murato-300x178.jpg\" alt=\"\" width=\"300\" height=\"178\" srcset=\"https:\/\/www.radiopiu.net\/wordpress\/wp-content\/uploads\/2024\/01\/Bisi_murato-300x178.jpg 300w, https:\/\/www.radiopiu.net\/wordpress\/wp-content\/uploads\/2024\/01\/Bisi_murato-1024x609.jpg 1024w, https:\/\/www.radiopiu.net\/wordpress\/wp-content\/uploads\/2024\/01\/Bisi_murato-768x457.jpg 768w, https:\/\/www.radiopiu.net\/wordpress\/wp-content\/uploads\/2024\/01\/Bisi_murato-1536x914.jpg 1536w, https:\/\/www.radiopiu.net\/wordpress\/wp-content\/uploads\/2024\/01\/Bisi_murato-2048x1218.jpg 2048w\" sizes=\"auto, (max-width: 300px) 100vw, 300px\" \/><\/a>Mirandola mura i rinoceronti: l\u2019Emilia \u00e8 ancora \u201cvietata\u201d<\/b><\/h3>\n<\/blockquote>\n<p><b>STADIUM MIRANDOLA-BELLUNO VOLLEY 3-0 <\/b><b>PARZIALI: <\/b>25-22, 25-22, 27-25.<span class=\"gmail-Apple-converted-space\">\u00a0<\/span><\/p>\n<p><b>BELLUNO VOLLEY: <\/b>Ferrato 1, Bisi 10, Schiro 8, Bucko 10, Mozzato 8, Antonaci 7; Orto (L), Reyes 3, G. Martinez 2, I. Martinez, Stufano. N.e. De Col, Guolla, Fraccaro (L). Allenatore: G. Colussi.<span class=\"gmail-Apple-converted-space\">\u00a0<\/span><\/p>\n<p>L\u2019Emilia Romagna \u00e8 ancora \u201cvietata\u201d per il <b>Belluno Volley<\/b>. Sei trasferte, da quando i rinoceronti calcano i parquet di Serie A3, e nessuna vittoria. Nemmeno a <b>Mirandola<\/b>, dove i biancobl\u00f9 erano scivolati la scorsa stagione, perdendo la loro imbattibilit\u00e0 stagionale. E dove cadono pure in quest\u2019annata: matura cos\u00ec il sesto passivo di un campionato in cui i biancobl\u00f9 non riescono a compiere quel salto di qualit\u00e0 necessario per rimanere in scia al treno di testa. In classifica, infatti, Bisi e compagni rimangono in sesta posizione<\/p>\n<p>&nbsp;<\/p>\n<hr \/>\n<p>&nbsp;<\/p>\n","protected":false},"excerpt":{"rendered":"<p>*** &nbsp; &nbsp; &nbsp; 40esimo di RADIOPIU\u2026. LA VOCE DELL\u2019EMOZIONE ISCRIVITI AL NOSTRO CANALE\u00a0\u00a0YOUTUBE PER SEGUIRE IN DIRETTA I PRINCIPALI PROGRAMMI DI RADIO PIU\u2019 E LE FUTURE DIRETTE IN ESTERNA. PER ISCRIVERTI CLICCA QUI\u00a0E PREMI\u00a0 \u201cIscriviti\u201d\u00a0\u00a0 &nbsp; &nbsp; &nbsp; i podcast informativi del mattino &#8211; audio &#8211;\u00a0 LA RASSEGNA STAMPA NAZIONALE ALLA RADIO, OGNI GIORNO&hellip;<\/p>\n","protected":false},"author":4,"featured_media":369891,"comment_status":"closed","ping_status":"closed","sticky":false,"template":"","format":"standard","meta":{"_monsterinsights_skip_tracking":false,"_monsterinsights_sitenote_active":false,"_monsterinsights_sitenote_note":"","_monsterinsights_sitenote_category":0,"footnotes":""},"categories":[51,86,49],"tags":[],"class_list":["post-369798","post","type-post","status-publish","format-standard","has-post-thumbnail","hentry","category-evidenza-top","category-gr","category-news-18","category-51","category-86","category-49","description-off"],"img_url":"https:\/\/www.radiopiu.net\/wordpress\/wp-content\/uploads\/2024\/01\/Watermark_20240114_152344_527.jpg","_links":{"self":[{"href":"https:\/\/www.radiopiu.net\/wordpress\/wp-json\/wp\/v2\/posts\/369798","targetHints":{"allow":["GET"]}}],"collection":[{"href":"https:\/\/www.radiopiu.net\/wordpress\/wp-json\/wp\/v2\/posts"}],"about":[{"href":"https:\/\/www.radiopiu.net\/wordpress\/wp-json\/wp\/v2\/types\/post"}],"author":[{"embeddable":true,"href":"https:\/\/www.radiopiu.net\/wordpress\/wp-json\/wp\/v2\/users\/4"}],"replies":[{"embeddable":true,"href":"https:\/\/www.radiopiu.net\/wordpress\/wp-json\/wp\/v2\/comments?post=369798"}],"version-history":[{"count":0,"href":"https:\/\/www.radiopiu.net\/wordpress\/wp-json\/wp\/v2\/posts\/369798\/revisions"}],"wp:featuredmedia":[{"embeddable":true,"href":"https:\/\/www.radiopiu.net\/wordpress\/wp-json\/wp\/v2\/media\/369891"}],"wp:attachment":[{"href":"https:\/\/www.radiopiu.net\/wordpress\/wp-json\/wp\/v2\/media?parent=369798"}],"wp:term":[{"taxonomy":"category","embeddable":true,"href":"https:\/\/www.radiopiu.net\/wordpress\/wp-json\/wp\/v2\/categories?post=369798"},{"taxonomy":"post_tag","embeddable":true,"href":"https:\/\/www.radiopiu.net\/wordpress\/wp-json\/wp\/v2\/tags?post=369798"}],"curies":[{"name":"wp","href":"https:\/\/api.w.org\/{rel}","templated":true}]}}