{"id":369902,"date":"2024-01-15T05:29:01","date_gmt":"2024-01-15T04:29:01","guid":{"rendered":"https:\/\/www.radiopiu.net\/wordpress\/?p=369902"},"modified":"2024-01-15T05:31:26","modified_gmt":"2024-01-15T04:31:26","slug":"addio-a-stefano-bertoldi-una-vita-dura-un-cuore-coraggioso","status":"publish","type":"post","link":"https:\/\/www.radiopiu.net\/wordpress\/addio-a-stefano-bertoldi-una-vita-dura-un-cuore-coraggioso\/","title":{"rendered":"Addio a Stefano Bertoldi: Una Vita Dura, un Cuore Coraggioso"},"content":{"rendered":"<p>***<\/p>\n<p>&nbsp;<\/p>\n<p><strong><a class=\"dt-pswp-item\" href=\"https:\/\/www.radiopiu.net\/wordpress\/wp-content\/uploads\/2024\/01\/Senza-nome-44.png\" data-dt-img-description=\"\" data-large_image_width=\"300\" data-large_image_height=\"238\"><img loading=\"lazy\" decoding=\"async\" class=\"size-full wp-image-369903 alignleft\" src=\"https:\/\/www.radiopiu.net\/wordpress\/wp-content\/uploads\/2024\/01\/Senza-nome-44.png\" alt=\"\" width=\"300\" height=\"238\" \/><\/a>AGORDO <\/strong>piange la perdita di un uomo coraggioso, Stefano Bertoldi, che ha attraversato anni difficili combattendo contro la malattia. A 61 anni, Stefano ci ha lasciato, ma il suo ricordo vivr\u00e0 nel cuore di coloro che hanno condiviso la sua battaglia e hanno assistito alla sua forza interiore. La sua malattia ha portato Stefano in un percorso tortuoso, ma l&#8217;amorevole dedizione di Fabio, il sostegno del personale infermieristico del Papa Luciani di Agordo e la costante presenza del dottor Paolo Fadig\u00e0 hanno mitigato la sua sofferenza, rendendo meno arduo il suo cammino. Stefano non era solo un uomo affrontato dalla malattia, ma un guerriero che ha lottato con dignit\u00e0 e coraggio. Le cure amorevoli e l&#8217;attenzione ricevuta hanno illuminato i giorni pi\u00f9 bui della sua esistenza, donandogli conforto e serenit\u00e0. La comunit\u00e0 di Agordo si unisce in un commosso addio, ricordando non solo la difficile lotta di Stefano, ma anche la sua resilienza e la forza che ha dimostrato di possedere. Marted\u00ec, alle 14, si terranno i suoi funerali ad Agordo, un momento per onorare e celebrare la vita di un uomo che ha affrontato le avversit\u00e0 con dignit\u00e0 e amore. La sua memoria continuer\u00e0 a ispirare coloro che hanno avuto il privilegio di condividere la sua vita e di imparare dalla sua straordinaria forza interiore<\/p>\n<p>MM<\/p>\n<p>&nbsp;<\/p>\n<blockquote>\n<h3>MONSIGNOR GIORGIO LISE<\/h3>\n<audio class=\"wp-audio-shortcode\" id=\"audio-369902-1\" preload=\"none\" style=\"width: 100%;\" controls=\"controls\"><source type=\"audio\/mpeg\" src=\"https:\/\/www.radiopiu.net\/wordpress\/wp-content\/uploads\/2024\/01\/stefan-o-don-girogio-1.mp3?_=1\" \/><a href=\"https:\/\/www.radiopiu.net\/wordpress\/wp-content\/uploads\/2024\/01\/stefan-o-don-girogio-1.mp3\">https:\/\/www.radiopiu.net\/wordpress\/wp-content\/uploads\/2024\/01\/stefan-o-don-girogio-1.mp3<\/a><\/audio><\/blockquote>\n<p>&nbsp;<\/p>\n<p>&nbsp;<\/p>\n<p>&nbsp;<\/p>\n<p>___<\/p>\n","protected":false},"excerpt":{"rendered":"<p>*** &nbsp; AGORDO piange la perdita di un uomo coraggioso, Stefano Bertoldi, che ha attraversato anni difficili combattendo contro la malattia. A 61 anni, Stefano ci ha lasciato, ma il suo ricordo vivr\u00e0 nel cuore di coloro che hanno condiviso la sua battaglia e hanno assistito alla sua forza interiore. La sua malattia ha portato&hellip;<\/p>\n","protected":false},"author":4,"featured_media":369903,"comment_status":"closed","ping_status":"closed","sticky":false,"template":"","format":"standard","meta":{"_monsterinsights_skip_tracking":false,"_monsterinsights_sitenote_active":false,"_monsterinsights_sitenote_note":"","_monsterinsights_sitenote_category":0,"footnotes":""},"categories":[51,49],"tags":[],"class_list":["post-369902","post","type-post","status-publish","format-standard","has-post-thumbnail","hentry","category-evidenza-top","category-news-18","category-51","category-49","description-off"],"img_url":"https:\/\/www.radiopiu.net\/wordpress\/wp-content\/uploads\/2024\/01\/Senza-nome-44.png","_links":{"self":[{"href":"https:\/\/www.radiopiu.net\/wordpress\/wp-json\/wp\/v2\/posts\/369902","targetHints":{"allow":["GET"]}}],"collection":[{"href":"https:\/\/www.radiopiu.net\/wordpress\/wp-json\/wp\/v2\/posts"}],"about":[{"href":"https:\/\/www.radiopiu.net\/wordpress\/wp-json\/wp\/v2\/types\/post"}],"author":[{"embeddable":true,"href":"https:\/\/www.radiopiu.net\/wordpress\/wp-json\/wp\/v2\/users\/4"}],"replies":[{"embeddable":true,"href":"https:\/\/www.radiopiu.net\/wordpress\/wp-json\/wp\/v2\/comments?post=369902"}],"version-history":[{"count":0,"href":"https:\/\/www.radiopiu.net\/wordpress\/wp-json\/wp\/v2\/posts\/369902\/revisions"}],"wp:featuredmedia":[{"embeddable":true,"href":"https:\/\/www.radiopiu.net\/wordpress\/wp-json\/wp\/v2\/media\/369903"}],"wp:attachment":[{"href":"https:\/\/www.radiopiu.net\/wordpress\/wp-json\/wp\/v2\/media?parent=369902"}],"wp:term":[{"taxonomy":"category","embeddable":true,"href":"https:\/\/www.radiopiu.net\/wordpress\/wp-json\/wp\/v2\/categories?post=369902"},{"taxonomy":"post_tag","embeddable":true,"href":"https:\/\/www.radiopiu.net\/wordpress\/wp-json\/wp\/v2\/tags?post=369902"}],"curies":[{"name":"wp","href":"https:\/\/api.w.org\/{rel}","templated":true}]}}