{"id":369982,"date":"2024-01-16T05:55:49","date_gmt":"2024-01-16T04:55:49","guid":{"rendered":"https:\/\/www.radiopiu.net\/wordpress\/?p=369982"},"modified":"2024-01-16T15:25:15","modified_gmt":"2024-01-16T14:25:15","slug":"giornale-radiopiu-16-gennaio-2024-direttore-mirko-mezzacasada-40-anni-25-giugno-1983-25-giugno-2023","status":"publish","type":"post","link":"https:\/\/www.radiopiu.net\/wordpress\/giornale-radiopiu-16-gennaio-2024-direttore-mirko-mezzacasada-40-anni-25-giugno-1983-25-giugno-2023\/","title":{"rendered":"GIORNALE RADIOPIU 16 GENNAIO 2024 DIRETTORE MIRKO MEZZACASA\u2026DA 40 ANNI 25 GIUGNO 1983-25 GIUGNO 2023"},"content":{"rendered":"<h1>***<\/h1>\n<p>&nbsp;<\/p>\n<p>&nbsp;<\/p>\n<p><a class=\"dt-pswp-item\" href=\"https:\/\/www.radiopiu.net\/wordpress\/wp-content\/uploads\/2024\/01\/Senza-nome-19.png\" data-dt-img-description=\"\" data-large_image_width=\"387\" data-large_image_height=\"84\"><img loading=\"lazy\" decoding=\"async\" class=\"wp-image-368996 size-full aligncenter\" src=\"https:\/\/www.radiopiu.net\/wordpress\/wp-content\/uploads\/2024\/01\/Senza-nome-19.png\" alt=\"\" width=\"387\" height=\"84\" srcset=\"https:\/\/www.radiopiu.net\/wordpress\/wp-content\/uploads\/2024\/01\/Senza-nome-19.png 387w, https:\/\/www.radiopiu.net\/wordpress\/wp-content\/uploads\/2024\/01\/Senza-nome-19-300x65.png 300w\" sizes=\"auto, (max-width: 387px) 100vw, 387px\" \/><\/a><\/p>\n<p>&nbsp;<\/p>\n<h1 class=\"entry-title photoswipe-wrapper\"><strong><a class=\"dt-pswp-item\" href=\"https:\/\/www.radiopiu.net\/wordpress\/wp-content\/uploads\/2023\/12\/logo-radio.jpg\" data-dt-img-description=\"\" data-large_image_width=\"800\" data-large_image_height=\"600\"><img loading=\"lazy\" decoding=\"async\" class=\"wp-image-367163 alignleft\" src=\"https:\/\/www.radiopiu.net\/wordpress\/wp-content\/uploads\/2023\/12\/logo-radio-300x225.jpg\" alt=\"\" width=\"109\" height=\"82\" srcset=\"https:\/\/www.radiopiu.net\/wordpress\/wp-content\/uploads\/2023\/12\/logo-radio-300x225.jpg 300w, https:\/\/www.radiopiu.net\/wordpress\/wp-content\/uploads\/2023\/12\/logo-radio-768x576.jpg 768w, https:\/\/www.radiopiu.net\/wordpress\/wp-content\/uploads\/2023\/12\/logo-radio.jpg 800w\" sizes=\"auto, (max-width: 109px) 100vw, 109px\" \/><\/a><\/strong><\/h1>\n<h1 class=\"entry-title photoswipe-wrapper\">40esimo di RADIOPIU\u2026. LA VOCE DELL\u2019EMOZIONE<\/h1>\n<h2><\/h2>\n<h2><span style=\"color: #ff0000;\">ISCRIVITI AL NOSTRO CANALE\u00a0\u00a0YOUTUBE PER SEGUIRE IN DIRETTA I PRINCIPALI PROGRAMMI DI RADIO PIU\u2019 E LE FUTURE DIRETTE IN ESTERNA. PER ISCRIVERTI <a style=\"color: #ff0000;\" href=\"https:\/\/youtube.com\/@radiopiu1527\">CLICCA QUI\u00a0<\/a>E PREMI\u00a0 \u201cIscriviti\u201d\u00a0\u00a0<\/span><\/h2>\n<p>&nbsp;<\/p>\n<p><a class=\"dt-pswp-item\" href=\"https:\/\/www.radiopiu.net\/wordpress\/wp-content\/uploads\/2024\/01\/Senza-nome-56.png\" data-dt-img-description=\"\" data-large_image_width=\"499\" data-large_image_height=\"190\"><img loading=\"lazy\" decoding=\"async\" class=\"wp-image-370079 size-full aligncenter\" src=\"https:\/\/www.radiopiu.net\/wordpress\/wp-content\/uploads\/2024\/01\/Senza-nome-56.png\" alt=\"\" width=\"499\" height=\"190\" srcset=\"https:\/\/www.radiopiu.net\/wordpress\/wp-content\/uploads\/2024\/01\/Senza-nome-56.png 499w, https:\/\/www.radiopiu.net\/wordpress\/wp-content\/uploads\/2024\/01\/Senza-nome-56-300x114.png 300w\" sizes=\"auto, (max-width: 499px) 100vw, 499px\" \/><\/a><\/p>\n<p>&nbsp;<\/p>\n<p>&nbsp;<\/p>\n<hr \/>\n<p>&nbsp;<\/p>\n<blockquote>\n<blockquote>\n<h1><span style=\"color: #ff0000;\">i podcast informativi del mattino &#8211; audio &#8211;\u00a0<\/span><\/h1>\n<\/blockquote>\n<p><strong><a class=\"dt-pswp-item\" href=\"https:\/\/www.radiopiu.net\/wordpress\/wp-content\/uploads\/2023\/11\/th-10.jpg\" data-dt-img-description=\"\" data-large_image_width=\"320\" data-large_image_height=\"180\"><img loading=\"lazy\" decoding=\"async\" class=\"wp-image-362866 alignleft\" src=\"https:\/\/www.radiopiu.net\/wordpress\/wp-content\/uploads\/2023\/11\/th-10-300x169.jpg\" alt=\"\" width=\"185\" height=\"104\" srcset=\"https:\/\/www.radiopiu.net\/wordpress\/wp-content\/uploads\/2023\/11\/th-10-300x169.jpg 300w, https:\/\/www.radiopiu.net\/wordpress\/wp-content\/uploads\/2023\/11\/th-10.jpg 320w\" sizes=\"auto, (max-width: 185px) 100vw, 185px\" \/><\/a>LA RASSEGNA STAMPA NAZIONALE ALLA RADIO, OGNI GIORNO ALLE 5 E ALLE 6 DEL MATTINO <span style=\"color: #0000ff;\">viene pubblicata alle 6.00 <span style=\"color: #ff0000;\">DIRETTA RADIO<\/span><\/span><\/strong><\/p><\/blockquote>\n<p><strong>Arrestati 25 studenti<\/strong> in Cis Giordania, le forze israeliane interrompono un sit-in di protesta, <strong>la Cina contro USA e GIAPPONE<\/strong>, Taiwan \u00e8 nostra. Regionali del <strong>Centro Destra<\/strong> ancora nodi in Basilicata e\u00a0 Sardegna.\u00a0 Previsto per domani l&#8217;incontro\u00a0 <strong>Europa_ Meloni<\/strong> a Forl\u00ec. Strage di Viareggio, siti-in davanti alla Cassazione. Reggeio Emilia\u00a0 \u00a0arrestato un uomo di 46 anni per sequestro di persone e violenza sessuale. <strong>Torino,<\/strong> trovato neonato, abbandonato nel cassetto dei rifiuti. Una 16enne\u00a0muore per assideramento a <strong>San Candido<\/strong>, in chiusura il <strong>meteo.\u00a0<\/strong><\/p>\n<p><strong>audio<\/strong><\/p>\n<audio class=\"wp-audio-shortcode\" id=\"audio-369982-1\" preload=\"none\" style=\"width: 100%;\" controls=\"controls\"><source type=\"audio\/mpeg\" src=\"https:\/\/www.radiopiu.net\/wordpress\/wp-content\/uploads\/2024\/01\/GIORNALEDELLESEI-11.mp3?_=1\" \/><a href=\"https:\/\/www.radiopiu.net\/wordpress\/wp-content\/uploads\/2024\/01\/GIORNALEDELLESEI-11.mp3\">https:\/\/www.radiopiu.net\/wordpress\/wp-content\/uploads\/2024\/01\/GIORNALEDELLESEI-11.mp3<\/a><\/audio>\n<p>&nbsp;<\/p>\n<p>&nbsp;<\/p>\n<p><strong><a class=\"dt-pswp-item\" href=\"https:\/\/www.radiopiu.net\/wordpress\/wp-content\/uploads\/2023\/12\/images.png\" data-dt-img-description=\"\" data-large_image_width=\"316\" data-large_image_height=\"160\"><img loading=\"lazy\" decoding=\"async\" class=\"wp-image-367008 alignleft\" src=\"https:\/\/www.radiopiu.net\/wordpress\/wp-content\/uploads\/2023\/12\/images-300x152.png\" alt=\"\" width=\"235\" height=\"119\" srcset=\"https:\/\/www.radiopiu.net\/wordpress\/wp-content\/uploads\/2023\/12\/images-300x152.png 300w, https:\/\/www.radiopiu.net\/wordpress\/wp-content\/uploads\/2023\/12\/images.png 316w\" sizes=\"auto, (max-width: 235px) 100vw, 235px\" \/><\/a>OGNI GIORNO ALLE SETTE DEL MATTINO, LA RASSEGNA STAMPA LOCALE FLASH&#8230; PER CHI VA IN FRETTA. I TITOLI DAI GIORNALI E DAL SITO WWW.RADIOPIU.NET <span style=\"color: #0000ff;\">viene pubblicato alle 7.00<\/span> <span style=\"color: #ff0000;\">DIRETTA RADIO\u00a0<\/span><\/strong><\/p>\n<p><em><span style=\"color: #ff0000;\">per chi va in fretta&#8230; tante notizie in pochi minuti. L&#8217;informazione locale alla radio, ogni ora dalle 7 del mattino alle 19 della sera.<\/span><\/em><\/p>\n<p><strong>VENEZIA<\/strong> Oggi in consiglio regionale il voto sul suicidio assistito. Fine vita, Zaia favorevole, FDI, FI ma anche altri leghisti totalmente contrari. Sar\u00e0 un risultato &#8220;politico&#8221;.<br \/>\n<strong>SOSPIROLO<\/strong> Comune controcorrente, tutti gli altri soffrono il calo demografico, il Comune del sindaco Mario De Bon guadagna 60 residenti in dieci mesi.<br \/>\n<strong>VALSUGANA<\/strong> Massi in bilico dopo la frana di sabato. Strada chiusa per 45 giorni, via ai lavori, deviazioni sulla feltrina, in loco per i residenti.<br \/>\n<strong>GIUDIZIARIA<\/strong> Donna picchiata e offesa non solo dal marito, anche dai suoceri. Una giovane marocchina porta in tribunale l&#8217;ex coniuge e non solo.<br \/>\n<strong>FELTRE<\/strong> Grotte dei Piani Eterni, esplorati altri 40 chilometri.<br \/>\n<strong>INTERDIZIONE TOTALE A SEDICO<\/strong> Lungo la 203 agordina, in Comune di Sedico (centro abitato) da OGGI interdizione totale per abbattimento e potatura alberi. FASCE DI CHIUSURA: DALLE 22.30 ALLE 05.30 DEL MATTINO, DAL 16 AL 20 GENNAIO COMPRESI<\/p>\n<p><strong>AUDIO<\/strong><\/p>\n<audio class=\"wp-audio-shortcode\" id=\"audio-369982-2\" preload=\"none\" style=\"width: 100%;\" controls=\"controls\"><source type=\"audio\/mpeg\" src=\"https:\/\/www.radiopiu.net\/wordpress\/wp-content\/uploads\/2024\/01\/GF07-11.mp3?_=2\" \/><a href=\"https:\/\/www.radiopiu.net\/wordpress\/wp-content\/uploads\/2024\/01\/GF07-11.mp3\">https:\/\/www.radiopiu.net\/wordpress\/wp-content\/uploads\/2024\/01\/GF07-11.mp3<\/a><\/audio>\n<p>&nbsp;<\/p>\n<p>&nbsp;<\/p>\n<p>&nbsp;<\/p>\n<blockquote><p><strong><a class=\"dt-pswp-item\" href=\"https:\/\/www.radiopiu.net\/wordpress\/wp-content\/uploads\/2021\/07\/microfono-radio-ok-768x448-768x448-1.jpg\" data-dt-img-description=\"\" data-large_image_width=\"768\" data-large_image_height=\"448\"><img loading=\"lazy\" decoding=\"async\" class=\"wp-image-220632 alignleft\" src=\"https:\/\/www.radiopiu.net\/wordpress\/wp-content\/uploads\/2021\/07\/microfono-radio-ok-768x448-768x448-1-300x175.jpg\" alt=\"\" width=\"178\" height=\"104\" srcset=\"https:\/\/www.radiopiu.net\/wordpress\/wp-content\/uploads\/2021\/07\/microfono-radio-ok-768x448-768x448-1-300x175.jpg 300w, https:\/\/www.radiopiu.net\/wordpress\/wp-content\/uploads\/2021\/07\/microfono-radio-ok-768x448-768x448-1.jpg 768w\" sizes=\"auto, (max-width: 178px) 100vw, 178px\" \/><\/a>GIORNALE RADIO NAZIONALE, EDIZIONE DELLE SETTE <span style=\"color: #0000ff;\">viene pubblicato alle 7.05 <span style=\"color: #ff0000;\">DIRETTA RADIO\u00a0<\/span><\/span><\/strong><\/p><\/blockquote>\n<p><strong>il giornale radionazionale e&#8217; in onda ogni ora, dalle sette del mattino alle venti della sera\u00a0\u00a0<\/strong><\/p>\n<p>&nbsp;<\/p>\n<p><strong>La cassazione<\/strong> condanna Mauro Moretti per la strage ferroviaria di Viareggio. <strong>Un bambino di 9 anni<\/strong> muore travolto da un treno a Torino. <strong>Due uomini<\/strong> colpiti da armi da fuoco, un ferito e un morto. <strong>102 giorni di Guerra<\/strong> in medio oriente.<strong> Elezioni europee<\/strong> si terranno il 9 giugno neo comuni da 5 a 15 mila abitanti possibile il terzo mandato<\/p>\n<p><strong>AUDIO<\/strong><\/p>\n<audio class=\"wp-audio-shortcode\" id=\"audio-369982-3\" preload=\"none\" style=\"width: 100%;\" controls=\"controls\"><source type=\"audio\/mpeg\" src=\"https:\/\/www.radiopiu.net\/wordpress\/wp-content\/uploads\/2024\/01\/giornale07-11.mp3?_=3\" \/><a href=\"https:\/\/www.radiopiu.net\/wordpress\/wp-content\/uploads\/2024\/01\/giornale07-11.mp3\">https:\/\/www.radiopiu.net\/wordpress\/wp-content\/uploads\/2024\/01\/giornale07-11.mp3<\/a><\/audio>\n<p>&nbsp;<\/p>\n<p>&nbsp;<\/p>\n<p>&nbsp;<\/p>\n<blockquote>\n<h2><strong><a class=\"dt-pswp-item\" href=\"https:\/\/www.radiopiu.net\/wordpress\/wp-content\/uploads\/2023\/12\/th-10.jpg\" data-dt-img-description=\"\" data-large_image_width=\"245\" data-large_image_height=\"180\"><img loading=\"lazy\" decoding=\"async\" class=\" wp-image-367395 alignleft\" src=\"https:\/\/www.radiopiu.net\/wordpress\/wp-content\/uploads\/2023\/12\/th-10.jpg\" alt=\"\" width=\"166\" height=\"122\" \/><\/a>RASSEGNA STAMPA LOCALE, ORE OTTO 05<\/strong><\/h2>\n<h2><strong> <span style=\"color: #0000ff;\">viene\u00a0 <\/span><\/strong><strong><span style=\"color: #0000ff;\">pubblicata alle 8.05 <span style=\"color: #ff0000;\">DIRETTA RADIO\u00a0\u00a0<\/span><\/span><\/strong><\/h2>\n<p><strong>SANTA GIUSTINA<\/strong> Ieri alle 5:45 i vigili del fuoco sono intervenuti in Via Casabellata a Santa Giustina per l\u2019incendio di un\u2019auto: nessuna persona \u00e8 rimasta ferita. Il conducente stava percorrendo la strada quando ha notato del fumo venire fuori dalle bocchette, si \u00e8 fermato ed \u00e8 sceso, mentre l\u2019auto ha preso fuoco.<br \/>\n<strong>BELLUNO <\/strong>Alle 8:00 di luned\u00ec, i vigili del fuoco sono intervenuti su Via Cordevole a Belluno sulla SR 204 per uno scontro tra due auto, risultando feriti entrambi i conducenti, un 39enne di Belluno e un 25enne sempre del capoluogo entrambi trasportati al pronto soccorso San Martino con ferite di media gravit\u00e0.<br \/>\n<strong>AGORDO<\/strong> Oggi alle 14 i funerali ad Agordo, un momento per onorare e celebrare la vita di un uomo che ha affrontato le avversit\u00e0 con dignit\u00e0 e amore.<br \/>\n<strong>PIEVE DI CADORE<\/strong> i funerali\u00a0 del 36enne di Sottocastello si terranno oggi alle 14.30 nella chiesa di Santa Maria Nascente a Pieve. La messa alle 14:30 sar\u00e0 preceduta dalla recita del rosario. La famiglia ha chiesto donazioni per Casa Tua 2, l&#8217;Ulss 1 Dolomiti, dove Enrico trascorse gli ultimi giorni di vita.<br \/>\nAnche Mirco Dorigo, 55 anni, residente a Comelico, \u00e8 deceduto nell&#8217;hospice di viale Europa. I suoi funerali alle 14:30 nella chiesa di Santo Stefano di Cadore.<br \/>\n<strong>AGORDO\u00a0<\/strong> Stefano Olivier dopo una lunga malattia \u00e8 mancato all&#8217;affetto dei suoi cari. Una lunga sofferenza tra le amorevoli cure della moglie Carla, della figlia Eva con Angelo e Fausto, del figlio Daniele con Genny, Devid, Aurora, Agata e Gioia. Stefano ha lasciato nel dolore anche la sorella Nada. Domani alle 14 i funerali in chiesa ad Agordo. La famiglia Olivier, da Rif di Agordo ha voluto ringraziare il dottor Marcon, il personale infermieristico del reparto Medicina del Papa Luciani di Agordo. Eventuali offerte verranno devoluto all&#8217;associazione Pettirosso Agordino nel ricordo del caro Stefano.<br \/>\n<strong>CORTINA<\/strong> Un cittadino ucraino \u00e8 stato arrestato a Borca di Cadore in seguito a un alert alloggiati. La polizia ha eseguito il mandato di cattura internazionale emesso dalle autorit\u00e0 ucraine per resistenza, lesioni e rissa, reati per i quali era stato condannato a meno di tre anni di carcere.<br \/>\n<strong>ROCCA PIETORE UN GIOVANE SINDACO PER ROCCA PIETORE, VALERIO DAVARE SI CANDIDA<\/strong><br \/>\n<strong>AGORDO I DIS&#8230;SERVIZI DI POSTE ITALIANE&#8230;CRITICHE QUOTIDIANE E REFERENTI ASSENTI<\/strong><\/p>\n<p><strong>ALLEGHE AD APPIANO PER IL RITORNO DEI QUARTI DI COPPA ITALIA<\/strong> oggi ore 19:30 &#8211; Palaghiaccio di Appiano (BZ). Arbitri: Federico Stefenelli e Thomas Egger con giudici di linea Jacopo Pace e Alexander Wiest. Collegamenti in DIRETTA RADIOFONICA su Radio Pi\u00f9 (www.radiopiu.net) con \u201cHockey al punto giusto\u201d, in studio Marco Gaz e da Appiano interventi di Federico Paganin<\/p><\/blockquote>\n<h1><strong>video diretta radiopiu<\/strong><\/h1>\n<p><iframe loading=\"lazy\" title=\"DAL 1983 LA RASSEGNA STAMPA LOCALE di mirko mezzacasa. L&#039;ORIGINALE\" width=\"1200\" height=\"675\" src=\"https:\/\/www.youtube.com\/embed\/y06uJSvrvQU?feature=oembed\" frameborder=\"0\" allow=\"accelerometer; autoplay; clipboard-write; encrypted-media; gyroscope; picture-in-picture; web-share\" allowfullscreen><\/iframe><\/p>\n<p>&nbsp;<\/p>\n<hr \/>\n<p>&nbsp;<\/p>\n<p>&nbsp;<\/p>\n<p><a class=\"dt-pswp-item\" href=\"https:\/\/www.radiopiu.net\/wordpress\/wp-content\/uploads\/2023\/10\/34f4cfc6-e863-46e9-9695-8df44be63421.jpg\" data-dt-img-description=\"\" data-large_image_width=\"1200\" data-large_image_height=\"1200\"><img loading=\"lazy\" decoding=\"async\" class=\"wp-image-357393 alignleft\" src=\"https:\/\/www.radiopiu.net\/wordpress\/wp-content\/uploads\/2023\/10\/34f4cfc6-e863-46e9-9695-8df44be63421-300x300.jpg\" alt=\"\" width=\"81\" height=\"81\" srcset=\"https:\/\/www.radiopiu.net\/wordpress\/wp-content\/uploads\/2023\/10\/34f4cfc6-e863-46e9-9695-8df44be63421-300x300.jpg 300w, https:\/\/www.radiopiu.net\/wordpress\/wp-content\/uploads\/2023\/10\/34f4cfc6-e863-46e9-9695-8df44be63421-1024x1024.jpg 1024w, https:\/\/www.radiopiu.net\/wordpress\/wp-content\/uploads\/2023\/10\/34f4cfc6-e863-46e9-9695-8df44be63421-150x150.jpg 150w, https:\/\/www.radiopiu.net\/wordpress\/wp-content\/uploads\/2023\/10\/34f4cfc6-e863-46e9-9695-8df44be63421-768x768.jpg 768w, https:\/\/www.radiopiu.net\/wordpress\/wp-content\/uploads\/2023\/10\/34f4cfc6-e863-46e9-9695-8df44be63421.jpg 1200w\" sizes=\"auto, (max-width: 81px) 100vw, 81px\" \/><\/a>OGGI ALLA RADIO: <strong>ALLE 7<\/strong> LA RASSEGNA STAMPA LOCALE FLASH, PER CHI COME NOI ALLE SETTE DEL MATTINO VA DI FRETTA, TANTE NOTIZIE IN POCHE CHIACCHIERE. <strong>ALLE OTTO<\/strong> L&#8217;APPROFONDIMENTO NELLA STORICA RASSEGNA STAMPA LOCALE.\u00a0 DALLE 6 ALLE 21, OGNI ORA, L&#8217;INFORMAZIONE NAZIONALE, l&#8217;informazione locale, ALLE 10 flash. 11flash. 14 viabilit\u00e0. 15meteo. 16flash. 17flash. 18flash. 19 i titoli di Antenna 3<\/p>\n<p>&nbsp;<\/p>\n<p>OGGI ALLA RADIO: <strong>9.00 ALEX<\/strong> E IL COUNTRY, <strong>10.10-1830 CON NICOLA CASSISI<\/strong> E IL MUSLA LE NOTIZIE IN LADINO <strong>10.30 E 1900 CARNEVAI DE LA VAI<\/strong> CON VALENTINO ROSSINI, MATTEO DAGAI, JEKI BRESSAN, SIMONE ONGARO<strong> ALLE 13.20 GIESSE RISARCIMENTO BELLUNO CON IL CALCIO A 5 BELLUNO<\/strong>\u00a0 E QUESTA SERA ALLE 19.30 L&#8217;<strong>HOCKEY SU GHIACCIO<\/strong>&#8230; TUTTI INSIEME PER LE CIVETTE, ALLEGHE HOCKEY.<\/p>\n<p>&nbsp;<\/p>\n<p>https:\/\/www.facebook.com\/radiopiu\/videos\/883704140228667<\/p>\n<p>&nbsp;<\/p>\n<hr \/>\n<p>&nbsp;<\/p>\n<blockquote>\n<h2>INTERDIZIONE TOTALE A SEDICO<\/h2>\n<\/blockquote>\n<p><img loading=\"lazy\" decoding=\"async\" class=\"alignleft\" src=\"https:\/\/www.radiopiu.net\/wordpress\/wp-content\/uploads\/2021\/10\/th-4.jpg\" width=\"139\" height=\"104\" \/><strong>SEDICO<\/strong> Lungo la 203 agordina, in Comune di Sedico (centro abitato) da OGGI interdizione totale per abbattimento e potatura alberi.<\/p>\n<p><strong>FASCE DI CHIUSURA:<\/strong><br \/>\n<strong><span style=\"color: #ff0000;\">DALLE 22.30 ALLE 05.30 DEL MATTINO,\u00a0 DAL 16 AL 20 GENNAIO COMPRESI<\/span><\/strong><\/p>\n<p>&nbsp;<\/p>\n<p>&nbsp;<\/p>\n<hr \/>\n<p>&nbsp;<\/p>\n<blockquote>\n<h3><img loading=\"lazy\" decoding=\"async\" class=\"alignleft\" src=\"https:\/\/www.radiopiu.net\/wordpress\/wp-content\/uploads\/2024\/01\/4d11f11f-1efe-43bf-b94e-80c0eacde38b.jpg\" width=\"145\" height=\"109\" \/>OGGI CON IL SUEM DALLA STRADA ALLE PISTE DI SCI<\/h3>\n<\/blockquote>\n<p><strong>REDAZIONE<\/strong> Tre gli interventi principali di ieri degli uomini e donne del soccorso. Nell&#8217;incidente del\u00a0 mattino ai &#8220;Casoni&#8221; soccorsi due giovani di 39 e 25 anni di Belluno, portati al San Martino in ambulanza con ferite di media gravit\u00e0. Alle 10.30 a Sappada caduta accidentale di una 26enne\u00a0 in escursione, la ragazza \u00e8 stata portata in elicottero da Sappada a Belluno. Infine nel pomeriggio Falco \u00e8 volato ad Alleghe, Piani di Pezz\u00e8, per un incidente sugli sci, per un 46enne polacco diagnosticato un trauma alla colonna<\/p>\n<div class=\"articlePlainText\"><em>Una 27enne di Auronzo, ieri mattina, a seguito di una caduta avvenuta poco distante dal rifugio Monte Ferro, \u00e8 stata raggiunta dall&#8217;equipaggio medico infermieristico dell&#8217;elicottero Falco proveniente da Pieve di Cadore che era stato inviato dalla Sala regionale per l&#8217;emergenza sanitaria di Palmanova. Dopo la richiesta di aiuto giunta al 112, gli infermieri di Sores hanno contattato la centrale del 118 Suem di Belluno. La ragazza, che fortunatamente non ha riportato gravi traumi, \u00e8 stata presa in carico dai sanitari e accompagnata in volo all&#8217;ospedale di Belluno.\u00a0<\/em><\/div>\n<p>&nbsp;<\/p>\n<hr \/>\n<p>&nbsp;<\/p>\n<blockquote>\n<h3>AUTO IN FIAMME DI PRIMA MATTINA<\/h3>\n<\/blockquote>\n<p><strong>SANTA GIUSTINA<\/strong> Ieri alle 5:45\u00a0 i vigili del fuoco sono intervenuti in Via Casabellata a Santa Giustina per l\u2019incendio di un\u2019auto: nessuna persona \u00e8 rimasta ferita. Il conducente stava percorrendo la strada quando ha notato del fumo venire fuori dalle bocchette, si \u00e8 fermato ed \u00e8 sceso, mentre l\u2019auto ha preso fuoco. I pompieri accorsi da Belluno, hanno spento con la schiuma l\u2019auto completamente avvolta dalle fiamme all\u2019arrivo dei soccorsi. Le cause delle fiamme di probabile natura elettromeccaniche sono al vaglio della squadra intervenuta. Le operazioni di completo spegnimento e bonifica sono terminate alle 7:30.<\/p>\n\n\t\t\t<style type='text\/css'>\n\t\t\t\t#gallery-1 {\n\t\t\t\t\tmargin: auto;\n\t\t\t\t}\n\t\t\t\t#gallery-1 .gallery-item {\n\t\t\t\t\tfloat: left;\n\t\t\t\t\tmargin-top: 10px;\n\t\t\t\t\ttext-align: center;\n\t\t\t\t\twidth: 33%;\n\t\t\t\t}\n\t\t\t\t#gallery-1 img {\n\t\t\t\t\tborder: 2px solid #cfcfcf;\n\t\t\t\t}\n\t\t\t\t#gallery-1 .gallery-caption {\n\t\t\t\t\tmargin-left: 0;\n\t\t\t\t}\n\t\t\t\t\/* see gallery_shortcode() in wp-includes\/media.php *\/\n\t\t\t<\/style>\n\t\t<div id='gallery-1' class='dt-gallery-container gallery galleryid-369982 gallery-columns-3 gallery-size-thumbnail'><dl class='gallery-item'>\n\t\t\t\t<dt class='gallery-icon landscape'>\n\t\t\t\t\t<a class=\"rollover rollover-zoom dt-pswp-item\" title=\"231837eb-6e4c-45bd-89e6-667ff3ffa04e\" data-dt-img-description=\"\" data-large_image_width=\"900\" data-large_image_height=\"644\"href='https:\/\/www.radiopiu.net\/wordpress\/wp-content\/uploads\/2024\/01\/231837eb-6e4c-45bd-89e6-667ff3ffa04e.jpg'><img loading=\"lazy\" decoding=\"async\" width=\"150\" height=\"150\" src=\"https:\/\/www.radiopiu.net\/wordpress\/wp-content\/uploads\/2024\/01\/231837eb-6e4c-45bd-89e6-667ff3ffa04e-150x150.jpg\" class=\"attachment-thumbnail size-thumbnail\" alt=\"\" \/><\/a>\n\t\t\t\t<\/dt><\/dl><dl class='gallery-item'>\n\t\t\t\t<dt class='gallery-icon landscape'>\n\t\t\t\t\t<a class=\"rollover rollover-zoom dt-pswp-item\" title=\"f4ed2741-b10b-4b5f-b7ca-bd0982340ee4\" data-dt-img-description=\"\" data-large_image_width=\"1080\" data-large_image_height=\"728\"href='https:\/\/www.radiopiu.net\/wordpress\/wp-content\/uploads\/2024\/01\/f4ed2741-b10b-4b5f-b7ca-bd0982340ee4.jpg'><img loading=\"lazy\" decoding=\"async\" width=\"150\" height=\"150\" src=\"https:\/\/www.radiopiu.net\/wordpress\/wp-content\/uploads\/2024\/01\/f4ed2741-b10b-4b5f-b7ca-bd0982340ee4-150x150.jpg\" class=\"attachment-thumbnail size-thumbnail\" alt=\"\" \/><\/a>\n\t\t\t\t<\/dt><\/dl><dl class='gallery-item'>\n\t\t\t\t<dt class='gallery-icon landscape'>\n\t\t\t\t\t<a class=\"rollover rollover-zoom dt-pswp-item\" title=\"36d90f2b-2ed9-44ed-b598-73bc1d6c0029\" data-dt-img-description=\"\" data-large_image_width=\"878\" data-large_image_height=\"616\"href='https:\/\/www.radiopiu.net\/wordpress\/wp-content\/uploads\/2024\/01\/36d90f2b-2ed9-44ed-b598-73bc1d6c0029.jpg'><img loading=\"lazy\" decoding=\"async\" width=\"150\" height=\"150\" src=\"https:\/\/www.radiopiu.net\/wordpress\/wp-content\/uploads\/2024\/01\/36d90f2b-2ed9-44ed-b598-73bc1d6c0029-150x150.jpg\" class=\"attachment-thumbnail size-thumbnail\" alt=\"\" \/><\/a>\n\t\t\t\t<\/dt><\/dl><br style=\"clear: both\" \/>\n\t\t\t<\/div>\n\n<p>&nbsp;<\/p>\n<hr \/>\n<p>&nbsp;<\/p>\n<blockquote>\n<h3>INCIDENTE SULLA SR 204: DUE AUTO COINVOLTE<\/h3>\n<\/blockquote>\n<p><strong>BELLUNO<\/strong> <strong>BELLUNO<\/strong>\u00a0 Alle 8:00 di luned\u00ec, i vigili del fuoco sono intervenuti su Via Cordevole a Belluno sulla SR 204 per uno scontro tra due auto, risultando feriti entrambi i conducenti, un 39enne di Belluno e un 25enne sempre del capoluogo entrambi trasportati al pronto soccorso San Martino con ferite di media gravit\u00e0. L&#8217;incidente ha causato la rottura del serbatoio di benzina di una vettura con conseguente perdita di carburante. I vigili del fuoco hanno messo in sicurezza la zona, mentre il Suem ha assistito i feriti, trasferendoli poi in ospedale. Veneto strade e la polizia di stato erano sul posto per i rilievi del sinistro. Le operazioni di soccorso sono state concluse alle 10:30.<\/p>\n\n\t\t\t<style type='text\/css'>\n\t\t\t\t#gallery-2 {\n\t\t\t\t\tmargin: auto;\n\t\t\t\t}\n\t\t\t\t#gallery-2 .gallery-item {\n\t\t\t\t\tfloat: left;\n\t\t\t\t\tmargin-top: 10px;\n\t\t\t\t\ttext-align: center;\n\t\t\t\t\twidth: 25%;\n\t\t\t\t}\n\t\t\t\t#gallery-2 img {\n\t\t\t\t\tborder: 2px solid #cfcfcf;\n\t\t\t\t}\n\t\t\t\t#gallery-2 .gallery-caption {\n\t\t\t\t\tmargin-left: 0;\n\t\t\t\t}\n\t\t\t\t\/* see gallery_shortcode() in wp-includes\/media.php *\/\n\t\t\t<\/style>\n\t\t<div id='gallery-2' class='dt-gallery-container gallery galleryid-369982 gallery-columns-4 gallery-size-medium'><dl class='gallery-item'>\n\t\t\t\t<dt class='gallery-icon landscape'>\n\t\t\t\t\t<a class=\"rollover rollover-zoom dt-pswp-item\" title=\"c4e8cc27-3a2e-4c79-8150-100cf86cc9f6\" data-dt-img-description=\"\" data-large_image_width=\"812\" data-large_image_height=\"580\"href='https:\/\/www.radiopiu.net\/wordpress\/wp-content\/uploads\/2024\/01\/c4e8cc27-3a2e-4c79-8150-100cf86cc9f6.jpg'><img loading=\"lazy\" decoding=\"async\" width=\"300\" height=\"214\" src=\"https:\/\/www.radiopiu.net\/wordpress\/wp-content\/uploads\/2024\/01\/c4e8cc27-3a2e-4c79-8150-100cf86cc9f6-300x214.jpg\" class=\"attachment-medium size-medium\" alt=\"\" srcset=\"https:\/\/www.radiopiu.net\/wordpress\/wp-content\/uploads\/2024\/01\/c4e8cc27-3a2e-4c79-8150-100cf86cc9f6-300x214.jpg 300w, https:\/\/www.radiopiu.net\/wordpress\/wp-content\/uploads\/2024\/01\/c4e8cc27-3a2e-4c79-8150-100cf86cc9f6-768x549.jpg 768w, https:\/\/www.radiopiu.net\/wordpress\/wp-content\/uploads\/2024\/01\/c4e8cc27-3a2e-4c79-8150-100cf86cc9f6.jpg 812w\" sizes=\"auto, (max-width: 300px) 100vw, 300px\" \/><\/a>\n\t\t\t\t<\/dt><\/dl><dl class='gallery-item'>\n\t\t\t\t<dt class='gallery-icon landscape'>\n\t\t\t\t\t<a class=\"rollover rollover-zoom dt-pswp-item\" title=\"5fe0e11a-87f2-4982-b70f-ad9fa42d0870\" data-dt-img-description=\"\" data-large_image_width=\"1280\" data-large_image_height=\"960\"href='https:\/\/www.radiopiu.net\/wordpress\/wp-content\/uploads\/2024\/01\/5fe0e11a-87f2-4982-b70f-ad9fa42d0870.jpg'><img loading=\"lazy\" decoding=\"async\" width=\"300\" height=\"225\" src=\"https:\/\/www.radiopiu.net\/wordpress\/wp-content\/uploads\/2024\/01\/5fe0e11a-87f2-4982-b70f-ad9fa42d0870-300x225.jpg\" class=\"attachment-medium size-medium\" alt=\"\" srcset=\"https:\/\/www.radiopiu.net\/wordpress\/wp-content\/uploads\/2024\/01\/5fe0e11a-87f2-4982-b70f-ad9fa42d0870-300x225.jpg 300w, https:\/\/www.radiopiu.net\/wordpress\/wp-content\/uploads\/2024\/01\/5fe0e11a-87f2-4982-b70f-ad9fa42d0870-1024x768.jpg 1024w, https:\/\/www.radiopiu.net\/wordpress\/wp-content\/uploads\/2024\/01\/5fe0e11a-87f2-4982-b70f-ad9fa42d0870-768x576.jpg 768w, https:\/\/www.radiopiu.net\/wordpress\/wp-content\/uploads\/2024\/01\/5fe0e11a-87f2-4982-b70f-ad9fa42d0870.jpg 1280w\" sizes=\"auto, (max-width: 300px) 100vw, 300px\" \/><\/a>\n\t\t\t\t<\/dt><\/dl><dl class='gallery-item'>\n\t\t\t\t<dt class='gallery-icon landscape'>\n\t\t\t\t\t<a class=\"rollover rollover-zoom dt-pswp-item\" title=\"4d11f11f-1efe-43bf-b94e-80c0eacde38b\" data-dt-img-description=\"\" data-large_image_width=\"1280\" data-large_image_height=\"960\"href='https:\/\/www.radiopiu.net\/wordpress\/wp-content\/uploads\/2024\/01\/4d11f11f-1efe-43bf-b94e-80c0eacde38b.jpg'><img loading=\"lazy\" decoding=\"async\" width=\"300\" height=\"225\" src=\"https:\/\/www.radiopiu.net\/wordpress\/wp-content\/uploads\/2024\/01\/4d11f11f-1efe-43bf-b94e-80c0eacde38b-300x225.jpg\" class=\"attachment-medium size-medium\" alt=\"\" srcset=\"https:\/\/www.radiopiu.net\/wordpress\/wp-content\/uploads\/2024\/01\/4d11f11f-1efe-43bf-b94e-80c0eacde38b-300x225.jpg 300w, https:\/\/www.radiopiu.net\/wordpress\/wp-content\/uploads\/2024\/01\/4d11f11f-1efe-43bf-b94e-80c0eacde38b-1024x768.jpg 1024w, https:\/\/www.radiopiu.net\/wordpress\/wp-content\/uploads\/2024\/01\/4d11f11f-1efe-43bf-b94e-80c0eacde38b-768x576.jpg 768w, https:\/\/www.radiopiu.net\/wordpress\/wp-content\/uploads\/2024\/01\/4d11f11f-1efe-43bf-b94e-80c0eacde38b.jpg 1280w\" sizes=\"auto, (max-width: 300px) 100vw, 300px\" \/><\/a>\n\t\t\t\t<\/dt><\/dl><dl class='gallery-item'>\n\t\t\t\t<dt class='gallery-icon landscape'>\n\t\t\t\t\t<a class=\"rollover rollover-zoom dt-pswp-item\" title=\"c1eff888-baab-46b2-8993-92c335dd9e89\" data-dt-img-description=\"\" data-large_image_width=\"1048\" data-large_image_height=\"720\"href='https:\/\/www.radiopiu.net\/wordpress\/wp-content\/uploads\/2024\/01\/c1eff888-baab-46b2-8993-92c335dd9e89.jpg'><img loading=\"lazy\" decoding=\"async\" width=\"300\" height=\"206\" src=\"https:\/\/www.radiopiu.net\/wordpress\/wp-content\/uploads\/2024\/01\/c1eff888-baab-46b2-8993-92c335dd9e89-300x206.jpg\" class=\"attachment-medium size-medium\" alt=\"\" srcset=\"https:\/\/www.radiopiu.net\/wordpress\/wp-content\/uploads\/2024\/01\/c1eff888-baab-46b2-8993-92c335dd9e89-300x206.jpg 300w, https:\/\/www.radiopiu.net\/wordpress\/wp-content\/uploads\/2024\/01\/c1eff888-baab-46b2-8993-92c335dd9e89-1024x704.jpg 1024w, https:\/\/www.radiopiu.net\/wordpress\/wp-content\/uploads\/2024\/01\/c1eff888-baab-46b2-8993-92c335dd9e89-768x528.jpg 768w, https:\/\/www.radiopiu.net\/wordpress\/wp-content\/uploads\/2024\/01\/c1eff888-baab-46b2-8993-92c335dd9e89.jpg 1048w\" sizes=\"auto, (max-width: 300px) 100vw, 300px\" \/><\/a>\n\t\t\t\t<\/dt><\/dl><br style=\"clear: both\" \/>\n\t\t\t<\/div>\n\n<p>&nbsp;<\/p>\n<hr \/>\n<p>&nbsp;<\/p>\n<blockquote>\n<h3 class=\"entry-title\">ADDIO A STEFANO BERTOLDI: UNA VITA DURA, UN CUORE CORAGGIOSO<\/h3>\n<\/blockquote>\n<p><strong><a class=\"dt-pswp-item\" href=\"https:\/\/www.radiopiu.net\/wordpress\/wp-content\/uploads\/2024\/01\/Senza-nome-44.png\" data-dt-img-description=\"\" data-large_image_width=\"300\" data-large_image_height=\"238\"><img loading=\"lazy\" decoding=\"async\" class=\" wp-image-369903 alignleft\" src=\"https:\/\/www.radiopiu.net\/wordpress\/wp-content\/uploads\/2024\/01\/Senza-nome-44.png\" alt=\"\" width=\"124\" height=\"98\" \/><\/a>AGORDO<\/strong> Oggi alle 14 i funerali ad Agordo, un momento per onorare e celebrare la vita di un uomo che ha affrontato le avversit\u00e0 con dignit\u00e0 e amore.MONSIGNOR GIORGIO LISE<\/p>\n<p>&nbsp;<\/p>\n<p>&nbsp;<\/p>\n<p>&nbsp;<\/p>\n<p>&nbsp;<\/p>\n<hr \/>\n<p>&nbsp;<\/p>\n<p>&nbsp;<\/p>\n<blockquote>\n<h3><a class=\"dt-pswp-item\" href=\"https:\/\/www.radiopiu.net\/wordpress\/wp-content\/uploads\/2024\/01\/Senza-nome-46.png\" data-dt-img-description=\"\" data-large_image_width=\"278\" data-large_image_height=\"312\"><img loading=\"lazy\" decoding=\"async\" class=\" wp-image-369937 alignleft\" src=\"https:\/\/www.radiopiu.net\/wordpress\/wp-content\/uploads\/2024\/01\/Senza-nome-46-267x300.png\" alt=\"\" width=\"118\" height=\"133\" srcset=\"https:\/\/www.radiopiu.net\/wordpress\/wp-content\/uploads\/2024\/01\/Senza-nome-46-267x300.png 267w, https:\/\/www.radiopiu.net\/wordpress\/wp-content\/uploads\/2024\/01\/Senza-nome-46.png 278w\" sizes=\"auto, (max-width: 118px) 100vw, 118px\" \/><\/a>OGGI L&#8217;ADDIO AD ENRICO TABACCHI e MIRCO DORIGO<\/h3>\n<\/blockquote>\n<p><strong>PIEVE DI CADORE<\/strong> i funerali\u00a0 del 36enne di Sottocastello si terranno oggi alle 14.30 nella chiesa di Santa Maria Nascente a Pieve. La messa alle 14:30 sar\u00e0 preceduta dalla recita del rosario. La famiglia ha chiesto donazioni per Casa Tua 2, l&#8217;Ulss 1 Dolomiti, dove Enrico trascorse gli ultimi giorni di vita.<\/p>\n<p>Anche Mirco Dorigo, 55 anni, residente a Comelico, \u00e8 deceduto nell&#8217;hospice di viale Europa. I suoi funerali alle 14:30 nella chiesa di Santo Stefano di Cadore.<\/p>\n<p>&nbsp;<\/p>\n<hr \/>\n<p>&nbsp;<\/p>\n<blockquote>\n<h2>DOMANI I FUNERALI DI STEFANO, IL VOLTO NOTO DI RIF<\/h2>\n<\/blockquote>\n<p><strong><a class=\"dt-pswp-item\" href=\"https:\/\/www.radiopiu.net\/wordpress\/wp-content\/uploads\/2024\/01\/Senza-nome-54.png\" data-dt-img-description=\"\" data-large_image_width=\"261\" data-large_image_height=\"302\"><img loading=\"lazy\" decoding=\"async\" class=\"wp-image-370064 alignleft\" src=\"https:\/\/www.radiopiu.net\/wordpress\/wp-content\/uploads\/2024\/01\/Senza-nome-54-259x300.png\" alt=\"\" width=\"114\" height=\"132\" srcset=\"https:\/\/www.radiopiu.net\/wordpress\/wp-content\/uploads\/2024\/01\/Senza-nome-54-259x300.png 259w, https:\/\/www.radiopiu.net\/wordpress\/wp-content\/uploads\/2024\/01\/Senza-nome-54.png 261w\" sizes=\"auto, (max-width: 114px) 100vw, 114px\" \/><\/a>AGORDO<\/strong>\u00a0 Stefano Olivier dopo una lunga malattia \u00e8 mancato all&#8217;affetto dei suoi cari. Una lunga sofferenza tra le amorevoli cure della moglie Carla, della figlia Eva con Angelo e Fausto, del figlio Daniele con Genny, Devid, Aurora, Agata e Gioia. Stefano ha lasciato nel dolore anche la sorella Nada. Domani alle 14 i funerali in chiesa ad Agordo.<br \/>\n<a class=\"dt-pswp-item\" href=\"https:\/\/www.radiopiu.net\/wordpress\/wp-content\/uploads\/2024\/01\/STEFANP-OLIVIER-RAC.jpg\" data-dt-img-description=\"\" data-large_image_width=\"1268\" data-large_image_height=\"894\"><img loading=\"lazy\" decoding=\"async\" class=\"size-medium wp-image-370084 alignright\" src=\"https:\/\/www.radiopiu.net\/wordpress\/wp-content\/uploads\/2024\/01\/STEFANP-OLIVIER-RAC-300x212.jpg\" alt=\"\" width=\"300\" height=\"212\" srcset=\"https:\/\/www.radiopiu.net\/wordpress\/wp-content\/uploads\/2024\/01\/STEFANP-OLIVIER-RAC-300x212.jpg 300w, https:\/\/www.radiopiu.net\/wordpress\/wp-content\/uploads\/2024\/01\/STEFANP-OLIVIER-RAC-1024x722.jpg 1024w, https:\/\/www.radiopiu.net\/wordpress\/wp-content\/uploads\/2024\/01\/STEFANP-OLIVIER-RAC-768x541.jpg 768w, https:\/\/www.radiopiu.net\/wordpress\/wp-content\/uploads\/2024\/01\/STEFANP-OLIVIER-RAC.jpg 1268w\" sizes=\"auto, (max-width: 300px) 100vw, 300px\" \/><\/a>La famiglia Olivier, da Rif di Agordo ha voluto ringraziare il dottor Marcon, il personale infermieristico del reparto Medicina del Papa Luciani di Agordo. Eventuali offerte verranno devoluto all&#8217;associazione Pettirosso Agordino nel ricordo del caro Stefano.<\/p>\n<p>Stefano ha dedicato la sua vita al lavoro, originario di Castellavazzo si era trasferito ad Agordo iniziando a lavorare con l&#8217;Enel. Ad Agordo ha conosciuto Carla, la ristoratrice di Rif. Oltre all&#8217;impegno con l&#8217;Enel Stefano si \u00e8 dato da fare anche nel mondo dell&#8217;idroelettrico privato realizzando impianti importanti, non ultimo quello verso la Val Corpassa a Listolade di Taibon.<\/p>\n<p><em>Un messaggio di cordoglio dalla redazione\u00a0 alla famiglia di Stefano.\u00a0\u00a0<\/em><em><strong>\u00a0<\/strong><\/em><\/p>\n<p><em><strong>\u00a0<\/strong><\/em><\/p>\n<p><em><strong>&#8220;Sei partito anche tu Papa&#8217;, qui ci sei ovunque,in ogni stanza,in ogni angolo e sopratutto in ogni cuore di chi ti a conosciuto e amato fai buon viaggio&#8221;\u00a0<\/strong><\/em><br \/>\nEva.<\/p>\n<p><a class=\"dt-pswp-item\" href=\"https:\/\/www.radiopiu.net\/wordpress\/wp-content\/uploads\/2024\/01\/419210389_963629651844898_4201209458645149800_n.jpg\" data-dt-img-description=\"\" data-large_image_width=\"768\" data-large_image_height=\"960\"><img loading=\"lazy\" decoding=\"async\" class=\"size-medium wp-image-370080 aligncenter\" src=\"https:\/\/www.radiopiu.net\/wordpress\/wp-content\/uploads\/2024\/01\/419210389_963629651844898_4201209458645149800_n-240x300.jpg\" alt=\"\" width=\"240\" height=\"300\" srcset=\"https:\/\/www.radiopiu.net\/wordpress\/wp-content\/uploads\/2024\/01\/419210389_963629651844898_4201209458645149800_n-240x300.jpg 240w, https:\/\/www.radiopiu.net\/wordpress\/wp-content\/uploads\/2024\/01\/419210389_963629651844898_4201209458645149800_n.jpg 768w\" sizes=\"auto, (max-width: 240px) 100vw, 240px\" \/><\/a><\/p>\n<p>&nbsp;<\/p>\n<hr \/>\n<p>&nbsp;<\/p>\n<p>&nbsp;<\/p>\n<blockquote>\n<h2><a class=\"dt-pswp-item\" href=\"https:\/\/www.radiopiu.net\/wordpress\/wp-content\/uploads\/2023\/12\/polizia.png\" data-dt-img-description=\"\" data-large_image_width=\"411\" data-large_image_height=\"315\"><img loading=\"lazy\" decoding=\"async\" class=\" wp-image-366987 alignleft\" src=\"https:\/\/www.radiopiu.net\/wordpress\/wp-content\/uploads\/2023\/12\/polizia-300x230.png\" alt=\"\" width=\"172\" height=\"132\" srcset=\"https:\/\/www.radiopiu.net\/wordpress\/wp-content\/uploads\/2023\/12\/polizia-300x230.png 300w, https:\/\/www.radiopiu.net\/wordpress\/wp-content\/uploads\/2023\/12\/polizia.png 411w\" sizes=\"auto, (max-width: 172px) 100vw, 172px\" \/><\/a>DALL&#8217;HOTEL DELLE VACANZE.. AL CARCERE.<\/h2>\n<\/blockquote>\n<p>&nbsp;<\/p>\n<p><strong>CORTINA<\/strong> Un cittadino ucraino \u00e8 stato arrestato a Borca di Cadore in seguito a un alert alloggiati. La polizia ha eseguito il mandato di cattura internazionale emesso dalle autorit\u00e0 ucraine per resistenza, lesioni e rissa, reati per i quali era stato condannato a meno di tre anni di carcere. Il turista, in vacanza nelle Dolomiti, \u00e8 stato individuato attraverso il sistema di registrazione degli ospiti nelle strutture turistiche. Le autorit\u00e0 italiane hanno agito in risposta al mandato internazionale e \u00e8 ora detenuto in attesa di ulteriori procedimenti<\/p>\n<p>&nbsp;<\/p>\n<p>&nbsp;<\/p>\n<hr \/>\n<p>&nbsp;<\/p>\n<blockquote>\n<h2>VALSUGANA CHIUSA PER 45 GIORNI<\/h2>\n<\/blockquote>\n<p><a class=\"dt-pswp-item\" href=\"https:\/\/www.radiopiu.net\/wordpress\/wp-content\/uploads\/2024\/01\/SCR-20240112-lvlh.jpeg\" data-dt-img-description=\"\" data-large_image_width=\"906\" data-large_image_height=\"598\"><img loading=\"lazy\" decoding=\"async\" class=\"wp-image-369700 alignleft\" src=\"https:\/\/www.radiopiu.net\/wordpress\/wp-content\/uploads\/2024\/01\/SCR-20240112-lvlh-300x198.jpeg\" alt=\"\" width=\"155\" height=\"102\" srcset=\"https:\/\/www.radiopiu.net\/wordpress\/wp-content\/uploads\/2024\/01\/SCR-20240112-lvlh-300x198.jpeg 300w, https:\/\/www.radiopiu.net\/wordpress\/wp-content\/uploads\/2024\/01\/SCR-20240112-lvlh-768x507.jpeg 768w, https:\/\/www.radiopiu.net\/wordpress\/wp-content\/uploads\/2024\/01\/SCR-20240112-lvlh.jpeg 906w\" sizes=\"auto, (max-width: 155px) 100vw, 155px\" \/><\/a>La statale 47 della Valsugana rimarr\u00e0 chiusa per circa 45 giorni a causa di una frana. Tonnellate di pietre hanno gi\u00e0 causato la chiusura della strada, ma ci sono ulteriori rischi di crollo. L&#8217;inizio dei lavori \u00e8 prossimo, ma alcune verifiche sono necessarie, e la sicurezza impedisce l&#8217;intervento immediato sul viadotto danneggiato. La vecchia strada in Destra Brenta sar\u00e0 riservata ai residenti. Il sindaco di Valbrenta indica un allungamento dei tempi dovuto alla messa in sicurezza, con l&#8217;intervento previsto entro 45 giorni. Il traffico deviato ha gi\u00e0 causato congestioni, e si valutano restrizioni d&#8217;accesso per gestire la situazione. La riunione a Vicenza con Anas, RFI e enti locali ha delineato la strategia per affrontare l&#8217;emergenza.<\/p>\n<p>Intanto ieri \u00e8 stato superato il primo test, quello della ripresa del traffico dopo il weekend, sull&#8217;asse viario Arsi\u00e8-Feltre, dove \u00e8 stato dirottato il traffico della Valsugana tra Trento e Bassano. Anas ha annullato ieri mattina la chiusura notturna della galleria San Vito in un senso di marcia, che sarebbe dovuta scattare ieri sera fino al 29 gennaio.<\/p>\n<p>&nbsp;<\/p>\n<p>&nbsp;<\/p>\n<hr \/>\n<p>&nbsp;<\/p>\n<p>z<\/p>\n<blockquote>\n<h3>UN GIOVANE SINDACO PER ROCCA PIETORE, VALERIO DAVARE SI CANDIDA<\/h3>\n<\/blockquote>\n<p><strong><img loading=\"lazy\" decoding=\"async\" class=\"alignleft\" src=\"https:\/\/www.radiopiu.net\/wordpress\/wp-content\/uploads\/2024\/01\/VALERIO-DAVARE.png\" width=\"146\" height=\"141\" \/>ROCCA PIETORE<\/strong><\/p>\n<p><strong>DI GIANNI SANTOMASO<\/strong><\/p>\n<audio class=\"wp-audio-shortcode\" id=\"audio-369982-4\" preload=\"none\" style=\"width: 100%;\" controls=\"controls\"><source type=\"audio\/mpeg\" src=\"https:\/\/www.radiopiu.net\/wordpress\/wp-content\/uploads\/2024\/01\/VALERIO-DAVARE.mp3?_=4\" \/><a href=\"https:\/\/www.radiopiu.net\/wordpress\/wp-content\/uploads\/2024\/01\/VALERIO-DAVARE.mp3\">https:\/\/www.radiopiu.net\/wordpress\/wp-content\/uploads\/2024\/01\/VALERIO-DAVARE.mp3<\/a><\/audio>\n<p>&nbsp;<\/p>\n<p>&nbsp;<\/p>\n<hr \/>\n<p>&nbsp;<\/p>\n<h3><a class=\"dt-pswp-item\" href=\"https:\/\/www.radiopiu.net\/wordpress\/wp-content\/uploads\/2023\/03\/ufficio-postale-conto-corrente-bancoposta.jpg\" data-dt-img-description=\"\" data-large_image_width=\"640\" data-large_image_height=\"380\"><img loading=\"lazy\" decoding=\"async\" class=\"wp-image-328844 alignleft\" src=\"https:\/\/www.radiopiu.net\/wordpress\/wp-content\/uploads\/2023\/03\/ufficio-postale-conto-corrente-bancoposta-300x178.jpg\" alt=\"\" width=\"155\" height=\"92\" srcset=\"https:\/\/www.radiopiu.net\/wordpress\/wp-content\/uploads\/2023\/03\/ufficio-postale-conto-corrente-bancoposta-300x178.jpg 300w, https:\/\/www.radiopiu.net\/wordpress\/wp-content\/uploads\/2023\/03\/ufficio-postale-conto-corrente-bancoposta.jpg 640w\" sizes=\"auto, (max-width: 155px) 100vw, 155px\" \/><\/a>I SERVIZI DI POSTE ITALIANE&#8230;CRITICHE QUOTIDIANE E REFERENTI ASSENTI<\/h3>\n<p><span style=\"color: #ff0000;\">DILLO A RADIO PIU&#8217;<\/span>&#8230;. <em>devo fare una segnalazione: \u00e8 possibile che L&#8217;UFFICIO POSTALE di Agordo sia cos\u00ec oberato di lavoro da non poter rispondere alle telefonate? Non sono la sola a lamentarsi.\u00a0 A Taibon, tra l&#8217;altro, l&#8217;ufficio \u00e8 aperto ormai per solo 3 giorni alla settimana, capita di avere delle esigenze o richieste da fare anche solo telefonicamente. Ma se nessuno risponde, dov&#8217;\u00e8 il servizio clienti? Ciao e grazie.\u00a0<\/em><\/p>\n<p>&nbsp;<\/p>\n<hr \/>\n<p>&nbsp;<\/p>\n<p>&nbsp;<\/p>\n<blockquote>\n<h2><img loading=\"lazy\" decoding=\"async\" class=\"alignleft\" src=\"https:\/\/www.radiopiu.net\/wordpress\/wp-content\/uploads\/2024\/01\/Senza-nome-55.png\" width=\"182\" height=\"87\" \/>DE BERNARDIN v\/s FARENZENA: REPLICHE E VALUTAZIONI<\/h2>\n<\/blockquote>\n<p>&nbsp;<\/p>\n<p><strong>ROCCA PIETORE<\/strong><\/p>\n<p><strong>DI GIANNI SANTOMASO<\/strong><\/p>\n<audio class=\"wp-audio-shortcode\" id=\"audio-369982-5\" preload=\"none\" style=\"width: 100%;\" controls=\"controls\"><source type=\"audio\/mpeg\" src=\"https:\/\/www.radiopiu.net\/wordpress\/wp-content\/uploads\/2024\/01\/GIANNI-SERRAI.mp3?_=5\" \/><a href=\"https:\/\/www.radiopiu.net\/wordpress\/wp-content\/uploads\/2024\/01\/GIANNI-SERRAI.mp3\">https:\/\/www.radiopiu.net\/wordpress\/wp-content\/uploads\/2024\/01\/GIANNI-SERRAI.mp3<\/a><\/audio>\n<p>&nbsp;<\/p>\n<p><strong>ANDREA DE BERNARDIN A RADIO PIU&#8217;<\/strong><\/p>\n<audio class=\"wp-audio-shortcode\" id=\"audio-369982-6\" preload=\"none\" style=\"width: 100%;\" controls=\"controls\"><source type=\"audio\/mpeg\" src=\"https:\/\/www.radiopiu.net\/wordpress\/wp-content\/uploads\/2024\/01\/ANDREA-INTERVENTO.mp3?_=6\" \/><a href=\"https:\/\/www.radiopiu.net\/wordpress\/wp-content\/uploads\/2024\/01\/ANDREA-INTERVENTO.mp3\">https:\/\/www.radiopiu.net\/wordpress\/wp-content\/uploads\/2024\/01\/ANDREA-INTERVENTO.mp3<\/a><\/audio>\n<p>______<\/p>\n<p><strong>ARCHIVIO RADIOPIU<\/strong><\/p>\n<p><strong>PER LUCIA FARENZENA DEL CONSORZIO OPERATORI TURISTICI MARMOLADA MANCA UNA VISIONE SUL FUTURO DEI SERRAI\u00a0<\/strong><\/p>\n<p><strong><a class=\"dt-pswp-item\" href=\"https:\/\/www.radiopiu.net\/wordpress\/wp-content\/uploads\/2021\/06\/Cantiere-Serrai-23.06.21_1.jpeg\" data-dt-img-description=\"\" data-large_image_width=\"1024\" data-large_image_height=\"768\"><img loading=\"lazy\" decoding=\"async\" class=\" wp-image-217832 alignleft\" src=\"https:\/\/www.radiopiu.net\/wordpress\/wp-content\/uploads\/2021\/06\/Cantiere-Serrai-23.06.21_1-300x225.jpeg\" alt=\"\" width=\"171\" height=\"128\" srcset=\"https:\/\/www.radiopiu.net\/wordpress\/wp-content\/uploads\/2021\/06\/Cantiere-Serrai-23.06.21_1-300x225.jpeg 300w, https:\/\/www.radiopiu.net\/wordpress\/wp-content\/uploads\/2021\/06\/Cantiere-Serrai-23.06.21_1-768x576.jpeg 768w, https:\/\/www.radiopiu.net\/wordpress\/wp-content\/uploads\/2021\/06\/Cantiere-Serrai-23.06.21_1.jpeg 1024w\" sizes=\"auto, (max-width: 171px) 100vw, 171px\" \/><\/a>ROCCA PIETORE<\/strong><\/p>\n<p>DI GIANNI SANTOMASO<\/p>\n<audio class=\"wp-audio-shortcode\" id=\"audio-369982-7\" preload=\"none\" style=\"width: 100%;\" controls=\"controls\"><source type=\"audio\/mpeg\" src=\"https:\/\/www.radiopiu.net\/wordpress\/wp-content\/uploads\/2024\/01\/GIANNI-PER-LUCIA-FARENZENA-DEL-CONSORZIO-OPERATORI-TURISTICI-MARMOLADA-MANCA-UNA-VISIONE-SUL-FUTURO-DEI-SERRAI.mp3?_=7\" \/><a href=\"https:\/\/www.radiopiu.net\/wordpress\/wp-content\/uploads\/2024\/01\/GIANNI-PER-LUCIA-FARENZENA-DEL-CONSORZIO-OPERATORI-TURISTICI-MARMOLADA-MANCA-UNA-VISIONE-SUL-FUTURO-DEI-SERRAI.mp3\">https:\/\/www.radiopiu.net\/wordpress\/wp-content\/uploads\/2024\/01\/GIANNI-PER-LUCIA-FARENZENA-DEL-CONSORZIO-OPERATORI-TURISTICI-MARMOLADA-MANCA-UNA-VISIONE-SUL-FUTURO-DEI-SERRAI.mp3<\/a><\/audio>\n<p>&nbsp;<\/p>\n<hr \/>\n<blockquote>\n<h3><\/h3>\n<h3><a class=\"dt-pswp-item\" href=\"https:\/\/www.radiopiu.net\/wordpress\/wp-content\/uploads\/2024\/01\/Riflessioni-dacqua-Visita-De-Carlo-con-Renzo-Limana-2-scaled.jpg\" data-dt-img-description=\"\" data-large_image_width=\"2560\" data-large_image_height=\"1707\"><img loading=\"lazy\" decoding=\"async\" class=\"wp-image-370015 alignleft\" src=\"https:\/\/www.radiopiu.net\/wordpress\/wp-content\/uploads\/2024\/01\/Riflessioni-dacqua-Visita-De-Carlo-con-Renzo-Limana-2-300x200.jpg\" alt=\"\" width=\"186\" height=\"124\" srcset=\"https:\/\/www.radiopiu.net\/wordpress\/wp-content\/uploads\/2024\/01\/Riflessioni-dacqua-Visita-De-Carlo-con-Renzo-Limana-2-300x200.jpg 300w, https:\/\/www.radiopiu.net\/wordpress\/wp-content\/uploads\/2024\/01\/Riflessioni-dacqua-Visita-De-Carlo-con-Renzo-Limana-2-1024x683.jpg 1024w, https:\/\/www.radiopiu.net\/wordpress\/wp-content\/uploads\/2024\/01\/Riflessioni-dacqua-Visita-De-Carlo-con-Renzo-Limana-2-768x512.jpg 768w, https:\/\/www.radiopiu.net\/wordpress\/wp-content\/uploads\/2024\/01\/Riflessioni-dacqua-Visita-De-Carlo-con-Renzo-Limana-2-1536x1024.jpg 1536w, https:\/\/www.radiopiu.net\/wordpress\/wp-content\/uploads\/2024\/01\/Riflessioni-dacqua-Visita-De-Carlo-con-Renzo-Limana-2-2048x1365.jpg 2048w\" sizes=\"auto, (max-width: 186px) 100vw, 186px\" \/><\/a>RIFLESSIONI D&#8217;ACQUA, IMPRESSIONI DI ROCCIA: IL SENATORE LUCA DE CARLO IN VISITA<\/h3>\n<\/blockquote>\n<p><strong>BORGO VALBELLUNA<\/strong> Nel weekend precedente all&#8217;ultima settimana di apertura della mostra &#8220;Riflessioni d&#8217;acqua, Impressioni di roccia&#8221; al Palazzo delle Contesse di Mel di Borgo Valbelluna, il senatore Luca De Carlo, presidente della Commissione Turismo, Commercio Industria e Agricoltura al Senato, \u00e8 stato ospite d&#8217;onore. Accompagnato dal presidente di ArtDolomites Renzo Limana e dalla vicepresidente Debora Lotto, ha esplorato le oltre sessanta opere in mostra, focalizzandosi sulla storia dell&#8217;arte attraverso la lente della questione idrica e della tutela ambientale.<\/p>\n<p>&nbsp;<\/p>\n<p>&nbsp;<\/p>\n<hr \/>\n<p>&nbsp;<\/p>\n<blockquote>\n<h3><strong>IERI IN MUNICIPIO<\/strong> A BELLUNO<\/h3>\n<\/blockquote>\n<p><strong>L&#8217;INCONTRO<\/strong>\u00a0 tra il Sindaco Oscar De Pellegrin e il nuovo Comandante provinciale dei Vigili del Fuoco di Belluno, ing. Matteo Carretto, che succede all&#8217;ing. Antonio Del Gallo. E&#8217; stato accolto a Palazzo Rosso dal Sindaco, che gli ha formulato i suoi auguri per un proficuo lavoro. L&#8217;incontro \u00e8 stato anche occasione per confermare i rapporti di collaborazione e reciproca disponibilit\u00e0, a favore della tutela del territorio e del benessere della Comunit\u00e0 bellunese.<\/p>\n<p><a class=\"dt-pswp-item\" href=\"https:\/\/www.radiopiu.net\/wordpress\/wp-content\/uploads\/2024\/01\/2024-01-15-Foto-notizia-incontro-Comandante-Matteo-Carretto-scaled.jpg\" data-dt-img-description=\"\" data-large_image_width=\"2560\" data-large_image_height=\"2042\"><img loading=\"lazy\" decoding=\"async\" class=\"size-medium wp-image-370036 aligncenter\" src=\"https:\/\/www.radiopiu.net\/wordpress\/wp-content\/uploads\/2024\/01\/2024-01-15-Foto-notizia-incontro-Comandante-Matteo-Carretto-300x239.jpg\" alt=\"\" width=\"300\" height=\"239\" srcset=\"https:\/\/www.radiopiu.net\/wordpress\/wp-content\/uploads\/2024\/01\/2024-01-15-Foto-notizia-incontro-Comandante-Matteo-Carretto-300x239.jpg 300w, https:\/\/www.radiopiu.net\/wordpress\/wp-content\/uploads\/2024\/01\/2024-01-15-Foto-notizia-incontro-Comandante-Matteo-Carretto-1024x817.jpg 1024w, https:\/\/www.radiopiu.net\/wordpress\/wp-content\/uploads\/2024\/01\/2024-01-15-Foto-notizia-incontro-Comandante-Matteo-Carretto-768x612.jpg 768w, https:\/\/www.radiopiu.net\/wordpress\/wp-content\/uploads\/2024\/01\/2024-01-15-Foto-notizia-incontro-Comandante-Matteo-Carretto-1536x1225.jpg 1536w, https:\/\/www.radiopiu.net\/wordpress\/wp-content\/uploads\/2024\/01\/2024-01-15-Foto-notizia-incontro-Comandante-Matteo-Carretto-2048x1633.jpg 2048w\" sizes=\"auto, (max-width: 300px) 100vw, 300px\" \/><\/a><\/p>\n<p>&nbsp;<\/p>\n<hr \/>\n<p>&nbsp;<\/p>\n<p>&nbsp;<\/p>\n<blockquote>\n<h3>A FELTRE, SANITA&#8217; DI MONTAGNA SOTTO I RIFLETTORI<\/h3>\n<\/blockquote>\n<p>&nbsp;<\/p>\n<p><img loading=\"lazy\" decoding=\"async\" class=\"aligncenter\" src=\"https:\/\/www.radiopiu.net\/wordpress\/wp-content\/uploads\/2024\/01\/35666668-90f3-4d86-a528-0239e3e32a5a.jpg\" width=\"331\" height=\"248\" \/><\/p>\n<p>&nbsp;<\/p>\n<p><strong>DI DANIELE DALVIT<\/strong><\/p>\n<audio class=\"wp-audio-shortcode\" id=\"audio-369982-8\" preload=\"none\" style=\"width: 100%;\" controls=\"controls\"><source type=\"audio\/mpeg\" src=\"https:\/\/www.radiopiu.net\/wordpress\/wp-content\/uploads\/2024\/01\/Radio-Piu-Servizio-Presentazione-Convegno-sanita-montagna.mp3?_=8\" \/><a href=\"https:\/\/www.radiopiu.net\/wordpress\/wp-content\/uploads\/2024\/01\/Radio-Piu-Servizio-Presentazione-Convegno-sanita-montagna.mp3\">https:\/\/www.radiopiu.net\/wordpress\/wp-content\/uploads\/2024\/01\/Radio-Piu-Servizio-Presentazione-Convegno-sanita-montagna.mp3<\/a><\/audio>\n<p>&nbsp;<\/p>\n<hr \/>\n<p>&nbsp;<\/p>\n<blockquote>\n<h2>LA GIUDIZIARIA, OGGI SUL CORRIERE DELLE ALPI DI GIGI SOSSO<\/h2>\n<\/blockquote>\n<p><strong>BELLUNO<\/strong> In una storia di matrimonio tra giovani maghrebini in Italia, l&#8217;iniziale idillio svanisce dopo il trasferimento nel settembre 2018. Denunciato per maltrattamenti dalla moglie, il marito le impediva di imparare l&#8217;italiano, costringendola a rimanere a casa. La donna, senza amici e con suoceri indifferenti, subisce maltrattamenti fisici e psicologici.\u00a0 L&#8217;imputato, difeso da De Bona, affronter\u00e0 il giudice Montalto il 20 giugno, con la possibilit\u00e0 di presentare la sua versione.<\/p>\n<p>La 23enne moldava \u00e8 stata condannata a un anno di lavori socialmente utili per furto di occhiali e ricettazione di biancheria intima. Coinvolta in una razzia in due negozi di occhiali e uno di intimo, la giovane \u00e8 stata identificata grazie alle telecamere di sicurezza e al riconoscimento da parte di un commesso. I furti, avvenuti nel settembre 2019. Il giudice Antonella Coniglio ha fissato un&#8217;udienza di verifica per il 9 maggio prossimo, durante la quale valuter\u00e0 il periodo di volontariato.<\/p>\n<p><strong>FELTRE\u00a0<\/strong> Il proprietario di un ristorante, \u00e8 stato condannato a 4 mesi di reclusione con pena sospesa per lesioni aggravate in concorso. Il tribunale ritiene un bastone di 30 cm come arma impropria. La sentenza \u00e8 la met\u00e0 della richiesta del pm, mentre la difesa cercava l&#8217;assoluzione o il non procedere senza l&#8217;aggravante. L&#8217;uomo sostiene di aver cercato di separare i contendenti durante una colluttazione, negando di aver colpito. I fatti risalgono al 26 giugno 2021. La difesa annuncia un&#8217;appello.<\/p>\n<p><strong>PONTE NELLE ALPI<\/strong> Una rissa durante la sagra di Polpet scaturisce da un complimento non gradito. Due giovani sono imputati di lesioni aggravate. Un testimone, vittima di un&#8217;aggressione, riporta la frattura della mandibola durante la colluttazione. L&#8217;incidente ha avuto un antefatto legato a un complimento a una giovane donna. La testimonianza del fidanzato della ragazza risulta poco chiara, portando al rinvio dell&#8217;udienza all&#8217;11 luglio.<\/p>\n<p>&nbsp;<\/p>\n<hr \/>\n<p><strong><a class=\"dt-pswp-item\" href=\"https:\/\/www.radiopiu.net\/wordpress\/wp-content\/uploads\/2024\/01\/Senza-nome-34.png\" data-dt-img-description=\"\" data-large_image_width=\"239\" data-large_image_height=\"153\">\u00a0<\/a><\/strong><\/p>\n<p><strong><a class=\"dt-pswp-item\" href=\"https:\/\/www.radiopiu.net\/wordpress\/wp-content\/uploads\/2024\/01\/Senza-nome-34.png\" data-dt-img-description=\"\" data-large_image_width=\"239\" data-large_image_height=\"153\"><img loading=\"lazy\" decoding=\"async\" class=\"wp-image-369478 alignleft\" src=\"https:\/\/www.radiopiu.net\/wordpress\/wp-content\/uploads\/2024\/01\/Senza-nome-34.png\" alt=\"\" width=\"128\" height=\"82\" \/><\/a> <\/strong><\/p>\n<p><strong>\u00a0<\/strong><\/p>\n<p><strong>dal TG BELLUNESE di\u00a0 ANTENNA 3 ogni sera alle 19.30 sul canale 10 del digitale terrestre e alle 19 le anticipazioni alla radio.\u00a0<\/strong><\/p>\n<p>&nbsp;<\/p>\n<blockquote>\n<h3 class=\"_title post-title entry-title\">FORZA ITALIA A CONGRESSO CON UN\u2019AGENDA CHE GUARDA AL TERRITORIO MONTANO<\/h3>\n<\/blockquote>\n<p>Intervistati DARIO SCOPEL (COORDINATORE PROVINCIALE FORZA ITALIA BELLUNO), FLAVIO TOSI (COORDINATORE FORZA ITALIA VENETO) (Servizio di\u00a0<a href=\"https:\/\/antennatre.medianordest.it\/redazione\/Tiziana-Bolognani\/\">Tiziana Bolognani<\/a>)<\/p>\n<p>&nbsp;<\/p>\n<p><iframe loading=\"lazy\" title=\"FORZA ITALIA A CONGRESSO CON UN&#039;AGENDA CHE GUARDA AL TERRITORIO MONTANO | 13\/01\/2024\" width=\"1200\" height=\"675\" src=\"https:\/\/www.youtube.com\/embed\/Gw5b5g2zAX8?feature=oembed\" frameborder=\"0\" allow=\"accelerometer; autoplay; clipboard-write; encrypted-media; gyroscope; picture-in-picture; web-share\" allowfullscreen><\/iframe><\/p>\n<p>&nbsp;<\/p>\n<p>&nbsp;<\/p>\n<hr \/>\n<p>&nbsp;<\/p>\n<blockquote>\n<h2><a class=\"dt-pswp-item\" href=\"https:\/\/www.radiopiu.net\/wordpress\/wp-content\/uploads\/2023\/07\/ponte-veneggia_edited.jpg\" data-dt-img-description=\"\" data-large_image_width=\"1000\" data-large_image_height=\"703\"><img loading=\"lazy\" decoding=\"async\" class=\"wp-image-344750 alignleft\" src=\"https:\/\/www.radiopiu.net\/wordpress\/wp-content\/uploads\/2023\/07\/ponte-veneggia_edited-300x211.jpg\" alt=\"\" width=\"181\" height=\"127\" srcset=\"https:\/\/www.radiopiu.net\/wordpress\/wp-content\/uploads\/2023\/07\/ponte-veneggia_edited-300x211.jpg 300w, https:\/\/www.radiopiu.net\/wordpress\/wp-content\/uploads\/2023\/07\/ponte-veneggia_edited-768x540.jpg 768w, https:\/\/www.radiopiu.net\/wordpress\/wp-content\/uploads\/2023\/07\/ponte-veneggia_edited.jpg 1000w\" sizes=\"auto, (max-width: 181px) 100vw, 181px\" \/><\/a>PONTE VENEGGIA&#8230; COME VA?<\/h2>\n<\/blockquote>\n<p>I cittadini sono confusi poich\u00e9 la chiusura del ponte alla Veneggia, programmata per il 15 gennaio per lavori di consolidamento, non ha ancora avuto inizio. L&#8217;assessore Roccon assicura che il cantiere \u00e8 imminente, ma alcune verifiche e lo spostamento di cavidotti di Telecom devono essere ancora completati. Un sopralluogo con la Provincia \u00e8 previsto, mentre l&#8217;impresa \u00e8 pronta con i materiali. L&#8217;obiettivo \u00e8 avviare i lavori entro una settimana o dieci giorni. Le deviazioni del traffico sono state modificate, con volantini informativi per le attivit\u00e0 della zona. Il Comune dettaglier\u00e0 il piano quando la data di chiusura del ponte sar\u00e0 confermata.<\/p>\n<p>&nbsp;<\/p>\n<p>&nbsp;<\/p>\n<hr \/>\n<p>&nbsp;<\/p>\n<blockquote>\n<h3>UN CAFFE&#8217; CON&#8230;<\/h3>\n<\/blockquote>\n<p><strong>ALPAGO<\/strong> Inizia la serie di incontri &#8220;Un caff\u00e8 con&#8230;&#8221;, promossa dalle parrocchie dell&#8217;Alpago in collaborazione con il comitato Alpago Due Ruote &amp; Solidariet\u00e0 e l&#8217;associazione Ceno Barattin. Gli incontri, che avranno luogo alla Casa della Giovent\u00f9 di Puos d\u2019Alpago, si concentreranno sulla socializzazione, il recupero della memoria, esperienze significative di volontariato e argomenti specifici proposti da figure professionali, ricercatori e artisti locali. Il primo incontro, &#8220;Cosa impariamo dall\u2019Africa?&#8221;, \u00e8 previsto per il 17 gennaio, a cura di Paola Barattin. Gli appuntamenti si svolgeranno fino a giugno e affronteranno tematiche varie.<\/p>\n<p><strong>IL PROGRAMMA DEGLI INCONTRI<\/strong><\/p>\n<p><a class=\"dt-pswp-item\" href=\"https:\/\/www.radiopiu.net\/wordpress\/wp-content\/uploads\/2024\/01\/DEPLIANT-calendario-Un-caffe-con.-Alpago-2024.jpg\" data-dt-img-description=\"incontri Un caff\u00e8 con... Alpago 2024 - 1\" data-large_image_width=\"2000\" data-large_image_height=\"1333\"><img loading=\"lazy\" decoding=\"async\" class=\"aligncenter wp-image-369715 size-medium\" src=\"https:\/\/www.radiopiu.net\/wordpress\/wp-content\/uploads\/2024\/01\/DEPLIANT-calendario-Un-caffe-con.-Alpago-2024-300x200.jpg\" alt=\"\" width=\"300\" height=\"200\" srcset=\"https:\/\/www.radiopiu.net\/wordpress\/wp-content\/uploads\/2024\/01\/DEPLIANT-calendario-Un-caffe-con.-Alpago-2024-300x200.jpg 300w, https:\/\/www.radiopiu.net\/wordpress\/wp-content\/uploads\/2024\/01\/DEPLIANT-calendario-Un-caffe-con.-Alpago-2024-1024x682.jpg 1024w, https:\/\/www.radiopiu.net\/wordpress\/wp-content\/uploads\/2024\/01\/DEPLIANT-calendario-Un-caffe-con.-Alpago-2024-768x512.jpg 768w, https:\/\/www.radiopiu.net\/wordpress\/wp-content\/uploads\/2024\/01\/DEPLIANT-calendario-Un-caffe-con.-Alpago-2024-1536x1024.jpg 1536w, https:\/\/www.radiopiu.net\/wordpress\/wp-content\/uploads\/2024\/01\/DEPLIANT-calendario-Un-caffe-con.-Alpago-2024.jpg 2000w\" sizes=\"auto, (max-width: 300px) 100vw, 300px\" \/><\/a><\/p>\n<hr \/>\n<p>&nbsp;<\/p>\n<p>&nbsp;<\/p>\n<blockquote>\n<h1>Il Cammino Retico: Un Viaggio Alla Scoperta dell&#8217;Antico Popolo Retico<\/h1>\n<\/blockquote>\n<p><strong><a class=\"dt-pswp-item\" href=\"https:\/\/www.radiopiu.net\/wordpress\/wp-content\/uploads\/2024\/01\/416056346_356346973669538_5425621088152675004_n.jpg\" data-dt-img-description=\"\" data-large_image_width=\"500\" data-large_image_height=\"500\"><img loading=\"lazy\" decoding=\"async\" class=\" wp-image-369943 alignleft\" src=\"https:\/\/www.radiopiu.net\/wordpress\/wp-content\/uploads\/2024\/01\/416056346_356346973669538_5425621088152675004_n-300x300.jpg\" alt=\"\" width=\"159\" height=\"159\" srcset=\"https:\/\/www.radiopiu.net\/wordpress\/wp-content\/uploads\/2024\/01\/416056346_356346973669538_5425621088152675004_n-300x300.jpg 300w, https:\/\/www.radiopiu.net\/wordpress\/wp-content\/uploads\/2024\/01\/416056346_356346973669538_5425621088152675004_n-150x150.jpg 150w, https:\/\/www.radiopiu.net\/wordpress\/wp-content\/uploads\/2024\/01\/416056346_356346973669538_5425621088152675004_n.jpg 500w\" sizes=\"auto, (max-width: 159px) 100vw, 159px\" \/><\/a>FELTRE <\/strong>L&#8217;associazione no-profit &#8220;Carpe Diem&#8221; di Feltre, guidata dalla presidente Loreta De Bortoli, annuncia con entusiasmo il progetto &#8220;Cammino Retico&#8221;, un itinerario di sette giorni attraverso suggestivi paesaggi seguendo le tracce dell&#8217;antico popolo Retico. Il percorso, di circa 170 km, attraversa altipiani, valli, e borghi montani, toccando luoghi storici come il santuario di San Vittore e Corona, il fiordo Feltrino del lago del Corlo e la citt\u00e0 murata di Feltre. Ogni partecipante pu\u00f2 personalizzare il proprio itinerario, con tappe adatte al proprio ritmo e fisicit\u00e0.<\/p>\n<p>Strutture convenzionate e la possibilit\u00e0 di campeggiare sono offerte lungo il percorso. Ogni partecipante ricever\u00e0 una guida ufficiale, credenziale e tracciato GPX. La registrazione \u00e8 obbligatoria per ottenere il diploma di percorrenza. Per coloro che giungono il giorno prima, sono disponibili donativi con posti letto limitati. L&#8217;associazione invita a registrarsi anticipatamente per garantire una migliore organizzazione.<\/p>\n<p>&nbsp;<\/p>\n<p>&nbsp;<\/p>\n<hr \/>\n<p>&nbsp;<\/p>\n<blockquote>\n<h2 align=\"CENTER\"><b>Premiazioni progetto <\/b><i><b>Dona e vinci!<\/b><\/i><\/h2>\n<\/blockquote>\n<p align=\"JUSTIFY\"><strong>FELTRE<\/strong> Vengono consegnati in questi giorni i premi vinti dai donatori di sangue che hanno aderito all\u2019iniziativa \u201cDONA E VINCI\u201d, promossa dal Gruppo Giovani dell\u2019Associazione Feltrina Donatori Volontari di Sangue. Il progetto ha consentito ai donatori di ricevere un biglietto virtuale per ogni donazione effettuata tra giugno 2023 e la fine dell\u2019anno e di partecipare quindi al sorteggio finale. 18 i fortunati vincitori. Sono state Feltre, Lentiai e Primiero le Sezioni dell\u2019Associazione che hanno visto il maggior numero di biglietti vincenti, rispettivamente 4, 3 e 3. \u201cL\u2019iniziativa \u00e8 stata un successo\u201d, dichiarano gli organizzatori, \u201cdal momento che sono stati ben 937 i biglietti emessi.<\/p>\n<p>&nbsp;<\/p>\n<p>&nbsp;<\/p>\n<hr \/>\n<p>&nbsp;<\/p>\n<p>&nbsp;<\/p>\n<blockquote>\n<h3>OMICIDIO DI EMMA CANTON. CON ROBERTO DE NART &#8220;NEL LUOGO DEL DELITTO&#8221;.<\/h3>\n<\/blockquote>\n<div>\n<div class=\"\" dir=\"auto\">\n<div id=\":r1kh:\" class=\"x1iorvi4 x1pi30zi x1l90r2v x1swvt13\" data-ad-comet-preview=\"message\" data-ad-preview=\"message\">\n<div class=\"x78zum5 xdt5ytf xz62fqu x16ldp7u\">\n<div class=\"xu06os2 x1ok221b\">\n<div class=\"x11i5rnm xat24cr x1mh8g0r x1vvkbs xtlvy1s x126k92a\">\n<div dir=\"auto\"><img loading=\"lazy\" decoding=\"async\" class=\"x1ey2m1c xds687c x5yr21d x10l6tqk x17qophe x13vifvy xh8yej3 xl1xv1r alignleft\" src=\"https:\/\/scontent-mxp2-1.xx.fbcdn.net\/v\/t39.30808-6\/413892218_6782657368527745_6697488528668670959_n.jpg?_nc_cat=100&amp;ccb=1-7&amp;_nc_sid=3635dc&amp;_nc_ohc=YdurxIxAUzAAX-Lxaye&amp;_nc_ht=scontent-mxp2-1.xx&amp;oh=00_AfBOqONEXBQoXqndAs4oRii7BSuMJfhR0hrXWKC_tU82kg&amp;oe=65A8C00F\" alt=\"Potrebbe essere un'immagine raffigurante il seguente testo &quot;Omicidio CIC di Emma Canton Atti processuali -Archivio di Stato di Venezia 1933 Roberto De Nart&quot;\" width=\"143\" height=\"213\" \/><strong>TRICHIANA<\/strong> Si terr\u00e0 venerd\u00ec 19 GENNAIO\u00a0 \u00a0alle 18:30 in Biblioteca\u00a0 a\u00a0 Trichiana presentazione dell\u2019ultimo libro di Roberto De Nart dal titolo \u201cOmicidio di Emma Canton\u201d. Condurr\u00e0 la serata l\u2019avvocato Anna Polifroni del Foro di Belluno e la dottoressa Fiorella Bristot. Il libro del giornalista bellunese narra i fatti realmente accaduti 90 anni fa nella frazione di S. Antonio Tortal di Trichiana (Borgo Valbelluna), ricostruiti sulla base degli atti processuali dell\u2019Archivio di Stato di Venezia. Quello di Emma Canton \u00e8 un caso di femminicidio crudele che presenta molte analogie con il caso attuale di Giulia Cecchettin, uccisa dal suo ex fidanzato Filippo Turetta. Entrambe le giovani coppie hanno la medesima et\u00e0, 22 anni.<\/div>\n<\/div>\n<div dir=\"auto\"><\/div>\n<div dir=\"auto\">\n<p><strong><a class=\"dt-pswp-item\" href=\"https:\/\/www.radiopiu.net\/wordpress\/wp-content\/uploads\/2024\/01\/file.jpg\" data-dt-img-description=\"\" data-large_image_width=\"640\" data-large_image_height=\"640\"><img loading=\"lazy\" decoding=\"async\" class=\"wp-image-369934 alignleft\" src=\"https:\/\/www.radiopiu.net\/wordpress\/wp-content\/uploads\/2024\/01\/file-300x300.jpg\" alt=\"\" width=\"102\" height=\"102\" srcset=\"https:\/\/www.radiopiu.net\/wordpress\/wp-content\/uploads\/2024\/01\/file-300x300.jpg 300w, https:\/\/www.radiopiu.net\/wordpress\/wp-content\/uploads\/2024\/01\/file-150x150.jpg 150w, https:\/\/www.radiopiu.net\/wordpress\/wp-content\/uploads\/2024\/01\/file.jpg 640w\" sizes=\"auto, (max-width: 102px) 100vw, 102px\" \/><\/a>L&#8217;AUTORE, ROBERTO DE NART<\/strong><\/p>\n<\/div>\n<\/div>\n<\/div>\n<\/div>\n<\/div>\n<div id=\":r1ki:\" class=\"x1n2onr6\">\n<div class=\"x1n2onr6\">\n<div class=\"x6s0dn4 x1jx94hy x78zum5 xdt5ytf x6ikm8r x10wlt62 x1n2onr6 xh8yej3\">\n<div class=\"xqtp20y x6ikm8r x10wlt62 x1n2onr6\">\n<div class=\"x10l6tqk x13vifvy\">\n<audio class=\"wp-audio-shortcode\" id=\"audio-369982-9\" preload=\"none\" style=\"width: 100%;\" controls=\"controls\"><source type=\"audio\/mpeg\" src=\"https:\/\/www.radiopiu.net\/wordpress\/wp-content\/uploads\/2023\/11\/ROBERTO-DE-NART.mp3?_=9\" \/><a href=\"https:\/\/www.radiopiu.net\/wordpress\/wp-content\/uploads\/2023\/11\/ROBERTO-DE-NART.mp3\">https:\/\/www.radiopiu.net\/wordpress\/wp-content\/uploads\/2023\/11\/ROBERTO-DE-NART.mp3<\/a><\/audio>\n<\/div>\n<\/div>\n<\/div>\n<div class=\"xua58t2 xzg4506 x1ey2m1c xds687c x47corl x10l6tqk x17qophe x13vifvy\"><\/div>\n<\/div>\n<\/div>\n<\/div>\n<p>&nbsp;<\/p>\n<p>&nbsp;<\/p>\n<p>&nbsp;<\/p>\n<hr \/>\n<blockquote>\n<h3><\/h3>\n<h3>ARIA D&#8217;INVERN, IL CONCORSO FOTOGRAFICO<\/h3>\n<\/blockquote>\n<p><strong><img loading=\"lazy\" decoding=\"async\" class=\"alignleft\" src=\"https:\/\/www.radiopiu.net\/wordpress\/wp-content\/uploads\/2024\/01\/Senza-nome-41.png\" width=\"375\" height=\"201\" \/>CENCENIGHE<\/strong> La Pro Loco di Cencenighe ha organizzato un concorso fotografico dal titolo &#8220;Aria D&#8217;Invern&#8221;. Chi volesse partecipare pu\u00f2 inviare gli scatti fino al 31 marzo alla mail ariadinvern@gmail.com seguiranno le premiazioni e, nel mese di luglio, l&#8217;esposizione delle foto al Nof Fil\u00f2. Regolamento completo sul sito www.prolococencenighe.it<\/p>\n<p>&nbsp;<\/p>\n<p><strong>L&#8217;INTERVISTA ALLA RADIO CON ORIETTA SCARDANZAN, ELISA CANCEL, FRANCESCA TRENTIN\u00a0<\/strong><\/p>\n<audio class=\"wp-audio-shortcode\" id=\"audio-369982-10\" preload=\"none\" style=\"width: 100%;\" controls=\"controls\"><source type=\"audio\/mpeg\" src=\"https:\/\/www.radiopiu.net\/wordpress\/wp-content\/uploads\/2024\/01\/porolco-cence-aria-dinverno.mp3?_=10\" \/><a href=\"https:\/\/www.radiopiu.net\/wordpress\/wp-content\/uploads\/2024\/01\/porolco-cence-aria-dinverno.mp3\">https:\/\/www.radiopiu.net\/wordpress\/wp-content\/uploads\/2024\/01\/porolco-cence-aria-dinverno.mp3<\/a><\/audio>\n<p>&nbsp;<\/p>\n<hr \/>\n<p>&nbsp;<\/p>\n<blockquote>\n<h3>LEGNO: L&#8217;ORO DELLE NOSTRE PREALPI<\/h3>\n<\/blockquote>\n<blockquote>\n<h3><a class=\"dt-pswp-item\" href=\"https:\/\/www.radiopiu.net\/wordpress\/wp-content\/uploads\/2024\/01\/49f8be50-d1a7-4d76-a599-99d205437d5c.jpg\" data-dt-img-description=\"\" data-large_image_width=\"1415\" data-large_image_height=\"2000\"><img loading=\"lazy\" decoding=\"async\" class=\"wp-image-369629 alignleft\" src=\"https:\/\/www.radiopiu.net\/wordpress\/wp-content\/uploads\/2024\/01\/49f8be50-d1a7-4d76-a599-99d205437d5c-212x300.jpg\" alt=\"\" width=\"92\" height=\"131\" srcset=\"https:\/\/www.radiopiu.net\/wordpress\/wp-content\/uploads\/2024\/01\/49f8be50-d1a7-4d76-a599-99d205437d5c-212x300.jpg 212w, https:\/\/www.radiopiu.net\/wordpress\/wp-content\/uploads\/2024\/01\/49f8be50-d1a7-4d76-a599-99d205437d5c-724x1024.jpg 724w, https:\/\/www.radiopiu.net\/wordpress\/wp-content\/uploads\/2024\/01\/49f8be50-d1a7-4d76-a599-99d205437d5c-768x1086.jpg 768w, https:\/\/www.radiopiu.net\/wordpress\/wp-content\/uploads\/2024\/01\/49f8be50-d1a7-4d76-a599-99d205437d5c-1087x1536.jpg 1087w, https:\/\/www.radiopiu.net\/wordpress\/wp-content\/uploads\/2024\/01\/49f8be50-d1a7-4d76-a599-99d205437d5c.jpg 1415w\" sizes=\"auto, (max-width: 92px) 100vw, 92px\" \/><\/a>LEGNO: L&#8217;ORO DELLE NOSTRE PREALPI<\/h3>\n<\/blockquote>\n<p><strong>BELLUNO <\/strong>L&#8217;evento &#8220;Riscopri il legno come risorsa per un&#8217;economia sostenibile&#8221; si terr\u00e0 gioved\u00ec 18 gennaio alle 19:30 al Ristorante Pian Longhi a Belluno. I relatori dell&#8217;evento sono Gimmy Dal Farra, Presidente dell&#8217;Associazione Belluno Alpina, e l&#8217;Europarlamentare della Lega, Onorevole Paolo Borchia del Gruppo Identit\u00e0 e Democrazia. L&#8217;incontro affronter\u00e0 tematiche legate all&#8217;utilizzo del legno come risorsa per un&#8217;economia sostenibile, evidenziando l&#8217;importanza di preservare gli ecosistemi, la salute e la cultura locali, e promuovendo la convivialit\u00e0.<\/p>\n<p>&nbsp;<\/p>\n<p>&nbsp;<\/p>\n<hr \/>\n<p>&nbsp;<\/p>\n<blockquote>\n<h2>LE PISTE&#8230; SULLA PORTA DI CASA<\/h2>\n<\/blockquote>\n<div>\n<div class=\"x1cy8zhl x78zum5 x1q0g3np xod5an3 x1pi30zi x1swvt13 xz9dl7a\">\n<div class=\"x1iyjqo2\">\n<div class=\"x78zum5 xdt5ytf xz62fqu x16ldp7u\">\n<div class=\"xu06os2 x1ok221b\">\n<h2 id=\":R1al9aqqd9emhpapd5aq:\" class=\"x1heor9g x1qlqyl8 x1pd3egz x1a2a7pz x1gslohp x1yc453h\"><span class=\"x193iq5w xeuugli x13faqbe x1vvkbs x1xmvt09 x6prxxf xvq8zen xo1l8bm xi81zsa\"><strong><a class=\"dt-pswp-item\" href=\"https:\/\/www.radiopiu.net\/wordpress\/wp-content\/uploads\/2021\/11\/FORCELLA-AURINE.jpg\" data-dt-img-description=\"\" data-large_image_width=\"960\" data-large_image_height=\"720\"><img loading=\"lazy\" decoding=\"async\" class=\" wp-image-241538 alignleft\" src=\"https:\/\/www.radiopiu.net\/wordpress\/wp-content\/uploads\/2021\/11\/FORCELLA-AURINE-300x225.jpg\" alt=\"\" width=\"191\" height=\"143\" srcset=\"https:\/\/www.radiopiu.net\/wordpress\/wp-content\/uploads\/2021\/11\/FORCELLA-AURINE-300x225.jpg 300w, https:\/\/www.radiopiu.net\/wordpress\/wp-content\/uploads\/2021\/11\/FORCELLA-AURINE-768x576.jpg 768w, https:\/\/www.radiopiu.net\/wordpress\/wp-content\/uploads\/2021\/11\/FORCELLA-AURINE.jpg 960w\" sizes=\"auto, (max-width: 191px) 100vw, 191px\" \/><\/a>Aurine SKI Dolomiti -Progetto Desma <\/strong><\/span><strong><a class=\"x1i10hfl xjbqb8w x6umtig x1b1mbwd xaqea5y xav7gou x9f619 x1ypdohk xt0psk2 xe8uvvx xdj266r x11i5rnm xat24cr x1mh8g0r xexx8yu x4uap5 x18d9i69 xkhd6sd x16tdsg8 x1hl2dhg xggy1nq x1a2a7pz xt0b8zv xzsf02u x1s688f\" tabindex=\"0\" role=\"link\" href=\"https:\/\/www.facebook.com\/aurineskidolomiti?__cft__[0]=AZXSmHr83SUuJT0u4kVMSvLZyFo58012vDZQz2S9NoUpe9MsUBxfpeLpjB-1OoVs-G6CFBOMyk-HwUGAJFyotDcmMB8tqVOt4ppZp7H1Nhm_9AbxGcAKPdaj0NRByIDsgxLcHrLDuU1XYg3AAgvwT-9s&amp;__tn__=-]C%2CP-R\"><span class=\"xt0psk2\">&#8211;<\/span><\/a><\/strong>.<\/h2>\n<\/div>\n<div class=\"xu06os2 x1ok221b\">NUOVE APERTURE E NUOVI ORARI: &#8211; LUNEDI : Chiuso &#8211; MARTEDI : Chiuso &#8211; MERCOLEDI : 13:00-16:30 \/ 19:30-22:00 &#8211; GIOVEDI : 13:00-16:30 &#8211; VENERDI : 13:00-16:30 &#8211; SABATO : 9:00 &#8211; 16.30 &#8211; DOMENICA : 9:00 &#8211; 16.30 AD OGGI LA SITUAZIONE PISTE: &#8211; CAMPO SCUOLA <span class=\"x3nfvp2 x1j61x8r x1fcty0u xdj266r xhhsvwb xat24cr xgzva0m xxymvpz xlup9mm x1kky2od\"><img loading=\"lazy\" decoding=\"async\" class=\"xz74otr\" src=\"https:\/\/static.xx.fbcdn.net\/images\/emoji.php\/v9\/t55\/1.5\/16\/1f7e2.png\" alt=\"&#x1f7e2;\" width=\"16\" height=\"16\" \/><\/span><\/div>\n<\/div>\n<\/div>\n<\/div>\n<\/div>\n<div>\n<div class=\"\" dir=\"auto\">\n<div id=\":R1al9aqqd9emhpapd5aqH2:\" class=\"x1iorvi4 x1pi30zi x1l90r2v x1swvt13\" data-ad-comet-preview=\"message\" data-ad-preview=\"message\">\n<div class=\"x78zum5 xdt5ytf xz62fqu x16ldp7u\">\n<div class=\"xu06os2 x1ok221b\">\n<div class=\"x11i5rnm xat24cr x1mh8g0r x1vvkbs xtlvy1s x126k92a\">\n<div dir=\"auto\">&#8211; GARDELINA <span class=\"x3nfvp2 x1j61x8r x1fcty0u xdj266r xhhsvwb xat24cr xgzva0m xxymvpz xlup9mm x1kky2od\"><img loading=\"lazy\" decoding=\"async\" class=\"xz74otr\" src=\"https:\/\/static.xx.fbcdn.net\/images\/emoji.php\/v9\/t55\/1.5\/16\/1f7e2.png\" alt=\"&#x1f7e2;\" width=\"16\" height=\"16\" \/> <\/span>&#8211; BEPI <span class=\"x3nfvp2 x1j61x8r x1fcty0u xdj266r xhhsvwb xat24cr xgzva0m xxymvpz xlup9mm x1kky2od\"><img loading=\"lazy\" decoding=\"async\" class=\"xz74otr\" src=\"https:\/\/static.xx.fbcdn.net\/images\/emoji.php\/v9\/t55\/1.5\/16\/1f7e2.png\" alt=\"&#x1f7e2;\" width=\"16\" height=\"16\" \/> <\/span>&#8211; GEMINI <span class=\"x3nfvp2 x1j61x8r x1fcty0u xdj266r xhhsvwb xat24cr xgzva0m xxymvpz xlup9mm x1kky2od\"><img loading=\"lazy\" decoding=\"async\" class=\"xz74otr\" src=\"https:\/\/static.xx.fbcdn.net\/images\/emoji.php\/v9\/tc7\/1.5\/16\/1f534.png\" alt=\"&#x1f534;\" width=\"16\" height=\"16\" \/> <\/span>Se le temperature ce lo permetteranno in pochi giorni sar\u00e0 completata anche la parte alta con l&#8217;apertura della sciovia Gardelon. RISTOBAR GHEGY<\/div>\n<\/div>\n<div class=\"x11i5rnm xat24cr x1mh8g0r x1vvkbs xtlvy1s x126k92a\">\n<div dir=\"auto\">&#8211; Dal Mercoled\u00ec al Venerd\u00ec aperto dall&#8217;ora di pranzo. &#8211; Mercoled\u00ec sera anche a cena con i panini GOURMET. &#8211; Sabato e Domenica 8:30 &#8211; 18.30.<\/div>\n<\/div>\n<\/div>\n<\/div>\n<\/div>\n<\/div>\n<\/div>\n<p>&nbsp;<\/p>\n<p>&nbsp;<\/p>\n<hr \/>\n<p>&nbsp;<\/p>\n<blockquote>\n<h3><a class=\"dt-pswp-item\" href=\"https:\/\/www.radiopiu.net\/wordpress\/wp-content\/uploads\/2024\/01\/SCR-20240109-pzvy.png\" data-dt-img-description=\"\" data-large_image_width=\"750\" data-large_image_height=\"318\"><img loading=\"lazy\" decoding=\"async\" class=\" wp-image-369322 alignleft\" src=\"https:\/\/www.radiopiu.net\/wordpress\/wp-content\/uploads\/2024\/01\/SCR-20240109-pzvy-300x127.png\" alt=\"\" width=\"222\" height=\"94\" srcset=\"https:\/\/www.radiopiu.net\/wordpress\/wp-content\/uploads\/2024\/01\/SCR-20240109-pzvy-300x127.png 300w, https:\/\/www.radiopiu.net\/wordpress\/wp-content\/uploads\/2024\/01\/SCR-20240109-pzvy.png 750w\" sizes=\"auto, (max-width: 222px) 100vw, 222px\" \/><\/a>OPEN DAY ALLA SCUOLA DELL&#8217;INFANZIA DI AGORDO<\/h3>\n<\/blockquote>\n<p><strong>AGORDO<\/strong> E&#8217; in programma per mercoled\u00ec 24 gennaio l&#8217;open day della Scuola dell&#8217;infanzia di Agordo dedicato ai genitori. Nell&#8217;occasione si potr\u00e0 vistare la struttura ed effettuare le isrizioni per il prossimo anno scolastico. La scuola sar\u00e0 visitabile dalle 16 alle 17. Inoltre, per coloro che sono impossibilitati a visitare la scuola, il 31 gennaio dalle 9 alle 16 sar\u00e0 possibile fare l&#8217;iscrizione.<\/p>\n<p>&nbsp;<\/p>\n<p>&nbsp;<\/p>\n<hr \/>\n<p>&nbsp;<\/p>\n<blockquote>\n<h3>SCUOLA DI SCI ALPINISMO CON IL CAI<\/h3>\n<\/blockquote>\n<p><strong>AGORDO<\/strong> La Scuola di Alpinismo e Scialpinismo della Sezione Agordina del CAI organizza un Corso Base di Scialpinismo SA1, dedicato a coloro che vogliono acquisire le nozioni teoriche e pratiche per praticare lo scialpinismo in autonomia e sicurezza. La presentazione del corso si terr\u00e0 venerd\u00ec alle 20.30 presso la Sede sociale di Piazzale Marconi ad Agordo. Il corso \u00e8 aperto a un massimo di 10 partecipanti.<\/p>\n<p>&nbsp;<\/p>\n<hr \/>\n<p>&nbsp;<\/p>\n<p>&nbsp;<\/p>\n<blockquote>\n<h3>COME NUOVO BIMBI, IL NUOVO NEGOZIO DI GIADA SCHENA<\/h3>\n<\/blockquote>\n<p><strong>REDAZIONE<\/strong> Ha aperto i battenti un nuovo negozio ad Agordo. In contrada dei signori Giada Schena ha aperto le porte di &#8220;Come Nuovo Bimbi&#8221; a Radio Pi\u00f9.<\/p>\n<div style=\"width: 848px;\" class=\"wp-video\"><video class=\"wp-video-shortcode\" id=\"video-369982-1\" width=\"848\" height=\"480\" preload=\"metadata\" controls=\"controls\"><source type=\"video\/mp4\" src=\"https:\/\/www.radiopiu.net\/wordpress\/wp-content\/uploads\/2024\/01\/WhatsApp-Video-2024-01-13-at-12.28.12.mp4?_=1\" \/><a href=\"https:\/\/www.radiopiu.net\/wordpress\/wp-content\/uploads\/2024\/01\/WhatsApp-Video-2024-01-13-at-12.28.12.mp4\">https:\/\/www.radiopiu.net\/wordpress\/wp-content\/uploads\/2024\/01\/WhatsApp-Video-2024-01-13-at-12.28.12.mp4<\/a><\/video><\/div>\n<p>&nbsp;<\/p>\n<p>&nbsp;<\/p>\n<p>&nbsp;<\/p>\n<hr \/>\n<p>&nbsp;<\/p>\n<h2><span style=\"color: #ff6600;\">IERI ALLA RADIO\u00a0<\/span><\/h2>\n<h2><span style=\"color: #ff0000;\">OGGI COME IERI di e con SILVIA BALDO<\/span><\/h2>\n<p><img decoding=\"async\" class=\"aligncenter\" src=\"https:\/\/www.radiopiu.net\/wordpress\/wp-content\/uploads\/2023\/09\/309000774_10222572118595513_7956305457803922499_n.jpg\" \/><\/p>\n<p><strong>PUNTATA 15 15 GENNAIO 2024<\/strong><\/p>\n<audio class=\"wp-audio-shortcode\" id=\"audio-369982-11\" preload=\"none\" style=\"width: 100%;\" controls=\"controls\"><source type=\"audio\/mpeg\" src=\"https:\/\/www.radiopiu.net\/wordpress\/wp-content\/uploads\/2024\/01\/SIBI-1.mp3?_=11\" \/><a href=\"https:\/\/www.radiopiu.net\/wordpress\/wp-content\/uploads\/2024\/01\/SIBI-1.mp3\">https:\/\/www.radiopiu.net\/wordpress\/wp-content\/uploads\/2024\/01\/SIBI-1.mp3<\/a><\/audio>\n<p><strong>\u00a0\u00a0<\/strong><\/p>\n<p><strong>LA RACCOLTA COMPLETA <a href=\"https:\/\/www.radiopiu.net\/wordpress\/alle-nove-oggi-come-ieri-di-e-con-silvia-baldo\/\">CLICCA QUI<\/a><\/strong><\/p>\n<p>&nbsp;<\/p>\n<h2><span style=\"color: #808000;\">PERITI MINERARI DALL\u2019AGORDINO AL MONDO<\/span><\/h2>\n<blockquote>\n<h3><strong>REDAZIONE<\/strong> Continua la serie di racconti con i periti minerari agordini. Nelle prossime due puntate la storia di Mario Palla. I racconti dei periti minerari agordini che hanno lavorato nel mondo, ogni luned\u00ec alle 10:30 e alle 19 su Radio Pi\u00f9.<\/h3>\n<p>Mario Palla \u00e8 deceduto in Per\u00f9 qualche settimana fa. In suo ricordo.<\/p><\/blockquote>\n<p><iframe loading=\"lazy\" title=\"MARIO PALLA\" width=\"1200\" height=\"675\" src=\"https:\/\/www.youtube.com\/embed\/XGefNcjfWnA?feature=oembed\" frameborder=\"0\" allow=\"accelerometer; autoplay; clipboard-write; encrypted-media; gyroscope; picture-in-picture; web-share\" allowfullscreen><\/iframe><\/p>\n<p>&nbsp;<\/p>\n<p><strong>LA RACCOLTA COMPLETA <a href=\"https:\/\/www.radiopiu.net\/wordpress\/periti-minerari-dallagordino-al-mondo\/\">CLICCA QUI<\/a><\/strong><\/p>\n<p>&nbsp;<\/p>\n<h2><span style=\"color: #008080;\">SALUTE E SOCIETA&#8217;<\/span><\/h2>\n<p><a class=\"dt-pswp-item\" href=\"https:\/\/www.radiopiu.net\/wordpress\/wp-content\/uploads\/2024\/01\/sc.jpeg\" data-dt-img-description=\"Group of young confident professional doctors standing together isolated on white\" data-large_image_width=\"800\" data-large_image_height=\"445\"><img loading=\"lazy\" decoding=\"async\" class=\"wp-image-370001 alignleft\" src=\"https:\/\/www.radiopiu.net\/wordpress\/wp-content\/uploads\/2024\/01\/sc-300x167.jpeg\" alt=\"\" width=\"190\" height=\"106\" srcset=\"https:\/\/www.radiopiu.net\/wordpress\/wp-content\/uploads\/2024\/01\/sc-300x167.jpeg 300w, https:\/\/www.radiopiu.net\/wordpress\/wp-content\/uploads\/2024\/01\/sc-768x427.jpeg 768w, https:\/\/www.radiopiu.net\/wordpress\/wp-content\/uploads\/2024\/01\/sc.jpeg 800w\" sizes=\"auto, (max-width: 190px) 100vw, 190px\" \/><\/a><strong>PUNTATA DEL 15 GENNAIO 2023<\/strong><\/p>\n<p><strong>Principi attivi <\/strong>Principi attivi, terzo evento del ciclo promosso da Boehringer Ingelheim Italia esplora le prospettive della sanit\u00e0 italiana a 45 anni dall\u2019istituzione del SSN. <strong>Sclerodermia <\/strong>La sclerodermia \u00e8 una malattia cronica autoimmune caratterizzata da un ispessimento della pelle combinata a un malfunzionamento del microcircolo periferico.<\/p>\n<audio class=\"wp-audio-shortcode\" id=\"audio-369982-12\" preload=\"none\" style=\"width: 100%;\" controls=\"controls\"><source type=\"audio\/mpeg\" src=\"https:\/\/www.radiopiu.net\/wordpress\/wp-content\/uploads\/2024\/01\/cs_240115.mp3?_=12\" \/><a href=\"https:\/\/www.radiopiu.net\/wordpress\/wp-content\/uploads\/2024\/01\/cs_240115.mp3\">https:\/\/www.radiopiu.net\/wordpress\/wp-content\/uploads\/2024\/01\/cs_240115.mp3<\/a><\/audio>\n<p>&nbsp;<\/p>\n<h2><span style=\"color: #800080;\">I RACCONTI DI PAOLO SOPPELSA<\/span><\/h2>\n<p><strong>LADRO DI SILENZI<\/strong><\/p>\n<p><strong>AUDIO<\/strong><\/p>\n<audio class=\"wp-audio-shortcode\" id=\"audio-369982-13\" preload=\"none\" style=\"width: 100%;\" controls=\"controls\"><source type=\"audio\/mpeg\" src=\"https:\/\/www.radiopiu.net\/wordpress\/wp-content\/uploads\/2024\/01\/PAOLOS-1.mp3?_=13\" \/><a href=\"https:\/\/www.radiopiu.net\/wordpress\/wp-content\/uploads\/2024\/01\/PAOLOS-1.mp3\">https:\/\/www.radiopiu.net\/wordpress\/wp-content\/uploads\/2024\/01\/PAOLOS-1.mp3<\/a><\/audio>\n<p>&nbsp;<\/p>\n<p><a class=\"dt-pswp-item\" href=\"https:\/\/www.radiopiu.net\/wordpress\/wp-content\/uploads\/2024\/01\/917a0a76-8c5f-4db0-924c-d4fedf754970.jpg\" data-dt-img-description=\"\" data-large_image_width=\"1080\" data-large_image_height=\"810\"><img loading=\"lazy\" decoding=\"async\" class=\" wp-image-369875 alignleft\" src=\"https:\/\/www.radiopiu.net\/wordpress\/wp-content\/uploads\/2024\/01\/917a0a76-8c5f-4db0-924c-d4fedf754970-300x225.jpg\" alt=\"\" width=\"167\" height=\"125\" srcset=\"https:\/\/www.radiopiu.net\/wordpress\/wp-content\/uploads\/2024\/01\/917a0a76-8c5f-4db0-924c-d4fedf754970-300x225.jpg 300w, https:\/\/www.radiopiu.net\/wordpress\/wp-content\/uploads\/2024\/01\/917a0a76-8c5f-4db0-924c-d4fedf754970-1024x768.jpg 1024w, https:\/\/www.radiopiu.net\/wordpress\/wp-content\/uploads\/2024\/01\/917a0a76-8c5f-4db0-924c-d4fedf754970-768x576.jpg 768w, https:\/\/www.radiopiu.net\/wordpress\/wp-content\/uploads\/2024\/01\/917a0a76-8c5f-4db0-924c-d4fedf754970.jpg 1080w\" sizes=\"auto, (max-width: 167px) 100vw, 167px\" \/><\/a>Una tranquilla sera di met\u00e0 gennaio, il riscaldamento della casa di fronte al Pelsa da controllare e, soprattutto, il desiderio di fare una scappata infrasettimanale s\u00f9 al paese. Un&#8217;oretta appena, giusto il tempo di controllare i termostati, premere qualche display touch screen e rubare un po\u2019 di quei freddi silenzi delle notti d&#8217;inverno. La 203 Agordina al tempo del dopocena \u00e8 pressoch\u00e9 deserta, rare sono le vetture che solcano l&#8217;asfalto della Strada Madre che in qualche punto \u00e8 ricoperto di brina. Superata la galleria dei Castei ecco la prima neve a bordo strada e l\u2019abbassarsi repentino della temperatura; alle Miniere l&#8217;inverno \u00e8 sempre potente e i fari illuminano gli alberi incrostati di neve, proprio come accadeva al tempo in cui gli antichi e allora cadenti edifici mi affascinavano e mi intimorivano nello stesso momento. Agordo e Taibon, poi all&#8217;orizzonte ecco la grande stella cometa delle Anime ad indicare il mio approdo. Le luci delle frazioni alte di Cencenighe si confondono con le stelle che stasera brillano con vigore nel cielo limpido, qualche luminaria ritardataria ricorda il Natale appena passato e i camini fumano decisi. Fa freddo stasera, una donna esce in terrazzo per sbattere la tovaglia e poi rientra in fretta in casa mentre entro nel paese che sta vivendo una tranquilla sera di met\u00e0 settimana. L&#8217;auto sale leggera lungo la provinciale di San Tomaso, solo i miei fari a bucare questa notte agordina; pochi minuti dopo parcheggio all&#8217;interno del grande curvone, scendo dalla macchina e respiro quel freddo cos\u00ec simile a quello che, tanti anni fa, mi arrossava la pelle del viso e mi ghiacciava le dita. Tutto tace al cospetto delle montagne vestite di neve. Come un ladro di silenzi entro in punta di piedi nel gelido tacere della notte per non disturbare le stelle, evitando di fare rumore per non svegliare gennaio. C&#8217;\u00e8 la luna calante alta sopra il Pelsa, e lo scricchiolare delle due dita di neve sotto le scarpe \u00e8 l&#8217;unica voce che si pu\u00f2 udire in questa notte d&#8217;inverno. Una quiete antica e poche finestre illuminate, le impronte dei cervi sulla neve gelata e i ricordi di quando si respirava il freddo tagliente delle sere d&#8217;inverno. Mi fermo per qualche minuto l\u00ec dove inizia la scalinata che conduce a casa e mi guardo intorno. Di fronte a me, appena pi\u00f9 in basso, le nuove luci di Ghisel che appaiono come una nuova costellazione che brilla sul ripido costone della grande montagna. Ancora qualche minuto a scrutare il cielo, come accadeva allora mentre ci si preparava a fare ritorno in citt\u00e0, e poi un rapido giro all&#8217;interno della casa rinnovata. Accendo le luci, sfioro le pietre di quei muri tirati s\u00f9 con fatica quasi ottant&#8217;anni fa. Quelle pietre, ora liberate dagli opprimenti intonaci che le imprigionavano, raccontano gli anni duri del dopoguerra, narrano andate e ritorni dalla Svizzera, ricordano la brina che le ricopriva in certe notti di quei lontani inverni. Ascolto il loro silente narrare, controllo tutto ci\u00f2 che di moderno ora \u00e8 presente in casa e poi mi preparo a fare ancora una volta rotta verso sud. Ora la vettura scende con cautela lungo la provinciale ghiacciata mentre, aldil\u00e0 della valle, le luci di Colaz e del Bricol appaiono come enigmatiche e solitarie sentinelle che sorvegliano la notte. A Cencenighe mi ha saluta il vento che scende dalla Val del Biois mentre la campana batte la mezza di un&#8217;ora notturna; il tempo di un saluto e poi via come accaduto tante volte in questa vita. Solo i miei fari a bucare la notte lungo la Strada Madre mentre la luna stanca passeggia fra le cime e le stelle.<\/p>\n<p>&nbsp;<\/p>\n<hr \/>\n<p>&nbsp;<\/p>\n<p><a class=\"dt-pswp-item\" href=\"https:\/\/www.radiopiu.net\/wordpress\/wp-content\/uploads\/2020\/04\/ASCA.png\" data-dt-img-description=\"\" data-large_image_width=\"1211\" data-large_image_height=\"668\"><img loading=\"lazy\" decoding=\"async\" class=\"wp-image-128881 alignleft\" src=\"https:\/\/www.radiopiu.net\/wordpress\/wp-content\/uploads\/2020\/04\/ASCA-300x165.png\" alt=\"\" width=\"173\" height=\"95\" srcset=\"https:\/\/www.radiopiu.net\/wordpress\/wp-content\/uploads\/2020\/04\/ASCA-300x165.png 300w, https:\/\/www.radiopiu.net\/wordpress\/wp-content\/uploads\/2020\/04\/ASCA-1024x565.png 1024w, https:\/\/www.radiopiu.net\/wordpress\/wp-content\/uploads\/2020\/04\/ASCA-768x424.png 768w, https:\/\/www.radiopiu.net\/wordpress\/wp-content\/uploads\/2020\/04\/ASCA.png 1211w\" sizes=\"auto, (max-width: 173px) 100vw, 173px\" \/><\/a><strong>AVVISO DI SELEZIONE!<\/strong><br \/>\n<strong>AGORDO<\/strong> ASCA, azienda speciale consortile agordina cerca a tempo indeterminato e con orario pieno una figura\u00a0 professionale denominata REFERENTE DEGLI OPERATORI SOCIO SANITARI.\u00a0 ACCESSO WELFARE AZIENDALE, POSSIBILIT\u00e0 DI SISTEMAZIONE ABITATIVA gratuita per 8 mesi.\u00a0\u00a0 LE DOMANDE DI PARTECIPAZIONE ALLA SELEZIONE VANNO PRESENTATE ENTRO LE 12 DEL 19 gennaio<br \/>\nInformazioni sul sito <a class=\"moz-txt-link-abbreviated\" href=\"http:\/\/www.servizisocialiasca.it\">www.servizisocialiasca.it<\/a>\u00a0 sezione bandi;\u00a0 oppure ALL&#8217;UFFICIO PERSONALE ASCA: <a class=\"moz-txt-link-abbreviated\" href=\"mailto:personale@servizisocialiasca.it\">personale@servizisocialiasca.it<\/a>\u00a0 telefono 0437 63750<\/p>\n<p>&nbsp;<\/p>\n<p><strong>\u201cAppia Servizi Srl, presso la propria sede di Agordo, \u00e8 alla ricerca di una nuova figura con esperienza per il reparto contabile da inserire nel proprio organico a tempo indeterminato e tempo pieno.Se interessati potete contattare il numero 0437-954411 o inviare la vostra candidatura all\u2019indirizzo <a href=\"mailto:info@appiacna.it\">info@appiacna.it<\/a>.\u201d<\/strong><\/p>\n<p>&nbsp;<\/p>\n<blockquote><p><strong><a class=\"dt-pswp-item\" href=\"https:\/\/www.radiopiu.net\/wordpress\/wp-content\/uploads\/2024\/01\/322_1.jpg\" data-dt-img-description=\"\" data-large_image_width=\"800\" data-large_image_height=\"532\"><img loading=\"lazy\" decoding=\"async\" class=\"wp-image-368729 alignleft\" src=\"https:\/\/www.radiopiu.net\/wordpress\/wp-content\/uploads\/2024\/01\/322_1-300x200.jpg\" alt=\"\" width=\"228\" height=\"152\" srcset=\"https:\/\/www.radiopiu.net\/wordpress\/wp-content\/uploads\/2024\/01\/322_1-300x200.jpg 300w, https:\/\/www.radiopiu.net\/wordpress\/wp-content\/uploads\/2024\/01\/322_1-768x511.jpg 768w, https:\/\/www.radiopiu.net\/wordpress\/wp-content\/uploads\/2024\/01\/322_1.jpg 800w\" sizes=\"auto, (max-width: 228px) 100vw, 228px\" \/><\/a>SAN MARTINO IN BADIA <\/strong>La Residenza socio-assistenziale per anziani di San Martino in Val Badia cerca da subito collaboratori qualificati a tempo determinato e\/o indeterminato da inserire nell\u2019organico. I profili richiesti sono: Infermieri professionali e operatori socio-sanitari. Si offre flessibilit\u00e0 oraria su lavoro a turni, part-time 19, 24 o 29 ore settimanali o a tempo pieno 38 ore. Si offre vitto e alloggio in struttura, possibilit\u00e0 di formazione\/aggiornamento professionale, corsi di lingua e altri benefit. Viene offerto contratto di lavoro collettivo intercompartimentale per dipendenti pubblici ed eventuale retribuzione di indennit\u00e0 linguistica di trilinguismo. Per la candidatura \u00e9 necessario possedere la padronanza della lingua italiana o tedesca, la capacit\u00e0 di lavorare in team e competenze sociali oltre alla qualifica professionale richiesta. Per interesse prego contattare direttamente la struttura al numero: 0474\/524700 o scrivendo una mail a: info@ciasadepalsa.it.<\/p><\/blockquote>\n<p>&nbsp;<\/p>\n<p>&nbsp;<\/p>\n<hr \/>\n<p>&nbsp;<\/p>\n<h2><span style=\"color: #ff0000;\">GLI APPUNTAMENTI DELLA SETTIMANA\u00a0 \u00a0<\/span><\/h2>\n<blockquote>\n<h3>LA SAGRA DE SANT&#8217;ANTONE A CENCENIGHE<\/h3>\n<\/blockquote>\n<p><strong>CENCENIGHE<\/strong> L&#8217;amministrazione comunale e la Pro Loco di Cencenighe organizzano la festa per la Sagra di Sant&#8217;Antone. Domani la santa messa alle 18. Domenica 21 il pranzo con i nonni: alle 10 la santa messa e alle 12 il pranzo al Nof Fil\u00f2 con ospiti d&#8217;onore i nonni.<\/p>\n<p>&nbsp;<\/p>\n<blockquote>\n<h3>CAR AL ME BELUN: IL RECITAL<\/h3>\n<\/blockquote>\n<p><strong>SOSPIROLO<\/strong> Torna la \u201cGiornata Nazionale del Dialetto e delle Lingue Locali\u201d che si celebra il 17 gennaio. In questo ambito, la Pro Loco Monti del Sole di Sospirolo, propone il recital \u201cCaro al me Belun\u201d della compagnia Teatro Tre di Belluno &#8211; domenica 21 gennaio alle ore 17.00 &#8211; al Centro civico di Sospirolo. L\u2019evento, ad ingresso libero, gode del patrocinio del Comune di Sospirolo.<\/p>\n<p>&nbsp;<\/p>\n<hr \/>\n<p>&nbsp;<\/p>\n<p><a class=\"dt-pswp-item\" href=\"https:\/\/www.radiopiu.net\/wordpress\/wp-content\/uploads\/2018\/09\/viabilita.jpeg\" data-dt-img-description=\"\" data-large_image_width=\"800\" data-large_image_height=\"100\"><img loading=\"lazy\" decoding=\"async\" class=\"aligncenter wp-image-61954 size-full\" src=\"https:\/\/www.radiopiu.net\/wordpress\/wp-content\/uploads\/2018\/09\/viabilita.jpeg\" alt=\"\" width=\"800\" height=\"100\" srcset=\"https:\/\/www.radiopiu.net\/wordpress\/wp-content\/uploads\/2018\/09\/viabilita.jpeg 800w, https:\/\/www.radiopiu.net\/wordpress\/wp-content\/uploads\/2018\/09\/viabilita-300x38.jpeg 300w, https:\/\/www.radiopiu.net\/wordpress\/wp-content\/uploads\/2018\/09\/viabilita-768x96.jpeg 768w\" sizes=\"auto, (max-width: 800px) 100vw, 800px\" \/><\/a><\/p>\n<p>&nbsp;<\/p>\n<p><a class=\"dt-pswp-item\" href=\"https:\/\/www.radiopiu.net\/wordpress\/wp-content\/uploads\/2023\/12\/botol-car-service.jpg\" data-dt-img-description=\"\" data-large_image_width=\"600\" data-large_image_height=\"600\"><img loading=\"lazy\" decoding=\"async\" class=\"size-medium wp-image-367044 aligncenter\" src=\"https:\/\/www.radiopiu.net\/wordpress\/wp-content\/uploads\/2023\/12\/botol-car-service-300x300.jpg\" alt=\"\" width=\"300\" height=\"300\" srcset=\"https:\/\/www.radiopiu.net\/wordpress\/wp-content\/uploads\/2023\/12\/botol-car-service-300x300.jpg 300w, https:\/\/www.radiopiu.net\/wordpress\/wp-content\/uploads\/2023\/12\/botol-car-service-150x150.jpg 150w, https:\/\/www.radiopiu.net\/wordpress\/wp-content\/uploads\/2023\/12\/botol-car-service.jpg 600w\" sizes=\"auto, (max-width: 300px) 100vw, 300px\" \/><\/a><\/p>\n<p>&nbsp;<\/p>\n<blockquote>\n<h1><span style=\"color: #ff0000;\"><a class=\"dt-pswp-item\" href=\"https:\/\/www.radiopiu.net\/wordpress\/wp-content\/uploads\/2020\/05\/VENETO-STRADE.png\" data-dt-img-description=\"\" data-large_image_width=\"400\" data-large_image_height=\"400\"><img loading=\"lazy\" decoding=\"async\" class=\"wp-image-135574 alignleft\" src=\"https:\/\/www.radiopiu.net\/wordpress\/wp-content\/uploads\/2020\/05\/VENETO-STRADE-300x300.png\" alt=\"\" width=\"102\" height=\"102\" srcset=\"https:\/\/www.radiopiu.net\/wordpress\/wp-content\/uploads\/2020\/05\/VENETO-STRADE-300x300.png 300w, https:\/\/www.radiopiu.net\/wordpress\/wp-content\/uploads\/2020\/05\/VENETO-STRADE-150x150.png 150w, https:\/\/www.radiopiu.net\/wordpress\/wp-content\/uploads\/2020\/05\/VENETO-STRADE.png 400w\" sizes=\"auto, (max-width: 102px) 100vw, 102px\" \/><\/a>AGGIORNAMENTO QUOTIDIANO, IN\u00a0 COLLABORAZIONE CON VENETO STRADE<\/span><\/h1>\n<p>&nbsp;<\/p><\/blockquote>\n<blockquote><p>Si raccomanda di percorrere i passi al di sopra dei 1200 m slm con catene montate; le catene devono essere montate fuori dalla sede stradale, per non intralciare il traffico e le operazioni di sgombero neve dal piano viabile. Si raccomanda di prestare la massima attenzione nella guida per la possibile presenza di tratti resi scivolosi causati da neve fortemente bagnata<\/p>\n<p>\u00c8 chiuso per periodo invernale il seguente tratto stradale: &#8211; S.P. 33 \u201cdi Sauris\u201d dal km 0+000 (innesto S.P. 619) al km 6+800 (confine Provincia di Udine).<\/p><\/blockquote>\n<p><strong>SOSPIROLO\u00a0<\/strong> Lungo la provinciale 2 tra Pian Falcina e Gena Bassa in Comune di Sospirolo\u00a0 <span style=\"color: #ff0000;\">fino al 15 febbraio,<\/span> sabato e domeniche compresi, senso unico alternato regolato da semaforo o movieri, interruzioni alla viabilit\u00e0 fino a 10 minuti per tratti di 200 metri.<\/p>\n<p>&nbsp;<\/p>\n<hr \/>\n<p>&nbsp;<\/p>\n<p><a class=\"dt-pswp-item\" href=\"https:\/\/www.radiopiu.net\/wordpress\/wp-content\/uploads\/2018\/09\/WhatsApp-Image-2018-09-20-at-16.04.06.jpeg\" data-dt-img-description=\"\" data-large_image_width=\"800\" data-large_image_height=\"100\"><img loading=\"lazy\" decoding=\"async\" class=\"wp-image-61378 size-full aligncenter\" src=\"https:\/\/www.radiopiu.net\/wordpress\/wp-content\/uploads\/2018\/09\/WhatsApp-Image-2018-09-20-at-16.04.06.jpeg\" alt=\"\" width=\"800\" height=\"100\" srcset=\"https:\/\/www.radiopiu.net\/wordpress\/wp-content\/uploads\/2018\/09\/WhatsApp-Image-2018-09-20-at-16.04.06.jpeg 800w, https:\/\/www.radiopiu.net\/wordpress\/wp-content\/uploads\/2018\/09\/WhatsApp-Image-2018-09-20-at-16.04.06-300x38.jpeg 300w, https:\/\/www.radiopiu.net\/wordpress\/wp-content\/uploads\/2018\/09\/WhatsApp-Image-2018-09-20-at-16.04.06-768x96.jpeg 768w\" sizes=\"auto, (max-width: 800px) 100vw, 800px\" \/><\/a><\/p>\n<p><center><\/center><b>\u00a0 \u00a0<\/b><\/p>\n<p><strong>OGGI<\/strong> Tempo stabile con cielo sereno o al pi\u00f9 poco nuvoloso per il transito di qualche velatura con aria tersa e ottima visibilit\u00e0. Dalla serata generale aumento della nuvolosit\u00e0 alta e sottile. Nelle notte e fino al primo mattino possibile formazione di nebbie o nubi basse in alcuni fondovalle prealpini, un po &#8216;pi\u00f9 probabili rispetto ai giorni precedenti.<br \/>\n<strong>Precipitazioni.<\/strong>\u00a0Assenti (0%).<br \/>\n<strong>Temperature.<\/strong> In generale calo specie in quota e su Dolomiti.<\/p>\n<p><b>DOMANI <\/b>Aumento della nuvolosit\u00e0 fino a molto nuvoloso o coperto con qualche residua schiarita su Dolomiti fino al primo mattino.<br \/>\n<strong>Precipitazioni.<\/strong>\u00a0Dal mattino prime deboli precipitazioni sparse (40-60%) sulle zone prealpine occidentali in estensione nel corso del pomeriggio\/sera a Dolomiti (70-90%) quando saranno a tratti moderate su Prealpi, deboli su Dolomiti. Limite neve inizialmente a fondovalle poi in graduale rialzo anche marcato sulle Prealpi esposte alla pianura.<br \/>\n<strong>Temperature.<\/strong> Temperature in aumento specie le minime in alta montagna, salvo risultare in leggero calo le massime nelle valli.<\/p>\n<p><strong>GIOVEDI<\/strong> Cielo da nuvoloso a molto nuvoloso con deboli fenomeni sparsi tra la notte e fino al primo mattino. In seguito esaurimento dei fenomeni con cielo irregolarmente nuvoloso. Verso sera possibile nuovo aumento della nuvolosit\u00e0 con qualche sporadico fenomeno. Limite neve in rialzo su Prealpi esposte alla pianura fino a 1500-1900 m, a 1000-1400 su Dolomiti. Temperature in aumento, specie le minime nelle valli.<\/p>\n<p><strong>VENERDI<\/strong>\u00a0Tra notte e primo mattino irregolarmente nuvoloso con qualche debole fenomeno sparso dapprima su Dolomiti in veloce trasferimento a Prealpi. A seguire schiarite via via pi\u00f9 ampie a partire da Dolomiti in estensione a Prealpi fino a poco nuvoloso nel pomeriggio\/sera. Temperature in calo anche marcato in quota.<\/p>\n<p><center><\/center>&nbsp;<\/p>\n<p><center><\/center><center><\/center><a class=\"dt-pswp-item\" href=\"https:\/\/www.radiopiu.net\/wordpress\/wp-content\/uploads\/2024\/01\/Senza-nome-48.png\" data-dt-img-description=\"\" data-large_image_width=\"460\" data-large_image_height=\"633\"><img loading=\"lazy\" decoding=\"async\" class=\"aligncenter wp-image-369946 size-full\" src=\"https:\/\/www.radiopiu.net\/wordpress\/wp-content\/uploads\/2024\/01\/Senza-nome-48.png\" alt=\"\" width=\"460\" height=\"633\" srcset=\"https:\/\/www.radiopiu.net\/wordpress\/wp-content\/uploads\/2024\/01\/Senza-nome-48.png 460w, https:\/\/www.radiopiu.net\/wordpress\/wp-content\/uploads\/2024\/01\/Senza-nome-48-218x300.png 218w\" sizes=\"auto, (max-width: 460px) 100vw, 460px\" \/><\/a><\/p>\n<p>&nbsp;<\/p>\n<hr \/>\n<p>&nbsp;<\/p>\n<p><img loading=\"lazy\" decoding=\"async\" class=\"wp-image-60761 size-full aligncenter\" src=\"https:\/\/www.radiopiu.net\/wordpress\/wp-content\/uploads\/2018\/09\/sport.jpg\" alt=\"\" width=\"800\" height=\"100\" srcset=\"https:\/\/www.radiopiu.net\/wordpress\/wp-content\/uploads\/2018\/09\/sport.jpg 800w, https:\/\/www.radiopiu.net\/wordpress\/wp-content\/uploads\/2018\/09\/sport-300x38.jpg 300w, https:\/\/www.radiopiu.net\/wordpress\/wp-content\/uploads\/2018\/09\/sport-768x96.jpg 768w\" sizes=\"auto, (max-width: 800px) 100vw, 800px\" \/><\/p>\n<p>&nbsp;<\/p>\n<p><span style=\"color: #0000ff;\"><strong>HOCKEY SU GHIACCIO<\/strong><\/span><\/p>\n<blockquote>\n<h3>ALLEGHE AD APPIANO PER IL RITORNO DEI QUARTI DI COPPA ITALIA<\/h3>\n<\/blockquote>\n<p><strong><a class=\"dt-pswp-item\" href=\"https:\/\/www.radiopiu.net\/wordpress\/wp-content\/uploads\/2023\/11\/alleghe-logo-2023.jpg\" data-dt-img-description=\"\" data-large_image_width=\"1024\" data-large_image_height=\"576\"><img loading=\"lazy\" decoding=\"async\" class=\" wp-image-359944 alignleft\" src=\"https:\/\/www.radiopiu.net\/wordpress\/wp-content\/uploads\/2023\/11\/alleghe-logo-2023-300x169.jpg\" alt=\"\" width=\"202\" height=\"114\" srcset=\"https:\/\/www.radiopiu.net\/wordpress\/wp-content\/uploads\/2023\/11\/alleghe-logo-2023-300x169.jpg 300w, https:\/\/www.radiopiu.net\/wordpress\/wp-content\/uploads\/2023\/11\/alleghe-logo-2023-768x432.jpg 768w, https:\/\/www.radiopiu.net\/wordpress\/wp-content\/uploads\/2023\/11\/alleghe-logo-2023.jpg 1024w\" sizes=\"auto, (max-width: 202px) 100vw, 202px\" \/><\/a>di Roberto Miana, portavoce dell&#8217;Alleghe Hockey<\/strong><\/p>\n<p>Ritorno quarti di finale Coppa Italia 2023\/2024. Marted\u00ec 16 gennaio alle 19:30 l\u2019Alleghe gioca ad Appiano. Le Civette affrontano la trasferta di Appiano contro i Pirati dopo la pesante sconfitta 0-5 subita nella gara di andata al \u201cDe Toni\u201d di Alleghe. Per i Biancorossi la partita sar\u00e0 decisiva e senza appello, servir\u00e0 solo vincere per andare a giocarsi la Final Four di Coppa Italia all\u2019Acinque Ice Arena di Varese, in programma il 20 e 21 gennaio. Il regolamento di questi quarti di finale prevede che non venga conteggiata la differenza reti tra le gare di andata e ritorno. L\u2019Alleghe, dopo la sconfitta dell\u2019andata, per pareggiare i conti dovr\u00e0 vincere con qualunque risultato nei 60 minuti regolamentari. A questo punto si giocherebbe un overtime di venti minuti in 5 vs 5 con la qualificazione che andrebbe alla prima squadra che segna. Nel caso il risultato non cambiasse la qualificazione sarebbe decisa ai tiri di rigore.<\/p>\n<p><strong>HC EPPAN APPIANO &#8211; ALLEGHE HOCKEY <\/strong>Marted\u00ec 16 gennaio ore 19:30 &#8211; Palaghiaccio di Appiano (BZ). Arbitri: Federico Stefenelli e Thomas Egger con giudici di linea Jacopo Pace e Alexander Wiest. Collegamenti in\u00a0DIRETTA RADIOFONICA\u00a0su Radio Pi\u00f9 (www.radiopiu.net) con \u201cHockey al punto giusto\u201d, in studio Marco Gaz e da Appiano interventi di Federico Paganin<\/p>\n<p>&nbsp;<\/p>\n<p><span style=\"color: #0000ff;\"><strong>CALCIO A 5<\/strong><\/span><\/p>\n<blockquote>\n<h3>GIESSE PER LO SPORT\u2026CON LA CANOTTIERI BELLUNO CALCIO A 5<\/h3>\n<\/blockquote>\n<div class=\"x11i5rnm xat24cr x1mh8g0r x1vvkbs xtlvy1s x126k92a\">\n<h4 class=\"photoswipe-wrapper\" dir=\"auto\"><a class=\"dt-pswp-item pspw-wrap-ready\" href=\"https:\/\/www.radiopiu.net\/wordpress\/wp-content\/uploads\/2023\/10\/Senza-nome-57.png\" data-dt-img-description=\"\" data-large_image_width=\"317\" data-large_image_height=\"322\"><img loading=\"lazy\" decoding=\"async\" class=\"size-medium wp-image-358116 aligncenter\" src=\"https:\/\/www.radiopiu.net\/wordpress\/wp-content\/uploads\/2023\/10\/Senza-nome-57-295x300.png\" sizes=\"auto, (max-width: 295px) 100vw, 295px\" srcset=\"https:\/\/www.radiopiu.net\/wordpress\/wp-content\/uploads\/2023\/10\/Senza-nome-57-295x300.png 295w, https:\/\/www.radiopiu.net\/wordpress\/wp-content\/uploads\/2023\/10\/Senza-nome-57.png 317w\" alt=\"\" width=\"295\" height=\"300\" \/><\/a><\/h4>\n<h4 dir=\"auto\"><\/h4>\n<h4 dir=\"auto\">GIESSE PER LO SPORT\u201d \u2026 con la Canottieri Belluno, calcio a 5. Tutto sul campionato di serie A2, girone A. Il programma alla RADIO che da ascolto ai talenti del calcio a 5 bellunese. IN COLLABORAZIONE CON GIESSE RISARCIMENTO DANNI A BELLUNO<\/h4>\n<\/div>\n<div class=\"x11i5rnm xat24cr x1mh8g0r x1vvkbs xtlvy1s x126k92a\">\n<h4 dir=\"auto\"><a class=\"x1i10hfl xjbqb8w x6umtig x1b1mbwd xaqea5y xav7gou x9f619 x1ypdohk xt0psk2 xe8uvvx xdj266r x11i5rnm xat24cr x1mh8g0r xexx8yu x4uap5 x18d9i69 xkhd6sd x16tdsg8 x1hl2dhg xggy1nq x1a2a7pz xt0b8zv x1qq9wsj xo1l8bm\" tabindex=\"0\" role=\"link\" href=\"https:\/\/www.facebook.com\/groups\/radiopiu\/?__cft__[0]=AZVtB3sskZBwGsu89zeRk9eNMGUFohz53TdYmXZyePAKPt8cBeKCqA03znGJk9wPaqHDXQ5yMBG_hrsUX03xH8fdmlMazTirW3KRFEY3Kr2cyBd_5Es2MvKnqyd6ZcahL6_M_zOo19o5N5tV8NHsHcfP&amp;__tn__=-UK-R\"><span class=\"xt0psk2\">RADIO PIU\u2019 EMITTENTE AGORDINA (Taibon_32027)<\/span><\/a>: IL LUNEDI ALLE 16.30, IL MARTEDI ALLE 13.05 RADIO CLUB 103 IL LUNEDI ALLE 16.20 E MARTEDI ALLE 13.40 <a class=\"x1i10hfl xjbqb8w x6umtig x1b1mbwd xaqea5y xav7gou x9f619 x1ypdohk xt0psk2 xe8uvvx xdj266r x11i5rnm xat24cr x1mh8g0r xexx8yu x4uap5 x18d9i69 xkhd6sd x16tdsg8 x1hl2dhg xggy1nq x1a2a7pz xt0b8zv x1qq9wsj xo1l8bm\" tabindex=\"0\" role=\"link\" href=\"https:\/\/www.facebook.com\/groups\/61488111720\/user\/100063652837062\/?__cft__[0]=AZVtB3sskZBwGsu89zeRk9eNMGUFohz53TdYmXZyePAKPt8cBeKCqA03znGJk9wPaqHDXQ5yMBG_hrsUX03xH8fdmlMazTirW3KRFEY3Kr2cyBd_5Es2MvKnqyd6ZcahL6_M_zOo19o5N5tV8NHsHcfP&amp;__tn__=-]K-R\"><span class=\"xt0psk2\">Radio Primiero<\/span><\/a>\u00a0IL LUNEDI ALLE 10.30 E MARTEDI ALLE 12.30<\/h4>\n<p>&nbsp;<\/p>\n<p><strong><a class=\"dt-pswp-item\" href=\"https:\/\/www.radiopiu.net\/wordpress\/wp-content\/uploads\/2023\/12\/419741573_862742315857598_7362588217122799209_n.jpg\" data-dt-img-description=\"\" data-large_image_width=\"1229\" data-large_image_height=\"738\"><img loading=\"lazy\" decoding=\"async\" class=\" wp-image-369897 alignleft\" src=\"https:\/\/www.radiopiu.net\/wordpress\/wp-content\/uploads\/2023\/12\/419741573_862742315857598_7362588217122799209_n-300x180.jpg\" alt=\"\" width=\"175\" height=\"105\" srcset=\"https:\/\/www.radiopiu.net\/wordpress\/wp-content\/uploads\/2023\/12\/419741573_862742315857598_7362588217122799209_n-300x180.jpg 300w, https:\/\/www.radiopiu.net\/wordpress\/wp-content\/uploads\/2023\/12\/419741573_862742315857598_7362588217122799209_n-1024x615.jpg 1024w, https:\/\/www.radiopiu.net\/wordpress\/wp-content\/uploads\/2023\/12\/419741573_862742315857598_7362588217122799209_n-768x461.jpg 768w, https:\/\/www.radiopiu.net\/wordpress\/wp-content\/uploads\/2023\/12\/419741573_862742315857598_7362588217122799209_n.jpg 1229w\" sizes=\"auto, (max-width: 175px) 100vw, 175px\" \/><\/a>PUNTATA 13 &#8211; 15 GENNAIO 2024<\/strong><\/p>\n<p><span style=\"color: #0000ff;\"><strong>DODICESIMA GIORNATA SERIE A2 GIRONE A<\/strong><\/span><\/p>\n<p><strong>CITT\u00c0 DI SESTU \u2013 CANOTTIERI BELLUNO 2-2<\/strong><\/p>\n<p>Reti: PT 2.56 Dall&#8217;\u00d2; ST 7.59 Murroni, 14.02 Girardi, 15.19 Bortolini<\/p>\n<p>&nbsp;<\/p>\n<p><span style=\"color: #0000ff;\"><strong>KARATE<\/strong><\/span><\/p>\n<p>&nbsp;<\/p>\n<blockquote>\n<h3>\u00a0KARATE ORO E TITOLO ASSOLUTO REGIONALE PER L&#8217;AGORDINA CHIARA MASOCH<\/h3>\n<\/blockquote>\n<p><strong><a class=\"dt-pswp-item\" href=\"https:\/\/www.radiopiu.net\/wordpress\/wp-content\/uploads\/2024\/01\/20240114_104751-scaled.jpg\" data-dt-img-description=\"\" data-large_image_width=\"2422\" data-large_image_height=\"2560\"><img loading=\"lazy\" decoding=\"async\" class=\" wp-image-370042 alignleft\" src=\"https:\/\/www.radiopiu.net\/wordpress\/wp-content\/uploads\/2024\/01\/20240114_104751-284x300.jpg\" alt=\"\" width=\"210\" height=\"222\" srcset=\"https:\/\/www.radiopiu.net\/wordpress\/wp-content\/uploads\/2024\/01\/20240114_104751-284x300.jpg 284w, https:\/\/www.radiopiu.net\/wordpress\/wp-content\/uploads\/2024\/01\/20240114_104751-969x1024.jpg 969w, https:\/\/www.radiopiu.net\/wordpress\/wp-content\/uploads\/2024\/01\/20240114_104751-768x812.jpg 768w, https:\/\/www.radiopiu.net\/wordpress\/wp-content\/uploads\/2024\/01\/20240114_104751-1453x1536.jpg 1453w, https:\/\/www.radiopiu.net\/wordpress\/wp-content\/uploads\/2024\/01\/20240114_104751-1938x2048.jpg 1938w\" sizes=\"auto, (max-width: 210px) 100vw, 210px\" \/><\/a>REDAZIONE<\/strong>\u00a0 Uno splendido inizio anno\u00a0 per\u00a0 Mariachiara Masoch. Domenica si \u00e8 confrontata, da Juniores, con le pi\u00f9 forti atlete venete Seniores nelle qualificazioni regionali per i campionati Assoluti 2024 di combattimento. La competizione, svoltasi a Ros\u00e0 (VI), l\u2019ha vista muoversi con determinazione e precisione, nonostante un problema muscolare, in una serie di confronti impegnativi e serrati. Un significativo salto di qualit\u00e0, che era nell\u2019aria da tempo, con incontri dominati dall\u2019inizio alla fine che le sono valsi oro, titolo nella categoria al limite dei 50kg e qualificazione alle finali di Ostia (RM) dal 2 al 4 febbraio.<\/p>\n<p>Un ritardo di preparazione, dovuto a problemi fisici, ha impedito alla compagna di squadra Martina Fuso di staccare il biglietto per Ostia. Un onorevole quinto posto per lei, comunque, ai piedi del podio. Prossima competizione questo fine settimana in Croazia, a Samobor, in un molto impegnativo Torneo Open nella classe Junior e Under 21. Sar\u00e0 accompagnata dalla pontalpina Nataly Reveane. Soddisfazione nel Karate Team Dolomiti 1970 diretto dal M\u00b0 Vittorio Moreno,<\/p>\n<p><strong>FOTO DA SINISTRA<\/strong>: Sara Brossa, Mariachiara Masoch e Virginia Angiolini.<\/p>\n<p><strong><a class=\"dt-pswp-item\" href=\"https:\/\/www.radiopiu.net\/wordpress\/wp-content\/uploads\/2024\/01\/Senza-nome-51.png\" data-dt-img-description=\"\" data-large_image_width=\"258\" data-large_image_height=\"215\"><img loading=\"lazy\" decoding=\"async\" class=\" wp-image-370046 alignleft\" src=\"https:\/\/www.radiopiu.net\/wordpress\/wp-content\/uploads\/2024\/01\/Senza-nome-51.png\" alt=\"\" width=\"175\" height=\"146\" \/><\/a>A PROPOSITO DEL MAESTRO..<\/strong><\/p>\n<blockquote><p><span style=\"font-size: large;\"><em>Vittorio Moreno, allenatore della nazionale ufficiale giovanile FIJLKAM Under 14,\u00a0 \u00e8 stato conferito per \u201cmotu proprio\u201d del Presidente Federale il grado di Cintura Nera 7\u00b0dan con la motivazione \u201cper la pluriennale e meritoria opera svolta nell\u2019ambito del karate e per le tante e particolari benemerenze acquisite per lo sviluppo tecnico e la diffusione della disciplina\u201d.<\/em><\/span><\/p><\/blockquote>\n<\/div>\n<p>&nbsp;<\/p>\n<p>&nbsp;<\/p>\n<div class=\"x11i5rnm xat24cr x1mh8g0r x1vvkbs xtlvy1s x126k92a\">\n<p><span style=\"color: #0000ff;\"><strong>NUOTO<\/strong><\/span><\/p>\n<blockquote>\n<h3>BUONI RISULTATI PER ATTIVAMENTE AGORDINO A VITTORIO VENETO<\/h3>\n<\/blockquote>\n<p><strong><a class=\"dt-pswp-item\" href=\"https:\/\/www.radiopiu.net\/wordpress\/wp-content\/uploads\/2024\/01\/85f7d15b-5fc0-47df-a468-1491cacd6970.jpg\" data-dt-img-description=\"\" data-large_image_width=\"1024\" data-large_image_height=\"753\"><img loading=\"lazy\" decoding=\"async\" class=\" wp-image-370010 alignleft\" src=\"https:\/\/www.radiopiu.net\/wordpress\/wp-content\/uploads\/2024\/01\/85f7d15b-5fc0-47df-a468-1491cacd6970-300x221.jpg\" alt=\"\" width=\"168\" height=\"124\" srcset=\"https:\/\/www.radiopiu.net\/wordpress\/wp-content\/uploads\/2024\/01\/85f7d15b-5fc0-47df-a468-1491cacd6970-300x221.jpg 300w, https:\/\/www.radiopiu.net\/wordpress\/wp-content\/uploads\/2024\/01\/85f7d15b-5fc0-47df-a468-1491cacd6970-768x565.jpg 768w, https:\/\/www.radiopiu.net\/wordpress\/wp-content\/uploads\/2024\/01\/85f7d15b-5fc0-47df-a468-1491cacd6970.jpg 1024w\" sizes=\"auto, (max-width: 168px) 100vw, 168px\" \/><\/a>AGORDO<\/strong> E&#8217; andata in scena domenica nella piscina di Vittorio Veneto la terza giornata dell&#8217;attivit\u00e0 esordienti di nuoto. In piscina anche i giovani atleti di Attivamente Agordino che tornano dalla trasferta in terra trevigiana con buoni risultati. I migliori piazzamenti sono stati di Erik De Nardin che nei 50 metri stile libero ha chiuso al quinto posto e nei 100 metri della stessa specialit\u00e0 ha chiuso al quarto posto. Sesta posizione nei 100 metri misti per Emma Latti. Nella staffetta mista 4 x 50 Attivamente Agordino chiude al sesto posto.\u00a0 Buoni risultati anche per gli altri atleti agordini. Erano presenti a Vittorio Veneto anche Alessandro Buxaj, Devid Olivier, Alex Alchini, Ilay Bianchi, Sebastiano Migotto, Alice Latti, Selena Ceccon, Margot Longaron e Azzurra Deola-Thorpe.<\/p>\n<p>&nbsp;<\/p>\n<\/div>\n<p>&nbsp;<\/p>\n","protected":false},"excerpt":{"rendered":"<p>*** &nbsp; &nbsp; &nbsp; 40esimo di RADIOPIU\u2026. LA VOCE DELL\u2019EMOZIONE ISCRIVITI AL NOSTRO CANALE\u00a0\u00a0YOUTUBE PER SEGUIRE IN DIRETTA I PRINCIPALI PROGRAMMI DI RADIO PIU\u2019 E LE FUTURE DIRETTE IN ESTERNA. PER ISCRIVERTI CLICCA QUI\u00a0E PREMI\u00a0 \u201cIscriviti\u201d\u00a0\u00a0 &nbsp; &nbsp; &nbsp; &nbsp; i podcast informativi del mattino &#8211; audio &#8211;\u00a0 LA RASSEGNA STAMPA NAZIONALE ALLA RADIO, OGNI&hellip;<\/p>\n","protected":false},"author":4,"featured_media":370021,"comment_status":"closed","ping_status":"closed","sticky":false,"template":"","format":"standard","meta":{"_monsterinsights_skip_tracking":false,"_monsterinsights_sitenote_active":false,"_monsterinsights_sitenote_note":"","_monsterinsights_sitenote_category":0,"footnotes":""},"categories":[51,86,49],"tags":[],"class_list":["post-369982","post","type-post","status-publish","format-standard","has-post-thumbnail","hentry","category-evidenza-top","category-gr","category-news-18","category-51","category-86","category-49","description-off"],"img_url":"https:\/\/www.radiopiu.net\/wordpress\/wp-content\/uploads\/2024\/01\/36d90f2b-2ed9-44ed-b598-73bc1d6c0029.jpg","_links":{"self":[{"href":"https:\/\/www.radiopiu.net\/wordpress\/wp-json\/wp\/v2\/posts\/369982","targetHints":{"allow":["GET"]}}],"collection":[{"href":"https:\/\/www.radiopiu.net\/wordpress\/wp-json\/wp\/v2\/posts"}],"about":[{"href":"https:\/\/www.radiopiu.net\/wordpress\/wp-json\/wp\/v2\/types\/post"}],"author":[{"embeddable":true,"href":"https:\/\/www.radiopiu.net\/wordpress\/wp-json\/wp\/v2\/users\/4"}],"replies":[{"embeddable":true,"href":"https:\/\/www.radiopiu.net\/wordpress\/wp-json\/wp\/v2\/comments?post=369982"}],"version-history":[{"count":0,"href":"https:\/\/www.radiopiu.net\/wordpress\/wp-json\/wp\/v2\/posts\/369982\/revisions"}],"wp:featuredmedia":[{"embeddable":true,"href":"https:\/\/www.radiopiu.net\/wordpress\/wp-json\/wp\/v2\/media\/370021"}],"wp:attachment":[{"href":"https:\/\/www.radiopiu.net\/wordpress\/wp-json\/wp\/v2\/media?parent=369982"}],"wp:term":[{"taxonomy":"category","embeddable":true,"href":"https:\/\/www.radiopiu.net\/wordpress\/wp-json\/wp\/v2\/categories?post=369982"},{"taxonomy":"post_tag","embeddable":true,"href":"https:\/\/www.radiopiu.net\/wordpress\/wp-json\/wp\/v2\/tags?post=369982"}],"curies":[{"name":"wp","href":"https:\/\/api.w.org\/{rel}","templated":true}]}}