{"id":370020,"date":"2024-01-15T11:14:47","date_gmt":"2024-01-15T10:14:47","guid":{"rendered":"https:\/\/www.radiopiu.net\/wordpress\/?p=370020"},"modified":"2024-01-15T11:20:26","modified_gmt":"2024-01-15T10:20:26","slug":"auto-in-fiamme-di-prima-mattina","status":"publish","type":"post","link":"https:\/\/www.radiopiu.net\/wordpress\/auto-in-fiamme-di-prima-mattina\/","title":{"rendered":"AUTO IN FIAMME DI PRIMA MATTINA"},"content":{"rendered":"<p>***<\/p>\n<p>&nbsp;<\/p>\n<p>&nbsp;<\/p>\n<p><strong>SANTA GIUSTINA<\/strong> Alle 5:45\u00a0 i vigili del fuoco sono intervenuti in Via Casabellata a Santa Giustina per l\u2019incendio di un\u2019auto: nessuna persona \u00e8 rimasta ferita. Il conducente stava percorrendo la strada quando ha notato del fumo venire fuori dalle bocchette, si \u00e8 fermato ed \u00e8 sceso, mentre l\u2019auto ha preso fuoco. I pompieri accorsi da Belluno, hanno spento con la schiuma l\u2019auto completamente avvolta dalle fiamme all\u2019arrivo dei soccorsi. Le cause delle fiamme di probabile natura elettromeccaniche sono al vaglio della squadra intervenuta. Le operazioni di completo spegnimento e bonifica sono terminate alle 7:30.<\/p>\n\n\t\t\t<style type='text\/css'>\n\t\t\t\t#gallery-1 {\n\t\t\t\t\tmargin: auto;\n\t\t\t\t}\n\t\t\t\t#gallery-1 .gallery-item {\n\t\t\t\t\tfloat: left;\n\t\t\t\t\tmargin-top: 10px;\n\t\t\t\t\ttext-align: center;\n\t\t\t\t\twidth: 33%;\n\t\t\t\t}\n\t\t\t\t#gallery-1 img {\n\t\t\t\t\tborder: 2px solid #cfcfcf;\n\t\t\t\t}\n\t\t\t\t#gallery-1 .gallery-caption {\n\t\t\t\t\tmargin-left: 0;\n\t\t\t\t}\n\t\t\t\t\/* see gallery_shortcode() in wp-includes\/media.php *\/\n\t\t\t<\/style>\n\t\t<div id='gallery-1' class='dt-gallery-container gallery galleryid-370020 gallery-columns-3 gallery-size-thumbnail'><dl class='gallery-item'>\n\t\t\t\t<dt class='gallery-icon landscape'>\n\t\t\t\t\t<a class=\"rollover rollover-zoom dt-pswp-item\" title=\"231837eb-6e4c-45bd-89e6-667ff3ffa04e\" data-dt-img-description=\"\" data-large_image_width=\"900\" data-large_image_height=\"644\"href='https:\/\/www.radiopiu.net\/wordpress\/wp-content\/uploads\/2024\/01\/231837eb-6e4c-45bd-89e6-667ff3ffa04e.jpg'><img loading=\"lazy\" decoding=\"async\" width=\"150\" height=\"150\" src=\"https:\/\/www.radiopiu.net\/wordpress\/wp-content\/uploads\/2024\/01\/231837eb-6e4c-45bd-89e6-667ff3ffa04e-150x150.jpg\" class=\"attachment-thumbnail size-thumbnail\" alt=\"\" \/><\/a>\n\t\t\t\t<\/dt><\/dl><dl class='gallery-item'>\n\t\t\t\t<dt class='gallery-icon landscape'>\n\t\t\t\t\t<a class=\"rollover rollover-zoom dt-pswp-item\" title=\"f4ed2741-b10b-4b5f-b7ca-bd0982340ee4\" data-dt-img-description=\"\" data-large_image_width=\"1080\" data-large_image_height=\"728\"href='https:\/\/www.radiopiu.net\/wordpress\/wp-content\/uploads\/2024\/01\/f4ed2741-b10b-4b5f-b7ca-bd0982340ee4.jpg'><img loading=\"lazy\" decoding=\"async\" width=\"150\" height=\"150\" src=\"https:\/\/www.radiopiu.net\/wordpress\/wp-content\/uploads\/2024\/01\/f4ed2741-b10b-4b5f-b7ca-bd0982340ee4-150x150.jpg\" class=\"attachment-thumbnail size-thumbnail\" alt=\"\" \/><\/a>\n\t\t\t\t<\/dt><\/dl><dl class='gallery-item'>\n\t\t\t\t<dt class='gallery-icon landscape'>\n\t\t\t\t\t<a class=\"rollover rollover-zoom dt-pswp-item\" title=\"36d90f2b-2ed9-44ed-b598-73bc1d6c0029\" data-dt-img-description=\"\" data-large_image_width=\"878\" data-large_image_height=\"616\"href='https:\/\/www.radiopiu.net\/wordpress\/wp-content\/uploads\/2024\/01\/36d90f2b-2ed9-44ed-b598-73bc1d6c0029.jpg'><img loading=\"lazy\" decoding=\"async\" width=\"150\" height=\"150\" src=\"https:\/\/www.radiopiu.net\/wordpress\/wp-content\/uploads\/2024\/01\/36d90f2b-2ed9-44ed-b598-73bc1d6c0029-150x150.jpg\" class=\"attachment-thumbnail size-thumbnail\" alt=\"\" \/><\/a>\n\t\t\t\t<\/dt><\/dl><br style=\"clear: both\" \/>\n\t\t\t<\/div>\n\n<p>___<\/p>\n","protected":false},"excerpt":{"rendered":"<p>*** &nbsp; &nbsp; SANTA GIUSTINA Alle 5:45\u00a0 i vigili del fuoco sono intervenuti in Via Casabellata a Santa Giustina per l\u2019incendio di un\u2019auto: nessuna persona \u00e8 rimasta ferita. Il conducente stava percorrendo la strada quando ha notato del fumo venire fuori dalle bocchette, si \u00e8 fermato ed \u00e8 sceso, mentre l\u2019auto ha preso fuoco. I&hellip;<\/p>\n","protected":false},"author":4,"featured_media":370022,"comment_status":"closed","ping_status":"closed","sticky":false,"template":"","format":"standard","meta":{"_monsterinsights_skip_tracking":false,"_monsterinsights_sitenote_active":false,"_monsterinsights_sitenote_note":"","_monsterinsights_sitenote_category":0,"footnotes":""},"categories":[51,49],"tags":[],"class_list":["post-370020","post","type-post","status-publish","format-standard","has-post-thumbnail","hentry","category-evidenza-top","category-news-18","category-51","category-49","description-off"],"img_url":"https:\/\/www.radiopiu.net\/wordpress\/wp-content\/uploads\/2024\/01\/231837eb-6e4c-45bd-89e6-667ff3ffa04e.jpg","_links":{"self":[{"href":"https:\/\/www.radiopiu.net\/wordpress\/wp-json\/wp\/v2\/posts\/370020","targetHints":{"allow":["GET"]}}],"collection":[{"href":"https:\/\/www.radiopiu.net\/wordpress\/wp-json\/wp\/v2\/posts"}],"about":[{"href":"https:\/\/www.radiopiu.net\/wordpress\/wp-json\/wp\/v2\/types\/post"}],"author":[{"embeddable":true,"href":"https:\/\/www.radiopiu.net\/wordpress\/wp-json\/wp\/v2\/users\/4"}],"replies":[{"embeddable":true,"href":"https:\/\/www.radiopiu.net\/wordpress\/wp-json\/wp\/v2\/comments?post=370020"}],"version-history":[{"count":0,"href":"https:\/\/www.radiopiu.net\/wordpress\/wp-json\/wp\/v2\/posts\/370020\/revisions"}],"wp:featuredmedia":[{"embeddable":true,"href":"https:\/\/www.radiopiu.net\/wordpress\/wp-json\/wp\/v2\/media\/370022"}],"wp:attachment":[{"href":"https:\/\/www.radiopiu.net\/wordpress\/wp-json\/wp\/v2\/media?parent=370020"}],"wp:term":[{"taxonomy":"category","embeddable":true,"href":"https:\/\/www.radiopiu.net\/wordpress\/wp-json\/wp\/v2\/categories?post=370020"},{"taxonomy":"post_tag","embeddable":true,"href":"https:\/\/www.radiopiu.net\/wordpress\/wp-json\/wp\/v2\/tags?post=370020"}],"curies":[{"name":"wp","href":"https:\/\/api.w.org\/{rel}","templated":true}]}}