{"id":370066,"date":"2024-01-16T05:16:25","date_gmt":"2024-01-16T04:16:25","guid":{"rendered":"https:\/\/www.radiopiu.net\/wordpress\/?p=370066"},"modified":"2024-01-16T05:16:25","modified_gmt":"2024-01-16T04:16:25","slug":"valsugana-chiusa-per-45-giorni","status":"publish","type":"post","link":"https:\/\/www.radiopiu.net\/wordpress\/valsugana-chiusa-per-45-giorni\/","title":{"rendered":"VALSUGANA CHIUSA PER 45 GIORNI\u00a0"},"content":{"rendered":"<p>***<\/p>\n<p>&nbsp;<\/p>\n<blockquote>\n<h2><\/h2>\n<\/blockquote>\n<p><a class=\"dt-pswp-item\" href=\"https:\/\/www.radiopiu.net\/wordpress\/wp-content\/uploads\/2024\/01\/SCR-20240112-lvlh.jpeg\" data-dt-img-description=\"\" data-large_image_width=\"906\" data-large_image_height=\"598\"><img loading=\"lazy\" decoding=\"async\" class=\"wp-image-369700 alignleft\" src=\"https:\/\/www.radiopiu.net\/wordpress\/wp-content\/uploads\/2024\/01\/SCR-20240112-lvlh-300x198.jpeg\" alt=\"\" width=\"155\" height=\"102\" srcset=\"https:\/\/www.radiopiu.net\/wordpress\/wp-content\/uploads\/2024\/01\/SCR-20240112-lvlh-300x198.jpeg 300w, https:\/\/www.radiopiu.net\/wordpress\/wp-content\/uploads\/2024\/01\/SCR-20240112-lvlh-768x507.jpeg 768w, https:\/\/www.radiopiu.net\/wordpress\/wp-content\/uploads\/2024\/01\/SCR-20240112-lvlh.jpeg 906w\" sizes=\"auto, (max-width: 155px) 100vw, 155px\" \/><\/a>La statale 47 della Valsugana rimarr\u00e0 chiusa per circa 45 giorni a causa di una frana. Tonnellate di pietre hanno gi\u00e0 causato la chiusura della strada, ma ci sono ulteriori rischi di crollo. L&#8217;inizio dei lavori \u00e8 prossimo, ma alcune verifiche sono necessarie, e la sicurezza impedisce l&#8217;intervento immediato sul viadotto danneggiato. La vecchia strada in Destra Brenta sar\u00e0 riservata ai residenti. Il sindaco di Valbrenta indica un allungamento dei tempi dovuto alla messa in sicurezza, con l&#8217;intervento previsto entro 45 giorni. Il traffico deviato ha gi\u00e0 causato congestioni, e si valutano restrizioni d&#8217;accesso per gestire la situazione. La riunione a Vicenza con Anas, RFI e enti locali ha delineato la strategia per affrontare l&#8217;emergenza.<\/p>\n<div class=\"articlePlainText\">Intanto ieri \u00e8 stato superato il primo test, quello della ripresa del traffico dopo il weekend, sull&#8217;asse viario Arsi\u00e8-Feltre, dove \u00e8 stato dirottato il traffico della Valsugana tra Trento e Bassano. Anas ha annullato ieri mattina la chiusura notturna della galleria San Vito in un senso di marcia, che sarebbe dovuta scattare ieri sera fino al 29 gennaio.<\/p>\n<p>___<\/p><\/div>\n","protected":false},"excerpt":{"rendered":"<p>*** &nbsp; La statale 47 della Valsugana rimarr\u00e0 chiusa per circa 45 giorni a causa di una frana. Tonnellate di pietre hanno gi\u00e0 causato la chiusura della strada, ma ci sono ulteriori rischi di crollo. L&#8217;inizio dei lavori \u00e8 prossimo, ma alcune verifiche sono necessarie, e la sicurezza impedisce l&#8217;intervento immediato sul viadotto danneggiato. La&hellip;<\/p>\n","protected":false},"author":4,"featured_media":369700,"comment_status":"closed","ping_status":"closed","sticky":false,"template":"","format":"standard","meta":{"_monsterinsights_skip_tracking":false,"_monsterinsights_sitenote_active":false,"_monsterinsights_sitenote_note":"","_monsterinsights_sitenote_category":0,"footnotes":""},"categories":[51,49],"tags":[],"class_list":["post-370066","post","type-post","status-publish","format-standard","has-post-thumbnail","hentry","category-evidenza-top","category-news-18","category-51","category-49","description-off"],"img_url":"https:\/\/www.radiopiu.net\/wordpress\/wp-content\/uploads\/2024\/01\/SCR-20240112-lvlh.jpeg","_links":{"self":[{"href":"https:\/\/www.radiopiu.net\/wordpress\/wp-json\/wp\/v2\/posts\/370066","targetHints":{"allow":["GET"]}}],"collection":[{"href":"https:\/\/www.radiopiu.net\/wordpress\/wp-json\/wp\/v2\/posts"}],"about":[{"href":"https:\/\/www.radiopiu.net\/wordpress\/wp-json\/wp\/v2\/types\/post"}],"author":[{"embeddable":true,"href":"https:\/\/www.radiopiu.net\/wordpress\/wp-json\/wp\/v2\/users\/4"}],"replies":[{"embeddable":true,"href":"https:\/\/www.radiopiu.net\/wordpress\/wp-json\/wp\/v2\/comments?post=370066"}],"version-history":[{"count":0,"href":"https:\/\/www.radiopiu.net\/wordpress\/wp-json\/wp\/v2\/posts\/370066\/revisions"}],"wp:featuredmedia":[{"embeddable":true,"href":"https:\/\/www.radiopiu.net\/wordpress\/wp-json\/wp\/v2\/media\/369700"}],"wp:attachment":[{"href":"https:\/\/www.radiopiu.net\/wordpress\/wp-json\/wp\/v2\/media?parent=370066"}],"wp:term":[{"taxonomy":"category","embeddable":true,"href":"https:\/\/www.radiopiu.net\/wordpress\/wp-json\/wp\/v2\/categories?post=370066"},{"taxonomy":"post_tag","embeddable":true,"href":"https:\/\/www.radiopiu.net\/wordpress\/wp-json\/wp\/v2\/tags?post=370066"}],"curies":[{"name":"wp","href":"https:\/\/api.w.org\/{rel}","templated":true}]}}