{"id":370093,"date":"2024-01-16T07:55:47","date_gmt":"2024-01-16T06:55:47","guid":{"rendered":"https:\/\/www.radiopiu.net\/wordpress\/?p=370093"},"modified":"2024-01-16T08:42:33","modified_gmt":"2024-01-16T07:42:33","slug":"dal-1983-puntuale-alle-8-del-mattino-la-rassegna-stampa-locale-di-mirko-mezzacasa","status":"publish","type":"post","link":"https:\/\/www.radiopiu.net\/wordpress\/dal-1983-puntuale-alle-8-del-mattino-la-rassegna-stampa-locale-di-mirko-mezzacasa\/","title":{"rendered":"DAL 1983 PUNTUALE ALLE 8 DEL MATTINO. la rassegna stampa locale di mirko mezzacasa"},"content":{"rendered":"<p><iframe loading=\"lazy\" title=\"DAL 1983 LA RASSEGNA STAMPA LOCALE di mirko mezzacasa. L&#039;ORIGINALE\" width=\"1200\" height=\"675\" src=\"https:\/\/www.youtube.com\/embed\/y06uJSvrvQU?feature=oembed\" frameborder=\"0\" allow=\"accelerometer; autoplay; clipboard-write; encrypted-media; gyroscope; picture-in-picture; web-share\" allowfullscreen><\/iframe><\/p>\n<p>&nbsp;<\/p>\n<p><img loading=\"lazy\" decoding=\"async\" class=\"alignleft\" src=\"https:\/\/www.radiopiu.net\/wordpress\/wp-content\/uploads\/2024\/01\/COPERTINA-4.png\" width=\"322\" height=\"173\" \/><strong>VENEZIA<\/strong> Oggi in consiglio regionale il voto sul suicidio assistito. Fine vita, Zaia favorevole, FDI, FI ma anche altri leghisti totalmente contrari. Sar\u00e0 un risultato &#8220;politico&#8221;.<br \/>\n<strong>SOSPIROLO<\/strong> Comune controcorrente, tutti gli altri soffrono il calo demografico, il Comune del sindaco Mario De Bon guadagna 60 residenti in dieci mesi.<br \/>\n<strong>VALSUGANA<\/strong> Massi in bilico dopo la frana di sabato. Strada chiusa per 45 giorni, via ai lavori, deviazioni sulla feltrina, in loco per i residenti.<br \/>\n<strong>GIUDIZIARIA<\/strong> Donna picchiata e offesa non solo dal marito, anche dai suoceri. Una giovane marocchina porta in tribunale l&#8217;ex coniuge e non solo.<br \/>\n<strong>FELTRE<\/strong> Grotte dei Piani Eterni, esplorati altri 40 chilometri.<br \/>\n<strong>INTERDIZIONE TOTALE A SEDICO<\/strong> Lungo la 203 agordina, in Comune di Sedico (centro abitato) da OGGI interdizione totale per abbattimento e potatura alberi. FASCE DI CHIUSURA: DALLE 22.30 ALLE 05.30 DEL MATTINO, DAL 16 AL 20 GENNAIO COMPRESI<br \/>\n<strong>SANTA GIUSTINA<\/strong> Ieri alle 5:45 i vigili del fuoco sono intervenuti in Via Casabellata a Santa Giustina per l\u2019incendio di un\u2019auto: nessuna persona \u00e8 rimasta ferita. Il conducente stava percorrendo la strada quando ha notato del fumo venire fuori dalle bocchette, si \u00e8 fermato ed \u00e8 sceso, mentre l\u2019auto ha preso fuoco.<br \/>\n<strong>BELLUNO<\/strong> Alle 8:00 di luned\u00ec, i vigili del fuoco sono intervenuti su Via Cordevole a Belluno sulla SR 204 per uno scontro tra due auto, risultando feriti entrambi i conducenti, un 39enne di Belluno e un 25enne sempre del capoluogo entrambi trasportati al pronto soccorso San Martino con ferite di media gravit\u00e0.<br \/>\n<strong>AGORDO<\/strong>\u00a0 Stefano Olivier dopo una lunga malattia \u00e8 mancato all&#8217;affetto dei suoi cari. Una lunga sofferenza tra le amorevoli cure della moglie Carla, della figlia Eva con Angelo e Fausto, del figlio Daniele con Genny, Devid, Aurora, Agata e Gioia. Stefano ha lasciato nel dolore anche la sorella Nada. Domani alle 14 i funerali in chiesa ad Agordo. La famiglia Olivier, da Rif di Agordo ha voluto ringraziare il dottor Marcon, il personale infermieristico del reparto Medicina del Papa Luciani di Agordo. Eventuali offerte verranno devoluto all&#8217;associazione Pettirosso Agordino nel ricordo del caro Stefano.<br \/>\n<strong>CORTINA<\/strong> Un cittadino ucraino \u00e8 stato arrestato a Borca di Cadore in seguito a un alert alloggiati. La polizia ha eseguito il mandato di cattura internazionale emesso dalle autorit\u00e0 ucraine per resistenza, lesioni e rissa, reati per i quali era stato condannato a meno di tre anni di carcere.<br \/>\n<strong>ROCCA PIETORE<\/strong> UN GIOVANE SINDACO PER ROCCA PIETORE, VALERIO DAVARE SI CANDIDA<br \/>\n<strong>AGORDO<\/strong> I DIS&#8230;SERVIZI DI POSTE ITALIANE&#8230;CRITICHE QUOTIDIANE E REFERENTI ASSENTI<br \/>\n<strong>ROCCA PIETORE<\/strong> E SERRAI SI SOTTOGUDA, DE BERNARDIN v\/s FARENZENA: REPLICHE E VALUTAZIONI. PER LUCIA FARENZENA DEL CONSORZIO OPERATORI TURISTICI MARMOLADA MANCA UNA VISIONE SUL FUTURO DEI SERRAI<br \/>\n<strong>FORZA ITALIA<\/strong> A CONGRESSO CON UN\u2019AGENDA CHE GUARDA AL TERRITORIO MONTANO<br \/>\n<strong>PONTE VENEGGIA&#8230;<\/strong> COME VA? I cittadini sono confusi poich\u00e9 la chiusura del ponte alla Veneggia, programmata per il 15 gennaio per lavori di consolidamento, non ha ancora avuto inizio. L&#8217;assessore Roccon assicura che il cantiere \u00e8 imminente, ma alcune verifiche e lo spostamento di cavidotti di Telecom devono essere ancora completati.<br \/>\n<strong>TRICHIANA<\/strong> Si terr\u00e0 venerd\u00ec 19 GENNAIO\u00a0 \u00a0alle 18:30 in Biblioteca\u00a0 a\u00a0 Trichiana presentazione dell\u2019ultimo libro di Roberto De Nart dal titolo \u201cOmicidio di Emma Canton\u201d. Condurr\u00e0 la serata l\u2019avvocato Anna Polifroni del Foro di Belluno e la dottoressa Fiorella Bristot.<\/p>\n<p><strong>LAVORO<\/strong> \u201cAppia Servizi Srl, presso la propria sede di Agordo, \u00e8 alla ricerca di una nuova figura con esperienza per il reparto contabile da inserire nel proprio organico a tempo indeterminato e tempo pieno.Se interessati potete contattare il numero 0437-954411 o inviare la vostra candidatura all\u2019indirizzo info@appiacna.it.\u201d<\/p>\n<p><strong>CENCENIGHE<\/strong> L&#8217;amministrazione comunale e la Pro Loco di Cencenighe organizzano la festa per la Sagra di Sant&#8217;Antone. Domani la santa messa alle 18. Domenica 21 il pranzo con i nonni: alle 10 la santa messa e alle 12 il pranzo al Nof Fil\u00f2 con ospiti d&#8217;onore i nonni.<br \/>\n<strong>SOSPIROLO<\/strong> Torna la \u201cGiornata Nazionale del Dialetto e delle Lingue Locali\u201d che si celebra il 17 gennaio. In questo ambito, la Pro Loco Monti del Sole di Sospirolo, propone il recital \u201cCaro al me Belun\u201d della compagnia Teatro Tre di Belluno &#8211; domenica 21 gennaio alle ore 17.00 &#8211; al Centro civico di Sospirolo. L\u2019evento, ad ingresso libero, gode del patrocinio del Comune di Sospirolo.<br \/>\n<span style=\"color: #ff0000;\"><strong>HOCKEY <\/strong><span style=\"color: #000000;\">ALLEGHE <\/span><\/span>AD APPIANO PER IL RITORNO DEI QUARTI DI COPPA ITALIA oggi ore 19:30 &#8211; Palaghiaccio di Appiano (BZ). Arbitri: Federico Stefenelli e Thomas Egger con giudici di linea Jacopo Pace e Alexander Wiest. Collegamenti in\u00a0DIRETTA RADIOFONICA\u00a0su Radio Pi\u00f9 (www.radiopiu.net) con \u201cHockey al punto giusto\u201d, in studio Marco Gaz e da Appiano interventi di Federico Paganin<br \/>\n<strong><span style=\"color: #ff0000;\">KARATE <\/span><\/strong>\u00a0 Uno splendido inizio anno\u00a0 per\u00a0 Mariachiara Masoch. Domenica si \u00e8 confrontata, da Juniores, con le pi\u00f9 forti atlete venete Seniores nelle qualificazioni regionali per i campionati Assoluti 2024 di combattimento. La competizione, svoltasi a Ros\u00e0 (VI), l\u2019ha vista muoversi con determinazione e precisione, nonostante un problema muscolare, in una serie di confronti impegnativi e serrati. Un significativo salto di qualit\u00e0, che era nell\u2019aria da tempo, con incontri dominati dall\u2019inizio alla fine che le sono valsi oro, titolo nella categoria al limite dei 50kg e qualificazione alle finali di Ostia (RM) dal 2 al 4 febbraio.<\/p>\n<p>&nbsp;<\/p>\n<p>&nbsp;<\/p>\n<p>&nbsp;<\/p>\n<p>&nbsp;<\/p>\n<p>&nbsp;<\/p>\n<p>&nbsp;<\/p>\n<p>&nbsp;<\/p>\n<p>&nbsp;<\/p>\n<p>&nbsp;<\/p>\n","protected":false},"excerpt":{"rendered":"<p>&nbsp; VENEZIA Oggi in consiglio regionale il voto sul suicidio assistito. Fine vita, Zaia favorevole, FDI, FI ma anche altri leghisti totalmente contrari. Sar\u00e0 un risultato &#8220;politico&#8221;. SOSPIROLO Comune controcorrente, tutti gli altri soffrono il calo demografico, il Comune del sindaco Mario De Bon guadagna 60 residenti in dieci mesi. VALSUGANA Massi in bilico dopo&hellip;<\/p>\n","protected":false},"author":4,"featured_media":370094,"comment_status":"closed","ping_status":"closed","sticky":false,"template":"","format":"standard","meta":{"_monsterinsights_skip_tracking":false,"_monsterinsights_sitenote_active":false,"_monsterinsights_sitenote_note":"","_monsterinsights_sitenote_category":0,"footnotes":""},"categories":[51,49,142],"tags":[],"class_list":["post-370093","post","type-post","status-publish","format-standard","has-post-thumbnail","hentry","category-evidenza-top","category-news-18","category-rassegna-stampa","category-51","category-49","category-142","description-off"],"img_url":"https:\/\/www.radiopiu.net\/wordpress\/wp-content\/uploads\/2024\/01\/COPERTINA-4.png","_links":{"self":[{"href":"https:\/\/www.radiopiu.net\/wordpress\/wp-json\/wp\/v2\/posts\/370093","targetHints":{"allow":["GET"]}}],"collection":[{"href":"https:\/\/www.radiopiu.net\/wordpress\/wp-json\/wp\/v2\/posts"}],"about":[{"href":"https:\/\/www.radiopiu.net\/wordpress\/wp-json\/wp\/v2\/types\/post"}],"author":[{"embeddable":true,"href":"https:\/\/www.radiopiu.net\/wordpress\/wp-json\/wp\/v2\/users\/4"}],"replies":[{"embeddable":true,"href":"https:\/\/www.radiopiu.net\/wordpress\/wp-json\/wp\/v2\/comments?post=370093"}],"version-history":[{"count":0,"href":"https:\/\/www.radiopiu.net\/wordpress\/wp-json\/wp\/v2\/posts\/370093\/revisions"}],"wp:featuredmedia":[{"embeddable":true,"href":"https:\/\/www.radiopiu.net\/wordpress\/wp-json\/wp\/v2\/media\/370094"}],"wp:attachment":[{"href":"https:\/\/www.radiopiu.net\/wordpress\/wp-json\/wp\/v2\/media?parent=370093"}],"wp:term":[{"taxonomy":"category","embeddable":true,"href":"https:\/\/www.radiopiu.net\/wordpress\/wp-json\/wp\/v2\/categories?post=370093"},{"taxonomy":"post_tag","embeddable":true,"href":"https:\/\/www.radiopiu.net\/wordpress\/wp-json\/wp\/v2\/tags?post=370093"}],"curies":[{"name":"wp","href":"https:\/\/api.w.org\/{rel}","templated":true}]}}