{"id":370108,"date":"2024-01-17T05:44:29","date_gmt":"2024-01-17T04:44:29","guid":{"rendered":"https:\/\/www.radiopiu.net\/wordpress\/?p=370108"},"modified":"2024-01-17T09:30:25","modified_gmt":"2024-01-17T08:30:25","slug":"giornale-radiopiu-17-gennaio-2024-direttore-mirko-mezzacasada-40-anni-25-giugno-1983-25-giugno-2023","status":"publish","type":"post","link":"https:\/\/www.radiopiu.net\/wordpress\/giornale-radiopiu-17-gennaio-2024-direttore-mirko-mezzacasada-40-anni-25-giugno-1983-25-giugno-2023\/","title":{"rendered":"GIORNALE RADIOPIU 17 GENNAIO 2024 DIRETTORE MIRKO MEZZACASA\u2026DA 40 ANNI 25 GIUGNO 1983-25 GIUGNO 2023"},"content":{"rendered":"<h1>***<\/h1>\n<p>&nbsp;<\/p>\n<p>&nbsp;<\/p>\n<p><a class=\"dt-pswp-item\" href=\"https:\/\/www.radiopiu.net\/wordpress\/wp-content\/uploads\/2024\/01\/Senza-nome-19.png\" data-dt-img-description=\"\" data-large_image_width=\"387\" data-large_image_height=\"84\"><img loading=\"lazy\" decoding=\"async\" class=\"wp-image-368996 size-full aligncenter\" src=\"https:\/\/www.radiopiu.net\/wordpress\/wp-content\/uploads\/2024\/01\/Senza-nome-19.png\" alt=\"\" width=\"387\" height=\"84\" srcset=\"https:\/\/www.radiopiu.net\/wordpress\/wp-content\/uploads\/2024\/01\/Senza-nome-19.png 387w, https:\/\/www.radiopiu.net\/wordpress\/wp-content\/uploads\/2024\/01\/Senza-nome-19-300x65.png 300w\" sizes=\"auto, (max-width: 387px) 100vw, 387px\" \/><\/a><\/p>\n<p>&nbsp;<\/p>\n<h1 class=\"entry-title photoswipe-wrapper\"><strong><a class=\"dt-pswp-item\" href=\"https:\/\/www.radiopiu.net\/wordpress\/wp-content\/uploads\/2023\/12\/logo-radio.jpg\" data-dt-img-description=\"\" data-large_image_width=\"800\" data-large_image_height=\"600\"><img loading=\"lazy\" decoding=\"async\" class=\"wp-image-367163 alignleft\" src=\"https:\/\/www.radiopiu.net\/wordpress\/wp-content\/uploads\/2023\/12\/logo-radio-300x225.jpg\" alt=\"\" width=\"109\" height=\"82\" srcset=\"https:\/\/www.radiopiu.net\/wordpress\/wp-content\/uploads\/2023\/12\/logo-radio-300x225.jpg 300w, https:\/\/www.radiopiu.net\/wordpress\/wp-content\/uploads\/2023\/12\/logo-radio-768x576.jpg 768w, https:\/\/www.radiopiu.net\/wordpress\/wp-content\/uploads\/2023\/12\/logo-radio.jpg 800w\" sizes=\"auto, (max-width: 109px) 100vw, 109px\" \/><\/a><\/strong><\/h1>\n<h1 class=\"entry-title photoswipe-wrapper\">40esimo di RADIOPIU\u2026. LA VOCE DELL\u2019EMOZIONE<\/h1>\n<h2><\/h2>\n<h2><span style=\"color: #ff0000;\">ISCRIVITI AL NOSTRO CANALE\u00a0\u00a0YOUTUBE PER SEGUIRE IN DIRETTA I PRINCIPALI PROGRAMMI DI RADIO PIU\u2019 E LE FUTURE DIRETTE IN ESTERNA. PER ISCRIVERTI <a style=\"color: #ff0000;\" href=\"https:\/\/youtube.com\/@radiopiu1527\">CLICCA QUI\u00a0<\/a>E PREMI\u00a0 \u201cIscriviti\u201d\u00a0\u00a0<\/span><\/h2>\n<p>&nbsp;<\/p>\n<p><a class=\"dt-pswp-item\" href=\"https:\/\/www.radiopiu.net\/wordpress\/wp-content\/uploads\/2024\/01\/Senza-nome-56.png\" data-dt-img-description=\"\" data-large_image_width=\"499\" data-large_image_height=\"190\"><img loading=\"lazy\" decoding=\"async\" class=\"wp-image-370079 size-full aligncenter\" src=\"https:\/\/www.radiopiu.net\/wordpress\/wp-content\/uploads\/2024\/01\/Senza-nome-56.png\" alt=\"\" width=\"499\" height=\"190\" srcset=\"https:\/\/www.radiopiu.net\/wordpress\/wp-content\/uploads\/2024\/01\/Senza-nome-56.png 499w, https:\/\/www.radiopiu.net\/wordpress\/wp-content\/uploads\/2024\/01\/Senza-nome-56-300x114.png 300w\" sizes=\"auto, (max-width: 499px) 100vw, 499px\" \/><\/a><\/p>\n<p>&nbsp;<\/p>\n<p>&nbsp;<\/p>\n<hr \/>\n<p>&nbsp;<\/p>\n<hr \/>\n<p>&nbsp;<\/p>\n<blockquote>\n<blockquote>\n<h1><span style=\"color: #ff0000;\">i podcast informativi del mattino &#8211; audio &#8211;\u00a0<\/span><\/h1>\n<\/blockquote>\n<p><strong><a class=\"dt-pswp-item\" href=\"https:\/\/www.radiopiu.net\/wordpress\/wp-content\/uploads\/2023\/11\/th-10.jpg\" data-dt-img-description=\"\" data-large_image_width=\"320\" data-large_image_height=\"180\"><img loading=\"lazy\" decoding=\"async\" class=\"wp-image-362866 alignleft\" src=\"https:\/\/www.radiopiu.net\/wordpress\/wp-content\/uploads\/2023\/11\/th-10-300x169.jpg\" alt=\"\" width=\"185\" height=\"104\" srcset=\"https:\/\/www.radiopiu.net\/wordpress\/wp-content\/uploads\/2023\/11\/th-10-300x169.jpg 300w, https:\/\/www.radiopiu.net\/wordpress\/wp-content\/uploads\/2023\/11\/th-10.jpg 320w\" sizes=\"auto, (max-width: 185px) 100vw, 185px\" \/><\/a>LA RASSEGNA STAMPA NAZIONALE ALLA RADIO, OGNI GIORNO ALLE 5 E ALLE 6 DEL MATTINO <span style=\"color: #0000ff;\">viene pubblicata alle 6.00 <span style=\"color: #ff0000;\">DIRETTA RADIO<\/span><\/span><\/strong><\/p><\/blockquote>\n<p>&nbsp;<\/p>\n<p>di SISSY MARTINELLI<\/p>\n<p>Notizie preoccupanti dal <strong>medio oriente<\/strong> dove si moltiplicano i fronti. Ieri ci sono stati anche dei bombardamenti iraniani sul territorio del<strong> Kurdistan<\/strong>. In Europa invece si sta valutando una missione comune nel <strong>Mar Rosso<\/strong> che probabilmente si<br \/>\nappogger\u00e0 alla pre esistente Agenor.\u00a0 Il caso di <strong>Giovanna Pedretti,<\/strong> la ristoratrice Lodigiana che si \u00e8 suicidata dopo la tempesta mediatica che la aveva colpita per una probabile recensione falsa. Nel mirino della stampa la giornalista <strong>Selvaggia\u00a0 Lucarelli<\/strong>.<br \/>\nTensioni politiche interne alla <strong>destra<\/strong> che ancora non ha raggiunto un accordo su una comune candidatura alle elezioni regionali in Sardegna.<\/p>\n<p><strong>audio<\/strong><\/p>\n<audio class=\"wp-audio-shortcode\" id=\"audio-370108-1\" preload=\"none\" style=\"width: 100%;\" controls=\"controls\"><source type=\"audio\/mpeg\" src=\"https:\/\/www.radiopiu.net\/wordpress\/wp-content\/uploads\/2024\/01\/GIORNALEDELLESEI-12.mp3?_=1\" \/><a href=\"https:\/\/www.radiopiu.net\/wordpress\/wp-content\/uploads\/2024\/01\/GIORNALEDELLESEI-12.mp3\">https:\/\/www.radiopiu.net\/wordpress\/wp-content\/uploads\/2024\/01\/GIORNALEDELLESEI-12.mp3<\/a><\/audio>\n<p>&nbsp;<\/p>\n<p>&nbsp;<\/p>\n<p><strong><a class=\"dt-pswp-item\" href=\"https:\/\/www.radiopiu.net\/wordpress\/wp-content\/uploads\/2023\/12\/images.png\" data-dt-img-description=\"\" data-large_image_width=\"316\" data-large_image_height=\"160\"><img loading=\"lazy\" decoding=\"async\" class=\"wp-image-367008 alignleft\" src=\"https:\/\/www.radiopiu.net\/wordpress\/wp-content\/uploads\/2023\/12\/images-300x152.png\" alt=\"\" width=\"235\" height=\"119\" srcset=\"https:\/\/www.radiopiu.net\/wordpress\/wp-content\/uploads\/2023\/12\/images-300x152.png 300w, https:\/\/www.radiopiu.net\/wordpress\/wp-content\/uploads\/2023\/12\/images.png 316w\" sizes=\"auto, (max-width: 235px) 100vw, 235px\" \/><\/a>OGNI GIORNO ALLE SETTE DEL MATTINO, LA RASSEGNA STAMPA LOCALE FLASH&#8230; PER CHI VA IN FRETTA. I TITOLI DAI GIORNALI E DAL SITO WWW.RADIOPIU.NET <span style=\"color: #0000ff;\">viene pubblicato alle 7.00<\/span> <span style=\"color: #ff0000;\">DIRETTA RADIO\u00a0<\/span><\/strong><\/p>\n<p><em><span style=\"color: #ff0000;\">per chi va in fretta&#8230; tante notizie in pochi minuti. L&#8217;informazione locale alla radio, ogni ora dalle 7 del mattino alle 19 della sera.<\/span><\/em><\/p>\n<p><strong>ZAIA<\/strong> SUL FINE VITA DOPO IL VOTO IN CONSIGLIO REGIONALE VENETO il ddl \u00e8 stato rinviato in commissione alla luce del risultato del voto. Lega e PD hanno affossato la legge. Proposta di legge di iniziativa popolare \u201cProcedure e tempi per l\u2019assistenza sanitaria regionale al suicidio medicalmente assistito ai sensi e per effetto della sentenza n. 242 del 2019 della Corte Costituzionale\u201d.<br \/>\n<strong>FALCADE<\/strong> Ieri gli agenti della Polizia di Stato in servizio a Falcade sono stati contattati per un soccorso relativo a un incidente sciistico. Un cittadino italiano di 30 anni, coinvolto in una caduta, presentava un\u2019importante contusione allo zigomo destro, perdita di memoria e nausea. L\u2019incidente era avvenuto sulla pista \u201cRaccordo Zingari-Lago Cavia\u201d. L\u2019infortunato, protetto dal casco, aveva perso coscienza per circa 15 secondi.<br \/>\n<strong>CORTINA<\/strong> Luned\u00ec sera verso le 19, la Centrale del 118 \u00e8 stata contattata da una coppia di escursionisti bloccati dalla neve lungo il sentiero 215 che porta al Rifugio Vandelli. Partiti dal Passo Tre Croci, la donna di 36 anni di Albignasego (PD) ha avuto problemi a camminare a causa di calzature inadeguate e piedi ghiacciati. Il compagno di 27 anni di Villafranca Padovana (PD) ha cercato di riscaldarla e ha chiesto aiuto. Il Soccorso alpino di Cortina e la Guardia di finanza sono intervenuti, ma il recupero sarebbe stato lungo. L\u2019elicottero di Trento \u00e8 giunto sul posto, ha issato entrambi a bordo e li ha trasportati in sicurezza.<br \/>\n<strong>cortina<\/strong> E\u2019 MANCATO A 61 ANNI MAURO POLATO, IL BIBLIOTECARIO<br \/>\n<strong>agordo<\/strong> OGGI I FUNERALI DI STEFANO OLIVIER, IL VOLTO NOTO DI RIF<br \/>\n<strong>BELLUNO<\/strong> Il cinquantenne M.C., residente nel Padovano, ha patteggiato un anno e quattro mesi di reclusione, pena sospesa, per aver ucciso il motociclista Nicola Valmassoni in un incidente stradale nel luglio 2022. Durante l\u2019udienza al Tribunale di Belluno, \u00e8 stata accettata la richiesta di patteggiamento con la sospensione della patente per un anno. Giesse Risarcimento Danni sta avviando una causa civile per il risarcimento dei danni per conto dei familiari di Valmassoni.<br \/>\n<strong>ELEZIONI,<\/strong> A GIUGNO ELECTION DAY EUROPEE E AMMINISTRATIVE. SI VOTA IN 31 COMUNI BELLUNO \u2013 Sono 31, pi\u00f9 della met\u00e0, i comuni bellunesi che andranno al rinnovo il prossimo giugno.E sar\u00e0 election day per europee e amministrative: urne aperte per 3 giorni l\u20198, il 9 e il 10 giugno.<\/p>\n<p><strong>AUDIO<\/strong><\/p>\n<audio class=\"wp-audio-shortcode\" id=\"audio-370108-2\" preload=\"none\" style=\"width: 100%;\" controls=\"controls\"><source type=\"audio\/mpeg\" src=\"https:\/\/www.radiopiu.net\/wordpress\/wp-content\/uploads\/2024\/01\/GF07-12.mp3?_=2\" \/><a href=\"https:\/\/www.radiopiu.net\/wordpress\/wp-content\/uploads\/2024\/01\/GF07-12.mp3\">https:\/\/www.radiopiu.net\/wordpress\/wp-content\/uploads\/2024\/01\/GF07-12.mp3<\/a><\/audio>\n<p>&nbsp;<\/p>\n<p>&nbsp;<\/p>\n<p>&nbsp;<\/p>\n<blockquote><p><strong><a class=\"dt-pswp-item\" href=\"https:\/\/www.radiopiu.net\/wordpress\/wp-content\/uploads\/2021\/07\/microfono-radio-ok-768x448-768x448-1.jpg\" data-dt-img-description=\"\" data-large_image_width=\"768\" data-large_image_height=\"448\"><img loading=\"lazy\" decoding=\"async\" class=\"wp-image-220632 alignleft\" src=\"https:\/\/www.radiopiu.net\/wordpress\/wp-content\/uploads\/2021\/07\/microfono-radio-ok-768x448-768x448-1-300x175.jpg\" alt=\"\" width=\"178\" height=\"104\" srcset=\"https:\/\/www.radiopiu.net\/wordpress\/wp-content\/uploads\/2021\/07\/microfono-radio-ok-768x448-768x448-1-300x175.jpg 300w, https:\/\/www.radiopiu.net\/wordpress\/wp-content\/uploads\/2021\/07\/microfono-radio-ok-768x448-768x448-1.jpg 768w\" sizes=\"auto, (max-width: 178px) 100vw, 178px\" \/><\/a>GIORNALE RADIO NAZIONALE, EDIZIONE DELLE SETTE <span style=\"color: #0000ff;\">viene pubblicato alle 7.05 <span style=\"color: #ff0000;\">DIRETTA RADIO\u00a0<\/span><\/span><\/strong><\/p><\/blockquote>\n<p><strong>il giornale radionazionale e&#8217; in onda ogni ora, dalle sette del mattino alle venti della sera\u00a0\u00a0<\/strong><\/p>\n<p>&nbsp;<\/p>\n<p style=\"text-align: left;\">La legge sul <strong>suicidio assistito i<\/strong>n Veneto bocciata. <strong>Emanuele Pozzolo,<\/strong> revocato il porto d&#8217;armi al deputato di Fratelli d&#8217;Italia dopo lo sparo di capodanno. <strong>Il Pakistan<\/strong> accusa l&#8217;Iran per attacchi illegali. Prosegue <strong>l&#8217;inchiesta<\/strong> per la morte della ristoratrice di Lodi. <strong>Google<\/strong> licenzia Sport <strong>Juventus<\/strong>: sesta vittoria, Inter a 2 punti.<\/p>\n<p><strong>AUDIO<\/strong><\/p>\n<audio class=\"wp-audio-shortcode\" id=\"audio-370108-3\" preload=\"none\" style=\"width: 100%;\" controls=\"controls\"><source type=\"audio\/mpeg\" src=\"https:\/\/www.radiopiu.net\/wordpress\/wp-content\/uploads\/2024\/01\/giornale07-12.mp3?_=3\" \/><a href=\"https:\/\/www.radiopiu.net\/wordpress\/wp-content\/uploads\/2024\/01\/giornale07-12.mp3\">https:\/\/www.radiopiu.net\/wordpress\/wp-content\/uploads\/2024\/01\/giornale07-12.mp3<\/a><\/audio>\n<p>&nbsp;<\/p>\n<p>&nbsp;<\/p>\n<p>&nbsp;<\/p>\n<blockquote>\n<h2><strong><a class=\"dt-pswp-item\" href=\"https:\/\/www.radiopiu.net\/wordpress\/wp-content\/uploads\/2023\/12\/th-10.jpg\" data-dt-img-description=\"\" data-large_image_width=\"245\" data-large_image_height=\"180\"><img loading=\"lazy\" decoding=\"async\" class=\" wp-image-367395 alignleft\" src=\"https:\/\/www.radiopiu.net\/wordpress\/wp-content\/uploads\/2023\/12\/th-10.jpg\" alt=\"\" width=\"166\" height=\"122\" \/><\/a>RASSEGNA STAMPA LOCALE, ORE OTTO 05<\/strong><\/h2>\n<h2><strong> <span style=\"color: #0000ff;\">viene\u00a0 <\/span><\/strong><strong><span style=\"color: #0000ff;\">pubblicata alle 8.05 <span style=\"color: #ff0000;\">DIRETTA RADIO\u00a0\u00a0<\/span><\/span><\/strong><\/h2>\n<p>&nbsp;<\/p><\/blockquote>\n<h1><strong>video diretta radiopiu<\/strong><\/h1>\n<p>&nbsp;<\/p>\n<p><strong>MILANO<\/strong> Nel 2023, nel mercato immobiliare veneto, i prezzi di vendita e affitto sono in crescita, con un costo medio di oltre 2.000 euro al metro quadro (+5,3% rispetto a dicembre 2022).<br \/>\n<strong>BELLUNO<\/strong> Tre calciatori, Federico De Min, Matteo Verdicchio e Santiago Guido Visentin, sono stati assolti dall\u2019accusa di stupro di gruppo durante una festa di Ferragosto a Visome. La mancanza di prove sufficienti ha portato all\u2019assoluzione, con i giudici che hanno sottolineato la contraddittoriet\u00e0 delle testimonianze.<br \/>\n<strong>BELLUNO<\/strong> Il calciatore Daniel Onescu ha richiesto l\u2019accesso alla giustizia riparativa dopo l\u2019assoluzione nel caso di presunta violenza sessuale di gruppo. Tre compagni di squadra erano stati condannati a sei anni. Onescu si unisce a un percorso di risanamento previsto dalla riforma della giustizia Cartabia.<br \/>\n<strong>BELLUNO<\/strong> Francesco Dall\u2019O e Mattia Armando Russo chiedono lavori di pubblica utilit\u00e0, Lorenzo Alessandrelli e Dibran Hajdaraj l\u2019abbreviato per il pestaggio a una festa a Lambioi beach nel giugno scorso.<br \/>\n<strong>SANTA GIUSTINA<\/strong> Il 16 gennaio Luisa Alchini Presidente del Libro Parlato e Daniele Da Lan ottico optometrista e Presidente di Federottica Belluno, hanno relazionato ai corsisti dell\u2019Universit\u00e0 degli Adulti-Anziani della Destra Piave a Santa Giustina Bellunese, in merito alla \u201cvisione della terza et\u00e0\u201d.<\/p>\n<p>&nbsp;<\/p>\n<p><iframe loading=\"lazy\" title=\"DAL 1983 LA RASSEGNA STAMPA LOCALE di mirko mezzacasa. L&#039;ORIGINALE\" width=\"1200\" height=\"675\" src=\"https:\/\/www.youtube.com\/embed\/ZQxbxiR8gIE?feature=oembed\" frameborder=\"0\" allow=\"accelerometer; autoplay; clipboard-write; encrypted-media; gyroscope; picture-in-picture; web-share\" allowfullscreen><\/iframe><\/p>\n<hr \/>\n<p>&nbsp;<\/p>\n<p>&nbsp;<\/p>\n<p><a class=\"dt-pswp-item\" href=\"https:\/\/www.radiopiu.net\/wordpress\/wp-content\/uploads\/2023\/10\/34f4cfc6-e863-46e9-9695-8df44be63421.jpg\" data-dt-img-description=\"\" data-large_image_width=\"1200\" data-large_image_height=\"1200\"><img loading=\"lazy\" decoding=\"async\" class=\"wp-image-357393 alignleft\" src=\"https:\/\/www.radiopiu.net\/wordpress\/wp-content\/uploads\/2023\/10\/34f4cfc6-e863-46e9-9695-8df44be63421-300x300.jpg\" alt=\"\" width=\"81\" height=\"81\" srcset=\"https:\/\/www.radiopiu.net\/wordpress\/wp-content\/uploads\/2023\/10\/34f4cfc6-e863-46e9-9695-8df44be63421-300x300.jpg 300w, https:\/\/www.radiopiu.net\/wordpress\/wp-content\/uploads\/2023\/10\/34f4cfc6-e863-46e9-9695-8df44be63421-1024x1024.jpg 1024w, https:\/\/www.radiopiu.net\/wordpress\/wp-content\/uploads\/2023\/10\/34f4cfc6-e863-46e9-9695-8df44be63421-150x150.jpg 150w, https:\/\/www.radiopiu.net\/wordpress\/wp-content\/uploads\/2023\/10\/34f4cfc6-e863-46e9-9695-8df44be63421-768x768.jpg 768w, https:\/\/www.radiopiu.net\/wordpress\/wp-content\/uploads\/2023\/10\/34f4cfc6-e863-46e9-9695-8df44be63421.jpg 1200w\" sizes=\"auto, (max-width: 81px) 100vw, 81px\" \/><\/a>OGGI ALLA RADIO: <strong>ALLE 7<\/strong> LA RASSEGNA STAMPA LOCALE FLASH, PER CHI COME NOI ALLE SETTE DEL MATTINO VA DI FRETTA, TANTE NOTIZIE IN POCHE CHIACCHIERE. <strong>ALLE OTTO<\/strong> L&#8217;APPROFONDIMENTO NELLA STORICA RASSEGNA STAMPA LOCALE.\u00a0 DALLE 6 ALLE 21, OGNI ORA, L&#8217;INFORMAZIONE NAZIONALE, l&#8217;informazione locale, ALLE 10 flash. 11flash. 14 viabilit\u00e0. 15meteo. 16flash. 17flash. 18flash. 19 i titoli di Antenna 3<\/p>\n<p>OGGI ALLA RADIO: <strong>9.00<\/strong> LIBER DI LIANA CAVALLET \u00a0<strong>10.10-1810<\/strong>\u00a0CISL LA VOCE PER I LAVORATORI CON DAVIDE MONTAGNER, LUXOTTICA PEDEROBBA \u00a0<strong>10.30 E 1900 <\/strong>SE NON LA SMETTI TI MANDO DAL PRESIDE CON LA PROF MARIA ROSA SALMAZOALLE <strong>13.20 <\/strong>SPECIALE CONCORSO FOTOGRAFICO A CENCENIGHE .<\/p>\n<p>&nbsp;<\/p>\n<p>&nbsp;<\/p>\n<hr \/>\n<p>&nbsp;<\/p>\n<blockquote>\n<h3>ZAIA SUL FINE VITA DOPO IL VOTO IN CONSIGLIO REGIONALE VENETO il ddl \u00e8 stato rinviato in commissione alla luce del risultato del voto. Lega e PD hanno affossato la legge.<\/h3>\n<p>Proposta di legge di iniziativa popolare \u201cProcedure e tempi per l&#8217;assistenza sanitaria regionale al suicidio medicalmente assistito ai sensi e per effetto della sentenza n. 242 del 2019 della Corte Costituzionale\u201d.<\/p><\/blockquote>\n<div style=\"width: 1200px;\" class=\"wp-video\"><video class=\"wp-video-shortcode\" id=\"video-370108-1\" width=\"1200\" height=\"675\" preload=\"metadata\" controls=\"controls\"><source type=\"video\/mp4\" src=\"https:\/\/www.radiopiu.net\/wordpress\/wp-content\/uploads\/2024\/01\/WhatsApp-Video-2024-01-16-at-13.11.31.mp4?_=1\" \/><a href=\"https:\/\/www.radiopiu.net\/wordpress\/wp-content\/uploads\/2024\/01\/WhatsApp-Video-2024-01-16-at-13.11.31.mp4\">https:\/\/www.radiopiu.net\/wordpress\/wp-content\/uploads\/2024\/01\/WhatsApp-Video-2024-01-16-at-13.11.31.mp4<\/a><\/video><\/div>\n<p>&nbsp;<\/p>\n<p><strong>L&#8217;INTERVENTO COMPLETO DEL PRESIDENTE LUCA ZAIA\u00a0<\/strong><\/p>\n<p><iframe loading=\"lazy\" title=\"INTERVENTO ZAIA COMPLETO\" width=\"1200\" height=\"675\" src=\"https:\/\/www.youtube.com\/embed\/oZMqkRFaXnQ?feature=oembed\" frameborder=\"0\" allow=\"accelerometer; autoplay; clipboard-write; encrypted-media; gyroscope; picture-in-picture; web-share\" allowfullscreen><\/iframe><\/p>\n<p>&nbsp;<\/p>\n<hr \/>\n<p>&nbsp;<\/p>\n<blockquote>\n<h3>INCIDENTE IN PISTA A FALCADE. LA POLIZIA DI STATO SI PRENDE CURA DELL&#8217;INFORTUNATO<\/h3>\n<\/blockquote>\n<p><strong>FALCADE<\/strong>\u00a0 Ieri gli agenti della Polizia di Stato in servizio a Falcade sono stati contattati per un soccorso relativo a un incidente sciistico. Un cittadino italiano di 30 anni, coinvolto in una caduta, presentava un&#8217;importante contusione allo zigomo destro, perdita di memoria e nausea. L&#8217;incidente era avvenuto sulla pista &#8220;Raccordo Zingari-Lago Cavia&#8221;. L&#8217;infortunato, protetto dal casco, aveva perso coscienza per circa 15 secondi. Dopo essersi ripreso, si era recato alla stazione di valle della seggiovia, da dove \u00e8 stato soccorso. Gli agenti hanno applicato un collare cervicale e, utilizzando una motoslitta con carrello, lo hanno trasportato a Le Buse di Falcade. L&#8217;elisoccorso proveniente da Pieve di Cadore lo ha poi trasferito in ospedale alle 13:20. Il casco ha svolto un ruolo cruciale nell&#8217;attenuare le conseguenze dell&#8217;incidente. La Polizia di Stato sottolinea l&#8217;importanza del corretto utilizzo e della scelta della taglia adeguata del casco come elemento cruciale dell&#8217;attrezzatura da sci.<\/p>\n\n\t\t\t<style type='text\/css'>\n\t\t\t\t#gallery-1 {\n\t\t\t\t\tmargin: auto;\n\t\t\t\t}\n\t\t\t\t#gallery-1 .gallery-item {\n\t\t\t\t\tfloat: left;\n\t\t\t\t\tmargin-top: 10px;\n\t\t\t\t\ttext-align: center;\n\t\t\t\t\twidth: 50%;\n\t\t\t\t}\n\t\t\t\t#gallery-1 img {\n\t\t\t\t\tborder: 2px solid #cfcfcf;\n\t\t\t\t}\n\t\t\t\t#gallery-1 .gallery-caption {\n\t\t\t\t\tmargin-left: 0;\n\t\t\t\t}\n\t\t\t\t\/* see gallery_shortcode() in wp-includes\/media.php *\/\n\t\t\t<\/style>\n\t\t<div id='gallery-1' class='dt-gallery-container gallery galleryid-370108 gallery-columns-2 gallery-size-medium'><dl class='gallery-item'>\n\t\t\t\t<dt class='gallery-icon landscape'>\n\t\t\t\t\t<a class=\"rollover rollover-zoom dt-pswp-item\" title=\"Foto Elisocc\" data-dt-img-description=\"\" data-large_image_width=\"1024\" data-large_image_height=\"843\"href='https:\/\/www.radiopiu.net\/wordpress\/wp-content\/uploads\/2024\/01\/Foto-Elisocc.jpg'><img loading=\"lazy\" decoding=\"async\" width=\"300\" height=\"247\" src=\"https:\/\/www.radiopiu.net\/wordpress\/wp-content\/uploads\/2024\/01\/Foto-Elisocc-300x247.jpg\" class=\"attachment-medium size-medium\" alt=\"\" srcset=\"https:\/\/www.radiopiu.net\/wordpress\/wp-content\/uploads\/2024\/01\/Foto-Elisocc-300x247.jpg 300w, https:\/\/www.radiopiu.net\/wordpress\/wp-content\/uploads\/2024\/01\/Foto-Elisocc-768x632.jpg 768w, https:\/\/www.radiopiu.net\/wordpress\/wp-content\/uploads\/2024\/01\/Foto-Elisocc.jpg 1024w\" sizes=\"auto, (max-width: 300px) 100vw, 300px\" \/><\/a>\n\t\t\t\t<\/dt><\/dl><dl class='gallery-item'>\n\t\t\t\t<dt class='gallery-icon landscape'>\n\t\t\t\t\t<a class=\"rollover rollover-zoom dt-pswp-item\" title=\"Foto\" data-dt-img-description=\"\" data-large_image_width=\"640\" data-large_image_height=\"480\"href='https:\/\/www.radiopiu.net\/wordpress\/wp-content\/uploads\/2024\/01\/Foto-.jpeg'><img loading=\"lazy\" decoding=\"async\" width=\"300\" height=\"225\" src=\"https:\/\/www.radiopiu.net\/wordpress\/wp-content\/uploads\/2024\/01\/Foto--300x225.jpeg\" class=\"attachment-medium size-medium\" alt=\"\" srcset=\"https:\/\/www.radiopiu.net\/wordpress\/wp-content\/uploads\/2024\/01\/Foto--300x225.jpeg 300w, https:\/\/www.radiopiu.net\/wordpress\/wp-content\/uploads\/2024\/01\/Foto-.jpeg 640w\" sizes=\"auto, (max-width: 300px) 100vw, 300px\" \/><\/a>\n\t\t\t\t<\/dt><\/dl><br style=\"clear: both\" \/>\n\t\t\t<\/div>\n\n<p>&nbsp;<\/p>\n<hr \/>\n<p>&nbsp;<\/p>\n<blockquote>\n<h3>RECUPERATI DUE ESCURSIONISTI BLOCCATI NELLA NEVE<\/h3>\n<\/blockquote>\n<p><strong>CORTINA<\/strong> Luned\u00ec sera verso le 19, la Centrale del 118 \u00e8 stata contattata da una coppia di escursionisti bloccati dalla neve lungo il sentiero 215 che porta al Rifugio Vandelli. Partiti dal Passo Tre Croci, la donna di 36 anni di Albignasego (PD) ha avuto problemi a camminare a causa di calzature inadeguate e piedi ghiacciati. Il compagno di 27 anni di Villafranca Padovana (PD) ha cercato di riscaldarla e ha chiesto aiuto. Il Soccorso alpino di Cortina e la Guardia di finanza sono intervenuti, ma il recupero sarebbe stato lungo. L&#8217;elicottero di Trento \u00e8 giunto sul posto, ha issato entrambi a bordo e li ha trasportati in sicurezza. La coppia \u00e8 stata ospitata nella sede del Soccorso alpino per riscaldarsi. Un avviso sulla presenza di ghiaccio \u00e8 stato posto dopo un precedente intervento, sottolineando la necessit\u00e0 di attrezzatura alpinistica. Le basse temperature e il rischio di assideramento rendono fondamentale la precauzione in queste situazioni, dove l&#8217;elisoccorso pu\u00f2 non sempre intervenire tempestivamente.<\/p>\n\n\t\t\t<style type='text\/css'>\n\t\t\t\t#gallery-2 {\n\t\t\t\t\tmargin: auto;\n\t\t\t\t}\n\t\t\t\t#gallery-2 .gallery-item {\n\t\t\t\t\tfloat: left;\n\t\t\t\t\tmargin-top: 10px;\n\t\t\t\t\ttext-align: center;\n\t\t\t\t\twidth: 50%;\n\t\t\t\t}\n\t\t\t\t#gallery-2 img {\n\t\t\t\t\tborder: 2px solid #cfcfcf;\n\t\t\t\t}\n\t\t\t\t#gallery-2 .gallery-caption {\n\t\t\t\t\tmargin-left: 0;\n\t\t\t\t}\n\t\t\t\t\/* see gallery_shortcode() in wp-includes\/media.php *\/\n\t\t\t<\/style>\n\t\t<div id='gallery-2' class='dt-gallery-container gallery galleryid-370108 gallery-columns-2 gallery-size-thumbnail'><dl class='gallery-item'>\n\t\t\t\t<dt class='gallery-icon landscape'>\n\t\t\t\t\t<a class=\"rollover rollover-zoom dt-pswp-item\" title=\"Watermark_20240116_115448_589\" data-dt-img-description=\"\" data-large_image_width=\"2048\" data-large_image_height=\"2048\"href='https:\/\/www.radiopiu.net\/wordpress\/wp-content\/uploads\/2024\/01\/Watermark_20240116_115448_589.jpg'><img loading=\"lazy\" decoding=\"async\" width=\"150\" height=\"150\" src=\"https:\/\/www.radiopiu.net\/wordpress\/wp-content\/uploads\/2024\/01\/Watermark_20240116_115448_589-150x150.jpg\" class=\"attachment-thumbnail size-thumbnail\" alt=\"\" srcset=\"https:\/\/www.radiopiu.net\/wordpress\/wp-content\/uploads\/2024\/01\/Watermark_20240116_115448_589-150x150.jpg 150w, https:\/\/www.radiopiu.net\/wordpress\/wp-content\/uploads\/2024\/01\/Watermark_20240116_115448_589-300x300.jpg 300w, https:\/\/www.radiopiu.net\/wordpress\/wp-content\/uploads\/2024\/01\/Watermark_20240116_115448_589-1024x1024.jpg 1024w, https:\/\/www.radiopiu.net\/wordpress\/wp-content\/uploads\/2024\/01\/Watermark_20240116_115448_589-768x768.jpg 768w, https:\/\/www.radiopiu.net\/wordpress\/wp-content\/uploads\/2024\/01\/Watermark_20240116_115448_589-1536x1536.jpg 1536w, https:\/\/www.radiopiu.net\/wordpress\/wp-content\/uploads\/2024\/01\/Watermark_20240116_115448_589.jpg 2048w\" sizes=\"auto, (max-width: 150px) 100vw, 150px\" \/><\/a>\n\t\t\t\t<\/dt><\/dl><dl class='gallery-item'>\n\t\t\t\t<dt class='gallery-icon portrait'>\n\t\t\t\t\t<a class=\"rollover rollover-zoom dt-pswp-item\" title=\"IMG-20240116-WA0001\" data-dt-img-description=\"\" data-large_image_width=\"768\" data-large_image_height=\"1024\"href='https:\/\/www.radiopiu.net\/wordpress\/wp-content\/uploads\/2024\/01\/IMG-20240116-WA0001.jpg'><img loading=\"lazy\" decoding=\"async\" width=\"150\" height=\"150\" src=\"https:\/\/www.radiopiu.net\/wordpress\/wp-content\/uploads\/2024\/01\/IMG-20240116-WA0001-150x150.jpg\" class=\"attachment-thumbnail size-thumbnail\" alt=\"\" \/><\/a>\n\t\t\t\t<\/dt><\/dl><br style=\"clear: both\" \/>\n\t\t\t<\/div>\n\n<p>&nbsp;<\/p>\n<hr \/>\n<p>&nbsp;<\/p>\n<p>&nbsp;<\/p>\n<blockquote>\n<h2>E&#8217; MANCATO A 61 ANNI MAURO POLATO, IL BIBLIOTECARIO<\/h2>\n<\/blockquote>\n<p><img loading=\"lazy\" decoding=\"async\" class=\"alignleft\" src=\"https:\/\/www.radiopiu.net\/wordpress\/wp-content\/uploads\/2024\/01\/91295021_10206917684658610_679108748395937792_n.jpg\" width=\"182\" height=\"184\" \/><\/p>\n<p>&nbsp;<\/p>\n<p><strong>CORTINA<\/strong><\/p>\n<p><strong>DI BARBARA PAOLAZZI<\/strong><\/p>\n<audio class=\"wp-audio-shortcode\" id=\"audio-370108-4\" preload=\"none\" style=\"width: 100%;\" controls=\"controls\"><source type=\"audio\/mpeg\" src=\"https:\/\/www.radiopiu.net\/wordpress\/wp-content\/uploads\/2024\/01\/BARBARA-POLATO.mp3?_=4\" \/><a href=\"https:\/\/www.radiopiu.net\/wordpress\/wp-content\/uploads\/2024\/01\/BARBARA-POLATO.mp3\">https:\/\/www.radiopiu.net\/wordpress\/wp-content\/uploads\/2024\/01\/BARBARA-POLATO.mp3<\/a><\/audio>\n<p>&nbsp;<\/p>\n<p>&nbsp;<\/p>\n<p>&nbsp;<\/p>\n<hr \/>\n<blockquote>\n<h2><\/h2>\n<h2>OGGI I FUNERALI DI STEFANO, IL VOLTO NOTO DI RIF<\/h2>\n<\/blockquote>\n<p><strong><a class=\"dt-pswp-item\" href=\"https:\/\/www.radiopiu.net\/wordpress\/wp-content\/uploads\/2024\/01\/Senza-nome-54.png\" data-dt-img-description=\"\" data-large_image_width=\"261\" data-large_image_height=\"302\"><img loading=\"lazy\" decoding=\"async\" class=\"wp-image-370064 alignleft\" src=\"https:\/\/www.radiopiu.net\/wordpress\/wp-content\/uploads\/2024\/01\/Senza-nome-54-259x300.png\" alt=\"\" width=\"114\" height=\"132\" srcset=\"https:\/\/www.radiopiu.net\/wordpress\/wp-content\/uploads\/2024\/01\/Senza-nome-54-259x300.png 259w, https:\/\/www.radiopiu.net\/wordpress\/wp-content\/uploads\/2024\/01\/Senza-nome-54.png 261w\" sizes=\"auto, (max-width: 114px) 100vw, 114px\" \/><\/a> <\/strong><\/p>\n<p><strong>\u00a0<\/strong><\/p>\n<p><strong>AGORDO<\/strong>\u00a0 Stefano Olivier dopo una lunga malattia \u00e8 mancato all&#8217;affetto dei suoi cari. Oggi alle 14 i funerali in chiesa ad Agordo. La famiglia Olivier, da Rif di Agordo ha voluto ringraziare il dottor Marcon, il personale infermieristico del reparto Medicina del Papa Luciani di Agordo. Eventuali offerte verranno devoluto all&#8217;associazione Pettirosso Agordino nel ricordo del caro Stefano.<\/p>\n<p>&nbsp;<\/p>\n<p>&nbsp;<\/p>\n<p>&nbsp;<\/p>\n<hr \/>\n<p>&nbsp;<\/p>\n<div class=\"flex-1 overflow-hidden\">\n<div class=\"react-scroll-to-bottom--css-jqgvi-79elbk h-full\">\n<div class=\"react-scroll-to-bottom--css-jqgvi-1n7m0yu\">\n<div class=\"flex flex-col pb-9 text-sm\">\n<div class=\"w-full text-token-text-primary\" data-testid=\"conversation-turn-13\">\n<div class=\"px-4 py-2 justify-center text-base md:gap-6 m-auto\">\n<div class=\"flex flex-1 text-base mx-auto gap-3 md:px-5 lg:px-1 xl:px-5 md:max-w-3xl lg:max-w-[40rem] xl:max-w-[48rem] group final-completion\">\n<div class=\"relative flex w-full flex-col lg:w-[calc(100%-115px)] agent-turn\">\n<div class=\"flex-col gap-1 md:gap-3\">\n<div class=\"flex flex-grow flex-col max-w-full\">\n<div class=\"min-h-[20px] text-message flex flex-col items-start gap-3 whitespace-pre-wrap break-words [.text-message+&amp;]:mt-5 overflow-x-auto\" data-message-author-role=\"assistant\" data-message-id=\"1af0b69d-d3ee-4081-8c3c-ff20225ac3e8\">\n<div class=\"markdown prose w-full break-words dark:prose-invert dark\">\n<blockquote>\n<h1><\/h1>\n<h1>Uccise un motociclista invadendo la corsia opposta: patteggia 1 anno e 4 mesi<\/h1>\n<p><em><strong><a class=\"dt-pswp-item\" href=\"https:\/\/www.radiopiu.net\/wordpress\/wp-content\/uploads\/2024\/01\/giesse-scaled-1.jpg\" data-dt-img-description=\"\" data-large_image_width=\"2560\" data-large_image_height=\"2560\"><img loading=\"lazy\" decoding=\"async\" class=\" wp-image-370196 alignleft\" src=\"https:\/\/www.radiopiu.net\/wordpress\/wp-content\/uploads\/2024\/01\/giesse-scaled-1-300x300.jpg\" alt=\"\" width=\"124\" height=\"124\" srcset=\"https:\/\/www.radiopiu.net\/wordpress\/wp-content\/uploads\/2024\/01\/giesse-scaled-1-300x300.jpg 300w, https:\/\/www.radiopiu.net\/wordpress\/wp-content\/uploads\/2024\/01\/giesse-scaled-1-1024x1024.jpg 1024w, https:\/\/www.radiopiu.net\/wordpress\/wp-content\/uploads\/2024\/01\/giesse-scaled-1-150x150.jpg 150w, https:\/\/www.radiopiu.net\/wordpress\/wp-content\/uploads\/2024\/01\/giesse-scaled-1-768x768.jpg 768w, https:\/\/www.radiopiu.net\/wordpress\/wp-content\/uploads\/2024\/01\/giesse-scaled-1-1536x1536.jpg 1536w, https:\/\/www.radiopiu.net\/wordpress\/wp-content\/uploads\/2024\/01\/giesse-scaled-1-2048x2048.jpg 2048w\" sizes=\"auto, (max-width: 124px) 100vw, 124px\" \/><\/a>BELLUNO<\/strong> Il cinquantenne M.C., residente nel Padovano, ha patteggiato un anno e quattro mesi di reclusione, pena sospesa, per aver ucciso il motociclista Nicola Valmassoni in un incidente stradale nel luglio 2022. Durante l&#8217;udienza al Tribunale di Belluno, \u00e8 stata accettata la richiesta di patteggiamento con la sospensione della patente per un anno. Giesse Risarcimento Danni sta avviando una causa civile per il risarcimento dei danni per conto dei familiari di Valmassoni. Le indagini, supportate da video-sorveglianza e consulenza tecnica, hanno escluso la responsabilit\u00e0 della vittima, evidenziando la velocit\u00e0 e l&#8217;assenza di frenata da parte dell&#8217;automobilista.\u00a0<\/em><\/p><\/blockquote>\n<\/div>\n<\/div>\n<\/div>\n<\/div>\n<\/div>\n<\/div>\n<\/div>\n<\/div>\n<\/div>\n<\/div>\n<\/div>\n<\/div>\n<div class=\"w-full pt-2 md:pt-0 dark:border-white\/20 md:border-transparent md:dark:border-transparent md:w-[calc(100%-.5rem)]\">\n<form class=\"stretch mx-2 flex flex-row gap-3 last:mb-2 md:mx-4 md:last:mb-6 lg:mx-auto lg:max-w-2xl xl:max-w-3xl\">\n<div class=\"relative flex h-full flex-1 items-stretch md:flex-col\">\n<div class=\"flex w-full items-center\">\u201cLe telecamere sono state fondamentali per attribuire le responsabilit\u00e0 del sinistro \u2013 spiega Gennaro Pisacane, responsabile della sede di Giesse Risarcimento Danni a Belluno &#8211; Gli inquirenti le hanno visionate fotogramma per fotogramma e hanno potuto accertare, contrariamente a quanto emerso nell\u2019immediatezza dei fatti, che Nicola non ebbe alcuna responsabilit\u00e0 nel verificarsi del sinistro. Oltre a questo &#8211; prosegue Pisacane &#8211; La consulenza tecnica dell\u2019ingegner Andrea Calzavara, professionista incaricato dal P.M. per fare luce sulla dinamica dell\u2019incidente, evidenzia che l\u2019automobilista guidava ad almeno 90 chilometri in un tratto di strada dove il limite consentito \u00e8 70 km\/h. Sottolinea, inoltre, l\u2019assenza di qualsiasi tentativo di frenata o di correzione della traiettoria da parte dello stesso, se non ad impatto avvenuto\u201d<\/div>\n<div><\/div>\n<div><\/div>\n<div><\/div>\n<div>\n<hr \/>\n<\/div>\n<div><\/div>\n<\/div>\n<\/form>\n<\/div>\n<p>&nbsp;<\/p>\n<hr \/>\n<p>&nbsp;<\/p>\n<p>&nbsp;<\/p>\n<p><strong><a class=\"dt-pswp-item\" href=\"https:\/\/www.radiopiu.net\/wordpress\/wp-content\/uploads\/2024\/01\/Senza-nome-34.png\" data-dt-img-description=\"\" data-large_image_width=\"239\" data-large_image_height=\"153\"><img loading=\"lazy\" decoding=\"async\" class=\"wp-image-369478 alignleft\" src=\"https:\/\/www.radiopiu.net\/wordpress\/wp-content\/uploads\/2024\/01\/Senza-nome-34.png\" alt=\"\" width=\"128\" height=\"82\" \/><\/a> <\/strong><\/p>\n<p><strong>\u00a0<\/strong><\/p>\n<p><strong>dal TG BELLUNESE di\u00a0 ANTENNA 3 ogni sera alle 19.30 sul canale 10 del digitale terrestre e alle 19 le anticipazioni alla radio.\u00a0<\/strong><\/p>\n<p>&nbsp;<\/p>\n<blockquote>\n<h3 class=\"_title post-title entry-title\">ELEZIONI, A GIUGNO ELECTION DAY EUROPEE E AMMINISTRATIVE. SI VOTA IN 31 COMUNI<\/h3>\n<\/blockquote>\n<p><strong>BELLUNO<\/strong> \u2013 Sono 31, pi\u00f9 della met\u00e0, i comuni bellunesi che andranno al rinnovo il prossimo giugno.E sar\u00e0 election day per europee e amministrative: urne aperte per 3 giorni l\u20198, il 9 e il 10 giugno. Intanto oggi al tavolo del Consiglio dei Ministri \u00e8 approdata la bozza del decreto che potrebbe dare il via libera al terzo mandato per i sindaci di comuni fino a 15 mila abitanti.<\/p>\n<p>DI TIZIANA BOLOGNANI<\/p>\n<p><iframe loading=\"lazy\" title=\"ELEZIONI, A GIUGNO ELECTION DAY EUROPEE E AMMINISTRATIVE. SI VOTA IN 31 COMUNI | 16\/01\/2024\" width=\"1200\" height=\"675\" src=\"https:\/\/www.youtube.com\/embed\/0YNuuTsnCCI?feature=oembed\" frameborder=\"0\" allow=\"accelerometer; autoplay; clipboard-write; encrypted-media; gyroscope; picture-in-picture; web-share\" allowfullscreen><\/iframe><\/p>\n<p>&nbsp;<\/p>\n<hr \/>\n<p>&nbsp;<\/p>\n<blockquote>\n<h3>&#8220;NON SONO CONFLUITA DA NESSUNA PARTE E NON MI RICANDIDO&#8221;<\/h3>\n<\/blockquote>\n<p>&nbsp;<\/p>\n<p><strong>ROCCA PIETORE\u00a0<\/strong><\/p>\n<p>DI GIANNI SANTOMASO<\/p>\n<audio class=\"wp-audio-shortcode\" id=\"audio-370108-5\" preload=\"none\" style=\"width: 100%;\" controls=\"controls\"><source type=\"audio\/mpeg\" src=\"https:\/\/www.radiopiu.net\/wordpress\/wp-content\/uploads\/2024\/01\/BORGIA-1.mp3?_=5\" \/><a href=\"https:\/\/www.radiopiu.net\/wordpress\/wp-content\/uploads\/2024\/01\/BORGIA-1.mp3\">https:\/\/www.radiopiu.net\/wordpress\/wp-content\/uploads\/2024\/01\/BORGIA-1.mp3<\/a><\/audio>\n<p>&nbsp;<\/p>\n<p>&nbsp;<\/p>\n<hr \/>\n<p>&nbsp;<\/p>\n<blockquote>\n<h3>MERCATO IMMOBILIARE: IN VENETO AUMENTANO I PREZZI DI VENDITA<\/h3>\n<\/blockquote>\n<p><strong><a class=\"dt-pswp-item\" href=\"https:\/\/www.radiopiu.net\/wordpress\/wp-content\/uploads\/2023\/01\/CHIAVI-CASA.jpg\" data-dt-img-description=\"\" data-large_image_width=\"1920\" data-large_image_height=\"1280\"><img loading=\"lazy\" decoding=\"async\" class=\" wp-image-317397 alignleft\" src=\"https:\/\/www.radiopiu.net\/wordpress\/wp-content\/uploads\/2023\/01\/CHIAVI-CASA-300x200.jpg\" alt=\"\" width=\"170\" height=\"113\" srcset=\"https:\/\/www.radiopiu.net\/wordpress\/wp-content\/uploads\/2023\/01\/CHIAVI-CASA-300x200.jpg 300w, https:\/\/www.radiopiu.net\/wordpress\/wp-content\/uploads\/2023\/01\/CHIAVI-CASA-1024x683.jpg 1024w, https:\/\/www.radiopiu.net\/wordpress\/wp-content\/uploads\/2023\/01\/CHIAVI-CASA-768x512.jpg 768w, https:\/\/www.radiopiu.net\/wordpress\/wp-content\/uploads\/2023\/01\/CHIAVI-CASA-1536x1024.jpg 1536w, https:\/\/www.radiopiu.net\/wordpress\/wp-content\/uploads\/2023\/01\/CHIAVI-CASA.jpg 1920w\" sizes=\"auto, (max-width: 170px) 100vw, 170px\" \/><\/a>MILANO<\/strong> Nel 2023, nel mercato immobiliare veneto, i prezzi di vendita e affitto sono in crescita, con un costo medio di oltre 2.000 euro al metro quadro (+5,3% rispetto a dicembre 2022). Nonostante un rallentamento nel quarto trimestre, si registra ancora un aumento dell&#8217;1%. L&#8217;interesse per l&#8217;acquisto \u00e8 cresciuto del 4,5% nell&#8217;anno ma ha subito una contrazione del -3,6% negli ultimi tre mesi del 2023. La provincia di Belluno \u00e8 la pi\u00f9 costosa, mentre Venezia ha registrato la maggiore crescita annuale (+8,4%). L&#8217;interesse degli acquirenti \u00e8 in crescita, ad eccezione di Verona e Belluno che hanno visto un calo. La domanda di affitto ha invertito la tendenza nel quarto trimestre, diminuendo del -11,7%, mentre l&#8217;offerta \u00e8 in aumento.<\/p>\n<p>&nbsp;<\/p>\n<p>&nbsp;<\/p>\n<hr \/>\n<p>&nbsp;<\/p>\n<div class=\"w-full pt-2 md:pt-0 dark:border-white\/20 md:border-transparent md:dark:border-transparent md:w-[calc(100%-.5rem)]\">\n<form class=\"stretch mx-2 flex flex-row gap-3 last:mb-2 md:mx-4 md:last:mb-6 lg:mx-auto lg:max-w-2xl xl:max-w-3xl\">\n<div class=\"relative flex h-full flex-1 items-stretch md:flex-col\">\n<div><strong>OGGI LA GIUDIZIARIA, DAL CORRIERE DELLE ALPI<\/strong><br \/>\n<strong>DI GIGI SOSSO\u00a0<\/strong><\/div>\n<\/div>\n<div><\/div>\n<blockquote>\n<h3>ASSOLTI AL PROCESSO PER STUPRO DI GRUPPO<\/h3>\n<\/blockquote>\n<div>Tre calciatori, Federico De Min, Matteo Verdicchio e Santiago Guido Visentin, sono stati assolti dall&#8217;accusa di stupro di gruppo durante una festa di Ferragosto a Visome. La mancanza di prove sufficienti ha portato all&#8217;assoluzione, con i giudici che hanno sottolineato la contraddittoriet\u00e0 delle testimonianze. Gli imputati, visibilmente sollevati, hanno definito l&#8217;esperienza un lungo incubo. La sentenza completa verr\u00e0 motivata tra 90 giorni. La donna accusatrice, non ritenuta sufficientemente credibile, ha chiesto una condanna a otto anni e un risarcimento di 150 mila euro. Le difese hanno respinto le accuse, sottolineando la mancanza di lesioni e sostenendo che i rapporti erano consenzienti tra adulti. La sentenza \u00e8 stata accolta con dissequestri, mentre Visentin si trova in Argentina dopo essere stato messo fuori rosa dal Cittadella in Serie B.<\/div>\n<\/form>\n<\/div>\n<p>&nbsp;<\/p>\n<blockquote>\n<h3>GIUSTIZIA RIPARATIVA PER ONESCU<\/h3>\n<\/blockquote>\n<p>Il calciatore Daniel Onescu ha richiesto l&#8217;accesso alla giustizia riparativa dopo l&#8217;assoluzione nel caso di presunta violenza sessuale di gruppo. Tre compagni di squadra erano stati condannati a sei anni. Onescu si unisce a un percorso di risanamento previsto dalla riforma della giustizia Cartabia. Tuttavia, la Corte d&#8217;Appello ha rinviato la decisione a giugno, poich\u00e9 mancano i necessari centri e mediatori. Sospeso dalla Dolomiti Bellunesi, Onescu aveva ripreso l&#8217;incidente con il cellulare. Nel 2020, durante una serata, la situazione era sfociata in rapporti completi senza consenso.<\/p>\n<p>&nbsp;<\/p>\n<blockquote>\n<h3>RAID PUNITIVO AL PIAVE, VOLONTARIATO E ABBREVIATO<\/h3>\n<\/blockquote>\n<p>Francesco Dall&#8217;O e Mattia Armando Russo chiedono lavori di pubblica utilit\u00e0, Lorenzo Alessandrelli e Dibran Hajdaraj l&#8217;abbreviato per il pestaggio a una festa a Lambioi beach nel giugno scorso. Xhulio Cela, indicato come l&#8217;organizzatore del raid, risulta in Albania. L&#8217;aggressione ha causato lesioni gravi. Gli imputati cercano l&#8217;assoluzione, mentre il Daspo &#8220;Willy&#8221; \u00e8 stato applicato a tre di loro. Un certificato medico attesta dieci giorni di malattia per una vittima. La Procura ha chiesto l&#8217;archiviazione per Edinson Da Corte.<\/p>\n<p>&nbsp;<\/p>\n<p>&nbsp;<\/p>\n<p>&nbsp;<\/p>\n<p>&nbsp;<\/p>\n<hr \/>\n<p>&nbsp;<\/p>\n<blockquote>\n<h3>BILANCIO POSITIVO PER I &#8220;PATTI DI COLLABORAZIONE&#8221; A FELTRE: 13 ACCORDI NEL 2023<\/h3>\n<\/blockquote>\n<p><strong><a class=\"dt-pswp-item\" href=\"https:\/\/www.radiopiu.net\/wordpress\/wp-content\/uploads\/2024\/01\/3c5c18c0-f741-4830-9093-bb00f3774d27.jpg\" data-dt-img-description=\"\" data-large_image_width=\"1354\" data-large_image_height=\"761\"><img loading=\"lazy\" decoding=\"async\" class=\" wp-image-370179 alignleft\" src=\"https:\/\/www.radiopiu.net\/wordpress\/wp-content\/uploads\/2024\/01\/3c5c18c0-f741-4830-9093-bb00f3774d27-300x169.jpg\" alt=\"\" width=\"224\" height=\"126\" srcset=\"https:\/\/www.radiopiu.net\/wordpress\/wp-content\/uploads\/2024\/01\/3c5c18c0-f741-4830-9093-bb00f3774d27-300x169.jpg 300w, https:\/\/www.radiopiu.net\/wordpress\/wp-content\/uploads\/2024\/01\/3c5c18c0-f741-4830-9093-bb00f3774d27-1024x576.jpg 1024w, https:\/\/www.radiopiu.net\/wordpress\/wp-content\/uploads\/2024\/01\/3c5c18c0-f741-4830-9093-bb00f3774d27-768x432.jpg 768w, https:\/\/www.radiopiu.net\/wordpress\/wp-content\/uploads\/2024\/01\/3c5c18c0-f741-4830-9093-bb00f3774d27.jpg 1354w\" sizes=\"auto, (max-width: 224px) 100vw, 224px\" \/><\/a>FELTRE<\/strong> Il Comune di Feltre celebra un bilancio positivo dopo il primo anno di &#8220;patti di collaborazione&#8221; nell&#8217;amministrazione Fusaro. Nel 2023, 13 accordi tra privati, associazioni e l&#8217;amministrazione hanno portato a interventi di manutenzione in varie aree feltrine, inclusi il nuovo parco giochi a Farra 2000. Diverse realt\u00e0, da privati a societ\u00e0 sportive, hanno contribuito a sfalci, cura dei cimiteri, campi sportivi e parchi. L&#8217;approccio collaborativo si rivela efficace, con nuovi accordi in vista nel 2024.<\/p>\n<p><strong>DI DANIELE DALVIT<\/strong><\/p>\n<audio class=\"wp-audio-shortcode\" id=\"audio-370108-6\" preload=\"none\" style=\"width: 100%;\" controls=\"controls\"><source type=\"audio\/mpeg\" src=\"https:\/\/www.radiopiu.net\/wordpress\/wp-content\/uploads\/2024\/01\/Radio-Piu-Servizio-Bilancio-patti-collaborazione-Feltre.mp3?_=6\" \/><a href=\"https:\/\/www.radiopiu.net\/wordpress\/wp-content\/uploads\/2024\/01\/Radio-Piu-Servizio-Bilancio-patti-collaborazione-Feltre.mp3\">https:\/\/www.radiopiu.net\/wordpress\/wp-content\/uploads\/2024\/01\/Radio-Piu-Servizio-Bilancio-patti-collaborazione-Feltre.mp3<\/a><\/audio>\n<p>&nbsp;<\/p>\n<p>&nbsp;<\/p>\n<hr \/>\n<p>&nbsp;<\/p>\n<blockquote>\n<h1>Federottica e Libro Parlato insieme per la terza et\u00e0.<\/h1>\n<\/blockquote>\n<p><strong>SANTA GIUSTINA\u00a0<\/strong> Il 16 gennaio Luisa Alchini Presidente del Libro Parlato e Daniele Da Lan ottico optometrista e Presidente di Federottica Belluno, hanno relazionato ai corsisti dell\u2019Universit\u00e0 degli Adulti-Anziani della Destra Piave a Santa Giustina Bellunese, in merito alla \u201cvisione della terza et\u00e0\u201d. I numerosi partecipanti (circa 90) hanno appreso quali sono le difficolt\u00e0 visive che maggiormente si riscontrano con l\u2019avanzare degli anni e come vengono supportate dai professionisti sul territorio. Da Lan ha illustrato gli ambiti in cui opera l\u2019ottico optometrista rispondendo ai numerosi quesiti posti dai partecipanti.<br \/>\nLa Presidente del Libro Parlato ha riassunto i 40 anni di attivit\u00e0 del Libro Parlato focalizzando l\u2019attenzione sulle potenzialit\u00e0 della voce umana in particolare come essa possa influenzare positivamente chi ascolta una lettura diretta o registrata, riportando studi che hanno dimostrato i benefici che gli audiolibri possono indurre, dal loro ascolto, da parte soprattutto degli anziani.<\/p>\n\n\t\t\t<style type='text\/css'>\n\t\t\t\t#gallery-3 {\n\t\t\t\t\tmargin: auto;\n\t\t\t\t}\n\t\t\t\t#gallery-3 .gallery-item {\n\t\t\t\t\tfloat: left;\n\t\t\t\t\tmargin-top: 10px;\n\t\t\t\t\ttext-align: center;\n\t\t\t\t\twidth: 20%;\n\t\t\t\t}\n\t\t\t\t#gallery-3 img {\n\t\t\t\t\tborder: 2px solid #cfcfcf;\n\t\t\t\t}\n\t\t\t\t#gallery-3 .gallery-caption {\n\t\t\t\t\tmargin-left: 0;\n\t\t\t\t}\n\t\t\t\t\/* see gallery_shortcode() in wp-includes\/media.php *\/\n\t\t\t<\/style>\n\t\t<div id='gallery-3' class='dt-gallery-container gallery galleryid-370108 gallery-columns-5 gallery-size-thumbnail'><dl class='gallery-item'>\n\t\t\t\t<dt class='gallery-icon landscape'>\n\t\t\t\t\t<a class=\"rollover\" href='https:\/\/www.radiopiu.net\/wordpress\/federottica-e-libro-parlato-insieme-per-la-terza-eta\/55545761-195d-4fc5-959d-f1bfbea1ab3f\/'><img loading=\"lazy\" decoding=\"async\" width=\"150\" height=\"150\" src=\"https:\/\/www.radiopiu.net\/wordpress\/wp-content\/uploads\/2024\/01\/55545761-195d-4fc5-959d-f1bfbea1ab3f-150x150.jpg\" class=\"attachment-thumbnail size-thumbnail\" alt=\"\" \/><\/a>\n\t\t\t\t<\/dt><\/dl><dl class='gallery-item'>\n\t\t\t\t<dt class='gallery-icon landscape'>\n\t\t\t\t\t<a class=\"rollover\" href='https:\/\/www.radiopiu.net\/wordpress\/federottica-e-libro-parlato-insieme-per-la-terza-eta\/9538b028-2d6b-46f2-b68d-a3ee21ebf19a\/'><img loading=\"lazy\" decoding=\"async\" width=\"150\" height=\"150\" src=\"https:\/\/www.radiopiu.net\/wordpress\/wp-content\/uploads\/2024\/01\/9538b028-2d6b-46f2-b68d-a3ee21ebf19a-150x150.jpg\" class=\"attachment-thumbnail size-thumbnail\" alt=\"\" \/><\/a>\n\t\t\t\t<\/dt><\/dl><dl class='gallery-item'>\n\t\t\t\t<dt class='gallery-icon landscape'>\n\t\t\t\t\t<a class=\"rollover\" href='https:\/\/www.radiopiu.net\/wordpress\/federottica-e-libro-parlato-insieme-per-la-terza-eta\/e67d86ce-bf82-495c-8c57-4d2d41ec55b4\/'><img loading=\"lazy\" decoding=\"async\" width=\"150\" height=\"150\" src=\"https:\/\/www.radiopiu.net\/wordpress\/wp-content\/uploads\/2024\/01\/e67d86ce-bf82-495c-8c57-4d2d41ec55b4-150x150.jpg\" class=\"attachment-thumbnail size-thumbnail\" alt=\"\" \/><\/a>\n\t\t\t\t<\/dt><\/dl><dl class='gallery-item'>\n\t\t\t\t<dt class='gallery-icon landscape'>\n\t\t\t\t\t<a class=\"rollover\" href='https:\/\/www.radiopiu.net\/wordpress\/federottica-e-libro-parlato-insieme-per-la-terza-eta\/18048c4d-b120-43ae-951f-44ec912bc268\/'><img loading=\"lazy\" decoding=\"async\" width=\"150\" height=\"150\" src=\"https:\/\/www.radiopiu.net\/wordpress\/wp-content\/uploads\/2024\/01\/18048c4d-b120-43ae-951f-44ec912bc268-150x150.jpg\" class=\"attachment-thumbnail size-thumbnail\" alt=\"\" \/><\/a>\n\t\t\t\t<\/dt><\/dl><dl class='gallery-item'>\n\t\t\t\t<dt class='gallery-icon landscape'>\n\t\t\t\t\t<a class=\"rollover\" href='https:\/\/www.radiopiu.net\/wordpress\/federottica-e-libro-parlato-insieme-per-la-terza-eta\/f16a8092-9a32-41ee-bff6-bb4ef580aace\/'><img loading=\"lazy\" decoding=\"async\" width=\"150\" height=\"150\" src=\"https:\/\/www.radiopiu.net\/wordpress\/wp-content\/uploads\/2024\/01\/f16a8092-9a32-41ee-bff6-bb4ef580aace-150x150.jpg\" class=\"attachment-thumbnail size-thumbnail\" alt=\"\" \/><\/a>\n\t\t\t\t<\/dt><\/dl><br style=\"clear: both\" \/><dl class='gallery-item'>\n\t\t\t\t<dt class='gallery-icon landscape'>\n\t\t\t\t\t<a class=\"rollover\" href='https:\/\/www.radiopiu.net\/wordpress\/federottica-e-libro-parlato-insieme-per-la-terza-eta\/1f3a2342-ce3e-4411-88fd-3abb67930275\/'><img loading=\"lazy\" decoding=\"async\" width=\"150\" height=\"150\" src=\"https:\/\/www.radiopiu.net\/wordpress\/wp-content\/uploads\/2024\/01\/1f3a2342-ce3e-4411-88fd-3abb67930275-150x150.jpg\" class=\"attachment-thumbnail size-thumbnail\" alt=\"\" \/><\/a>\n\t\t\t\t<\/dt><\/dl><dl class='gallery-item'>\n\t\t\t\t<dt class='gallery-icon landscape'>\n\t\t\t\t\t<a class=\"rollover\" href='https:\/\/www.radiopiu.net\/wordpress\/federottica-e-libro-parlato-insieme-per-la-terza-eta\/722a5a37-6bef-4f4c-8972-7c8d0015a4f4\/'><img loading=\"lazy\" decoding=\"async\" width=\"150\" height=\"150\" src=\"https:\/\/www.radiopiu.net\/wordpress\/wp-content\/uploads\/2024\/01\/722a5a37-6bef-4f4c-8972-7c8d0015a4f4-150x150.jpg\" class=\"attachment-thumbnail size-thumbnail\" alt=\"\" \/><\/a>\n\t\t\t\t<\/dt><\/dl><dl class='gallery-item'>\n\t\t\t\t<dt class='gallery-icon landscape'>\n\t\t\t\t\t<a class=\"rollover\" href='https:\/\/www.radiopiu.net\/wordpress\/federottica-e-libro-parlato-insieme-per-la-terza-eta\/8262eca7-f020-4a29-af3c-e3367cd337b3\/'><img loading=\"lazy\" decoding=\"async\" width=\"150\" height=\"150\" src=\"https:\/\/www.radiopiu.net\/wordpress\/wp-content\/uploads\/2024\/01\/8262eca7-f020-4a29-af3c-e3367cd337b3-150x150.jpg\" class=\"attachment-thumbnail size-thumbnail\" alt=\"\" \/><\/a>\n\t\t\t\t<\/dt><\/dl><dl class='gallery-item'>\n\t\t\t\t<dt class='gallery-icon landscape'>\n\t\t\t\t\t<a class=\"rollover\" href='https:\/\/www.radiopiu.net\/wordpress\/federottica-e-libro-parlato-insieme-per-la-terza-eta\/5ecc4545-8bf7-48f9-bc94-9ff176e98982\/'><img loading=\"lazy\" decoding=\"async\" width=\"150\" height=\"150\" src=\"https:\/\/www.radiopiu.net\/wordpress\/wp-content\/uploads\/2024\/01\/5ecc4545-8bf7-48f9-bc94-9ff176e98982-150x150.jpg\" class=\"attachment-thumbnail size-thumbnail\" alt=\"\" \/><\/a>\n\t\t\t\t<\/dt><\/dl><dl class='gallery-item'>\n\t\t\t\t<dt class='gallery-icon landscape'>\n\t\t\t\t\t<a class=\"rollover\" href='https:\/\/www.radiopiu.net\/wordpress\/federottica-e-libro-parlato-insieme-per-la-terza-eta\/8cecffa8-f2b5-4e51-9697-73d5a24159c9\/'><img loading=\"lazy\" decoding=\"async\" width=\"150\" height=\"150\" src=\"https:\/\/www.radiopiu.net\/wordpress\/wp-content\/uploads\/2024\/01\/8cecffa8-f2b5-4e51-9697-73d5a24159c9-150x150.jpg\" class=\"attachment-thumbnail size-thumbnail\" alt=\"\" \/><\/a>\n\t\t\t\t<\/dt><\/dl><br style=\"clear: both\" \/>\n\t\t\t<\/div>\n\n<p>&nbsp;<\/p>\n<p>&nbsp;<\/p>\n<p>&nbsp;<\/p>\n<p>&nbsp;<\/p>\n<p>&nbsp;<\/p>\n<hr \/>\n<p>&nbsp;<\/p>\n<blockquote>\n<h3>LA SCUOLA DI MUGNAI VINCE IL TERZO PREMIO AL CONCORSO REGIONALE CON UNO SPOT SUL PARCO DOLOMITI BELLUNESI<\/h3>\n<\/blockquote>\n<p><strong><a class=\"dt-pswp-item\" href=\"https:\/\/www.radiopiu.net\/wordpress\/wp-content\/uploads\/2021\/07\/PARCO-DOLOMITI-BELLUNESI.jpg\" data-dt-img-description=\"\" data-large_image_width=\"259\" data-large_image_height=\"440\"><img loading=\"lazy\" decoding=\"async\" class=\" wp-image-223150 alignleft\" src=\"https:\/\/www.radiopiu.net\/wordpress\/wp-content\/uploads\/2021\/07\/PARCO-DOLOMITI-BELLUNESI-177x300.jpg\" alt=\"\" width=\"91\" height=\"154\" srcset=\"https:\/\/www.radiopiu.net\/wordpress\/wp-content\/uploads\/2021\/07\/PARCO-DOLOMITI-BELLUNESI-177x300.jpg 177w, https:\/\/www.radiopiu.net\/wordpress\/wp-content\/uploads\/2021\/07\/PARCO-DOLOMITI-BELLUNESI.jpg 259w\" sizes=\"auto, (max-width: 91px) 100vw, 91px\" \/><\/a>FELTRE<\/strong> L&#8217;Ufficio Scolastico Regionale del Veneto, in collaborazione con l&#8217;Universit\u00e0 Ca\u2019 Foscari di Venezia, ha organizzato un concorso per la valorizzazione delle lingue straniere, coinvolgendo 26 scuole della regione. Gli studenti della scuola Primaria Orazio Zasio di Mugnai di Feltre hanno ricevuto il terzo premio per uno spot promozionale in lingua inglese dedicato al Parco Nazionale delle Dolomiti Bellunesi. La cerimonia di premiazione si \u00e8 svolta il 26 settembre a Venezia in occasione della Giornata Europea delle Lingue. Le insegnanti hanno invitato il Presidente del Parco, Ennio Vigne, in classe per illustrare il lavoro e proiettare il filmato promozionale. Durante l&#8217;incontro, i bambini hanno ricevuto materiale informativo sul Parco e il Presidente Vigne ha elogiato il loro impegno nell&#8217;avvicinarsi alla tutela dell&#8217;ambiente.<\/p>\n<p>&nbsp;<\/p>\n<p>&nbsp;<\/p>\n<hr \/>\n<p>&nbsp;<\/p>\n<blockquote>\n<h3>Avvio della discussione in Senato del disegno di legge sull\u2019autonomia differenziata Il Sindaco De Pellegrin: <em>\u201cE\u2019 un momento storico, che pu\u00f2 dare spazio di attuazione alla legge regionale sulla specificit\u00e0 montana\u201d<\/em><\/h3>\n<\/blockquote>\n<p>Il sindaco di Belluno, Oscar De Pellegrin, esprime interesse per la discussione in Senato del disegno di legge sull&#8217;Autonomia differenziata delle regioni a statuto ordinario. Sostiene una migliore distribuzione dei fondi, specialmente per le aree depresse e montane. Vede l&#8217;Autonomia come una risposta alle esigenze specifiche delle regioni, soprattutto per affrontare problemi come lo spopolamento. Ritiene che il percorso legislativo sia un rispetto della volont\u00e0 popolare espressa nel referendum. Pone l&#8217;attenzione sui Local Economic Performance (LEP) come strumento per gestire il denaro pubblico in modo virtuoso e uniforme, premiando le amministrazioni efficienti e favorendo la residenzialit\u00e0 nelle aree svantaggiate. La sua amministrazione \u00e8 gi\u00e0 impegnata in questa direzione.<\/p>\n<p><strong>VIDEO<\/strong><\/p>\n<div style=\"width: 848px;\" class=\"wp-video\"><video class=\"wp-video-shortcode\" id=\"video-370108-2\" width=\"848\" height=\"480\" preload=\"metadata\" controls=\"controls\"><source type=\"video\/mp4\" src=\"https:\/\/www.radiopiu.net\/wordpress\/wp-content\/uploads\/2024\/01\/Sindaco-su-ddl-autonomia-in-Senato.mp4?_=2\" \/><a href=\"https:\/\/www.radiopiu.net\/wordpress\/wp-content\/uploads\/2024\/01\/Sindaco-su-ddl-autonomia-in-Senato.mp4\">https:\/\/www.radiopiu.net\/wordpress\/wp-content\/uploads\/2024\/01\/Sindaco-su-ddl-autonomia-in-Senato.mp4<\/a><\/video><\/div>\n<p>&nbsp;<\/p>\n<p>&nbsp;<\/p>\n<blockquote>\n<h2>MOMENTO STORICO, PER ZAIA E PER DE PELLEGRIN<\/h2>\n<\/blockquote>\n<p>&nbsp;<\/p>\n<p>DI BARBARA PAOLAZZI<\/p>\n<audio class=\"wp-audio-shortcode\" id=\"audio-370108-7\" preload=\"none\" style=\"width: 100%;\" controls=\"controls\"><source type=\"audio\/mpeg\" src=\"https:\/\/www.radiopiu.net\/wordpress\/wp-content\/uploads\/2024\/01\/BARBARA-ZAIA-OGGI.mp3?_=7\" \/><a href=\"https:\/\/www.radiopiu.net\/wordpress\/wp-content\/uploads\/2024\/01\/BARBARA-ZAIA-OGGI.mp3\">https:\/\/www.radiopiu.net\/wordpress\/wp-content\/uploads\/2024\/01\/BARBARA-ZAIA-OGGI.mp3<\/a><\/audio>\n<p>&nbsp;<\/p>\n<p>&nbsp;<\/p>\n<p>&nbsp;<\/p>\n<hr \/>\n<p>&nbsp;<\/p>\n<p><strong><a class=\"dt-pswp-item\" href=\"https:\/\/www.radiopiu.net\/wordpress\/wp-content\/uploads\/2024\/01\/Senza-nome-34.png\" data-dt-img-description=\"\" data-large_image_width=\"239\" data-large_image_height=\"153\"><img loading=\"lazy\" decoding=\"async\" class=\"wp-image-369478 alignleft\" src=\"https:\/\/www.radiopiu.net\/wordpress\/wp-content\/uploads\/2024\/01\/Senza-nome-34.png\" alt=\"\" width=\"128\" height=\"82\" \/><\/a> <\/strong><\/p>\n<p><strong>\u00a0<\/strong><\/p>\n<p><strong>dal TG BELLUNESE di\u00a0 ANTENNA 3 ogni sera alle 19.30 sul canale 10 del digitale terrestre e alle 19 le anticipazioni alla radio.\u00a0<\/strong><\/p>\n<p>&nbsp;<\/p>\n<blockquote>\n<h2 class=\"_title post-title entry-title\">SEAS AMBULANZE, LA SITUAZIONE SI SBLOCCA DOPO L\u2019APPELLO AI NOSTRI MICROFONI<\/h2>\n<\/blockquote>\n<p><strong> COMELICO SUPERIORE<\/strong> \u2013 E\u2019 salvo il servizio della Seas ambulanze di Comelico Cadore, che opera anche a supporto della base del Suem 118 di Pieve di Cadore e che, dopo oltre un anno e mezzo di solleciti a vuoto, ha ottenuto l\u2019accreditamento regionale.<\/p>\n<p>Intervistati FABRIZIO SARENTI PRESIDENTE SEAS AMBULANZE CADORE COMELICO (AL TELEFONO)<\/p>\n<h2><a href=\"https:\/\/antennatre.medianordest.it\/redazione\/Tiziana-Bolognani\/\">Tiziana Bolognani<\/a><\/h2>\n<p><iframe loading=\"lazy\" title=\"SEAS AMBULANZE, LA SITUAZIONE SI SBLOCCA DOPO L&#039;APPELLO AI NOSTRI MICROFONI  | 16\/01\/2024\" width=\"1200\" height=\"675\" src=\"https:\/\/www.youtube.com\/embed\/IRLomHSMELo?feature=oembed\" frameborder=\"0\" allow=\"accelerometer; autoplay; clipboard-write; encrypted-media; gyroscope; picture-in-picture; web-share\" allowfullscreen><\/iframe><\/p>\n<p>&nbsp;<\/p>\n<p>&nbsp;<\/p>\n<hr \/>\n<p>&nbsp;<\/p>\n<blockquote>\n<h2>Preoccupazione per Interventi in Montagna Innevata. Consigli per una Sicura Escursione<\/h2>\n<\/blockquote>\n<p>&nbsp;<\/p>\n<p><a class=\"dt-pswp-item\" href=\"https:\/\/www.radiopiu.net\/wordpress\/wp-content\/uploads\/2024\/01\/Senza-nome-57.png\" data-dt-img-description=\"\" data-large_image_width=\"304\" data-large_image_height=\"235\"><img loading=\"lazy\" decoding=\"async\" class=\" wp-image-370245 alignleft\" src=\"https:\/\/www.radiopiu.net\/wordpress\/wp-content\/uploads\/2024\/01\/Senza-nome-57-300x232.png\" alt=\"\" width=\"149\" height=\"115\" srcset=\"https:\/\/www.radiopiu.net\/wordpress\/wp-content\/uploads\/2024\/01\/Senza-nome-57-300x232.png 300w, https:\/\/www.radiopiu.net\/wordpress\/wp-content\/uploads\/2024\/01\/Senza-nome-57.png 304w\" sizes=\"auto, (max-width: 149px) 100vw, 149px\" \/><\/a>Il CAI Veneto esprime preoccupazione per il crescente numero di interventi di recupero di escursionisti in difficolt\u00e0 nelle montagne innevate. Invita a una corretta preparazione, evidenziando che l&#8217;ambiente alpino sotto la neve richiede attenzione. Consiglia di seguire solo le piste tracciate, evitare zone sconosciute e non fidarsi esclusivamente del cellulare. Raccomanda l&#8217;abbigliamento adeguato e suggerisce di portare generi di conforto nello zaino. Sottolinea l&#8217;importanza dell&#8217;ARTVA e degli strumenti antivalanga. Invita a consultare il bollettino valanghe e a adattare l&#8217;escursione alle proprie capacit\u00e0. (FOTO Renato Frigo).<\/p>\n<p>&nbsp;<\/p>\n<p><strong>IL DOCUMENTO A FIRMA DEL PRESIDENTE VENETO RENATO FRIGO\u00a0<\/strong><\/p>\n<a href=\"https:\/\/www.radiopiu.net\/wordpress\/wp-content\/uploads\/2024\/01\/comunicato-stampa-su-interventi-recupero-escursionisti.pdf\" class=\"pdfemb-viewer\" style=\"\" data-width=\"max\" data-height=\"max\" data-toolbar=\"top\" data-toolbar-fixed=\"on\">comunicato stampa su interventi recupero escursionisti<\/a>\n<p>&nbsp;<\/p>\n<p>&nbsp;<\/p>\n<hr \/>\n<p>&nbsp;<\/p>\n<p>&nbsp;<\/p>\n<blockquote>\n<h2>INTERDIZIONE TOTALE A SEDICO<\/h2>\n<\/blockquote>\n<p><img loading=\"lazy\" decoding=\"async\" class=\"alignleft\" src=\"https:\/\/www.radiopiu.net\/wordpress\/wp-content\/uploads\/2021\/10\/th-4.jpg\" width=\"139\" height=\"104\" \/><strong>SEDICO<\/strong> Lungo la 203 agordina, in Comune di Sedico (centro abitato) da OGGI interdizione totale per abbattimento e potatura alberi.<\/p>\n<p><strong>FASCE DI CHIUSURA:<\/strong><br \/>\n<strong><span style=\"color: #ff0000;\">DALLE 22.30 ALLE 05.30 DEL MATTINO,\u00a0 DAL 16 AL 20 GENNAIO COMPRESI\u00a0<\/span><\/strong><\/p>\n<p>&nbsp;<\/p>\n<p>&nbsp;<\/p>\n<hr \/>\n<blockquote>\n<h2><\/h2>\n<h2>VALSUGANA CHIUSA PER 45 GIORNI<\/h2>\n<\/blockquote>\n<p><a class=\"dt-pswp-item\" href=\"https:\/\/www.radiopiu.net\/wordpress\/wp-content\/uploads\/2024\/01\/SCR-20240112-lvlh.jpeg\" data-dt-img-description=\"\" data-large_image_width=\"906\" data-large_image_height=\"598\"><img loading=\"lazy\" decoding=\"async\" class=\"wp-image-369700 alignleft\" src=\"https:\/\/www.radiopiu.net\/wordpress\/wp-content\/uploads\/2024\/01\/SCR-20240112-lvlh-300x198.jpeg\" alt=\"\" width=\"155\" height=\"102\" srcset=\"https:\/\/www.radiopiu.net\/wordpress\/wp-content\/uploads\/2024\/01\/SCR-20240112-lvlh-300x198.jpeg 300w, https:\/\/www.radiopiu.net\/wordpress\/wp-content\/uploads\/2024\/01\/SCR-20240112-lvlh-768x507.jpeg 768w, https:\/\/www.radiopiu.net\/wordpress\/wp-content\/uploads\/2024\/01\/SCR-20240112-lvlh.jpeg 906w\" sizes=\"auto, (max-width: 155px) 100vw, 155px\" \/><\/a>La statale 47 della Valsugana rimarr\u00e0 chiusa per circa 45 giorni a causa di una frana.\u00a0 La vecchia strada in Destra Brenta sar\u00e0 riservata ai residenti<\/p>\n<p>Superato il test sull&#8217;asse viario Arsi\u00e8-Feltre, dove \u00e8 stato dirottato il traffico della Valsugana tra Trento e Bassano. Anas ha annullato ieri mattina la chiusura notturna della galleria San Vito in un senso di marcia<\/p>\n<p>&nbsp;<\/p>\n<hr \/>\n<p>&nbsp;<\/p>\n<h2 style=\"text-align: center;\"><span style=\"color: #3366ff;\">TRAMONTO A PASSO DURAN<\/span><\/h2>\n<p><strong>di Tiziano De Col<\/strong><\/p>\n\n\t\t\t<style type='text\/css'>\n\t\t\t\t#gallery-4 {\n\t\t\t\t\tmargin: auto;\n\t\t\t\t}\n\t\t\t\t#gallery-4 .gallery-item {\n\t\t\t\t\tfloat: left;\n\t\t\t\t\tmargin-top: 10px;\n\t\t\t\t\ttext-align: center;\n\t\t\t\t\twidth: 25%;\n\t\t\t\t}\n\t\t\t\t#gallery-4 img {\n\t\t\t\t\tborder: 2px solid #cfcfcf;\n\t\t\t\t}\n\t\t\t\t#gallery-4 .gallery-caption {\n\t\t\t\t\tmargin-left: 0;\n\t\t\t\t}\n\t\t\t\t\/* see gallery_shortcode() in wp-includes\/media.php *\/\n\t\t\t<\/style>\n\t\t<div id='gallery-4' class='dt-gallery-container gallery galleryid-370108 gallery-columns-4 gallery-size-thumbnail'><dl class='gallery-item'>\n\t\t\t\t<dt class='gallery-icon landscape'>\n\t\t\t\t\t<a class=\"rollover rollover-zoom dt-pswp-item\" title=\"fa8e008b-e53f-43db-b4b7-d499941dcf01\" data-dt-img-description=\"\" data-large_image_width=\"2048\" data-large_image_height=\"1536\"href='https:\/\/www.radiopiu.net\/wordpress\/wp-content\/uploads\/2024\/01\/fa8e008b-e53f-43db-b4b7-d499941dcf01.jpg'><img loading=\"lazy\" decoding=\"async\" width=\"150\" height=\"150\" src=\"https:\/\/www.radiopiu.net\/wordpress\/wp-content\/uploads\/2024\/01\/fa8e008b-e53f-43db-b4b7-d499941dcf01-150x150.jpg\" class=\"attachment-thumbnail size-thumbnail\" alt=\"\" \/><\/a>\n\t\t\t\t<\/dt><\/dl><dl class='gallery-item'>\n\t\t\t\t<dt class='gallery-icon landscape'>\n\t\t\t\t\t<a class=\"rollover rollover-zoom dt-pswp-item\" title=\"c6a4cf5e-b04a-47ee-9c74-e4e1d247de1d\" data-dt-img-description=\"\" data-large_image_width=\"2048\" data-large_image_height=\"1536\"href='https:\/\/www.radiopiu.net\/wordpress\/wp-content\/uploads\/2024\/01\/c6a4cf5e-b04a-47ee-9c74-e4e1d247de1d.jpg'><img loading=\"lazy\" decoding=\"async\" width=\"150\" height=\"150\" src=\"https:\/\/www.radiopiu.net\/wordpress\/wp-content\/uploads\/2024\/01\/c6a4cf5e-b04a-47ee-9c74-e4e1d247de1d-150x150.jpg\" class=\"attachment-thumbnail size-thumbnail\" alt=\"\" \/><\/a>\n\t\t\t\t<\/dt><\/dl><dl class='gallery-item'>\n\t\t\t\t<dt class='gallery-icon landscape'>\n\t\t\t\t\t<a class=\"rollover rollover-zoom dt-pswp-item\" title=\"330c2d4b-92d5-4a69-b064-8fa3a937a09f\" data-dt-img-description=\"\" data-large_image_width=\"2048\" data-large_image_height=\"1536\"href='https:\/\/www.radiopiu.net\/wordpress\/wp-content\/uploads\/2024\/01\/330c2d4b-92d5-4a69-b064-8fa3a937a09f.jpg'><img loading=\"lazy\" decoding=\"async\" width=\"150\" height=\"150\" src=\"https:\/\/www.radiopiu.net\/wordpress\/wp-content\/uploads\/2024\/01\/330c2d4b-92d5-4a69-b064-8fa3a937a09f-150x150.jpg\" class=\"attachment-thumbnail size-thumbnail\" alt=\"\" \/><\/a>\n\t\t\t\t<\/dt><\/dl><dl class='gallery-item'>\n\t\t\t\t<dt class='gallery-icon landscape'>\n\t\t\t\t\t<a class=\"rollover rollover-zoom dt-pswp-item\" title=\"9fb768da-9b84-470e-a32c-2cd7f57ed107\" data-dt-img-description=\"\" data-large_image_width=\"2048\" data-large_image_height=\"1536\"href='https:\/\/www.radiopiu.net\/wordpress\/wp-content\/uploads\/2024\/01\/9fb768da-9b84-470e-a32c-2cd7f57ed107.jpg'><img loading=\"lazy\" decoding=\"async\" width=\"150\" height=\"150\" src=\"https:\/\/www.radiopiu.net\/wordpress\/wp-content\/uploads\/2024\/01\/9fb768da-9b84-470e-a32c-2cd7f57ed107-150x150.jpg\" class=\"attachment-thumbnail size-thumbnail\" alt=\"\" \/><\/a>\n\t\t\t\t<\/dt><\/dl><br style=\"clear: both\" \/>\n\t\t\t<\/div>\n\n<p>&nbsp;<\/p>\n<p>&nbsp;<\/p>\n<p>&nbsp;<\/p>\n<hr \/>\n<p>&nbsp;<\/p>\n<blockquote>\n<h2>L&#8217;ACQUA NON HA MEMORIA, L&#8217;INTERVISTA ALL&#8217;AUTORE<\/h2>\n<\/blockquote>\n<p><strong><a class=\"dt-pswp-item\" href=\"https:\/\/www.radiopiu.net\/wordpress\/wp-content\/uploads\/2024\/01\/482eaac0-2cf3-496b-b0da-779090f92ea2.jpg\" data-dt-img-description=\"\" data-large_image_width=\"683\" data-large_image_height=\"938\"><img loading=\"lazy\" decoding=\"async\" class=\" wp-image-370186 alignleft\" src=\"https:\/\/www.radiopiu.net\/wordpress\/wp-content\/uploads\/2024\/01\/482eaac0-2cf3-496b-b0da-779090f92ea2-218x300.jpg\" alt=\"\" width=\"139\" height=\"191\" srcset=\"https:\/\/www.radiopiu.net\/wordpress\/wp-content\/uploads\/2024\/01\/482eaac0-2cf3-496b-b0da-779090f92ea2-218x300.jpg 218w, https:\/\/www.radiopiu.net\/wordpress\/wp-content\/uploads\/2024\/01\/482eaac0-2cf3-496b-b0da-779090f92ea2.jpg 683w\" sizes=\"auto, (max-width: 139px) 100vw, 139px\" \/><\/a><\/strong><\/p>\n<p>&nbsp;<\/p>\n<p>&nbsp;<\/p>\n<p><strong>REDAZIONE<\/strong><\/p>\n<p><strong>DI ROBERTO BONA<\/strong><\/p>\n<audio class=\"wp-audio-shortcode\" id=\"audio-370108-8\" preload=\"none\" style=\"width: 100%;\" controls=\"controls\"><source type=\"audio\/mpeg\" src=\"https:\/\/www.radiopiu.net\/wordpress\/wp-content\/uploads\/2024\/01\/roberto-acqua.mp3?_=8\" \/><a href=\"https:\/\/www.radiopiu.net\/wordpress\/wp-content\/uploads\/2024\/01\/roberto-acqua.mp3\">https:\/\/www.radiopiu.net\/wordpress\/wp-content\/uploads\/2024\/01\/roberto-acqua.mp3<\/a><\/audio>\n<p>&nbsp;<\/p>\n<p>&nbsp;<\/p>\n<hr \/>\n<p>&nbsp;<\/p>\n<p>&nbsp;<\/p>\n<blockquote>\n<h3><strong>LOLLINO, DIOCESI E \u201cSCUOLE PER CRESCERE\u201d <\/strong><\/h3>\n<\/blockquote>\n<p><strong><a class=\"dt-pswp-item\" href=\"https:\/\/www.radiopiu.net\/wordpress\/wp-content\/uploads\/2021\/04\/LOLLINO.jpg\" data-dt-img-description=\"\" data-large_image_width=\"1618\" data-large_image_height=\"1078\"><img loading=\"lazy\" decoding=\"async\" class=\"wp-image-203612 alignleft\" src=\"https:\/\/www.radiopiu.net\/wordpress\/wp-content\/uploads\/2021\/04\/LOLLINO-300x200.jpg\" alt=\"\" width=\"189\" height=\"126\" srcset=\"https:\/\/www.radiopiu.net\/wordpress\/wp-content\/uploads\/2021\/04\/LOLLINO-300x200.jpg 300w, https:\/\/www.radiopiu.net\/wordpress\/wp-content\/uploads\/2021\/04\/LOLLINO-1024x682.jpg 1024w, https:\/\/www.radiopiu.net\/wordpress\/wp-content\/uploads\/2021\/04\/LOLLINO-768x512.jpg 768w, https:\/\/www.radiopiu.net\/wordpress\/wp-content\/uploads\/2021\/04\/LOLLINO-1536x1023.jpg 1536w, https:\/\/www.radiopiu.net\/wordpress\/wp-content\/uploads\/2021\/04\/LOLLINO.jpg 1618w\" sizes=\"auto, (max-width: 189px) 100vw, 189px\" \/><\/a><\/strong><strong>BELLUNO<\/strong> Domani\u00a0 alle 18.30 nell&#8217;aula magna del Liceo Lollino assemblea pubblica che vedr\u00e0 rappresentanti della Diocesi di Belluno-Feltre e il direttore della rete di imprese \u201cScuole per Crescere, Mario Monti, illustrare la nuova gestione del liceo dall&#8217;anno scolastico 2024-2025. L&#8217;assemblea pubblica sar\u00e0 aperta alle famiglie degli studenti gi\u00e0 iscritte e a chi vorr\u00e0 conoscere le nuove proposte del Lollino per i prossimi anni.<\/p>\n<p>&nbsp;<\/p>\n<p>&nbsp;<\/p>\n<hr \/>\n<p><strong>\u00a0<\/strong><\/p>\n<blockquote>\n<h3><strong>Secondo appuntamento del ciclo <em>Conversazioni in museo<\/em> alla Galleria Rizzarda.<br \/>\n<\/strong><\/h3>\n<\/blockquote>\n<p><strong>FELTRE \u00a0<\/strong>Giovanni Granzotto sar\u00e0 il relatore del secondo appuntamento del ciclo <em>Conversazioni in Museo<\/em> per il 2024 che avr\u00e0 luogo domani alle 18, nella Galleria d&#8217;arte moderna Carlo Rizzarda. Posti limitati,\u00a0 prenotazioni. 0439\/885242<\/p>\n<p>&nbsp;<\/p>\n<p>&nbsp;<\/p>\n<hr \/>\n<p>&nbsp;<\/p>\n<blockquote>\n<h3>UN CAFFE&#8217; CON&#8230;<\/h3>\n<\/blockquote>\n<p><strong>ALPAGO<\/strong> Inizia la serie di incontri &#8220;Un caff\u00e8 con&#8230;&#8221;, promossa dalle parrocchie dell&#8217;Alpago in collaborazione con il comitato Alpago Due Ruote &amp; Solidariet\u00e0 e l&#8217;associazione Ceno Barattin. Gli incontri, che avranno luogo alla Casa della Giovent\u00f9 di Puos d\u2019Alpago, si concentreranno sulla socializzazione, il recupero della memoria, esperienze significative di volontariato e argomenti specifici proposti da figure professionali, ricercatori e artisti locali. Il primo incontro, &#8220;Cosa impariamo dall\u2019Africa?&#8221;, \u00e8 previsto per oggi, a cura di Paola Barattin. Gli appuntamenti si svolgeranno fino a giugno e affronteranno tematiche varie.<\/p>\n<p><strong>IL PROGRAMMA DEGLI INCONTRI<\/strong><\/p>\n<p><a class=\"dt-pswp-item\" href=\"https:\/\/www.radiopiu.net\/wordpress\/wp-content\/uploads\/2024\/01\/DEPLIANT-calendario-Un-caffe-con.-Alpago-2024.jpg\" data-dt-img-description=\"incontri Un caff\u00e8 con... Alpago 2024 - 1\" data-large_image_width=\"2000\" data-large_image_height=\"1333\"><img loading=\"lazy\" decoding=\"async\" class=\"aligncenter wp-image-369715 size-medium\" src=\"https:\/\/www.radiopiu.net\/wordpress\/wp-content\/uploads\/2024\/01\/DEPLIANT-calendario-Un-caffe-con.-Alpago-2024-300x200.jpg\" alt=\"\" width=\"300\" height=\"200\" srcset=\"https:\/\/www.radiopiu.net\/wordpress\/wp-content\/uploads\/2024\/01\/DEPLIANT-calendario-Un-caffe-con.-Alpago-2024-300x200.jpg 300w, https:\/\/www.radiopiu.net\/wordpress\/wp-content\/uploads\/2024\/01\/DEPLIANT-calendario-Un-caffe-con.-Alpago-2024-1024x682.jpg 1024w, https:\/\/www.radiopiu.net\/wordpress\/wp-content\/uploads\/2024\/01\/DEPLIANT-calendario-Un-caffe-con.-Alpago-2024-768x512.jpg 768w, https:\/\/www.radiopiu.net\/wordpress\/wp-content\/uploads\/2024\/01\/DEPLIANT-calendario-Un-caffe-con.-Alpago-2024-1536x1024.jpg 1536w, https:\/\/www.radiopiu.net\/wordpress\/wp-content\/uploads\/2024\/01\/DEPLIANT-calendario-Un-caffe-con.-Alpago-2024.jpg 2000w\" sizes=\"auto, (max-width: 300px) 100vw, 300px\" \/><\/a><\/p>\n<p>&nbsp;<\/p>\n<p>&nbsp;<\/p>\n<p>&nbsp;<\/p>\n<p>&nbsp;<\/p>\n<hr \/>\n<p>&nbsp;<\/p>\n<blockquote>\n<h2>LA GIORNATA DEL DIALETTO E LINGUE LOCALI<\/h2>\n<\/blockquote>\n<p>&nbsp;<\/p>\n<p>&nbsp;<\/p>\n<p><img loading=\"lazy\" decoding=\"async\" class=\"alignleft\" src=\"https:\/\/www.radiopiu.net\/wordpress\/wp-content\/uploads\/2024\/01\/b948c9cb-39a5-4ef2-a490-f459802dd80e.jpg\" width=\"242\" height=\"176\" \/>SOSPIROLO<\/p>\n<p>DI ROBERTO BONA<\/p>\n<audio class=\"wp-audio-shortcode\" id=\"audio-370108-9\" preload=\"none\" style=\"width: 100%;\" controls=\"controls\"><source type=\"audio\/mpeg\" src=\"https:\/\/www.radiopiu.net\/wordpress\/wp-content\/uploads\/2024\/01\/SIOSPIROLO-ROBERTO.mp3?_=9\" \/><a href=\"https:\/\/www.radiopiu.net\/wordpress\/wp-content\/uploads\/2024\/01\/SIOSPIROLO-ROBERTO.mp3\">https:\/\/www.radiopiu.net\/wordpress\/wp-content\/uploads\/2024\/01\/SIOSPIROLO-ROBERTO.mp3<\/a><\/audio>\n<p>&nbsp;<\/p>\n<p><a class=\"dt-pswp-item\" href=\"https:\/\/www.radiopiu.net\/wordpress\/wp-content\/uploads\/2024\/01\/2ee74054-a62f-4435-9b81-52fc589ea87a.jpg\" data-dt-img-description=\"\" data-large_image_width=\"1024\" data-large_image_height=\"1024\"><img loading=\"lazy\" decoding=\"async\" class=\"size-medium wp-image-370192 aligncenter\" src=\"https:\/\/www.radiopiu.net\/wordpress\/wp-content\/uploads\/2024\/01\/2ee74054-a62f-4435-9b81-52fc589ea87a-300x300.jpg\" alt=\"\" width=\"300\" height=\"300\" srcset=\"https:\/\/www.radiopiu.net\/wordpress\/wp-content\/uploads\/2024\/01\/2ee74054-a62f-4435-9b81-52fc589ea87a-300x300.jpg 300w, https:\/\/www.radiopiu.net\/wordpress\/wp-content\/uploads\/2024\/01\/2ee74054-a62f-4435-9b81-52fc589ea87a-150x150.jpg 150w, https:\/\/www.radiopiu.net\/wordpress\/wp-content\/uploads\/2024\/01\/2ee74054-a62f-4435-9b81-52fc589ea87a-768x768.jpg 768w, https:\/\/www.radiopiu.net\/wordpress\/wp-content\/uploads\/2024\/01\/2ee74054-a62f-4435-9b81-52fc589ea87a.jpg 1024w\" sizes=\"auto, (max-width: 300px) 100vw, 300px\" \/><\/a><\/p>\n<p>&nbsp;<\/p>\n<p>&nbsp;<\/p>\n<hr \/>\n<p>&nbsp;<\/p>\n<blockquote>\n<h3>ARIA D&#8217;INVERN, IL CONCORSO FOTOGRAFICO<\/h3>\n<\/blockquote>\n<p><strong><img loading=\"lazy\" decoding=\"async\" class=\"alignleft\" src=\"https:\/\/www.radiopiu.net\/wordpress\/wp-content\/uploads\/2024\/01\/Senza-nome-41.png\" width=\"375\" height=\"201\" \/>CENCENIGHE<\/strong> La Pro Loco di Cencenighe ha organizzato un concorso fotografico dal titolo &#8220;Aria D&#8217;Invern&#8221;. Chi volesse partecipare pu\u00f2 inviare gli scatti fino al 31 marzo alla mail ariadinvern@gmail.com seguiranno le premiazioni e, nel mese di luglio, l&#8217;esposizione delle foto al Nof Fil\u00f2. Regolamento completo sul sito www.prolococencenighe.it<\/p>\n<p>&nbsp;<\/p>\n<p><strong>L&#8217;INTERVISTA ALLA RADIO CON ORIETTA SCARDANZAN, ELISA CANCEL, FRANCESCA TRENTIN\u00a0<\/strong><\/p>\n<audio class=\"wp-audio-shortcode\" id=\"audio-370108-10\" preload=\"none\" style=\"width: 100%;\" controls=\"controls\"><source type=\"audio\/mpeg\" src=\"https:\/\/www.radiopiu.net\/wordpress\/wp-content\/uploads\/2024\/01\/porolco-cence-aria-dinverno.mp3?_=10\" \/><a href=\"https:\/\/www.radiopiu.net\/wordpress\/wp-content\/uploads\/2024\/01\/porolco-cence-aria-dinverno.mp3\">https:\/\/www.radiopiu.net\/wordpress\/wp-content\/uploads\/2024\/01\/porolco-cence-aria-dinverno.mp3<\/a><\/audio>\n<p>&nbsp;<\/p>\n<hr \/>\n<p>&nbsp;<\/p>\n<blockquote>\n<h3>LEGNO: L&#8217;ORO DELLE NOSTRE PREALPI<\/h3>\n<\/blockquote>\n<blockquote>\n<h3><a class=\"dt-pswp-item\" href=\"https:\/\/www.radiopiu.net\/wordpress\/wp-content\/uploads\/2024\/01\/49f8be50-d1a7-4d76-a599-99d205437d5c.jpg\" data-dt-img-description=\"\" data-large_image_width=\"1415\" data-large_image_height=\"2000\"><img loading=\"lazy\" decoding=\"async\" class=\"wp-image-369629 alignleft\" src=\"https:\/\/www.radiopiu.net\/wordpress\/wp-content\/uploads\/2024\/01\/49f8be50-d1a7-4d76-a599-99d205437d5c-212x300.jpg\" alt=\"\" width=\"92\" height=\"131\" srcset=\"https:\/\/www.radiopiu.net\/wordpress\/wp-content\/uploads\/2024\/01\/49f8be50-d1a7-4d76-a599-99d205437d5c-212x300.jpg 212w, https:\/\/www.radiopiu.net\/wordpress\/wp-content\/uploads\/2024\/01\/49f8be50-d1a7-4d76-a599-99d205437d5c-724x1024.jpg 724w, https:\/\/www.radiopiu.net\/wordpress\/wp-content\/uploads\/2024\/01\/49f8be50-d1a7-4d76-a599-99d205437d5c-768x1086.jpg 768w, https:\/\/www.radiopiu.net\/wordpress\/wp-content\/uploads\/2024\/01\/49f8be50-d1a7-4d76-a599-99d205437d5c-1087x1536.jpg 1087w, https:\/\/www.radiopiu.net\/wordpress\/wp-content\/uploads\/2024\/01\/49f8be50-d1a7-4d76-a599-99d205437d5c.jpg 1415w\" sizes=\"auto, (max-width: 92px) 100vw, 92px\" \/><\/a>LEGNO: L&#8217;ORO DELLE NOSTRE PREALPI<\/h3>\n<\/blockquote>\n<p><strong>BELLUNO <\/strong>L&#8217;evento &#8220;Riscopri il legno come risorsa per un&#8217;economia sostenibile&#8221; si terr\u00e0 domani alle 19:30 al Ristorante Pian Longhi a Belluno. I relatori dell&#8217;evento sono Gimmy Dal Farra, Presidente dell&#8217;Associazione Belluno Alpina, e l&#8217;Europarlamentare della Lega, Onorevole Paolo Borchia del Gruppo Identit\u00e0 e Democrazia. L&#8217;incontro affronter\u00e0 tematiche legate all&#8217;utilizzo del legno come risorsa per un&#8217;economia sostenibile, evidenziando l&#8217;importanza di preservare gli ecosistemi, la salute e la cultura locali, e promuovendo la convivialit\u00e0.<\/p>\n<p>&nbsp;<\/p>\n<p>&nbsp;<\/p>\n<hr \/>\n<p>&nbsp;<\/p>\n<blockquote>\n<h2>LE PISTE&#8230; SULLA PORTA DI CASA<\/h2>\n<\/blockquote>\n<div>\n<div class=\"x1cy8zhl x78zum5 x1q0g3np xod5an3 x1pi30zi x1swvt13 xz9dl7a\">\n<div class=\"x1iyjqo2\">\n<div class=\"x78zum5 xdt5ytf xz62fqu x16ldp7u\">\n<div class=\"xu06os2 x1ok221b\">\n<h2 id=\":R1al9aqqd9emhpapd5aq:\" class=\"x1heor9g x1qlqyl8 x1pd3egz x1a2a7pz x1gslohp x1yc453h\"><span class=\"x193iq5w xeuugli x13faqbe x1vvkbs x1xmvt09 x6prxxf xvq8zen xo1l8bm xi81zsa\"><strong><a class=\"dt-pswp-item\" href=\"https:\/\/www.radiopiu.net\/wordpress\/wp-content\/uploads\/2021\/11\/FORCELLA-AURINE.jpg\" data-dt-img-description=\"\" data-large_image_width=\"960\" data-large_image_height=\"720\"><img loading=\"lazy\" decoding=\"async\" class=\" wp-image-241538 alignleft\" src=\"https:\/\/www.radiopiu.net\/wordpress\/wp-content\/uploads\/2021\/11\/FORCELLA-AURINE-300x225.jpg\" alt=\"\" width=\"191\" height=\"143\" srcset=\"https:\/\/www.radiopiu.net\/wordpress\/wp-content\/uploads\/2021\/11\/FORCELLA-AURINE-300x225.jpg 300w, https:\/\/www.radiopiu.net\/wordpress\/wp-content\/uploads\/2021\/11\/FORCELLA-AURINE-768x576.jpg 768w, https:\/\/www.radiopiu.net\/wordpress\/wp-content\/uploads\/2021\/11\/FORCELLA-AURINE.jpg 960w\" sizes=\"auto, (max-width: 191px) 100vw, 191px\" \/><\/a>Aurine SKI Dolomiti -Progetto Desma <\/strong><\/span><strong><a class=\"x1i10hfl xjbqb8w x6umtig x1b1mbwd xaqea5y xav7gou x9f619 x1ypdohk xt0psk2 xe8uvvx xdj266r x11i5rnm xat24cr x1mh8g0r xexx8yu x4uap5 x18d9i69 xkhd6sd x16tdsg8 x1hl2dhg xggy1nq x1a2a7pz xt0b8zv xzsf02u x1s688f\" tabindex=\"0\" role=\"link\" href=\"https:\/\/www.facebook.com\/aurineskidolomiti?__cft__[0]=AZXSmHr83SUuJT0u4kVMSvLZyFo58012vDZQz2S9NoUpe9MsUBxfpeLpjB-1OoVs-G6CFBOMyk-HwUGAJFyotDcmMB8tqVOt4ppZp7H1Nhm_9AbxGcAKPdaj0NRByIDsgxLcHrLDuU1XYg3AAgvwT-9s&amp;__tn__=-]C%2CP-R\"><span class=\"xt0psk2\">&#8211;<\/span><\/a><\/strong>.<\/h2>\n<\/div>\n<div class=\"xu06os2 x1ok221b\">NUOVE APERTURE E NUOVI ORARI: &#8211; LUNEDI : Chiuso &#8211; MARTEDI : Chiuso &#8211; MERCOLEDI : 13:00-16:30 \/ 19:30-22:00 &#8211; GIOVEDI : 13:00-16:30 &#8211; VENERDI : 13:00-16:30 &#8211; SABATO : 9:00 &#8211; 16.30 &#8211; DOMENICA : 9:00 &#8211; 16.30 AD OGGI LA SITUAZIONE PISTE: &#8211; CAMPO SCUOLA <span class=\"x3nfvp2 x1j61x8r x1fcty0u xdj266r xhhsvwb xat24cr xgzva0m xxymvpz xlup9mm x1kky2od\"><img loading=\"lazy\" decoding=\"async\" class=\"xz74otr\" src=\"https:\/\/static.xx.fbcdn.net\/images\/emoji.php\/v9\/t55\/1.5\/16\/1f7e2.png\" alt=\"&#x1f7e2;\" width=\"16\" height=\"16\" \/><\/span><\/div>\n<\/div>\n<\/div>\n<\/div>\n<\/div>\n<div>\n<div class=\"\" dir=\"auto\">\n<div id=\":R1al9aqqd9emhpapd5aqH2:\" class=\"x1iorvi4 x1pi30zi x1l90r2v x1swvt13\" data-ad-comet-preview=\"message\" data-ad-preview=\"message\">\n<div class=\"x78zum5 xdt5ytf xz62fqu x16ldp7u\">\n<div class=\"xu06os2 x1ok221b\">\n<div class=\"x11i5rnm xat24cr x1mh8g0r x1vvkbs xtlvy1s x126k92a\">\n<div dir=\"auto\">&#8211; GARDELINA <span class=\"x3nfvp2 x1j61x8r x1fcty0u xdj266r xhhsvwb xat24cr xgzva0m xxymvpz xlup9mm x1kky2od\"><img loading=\"lazy\" decoding=\"async\" class=\"xz74otr\" src=\"https:\/\/static.xx.fbcdn.net\/images\/emoji.php\/v9\/t55\/1.5\/16\/1f7e2.png\" alt=\"&#x1f7e2;\" width=\"16\" height=\"16\" \/> <\/span>&#8211; BEPI <span class=\"x3nfvp2 x1j61x8r x1fcty0u xdj266r xhhsvwb xat24cr xgzva0m xxymvpz xlup9mm x1kky2od\"><img loading=\"lazy\" decoding=\"async\" class=\"xz74otr\" src=\"https:\/\/static.xx.fbcdn.net\/images\/emoji.php\/v9\/t55\/1.5\/16\/1f7e2.png\" alt=\"&#x1f7e2;\" width=\"16\" height=\"16\" \/> <\/span>&#8211; GEMINI <span class=\"x3nfvp2 x1j61x8r x1fcty0u xdj266r xhhsvwb xat24cr xgzva0m xxymvpz xlup9mm x1kky2od\"><img loading=\"lazy\" decoding=\"async\" class=\"xz74otr\" src=\"https:\/\/static.xx.fbcdn.net\/images\/emoji.php\/v9\/tc7\/1.5\/16\/1f534.png\" alt=\"&#x1f534;\" width=\"16\" height=\"16\" \/> <\/span>Se le temperature ce lo permetteranno in pochi giorni sar\u00e0 completata anche la parte alta con l&#8217;apertura della sciovia Gardelon. RISTOBAR GHEGY<\/div>\n<\/div>\n<div class=\"x11i5rnm xat24cr x1mh8g0r x1vvkbs xtlvy1s x126k92a\">\n<div dir=\"auto\">&#8211; Dal Mercoled\u00ec al Venerd\u00ec aperto dall&#8217;ora di pranzo. &#8211; Mercoled\u00ec sera anche a cena con i panini GOURMET. &#8211; Sabato e Domenica 8:30 &#8211; 18.30.<\/div>\n<\/div>\n<\/div>\n<\/div>\n<\/div>\n<\/div>\n<\/div>\n<p>&nbsp;<\/p>\n<p>&nbsp;<\/p>\n<hr \/>\n<p>&nbsp;<\/p>\n<blockquote>\n<h3><a class=\"dt-pswp-item\" href=\"https:\/\/www.radiopiu.net\/wordpress\/wp-content\/uploads\/2024\/01\/SCR-20240109-pzvy.png\" data-dt-img-description=\"\" data-large_image_width=\"750\" data-large_image_height=\"318\"><img loading=\"lazy\" decoding=\"async\" class=\" wp-image-369322 alignleft\" src=\"https:\/\/www.radiopiu.net\/wordpress\/wp-content\/uploads\/2024\/01\/SCR-20240109-pzvy-300x127.png\" alt=\"\" width=\"222\" height=\"94\" srcset=\"https:\/\/www.radiopiu.net\/wordpress\/wp-content\/uploads\/2024\/01\/SCR-20240109-pzvy-300x127.png 300w, https:\/\/www.radiopiu.net\/wordpress\/wp-content\/uploads\/2024\/01\/SCR-20240109-pzvy.png 750w\" sizes=\"auto, (max-width: 222px) 100vw, 222px\" \/><\/a>OPEN DAY ALLA SCUOLA DELL&#8217;INFANZIA DI AGORDO<\/h3>\n<\/blockquote>\n<p><strong>AGORDO<\/strong> E&#8217; in programma per mercoled\u00ec 24 gennaio l&#8217;open day della Scuola dell&#8217;infanzia di Agordo dedicato ai genitori. Nell&#8217;occasione si potr\u00e0 vistare la struttura ed effettuare le isrizioni per il prossimo anno scolastico. La scuola sar\u00e0 visitabile dalle 16 alle 17. Inoltre, per coloro che sono impossibilitati a visitare la scuola, il 31 gennaio dalle 9 alle 16 sar\u00e0 possibile fare l&#8217;iscrizione.<\/p>\n<p>&nbsp;<\/p>\n<p>&nbsp;<\/p>\n<hr \/>\n<p>&nbsp;<\/p>\n<blockquote>\n<h3>SCUOLA DI SCI ALPINISMO CON IL CAI<\/h3>\n<\/blockquote>\n<p><strong>AGORDO<\/strong> La Scuola di Alpinismo e Scialpinismo della Sezione Agordina del CAI organizza un Corso Base di Scialpinismo SA1, dedicato a coloro che vogliono acquisire le nozioni teoriche e pratiche per praticare lo scialpinismo in autonomia e sicurezza. La presentazione del corso si terr\u00e0 venerd\u00ec alle 20.30 presso la Sede sociale di Piazzale Marconi ad Agordo. Il corso \u00e8 aperto a un massimo di 10 partecipanti.<\/p>\n<p>&nbsp;<\/p>\n<hr \/>\n<p>&nbsp;<\/p>\n<p>&nbsp;<\/p>\n<blockquote>\n<h1>\u00a0Viaggio Alla Scoperta dell&#8217;Antico Popolo Retico<\/h1>\n<\/blockquote>\n<p><strong>FELTRE <\/strong>L&#8217;associazione no-profit &#8220;Carpe Diem&#8221; di Feltre, guidata dalla presidente Loreta De Bortoli, annuncia con entusiasmo il progetto &#8220;Cammino Retico&#8221;, un itinerario di sette giorni attraverso suggestivi paesaggi seguendo le tracce dell&#8217;antico popolo Retico. Il percorso, di circa 170 km, attraversa altipiani, valli, e borghi montani, toccando luoghi storici come il santuario di San Vittore e Corona, il fiordo Feltrino del lago del Corlo e la citt\u00e0 murata di Feltre. Ogni partecipante pu\u00f2 personalizzare il proprio itinerario, con tappe adatte al proprio ritmo e fisicit\u00e0.<\/p>\n<p>&nbsp;<\/p>\n<p>&nbsp;<\/p>\n<hr \/>\n<p>&nbsp;<\/p>\n<h2><span style=\"color: #ff6600;\">IERI ALLA RADIO\u00a0<\/span><\/h2>\n<h2><span style=\"color: #008080;\">&#8220;DINTORN E FORA VIA&#8221;\u00a0 IL PROGRAMMA\u00a0 A CURA DEL MUSLA<\/span><\/h2>\n<p><strong><a class=\"dt-pswp-item\" href=\"https:\/\/www.radiopiu.net\/wordpress\/wp-content\/uploads\/2021\/02\/CASSISI-MUSLA.png\" data-dt-img-description=\"\" data-large_image_width=\"1468\" data-large_image_height=\"832\"><img loading=\"lazy\" decoding=\"async\" class=\" wp-image-191045 alignleft\" src=\"https:\/\/www.radiopiu.net\/wordpress\/wp-content\/uploads\/2021\/02\/CASSISI-MUSLA-300x170.png\" alt=\"\" width=\"168\" height=\"95\" srcset=\"https:\/\/www.radiopiu.net\/wordpress\/wp-content\/uploads\/2021\/02\/CASSISI-MUSLA-300x170.png 300w, https:\/\/www.radiopiu.net\/wordpress\/wp-content\/uploads\/2021\/02\/CASSISI-MUSLA-1024x580.png 1024w, https:\/\/www.radiopiu.net\/wordpress\/wp-content\/uploads\/2021\/02\/CASSISI-MUSLA-768x435.png 768w, https:\/\/www.radiopiu.net\/wordpress\/wp-content\/uploads\/2021\/02\/CASSISI-MUSLA.png 1468w\" sizes=\"auto, (max-width: 168px) 100vw, 168px\" \/><\/a>PUNTATA DEL 16 GENNAIO 2024, NICOLA CASSISI<\/strong><\/p>\n<audio class=\"wp-audio-shortcode\" id=\"audio-370108-11\" preload=\"none\" style=\"width: 100%;\" controls=\"controls\"><source type=\"audio\/mpeg\" src=\"https:\/\/www.radiopiu.net\/wordpress\/wp-content\/uploads\/2024\/01\/MUSLA-2.mp3?_=11\" \/><a href=\"https:\/\/www.radiopiu.net\/wordpress\/wp-content\/uploads\/2024\/01\/MUSLA-2.mp3\">https:\/\/www.radiopiu.net\/wordpress\/wp-content\/uploads\/2024\/01\/MUSLA-2.mp3<\/a><\/audio>\n<p><strong>LA RACCOLTA COMPLETA <a href=\"https:\/\/www.radiopiu.net\/wordpress\/musla\/\">CLICCA QUI<\/a><\/strong><\/p>\n<p>&nbsp;<\/p>\n<p>&nbsp;<\/p>\n<hr \/>\n<p>&nbsp;<\/p>\n<p>&nbsp;<\/p>\n<p>&nbsp;<\/p>\n<h2><span style=\"color: #333399;\">I CONSIGLI DI GIANLUCA DA DOLOMITI BEER &amp; WINE SHOP DA NAPI<\/span><\/h2>\n<p><strong><a class=\"dt-pswp-item\" href=\"https:\/\/www.radiopiu.net\/wordpress\/wp-content\/uploads\/2020\/05\/DOLOMITI-BEER.png\" data-dt-img-description=\"\" data-large_image_width=\"812\" data-large_image_height=\"450\"><img loading=\"lazy\" decoding=\"async\" class=\" wp-image-139660 alignleft\" src=\"https:\/\/www.radiopiu.net\/wordpress\/wp-content\/uploads\/2020\/05\/DOLOMITI-BEER-300x166.png\" alt=\"\" width=\"179\" height=\"99\" srcset=\"https:\/\/www.radiopiu.net\/wordpress\/wp-content\/uploads\/2020\/05\/DOLOMITI-BEER-300x166.png 300w, https:\/\/www.radiopiu.net\/wordpress\/wp-content\/uploads\/2020\/05\/DOLOMITI-BEER-768x426.png 768w, https:\/\/www.radiopiu.net\/wordpress\/wp-content\/uploads\/2020\/05\/DOLOMITI-BEER.png 812w\" sizes=\"auto, (max-width: 179px) 100vw, 179px\" \/><\/a>GIANLUCA ROSSI, DOLOMITI BEER &amp; WINE SHOP DA NAPI<\/strong><\/p>\n<audio class=\"wp-audio-shortcode\" id=\"audio-370108-12\" preload=\"none\" style=\"width: 100%;\" controls=\"controls\"><source type=\"audio\/mpeg\" src=\"https:\/\/www.radiopiu.net\/wordpress\/wp-content\/uploads\/2024\/01\/gianluca1.mp3?_=12\" \/><a href=\"https:\/\/www.radiopiu.net\/wordpress\/wp-content\/uploads\/2024\/01\/gianluca1.mp3\">https:\/\/www.radiopiu.net\/wordpress\/wp-content\/uploads\/2024\/01\/gianluca1.mp3<\/a><\/audio>\n<p>&nbsp;<\/p>\n<p>&nbsp;<\/p>\n<hr \/>\n<p>&nbsp;<\/p>\n<p>&nbsp;<\/p>\n<p>&nbsp;<\/p>\n<h2><span style=\"color: #33cccc;\">CARNEVAI DE LE VAI 2024<\/span><\/h2>\n<p><strong>DI MIRKO MEZZACASA<\/strong><\/p>\n<p>CON VALENTINO ROSSINI, MATTEO DAGAI, GIACOMO JEKI BRESSAN, SIMONE ONGARO<\/p>\n<audio class=\"wp-audio-shortcode\" id=\"audio-370108-13\" preload=\"none\" style=\"width: 100%;\" controls=\"controls\"><source type=\"audio\/mpeg\" src=\"https:\/\/www.radiopiu.net\/wordpress\/wp-content\/uploads\/2024\/01\/carnevai-de-le-vai-2024.mp3?_=13\" \/><a href=\"https:\/\/www.radiopiu.net\/wordpress\/wp-content\/uploads\/2024\/01\/carnevai-de-le-vai-2024.mp3\">https:\/\/www.radiopiu.net\/wordpress\/wp-content\/uploads\/2024\/01\/carnevai-de-le-vai-2024.mp3<\/a><\/audio>\n<p>&nbsp;<\/p>\n\n\t\t\t<style type='text\/css'>\n\t\t\t\t#gallery-5 {\n\t\t\t\t\tmargin: auto;\n\t\t\t\t}\n\t\t\t\t#gallery-5 .gallery-item {\n\t\t\t\t\tfloat: left;\n\t\t\t\t\tmargin-top: 10px;\n\t\t\t\t\ttext-align: center;\n\t\t\t\t\twidth: 33%;\n\t\t\t\t}\n\t\t\t\t#gallery-5 img {\n\t\t\t\t\tborder: 2px solid #cfcfcf;\n\t\t\t\t}\n\t\t\t\t#gallery-5 .gallery-caption {\n\t\t\t\t\tmargin-left: 0;\n\t\t\t\t}\n\t\t\t\t\/* see gallery_shortcode() in wp-includes\/media.php *\/\n\t\t\t<\/style>\n\t\t<div id='gallery-5' class='dt-gallery-container gallery galleryid-370108 gallery-columns-3 gallery-size-medium'><dl class='gallery-item'>\n\t\t\t\t<dt class='gallery-icon landscape'>\n\t\t\t\t\t<a class=\"rollover rollover-zoom dt-pswp-item\" title=\"111\" data-dt-img-description=\"\" data-large_image_width=\"929\" data-large_image_height=\"521\"href='https:\/\/www.radiopiu.net\/wordpress\/wp-content\/uploads\/2024\/01\/111.png'><img loading=\"lazy\" decoding=\"async\" width=\"300\" height=\"168\" src=\"https:\/\/www.radiopiu.net\/wordpress\/wp-content\/uploads\/2024\/01\/111-300x168.png\" class=\"attachment-medium size-medium\" alt=\"\" srcset=\"https:\/\/www.radiopiu.net\/wordpress\/wp-content\/uploads\/2024\/01\/111-300x168.png 300w, https:\/\/www.radiopiu.net\/wordpress\/wp-content\/uploads\/2024\/01\/111-768x431.png 768w, https:\/\/www.radiopiu.net\/wordpress\/wp-content\/uploads\/2024\/01\/111.png 929w\" sizes=\"auto, (max-width: 300px) 100vw, 300px\" \/><\/a>\n\t\t\t\t<\/dt><\/dl><dl class='gallery-item'>\n\t\t\t\t<dt class='gallery-icon landscape'>\n\t\t\t\t\t<a class=\"rollover rollover-zoom dt-pswp-item\" title=\"222\" data-dt-img-description=\"\" data-large_image_width=\"902\" data-large_image_height=\"511\"href='https:\/\/www.radiopiu.net\/wordpress\/wp-content\/uploads\/2024\/01\/222.png'><img loading=\"lazy\" decoding=\"async\" width=\"300\" height=\"170\" src=\"https:\/\/www.radiopiu.net\/wordpress\/wp-content\/uploads\/2024\/01\/222-300x170.png\" class=\"attachment-medium size-medium\" alt=\"\" srcset=\"https:\/\/www.radiopiu.net\/wordpress\/wp-content\/uploads\/2024\/01\/222-300x170.png 300w, https:\/\/www.radiopiu.net\/wordpress\/wp-content\/uploads\/2024\/01\/222-768x435.png 768w, https:\/\/www.radiopiu.net\/wordpress\/wp-content\/uploads\/2024\/01\/222.png 902w\" sizes=\"auto, (max-width: 300px) 100vw, 300px\" \/><\/a>\n\t\t\t\t<\/dt><\/dl><dl class='gallery-item'>\n\t\t\t\t<dt class='gallery-icon landscape'>\n\t\t\t\t\t<a class=\"rollover rollover-zoom dt-pswp-item\" title=\"333\" data-dt-img-description=\"\" data-large_image_width=\"934\" data-large_image_height=\"526\"href='https:\/\/www.radiopiu.net\/wordpress\/wp-content\/uploads\/2024\/01\/333.png'><img loading=\"lazy\" decoding=\"async\" width=\"300\" height=\"169\" src=\"https:\/\/www.radiopiu.net\/wordpress\/wp-content\/uploads\/2024\/01\/333-300x169.png\" class=\"attachment-medium size-medium\" alt=\"\" srcset=\"https:\/\/www.radiopiu.net\/wordpress\/wp-content\/uploads\/2024\/01\/333-300x169.png 300w, https:\/\/www.radiopiu.net\/wordpress\/wp-content\/uploads\/2024\/01\/333-768x433.png 768w, https:\/\/www.radiopiu.net\/wordpress\/wp-content\/uploads\/2024\/01\/333.png 934w\" sizes=\"auto, (max-width: 300px) 100vw, 300px\" \/><\/a>\n\t\t\t\t<\/dt><\/dl><br style=\"clear: both\" \/>\n\t\t\t<\/div>\n\n<p>&nbsp;<\/p>\n\n\t\t\t<style type='text\/css'>\n\t\t\t\t#gallery-6 {\n\t\t\t\t\tmargin: auto;\n\t\t\t\t}\n\t\t\t\t#gallery-6 .gallery-item {\n\t\t\t\t\tfloat: left;\n\t\t\t\t\tmargin-top: 10px;\n\t\t\t\t\ttext-align: center;\n\t\t\t\t\twidth: 33%;\n\t\t\t\t}\n\t\t\t\t#gallery-6 img {\n\t\t\t\t\tborder: 2px solid #cfcfcf;\n\t\t\t\t}\n\t\t\t\t#gallery-6 .gallery-caption {\n\t\t\t\t\tmargin-left: 0;\n\t\t\t\t}\n\t\t\t\t\/* see gallery_shortcode() in wp-includes\/media.php *\/\n\t\t\t<\/style>\n\t\t<div id='gallery-6' class='dt-gallery-container gallery galleryid-370108 gallery-columns-3 gallery-size-thumbnail'><dl class='gallery-item'>\n\t\t\t\t<dt class='gallery-icon portrait'>\n\t\t\t\t\t<a class=\"rollover rollover-zoom dt-pswp-item\" title=\"CARNEVV\" data-dt-img-description=\"\" data-large_image_width=\"469\" data-large_image_height=\"650\"href='https:\/\/www.radiopiu.net\/wordpress\/wp-content\/uploads\/2024\/01\/CARNEVV.png'><img loading=\"lazy\" decoding=\"async\" width=\"150\" height=\"150\" src=\"https:\/\/www.radiopiu.net\/wordpress\/wp-content\/uploads\/2024\/01\/CARNEVV-150x150.png\" class=\"attachment-thumbnail size-thumbnail\" alt=\"\" \/><\/a>\n\t\t\t\t<\/dt><\/dl><dl class='gallery-item'>\n\t\t\t\t<dt class='gallery-icon landscape'>\n\t\t\t\t\t<a class=\"rollover rollover-zoom dt-pswp-item\" title=\"b6160c47-db54-4eae-b091-83004a20caa0\" data-dt-img-description=\"\" data-large_image_width=\"1080\" data-large_image_height=\"1080\"href='https:\/\/www.radiopiu.net\/wordpress\/wp-content\/uploads\/2024\/01\/b6160c47-db54-4eae-b091-83004a20caa0.jpg'><img loading=\"lazy\" decoding=\"async\" width=\"150\" height=\"150\" src=\"https:\/\/www.radiopiu.net\/wordpress\/wp-content\/uploads\/2024\/01\/b6160c47-db54-4eae-b091-83004a20caa0-150x150.jpg\" class=\"attachment-thumbnail size-thumbnail\" alt=\"\" srcset=\"https:\/\/www.radiopiu.net\/wordpress\/wp-content\/uploads\/2024\/01\/b6160c47-db54-4eae-b091-83004a20caa0-150x150.jpg 150w, https:\/\/www.radiopiu.net\/wordpress\/wp-content\/uploads\/2024\/01\/b6160c47-db54-4eae-b091-83004a20caa0-300x300.jpg 300w, https:\/\/www.radiopiu.net\/wordpress\/wp-content\/uploads\/2024\/01\/b6160c47-db54-4eae-b091-83004a20caa0-1024x1024.jpg 1024w, https:\/\/www.radiopiu.net\/wordpress\/wp-content\/uploads\/2024\/01\/b6160c47-db54-4eae-b091-83004a20caa0-768x768.jpg 768w, https:\/\/www.radiopiu.net\/wordpress\/wp-content\/uploads\/2024\/01\/b6160c47-db54-4eae-b091-83004a20caa0.jpg 1080w\" sizes=\"auto, (max-width: 150px) 100vw, 150px\" \/><\/a>\n\t\t\t\t<\/dt><\/dl><dl class='gallery-item'>\n\t\t\t\t<dt class='gallery-icon portrait'>\n\t\t\t\t\t<a class=\"rollover rollover-zoom dt-pswp-item\" title=\"13556dc7-4f78-4dc7-8528-85f4e4d0e7aa\" data-dt-img-description=\"\" data-large_image_width=\"723\" data-large_image_height=\"1024\"href='https:\/\/www.radiopiu.net\/wordpress\/wp-content\/uploads\/2024\/01\/13556dc7-4f78-4dc7-8528-85f4e4d0e7aa.jpg'><img loading=\"lazy\" decoding=\"async\" width=\"150\" height=\"150\" src=\"https:\/\/www.radiopiu.net\/wordpress\/wp-content\/uploads\/2024\/01\/13556dc7-4f78-4dc7-8528-85f4e4d0e7aa-150x150.jpg\" class=\"attachment-thumbnail size-thumbnail\" alt=\"\" \/><\/a>\n\t\t\t\t<\/dt><\/dl><br style=\"clear: both\" \/>\n\t\t\t<\/div>\n\n<p>&nbsp;<\/p>\n<p>https:\/\/www.facebook.com\/radiopiu\/videos\/883704140228667<\/p>\n<p>&nbsp;<\/p>\n<p>&nbsp;<\/p>\n<hr \/>\n<p>&nbsp;<\/p>\n<p><a class=\"dt-pswp-item\" href=\"https:\/\/www.radiopiu.net\/wordpress\/wp-content\/uploads\/2020\/04\/ASCA.png\" data-dt-img-description=\"\" data-large_image_width=\"1211\" data-large_image_height=\"668\"><img loading=\"lazy\" decoding=\"async\" class=\"wp-image-128881 alignleft\" src=\"https:\/\/www.radiopiu.net\/wordpress\/wp-content\/uploads\/2020\/04\/ASCA-300x165.png\" alt=\"\" width=\"173\" height=\"95\" srcset=\"https:\/\/www.radiopiu.net\/wordpress\/wp-content\/uploads\/2020\/04\/ASCA-300x165.png 300w, https:\/\/www.radiopiu.net\/wordpress\/wp-content\/uploads\/2020\/04\/ASCA-1024x565.png 1024w, https:\/\/www.radiopiu.net\/wordpress\/wp-content\/uploads\/2020\/04\/ASCA-768x424.png 768w, https:\/\/www.radiopiu.net\/wordpress\/wp-content\/uploads\/2020\/04\/ASCA.png 1211w\" sizes=\"auto, (max-width: 173px) 100vw, 173px\" \/><\/a><strong>AVVISO DI SELEZIONE!<\/strong><br \/>\n<strong>AGORDO<\/strong> ASCA, azienda speciale consortile agordina cerca a tempo indeterminato e con orario pieno una figura\u00a0 professionale denominata REFERENTE DEGLI OPERATORI SOCIO SANITARI.\u00a0 ACCESSO WELFARE AZIENDALE, POSSIBILIT\u00e0 DI SISTEMAZIONE ABITATIVA gratuita per 8 mesi.\u00a0\u00a0 LE DOMANDE DI PARTECIPAZIONE ALLA SELEZIONE VANNO PRESENTATE ENTRO LE 12 DEL 19 gennaio<br \/>\nInformazioni sul sito <a class=\"moz-txt-link-abbreviated\" href=\"http:\/\/www.servizisocialiasca.it\">www.servizisocialiasca.it<\/a>\u00a0 sezione bandi;\u00a0 oppure ALL&#8217;UFFICIO PERSONALE ASCA: <a class=\"moz-txt-link-abbreviated\" href=\"mailto:personale@servizisocialiasca.it\">personale@servizisocialiasca.it<\/a>\u00a0 telefono 0437 63750<\/p>\n<p>&nbsp;<\/p>\n<p><strong>\u201cAppia Servizi Srl, presso la propria sede di Agordo, \u00e8 alla ricerca di una nuova figura con esperienza per il reparto contabile da inserire nel proprio organico a tempo indeterminato e tempo pieno.Se interessati potete contattare il numero 0437-954411 o inviare la vostra candidatura all\u2019indirizzo <a href=\"mailto:info@appiacna.it\">info@appiacna.it<\/a>.\u201d<\/strong><\/p>\n<p>&nbsp;<\/p>\n<blockquote><p><strong><a class=\"dt-pswp-item\" href=\"https:\/\/www.radiopiu.net\/wordpress\/wp-content\/uploads\/2024\/01\/322_1.jpg\" data-dt-img-description=\"\" data-large_image_width=\"800\" data-large_image_height=\"532\"><img loading=\"lazy\" decoding=\"async\" class=\"wp-image-368729 alignleft\" src=\"https:\/\/www.radiopiu.net\/wordpress\/wp-content\/uploads\/2024\/01\/322_1-300x200.jpg\" alt=\"\" width=\"228\" height=\"152\" srcset=\"https:\/\/www.radiopiu.net\/wordpress\/wp-content\/uploads\/2024\/01\/322_1-300x200.jpg 300w, https:\/\/www.radiopiu.net\/wordpress\/wp-content\/uploads\/2024\/01\/322_1-768x511.jpg 768w, https:\/\/www.radiopiu.net\/wordpress\/wp-content\/uploads\/2024\/01\/322_1.jpg 800w\" sizes=\"auto, (max-width: 228px) 100vw, 228px\" \/><\/a>SAN MARTINO IN BADIA <\/strong>La Residenza socio-assistenziale per anziani di San Martino in Val Badia cerca da subito collaboratori qualificati a tempo determinato e\/o indeterminato da inserire nell\u2019organico. I profili richiesti sono: Infermieri professionali e operatori socio-sanitari. Si offre flessibilit\u00e0 oraria su lavoro a turni, part-time 19, 24 o 29 ore settimanali o a tempo pieno 38 ore. Si offre vitto e alloggio in struttura, possibilit\u00e0 di formazione\/aggiornamento professionale, corsi di lingua e altri benefit. Viene offerto contratto di lavoro collettivo intercompartimentale per dipendenti pubblici ed eventuale retribuzione di indennit\u00e0 linguistica di trilinguismo. Per la candidatura \u00e9 necessario possedere la padronanza della lingua italiana o tedesca, la capacit\u00e0 di lavorare in team e competenze sociali oltre alla qualifica professionale richiesta. Per interesse prego contattare direttamente la struttura al numero: 0474\/524700 o scrivendo una mail a: info@ciasadepalsa.it.<\/p><\/blockquote>\n<p>&nbsp;<\/p>\n<p>&nbsp;<\/p>\n<hr \/>\n<p>&nbsp;<\/p>\n<h2><span style=\"color: #ff0000;\">GLI APPUNTAMENTI DELLA SETTIMANA\u00a0 \u00a0<\/span><\/h2>\n<blockquote>\n<h3>LA SAGRA DE SANT&#8217;ANTONE A CENCENIGHE<\/h3>\n<\/blockquote>\n<p><strong>CENCENIGHE<\/strong> L&#8217;amministrazione comunale e la Pro Loco di Cencenighe organizzano la festa per la Sagra di Sant&#8217;Antone. Oggi la santa messa alle 18. Domenica 21 il pranzo con i nonni: alle 10 la santa messa e alle 12 il pranzo al Nof Fil\u00f2 con ospiti d&#8217;onore i nonni.<\/p>\n<p>&nbsp;<\/p>\n<blockquote>\n<h3>OMICIDIO DI EMMA CANTON. CON ROBERTO DE NART &#8220;NEL LUOGO DEL DELITTO&#8221;<\/h3>\n<\/blockquote>\n<div class=\"x11i5rnm xat24cr x1mh8g0r x1vvkbs xtlvy1s x126k92a\">\n<div dir=\"auto\"><img loading=\"lazy\" decoding=\"async\" class=\"x1ey2m1c xds687c x5yr21d x10l6tqk x17qophe x13vifvy xh8yej3 xl1xv1r alignleft\" src=\"https:\/\/scontent-mxp2-1.xx.fbcdn.net\/v\/t39.30808-6\/413892218_6782657368527745_6697488528668670959_n.jpg?_nc_cat=100&amp;ccb=1-7&amp;_nc_sid=3635dc&amp;_nc_ohc=YdurxIxAUzAAX-Lxaye&amp;_nc_ht=scontent-mxp2-1.xx&amp;oh=00_AfBOqONEXBQoXqndAs4oRii7BSuMJfhR0hrXWKC_tU82kg&amp;oe=65A8C00F\" alt=\"Potrebbe essere un'immagine raffigurante il seguente testo &quot;Omicidio CIC di Emma Canton Atti processuali -Archivio di Stato di Venezia 1933 Roberto De Nart&quot;\" width=\"143\" height=\"213\" \/><strong>TRICHIANA<\/strong> Si terr\u00e0 venerd\u00ec 19 GENNAIO\u00a0 \u00a0alle 18:30 in Biblioteca\u00a0 a\u00a0 Trichiana presentazione dell\u2019ultimo libro di Roberto De Nart dal titolo \u201cOmicidio di Emma Canton\u201d. Condurr\u00e0 la serata l\u2019avvocato Anna Polifroni del Foro di Belluno e la dottoressa Fiorella Bristot. Il libro del giornalista bellunese narra i fatti realmente accaduti 90 anni fa nella frazione di S. Antonio Tortal di Trichiana (Borgo Valbelluna), ricostruiti sulla base degli atti processuali dell\u2019Archivio di Stato di Venezia. Quello di Emma Canton \u00e8 un caso di femminicidio crudele che presenta molte analogie con il caso attuale di Giulia Cecchettin, uccisa dal suo ex fidanzato Filippo Turetta. Entrambe le giovani coppie hanno la medesima et\u00e0, 22 anni.<\/div>\n<\/div>\n<div dir=\"auto\"><\/div>\n<div dir=\"auto\">\n<div class=\"\" dir=\"auto\">\n<div id=\":r1kh:\" class=\"x1iorvi4 x1pi30zi x1l90r2v x1swvt13\" data-ad-comet-preview=\"message\" data-ad-preview=\"message\">\n<div class=\"x78zum5 xdt5ytf xz62fqu x16ldp7u\">\n<div class=\"xu06os2 x1ok221b\">\n<div dir=\"auto\">\n<p><strong><a class=\"dt-pswp-item\" href=\"https:\/\/www.radiopiu.net\/wordpress\/wp-content\/uploads\/2024\/01\/file.jpg\" data-dt-img-description=\"\" data-large_image_width=\"640\" data-large_image_height=\"640\"><img loading=\"lazy\" decoding=\"async\" class=\"wp-image-369934 alignleft\" src=\"https:\/\/www.radiopiu.net\/wordpress\/wp-content\/uploads\/2024\/01\/file-300x300.jpg\" alt=\"\" width=\"102\" height=\"102\" srcset=\"https:\/\/www.radiopiu.net\/wordpress\/wp-content\/uploads\/2024\/01\/file-300x300.jpg 300w, https:\/\/www.radiopiu.net\/wordpress\/wp-content\/uploads\/2024\/01\/file-150x150.jpg 150w, https:\/\/www.radiopiu.net\/wordpress\/wp-content\/uploads\/2024\/01\/file.jpg 640w\" sizes=\"auto, (max-width: 102px) 100vw, 102px\" \/><\/a>L&#8217;AUTORE, ROBERTO DE NART<\/strong><\/p>\n<\/div>\n<\/div>\n<\/div>\n<\/div>\n<\/div>\n<div id=\":r1ki:\" class=\"x1n2onr6\">\n<div class=\"x1n2onr6\">\n<div class=\"x6s0dn4 x1jx94hy x78zum5 xdt5ytf x6ikm8r x10wlt62 x1n2onr6 xh8yej3\">\n<div class=\"xqtp20y x6ikm8r x10wlt62 x1n2onr6\">\n<div class=\"x10l6tqk x13vifvy\">\n<audio class=\"wp-audio-shortcode\" id=\"audio-370108-14\" preload=\"none\" style=\"width: 100%;\" controls=\"controls\"><source type=\"audio\/mpeg\" src=\"https:\/\/www.radiopiu.net\/wordpress\/wp-content\/uploads\/2023\/11\/ROBERTO-DE-NART.mp3?_=14\" \/><a href=\"https:\/\/www.radiopiu.net\/wordpress\/wp-content\/uploads\/2023\/11\/ROBERTO-DE-NART.mp3\">https:\/\/www.radiopiu.net\/wordpress\/wp-content\/uploads\/2023\/11\/ROBERTO-DE-NART.mp3<\/a><\/audio>\n<\/div>\n<\/div>\n<\/div>\n<div class=\"xua58t2 xzg4506 x1ey2m1c xds687c x47corl x10l6tqk x17qophe x13vifvy\"><\/div>\n<\/div>\n<\/div>\n<\/div>\n<blockquote>\n<h3>CAR AL ME BELUN: IL RECITAL<\/h3>\n<\/blockquote>\n<p><strong>SOSPIROLO<\/strong> Torna la \u201cGiornata Nazionale del Dialetto e delle Lingue Locali\u201d che si celebra il 17 gennaio. In questo ambito, la Pro Loco Monti del Sole di Sospirolo, propone il recital \u201cCaro al me Belun\u201d della compagnia Teatro Tre di Belluno &#8211; domenica 21 gennaio alle ore 17.00 &#8211; al Centro civico di Sospirolo. L\u2019evento, ad ingresso libero, gode del patrocinio del Comune di Sospirolo.<\/p>\n<p>&nbsp;<\/p>\n<h2><span style=\"color: #ff0000;\">PROSSIMAMENTE&#8230;<\/span><\/h2>\n<blockquote>\n<h3>UN CONVEGNO PER PARLARE DI FAMIGLIA A BELLUNO<\/h3>\n<\/blockquote>\n<p><strong>BELLUNO<\/strong> il comune di Belluno &#8211; Assessorato al Sociale, Rapporti con le Associazioni e Politiche per la Famiglia, organizza per sabato 27 gennaio 2024 un convegno dal titolo &#8220;LA FAMIGLIA AL CENTRO DI SOLIDARIETA&#8217; E MEMORIA&#8221;, che si terr\u00e0 presso il Teatro &#8220;Dino Buzzati&#8221; di Belluno<\/p>\n<p>&nbsp;<\/p>\n<hr \/>\n<blockquote>\n<h3><\/h3>\n<h3>ARIA D&#8217;INVERN, IL CONCORSO FOTOGRAFICO<\/h3>\n<\/blockquote>\n<p><strong><img loading=\"lazy\" decoding=\"async\" class=\"alignleft\" src=\"https:\/\/www.radiopiu.net\/wordpress\/wp-content\/uploads\/2024\/01\/Senza-nome-41.png\" width=\"375\" height=\"201\" \/>CENCENIGHE<\/strong> La Pro Loco di Cencenighe ha organizzato un concorso fotografico dal titolo &#8220;Aria D&#8217;Invern&#8221;. Chi volesse partecipare pu\u00f2 inviare gli scatti fino al 31 marzo alla mail ariadinvern@gmail.com seguiranno le premiazioni e, nel mese di luglio, l&#8217;esposizione delle foto al Nof Fil\u00f2. Regolamento completo sul sito www.prolococencenighe.it<\/p>\n<p>&nbsp;<\/p>\n<p><strong>L&#8217;INTERVISTA ALLA RADIO CON ORIETTA SCARDANZAN, ELISA CANCEL, FRANCESCA TRENTIN\u00a0<\/strong><\/p>\n<audio class=\"wp-audio-shortcode\" id=\"audio-370108-15\" preload=\"none\" style=\"width: 100%;\" controls=\"controls\"><source type=\"audio\/mpeg\" src=\"https:\/\/www.radiopiu.net\/wordpress\/wp-content\/uploads\/2024\/01\/porolco-cence-aria-dinverno.mp3?_=15\" \/><a href=\"https:\/\/www.radiopiu.net\/wordpress\/wp-content\/uploads\/2024\/01\/porolco-cence-aria-dinverno.mp3\">https:\/\/www.radiopiu.net\/wordpress\/wp-content\/uploads\/2024\/01\/porolco-cence-aria-dinverno.mp3<\/a><\/audio>\n<p>&nbsp;<\/p>\n<p>&nbsp;<\/p>\n<blockquote>\n<h3>COME NUOVO BIMBI, IL NUOVO NEGOZIO DI GIADA SCHENA<\/h3>\n<\/blockquote>\n<p><strong>REDAZIONE<\/strong> Ha aperto i battenti un nuovo negozio ad Agordo. In contrada dei signori Giada Schena ha aperto le porte di &#8220;Come Nuovo Bimbi&#8221; a Radio Pi\u00f9.<\/p>\n<div style=\"width: 848px;\" class=\"wp-video\"><video class=\"wp-video-shortcode\" id=\"video-370108-3\" width=\"848\" height=\"480\" preload=\"metadata\" controls=\"controls\"><source type=\"video\/mp4\" src=\"https:\/\/www.radiopiu.net\/wordpress\/wp-content\/uploads\/2024\/01\/WhatsApp-Video-2024-01-13-at-12.28.12.mp4?_=3\" \/><a href=\"https:\/\/www.radiopiu.net\/wordpress\/wp-content\/uploads\/2024\/01\/WhatsApp-Video-2024-01-13-at-12.28.12.mp4\">https:\/\/www.radiopiu.net\/wordpress\/wp-content\/uploads\/2024\/01\/WhatsApp-Video-2024-01-13-at-12.28.12.mp4<\/a><\/video><\/div>\n<p>&nbsp;<\/p>\n<p>&nbsp;<\/p>\n<p>&nbsp;<\/p>\n<p>&nbsp;<\/p>\n<hr \/>\n<p>&nbsp;<\/p>\n<p><a class=\"dt-pswp-item\" href=\"https:\/\/www.radiopiu.net\/wordpress\/wp-content\/uploads\/2018\/09\/viabilita.jpeg\" data-dt-img-description=\"\" data-large_image_width=\"800\" data-large_image_height=\"100\"><img loading=\"lazy\" decoding=\"async\" class=\"aligncenter wp-image-61954 size-full\" src=\"https:\/\/www.radiopiu.net\/wordpress\/wp-content\/uploads\/2018\/09\/viabilita.jpeg\" alt=\"\" width=\"800\" height=\"100\" srcset=\"https:\/\/www.radiopiu.net\/wordpress\/wp-content\/uploads\/2018\/09\/viabilita.jpeg 800w, https:\/\/www.radiopiu.net\/wordpress\/wp-content\/uploads\/2018\/09\/viabilita-300x38.jpeg 300w, https:\/\/www.radiopiu.net\/wordpress\/wp-content\/uploads\/2018\/09\/viabilita-768x96.jpeg 768w\" sizes=\"auto, (max-width: 800px) 100vw, 800px\" \/><\/a><\/p>\n<p>&nbsp;<\/p>\n<p><a class=\"dt-pswp-item\" href=\"https:\/\/www.radiopiu.net\/wordpress\/wp-content\/uploads\/2023\/12\/botol-car-service.jpg\" data-dt-img-description=\"\" data-large_image_width=\"600\" data-large_image_height=\"600\"><img loading=\"lazy\" decoding=\"async\" class=\"size-medium wp-image-367044 aligncenter\" src=\"https:\/\/www.radiopiu.net\/wordpress\/wp-content\/uploads\/2023\/12\/botol-car-service-300x300.jpg\" alt=\"\" width=\"300\" height=\"300\" srcset=\"https:\/\/www.radiopiu.net\/wordpress\/wp-content\/uploads\/2023\/12\/botol-car-service-300x300.jpg 300w, https:\/\/www.radiopiu.net\/wordpress\/wp-content\/uploads\/2023\/12\/botol-car-service-150x150.jpg 150w, https:\/\/www.radiopiu.net\/wordpress\/wp-content\/uploads\/2023\/12\/botol-car-service.jpg 600w\" sizes=\"auto, (max-width: 300px) 100vw, 300px\" \/><\/a><\/p>\n<p>&nbsp;<\/p>\n<blockquote>\n<h1><span style=\"color: #ff0000;\"><a class=\"dt-pswp-item\" href=\"https:\/\/www.radiopiu.net\/wordpress\/wp-content\/uploads\/2020\/05\/VENETO-STRADE.png\" data-dt-img-description=\"\" data-large_image_width=\"400\" data-large_image_height=\"400\"><img loading=\"lazy\" decoding=\"async\" class=\"wp-image-135574 alignleft\" src=\"https:\/\/www.radiopiu.net\/wordpress\/wp-content\/uploads\/2020\/05\/VENETO-STRADE-300x300.png\" alt=\"\" width=\"102\" height=\"102\" srcset=\"https:\/\/www.radiopiu.net\/wordpress\/wp-content\/uploads\/2020\/05\/VENETO-STRADE-300x300.png 300w, https:\/\/www.radiopiu.net\/wordpress\/wp-content\/uploads\/2020\/05\/VENETO-STRADE-150x150.png 150w, https:\/\/www.radiopiu.net\/wordpress\/wp-content\/uploads\/2020\/05\/VENETO-STRADE.png 400w\" sizes=\"auto, (max-width: 102px) 100vw, 102px\" \/><\/a>AGGIORNAMENTO QUOTIDIANO, IN\u00a0 COLLABORAZIONE CON VENETO STRADE<\/span><\/h1>\n<p>&nbsp;<\/p><\/blockquote>\n<blockquote><p>Si raccomanda di percorrere i passi al di sopra dei 1200 m slm con catene montate; le catene devono essere montate fuori dalla sede stradale, per non intralciare il traffico e le operazioni di sgombero neve dal piano viabile. Si raccomanda di prestare la massima attenzione nella guida per la possibile presenza di tratti resi scivolosi causati da neve fortemente bagnata<\/p>\n<p>\u00c8 chiuso per periodo invernale il seguente tratto stradale: &#8211; S.P. 33 \u201cdi Sauris\u201d dal km 0+000 (innesto S.P. 619) al km 6+800 (confine Provincia di Udine).<\/p><\/blockquote>\n<p><strong>SOSPIROLO\u00a0<\/strong> Lungo la provinciale 2 tra Pian Falcina e Gena Bassa in Comune di Sospirolo\u00a0 <span style=\"color: #ff0000;\">fino al 15 febbraio,<\/span> sabato e domeniche compresi, senso unico alternato regolato da semaforo o movieri, interruzioni alla viabilit\u00e0 fino a 10 minuti per tratti di 200 metri.<\/p>\n<p>&nbsp;<\/p>\n<hr \/>\n<p>&nbsp;<\/p>\n<p><a class=\"dt-pswp-item\" href=\"https:\/\/www.radiopiu.net\/wordpress\/wp-content\/uploads\/2018\/09\/WhatsApp-Image-2018-09-20-at-16.04.06.jpeg\" data-dt-img-description=\"\" data-large_image_width=\"800\" data-large_image_height=\"100\"><img loading=\"lazy\" decoding=\"async\" class=\"wp-image-61378 size-full aligncenter\" src=\"https:\/\/www.radiopiu.net\/wordpress\/wp-content\/uploads\/2018\/09\/WhatsApp-Image-2018-09-20-at-16.04.06.jpeg\" alt=\"\" width=\"800\" height=\"100\" srcset=\"https:\/\/www.radiopiu.net\/wordpress\/wp-content\/uploads\/2018\/09\/WhatsApp-Image-2018-09-20-at-16.04.06.jpeg 800w, https:\/\/www.radiopiu.net\/wordpress\/wp-content\/uploads\/2018\/09\/WhatsApp-Image-2018-09-20-at-16.04.06-300x38.jpeg 300w, https:\/\/www.radiopiu.net\/wordpress\/wp-content\/uploads\/2018\/09\/WhatsApp-Image-2018-09-20-at-16.04.06-768x96.jpeg 768w\" sizes=\"auto, (max-width: 800px) 100vw, 800px\" \/><\/a><\/p>\n<p><center><\/center><b>\u00a0 \u00a0<\/b><\/p>\n<p><center><b>OGGI<\/b><\/center>Aumento della nuvolosit\u00e0 fino a molto nuvoloso o coperto con qualche residua schiarita su Dolomiti fino al primo mattino.<br \/>\n<b>Precipitazioni: <\/b>Dal mattino prime deboli precipitazioni sparse sulle zone prealpine occidentali in estensione nel corso del pomeriggio e soprattutto in serata a Dolomiti quando saranno a tratti moderate su alcuni settori Prealpini, deboli su Dolomiti. Limite neve inizialmente a fondovalle poi in graduale rialzo anche marcato sulle Prealpi esposte alla pianura. Non si esclude qualche locale episodio di gelicidio (pioggia congelante al suolo) nella seconda parte della giornata nelle valli prealpine pi\u00f9 interne.<br \/>\n<b>Temperature: <\/b>Temperature in aumento specie le minime in alta montagna, salvo risultare in leggero calo le massime nelle valli.<\/p>\n<hr \/>\n<p><center><b>DOMANI<\/b><\/center>Cielo da nuvoloso a molto nuvoloso con deboli fenomeni sparsi tra la notte e fino al primo mattino. In seguito esaurimento dei fenomeni con cielo irregolarmente nuvoloso. Verso sera nuovo aumento della nuvolosit\u00e0 con qualche sporadico fenomeno.<br \/>\n<b>Precipitazioni: <\/b>Nelle notte e fino al primo mattino probabili deboli precipitazioni diffuse con limite neve in rialzo su Prealpi esposte alla pianura<br \/>\n<b>Temperature: <\/b>Temperature in aumento, specie le minime nelle valli.<\/p>\n<hr \/>\n<p><center><b>VENERDI<\/b><\/center>Tra notte e mattino da nuvoloso a molto nuvoloso con deboli precipitazioni sparse tendenti a concentrarsi sui settori Prealpini, limite neve in calo fin attorno 800-1000 m. Dal pomeriggio schiarite via via pi\u00f9 ampie a partire da Dolomiti in estensione a Prealpi fino a poco nuvoloso in serata. Temperature in calo anche marcato in quota.\u00a0 giornata.<\/p>\n<hr \/>\n<p><center><b>SABATO<\/b><\/center>Sereno o al pi\u00f9 poco nuvoloso con ottima visibilit\u00e0. Temperature in generale calo eccetto possibili locali effetti di fhoen in qualche valle dolomitica fino al mattino.<\/p>\n<p>&nbsp;<\/p>\n<p>&nbsp;<\/p>\n<blockquote>\n<h3>TEMPERATURE GELIDE LA SCORSA NOTTE. -12 A PESCUL<\/h3>\n<\/blockquote>\n<p><a class=\"dt-pswp-item\" href=\"https:\/\/www.radiopiu.net\/wordpress\/wp-content\/uploads\/2020\/12\/ghiaccio-freddo-brina.jpg\" data-dt-img-description=\"\" data-large_image_width=\"1920\" data-large_image_height=\"1280\"><img loading=\"lazy\" decoding=\"async\" class=\" wp-image-181632 alignleft\" src=\"https:\/\/www.radiopiu.net\/wordpress\/wp-content\/uploads\/2020\/12\/ghiaccio-freddo-brina-300x200.jpg\" alt=\"\" width=\"176\" height=\"117\" srcset=\"https:\/\/www.radiopiu.net\/wordpress\/wp-content\/uploads\/2020\/12\/ghiaccio-freddo-brina-300x200.jpg 300w, https:\/\/www.radiopiu.net\/wordpress\/wp-content\/uploads\/2020\/12\/ghiaccio-freddo-brina-1024x683.jpg 1024w, https:\/\/www.radiopiu.net\/wordpress\/wp-content\/uploads\/2020\/12\/ghiaccio-freddo-brina-768x512.jpg 768w, https:\/\/www.radiopiu.net\/wordpress\/wp-content\/uploads\/2020\/12\/ghiaccio-freddo-brina-1536x1024.jpg 1536w, https:\/\/www.radiopiu.net\/wordpress\/wp-content\/uploads\/2020\/12\/ghiaccio-freddo-brina.jpg 1920w\" sizes=\"auto, (max-width: 176px) 100vw, 176px\" \/><\/a><strong>REDAZIONE<\/strong> Le temperature minime registrate la scorsa notte in alcune localit\u00e0 del Veneto sono state particolarmente basse. Fra i paesi, i valori pi\u00f9 significativi includono Pescul con -12.0\u00b0C, Santo Stefano con -11.7\u00b0C, Asiago con -11.2\u00b0C, Santa Giustina con -7.4\u00b0C, e Arsi\u00e8 con -7.4\u00b0C. Altre localit\u00e0 con temperature notevolmente basse includono Pian Cansiglio con -12.4\u00b0C, Val Visdende con -17.2\u00b0C, Piana di Marcesina con -20.0\u00b0C, Passo Cimabanche con -17.7\u00b0C, Passo Campolongo con -16.0\u00b0C, Passo Pordoi con -11.2\u00b0C, e Marmolada con -17.6\u00b0C all&#8217;arrivo della funivia.<\/p>\n<p><center><\/center><center><\/center><a class=\"dt-pswp-item\" href=\"https:\/\/www.radiopiu.net\/wordpress\/wp-content\/uploads\/2024\/01\/Senza-nome-48.png\" data-dt-img-description=\"\" data-large_image_width=\"460\" data-large_image_height=\"633\"><img loading=\"lazy\" decoding=\"async\" class=\"aligncenter wp-image-369946 size-full\" src=\"https:\/\/www.radiopiu.net\/wordpress\/wp-content\/uploads\/2024\/01\/Senza-nome-48.png\" alt=\"\" width=\"460\" height=\"633\" srcset=\"https:\/\/www.radiopiu.net\/wordpress\/wp-content\/uploads\/2024\/01\/Senza-nome-48.png 460w, https:\/\/www.radiopiu.net\/wordpress\/wp-content\/uploads\/2024\/01\/Senza-nome-48-218x300.png 218w\" sizes=\"auto, (max-width: 460px) 100vw, 460px\" \/><\/a><\/p>\n<p>&nbsp;<\/p>\n<hr \/>\n<p>&nbsp;<\/p>\n<p><img loading=\"lazy\" decoding=\"async\" class=\"wp-image-60761 size-full aligncenter\" src=\"https:\/\/www.radiopiu.net\/wordpress\/wp-content\/uploads\/2018\/09\/sport.jpg\" alt=\"\" width=\"800\" height=\"100\" srcset=\"https:\/\/www.radiopiu.net\/wordpress\/wp-content\/uploads\/2018\/09\/sport.jpg 800w, https:\/\/www.radiopiu.net\/wordpress\/wp-content\/uploads\/2018\/09\/sport-300x38.jpg 300w, https:\/\/www.radiopiu.net\/wordpress\/wp-content\/uploads\/2018\/09\/sport-768x96.jpg 768w\" sizes=\"auto, (max-width: 800px) 100vw, 800px\" \/><\/p>\n<p>&nbsp;<\/p>\n<p><span style=\"color: #0000ff;\"><strong>HOCKEY SU GHIACCIO<\/strong><\/span><\/p>\n<blockquote>\n<h3>ALLEGHE E FELTRE SALUTANO LA COPPA ITALIA. LE CIVETTE SFIORANO L&#8217;IMPRESA AD APPIANO<\/h3>\n<\/blockquote>\n<p><strong>di Marco Gaz<\/strong><\/p>\n<p><span style=\"color: #ff0000;\"><strong>QUARTI DI FINALE DI COPPA ITALIA &#8211; GARA DI RITORNO<\/strong><\/span><\/p>\n<p><strong>APPIANO \u2013 ALLEGHE 1-3 (1-0 OVERTIME)<\/strong><\/p>\n<p>PARZIALI: 0-1, 0-0, 1-2, 1-0<\/p>\n<p>GOL: Pt. 6\u201950\u201d Talamini. Tt. 4\u201907\u201d Moroder, 19\u201910\u201d Tombolato, 19\u201915\u201d De Val. Ot. 11\u201909\u201d Erlacher<\/p>\n<p>L\u2019Alleghe saluta la Coppa Italia di hockey ma lo fa a testa altissima dopo una prestazione superlativa. La squadra di Scapinello si \u00e8 giocata il passaggio del turno all\u2019overtime dopo aver vinto nei 60\u2019 regolamentari per 3 a 1. L\u2019Appiano, sornione, ha giochicchiato per tutti i tempi regolamentari per poi dare il massimo nel supplementare dove Erlacher ha trovato il gol che vale le semifinali per gli altoatesini. Gli agordini hanno dato il massimo per cercare di agguantare la fase finale del torneo ma la stanchezza e un calo di concentrazione \u00e8 costata caro alle civette.\u00a0 Primi minuti di gara con poche emozioni. Gli altoatesini si fanno pericolosi ma le conclusioni lasciano a desiderare. Prova a rispondere l\u2019Alleghe con Martini ma la sua deviazione non centra i pali. Ad aprire le marcature sono le civette. A battere il portiere di casa ci pensa Talamini che coglie l\u2019assist di De Luca per spedire il disco in fondo al sacco. La gara corre via veloce con poche interruzioni arbitrali. I ragazzi di Scapinello si difendono bene e provano a colpire in contropiede. I pirati sembrano aver accusato il colpo e non riescono a reagire. Nel secondo tempo le squadre giocano alla pari. Le occasioni non mancano da entrambi i lati. A fare la differenza sono i due portieri che non si fanno sorprendere. L\u2019Appiano inizia a spingere prendendo di mira la porta agordina. Scola \u00e8 costretto agli straordinari per evitare il pareggio. Fasi delicate della partita con i padroni di casa che le provano tutte pur di recuperare il gol di svantaggio. Terza frazione ancora giocata alla pari. Si lotta su ogni disco. In superiorit\u00e0 numerica le civette trovano il secondo gol della serata. All\u2019ultimo secondo della penalit\u00e0 ci pensa Moroder a battere il golie altoatesino. I pirati tirano fuori le unghie e impegnano pi\u00f9 volte Scola che si supera in pi\u00f9 occasioni. Nel finale di gara gli altoatesini optano per togliere il portiere e giocare con il sesto uomo di movimento trovando il gol che accorcia le distanze a firma di Tombolato. Ma De Val trova subito il gol che porta le civette all\u2019overtime la sfida. Nel supplementare l\u2019Appiano sembra avere una marcia in pi\u00f9 con le civette che faticano a creare qualcosa di buono. Civette che si avvicinano alla porta senza trovare per\u00f2 la conclusione. Intanto Scola viene impegnato pi\u00f9 volte salvando il risultato. Altoatesini che continuano a premere e dopo una serie di tiri in porta trovano la rete che vale il passaggio del turno.<\/p>\n<p><em><strong>LE FOTO DI ROBERTO MIANA<\/strong><\/em><\/p>\n\n\t\t\t<style type='text\/css'>\n\t\t\t\t#gallery-7 {\n\t\t\t\t\tmargin: auto;\n\t\t\t\t}\n\t\t\t\t#gallery-7 .gallery-item {\n\t\t\t\t\tfloat: left;\n\t\t\t\t\tmargin-top: 10px;\n\t\t\t\t\ttext-align: center;\n\t\t\t\t\twidth: 25%;\n\t\t\t\t}\n\t\t\t\t#gallery-7 img {\n\t\t\t\t\tborder: 2px solid #cfcfcf;\n\t\t\t\t}\n\t\t\t\t#gallery-7 .gallery-caption {\n\t\t\t\t\tmargin-left: 0;\n\t\t\t\t}\n\t\t\t\t\/* see gallery_shortcode() in wp-includes\/media.php *\/\n\t\t\t<\/style>\n\t\t<div id='gallery-7' class='dt-gallery-container gallery galleryid-370108 gallery-columns-4 gallery-size-thumbnail'><dl class='gallery-item'>\n\t\t\t\t<dt class='gallery-icon portrait'>\n\t\t\t\t\t<a class=\"rollover rollover-zoom dt-pswp-item\" title=\"0d8bd56c-9c35-4ba0-b659-7144b2568367\" data-dt-img-description=\"\" data-large_image_width=\"768\" data-large_image_height=\"1024\"href='https:\/\/www.radiopiu.net\/wordpress\/wp-content\/uploads\/2024\/01\/0d8bd56c-9c35-4ba0-b659-7144b2568367.jpg'><img loading=\"lazy\" decoding=\"async\" width=\"150\" height=\"150\" src=\"https:\/\/www.radiopiu.net\/wordpress\/wp-content\/uploads\/2024\/01\/0d8bd56c-9c35-4ba0-b659-7144b2568367-150x150.jpg\" class=\"attachment-thumbnail size-thumbnail\" alt=\"\" \/><\/a>\n\t\t\t\t<\/dt><\/dl><dl class='gallery-item'>\n\t\t\t\t<dt class='gallery-icon portrait'>\n\t\t\t\t\t<a class=\"rollover rollover-zoom dt-pswp-item\" title=\"16aa3735-2ce1-4377-91f5-7e17ce6d6be5\" data-dt-img-description=\"\" data-large_image_width=\"768\" data-large_image_height=\"1024\"href='https:\/\/www.radiopiu.net\/wordpress\/wp-content\/uploads\/2024\/01\/16aa3735-2ce1-4377-91f5-7e17ce6d6be5.jpg'><img loading=\"lazy\" decoding=\"async\" width=\"150\" height=\"150\" src=\"https:\/\/www.radiopiu.net\/wordpress\/wp-content\/uploads\/2024\/01\/16aa3735-2ce1-4377-91f5-7e17ce6d6be5-150x150.jpg\" class=\"attachment-thumbnail size-thumbnail\" alt=\"\" \/><\/a>\n\t\t\t\t<\/dt><\/dl><dl class='gallery-item'>\n\t\t\t\t<dt class='gallery-icon landscape'>\n\t\t\t\t\t<a class=\"rollover rollover-zoom dt-pswp-item\" title=\"632f28ae-1248-4257-ab57-b4c51b494657\" data-dt-img-description=\"\" data-large_image_width=\"1024\" data-large_image_height=\"768\"href='https:\/\/www.radiopiu.net\/wordpress\/wp-content\/uploads\/2024\/01\/632f28ae-1248-4257-ab57-b4c51b494657.jpg'><img loading=\"lazy\" decoding=\"async\" width=\"150\" height=\"150\" src=\"https:\/\/www.radiopiu.net\/wordpress\/wp-content\/uploads\/2024\/01\/632f28ae-1248-4257-ab57-b4c51b494657-150x150.jpg\" class=\"attachment-thumbnail size-thumbnail\" alt=\"\" \/><\/a>\n\t\t\t\t<\/dt><\/dl><dl class='gallery-item'>\n\t\t\t\t<dt class='gallery-icon landscape'>\n\t\t\t\t\t<a class=\"rollover rollover-zoom dt-pswp-item\" title=\"a96e8f95-5eaf-43a9-ad0f-6c1e30f0091b\" data-dt-img-description=\"\" data-large_image_width=\"1024\" data-large_image_height=\"768\"href='https:\/\/www.radiopiu.net\/wordpress\/wp-content\/uploads\/2024\/01\/a96e8f95-5eaf-43a9-ad0f-6c1e30f0091b.jpg'><img loading=\"lazy\" decoding=\"async\" width=\"150\" height=\"150\" src=\"https:\/\/www.radiopiu.net\/wordpress\/wp-content\/uploads\/2024\/01\/a96e8f95-5eaf-43a9-ad0f-6c1e30f0091b-150x150.jpg\" class=\"attachment-thumbnail size-thumbnail\" alt=\"\" \/><\/a>\n\t\t\t\t<\/dt><\/dl><br style=\"clear: both\" \/>\n\t\t\t<\/div>\n\n<p>&nbsp;<\/p>\n<p><strong>VARESE \u2013 FELTRE 3-0<\/strong><\/p>\n<p>PARZIALI: 0-0, 1-0, 2-0<\/p>\n<p>GOL: St. 16\u201926\u201d Mazzacane. Tt. 15\u201955\u201d Borghi<\/p>\n<p>Il Feltre non trova la qualificazione alle semifinli di Coppa Italia e perde anche il ritorno contro il Varese, Dopo una prima frazioni giocata bene dai picchi, i lombardi prendono il largo e chiudono la sfida nel terzo tempo.\u00a0 Prima frazione di gara con il Feltre che si difende bene riuscendo ad impensierire i mastini in pi\u00f9 occasioni ma senza trovare la rete. Padroni di casa che rispondono ma la prima frazione termina a reti inviolate. Varese che nella seconda frazione ingrana la marcia giusta mettendo in difficolt\u00e0 i picchi che a pochi minuti dal termine del drittel centrale subiscono il gol di Mazzacane. Nella terza frazione il Varese incrementa il vantaggio con Borghi e Mazzacane aggiudicandosi le semifinali di sabato.<\/p>\n<p>&nbsp;<\/p>\n<hr \/>\n<p>&nbsp;<\/p>\n<p>&nbsp;<\/p>\n<p><span style=\"color: #0000ff;\"><strong>PATTINAGGIO<\/strong><\/span><\/p>\n<blockquote>\n<h3>TRIONFO SUL GHIACCIO: Grandi Successi per l&#8217;Agordino Ghiaccio e Sport nella Prima Prova Veneta di Pattinaggio Artistico a Asiago<\/h3>\n<\/blockquote>\n<div class=\"x78zum5\" role=\"none\">\n<div class=\"x78zum5 x1iyjqo2 xs83m0k xeuugli\" role=\"none\">\n<div class=\"x1h91t0o xkh2ocl x78zum5 xdt5ytf x13a6bvl x1eb86dx x1r145dm\" role=\"none\">\n<div class=\"x78zum5 xh8yej3\" role=\"none\">\n<div class=\"x1cy8zhl x78zum5 xdt5ytf x193iq5w x1n2onr6 x1kxipp6\">\n<div class=\"x78zum5 xh8yej3\" role=\"none\">\n<div class=\"html-div xe8uvvx xdj266r x11i5rnm xat24cr x1mh8g0r x1tlxs6b x1g8br2z x1gn5b1j x230xth x14ctfv x1okitfd x6ikm8r x10wlt62 x1y1aw1k xwib8y2 x1ye3gou xn6708d x1n2onr6 x1vjfegm x1mzt3pk x13faqbe\" role=\"presentation\">\n<div class=\"x9f619 x1n2onr6 x1ja2u2z __fb-light-mode\" role=\"none\">\n<div dir=\"auto\">\n<div class=\"flex-1 overflow-hidden\">\n<div class=\"react-scroll-to-bottom--css-jqgvi-79elbk h-full\">\n<div class=\"react-scroll-to-bottom--css-jqgvi-1n7m0yu\">\n<div class=\"flex flex-col pb-9 text-sm\">\n<div class=\"w-full text-token-text-primary\" data-testid=\"conversation-turn-25\">\n<div class=\"px-4 py-2 justify-center text-base md:gap-6 m-auto\">\n<div class=\"flex flex-1 text-base mx-auto gap-3 md:px-5 lg:px-1 xl:px-5 md:max-w-3xl lg:max-w-[40rem] xl:max-w-[48rem] group final-completion\">\n<div class=\"relative flex w-full flex-col lg:w-[calc(100%-115px)] agent-turn\">\n<div class=\"flex-col gap-1 md:gap-3\">\n<div class=\"flex flex-grow flex-col max-w-full\">\n<div class=\"min-h-[20px] text-message flex flex-col items-start gap-3 whitespace-pre-wrap break-words [.text-message+&amp;]:mt-5 overflow-x-auto\" data-message-author-role=\"assistant\" data-message-id=\"5bf9b6f9-ade6-4bad-8c99-37b9e7bab6c8\">\n<div class=\"markdown prose w-full break-words dark:prose-invert dark\">\n<p>Nel contesto della prima prova veneta Fascia Bronze di Pattinaggio Artistico, svoltasi al palazzetto del ghiaccio di Asiago il 13 e 14 gennaio, le atlete dell&#8217;Agordino Ghiaccio e Sport hanno ottenuto risultati eccezionali. Nella categoria Principianti B,<strong> Anna Carlini<\/strong> ha conquistato il primo posto, seguita dalla compagna di squadra <strong>Anita Serafini<\/strong>. <strong>Marica Rossi<\/strong> ha brillato nella categoria Principianti Open A, guadagnando il secondo posto. Nella categoria Novice Open, <strong>Gaia Serafini<\/strong> ha ottenuto il secondo posto, mentre <strong>Stephanie Tibolla<\/strong> ha conquistato il quarto. <strong>Paola Galligani<\/strong> ha dominato la categoria Interpretativo, raggiungendo il primo posto.\u00a0 Nella categoria Esordienti A, <strong>Rita Masiero<\/strong> ha ottenuto il sesto posto, seguita da<strong> Giulia Rossi<\/strong> al settimo. Nel gruppo dei &#8220;pulcini&#8221; senza classifica, ma ricchi di talento, Applausi per\u00a0 <strong>Livia Appamea<\/strong>, <strong>Marianna Veggiato<\/strong>\u00a0 <strong>Irene Masiero<\/strong>\u00a0 e <strong>Sofia Petri<\/strong>, che hanno dato il massimo. . \u00a0Complimenti a tutte le giovani promesse dell&#8217;Agordino Ghiaccio e Sport!<\/p>\n<\/div>\n<\/div>\n<\/div>\n<\/div>\n<\/div>\n<\/div>\n<\/div>\n<\/div>\n<\/div>\n<\/div>\n<\/div>\n<\/div>\n<\/div>\n<\/div>\n<\/div>\n<\/div>\n<\/div>\n<div class=\"x1h91t0o xkh2ocl x78zum5 xdt5ytf x13a6bvl x193iq5w x1iyjqo2 x1eb86dx\" role=\"none\">\n<div class=\"x1r8uery x1iyjqo2\" role=\"none\"><\/div>\n<\/div>\n<\/div>\n<div class=\"x1h91t0o xkh2ocl x78zum5 xdt5ytf x13a6bvl x193iq5w x1c4vz4f x1eb86dx\" role=\"none\"><\/div>\n<\/div>\n<div class=\"x1h91t0o xkh2ocl x78zum5 xdt5ytf x13a6bvl x193iq5w x1c4vz4f x1eb86dx\" role=\"none\">\n<div class=\"x78zum5 xdt5ytf x1iyjqo2 x2lah0s xl56j7k x1n2onr6 x1ll7btr x1n327nk x1t2a60a\" aria-hidden=\"true\">\n<div class=\"x6s0dn4 x78zum5 x1ll7btr x1q0g3np\" role=\"none\">\n<div class=\"x6s0dn4 x78zum5 x1ll7btr x1q0g3np\" role=\"none\">\n<div>\n<div class=\"x1i10hfl x1qjc9v5 xjbqb8w xjqpnuy xa49m3k xqeqjp1 x2hbi6w x13fuv20 xu3j5b3 x1q0q8m5 x26u7qi x972fbf xcfux6l x1qhh985 xm0m39n x9f619 x1ypdohk xdl72j9 x2lah0s xe8uvvx xdj266r x11i5rnm xat24cr x1mh8g0r x2lwn1j xeuugli xexx8yu x4uap5 x18d9i69 xkhd6sd x1n2onr6 x16tdsg8 x1hl2dhg xggy1nq x1ja2u2z x1t137rt x1o1ewxj x3x9cwd x1e5q0jg x13rtm0m x1q0g3np x87ps6o x1lku1pv x78zum5 x1a2a7pz\" tabindex=\"0\" role=\"button\" aria-expanded=\"false\" aria-haspopup=\"menu\" aria-label=\"Aggiungi una reazione\">\n<div class=\"xc26acl x6s0dn4 x14yjl9h xudhj91 x18nykt9 xww2gxu x1ypdohk x78zum5 x2lah0s xxk0z11 xl56j7k x11i5rnm x1mh8g0r x1n2onr6 x2b8uid xvy4d1p x15vn3sj\">\n<div class=\"x17rw0jw x197sbye x17z2i9w x4gyw5p x1o7uuvo\">\n\n\t\t\t<style type='text\/css'>\n\t\t\t\t#gallery-8 {\n\t\t\t\t\tmargin: auto;\n\t\t\t\t}\n\t\t\t\t#gallery-8 .gallery-item {\n\t\t\t\t\tfloat: left;\n\t\t\t\t\tmargin-top: 10px;\n\t\t\t\t\ttext-align: center;\n\t\t\t\t\twidth: 25%;\n\t\t\t\t}\n\t\t\t\t#gallery-8 img {\n\t\t\t\t\tborder: 2px solid #cfcfcf;\n\t\t\t\t}\n\t\t\t\t#gallery-8 .gallery-caption {\n\t\t\t\t\tmargin-left: 0;\n\t\t\t\t}\n\t\t\t\t\/* see gallery_shortcode() in wp-includes\/media.php *\/\n\t\t\t<\/style>\n\t\t<div id='gallery-8' class='dt-gallery-container gallery galleryid-370108 gallery-columns-4 gallery-size-thumbnail'><dl class='gallery-item'>\n\t\t\t\t<dt class='gallery-icon landscape'>\n\t\t\t\t\t<a class=\"rollover rollover-zoom dt-pswp-item\" title=\"416136910_396387626296496_198256860886019792_n\" data-dt-img-description=\"\" data-large_image_width=\"275\" data-large_image_height=\"206\"href='https:\/\/www.radiopiu.net\/wordpress\/wp-content\/uploads\/2024\/01\/416136910_396387626296496_198256860886019792_n.jpg'><img loading=\"lazy\" decoding=\"async\" width=\"150\" height=\"150\" src=\"https:\/\/www.radiopiu.net\/wordpress\/wp-content\/uploads\/2024\/01\/416136910_396387626296496_198256860886019792_n-150x150.jpg\" class=\"attachment-thumbnail size-thumbnail\" alt=\"\" \/><\/a>\n\t\t\t\t<\/dt><\/dl><dl class='gallery-item'>\n\t\t\t\t<dt class='gallery-icon portrait'>\n\t\t\t\t\t<a class=\"rollover rollover-zoom dt-pswp-item\" title=\"416102359_1394846734452918_8801666597772935653_n\" data-dt-img-description=\"\" data-large_image_width=\"155\" data-large_image_height=\"206\"href='https:\/\/www.radiopiu.net\/wordpress\/wp-content\/uploads\/2024\/01\/416102359_1394846734452918_8801666597772935653_n.jpg'><img loading=\"lazy\" decoding=\"async\" width=\"150\" height=\"150\" src=\"https:\/\/www.radiopiu.net\/wordpress\/wp-content\/uploads\/2024\/01\/416102359_1394846734452918_8801666597772935653_n-150x150.jpg\" class=\"attachment-thumbnail size-thumbnail\" alt=\"\" \/><\/a>\n\t\t\t\t<\/dt><\/dl><dl class='gallery-item'>\n\t\t\t\t<dt class='gallery-icon portrait'>\n\t\t\t\t\t<a class=\"rollover rollover-zoom dt-pswp-item\" title=\"416257524_898531648471611_7358654259384060417_n\" data-dt-img-description=\"\" data-large_image_width=\"155\" data-large_image_height=\"206\"href='https:\/\/www.radiopiu.net\/wordpress\/wp-content\/uploads\/2024\/01\/416257524_898531648471611_7358654259384060417_n.jpg'><img loading=\"lazy\" decoding=\"async\" width=\"150\" height=\"150\" src=\"https:\/\/www.radiopiu.net\/wordpress\/wp-content\/uploads\/2024\/01\/416257524_898531648471611_7358654259384060417_n-150x150.jpg\" class=\"attachment-thumbnail size-thumbnail\" alt=\"\" \/><\/a>\n\t\t\t\t<\/dt><\/dl><dl class='gallery-item'>\n\t\t\t\t<dt class='gallery-icon portrait'>\n\t\t\t\t\t<a class=\"rollover rollover-zoom dt-pswp-item\" title=\"418725478_1525628154867999_1418696095385883355_n\" data-dt-img-description=\"\" data-large_image_width=\"158\" data-large_image_height=\"280\"href='https:\/\/www.radiopiu.net\/wordpress\/wp-content\/uploads\/2024\/01\/418725478_1525628154867999_1418696095385883355_n.jpg'><img loading=\"lazy\" decoding=\"async\" width=\"150\" height=\"150\" src=\"https:\/\/www.radiopiu.net\/wordpress\/wp-content\/uploads\/2024\/01\/418725478_1525628154867999_1418696095385883355_n-150x150.jpg\" class=\"attachment-thumbnail size-thumbnail\" alt=\"\" \/><\/a>\n\t\t\t\t<\/dt><\/dl><br style=\"clear: both\" \/>\n\t\t\t<\/div>\n\n<\/div>\n<\/div>\n<\/div>\n<\/div>\n<\/div>\n<\/div>\n<\/div>\n<\/div>\n<\/div>\n<\/div>\n<div class=\"x1eb86dx xh8yej3\" role=\"none\"><\/div>\n<div role=\"none\"><\/div>\n<div role=\"none\">\n<hr \/>\n<\/div>\n<blockquote>\n<h2 role=\"none\">IL NONO POSTO DI LUCIA, AGORDINA DELLE FIAMME GIALLE<\/h2>\n<\/blockquote>\n<div role=\"none\">\n<p><img loading=\"lazy\" decoding=\"async\" class=\"alignleft\" src=\"https:\/\/www.radiopiu.net\/wordpress\/wp-content\/uploads\/2024\/01\/Lucia_Dalmasso_Cortina_dicembre2023_800-800.jpg\" width=\"238\" height=\"130\" \/><\/p>\n<p>Lucia Dalmasso, che sabato si era imposta nel parallelo gigante in Svizzera, ieri ha ottenuto un nono piazzamento nello slalom in Austria non riuscendo ad approdare ai quarti di finale dopo la qualificazione agli ottavi con il quinto posto su 32 partecipanti.<\/p>\n<p>In finale anche la bellunese Elisa Caffoni, decima con ampio margine sulla prima delle escluse.<\/p>\n<p>&nbsp;<\/p>\n<p>&nbsp;<\/p>\n<\/div>\n<p>&nbsp;<\/p>\n<hr \/>\n<p><span style=\"color: #0000ff;\"><strong>\u00a0<\/strong><\/span><\/p>\n<p><span style=\"color: #0000ff;\"><strong>NUOTO<\/strong><\/span><\/p>\n<blockquote>\n<h3>SPORTIVAMENTE BELLUNO: LA STAFFETTA MISTA ESORDIENTI E&#8217; D&#8217;ARGENTO<\/h3>\n<\/blockquote>\n<p><strong><a class=\"dt-pswp-item\" href=\"https:\/\/www.radiopiu.net\/wordpress\/wp-content\/uploads\/2024\/01\/Foto_di_gruppo.jpg\" data-dt-img-description=\"\" data-large_image_width=\"1197\" data-large_image_height=\"898\"><img loading=\"lazy\" decoding=\"async\" class=\" wp-image-370136 alignleft\" src=\"https:\/\/www.radiopiu.net\/wordpress\/wp-content\/uploads\/2024\/01\/Foto_di_gruppo-300x225.jpg\" alt=\"\" width=\"191\" height=\"143\" srcset=\"https:\/\/www.radiopiu.net\/wordpress\/wp-content\/uploads\/2024\/01\/Foto_di_gruppo-300x225.jpg 300w, https:\/\/www.radiopiu.net\/wordpress\/wp-content\/uploads\/2024\/01\/Foto_di_gruppo-1024x768.jpg 1024w, https:\/\/www.radiopiu.net\/wordpress\/wp-content\/uploads\/2024\/01\/Foto_di_gruppo-768x576.jpg 768w, https:\/\/www.radiopiu.net\/wordpress\/wp-content\/uploads\/2024\/01\/Foto_di_gruppo.jpg 1197w\" sizes=\"auto, (max-width: 191px) 100vw, 191px\" \/><\/a>BELLUNO<\/strong> La Sportivamente Belluno ha ottenuto risultati positivi nella terza giornata di attivit\u00e0 Esordienti, qualificandosi per il meeting regionale di febbraio. Gli Esordienti B hanno mostrato performance notevoli nei 50 stile libero e nei 100 misti, con Teresa Zammatteo e Mattia Brianti in evidenza. Gli Esordienti A, allenati da Daniela Piermarini, hanno conquistato buoni piazzamenti nei 50 rana e nei 200 stile, con Aurora Camposeo e Dora Bortoluzzi distinte. I risultati sono stati ulteriormente arricchiti dai bronzi di Mattia Don\u00e0 nei 200 stile maschili e di Dora Bortoluzzi nei 100 farfalla femminili. La Sportivamente Belluno ha anche ottenuto l&#8217;argento nella staffetta 4&#215;50 mista mixed. La coach Piermarini esprime soddisfazione e si concentra sugli obiettivi futuri.<\/p>\n","protected":false},"excerpt":{"rendered":"<p>*** &nbsp; &nbsp; &nbsp; 40esimo di RADIOPIU\u2026. LA VOCE DELL\u2019EMOZIONE ISCRIVITI AL NOSTRO CANALE\u00a0\u00a0YOUTUBE PER SEGUIRE IN DIRETTA I PRINCIPALI PROGRAMMI DI RADIO PIU\u2019 E LE FUTURE DIRETTE IN ESTERNA. PER ISCRIVERTI CLICCA QUI\u00a0E PREMI\u00a0 \u201cIscriviti\u201d\u00a0\u00a0 &nbsp; &nbsp; &nbsp; &nbsp; &nbsp; i podcast informativi del mattino &#8211; audio &#8211;\u00a0 LA RASSEGNA STAMPA NAZIONALE ALLA RADIO,&hellip;<\/p>\n","protected":false},"author":4,"featured_media":370156,"comment_status":"closed","ping_status":"closed","sticky":false,"template":"","format":"standard","meta":{"_monsterinsights_skip_tracking":false,"_monsterinsights_sitenote_active":false,"_monsterinsights_sitenote_note":"","_monsterinsights_sitenote_category":0,"footnotes":""},"categories":[51,86,49],"tags":[],"class_list":["post-370108","post","type-post","status-publish","format-standard","has-post-thumbnail","hentry","category-evidenza-top","category-gr","category-news-18","category-51","category-86","category-49","description-off"],"img_url":"https:\/\/www.radiopiu.net\/wordpress\/wp-content\/uploads\/2024\/01\/Foto-.jpeg","_links":{"self":[{"href":"https:\/\/www.radiopiu.net\/wordpress\/wp-json\/wp\/v2\/posts\/370108","targetHints":{"allow":["GET"]}}],"collection":[{"href":"https:\/\/www.radiopiu.net\/wordpress\/wp-json\/wp\/v2\/posts"}],"about":[{"href":"https:\/\/www.radiopiu.net\/wordpress\/wp-json\/wp\/v2\/types\/post"}],"author":[{"embeddable":true,"href":"https:\/\/www.radiopiu.net\/wordpress\/wp-json\/wp\/v2\/users\/4"}],"replies":[{"embeddable":true,"href":"https:\/\/www.radiopiu.net\/wordpress\/wp-json\/wp\/v2\/comments?post=370108"}],"version-history":[{"count":0,"href":"https:\/\/www.radiopiu.net\/wordpress\/wp-json\/wp\/v2\/posts\/370108\/revisions"}],"wp:featuredmedia":[{"embeddable":true,"href":"https:\/\/www.radiopiu.net\/wordpress\/wp-json\/wp\/v2\/media\/370156"}],"wp:attachment":[{"href":"https:\/\/www.radiopiu.net\/wordpress\/wp-json\/wp\/v2\/media?parent=370108"}],"wp:term":[{"taxonomy":"category","embeddable":true,"href":"https:\/\/www.radiopiu.net\/wordpress\/wp-json\/wp\/v2\/categories?post=370108"},{"taxonomy":"post_tag","embeddable":true,"href":"https:\/\/www.radiopiu.net\/wordpress\/wp-json\/wp\/v2\/tags?post=370108"}],"curies":[{"name":"wp","href":"https:\/\/api.w.org\/{rel}","templated":true}]}}