{"id":370148,"date":"2024-01-17T05:41:01","date_gmt":"2024-01-17T04:41:01","guid":{"rendered":"https:\/\/www.radiopiu.net\/wordpress\/?p=370148"},"modified":"2024-01-17T05:46:05","modified_gmt":"2024-01-17T04:46:05","slug":"recuperati-due-escursionisti-bloccati-nella-neve","status":"publish","type":"post","link":"https:\/\/www.radiopiu.net\/wordpress\/recuperati-due-escursionisti-bloccati-nella-neve\/","title":{"rendered":"RECUPERATI DUE ESCURSIONISTI BLOCCATI NELLA NEVE"},"content":{"rendered":"<p>****<\/p>\n<p>&nbsp;<\/p>\n<p><strong>CORTINA<\/strong> Nuovo intervento a tarda sera per recuperare due persone avventurate nella neve. Ieri verso le 19 la Centrale del 118 ha ricevuto la chiamata di una coppia di escursionisti bloccati al freddo dalla neve, lungo il sentiero 215 che sale al Rifugio Vandelli. I due erano partiti dal Passo Tre Croci verso le 14.30 con l&#8217;intenzione di salire al Rifugio. Lungo il percorso la 36enne di Albignasego (PD), che procedeva con calzature inadeguate nella neve alta, con i piedi bagnati e ghiacciati non \u00e8 pi\u00f9 stata in grado di camminare. Dalle prime informazioni un po&#8217; confuse, il compagno, un 27enne di Villafranca Padovana (PD) ha cercato di riscaldarla, togliendolole gli scarponcini e avvolgendola nel saccoapelo che portavano negli zaini, per poi chiedere aiuto. Risaliti al punto in cui si trovavano, a 1.775 metri di quota, una squadra del Soccorso alpino di Cortina e della Guardia di finanza si \u00e8 avvicinata il pi\u00f9 possibile con il quad per poi continuare a piedi, mentre si aspettava di sapere se sarebbe potuto intervenire l&#8217;elicottero di Trento, che, liberatosi da una precedente missione, \u00e8 volato a Cortina ad imbarcare un tecnico di elisoccorso della Stazione per condurre l&#8217;equipaggio nel punto dove si trovavano i due escursionisti. Con la squadra giunta sul posto &#8211; imbarellare la donna e trasportarla al Passo avrebbe richiesto almeno altre tre ore &#8211; l&#8217;eliambulanza di Trento emergenza \u00e8 sopraggiunta, ha issato a bordo i due utilizzando il verricello e li ha poi accompagnati in piazzola al Codivilla. La coppia \u00e8 stata quindi ospitata nella sede del Soccorso alpino di Cortina per riscaldarsi. A seguito di un precedente intervento, che aveva gi\u00e0 richiesto l&#8217;intervento dell&#8217;elicottero di Trento in volo notturno, all&#8217;inizio del sentiero per il Vandelli \u00e8 stato posto un cartello di avviso sulla presenza di ghiaccio e sulla necessit\u00e0 di avere dotazioni alpinistiche, sottointendendo specifiche capacit\u00e0 di movimento in ambiente invernale. In questi giorni le temperature scendono oltre i meno 15 gradi e il rischio di assideramento \u00e8 elevato, senza considerare che in molti luoghi non prende il telefono. Non sempre pu\u00f2 intervenire l&#8217;elisoccorso e l&#8217;avvicinamento delle squadre a piedi richiede lunghe ore sia per arrivare che per un eventuale trasporto a ritroso.<\/p>\n\n\t\t\t<style type='text\/css'>\n\t\t\t\t#gallery-1 {\n\t\t\t\t\tmargin: auto;\n\t\t\t\t}\n\t\t\t\t#gallery-1 .gallery-item {\n\t\t\t\t\tfloat: left;\n\t\t\t\t\tmargin-top: 10px;\n\t\t\t\t\ttext-align: center;\n\t\t\t\t\twidth: 50%;\n\t\t\t\t}\n\t\t\t\t#gallery-1 img {\n\t\t\t\t\tborder: 2px solid #cfcfcf;\n\t\t\t\t}\n\t\t\t\t#gallery-1 .gallery-caption {\n\t\t\t\t\tmargin-left: 0;\n\t\t\t\t}\n\t\t\t\t\/* see gallery_shortcode() in wp-includes\/media.php *\/\n\t\t\t<\/style>\n\t\t<div id='gallery-1' class='dt-gallery-container gallery galleryid-370148 gallery-columns-2 gallery-size-thumbnail'><dl class='gallery-item'>\n\t\t\t\t<dt class='gallery-icon landscape'>\n\t\t\t\t\t<a class=\"rollover rollover-zoom dt-pswp-item\" title=\"Watermark_20240116_115448_589\" data-dt-img-description=\"\" data-large_image_width=\"2048\" data-large_image_height=\"2048\"href='https:\/\/www.radiopiu.net\/wordpress\/wp-content\/uploads\/2024\/01\/Watermark_20240116_115448_589.jpg'><img loading=\"lazy\" decoding=\"async\" width=\"150\" height=\"150\" src=\"https:\/\/www.radiopiu.net\/wordpress\/wp-content\/uploads\/2024\/01\/Watermark_20240116_115448_589-150x150.jpg\" class=\"attachment-thumbnail size-thumbnail\" alt=\"\" srcset=\"https:\/\/www.radiopiu.net\/wordpress\/wp-content\/uploads\/2024\/01\/Watermark_20240116_115448_589-150x150.jpg 150w, https:\/\/www.radiopiu.net\/wordpress\/wp-content\/uploads\/2024\/01\/Watermark_20240116_115448_589-300x300.jpg 300w, https:\/\/www.radiopiu.net\/wordpress\/wp-content\/uploads\/2024\/01\/Watermark_20240116_115448_589-1024x1024.jpg 1024w, https:\/\/www.radiopiu.net\/wordpress\/wp-content\/uploads\/2024\/01\/Watermark_20240116_115448_589-768x768.jpg 768w, https:\/\/www.radiopiu.net\/wordpress\/wp-content\/uploads\/2024\/01\/Watermark_20240116_115448_589-1536x1536.jpg 1536w, https:\/\/www.radiopiu.net\/wordpress\/wp-content\/uploads\/2024\/01\/Watermark_20240116_115448_589.jpg 2048w\" sizes=\"auto, (max-width: 150px) 100vw, 150px\" \/><\/a>\n\t\t\t\t<\/dt><\/dl><dl class='gallery-item'>\n\t\t\t\t<dt class='gallery-icon portrait'>\n\t\t\t\t\t<a class=\"rollover rollover-zoom dt-pswp-item\" title=\"IMG-20240116-WA0001\" data-dt-img-description=\"\" data-large_image_width=\"768\" data-large_image_height=\"1024\"href='https:\/\/www.radiopiu.net\/wordpress\/wp-content\/uploads\/2024\/01\/IMG-20240116-WA0001.jpg'><img loading=\"lazy\" decoding=\"async\" width=\"150\" height=\"150\" src=\"https:\/\/www.radiopiu.net\/wordpress\/wp-content\/uploads\/2024\/01\/IMG-20240116-WA0001-150x150.jpg\" class=\"attachment-thumbnail size-thumbnail\" alt=\"\" \/><\/a>\n\t\t\t\t<\/dt><\/dl><br style=\"clear: both\" \/>\n\t\t\t<\/div>\n\n<p>&nbsp;<\/p>\n<p>&nbsp;<\/p>\n<p>******<\/p>\n","protected":false},"excerpt":{"rendered":"<p>**** &nbsp; CORTINA Nuovo intervento a tarda sera per recuperare due persone avventurate nella neve. Ieri verso le 19 la Centrale del 118 ha ricevuto la chiamata di una coppia di escursionisti bloccati al freddo dalla neve, lungo il sentiero 215 che sale al Rifugio Vandelli. I due erano partiti dal Passo Tre Croci verso&hellip;<\/p>\n","protected":false},"author":4,"featured_media":370151,"comment_status":"closed","ping_status":"closed","sticky":false,"template":"","format":"standard","meta":{"_monsterinsights_skip_tracking":false,"_monsterinsights_sitenote_active":false,"_monsterinsights_sitenote_note":"","_monsterinsights_sitenote_category":0,"footnotes":""},"categories":[51,49],"tags":[],"class_list":["post-370148","post","type-post","status-publish","format-standard","has-post-thumbnail","hentry","category-evidenza-top","category-news-18","category-51","category-49","description-off"],"img_url":"https:\/\/www.radiopiu.net\/wordpress\/wp-content\/uploads\/2024\/01\/Watermark_20240116_115448_589.jpg","_links":{"self":[{"href":"https:\/\/www.radiopiu.net\/wordpress\/wp-json\/wp\/v2\/posts\/370148","targetHints":{"allow":["GET"]}}],"collection":[{"href":"https:\/\/www.radiopiu.net\/wordpress\/wp-json\/wp\/v2\/posts"}],"about":[{"href":"https:\/\/www.radiopiu.net\/wordpress\/wp-json\/wp\/v2\/types\/post"}],"author":[{"embeddable":true,"href":"https:\/\/www.radiopiu.net\/wordpress\/wp-json\/wp\/v2\/users\/4"}],"replies":[{"embeddable":true,"href":"https:\/\/www.radiopiu.net\/wordpress\/wp-json\/wp\/v2\/comments?post=370148"}],"version-history":[{"count":0,"href":"https:\/\/www.radiopiu.net\/wordpress\/wp-json\/wp\/v2\/posts\/370148\/revisions"}],"wp:featuredmedia":[{"embeddable":true,"href":"https:\/\/www.radiopiu.net\/wordpress\/wp-json\/wp\/v2\/media\/370151"}],"wp:attachment":[{"href":"https:\/\/www.radiopiu.net\/wordpress\/wp-json\/wp\/v2\/media?parent=370148"}],"wp:term":[{"taxonomy":"category","embeddable":true,"href":"https:\/\/www.radiopiu.net\/wordpress\/wp-json\/wp\/v2\/categories?post=370148"},{"taxonomy":"post_tag","embeddable":true,"href":"https:\/\/www.radiopiu.net\/wordpress\/wp-json\/wp\/v2\/tags?post=370148"}],"curies":[{"name":"wp","href":"https:\/\/api.w.org\/{rel}","templated":true}]}}