{"id":370174,"date":"2024-01-16T15:29:52","date_gmt":"2024-01-16T14:29:52","guid":{"rendered":"https:\/\/www.radiopiu.net\/wordpress\/?p=370174"},"modified":"2024-01-17T05:47:29","modified_gmt":"2024-01-17T04:47:29","slug":"avvio-della-discussione-in-senato-del-disegno-di-legge-sullautonomia-differenziata","status":"publish","type":"post","link":"https:\/\/www.radiopiu.net\/wordpress\/avvio-della-discussione-in-senato-del-disegno-di-legge-sullautonomia-differenziata\/","title":{"rendered":"Avvio della discussione in Senato del disegno di legge sull\u2019autonomia differenziata"},"content":{"rendered":"<p>**<\/p>\n<p>&nbsp;<\/p>\n<blockquote>\n<h3>Il Sindaco De Pellegrin: <em>\u201cE\u2019 un momento storico, che pu\u00f2 dare spazio di attuazione alla legge regionale sulla specificit\u00e0 montana\u201d<\/em><\/h3>\n<\/blockquote>\n<p>Il sindaco di Belluno, Oscar De Pellegrin, esprime interesse per la discussione in Senato del disegno di legge sull&#8217;Autonomia differenziata delle regioni a statuto ordinario. Sostiene una migliore distribuzione dei fondi, specialmente per le aree depresse e montane. Vede l&#8217;Autonomia come una risposta alle esigenze specifiche delle regioni, soprattutto per affrontare problemi come lo spopolamento. Ritiene che il percorso legislativo sia un rispetto della volont\u00e0 popolare espressa nel referendum. Pone l&#8217;attenzione sui Local Economic Performance (LEP) come strumento per gestire il denaro pubblico in modo virtuoso e uniforme, premiando le amministrazioni efficienti e favorendo la residenzialit\u00e0 nelle aree svantaggiate. La sua amministrazione \u00e8 gi\u00e0 impegnata in questa direzione.<\/p>\n<p><strong>VIDEO<\/strong><\/p>\n<div style=\"width: 848px;\" class=\"wp-video\"><video class=\"wp-video-shortcode\" id=\"video-370174-1\" width=\"848\" height=\"480\" preload=\"metadata\" controls=\"controls\"><source type=\"video\/mp4\" src=\"https:\/\/www.radiopiu.net\/wordpress\/wp-content\/uploads\/2024\/01\/Sindaco-su-ddl-autonomia-in-Senato.mp4?_=1\" \/><a href=\"https:\/\/www.radiopiu.net\/wordpress\/wp-content\/uploads\/2024\/01\/Sindaco-su-ddl-autonomia-in-Senato.mp4\">https:\/\/www.radiopiu.net\/wordpress\/wp-content\/uploads\/2024\/01\/Sindaco-su-ddl-autonomia-in-Senato.mp4<\/a><\/video><\/div>\n<p>&nbsp;<\/p>\n<blockquote>\n<h2>MOMENTO STORICO, PER ZAIA E PER DE PELLEGRIN<\/h2>\n<\/blockquote>\n<p>&nbsp;<\/p>\n<p>DI BARBARA PAOLAZZI<\/p>\n<audio class=\"wp-audio-shortcode\" id=\"audio-370174-1\" preload=\"none\" style=\"width: 100%;\" controls=\"controls\"><source type=\"audio\/mpeg\" src=\"https:\/\/www.radiopiu.net\/wordpress\/wp-content\/uploads\/2024\/01\/BARBARA-ZAIA-OGGI.mp3?_=1\" \/><a href=\"https:\/\/www.radiopiu.net\/wordpress\/wp-content\/uploads\/2024\/01\/BARBARA-ZAIA-OGGI.mp3\">https:\/\/www.radiopiu.net\/wordpress\/wp-content\/uploads\/2024\/01\/BARBARA-ZAIA-OGGI.mp3<\/a><\/audio>\n<p>&nbsp;<\/p>\n<p>&nbsp;<\/p>\n<p>**<\/p>\n","protected":false},"excerpt":{"rendered":"<p>** &nbsp; Il Sindaco De Pellegrin: \u201cE\u2019 un momento storico, che pu\u00f2 dare spazio di attuazione alla legge regionale sulla specificit\u00e0 montana\u201d Il sindaco di Belluno, Oscar De Pellegrin, esprime interesse per la discussione in Senato del disegno di legge sull&#8217;Autonomia differenziata delle regioni a statuto ordinario. Sostiene una migliore distribuzione dei fondi, specialmente per&hellip;<\/p>\n","protected":false},"author":4,"featured_media":281257,"comment_status":"closed","ping_status":"closed","sticky":false,"template":"","format":"standard","meta":{"_monsterinsights_skip_tracking":false,"_monsterinsights_sitenote_active":false,"_monsterinsights_sitenote_note":"","_monsterinsights_sitenote_category":0,"footnotes":""},"categories":[51,49],"tags":[],"class_list":["post-370174","post","type-post","status-publish","format-standard","has-post-thumbnail","hentry","category-evidenza-top","category-news-18","category-51","category-49","description-off"],"img_url":"https:\/\/www.radiopiu.net\/wordpress\/wp-content\/uploads\/2022\/06\/oscar-de-pellegrin.png","_links":{"self":[{"href":"https:\/\/www.radiopiu.net\/wordpress\/wp-json\/wp\/v2\/posts\/370174","targetHints":{"allow":["GET"]}}],"collection":[{"href":"https:\/\/www.radiopiu.net\/wordpress\/wp-json\/wp\/v2\/posts"}],"about":[{"href":"https:\/\/www.radiopiu.net\/wordpress\/wp-json\/wp\/v2\/types\/post"}],"author":[{"embeddable":true,"href":"https:\/\/www.radiopiu.net\/wordpress\/wp-json\/wp\/v2\/users\/4"}],"replies":[{"embeddable":true,"href":"https:\/\/www.radiopiu.net\/wordpress\/wp-json\/wp\/v2\/comments?post=370174"}],"version-history":[{"count":0,"href":"https:\/\/www.radiopiu.net\/wordpress\/wp-json\/wp\/v2\/posts\/370174\/revisions"}],"wp:featuredmedia":[{"embeddable":true,"href":"https:\/\/www.radiopiu.net\/wordpress\/wp-json\/wp\/v2\/media\/281257"}],"wp:attachment":[{"href":"https:\/\/www.radiopiu.net\/wordpress\/wp-json\/wp\/v2\/media?parent=370174"}],"wp:term":[{"taxonomy":"category","embeddable":true,"href":"https:\/\/www.radiopiu.net\/wordpress\/wp-json\/wp\/v2\/categories?post=370174"},{"taxonomy":"post_tag","embeddable":true,"href":"https:\/\/www.radiopiu.net\/wordpress\/wp-json\/wp\/v2\/tags?post=370174"}],"curies":[{"name":"wp","href":"https:\/\/api.w.org\/{rel}","templated":true}]}}