{"id":370255,"date":"2024-01-17T07:55:47","date_gmt":"2024-01-17T06:55:47","guid":{"rendered":"https:\/\/www.radiopiu.net\/wordpress\/?p=370255"},"modified":"2024-01-17T08:02:42","modified_gmt":"2024-01-17T07:02:42","slug":"dal-1983-la-rassegna-st","status":"publish","type":"post","link":"https:\/\/www.radiopiu.net\/wordpress\/dal-1983-la-rassegna-st\/","title":{"rendered":"dal 1983 la RASSEGNA STAMPA LOCALE di mirko mezzacasa"},"content":{"rendered":"<p>**<\/p>\n<p>&nbsp;<\/p>\n<p><iframe loading=\"lazy\" title=\"DAL 1983 LA RASSEGNA STAMPA LOCALE di mirko mezzacasa. L&#039;ORIGINALE\" width=\"1200\" height=\"675\" src=\"https:\/\/www.youtube.com\/embed\/ZQxbxiR8gIE?feature=oembed\" frameborder=\"0\" allow=\"accelerometer; autoplay; clipboard-write; encrypted-media; gyroscope; picture-in-picture; web-share\" allowfullscreen><\/iframe><\/p>\n<p><img loading=\"lazy\" decoding=\"async\" class=\"alignleft\" src=\"https:\/\/www.radiopiu.net\/wordpress\/wp-content\/uploads\/2024\/01\/COPERTNA.png\" width=\"337\" height=\"179\" \/>ZAIA SUL FINE VITA DOPO IL VOTO IN CONSIGLIO REGIONALE VENETO il ddl \u00e8 stato rinviato in commissione alla luce del risultato del voto. Lega e PD hanno affossato la legge. Proposta di legge di iniziativa popolare \u201cProcedure e tempi per l\u2019assistenza sanitaria regionale al suicidio medicalmente assistito ai sensi e per effetto della sentenza n. 242 del 2019 della Corte Costituzionale\u201d.<br \/>\nFALCADE Ieri gli agenti della Polizia di Stato in servizio a Falcade sono stati contattati per un soccorso relativo a un incidente sciistico. Un cittadino italiano di 30 anni, coinvolto in una caduta, presentava un\u2019importante contusione allo zigomo destro, perdita di memoria e nausea. L\u2019incidente era avvenuto sulla pista \u201cRaccordo Zingari-Lago Cavia\u201d. L\u2019infortunato, protetto dal casco, aveva perso coscienza per circa 15 secondi.<br \/>\nCORTINA Luned\u00ec sera verso le 19, la Centrale del 118 \u00e8 stata contattata da una coppia di escursionisti bloccati dalla neve lungo il sentiero 215 che porta al Rifugio Vandelli. Partiti dal Passo Tre Croci, la donna di 36 anni di Albignasego (PD) ha avuto problemi a camminare a causa di calzature inadeguate e piedi ghiacciati. Il compagno di 27 anni di Villafranca Padovana (PD) ha cercato di riscaldarla e ha chiesto aiuto. Il Soccorso alpino di Cortina e la Guardia di finanza sono intervenuti, ma il recupero sarebbe stato lungo. L\u2019elicottero di Trento \u00e8 giunto sul posto, ha issato entrambi a bordo e li ha trasportati in sicurezza.<br \/>\ncortina E\u2019 MANCATO A 61 ANNI MAURO POLATO, IL BIBLIOTECARIO<br \/>\nagordo OGGI I FUNERALI DI STEFANO OLIVIER, IL VOLTO NOTO DI RIF<br \/>\nBELLUNO Il cinquantenne M.C., residente nel Padovano, ha patteggiato un anno e quattro mesi di reclusione, pena sospesa, per aver ucciso il motociclista Nicola Valmassoni in un incidente stradale nel luglio 2022. Durante l\u2019udienza al Tribunale di Belluno, \u00e8 stata accettata la richiesta di patteggiamento con la sospensione della patente per un anno. Giesse Risarcimento Danni sta avviando una causa civile per il risarcimento dei danni per conto dei familiari di Valmassoni.<br \/>\nELEZIONI, A GIUGNO ELECTION DAY EUROPEE E AMMINISTRATIVE. SI VOTA IN 31 COMUNI BELLUNO \u2013 Sono 31, pi\u00f9 della met\u00e0, i comuni bellunesi che andranno al rinnovo il prossimo giugno.E sar\u00e0 election day per europee e amministrative: urne aperte per 3 giorni l\u20198, il 9 e il 10 giugno.<br \/>\nMILANO Nel 2023, nel mercato immobiliare veneto, i prezzi di vendita e affitto sono in crescita, con un costo medio di oltre 2.000 euro al metro quadro (+5,3% rispetto a dicembre 2022).<br \/>\nBELLUNO Tre calciatori, Federico De Min, Matteo Verdicchio e Santiago Guido Visentin, sono stati assolti dall\u2019accusa di stupro di gruppo durante una festa di Ferragosto a Visome. La mancanza di prove sufficienti ha portato all\u2019assoluzione, con i giudici che hanno sottolineato la contraddittoriet\u00e0 delle testimonianze.<br \/>\nBELLUNO Il calciatore Daniel Onescu ha richiesto l\u2019accesso alla giustizia riparativa dopo l\u2019assoluzione nel caso di presunta violenza sessuale di gruppo. Tre compagni di squadra erano stati condannati a sei anni. Onescu si unisce a un percorso di risanamento previsto dalla riforma della giustizia Cartabia.<br \/>\nBELLUNO Francesco Dall\u2019O e Mattia Armando Russo chiedono lavori di pubblica utilit\u00e0, Lorenzo Alessandrelli e Dibran Hajdaraj l\u2019abbreviato per il pestaggio a una festa a Lambioi beach nel giugno scorso.<br \/>\nFELTRE Il Comune di Feltre celebra un bilancio positivo dopo il primo anno di \u201cpatti di collaborazione\u201d nell\u2019amministrazione Fusaro. Nel 2023, 13 accordi tra privati, associazioni e l\u2019amministrazione hanno portato a interventi di manutenzione in varie aree feltrine<br \/>\nSANTA GIUSTINA Il 16 gennaio Luisa Alchini Presidente del Libro Parlato e Daniele Da Lan ottico optometrista e Presidente di Federottica Belluno, hanno relazionato ai corsisti dell\u2019Universit\u00e0 degli Adulti-Anziani della Destra Piave a Santa Giustina Bellunese, in merito alla \u201cvisione della terza et\u00e0\u201d.<br \/>\nFELTRE LA SCUOLA DI MUGNAI VINCE IL TERZO PREMIO AL CONCORSO REGIONALE CON UNO SPOT SUL PARCO DOLOMITI BELLUNESI<br \/>\nCOMELICO SUPERIORE \u2013 E\u2019 salvo il servizio della Seas ambulanze di Comelico Cadore, che opera anche a supporto della base del Suem 118 di Pieve di Cadore e che, dopo oltre un anno e mezzo di solleciti a vuoto, ha ottenuto l\u2019accreditamento regionale.<\/p>\n<p>HOCKEY SU GHIACCIO ALLEGHE E FELTRE SALUTANO LA COPPA ITALIA. LE CIVETTE SFIORANO L\u2019IMPRESA AD APPIANO APPIANO \u2013 ALLEGHE 1-3 (1-0 OVERTIME) VARESE \u2013 FELTRE 3-0<br \/>\nPATTINAGGIO TRIONFO SUL GHIACCIO: Grandi Successi per l\u2019Agordino Ghiaccio e Sport nella Prima Prova Veneta di Pattinaggio Artistico a Asiago<br \/>\nIL NONO POSTO DI LUCIA, AGORDINA DELLE FIAMME GIALLE<br \/>\nNUOTO SPORTIVAMENTE BELLUNO: LA STAFFETTA MISTA ESORDIENTI E\u2019 D\u2019ARGENTO<\/p>\n<p>&nbsp;<\/p>\n<p>&nbsp;<\/p>\n","protected":false},"excerpt":{"rendered":"<p>** &nbsp; ZAIA SUL FINE VITA DOPO IL VOTO IN CONSIGLIO REGIONALE VENETO il ddl \u00e8 stato rinviato in commissione alla luce del risultato del voto. Lega e PD hanno affossato la legge. Proposta di legge di iniziativa popolare \u201cProcedure e tempi per l\u2019assistenza sanitaria regionale al suicidio medicalmente assistito ai sensi e per effetto&hellip;<\/p>\n","protected":false},"author":4,"featured_media":370256,"comment_status":"closed","ping_status":"closed","sticky":false,"template":"","format":"standard","meta":{"_monsterinsights_skip_tracking":false,"_monsterinsights_sitenote_active":false,"_monsterinsights_sitenote_note":"","_monsterinsights_sitenote_category":0,"footnotes":""},"categories":[51,49,142],"tags":[],"class_list":["post-370255","post","type-post","status-publish","format-standard","has-post-thumbnail","hentry","category-evidenza-top","category-news-18","category-rassegna-stampa","category-51","category-49","category-142","description-off"],"img_url":"https:\/\/www.radiopiu.net\/wordpress\/wp-content\/uploads\/2024\/01\/COPERTNA.png","_links":{"self":[{"href":"https:\/\/www.radiopiu.net\/wordpress\/wp-json\/wp\/v2\/posts\/370255","targetHints":{"allow":["GET"]}}],"collection":[{"href":"https:\/\/www.radiopiu.net\/wordpress\/wp-json\/wp\/v2\/posts"}],"about":[{"href":"https:\/\/www.radiopiu.net\/wordpress\/wp-json\/wp\/v2\/types\/post"}],"author":[{"embeddable":true,"href":"https:\/\/www.radiopiu.net\/wordpress\/wp-json\/wp\/v2\/users\/4"}],"replies":[{"embeddable":true,"href":"https:\/\/www.radiopiu.net\/wordpress\/wp-json\/wp\/v2\/comments?post=370255"}],"version-history":[{"count":0,"href":"https:\/\/www.radiopiu.net\/wordpress\/wp-json\/wp\/v2\/posts\/370255\/revisions"}],"wp:featuredmedia":[{"embeddable":true,"href":"https:\/\/www.radiopiu.net\/wordpress\/wp-json\/wp\/v2\/media\/370256"}],"wp:attachment":[{"href":"https:\/\/www.radiopiu.net\/wordpress\/wp-json\/wp\/v2\/media?parent=370255"}],"wp:term":[{"taxonomy":"category","embeddable":true,"href":"https:\/\/www.radiopiu.net\/wordpress\/wp-json\/wp\/v2\/categories?post=370255"},{"taxonomy":"post_tag","embeddable":true,"href":"https:\/\/www.radiopiu.net\/wordpress\/wp-json\/wp\/v2\/tags?post=370255"}],"curies":[{"name":"wp","href":"https:\/\/api.w.org\/{rel}","templated":true}]}}