{"id":370279,"date":"2024-01-18T05:52:38","date_gmt":"2024-01-18T04:52:38","guid":{"rendered":"https:\/\/www.radiopiu.net\/wordpress\/?p=370279"},"modified":"2024-01-18T12:12:09","modified_gmt":"2024-01-18T11:12:09","slug":"grp18012024","status":"publish","type":"post","link":"https:\/\/www.radiopiu.net\/wordpress\/grp18012024\/","title":{"rendered":"GIORNALE RADIOPIU 18 GENNAIO 2024 DIRETTORE MIRKO MEZZACASA\u2026DA 40 ANNI 25 GIUGNO 1983-25 GIUGNO 2023"},"content":{"rendered":"<h1>***<\/h1>\n<p>&nbsp;<\/p>\n<p>&nbsp;<\/p>\n<p><a class=\"dt-pswp-item\" href=\"https:\/\/www.radiopiu.net\/wordpress\/wp-content\/uploads\/2024\/01\/Senza-nome-19.png\" data-dt-img-description=\"\" data-large_image_width=\"387\" data-large_image_height=\"84\"><img loading=\"lazy\" decoding=\"async\" class=\"wp-image-368996 size-full aligncenter\" src=\"https:\/\/www.radiopiu.net\/wordpress\/wp-content\/uploads\/2024\/01\/Senza-nome-19.png\" alt=\"\" width=\"387\" height=\"84\" srcset=\"https:\/\/www.radiopiu.net\/wordpress\/wp-content\/uploads\/2024\/01\/Senza-nome-19.png 387w, https:\/\/www.radiopiu.net\/wordpress\/wp-content\/uploads\/2024\/01\/Senza-nome-19-300x65.png 300w\" sizes=\"auto, (max-width: 387px) 100vw, 387px\" \/><\/a><\/p>\n<p>&nbsp;<\/p>\n<h1 class=\"entry-title photoswipe-wrapper\"><strong><a class=\"dt-pswp-item\" href=\"https:\/\/www.radiopiu.net\/wordpress\/wp-content\/uploads\/2023\/12\/logo-radio.jpg\" data-dt-img-description=\"\" data-large_image_width=\"800\" data-large_image_height=\"600\"><img loading=\"lazy\" decoding=\"async\" class=\"wp-image-367163 alignleft\" src=\"https:\/\/www.radiopiu.net\/wordpress\/wp-content\/uploads\/2023\/12\/logo-radio-300x225.jpg\" alt=\"\" width=\"109\" height=\"82\" srcset=\"https:\/\/www.radiopiu.net\/wordpress\/wp-content\/uploads\/2023\/12\/logo-radio-300x225.jpg 300w, https:\/\/www.radiopiu.net\/wordpress\/wp-content\/uploads\/2023\/12\/logo-radio-768x576.jpg 768w, https:\/\/www.radiopiu.net\/wordpress\/wp-content\/uploads\/2023\/12\/logo-radio.jpg 800w\" sizes=\"auto, (max-width: 109px) 100vw, 109px\" \/><\/a><\/strong><\/h1>\n<h1 class=\"entry-title photoswipe-wrapper\">40esimo di RADIOPIU\u2026. LA VOCE DELL\u2019EMOZIONE<\/h1>\n<h2><\/h2>\n<h2><span style=\"color: #ff0000;\">ISCRIVITI AL NOSTRO CANALE\u00a0\u00a0YOUTUBE PER SEGUIRE IN DIRETTA I PRINCIPALI PROGRAMMI DI RADIO PIU\u2019 E LE FUTURE DIRETTE IN ESTERNA. PER ISCRIVERTI <a style=\"color: #ff0000;\" href=\"https:\/\/youtube.com\/@radiopiu1527\">CLICCA QUI\u00a0<\/a>E PREMI\u00a0 \u201cIscriviti\u201d\u00a0\u00a0<\/span><\/h2>\n<p>&nbsp;<\/p>\n<p><a class=\"dt-pswp-item\" href=\"https:\/\/www.radiopiu.net\/wordpress\/wp-content\/uploads\/2024\/01\/Senza-nome-56.png\" data-dt-img-description=\"\" data-large_image_width=\"499\" data-large_image_height=\"190\"><img loading=\"lazy\" decoding=\"async\" class=\"wp-image-370079 size-full aligncenter\" src=\"https:\/\/www.radiopiu.net\/wordpress\/wp-content\/uploads\/2024\/01\/Senza-nome-56.png\" alt=\"\" width=\"499\" height=\"190\" srcset=\"https:\/\/www.radiopiu.net\/wordpress\/wp-content\/uploads\/2024\/01\/Senza-nome-56.png 499w, https:\/\/www.radiopiu.net\/wordpress\/wp-content\/uploads\/2024\/01\/Senza-nome-56-300x114.png 300w\" sizes=\"auto, (max-width: 499px) 100vw, 499px\" \/><\/a><\/p>\n<p>&nbsp;<\/p>\n<p>&nbsp;<\/p>\n<hr \/>\n<p>&nbsp;<\/p>\n<p><span style=\"color: #ff0000;\"><strong>RADIOPIU,\u00a0 SULLA NOTIZIA, SEMPRE&#8230;immagina non ci fosse.<\/strong><\/span><\/p>\n<p><span style=\"color: #0000ff;\"><strong>ORE 5.00 &#8211; FALCADE &#8211; VIABILITA&#8217; PROVINCIA BELLUNO BY TELEGRAM CON BOTOL CAR SERVICE, TUTTI I GIORNI ALLA RADIO foto emilio<\/strong><\/span><\/p>\n<p><strong>Situazione strade provinciali e regionali in Provincia di Belluno in gestione a Veneto Strade S.p.A.<\/strong><\/p>\n<p><strong>Aggiornamento al 18\/01\/2024 ore 06:00.<\/strong><\/p>\n<p>Sono in corso deboli nevicate oltre i 900 m. di quota e deboli piogge sotto tale quota. Prestare attenzione a possibili tratti ghiacciati su tutta la rete in gestione, anche alle quote basse. Si informa che al di sopra dei 1500 m slm potrebbe essere necessario percorrere le strade con catene montate per la possibile presenza di tratti con neve ghiacciata sul piano viabile. \u00c8 chiuso per periodo invernale il seguente tratto stradale: &#8211; S.P. 33 \u201cdi Sauris\u201d dal km 0+000 (innesto S.P. 619) al km 6+800 (confine Provincia di Udine).<\/p>\n\n\t\t\t<style type='text\/css'>\n\t\t\t\t#gallery-1 {\n\t\t\t\t\tmargin: auto;\n\t\t\t\t}\n\t\t\t\t#gallery-1 .gallery-item {\n\t\t\t\t\tfloat: left;\n\t\t\t\t\tmargin-top: 10px;\n\t\t\t\t\ttext-align: center;\n\t\t\t\t\twidth: 50%;\n\t\t\t\t}\n\t\t\t\t#gallery-1 img {\n\t\t\t\t\tborder: 2px solid #cfcfcf;\n\t\t\t\t}\n\t\t\t\t#gallery-1 .gallery-caption {\n\t\t\t\t\tmargin-left: 0;\n\t\t\t\t}\n\t\t\t\t\/* see gallery_shortcode() in wp-includes\/media.php *\/\n\t\t\t<\/style>\n\t\t<div id='gallery-1' class='dt-gallery-container gallery galleryid-370279 gallery-columns-2 gallery-size-medium'><dl class='gallery-item'>\n\t\t\t\t<dt class='gallery-icon landscape'>\n\t\t\t\t\t<a class=\"rollover rollover-zoom dt-pswp-item\" title=\"37df443f-33e2-4599-b12d-bfedd2a3c596\" data-dt-img-description=\"\" data-large_image_width=\"958\" data-large_image_height=\"701\"href='https:\/\/www.radiopiu.net\/wordpress\/wp-content\/uploads\/2024\/01\/37df443f-33e2-4599-b12d-bfedd2a3c596.jpg'><img loading=\"lazy\" decoding=\"async\" width=\"300\" height=\"220\" src=\"https:\/\/www.radiopiu.net\/wordpress\/wp-content\/uploads\/2024\/01\/37df443f-33e2-4599-b12d-bfedd2a3c596-300x220.jpg\" class=\"attachment-medium size-medium\" alt=\"\" aria-describedby=\"gallery-1-370417\" srcset=\"https:\/\/www.radiopiu.net\/wordpress\/wp-content\/uploads\/2024\/01\/37df443f-33e2-4599-b12d-bfedd2a3c596-300x220.jpg 300w, https:\/\/www.radiopiu.net\/wordpress\/wp-content\/uploads\/2024\/01\/37df443f-33e2-4599-b12d-bfedd2a3c596-768x562.jpg 768w, https:\/\/www.radiopiu.net\/wordpress\/wp-content\/uploads\/2024\/01\/37df443f-33e2-4599-b12d-bfedd2a3c596.jpg 958w\" sizes=\"auto, (max-width: 300px) 100vw, 300px\" \/><\/a>\n\t\t\t\t<\/dt>\n\t\t\t\t\t<dd class='wp-caption-text gallery-caption' id='gallery-1-370417'>\n\t\t\t\t\tARABBA, FEDE\n\t\t\t\t\t<\/dd><\/dl><dl class='gallery-item'>\n\t\t\t\t<dt class='gallery-icon portrait'>\n\t\t\t\t\t<a class=\"rollover rollover-zoom dt-pswp-item\" title=\"ae41e722-5ed5-4efc-831d-b436953bf7ce\" data-dt-img-description=\"\" data-large_image_width=\"957\" data-large_image_height=\"1280\"href='https:\/\/www.radiopiu.net\/wordpress\/wp-content\/uploads\/2024\/01\/ae41e722-5ed5-4efc-831d-b436953bf7ce.jpg'><img loading=\"lazy\" decoding=\"async\" width=\"224\" height=\"300\" src=\"https:\/\/www.radiopiu.net\/wordpress\/wp-content\/uploads\/2024\/01\/ae41e722-5ed5-4efc-831d-b436953bf7ce-224x300.jpg\" class=\"attachment-medium size-medium\" alt=\"\" aria-describedby=\"gallery-1-370405\" srcset=\"https:\/\/www.radiopiu.net\/wordpress\/wp-content\/uploads\/2024\/01\/ae41e722-5ed5-4efc-831d-b436953bf7ce-224x300.jpg 224w, https:\/\/www.radiopiu.net\/wordpress\/wp-content\/uploads\/2024\/01\/ae41e722-5ed5-4efc-831d-b436953bf7ce-766x1024.jpg 766w, https:\/\/www.radiopiu.net\/wordpress\/wp-content\/uploads\/2024\/01\/ae41e722-5ed5-4efc-831d-b436953bf7ce-768x1027.jpg 768w, https:\/\/www.radiopiu.net\/wordpress\/wp-content\/uploads\/2024\/01\/ae41e722-5ed5-4efc-831d-b436953bf7ce.jpg 957w\" sizes=\"auto, (max-width: 224px) 100vw, 224px\" \/><\/a>\n\t\t\t\t<\/dt>\n\t\t\t\t\t<dd class='wp-caption-text gallery-caption' id='gallery-1-370405'>\n\t\t\t\t\tFALCADE, EMILIO\n\t\t\t\t\t<\/dd><\/dl><br style=\"clear: both\" \/>\n\t\t\t<\/div>\n\n<p><b>IERI<\/b><\/p>\n<p>&nbsp;<\/p>\n\n\t\t\t<style type='text\/css'>\n\t\t\t\t#gallery-2 {\n\t\t\t\t\tmargin: auto;\n\t\t\t\t}\n\t\t\t\t#gallery-2 .gallery-item {\n\t\t\t\t\tfloat: left;\n\t\t\t\t\tmargin-top: 10px;\n\t\t\t\t\ttext-align: center;\n\t\t\t\t\twidth: 20%;\n\t\t\t\t}\n\t\t\t\t#gallery-2 img {\n\t\t\t\t\tborder: 2px solid #cfcfcf;\n\t\t\t\t}\n\t\t\t\t#gallery-2 .gallery-caption {\n\t\t\t\t\tmargin-left: 0;\n\t\t\t\t}\n\t\t\t\t\/* see gallery_shortcode() in wp-includes\/media.php *\/\n\t\t\t<\/style>\n\t\t<div id='gallery-2' class='dt-gallery-container gallery galleryid-370279 gallery-columns-5 gallery-size-thumbnail'><dl class='gallery-item'>\n\t\t\t\t<dt class='gallery-icon landscape'>\n\t\t\t\t\t<a class=\"rollover rollover-zoom dt-pswp-item\" title=\"2404b46f-6d8c-44a6-ba82-585e95d737a1\" data-dt-img-description=\"\" data-large_image_width=\"1280\" data-large_image_height=\"960\"href='https:\/\/www.radiopiu.net\/wordpress\/wp-content\/uploads\/2024\/01\/2404b46f-6d8c-44a6-ba82-585e95d737a1.jpg'><img loading=\"lazy\" decoding=\"async\" width=\"150\" height=\"150\" src=\"https:\/\/www.radiopiu.net\/wordpress\/wp-content\/uploads\/2024\/01\/2404b46f-6d8c-44a6-ba82-585e95d737a1-150x150.jpg\" class=\"attachment-thumbnail size-thumbnail\" alt=\"\" \/><\/a>\n\t\t\t\t<\/dt><\/dl><dl class='gallery-item'>\n\t\t\t\t<dt class='gallery-icon portrait'>\n\t\t\t\t\t<a class=\"rollover rollover-zoom dt-pswp-item\" title=\"b32df222-a5ee-4791-a4a5-21d9b0932399\" data-dt-img-description=\"\" data-large_image_width=\"640\" data-large_image_height=\"1280\"href='https:\/\/www.radiopiu.net\/wordpress\/wp-content\/uploads\/2024\/01\/b32df222-a5ee-4791-a4a5-21d9b0932399.jpg'><img loading=\"lazy\" decoding=\"async\" width=\"150\" height=\"150\" src=\"https:\/\/www.radiopiu.net\/wordpress\/wp-content\/uploads\/2024\/01\/b32df222-a5ee-4791-a4a5-21d9b0932399-150x150.jpg\" class=\"attachment-thumbnail size-thumbnail\" alt=\"\" aria-describedby=\"gallery-2-370331\" \/><\/a>\n\t\t\t\t<\/dt>\n\t\t\t\t\t<dd class='wp-caption-text gallery-caption' id='gallery-2-370331'>\n\t\t\t\t\tCandaten 13.22\n\t\t\t\t\t<\/dd><\/dl><dl class='gallery-item'>\n\t\t\t\t<dt class='gallery-icon portrait'>\n\t\t\t\t\t<a class=\"rollover rollover-zoom dt-pswp-item\" title=\"c4c9b0a7-d5ac-4f1f-bfee-7f1da54646fb\" data-dt-img-description=\"\" data-large_image_width=\"960\" data-large_image_height=\"1280\"href='https:\/\/www.radiopiu.net\/wordpress\/wp-content\/uploads\/2024\/01\/c4c9b0a7-d5ac-4f1f-bfee-7f1da54646fb.jpg'><img loading=\"lazy\" decoding=\"async\" width=\"150\" height=\"150\" src=\"https:\/\/www.radiopiu.net\/wordpress\/wp-content\/uploads\/2024\/01\/c4c9b0a7-d5ac-4f1f-bfee-7f1da54646fb-150x150.jpg\" class=\"attachment-thumbnail size-thumbnail\" alt=\"\" aria-describedby=\"gallery-2-370336\" \/><\/a>\n\t\t\t\t<\/dt>\n\t\t\t\t\t<dd class='wp-caption-text gallery-caption' id='gallery-2-370336'>\n\t\t\t\t\tBoscon_lorenzo\n\t\t\t\t\t<\/dd><\/dl><dl class='gallery-item'>\n\t\t\t\t<dt class='gallery-icon portrait'>\n\t\t\t\t\t<a class=\"rollover rollover-zoom dt-pswp-item\" title=\"7c1cdba1-0208-4224-842f-fa1daf6d419a\" data-dt-img-description=\"\" data-large_image_width=\"720\" data-large_image_height=\"1280\"href='https:\/\/www.radiopiu.net\/wordpress\/wp-content\/uploads\/2024\/01\/7c1cdba1-0208-4224-842f-fa1daf6d419a.jpg'><img loading=\"lazy\" decoding=\"async\" width=\"150\" height=\"150\" src=\"https:\/\/www.radiopiu.net\/wordpress\/wp-content\/uploads\/2024\/01\/7c1cdba1-0208-4224-842f-fa1daf6d419a-150x150.jpg\" class=\"attachment-thumbnail size-thumbnail\" alt=\"\" aria-describedby=\"gallery-2-370340\" \/><\/a>\n\t\t\t\t<\/dt>\n\t\t\t\t\t<dd class='wp-caption-text gallery-caption' id='gallery-2-370340'>\n\t\t\t\t\tagordo belluno\n\t\t\t\t\t<\/dd><\/dl><dl class='gallery-item'>\n\t\t\t\t<dt class='gallery-icon portrait'>\n\t\t\t\t\t<a class=\"rollover rollover-zoom dt-pswp-item\" title=\"9faed9b9-d2df-4de6-ad12-2d644c1051a9\" data-dt-img-description=\"\" data-large_image_width=\"958\" data-large_image_height=\"1280\"href='https:\/\/www.radiopiu.net\/wordpress\/wp-content\/uploads\/2024\/01\/9faed9b9-d2df-4de6-ad12-2d644c1051a9.jpg'><img loading=\"lazy\" decoding=\"async\" width=\"150\" height=\"150\" src=\"https:\/\/www.radiopiu.net\/wordpress\/wp-content\/uploads\/2024\/01\/9faed9b9-d2df-4de6-ad12-2d644c1051a9-150x150.jpg\" class=\"attachment-thumbnail size-thumbnail\" alt=\"\" aria-describedby=\"gallery-2-370343\" \/><\/a>\n\t\t\t\t<\/dt>\n\t\t\t\t\t<dd class='wp-caption-text gallery-caption' id='gallery-2-370343'>\n\t\t\t\t\tpasso san pellegrino\n\t\t\t\t\t<\/dd><\/dl><br style=\"clear: both\" \/>\n\t\t\t<\/div>\n\n<p>&nbsp;<\/p>\n<hr \/>\n<blockquote>\n<blockquote>\n<h1><span style=\"color: #ff0000;\">i podcast informativi del mattino &#8211; audio &#8211;\u00a0<\/span><\/h1>\n<\/blockquote>\n<p><strong><a class=\"dt-pswp-item\" href=\"https:\/\/www.radiopiu.net\/wordpress\/wp-content\/uploads\/2023\/11\/th-10.jpg\" data-dt-img-description=\"\" data-large_image_width=\"320\" data-large_image_height=\"180\"><img loading=\"lazy\" decoding=\"async\" class=\"wp-image-362866 alignleft\" src=\"https:\/\/www.radiopiu.net\/wordpress\/wp-content\/uploads\/2023\/11\/th-10-300x169.jpg\" alt=\"\" width=\"185\" height=\"104\" srcset=\"https:\/\/www.radiopiu.net\/wordpress\/wp-content\/uploads\/2023\/11\/th-10-300x169.jpg 300w, https:\/\/www.radiopiu.net\/wordpress\/wp-content\/uploads\/2023\/11\/th-10.jpg 320w\" sizes=\"auto, (max-width: 185px) 100vw, 185px\" \/><\/a>LA RASSEGNA STAMPA NAZIONALE ALLA RADIO, OGNI GIORNO ALLE 5 E ALLE 6 DEL MATTINO <span style=\"color: #0000ff;\">viene pubblicata alle 6.00 <span style=\"color: #ff0000;\">DIRETTA RADIO<\/span><\/span><\/strong><\/p><\/blockquote>\n<p>Indagine su <strong>Cristian Solinas<\/strong>, comprevendita propriet\u00e0. <strong>Giorgia Meloni<\/strong> riceve Gates per l&#8217;intelligenza artificiale. Amministrazione giudiziaria per l&#8217;azienda di alta moda. <strong>Giovanna Pedretti<\/strong> morta per annegamento. <strong>In Veneto<\/strong> non passa la legge sul suidicio assistito. Per i reali inglesi interventi chirurgici, sorpresa nei sudditi.<\/p>\n<p><strong>audio<\/strong><\/p>\n<audio class=\"wp-audio-shortcode\" id=\"audio-370279-1\" preload=\"none\" style=\"width: 100%;\" controls=\"controls\"><source type=\"audio\/mpeg\" src=\"https:\/\/www.radiopiu.net\/wordpress\/wp-content\/uploads\/2024\/01\/GIORNALEDELLESEI-13.mp3?_=1\" \/><a href=\"https:\/\/www.radiopiu.net\/wordpress\/wp-content\/uploads\/2024\/01\/GIORNALEDELLESEI-13.mp3\">https:\/\/www.radiopiu.net\/wordpress\/wp-content\/uploads\/2024\/01\/GIORNALEDELLESEI-13.mp3<\/a><\/audio>\n<p>&nbsp;<\/p>\n<p>&nbsp;<\/p>\n<p><strong><a class=\"dt-pswp-item\" href=\"https:\/\/www.radiopiu.net\/wordpress\/wp-content\/uploads\/2023\/12\/images.png\" data-dt-img-description=\"\" data-large_image_width=\"316\" data-large_image_height=\"160\"><img loading=\"lazy\" decoding=\"async\" class=\"wp-image-367008 alignleft\" src=\"https:\/\/www.radiopiu.net\/wordpress\/wp-content\/uploads\/2023\/12\/images-300x152.png\" alt=\"\" width=\"235\" height=\"119\" srcset=\"https:\/\/www.radiopiu.net\/wordpress\/wp-content\/uploads\/2023\/12\/images-300x152.png 300w, https:\/\/www.radiopiu.net\/wordpress\/wp-content\/uploads\/2023\/12\/images.png 316w\" sizes=\"auto, (max-width: 235px) 100vw, 235px\" \/><\/a>OGNI GIORNO ALLE SETTE DEL MATTINO, LA RASSEGNA STAMPA LOCALE FLASH&#8230; PER CHI VA IN FRETTA. I TITOLI DAI GIORNALI E DAL SITO WWW.RADIOPIU.NET <span style=\"color: #0000ff;\">viene pubblicato alle 7.00<\/span> <span style=\"color: #ff0000;\">DIRETTA RADIO\u00a0<\/span><\/strong><\/p>\n<p><em><span style=\"color: #ff0000;\">per chi va in fretta&#8230; tante notizie in pochi minuti. L&#8217;informazione locale alla radio, ogni ora dalle 7 del mattino alle 19 della sera.<\/span><\/em><\/p>\n<p><strong>BELLUNO<\/strong> Ieri mattina due\u00a0 interventi del Suem 118. Poco prima delle nove la chiamata da Castellavazzo, un giovane di 27 anni ha subito, durante operazioni di lavoro, un trauma facciale. L&#8217;ambulanza lo ha trasferito per le medicazioni (ferite leggere) al pronto soccorso del San Martino.<br \/>\n<strong>SEDICO<\/strong> Incidente stradale a Candaten alle 14.45 lungo la regionale 203 agordina. Un&#8217;autovettura coinvolta due persone trasportate al pronto soccorso del San Martino con ferite di media gravit\u00e0, una donna di 49 anni di Belluno e una donna sempre di Belluno di 54 anni. Sul posto\u00a0 \u00a0Suem e vigili del fuoco Agordo.<br \/>\n<strong>FELTRE<\/strong> Un incidente tra un Tir e un furgone sulla Sr 348 Feltrina ha causato il caos nel traffico, bloccando la strada per circa due ore e mezzo. Nonostante nessun ferito, la viabilit\u00e0 \u00e8 stata compromessa. La statale 47 della Valsugana rimarr\u00e0 chiusa per circa 45 giorni a causa di una frana.\u00a0 La vecchia strada in Destra Brenta sar\u00e0 riservata ai residenti<br \/>\n<strong>PER NON DIMENTICARE, A POCHI MESI DALLE ELEZIONI L&#8217;AUTOGOL DELLA MINORANZA DEL PD<\/strong> E&#8217; lei la responsabile, la piddina Anna Maria Bigon, la donna del Pd che ha affossato il fine vita in Veneto. QUANDO LA SINISTRA NON SA COSA FA&#8230;. LA SINISTRA Fine vita, Camani (PD): &#8220;Stop che segna un passo indietro della politica rispetto alla societ\u00e0&#8221;.<br \/>\n<strong>BELLUNO<\/strong> Il 16 marzo si terranno le elezioni per il rinnovo del consiglio provinciale, potrebbe essere l&#8217;ultimo atto per la &#8220;provincia dei sindaci&#8221; se la Legge Delrio verr\u00e0 cancellata. Il decreto di indizione pone la provincia in &#8220;ordinaria amministrazione&#8221;, limitando l&#8217;approvazione a delibere urgenti. I partiti avranno qualche settimana per presentare le liste, da consegnare entro il 25 febbraio a Palazzo Piloni.<br \/>\n<strong>AGORDO<\/strong> tra domani e sabato si riuniranno tutti i consigli comunali per autorizzare i sindaci a votare all&#8217;assemblea Asca la presa in consegna della casa di riposo di Taibon. Traghettando cos\u00ec senza conseguenze nell&#8217;azienda consortile i lavoratori \u2013 una cinquantina \u2013 che durante le feste hanno ricevuto la lettera di licenziamento.<\/p>\n<p><strong>AUDIO<\/strong><\/p>\n<audio class=\"wp-audio-shortcode\" id=\"audio-370279-2\" preload=\"none\" style=\"width: 100%;\" controls=\"controls\"><source type=\"audio\/mpeg\" src=\"https:\/\/www.radiopiu.net\/wordpress\/wp-content\/uploads\/2024\/01\/GF07-13.mp3?_=2\" \/><a href=\"https:\/\/www.radiopiu.net\/wordpress\/wp-content\/uploads\/2024\/01\/GF07-13.mp3\">https:\/\/www.radiopiu.net\/wordpress\/wp-content\/uploads\/2024\/01\/GF07-13.mp3<\/a><\/audio>\n<p>&nbsp;<\/p>\n<p>&nbsp;<\/p>\n<p>&nbsp;<\/p>\n<blockquote><p><strong><a class=\"dt-pswp-item\" href=\"https:\/\/www.radiopiu.net\/wordpress\/wp-content\/uploads\/2021\/07\/microfono-radio-ok-768x448-768x448-1.jpg\" data-dt-img-description=\"\" data-large_image_width=\"768\" data-large_image_height=\"448\"><img loading=\"lazy\" decoding=\"async\" class=\"wp-image-220632 alignleft\" src=\"https:\/\/www.radiopiu.net\/wordpress\/wp-content\/uploads\/2021\/07\/microfono-radio-ok-768x448-768x448-1-300x175.jpg\" alt=\"\" width=\"178\" height=\"104\" srcset=\"https:\/\/www.radiopiu.net\/wordpress\/wp-content\/uploads\/2021\/07\/microfono-radio-ok-768x448-768x448-1-300x175.jpg 300w, https:\/\/www.radiopiu.net\/wordpress\/wp-content\/uploads\/2021\/07\/microfono-radio-ok-768x448-768x448-1.jpg 768w\" sizes=\"auto, (max-width: 178px) 100vw, 178px\" \/><\/a>GIORNALE RADIO NAZIONALE, EDIZIONE DELLE SETTE <span style=\"color: #0000ff;\">viene pubblicato alle 7.05 <span style=\"color: #ff0000;\">DIRETTA RADIO\u00a0<\/span><\/span><\/strong><\/p><\/blockquote>\n<p><strong>il giornale radionazionale e&#8217; in onda ogni ora, dalle sette del mattino alle venti della sera\u00a0\u00a0<\/strong><\/p>\n<p>La ristoratrice di<strong> Lodi<\/strong> \u00e8 morta annegata. <strong>Prato<\/strong> morto un uomo di 68 anni travolto dal furgone guidato dal figlio. Sequestro per 350mila euro al governatore della<strong> Sardegna<\/strong> Solinas, indagato per corruzione. <strong>Luftansa<\/strong> e turbamenti alla concorrenza. In <strong>Cina<\/strong> fu mappato il covid due settimane prima della tragedia, animale infetto o fuga di laboratorio? Due settimane di preavviso potevano fare la differenze.<\/p>\n<p><strong>AUDIO\u00a0<\/strong><\/p>\n<audio class=\"wp-audio-shortcode\" id=\"audio-370279-3\" preload=\"none\" style=\"width: 100%;\" controls=\"controls\"><source type=\"audio\/mpeg\" src=\"https:\/\/www.radiopiu.net\/wordpress\/wp-content\/uploads\/2024\/01\/giornale07-13.mp3?_=3\" \/><a href=\"https:\/\/www.radiopiu.net\/wordpress\/wp-content\/uploads\/2024\/01\/giornale07-13.mp3\">https:\/\/www.radiopiu.net\/wordpress\/wp-content\/uploads\/2024\/01\/giornale07-13.mp3<\/a><\/audio>\n<p>&nbsp;<\/p>\n<p>&nbsp;<\/p>\n<blockquote>\n<h2><strong><a class=\"dt-pswp-item\" href=\"https:\/\/www.radiopiu.net\/wordpress\/wp-content\/uploads\/2023\/12\/th-10.jpg\" data-dt-img-description=\"\" data-large_image_width=\"245\" data-large_image_height=\"180\"><img loading=\"lazy\" decoding=\"async\" class=\" wp-image-367395 alignleft\" src=\"https:\/\/www.radiopiu.net\/wordpress\/wp-content\/uploads\/2023\/12\/th-10.jpg\" alt=\"\" width=\"166\" height=\"122\" \/><\/a>RASSEGNA STAMPA LOCALE, ORE OTTO 05<\/strong><\/h2>\n<h2><strong> <span style=\"color: #0000ff;\">viene\u00a0 <\/span><\/strong><strong><span style=\"color: #0000ff;\">pubblicata alle 8.05 <span style=\"color: #ff0000;\">DIRETTA RADIO\u00a0\u00a0<\/span><\/span><\/strong><\/h2>\n<p><strong>BELLUNO<\/strong> Belluno Kids dona oltre 800 libri per arricchire la biblioteca della Pediatria dell&#8217;ospedale. L&#8217;iniziativa &#8220;Una biblioteca per la Pediatria&#8221; ha raccolto donazioni di libri, coordinata da Belluno Kids con Unicef, Comune di Belluno<br \/>\n<strong>FELTRE<\/strong> CONSEGNATA LA BORSA DI STUDIO &#8220;CARLA LASEN&#8221;<br \/>\n<strong>CORTINA<\/strong> AUDI FIS SKI WORLD CUP 2024: SESSANTA PERSONE IN PISTA PER UNA SICUREZZA A 360 GRADI<br \/>\n<strong>LIVINALLONGO<\/strong> Dopo quattro anni senza visitatori riapre il Museo Ladino Fodom<br \/>\n<strong>DOMEGGE<\/strong> Rinnovo ai Vertici di Auser Domegge: Rita Pinazza Nuova Presidente<br \/>\n<strong>BELLUNO<\/strong> Oggi\u00a0 alle 18.30 nell&#8217;aula magna del Liceo Lollino assemblea pubblica che vedr\u00e0 rappresentanti della Diocesi di Belluno-Feltre e il direttore della rete di imprese \u201cScuole per Crescere, Mario Monti, illustrare la nuova gestione del liceo dall&#8217;anno scolastico 2024-2025.<br \/>\n<strong>FELTRE<\/strong> \u00a0Giovanni Granzotto sar\u00e0 il relatore del secondo appuntamento del ciclo Conversazioni in Museo per il 2024 che avr\u00e0 luogo oggi alle 18, nella Galleria d&#8217;arte moderna Carlo Rizzarda.<br \/>\n<strong>SOSPIROLO<\/strong> Torna la \u201cGiornata Nazionale del Dialetto e delle Lingue Locali\u201d.\u00a0 In questo ambito, la Pro Loco Monti del Sole di Sospirolo, propone il recital \u201cCaro al me Belun\u201d della compagnia Teatro Tre di Belluno &#8211; domenica 21 gennaio alle ore 17.00 &#8211; al Centro civico di Sospirolo.<br \/>\n<strong>BELLUNO<\/strong> LEGNO: L&#8217;ORO DELLE NOSTRE PREALPI L&#8217;evento &#8220;Riscopri il legno come risorsa per un&#8217;economia sostenibile&#8221; si terr\u00e0 oggi alle 19:30 al Ristorante Pian Longhi a Belluno<\/p><\/blockquote>\n<h1><strong>video diretta radiopiu<\/strong><\/h1>\n<p><iframe loading=\"lazy\" title=\"DAL 1983 LA RASSEGNA STAMPA LOCALE di mirko mezzacasa. L&#039;ORIGINALE\" width=\"1200\" height=\"675\" src=\"https:\/\/www.youtube.com\/embed\/6zr9UuoVepI?feature=oembed\" frameborder=\"0\" allow=\"accelerometer; autoplay; clipboard-write; encrypted-media; gyroscope; picture-in-picture; web-share\" allowfullscreen><\/iframe><\/p>\n<p>&nbsp;<\/p>\n<p>&nbsp;<\/p>\n<hr \/>\n<p>&nbsp;<\/p>\n<p>&nbsp;<\/p>\n<p><a class=\"dt-pswp-item\" href=\"https:\/\/www.radiopiu.net\/wordpress\/wp-content\/uploads\/2023\/10\/34f4cfc6-e863-46e9-9695-8df44be63421.jpg\" data-dt-img-description=\"\" data-large_image_width=\"1200\" data-large_image_height=\"1200\"><img loading=\"lazy\" decoding=\"async\" class=\"wp-image-357393 alignleft\" src=\"https:\/\/www.radiopiu.net\/wordpress\/wp-content\/uploads\/2023\/10\/34f4cfc6-e863-46e9-9695-8df44be63421-300x300.jpg\" alt=\"\" width=\"81\" height=\"81\" srcset=\"https:\/\/www.radiopiu.net\/wordpress\/wp-content\/uploads\/2023\/10\/34f4cfc6-e863-46e9-9695-8df44be63421-300x300.jpg 300w, https:\/\/www.radiopiu.net\/wordpress\/wp-content\/uploads\/2023\/10\/34f4cfc6-e863-46e9-9695-8df44be63421-1024x1024.jpg 1024w, https:\/\/www.radiopiu.net\/wordpress\/wp-content\/uploads\/2023\/10\/34f4cfc6-e863-46e9-9695-8df44be63421-150x150.jpg 150w, https:\/\/www.radiopiu.net\/wordpress\/wp-content\/uploads\/2023\/10\/34f4cfc6-e863-46e9-9695-8df44be63421-768x768.jpg 768w, https:\/\/www.radiopiu.net\/wordpress\/wp-content\/uploads\/2023\/10\/34f4cfc6-e863-46e9-9695-8df44be63421.jpg 1200w\" sizes=\"auto, (max-width: 81px) 100vw, 81px\" \/><\/a>OGGI ALLA RADIO: <strong>ALLE 7<\/strong> LA RASSEGNA STAMPA LOCALE FLASH, PER CHI COME NOI ALLE SETTE DEL MATTINO VA DI FRETTA, TANTE NOTIZIE IN POCHE CHIACCHIERE. <strong>ALLE OTTO<\/strong> L&#8217;APPROFONDIMENTO NELLA STORICA RASSEGNA STAMPA LOCALE.\u00a0 DALLE 6 ALLE 21, OGNI ORA, L&#8217;INFORMAZIONE NAZIONALE, l&#8217;informazione locale, ALLE 10 flash. 11flash. 14 viabilit\u00e0. 15meteo. 16flash. 17flash. 18flash. 19 i titoli di Antenna 3<\/p>\n<p>OGGI ALLE 8.20 <strong>PIU&#8217; SIAMO<\/strong> con marina don\u00e0 ALLE 9.00 IL<strong> COUNTRY<\/strong> con alex nascimben ALLE 10.30\u00a0 E 1900<strong>\u00a0CASPARETHA <\/strong>\u00a0CON MIRCO ED EMIL TANCON di mirko mezzacasa ALLE 13.00<strong> I CARNEVAI DE LA VAI<\/strong> OSPITI VALENTINO ROSSINI MATTEO DAGAI JEKI BRESSAN SIMONE ONGARO di mirko mezzacasa<\/p>\n<p>&nbsp;<\/p>\n<hr \/>\n<p>&nbsp;<\/p>\n<p>&nbsp;<\/p>\n<blockquote>\n<h3><img loading=\"lazy\" decoding=\"async\" class=\"alignleft\" src=\"https:\/\/www.radiopiu.net\/wordpress\/wp-content\/uploads\/2022\/07\/castellavazzo.jpg\" width=\"195\" height=\"146\" \/>INCIDENTE SUL LAVORO A CASTELLAVAZZO<\/h3>\n<\/blockquote>\n<p><strong>BELLUNO<\/strong> Ieri mattina due\u00a0 interventi del Suem 118. Poco prima delle nove la chiamata da Castellavazzo, un giovane di 27 anni ha subito, durante operazioni di lavoro, un trauma facciale. L&#8217;ambulanza lo ha trasferito per le medicazioni (ferite leggere) al pronto soccorso del San Martino. Un&#8217;ora dopo l&#8217;elicottero Falco \u00e8 volato a Forni di Sopra in soccorso di una 18enne di Trento colta da malore e trasportata all&#8217;ospedale di Tolmezzo.<\/p>\n<p><strong>SEDICO<\/strong> Incidente stradale a Candaten alle 14.45 lungo la regionale 203 agordina. Un&#8217;autovettura coinvolta due persone trasportate al pronto soccorso del San Martino con ferite di media gravit\u00e0, una donna di 49 anni di Belluno e una donna sempre di Belluno di 54 anni. Sul posto\u00a0 \u00a0Suem e vigili del fuoco Agordo.<\/p>\n<p>&nbsp;<\/p>\n<blockquote>\n<h2><strong><a class=\"dt-pswp-item\" href=\"https:\/\/www.radiopiu.net\/wordpress\/wp-content\/uploads\/2024\/01\/Senza-nome-58.png\" data-dt-img-description=\"\" data-large_image_width=\"635\" data-large_image_height=\"260\"><img loading=\"lazy\" decoding=\"async\" class=\" wp-image-370397 alignleft\" src=\"https:\/\/www.radiopiu.net\/wordpress\/wp-content\/uploads\/2024\/01\/Senza-nome-58-300x123.png\" alt=\"\" width=\"293\" height=\"120\" srcset=\"https:\/\/www.radiopiu.net\/wordpress\/wp-content\/uploads\/2024\/01\/Senza-nome-58-300x123.png 300w, https:\/\/www.radiopiu.net\/wordpress\/wp-content\/uploads\/2024\/01\/Senza-nome-58.png 635w\" sizes=\"auto, (max-width: 293px) 100vw, 293px\" \/><\/a>Traffico Paralizzato per Ore su Sr 348 Feltrina: Lunghe Code e Ritardi Pesanti<\/strong><\/h2>\n<\/blockquote>\n<p><strong>FELTRE<\/strong> Un incidente tra un Tir e un furgone sulla Sr 348 Feltrina ha causato il caos nel traffico, bloccando la strada per circa due ore e mezzo. Nonostante nessun ferito, la viabilit\u00e0 \u00e8 stata compromessa. Il sindaco di Quero Vas, Bruno Zanolla, denuncia la sottodimensione della strada e la necessit\u00e0 di interventi urgenti. Nonostante il disagio, la situazione \u00e8 stata risolta con l&#8217;intervento di Veneto Strade e dei vigili del fuoco, riaprendo la strada alle 15.30.<\/p>\n<blockquote>\n<h2><\/h2>\n<h2>VALSUGANA CHIUSA<\/h2>\n<\/blockquote>\n<p>La statale 47 della Valsugana rimarr\u00e0 chiusa per circa 45 giorni a causa di una frana.\u00a0 La vecchia strada in Destra Brenta sar\u00e0 riservata ai residenti<\/p>\n<p>&nbsp;<\/p>\n<p>&nbsp;<\/p>\n<p>&nbsp;<\/p>\n<hr \/>\n<p>&nbsp;<\/p>\n<p>&nbsp;<\/p>\n<p><span style=\"color: #ff0000;\">PER NON DIMENTICARE<\/span><\/p>\n<blockquote>\n<h2><a class=\"dt-pswp-item\" href=\"https:\/\/www.radiopiu.net\/wordpress\/wp-content\/uploads\/2021\/03\/anna-maria-bigon.jpg\" data-dt-img-description=\"\" data-large_image_width=\"400\" data-large_image_height=\"400\"><img loading=\"lazy\" decoding=\"async\" class=\" wp-image-195997 alignleft\" src=\"https:\/\/www.radiopiu.net\/wordpress\/wp-content\/uploads\/2021\/03\/anna-maria-bigon-300x300.jpg\" alt=\"\" width=\"168\" height=\"168\" srcset=\"https:\/\/www.radiopiu.net\/wordpress\/wp-content\/uploads\/2021\/03\/anna-maria-bigon-300x300.jpg 300w, https:\/\/www.radiopiu.net\/wordpress\/wp-content\/uploads\/2021\/03\/anna-maria-bigon-150x150.jpg 150w, https:\/\/www.radiopiu.net\/wordpress\/wp-content\/uploads\/2021\/03\/anna-maria-bigon.jpg 400w\" sizes=\"auto, (max-width: 168px) 100vw, 168px\" \/><\/a> Anna Maria Bigon, la donna del Pd che ha affossato il fine vita in Veneto<\/h2>\n<\/blockquote>\n<p><strong>VENEZIA<\/strong> \u201c<em>Non potevo votare a favore del provvedimento quando mancano le cure palliative, manca la disciplina dell\u2019obiezione di coscienza, vanno rivisti i comitati etici, rimane aperta la questione della maggiore et\u00e0 e bisogna intervenire sui tempi di accesso\u201d.<\/em> Cos\u00ec ha affermato la Consigliera Dem Anna Maria Bigon, che si \u00e8 astenuta sul voto della legge sul suicidio medicalmente assistito per ragioni di coscienza, sottolineando anche la mancanza di competenza del Consiglio regionale su questo tema. \u201cDel resto\u201d \u2013 continua la Consigliera Dem \u2013 \u201c \u00e8 la stessa Corte costituzionale, nell\u2019ordinanza del 2018, a sottolineare l\u2019importanza delle cure palliative, affermando che l\u2019accesso alle cure palliative spesso porta a modificare la scelta di accedere al suicidio medicalmente assistito\u201d. La legge ora torner\u00e0 in Commissione, dove la proposta potr\u00e0 essere modificata.<\/p>\n<p>&nbsp;<\/p>\n<blockquote>\n<h3>Fine vita, Camani (PD): &#8220;Stop che segna un passo indietro della politica rispetto alla societ\u00e0&#8221;.<\/h3>\n<\/blockquote>\n<p><strong><a class=\"dt-pswp-item\" href=\"https:\/\/www.radiopiu.net\/wordpress\/wp-content\/uploads\/2021\/09\/CAMANI-2-scaled.jpg\" data-dt-img-description=\"\" data-large_image_width=\"2560\" data-large_image_height=\"1707\"><img loading=\"lazy\" decoding=\"async\" class=\"size-medium wp-image-233249 alignleft\" src=\"https:\/\/www.radiopiu.net\/wordpress\/wp-content\/uploads\/2021\/09\/CAMANI-2-300x200.jpg\" alt=\"\" width=\"300\" height=\"200\" srcset=\"https:\/\/www.radiopiu.net\/wordpress\/wp-content\/uploads\/2021\/09\/CAMANI-2-300x200.jpg 300w, https:\/\/www.radiopiu.net\/wordpress\/wp-content\/uploads\/2021\/09\/CAMANI-2-1024x683.jpg 1024w, https:\/\/www.radiopiu.net\/wordpress\/wp-content\/uploads\/2021\/09\/CAMANI-2-768x512.jpg 768w, https:\/\/www.radiopiu.net\/wordpress\/wp-content\/uploads\/2021\/09\/CAMANI-2-1536x1024.jpg 1536w, https:\/\/www.radiopiu.net\/wordpress\/wp-content\/uploads\/2021\/09\/CAMANI-2-2048x1365.jpg 2048w\" sizes=\"auto, (max-width: 300px) 100vw, 300px\" \/><\/a>VENEZIA\u00a0<\/strong> <em>&#8220;Sono profondamente delusa per questa bocciatura della legge di iniziativa popolare sul suicidio medicalmente assistito. Il Veneto aveva l&#8217;occasione per porsi all&#8217;avanguardia e di dare un segnale forte, di cambiamento rispetto ad un immobilismo che vede comunque il Parlamento primo responsabile. Sono state tradite le attese e le speranze di tanti cittadini che nella nostra regione hanno sottoscritto questa proposta e soprattutto di chi vive sulla propria pelle una condizione di sofferenza insopportabile&#8221;. <\/em>Il giudizio \u00e8 della capogruppo del PD Veneto, Vanessa Camani.\u00a0 &#8220;<em>Siamo molto dispiaciuti per il voto espresso dalla consigliera Bigon, alla quale abbiamo riconosciuto piena legittimit\u00e0 e libert\u00e0. Detto ci\u00f2, il rammarico sta nel fatto che la consigliera, pur consapevole che il suo voto avrebbe fatto da ago della bilancia, cosa che le \u00e8 stata ricordata, non abbia optato per una scelta diversa. Dimostrando cos\u00ec un atteggiamento non rispettoso e che acuisce le distanze all&#8217;interno del gruppo&#8221;.<\/em><\/p>\n<p>&nbsp;<\/p>\n<hr \/>\n<p>&nbsp;<\/p>\n<blockquote>\n<h2>Provincia al voto il 16 marzo: una svolta imminente<\/h2>\n<\/blockquote>\n<p><strong>BELLUNO<\/strong> <em>Il 16 marzo si terranno le elezioni per il rinnovo del consiglio provinciale, potrebbe essere l&#8217;ultimo atto per la &#8220;provincia dei sindaci&#8221; se la Legge Delrio verr\u00e0 cancellata. Il decreto di indizione pone la provincia in &#8220;ordinaria amministrazione&#8221;, limitando l&#8217;approvazione a delibere urgenti. I partiti avranno qualche settimana per presentare le liste, da consegnare entro il 25 febbraio a Palazzo Piloni.<\/em><\/p>\n<p><strong>DA BELLUNO\u00a0<\/strong><\/p>\n<p><strong>DANIELE DALVIT<\/strong><\/p>\n<audio class=\"wp-audio-shortcode\" id=\"audio-370279-4\" preload=\"none\" style=\"width: 100%;\" controls=\"controls\"><source type=\"audio\/mpeg\" src=\"https:\/\/www.radiopiu.net\/wordpress\/wp-content\/uploads\/2024\/01\/Radio-Piu-Servizio-Elezioni-provincia-2024.mp3?_=4\" \/><a href=\"https:\/\/www.radiopiu.net\/wordpress\/wp-content\/uploads\/2024\/01\/Radio-Piu-Servizio-Elezioni-provincia-2024.mp3\">https:\/\/www.radiopiu.net\/wordpress\/wp-content\/uploads\/2024\/01\/Radio-Piu-Servizio-Elezioni-provincia-2024.mp3<\/a><\/audio>\n<p>&nbsp;<\/p>\n\n\t\t\t<style type='text\/css'>\n\t\t\t\t#gallery-3 {\n\t\t\t\t\tmargin: auto;\n\t\t\t\t}\n\t\t\t\t#gallery-3 .gallery-item {\n\t\t\t\t\tfloat: left;\n\t\t\t\t\tmargin-top: 10px;\n\t\t\t\t\ttext-align: center;\n\t\t\t\t\twidth: 50%;\n\t\t\t\t}\n\t\t\t\t#gallery-3 img {\n\t\t\t\t\tborder: 2px solid #cfcfcf;\n\t\t\t\t}\n\t\t\t\t#gallery-3 .gallery-caption {\n\t\t\t\t\tmargin-left: 0;\n\t\t\t\t}\n\t\t\t\t\/* see gallery_shortcode() in wp-includes\/media.php *\/\n\t\t\t<\/style>\n\t\t<div id='gallery-3' class='dt-gallery-container gallery galleryid-370279 gallery-columns-2 gallery-size-thumbnail'><dl class='gallery-item'>\n\t\t\t\t<dt class='gallery-icon landscape'>\n\t\t\t\t\t<a class=\"rollover rollover-zoom dt-pswp-item\" title=\"9d8f5ee3-bc99-49e4-89c1-44a1e66e88ef\" data-dt-img-description=\"\" data-large_image_width=\"2560\" data-large_image_height=\"1920\"href='https:\/\/www.radiopiu.net\/wordpress\/wp-content\/uploads\/2024\/01\/9d8f5ee3-bc99-49e4-89c1-44a1e66e88ef-scaled.jpg'><img loading=\"lazy\" decoding=\"async\" width=\"150\" height=\"150\" src=\"https:\/\/www.radiopiu.net\/wordpress\/wp-content\/uploads\/2024\/01\/9d8f5ee3-bc99-49e4-89c1-44a1e66e88ef-150x150.jpg\" class=\"attachment-thumbnail size-thumbnail\" alt=\"\" \/><\/a>\n\t\t\t\t<\/dt><\/dl><dl class='gallery-item'>\n\t\t\t\t<dt class='gallery-icon landscape'>\n\t\t\t\t\t<a class=\"rollover rollover-zoom dt-pswp-item\" title=\"3e1e1a22-1ed4-40a3-a185-c6c9829dbbf4\" data-dt-img-description=\"\" data-large_image_width=\"2560\" data-large_image_height=\"1920\"href='https:\/\/www.radiopiu.net\/wordpress\/wp-content\/uploads\/2024\/01\/3e1e1a22-1ed4-40a3-a185-c6c9829dbbf4-scaled.jpg'><img loading=\"lazy\" decoding=\"async\" width=\"150\" height=\"150\" src=\"https:\/\/www.radiopiu.net\/wordpress\/wp-content\/uploads\/2024\/01\/3e1e1a22-1ed4-40a3-a185-c6c9829dbbf4-150x150.jpg\" class=\"attachment-thumbnail size-thumbnail\" alt=\"\" \/><\/a>\n\t\t\t\t<\/dt><\/dl><br style=\"clear: both\" \/>\n\t\t\t<\/div>\n\n<p>&nbsp;<\/p>\n<hr \/>\n<p>&nbsp;<\/p>\n<p>&nbsp;<\/p>\n<blockquote>\n<h3>CONSIGLI COMUNALI URGENTI\u00a0 PER LA CASA DI RIPOSO<\/h3>\n<\/blockquote>\n<p><strong><a class=\"dt-pswp-item\" href=\"https:\/\/www.radiopiu.net\/wordpress\/wp-content\/uploads\/2021\/02\/CASA-SOGGIORNO-TAIBON.jpg\" data-dt-img-description=\"\" data-large_image_width=\"512\" data-large_image_height=\"324\"><img loading=\"lazy\" decoding=\"async\" class=\"wp-image-190126 alignleft\" src=\"https:\/\/www.radiopiu.net\/wordpress\/wp-content\/uploads\/2021\/02\/CASA-SOGGIORNO-TAIBON-300x190.jpg\" alt=\"\" width=\"223\" height=\"141\" srcset=\"https:\/\/www.radiopiu.net\/wordpress\/wp-content\/uploads\/2021\/02\/CASA-SOGGIORNO-TAIBON-300x190.jpg 300w, https:\/\/www.radiopiu.net\/wordpress\/wp-content\/uploads\/2021\/02\/CASA-SOGGIORNO-TAIBON.jpg 512w\" sizes=\"auto, (max-width: 223px) 100vw, 223px\" \/><\/a><\/strong><em>tra domani e sabato si riuniranno tutti i consigli comunali per autorizzare i sindaci a votare all&#8217;assemblea Asca la presa in consegna della casa di riposo di Taibon. Traghettando cos\u00ec senza conseguenze nell&#8217;azienda consortile i lavoratori \u2013 una cinquantina \u2013 che durante le feste hanno ricevuto la lettera di licenziamento alla fine di gennaio dalla onlus di gestione, intanto formalmente sfrattata dalla struttura dell&#8217;Unione montana. L&#8217;imperativo dei sindaci agordini \u00e8 quello di chiudere entro questa settimana questo passaggio.\u00a0 \u00a0<\/em><\/p>\n<div><\/div>\n<p>&nbsp;<\/p>\n<hr \/>\n<p>&nbsp;<\/p>\n<p>&nbsp;<\/p>\n<blockquote>\n<h2><strong>Prevenzione Incidenti Invernali: Giornata &#8220;Sicuri con la Neve&#8221; il 21 Gennaio\u00a0<\/strong><\/h2>\n<p><em><a class=\"dt-pswp-item\" href=\"https:\/\/www.radiopiu.net\/wordpress\/wp-content\/uploads\/2022\/04\/278113007_364199092386522_5574385202976528726_n.jpg\" data-dt-img-description=\"\" data-large_image_width=\"554\" data-large_image_height=\"540\"><img loading=\"lazy\" decoding=\"async\" class=\"wp-image-272750 alignleft\" src=\"https:\/\/www.radiopiu.net\/wordpress\/wp-content\/uploads\/2022\/04\/278113007_364199092386522_5574385202976528726_n-300x292.jpg\" alt=\"\" width=\"134\" height=\"130\" srcset=\"https:\/\/www.radiopiu.net\/wordpress\/wp-content\/uploads\/2022\/04\/278113007_364199092386522_5574385202976528726_n-300x292.jpg 300w, https:\/\/www.radiopiu.net\/wordpress\/wp-content\/uploads\/2022\/04\/278113007_364199092386522_5574385202976528726_n.jpg 554w\" sizes=\"auto, (max-width: 134px) 100vw, 134px\" \/><\/a>Gli appuntamenti sono decine in localit\u00e0 alpine e appenniniche di dodici regioni<\/em><\/p><\/blockquote>\n<p>Il Club Alpino Italiano e il Corpo Nazionale Soccorso Alpino organizzano l&#8217;edizione 2024 della giornata nazionale &#8220;Sicuri con la Neve&#8221; il 21 gennaio. L&#8217;iniziativa, diffusa in localit\u00e0 alpine e appenniniche di dodici regioni, mira a sensibilizzare sulla prevenzione di incidenti legati a valanghe, scivolate e ipotermia. Volontari allestiranno stand, fornendo informazioni su comportamenti sicuri e mostrando tecniche di soccorso. La giornata affronter\u00e0 la crisi climatica e le sue implicazioni sulla stabilit\u00e0 del manto nevoso, evidenziando l&#8217;importanza della prevenzione e della cultura ambientale.<\/p>\n<p>&nbsp;<\/p>\n<p>&nbsp;<\/p>\n<hr \/>\n<blockquote>\n<h3><\/h3>\n<h3>PRENDE IL VIA IL CICLO DI INCONTRI PENSATO PER GENITORI, EDUCATORI E INSEGNANTI PER AFFRONTARE IL TEMA DEL RITIRO SOCIALE IN ADOLESCENZA<\/h3>\n<\/blockquote>\n<p><strong><a class=\"dt-pswp-item\" href=\"https:\/\/www.radiopiu.net\/wordpress\/wp-content\/uploads\/2024\/01\/Prevenire-Ritiro-Sociale_800x800_Porporato-scaled.jpg\" data-dt-img-description=\"\" data-large_image_width=\"2560\" data-large_image_height=\"2560\"><img loading=\"lazy\" decoding=\"async\" class=\" wp-image-370306 alignleft\" src=\"https:\/\/www.radiopiu.net\/wordpress\/wp-content\/uploads\/2024\/01\/Prevenire-Ritiro-Sociale_800x800_Porporato-300x300.jpg\" alt=\"\" width=\"146\" height=\"146\" srcset=\"https:\/\/www.radiopiu.net\/wordpress\/wp-content\/uploads\/2024\/01\/Prevenire-Ritiro-Sociale_800x800_Porporato-300x300.jpg 300w, https:\/\/www.radiopiu.net\/wordpress\/wp-content\/uploads\/2024\/01\/Prevenire-Ritiro-Sociale_800x800_Porporato-1024x1024.jpg 1024w, https:\/\/www.radiopiu.net\/wordpress\/wp-content\/uploads\/2024\/01\/Prevenire-Ritiro-Sociale_800x800_Porporato-150x150.jpg 150w, https:\/\/www.radiopiu.net\/wordpress\/wp-content\/uploads\/2024\/01\/Prevenire-Ritiro-Sociale_800x800_Porporato-768x768.jpg 768w, https:\/\/www.radiopiu.net\/wordpress\/wp-content\/uploads\/2024\/01\/Prevenire-Ritiro-Sociale_800x800_Porporato-1536x1536.jpg 1536w, https:\/\/www.radiopiu.net\/wordpress\/wp-content\/uploads\/2024\/01\/Prevenire-Ritiro-Sociale_800x800_Porporato-2048x2048.jpg 2048w\" sizes=\"auto, (max-width: 146px) 100vw, 146px\" \/><\/a>FELTRE<\/strong> L&#8217;incontro dal titolo &#8220;La relazione affettiva e il ruolo materno e paterno nell&#8217;infanzia e nell&#8217;adolescenza&#8221; con il dottor Fabio Porporato, psicologo e psicomotricista, inaugurer\u00e0 il ciclo di appuntamenti sulla genitorialit\u00e0 e il ritiro sociale in adolescenza. Il sindaco di Feltre, Viviana Fusaro, evidenzia l&#8217;importanza di analizzare lo stile genitoriale fin dalla prima infanzia come uno dei fattori di rischio per il ritiro sociale degli adolescenti. L&#8217;abbandono scolastico precoce \u00e8 stato identificato come una difficolt\u00e0 tra gli adolescenti del territorio. Gli incontri, rivolti a genitori ed educatori, mirano a promuovere riflessioni sulle dinamiche relazionali e a fornire supporto al percorso educativo dei bambini e ragazzi. L&#8217;evento si terr\u00e0 oggi alle 20:30 al Museo Diocesano d&#8217;Arte Sacra di Feltre.<\/p>\n<p>&nbsp;<\/p>\n<p>&nbsp;<\/p>\n<hr \/>\n<p>&nbsp;<\/p>\n<blockquote>\n<h2>NUOVA BIBLIOTECA PER BAMBINI IN PEDIATRIA DI BELLUNO<\/h2>\n<\/blockquote>\n<p><strong>BELLUNO<\/strong> Belluno Kids dona oltre 800 libri per arricchire la biblioteca della Pediatria dell&#8217;ospedale. L&#8217;iniziativa &#8220;Una biblioteca per la Pediatria&#8221; ha raccolto donazioni di libri, coordinata da Belluno Kids con Unicef, Comune di Belluno e il supporto di &#8220;Le Due Zitelle&#8221;. La selezione accurata di libri, donati dalle famiglie, \u00e8 ora disponibile per bambini e ragazzi, offrendo momenti di svago e immaginazione durante la degenza. Parte della donazione arricchir\u00e0 anche altri punti dell&#8217;ospedale frequentati dai bambini. Un gesto di solidariet\u00e0 che umanizza l&#8217;ambiente ospedaliero, offrendo normalit\u00e0 e apprendimento. L\u2019Ulss Dolomiti ringrazia Belluno Kids, che da tempo collabora con la Pediatria in vari progetti, per questa donazione e tutte le famiglie che hanno aderito all\u2019iniziativa, un gesto di solidariet\u00e0 che pone un\u2019attenzione particolare all\u2019umanizzazione: la biblioteca regala ai piccoli degenti la possibilit\u00e0 di trovare, anche in un periodo difficile come pu\u00f2 essere quello di un ricovero, momenti di svago e di \u201cnormalit\u00e0\u201d, arricchendo uno spazio che diventa sempre pi\u00f9 accogliente e occasione anche di reciproca conoscenza e di apprendimento insieme agli altri ospiti del reparto.<\/p>\n<p><a class=\"dt-pswp-item\" href=\"https:\/\/www.radiopiu.net\/wordpress\/wp-content\/uploads\/2024\/01\/donazione_pediatria.jpeg\" data-dt-img-description=\"\" data-large_image_width=\"1024\" data-large_image_height=\"768\"><img loading=\"lazy\" decoding=\"async\" class=\"size-medium wp-image-370347 aligncenter\" src=\"https:\/\/www.radiopiu.net\/wordpress\/wp-content\/uploads\/2024\/01\/donazione_pediatria-300x225.jpeg\" alt=\"\" width=\"300\" height=\"225\" srcset=\"https:\/\/www.radiopiu.net\/wordpress\/wp-content\/uploads\/2024\/01\/donazione_pediatria-300x225.jpeg 300w, https:\/\/www.radiopiu.net\/wordpress\/wp-content\/uploads\/2024\/01\/donazione_pediatria-768x576.jpeg 768w, https:\/\/www.radiopiu.net\/wordpress\/wp-content\/uploads\/2024\/01\/donazione_pediatria.jpeg 1024w\" sizes=\"auto, (max-width: 300px) 100vw, 300px\" \/><\/a><\/p>\n<p>Foto: Alessandro Rossi, direttore di Belluno Kids, e l&#8217;Assessore Roberta Olivotto consegnano ufficialmente i libri al personale della Pediatria.<\/p>\n<p>&nbsp;<\/p>\n<hr \/>\n<blockquote>\n<h3><\/h3>\n<h3>CONSEGNATA LA BORSA DI STUDIO &#8220;CARLA LASEN&#8221;<\/h3>\n<\/blockquote>\n<p><strong><a class=\"dt-pswp-item\" href=\"https:\/\/www.radiopiu.net\/wordpress\/wp-content\/uploads\/2024\/01\/Premio-Fond.-Carla-Lasen.jpg\" data-dt-img-description=\"\" data-large_image_width=\"1783\" data-large_image_height=\"983\"><img loading=\"lazy\" decoding=\"async\" class=\" wp-image-370325 alignleft\" src=\"https:\/\/www.radiopiu.net\/wordpress\/wp-content\/uploads\/2024\/01\/Premio-Fond.-Carla-Lasen-300x165.jpg\" alt=\"\" width=\"216\" height=\"119\" srcset=\"https:\/\/www.radiopiu.net\/wordpress\/wp-content\/uploads\/2024\/01\/Premio-Fond.-Carla-Lasen-300x165.jpg 300w, https:\/\/www.radiopiu.net\/wordpress\/wp-content\/uploads\/2024\/01\/Premio-Fond.-Carla-Lasen-1024x565.jpg 1024w, https:\/\/www.radiopiu.net\/wordpress\/wp-content\/uploads\/2024\/01\/Premio-Fond.-Carla-Lasen-768x423.jpg 768w, https:\/\/www.radiopiu.net\/wordpress\/wp-content\/uploads\/2024\/01\/Premio-Fond.-Carla-Lasen-1536x847.jpg 1536w, https:\/\/www.radiopiu.net\/wordpress\/wp-content\/uploads\/2024\/01\/Premio-Fond.-Carla-Lasen.jpg 1783w\" sizes=\"auto, (max-width: 216px) 100vw, 216px\" \/><\/a>FELTRE<\/strong> Francesca Possamai di Zermen \u00e8 stata premiata con la borsa di studio della Fondazione &#8220;Carla Lasen&#8221; a Feltre. L&#8217;assegno di 4.500 euro \u00e8 destinato a supportare il percorso universitario della giovane studentessa, attualmente iscritta al corso di Economia e Management presso l&#8217;Universit\u00e0 degli Studi di Bolzano. La borsa sar\u00e0 erogata in tre tranches, legate al superamento degli esami e al conseguimento di una media minima di 25\/30esimi. La cerimonia di consegna si \u00e8 svolta nella sede del municipio di Feltre, con la partecipazione del vicesindaco Claudio dalla Palma.<\/p>\n<p>&nbsp;<\/p>\n<p>&nbsp;<\/p>\n<hr \/>\n<p>&nbsp;<\/p>\n<blockquote>\n<h3>IL NUMERO DEI MUNICIPI IN ITALIA SCENDE<\/h3>\n<\/blockquote>\n<p><strong><a class=\"dt-pswp-item\" href=\"https:\/\/www.radiopiu.net\/wordpress\/wp-content\/uploads\/2021\/03\/THINK-THANK-NORD-EST.png\" data-dt-img-description=\"\" data-large_image_width=\"340\" data-large_image_height=\"292\"><img loading=\"lazy\" decoding=\"async\" class=\" wp-image-197788 alignleft\" src=\"https:\/\/www.radiopiu.net\/wordpress\/wp-content\/uploads\/2021\/03\/THINK-THANK-NORD-EST-300x258.png\" alt=\"\" width=\"185\" height=\"159\" srcset=\"https:\/\/www.radiopiu.net\/wordpress\/wp-content\/uploads\/2021\/03\/THINK-THANK-NORD-EST-300x258.png 300w, https:\/\/www.radiopiu.net\/wordpress\/wp-content\/uploads\/2021\/03\/THINK-THANK-NORD-EST.png 340w\" sizes=\"auto, (max-width: 185px) 100vw, 185px\" \/><\/a>VENEZIA\u00a0<\/strong>Dal 22 gennaio, il numero dei Comuni in Italia scender\u00e0 a 7.896, registrando una diminuzione di 205 unit\u00e0 rispetto al 2001. La riduzione, seppur graduale, \u00e8 inferiore a quella di altri Paesi europei come Grecia, Paesi Bassi, Germania, Austria e Francia. L&#8217;Italia rimane il quarto Paese europeo per il numero di enti municipali, dietro a Francia, Germania e Spagna. La maggior parte dei comuni italiani (70%) ha meno di 5.000 abitanti, mentre il 25,5% ha meno di 1.000 residenti. La concentrazione maggiore di comuni si trova nel Nord del Paese, con Lombardia e Piemonte che ospitano rispettivamente il 19% e il 15% del totale. In Veneto secondo Think Thank Nord Est, le recenti fusioni riducono il numero dei comuni a 560, di cui il 51% ha meno di 5.000 abitanti. In Friuli Venezia Giulia, invece, non si registrano fusioni, e il totale dei comuni rimane fisso a 215.<\/p>\n<p>&nbsp;<\/p>\n<hr \/>\n<p>&nbsp;<\/p>\n<blockquote>\n<h3 class=\"articlePlainTitle\">piazza Libert\u00e0 scatta il senso alternato<\/h3>\n<\/blockquote>\n<div data-url=\"http:\/\/sfoglio.corrierealpi.gelocal.it\/share_article.php?article_id=13563038\" data-title=\"Scavo in piazza Libert\u00e0 scatta il senso alternato\"><strong><a class=\"dt-pswp-item\" href=\"https:\/\/www.radiopiu.net\/wordpress\/wp-content\/uploads\/2023\/08\/3-Mercato-AGORDO-12.8-scaled.jpg\" data-dt-img-description=\"\" data-large_image_width=\"2560\" data-large_image_height=\"1709\"><img loading=\"lazy\" decoding=\"async\" class=\"wp-image-349107 alignleft\" src=\"https:\/\/www.radiopiu.net\/wordpress\/wp-content\/uploads\/2023\/08\/3-Mercato-AGORDO-12.8-300x200.jpg\" alt=\"\" width=\"194\" height=\"129\" srcset=\"https:\/\/www.radiopiu.net\/wordpress\/wp-content\/uploads\/2023\/08\/3-Mercato-AGORDO-12.8-300x200.jpg 300w, https:\/\/www.radiopiu.net\/wordpress\/wp-content\/uploads\/2023\/08\/3-Mercato-AGORDO-12.8-1024x684.jpg 1024w, https:\/\/www.radiopiu.net\/wordpress\/wp-content\/uploads\/2023\/08\/3-Mercato-AGORDO-12.8-768x513.jpg 768w, https:\/\/www.radiopiu.net\/wordpress\/wp-content\/uploads\/2023\/08\/3-Mercato-AGORDO-12.8-1536x1025.jpg 1536w, https:\/\/www.radiopiu.net\/wordpress\/wp-content\/uploads\/2023\/08\/3-Mercato-AGORDO-12.8-2048x1367.jpg 2048w\" sizes=\"auto, (max-width: 194px) 100vw, 194px\" \/><\/a>AGORDO<\/strong> cantiere per la posa di infrastrutture per le comunicazioni,\u00a0 prevede uno scavo con l&#8217;attraversamento della strada sul lato est di piazza della Libert\u00e0, all&#8217;innesto con via Cesare Battisti. Per consentire l&#8217;effettuazione in sicurezza dell&#8217;intervento, portato avanti dalla Sirti per conto di Telecom Itlaia, dal 22 gennaio fino al 6 febbraio \u00e8 prevista l&#8217;istituzione in quel tratto di un senso unico alternato, regolato da semaforo o da movieri.<\/div>\n<p>&nbsp;<\/p>\n<p>&nbsp;<\/p>\n<hr \/>\n<p>&nbsp;<\/p>\n<blockquote>\n<h2>INTERDIZIONE TOTALE A SEDICO<\/h2>\n<\/blockquote>\n<p><img loading=\"lazy\" decoding=\"async\" class=\"alignleft\" src=\"https:\/\/www.radiopiu.net\/wordpress\/wp-content\/uploads\/2021\/10\/th-4.jpg\" width=\"139\" height=\"104\" \/><strong>SEDICO<\/strong> Lungo la 203 agordina, in Comune di Sedico (centro abitato)\u00a0 interdizione totale per abbattimento e potatura alberi.<\/p>\n<p><strong>FASCE DI CHIUSURA:<\/strong><br \/>\n<strong><span style=\"color: #ff0000;\">DALLE 22.30 ALLE 05.30 DEL MATTINO,\u00a0 DAL 16 AL 20 GENNAIO COMPRESI\u00a0<\/span><\/strong><\/p>\n<p>&nbsp;<\/p>\n<p>&nbsp;<\/p>\n<p>&nbsp;<\/p>\n<hr \/>\n<p>&nbsp;<\/p>\n<p><strong><a class=\"dt-pswp-item\" href=\"https:\/\/www.radiopiu.net\/wordpress\/wp-content\/uploads\/2024\/01\/Senza-nome-34.png\" data-dt-img-description=\"\" data-large_image_width=\"239\" data-large_image_height=\"153\"><img loading=\"lazy\" decoding=\"async\" class=\"wp-image-369478 alignleft\" src=\"https:\/\/www.radiopiu.net\/wordpress\/wp-content\/uploads\/2024\/01\/Senza-nome-34.png\" alt=\"\" width=\"128\" height=\"82\" \/><\/a> <\/strong><\/p>\n<p><strong>\u00a0<\/strong><\/p>\n<p><strong>dal TG BELLUNESE di\u00a0 ANTENNA 3 ogni sera alle 19.30 sul canale 10 del digitale terrestre e alle 19 le anticipazioni alla radio.\u00a0<\/strong><\/p>\n<blockquote>\n<h3 class=\"_title post-title entry-title\">LUPO IN ALPAGO, TAVOLO IN PROVINCIA. CORAZZARI: \u00abINTERVENTI NEI LIMITE DELLE NORME\u00bb<\/h3>\n<\/blockquote>\n<div class=\"articlePlainText\">\n<p>Intervistati ALBERTO PETERLE (SINDACO DI ALPAGO), CRISTIANO CORAZZARI (ASSESSORE TERRITORIO REGIONE VENETO) (Servizio di\u00a0<a href=\"https:\/\/antennatre.medianordest.it\/redazione\/Tiziana-Bolognani\/\">Tiziana Bolognani<\/a>)<\/p>\n<p><iframe loading=\"lazy\" title=\"LUPO IN ALPAGO, TAVOLO IN PROVINCIA. CORAZZARI: \u00abINTERVENTI NEI LIMITE DELLE NORME\u00bb | 17\/01\/2024\" width=\"1200\" height=\"675\" src=\"https:\/\/www.youtube.com\/embed\/A_6Vi5rsHaE?feature=oembed\" frameborder=\"0\" allow=\"accelerometer; autoplay; clipboard-write; encrypted-media; gyroscope; picture-in-picture; web-share\" allowfullscreen><\/iframe><\/p>\n<p>&nbsp;<\/p>\n<div class=\"articlePlainText\">\n<hr \/>\n<\/div>\n<blockquote>\n<h3><\/h3>\n<h3><\/h3>\n<h3 class=\"articlePlainTitle\"><a class=\"dt-pswp-item\" href=\"https:\/\/www.radiopiu.net\/wordpress\/wp-content\/uploads\/2023\/04\/CUCCIOLI-LUPO.jpeg\" data-dt-img-description=\"\" data-large_image_width=\"916\" data-large_image_height=\"714\"><img loading=\"lazy\" decoding=\"async\" class=\"wp-image-333449 alignleft\" src=\"https:\/\/www.radiopiu.net\/wordpress\/wp-content\/uploads\/2023\/04\/CUCCIOLI-LUPO-300x234.jpeg\" alt=\"\" width=\"160\" height=\"125\" srcset=\"https:\/\/www.radiopiu.net\/wordpress\/wp-content\/uploads\/2023\/04\/CUCCIOLI-LUPO-300x234.jpeg 300w, https:\/\/www.radiopiu.net\/wordpress\/wp-content\/uploads\/2023\/04\/CUCCIOLI-LUPO-768x599.jpeg 768w, https:\/\/www.radiopiu.net\/wordpress\/wp-content\/uploads\/2023\/04\/CUCCIOLI-LUPO.jpeg 916w\" sizes=\"auto, (max-width: 160px) 100vw, 160px\" \/><\/a><\/h3>\n<h3 class=\"articlePlainTitle\">Predatori e territorio: incontro a Caviola<\/h3>\n<\/blockquote>\n<p><strong>FALCADE<\/strong> Sabato pomeriggio a Falcade si terr\u00e0 il convegno &#8220;La verit\u00e0 sul lupo&#8221; con il patrocinio del Comune, Associazione tutela dell&#8217;ambiente e Quad in quota. L&#8217;incontro, alle 17 presso la Casa della Giovent\u00f9 a Caviola, vedr\u00e0 la partecipazione di vari esperti e rappresentanti locali. Si discuter\u00e0 della presenza del lupo nel Bellunese, dei danni all&#8217;agricoltura e delle ripercussioni sul turismo.<\/p>\n<blockquote><p><em>Con\u00a0 Mauro Salvaterra sindaco di Falcade, Moreno Tomaselli presidente di Quad in quota, Michele Corti dell&#8217;Associazione tutela dell&#8217;ambiente e della vita rurali, Michele Nenz di Coldiretti Belluno, Zaccaria Tona della Coop Fardjma dall&#8217;Alpago, Franco De Bon gi\u00e0 consigliere a Palazzo Piloni delegato alla polizia provinciale, Pierantonio Cristoforetti del comitato trentino Insieme per Andrea Papi. Coordina la tavola rotonda Barbara Annoni.<\/em><\/p><\/blockquote>\n<p>&nbsp;<\/p>\n<p>&nbsp;<\/p>\n<\/div>\n<div><\/div>\n<hr \/>\n<p>&nbsp;<\/p>\n<blockquote>\n<h3>Summer 2024 in Inghilterra con Oxford School Dolomiti: Un&#8217;avventura linguistica indimenticabile<\/h3>\n<\/blockquote>\n<p><strong>DIARIO DI BORDO, CON CLAUDIA &#8220;MAGIC TEACHER&#8221;\u00a0<\/strong><\/p>\n<p><span style=\"color: #ff0000;\">23 ISCRITTI&#8230;. ANCORA 2 POSTI DISPONIBILI info 340 147 4780<\/span><\/p>\n<p><a class=\"dt-pswp-item\" href=\"https:\/\/www.radiopiu.net\/wordpress\/wp-content\/uploads\/2024\/01\/file-1.jpg\" data-dt-img-description=\"\" data-large_image_width=\"640\" data-large_image_height=\"640\"><img loading=\"lazy\" decoding=\"async\" class=\"wp-image-370382 alignleft\" src=\"https:\/\/www.radiopiu.net\/wordpress\/wp-content\/uploads\/2024\/01\/file-1-300x300.jpg\" alt=\"\" width=\"160\" height=\"160\" srcset=\"https:\/\/www.radiopiu.net\/wordpress\/wp-content\/uploads\/2024\/01\/file-1-300x300.jpg 300w, https:\/\/www.radiopiu.net\/wordpress\/wp-content\/uploads\/2024\/01\/file-1-150x150.jpg 150w, https:\/\/www.radiopiu.net\/wordpress\/wp-content\/uploads\/2024\/01\/file-1.jpg 640w\" sizes=\"auto, (max-width: 160px) 100vw, 160px\" \/><\/a>\u00c8\u00a0 arrivato il tanto atteso momento&#8230;Il momento per fare le valigie e partire &#x1f4bc; Anche quest&#8217;anno per il 3o anno consecutivo alcuni ragazzi delle scuole medie e superiori d&#8217;Agordino parteciperanno ad una fantastica avventura linguistica. Il viaggio studio Summer 2024 in Inghilterra organizzato dalla Oxford School Dolomiti. Primo anno a Bournemouth, secondo anno Dublino e quest&#8217;anno&#8230; Salisbury! Due settimane da soli presso le famiglie locali inglesi, dove frequenteremo la scuola locale, andremo al cinema, al bowling, ad arrampicare, passeggeremo per il centro di Londra e visiteremo la celebre Stonehenge. Un&#8217;esperienza arricchente che usando le parole dei ragazzi \u00e8 sempre stata &#8220;Divertente, speciale, indimenticabile, piena, culturale, sensazionale, stancante&#8221;. Come ogni anno infatti \u00e8 stato stampato il nostro DIARIO DI BORDO per le famiglie, con gli aneddoti, resoconti e foto di viaggio giorno per giorno. Potrete come ogni anno seguire anche il nostro programma radio DIARIO DI BORDO in collaborazione con Radio Pi\u00f9. Le iscrizioni per il nuovo viaggio studio chiuderanno a fine gennaio.<\/p>\n<p>&nbsp;<\/p>\n<p>&nbsp;<\/p>\n<hr \/>\n<p>&nbsp;<\/p>\n<blockquote>\n<h3>CORTINA AUDI FIS SKI WORLD CUP 2024: SESSANTA PERSONE IN PISTA PER UNA SICUREZZA A 360 GRADI<\/h3>\n<\/blockquote>\n<blockquote><p><em><img loading=\"lazy\" decoding=\"async\" class=\"alignleft\" src=\"https:\/\/www.radiopiu.net\/wordpress\/wp-content\/uploads\/2024\/01\/5a17291f-66b3-4e69-96fd-cdcee5f76ed6.jpg\" width=\"182\" height=\"137\" \/>Grande impegno di Fondazione Cortina per garantire il servizio di soccorso ad atlete e pubblico nel fine settimana della Coppa del Mondo (26-28 gennaio). Nei giorni scorsi vertice con Guardia di Finanza e Aulss 1 Dolomiti<\/em><\/p><\/blockquote>\n<p><strong>PER LE TRE RADIO, BARBARA PAOLAZZI\u00a0<\/strong><\/p>\n<audio class=\"wp-audio-shortcode\" id=\"audio-370279-5\" preload=\"none\" style=\"width: 100%;\" controls=\"controls\"><source type=\"audio\/mpeg\" src=\"https:\/\/www.radiopiu.net\/wordpress\/wp-content\/uploads\/2024\/01\/COPPA-DEL-MONDO-BARBARA.mp3?_=5\" \/><a href=\"https:\/\/www.radiopiu.net\/wordpress\/wp-content\/uploads\/2024\/01\/COPPA-DEL-MONDO-BARBARA.mp3\">https:\/\/www.radiopiu.net\/wordpress\/wp-content\/uploads\/2024\/01\/COPPA-DEL-MONDO-BARBARA.mp3<\/a><\/audio>\n<p>&nbsp;<\/p>\n<hr \/>\n<p>&nbsp;<\/p>\n<blockquote>\n<h3>GIUDIZIARIA, OGGI SUL CORRIERE DELLE ALPI, DI GIGI SOSSO<\/h3>\n<\/blockquote>\n<p><strong>BELLUNO<\/strong> Dopo un violento incidente stradale, una donna tamponata ha portato il responsabile in tribunale. La condanna di due mesi e le spese legali sono state emesse, insieme a 600 euro di danni.\u00a0 La vittima, minacciata di morte dal conducente ubriaco, ha ottenuto giustizia con una pena raddoppiata in tribunale, che include la revoca della patente e tutte le spese sostenute. Lo schianto \u00e8 del 7 ottobre 2020<\/p>\n<p><strong>BELLUNO<\/strong> Una cittadina brasiliana \u00e8 stata rinviata a giudizio per presunta frode nel ricevere l&#8217;aiuto.\u00a0 La donna aveva dichiarato falsamente di soddisfare i requisiti, percependo indebitamente 2.925 euro. La situazione \u00e8 incerta, poich\u00e9 il reddito di cittadinanza \u00e8 stato abolito. La Corte Costituzionale deve pronunciarsi.<\/p>\n<p><strong>BELLUNO<\/strong> Durante la pandemia di Covid-19:\u00a0 \u00e8 in tribunale per lesioni aggravate, sostenendo di aver solo difeso s\u00e9 stesso da un cliente del kebab che lo avrebbe colpito. La disputa, iniziata per una mancia, ha portato a una colluttazione il 21 ottobre 2020. Un testimone chiave manca e sar\u00e0 presente il 27 marzo, dopo una multa di 300 euro.<\/p>\n<p><strong>LONGARONE<\/strong> condannato a otto mesi di reclusione per lesioni in una lite sull&#8217;Alemagna. L&#8217;autista di un furgone \u00e8 dichiarato colpevole di lesioni aggravate a un automobilista, che aveva subito la rottura della retina. Il risarcimento sar\u00e0 discusso in sede civile, mentre l&#8217;imputato svolger\u00e0 i lavori a marzo. La dinamica del diverbio, avvenuto nell&#8217;agosto 2020, rimane controversa tra le parti coinvolte.<\/p>\n<p>&nbsp;<\/p>\n<p>&nbsp;<\/p>\n<hr \/>\n<p>&nbsp;<\/p>\n<p>&nbsp;<\/p>\n<blockquote>\n<h2><a class=\"dt-pswp-item\" href=\"https:\/\/www.radiopiu.net\/wordpress\/wp-content\/uploads\/2021\/07\/DENNI-DORIGO.jpg\" data-dt-img-description=\"\" data-large_image_width=\"1240\" data-large_image_height=\"1241\"><img loading=\"lazy\" decoding=\"async\" class=\"wp-image-224612 alignleft\" src=\"https:\/\/www.radiopiu.net\/wordpress\/wp-content\/uploads\/2021\/07\/DENNI-DORIGO-300x300.jpg\" alt=\"\" width=\"131\" height=\"131\" srcset=\"https:\/\/www.radiopiu.net\/wordpress\/wp-content\/uploads\/2021\/07\/DENNI-DORIGO-300x300.jpg 300w, https:\/\/www.radiopiu.net\/wordpress\/wp-content\/uploads\/2021\/07\/DENNI-DORIGO-1024x1024.jpg 1024w, https:\/\/www.radiopiu.net\/wordpress\/wp-content\/uploads\/2021\/07\/DENNI-DORIGO-150x150.jpg 150w, https:\/\/www.radiopiu.net\/wordpress\/wp-content\/uploads\/2021\/07\/DENNI-DORIGO-768x769.jpg 768w, https:\/\/www.radiopiu.net\/wordpress\/wp-content\/uploads\/2021\/07\/DENNI-DORIGO.jpg 1240w\" sizes=\"auto, (max-width: 131px) 100vw, 131px\" \/><\/a>Dopo quattro anni senza visitatori riapre il Museo Ladino Fodom<\/h2>\n<p>FOTO DENNI DORIGO<\/p><\/blockquote>\n<p><strong>LIVINALLONGO<\/strong><\/p>\n<p><strong>DI LORENZO SORATROI\u00a0<\/strong><\/p>\n<audio class=\"wp-audio-shortcode\" id=\"audio-370279-6\" preload=\"none\" style=\"width: 100%;\" controls=\"controls\"><source type=\"audio\/mpeg\" src=\"https:\/\/www.radiopiu.net\/wordpress\/wp-content\/uploads\/2024\/01\/DENNI-DORIGO-LIVINALLONGO-LORENZO.mp3?_=6\" \/><a href=\"https:\/\/www.radiopiu.net\/wordpress\/wp-content\/uploads\/2024\/01\/DENNI-DORIGO-LIVINALLONGO-LORENZO.mp3\">https:\/\/www.radiopiu.net\/wordpress\/wp-content\/uploads\/2024\/01\/DENNI-DORIGO-LIVINALLONGO-LORENZO.mp3<\/a><\/audio>\n<p><a class=\"dt-pswp-item\" href=\"https:\/\/www.radiopiu.net\/wordpress\/wp-content\/uploads\/2024\/01\/Senza-nome-59.png\" data-dt-img-description=\"\" data-large_image_width=\"413\" data-large_image_height=\"258\"><img loading=\"lazy\" decoding=\"async\" class=\"size-medium wp-image-370399 aligncenter\" src=\"https:\/\/www.radiopiu.net\/wordpress\/wp-content\/uploads\/2024\/01\/Senza-nome-59-300x187.png\" alt=\"\" width=\"300\" height=\"187\" srcset=\"https:\/\/www.radiopiu.net\/wordpress\/wp-content\/uploads\/2024\/01\/Senza-nome-59-300x187.png 300w, https:\/\/www.radiopiu.net\/wordpress\/wp-content\/uploads\/2024\/01\/Senza-nome-59.png 413w\" sizes=\"auto, (max-width: 300px) 100vw, 300px\" \/><\/a><\/p>\n<p>&nbsp;<\/p>\n<p>&nbsp;<\/p>\n<p>&nbsp;<\/p>\n<hr \/>\n<p>&nbsp;<\/p>\n<p><span style=\"color: #ff0000;\">\u00a0GIOVEDI 25 GENNAIO<\/span><\/p>\n<blockquote>\n<h3><a class=\"dt-pswp-item\" href=\"https:\/\/www.radiopiu.net\/wordpress\/wp-content\/uploads\/2018\/06\/logo_anpi_big.1462bcc83ce3.png\" data-dt-img-description=\"\" data-large_image_width=\"1328\" data-large_image_height=\"614\"><img loading=\"lazy\" decoding=\"async\" class=\" wp-image-50178 alignleft\" src=\"https:\/\/www.radiopiu.net\/wordpress\/wp-content\/uploads\/2018\/06\/logo_anpi_big.1462bcc83ce3-300x139.png\" alt=\"\" width=\"114\" height=\"53\" srcset=\"https:\/\/www.radiopiu.net\/wordpress\/wp-content\/uploads\/2018\/06\/logo_anpi_big.1462bcc83ce3-300x139.png 300w, https:\/\/www.radiopiu.net\/wordpress\/wp-content\/uploads\/2018\/06\/logo_anpi_big.1462bcc83ce3-768x355.png 768w, https:\/\/www.radiopiu.net\/wordpress\/wp-content\/uploads\/2018\/06\/logo_anpi_big.1462bcc83ce3-1024x473.png 1024w, https:\/\/www.radiopiu.net\/wordpress\/wp-content\/uploads\/2018\/06\/logo_anpi_big.1462bcc83ce3.png 1328w\" sizes=\"auto, (max-width: 114px) 100vw, 114px\" \/><\/a>GIORNATA DELLA MEMORIA CON L&#8217;ANPI<\/h3>\n<\/blockquote>\n<p><strong>BORGO VALBELLUNA<\/strong><\/p>\n<p><strong>DI ROBERTO BONA\u00a0<\/strong><\/p>\n<audio class=\"wp-audio-shortcode\" id=\"audio-370279-7\" preload=\"none\" style=\"width: 100%;\" controls=\"controls\"><source type=\"audio\/wav\" src=\"https:\/\/www.radiopiu.net\/wordpress\/wp-content\/uploads\/2024\/01\/GiornataMemoriaDibattito.wav?_=7\" \/><a href=\"https:\/\/www.radiopiu.net\/wordpress\/wp-content\/uploads\/2024\/01\/GiornataMemoriaDibattito.wav\">https:\/\/www.radiopiu.net\/wordpress\/wp-content\/uploads\/2024\/01\/GiornataMemoriaDibattito.wav<\/a><\/audio>\n<p>&nbsp;<\/p>\n<p>&nbsp;<\/p>\n<hr \/>\n<p>&nbsp;<\/p>\n<h3><strong>Rinnovo ai Vertici di Auser Domegge: Rita Pinazza Nuova Presidente<\/strong><\/h3>\n<p><em>\u00a0<\/em><\/p>\n<p><strong><a class=\"dt-pswp-item\" href=\"https:\/\/www.radiopiu.net\/wordpress\/wp-content\/uploads\/2020\/09\/auser-1.jpg\" data-dt-img-description=\"\" data-large_image_width=\"1772\" data-large_image_height=\"811\"><img loading=\"lazy\" decoding=\"async\" class=\" wp-image-163020 alignleft\" src=\"https:\/\/www.radiopiu.net\/wordpress\/wp-content\/uploads\/2020\/09\/auser-1-300x137.jpg\" alt=\"\" width=\"223\" height=\"102\" srcset=\"https:\/\/www.radiopiu.net\/wordpress\/wp-content\/uploads\/2020\/09\/auser-1-300x137.jpg 300w, https:\/\/www.radiopiu.net\/wordpress\/wp-content\/uploads\/2020\/09\/auser-1-1024x469.jpg 1024w, https:\/\/www.radiopiu.net\/wordpress\/wp-content\/uploads\/2020\/09\/auser-1-768x351.jpg 768w, https:\/\/www.radiopiu.net\/wordpress\/wp-content\/uploads\/2020\/09\/auser-1-1536x703.jpg 1536w, https:\/\/www.radiopiu.net\/wordpress\/wp-content\/uploads\/2020\/09\/auser-1-640x293.jpg 640w, https:\/\/www.radiopiu.net\/wordpress\/wp-content\/uploads\/2020\/09\/auser-1.jpg 1772w\" sizes=\"auto, (max-width: 223px) 100vw, 223px\" \/><\/a>DOMEGGE<\/strong> In seguito alla prematura scomparsa di Irlino Doriguzzi Bozzo, Auser Domegge ha proceduto al rinnovo dei suoi Organi direttivi durante l&#8217;Assemblea straordinaria presso Casa Barnab\u00f2. L&#8217;assemblea, presieduta da Eldo Candeago, presidente provinciale dell&#8217;Auser, ha omaggiato Doriguzzi Bozzo e promesso di onorarne la memoria.<\/p>\n<blockquote><p><em>\u201cOnoreremo la tua memoria, stima, commozione e riconoscenza, con la speranza che tu possa sentire il nostro abbraccio. Grazie Presidente da tutti noi\u201d.<\/em><\/p><\/blockquote>\n<p>Rita Pinazza \u00e8 stata eletta all&#8217;unanimit\u00e0 come nuova presidente, con Pierluigi Cruzzola come vice presidente. La lettera commovente dei Soci Auser \u00e8 stata pubblicata su &#8220;Tra i nostri Paesi&#8221;. La continuit\u00e0 associativa \u00e8 stata sottolineata con la presentazione delle attivit\u00e0 future e l&#8217;inserimento della new entry Maria Callegaro.<\/p>\n<p>&nbsp;<\/p>\n<p>&nbsp;<\/p>\n<p>&nbsp;<\/p>\n<p>&nbsp;<\/p>\n<hr \/>\n<p>&nbsp;<\/p>\n<p><span style=\"color: #ff0000;\"><strong>DOMANI IN SALA LUCIANI<\/strong><\/span><\/p>\n<blockquote>\n<h3><strong><span style=\"font-size: 14px;\">L&#8217;ACQUA NON HA MEMORIA, L&#8217;INTERVISTA ALL&#8217;AUTORE<\/span><\/strong><\/h3>\n<\/blockquote>\n<p><strong><a class=\"dt-pswp-item\" href=\"https:\/\/www.radiopiu.net\/wordpress\/wp-content\/uploads\/2024\/01\/482eaac0-2cf3-496b-b0da-779090f92ea2.jpg\" data-dt-img-description=\"\" data-large_image_width=\"683\" data-large_image_height=\"938\"><img loading=\"lazy\" decoding=\"async\" class=\" wp-image-370186 alignleft\" src=\"https:\/\/www.radiopiu.net\/wordpress\/wp-content\/uploads\/2024\/01\/482eaac0-2cf3-496b-b0da-779090f92ea2-218x300.jpg\" alt=\"\" width=\"139\" height=\"191\" srcset=\"https:\/\/www.radiopiu.net\/wordpress\/wp-content\/uploads\/2024\/01\/482eaac0-2cf3-496b-b0da-779090f92ea2-218x300.jpg 218w, https:\/\/www.radiopiu.net\/wordpress\/wp-content\/uploads\/2024\/01\/482eaac0-2cf3-496b-b0da-779090f92ea2.jpg 683w\" sizes=\"auto, (max-width: 139px) 100vw, 139px\" \/><\/a><\/strong><\/p>\n<p>&nbsp;<\/p>\n<p>&nbsp;<\/p>\n<p><strong>REDAZIONE<\/strong><\/p>\n<p><strong>DI ROBERTO BONA<\/strong><\/p>\n<audio class=\"wp-audio-shortcode\" id=\"audio-370279-8\" preload=\"none\" style=\"width: 100%;\" controls=\"controls\"><source type=\"audio\/mpeg\" src=\"https:\/\/www.radiopiu.net\/wordpress\/wp-content\/uploads\/2024\/01\/roberto-acqua.mp3?_=8\" \/><a href=\"https:\/\/www.radiopiu.net\/wordpress\/wp-content\/uploads\/2024\/01\/roberto-acqua.mp3\">https:\/\/www.radiopiu.net\/wordpress\/wp-content\/uploads\/2024\/01\/roberto-acqua.mp3<\/a><\/audio>\n<p>&nbsp;<\/p>\n<p>&nbsp;<\/p>\n<hr \/>\n<p>&nbsp;<\/p>\n<blockquote>\n<h3><strong>LOLLINO, DIOCESI E \u201cSCUOLE PER CRESCERE\u201d <\/strong><\/h3>\n<\/blockquote>\n<p><strong>BELLUNO <\/strong>Oggi\u00a0 alle 18.30 nell&#8217;aula magna del Liceo Lollino assemblea pubblica che vedr\u00e0 rappresentanti della Diocesi di Belluno-Feltre e il direttore della rete di imprese \u201cScuole per Crescere, Mario Monti, illustrare la nuova gestione del liceo dall&#8217;anno scolastico 2024-2025.<\/p>\n<p>&nbsp;<\/p>\n<p>&nbsp;<\/p>\n<hr \/>\n<p>&nbsp;<\/p>\n<blockquote>\n<h3>L&#8217;EVOLUZIONE DELLE RISERVE IDRICHE SOLIDE, INCONTRI GRATUITI<\/h3>\n<\/blockquote>\n<p><strong><a class=\"dt-pswp-item\" href=\"https:\/\/www.radiopiu.net\/wordpress\/wp-content\/uploads\/2024\/01\/521b4c2e-1ad9-4ac2-b64d-1832f7878fc7.jpg\" data-dt-img-description=\"\" data-large_image_width=\"1133\" data-large_image_height=\"1600\"><img loading=\"lazy\" decoding=\"async\" class=\" wp-image-370335 alignleft\" src=\"https:\/\/www.radiopiu.net\/wordpress\/wp-content\/uploads\/2024\/01\/521b4c2e-1ad9-4ac2-b64d-1832f7878fc7-212x300.jpg\" alt=\"\" width=\"187\" height=\"265\" srcset=\"https:\/\/www.radiopiu.net\/wordpress\/wp-content\/uploads\/2024\/01\/521b4c2e-1ad9-4ac2-b64d-1832f7878fc7-212x300.jpg 212w, https:\/\/www.radiopiu.net\/wordpress\/wp-content\/uploads\/2024\/01\/521b4c2e-1ad9-4ac2-b64d-1832f7878fc7-725x1024.jpg 725w, https:\/\/www.radiopiu.net\/wordpress\/wp-content\/uploads\/2024\/01\/521b4c2e-1ad9-4ac2-b64d-1832f7878fc7-768x1085.jpg 768w, https:\/\/www.radiopiu.net\/wordpress\/wp-content\/uploads\/2024\/01\/521b4c2e-1ad9-4ac2-b64d-1832f7878fc7-1088x1536.jpg 1088w, https:\/\/www.radiopiu.net\/wordpress\/wp-content\/uploads\/2024\/01\/521b4c2e-1ad9-4ac2-b64d-1832f7878fc7.jpg 1133w\" sizes=\"auto, (max-width: 187px) 100vw, 187px\" \/><\/a>FELTRE<\/strong> Il Gruppo Speleologico CAI Feltre, il Museo Etnografico Dolomiti e il Gruppo Escursionisti Cesio organizzano tre incontri divulgativi sulla risorsa acqua in montagna. Gli esperti discuteranno delle caratteristiche degli acquiferi delle Dolomiti, dell&#8217;evoluzione delle riserve idriche solide in superficie e in ipogeo e dei Piani di Sicurezza dell&#8217;Acqua. Gli incontri, gratuiti e aperti a tutti, offrono un&#8217;opportunit\u00e0 di approfondimento su un tema vitale per la nostra esistenza e benessere. Collaborano e patrocinano diversi enti e associazioni locali. Il 26 gennaio alle 21 in sala polifunzionale Tina Merlin di San Gregorio nelle Alpi &#8220;Acquiferi delle Dolomiti e idrogeologia montana&#8221;, Lucio D\u2019Alberto, idrogeologo di ARPAV, illustrer\u00e0 le caratteristiche delle montagne come contenitori d&#8217;acqua. Il 9 febbraio la in sala polifunzionale di Pradenich Cesiomaggiore &#8220;Le riserve idriche solide in superficie e in ipogeo\u201d con Mauro Valt, nivologo di ARPAV e, in collegamento via web, \u00a0Bartolomeo Vigna professore emerito del \u00a0Dipartimento di Ingegneria dell\u2019Ambiente del Territorio e delle Infrastrutture Politecnico di Torino. Il 23 febbraio alle 20:30 al Museo Etnografico Dolomiti (Seravella di Cesiomaggiore) saranno i Gestori Acquedottistici, consorziati come \u201cViveracqua\u201d, ad illustrare &#8220;I Piani di Sicurezza dell&#8217;Acqua: dalle fonti al contatore\u201d\u00a0 con Michele BIanchi di BIM GSP e Sandro Della Libera di Piave Servizi S.p.A<\/p>\n<p>&nbsp;<\/p>\n<hr \/>\n<p>&nbsp;<\/p>\n<p>&nbsp;<\/p>\n<blockquote>\n<h3><strong>Secondo appuntamento del ciclo <em>Conversazioni in museo<\/em> alla Galleria Rizzarda.<br \/>\n<\/strong><\/h3>\n<\/blockquote>\n<p><strong>FELTRE \u00a0<\/strong>Giovanni Granzotto sar\u00e0 il relatore del secondo appuntamento del ciclo <em>Conversazioni in Museo<\/em> per il 2024 che avr\u00e0 luogo oggi alle 18, nella Galleria d&#8217;arte moderna Carlo Rizzarda. Posti limitati,\u00a0 prenotazioni. 0439\/885242<\/p>\n<p>&nbsp;<\/p>\n<p>&nbsp;<\/p>\n<hr \/>\n<p>&nbsp;<\/p>\n<p>&nbsp;<\/p>\n<blockquote>\n<h2>LA GIORNATA DEL DIALETTO E LINGUE LOCALI<\/h2>\n<\/blockquote>\n<p>&nbsp;<\/p>\n<p><img loading=\"lazy\" decoding=\"async\" class=\"alignleft\" src=\"https:\/\/www.radiopiu.net\/wordpress\/wp-content\/uploads\/2024\/01\/b948c9cb-39a5-4ef2-a490-f459802dd80e.jpg\" width=\"242\" height=\"176\" \/><strong>SOSPIROLO<\/strong> Torna la \u201cGiornata Nazionale del Dialetto e delle Lingue Locali\u201d.\u00a0 In questo ambito, la Pro Loco Monti del Sole di Sospirolo, propone il recital \u201cCaro al me Belun\u201d della compagnia Teatro Tre di Belluno &#8211; domenica 21 gennaio alle ore 17.00 &#8211; al Centro civico di Sospirolo. L\u2019evento, ad ingresso libero, gode del patrocinio del Comune di Sospirolo.<\/p>\n<p>&nbsp;<\/p>\n<p><strong>DI ROBERTO BONA<\/strong><\/p>\n<audio class=\"wp-audio-shortcode\" id=\"audio-370279-9\" preload=\"none\" style=\"width: 100%;\" controls=\"controls\"><source type=\"audio\/mpeg\" src=\"https:\/\/www.radiopiu.net\/wordpress\/wp-content\/uploads\/2024\/01\/SIOSPIROLO-ROBERTO.mp3?_=9\" \/><a href=\"https:\/\/www.radiopiu.net\/wordpress\/wp-content\/uploads\/2024\/01\/SIOSPIROLO-ROBERTO.mp3\">https:\/\/www.radiopiu.net\/wordpress\/wp-content\/uploads\/2024\/01\/SIOSPIROLO-ROBERTO.mp3<\/a><\/audio>\n<p>&nbsp;<\/p>\n<p><a class=\"dt-pswp-item\" href=\"https:\/\/www.radiopiu.net\/wordpress\/wp-content\/uploads\/2024\/01\/2ee74054-a62f-4435-9b81-52fc589ea87a.jpg\" data-dt-img-description=\"\" data-large_image_width=\"1024\" data-large_image_height=\"1024\"><img loading=\"lazy\" decoding=\"async\" class=\"size-medium wp-image-370192 aligncenter\" src=\"https:\/\/www.radiopiu.net\/wordpress\/wp-content\/uploads\/2024\/01\/2ee74054-a62f-4435-9b81-52fc589ea87a-300x300.jpg\" alt=\"\" width=\"300\" height=\"300\" srcset=\"https:\/\/www.radiopiu.net\/wordpress\/wp-content\/uploads\/2024\/01\/2ee74054-a62f-4435-9b81-52fc589ea87a-300x300.jpg 300w, https:\/\/www.radiopiu.net\/wordpress\/wp-content\/uploads\/2024\/01\/2ee74054-a62f-4435-9b81-52fc589ea87a-150x150.jpg 150w, https:\/\/www.radiopiu.net\/wordpress\/wp-content\/uploads\/2024\/01\/2ee74054-a62f-4435-9b81-52fc589ea87a-768x768.jpg 768w, https:\/\/www.radiopiu.net\/wordpress\/wp-content\/uploads\/2024\/01\/2ee74054-a62f-4435-9b81-52fc589ea87a.jpg 1024w\" sizes=\"auto, (max-width: 300px) 100vw, 300px\" \/><\/a><\/p>\n<p>&nbsp;<\/p>\n<p>&nbsp;<\/p>\n<hr \/>\n<p>&nbsp;<\/p>\n<p>&nbsp;<\/p>\n<blockquote>\n<h3>ARIA D&#8217;INVERN, IL CONCORSO FOTOGRAFICO<\/h3>\n<\/blockquote>\n<p><strong><img loading=\"lazy\" decoding=\"async\" class=\"alignleft\" src=\"https:\/\/www.radiopiu.net\/wordpress\/wp-content\/uploads\/2024\/01\/Senza-nome-41.png\" width=\"375\" height=\"201\" \/>CENCENIGHE<\/strong> La Pro Loco di Cencenighe ha organizzato un concorso fotografico dal titolo &#8220;Aria D&#8217;Invern&#8221;. Chi volesse partecipare pu\u00f2 inviare gli scatti fino al 31 marzo alla mail ariadinvern@gmail.com seguiranno le premiazioni e, nel mese di luglio, l&#8217;esposizione delle foto al Nof Fil\u00f2. Regolamento completo sul sito www.prolococencenighe.it<\/p>\n<p>&nbsp;<\/p>\n<p><strong>L&#8217;INTERVISTA ALLA RADIO CON ORIETTA SCARDANZAN, ELISA CANCEL, FRANCESCA TRENTIN\u00a0<\/strong><\/p>\n<audio class=\"wp-audio-shortcode\" id=\"audio-370279-10\" preload=\"none\" style=\"width: 100%;\" controls=\"controls\"><source type=\"audio\/mpeg\" src=\"https:\/\/www.radiopiu.net\/wordpress\/wp-content\/uploads\/2024\/01\/porolco-cence-aria-dinverno.mp3?_=10\" \/><a href=\"https:\/\/www.radiopiu.net\/wordpress\/wp-content\/uploads\/2024\/01\/porolco-cence-aria-dinverno.mp3\">https:\/\/www.radiopiu.net\/wordpress\/wp-content\/uploads\/2024\/01\/porolco-cence-aria-dinverno.mp3<\/a><\/audio>\n<p>&nbsp;<\/p>\n<hr \/>\n<p>&nbsp;<\/p>\n<blockquote>\n<h3>LEGNO: L&#8217;ORO DELLE NOSTRE PREALPI<\/h3>\n<\/blockquote>\n<blockquote>\n<h3><a class=\"dt-pswp-item\" href=\"https:\/\/www.radiopiu.net\/wordpress\/wp-content\/uploads\/2024\/01\/49f8be50-d1a7-4d76-a599-99d205437d5c.jpg\" data-dt-img-description=\"\" data-large_image_width=\"1415\" data-large_image_height=\"2000\"><img loading=\"lazy\" decoding=\"async\" class=\"wp-image-369629 alignleft\" src=\"https:\/\/www.radiopiu.net\/wordpress\/wp-content\/uploads\/2024\/01\/49f8be50-d1a7-4d76-a599-99d205437d5c-212x300.jpg\" alt=\"\" width=\"92\" height=\"131\" srcset=\"https:\/\/www.radiopiu.net\/wordpress\/wp-content\/uploads\/2024\/01\/49f8be50-d1a7-4d76-a599-99d205437d5c-212x300.jpg 212w, https:\/\/www.radiopiu.net\/wordpress\/wp-content\/uploads\/2024\/01\/49f8be50-d1a7-4d76-a599-99d205437d5c-724x1024.jpg 724w, https:\/\/www.radiopiu.net\/wordpress\/wp-content\/uploads\/2024\/01\/49f8be50-d1a7-4d76-a599-99d205437d5c-768x1086.jpg 768w, https:\/\/www.radiopiu.net\/wordpress\/wp-content\/uploads\/2024\/01\/49f8be50-d1a7-4d76-a599-99d205437d5c-1087x1536.jpg 1087w, https:\/\/www.radiopiu.net\/wordpress\/wp-content\/uploads\/2024\/01\/49f8be50-d1a7-4d76-a599-99d205437d5c.jpg 1415w\" sizes=\"auto, (max-width: 92px) 100vw, 92px\" \/><\/a>LEGNO: L&#8217;ORO DELLE NOSTRE PREALPI<\/h3>\n<\/blockquote>\n<p><strong>BELLUNO <\/strong>L&#8217;evento &#8220;Riscopri il legno come risorsa per un&#8217;economia sostenibile&#8221; si terr\u00e0 oggi alle 19:30 al Ristorante Pian Longhi a Belluno. I relatori dell&#8217;evento sono Gimmy Dal Farra, Presidente dell&#8217;Associazione Belluno Alpina, e l&#8217;Europarlamentare della Lega, Onorevole Paolo Borchia del Gruppo Identit\u00e0 e Democrazia. L&#8217;incontro affronter\u00e0 tematiche legate all&#8217;utilizzo del legno come risorsa per un&#8217;economia sostenibile, evidenziando l&#8217;importanza di preservare gli ecosistemi, la salute e la cultura locali, e promuovendo la convivialit\u00e0.<\/p>\n<p>&nbsp;<\/p>\n<p>&nbsp;<\/p>\n<hr \/>\n<p>&nbsp;<\/p>\n<blockquote>\n<h2>LE PISTE&#8230; SULLA PORTA DI CASA<\/h2>\n<\/blockquote>\n<div>\n<div class=\"x1cy8zhl x78zum5 x1q0g3np xod5an3 x1pi30zi x1swvt13 xz9dl7a\">\n<div class=\"x1iyjqo2\">\n<div class=\"x78zum5 xdt5ytf xz62fqu x16ldp7u\">\n<div class=\"xu06os2 x1ok221b\">\n<h2 id=\":R1al9aqqd9emhpapd5aq:\" class=\"x1heor9g x1qlqyl8 x1pd3egz x1a2a7pz x1gslohp x1yc453h\"><span class=\"x193iq5w xeuugli x13faqbe x1vvkbs x1xmvt09 x6prxxf xvq8zen xo1l8bm xi81zsa\"><strong><a class=\"dt-pswp-item\" href=\"https:\/\/www.radiopiu.net\/wordpress\/wp-content\/uploads\/2021\/11\/FORCELLA-AURINE.jpg\" data-dt-img-description=\"\" data-large_image_width=\"960\" data-large_image_height=\"720\"><img loading=\"lazy\" decoding=\"async\" class=\" wp-image-241538 alignleft\" src=\"https:\/\/www.radiopiu.net\/wordpress\/wp-content\/uploads\/2021\/11\/FORCELLA-AURINE-300x225.jpg\" alt=\"\" width=\"191\" height=\"143\" srcset=\"https:\/\/www.radiopiu.net\/wordpress\/wp-content\/uploads\/2021\/11\/FORCELLA-AURINE-300x225.jpg 300w, https:\/\/www.radiopiu.net\/wordpress\/wp-content\/uploads\/2021\/11\/FORCELLA-AURINE-768x576.jpg 768w, https:\/\/www.radiopiu.net\/wordpress\/wp-content\/uploads\/2021\/11\/FORCELLA-AURINE.jpg 960w\" sizes=\"auto, (max-width: 191px) 100vw, 191px\" \/><\/a>Aurine SKI Dolomiti -Progetto Desma <\/strong><\/span><strong><a class=\"x1i10hfl xjbqb8w x6umtig x1b1mbwd xaqea5y xav7gou x9f619 x1ypdohk xt0psk2 xe8uvvx xdj266r x11i5rnm xat24cr x1mh8g0r xexx8yu x4uap5 x18d9i69 xkhd6sd x16tdsg8 x1hl2dhg xggy1nq x1a2a7pz xt0b8zv xzsf02u x1s688f\" tabindex=\"0\" role=\"link\" href=\"https:\/\/www.facebook.com\/aurineskidolomiti?__cft__[0]=AZXSmHr83SUuJT0u4kVMSvLZyFo58012vDZQz2S9NoUpe9MsUBxfpeLpjB-1OoVs-G6CFBOMyk-HwUGAJFyotDcmMB8tqVOt4ppZp7H1Nhm_9AbxGcAKPdaj0NRByIDsgxLcHrLDuU1XYg3AAgvwT-9s&amp;__tn__=-]C%2CP-R\"><span class=\"xt0psk2\">&#8211;<\/span><\/a><\/strong>.<\/h2>\n<\/div>\n<div class=\"xu06os2 x1ok221b\">NUOVE APERTURE E NUOVI ORARI: &#8211; LUNEDI : Chiuso &#8211; MARTEDI : Chiuso &#8211; MERCOLEDI : 13:00-16:30 \/ 19:30-22:00 &#8211; GIOVEDI : 13:00-16:30 &#8211; VENERDI : 13:00-16:30 &#8211; SABATO : 9:00 &#8211; 16.30 &#8211; DOMENICA : 9:00 &#8211; 16.30 AD OGGI LA SITUAZIONE PISTE: &#8211; CAMPO SCUOLA <span class=\"x3nfvp2 x1j61x8r x1fcty0u xdj266r xhhsvwb xat24cr xgzva0m xxymvpz xlup9mm x1kky2od\"><img loading=\"lazy\" decoding=\"async\" class=\"xz74otr\" src=\"https:\/\/static.xx.fbcdn.net\/images\/emoji.php\/v9\/t55\/1.5\/16\/1f7e2.png\" alt=\"&#x1f7e2;\" width=\"16\" height=\"16\" \/><\/span><\/div>\n<\/div>\n<\/div>\n<\/div>\n<\/div>\n<div>\n<div class=\"\" dir=\"auto\">\n<div id=\":R1al9aqqd9emhpapd5aqH2:\" class=\"x1iorvi4 x1pi30zi x1l90r2v x1swvt13\" data-ad-comet-preview=\"message\" data-ad-preview=\"message\">\n<div class=\"x78zum5 xdt5ytf xz62fqu x16ldp7u\">\n<div class=\"xu06os2 x1ok221b\">\n<div class=\"x11i5rnm xat24cr x1mh8g0r x1vvkbs xtlvy1s x126k92a\">\n<div dir=\"auto\">&#8211; GARDELINA <span class=\"x3nfvp2 x1j61x8r x1fcty0u xdj266r xhhsvwb xat24cr xgzva0m xxymvpz xlup9mm x1kky2od\"><img loading=\"lazy\" decoding=\"async\" class=\"xz74otr\" src=\"https:\/\/static.xx.fbcdn.net\/images\/emoji.php\/v9\/t55\/1.5\/16\/1f7e2.png\" alt=\"&#x1f7e2;\" width=\"16\" height=\"16\" \/> <\/span>&#8211; BEPI <span class=\"x3nfvp2 x1j61x8r x1fcty0u xdj266r xhhsvwb xat24cr xgzva0m xxymvpz xlup9mm x1kky2od\"><img loading=\"lazy\" decoding=\"async\" class=\"xz74otr\" src=\"https:\/\/static.xx.fbcdn.net\/images\/emoji.php\/v9\/t55\/1.5\/16\/1f7e2.png\" alt=\"&#x1f7e2;\" width=\"16\" height=\"16\" \/> <\/span>&#8211; GEMINI <span class=\"x3nfvp2 x1j61x8r x1fcty0u xdj266r xhhsvwb xat24cr xgzva0m xxymvpz xlup9mm x1kky2od\"><img loading=\"lazy\" decoding=\"async\" class=\"xz74otr\" src=\"https:\/\/static.xx.fbcdn.net\/images\/emoji.php\/v9\/tc7\/1.5\/16\/1f534.png\" alt=\"&#x1f534;\" width=\"16\" height=\"16\" \/> <\/span>Se le temperature ce lo permetteranno in pochi giorni sar\u00e0 completata anche la parte alta con l&#8217;apertura della sciovia Gardelon. RISTOBAR GHEGY<\/div>\n<\/div>\n<div class=\"x11i5rnm xat24cr x1mh8g0r x1vvkbs xtlvy1s x126k92a\">\n<div dir=\"auto\">&#8211; Dal Mercoled\u00ec al Venerd\u00ec aperto dall&#8217;ora di pranzo. &#8211; Mercoled\u00ec sera anche a cena con i panini GOURMET. &#8211; Sabato e Domenica 8:30 &#8211; 18.30.<\/div>\n<\/div>\n<\/div>\n<\/div>\n<\/div>\n<\/div>\n<\/div>\n<p>&nbsp;<\/p>\n<p>&nbsp;<\/p>\n<hr \/>\n<p>&nbsp;<\/p>\n<blockquote>\n<h3><a class=\"dt-pswp-item\" href=\"https:\/\/www.radiopiu.net\/wordpress\/wp-content\/uploads\/2024\/01\/SCR-20240109-pzvy.png\" data-dt-img-description=\"\" data-large_image_width=\"750\" data-large_image_height=\"318\"><img loading=\"lazy\" decoding=\"async\" class=\" wp-image-369322 alignleft\" src=\"https:\/\/www.radiopiu.net\/wordpress\/wp-content\/uploads\/2024\/01\/SCR-20240109-pzvy-300x127.png\" alt=\"\" width=\"222\" height=\"94\" srcset=\"https:\/\/www.radiopiu.net\/wordpress\/wp-content\/uploads\/2024\/01\/SCR-20240109-pzvy-300x127.png 300w, https:\/\/www.radiopiu.net\/wordpress\/wp-content\/uploads\/2024\/01\/SCR-20240109-pzvy.png 750w\" sizes=\"auto, (max-width: 222px) 100vw, 222px\" \/><\/a>OPEN DAY ALLA SCUOLA DELL&#8217;INFANZIA DI AGORDO<\/h3>\n<\/blockquote>\n<p><strong>AGORDO<\/strong> E&#8217; in programma per mercoled\u00ec 24 gennaio l&#8217;open day della Scuola dell&#8217;infanzia di Agordo dedicato ai genitori. Nell&#8217;occasione si potr\u00e0 vistare la struttura ed effettuare le isrizioni per il prossimo anno scolastico. La scuola sar\u00e0 visitabile dalle 16 alle 17. Inoltre, per coloro che sono impossibilitati a visitare la scuola, il 31 gennaio dalle 9 alle 16 sar\u00e0 possibile fare l&#8217;iscrizione.<\/p>\n<p>&nbsp;<\/p>\n<p>&nbsp;<\/p>\n<hr \/>\n<p>&nbsp;<\/p>\n<blockquote>\n<h3>SCUOLA DI SCI ALPINISMO CON IL CAI<\/h3>\n<\/blockquote>\n<p><strong>AGORDO<\/strong> La Scuola di Alpinismo e Scialpinismo della Sezione Agordina del CAI organizza un Corso Base di Scialpinismo SA1, dedicato a coloro che vogliono acquisire le nozioni teoriche e pratiche per praticare lo scialpinismo in autonomia e sicurezza. La presentazione del corso si terr\u00e0 venerd\u00ec alle 20.30 presso la Sede sociale di Piazzale Marconi ad Agordo. Il corso \u00e8 aperto a un massimo di 10 partecipanti.<\/p>\n<p>&nbsp;<\/p>\n<hr \/>\n<p>&nbsp;<\/p>\n<p>&nbsp;<\/p>\n<blockquote>\n<h1>\u00a0Viaggio Alla Scoperta dell&#8217;Antico Popolo Retico<\/h1>\n<\/blockquote>\n<p><strong>FELTRE <\/strong>L&#8217;associazione no-profit &#8220;Carpe Diem&#8221; di Feltre, guidata dalla presidente Loreta De Bortoli, annuncia con entusiasmo il progetto &#8220;Cammino Retico&#8221;, un itinerario di sette giorni attraverso suggestivi paesaggi seguendo le tracce dell&#8217;antico popolo Retico. Il percorso, di circa 170 km, attraversa altipiani, valli, e borghi montani, toccando luoghi storici come il santuario di San Vittore e Corona, il fiordo Feltrino del lago del Corlo e la citt\u00e0 murata di Feltre. Ogni partecipante pu\u00f2 personalizzare il proprio itinerario, con tappe adatte al proprio ritmo e fisicit\u00e0.<\/p>\n<p>&nbsp;<\/p>\n<hr \/>\n<p>&nbsp;<\/p>\n<blockquote>\n<h3>15 ANNI DI DJ JACK, LO SPECIALE ALLA RADIO<\/h3>\n<\/blockquote>\n<p><strong><a class=\"dt-pswp-item\" href=\"https:\/\/www.radiopiu.net\/wordpress\/wp-content\/uploads\/2024\/01\/DJ-JACK.png\" data-dt-img-description=\"\" data-large_image_width=\"666\" data-large_image_height=\"447\"><img loading=\"lazy\" decoding=\"async\" class=\" wp-image-370313 alignleft\" src=\"https:\/\/www.radiopiu.net\/wordpress\/wp-content\/uploads\/2024\/01\/DJ-JACK-300x201.png\" alt=\"\" width=\"149\" height=\"100\" srcset=\"https:\/\/www.radiopiu.net\/wordpress\/wp-content\/uploads\/2024\/01\/DJ-JACK-300x201.png 300w, https:\/\/www.radiopiu.net\/wordpress\/wp-content\/uploads\/2024\/01\/DJ-JACK.png 666w\" sizes=\"auto, (max-width: 149px) 100vw, 149px\" \/><\/a>REDAZIONE<\/strong> Sono passati 15 anni da quando Jacopo Deltedesco ha iniziato la sua carriera da Dj in Agordino con lo pseudonimo di DJ Jack. In uno speciale radiofonico ha voluto ringraziare tutti coloro che in questi anni sono stati accanto a lui nelle varie serate tra locali pubblici, sagre ed eventi sportivi.<\/p>\n<p><strong>LO SPECIALE DJ JACK<\/strong><\/p>\n<audio class=\"wp-audio-shortcode\" id=\"audio-370279-11\" preload=\"none\" style=\"width: 100%;\" controls=\"controls\"><source type=\"audio\/mpeg\" src=\"https:\/\/www.radiopiu.net\/wordpress\/wp-content\/uploads\/2024\/01\/15-ANNI-DJ-JACK-DEFINITIVA-1.mp3?_=11\" \/><a href=\"https:\/\/www.radiopiu.net\/wordpress\/wp-content\/uploads\/2024\/01\/15-ANNI-DJ-JACK-DEFINITIVA-1.mp3\">https:\/\/www.radiopiu.net\/wordpress\/wp-content\/uploads\/2024\/01\/15-ANNI-DJ-JACK-DEFINITIVA-1.mp3<\/a><\/audio>\n<p>&nbsp;<\/p>\n<p>&nbsp;<\/p>\n<hr \/>\n<p>&nbsp;<\/p>\n<h2><span style=\"color: #ff00ff;\">LIBER, IL NUOVO PROGRAMMA DI LIANA CAVALLET<\/span><\/h2>\n<p><strong>PUNTATA 17 17 GENNAIO 2024 &#8211; PAOLO RUMIZ &#8220;LA LEGGENDA DEI MONTI NAVIGANTI&#8221;<\/strong><\/p>\n\n\t\t\t<style type='text\/css'>\n\t\t\t\t#gallery-4 {\n\t\t\t\t\tmargin: auto;\n\t\t\t\t}\n\t\t\t\t#gallery-4 .gallery-item {\n\t\t\t\t\tfloat: left;\n\t\t\t\t\tmargin-top: 10px;\n\t\t\t\t\ttext-align: center;\n\t\t\t\t\twidth: 100%;\n\t\t\t\t}\n\t\t\t\t#gallery-4 img {\n\t\t\t\t\tborder: 2px solid #cfcfcf;\n\t\t\t\t}\n\t\t\t\t#gallery-4 .gallery-caption {\n\t\t\t\t\tmargin-left: 0;\n\t\t\t\t}\n\t\t\t\t\/* see gallery_shortcode() in wp-includes\/media.php *\/\n\t\t\t<\/style>\n\t\t<div id='gallery-4' class='dt-gallery-container gallery galleryid-370279 gallery-columns-1 gallery-size-medium'><dl class='gallery-item'>\n\t\t\t\t<dt class='gallery-icon portrait'>\n\t\t\t\t\t<a class=\"rollover rollover-zoom dt-pswp-item\" title=\"9788807883064_0_536_0_75\" data-dt-img-description=\"\" data-large_image_width=\"500\" data-large_image_height=\"787\"href='https:\/\/www.radiopiu.net\/wordpress\/wp-content\/uploads\/2024\/01\/9788807883064_0_536_0_75.jpg'><img loading=\"lazy\" decoding=\"async\" width=\"191\" height=\"300\" src=\"https:\/\/www.radiopiu.net\/wordpress\/wp-content\/uploads\/2024\/01\/9788807883064_0_536_0_75-191x300.jpg\" class=\"attachment-medium size-medium\" alt=\"\" srcset=\"https:\/\/www.radiopiu.net\/wordpress\/wp-content\/uploads\/2024\/01\/9788807883064_0_536_0_75-191x300.jpg 191w, https:\/\/www.radiopiu.net\/wordpress\/wp-content\/uploads\/2024\/01\/9788807883064_0_536_0_75.jpg 500w\" sizes=\"auto, (max-width: 191px) 100vw, 191px\" \/><\/a>\n\t\t\t\t<\/dt><\/dl><br style=\"clear: both\" \/>\n\t\t\t<\/div>\n\n<audio class=\"wp-audio-shortcode\" id=\"audio-370279-12\" preload=\"none\" style=\"width: 100%;\" controls=\"controls\"><source type=\"audio\/mpeg\" src=\"https:\/\/www.radiopiu.net\/wordpress\/wp-content\/uploads\/2024\/01\/LIANA-3.mp3?_=12\" \/><a href=\"https:\/\/www.radiopiu.net\/wordpress\/wp-content\/uploads\/2024\/01\/LIANA-3.mp3\">https:\/\/www.radiopiu.net\/wordpress\/wp-content\/uploads\/2024\/01\/LIANA-3.mp3<\/a><\/audio>\n<p>&nbsp;<\/p>\n<p><strong>LA RACCOLTA COMPLETA <a href=\"https:\/\/www.radiopiu.net\/wordpress\/liber-il-nuovo-programma-di-liana-cavalet-la-raccolta-2\/\">CLICCA QUI<\/a><\/strong><\/p>\n<p>&nbsp;<\/p>\n<p>&nbsp;<\/p>\n<hr \/>\n<p>&nbsp;<\/p>\n<p>&nbsp;<\/p>\n<p>&nbsp;<\/p>\n<h2><span style=\"color: #008000;\">CISL E FEMCA CISL LA VOCE PER I LAVORATORI<\/span><\/h2>\n<p><a class=\"dt-pswp-item\" href=\"https:\/\/www.radiopiu.net\/wordpress\/wp-content\/uploads\/2022\/06\/Luxottica-firmato-il-contratto-aziendale-per-lo-stabilimento-di-Pederobba_articleimage.jpg\" data-dt-img-description=\"\" data-large_image_width=\"770\" data-large_image_height=\"473\"><img loading=\"lazy\" decoding=\"async\" class=\" wp-image-281229 alignleft\" src=\"https:\/\/www.radiopiu.net\/wordpress\/wp-content\/uploads\/2022\/06\/Luxottica-firmato-il-contratto-aziendale-per-lo-stabilimento-di-Pederobba_articleimage-300x184.jpg\" alt=\"\" width=\"153\" height=\"94\" srcset=\"https:\/\/www.radiopiu.net\/wordpress\/wp-content\/uploads\/2022\/06\/Luxottica-firmato-il-contratto-aziendale-per-lo-stabilimento-di-Pederobba_articleimage-300x184.jpg 300w, https:\/\/www.radiopiu.net\/wordpress\/wp-content\/uploads\/2022\/06\/Luxottica-firmato-il-contratto-aziendale-per-lo-stabilimento-di-Pederobba_articleimage-768x472.jpg 768w, https:\/\/www.radiopiu.net\/wordpress\/wp-content\/uploads\/2022\/06\/Luxottica-firmato-il-contratto-aziendale-per-lo-stabilimento-di-Pederobba_articleimage.jpg 770w\" sizes=\"auto, (max-width: 153px) 100vw, 153px\" \/><\/a>17 GENNAIO 2024<\/p>\n<h3>PUNTATA 56, DAVIDE MONTAGNER, LUXOTTICA PEDEROBBA<\/h3>\n<audio class=\"wp-audio-shortcode\" id=\"audio-370279-13\" preload=\"none\" style=\"width: 100%;\" controls=\"controls\"><source type=\"audio\/mpeg\" src=\"https:\/\/www.radiopiu.net\/wordpress\/wp-content\/uploads\/2024\/01\/FEMCA-CISL-1.mp3?_=13\" \/><a href=\"https:\/\/www.radiopiu.net\/wordpress\/wp-content\/uploads\/2024\/01\/FEMCA-CISL-1.mp3\">https:\/\/www.radiopiu.net\/wordpress\/wp-content\/uploads\/2024\/01\/FEMCA-CISL-1.mp3<\/a><\/audio>\n<p>&nbsp;<\/p>\n<p><strong>LA RACCOLTA COMPLETA <a href=\"https:\/\/www.radiopiu.net\/wordpress\/cisl-e-femca-cisl-la-vocef\/\">CLICCA QUI<\/a><\/strong><\/p>\n<p>&nbsp;<\/p>\n<hr \/>\n<p>&nbsp;<\/p>\n<p>&nbsp;<\/p>\n<h2><span style=\"color: #3366ff;\"><a class=\"dt-pswp-item\" href=\"https:\/\/www.radiopiu.net\/wordpress\/wp-content\/uploads\/2022\/11\/scuola-zaino.jpeg\" data-dt-img-description=\"\" data-large_image_width=\"626\" data-large_image_height=\"417\"><img loading=\"lazy\" decoding=\"async\" class=\" wp-image-306830 alignleft\" src=\"https:\/\/www.radiopiu.net\/wordpress\/wp-content\/uploads\/2022\/11\/scuola-zaino-300x200.jpeg\" alt=\"\" width=\"164\" height=\"109\" srcset=\"https:\/\/www.radiopiu.net\/wordpress\/wp-content\/uploads\/2022\/11\/scuola-zaino-300x200.jpeg 300w, https:\/\/www.radiopiu.net\/wordpress\/wp-content\/uploads\/2022\/11\/scuola-zaino.jpeg 626w\" sizes=\"auto, (max-width: 164px) 100vw, 164px\" \/><\/a>SE NON LA SMETTI TI MANDO DAL PRESIDE<\/span><\/h2>\n<p><strong>di Mirko Mezzacasa<\/strong><\/p>\n<p>Con Maria Rosa Salmazo<\/p>\n<audio class=\"wp-audio-shortcode\" id=\"audio-370279-14\" preload=\"none\" style=\"width: 100%;\" controls=\"controls\"><source type=\"audio\/mpeg\" src=\"https:\/\/www.radiopiu.net\/wordpress\/wp-content\/uploads\/2024\/01\/se-non-la-smetti-15-puntata-da-domenica.mp3?_=14\" \/><a href=\"https:\/\/www.radiopiu.net\/wordpress\/wp-content\/uploads\/2024\/01\/se-non-la-smetti-15-puntata-da-domenica.mp3\">https:\/\/www.radiopiu.net\/wordpress\/wp-content\/uploads\/2024\/01\/se-non-la-smetti-15-puntata-da-domenica.mp3<\/a><\/audio>\n<p>&nbsp;<\/p>\n<p>&nbsp;<\/p>\n<hr \/>\n<p>&nbsp;<\/p>\n<p>&nbsp;<\/p>\n<h2><span style=\"color: #808000;\">I CONSIGLI DI GIANLUCA DA DOLOMITI BEER &amp; WINE SHOP DA NAPI<\/span><\/h2>\n<p><strong><a class=\"dt-pswp-item\" href=\"https:\/\/www.radiopiu.net\/wordpress\/wp-content\/uploads\/2020\/05\/DOLOMITI-BEER.png\" data-dt-img-description=\"\" data-large_image_width=\"812\" data-large_image_height=\"450\"><img loading=\"lazy\" decoding=\"async\" class=\" wp-image-139660 alignleft\" src=\"https:\/\/www.radiopiu.net\/wordpress\/wp-content\/uploads\/2020\/05\/DOLOMITI-BEER-300x166.png\" alt=\"\" width=\"179\" height=\"99\" srcset=\"https:\/\/www.radiopiu.net\/wordpress\/wp-content\/uploads\/2020\/05\/DOLOMITI-BEER-300x166.png 300w, https:\/\/www.radiopiu.net\/wordpress\/wp-content\/uploads\/2020\/05\/DOLOMITI-BEER-768x426.png 768w, https:\/\/www.radiopiu.net\/wordpress\/wp-content\/uploads\/2020\/05\/DOLOMITI-BEER.png 812w\" sizes=\"auto, (max-width: 179px) 100vw, 179px\" \/><\/a>GIANLUCA ROSSI, DOLOMITI BEER &amp; WINE SHOP DA NAPI<\/strong><\/p>\n<p><strong>MARTEDI&#8217; 16 GENNAIO 2024<\/strong><\/p>\n<audio class=\"wp-audio-shortcode\" id=\"audio-370279-15\" preload=\"none\" style=\"width: 100%;\" controls=\"controls\"><source type=\"audio\/mpeg\" src=\"https:\/\/www.radiopiu.net\/wordpress\/wp-content\/uploads\/2024\/01\/gianluca1.mp3?_=15\" \/><a href=\"https:\/\/www.radiopiu.net\/wordpress\/wp-content\/uploads\/2024\/01\/gianluca1.mp3\">https:\/\/www.radiopiu.net\/wordpress\/wp-content\/uploads\/2024\/01\/gianluca1.mp3<\/a><\/audio>\n<p>&nbsp;<\/p>\n<p><strong>MERCOLEDI&#8217; 17 GENNAIO 2024<\/strong><\/p>\n<audio class=\"wp-audio-shortcode\" id=\"audio-370279-16\" preload=\"none\" style=\"width: 100%;\" controls=\"controls\"><source type=\"audio\/mpeg\" src=\"https:\/\/www.radiopiu.net\/wordpress\/wp-content\/uploads\/2024\/01\/GIANLUCA-MERC.mp3?_=16\" \/><a href=\"https:\/\/www.radiopiu.net\/wordpress\/wp-content\/uploads\/2024\/01\/GIANLUCA-MERC.mp3\">https:\/\/www.radiopiu.net\/wordpress\/wp-content\/uploads\/2024\/01\/GIANLUCA-MERC.mp3<\/a><\/audio>\n<p>&nbsp;<\/p>\n<p>&nbsp;<\/p>\n<hr \/>\n<p>&nbsp;<\/p>\n<p><a class=\"dt-pswp-item\" href=\"https:\/\/www.radiopiu.net\/wordpress\/wp-content\/uploads\/2020\/04\/ASCA.png\" data-dt-img-description=\"\" data-large_image_width=\"1211\" data-large_image_height=\"668\"><img loading=\"lazy\" decoding=\"async\" class=\"wp-image-128881 alignleft\" src=\"https:\/\/www.radiopiu.net\/wordpress\/wp-content\/uploads\/2020\/04\/ASCA-300x165.png\" alt=\"\" width=\"173\" height=\"95\" srcset=\"https:\/\/www.radiopiu.net\/wordpress\/wp-content\/uploads\/2020\/04\/ASCA-300x165.png 300w, https:\/\/www.radiopiu.net\/wordpress\/wp-content\/uploads\/2020\/04\/ASCA-1024x565.png 1024w, https:\/\/www.radiopiu.net\/wordpress\/wp-content\/uploads\/2020\/04\/ASCA-768x424.png 768w, https:\/\/www.radiopiu.net\/wordpress\/wp-content\/uploads\/2020\/04\/ASCA.png 1211w\" sizes=\"auto, (max-width: 173px) 100vw, 173px\" \/><\/a><strong>AVVISO DI SELEZIONE!<\/strong><br \/>\n<strong>AGORDO<\/strong> ASCA, azienda speciale consortile agordina cerca a tempo indeterminato e con orario pieno una figura\u00a0 professionale denominata REFERENTE DEGLI OPERATORI SOCIO SANITARI.\u00a0 ACCESSO WELFARE AZIENDALE, POSSIBILIT\u00e0 DI SISTEMAZIONE ABITATIVA gratuita per 8 mesi.\u00a0\u00a0 LE DOMANDE DI PARTECIPAZIONE ALLA SELEZIONE VANNO PRESENTATE ENTRO LE 12 DEL 19 gennaio<br \/>\nInformazioni sul sito <a class=\"moz-txt-link-abbreviated\" href=\"http:\/\/www.servizisocialiasca.it\">www.servizisocialiasca.it<\/a>\u00a0 sezione bandi;\u00a0 oppure ALL&#8217;UFFICIO PERSONALE ASCA: <a class=\"moz-txt-link-abbreviated\" href=\"mailto:personale@servizisocialiasca.it\">personale@servizisocialiasca.it<\/a>\u00a0 telefono 0437 63750<\/p>\n<p>&nbsp;<\/p>\n<p><strong>\u201cAppia Servizi Srl, presso la propria sede di Agordo, \u00e8 alla ricerca di una nuova figura con esperienza per il reparto contabile da inserire nel proprio organico a tempo indeterminato e tempo pieno.Se interessati potete contattare il numero 0437-954411 o inviare la vostra candidatura all\u2019indirizzo <a href=\"mailto:info@appiacna.it\">info@appiacna.it<\/a>.\u201d<\/strong><\/p>\n<p>&nbsp;<\/p>\n<blockquote><p><strong><a class=\"dt-pswp-item\" href=\"https:\/\/www.radiopiu.net\/wordpress\/wp-content\/uploads\/2024\/01\/322_1.jpg\" data-dt-img-description=\"\" data-large_image_width=\"800\" data-large_image_height=\"532\"><img loading=\"lazy\" decoding=\"async\" class=\"wp-image-368729 alignleft\" src=\"https:\/\/www.radiopiu.net\/wordpress\/wp-content\/uploads\/2024\/01\/322_1-300x200.jpg\" alt=\"\" width=\"228\" height=\"152\" srcset=\"https:\/\/www.radiopiu.net\/wordpress\/wp-content\/uploads\/2024\/01\/322_1-300x200.jpg 300w, https:\/\/www.radiopiu.net\/wordpress\/wp-content\/uploads\/2024\/01\/322_1-768x511.jpg 768w, https:\/\/www.radiopiu.net\/wordpress\/wp-content\/uploads\/2024\/01\/322_1.jpg 800w\" sizes=\"auto, (max-width: 228px) 100vw, 228px\" \/><\/a>SAN MARTINO IN BADIA <\/strong>La Residenza socio-assistenziale per anziani di San Martino in Val Badia cerca da subito collaboratori qualificati a tempo determinato e\/o indeterminato da inserire nell\u2019organico. I profili richiesti sono: Infermieri professionali e operatori socio-sanitari. Si offre flessibilit\u00e0 oraria su lavoro a turni, part-time 19, 24 o 29 ore settimanali o a tempo pieno 38 ore. Si offre vitto e alloggio in struttura, possibilit\u00e0 di formazione\/aggiornamento professionale, corsi di lingua e altri benefit. Viene offerto contratto di lavoro collettivo intercompartimentale per dipendenti pubblici ed eventuale retribuzione di indennit\u00e0 linguistica di trilinguismo. Per la candidatura \u00e9 necessario possedere la padronanza della lingua italiana o tedesca, la capacit\u00e0 di lavorare in team e competenze sociali oltre alla qualifica professionale richiesta. Per interesse prego contattare direttamente la struttura al numero: 0474\/524700 o scrivendo una mail a: info@ciasadepalsa.it.<\/p><\/blockquote>\n<p>&nbsp;<\/p>\n<p>&nbsp;<\/p>\n<hr \/>\n<p>&nbsp;<\/p>\n<h2><span style=\"color: #ff0000;\">GLI APPUNTAMENTI DELLA SETTIMANA\u00a0 \u00a0<\/span><\/h2>\n<h3><\/h3>\n<p>&nbsp;<\/p>\n<p><strong>CENCENIGHE<\/strong> L&#8217;amministrazione comunale e la Pro Loco di Cencenighe organizzano la festa per la Sagra di Sant&#8217;Antone. Domenica 21 il pranzo con i nonni: alle 10 la santa messa e alle 12 il pranzo al Nof Fil\u00f2 con ospiti d&#8217;onore i nonni.<\/p>\n<p>&nbsp;<\/p>\n<p><b>TRICHIANA <\/b>La biblioteca di Trichiana organizza una rassegna di incontri incentrati su temi sociali e culturali. Si affronteranno migranti, femminicidi e il ruolo delle donne. La prima serata, il 18 gennaio, presenta &#8220;Malik: viaggio di sola andata&#8221;, con letture tratte da &#8220;La vita di tasca&#8221; di Simona Sparaco. Il 19 gennaio, si parler\u00e0 del femminicidio di Emma Canton attraverso il libro di Roberto De Nard. Il 26 gennaio, sar\u00e0 presentato &#8220;Dear Gigi&#8221; di Filippo Cerantola, ricostruendo l&#8217;opera di Luigi Meneghello attraverso lettere conservate a Vicenza. Un&#8217;iniziativa che promuove riflessioni e incontri culturali.<\/p>\n<p>&nbsp;<\/p>\n<blockquote>\n<h3><\/h3>\n<\/blockquote>\n<div class=\"x11i5rnm xat24cr x1mh8g0r x1vvkbs xtlvy1s x126k92a\">\n<div dir=\"auto\"><img loading=\"lazy\" decoding=\"async\" class=\"x1ey2m1c xds687c x5yr21d x10l6tqk x17qophe x13vifvy xh8yej3 xl1xv1r alignleft\" src=\"https:\/\/scontent-mxp2-1.xx.fbcdn.net\/v\/t39.30808-6\/413892218_6782657368527745_6697488528668670959_n.jpg?_nc_cat=100&amp;ccb=1-7&amp;_nc_sid=3635dc&amp;_nc_ohc=YdurxIxAUzAAX-Lxaye&amp;_nc_ht=scontent-mxp2-1.xx&amp;oh=00_AfBOqONEXBQoXqndAs4oRii7BSuMJfhR0hrXWKC_tU82kg&amp;oe=65A8C00F\" alt=\"Potrebbe essere un'immagine raffigurante il seguente testo &quot;Omicidio CIC di Emma Canton Atti processuali -Archivio di Stato di Venezia 1933 Roberto De Nart&quot;\" width=\"143\" height=\"213\" \/><strong>TRICHIANA<\/strong> Si terr\u00e0 domani\u00a0 \u00a0alle 18:30 in Biblioteca\u00a0 a\u00a0 Trichiana presentazione dell\u2019ultimo libro di Roberto De Nart dal titolo \u201cOmicidio di Emma Canton\u201d. Condurr\u00e0 la serata l\u2019avvocato Anna Polifroni del Foro di Belluno e la dottoressa Fiorella Bristot. Il libro del giornalista bellunese narra i fatti realmente accaduti 90 anni fa nella frazione di S. Antonio Tortal di Trichiana (Borgo Valbelluna), ricostruiti sulla base degli atti processuali dell\u2019Archivio di Stato di Venezia. Quello di Emma Canton \u00e8 un caso di femminicidio crudele che presenta molte analogie con il caso attuale di Giulia Cecchettin, uccisa dal suo ex fidanzato Filippo Turetta. Entrambe le giovani coppie hanno la medesima et\u00e0, 22 anni.<\/div>\n<\/div>\n<div dir=\"auto\"><\/div>\n<div dir=\"auto\">\n<div class=\"\" dir=\"auto\">\n<div id=\":r1kh:\" class=\"x1iorvi4 x1pi30zi x1l90r2v x1swvt13\" data-ad-comet-preview=\"message\" data-ad-preview=\"message\">\n<div class=\"x78zum5 xdt5ytf xz62fqu x16ldp7u\">\n<div class=\"xu06os2 x1ok221b\">\n<div dir=\"auto\">\n<p><strong><a class=\"dt-pswp-item\" href=\"https:\/\/www.radiopiu.net\/wordpress\/wp-content\/uploads\/2024\/01\/file.jpg\" data-dt-img-description=\"\" data-large_image_width=\"640\" data-large_image_height=\"640\"><img loading=\"lazy\" decoding=\"async\" class=\"wp-image-369934 alignleft\" src=\"https:\/\/www.radiopiu.net\/wordpress\/wp-content\/uploads\/2024\/01\/file-300x300.jpg\" alt=\"\" width=\"102\" height=\"102\" srcset=\"https:\/\/www.radiopiu.net\/wordpress\/wp-content\/uploads\/2024\/01\/file-300x300.jpg 300w, https:\/\/www.radiopiu.net\/wordpress\/wp-content\/uploads\/2024\/01\/file-150x150.jpg 150w, https:\/\/www.radiopiu.net\/wordpress\/wp-content\/uploads\/2024\/01\/file.jpg 640w\" sizes=\"auto, (max-width: 102px) 100vw, 102px\" \/><\/a>L&#8217;AUTORE, ROBERTO DE NART<\/strong><\/p>\n<\/div>\n<\/div>\n<\/div>\n<\/div>\n<\/div>\n<div id=\":r1ki:\" class=\"x1n2onr6\">\n<div class=\"x1n2onr6\">\n<div class=\"x6s0dn4 x1jx94hy x78zum5 xdt5ytf x6ikm8r x10wlt62 x1n2onr6 xh8yej3\">\n<div class=\"xqtp20y x6ikm8r x10wlt62 x1n2onr6\">\n<div class=\"x10l6tqk x13vifvy\">\n<audio class=\"wp-audio-shortcode\" id=\"audio-370279-17\" preload=\"none\" style=\"width: 100%;\" controls=\"controls\"><source type=\"audio\/mpeg\" src=\"https:\/\/www.radiopiu.net\/wordpress\/wp-content\/uploads\/2023\/11\/ROBERTO-DE-NART.mp3?_=17\" \/><a href=\"https:\/\/www.radiopiu.net\/wordpress\/wp-content\/uploads\/2023\/11\/ROBERTO-DE-NART.mp3\">https:\/\/www.radiopiu.net\/wordpress\/wp-content\/uploads\/2023\/11\/ROBERTO-DE-NART.mp3<\/a><\/audio>\n<\/div>\n<\/div>\n<\/div>\n<div class=\"xua58t2 xzg4506 x1ey2m1c xds687c x47corl x10l6tqk x17qophe x13vifvy\"><\/div>\n<\/div>\n<\/div>\n<\/div>\n<blockquote>\n<h3><\/h3>\n<\/blockquote>\n<h2><span style=\"color: #ff0000;\">PROSSIMAMENTE&#8230;<\/span><\/h2>\n<blockquote>\n<h3><\/h3>\n<\/blockquote>\n<p><strong>BELLUNO<\/strong> il comune di Belluno &#8211; Assessorato al Sociale, Rapporti con le Associazioni e Politiche per la Famiglia, organizza per sabato 27 gennaio 2024 un convegno dal titolo &#8220;LA FAMIGLIA AL CENTRO DI SOLIDARIETA&#8217; E MEMORIA&#8221;, che si terr\u00e0 presso il Teatro &#8220;Dino Buzzati&#8221; di Belluno<\/p>\n<p><strong>LIMANA<\/strong> Sabato 27 gennaio in sala Nocivelli,\u00a0Adolf Hitler, stratega del male Due storie a confronto. Progetto e letture a cura degli alunni e insegnanti della scuola secondaria, interventi musicali degli alunni dell&#8217;indirizzo musicale della scuola. Ingresso libero.<\/p>\n<p>&nbsp;<\/p>\n<p>&nbsp;<\/p>\n<hr \/>\n<p>&nbsp;<\/p>\n<p>&nbsp;<\/p>\n<h2><span style=\"color: #33cccc;\">CARNEVAI DE LE VAI 2024<\/span><\/h2>\n<p><strong>DI MIRKO MEZZACASA<\/strong><\/p>\n<p>CON VALENTINO ROSSINI, MATTEO DAGAI, GIACOMO JEKI BRESSAN, SIMONE ONGARO<\/p>\n<audio class=\"wp-audio-shortcode\" id=\"audio-370279-18\" preload=\"none\" style=\"width: 100%;\" controls=\"controls\"><source type=\"audio\/mpeg\" src=\"https:\/\/www.radiopiu.net\/wordpress\/wp-content\/uploads\/2024\/01\/carnevai-de-le-vai-2024.mp3?_=18\" \/><a href=\"https:\/\/www.radiopiu.net\/wordpress\/wp-content\/uploads\/2024\/01\/carnevai-de-le-vai-2024.mp3\">https:\/\/www.radiopiu.net\/wordpress\/wp-content\/uploads\/2024\/01\/carnevai-de-le-vai-2024.mp3<\/a><\/audio>\n<p>&nbsp;<\/p>\n\n\t\t\t<style type='text\/css'>\n\t\t\t\t#gallery-5 {\n\t\t\t\t\tmargin: auto;\n\t\t\t\t}\n\t\t\t\t#gallery-5 .gallery-item {\n\t\t\t\t\tfloat: left;\n\t\t\t\t\tmargin-top: 10px;\n\t\t\t\t\ttext-align: center;\n\t\t\t\t\twidth: 33%;\n\t\t\t\t}\n\t\t\t\t#gallery-5 img {\n\t\t\t\t\tborder: 2px solid #cfcfcf;\n\t\t\t\t}\n\t\t\t\t#gallery-5 .gallery-caption {\n\t\t\t\t\tmargin-left: 0;\n\t\t\t\t}\n\t\t\t\t\/* see gallery_shortcode() in wp-includes\/media.php *\/\n\t\t\t<\/style>\n\t\t<div id='gallery-5' class='dt-gallery-container gallery galleryid-370279 gallery-columns-3 gallery-size-medium'><dl class='gallery-item'>\n\t\t\t\t<dt class='gallery-icon landscape'>\n\t\t\t\t\t<a class=\"rollover rollover-zoom dt-pswp-item\" title=\"111\" data-dt-img-description=\"\" data-large_image_width=\"929\" data-large_image_height=\"521\"href='https:\/\/www.radiopiu.net\/wordpress\/wp-content\/uploads\/2024\/01\/111.png'><img loading=\"lazy\" decoding=\"async\" width=\"300\" height=\"168\" src=\"https:\/\/www.radiopiu.net\/wordpress\/wp-content\/uploads\/2024\/01\/111-300x168.png\" class=\"attachment-medium size-medium\" alt=\"\" srcset=\"https:\/\/www.radiopiu.net\/wordpress\/wp-content\/uploads\/2024\/01\/111-300x168.png 300w, https:\/\/www.radiopiu.net\/wordpress\/wp-content\/uploads\/2024\/01\/111-768x431.png 768w, https:\/\/www.radiopiu.net\/wordpress\/wp-content\/uploads\/2024\/01\/111.png 929w\" sizes=\"auto, (max-width: 300px) 100vw, 300px\" \/><\/a>\n\t\t\t\t<\/dt><\/dl><dl class='gallery-item'>\n\t\t\t\t<dt class='gallery-icon landscape'>\n\t\t\t\t\t<a class=\"rollover rollover-zoom dt-pswp-item\" title=\"222\" data-dt-img-description=\"\" data-large_image_width=\"902\" data-large_image_height=\"511\"href='https:\/\/www.radiopiu.net\/wordpress\/wp-content\/uploads\/2024\/01\/222.png'><img loading=\"lazy\" decoding=\"async\" width=\"300\" height=\"170\" src=\"https:\/\/www.radiopiu.net\/wordpress\/wp-content\/uploads\/2024\/01\/222-300x170.png\" class=\"attachment-medium size-medium\" alt=\"\" srcset=\"https:\/\/www.radiopiu.net\/wordpress\/wp-content\/uploads\/2024\/01\/222-300x170.png 300w, https:\/\/www.radiopiu.net\/wordpress\/wp-content\/uploads\/2024\/01\/222-768x435.png 768w, https:\/\/www.radiopiu.net\/wordpress\/wp-content\/uploads\/2024\/01\/222.png 902w\" sizes=\"auto, (max-width: 300px) 100vw, 300px\" \/><\/a>\n\t\t\t\t<\/dt><\/dl><dl class='gallery-item'>\n\t\t\t\t<dt class='gallery-icon landscape'>\n\t\t\t\t\t<a class=\"rollover rollover-zoom dt-pswp-item\" title=\"333\" data-dt-img-description=\"\" data-large_image_width=\"934\" data-large_image_height=\"526\"href='https:\/\/www.radiopiu.net\/wordpress\/wp-content\/uploads\/2024\/01\/333.png'><img loading=\"lazy\" decoding=\"async\" width=\"300\" height=\"169\" src=\"https:\/\/www.radiopiu.net\/wordpress\/wp-content\/uploads\/2024\/01\/333-300x169.png\" class=\"attachment-medium size-medium\" alt=\"\" srcset=\"https:\/\/www.radiopiu.net\/wordpress\/wp-content\/uploads\/2024\/01\/333-300x169.png 300w, https:\/\/www.radiopiu.net\/wordpress\/wp-content\/uploads\/2024\/01\/333-768x433.png 768w, https:\/\/www.radiopiu.net\/wordpress\/wp-content\/uploads\/2024\/01\/333.png 934w\" sizes=\"auto, (max-width: 300px) 100vw, 300px\" \/><\/a>\n\t\t\t\t<\/dt><\/dl><br style=\"clear: both\" \/>\n\t\t\t<\/div>\n\n<p>&nbsp;<\/p>\n\n\t\t\t<style type='text\/css'>\n\t\t\t\t#gallery-6 {\n\t\t\t\t\tmargin: auto;\n\t\t\t\t}\n\t\t\t\t#gallery-6 .gallery-item {\n\t\t\t\t\tfloat: left;\n\t\t\t\t\tmargin-top: 10px;\n\t\t\t\t\ttext-align: center;\n\t\t\t\t\twidth: 33%;\n\t\t\t\t}\n\t\t\t\t#gallery-6 img {\n\t\t\t\t\tborder: 2px solid #cfcfcf;\n\t\t\t\t}\n\t\t\t\t#gallery-6 .gallery-caption {\n\t\t\t\t\tmargin-left: 0;\n\t\t\t\t}\n\t\t\t\t\/* see gallery_shortcode() in wp-includes\/media.php *\/\n\t\t\t<\/style>\n\t\t<div id='gallery-6' class='dt-gallery-container gallery galleryid-370279 gallery-columns-3 gallery-size-thumbnail'><dl class='gallery-item'>\n\t\t\t\t<dt class='gallery-icon portrait'>\n\t\t\t\t\t<a class=\"rollover rollover-zoom dt-pswp-item\" title=\"CARNEVV\" data-dt-img-description=\"\" data-large_image_width=\"469\" data-large_image_height=\"650\"href='https:\/\/www.radiopiu.net\/wordpress\/wp-content\/uploads\/2024\/01\/CARNEVV.png'><img loading=\"lazy\" decoding=\"async\" width=\"150\" height=\"150\" src=\"https:\/\/www.radiopiu.net\/wordpress\/wp-content\/uploads\/2024\/01\/CARNEVV-150x150.png\" class=\"attachment-thumbnail size-thumbnail\" alt=\"\" \/><\/a>\n\t\t\t\t<\/dt><\/dl><dl class='gallery-item'>\n\t\t\t\t<dt class='gallery-icon landscape'>\n\t\t\t\t\t<a class=\"rollover rollover-zoom dt-pswp-item\" title=\"b6160c47-db54-4eae-b091-83004a20caa0\" data-dt-img-description=\"\" data-large_image_width=\"1080\" data-large_image_height=\"1080\"href='https:\/\/www.radiopiu.net\/wordpress\/wp-content\/uploads\/2024\/01\/b6160c47-db54-4eae-b091-83004a20caa0.jpg'><img loading=\"lazy\" decoding=\"async\" width=\"150\" height=\"150\" src=\"https:\/\/www.radiopiu.net\/wordpress\/wp-content\/uploads\/2024\/01\/b6160c47-db54-4eae-b091-83004a20caa0-150x150.jpg\" class=\"attachment-thumbnail size-thumbnail\" alt=\"\" srcset=\"https:\/\/www.radiopiu.net\/wordpress\/wp-content\/uploads\/2024\/01\/b6160c47-db54-4eae-b091-83004a20caa0-150x150.jpg 150w, https:\/\/www.radiopiu.net\/wordpress\/wp-content\/uploads\/2024\/01\/b6160c47-db54-4eae-b091-83004a20caa0-300x300.jpg 300w, https:\/\/www.radiopiu.net\/wordpress\/wp-content\/uploads\/2024\/01\/b6160c47-db54-4eae-b091-83004a20caa0-1024x1024.jpg 1024w, https:\/\/www.radiopiu.net\/wordpress\/wp-content\/uploads\/2024\/01\/b6160c47-db54-4eae-b091-83004a20caa0-768x768.jpg 768w, https:\/\/www.radiopiu.net\/wordpress\/wp-content\/uploads\/2024\/01\/b6160c47-db54-4eae-b091-83004a20caa0.jpg 1080w\" sizes=\"auto, (max-width: 150px) 100vw, 150px\" \/><\/a>\n\t\t\t\t<\/dt><\/dl><dl class='gallery-item'>\n\t\t\t\t<dt class='gallery-icon portrait'>\n\t\t\t\t\t<a class=\"rollover rollover-zoom dt-pswp-item\" title=\"13556dc7-4f78-4dc7-8528-85f4e4d0e7aa\" data-dt-img-description=\"\" data-large_image_width=\"723\" data-large_image_height=\"1024\"href='https:\/\/www.radiopiu.net\/wordpress\/wp-content\/uploads\/2024\/01\/13556dc7-4f78-4dc7-8528-85f4e4d0e7aa.jpg'><img loading=\"lazy\" decoding=\"async\" width=\"150\" height=\"150\" src=\"https:\/\/www.radiopiu.net\/wordpress\/wp-content\/uploads\/2024\/01\/13556dc7-4f78-4dc7-8528-85f4e4d0e7aa-150x150.jpg\" class=\"attachment-thumbnail size-thumbnail\" alt=\"\" \/><\/a>\n\t\t\t\t<\/dt><\/dl><br style=\"clear: both\" \/>\n\t\t\t<\/div>\n\n<p>&nbsp;<\/p>\n<p>&nbsp;<\/p>\n<hr \/>\n<blockquote>\n<h3><\/h3>\n<h3>ARIA D&#8217;INVERN, IL CONCORSO FOTOGRAFICO<\/h3>\n<\/blockquote>\n<p><strong><img loading=\"lazy\" decoding=\"async\" class=\"alignleft\" src=\"https:\/\/www.radiopiu.net\/wordpress\/wp-content\/uploads\/2024\/01\/Senza-nome-41.png\" width=\"375\" height=\"201\" \/>CENCENIGHE<\/strong> La Pro Loco di Cencenighe ha organizzato un concorso fotografico dal titolo &#8220;Aria D&#8217;Invern&#8221;. Chi volesse partecipare pu\u00f2 inviare gli scatti fino al 31 marzo alla mail ariadinvern@gmail.com seguiranno le premiazioni e, nel mese di luglio, l&#8217;esposizione delle foto al Nof Fil\u00f2. Regolamento completo sul sito www.prolococencenighe.it<\/p>\n<p>&nbsp;<\/p>\n<p><strong>L&#8217;INTERVISTA ALLA RADIO CON ORIETTA SCARDANZAN, ELISA CANCEL, FRANCESCA TRENTIN\u00a0<\/strong><\/p>\n<audio class=\"wp-audio-shortcode\" id=\"audio-370279-19\" preload=\"none\" style=\"width: 100%;\" controls=\"controls\"><source type=\"audio\/mpeg\" src=\"https:\/\/www.radiopiu.net\/wordpress\/wp-content\/uploads\/2024\/01\/porolco-cence-aria-dinverno.mp3?_=19\" \/><a href=\"https:\/\/www.radiopiu.net\/wordpress\/wp-content\/uploads\/2024\/01\/porolco-cence-aria-dinverno.mp3\">https:\/\/www.radiopiu.net\/wordpress\/wp-content\/uploads\/2024\/01\/porolco-cence-aria-dinverno.mp3<\/a><\/audio>\n<p>&nbsp;<\/p>\n<p>&nbsp;<\/p>\n<blockquote>\n<h3>COME NUOVO BIMBI, IL NUOVO NEGOZIO DI GIADA SCHENA<\/h3>\n<\/blockquote>\n<p><strong>REDAZIONE<\/strong> Ha aperto i battenti un nuovo negozio ad Agordo. In contrada dei signori Giada Schena ha aperto le porte di &#8220;Come Nuovo Bimbi&#8221; a Radio Pi\u00f9.<\/p>\n<div style=\"width: 848px;\" class=\"wp-video\"><video class=\"wp-video-shortcode\" id=\"video-370279-1\" width=\"848\" height=\"480\" preload=\"metadata\" controls=\"controls\"><source type=\"video\/mp4\" src=\"https:\/\/www.radiopiu.net\/wordpress\/wp-content\/uploads\/2024\/01\/WhatsApp-Video-2024-01-13-at-12.28.12.mp4?_=1\" \/><a href=\"https:\/\/www.radiopiu.net\/wordpress\/wp-content\/uploads\/2024\/01\/WhatsApp-Video-2024-01-13-at-12.28.12.mp4\">https:\/\/www.radiopiu.net\/wordpress\/wp-content\/uploads\/2024\/01\/WhatsApp-Video-2024-01-13-at-12.28.12.mp4<\/a><\/video><\/div>\n<p>&nbsp;<\/p>\n<p>&nbsp;<\/p>\n<hr \/>\n<p>&nbsp;<\/p>\n<blockquote>\n<h3>I NUMERI VINCENTI DELLA LOTTERIA DI SAN MARCELLO<\/h3>\n<\/blockquote>\n<p><strong>FELTRE<\/strong> In occasione della Sagra di San Marcello ad Umin di Feltre l&#8217;estrazione dei biglietti della lotteria<\/p>\n<p><strong>I NUMERI VINCENTI<\/strong><\/p>\n<a href=\"https:\/\/www.radiopiu.net\/wordpress\/wp-content\/uploads\/2024\/01\/Premi-Lotteria-2024-con-numeri.pdf\" class=\"pdfemb-viewer\" style=\"\" data-width=\"max\" data-height=\"max\" data-toolbar=\"top\" data-toolbar-fixed=\"on\">Premi Lotteria 2024 con numeri<\/a>\n<p>&nbsp;<\/p>\n<hr \/>\n<p>&nbsp;<\/p>\n<p><a class=\"dt-pswp-item\" href=\"https:\/\/www.radiopiu.net\/wordpress\/wp-content\/uploads\/2018\/09\/viabilita.jpeg\" data-dt-img-description=\"\" data-large_image_width=\"800\" data-large_image_height=\"100\"><img loading=\"lazy\" decoding=\"async\" class=\"aligncenter wp-image-61954 size-full\" src=\"https:\/\/www.radiopiu.net\/wordpress\/wp-content\/uploads\/2018\/09\/viabilita.jpeg\" alt=\"\" width=\"800\" height=\"100\" srcset=\"https:\/\/www.radiopiu.net\/wordpress\/wp-content\/uploads\/2018\/09\/viabilita.jpeg 800w, https:\/\/www.radiopiu.net\/wordpress\/wp-content\/uploads\/2018\/09\/viabilita-300x38.jpeg 300w, https:\/\/www.radiopiu.net\/wordpress\/wp-content\/uploads\/2018\/09\/viabilita-768x96.jpeg 768w\" sizes=\"auto, (max-width: 800px) 100vw, 800px\" \/><\/a><\/p>\n<p>&nbsp;<\/p>\n<p><a class=\"dt-pswp-item\" href=\"https:\/\/www.radiopiu.net\/wordpress\/wp-content\/uploads\/2023\/12\/botol-car-service.jpg\" data-dt-img-description=\"\" data-large_image_width=\"600\" data-large_image_height=\"600\"><img loading=\"lazy\" decoding=\"async\" class=\"size-medium wp-image-367044 aligncenter\" src=\"https:\/\/www.radiopiu.net\/wordpress\/wp-content\/uploads\/2023\/12\/botol-car-service-300x300.jpg\" alt=\"\" width=\"300\" height=\"300\" srcset=\"https:\/\/www.radiopiu.net\/wordpress\/wp-content\/uploads\/2023\/12\/botol-car-service-300x300.jpg 300w, https:\/\/www.radiopiu.net\/wordpress\/wp-content\/uploads\/2023\/12\/botol-car-service-150x150.jpg 150w, https:\/\/www.radiopiu.net\/wordpress\/wp-content\/uploads\/2023\/12\/botol-car-service.jpg 600w\" sizes=\"auto, (max-width: 300px) 100vw, 300px\" \/><\/a><\/p>\n<p>&nbsp;<\/p>\n<blockquote>\n<h1><span style=\"color: #ff0000;\"><a class=\"dt-pswp-item\" href=\"https:\/\/www.radiopiu.net\/wordpress\/wp-content\/uploads\/2020\/05\/VENETO-STRADE.png\" data-dt-img-description=\"\" data-large_image_width=\"400\" data-large_image_height=\"400\"><img loading=\"lazy\" decoding=\"async\" class=\"wp-image-135574 alignleft\" src=\"https:\/\/www.radiopiu.net\/wordpress\/wp-content\/uploads\/2020\/05\/VENETO-STRADE-300x300.png\" alt=\"\" width=\"102\" height=\"102\" srcset=\"https:\/\/www.radiopiu.net\/wordpress\/wp-content\/uploads\/2020\/05\/VENETO-STRADE-300x300.png 300w, https:\/\/www.radiopiu.net\/wordpress\/wp-content\/uploads\/2020\/05\/VENETO-STRADE-150x150.png 150w, https:\/\/www.radiopiu.net\/wordpress\/wp-content\/uploads\/2020\/05\/VENETO-STRADE.png 400w\" sizes=\"auto, (max-width: 102px) 100vw, 102px\" \/><\/a>AGGIORNAMENTO QUOTIDIANO, IN\u00a0 COLLABORAZIONE CON VENETO STRADE<\/span><\/h1>\n<p>&nbsp;<\/p><\/blockquote>\n<blockquote><p>Si raccomanda di percorrere i passi al di sopra dei 1200 m slm con catene montate; le catene devono essere montate fuori dalla sede stradale, per non intralciare il traffico e le operazioni di sgombero neve dal piano viabile. Si raccomanda di prestare la massima attenzione nella guida per la possibile presenza di tratti resi scivolosi causati da neve fortemente bagnata<\/p>\n<p>\u00c8 chiuso per periodo invernale il seguente tratto stradale: &#8211; S.P. 33 \u201cdi Sauris\u201d dal km 0+000 (innesto S.P. 619) al km 6+800 (confine Provincia di Udine).<\/p><\/blockquote>\n<p><strong>SOSPIROLO\u00a0<\/strong> Lungo la provinciale 2 tra Pian Falcina e Gena Bassa in Comune di Sospirolo\u00a0 <span style=\"color: #ff0000;\">fino al 15 febbraio,<\/span> sabato e domeniche compresi, senso unico alternato regolato da semaforo o movieri, interruzioni alla viabilit\u00e0 fino a 10 minuti per tratti di 200 metri.<\/p>\n<p>&nbsp;<\/p>\n<hr \/>\n<p>&nbsp;<\/p>\n<p><a class=\"dt-pswp-item\" href=\"https:\/\/www.radiopiu.net\/wordpress\/wp-content\/uploads\/2018\/09\/WhatsApp-Image-2018-09-20-at-16.04.06.jpeg\" data-dt-img-description=\"\" data-large_image_width=\"800\" data-large_image_height=\"100\"><img loading=\"lazy\" decoding=\"async\" class=\"wp-image-61378 size-full aligncenter\" src=\"https:\/\/www.radiopiu.net\/wordpress\/wp-content\/uploads\/2018\/09\/WhatsApp-Image-2018-09-20-at-16.04.06.jpeg\" alt=\"\" width=\"800\" height=\"100\" srcset=\"https:\/\/www.radiopiu.net\/wordpress\/wp-content\/uploads\/2018\/09\/WhatsApp-Image-2018-09-20-at-16.04.06.jpeg 800w, https:\/\/www.radiopiu.net\/wordpress\/wp-content\/uploads\/2018\/09\/WhatsApp-Image-2018-09-20-at-16.04.06-300x38.jpeg 300w, https:\/\/www.radiopiu.net\/wordpress\/wp-content\/uploads\/2018\/09\/WhatsApp-Image-2018-09-20-at-16.04.06-768x96.jpeg 768w\" sizes=\"auto, (max-width: 800px) 100vw, 800px\" \/><\/a><\/p>\n<p><center><\/center><b>\u00a0 \u00a0<\/b><\/p>\n<p style=\"text-align: center;\"><strong>OGGI<\/strong><\/p>\n<p>Cielo da nuvoloso a molto nuvoloso con deboli fenomeni sparsi tra la notte e fino al primo mattino. In seguito esaurimento dei fenomeni con cielo irregolarmente nuvoloso e qualche schiarita anche ampia in giornata. Verso sera nuovo aumento della nuvolosit\u00e0.<br \/>\n<strong>Precipitazioni.<\/strong> Nelle notte e fino al primo mattino probabili deboli precipitazioni diffuse (80-100%) con limite neve su Prealpi attorno a 1400-1800 m, a 1000-1300 su Dolomiti.<br \/>\n<strong>Temperature.<\/strong> Temperature in aumento anche marcato le minime.<\/p>\n<p style=\"text-align: center;\"><strong>DOMANI<\/strong><\/p>\n<p>Fino al mattino da nuvoloso a molto nuvoloso. Dal pomeriggio prime schiarite a partire da Dolomiti settentrionali in estensione a Prealpi in serata.<br \/>\n<strong>Precipitazioni.<\/strong> Tra notte e mattino possibili deboli precipitazioni su Dolomiti (40-60%) in estensione a Prealpi durante le ore centrali (60-80%) Nel pomeriggio tendenza esaurimento dei fenomeni su Dolomiti mentre potranno insistere fino a sera su Prealpi, specie sui settori esposti ad est. Possibile qualche rovescio su Prealpi. Limite neve in calo fino a fondovalle su Dolomiti e successivamente localmente anche su Prealpi.<br \/>\n<strong>Temperature.<\/strong> Temperature in calo anche marcato in quota con minime raggiunte in serata<\/p>\n<p style=\"text-align: center;\"><strong>SABATO<\/strong><\/p>\n<p>Cielo sereno con ottima visibilit\u00e0. Temperature in generale calo eccetto possibili locali effetti di fhoen in qualche valle dolomitica fino al mattino.<\/p>\n<p style=\"text-align: center;\"><strong>DOMENICA<\/strong><\/p>\n<p>Tempo stabile con cielo sereno o al pi\u00f9 poco nuvoloso per qualche velatura. Temperature minime in ulteriore lieve calo nelle valli con forti gelate, massime in generale lieve aumento.<\/p>\n<p>&nbsp;<\/p>\n<p><center><\/center><center><\/center><a class=\"dt-pswp-item\" href=\"https:\/\/www.radiopiu.net\/wordpress\/wp-content\/uploads\/2024\/01\/Senza-nome-48.png\" data-dt-img-description=\"\" data-large_image_width=\"460\" data-large_image_height=\"633\"><img loading=\"lazy\" decoding=\"async\" class=\"aligncenter wp-image-369946 size-full\" src=\"https:\/\/www.radiopiu.net\/wordpress\/wp-content\/uploads\/2024\/01\/Senza-nome-48.png\" alt=\"\" width=\"460\" height=\"633\" srcset=\"https:\/\/www.radiopiu.net\/wordpress\/wp-content\/uploads\/2024\/01\/Senza-nome-48.png 460w, https:\/\/www.radiopiu.net\/wordpress\/wp-content\/uploads\/2024\/01\/Senza-nome-48-218x300.png 218w\" sizes=\"auto, (max-width: 460px) 100vw, 460px\" \/><\/a><\/p>\n<p>&nbsp;<\/p>\n<hr \/>\n<p>&nbsp;<\/p>\n<p><img loading=\"lazy\" decoding=\"async\" class=\"wp-image-60761 size-full aligncenter\" src=\"https:\/\/www.radiopiu.net\/wordpress\/wp-content\/uploads\/2018\/09\/sport.jpg\" alt=\"\" width=\"800\" height=\"100\" srcset=\"https:\/\/www.radiopiu.net\/wordpress\/wp-content\/uploads\/2018\/09\/sport.jpg 800w, https:\/\/www.radiopiu.net\/wordpress\/wp-content\/uploads\/2018\/09\/sport-300x38.jpg 300w, https:\/\/www.radiopiu.net\/wordpress\/wp-content\/uploads\/2018\/09\/sport-768x96.jpg 768w\" sizes=\"auto, (max-width: 800px) 100vw, 800px\" \/><\/p>\n<p>&nbsp;<\/p>\n<p>&nbsp;<\/p>\n<p><span style=\"color: #ff0000;\"><strong>DA RADIO PIU&#8217;:<\/strong><\/span> complimenti ed in bocca al lupo a Vanessa Cagnati dello Sci Club Val Biois, tra le convocate della rappresentativa italiana alle Olimpiadi invernali giovani in programma da domani in Corea del Sud.<\/p>\n<p>&nbsp;<\/p>\n<p><strong>archivio radiopiu, 8 GENNAIO 2024<\/strong><\/p>\n<p><strong><a class=\"dt-pswp-item\" href=\"https:\/\/www.radiopiu.net\/wordpress\/wp-content\/uploads\/2024\/01\/vanessa-cagnati-sappada-17-dic-2023-Copia.jpg\" data-dt-img-description=\"\" data-large_image_width=\"1200\" data-large_image_height=\"800\"><img loading=\"lazy\" decoding=\"async\" class=\" wp-image-369109 alignleft\" src=\"https:\/\/www.radiopiu.net\/wordpress\/wp-content\/uploads\/2024\/01\/vanessa-cagnati-sappada-17-dic-2023-Copia-300x200.jpg\" alt=\"\" width=\"158\" height=\"105\" srcset=\"https:\/\/www.radiopiu.net\/wordpress\/wp-content\/uploads\/2024\/01\/vanessa-cagnati-sappada-17-dic-2023-Copia-300x200.jpg 300w, https:\/\/www.radiopiu.net\/wordpress\/wp-content\/uploads\/2024\/01\/vanessa-cagnati-sappada-17-dic-2023-Copia-1024x683.jpg 1024w, https:\/\/www.radiopiu.net\/wordpress\/wp-content\/uploads\/2024\/01\/vanessa-cagnati-sappada-17-dic-2023-Copia-768x512.jpg 768w, https:\/\/www.radiopiu.net\/wordpress\/wp-content\/uploads\/2024\/01\/vanessa-cagnati-sappada-17-dic-2023-Copia.jpg 1200w\" sizes=\"auto, (max-width: 158px) 100vw, 158px\" \/><\/a>REDAZIONE<\/strong> \u00c8 stata annunciata ufficialmente la squadra italiana che parteciper\u00e0 ai Giochi Olimpici Giovanili Invernali (YOG) di Gangwon 2024. Il Presidente del CONI, Giovanni Malag\u00f2, e il Segretario Generale, Carlo Mornati, hanno presentato l&#8217;Italia Team durante un evento presso l&#8217;Allianz Tower di Milano. Flora Tabanelli sar\u00e0 la portabandiera della squadra italiana. Tra i convocati anche Vanessa Cagnati, l&#8217;atleta di Canale D&#8217;Agordo che nell&#8217;ultimo periodo ha saputo farsi notare per gli ottimi risultati con lo Sci Club Val Biois. Far\u00e0 parte dei 74 atleti convocati per i giochi e sar\u00e0 tra i 6 che faranno la sua parte nello sci nordico.<\/p>\n<p>(FOTO: FISI Veneto)<\/p>\n<p><strong>MATTEO CAGNATI, SCI CLUB VAL BIOIS<\/strong><\/p>\n<audio class=\"wp-audio-shortcode\" id=\"audio-370279-20\" preload=\"none\" style=\"width: 100%;\" controls=\"controls\"><source type=\"audio\/mpeg\" src=\"https:\/\/www.radiopiu.net\/wordpress\/wp-content\/uploads\/2024\/01\/MATTEO-CAGANATI-PER-CONVOCAZIONE-VANESSA.mp3?_=20\" \/><a href=\"https:\/\/www.radiopiu.net\/wordpress\/wp-content\/uploads\/2024\/01\/MATTEO-CAGANATI-PER-CONVOCAZIONE-VANESSA.mp3\">https:\/\/www.radiopiu.net\/wordpress\/wp-content\/uploads\/2024\/01\/MATTEO-CAGANATI-PER-CONVOCAZIONE-VANESSA.mp3<\/a><\/audio>\n<p>&nbsp;<\/p>\n<p>&nbsp;<\/p>\n<p>&nbsp;<\/p>\n<p><span style=\"color: #0000ff;\"><strong>\u00a0SNOWBOARD\u00a0<\/strong><\/span><\/p>\n<blockquote>\n<h3>LUCIA DAL MASSO: SECONDA CON DANIELE BAGOZZA<\/h3>\n<\/blockquote>\n<p><img loading=\"lazy\" decoding=\"async\" class=\"alignleft\" src=\"https:\/\/www.radiopiu.net\/wordpress\/wp-content\/uploads\/2024\/01\/419210513_17850259998117730_523999133562272628_n-1-300x300.jpg\" width=\"168\" height=\"168\" \/>Daniele Bagozza e Lucia Dalmasso hanno chiuso al secondo posto la prima prova mista a squadre della stagione, nello slalom parallelo di Bad Gastein (Austria): sono 12 i podi complessivi raccolti nel parallelo sulle sei gare sin qui disputate, incluse quattro vittorie. All\u2019indomani del successo di Maurizio Bormolini nella prova individuale, la squadra diretta da Cesare Pisoni \u00e8 ancora protagonista, con Bagozza e Dalmasso arresisi solo in finale di fronte ai due padroni di casa Andreas Prommegger e Sabine Sch\u00f6ffmann che hanno confermato l\u2019Austria sul gradino pi\u00f9 alto del podio per il quarto anno consecutivo nella prova di Bad Gastein. Per l\u2019Italia invece si tratta del secondo podio su queste nevi, cinque anni dopo l\u2019analogo secondo posto raccolto nel 2019 da Aaron March e Nadya Ochner.<\/p>\n<p>&nbsp;<\/p>\n<hr \/>\n<p>&nbsp;<\/p>\n<p>&nbsp;<\/p>\n<p><span style=\"color: #0000ff;\"><strong>\u00a0SCI ALPINO<\/strong><\/span><\/p>\n<h3>COPPA DEL MONDO, ESORDIO PER LA GIOVANISSIMA POMARE&#8217;<\/h3>\n<p>&nbsp;<\/p>\n<p><img loading=\"lazy\" decoding=\"async\" class=\"aligncenter\" src=\"https:\/\/www.radiopiu.net\/wordpress\/wp-content\/uploads\/2024\/01\/b997f656-1981-414e-99a3-8c10cff43043.jpg\" width=\"346\" height=\"230\" \/><\/p>\n<p>&nbsp;<\/p>\n<p><strong>PER LE TRE RADIO, BARBARA PAOLAZZI<\/strong><\/p>\n<audio class=\"wp-audio-shortcode\" id=\"audio-370279-21\" preload=\"none\" style=\"width: 100%;\" controls=\"controls\"><source type=\"audio\/mpeg\" src=\"https:\/\/www.radiopiu.net\/wordpress\/wp-content\/uploads\/2024\/01\/SCI-ALPINO-POMARE.mp3?_=21\" \/><a href=\"https:\/\/www.radiopiu.net\/wordpress\/wp-content\/uploads\/2024\/01\/SCI-ALPINO-POMARE.mp3\">https:\/\/www.radiopiu.net\/wordpress\/wp-content\/uploads\/2024\/01\/SCI-ALPINO-POMARE.mp3<\/a><\/audio>\n<p>&nbsp;<\/p>\n<p>&nbsp;<\/p>\n<hr \/>\n<p>&nbsp;<\/p>\n<p><span style=\"color: #0000ff;\"><strong>PALLAVOLO<\/strong><\/span><\/p>\n<blockquote>\n<h3><a class=\"dt-pswp-item\" href=\"https:\/\/www.radiopiu.net\/wordpress\/wp-content\/uploads\/2024\/01\/Ignacio_Martinez_al_servizio.jpg\" data-dt-img-description=\"\" data-large_image_width=\"2048\" data-large_image_height=\"1365\"><img loading=\"lazy\" decoding=\"async\" class=\" wp-image-370302 alignleft\" src=\"https:\/\/www.radiopiu.net\/wordpress\/wp-content\/uploads\/2024\/01\/Ignacio_Martinez_al_servizio-300x200.jpg\" alt=\"\" width=\"227\" height=\"151\" srcset=\"https:\/\/www.radiopiu.net\/wordpress\/wp-content\/uploads\/2024\/01\/Ignacio_Martinez_al_servizio-300x200.jpg 300w, https:\/\/www.radiopiu.net\/wordpress\/wp-content\/uploads\/2024\/01\/Ignacio_Martinez_al_servizio-1024x683.jpg 1024w, https:\/\/www.radiopiu.net\/wordpress\/wp-content\/uploads\/2024\/01\/Ignacio_Martinez_al_servizio-768x512.jpg 768w, https:\/\/www.radiopiu.net\/wordpress\/wp-content\/uploads\/2024\/01\/Ignacio_Martinez_al_servizio-1536x1024.jpg 1536w, https:\/\/www.radiopiu.net\/wordpress\/wp-content\/uploads\/2024\/01\/Ignacio_Martinez_al_servizio.jpg 2048w\" sizes=\"auto, (max-width: 227px) 100vw, 227px\" \/><\/a>DOMENICA IL DERBY TRA BELLUNO VOLLEY E SAN DONA&#8217;<\/h3>\n<\/blockquote>\n<p><strong>BELLUNO<\/strong> Domenica 21 gennaio, il Belluno Volley affronter\u00e0 il Personal Time San Don\u00e0 in un emozionante derby di Serie A3 Credem Banca, alle ore 18 presso la Spes Arena. Questo sar\u00e0 il quarto incontro stagionale tra le due squadre, con il Belluno che cerca la rivincita dopo la sconfitta contro la Stadium Mirandola. Ignacio Martinez, palleggiatore del Belluno, esprime fiducia nel suo gruppo e sottolinea l&#8217;importanza di totalizzare punti e migliorare le prestazioni in trasferta.<\/p>\n<p>&nbsp;<\/p>\n<hr \/>\n<p>&nbsp;<\/p>\n<p>&nbsp;<\/p>\n<p><span style=\"color: #0000ff;\"><strong>SCI ALPINO<\/strong><\/span><\/p>\n<blockquote>\n<h3><a class=\"dt-pswp-item\" href=\"https:\/\/www.radiopiu.net\/wordpress\/wp-content\/uploads\/2024\/01\/FC-2024-elicottero-GDF1-scaled.jpeg\" data-dt-img-description=\"\" data-large_image_width=\"2560\" data-large_image_height=\"1920\"><img loading=\"lazy\" decoding=\"async\" class=\" wp-image-370318 alignleft\" src=\"https:\/\/www.radiopiu.net\/wordpress\/wp-content\/uploads\/2024\/01\/FC-2024-elicottero-GDF1-300x225.jpeg\" alt=\"\" width=\"211\" height=\"158\" srcset=\"https:\/\/www.radiopiu.net\/wordpress\/wp-content\/uploads\/2024\/01\/FC-2024-elicottero-GDF1-300x225.jpeg 300w, https:\/\/www.radiopiu.net\/wordpress\/wp-content\/uploads\/2024\/01\/FC-2024-elicottero-GDF1-1024x768.jpeg 1024w, https:\/\/www.radiopiu.net\/wordpress\/wp-content\/uploads\/2024\/01\/FC-2024-elicottero-GDF1-768x576.jpeg 768w, https:\/\/www.radiopiu.net\/wordpress\/wp-content\/uploads\/2024\/01\/FC-2024-elicottero-GDF1-1536x1152.jpeg 1536w, https:\/\/www.radiopiu.net\/wordpress\/wp-content\/uploads\/2024\/01\/FC-2024-elicottero-GDF1-2048x1536.jpeg 2048w\" sizes=\"auto, (max-width: 211px) 100vw, 211px\" \/><\/a>I PREPARATIVI PER LA COPPA DEL MONDO DI SCI A CORTINA<\/h3>\n<\/blockquote>\n<p><strong>CORTINA<\/strong> Per la Coppa del Mondo di sci alpino femminile a Cortina d&#8217;Ampezzo, edizione 2024, l&#8217;organizzazione della sicurezza \u00e8 una priorit\u00e0. Oltre sessanta persone saranno coinvolte in undici punti lungo il tracciato di gara e in sette aree della zona arrivo, coordinando un servizio di elisoccorso che ha coinvolto la Guardia di Finanza e l&#8217;Aulss 1 Dolomiti. L&#8217;evento, in programma dal 26 al 28 gennaio, richiede una pianificazione accurata e la collaborazione di diversi attori per garantire la sicurezza degli atleti e del pubblico.<\/p>\n<p><strong><span style=\"color: #0000ff;\">\u00a0\u00a0<\/span><\/strong><\/p>\n<p>&nbsp;<\/p>\n<hr \/>\n<p>&nbsp;<\/p>\n<p>&nbsp;<\/p>\n<p><strong><span style=\"color: #0000ff;\">SLITTINO\u00a0<\/span><\/strong><\/p>\n<blockquote>\n<h3>LE GARE DI SLITTINO E RIDOLE A COPPIE A COLMEAN<\/h3>\n<\/blockquote>\n<p><strong>CANALE D&#8217;AGORDO<\/strong> Doppio appuntamento a Colmean di Canale D&#8217;Agordo con le gare di slittino. Domenica 28 gennaio la gara di slittino aperta a tutti. Domenica 4 febbraio sar\u00e0 la volta della gara di ridole a coppie. Entrambi gli eventi sono organizzati dal Gruppo Crodaioli Dell&#8217;Auta. Le iscrizioni fino al giorno della gara al Bar Colmean o telefonando allo 0437 592078<\/p>\n\n\t\t\t<style type='text\/css'>\n\t\t\t\t#gallery-7 {\n\t\t\t\t\tmargin: auto;\n\t\t\t\t}\n\t\t\t\t#gallery-7 .gallery-item {\n\t\t\t\t\tfloat: left;\n\t\t\t\t\tmargin-top: 10px;\n\t\t\t\t\ttext-align: center;\n\t\t\t\t\twidth: 50%;\n\t\t\t\t}\n\t\t\t\t#gallery-7 img {\n\t\t\t\t\tborder: 2px solid #cfcfcf;\n\t\t\t\t}\n\t\t\t\t#gallery-7 .gallery-caption {\n\t\t\t\t\tmargin-left: 0;\n\t\t\t\t}\n\t\t\t\t\/* see gallery_shortcode() in wp-includes\/media.php *\/\n\t\t\t<\/style>\n\t\t<div id='gallery-7' class='dt-gallery-container gallery galleryid-370279 gallery-columns-2 gallery-size-thumbnail'><dl class='gallery-item'>\n\t\t\t\t<dt class='gallery-icon portrait'>\n\t\t\t\t\t<a class=\"rollover rollover-zoom dt-pswp-item\" title=\"slittino1\" data-dt-img-description=\"\" data-large_image_width=\"605\" data-large_image_height=\"795\"href='https:\/\/www.radiopiu.net\/wordpress\/wp-content\/uploads\/2024\/01\/slittino1.jpg'><img loading=\"lazy\" decoding=\"async\" width=\"150\" height=\"150\" src=\"https:\/\/www.radiopiu.net\/wordpress\/wp-content\/uploads\/2024\/01\/slittino1-150x150.jpg\" class=\"attachment-thumbnail size-thumbnail\" alt=\"\" \/><\/a>\n\t\t\t\t<\/dt><\/dl><dl class='gallery-item'>\n\t\t\t\t<dt class='gallery-icon portrait'>\n\t\t\t\t\t<a class=\"rollover rollover-zoom dt-pswp-item\" title=\"SLITTINO2\" data-dt-img-description=\"\" data-large_image_width=\"558\" data-large_image_height=\"790\"href='https:\/\/www.radiopiu.net\/wordpress\/wp-content\/uploads\/2024\/01\/SLITTINO2.jpg'><img loading=\"lazy\" decoding=\"async\" width=\"150\" height=\"150\" src=\"https:\/\/www.radiopiu.net\/wordpress\/wp-content\/uploads\/2024\/01\/SLITTINO2-150x150.jpg\" class=\"attachment-thumbnail size-thumbnail\" alt=\"\" \/><\/a>\n\t\t\t\t<\/dt><\/dl><br style=\"clear: both\" \/>\n\t\t\t<\/div>\n\n<p>&nbsp;<\/p>\n<p>&nbsp;<\/p>\n","protected":false},"excerpt":{"rendered":"<p>*** &nbsp; &nbsp; &nbsp; 40esimo di RADIOPIU\u2026. LA VOCE DELL\u2019EMOZIONE ISCRIVITI AL NOSTRO CANALE\u00a0\u00a0YOUTUBE PER SEGUIRE IN DIRETTA I PRINCIPALI PROGRAMMI DI RADIO PIU\u2019 E LE FUTURE DIRETTE IN ESTERNA. PER ISCRIVERTI CLICCA QUI\u00a0E PREMI\u00a0 \u201cIscriviti\u201d\u00a0\u00a0 &nbsp; &nbsp; &nbsp; &nbsp; RADIOPIU,\u00a0 SULLA NOTIZIA, SEMPRE&#8230;immagina non ci fosse. ORE 5.00 &#8211; FALCADE &#8211; VIABILITA&#8217; PROVINCIA BELLUNO&hellip;<\/p>\n","protected":false},"author":4,"featured_media":370417,"comment_status":"closed","ping_status":"closed","sticky":false,"template":"","format":"standard","meta":{"_monsterinsights_skip_tracking":false,"_monsterinsights_sitenote_active":false,"_monsterinsights_sitenote_note":"","_monsterinsights_sitenote_category":0,"footnotes":""},"categories":[51,86,49],"tags":[],"class_list":["post-370279","post","type-post","status-publish","format-standard","has-post-thumbnail","hentry","category-evidenza-top","category-gr","category-news-18","category-51","category-86","category-49","description-off"],"img_url":"https:\/\/www.radiopiu.net\/wordpress\/wp-content\/uploads\/2024\/01\/37df443f-33e2-4599-b12d-bfedd2a3c596.jpg","_links":{"self":[{"href":"https:\/\/www.radiopiu.net\/wordpress\/wp-json\/wp\/v2\/posts\/370279","targetHints":{"allow":["GET"]}}],"collection":[{"href":"https:\/\/www.radiopiu.net\/wordpress\/wp-json\/wp\/v2\/posts"}],"about":[{"href":"https:\/\/www.radiopiu.net\/wordpress\/wp-json\/wp\/v2\/types\/post"}],"author":[{"embeddable":true,"href":"https:\/\/www.radiopiu.net\/wordpress\/wp-json\/wp\/v2\/users\/4"}],"replies":[{"embeddable":true,"href":"https:\/\/www.radiopiu.net\/wordpress\/wp-json\/wp\/v2\/comments?post=370279"}],"version-history":[{"count":0,"href":"https:\/\/www.radiopiu.net\/wordpress\/wp-json\/wp\/v2\/posts\/370279\/revisions"}],"wp:featuredmedia":[{"embeddable":true,"href":"https:\/\/www.radiopiu.net\/wordpress\/wp-json\/wp\/v2\/media\/370417"}],"wp:attachment":[{"href":"https:\/\/www.radiopiu.net\/wordpress\/wp-json\/wp\/v2\/media?parent=370279"}],"wp:term":[{"taxonomy":"category","embeddable":true,"href":"https:\/\/www.radiopiu.net\/wordpress\/wp-json\/wp\/v2\/categories?post=370279"},{"taxonomy":"post_tag","embeddable":true,"href":"https:\/\/www.radiopiu.net\/wordpress\/wp-json\/wp\/v2\/tags?post=370279"}],"curies":[{"name":"wp","href":"https:\/\/api.w.org\/{rel}","templated":true}]}}