{"id":370338,"date":"2024-01-17T15:05:05","date_gmt":"2024-01-17T14:05:05","guid":{"rendered":"https:\/\/www.radiopiu.net\/wordpress\/?p=370338"},"modified":"2024-01-17T18:06:01","modified_gmt":"2024-01-17T17:06:01","slug":"incidente-sul-lavoro-a-castellavazzo","status":"publish","type":"post","link":"https:\/\/www.radiopiu.net\/wordpress\/incidente-sul-lavoro-a-castellavazzo\/","title":{"rendered":"INCIDENTE SUL LAVORO A CASTELLAVAZZO, SULLE STRADA LUNGO LA 203 A CANDATEN"},"content":{"rendered":"<p>***<\/p>\n<p>&nbsp;<\/p>\n<p><strong>BELLUNO<\/strong> Due gli interventi del Suem 118 nelle ultime ore. Poco prima delle nove la chiamata da Castellavazzo, un giovane di 27 anni ha subito, durante operazioni di lavoro, un trauma facciale. L&#8217;ambulanza lo ha trasferito per le medicazioni (ferite leggere) al pronto soccorso del San Martino. Un&#8217;ora dopo l&#8217;elicottero Falco \u00e8 volato a Forni di Sopra in soccorso di una 18enne di Trento colta da malore e trasportata all&#8217;ospedale di Tolmezzo.<\/p>\n<p>&nbsp;<\/p>\n<p><strong>SEDICO<\/strong> Incidente stradale a Candaten alle 14.45 lungo la regionale 203 agordina. Un&#8217;autovettura coinvolta due persone trasportate al pronto soccorso del San Martino con ferite di media gravit\u00e0, una donna di 49 anni di Belluno e una donna sempre di Belluno di 54 anni. Sul posto\u00a0 \u00a0Suem e vigili del fuoco Agordo.<\/p>\n<p>&nbsp;<\/p>\n<p><strong>Traffico Paralizzato per Ore su Sr 348 Feltrina: Lunghe Code e Ritardi Pesanti<\/strong><\/p>\n<p>un incidente tra un mezzo pesante e un furgone sulla Sr 348 Feltrina ha bloccato il traffico per tre ore. Il pronto intervento dei vigili del fuoco di Feltre ha permesso di liberare il Tir, ma la complicata operazione di rimettere il veicolo in equilibrio ha causato ritardi. Veneto Strade \u00e8 intervenuto per salare la strada a causa dell&#8217;asfalto scivoloso. La chiusura della Statale 47 Valsugana a causa di una frana ha dirottato tutto il traffico sulla Feltrina, evidenziando la sua vulnerabilit\u00e0. La coda si \u00e8 estesa fino alle porte di Feltre, fermandosi alla chiusa di Anz\u00f9. La strada \u00e8 stata riaperta alle 15.30, con ritardi pesanti per gli utenti, soprattutto camionisti costretti ad attendere la percorribilit\u00e0 della strada.<\/p>\n<p>&nbsp;<\/p>\n<p>&nbsp;<\/p>\n<p>__<\/p>\n","protected":false},"excerpt":{"rendered":"<p>*** &nbsp; BELLUNO Due gli interventi del Suem 118 nelle ultime ore. Poco prima delle nove la chiamata da Castellavazzo, un giovane di 27 anni ha subito, durante operazioni di lavoro, un trauma facciale. L&#8217;ambulanza lo ha trasferito per le medicazioni (ferite leggere) al pronto soccorso del San Martino. Un&#8217;ora dopo l&#8217;elicottero Falco \u00e8 volato&hellip;<\/p>\n","protected":false},"author":4,"featured_media":287533,"comment_status":"closed","ping_status":"closed","sticky":false,"template":"","format":"standard","meta":{"_monsterinsights_skip_tracking":false,"_monsterinsights_sitenote_active":false,"_monsterinsights_sitenote_note":"","_monsterinsights_sitenote_category":0,"footnotes":""},"categories":[51,49],"tags":[],"class_list":["post-370338","post","type-post","status-publish","format-standard","has-post-thumbnail","hentry","category-evidenza-top","category-news-18","category-51","category-49","description-off"],"img_url":"https:\/\/www.radiopiu.net\/wordpress\/wp-content\/uploads\/2022\/07\/castellavazzo.jpg","_links":{"self":[{"href":"https:\/\/www.radiopiu.net\/wordpress\/wp-json\/wp\/v2\/posts\/370338","targetHints":{"allow":["GET"]}}],"collection":[{"href":"https:\/\/www.radiopiu.net\/wordpress\/wp-json\/wp\/v2\/posts"}],"about":[{"href":"https:\/\/www.radiopiu.net\/wordpress\/wp-json\/wp\/v2\/types\/post"}],"author":[{"embeddable":true,"href":"https:\/\/www.radiopiu.net\/wordpress\/wp-json\/wp\/v2\/users\/4"}],"replies":[{"embeddable":true,"href":"https:\/\/www.radiopiu.net\/wordpress\/wp-json\/wp\/v2\/comments?post=370338"}],"version-history":[{"count":0,"href":"https:\/\/www.radiopiu.net\/wordpress\/wp-json\/wp\/v2\/posts\/370338\/revisions"}],"wp:featuredmedia":[{"embeddable":true,"href":"https:\/\/www.radiopiu.net\/wordpress\/wp-json\/wp\/v2\/media\/287533"}],"wp:attachment":[{"href":"https:\/\/www.radiopiu.net\/wordpress\/wp-json\/wp\/v2\/media?parent=370338"}],"wp:term":[{"taxonomy":"category","embeddable":true,"href":"https:\/\/www.radiopiu.net\/wordpress\/wp-json\/wp\/v2\/categories?post=370338"},{"taxonomy":"post_tag","embeddable":true,"href":"https:\/\/www.radiopiu.net\/wordpress\/wp-json\/wp\/v2\/tags?post=370338"}],"curies":[{"name":"wp","href":"https:\/\/api.w.org\/{rel}","templated":true}]}}