{"id":370365,"date":"2024-01-17T16:20:42","date_gmt":"2024-01-17T15:20:42","guid":{"rendered":"https:\/\/www.radiopiu.net\/wordpress\/?p=370365"},"modified":"2024-01-18T06:03:55","modified_gmt":"2024-01-18T05:03:55","slug":"anime-pd-la-bigon-affossa-la-camani-si-dispiace","status":"publish","type":"post","link":"https:\/\/www.radiopiu.net\/wordpress\/anime-pd-la-bigon-affossa-la-camani-si-dispiace\/","title":{"rendered":"ANIME PD. LA BIGON &#8220;AFFOSSA&#8221; LA CAMANI &#8220;SI DISPIACE&#8221;"},"content":{"rendered":"<p>&nbsp;<\/p>\n<p><span style=\"color: #ff0000;\">PER NON DIMENTICARE<\/span><\/p>\n<blockquote>\n<h2><a class=\"dt-pswp-item\" href=\"https:\/\/www.radiopiu.net\/wordpress\/wp-content\/uploads\/2021\/03\/anna-maria-bigon.jpg\" data-dt-img-description=\"\" data-large_image_width=\"400\" data-large_image_height=\"400\"><img loading=\"lazy\" decoding=\"async\" class=\" wp-image-195997 alignleft\" src=\"https:\/\/www.radiopiu.net\/wordpress\/wp-content\/uploads\/2021\/03\/anna-maria-bigon-300x300.jpg\" alt=\"\" width=\"168\" height=\"168\" srcset=\"https:\/\/www.radiopiu.net\/wordpress\/wp-content\/uploads\/2021\/03\/anna-maria-bigon-300x300.jpg 300w, https:\/\/www.radiopiu.net\/wordpress\/wp-content\/uploads\/2021\/03\/anna-maria-bigon-150x150.jpg 150w, https:\/\/www.radiopiu.net\/wordpress\/wp-content\/uploads\/2021\/03\/anna-maria-bigon.jpg 400w\" sizes=\"auto, (max-width: 168px) 100vw, 168px\" \/><\/a> Anna Maria Bigon, la donna del Pd che ha affossato il fine vita in Veneto<\/h2>\n<\/blockquote>\n<p><strong>VENEZIA<\/strong> <em>\u201cNon potevo votare a favore del provvedimento quando mancano le cure palliative, manca la disciplina dell\u2019obiezione di coscienza, vanno rivisti i comitati etici, rimane aperta la questione della maggiore et\u00e0 e bisogna intervenire sui tempi di accesso\u201d.<\/em> Cos\u00ec ha affermato la Consigliera Dem Anna Maria Bigon, che si \u00e8 astenuta sul voto della legge sul suicidio medicalmente assistito per ragioni di coscienza, sottolineando anche la mancanza di competenza del Consiglio regionale su questo tema.<em> \u201cDel resto\u201d \u2013 continua la Consigliera Dem \u2013 \u201c \u00e8 la stessa Corte costituzionale, nell\u2019ordinanza del 2018, a sottolineare l\u2019importanza delle cure palliative, affermando che l\u2019accesso alle cure palliative spesso porta a modificare la scelta di accedere al suicidio medicalmente assistito\u201d.<\/em> La legge ora torner\u00e0 in Commissione, dove la proposta potr\u00e0 essere modificata.<\/p>\n<p>&nbsp;<\/p>\n<p>&nbsp;<\/p>\n<p><img decoding=\"async\" class=\"aligncenter\" src=\"https:\/\/www.radiopiu.net\/wordpress\/wp-content\/uploads\/2024\/01\/th-2.jpg\" \/><\/p>\n<p>&nbsp;<\/p>\n<blockquote>\n<h3>Fine vita, Camani (PD): &#8220;Stop che segna un passo indietro della politica rispetto alla societ\u00e0&#8221;.<\/h3>\n<\/blockquote>\n<p><strong><a class=\"dt-pswp-item\" href=\"https:\/\/www.radiopiu.net\/wordpress\/wp-content\/uploads\/2021\/09\/CAMANI-2-scaled.jpg\" data-dt-img-description=\"\" data-large_image_width=\"2560\" data-large_image_height=\"1707\"><img loading=\"lazy\" decoding=\"async\" class=\"size-medium wp-image-233249 alignleft\" src=\"https:\/\/www.radiopiu.net\/wordpress\/wp-content\/uploads\/2021\/09\/CAMANI-2-300x200.jpg\" alt=\"\" width=\"300\" height=\"200\" srcset=\"https:\/\/www.radiopiu.net\/wordpress\/wp-content\/uploads\/2021\/09\/CAMANI-2-300x200.jpg 300w, https:\/\/www.radiopiu.net\/wordpress\/wp-content\/uploads\/2021\/09\/CAMANI-2-1024x683.jpg 1024w, https:\/\/www.radiopiu.net\/wordpress\/wp-content\/uploads\/2021\/09\/CAMANI-2-768x512.jpg 768w, https:\/\/www.radiopiu.net\/wordpress\/wp-content\/uploads\/2021\/09\/CAMANI-2-1536x1024.jpg 1536w, https:\/\/www.radiopiu.net\/wordpress\/wp-content\/uploads\/2021\/09\/CAMANI-2-2048x1365.jpg 2048w\" sizes=\"auto, (max-width: 300px) 100vw, 300px\" \/><\/a>VENEZIA\u00a0<\/strong> <em>&#8220;Sono profondamente delusa per questa bocciatura della legge di iniziativa popolare sul suicidio medicalmente assistito. Il Veneto aveva l&#8217;occasione per porsi all&#8217;avanguardia e di dare un segnale forte, di cambiamento rispetto ad un immobilismo che vede comunque il Parlamento primo responsabile. Sono state tradite le attese e le speranze di tanti cittadini che nella nostra regione hanno sottoscritto questa proposta e soprattutto di chi vive sulla propria pelle una condizione di sofferenza insopportabile&#8221;. <\/em>Il giudizio \u00e8 della capogruppo del PD Veneto, Vanessa Camani.\u00a0 &#8220;<em>Siamo molto dispiaciuti per il voto espresso dalla consigliera Bigon, alla quale abbiamo riconosciuto piena legittimit\u00e0 e libert\u00e0. Detto ci\u00f2, il rammarico sta nel fatto che la consigliera, pur consapevole che il suo voto avrebbe fatto da ago della bilancia, cosa che le \u00e8 stata ricordata, non abbia optato per una scelta diversa. Dimostrando cos\u00ec un atteggiamento non rispettoso e che acuisce le distanze all&#8217;interno del gruppo&#8221;.<\/em><\/p>\n<p>&nbsp;<\/p>\n","protected":false},"excerpt":{"rendered":"<p>&nbsp; PER NON DIMENTICARE Anna Maria Bigon, la donna del Pd che ha affossato il fine vita in Veneto VENEZIA \u201cNon potevo votare a favore del provvedimento quando mancano le cure palliative, manca la disciplina dell\u2019obiezione di coscienza, vanno rivisti i comitati etici, rimane aperta la questione della maggiore et\u00e0 e bisogna intervenire sui tempi&hellip;<\/p>\n","protected":false},"author":4,"featured_media":370366,"comment_status":"closed","ping_status":"closed","sticky":false,"template":"","format":"standard","meta":{"_monsterinsights_skip_tracking":false,"_monsterinsights_sitenote_active":false,"_monsterinsights_sitenote_note":"","_monsterinsights_sitenote_category":0,"footnotes":""},"categories":[51,49],"tags":[],"class_list":["post-370365","post","type-post","status-publish","format-standard","has-post-thumbnail","hentry","category-evidenza-top","category-news-18","category-51","category-49","description-off"],"img_url":"https:\/\/www.radiopiu.net\/wordpress\/wp-content\/uploads\/2024\/01\/th-2.jpg","_links":{"self":[{"href":"https:\/\/www.radiopiu.net\/wordpress\/wp-json\/wp\/v2\/posts\/370365","targetHints":{"allow":["GET"]}}],"collection":[{"href":"https:\/\/www.radiopiu.net\/wordpress\/wp-json\/wp\/v2\/posts"}],"about":[{"href":"https:\/\/www.radiopiu.net\/wordpress\/wp-json\/wp\/v2\/types\/post"}],"author":[{"embeddable":true,"href":"https:\/\/www.radiopiu.net\/wordpress\/wp-json\/wp\/v2\/users\/4"}],"replies":[{"embeddable":true,"href":"https:\/\/www.radiopiu.net\/wordpress\/wp-json\/wp\/v2\/comments?post=370365"}],"version-history":[{"count":0,"href":"https:\/\/www.radiopiu.net\/wordpress\/wp-json\/wp\/v2\/posts\/370365\/revisions"}],"wp:featuredmedia":[{"embeddable":true,"href":"https:\/\/www.radiopiu.net\/wordpress\/wp-json\/wp\/v2\/media\/370366"}],"wp:attachment":[{"href":"https:\/\/www.radiopiu.net\/wordpress\/wp-json\/wp\/v2\/media?parent=370365"}],"wp:term":[{"taxonomy":"category","embeddable":true,"href":"https:\/\/www.radiopiu.net\/wordpress\/wp-json\/wp\/v2\/categories?post=370365"},{"taxonomy":"post_tag","embeddable":true,"href":"https:\/\/www.radiopiu.net\/wordpress\/wp-json\/wp\/v2\/tags?post=370365"}],"curies":[{"name":"wp","href":"https:\/\/api.w.org\/{rel}","templated":true}]}}