{"id":370419,"date":"2024-01-18T07:55:41","date_gmt":"2024-01-18T06:55:41","guid":{"rendered":"https:\/\/www.radiopiu.net\/wordpress\/?p=370419"},"modified":"2024-01-18T08:45:55","modified_gmt":"2024-01-18T07:45:55","slug":"dal-1983-alle-otto-del-mattino-la-rassegna-stampa-locale-di-mirko-mezzacasa-5","status":"publish","type":"post","link":"https:\/\/www.radiopiu.net\/wordpress\/dal-1983-alle-otto-del-mattino-la-rassegna-stampa-locale-di-mirko-mezzacasa-5\/","title":{"rendered":"dal 1983 alle otto del mattino LA RASSEGNA STAMPA LOCALE DI MIRKO MEZZACASA"},"content":{"rendered":"<p>**<\/p>\n<p>&nbsp;<\/p>\n<p>&nbsp;<\/p>\n<p>&nbsp;<\/p>\n<p><img loading=\"lazy\" decoding=\"async\" class=\"alignleft\" src=\"https:\/\/www.radiopiu.net\/wordpress\/wp-content\/uploads\/2024\/01\/coertina.png\" width=\"403\" height=\"253\" \/><strong>BELLUNO I<\/strong>eri mattina due\u00a0 interventi del Suem 118. Poco prima delle nove la chiamata da Castellavazzo, un giovane di 27 anni ha subito, durante operazioni di lavoro, un trauma facciale. L&#8217;ambulanza lo ha trasferito per le medicazioni (ferite leggere) al pronto soccorso del San Martino.<br \/>\n<strong>SEDICO<\/strong> Incidente stradale a Candaten alle 14.45 lungo la regionale 203 agordina. Un&#8217;autovettura coinvolta due persone trasportate al pronto soccorso del San Martino con ferite di media gravit\u00e0, una donna di 49 anni di Belluno e una donna sempre di Belluno di 54 anni. Sul posto\u00a0 \u00a0Suem e vigili del fuoco Agordo.<br \/>\n<strong>FELTRE<\/strong> Un incidente tra un Tir e un furgone sulla Sr 348 Feltrina ha causato il caos nel traffico, bloccando la strada per circa due ore e mezza. Nonostante nessun ferito, la viabilit\u00e0 \u00e8 stata compromessa. La statale 47 della Valsugana rimarr\u00e0 chiusa per circa 45 giorni a causa di una frana.\u00a0 La vecchia strada in Destra Brenta sar\u00e0 riservata ai residenti<br \/>\n<strong>BELLUNO<\/strong> Il 16 marzo si terranno le elezioni per il rinnovo del consiglio provinciale, potrebbe essere l&#8217;ultimo atto per la &#8220;provincia dei sindaci&#8221; se la Legge Delrio verr\u00e0 cancellata. Il decreto di indizione pone la provincia in &#8220;ordinaria amministrazione&#8221;, limitando l&#8217;approvazione a delibere urgenti. I partiti avranno qualche settimana per presentare le liste, da consegnare entro il 25 febbraio a Palazzo Piloni.<br \/>\n<strong>AGORDO<\/strong> tra domani e sabato si riuniranno tutti i consigli comunali per autorizzare i sindaci a votare all&#8217;assemblea Asca la presa in consegna della casa di riposo di Taibon. Traghettando cos\u00ec senza conseguenze nell&#8217;azienda consortile i lavoratori \u2013 una cinquantina \u2013 che durante le feste hanno ricevuto la lettera di licenziamento.<br \/>\n<strong>BELLUNO<\/strong> Belluno Kids dona oltre 800 libri per arricchire la biblioteca della Pediatria dell&#8217;ospedale. L&#8217;iniziativa &#8220;Una biblioteca per la Pediatria&#8221; ha raccolto donazioni di libri, coordinata da Belluno Kids con Unicef, Comune di Belluno<br \/>\n<strong>FELTRE<\/strong> CONSEGNATA LA BORSA DI STUDIO &#8220;CARLA LASEN&#8221;<br \/>\n<strong>CORTINA<\/strong> AUDI FIS SKI WORLD CUP 2024: SESSANTA PERSONE IN PISTA PER UNA SICUREZZA A 360 GRADI<br \/>\n<strong>LIVINALLONGO<\/strong> Dopo quattro anni senza visitatori riapre il Museo Ladino Fodom<br \/>\n<strong>DOMEGGE<\/strong> Rinnovo ai Vertici di Auser Domegge: Rita Pinazza Nuova Presidente<br \/>\n<strong>BELLUNO<\/strong> Oggi\u00a0 alle 18.30 nell&#8217;aula magna del Liceo Lollino assemblea pubblica che vedr\u00e0 rappresentanti della Diocesi di Belluno-Feltre e il direttore della rete di imprese \u201cScuole per Crescere, Mario Monti, illustrare la nuova gestione del liceo dall&#8217;anno scolastico 2024-2025.<br \/>\n<strong>FELTRE<\/strong> \u00a0Giovanni Granzotto sar\u00e0 il relatore del secondo appuntamento del ciclo Conversazioni in Museo per il 2024 che avr\u00e0 luogo oggi alle 18, nella Galleria d&#8217;arte moderna Carlo Rizzarda.<br \/>\n<strong>SOSPIROLO<\/strong> Torna la \u201cGiornata Nazionale del Dialetto e delle Lingue Locali\u201d.\u00a0 In questo ambito, la Pro Loco Monti del Sole di Sospirolo, propone il recital \u201cCaro al me Belun\u201d della compagnia Teatro Tre di Belluno &#8211; domenica 21 gennaio alle ore 17.00 &#8211; al Centro civico di Sospirolo.<br \/>\n<strong>BELLUNO<\/strong> LEGNO: L&#8217;ORO DELLE NOSTRE PREALPI L&#8217;evento &#8220;Riscopri il legno come risorsa per un&#8217;economia sostenibile&#8221; si terr\u00e0 oggi alle 19:30 al Ristorante Pian Longhi a Belluno<\/p>\n<p>DA RADIO PIU&#8217;: complimenti ed in bocca al lupo a Vanessa Cagnati dello Sci Club Val Biois, tra le convocate della rappresentativa italiana alle Olimpiadi invernali giovani in programma da domani in Corea del Sud.<br \/>\nSNOWBOARD\u00a0In Austria LUCIA DAL MASSO: SECONDA CON DANIELE BAGOZZA<br \/>\nSCI ALPINO COPPA DEL MONDO, ESORDIO PER LA GIOVANISSIMA POMARE&#8217;<br \/>\nSCI ALPINO I PREPARATIVI PER LA COPPA DEL MONDO DI SCI A CORTINA<br \/>\nPALLAVOLO DOMENICA IL DERBY TRA BELLUNO VOLLEY E SAN DONA&#8217; verso un&#8217;altra delusione?<br \/>\nCANALE D&#8217;AGORDO Doppio appuntamento a Colmean di Canale D&#8217;Agordo con le gare di slittino. Domenica 28 gennaio la gara di slittino aperta a tutti. Domenica 4 febbraio sar\u00e0 la volta della gara di ridole a coppie. Entrambi gli eventi sono organizzati dal Gruppo Crodaioli Dell&#8217;Auta. Le iscrizioni fino al giorno della gara al Bar Colmean o telefonando allo 0437 592078<\/p>\n<p>&nbsp;<\/p>\n<p>&nbsp;<\/p>\n<p>&nbsp;<\/p>\n<p>&nbsp;<\/p>\n<p>&nbsp;<\/p>\n","protected":false},"excerpt":{"rendered":"<p>** &nbsp; &nbsp; &nbsp; BELLUNO Ieri mattina due\u00a0 interventi del Suem 118. Poco prima delle nove la chiamata da Castellavazzo, un giovane di 27 anni ha subito, durante operazioni di lavoro, un trauma facciale. L&#8217;ambulanza lo ha trasferito per le medicazioni (ferite leggere) al pronto soccorso del San Martino. SEDICO Incidente stradale a Candaten alle&hellip;<\/p>\n","protected":false},"author":4,"featured_media":370420,"comment_status":"closed","ping_status":"closed","sticky":false,"template":"","format":"standard","meta":{"_monsterinsights_skip_tracking":false,"_monsterinsights_sitenote_active":false,"_monsterinsights_sitenote_note":"","_monsterinsights_sitenote_category":0,"footnotes":""},"categories":[104,49,142],"tags":[],"class_list":["post-370419","post","type-post","status-publish","format-standard","has-post-thumbnail","hentry","category-evidenza_3","category-news-18","category-rassegna-stampa","category-104","category-49","category-142","description-off"],"img_url":"https:\/\/www.radiopiu.net\/wordpress\/wp-content\/uploads\/2024\/01\/coertina.png","_links":{"self":[{"href":"https:\/\/www.radiopiu.net\/wordpress\/wp-json\/wp\/v2\/posts\/370419","targetHints":{"allow":["GET"]}}],"collection":[{"href":"https:\/\/www.radiopiu.net\/wordpress\/wp-json\/wp\/v2\/posts"}],"about":[{"href":"https:\/\/www.radiopiu.net\/wordpress\/wp-json\/wp\/v2\/types\/post"}],"author":[{"embeddable":true,"href":"https:\/\/www.radiopiu.net\/wordpress\/wp-json\/wp\/v2\/users\/4"}],"replies":[{"embeddable":true,"href":"https:\/\/www.radiopiu.net\/wordpress\/wp-json\/wp\/v2\/comments?post=370419"}],"version-history":[{"count":0,"href":"https:\/\/www.radiopiu.net\/wordpress\/wp-json\/wp\/v2\/posts\/370419\/revisions"}],"wp:featuredmedia":[{"embeddable":true,"href":"https:\/\/www.radiopiu.net\/wordpress\/wp-json\/wp\/v2\/media\/370420"}],"wp:attachment":[{"href":"https:\/\/www.radiopiu.net\/wordpress\/wp-json\/wp\/v2\/media?parent=370419"}],"wp:term":[{"taxonomy":"category","embeddable":true,"href":"https:\/\/www.radiopiu.net\/wordpress\/wp-json\/wp\/v2\/categories?post=370419"},{"taxonomy":"post_tag","embeddable":true,"href":"https:\/\/www.radiopiu.net\/wordpress\/wp-json\/wp\/v2\/tags?post=370419"}],"curies":[{"name":"wp","href":"https:\/\/api.w.org\/{rel}","templated":true}]}}