{"id":370508,"date":"2024-01-19T05:47:42","date_gmt":"2024-01-19T04:47:42","guid":{"rendered":"https:\/\/www.radiopiu.net\/wordpress\/?p=370508"},"modified":"2024-01-19T05:51:40","modified_gmt":"2024-01-19T04:51:40","slug":"incidente-mortale-in-alpago-cade-dal-tetto-a-livinallongo","status":"publish","type":"post","link":"https:\/\/www.radiopiu.net\/wordpress\/incidente-mortale-in-alpago-cade-dal-tetto-a-livinallongo\/","title":{"rendered":"INCIDENTE MORTALE IN ALPAGO, CADE DAL TETTO A LIVINALLONGO"},"content":{"rendered":"<p>**<\/p>\n<blockquote>\n<h2><\/h2>\n<\/blockquote>\n<p><strong><img loading=\"lazy\" decoding=\"async\" class=\"alignleft\" src=\"https:\/\/www.radiopiu.net\/wordpress\/wp-content\/uploads\/2023\/08\/ambulanza-ulss-1.jpg\" width=\"301\" height=\"195\" \/>FARRA D&#8217;ALPAGO<\/strong> L&#8217;86enne Vincenzo Tramontin muore in seguito a un malore dopo un incidente stradale a Farra d&#8217;Alpago. La sua auto \u00e8 uscita di strada in via Fratelli Bandiera. Nonostante la corsa in ambulanza con staffetta dei carabinieri, \u00e8 deceduto al San Martino di Belluno. Le precarie condizioni stradali, a causa del ghiaccio formatosi dopo una nevicata, hanno causato altri incidenti nella zona tra Ponte nelle Alpi e l&#8217;Alpago, ma senza feriti gravi. Nella notte tra mercoled\u00ec e ieri almeno tre auto sono uscite di strada nell&#8217;area vicina al Lago di Santa Croce, lungo la Ss 51 di Alemagna che costeggia le rive. Tra le 23 e la mezzanotte, i vigili del fuoco di Belluno sono stati chiamati per tre interventi di automobili che avevano perso aderenza a causa del ghiaccio e che sono uscite di strada. In tutti e tre i casi non si sono registrati feriti e non sono state coinvolte altre vetture in transito.<\/p>\n<p><strong>LIVINALLONGO\u00a0 <\/strong>ieri pomeriggio all&#8217;esterno di una abitazione della frazione di Cherz. Intorno a ora di pranzo l&#8217;elicottero dell&#8217;Aiut alpin \u00e8 atterrato nella zona per soccorrere il 50enne altoatesino. L&#8217;uomo si trovava a Livinallongo per effettuare la sistemazione del camino di una abitazione: pulire le canne fumarie per evitare gravi sorprese come gli incendi \u00e8 un&#8217;abitudine sempre consigliata per chi usa stufe e caldaie. Una brutta botta per il 50enne altoatesino che \u00e8 stato soccorso immediatamente: accusava dolori un po&#8217; ovunque, ma per fortuna \u00e8 sempre rimasto cosciente. Dopo il viaggio in ambulanza fino all&#8217;elicottero, l&#8217;Aiut Alpin ha trasferito lo spazzacamino fino all&#8217;ospedale di Bolzano per le cure del caso. Non \u00e8 in pericolo di vita.<\/p>\n<p><strong>LIVINALLONGO\u00a0<\/strong> Sempre l&#8217;elicottero, questa volta Falco del Suem, alla stessa ora era impegnato in pista per soccorrere un toscano 50enne\u00a0 caduto sciando:\u00a0 ha riportato un trauma cranico non grave, trattato al San Martino di Belluno.<\/p>\n<p><strong>CORTINA<\/strong> Due incidenti in pista, alle 10 a Pi\u00e8 Tofana soccorsa un 31enne della Bielorussia, l&#8217;elicottero l&#8217;ha trasferito a Belluno con ferite di media gravit\u00e0; sul Faloria la scena si ripete con un macedone di 53 anni, per lui trauma agli arti inferiori, da ricovero al San Martino.<\/p>\n<p><strong>SANTA GIUSTINA<\/strong>Tamponamento stradale, ferita in modo lieve una 56enne di Feltre.<\/p>\n<p>__<\/p>\n","protected":false},"excerpt":{"rendered":"<p>** FARRA D&#8217;ALPAGO L&#8217;86enne Vincenzo Tramontin muore in seguito a un malore dopo un incidente stradale a Farra d&#8217;Alpago. La sua auto \u00e8 uscita di strada in via Fratelli Bandiera. Nonostante la corsa in ambulanza con staffetta dei carabinieri, \u00e8 deceduto al San Martino di Belluno. Le precarie condizioni stradali, a causa del ghiaccio formatosi&hellip;<\/p>\n","protected":false},"author":4,"featured_media":348787,"comment_status":"closed","ping_status":"closed","sticky":false,"template":"","format":"standard","meta":{"_monsterinsights_skip_tracking":false,"_monsterinsights_sitenote_active":false,"_monsterinsights_sitenote_note":"","_monsterinsights_sitenote_category":0,"footnotes":""},"categories":[51,49],"tags":[],"class_list":["post-370508","post","type-post","status-publish","format-standard","has-post-thumbnail","hentry","category-evidenza-top","category-news-18","category-51","category-49","description-off"],"img_url":"https:\/\/www.radiopiu.net\/wordpress\/wp-content\/uploads\/2023\/08\/ambulanza-ulss-1.jpg","_links":{"self":[{"href":"https:\/\/www.radiopiu.net\/wordpress\/wp-json\/wp\/v2\/posts\/370508","targetHints":{"allow":["GET"]}}],"collection":[{"href":"https:\/\/www.radiopiu.net\/wordpress\/wp-json\/wp\/v2\/posts"}],"about":[{"href":"https:\/\/www.radiopiu.net\/wordpress\/wp-json\/wp\/v2\/types\/post"}],"author":[{"embeddable":true,"href":"https:\/\/www.radiopiu.net\/wordpress\/wp-json\/wp\/v2\/users\/4"}],"replies":[{"embeddable":true,"href":"https:\/\/www.radiopiu.net\/wordpress\/wp-json\/wp\/v2\/comments?post=370508"}],"version-history":[{"count":0,"href":"https:\/\/www.radiopiu.net\/wordpress\/wp-json\/wp\/v2\/posts\/370508\/revisions"}],"wp:featuredmedia":[{"embeddable":true,"href":"https:\/\/www.radiopiu.net\/wordpress\/wp-json\/wp\/v2\/media\/348787"}],"wp:attachment":[{"href":"https:\/\/www.radiopiu.net\/wordpress\/wp-json\/wp\/v2\/media?parent=370508"}],"wp:term":[{"taxonomy":"category","embeddable":true,"href":"https:\/\/www.radiopiu.net\/wordpress\/wp-json\/wp\/v2\/categories?post=370508"},{"taxonomy":"post_tag","embeddable":true,"href":"https:\/\/www.radiopiu.net\/wordpress\/wp-json\/wp\/v2\/tags?post=370508"}],"curies":[{"name":"wp","href":"https:\/\/api.w.org\/{rel}","templated":true}]}}