{"id":370512,"date":"2024-01-18T17:13:48","date_gmt":"2024-01-18T16:13:48","guid":{"rendered":"https:\/\/www.radiopiu.net\/wordpress\/?p=370512"},"modified":"2024-01-19T05:54:09","modified_gmt":"2024-01-19T04:54:09","slug":"olimpiadi-presentata-una-sola-offerta-per-realizzare-la-pista-da-bob-a-cortina","status":"publish","type":"post","link":"https:\/\/www.radiopiu.net\/wordpress\/olimpiadi-presentata-una-sola-offerta-per-realizzare-la-pista-da-bob-a-cortina\/","title":{"rendered":"Olimpiadi, presentata una sola offerta per realizzare la pista da bob a Cortina"},"content":{"rendered":"<p>&nbsp;<\/p>\n<p>***<\/p>\n<p><strong>L&#8217;INDISCREZIONE<\/strong> \u00a0confermata dallo stesso presidente della Regione Veneto <strong>Luca Zaia<\/strong>: <em>\u00abSembra che sia arrivata un&#8217;offerta, ma devo verificare la mia fonte\u00bb<\/em>.\u00a0 Si tratta della seconda procedura dopo che il primo bando era andato deserto.<\/p>\n<p>&nbsp;<\/p>\n<p><strong>PER LE TRE RADIO, BARBARA PAOLAZZI<\/strong><\/p>\n<audio class=\"wp-audio-shortcode\" id=\"audio-370512-1\" preload=\"none\" style=\"width: 100%;\" controls=\"controls\"><source type=\"audio\/mpeg\" src=\"https:\/\/www.radiopiu.net\/wordpress\/wp-content\/uploads\/2024\/01\/barara-zaia.mp3?_=1\" \/><a href=\"https:\/\/www.radiopiu.net\/wordpress\/wp-content\/uploads\/2024\/01\/barara-zaia.mp3\">https:\/\/www.radiopiu.net\/wordpress\/wp-content\/uploads\/2024\/01\/barara-zaia.mp3<\/a><\/audio>\n<p>&nbsp;<\/p>\n<blockquote>\n<h3>PISTA DA BOB\u00a0 A CORTINA, LE DICHIARAZIONI DI ZAIA<\/h3>\n<\/blockquote>\n<div style=\"width: 1200px;\" class=\"wp-video\"><video class=\"wp-video-shortcode\" id=\"video-370512-1\" width=\"1200\" height=\"675\" preload=\"metadata\" controls=\"controls\"><source type=\"video\/mp4\" src=\"https:\/\/www.radiopiu.net\/wordpress\/wp-content\/uploads\/2024\/01\/18-01-2024-ZAIA-BOB.mp4?_=1\" \/><a href=\"https:\/\/www.radiopiu.net\/wordpress\/wp-content\/uploads\/2024\/01\/18-01-2024-ZAIA-BOB.mp4\">https:\/\/www.radiopiu.net\/wordpress\/wp-content\/uploads\/2024\/01\/18-01-2024-ZAIA-BOB.mp4<\/a><\/video><\/div>\n<p>&nbsp;<\/p>\n<p>&nbsp;<\/p>\n<blockquote>\n<h3>VISTO DA SINISTRA, PER FLORIDIA E&#8217; SEMPRE NO!<\/h3>\n<p><em>&#8220;ZAIA NON CONFONDA LA PISTA DA BOB CON I LEGO, STORIA INIZIATA MALE CHE FINIRA\u2019 PEGGIO&#8221;<\/em><\/p><\/blockquote>\n<p><strong>VENEZIA<\/strong> La senatrice dell&#8217;Alleanza Verdi e Sinistra, Aurora Floridia, critica il presidente del Veneto, Luca Zaia, per la scelta della pista da bob per i Giochi olimpici invernali Milano \u2013 Cortina. Floridia denuncia l&#8217;assenza di valori di sostenibilit\u00e0 ambientale ed economica nella decisione governativa. Sottolinea che la pista light, accettata dopo gare deserte, metter\u00e0 a rischio italiani, comunit\u00e0 locali e atleti, ignorando la sicurezza. I giochi di forza tra partiti contano pi\u00f9 della fattibilit\u00e0 dell&#8217;opera. Floridia critica i tentativi maldestri di far tornare i conti, definendo il progetto una follia, un caos e un disastro. Promette di contrastare la proposta e si affida al Comitato olimpico internazionale.<\/p>\n<p>&nbsp;<\/p>\n<hr \/>\n<p>&nbsp;<\/p>\n<blockquote>\n<h3>PISTA DA BOB LIGHT E STADIO DEL GHIACCIO IN CAVERNA<\/h3>\n<\/blockquote>\n<p><strong><img loading=\"lazy\" decoding=\"async\" class=\"alignleft\" src=\"https:\/\/www.radiopiu.net\/wordpress\/wp-content\/uploads\/2024\/01\/lillehamer.png\" width=\"377\" height=\"201\" \/>REDAZIONE<\/strong><\/p>\n<div class=\"flex-1 overflow-hidden\">\n<div class=\"react-scroll-to-bottom--css-tgkxy-79elbk h-full\">\n<div class=\"react-scroll-to-bottom--css-tgkxy-1n7m0yu\">\n<div class=\"flex flex-col pb-9 text-sm\">\n<div class=\"w-full text-token-text-primary\" data-testid=\"conversation-turn-3\">\n<div class=\"px-4 py-2 justify-center text-base md:gap-6 m-auto\">\n<div class=\"flex flex-1 text-base mx-auto gap-3 md:px-5 lg:px-1 xl:px-5 md:max-w-3xl lg:max-w-[40rem] xl:max-w-[48rem] group final-completion\">\n<div class=\"relative flex w-full flex-col lg:w-[calc(100%-115px)] agent-turn\">\n<div class=\"flex-col gap-1 md:gap-3\">\n<div class=\"flex flex-grow flex-col max-w-full\">\n<div class=\"min-h-[20px] text-message flex flex-col items-start gap-3 whitespace-pre-wrap break-words [.text-message+&amp;]:mt-5 overflow-x-auto\" data-message-author-role=\"assistant\" data-message-id=\"06e7b2fe-46bc-4f27-97b6-567a7ea3ca6a\">\n<div class=\"markdown prose w-full break-words dark:prose-invert dark\">\n<p>L&#8217;architetto Fernando De Simone suggerisce che Cortina potrebbe sfruttare i fondi del Piano Nazionale di Ripresa e Resilienza (PNRR) o adottare il Project Financing per concentrarsi su progetti innovativi. De Simone cita l&#8217;esempio di Como, dove \u00e8 stato realizzato un impianto di potabilizzazione in caverna sotto il Castello Baradello, in collaborazione con gruppi norvegesi come Weideke, Selmer, Norconsult e Nocon.<\/p>\n<p>Inoltre, l&#8217;architetto rivela di aver proposto al Comune di Cortina la realizzazione di uno stadio del ghiaccio, seguendo il modello di quello costruito a Lillehammer. Questo progetto prevedeva la collocazione di uno stadio del ghiaccio, piscine, impianti sportivi e una pista da bob all&#8217;interno di caverne scavate nelle montagne circostanti. De Simone sostiene che tutto ci\u00f2 potrebbe essere realizzato prima delle Olimpiadi, offrendo un&#8217;alternativa che non danneggia il paesaggio. Le infrastrutture ipogee proposte, grazie al volano termico, consentirebbero di risparmiare circa il 40% dell&#8217;energia necessaria per la gestione di tali strutture, rappresentando un approccio sostenibile e efficiente.<\/p>\n<\/div>\n<\/div>\n<\/div>\n<\/div>\n<\/div>\n<\/div>\n<\/div>\n<\/div>\n<\/div>\n<\/div>\n<\/div>\n<\/div>\n<p>FOTO Lillehammer-Gj\u00f8vik-NORCONSULT-arch.Fernando De Simone<\/p>\n<p>&nbsp;<\/p>\n","protected":false},"excerpt":{"rendered":"<p>&nbsp; *** L&#8217;INDISCREZIONE \u00a0confermata dallo stesso presidente della Regione Veneto Luca Zaia: \u00abSembra che sia arrivata un&#8217;offerta, ma devo verificare la mia fonte\u00bb.\u00a0 Si tratta della seconda procedura dopo che il primo bando era andato deserto. &nbsp; PER LE TRE RADIO, BARBARA PAOLAZZI &nbsp; PISTA DA BOB\u00a0 A CORTINA, LE DICHIARAZIONI DI ZAIA &nbsp; &nbsp;&hellip;<\/p>\n","protected":false},"author":4,"featured_media":204666,"comment_status":"closed","ping_status":"closed","sticky":false,"template":"","format":"standard","meta":{"_monsterinsights_skip_tracking":false,"_monsterinsights_sitenote_active":false,"_monsterinsights_sitenote_note":"","_monsterinsights_sitenote_category":0,"footnotes":""},"categories":[51,49],"tags":[],"class_list":["post-370512","post","type-post","status-publish","format-standard","has-post-thumbnail","hentry","category-evidenza-top","category-news-18","category-51","category-49","description-off"],"img_url":"https:\/\/www.radiopiu.net\/wordpress\/wp-content\/uploads\/2021\/04\/cortina_guide_bob.jpg","_links":{"self":[{"href":"https:\/\/www.radiopiu.net\/wordpress\/wp-json\/wp\/v2\/posts\/370512","targetHints":{"allow":["GET"]}}],"collection":[{"href":"https:\/\/www.radiopiu.net\/wordpress\/wp-json\/wp\/v2\/posts"}],"about":[{"href":"https:\/\/www.radiopiu.net\/wordpress\/wp-json\/wp\/v2\/types\/post"}],"author":[{"embeddable":true,"href":"https:\/\/www.radiopiu.net\/wordpress\/wp-json\/wp\/v2\/users\/4"}],"replies":[{"embeddable":true,"href":"https:\/\/www.radiopiu.net\/wordpress\/wp-json\/wp\/v2\/comments?post=370512"}],"version-history":[{"count":0,"href":"https:\/\/www.radiopiu.net\/wordpress\/wp-json\/wp\/v2\/posts\/370512\/revisions"}],"wp:featuredmedia":[{"embeddable":true,"href":"https:\/\/www.radiopiu.net\/wordpress\/wp-json\/wp\/v2\/media\/204666"}],"wp:attachment":[{"href":"https:\/\/www.radiopiu.net\/wordpress\/wp-json\/wp\/v2\/media?parent=370512"}],"wp:term":[{"taxonomy":"category","embeddable":true,"href":"https:\/\/www.radiopiu.net\/wordpress\/wp-json\/wp\/v2\/categories?post=370512"},{"taxonomy":"post_tag","embeddable":true,"href":"https:\/\/www.radiopiu.net\/wordpress\/wp-json\/wp\/v2\/tags?post=370512"}],"curies":[{"name":"wp","href":"https:\/\/api.w.org\/{rel}","templated":true}]}}