{"id":370571,"date":"2024-01-20T05:57:24","date_gmt":"2024-01-20T04:57:24","guid":{"rendered":"https:\/\/www.radiopiu.net\/wordpress\/?p=370571"},"modified":"2024-01-20T08:37:23","modified_gmt":"2024-01-20T07:37:23","slug":"giornale-radiopiu-20-gennaio-2024-direttore-mirko-mezzacasada-40-anni-25-giugno-1983-25-giugno-2023","status":"publish","type":"post","link":"https:\/\/www.radiopiu.net\/wordpress\/giornale-radiopiu-20-gennaio-2024-direttore-mirko-mezzacasada-40-anni-25-giugno-1983-25-giugno-2023\/","title":{"rendered":"GIORNALE RADIOPIU 20 GENNAIO 2024 DIRETTORE MIRKO MEZZACASA\u2026DA 40 ANNI 25 GIUGNO 1983-25 GIUGNO 2023"},"content":{"rendered":"<h1>***<\/h1>\n<blockquote>\n<h1><span style=\"color: #ff0000;\">ultim&#8217;ora<\/span><\/h1>\n<p><em>Incidente senza feriti al Passo Giau: chiusa la strada temporaneamente per il recupero di un autoarticolato<\/em><\/p><\/blockquote>\n<p><strong><img loading=\"lazy\" decoding=\"async\" class=\"alignleft\" src=\"https:\/\/www.radiopiu.net\/wordpress\/wp-content\/uploads\/2024\/01\/download.jpg\" width=\"168\" height=\"169\" \/>COLLE SANTA LUCIA<\/strong> Personale dei Vigili del Fuoco \u00e8 intervenuto ieri sera alle 20:35 per gestire un incidente al Passo Giau, coinvolgendo un autoarticolato ungherese e due auto di turisti italiani. Fortunatamente, nessuna persona \u00e8 rimasta ferita. Le squadre di Polizia Stradale e i Vigili del Fuoco di Agordo, insieme ai volontari di Colle Santa Lucia, sono intervenuti sul luogo. Per recuperare l&#8217;autoarticolato bloccato sul ghiaccio, \u00e8 stata inviata un&#8217;autogr\u00f9 da Belluno. Per agevolare l&#8217;operazione, la strada da Colle Santa Lucia a Cortina, valicando il Passo Giau, \u00e8 stata temporaneamente chiusa. Al termine delle operazioni, la strada \u00e8 stata riaperta regolarmente.<\/p>\n<p>___foto archivio rpiu<\/p>\n<p>&nbsp;<\/p>\n<p><a class=\"dt-pswp-item\" href=\"https:\/\/www.radiopiu.net\/wordpress\/wp-content\/uploads\/2024\/01\/Senza-nome-19.png\" data-dt-img-description=\"\" data-large_image_width=\"387\" data-large_image_height=\"84\"><img loading=\"lazy\" decoding=\"async\" class=\"wp-image-368996 size-full aligncenter\" src=\"https:\/\/www.radiopiu.net\/wordpress\/wp-content\/uploads\/2024\/01\/Senza-nome-19.png\" alt=\"\" width=\"387\" height=\"84\" srcset=\"https:\/\/www.radiopiu.net\/wordpress\/wp-content\/uploads\/2024\/01\/Senza-nome-19.png 387w, https:\/\/www.radiopiu.net\/wordpress\/wp-content\/uploads\/2024\/01\/Senza-nome-19-300x65.png 300w\" sizes=\"auto, (max-width: 387px) 100vw, 387px\" \/><\/a><\/p>\n<p>&nbsp;<\/p>\n<h1 class=\"entry-title photoswipe-wrapper\"><strong><a class=\"dt-pswp-item\" href=\"https:\/\/www.radiopiu.net\/wordpress\/wp-content\/uploads\/2023\/12\/logo-radio.jpg\" data-dt-img-description=\"\" data-large_image_width=\"800\" data-large_image_height=\"600\"><img loading=\"lazy\" decoding=\"async\" class=\"wp-image-367163 alignleft\" src=\"https:\/\/www.radiopiu.net\/wordpress\/wp-content\/uploads\/2023\/12\/logo-radio-300x225.jpg\" alt=\"\" width=\"109\" height=\"82\" srcset=\"https:\/\/www.radiopiu.net\/wordpress\/wp-content\/uploads\/2023\/12\/logo-radio-300x225.jpg 300w, https:\/\/www.radiopiu.net\/wordpress\/wp-content\/uploads\/2023\/12\/logo-radio-768x576.jpg 768w, https:\/\/www.radiopiu.net\/wordpress\/wp-content\/uploads\/2023\/12\/logo-radio.jpg 800w\" sizes=\"auto, (max-width: 109px) 100vw, 109px\" \/><\/a><\/strong><\/h1>\n<h1 class=\"entry-title photoswipe-wrapper\">40esimo di RADIOPIU\u2026. LA VOCE DELL\u2019EMOZIONE<\/h1>\n<h2><\/h2>\n<h2><span style=\"color: #ff0000;\">ISCRIVITI AL NOSTRO CANALE\u00a0\u00a0YOUTUBE PER SEGUIRE IN DIRETTA I PRINCIPALI PROGRAMMI DI RADIO PIU\u2019 E LE FUTURE DIRETTE IN ESTERNA. PER ISCRIVERTI <a style=\"color: #ff0000;\" href=\"https:\/\/youtube.com\/@radiopiu1527\">CLICCA QUI\u00a0<\/a>E PREMI\u00a0 \u201cIscriviti\u201d\u00a0\u00a0<\/span><\/h2>\n<p>&nbsp;<\/p>\n<p><a class=\"dt-pswp-item\" href=\"https:\/\/www.radiopiu.net\/wordpress\/wp-content\/uploads\/2024\/01\/Senza-nome-56.png\" data-dt-img-description=\"\" data-large_image_width=\"499\" data-large_image_height=\"190\"><img loading=\"lazy\" decoding=\"async\" class=\"wp-image-370079 size-full aligncenter\" src=\"https:\/\/www.radiopiu.net\/wordpress\/wp-content\/uploads\/2024\/01\/Senza-nome-56.png\" alt=\"\" width=\"499\" height=\"190\" srcset=\"https:\/\/www.radiopiu.net\/wordpress\/wp-content\/uploads\/2024\/01\/Senza-nome-56.png 499w, https:\/\/www.radiopiu.net\/wordpress\/wp-content\/uploads\/2024\/01\/Senza-nome-56-300x114.png 300w\" sizes=\"auto, (max-width: 499px) 100vw, 499px\" \/><\/a><\/p>\n<p>&nbsp;<\/p>\n<p>&nbsp;<\/p>\n<hr \/>\n<blockquote>\n<blockquote>\n<h1><span style=\"color: #ff0000;\">\u00a0<\/span><\/h1>\n<h1><span style=\"color: #ff0000;\">I podcast informativi del mattino &#8211; audio &#8211;\u00a0<\/span><\/h1>\n<\/blockquote>\n<p><strong><a class=\"dt-pswp-item\" href=\"https:\/\/www.radiopiu.net\/wordpress\/wp-content\/uploads\/2023\/11\/th-10.jpg\" data-dt-img-description=\"\" data-large_image_width=\"320\" data-large_image_height=\"180\"><img loading=\"lazy\" decoding=\"async\" class=\"wp-image-362866 alignleft\" src=\"https:\/\/www.radiopiu.net\/wordpress\/wp-content\/uploads\/2023\/11\/th-10-300x169.jpg\" alt=\"\" width=\"185\" height=\"104\" srcset=\"https:\/\/www.radiopiu.net\/wordpress\/wp-content\/uploads\/2023\/11\/th-10-300x169.jpg 300w, https:\/\/www.radiopiu.net\/wordpress\/wp-content\/uploads\/2023\/11\/th-10.jpg 320w\" sizes=\"auto, (max-width: 185px) 100vw, 185px\" \/><\/a>LA RASSEGNA STAMPA NAZIONALE ALLA RADIO, OGNI GIORNO ALLE 5 E ALLE 6 DEL MATTINO <span style=\"color: #0000ff;\">viene pubblicata alle 6.00 <span style=\"color: #ff0000;\">DIRETTA RADIO<\/span><\/span><\/strong><\/p><\/blockquote>\n<p><strong>di STEFANO FAMA<\/strong><\/p>\n<p><strong> Paesi baltici<\/strong> difesa comune al Confine\u00a0 con la Russia,\u00a0 Putin &#8220;un pericolo&#8221;. <strong>Kate<\/strong> terzo giorno di ricovero posto operatorio, diverticolito isterectomia tra le ipotesi. <strong>medio oriente<\/strong> tutte le colpe e gli errori <strong>Salvini a Bologna<\/strong> contro il limite dei 30 chilometri\u00a0 &#8220;una danno per tutti&#8221; <strong>Fratelli d&#8217;Italia<\/strong> contro Report Meloni &#8220;peggio di Berlusconi&#8221; <strong>Ripartono gli incentivi auto<\/strong>, cinque consigli per avere il massimo sconto al concessionario<br \/>\n<strong> AUDIO<\/strong><\/p>\n<audio class=\"wp-audio-shortcode\" id=\"audio-370571-1\" preload=\"none\" style=\"width: 100%;\" controls=\"controls\"><source type=\"audio\/mpeg\" src=\"https:\/\/www.radiopiu.net\/wordpress\/wp-content\/uploads\/2024\/01\/GIORNALEDELLESEI-15.mp3?_=1\" \/><a href=\"https:\/\/www.radiopiu.net\/wordpress\/wp-content\/uploads\/2024\/01\/GIORNALEDELLESEI-15.mp3\">https:\/\/www.radiopiu.net\/wordpress\/wp-content\/uploads\/2024\/01\/GIORNALEDELLESEI-15.mp3<\/a><\/audio>\n<p>&nbsp;<\/p>\n<hr \/>\n<blockquote>\n<h2><\/h2>\n<\/blockquote>\n<h1 style=\"text-align: center;\"><span style=\"color: #ff0000;\">I podcast informativi del mattino &#8211; audio &#8211;\u00a0<\/span><\/h1>\n<p><strong><a class=\"dt-pswp-item\" href=\"https:\/\/www.radiopiu.net\/wordpress\/wp-content\/uploads\/2023\/12\/images.png\" data-dt-img-description=\"\" data-large_image_width=\"316\" data-large_image_height=\"160\"><img loading=\"lazy\" decoding=\"async\" class=\"wp-image-367008 alignleft\" src=\"https:\/\/www.radiopiu.net\/wordpress\/wp-content\/uploads\/2023\/12\/images-300x152.png\" alt=\"\" width=\"235\" height=\"119\" srcset=\"https:\/\/www.radiopiu.net\/wordpress\/wp-content\/uploads\/2023\/12\/images-300x152.png 300w, https:\/\/www.radiopiu.net\/wordpress\/wp-content\/uploads\/2023\/12\/images.png 316w\" sizes=\"auto, (max-width: 235px) 100vw, 235px\" \/><\/a>OGNI GIORNO ALLE SETTE DEL MATTINO, LA RASSEGNA STAMPA LOCALE FLASH&#8230; PER CHI VA IN FRETTA. I TITOLI DAI GIORNALI E DAL SITO WWW.RADIOPIU.NET <span style=\"color: #0000ff;\">viene pubblicato alle 7.00<\/span> <span style=\"color: #ff0000;\">DIRETTA RADIO\u00a0<\/span><\/strong><\/p>\n<p><em><span style=\"color: #ff0000;\">per chi va in fretta&#8230; tante notizie in pochi minuti. L&#8217;informazione locale alla radio, ogni ora dalle 7 del mattino alle 19 della sera.<\/span><\/em><\/p>\n<p>&nbsp;<\/p>\n<p><strong>FINE VITA<\/strong> caso aperto, il consigliere regionale Bigon sotto tiro, criticata dal suo stesso partito, il PD. &#8220;Una ferita il voto del PD&#8221;.<br \/>\n<strong>FELTRE<\/strong> Il convegno della Ulss1 Dolomiti, le rassicurazioni dell&#8217;assessore Manuela Lanzarin. &#8220;Non chiuderemo gli ospedali&#8221;.<br \/>\n<strong>BELLUNO<\/strong> Longaronesi del Vajont da Papa Francesco. Elogio ai superstiti di 60 anni fa.<br \/>\n<strong>CORTINA<\/strong> Sulla pista da bob nessun sconto dal Comitato Olimpico, la risposta al comitato di Cortina &#8220;per noi non \u00e8 necessaria&#8221;.<br \/>\n<strong>QUERO VAS<\/strong> La decisione del vescovo DI PADOVA: CHIUDERE l&#8217;asilo, perch\u00e9 \u00e8 inevitabile e sul prelato valanga di critiche e &#8220;condanna&#8221; dal consiglio.<br \/>\n<strong>BELLUNO<\/strong> L&#8217;Associazione Bellunesi nel Mondo piange la scomparsa, all&#8217;et\u00e0 di 76 anni, di Moacir Luiz Bogo, premiato nel 2001 con il <strong>riconoscimento \u201cBellunesi che onorano la provincia di Belluno in Italia e nel mondo\u201d.<\/strong><br \/>\n<strong>BELLUNO<\/strong>\u00a0Dal prossimo anno scolastico, la Diocesi di Belluno-Feltre collaborer\u00e0 con la rete di imprese no-profit &#8220;Scuole per Crescere&#8221; nella gestione del Liceo Lollino.<br \/>\n<strong>PONTE NELLE ALPI<\/strong> Una donna di 47 anni ieri alle 12.30 \u00e8 rimasta ferita in seguito a un tamponamento avvenuto ieri a Ponte nelle Alpi. L&#8217;incidente, che ha coinvolto una Dacia Duster e un&#8217;Audi. La donna, residente a Belluno, ha riportato traumi di media gravit\u00e0<\/p>\n<h1>AUDIO<\/h1>\n<audio class=\"wp-audio-shortcode\" id=\"audio-370571-2\" preload=\"none\" style=\"width: 100%;\" controls=\"controls\"><source type=\"audio\/mpeg\" src=\"https:\/\/www.radiopiu.net\/wordpress\/wp-content\/uploads\/2024\/01\/GF07-15.mp3?_=2\" \/><a href=\"https:\/\/www.radiopiu.net\/wordpress\/wp-content\/uploads\/2024\/01\/GF07-15.mp3\">https:\/\/www.radiopiu.net\/wordpress\/wp-content\/uploads\/2024\/01\/GF07-15.mp3<\/a><\/audio>\n<p>&nbsp;<\/p>\n<p>&nbsp;<\/p>\n<hr \/>\n<p>&nbsp;<\/p>\n<p>&nbsp;<\/p>\n<h1 style=\"text-align: center;\"><span style=\"color: #ff0000;\">I podcast informativi del mattino &#8211; audio &#8211;\u00a0<\/span><\/h1>\n<p>&nbsp;<\/p>\n<blockquote><p><strong><a class=\"dt-pswp-item\" href=\"https:\/\/www.radiopiu.net\/wordpress\/wp-content\/uploads\/2021\/07\/microfono-radio-ok-768x448-768x448-1.jpg\" data-dt-img-description=\"\" data-large_image_width=\"768\" data-large_image_height=\"448\"><img loading=\"lazy\" decoding=\"async\" class=\"wp-image-220632 alignleft\" src=\"https:\/\/www.radiopiu.net\/wordpress\/wp-content\/uploads\/2021\/07\/microfono-radio-ok-768x448-768x448-1-300x175.jpg\" alt=\"\" width=\"178\" height=\"104\" srcset=\"https:\/\/www.radiopiu.net\/wordpress\/wp-content\/uploads\/2021\/07\/microfono-radio-ok-768x448-768x448-1-300x175.jpg 300w, https:\/\/www.radiopiu.net\/wordpress\/wp-content\/uploads\/2021\/07\/microfono-radio-ok-768x448-768x448-1.jpg 768w\" sizes=\"auto, (max-width: 178px) 100vw, 178px\" \/><\/a>GIORNALE RADIO NAZIONALE, EDIZIONE DELLE SETTE <span style=\"color: #0000ff;\">viene pubblicato alle 7.05 <span style=\"color: #ff0000;\">DIRETTA RADIO\u00a0<\/span><\/span><\/strong><\/p><\/blockquote>\n<p><strong>il giornale radionazionale e&#8217; in onda ogni ora, dalle sette del mattino alle venti della sera\u00a0\u00a0<\/strong><\/p>\n<p>&nbsp;<\/p>\n<p>&nbsp;<\/p>\n<p><strong>Guerra<\/strong> colloqui in corso. <strong>Russia<\/strong> strutture di difesa comuni tra Lituania Lettonia ed Estonia. <strong>Politica<\/strong> Solinas non si ricandida in Sardegna, i quattro mori sciolgono la riserva. <strong>Cronaca<\/strong> In Sardegna 1 morto e 3 feriti in un incidente sulla strada, muore turista francese. <strong>Fiorenzuola<\/strong> incidente domestico, t\u00e8 bollente, ustioni per una bimba di 9 anni. <strong>Calcio<\/strong> Napoli-Inter finale in super coppa lunedi 22 gennaio.<\/p>\n<h1>AUDIO<\/h1>\n<audio class=\"wp-audio-shortcode\" id=\"audio-370571-3\" preload=\"none\" style=\"width: 100%;\" controls=\"controls\"><source type=\"audio\/mpeg\" src=\"https:\/\/www.radiopiu.net\/wordpress\/wp-content\/uploads\/2024\/01\/giornale07-15.mp3?_=3\" \/><a href=\"https:\/\/www.radiopiu.net\/wordpress\/wp-content\/uploads\/2024\/01\/giornale07-15.mp3\">https:\/\/www.radiopiu.net\/wordpress\/wp-content\/uploads\/2024\/01\/giornale07-15.mp3<\/a><\/audio>\n<p>&nbsp;<\/p>\n<blockquote>\n<h1><span style=\"color: #ff0000;\">I podcast informativi del mattino &#8211; video &#8211;\u00a0<\/span><\/h1>\n<h2><strong><a class=\"dt-pswp-item\" href=\"https:\/\/www.radiopiu.net\/wordpress\/wp-content\/uploads\/2023\/12\/th-10.jpg\" data-dt-img-description=\"\" data-large_image_width=\"245\" data-large_image_height=\"180\"><img loading=\"lazy\" decoding=\"async\" class=\" wp-image-367395 alignleft\" src=\"https:\/\/www.radiopiu.net\/wordpress\/wp-content\/uploads\/2023\/12\/th-10.jpg\" alt=\"\" width=\"166\" height=\"122\" \/><\/a>RASSEGNA STAMPA LOCALE, ORE OTTO 05<\/strong><\/h2>\n<h2><strong> <span style=\"color: #0000ff;\">viene\u00a0 <\/span><\/strong><strong><span style=\"color: #0000ff;\">pubblicata alle 8.05 <span style=\"color: #ff0000;\">DIRETTA RADIO\u00a0\u00a0<\/span><\/span><\/strong><\/h2>\n<p>IN VENETO CALA L&#8217;INCIDENZA DELL&#8217;INFLUENZA Nell&#8217;ultima settimana monitorata, l&#8217;incidenza dell&#8217;influenza stagionale in Veneto \u00e8 scesa a 10,66 casi per mille residenti, rispetto ai 11,23 casi della settimana precedente.<br \/>\n<strong>VENEZIA\u00a0<\/strong>La consigliera regionale del PD Veneto, Chiara Luisetto, insieme ad altri colleghi, ha presentato un&#8217;interrogazione riguardante la situazione critica dei centri antiviolenza e delle case rifugio nel Veneto.<br \/>\n<strong>TREVISO_BELLUNO<\/strong> Lorella Benvegn\u00f9, figura storica della Cisl Scuola, \u00e8 stata eletta nella segreteria confederale della Cisl Belluno Treviso. Subentra a Teresa Merotto, raggiunta dalla pensione, affiancando il segretario generale Paglini e il segretario Brancher.<br \/>\n<strong>AGORDO CAMBIA<\/strong> RILANCIA &#8220;LA FERROVIA NON E&#8217; UTOPIA, MA PENSIERO COMUNE&#8221;<br \/>\n<strong>LIVINALLONGO<\/strong> Gabriele Grones artista ladino, residente a New York, esplora le connessioni simboliche di queste piante in diverse culture attraverso una nuova serie di dipinti a olio su tela.\u00a0 La mostra, intitolata &#8220;Sacred Connections&#8221;, \u00e8 allestita presso la galleria d&#8217;arte Sarahcrown e sar\u00e0 aperta fino al 2 marzo.<br \/>\n<strong>FALCADE<\/strong> Oggi pomeriggio a Falcade si terr\u00e0 il convegno &#8220;La verit\u00e0 sul lupo&#8221; con il patrocinio del Comune<br \/>\n<strong>CENCENIGHE<\/strong> L&#8217;amministrazione comunale e la Pro Loco di Cencenighe organizzano la festa per la Sagra di Sant&#8217;Antone. Domani il pranzo con i nonni: alle 10 la santa messa e alle 12 il pranzo al Nof Fil\u00f2 con ospiti d&#8217;onore i nonni.<\/p>\n<p><strong>CALCIO<\/strong> GABRIEL MARCON, UN GOSALDINO IN NAZIONALE UNDER 16<br \/>\n<strong>ARRAMPICATA\u00a0<\/strong> La palestra Lacedelli di Cortina ha accolto la Veneto Lead Junior Cup, torneo dedicato agli under 20 di arrampicata. Il duo agordino della Vertik Area Dolomiti, composto da Mattia Scarpa ed Erik Tom\u00e8, ha ottenuto un brillante risultato conquistando i primi due posti nella categoria U18.<\/p><\/blockquote>\n<h1><\/h1>\n<p><iframe loading=\"lazy\" title=\"DAL 1983 LA RASSEGNA STAMPA LOCALE di mirko mezzacasa. L&#039;ORIGINALE\" width=\"1200\" height=\"675\" src=\"https:\/\/www.youtube.com\/embed\/x7av3HenqLU?feature=oembed\" frameborder=\"0\" allow=\"accelerometer; autoplay; clipboard-write; encrypted-media; gyroscope; picture-in-picture; web-share\" allowfullscreen><\/iframe><\/p>\n<h1><\/h1>\n<hr \/>\n<p>&nbsp;<\/p>\n<p>&nbsp;<\/p>\n<p><a class=\"dt-pswp-item\" href=\"https:\/\/www.radiopiu.net\/wordpress\/wp-content\/uploads\/2023\/10\/34f4cfc6-e863-46e9-9695-8df44be63421.jpg\" data-dt-img-description=\"\" data-large_image_width=\"1200\" data-large_image_height=\"1200\"><img loading=\"lazy\" decoding=\"async\" class=\"wp-image-357393 alignleft\" src=\"https:\/\/www.radiopiu.net\/wordpress\/wp-content\/uploads\/2023\/10\/34f4cfc6-e863-46e9-9695-8df44be63421-300x300.jpg\" alt=\"\" width=\"81\" height=\"81\" srcset=\"https:\/\/www.radiopiu.net\/wordpress\/wp-content\/uploads\/2023\/10\/34f4cfc6-e863-46e9-9695-8df44be63421-300x300.jpg 300w, https:\/\/www.radiopiu.net\/wordpress\/wp-content\/uploads\/2023\/10\/34f4cfc6-e863-46e9-9695-8df44be63421-1024x1024.jpg 1024w, https:\/\/www.radiopiu.net\/wordpress\/wp-content\/uploads\/2023\/10\/34f4cfc6-e863-46e9-9695-8df44be63421-150x150.jpg 150w, https:\/\/www.radiopiu.net\/wordpress\/wp-content\/uploads\/2023\/10\/34f4cfc6-e863-46e9-9695-8df44be63421-768x768.jpg 768w, https:\/\/www.radiopiu.net\/wordpress\/wp-content\/uploads\/2023\/10\/34f4cfc6-e863-46e9-9695-8df44be63421.jpg 1200w\" sizes=\"auto, (max-width: 81px) 100vw, 81px\" \/><\/a>OGGI ALLA RADIO: <strong>ALLE 7<\/strong> LA RASSEGNA STAMPA LOCALE FLASH, PER CHI COME NOI ALLE SETTE DEL MATTINO VA DI FRETTA, TANTE NOTIZIE IN POCHE CHIACCHIERE. <strong>ALLE OTTO<\/strong> L&#8217;APPROFONDIMENTO NELLA STORICA RASSEGNA STAMPA LOCALE.\u00a0 DALLE 6 ALLE 21, OGNI ORA, L&#8217;INFORMAZIONE NAZIONALE, l&#8217;informazione locale, ALLE 10 flash. 11flash. 14 viabilit\u00e0. 15meteo. 16flash. 17flash. 18flash. 19 i titoli di Antenna 3<\/p>\n<p>OGGI ALLA RADIO Alle 9 PREMIER le due novit\u00e0 scelte da Marco Gaz, alle 10.30 e 1900 SILVIA TORMEN, SINDACO DI TAIBON ospite della RASSEGNA STAMPA DA L&#8217;AMICO DEL POPOLO CON GIANNI SANTOMASO 14.00 DJ JACK LA MUSICA CHE BATTE 15 LA CLASSIFICA UFFICIALE DI RADIOPIU CON MARCO GAZ<\/p>\n<p>&nbsp;<\/p>\n<hr \/>\n<p>&nbsp;<\/p>\n<h3><a class=\"dt-pswp-item\" href=\"https:\/\/www.radiopiu.net\/wordpress\/wp-content\/uploads\/2020\/06\/80c303ed-9a2e-49f0-8b20-3dd5e061bbf3.jpg\" data-dt-img-description=\"\" data-large_image_width=\"1280\" data-large_image_height=\"960\"><img loading=\"lazy\" decoding=\"async\" class=\"wp-image-145520 alignleft\" src=\"https:\/\/www.radiopiu.net\/wordpress\/wp-content\/uploads\/2020\/06\/80c303ed-9a2e-49f0-8b20-3dd5e061bbf3-300x225.jpg\" alt=\"\" width=\"109\" height=\"82\" srcset=\"https:\/\/www.radiopiu.net\/wordpress\/wp-content\/uploads\/2020\/06\/80c303ed-9a2e-49f0-8b20-3dd5e061bbf3-300x225.jpg 300w, https:\/\/www.radiopiu.net\/wordpress\/wp-content\/uploads\/2020\/06\/80c303ed-9a2e-49f0-8b20-3dd5e061bbf3-1024x768.jpg 1024w, https:\/\/www.radiopiu.net\/wordpress\/wp-content\/uploads\/2020\/06\/80c303ed-9a2e-49f0-8b20-3dd5e061bbf3-768x576.jpg 768w, https:\/\/www.radiopiu.net\/wordpress\/wp-content\/uploads\/2020\/06\/80c303ed-9a2e-49f0-8b20-3dd5e061bbf3.jpg 1280w\" sizes=\"auto, (max-width: 109px) 100vw, 109px\" \/><\/a><span style=\"color: #ff0000;\">SCIOPERO DEI TRASPORTI<\/span><\/h3>\n<p>Sciopero nazionale di settore (TRASPORTI) indetto per mercoled\u00ec 24 gennaio. PREVEDE LA GARANZIA DEL SERVIZIO NELLE SEGUENTI FASCE ORARIE DALLE 5:40 ALLE\u00a0 8:09 e DALLE\u00a0 12:10 ALLE\u00a0 15:39 La Dolomiti Bus S.p.A. precisa che le corse in partenza prima dell\u2019inizio dello sciopero verranno effettuate regolarmente e che le stesse, una volta iniziate, proseguiranno sino al capolinea.<\/p>\n<p>&nbsp;<\/p>\n<p>&nbsp;<\/p>\n<hr \/>\n<p>&nbsp;<\/p>\n<blockquote>\n<h3>L&#8217;ASSOCIAZIONE BELLUNESI NEL MONDO PIANGE MOACIR LUIZ BOGO, IMPRENDITORE E PREMIATO NEL 2001<\/h3>\n<\/blockquote>\n<p><img loading=\"lazy\" decoding=\"async\" class=\"alignleft\" src=\"https:\/\/www.radiopiu.net\/wordpress\/wp-content\/uploads\/2024\/01\/moacir_luiz_bogo.jpg\" width=\"213\" height=\"133\" \/><\/p>\n<div class=\"flex-1 overflow-hidden\">\n<div class=\"react-scroll-to-bottom--css-psttr-79elbk h-full\">\n<div class=\"react-scroll-to-bottom--css-psttr-1n7m0yu\">\n<div class=\"flex flex-col pb-9 text-sm\">\n<div class=\"w-full text-token-text-primary\" data-testid=\"conversation-turn-19\">\n<div class=\"px-4 py-2 justify-center text-base md:gap-6 m-auto\">\n<div class=\"flex flex-1 text-base mx-auto gap-3 md:px-5 lg:px-1 xl:px-5 md:max-w-3xl lg:max-w-[40rem] xl:max-w-[48rem] group final-completion\">\n<div class=\"relative flex w-full flex-col lg:w-[calc(100%-115px)] agent-turn\">\n<div class=\"flex-col gap-1 md:gap-3\">\n<div class=\"flex flex-grow flex-col max-w-full\">\n<div class=\"min-h-[20px] text-message flex flex-col items-start gap-3 whitespace-pre-wrap break-words [.text-message+&amp;]:mt-5 overflow-x-auto\" data-message-author-role=\"assistant\" data-message-id=\"35f91ddc-c42b-46c8-b8e5-6ad409344022\">\n<div class=\"markdown prose w-full break-words dark:prose-invert dark\">\n<p><strong>BELLUNO<\/strong> L&#8217;Associazione Bellunesi nel Mondo piange la scomparsa, all&#8217;et\u00e0 di 76 anni, di Moacir Luiz Bogo, premiato nel 2001 con il riconoscimento \u201cBellunesi che onorano la provincia di Belluno in Italia e nel mondo\u201d. Nato a Rio do Oeste, Brasile, nel 1947, \u00e8 deceduto a Joinville il 17 gennaio. Moacir, imprenditore di successo, ha dimostrato capacit\u00e0 imprenditoriali in vari settori e ha ricoperto importanti cariche associative a Joinville. Il presidente dell&#8217;Associazione Bellunesi nel Mondo, Oscar De Bona, ricorda il lungo periodo di amicizia e l&#8217;attiva partecipazione di Moacir nei progetti dell&#8217;associazione, esprimendo cordoglio e solidariet\u00e0 alla famiglia e agli amici<\/p>\n<\/div>\n<\/div>\n<\/div>\n<\/div>\n<\/div>\n<\/div>\n<\/div>\n<\/div>\n<\/div>\n<\/div>\n<\/div>\n<\/div>\n<p>&nbsp;<\/p>\n<hr \/>\n<p>&nbsp;<\/p>\n<blockquote>\n<h3>TAMPONAMENTO AL BIVIO<\/h3>\n<\/blockquote>\n<p><strong>PONTE NELLE ALPI<\/strong> Una donna di 47 anni ieri alle 12.30 \u00e8 rimasta ferita in seguito a un tamponamento avvenuto ieri a Ponte nelle Alpi. L&#8217;incidente, che ha coinvolto una Dacia Duster e un&#8217;Audi. La donna, residente a Belluno, ha riportato traumi di media gravit\u00e0 . La guidatrice dell&#8217;altra vettura non ha riportato gravi lesioni, mentre il secondo conducente \u00e8 risultato illeso.<\/p>\n<p>&nbsp;<\/p>\n<p>&nbsp;<\/p>\n<hr \/>\n<p>&nbsp;<\/p>\n<blockquote>\n<h3>PISTA DA BOB A CORTINA: IL CIO RISPONDE AL COMITATO CIVICO CORTINA<\/h3>\n<\/blockquote>\n<p><strong><a class=\"dt-pswp-item\" href=\"https:\/\/www.radiopiu.net\/wordpress\/wp-content\/uploads\/2023\/10\/PISTA-BOB-CORTINA.jpg\" data-dt-img-description=\"\" data-large_image_width=\"800\" data-large_image_height=\"600\"><img loading=\"lazy\" decoding=\"async\" class=\" wp-image-357136 alignleft\" src=\"https:\/\/www.radiopiu.net\/wordpress\/wp-content\/uploads\/2023\/10\/PISTA-BOB-CORTINA-300x225.jpg\" alt=\"\" width=\"172\" height=\"129\" srcset=\"https:\/\/www.radiopiu.net\/wordpress\/wp-content\/uploads\/2023\/10\/PISTA-BOB-CORTINA-300x225.jpg 300w, https:\/\/www.radiopiu.net\/wordpress\/wp-content\/uploads\/2023\/10\/PISTA-BOB-CORTINA-768x576.jpg 768w, https:\/\/www.radiopiu.net\/wordpress\/wp-content\/uploads\/2023\/10\/PISTA-BOB-CORTINA.jpg 800w\" sizes=\"auto, (max-width: 172px) 100vw, 172px\" \/><\/a>CORTINA <\/strong>Il CIO ha risposto al Comitato Civico Cortina in merito alle preoccupazioni sulla realizzazione della pista da bob per le Olimpiadi invernali 2026. Il CIO ribadisce la sua posizione sulla costruzione di infrastrutture permanenti senza un piano di legacy chiaro e attuabile. Kristin Kloster, presidente della commissione di coordinamento del CIO per i Giochi Olimpici Milano Cortina 2026, afferma che il CIO crede fermamente che il numero esistente di piste per gli sport di scivolamento sia sufficiente. Il CIO riconosce l&#8217;importanza dell&#8217;omologazione e dei test event per garantire la sicurezza, ma sottolinea che solo piste gi\u00e0 esistenti devono essere considerate, dati i tempi stretti. Il Comitato Civico Cortina critica la decisione dei politici di andare contro le raccomandazioni del CIO e di procedere con la costruzione della pista.<\/p>\n<p>&nbsp;<\/p>\n<a href=\"https:\/\/www.radiopiu.net\/wordpress\/wp-content\/uploads\/2024\/01\/cio-risposta-tradotta-gen-2024.pdf\" class=\"pdfemb-viewer\" style=\"\" data-width=\"max\" data-height=\"max\" data-toolbar=\"top\" data-toolbar-fixed=\"on\">cio risposta tradotta gen 2024<\/a>\n<p>&nbsp;<\/p>\n<p>&nbsp;<\/p>\n<hr \/>\n<p>&nbsp;<\/p>\n<p><strong><a class=\"dt-pswp-item\" href=\"https:\/\/www.radiopiu.net\/wordpress\/wp-content\/uploads\/2024\/01\/Senza-nome-34.png\" data-dt-img-description=\"\" data-large_image_width=\"239\" data-large_image_height=\"153\"><img loading=\"lazy\" decoding=\"async\" class=\"wp-image-369478 alignleft\" src=\"https:\/\/www.radiopiu.net\/wordpress\/wp-content\/uploads\/2024\/01\/Senza-nome-34.png\" alt=\"\" width=\"128\" height=\"82\" \/><\/a> <\/strong><\/p>\n<p><strong>\u00a0<\/strong><\/p>\n<p><strong>dal TG BELLUNESE di\u00a0 ANTENNA 3 ogni sera alle 19.30 sul canale 10 del digitale terrestre e alle 19 le anticipazioni alla radio.\u00a0<\/strong><\/p>\n<p>&nbsp;<\/p>\n<blockquote>\n<h3 class=\"_title post-title entry-title\">CIO IRREMOVIBILE: LA NUOVA PISTA? \u00abFUORI DALLE COMPETENZE DEL COMITATO ORGANIZZATORE<\/h3>\n<\/blockquote>\n<p><strong>\u00a0<\/strong><\/p>\n<p><strong>di TIZIANA BOLOGNANI<\/strong><\/p>\n<p><iframe loading=\"lazy\" title=\"CIO IRREMOVIBILE: LA NUOVA PISTA? \u00abFUORI DALLE COMPETENZE DEL COMITATO ORGANIZZATORE\u00bb | 19\/01\/2024\" width=\"1200\" height=\"675\" src=\"https:\/\/www.youtube.com\/embed\/qvMp4dWdVuY?feature=oembed\" frameborder=\"0\" allow=\"accelerometer; autoplay; clipboard-write; encrypted-media; gyroscope; picture-in-picture; web-share\" allowfullscreen><\/iframe><\/p>\n<hr \/>\n<p>&nbsp;<\/p>\n<p>&nbsp;<\/p>\n<p>&nbsp;<\/p>\n<p>&nbsp;<\/p>\n<hr \/>\n<p>&nbsp;<\/p>\n<blockquote>\n<h3>IN VENETO CALA L&#8217;INCIDENZA DELL&#8217;INFLUENZA<\/h3>\n<\/blockquote>\n<p><strong><a class=\"dt-pswp-item\" href=\"https:\/\/www.radiopiu.net\/wordpress\/wp-content\/uploads\/2022\/12\/influenza.jpg\" data-dt-img-description=\"\" data-large_image_width=\"1718\" data-large_image_height=\"1190\"><img loading=\"lazy\" decoding=\"async\" class=\" wp-image-311722 alignleft\" src=\"https:\/\/www.radiopiu.net\/wordpress\/wp-content\/uploads\/2022\/12\/influenza-300x208.jpg\" alt=\"\" width=\"160\" height=\"111\" srcset=\"https:\/\/www.radiopiu.net\/wordpress\/wp-content\/uploads\/2022\/12\/influenza-300x208.jpg 300w, https:\/\/www.radiopiu.net\/wordpress\/wp-content\/uploads\/2022\/12\/influenza-1024x709.jpg 1024w, https:\/\/www.radiopiu.net\/wordpress\/wp-content\/uploads\/2022\/12\/influenza-768x532.jpg 768w, https:\/\/www.radiopiu.net\/wordpress\/wp-content\/uploads\/2022\/12\/influenza-1536x1064.jpg 1536w, https:\/\/www.radiopiu.net\/wordpress\/wp-content\/uploads\/2022\/12\/influenza.jpg 1718w\" sizes=\"auto, (max-width: 160px) 100vw, 160px\" \/><\/a>VENEZIA<\/strong> Nell&#8217;ultima settimana monitorata, l&#8217;incidenza dell&#8217;influenza stagionale in Veneto \u00e8 scesa a 10,66 casi per mille residenti, rispetto ai 11,23 casi della settimana precedente. Il Rapporto RespiVirNet della Regione indica che c&#8217;\u00e8 stato un leggero calo nelle diverse fasce d&#8217;et\u00e0, compresa quella tra 5 e 14 anni (8,36 contro 8,77), tra 15 e 64 anni (10,88 contro 11,72), e oltre i 65 anni (4,45 contro 6,39). Tuttavia, c&#8217;\u00e8 stato un aumento lieve nell&#8217;incidenza nella fascia 0-4 anni, che segna 36,85 contro 29,67 casi per mille residenti nel rilevamento precedente. Nell&#8217;ultima settimana si stima che ci siano stati 54.696 nuovi casi di influenza, con un totale stimato di oltre 616.000 veneti colpiti dall&#8217;influenza finora. L&#8217;Assessore alla Sanit\u00e0, Manuela Lanzarin, afferma che la situazione \u00e8 in linea con le precedenti stagioni epidemiche, con il picco raggiunto e ora in fase di stabilizzazione. Il sistema sanitario ha retto bene all&#8217;urto della stagione influenzale, senza situazioni di particolare disagio, se non l&#8217;aumento degli accessi ai Pronto Soccorso.<\/p>\n<p>&nbsp;<\/p>\n<p>&nbsp;<\/p>\n<hr \/>\n<p>&nbsp;<\/p>\n<blockquote>\n<h3>UN&#8217;INTERROGAZIONE SUI CENTRI ANTI VIOLENZA IN VENETO<\/h3>\n<\/blockquote>\n<p><strong><a class=\"dt-pswp-item\" href=\"https:\/\/www.radiopiu.net\/wordpress\/wp-content\/uploads\/2020\/11\/VIOLENZA-DONNE.jpg\" data-dt-img-description=\"\" data-large_image_width=\"1920\" data-large_image_height=\"1565\"><img loading=\"lazy\" decoding=\"async\" class=\" wp-image-174279 alignleft\" src=\"https:\/\/www.radiopiu.net\/wordpress\/wp-content\/uploads\/2020\/11\/VIOLENZA-DONNE-300x245.jpg\" alt=\"\" width=\"157\" height=\"128\" srcset=\"https:\/\/www.radiopiu.net\/wordpress\/wp-content\/uploads\/2020\/11\/VIOLENZA-DONNE-300x245.jpg 300w, https:\/\/www.radiopiu.net\/wordpress\/wp-content\/uploads\/2020\/11\/VIOLENZA-DONNE-1024x835.jpg 1024w, https:\/\/www.radiopiu.net\/wordpress\/wp-content\/uploads\/2020\/11\/VIOLENZA-DONNE-768x626.jpg 768w, https:\/\/www.radiopiu.net\/wordpress\/wp-content\/uploads\/2020\/11\/VIOLENZA-DONNE-1536x1252.jpg 1536w, https:\/\/www.radiopiu.net\/wordpress\/wp-content\/uploads\/2020\/11\/VIOLENZA-DONNE.jpg 1920w\" sizes=\"auto, (max-width: 157px) 100vw, 157px\" \/><\/a>VENEZIA\u00a0<\/strong>La consigliera regionale del PD Veneto, Chiara Luisetto, insieme ad altri colleghi, ha presentato un&#8217;interrogazione riguardante la situazione critica dei centri antiviolenza e delle case rifugio nel Veneto. Luisetto esprime preoccupazione per la possibile chiusura di molte di queste strutture a causa dei requisiti minimi imposti dall&#8217;intesa Stato-Regioni del settembre 2022. L&#8217;assessore Lanzarin \u00e8 chiamato a fornire chiarimenti sulla situazione e sullo stato delle interlocuzioni a livello nazionale e regionale per evitare la chiusura di queste importanti risorse per la tutela delle donne vittime di violenza. I requisiti critici, come l&#8217;obbligo di avere un numero telefonico dedicato 24 ore su 24, rappresentano un ostacolo per molte strutture. La consigliera chiede chiarezza e azioni immediate.<\/p>\n<p>&nbsp;<\/p>\n<hr \/>\n<p>&nbsp;<\/p>\n<blockquote>\n<h3><strong>INCIDENTE A MOTOR BIKE EXPO: GRAZIE ALLA BARRIERA DI SICUREZZA NESSUN FERITO GRAVE<\/strong><\/h3>\n<\/blockquote>\n<div><strong><a href=\"https:\/\/www.radiopiu.net\/wordpress\/wp-content\/uploads\/2024\/01\/banner-mbe-2024-1200x600-1.webp\"><img loading=\"lazy\" decoding=\"async\" class=\" wp-image-370718 alignleft\" src=\"https:\/\/www.radiopiu.net\/wordpress\/wp-content\/uploads\/2024\/01\/banner-mbe-2024-1200x600-1-300x157.webp\" alt=\"\" width=\"241\" height=\"126\" srcset=\"https:\/\/www.radiopiu.net\/wordpress\/wp-content\/uploads\/2024\/01\/banner-mbe-2024-1200x600-1-300x157.webp 300w, https:\/\/www.radiopiu.net\/wordpress\/wp-content\/uploads\/2024\/01\/banner-mbe-2024-1200x600-1-768x401.webp 768w, https:\/\/www.radiopiu.net\/wordpress\/wp-content\/uploads\/2024\/01\/banner-mbe-2024-1200x600-1.webp 800w\" sizes=\"auto, (max-width: 241px) 100vw, 241px\" \/><\/a>Verona <\/strong>In merito all\u2019incidente accaduto ieri a Motor Bike Expo durante uno degli show dinamici con auto e stuntmen professionisti, Veronafiere, nel dispiacersi per quanto accaduto ed esprimendo vicinanza ai suoi visitatori, precisa che \u00e8 stato attivato immediatamente il piano sanitario, con l\u2019intervento dei mezzi del SUEM e della Polizia Locale per i rilievi del caso. Delle 14 persone coinvolte, 9 sono state portate ai pronto soccorso degli ospedali locali: grazie alla barriera di sicurezza, nessuna di queste ha riportato gravi lesioni.<\/div>\n<p>&nbsp;<\/p>\n<p><strong>DAL GIORNALE RADIO NAZIONALE DI IERI, EDIZIONE DELLE 18.00<\/strong><\/p>\n<audio class=\"wp-audio-shortcode\" id=\"audio-370571-4\" preload=\"none\" style=\"width: 100%;\" controls=\"controls\"><source type=\"audio\/mpeg\" src=\"https:\/\/www.radiopiu.net\/wordpress\/wp-content\/uploads\/2024\/01\/VERONA.mp3?_=4\" \/><a href=\"https:\/\/www.radiopiu.net\/wordpress\/wp-content\/uploads\/2024\/01\/VERONA.mp3\">https:\/\/www.radiopiu.net\/wordpress\/wp-content\/uploads\/2024\/01\/VERONA.mp3<\/a><\/audio>\n<p>&nbsp;<\/p>\n<p>&nbsp;<\/p>\n<hr \/>\n<p>&nbsp;<\/p>\n<p>&nbsp;<\/p>\n<table>\n<tbody>\n<tr>\n<td>\n<blockquote>\n<h3>OPERAZIONE STRADE SICURE. PRESIDENTE ZAIA, \u201cSEGNALE CONCRETO DI ATTENZIONE NEI CONFRONTI DEI VENETI.<\/h3>\n<\/blockquote>\n<\/td>\n<\/tr>\n<tr>\n<td><strong><a class=\"dt-pswp-item\" href=\"https:\/\/www.radiopiu.net\/wordpress\/wp-content\/uploads\/2024\/01\/cdbb9935-ef9b-46f0-8c77-607f3874a485.jpg\" data-dt-img-description=\"\" data-large_image_width=\"1600\" data-large_image_height=\"901\"><img loading=\"lazy\" decoding=\"async\" class=\"wp-image-370473 alignleft\" src=\"https:\/\/www.radiopiu.net\/wordpress\/wp-content\/uploads\/2024\/01\/cdbb9935-ef9b-46f0-8c77-607f3874a485-300x169.jpg\" alt=\"\" width=\"192\" height=\"108\" srcset=\"https:\/\/www.radiopiu.net\/wordpress\/wp-content\/uploads\/2024\/01\/cdbb9935-ef9b-46f0-8c77-607f3874a485-300x169.jpg 300w, https:\/\/www.radiopiu.net\/wordpress\/wp-content\/uploads\/2024\/01\/cdbb9935-ef9b-46f0-8c77-607f3874a485-1024x577.jpg 1024w, https:\/\/www.radiopiu.net\/wordpress\/wp-content\/uploads\/2024\/01\/cdbb9935-ef9b-46f0-8c77-607f3874a485-768x432.jpg 768w, https:\/\/www.radiopiu.net\/wordpress\/wp-content\/uploads\/2024\/01\/cdbb9935-ef9b-46f0-8c77-607f3874a485-1536x865.jpg 1536w, https:\/\/www.radiopiu.net\/wordpress\/wp-content\/uploads\/2024\/01\/cdbb9935-ef9b-46f0-8c77-607f3874a485.jpg 1600w\" sizes=\"auto, (max-width: 192px) 100vw, 192px\" \/><\/a>VENEZIA<\/strong><em> \u201cAncora pi\u00f9 sicurezza in Veneto con l\u2019arrivo di 86 militari nelle nostre citt\u00e0, che rafforzeranno le misure a tutela dei cittadini e della legalit\u00e0, garantite ogni giorno dalle nostre forze dell\u2019ordine. Questa \u00e8 la concretezza di cui abbiamo bisogno e che dimostra come la sicurezza \u00e8, e sar\u00e0 sempre, una delle nostre priorit\u00e0\u201d. <\/em><\/p>\n<p>Lo dice il Presidente della Regione del Veneto, Luca Zaia, commentando le nuove misure varate dal Ministro dell\u2019Interno, Matteo Piantedosi, rivolte alla sicurezza e al controllo del territorio veneto grazie all\u2019operazione Strade Sicure.<\/td>\n<\/tr>\n<\/tbody>\n<\/table>\n<p>&nbsp;<\/p>\n<p>&nbsp;<\/p>\n<hr \/>\n<p>&nbsp;<\/p>\n<blockquote>\n<h2>LORELLA BENVEGNU&#8217; ELETTA NELLA SEGRETERIA CONFEDERALE CISL<\/h2>\n<\/blockquote>\n<p>&nbsp;<\/p>\n<p><strong><a class=\"dt-pswp-item\" href=\"https:\/\/www.radiopiu.net\/wordpress\/wp-content\/uploads\/2024\/01\/Lorella-Benvegnu1.jpeg\" data-dt-img-description=\"\" data-large_image_width=\"1600\" data-large_image_height=\"1200\"><img loading=\"lazy\" decoding=\"async\" class=\"wp-image-370635 alignleft\" src=\"https:\/\/www.radiopiu.net\/wordpress\/wp-content\/uploads\/2024\/01\/Lorella-Benvegnu1-300x225.jpeg\" alt=\"\" width=\"183\" height=\"137\" srcset=\"https:\/\/www.radiopiu.net\/wordpress\/wp-content\/uploads\/2024\/01\/Lorella-Benvegnu1-300x225.jpeg 300w, https:\/\/www.radiopiu.net\/wordpress\/wp-content\/uploads\/2024\/01\/Lorella-Benvegnu1-1024x768.jpeg 1024w, https:\/\/www.radiopiu.net\/wordpress\/wp-content\/uploads\/2024\/01\/Lorella-Benvegnu1-768x576.jpeg 768w, https:\/\/www.radiopiu.net\/wordpress\/wp-content\/uploads\/2024\/01\/Lorella-Benvegnu1-1536x1152.jpeg 1536w, https:\/\/www.radiopiu.net\/wordpress\/wp-content\/uploads\/2024\/01\/Lorella-Benvegnu1.jpeg 1600w\" sizes=\"auto, (max-width: 183px) 100vw, 183px\" \/><\/a>TREVISO_BELLUNO<\/strong> Lorella Benvegn\u00f9, figura storica della Cisl Scuola, \u00e8 stata eletta nella segreteria confederale della Cisl Belluno Treviso. Subentra a Teresa Merotto, raggiunta dalla pensione, affiancando il segretario generale Paglini e il segretario Brancher. Benvegn\u00f9, attiva nel volontariato e laureata in Lettere, \u00e8 alla guida della Cisl Scuola Belluno Treviso dal 2020. Con una lunga storia sindacale, ha maturato <a class=\"dt-pswp-item\" href=\"https:\/\/www.radiopiu.net\/wordpress\/wp-content\/uploads\/2024\/01\/Segreteria-24-Brancher-Benvegnu-Paglini.jpeg\" data-dt-img-description=\"\" data-large_image_width=\"1600\" data-large_image_height=\"1200\"><img loading=\"lazy\" decoding=\"async\" class=\" wp-image-370634 alignright\" src=\"https:\/\/www.radiopiu.net\/wordpress\/wp-content\/uploads\/2024\/01\/Segreteria-24-Brancher-Benvegnu-Paglini-300x225.jpeg\" alt=\"\" width=\"228\" height=\"171\" srcset=\"https:\/\/www.radiopiu.net\/wordpress\/wp-content\/uploads\/2024\/01\/Segreteria-24-Brancher-Benvegnu-Paglini-300x225.jpeg 300w, https:\/\/www.radiopiu.net\/wordpress\/wp-content\/uploads\/2024\/01\/Segreteria-24-Brancher-Benvegnu-Paglini-1024x768.jpeg 1024w, https:\/\/www.radiopiu.net\/wordpress\/wp-content\/uploads\/2024\/01\/Segreteria-24-Brancher-Benvegnu-Paglini-768x576.jpeg 768w, https:\/\/www.radiopiu.net\/wordpress\/wp-content\/uploads\/2024\/01\/Segreteria-24-Brancher-Benvegnu-Paglini-1536x1152.jpeg 1536w, https:\/\/www.radiopiu.net\/wordpress\/wp-content\/uploads\/2024\/01\/Segreteria-24-Brancher-Benvegnu-Paglini.jpeg 1600w\" sizes=\"auto, (max-width: 228px) 100vw, 228px\" \/><\/a>competenze nel settore scolastico. Nel suo discorso di ringraziamento, ha sottolineato la responsabilit\u00e0 dell&#8217;incarico e l&#8217;importanza di far crescere le persone lavorando in gruppo. Il segretario Paglini ha evidenziato l&#8217;incertezza del periodo, toccando vari temi attuali. In tre interventi distinti, il segretario generale della Cisl Belluno Treviso, Massimiliano Paglini, ha elogiato la neoeletta Lorella Benvegn\u00f9 per la sua esperienza sindacale e competenze. Ha affrontato diverse tematiche, tra cui l&#8217;incertezza economica, la gestione migratoria e la Manovra 2024, esprimendo soddisfazione per alcuni risultati ma criticando il governo sulle pensioni. Il segretario generale della Cisl del Veneto, Gianfranco Refosco, ha ringraziato Benvegn\u00f9 per la sua disponibilit\u00e0 e sottolineato l&#8217;importanza del sindacato in un periodo di trasformazione sociale. Le conclusioni sono state affidate al Segretario nazionale Confederale <a class=\"dt-pswp-item\" href=\"https:\/\/www.radiopiu.net\/wordpress\/wp-content\/uploads\/2024\/01\/CG-19.01.24-2-scaled.jpg\" data-dt-img-description=\"\" data-large_image_width=\"2560\" data-large_image_height=\"1920\"><img loading=\"lazy\" decoding=\"async\" class=\" wp-image-370632 alignleft\" src=\"https:\/\/www.radiopiu.net\/wordpress\/wp-content\/uploads\/2024\/01\/CG-19.01.24-2-300x225.jpg\" alt=\"\" width=\"165\" height=\"124\" srcset=\"https:\/\/www.radiopiu.net\/wordpress\/wp-content\/uploads\/2024\/01\/CG-19.01.24-2-300x225.jpg 300w, https:\/\/www.radiopiu.net\/wordpress\/wp-content\/uploads\/2024\/01\/CG-19.01.24-2-1024x768.jpg 1024w, https:\/\/www.radiopiu.net\/wordpress\/wp-content\/uploads\/2024\/01\/CG-19.01.24-2-768x576.jpg 768w, https:\/\/www.radiopiu.net\/wordpress\/wp-content\/uploads\/2024\/01\/CG-19.01.24-2-1536x1152.jpg 1536w, https:\/\/www.radiopiu.net\/wordpress\/wp-content\/uploads\/2024\/01\/CG-19.01.24-2-2048x1536.jpg 2048w\" sizes=\"auto, (max-width: 165px) 100vw, 165px\" \/><\/a>Giorgio Graziani, che ha elogiato l&#8217;impegno della Cisl, evidenziando una proposta di legge per la partecipazione dei lavoratori alla gestione delle imprese.<\/p>\n<blockquote>\n<div align=\"left\"><span style=\"color: #000000; font-family: Helvetica;\"><em>Alla guida della Cisl Scuola Belluno Treviso dal 2020, 63 anni, laureata in Lettere, attiva nel volontariato e nell&#8217;associazionismo, Benvegn\u00f9 \u00e8 entrata nel mondo della scuola nel 1986 come docente di scuola secondaria. Nel 2000 \u00e8 stata eletta Rsu, 8 anni dopo ha deciso di dedicarsi a tempo pieno all\u2019attivit\u00e0 sindacale: nel 2010 \u00e8 stata eletta segretaria generale della Cisl Scuola di Belluno, nel 2013 segretaria aggiunta nella unificata Cisl Scuola Belluno Treviso e nel dicembre 2020 Segretaria generale della stessa.<\/em><\/span><\/div>\n<\/blockquote>\n<div align=\"left\"><\/div>\n<div align=\"left\"><\/div>\n<div align=\"left\"><strong>AI MICROFONI DI RADIOPIU&#8230; LORELLA BENVEGNU&#8217;<\/strong><\/div>\n<div align=\"left\">\n<audio class=\"wp-audio-shortcode\" id=\"audio-370571-5\" preload=\"none\" style=\"width: 100%;\" controls=\"controls\"><source type=\"audio\/mpeg\" src=\"https:\/\/www.radiopiu.net\/wordpress\/wp-content\/uploads\/2024\/01\/benvegnu.mp3?_=5\" \/><a href=\"https:\/\/www.radiopiu.net\/wordpress\/wp-content\/uploads\/2024\/01\/benvegnu.mp3\">https:\/\/www.radiopiu.net\/wordpress\/wp-content\/uploads\/2024\/01\/benvegnu.mp3<\/a><\/audio>\n<\/div>\n<div align=\"left\"><\/div>\n<div align=\"left\">\n<p><strong>MASSIMILIANO PAGLINI<\/strong><\/p>\n<audio class=\"wp-audio-shortcode\" id=\"audio-370571-6\" preload=\"none\" style=\"width: 100%;\" controls=\"controls\"><source type=\"audio\/mpeg\" src=\"https:\/\/www.radiopiu.net\/wordpress\/wp-content\/uploads\/2024\/01\/paglini.mp3?_=6\" \/><a href=\"https:\/\/www.radiopiu.net\/wordpress\/wp-content\/uploads\/2024\/01\/paglini.mp3\">https:\/\/www.radiopiu.net\/wordpress\/wp-content\/uploads\/2024\/01\/paglini.mp3<\/a><\/audio>\n<\/div>\n<blockquote>\n<div align=\"left\"><\/div>\n<div align=\"left\"><a class=\"dt-pswp-item\" href=\"https:\/\/www.radiopiu.net\/wordpress\/wp-content\/uploads\/2024\/01\/CG-19.01.24-CISL.jpg\" data-dt-img-description=\"\" data-large_image_width=\"2016\" data-large_image_height=\"1512\"><img loading=\"lazy\" decoding=\"async\" class=\"wp-image-370633 aligncenter\" src=\"https:\/\/www.radiopiu.net\/wordpress\/wp-content\/uploads\/2024\/01\/CG-19.01.24-CISL-300x225.jpg\" alt=\"\" width=\"151\" height=\"113\" srcset=\"https:\/\/www.radiopiu.net\/wordpress\/wp-content\/uploads\/2024\/01\/CG-19.01.24-CISL-300x225.jpg 300w, https:\/\/www.radiopiu.net\/wordpress\/wp-content\/uploads\/2024\/01\/CG-19.01.24-CISL-1024x768.jpg 1024w, https:\/\/www.radiopiu.net\/wordpress\/wp-content\/uploads\/2024\/01\/CG-19.01.24-CISL-768x576.jpg 768w, https:\/\/www.radiopiu.net\/wordpress\/wp-content\/uploads\/2024\/01\/CG-19.01.24-CISL-1536x1152.jpg 1536w, https:\/\/www.radiopiu.net\/wordpress\/wp-content\/uploads\/2024\/01\/CG-19.01.24-CISL.jpg 2016w\" sizes=\"auto, (max-width: 151px) 100vw, 151px\" \/><\/a><\/div>\n<\/blockquote>\n<div align=\"left\"><\/div>\n<div align=\"left\"><\/div>\n<div align=\"left\">\n<hr \/>\n<\/div>\n<blockquote>\n<h3 align=\"left\"><\/h3>\n<h3 align=\"left\">AGORDO CAMBIA RILANCIA &#8220;LA FERROVIA NON E&#8217; UTOPIA, MA PENSIERO COMUNE&#8221;<\/h3>\n<\/blockquote>\n<div align=\"left\">\n<p><strong><img loading=\"lazy\" decoding=\"async\" class=\"alignleft\" src=\"https:\/\/www.radiopiu.net\/wordpress\/wp-content\/uploads\/2021\/01\/8c0de30e-d8a9-4602-a471-923eed31e373.jpg\" width=\"166\" height=\"126\" \/>AGORDO<\/strong><\/p>\n<p><strong>DI GIANNI SANTOMASO<\/strong><\/p>\n<audio class=\"wp-audio-shortcode\" id=\"audio-370571-7\" preload=\"none\" style=\"width: 100%;\" controls=\"controls\"><source type=\"audio\/mpeg\" src=\"https:\/\/www.radiopiu.net\/wordpress\/wp-content\/uploads\/2024\/01\/gianni-lux-2.mp3?_=7\" \/><a href=\"https:\/\/www.radiopiu.net\/wordpress\/wp-content\/uploads\/2024\/01\/gianni-lux-2.mp3\">https:\/\/www.radiopiu.net\/wordpress\/wp-content\/uploads\/2024\/01\/gianni-lux-2.mp3<\/a><\/audio>\n<p>&nbsp;<\/p>\n<\/div>\n<hr \/>\n<p>&nbsp;<\/p>\n<blockquote>\n<h3>LA SCUOLA MEDIA ROCCA DI FELTRE ENTRA IN UNA OCCHIALERIA, LA LI\u00d2 DI VAS<\/h3>\n<\/blockquote>\n<p><strong><a class=\"dt-pswp-item\" href=\"https:\/\/www.radiopiu.net\/wordpress\/wp-content\/uploads\/2024\/01\/20240117_111359-scaled.jpg\" data-dt-img-description=\"\" data-large_image_width=\"2560\" data-large_image_height=\"1920\"><img loading=\"lazy\" decoding=\"async\" class=\" wp-image-370616 alignleft\" src=\"https:\/\/www.radiopiu.net\/wordpress\/wp-content\/uploads\/2024\/01\/20240117_111359-300x225.jpg\" alt=\"\" width=\"201\" height=\"151\" srcset=\"https:\/\/www.radiopiu.net\/wordpress\/wp-content\/uploads\/2024\/01\/20240117_111359-300x225.jpg 300w, https:\/\/www.radiopiu.net\/wordpress\/wp-content\/uploads\/2024\/01\/20240117_111359-1024x768.jpg 1024w, https:\/\/www.radiopiu.net\/wordpress\/wp-content\/uploads\/2024\/01\/20240117_111359-768x576.jpg 768w, https:\/\/www.radiopiu.net\/wordpress\/wp-content\/uploads\/2024\/01\/20240117_111359-1536x1152.jpg 1536w, https:\/\/www.radiopiu.net\/wordpress\/wp-content\/uploads\/2024\/01\/20240117_111359-2048x1536.jpg 2048w\" sizes=\"auto, (max-width: 201px) 100vw, 201px\" \/><\/a>FELTRE<\/strong> Gli studenti della scuola media Rocca di Feltre hanno visitato l&#8217;occhialeria &#8220;Li\u00f2&#8221; di Vas come parte del concorso &#8220;\u00c8 tutta una montatura!&#8221;. L&#8217;imprenditore Adriano Lio ha condiviso la sua esperienza e ha incoraggiato gli studenti a essere diversi e originali, sottolineando l&#8217;importanza della creativit\u00e0 e della cultura. Lio ha evidenziato il ruolo delle competenze tecniche e trasversali, nonch\u00e9 la necessit\u00e0 di essere costanti e innovativi. Ha anche discusso della sostenibilit\u00e0, sottolineando l&#8217;importanza del riciclo dei materiali. Il presidente della Sezione Occhialeria Moda Sport di Confindustria Belluno Dolomiti, Erminio Da Vi\u00e0, ha elogiato l&#8217;iniziativa e ha sottolineato l&#8217;importanza dell&#8217;interazione tra scuola e impresa.<\/p>\n<p>&nbsp;<\/p>\n<hr \/>\n<p>&nbsp;<\/p>\n<p>&nbsp;<\/p>\n<blockquote>\n<h3>&#8220;Sacred Connections&#8221; LA PERSONALE A NEW YORK DI Gabriele Grones<\/h3>\n<\/blockquote>\n<p><strong><img loading=\"lazy\" decoding=\"async\" class=\"alignleft\" src=\"https:\/\/www.radiopiu.net\/wordpress\/wp-content\/uploads\/2024\/01\/grones.png\" width=\"109\" height=\"93\" \/>LIVINALLONGO<\/strong> Gabriele Grones artista ladino, residente a New York, esplora le connessioni simboliche di queste piante in diverse culture attraverso una nuova serie di dipinti a olio su tela.\u00a0 La mostra, intitolata &#8220;Sacred Connections&#8221;, \u00e8 allestita presso la galleria d&#8217;arte Sarahcrown e sar\u00e0 aperta fino al 2 marzo.<\/p>\n<p>&nbsp;<\/p>\n<p><strong>DI LORENZO SORATROI.<\/strong><\/p>\n<audio class=\"wp-audio-shortcode\" id=\"audio-370571-8\" preload=\"none\" style=\"width: 100%;\" controls=\"controls\"><source type=\"audio\/mpeg\" src=\"https:\/\/www.radiopiu.net\/wordpress\/wp-content\/uploads\/2024\/01\/LORENZO-GRONES.mp3?_=8\" \/><a href=\"https:\/\/www.radiopiu.net\/wordpress\/wp-content\/uploads\/2024\/01\/LORENZO-GRONES.mp3\">https:\/\/www.radiopiu.net\/wordpress\/wp-content\/uploads\/2024\/01\/LORENZO-GRONES.mp3<\/a><\/audio>\n<p>&nbsp;<\/p>\n\n\t\t\t<style type='text\/css'>\n\t\t\t\t#gallery-1 {\n\t\t\t\t\tmargin: auto;\n\t\t\t\t}\n\t\t\t\t#gallery-1 .gallery-item {\n\t\t\t\t\tfloat: left;\n\t\t\t\t\tmargin-top: 10px;\n\t\t\t\t\ttext-align: center;\n\t\t\t\t\twidth: 33%;\n\t\t\t\t}\n\t\t\t\t#gallery-1 img {\n\t\t\t\t\tborder: 2px solid #cfcfcf;\n\t\t\t\t}\n\t\t\t\t#gallery-1 .gallery-caption {\n\t\t\t\t\tmargin-left: 0;\n\t\t\t\t}\n\t\t\t\t\/* see gallery_shortcode() in wp-includes\/media.php *\/\n\t\t\t<\/style>\n\t\t<div id='gallery-1' class='dt-gallery-container gallery galleryid-370571 gallery-columns-3 gallery-size-thumbnail'><dl class='gallery-item'>\n\t\t\t\t<dt class='gallery-icon landscape'>\n\t\t\t\t\t<a class=\"rollover rollover-zoom dt-pswp-item\" title=\"grones\" data-dt-img-description=\"\" data-large_image_width=\"264\" data-large_image_height=\"225\"href='https:\/\/www.radiopiu.net\/wordpress\/wp-content\/uploads\/2024\/01\/grones.png'><img loading=\"lazy\" decoding=\"async\" width=\"150\" height=\"150\" src=\"https:\/\/www.radiopiu.net\/wordpress\/wp-content\/uploads\/2024\/01\/grones-150x150.png\" class=\"attachment-thumbnail size-thumbnail\" alt=\"\" \/><\/a>\n\t\t\t\t<\/dt><\/dl><dl class='gallery-item'>\n\t\t\t\t<dt class='gallery-icon landscape'>\n\t\t\t\t\t<a class=\"rollover rollover-zoom dt-pswp-item\" title=\"gabriele_grones_l\" data-dt-img-description=\"\" data-large_image_width=\"2560\" data-large_image_height=\"1920\"href='https:\/\/www.radiopiu.net\/wordpress\/wp-content\/uploads\/2024\/01\/gabriele_grones_l-scaled.jpg'><img loading=\"lazy\" decoding=\"async\" width=\"150\" height=\"150\" src=\"https:\/\/www.radiopiu.net\/wordpress\/wp-content\/uploads\/2024\/01\/gabriele_grones_l-150x150.jpg\" class=\"attachment-thumbnail size-thumbnail\" alt=\"\" \/><\/a>\n\t\t\t\t<\/dt><\/dl><dl class='gallery-item'>\n\t\t\t\t<dt class='gallery-icon landscape'>\n\t\t\t\t\t<a class=\"rollover rollover-zoom dt-pswp-item\" title=\"Gabriele_Grones_Cedar_2023_oil_on_canvas_25x54in_.jpg\" data-dt-img-description=\"\" data-large_image_width=\"2560\" data-large_image_height=\"1280\"href='https:\/\/www.radiopiu.net\/wordpress\/wp-content\/uploads\/2024\/01\/Gabriele_Grones_Cedar_2023_oil_on_canvas_25x54in_.jpg-scaled.jpg'><img loading=\"lazy\" decoding=\"async\" width=\"150\" height=\"150\" src=\"https:\/\/www.radiopiu.net\/wordpress\/wp-content\/uploads\/2024\/01\/Gabriele_Grones_Cedar_2023_oil_on_canvas_25x54in_.jpg-150x150.jpg\" class=\"attachment-thumbnail size-thumbnail\" alt=\"\" \/><\/a>\n\t\t\t\t<\/dt><\/dl><br style=\"clear: both\" \/>\n\t\t\t<\/div>\n\n<p>&nbsp;<\/p>\n<hr \/>\n<p>&nbsp;<\/p>\n<blockquote>\n<h3>DIOCESI E \u201cSCUOLE PER CRESCERE\u201d, PRESENTATO IL FUTURO DEL LOLLINO<\/h3>\n<\/blockquote>\n<p><strong>BELLUNO\u00a0<\/strong>Dal prossimo anno scolastico, la Diocesi di Belluno-Feltre collaborer\u00e0 con la rete di imprese no-profit &#8220;Scuole per Crescere&#8221; nella gestione del Liceo Lollino. La nuova gestione seguir\u00e0 l&#8217;esperienza di &#8220;Scuole per Crescere&#8221; in Emilia Romagna, con un consiglio d&#8217;amministrazione composto in modo paritetico da membri della Diocesi e della rete d&#8217;imprese. La collaborazione mira a sostenere non solo il Liceo Lollino ma anche altre realt\u00e0, come scuole e asili parrocchiali, favorendo economie di scala. Le novit\u00e0 per l&#8217;anno 2024-2025 includono l&#8217;internazionalizzazione della scuola, un aumento delle ore di inglese e l&#8217;introduzione dello studio del diritto dal primo anno.<\/p>\n<p><strong>DON GIUSEPPE BRATTI, PRESIDE DEL LICEO LOLLINO<\/strong><\/p>\n<div style=\"width: 1200px;\" class=\"wp-video\"><video class=\"wp-video-shortcode\" id=\"video-370571-1\" width=\"1200\" height=\"675\" preload=\"metadata\" controls=\"controls\"><source type=\"video\/mp4\" src=\"https:\/\/www.radiopiu.net\/wordpress\/wp-content\/uploads\/2024\/01\/Don-Giuseppe-Bratti-Preside-Liceo-Lollino-Assemblea-Diocesi-e-Scuole-per-Crescere.mp4?_=1\" \/><a href=\"https:\/\/www.radiopiu.net\/wordpress\/wp-content\/uploads\/2024\/01\/Don-Giuseppe-Bratti-Preside-Liceo-Lollino-Assemblea-Diocesi-e-Scuole-per-Crescere.mp4\">https:\/\/www.radiopiu.net\/wordpress\/wp-content\/uploads\/2024\/01\/Don-Giuseppe-Bratti-Preside-Liceo-Lollino-Assemblea-Diocesi-e-Scuole-per-Crescere.mp4<\/a><\/video><\/div>\n<p>&nbsp;<\/p>\n<p>&nbsp;<\/p>\n<hr \/>\n<p>&nbsp;<\/p>\n<p>&nbsp;<\/p>\n<blockquote>\n<h2>Papa Francesco incontra le comunit\u00e0 del Vajont, elogiando la forza di Longarone e condannando l&#8217;avidit\u00e0 distruttiva<\/h2>\n<\/blockquote>\n<p><strong><a class=\"dt-pswp-item\" href=\"https:\/\/www.radiopiu.net\/wordpress\/wp-content\/uploads\/2024\/01\/e87ec067-36fb-4395-b220-3e7918a2abe1-1.jpg\" data-dt-img-description=\"\" data-large_image_width=\"1024\" data-large_image_height=\"768\"><img loading=\"lazy\" decoding=\"async\" class=\" wp-image-370663 alignleft\" src=\"https:\/\/www.radiopiu.net\/wordpress\/wp-content\/uploads\/2024\/01\/e87ec067-36fb-4395-b220-3e7918a2abe1-1-300x225.jpg\" alt=\"\" width=\"255\" height=\"191\" srcset=\"https:\/\/www.radiopiu.net\/wordpress\/wp-content\/uploads\/2024\/01\/e87ec067-36fb-4395-b220-3e7918a2abe1-1-300x225.jpg 300w, https:\/\/www.radiopiu.net\/wordpress\/wp-content\/uploads\/2024\/01\/e87ec067-36fb-4395-b220-3e7918a2abe1-1-768x576.jpg 768w, https:\/\/www.radiopiu.net\/wordpress\/wp-content\/uploads\/2024\/01\/e87ec067-36fb-4395-b220-3e7918a2abe1-1.jpg 1024w\" sizes=\"auto, (max-width: 255px) 100vw, 255px\" \/><\/a>ROMA<\/strong> Papa Francesco ha accolto le comunit\u00e0 del Vajont in udienza privata in Vaticano. Il Pontefice ha ricordato il disastro del 9 ottobre 1963, esprimendo commozione per le vittime ma elogiando anche la dignit\u00e0 e la forza di chi ha ricostruito Longarone. Ha citato San Francesco, esortando al rispetto della natura e condannato l&#8217;avidit\u00e0 che porta distruzione. Il messaggio \u00e8 stato accolto con emozione dalla comunit\u00e0, e il sindaco di Longarone ha commentato positivamente l&#8217;occasione per pregare, riflettere e condannare la logica economica contro la natura. La comunit\u00e0 ha donato al Papa un pastorale, una maglia del Longarone calcio e prodotti locali. Successivamente, la comunit\u00e0 ha partecipato a una messa in basilica di San Pietro. Il sindaco ha annunciato un progetto formativo per coinvolgere i giovani nella memoria del Vajont.\u00a0 A Roma era presente anche una rappresentanza della comunit\u00e0 economica bellunese con la Vice Presidente Nadia Zampol e il Segretario Generale Romano Tiozzo della Camera di Commercio Treviso-Belluno.<em> L\u2019occasione &#8211; ha ricordato Nadia Zampol &#8211; \u00e8 stata straordinaria. E&#8217; sempre un&#8217;emozione incontrare il Santo Padre che nella sua fragilit\u00e0 dimostra una grande forza e una bellissima testimonianza di richiamo alla speranza perch\u00e9 i disastri causati dall&#8217;uomo non si ripresentino pi\u00f9. Oggi ogni nostra azione, ogni nostra impresa, ogni nostro sforzo per costruire una condizione umana migliore deve partire dal rispetto delle persone e dall&#8217;amore verso tutto ci\u00f2 che ci circonda&#8221;\u00a0<\/em><\/p>\n<p>&nbsp;<\/p>\n\n\t\t\t<style type='text\/css'>\n\t\t\t\t#gallery-2 {\n\t\t\t\t\tmargin: auto;\n\t\t\t\t}\n\t\t\t\t#gallery-2 .gallery-item {\n\t\t\t\t\tfloat: left;\n\t\t\t\t\tmargin-top: 10px;\n\t\t\t\t\ttext-align: center;\n\t\t\t\t\twidth: 20%;\n\t\t\t\t}\n\t\t\t\t#gallery-2 img {\n\t\t\t\t\tborder: 2px solid #cfcfcf;\n\t\t\t\t}\n\t\t\t\t#gallery-2 .gallery-caption {\n\t\t\t\t\tmargin-left: 0;\n\t\t\t\t}\n\t\t\t\t\/* see gallery_shortcode() in wp-includes\/media.php *\/\n\t\t\t<\/style>\n\t\t<div id='gallery-2' class='dt-gallery-container gallery galleryid-370571 gallery-columns-5 gallery-size-thumbnail'><dl class='gallery-item'>\n\t\t\t\t<dt class='gallery-icon landscape'>\n\t\t\t\t\t<a class=\"rollover rollover-zoom dt-pswp-item\" title=\"B86C6393-D63E-439C-A4D6-3686BB436B09\" data-dt-img-description=\"\" data-large_image_width=\"800\" data-large_image_height=\"533\"href='https:\/\/www.radiopiu.net\/wordpress\/wp-content\/uploads\/2024\/01\/B86C6393-D63E-439C-A4D6-3686BB436B09.jpeg'><img loading=\"lazy\" decoding=\"async\" width=\"150\" height=\"150\" src=\"https:\/\/www.radiopiu.net\/wordpress\/wp-content\/uploads\/2024\/01\/B86C6393-D63E-439C-A4D6-3686BB436B09-150x150.jpeg\" class=\"attachment-thumbnail size-thumbnail\" alt=\"\" \/><\/a>\n\t\t\t\t<\/dt><\/dl><dl class='gallery-item'>\n\t\t\t\t<dt class='gallery-icon landscape'>\n\t\t\t\t\t<a class=\"rollover rollover-zoom dt-pswp-item\" title=\"9E925024-FCE6-40FA-B503-501ABEB30300\" data-dt-img-description=\"\" data-large_image_width=\"800\" data-large_image_height=\"533\"href='https:\/\/www.radiopiu.net\/wordpress\/wp-content\/uploads\/2024\/01\/9E925024-FCE6-40FA-B503-501ABEB30300.jpeg'><img loading=\"lazy\" decoding=\"async\" width=\"150\" height=\"150\" src=\"https:\/\/www.radiopiu.net\/wordpress\/wp-content\/uploads\/2024\/01\/9E925024-FCE6-40FA-B503-501ABEB30300-150x150.jpeg\" class=\"attachment-thumbnail size-thumbnail\" alt=\"\" \/><\/a>\n\t\t\t\t<\/dt><\/dl><dl class='gallery-item'>\n\t\t\t\t<dt class='gallery-icon landscape'>\n\t\t\t\t\t<a class=\"rollover rollover-zoom dt-pswp-item\" title=\"6BDA842F-D4C1-4D4B-ADA1-7F379577C6C7\" data-dt-img-description=\"\" data-large_image_width=\"800\" data-large_image_height=\"533\"href='https:\/\/www.radiopiu.net\/wordpress\/wp-content\/uploads\/2024\/01\/6BDA842F-D4C1-4D4B-ADA1-7F379577C6C7.jpeg'><img loading=\"lazy\" decoding=\"async\" width=\"150\" height=\"150\" src=\"https:\/\/www.radiopiu.net\/wordpress\/wp-content\/uploads\/2024\/01\/6BDA842F-D4C1-4D4B-ADA1-7F379577C6C7-150x150.jpeg\" class=\"attachment-thumbnail size-thumbnail\" alt=\"\" \/><\/a>\n\t\t\t\t<\/dt><\/dl><dl class='gallery-item'>\n\t\t\t\t<dt class='gallery-icon landscape'>\n\t\t\t\t\t<a class=\"rollover rollover-zoom dt-pswp-item\" title=\"73D5CAA2-C3D7-4651-A4E7-9619FF4E3CFF\" data-dt-img-description=\"\" data-large_image_width=\"800\" data-large_image_height=\"533\"href='https:\/\/www.radiopiu.net\/wordpress\/wp-content\/uploads\/2024\/01\/73D5CAA2-C3D7-4651-A4E7-9619FF4E3CFF.jpeg'><img loading=\"lazy\" decoding=\"async\" width=\"150\" height=\"150\" src=\"https:\/\/www.radiopiu.net\/wordpress\/wp-content\/uploads\/2024\/01\/73D5CAA2-C3D7-4651-A4E7-9619FF4E3CFF-150x150.jpeg\" class=\"attachment-thumbnail size-thumbnail\" alt=\"\" \/><\/a>\n\t\t\t\t<\/dt><\/dl><dl class='gallery-item'>\n\t\t\t\t<dt class='gallery-icon landscape'>\n\t\t\t\t\t<a class=\"rollover rollover-zoom dt-pswp-item\" title=\"A0C280B2-42A9-4100-8EA6-BA11FFEEFCC5\" data-dt-img-description=\"\" data-large_image_width=\"800\" data-large_image_height=\"533\"href='https:\/\/www.radiopiu.net\/wordpress\/wp-content\/uploads\/2024\/01\/A0C280B2-42A9-4100-8EA6-BA11FFEEFCC5.jpeg'><img loading=\"lazy\" decoding=\"async\" width=\"150\" height=\"150\" src=\"https:\/\/www.radiopiu.net\/wordpress\/wp-content\/uploads\/2024\/01\/A0C280B2-42A9-4100-8EA6-BA11FFEEFCC5-150x150.jpeg\" class=\"attachment-thumbnail size-thumbnail\" alt=\"\" \/><\/a>\n\t\t\t\t<\/dt><\/dl><br style=\"clear: both\" \/>\n\t\t\t<\/div>\n\n<p>&nbsp;<\/p>\n<p>&nbsp;<\/p>\n<div style=\"width: 848px;\" class=\"wp-video\"><video class=\"wp-video-shortcode\" id=\"video-370571-2\" width=\"848\" height=\"480\" preload=\"metadata\" controls=\"controls\"><source type=\"video\/mp4\" src=\"https:\/\/www.radiopiu.net\/wordpress\/wp-content\/uploads\/2024\/01\/WhatsApp-Video-2024-01-19-at-15.02.44.mp4?_=2\" \/><a href=\"https:\/\/www.radiopiu.net\/wordpress\/wp-content\/uploads\/2024\/01\/WhatsApp-Video-2024-01-19-at-15.02.44.mp4\">https:\/\/www.radiopiu.net\/wordpress\/wp-content\/uploads\/2024\/01\/WhatsApp-Video-2024-01-19-at-15.02.44.mp4<\/a><\/video><\/div>\n<blockquote>\n<h3>Michele Giacomel, presidente associazione Vajont il futuro della memoria<\/h3>\n<\/blockquote>\n<div style=\"width: 848px;\" class=\"wp-video\"><video class=\"wp-video-shortcode\" id=\"video-370571-3\" width=\"848\" height=\"480\" preload=\"metadata\" controls=\"controls\"><source type=\"video\/mp4\" src=\"https:\/\/www.radiopiu.net\/wordpress\/wp-content\/uploads\/2024\/01\/WhatsApp-Video-2024-01-19-at-15.49.48.mp4?_=3\" \/><a href=\"https:\/\/www.radiopiu.net\/wordpress\/wp-content\/uploads\/2024\/01\/WhatsApp-Video-2024-01-19-at-15.49.48.mp4\">https:\/\/www.radiopiu.net\/wordpress\/wp-content\/uploads\/2024\/01\/WhatsApp-Video-2024-01-19-at-15.49.48.mp4<\/a><\/video><\/div>\n<blockquote>\n<h3>Arnaldo Olivier superstite<\/h3>\n<\/blockquote>\n<div style=\"width: 848px;\" class=\"wp-video\"><video class=\"wp-video-shortcode\" id=\"video-370571-4\" width=\"848\" height=\"480\" preload=\"metadata\" controls=\"controls\"><source type=\"video\/mp4\" src=\"https:\/\/www.radiopiu.net\/wordpress\/wp-content\/uploads\/2024\/01\/WhatsApp-Video-2024-01-19-at-15.44.07.mp4?_=4\" \/><a href=\"https:\/\/www.radiopiu.net\/wordpress\/wp-content\/uploads\/2024\/01\/WhatsApp-Video-2024-01-19-at-15.44.07.mp4\">https:\/\/www.radiopiu.net\/wordpress\/wp-content\/uploads\/2024\/01\/WhatsApp-Video-2024-01-19-at-15.44.07.mp4<\/a><\/video><\/div>\n<p>&nbsp;<\/p>\n<hr \/>\n<p>&nbsp;<\/p>\n<p>&nbsp;<\/p>\n<blockquote>\n<h2>Salute oltre la citt\u00e0&#8221;: 25 anni della Carta di Feltre e le sfide della sanit\u00e0 montana<\/h2>\n<\/blockquote>\n<p><strong><a class=\"dt-pswp-item\" href=\"https:\/\/www.radiopiu.net\/wordpress\/wp-content\/uploads\/2024\/01\/a771c545-9454-4f28-9767-ea1675df6efd.jpg\" data-dt-img-description=\"\" data-large_image_width=\"2048\" data-large_image_height=\"1536\"><img loading=\"lazy\" decoding=\"async\" class=\" wp-image-370680 alignleft\" src=\"https:\/\/www.radiopiu.net\/wordpress\/wp-content\/uploads\/2024\/01\/a771c545-9454-4f28-9767-ea1675df6efd-300x225.jpg\" alt=\"\" width=\"217\" height=\"163\" srcset=\"https:\/\/www.radiopiu.net\/wordpress\/wp-content\/uploads\/2024\/01\/a771c545-9454-4f28-9767-ea1675df6efd-300x225.jpg 300w, https:\/\/www.radiopiu.net\/wordpress\/wp-content\/uploads\/2024\/01\/a771c545-9454-4f28-9767-ea1675df6efd-1024x768.jpg 1024w, https:\/\/www.radiopiu.net\/wordpress\/wp-content\/uploads\/2024\/01\/a771c545-9454-4f28-9767-ea1675df6efd-768x576.jpg 768w, https:\/\/www.radiopiu.net\/wordpress\/wp-content\/uploads\/2024\/01\/a771c545-9454-4f28-9767-ea1675df6efd-1536x1152.jpg 1536w, https:\/\/www.radiopiu.net\/wordpress\/wp-content\/uploads\/2024\/01\/a771c545-9454-4f28-9767-ea1675df6efd.jpg 2048w\" sizes=\"auto, (max-width: 217px) 100vw, 217px\" \/><\/a>FELTRE<\/strong> Il convegno &#8220;Salute oltre la citt\u00e0&#8221;, promosso dall&#8217;Ulss 1 Dolomiti in occasione dei 25 anni della Carta di Feltre, ha affrontato diversi temi cruciali, dai servizi territoriali alle sfide occupazionali, passando per le difficolt\u00e0 legate allo spopolamento e all&#8217;invecchiamento. La sala dell&#8217;auditorium dell&#8217;Istituto Canossiano di Feltre \u00e8 stata gremita di politici, studiosi e rappresentanti delle realt\u00e0 montane italiane.<\/p>\n<p>&nbsp;<\/p>\n<p>&nbsp;<\/p>\n<p>&nbsp;<\/p>\n<p><strong>DI DANIELE DALVIT<\/strong><\/p>\n<audio class=\"wp-audio-shortcode\" id=\"audio-370571-9\" preload=\"none\" style=\"width: 100%;\" controls=\"controls\"><source type=\"audio\/mpeg\" src=\"https:\/\/www.radiopiu.net\/wordpress\/wp-content\/uploads\/2024\/01\/Radio-Piu-Servizio-Convegno-sanita-montagna.mp3?_=9\" \/><a href=\"https:\/\/www.radiopiu.net\/wordpress\/wp-content\/uploads\/2024\/01\/Radio-Piu-Servizio-Convegno-sanita-montagna.mp3\">https:\/\/www.radiopiu.net\/wordpress\/wp-content\/uploads\/2024\/01\/Radio-Piu-Servizio-Convegno-sanita-montagna.mp3<\/a><\/audio>\n<p>&nbsp;<\/p>\n<p>&nbsp;<\/p>\n<hr \/>\n<p>&nbsp;<\/p>\n<blockquote>\n<h2>ALLEGHE SUGLI SCI, COMPRENSORI INNEVATI ED EVENTI INVIDIATI. SERGIO PRA &#8220;PROFESSIONALITA&#8217; IMPORTANTI&#8221;<\/h2>\n<\/blockquote>\n<p><img loading=\"lazy\" decoding=\"async\" class=\"alignleft\" src=\"https:\/\/www.radiopiu.net\/wordpress\/wp-content\/uploads\/2022\/01\/Sergio-Pra.jpg\" width=\"83\" height=\"118\" \/><\/p>\n<p><strong>ALLEGHE<\/strong> Neve poca, ma piste perfette. Eventi importanti con il rush finale a primavera con Baite Aperte, Splash Party ed eventi agonistici di rilievo. Una stagione importante, iniziata in &#8220;sofferenza&#8221;, ma iniziata e proseguita con il vento in poppa tra l&#8217;entusiasmo di valligiani e villeggianti. Ne abbiamo parlato con il Presidente Sergio Pra.<\/p>\n<p><strong>di mirko mezzacasa<\/strong><\/p>\n<audio class=\"wp-audio-shortcode\" id=\"audio-370571-10\" preload=\"none\" style=\"width: 100%;\" controls=\"controls\"><source type=\"audio\/mpeg\" src=\"https:\/\/www.radiopiu.net\/wordpress\/wp-content\/uploads\/2024\/01\/SERGIO-PRA-ALLEGHE-CIVETTA-2024.mp3?_=10\" \/><a href=\"https:\/\/www.radiopiu.net\/wordpress\/wp-content\/uploads\/2024\/01\/SERGIO-PRA-ALLEGHE-CIVETTA-2024.mp3\">https:\/\/www.radiopiu.net\/wordpress\/wp-content\/uploads\/2024\/01\/SERGIO-PRA-ALLEGHE-CIVETTA-2024.mp3<\/a><\/audio>\n<p>&nbsp;<\/p>\n<p>&nbsp;<\/p>\n<hr \/>\n<p>&nbsp;<\/p>\n<p>&nbsp;<\/p>\n<blockquote>\n<h2>Tradizione e Solidariet\u00e0 a Sospirolo: La Festa di San Tiziano<\/h2>\n<\/blockquote>\n<p><strong><img loading=\"lazy\" decoding=\"async\" class=\"attachment-266x266 alignleft\" src=\"https:\/\/www.radiopiu.net\/wordpress\/wp-content\/uploads\/2024\/01\/681fed86-ffc6-4567-b4c9-e9ecddad522a.jpg\" alt=\"\" width=\"159\" height=\"144\" \/>SOSPIROLO <\/strong>E\u2019 ritornata anche quest&#8217;anno ai piedi dei Monti del Sole la tradizionale e storica festa del patrono di San Tiziano che si \u00e8 tenuta marted\u00ec 16 gennaio, giorno del santo. Nel borgo di Oregne \u00e8 stata celebrata anzitutto una messa in onore di San Tiziano cui \u00e8 dedicata la chiesetta della frazione sospirolese. Non \u00e8 mancata poi l\u2019occasione per un momento di incontro fra i paesani, scandito da un pranzo in compagnia e da alcuni canti accompagnati dalla fisarmonica, il tutto organizzato dal locale comitato frazionale. Proprio il comitato \u201cSan Tiziano\u201d, come ricorda il Presidente Marco Menegolla, ha voluto devolvere l\u2019intero ricavato a favore di un\u2019iniziativa benefica. Nello specifico l\u2019importo \u00e8 stato donato al comitato di gestione dell\u2019Asilo di Maras e verr\u00e0 utilizzato per l\u2019acquisto di uno scivolo a castello, che trover\u00e0 sede nella rinnovata area esterna dell\u2019asilo.<\/p>\n<p>&nbsp;<\/p>\n<p>&nbsp;<\/p>\n<hr \/>\n<p>&nbsp;<\/p>\n<blockquote>\n<h3>CONSIGLIO COMUNALE SENZA ACCORDO TRA CAPIGRUPPO. LA MINORANZA DI BORGO VALBELLUNA NON CI STA<\/h3>\n<\/blockquote>\n<p><strong>BORGO VALBELLUNA<\/strong> I gruppi di minoranza del comune di Borgo Valbelluna ritengono gravemente lesivo della democrazia il fatto accaduto in seguito alla convocazione del Consiglio Comunale per il 18 gennaio senza accordo preventivo tra i capigruppo. Sottolineano la mancanza di buona prassi nel concordare la data e l&#8217;ordine del giorno con i capigruppo. Hanno comunicato al sindaco che non possono partecipare al consiglio poich\u00e9 impegnati in un incontro con i capifrazione di Trichiana, chiedendo lo spostamento. Nonostante il sindaco abbia proposto di anticipare l&#8217;orario del consiglio, ci\u00f2 \u00e8 risultato impraticabile, senza giustificazioni valide. I gruppi di minoranza denunciano una grave caduta democratica e mancanza di rispetto nei loro confronti.<\/p>\n<p>&nbsp;<\/p>\n<p>&nbsp;<\/p>\n<hr \/>\n<p>&nbsp;<\/p>\n<blockquote>\n<h3 class=\"articlePlainTitle\">piazza Libert\u00e0 scatta il senso alternato<\/h3>\n<\/blockquote>\n<div data-url=\"http:\/\/sfoglio.corrierealpi.gelocal.it\/share_article.php?article_id=13563038\" data-title=\"Scavo in piazza Libert\u00e0 scatta il senso alternato\"><strong><a class=\"dt-pswp-item\" href=\"https:\/\/www.radiopiu.net\/wordpress\/wp-content\/uploads\/2023\/08\/3-Mercato-AGORDO-12.8-scaled.jpg\" data-dt-img-description=\"\" data-large_image_width=\"2560\" data-large_image_height=\"1709\"><img loading=\"lazy\" decoding=\"async\" class=\"wp-image-349107 alignleft\" src=\"https:\/\/www.radiopiu.net\/wordpress\/wp-content\/uploads\/2023\/08\/3-Mercato-AGORDO-12.8-300x200.jpg\" alt=\"\" width=\"194\" height=\"129\" srcset=\"https:\/\/www.radiopiu.net\/wordpress\/wp-content\/uploads\/2023\/08\/3-Mercato-AGORDO-12.8-300x200.jpg 300w, https:\/\/www.radiopiu.net\/wordpress\/wp-content\/uploads\/2023\/08\/3-Mercato-AGORDO-12.8-1024x684.jpg 1024w, https:\/\/www.radiopiu.net\/wordpress\/wp-content\/uploads\/2023\/08\/3-Mercato-AGORDO-12.8-768x513.jpg 768w, https:\/\/www.radiopiu.net\/wordpress\/wp-content\/uploads\/2023\/08\/3-Mercato-AGORDO-12.8-1536x1025.jpg 1536w, https:\/\/www.radiopiu.net\/wordpress\/wp-content\/uploads\/2023\/08\/3-Mercato-AGORDO-12.8-2048x1367.jpg 2048w\" sizes=\"auto, (max-width: 194px) 100vw, 194px\" \/><\/a>AGORDO<\/strong> cantiere per la posa di infrastrutture per le comunicazioni,\u00a0 prevede uno scavo con l&#8217;attraversamento della strada sul lato est di piazza della Libert\u00e0, all&#8217;innesto con via Cesare Battisti. Per consentire l&#8217;effettuazione in sicurezza dell&#8217;intervento, portato avanti dalla Sirti per conto di Telecom Itlaia, dal 22 gennaio fino al 6 febbraio \u00e8 prevista l&#8217;istituzione in quel tratto di un senso unico alternato, regolato da semaforo o da movieri.<\/div>\n<p>&nbsp;<\/p>\n<p>&nbsp;<\/p>\n<p>&nbsp;<\/p>\n<p>&nbsp;<\/p>\n<hr \/>\n<p>&nbsp;<\/p>\n<blockquote>\n<h2><strong>Prevenzione Incidenti Invernali: Giornata &#8220;Sicuri con la Neve&#8221;\u00a0<\/strong><\/h2>\n<p><em><a class=\"dt-pswp-item\" href=\"https:\/\/www.radiopiu.net\/wordpress\/wp-content\/uploads\/2022\/04\/278113007_364199092386522_5574385202976528726_n.jpg\" data-dt-img-description=\"\" data-large_image_width=\"554\" data-large_image_height=\"540\"><img loading=\"lazy\" decoding=\"async\" class=\"wp-image-272750 alignleft\" src=\"https:\/\/www.radiopiu.net\/wordpress\/wp-content\/uploads\/2022\/04\/278113007_364199092386522_5574385202976528726_n-300x292.jpg\" alt=\"\" width=\"134\" height=\"130\" srcset=\"https:\/\/www.radiopiu.net\/wordpress\/wp-content\/uploads\/2022\/04\/278113007_364199092386522_5574385202976528726_n-300x292.jpg 300w, https:\/\/www.radiopiu.net\/wordpress\/wp-content\/uploads\/2022\/04\/278113007_364199092386522_5574385202976528726_n.jpg 554w\" sizes=\"auto, (max-width: 134px) 100vw, 134px\" \/><\/a>Gli appuntamenti sono decine in localit\u00e0 alpine e appenniniche di dodici regioni<\/em><\/p><\/blockquote>\n<p>Il Club Alpino Italiano e il Corpo Nazionale Soccorso Alpino organizzano l&#8217;edizione 2024 della giornata nazionale &#8220;Sicuri con la Neve&#8221; domani. L&#8217;iniziativa, diffusa in localit\u00e0 alpine e appenniniche di dodici regioni, mira a sensibilizzare sulla prevenzione di incidenti legati a valanghe, scivolate e ipotermia. Volontari allestiranno stand, fornendo informazioni su comportamenti sicuri e mostrando tecniche di soccorso. La giornata affronter\u00e0 la crisi climatica e le sue implicazioni sulla stabilit\u00e0 del manto nevoso, evidenziando l&#8217;importanza della prevenzione e della cultura ambientale.<\/p>\n<p>&nbsp;<\/p>\n<p>&nbsp;<\/p>\n<hr \/>\n<p>&nbsp;<\/p>\n<blockquote>\n<h3 class=\"articlePlainTitle\"><a class=\"dt-pswp-item\" href=\"https:\/\/www.radiopiu.net\/wordpress\/wp-content\/uploads\/2023\/04\/CUCCIOLI-LUPO.jpeg\" data-dt-img-description=\"\" data-large_image_width=\"916\" data-large_image_height=\"714\"><img loading=\"lazy\" decoding=\"async\" class=\"wp-image-333449 alignleft\" src=\"https:\/\/www.radiopiu.net\/wordpress\/wp-content\/uploads\/2023\/04\/CUCCIOLI-LUPO-300x234.jpeg\" alt=\"\" width=\"160\" height=\"125\" srcset=\"https:\/\/www.radiopiu.net\/wordpress\/wp-content\/uploads\/2023\/04\/CUCCIOLI-LUPO-300x234.jpeg 300w, https:\/\/www.radiopiu.net\/wordpress\/wp-content\/uploads\/2023\/04\/CUCCIOLI-LUPO-768x599.jpeg 768w, https:\/\/www.radiopiu.net\/wordpress\/wp-content\/uploads\/2023\/04\/CUCCIOLI-LUPO.jpeg 916w\" sizes=\"auto, (max-width: 160px) 100vw, 160px\" \/><\/a><\/h3>\n<h3 class=\"articlePlainTitle\">Predatori e territorio: incontro a Caviola<\/h3>\n<\/blockquote>\n<p><strong>FALCADE<\/strong> Oggi pomeriggio a Falcade si terr\u00e0 il convegno &#8220;La verit\u00e0 sul lupo&#8221; con il patrocinio del Comune, Associazione tutela dell&#8217;ambiente e Quad in quota. L&#8217;incontro, alle 17 presso la Casa della Giovent\u00f9 a Caviola, vedr\u00e0 la partecipazione di vari esperti e rappresentanti locali. Si discuter\u00e0 della presenza del lupo nel Bellunese, dei danni all&#8217;agricoltura e delle ripercussioni sul turismo.<\/p>\n<blockquote><p><em>Con Mauro Salvaterra sindaco di Falcade, Moreno Tomaselli presidente di Quad in quota, Michele Corti dell&#8217;Associazione tutela dell&#8217;ambiente e della vita rurali, Michele Nenz di Coldiretti Belluno, Zaccaria Tona della Coop Fardjma dall&#8217;Alpago, Franco De Bon gi\u00e0 consigliere a Palazzo Piloni delegato alla polizia provinciale, Pierantonio Cristoforetti del comitato trentino Insieme per Andrea Papi. Coordina la tavola rotonda Barbara Annoni.<\/em><\/p><\/blockquote>\n<p>&nbsp;<\/p>\n<p>&nbsp;<\/p>\n<hr \/>\n<p>&nbsp;<\/p>\n<blockquote>\n<h2>LA GIORNATA DEL DIALETTO E LINGUE LOCALI<\/h2>\n<\/blockquote>\n<p>&nbsp;<\/p>\n<p><img loading=\"lazy\" decoding=\"async\" class=\"alignleft\" src=\"https:\/\/www.radiopiu.net\/wordpress\/wp-content\/uploads\/2024\/01\/b948c9cb-39a5-4ef2-a490-f459802dd80e.jpg\" width=\"242\" height=\"176\" \/><strong>SOSPIROLO<\/strong> Torna la \u201cGiornata Nazionale del Dialetto e delle Lingue Locali\u201d.\u00a0 In questo ambito, la Pro Loco Monti del Sole di Sospirolo, propone il recital \u201cCaro al me Belun\u201d della compagnia Teatro Tre di Belluno &#8211; domenica 21 gennaio alle ore 17.00 &#8211; al Centro civico di Sospirolo. L\u2019evento, ad ingresso libero, gode del patrocinio del Comune di Sospirolo.<\/p>\n<p>&nbsp;<\/p>\n<p><strong>DI ROBERTO BONA<\/strong><\/p>\n<audio class=\"wp-audio-shortcode\" id=\"audio-370571-11\" preload=\"none\" style=\"width: 100%;\" controls=\"controls\"><source type=\"audio\/mpeg\" src=\"https:\/\/www.radiopiu.net\/wordpress\/wp-content\/uploads\/2024\/01\/SIOSPIROLO-ROBERTO.mp3?_=11\" \/><a href=\"https:\/\/www.radiopiu.net\/wordpress\/wp-content\/uploads\/2024\/01\/SIOSPIROLO-ROBERTO.mp3\">https:\/\/www.radiopiu.net\/wordpress\/wp-content\/uploads\/2024\/01\/SIOSPIROLO-ROBERTO.mp3<\/a><\/audio>\n<p>&nbsp;<\/p>\n<p><a class=\"dt-pswp-item\" href=\"https:\/\/www.radiopiu.net\/wordpress\/wp-content\/uploads\/2024\/01\/2ee74054-a62f-4435-9b81-52fc589ea87a.jpg\" data-dt-img-description=\"\" data-large_image_width=\"1024\" data-large_image_height=\"1024\"><img loading=\"lazy\" decoding=\"async\" class=\"size-medium wp-image-370192 aligncenter\" src=\"https:\/\/www.radiopiu.net\/wordpress\/wp-content\/uploads\/2024\/01\/2ee74054-a62f-4435-9b81-52fc589ea87a-300x300.jpg\" alt=\"\" width=\"300\" height=\"300\" srcset=\"https:\/\/www.radiopiu.net\/wordpress\/wp-content\/uploads\/2024\/01\/2ee74054-a62f-4435-9b81-52fc589ea87a-300x300.jpg 300w, https:\/\/www.radiopiu.net\/wordpress\/wp-content\/uploads\/2024\/01\/2ee74054-a62f-4435-9b81-52fc589ea87a-150x150.jpg 150w, https:\/\/www.radiopiu.net\/wordpress\/wp-content\/uploads\/2024\/01\/2ee74054-a62f-4435-9b81-52fc589ea87a-768x768.jpg 768w, https:\/\/www.radiopiu.net\/wordpress\/wp-content\/uploads\/2024\/01\/2ee74054-a62f-4435-9b81-52fc589ea87a.jpg 1024w\" sizes=\"auto, (max-width: 300px) 100vw, 300px\" \/><\/a><\/p>\n<p>&nbsp;<\/p>\n<p>&nbsp;<\/p>\n<hr \/>\n<p>&nbsp;<\/p>\n<blockquote>\n<h3><a class=\"dt-pswp-item\" href=\"https:\/\/www.radiopiu.net\/wordpress\/wp-content\/uploads\/2024\/01\/IMG_20240116_200150-scaled.jpg\" data-dt-img-description=\"\" data-large_image_width=\"2560\" data-large_image_height=\"1875\"><img loading=\"lazy\" decoding=\"async\" class=\" wp-image-370618 alignleft\" src=\"https:\/\/www.radiopiu.net\/wordpress\/wp-content\/uploads\/2024\/01\/IMG_20240116_200150-300x220.jpg\" alt=\"\" width=\"146\" height=\"107\" srcset=\"https:\/\/www.radiopiu.net\/wordpress\/wp-content\/uploads\/2024\/01\/IMG_20240116_200150-300x220.jpg 300w, https:\/\/www.radiopiu.net\/wordpress\/wp-content\/uploads\/2024\/01\/IMG_20240116_200150-1024x750.jpg 1024w, https:\/\/www.radiopiu.net\/wordpress\/wp-content\/uploads\/2024\/01\/IMG_20240116_200150-768x562.jpg 768w, https:\/\/www.radiopiu.net\/wordpress\/wp-content\/uploads\/2024\/01\/IMG_20240116_200150-1536x1125.jpg 1536w, https:\/\/www.radiopiu.net\/wordpress\/wp-content\/uploads\/2024\/01\/IMG_20240116_200150-2048x1500.jpg 2048w\" sizes=\"auto, (max-width: 146px) 100vw, 146px\" \/><\/a>TRENTO CAPITALE EUROPEA DEL VOLONTARIATO<\/h3>\n<\/blockquote>\n<p>Trento Capitale Europea del Volontariato 2024. Dopo Padova, nel 2020, Trento \u00e8 la seconda citt\u00e0 italiana ad essere al centro europeo nella valorizzazione del volontariato con lo slogan: &#8220;gentefelice&#8221;.<\/p>\n<p>&nbsp;<\/p>\n<p>&nbsp;<\/p>\n<hr \/>\n<p>&nbsp;<\/p>\n<p>&nbsp;<\/p>\n<blockquote>\n<h3>ARIA D&#8217;INVERN, IL CONCORSO FOTOGRAFICO<\/h3>\n<\/blockquote>\n<p><strong><img loading=\"lazy\" decoding=\"async\" class=\"alignleft\" src=\"https:\/\/www.radiopiu.net\/wordpress\/wp-content\/uploads\/2024\/01\/Senza-nome-41.png\" width=\"375\" height=\"201\" \/>CENCENIGHE<\/strong> La Pro Loco di Cencenighe ha organizzato un concorso fotografico dal titolo &#8220;Aria D&#8217;Invern&#8221;. Chi volesse partecipare pu\u00f2 inviare gli scatti fino al 31 marzo alla mail ariadinvern@gmail.com seguiranno le premiazioni e, nel mese di luglio, l&#8217;esposizione delle foto al Nof Fil\u00f2. Regolamento completo sul sito www.prolococencenighe.it<\/p>\n<p>&nbsp;<\/p>\n<p><strong>L&#8217;INTERVISTA ALLA RADIO CON ORIETTA SCARDANZAN, ELISA CANCEL, FRANCESCA TRENTIN\u00a0<\/strong><\/p>\n<audio class=\"wp-audio-shortcode\" id=\"audio-370571-12\" preload=\"none\" style=\"width: 100%;\" controls=\"controls\"><source type=\"audio\/mpeg\" src=\"https:\/\/www.radiopiu.net\/wordpress\/wp-content\/uploads\/2024\/01\/porolco-cence-aria-dinverno.mp3?_=12\" \/><a href=\"https:\/\/www.radiopiu.net\/wordpress\/wp-content\/uploads\/2024\/01\/porolco-cence-aria-dinverno.mp3\">https:\/\/www.radiopiu.net\/wordpress\/wp-content\/uploads\/2024\/01\/porolco-cence-aria-dinverno.mp3<\/a><\/audio>\n<p>&nbsp;<\/p>\n<hr \/>\n<p>&nbsp;<\/p>\n<h2>EVENTI A SAN TOMASO<\/h2>\n<p><a class=\"dt-pswp-item\" href=\"https:\/\/www.radiopiu.net\/wordpress\/wp-content\/uploads\/2024\/01\/Senza-nome-66.png\" data-dt-img-description=\"\" data-large_image_width=\"636\" data-large_image_height=\"740\"><img loading=\"lazy\" decoding=\"async\" class=\"size-medium wp-image-370730 aligncenter\" src=\"https:\/\/www.radiopiu.net\/wordpress\/wp-content\/uploads\/2024\/01\/Senza-nome-66-258x300.png\" alt=\"\" width=\"258\" height=\"300\" srcset=\"https:\/\/www.radiopiu.net\/wordpress\/wp-content\/uploads\/2024\/01\/Senza-nome-66-258x300.png 258w, https:\/\/www.radiopiu.net\/wordpress\/wp-content\/uploads\/2024\/01\/Senza-nome-66.png 636w\" sizes=\"auto, (max-width: 258px) 100vw, 258px\" \/><\/a><\/p>\n<p>&nbsp;<\/p>\n<hr \/>\n<p>&nbsp;<\/p>\n<blockquote>\n<h2>LE PISTE&#8230; SULLA PORTA DI CASA<\/h2>\n<\/blockquote>\n<div>\n<div class=\"x1cy8zhl x78zum5 x1q0g3np xod5an3 x1pi30zi x1swvt13 xz9dl7a\">\n<div class=\"x1iyjqo2\">\n<div class=\"x78zum5 xdt5ytf xz62fqu x16ldp7u\">\n<div class=\"xu06os2 x1ok221b\">\n<h2 id=\":R1al9aqqd9emhpapd5aq:\" class=\"x1heor9g x1qlqyl8 x1pd3egz x1a2a7pz x1gslohp x1yc453h\"><span class=\"x193iq5w xeuugli x13faqbe x1vvkbs x1xmvt09 x6prxxf xvq8zen xo1l8bm xi81zsa\"><strong><a class=\"dt-pswp-item\" href=\"https:\/\/www.radiopiu.net\/wordpress\/wp-content\/uploads\/2021\/11\/FORCELLA-AURINE.jpg\" data-dt-img-description=\"\" data-large_image_width=\"960\" data-large_image_height=\"720\"><img loading=\"lazy\" decoding=\"async\" class=\" wp-image-241538 alignleft\" src=\"https:\/\/www.radiopiu.net\/wordpress\/wp-content\/uploads\/2021\/11\/FORCELLA-AURINE-300x225.jpg\" alt=\"\" width=\"191\" height=\"143\" srcset=\"https:\/\/www.radiopiu.net\/wordpress\/wp-content\/uploads\/2021\/11\/FORCELLA-AURINE-300x225.jpg 300w, https:\/\/www.radiopiu.net\/wordpress\/wp-content\/uploads\/2021\/11\/FORCELLA-AURINE-768x576.jpg 768w, https:\/\/www.radiopiu.net\/wordpress\/wp-content\/uploads\/2021\/11\/FORCELLA-AURINE.jpg 960w\" sizes=\"auto, (max-width: 191px) 100vw, 191px\" \/><\/a>Aurine SKI Dolomiti -Progetto Desma <\/strong><\/span><strong><a class=\"x1i10hfl xjbqb8w x6umtig x1b1mbwd xaqea5y xav7gou x9f619 x1ypdohk xt0psk2 xe8uvvx xdj266r x11i5rnm xat24cr x1mh8g0r xexx8yu x4uap5 x18d9i69 xkhd6sd x16tdsg8 x1hl2dhg xggy1nq x1a2a7pz xt0b8zv xzsf02u x1s688f\" tabindex=\"0\" role=\"link\" href=\"https:\/\/www.facebook.com\/aurineskidolomiti?__cft__[0]=AZXSmHr83SUuJT0u4kVMSvLZyFo58012vDZQz2S9NoUpe9MsUBxfpeLpjB-1OoVs-G6CFBOMyk-HwUGAJFyotDcmMB8tqVOt4ppZp7H1Nhm_9AbxGcAKPdaj0NRByIDsgxLcHrLDuU1XYg3AAgvwT-9s&amp;__tn__=-]C%2CP-R\"><span class=\"xt0psk2\">&#8211;<\/span><\/a><\/strong>.<\/h2>\n<\/div>\n<div class=\"xu06os2 x1ok221b\">NUOVE APERTURE E NUOVI ORARI: &#8211; LUNEDI : Chiuso &#8211; MARTEDI : Chiuso &#8211; MERCOLEDI : 13:00-16:30 \/ 19:30-22:00 &#8211; GIOVEDI : 13:00-16:30 &#8211; VENERDI : 13:00-16:30 &#8211; SABATO : 9:00 &#8211; 16.30 &#8211; DOMENICA : 9:00 &#8211; 16.30 AD OGGI LA SITUAZIONE PISTE: &#8211; CAMPO SCUOLA <span class=\"x3nfvp2 x1j61x8r x1fcty0u xdj266r xhhsvwb xat24cr xgzva0m xxymvpz xlup9mm x1kky2od\"><img loading=\"lazy\" decoding=\"async\" class=\"xz74otr\" src=\"https:\/\/static.xx.fbcdn.net\/images\/emoji.php\/v9\/t55\/1.5\/16\/1f7e2.png\" alt=\"&#x1f7e2;\" width=\"16\" height=\"16\" \/><\/span><\/div>\n<\/div>\n<\/div>\n<\/div>\n<\/div>\n<div>\n<div class=\"\" dir=\"auto\">\n<div id=\":R1al9aqqd9emhpapd5aqH2:\" class=\"x1iorvi4 x1pi30zi x1l90r2v x1swvt13\" data-ad-comet-preview=\"message\" data-ad-preview=\"message\">\n<div class=\"x78zum5 xdt5ytf xz62fqu x16ldp7u\">\n<div class=\"xu06os2 x1ok221b\">\n<div class=\"x11i5rnm xat24cr x1mh8g0r x1vvkbs xtlvy1s x126k92a\">\n<div dir=\"auto\">&#8211; GARDELINA <span class=\"x3nfvp2 x1j61x8r x1fcty0u xdj266r xhhsvwb xat24cr xgzva0m xxymvpz xlup9mm x1kky2od\"><img loading=\"lazy\" decoding=\"async\" class=\"xz74otr\" src=\"https:\/\/static.xx.fbcdn.net\/images\/emoji.php\/v9\/t55\/1.5\/16\/1f7e2.png\" alt=\"&#x1f7e2;\" width=\"16\" height=\"16\" \/> <\/span>&#8211; BEPI <span class=\"x3nfvp2 x1j61x8r x1fcty0u xdj266r xhhsvwb xat24cr xgzva0m xxymvpz xlup9mm x1kky2od\"><img loading=\"lazy\" decoding=\"async\" class=\"xz74otr\" src=\"https:\/\/static.xx.fbcdn.net\/images\/emoji.php\/v9\/t55\/1.5\/16\/1f7e2.png\" alt=\"&#x1f7e2;\" width=\"16\" height=\"16\" \/> <\/span>&#8211; GEMINI <span class=\"x3nfvp2 x1j61x8r x1fcty0u xdj266r xhhsvwb xat24cr xgzva0m xxymvpz xlup9mm x1kky2od\"><img loading=\"lazy\" decoding=\"async\" class=\"xz74otr\" src=\"https:\/\/static.xx.fbcdn.net\/images\/emoji.php\/v9\/tc7\/1.5\/16\/1f534.png\" alt=\"&#x1f534;\" width=\"16\" height=\"16\" \/> <\/span>Se le temperature ce lo permetteranno in pochi giorni sar\u00e0 completata anche la parte alta con l&#8217;apertura della sciovia Gardelon. RISTOBAR GHEGY<\/div>\n<\/div>\n<div class=\"x11i5rnm xat24cr x1mh8g0r x1vvkbs xtlvy1s x126k92a\">\n<div dir=\"auto\">&#8211; Dal Mercoled\u00ec al Venerd\u00ec aperto dall&#8217;ora di pranzo. &#8211; Mercoled\u00ec sera anche a cena con i panini GOURMET. &#8211; Sabato e Domenica 8:30 &#8211; 18.30.<\/div>\n<\/div>\n<\/div>\n<\/div>\n<\/div>\n<\/div>\n<\/div>\n<p>&nbsp;<\/p>\n<p>&nbsp;<\/p>\n<hr \/>\n<p>&nbsp;<\/p>\n<blockquote>\n<h3><a class=\"dt-pswp-item\" href=\"https:\/\/www.radiopiu.net\/wordpress\/wp-content\/uploads\/2024\/01\/SCR-20240109-pzvy.png\" data-dt-img-description=\"\" data-large_image_width=\"750\" data-large_image_height=\"318\"><img loading=\"lazy\" decoding=\"async\" class=\" wp-image-369322 alignleft\" src=\"https:\/\/www.radiopiu.net\/wordpress\/wp-content\/uploads\/2024\/01\/SCR-20240109-pzvy-300x127.png\" alt=\"\" width=\"222\" height=\"94\" srcset=\"https:\/\/www.radiopiu.net\/wordpress\/wp-content\/uploads\/2024\/01\/SCR-20240109-pzvy-300x127.png 300w, https:\/\/www.radiopiu.net\/wordpress\/wp-content\/uploads\/2024\/01\/SCR-20240109-pzvy.png 750w\" sizes=\"auto, (max-width: 222px) 100vw, 222px\" \/><\/a>OPEN DAY ALLA SCUOLA DELL&#8217;INFANZIA DI AGORDO<\/h3>\n<\/blockquote>\n<p><strong>AGORDO<\/strong> E&#8217; in programma per mercoled\u00ec 24 gennaio l&#8217;open day della Scuola dell&#8217;infanzia di Agordo dedicato ai genitori. Nell&#8217;occasione si potr\u00e0 vistare la struttura ed effettuare le isrizioni per il prossimo anno scolastico. La scuola sar\u00e0 visitabile dalle 16 alle 17. Inoltre, per coloro che sono impossibilitati a visitare la scuola, il 31 gennaio dalle 9 alle 16 sar\u00e0 possibile fare l&#8217;iscrizione.<\/p>\n<p>&nbsp;<\/p>\n<p>&nbsp;<\/p>\n<hr \/>\n<p>&nbsp;<\/p>\n<blockquote>\n<h1>Viaggio Alla Scoperta dell&#8217;Antico Popolo Retico<\/h1>\n<\/blockquote>\n<p><strong>FELTRE <\/strong>L&#8217;associazione no-profit &#8220;Carpe Diem&#8221; di Feltre, guidata dalla presidente Loreta De Bortoli, annuncia con entusiasmo il progetto &#8220;Cammino Retico&#8221;, un itinerario di sette giorni attraverso suggestivi paesaggi seguendo le tracce dell&#8217;antico popolo Retico. Il percorso, di circa 170 km, attraversa altipiani, valli, e borghi montani, toccando luoghi storici come il santuario di San Vittore e Corona, il fiordo Feltrino del lago del Corlo e la citt\u00e0 murata di Feltre. Ogni partecipante pu\u00f2 personalizzare il proprio itinerario, con tappe adatte al proprio ritmo e fisicit\u00e0.<\/p>\n<p>&nbsp;<\/p>\n<p>&nbsp;<\/p>\n<hr \/>\n<p>&nbsp;<\/p>\n<h2><span style=\"color: #ff6600;\">IERI ALLA RADIO<\/span><\/h2>\n<h2><span style=\"color: #800080;\">&#8220;DINTORN E FORA VIA&#8221;\u00a0 IL PROGRAMMA\u00a0 A CURA DEL MUSLA<\/span><\/h2>\n<p><strong><a class=\"dt-pswp-item\" href=\"https:\/\/www.radiopiu.net\/wordpress\/wp-content\/uploads\/2023\/08\/GIORNALI.jpg\" data-dt-img-description=\"\" data-large_image_width=\"1280\" data-large_image_height=\"853\"><img loading=\"lazy\" decoding=\"async\" class=\" wp-image-350810 alignleft\" src=\"https:\/\/www.radiopiu.net\/wordpress\/wp-content\/uploads\/2023\/08\/GIORNALI-300x200.jpg\" alt=\"\" width=\"152\" height=\"101\" srcset=\"https:\/\/www.radiopiu.net\/wordpress\/wp-content\/uploads\/2023\/08\/GIORNALI-300x200.jpg 300w, https:\/\/www.radiopiu.net\/wordpress\/wp-content\/uploads\/2023\/08\/GIORNALI-1024x682.jpg 1024w, https:\/\/www.radiopiu.net\/wordpress\/wp-content\/uploads\/2023\/08\/GIORNALI-768x512.jpg 768w, https:\/\/www.radiopiu.net\/wordpress\/wp-content\/uploads\/2023\/08\/GIORNALI.jpg 1280w\" sizes=\"auto, (max-width: 152px) 100vw, 152px\" \/><\/a>PUNTATA DEL 19 GENNAIO 2024, NORMAN CREPAZ<\/strong><\/p>\n<audio class=\"wp-audio-shortcode\" id=\"audio-370571-13\" preload=\"none\" style=\"width: 100%;\" controls=\"controls\"><source type=\"audio\/mpeg\" src=\"https:\/\/www.radiopiu.net\/wordpress\/wp-content\/uploads\/2024\/01\/MUSLA-3.mp3?_=13\" \/><a href=\"https:\/\/www.radiopiu.net\/wordpress\/wp-content\/uploads\/2024\/01\/MUSLA-3.mp3\">https:\/\/www.radiopiu.net\/wordpress\/wp-content\/uploads\/2024\/01\/MUSLA-3.mp3<\/a><\/audio>\n<p>&nbsp;<\/p>\n<p><strong>LA RACCOLTA COMPLETA <a href=\"https:\/\/www.radiopiu.net\/wordpress\/musla\/\">CLICCA QUI<\/a><\/strong><\/p>\n<p>&nbsp;<\/p>\n<h2><span style=\"color: #ff0000;\">CASSA SOLIDARIETA\u2019 AZIENDALE LAVORATORI LUXOTTICA<\/span><\/h2>\n<p><strong><a class=\"dt-pswp-item\" href=\"https:\/\/www.radiopiu.net\/wordpress\/wp-content\/uploads\/2020\/06\/cassa-solidarieta-luxottica.jpg\" data-dt-img-description=\"\" data-large_image_width=\"1167\" data-large_image_height=\"574\"><img loading=\"lazy\" decoding=\"async\" class=\" wp-image-145244 alignleft\" src=\"https:\/\/www.radiopiu.net\/wordpress\/wp-content\/uploads\/2020\/06\/cassa-solidarieta-luxottica-300x148.jpg\" alt=\"\" width=\"184\" height=\"91\" srcset=\"https:\/\/www.radiopiu.net\/wordpress\/wp-content\/uploads\/2020\/06\/cassa-solidarieta-luxottica-300x148.jpg 300w, https:\/\/www.radiopiu.net\/wordpress\/wp-content\/uploads\/2020\/06\/cassa-solidarieta-luxottica-1024x504.jpg 1024w, https:\/\/www.radiopiu.net\/wordpress\/wp-content\/uploads\/2020\/06\/cassa-solidarieta-luxottica-768x378.jpg 768w, https:\/\/www.radiopiu.net\/wordpress\/wp-content\/uploads\/2020\/06\/cassa-solidarieta-luxottica.jpg 1167w\" sizes=\"auto, (max-width: 184px) 100vw, 184px\" \/><\/a>DI MIRKO MEZZACASA<\/strong><\/p>\n<p>OSPITI: Paolo Chissal\u00e8 e Diego Palmieri<\/p>\n<audio class=\"wp-audio-shortcode\" id=\"audio-370571-14\" preload=\"none\" style=\"width: 100%;\" controls=\"controls\"><source type=\"audio\/mpeg\" src=\"https:\/\/www.radiopiu.net\/wordpress\/wp-content\/uploads\/2024\/01\/CASSA-SOLIDARIETA-LUXOTTICA-GENNAIO-2024.mp3?_=14\" \/><a href=\"https:\/\/www.radiopiu.net\/wordpress\/wp-content\/uploads\/2024\/01\/CASSA-SOLIDARIETA-LUXOTTICA-GENNAIO-2024.mp3\">https:\/\/www.radiopiu.net\/wordpress\/wp-content\/uploads\/2024\/01\/CASSA-SOLIDARIETA-LUXOTTICA-GENNAIO-2024.mp3<\/a><\/audio>\n<p>&nbsp;<\/p>\n<h2><span style=\"color: #3366ff;\">LA CASPARETHA 2024 POSTICIPATA A SABATO 17 FEBBRAIO A CANALE D&#8217;AGORDO<\/span><\/h2>\n<blockquote>\n<h4><span style=\"color: #ff0000;\">Visto che nemmeno questa notte \u00e8 arrivata la tanto attesa nevicata la Casparetha, in programma il 3 febbraio, viene rinviata a sabato 17 febbraio.\u00a0<\/span><\/h4>\n<\/blockquote>\n<p><strong> <a class=\"dt-pswp-item\" href=\"https:\/\/www.radiopiu.net\/wordpress\/wp-content\/uploads\/2024\/01\/402637883_775664241240390_6284276573063414816_n.jpg\" data-dt-img-description=\"\" data-large_image_width=\"777\" data-large_image_height=\"406\"><img loading=\"lazy\" decoding=\"async\" class=\" wp-image-370448 alignleft\" src=\"https:\/\/www.radiopiu.net\/wordpress\/wp-content\/uploads\/2024\/01\/402637883_775664241240390_6284276573063414816_n-300x157.jpg\" alt=\"\" width=\"170\" height=\"89\" srcset=\"https:\/\/www.radiopiu.net\/wordpress\/wp-content\/uploads\/2024\/01\/402637883_775664241240390_6284276573063414816_n-300x157.jpg 300w, https:\/\/www.radiopiu.net\/wordpress\/wp-content\/uploads\/2024\/01\/402637883_775664241240390_6284276573063414816_n-768x401.jpg 768w, https:\/\/www.radiopiu.net\/wordpress\/wp-content\/uploads\/2024\/01\/402637883_775664241240390_6284276573063414816_n.jpg 777w\" sizes=\"auto, (max-width: 170px) 100vw, 170px\" \/><\/a>DI MIRKO MEZZACASA<\/strong><\/p>\n<p>OSPITI: Emil Tancon e Mirco Tancon<\/p>\n<audio class=\"wp-audio-shortcode\" id=\"audio-370571-15\" preload=\"none\" style=\"width: 100%;\" controls=\"controls\"><source type=\"audio\/mpeg\" src=\"https:\/\/www.radiopiu.net\/wordpress\/wp-content\/uploads\/2024\/01\/mirco-emil-casparetha-1.mp3?_=15\" \/><a href=\"https:\/\/www.radiopiu.net\/wordpress\/wp-content\/uploads\/2024\/01\/mirco-emil-casparetha-1.mp3\">https:\/\/www.radiopiu.net\/wordpress\/wp-content\/uploads\/2024\/01\/mirco-emil-casparetha-1.mp3<\/a><\/audio>\n<p><strong>IL VIDEO PROMOZIONALE<\/strong><\/p>\n<p><iframe loading=\"lazy\" title=\"Casparetha 2024\" width=\"1200\" height=\"675\" src=\"https:\/\/www.youtube.com\/embed\/jBRPhHWUxAg?feature=oembed\" frameborder=\"0\" allow=\"accelerometer; autoplay; clipboard-write; encrypted-media; gyroscope; picture-in-picture; web-share\" allowfullscreen><\/iframe><\/p>\n<p>&nbsp;<\/p>\n<hr \/>\n<p>&nbsp;<\/p>\n<p><strong>\u201cAppia Servizi Srl, presso la propria sede di Agordo, \u00e8 alla ricerca di una nuova figura con esperienza per il reparto contabile da inserire nel proprio organico a tempo indeterminato e tempo pieno.Se interessati potete contattare il numero 0437-954411 o inviare la vostra candidatura all\u2019indirizzo <a href=\"mailto:info@appiacna.it\">info@appiacna.it<\/a>.\u201d<\/strong><\/p>\n<p>&nbsp;<\/p>\n<blockquote><p><strong><a class=\"dt-pswp-item\" href=\"https:\/\/www.radiopiu.net\/wordpress\/wp-content\/uploads\/2024\/01\/322_1.jpg\" data-dt-img-description=\"\" data-large_image_width=\"800\" data-large_image_height=\"532\"><img loading=\"lazy\" decoding=\"async\" class=\"wp-image-368729 alignleft\" src=\"https:\/\/www.radiopiu.net\/wordpress\/wp-content\/uploads\/2024\/01\/322_1-300x200.jpg\" alt=\"\" width=\"228\" height=\"152\" srcset=\"https:\/\/www.radiopiu.net\/wordpress\/wp-content\/uploads\/2024\/01\/322_1-300x200.jpg 300w, https:\/\/www.radiopiu.net\/wordpress\/wp-content\/uploads\/2024\/01\/322_1-768x511.jpg 768w, https:\/\/www.radiopiu.net\/wordpress\/wp-content\/uploads\/2024\/01\/322_1.jpg 800w\" sizes=\"auto, (max-width: 228px) 100vw, 228px\" \/><\/a>SAN MARTINO IN BADIA <\/strong>La Residenza socio-assistenziale per anziani di San Martino in Val Badia cerca da subito collaboratori qualificati a tempo determinato e\/o indeterminato da inserire nell\u2019organico. I profili richiesti sono: Infermieri professionali e operatori socio-sanitari. Si offre flessibilit\u00e0 oraria su lavoro a turni, part-time 19, 24 o 29 ore settimanali o a tempo pieno 38 ore. Si offre vitto e alloggio in struttura, possibilit\u00e0 di formazione\/aggiornamento professionale, corsi di lingua e altri benefit. Viene offerto contratto di lavoro collettivo intercompartimentale per dipendenti pubblici ed eventuale retribuzione di indennit\u00e0 linguistica di trilinguismo. Per la candidatura \u00e9 necessario possedere la padronanza della lingua italiana o tedesca, la capacit\u00e0 di lavorare in team e competenze sociali oltre alla qualifica professionale richiesta. Per interesse prego contattare direttamente la struttura al numero: 0474\/524700 o scrivendo una mail a: info@ciasadepalsa.it.<\/p><\/blockquote>\n<p>&nbsp;<\/p>\n<hr \/>\n<p>&nbsp;<\/p>\n<p>&nbsp;<\/p>\n<blockquote>\n<h1>AL CENTRO CIVICO &#8220;NOI CHE&#8221;, RIFLESSIONI SEMISERIE CON DIALOGHI E CANZONI<\/h1>\n<\/blockquote>\n<p><img decoding=\"async\" src=\"https:\/\/www.radiopiu.net\/wordpress\/wp-content\/uploads\/2024\/01\/WhatsApp-Image-2024-01-19-at-17.03.37.jpeg\" \/><\/p>\n<h1><\/h1>\n<h1>SOSPIROLO<\/h1>\n<h1>DI ROBERTO BONA<\/h1>\n<audio class=\"wp-audio-shortcode\" id=\"audio-370571-16\" preload=\"none\" style=\"width: 100%;\" controls=\"controls\"><source type=\"audio\/wav\" src=\"https:\/\/www.radiopiu.net\/wordpress\/wp-content\/uploads\/2024\/01\/NoiChe.wav?_=16\" \/><a href=\"https:\/\/www.radiopiu.net\/wordpress\/wp-content\/uploads\/2024\/01\/NoiChe.wav\">https:\/\/www.radiopiu.net\/wordpress\/wp-content\/uploads\/2024\/01\/NoiChe.wav<\/a><\/audio>\n<p>&nbsp;<\/p>\n<p>&nbsp;<\/p>\n<p>&nbsp;<\/p>\n<hr \/>\n<p>&nbsp;<\/p>\n<h2><span style=\"color: #ff0000;\">GLI APPUNTAMENTI DELLA SETTIMANA\u00a0 \u00a0<\/span><\/h2>\n<p><strong>CENCENIGHE<\/strong> L&#8217;amministrazione comunale e la Pro Loco di Cencenighe organizzano la festa per la Sagra di Sant&#8217;Antone. Domani il pranzo con i nonni: alle 10 la santa messa e alle 12 il pranzo al Nof Fil\u00f2 con ospiti d&#8217;onore i nonni.<\/p>\n<p><strong>PONTE NELLE ALPI<\/strong> La &#8220;Mostra itinerante Gemellaggi e Patti di amicizia in provincia di Belluno&#8221;, presentata a Feltre dall&#8217;Associazione Bellunesi nel Mondo con il contributo del Consorzio Bim Piave, si sposta a Ponte nelle Alpi presso il Municipio, sar\u00e0 accessibile fino al 31 gennaio, dal luned\u00ec al sabato dalle 8:30 alle 12:30 e il mercoled\u00ec dalle 14:00 alle 17:30.<\/p>\n<p>&nbsp;<\/p>\n<blockquote>\n<h3><\/h3>\n<\/blockquote>\n<h2><span style=\"color: #ff0000;\">PROSSIMAMENTE&#8230;<\/span><\/h2>\n<p><span style=\"color: #ff0000;\">\u00a0GIOVEDI 25 GENNAIO<\/span><\/p>\n<blockquote>\n<h3><a class=\"dt-pswp-item\" href=\"https:\/\/www.radiopiu.net\/wordpress\/wp-content\/uploads\/2018\/06\/logo_anpi_big.1462bcc83ce3.png\" data-dt-img-description=\"\" data-large_image_width=\"1328\" data-large_image_height=\"614\"><img loading=\"lazy\" decoding=\"async\" class=\" wp-image-50178 alignleft\" src=\"https:\/\/www.radiopiu.net\/wordpress\/wp-content\/uploads\/2018\/06\/logo_anpi_big.1462bcc83ce3-300x139.png\" alt=\"\" width=\"114\" height=\"53\" srcset=\"https:\/\/www.radiopiu.net\/wordpress\/wp-content\/uploads\/2018\/06\/logo_anpi_big.1462bcc83ce3-300x139.png 300w, https:\/\/www.radiopiu.net\/wordpress\/wp-content\/uploads\/2018\/06\/logo_anpi_big.1462bcc83ce3-768x355.png 768w, https:\/\/www.radiopiu.net\/wordpress\/wp-content\/uploads\/2018\/06\/logo_anpi_big.1462bcc83ce3-1024x473.png 1024w, https:\/\/www.radiopiu.net\/wordpress\/wp-content\/uploads\/2018\/06\/logo_anpi_big.1462bcc83ce3.png 1328w\" sizes=\"auto, (max-width: 114px) 100vw, 114px\" \/><\/a>GIORNATA DELLA MEMORIA CON L&#8217;ANPI<\/h3>\n<\/blockquote>\n<p><strong>BORGO VALBELLUNA<\/strong><\/p>\n<p><strong>DI ROBERTO BONA\u00a0<\/strong><\/p>\n<audio class=\"wp-audio-shortcode\" id=\"audio-370571-17\" preload=\"none\" style=\"width: 100%;\" controls=\"controls\"><source type=\"audio\/wav\" src=\"https:\/\/www.radiopiu.net\/wordpress\/wp-content\/uploads\/2024\/01\/GiornataMemoriaDibattito.wav?_=17\" \/><a href=\"https:\/\/www.radiopiu.net\/wordpress\/wp-content\/uploads\/2024\/01\/GiornataMemoriaDibattito.wav\">https:\/\/www.radiopiu.net\/wordpress\/wp-content\/uploads\/2024\/01\/GiornataMemoriaDibattito.wav<\/a><\/audio>\n<p>&nbsp;<\/p>\n<p>&nbsp;<\/p>\n<p><b>TRICHIANA <\/b>La biblioteca di Trichiana organizza una rassegna di incontri incentrati su temi sociali e culturali. Si affronteranno migranti, femminicidi e il ruolo delle donne.\u00a0 Il 26 gennaio, sar\u00e0 presentato &#8220;Dear Gigi&#8221; di Filippo Cerantola, ricostruendo l&#8217;opera di Luigi Meneghello attraverso lettere conservate a Vicenza. Un&#8217;iniziativa che promuove riflessioni e incontri culturali.<\/p>\n<p><strong>SOSPIROLO<\/strong> La compagnia teatrale NOI CHE presenta la commedia &#8220;NOI CHE&#8221; al Centro civico di Sospirolo venerd\u00ec 26 gennaio 2024 alle ore 20:30. La rappresentazione offre una rivisitazione semiseria degli anni Sessanta e Settanta, con dialoghi in italiano e dialetto, accompagnati da canzoni popolari dell&#8217;epoca. La compagnia, composta da un gruppo di amici appassionati di teatro, ha ricevuto apprezzamenti positivi per la sua performance, che include elementi di comicit\u00e0 e musica. L&#8217;evento \u00e8 ad ingresso libero e gode del patrocinio del Comune di Sospirolo.<\/p>\n<p><strong>BELLUNO<\/strong> il comune di Belluno &#8211; Assessorato al Sociale, Rapporti con le Associazioni e Politiche per la Famiglia, organizza per sabato 27 gennaio 2024 un convegno dal titolo &#8220;LA FAMIGLIA AL CENTRO DI SOLIDARIETA&#8217; E MEMORIA&#8221;, che si terr\u00e0 presso il Teatro &#8220;Dino Buzzati&#8221; di Belluno<\/p>\n<p><strong>LIMANA<\/strong> Sabato 27 gennaio in sala Nocivelli,\u00a0Adolf Hitler, stratega del male Due storie a confronto. Progetto e letture a cura degli alunni e insegnanti della scuola secondaria, interventi musicali degli alunni dell&#8217;indirizzo musicale della scuola. Ingresso libero.<\/p>\n<p><strong>FELTRE<\/strong> La Famiglia Ex Emigranti del Feltrino organizza la gita alla fiera &#8220;Orto Giardino&#8221; a Pordenonefiere il 6 marzo. La partenza \u00e8 alle 13 da Pedavena, con passaggio a Feltre. Il programma include l&#8217;ingresso alla fiera e una tappa in pizzeria durante il rientro. Per informazioni 40 262 9562.<\/p>\n<p>&nbsp;<\/p>\n<p>&nbsp;<\/p>\n<p>&nbsp;<\/p>\n<hr \/>\n<p>&nbsp;<\/p>\n<blockquote>\n<h3>I NUMERI VINCENTI DELLA LOTTERIA DI SAN MARCELLO<\/h3>\n<\/blockquote>\n<p><strong>FELTRE<\/strong> In occasione della Sagra di San Marcello ad Umin di Feltre l&#8217;estrazione dei biglietti della lotteria<\/p>\n<p><strong>I NUMERI VINCENTI<\/strong><\/p>\n<a href=\"https:\/\/www.radiopiu.net\/wordpress\/wp-content\/uploads\/2024\/01\/Premi-Lotteria-2024-con-numeri.pdf\" class=\"pdfemb-viewer\" style=\"\" data-width=\"max\" data-height=\"max\" data-toolbar=\"top\" data-toolbar-fixed=\"on\">Premi Lotteria 2024 con numeri<\/a>\n<p>&nbsp;<\/p>\n<p>&nbsp;<\/p>\n<p>&nbsp;<\/p>\n<p>&nbsp;<\/p>\n<hr \/>\n<p>&nbsp;<\/p>\n<p><a class=\"dt-pswp-item\" href=\"https:\/\/www.radiopiu.net\/wordpress\/wp-content\/uploads\/2018\/09\/viabilita.jpeg\" data-dt-img-description=\"\" data-large_image_width=\"800\" data-large_image_height=\"100\"><img loading=\"lazy\" decoding=\"async\" class=\"aligncenter wp-image-61954 size-full\" src=\"https:\/\/www.radiopiu.net\/wordpress\/wp-content\/uploads\/2018\/09\/viabilita.jpeg\" alt=\"\" width=\"800\" height=\"100\" srcset=\"https:\/\/www.radiopiu.net\/wordpress\/wp-content\/uploads\/2018\/09\/viabilita.jpeg 800w, https:\/\/www.radiopiu.net\/wordpress\/wp-content\/uploads\/2018\/09\/viabilita-300x38.jpeg 300w, https:\/\/www.radiopiu.net\/wordpress\/wp-content\/uploads\/2018\/09\/viabilita-768x96.jpeg 768w\" sizes=\"auto, (max-width: 800px) 100vw, 800px\" \/><\/a><\/p>\n<p>&nbsp;<\/p>\n<p><a class=\"dt-pswp-item\" href=\"https:\/\/www.radiopiu.net\/wordpress\/wp-content\/uploads\/2023\/12\/botol-car-service.jpg\" data-dt-img-description=\"\" data-large_image_width=\"600\" data-large_image_height=\"600\"><img loading=\"lazy\" decoding=\"async\" class=\"size-medium wp-image-367044 aligncenter\" src=\"https:\/\/www.radiopiu.net\/wordpress\/wp-content\/uploads\/2023\/12\/botol-car-service-300x300.jpg\" alt=\"\" width=\"300\" height=\"300\" srcset=\"https:\/\/www.radiopiu.net\/wordpress\/wp-content\/uploads\/2023\/12\/botol-car-service-300x300.jpg 300w, https:\/\/www.radiopiu.net\/wordpress\/wp-content\/uploads\/2023\/12\/botol-car-service-150x150.jpg 150w, https:\/\/www.radiopiu.net\/wordpress\/wp-content\/uploads\/2023\/12\/botol-car-service.jpg 600w\" sizes=\"auto, (max-width: 300px) 100vw, 300px\" \/><\/a><\/p>\n<p>&nbsp;<\/p>\n<blockquote>\n<h1><span style=\"color: #ff0000;\"><a class=\"dt-pswp-item\" href=\"https:\/\/www.radiopiu.net\/wordpress\/wp-content\/uploads\/2020\/05\/VENETO-STRADE.png\" data-dt-img-description=\"\" data-large_image_width=\"400\" data-large_image_height=\"400\"><img loading=\"lazy\" decoding=\"async\" class=\"wp-image-135574 alignleft\" src=\"https:\/\/www.radiopiu.net\/wordpress\/wp-content\/uploads\/2020\/05\/VENETO-STRADE-300x300.png\" alt=\"\" width=\"102\" height=\"102\" srcset=\"https:\/\/www.radiopiu.net\/wordpress\/wp-content\/uploads\/2020\/05\/VENETO-STRADE-300x300.png 300w, https:\/\/www.radiopiu.net\/wordpress\/wp-content\/uploads\/2020\/05\/VENETO-STRADE-150x150.png 150w, https:\/\/www.radiopiu.net\/wordpress\/wp-content\/uploads\/2020\/05\/VENETO-STRADE.png 400w\" sizes=\"auto, (max-width: 102px) 100vw, 102px\" \/><\/a>AGGIORNAMENTO QUOTIDIANO, IN\u00a0 COLLABORAZIONE CON VENETO STRADE E BOTOL CAR SERVICE AD AGORDO IN LOCALITA&#8217; VALCOZZENA.<\/span><\/h1>\n<p>&nbsp;<\/p><\/blockquote>\n<blockquote><p>Si raccomanda di percorrere i passi al di sopra dei 1200 m slm con catene montate; le catene devono essere montate fuori dalla sede stradale, per non intralciare il traffico e le operazioni di sgombero neve dal piano viabile. Si raccomanda di prestare la massima attenzione nella guida per la possibile presenza di tratti resi scivolosi causati da neve fortemente bagnata<\/p>\n<p>\u00c8 chiuso per periodo invernale il seguente tratto stradale: &#8211; S.P. 33 \u201cdi Sauris\u201d dal km 0+000 (innesto S.P. 619) al km 6+800 (confine Provincia di Udine).<\/p><\/blockquote>\n<p><strong>SOSPIROLO\u00a0<\/strong> Lungo la provinciale 2 tra Pian Falcina e Gena Bassa in Comune di Sospirolo\u00a0 <span style=\"color: #ff0000;\">fino al 15 febbraio,<\/span> sabato e domeniche compresi, senso unico alternato regolato da semaforo o movieri, interruzioni alla viabilit\u00e0 fino a 10 minuti per tratti di 200 metri.<\/p>\n<p>&nbsp;<\/p>\n<p><span style=\"color: #0000ff;\"><strong>BOLLETTINO VIABILITA&#8217; AGGIORNATO AL 19 GENNAIO 2024<\/strong><\/span><\/p>\n<audio class=\"wp-audio-shortcode\" id=\"audio-370571-18\" preload=\"none\" style=\"width: 100%;\" controls=\"controls\"><source type=\"audio\/mpeg\" src=\"https:\/\/www.radiopiu.net\/wordpress\/wp-content\/uploads\/2024\/01\/VIABLITA.mp3?_=18\" \/><a href=\"https:\/\/www.radiopiu.net\/wordpress\/wp-content\/uploads\/2024\/01\/VIABLITA.mp3\">https:\/\/www.radiopiu.net\/wordpress\/wp-content\/uploads\/2024\/01\/VIABLITA.mp3<\/a><\/audio>\n<p>&nbsp;<\/p>\n<p>&nbsp;<\/p>\n<hr \/>\n<p>&nbsp;<\/p>\n<p><a class=\"dt-pswp-item\" href=\"https:\/\/www.radiopiu.net\/wordpress\/wp-content\/uploads\/2018\/09\/WhatsApp-Image-2018-09-20-at-16.04.06.jpeg\" data-dt-img-description=\"\" data-large_image_width=\"800\" data-large_image_height=\"100\"><img loading=\"lazy\" decoding=\"async\" class=\"wp-image-61378 size-full aligncenter\" src=\"https:\/\/www.radiopiu.net\/wordpress\/wp-content\/uploads\/2018\/09\/WhatsApp-Image-2018-09-20-at-16.04.06.jpeg\" alt=\"\" width=\"800\" height=\"100\" srcset=\"https:\/\/www.radiopiu.net\/wordpress\/wp-content\/uploads\/2018\/09\/WhatsApp-Image-2018-09-20-at-16.04.06.jpeg 800w, https:\/\/www.radiopiu.net\/wordpress\/wp-content\/uploads\/2018\/09\/WhatsApp-Image-2018-09-20-at-16.04.06-300x38.jpeg 300w, https:\/\/www.radiopiu.net\/wordpress\/wp-content\/uploads\/2018\/09\/WhatsApp-Image-2018-09-20-at-16.04.06-768x96.jpeg 768w\" sizes=\"auto, (max-width: 800px) 100vw, 800px\" \/><\/a><\/p>\n<p><center><\/center><b>\u00a0 \u00a0<\/b><\/p>\n<p style=\"text-align: center;\"><b>OGGI <\/b><\/p>\n<p>Cielo sereno con aria tersa ed ottima visibilit\u00e0.<br \/>\n<strong>Precipitazioni.<\/strong>\u00a0Assenti (0%)<br \/>\n<strong>Temperature.<\/strong> Temperature in generale calo, marcato nei valori minimi eccetto possibili locali effetti di fhoen in qualche valle dolomitica fino al mattino con forti gelate anche a fondovalle.<\/p>\n<p style=\"text-align: center;\"><strong>DOMANI<\/strong><\/p>\n<p>Tempo stabile con cielo sereno fino alla tarda mattinata, tra il mezzogiorno e il primo pomeriggio passaggio di estese nubi alte da nordovest verso sudest in grado di mascherare il sole. A seguire nuovamente sereno.<br \/>\n<strong>Precipitazioni.<\/strong>\u00a0Assenti (0%)<br \/>\n<strong>Temperature.<\/strong> Temperature in generale graduale aumento in quota, anche marcato nei valori massimi, nelle valli minime stazionarie o in ulteriore locale calo e massime in lieve aumento. Condizioni di inversione termica nelle valli, via via pi\u00f9 accentuata dalla serata.<\/p>\n<p style=\"text-align: center;\"><strong>LUNEDI<\/strong><\/p>\n<p>Fino al mattino cielo da poco a parzialmente nuvoloso per velature, dal mezzogiorno nubi alte via via pi\u00f9 estese fino a nuvoloso o molto nuvoloso nel pomeriggio ed in serata quando non \u00e8 del tutto escluso qualche debolissimo fenomeno sparso. Temperature in ulteriore aumento in quota con forte inversione termica nelle valli (zero termico a 3000 m)<\/p>\n<p style=\"text-align: center;\"><strong>MARTEDI<\/strong><\/p>\n<p>Tempo stabile con cielo in prevalenza sereno o poco nuvoloso per il passaggio di velature. Temperature in generale calo specie oltre i 2000 m.<\/p>\n<p>&nbsp;<\/p>\n<p><center><\/center><center><\/center><a class=\"dt-pswp-item\" href=\"https:\/\/www.radiopiu.net\/wordpress\/wp-content\/uploads\/2024\/01\/Senza-nome-48.png\" data-dt-img-description=\"\" data-large_image_width=\"460\" data-large_image_height=\"633\"><img loading=\"lazy\" decoding=\"async\" class=\"aligncenter wp-image-369946 size-full\" src=\"https:\/\/www.radiopiu.net\/wordpress\/wp-content\/uploads\/2024\/01\/Senza-nome-48.png\" alt=\"\" width=\"460\" height=\"633\" srcset=\"https:\/\/www.radiopiu.net\/wordpress\/wp-content\/uploads\/2024\/01\/Senza-nome-48.png 460w, https:\/\/www.radiopiu.net\/wordpress\/wp-content\/uploads\/2024\/01\/Senza-nome-48-218x300.png 218w\" sizes=\"auto, (max-width: 460px) 100vw, 460px\" \/><\/a><\/p>\n<blockquote>\n<h3>NELLE ULTIME ORE POCA NEVE SULLE CIME DOLOMITICHE<\/h3>\n<\/blockquote>\n<p><strong>REDAZIONE<\/strong> Il Centro Valanghe ARPAV di Arabba tiene monitorata la situazione dopo le perturbazioni nevose che hanno interessato la regione. Dal nuovo bollettino neve al suolo si evince che la localit\u00e0 dove \u00e8 nevicato di pi\u00f9 \u00e8 stata Casera Caltrondo con 12 cm di neve fresca. La zona dove si \u00e8 registrato il maggior cumulo di neve al suolo durante questa stagione invernale \u00e8 Monti Alti di Ornella con 130 cm misurati.<\/p>\n<p><strong>IL BOLLETTINO NEVE AL SUOLO<\/strong><\/p>\n<a href=\"https:\/\/www.radiopiu.net\/wordpress\/wp-content\/uploads\/2024\/01\/2024_01_19_Dolomiti-Neve-al-Suolo.pdf\" class=\"pdfemb-viewer\" style=\"\" data-width=\"max\" data-height=\"max\" data-toolbar=\"top\" data-toolbar-fixed=\"on\">2024_01_19_Dolomiti Neve al Suolo<\/a>\n<p>&nbsp;<\/p>\n<hr \/>\n<p>&nbsp;<\/p>\n<p><img loading=\"lazy\" decoding=\"async\" class=\"wp-image-60761 size-full aligncenter\" src=\"https:\/\/www.radiopiu.net\/wordpress\/wp-content\/uploads\/2018\/09\/sport.jpg\" alt=\"\" width=\"800\" height=\"100\" srcset=\"https:\/\/www.radiopiu.net\/wordpress\/wp-content\/uploads\/2018\/09\/sport.jpg 800w, https:\/\/www.radiopiu.net\/wordpress\/wp-content\/uploads\/2018\/09\/sport-300x38.jpg 300w, https:\/\/www.radiopiu.net\/wordpress\/wp-content\/uploads\/2018\/09\/sport-768x96.jpg 768w\" sizes=\"auto, (max-width: 800px) 100vw, 800px\" \/><\/p>\n<p>&nbsp;<\/p>\n<p><span style=\"color: #0000ff;\"><strong>MOTORI<\/strong><\/span><\/p>\n<blockquote>\n<h2 dir=\"ltr\"><b>Da Calalzo di Cadore alla Dakar, secondo posto per Umberto Fiori. De Carlo: \u201cCongratulazioni per un risultato straordinario\u201d\u00a0<\/b><\/h2>\n<\/blockquote>\n<p>per le TRE RADIO\u00a0 BARBARA PAOLAZZI<\/p>\n<audio class=\"wp-audio-shortcode\" id=\"audio-370571-19\" preload=\"none\" style=\"width: 100%;\" controls=\"controls\"><source type=\"audio\/mpeg\" src=\"https:\/\/www.radiopiu.net\/wordpress\/wp-content\/uploads\/2024\/01\/dakar-barbara.mp3?_=19\" \/><a href=\"https:\/\/www.radiopiu.net\/wordpress\/wp-content\/uploads\/2024\/01\/dakar-barbara.mp3\">https:\/\/www.radiopiu.net\/wordpress\/wp-content\/uploads\/2024\/01\/dakar-barbara.mp3<\/a><\/audio>\n<p>&nbsp;<\/p>\n<p>&nbsp;<\/p>\n<div dir=\"ltr\">\n<div><a class=\"dt-pswp-item\" href=\"https:\/\/www.radiopiu.net\/wordpress\/wp-content\/uploads\/2024\/01\/original-FC9AC34C-10C4-42D6-9CE1-E8DCAC286CC5.jpeg\" data-dt-img-description=\"\" data-large_image_width=\"1179\" data-large_image_height=\"1172\"><img loading=\"lazy\" decoding=\"async\" class=\" wp-image-370705 alignleft\" src=\"https:\/\/www.radiopiu.net\/wordpress\/wp-content\/uploads\/2024\/01\/original-FC9AC34C-10C4-42D6-9CE1-E8DCAC286CC5-300x298.jpeg\" alt=\"\" width=\"199\" height=\"198\" srcset=\"https:\/\/www.radiopiu.net\/wordpress\/wp-content\/uploads\/2024\/01\/original-FC9AC34C-10C4-42D6-9CE1-E8DCAC286CC5-300x298.jpeg 300w, https:\/\/www.radiopiu.net\/wordpress\/wp-content\/uploads\/2024\/01\/original-FC9AC34C-10C4-42D6-9CE1-E8DCAC286CC5-1024x1018.jpeg 1024w, https:\/\/www.radiopiu.net\/wordpress\/wp-content\/uploads\/2024\/01\/original-FC9AC34C-10C4-42D6-9CE1-E8DCAC286CC5-150x150.jpeg 150w, https:\/\/www.radiopiu.net\/wordpress\/wp-content\/uploads\/2024\/01\/original-FC9AC34C-10C4-42D6-9CE1-E8DCAC286CC5-768x763.jpeg 768w, https:\/\/www.radiopiu.net\/wordpress\/wp-content\/uploads\/2024\/01\/original-FC9AC34C-10C4-42D6-9CE1-E8DCAC286CC5.jpeg 1179w\" sizes=\"auto, (max-width: 199px) 100vw, 199px\" \/><\/a>Dalle nevi di Calalzo di Cadore alla sabbia della Dakar: secondo posto nella categoria H4 per Umberto Fiori, calaltino e consigliere comunale, reduce dalle tredici tappe della 46esima edizione del Rally Dakar.<\/div>\n<div>Fiori ha corso come navigatore insieme a Stefano Calzi, pilota e titolare di un&#8217;impresa a Parma, proprietario di una Mitsubishi protagonista dell&#8217;allora Parigi Dakar negli anni Novanta.<\/div>\n<div>Fiori e Calzi sono stati impegnati nella gara Classic, che prevede l&#8217;utilizzo solo di auto \u201cstoriche\u201d, ossia di modelli che abbiano partecipato alla Dakar fino al 1999; quella utilizzata dalla coppia calaltino-parmense godeva anche di un valore aggiunto: non si trattava di una semplice replica, ma proprio del modello che a met\u00e0 anni Novanta aveva gi\u00e0 percorso quelle stesse strade.<\/div>\n<div><\/div>\n<\/div>\n<p>&nbsp;<\/p>\n<p><span style=\"color: #0000ff;\"><strong>CALCIO<\/strong><\/span><\/p>\n<blockquote>\n<h3>GABRIEL MARCON, UN GOSALDINO IN NAZIONALE UNDER 16<\/h3>\n<\/blockquote>\n<p><strong><a class=\"dt-pswp-item\" href=\"https:\/\/www.radiopiu.net\/wordpress\/wp-content\/uploads\/2024\/01\/Gabriel-Marcon.jpg\" data-dt-img-description=\"\" data-large_image_width=\"768\" data-large_image_height=\"432\"><img loading=\"lazy\" decoding=\"async\" class=\"size-medium wp-image-370599 alignleft\" src=\"https:\/\/www.radiopiu.net\/wordpress\/wp-content\/uploads\/2024\/01\/Gabriel-Marcon-300x169.jpg\" alt=\"\" width=\"300\" height=\"169\" srcset=\"https:\/\/www.radiopiu.net\/wordpress\/wp-content\/uploads\/2024\/01\/Gabriel-Marcon-300x169.jpg 300w, https:\/\/www.radiopiu.net\/wordpress\/wp-content\/uploads\/2024\/01\/Gabriel-Marcon.jpg 768w\" sizes=\"auto, (max-width: 300px) 100vw, 300px\" \/><\/a>DI MARCO GAZ<\/strong><\/p>\n<p><strong>REDAZIONE<\/strong> Che fosse una spanna sopra a tutti gli altri lo si era capito quest&#8217;estate a Boscoverde di Rocca Pietore in occasione della finale del Campionato Agordino Under 14 quando tra le fila del Taibon ha vinto l&#8217;edizione 2023. Stiamo parlando di Gabriel Marcon, il giovane gosaldino che in questo momento gioca con la giovanile Under 16 dell&#8217;Hellas Verona. Una carriera partita dall&#8217;Agordina Calcio, continuata con la Dolomiti Bellunesi e ora in terra veronese. La giovane promessa del calcio in queste ore \u00e8 stata convocata con la Nazionale Under 16 a Coverciano dal tecnico Zoratto per il Torneo dei Gironi. Gabriel esce da una famiglia che del calcio ha fatto una ragione di vita. La mamma lavora in EssilorLuxottica mentre il pap\u00e0 \u00e8 operaio comunale. Il pap\u00e0 ha giocato con il Gosaldo negli anni d&#8217;oro ed \u00e8 stato anche presidente della societ\u00e0 del Poi. Gabriel insegue da anni il sogno di diventare calciatore professionista. Dopo aver fatto provini con il Milan e la Juventus, Marcon nel settembre scorso \u00e8 sbarcato all&#8217;Hellas Verona. Sta giocando una stagione perfetta tra le fila della squadra veronese e nelle ultime ore la chiamata in Azzurro. La convocazione \u00e8 arrivata dal commissario tecnico Daniele Zoratto. Sono 60 i giocatori convocati in Nazionale, tutti classe 2008, che saranno suddivisi in tre squadre da 20 giocatori cosi suddivise: Nazionale Under 16, Rappresentativa A e Rappresentativa B. Il Torneo dei Gironi a Coverciano si giocher\u00e0 questo fine settimana.<\/p>\n<p>&nbsp;<\/p>\n<p><span style=\"color: #0000ff;\"><strong>PALLAVOLO<\/strong><\/span><\/p>\n<blockquote>\n<h3>STASERA LA PALLAVOLO FEMMINILE BELLUNO TORNA AL DE MAS<\/h3>\n<\/blockquote>\n<p><strong><a class=\"dt-pswp-item\" href=\"https:\/\/www.radiopiu.net\/wordpress\/wp-content\/uploads\/2024\/01\/Camilla_Consoli_sotto_rete.jpg\" data-dt-img-description=\"\" data-large_image_width=\"1234\" data-large_image_height=\"1099\"><img loading=\"lazy\" decoding=\"async\" class=\" wp-image-370587 alignleft\" src=\"https:\/\/www.radiopiu.net\/wordpress\/wp-content\/uploads\/2024\/01\/Camilla_Consoli_sotto_rete-300x267.jpg\" alt=\"\" width=\"134\" height=\"119\" srcset=\"https:\/\/www.radiopiu.net\/wordpress\/wp-content\/uploads\/2024\/01\/Camilla_Consoli_sotto_rete-300x267.jpg 300w, https:\/\/www.radiopiu.net\/wordpress\/wp-content\/uploads\/2024\/01\/Camilla_Consoli_sotto_rete-1024x912.jpg 1024w, https:\/\/www.radiopiu.net\/wordpress\/wp-content\/uploads\/2024\/01\/Camilla_Consoli_sotto_rete-768x684.jpg 768w, https:\/\/www.radiopiu.net\/wordpress\/wp-content\/uploads\/2024\/01\/Camilla_Consoli_sotto_rete.jpg 1234w\" sizes=\"auto, (max-width: 134px) 100vw, 134px\" \/><\/a>BELLUNO<\/strong> La Homeclick SB Volley, dopo oltre due mesi, torner\u00e0 al palasport De Mas per affrontare il Thermal. La formazione ospite \u00e8 attualmente all&#8217;ultimo posto in classifica, ma la SB Volley deve affrontare l&#8217;impegno con la massima concentrazione. La giovane centrale Camilla Consoli sottolinea l&#8217;importanza di dimostrare di essere all&#8217;altezza del campionato e di chiudere il girone d&#8217;andata con una vittoria. La pausa lunga \u00e8 stata sfruttata per affinare alcuni aspetti e prepararsi per un ritorno positivo. La squadra auspica un ritorno del pubblico al De Mas pi\u00f9 carico di prima. La partita si terr\u00e0 stasera alle 18:30.<\/p>\n<p>&nbsp;<\/p>\n<p>&nbsp;<\/p>\n<p><span style=\"color: #0000ff;\"><strong>ARRAMPICATA SPORTIVA\u00a0<\/strong><\/span><\/p>\n<blockquote>\n<h3>Successi bellunesi alla Veneto Lead Junior Cup di arrampicata a Cortina<\/h3>\n<\/blockquote>\n<p>&nbsp;<\/p>\n<p><strong>CORTINA <\/strong>La palestra Lacedelli di Cortina ha accolto la Veneto Lead Junior Cup, torneo dedicato agli under 20 di arrampicata. Il duo agordino della Vertik Area Dolomiti, composto da Mattia Scarpa ed Erik Tom\u00e8, ha ottenuto un brillante risultato conquistando i primi due posti nella categoria U18. Nella categoria U10, la vittoria \u00e8 andata a Isaia Toniolo di Art Climb Sedico, seguito da Joel Colloi della Vertik Area. L&#8217;evento ha regalato soddisfazioni ai giovani talenti bellunesi, confermando l&#8217;eccellenza nel panorama dell&#8217;arrampicata giovanile.<\/p>\n<p>&nbsp;<\/p>\n<p><a class=\"dt-pswp-item\" href=\"https:\/\/www.radiopiu.net\/wordpress\/wp-content\/uploads\/2024\/01\/Senza-nome-64.png\" data-dt-img-description=\"\" data-large_image_width=\"257\" data-large_image_height=\"184\"><img loading=\"lazy\" decoding=\"async\" class=\"size-full wp-image-370697 alignleft\" src=\"https:\/\/www.radiopiu.net\/wordpress\/wp-content\/uploads\/2024\/01\/Senza-nome-64.png\" alt=\"\" width=\"257\" height=\"184\" \/><\/a>Maschile. U20. 1. Andrea Cristofari (Schio); 2. Udaya Berton (GAM); 3. Gabriele Buson (Schio); 10. Tomas Soppelsa (Vertik Area). U18. 1. Mattia Scarpa (Vertik Area); 2. Erik Tom\u00e8 (Vertik Area); 3. Giulio Vivian (I Sogati) U16. 1. Niccol\u00f2 Berto (Padova); 2. Martino Paset (Padova); 3. Pietro Magnoni (I Sogati) U14. 1. Pietro Franzoni (Verona); 2. Luca Carrarini (Verona); 3. Marco Checchin (Opera Verticale); U12. 1. Eros Zuin (Opera Verticale); 2. Filippo Silvestri (Opera Verticale); 3. Riccardo Damone (Opera Verticale) U10. 1. Isaia Toniolo (Art Climb); 2. Joel Colloi (Vertik Area); 3. Filippo Andreoli (Verona) U20. 1. Angela Chiavegato (Verona); 2. Flavia Zanella (Verona). U18. 1. Olga Cabilli (Verona); 2. Emma Piva (Rovigo); 3. Alice Severin (Opera Verticale) U16. 1. Angelica Mion (Opera Verticale); 2. Emma Crosara (X-Fighter); 3. Sofia Carrarini (Verona);\u00a0 U14. 1. Giorgia Zanetti (Padova); 2. Virginia Bresolin (Opera Verticale); 3. Anita Parisotto (X-Fighter). U12. 1. Margherita Mion (Opera Verticale); 2. Nora Brentan (I Sogati); 3. Matilde Guiotto (Verona). U10. 1. Aurora Fontanive (Opera Verticale); 2. Sibilla Citton (Geko); 3. Emma Scaranello<\/p>\n<p>&nbsp;<\/p>\n<p>&nbsp;<\/p>\n<p><a class=\"dt-pswp-item\" href=\"https:\/\/www.radiopiu.net\/wordpress\/wp-content\/uploads\/2024\/01\/Senza-nome-65.png\" data-dt-img-description=\"\" data-large_image_width=\"629\" data-large_image_height=\"842\"><img loading=\"lazy\" decoding=\"async\" class=\"wp-image-370698 aligncenter\" src=\"https:\/\/www.radiopiu.net\/wordpress\/wp-content\/uploads\/2024\/01\/Senza-nome-65.png\" alt=\"\" width=\"411\" height=\"550\" srcset=\"https:\/\/www.radiopiu.net\/wordpress\/wp-content\/uploads\/2024\/01\/Senza-nome-65.png 629w, https:\/\/www.radiopiu.net\/wordpress\/wp-content\/uploads\/2024\/01\/Senza-nome-65-224x300.png 224w\" sizes=\"auto, (max-width: 411px) 100vw, 411px\" \/><\/a><\/p>\n<p>&nbsp;<\/p>\n","protected":false},"excerpt":{"rendered":"<p>*** ultim&#8217;ora Incidente senza feriti al Passo Giau: chiusa la strada temporaneamente per il recupero di un autoarticolato COLLE SANTA LUCIA Personale dei Vigili del Fuoco \u00e8 intervenuto ieri sera alle 20:35 per gestire un incidente al Passo Giau, coinvolgendo un autoarticolato ungherese e due auto di turisti italiani. Fortunatamente, nessuna persona \u00e8 rimasta ferita.&hellip;<\/p>\n","protected":false},"author":4,"featured_media":370714,"comment_status":"closed","ping_status":"closed","sticky":false,"template":"","format":"standard","meta":{"_monsterinsights_skip_tracking":false,"_monsterinsights_sitenote_active":false,"_monsterinsights_sitenote_note":"","_monsterinsights_sitenote_category":0,"footnotes":""},"categories":[51,86,49],"tags":[],"class_list":["post-370571","post","type-post","status-publish","format-standard","has-post-thumbnail","hentry","category-evidenza-top","category-gr","category-news-18","category-51","category-86","category-49","description-off"],"img_url":"https:\/\/www.radiopiu.net\/wordpress\/wp-content\/uploads\/2024\/01\/9E925024-FCE6-40FA-B503-501ABEB30300.jpeg","_links":{"self":[{"href":"https:\/\/www.radiopiu.net\/wordpress\/wp-json\/wp\/v2\/posts\/370571","targetHints":{"allow":["GET"]}}],"collection":[{"href":"https:\/\/www.radiopiu.net\/wordpress\/wp-json\/wp\/v2\/posts"}],"about":[{"href":"https:\/\/www.radiopiu.net\/wordpress\/wp-json\/wp\/v2\/types\/post"}],"author":[{"embeddable":true,"href":"https:\/\/www.radiopiu.net\/wordpress\/wp-json\/wp\/v2\/users\/4"}],"replies":[{"embeddable":true,"href":"https:\/\/www.radiopiu.net\/wordpress\/wp-json\/wp\/v2\/comments?post=370571"}],"version-history":[{"count":0,"href":"https:\/\/www.radiopiu.net\/wordpress\/wp-json\/wp\/v2\/posts\/370571\/revisions"}],"wp:featuredmedia":[{"embeddable":true,"href":"https:\/\/www.radiopiu.net\/wordpress\/wp-json\/wp\/v2\/media\/370714"}],"wp:attachment":[{"href":"https:\/\/www.radiopiu.net\/wordpress\/wp-json\/wp\/v2\/media?parent=370571"}],"wp:term":[{"taxonomy":"category","embeddable":true,"href":"https:\/\/www.radiopiu.net\/wordpress\/wp-json\/wp\/v2\/categories?post=370571"},{"taxonomy":"post_tag","embeddable":true,"href":"https:\/\/www.radiopiu.net\/wordpress\/wp-json\/wp\/v2\/tags?post=370571"}],"curies":[{"name":"wp","href":"https:\/\/api.w.org\/{rel}","templated":true}]}}