{"id":370598,"date":"2024-01-19T10:29:32","date_gmt":"2024-01-19T09:29:32","guid":{"rendered":"https:\/\/www.radiopiu.net\/wordpress\/?p=370598"},"modified":"2024-01-19T10:29:32","modified_gmt":"2024-01-19T09:29:32","slug":"gabriel-marcon-un-gosaldino-in-nazionale-under-16","status":"publish","type":"post","link":"https:\/\/www.radiopiu.net\/wordpress\/gabriel-marcon-un-gosaldino-in-nazionale-under-16\/","title":{"rendered":"GABRIEL MARCON, UN GOSALDINO IN NAZIONALE UNDER 16"},"content":{"rendered":"<p>****<\/p>\n<p>&nbsp;<\/p>\n<p><strong><a class=\"dt-pswp-item\" href=\"https:\/\/www.radiopiu.net\/wordpress\/wp-content\/uploads\/2024\/01\/Gabriel-Marcon.jpg\" data-dt-img-description=\"\" data-large_image_width=\"768\" data-large_image_height=\"432\"><img loading=\"lazy\" decoding=\"async\" class=\"size-medium wp-image-370599 alignleft\" src=\"https:\/\/www.radiopiu.net\/wordpress\/wp-content\/uploads\/2024\/01\/Gabriel-Marcon-300x169.jpg\" alt=\"\" width=\"300\" height=\"169\" srcset=\"https:\/\/www.radiopiu.net\/wordpress\/wp-content\/uploads\/2024\/01\/Gabriel-Marcon-300x169.jpg 300w, https:\/\/www.radiopiu.net\/wordpress\/wp-content\/uploads\/2024\/01\/Gabriel-Marcon.jpg 768w\" sizes=\"auto, (max-width: 300px) 100vw, 300px\" \/><\/a>DI MARCO GAZ<\/strong><\/p>\n<p><strong>REDAZIONE<\/strong> Che fosse una spanna sopra a tutti gli altri lo si era capito quest&#8217;estate a Boscoverde di Rocca Pietore in occasione della finale del Campionato Agordino Under 14 quando tra le fila del Taibon ha vinto l&#8217;edizione 2023. Stiamo parlando di Gabriel Marcon, il giovane gosaldino che in questo momento gioca con la giovanile Under 16 dell&#8217;Hellas Verona. Una carriera partita dall&#8217;Agordina Calcio, continuata con la Dolomiti Bellunesi e ora in terra veronese. La giovane promessa del calcio in queste ore \u00e8 stata convocata con la Nazionale Under 16 a Coverciano dal tecnico Zoratto per il Torneo dei Gironi. Gabriel esce da una famiglia che del calcio ha fatto una ragione di vita. La mamma lavora in EssilorLuxottica mentre il pap\u00e0 \u00e8 operaio comunale. Il pap\u00e0 ha giocato con il Gosaldo negli anni d&#8217;oro ed \u00e8 stato anche presidente della societ\u00e0 del Poi. Gabriel insegue da anni il sogno di diventare calciatore professionista. Dopo aver fatto provini con il Milan e la Juventus, Marcon nel settembre scorso \u00e8 sbarcato all&#8217;Hellas Verona. Sta giocando una stagione perfetta tra le fila della squadra veronese e nelle ultime ore la chiamata in Azzurro. La convocazione \u00e8 arrivata dal commissario tecnico Daniele Zoratto. Sono 60 i giocatori convocati in Nazionale, tutti classe 2008, che saranno suddivisi in tre squadre da 20 giocatori cosi suddivise: Nazionale Under 16, Rappresentativa A e Rappresentativa B. Il Torneo dei Gironi a Coverciano si giocher\u00e0 questo fine settimana.<\/p>\n<p>&nbsp;<\/p>\n<p>&nbsp;<\/p>\n<p>****<\/p>\n","protected":false},"excerpt":{"rendered":"<p>**** &nbsp; DI MARCO GAZ REDAZIONE Che fosse una spanna sopra a tutti gli altri lo si era capito quest&#8217;estate a Boscoverde di Rocca Pietore in occasione della finale del Campionato Agordino Under 14 quando tra le fila del Taibon ha vinto l&#8217;edizione 2023. Stiamo parlando di Gabriel Marcon, il giovane gosaldino che in questo&hellip;<\/p>\n","protected":false},"author":4,"featured_media":370599,"comment_status":"closed","ping_status":"closed","sticky":false,"template":"","format":"standard","meta":{"_monsterinsights_skip_tracking":false,"_monsterinsights_sitenote_active":false,"_monsterinsights_sitenote_note":"","_monsterinsights_sitenote_category":0,"footnotes":""},"categories":[49],"tags":[],"class_list":["post-370598","post","type-post","status-publish","format-standard","has-post-thumbnail","hentry","category-news-18","category-49","description-off"],"img_url":"https:\/\/www.radiopiu.net\/wordpress\/wp-content\/uploads\/2024\/01\/Gabriel-Marcon.jpg","_links":{"self":[{"href":"https:\/\/www.radiopiu.net\/wordpress\/wp-json\/wp\/v2\/posts\/370598","targetHints":{"allow":["GET"]}}],"collection":[{"href":"https:\/\/www.radiopiu.net\/wordpress\/wp-json\/wp\/v2\/posts"}],"about":[{"href":"https:\/\/www.radiopiu.net\/wordpress\/wp-json\/wp\/v2\/types\/post"}],"author":[{"embeddable":true,"href":"https:\/\/www.radiopiu.net\/wordpress\/wp-json\/wp\/v2\/users\/4"}],"replies":[{"embeddable":true,"href":"https:\/\/www.radiopiu.net\/wordpress\/wp-json\/wp\/v2\/comments?post=370598"}],"version-history":[{"count":0,"href":"https:\/\/www.radiopiu.net\/wordpress\/wp-json\/wp\/v2\/posts\/370598\/revisions"}],"wp:featuredmedia":[{"embeddable":true,"href":"https:\/\/www.radiopiu.net\/wordpress\/wp-json\/wp\/v2\/media\/370599"}],"wp:attachment":[{"href":"https:\/\/www.radiopiu.net\/wordpress\/wp-json\/wp\/v2\/media?parent=370598"}],"wp:term":[{"taxonomy":"category","embeddable":true,"href":"https:\/\/www.radiopiu.net\/wordpress\/wp-json\/wp\/v2\/categories?post=370598"},{"taxonomy":"post_tag","embeddable":true,"href":"https:\/\/www.radiopiu.net\/wordpress\/wp-json\/wp\/v2\/tags?post=370598"}],"curies":[{"name":"wp","href":"https:\/\/api.w.org\/{rel}","templated":true}]}}