{"id":370626,"date":"2024-01-19T15:06:16","date_gmt":"2024-01-19T14:06:16","guid":{"rendered":"https:\/\/www.radiopiu.net\/wordpress\/?p=370626"},"modified":"2024-01-20T06:03:02","modified_gmt":"2024-01-20T05:03:02","slug":"papa-francesco-incontra-le-comunita-del-vajont-elogiando-la-forza-di-longarone-e-condannando-lavidita-distruttiva","status":"publish","type":"post","link":"https:\/\/www.radiopiu.net\/wordpress\/papa-francesco-incontra-le-comunita-del-vajont-elogiando-la-forza-di-longarone-e-condannando-lavidita-distruttiva\/","title":{"rendered":"Papa Francesco incontra le comunit\u00e0 del Vajont, elogiando la forza di Longarone e condannando l&#8217;avidit\u00e0 distruttiva"},"content":{"rendered":"<p>&nbsp;<\/p>\n<p>^^^<\/p>\n<p>&nbsp;<\/p>\n<p>&nbsp;<\/p>\n<p><strong><a class=\"dt-pswp-item\" href=\"https:\/\/www.radiopiu.net\/wordpress\/wp-content\/uploads\/2024\/01\/e87ec067-36fb-4395-b220-3e7918a2abe1-1.jpg\" data-dt-img-description=\"\" data-large_image_width=\"1024\" data-large_image_height=\"768\"><img loading=\"lazy\" decoding=\"async\" class=\" wp-image-370663 alignleft\" src=\"https:\/\/www.radiopiu.net\/wordpress\/wp-content\/uploads\/2024\/01\/e87ec067-36fb-4395-b220-3e7918a2abe1-1-300x225.jpg\" alt=\"\" width=\"255\" height=\"191\" srcset=\"https:\/\/www.radiopiu.net\/wordpress\/wp-content\/uploads\/2024\/01\/e87ec067-36fb-4395-b220-3e7918a2abe1-1-300x225.jpg 300w, https:\/\/www.radiopiu.net\/wordpress\/wp-content\/uploads\/2024\/01\/e87ec067-36fb-4395-b220-3e7918a2abe1-1-768x576.jpg 768w, https:\/\/www.radiopiu.net\/wordpress\/wp-content\/uploads\/2024\/01\/e87ec067-36fb-4395-b220-3e7918a2abe1-1.jpg 1024w\" sizes=\"auto, (max-width: 255px) 100vw, 255px\" \/><\/a>ROMA<\/strong> Papa Francesco ha accolto le comunit\u00e0 del Vajont in udienza privata in Vaticano. Il Pontefice ha ricordato il disastro del 9 ottobre 1963, esprimendo commozione per le vittime ma elogiando anche la dignit\u00e0 e la forza di chi ha ricostruito Longarone. Ha citato San Francesco, esortando al rispetto della natura e condannato l&#8217;avidit\u00e0 che porta distruzione. Il messaggio \u00e8 stato accolto con emozione dalla comunit\u00e0, e il sindaco di Longarone ha commentato positivamente l&#8217;occasione per pregare, riflettere e condannare la logica economica contro la natura. La comunit\u00e0 ha donato al Papa un pastorale, una maglia del Longarone calcio e prodotti locali. Successivamente, la comunit\u00e0 ha partecipato a una messa in basilica di San Pietro. Il sindaco ha annunciato un progetto formativo per coinvolgere i giovani nella memoria del Vajont.\u00a0 A Roma era presente anche una rappresentanza della comunit\u00e0 economica bellunese con la Vice Presidente Nadia Zampol e il Segretario Generale Romano Tiozzo della Camera di Commercio Treviso-Belluno.<em> L\u2019occasione &#8211; ha ricordato Nadia Zampol &#8211; \u00e8 stata straordinaria. E&#8217; sempre un&#8217;emozione incontrare il Santo Padre che nella sua fragilit\u00e0 dimostra una grande forza e una bellissima testimonianza di richiamo alla speranza perch\u00e9 i disastri causati dall&#8217;uomo non si ripresentino pi\u00f9. Oggi ogni nostra azione, ogni nostra impresa, ogni nostro sforzo per costruire una condizione umana migliore deve partire dal rispetto delle persone e dall&#8217;amore verso tutto ci\u00f2 che ci circonda&#8221;\u00a0<\/em><\/p>\n<p>&nbsp;<\/p>\n\n\t\t\t<style type='text\/css'>\n\t\t\t\t#gallery-1 {\n\t\t\t\t\tmargin: auto;\n\t\t\t\t}\n\t\t\t\t#gallery-1 .gallery-item {\n\t\t\t\t\tfloat: left;\n\t\t\t\t\tmargin-top: 10px;\n\t\t\t\t\ttext-align: center;\n\t\t\t\t\twidth: 20%;\n\t\t\t\t}\n\t\t\t\t#gallery-1 img {\n\t\t\t\t\tborder: 2px solid #cfcfcf;\n\t\t\t\t}\n\t\t\t\t#gallery-1 .gallery-caption {\n\t\t\t\t\tmargin-left: 0;\n\t\t\t\t}\n\t\t\t\t\/* see gallery_shortcode() in wp-includes\/media.php *\/\n\t\t\t<\/style>\n\t\t<div id='gallery-1' class='dt-gallery-container gallery galleryid-370626 gallery-columns-5 gallery-size-thumbnail'><dl class='gallery-item'>\n\t\t\t\t<dt class='gallery-icon landscape'>\n\t\t\t\t\t<a class=\"rollover rollover-zoom dt-pswp-item\" title=\"B86C6393-D63E-439C-A4D6-3686BB436B09\" data-dt-img-description=\"\" data-large_image_width=\"800\" data-large_image_height=\"533\"href='https:\/\/www.radiopiu.net\/wordpress\/wp-content\/uploads\/2024\/01\/B86C6393-D63E-439C-A4D6-3686BB436B09.jpeg'><img loading=\"lazy\" decoding=\"async\" width=\"150\" height=\"150\" src=\"https:\/\/www.radiopiu.net\/wordpress\/wp-content\/uploads\/2024\/01\/B86C6393-D63E-439C-A4D6-3686BB436B09-150x150.jpeg\" class=\"attachment-thumbnail size-thumbnail\" alt=\"\" \/><\/a>\n\t\t\t\t<\/dt><\/dl><dl class='gallery-item'>\n\t\t\t\t<dt class='gallery-icon landscape'>\n\t\t\t\t\t<a class=\"rollover rollover-zoom dt-pswp-item\" title=\"9E925024-FCE6-40FA-B503-501ABEB30300\" data-dt-img-description=\"\" data-large_image_width=\"800\" data-large_image_height=\"533\"href='https:\/\/www.radiopiu.net\/wordpress\/wp-content\/uploads\/2024\/01\/9E925024-FCE6-40FA-B503-501ABEB30300.jpeg'><img loading=\"lazy\" decoding=\"async\" width=\"150\" height=\"150\" src=\"https:\/\/www.radiopiu.net\/wordpress\/wp-content\/uploads\/2024\/01\/9E925024-FCE6-40FA-B503-501ABEB30300-150x150.jpeg\" class=\"attachment-thumbnail size-thumbnail\" alt=\"\" \/><\/a>\n\t\t\t\t<\/dt><\/dl><dl class='gallery-item'>\n\t\t\t\t<dt class='gallery-icon landscape'>\n\t\t\t\t\t<a class=\"rollover rollover-zoom dt-pswp-item\" title=\"6BDA842F-D4C1-4D4B-ADA1-7F379577C6C7\" data-dt-img-description=\"\" data-large_image_width=\"800\" data-large_image_height=\"533\"href='https:\/\/www.radiopiu.net\/wordpress\/wp-content\/uploads\/2024\/01\/6BDA842F-D4C1-4D4B-ADA1-7F379577C6C7.jpeg'><img loading=\"lazy\" decoding=\"async\" width=\"150\" height=\"150\" src=\"https:\/\/www.radiopiu.net\/wordpress\/wp-content\/uploads\/2024\/01\/6BDA842F-D4C1-4D4B-ADA1-7F379577C6C7-150x150.jpeg\" class=\"attachment-thumbnail size-thumbnail\" alt=\"\" \/><\/a>\n\t\t\t\t<\/dt><\/dl><dl class='gallery-item'>\n\t\t\t\t<dt class='gallery-icon landscape'>\n\t\t\t\t\t<a class=\"rollover rollover-zoom dt-pswp-item\" title=\"73D5CAA2-C3D7-4651-A4E7-9619FF4E3CFF\" data-dt-img-description=\"\" data-large_image_width=\"800\" data-large_image_height=\"533\"href='https:\/\/www.radiopiu.net\/wordpress\/wp-content\/uploads\/2024\/01\/73D5CAA2-C3D7-4651-A4E7-9619FF4E3CFF.jpeg'><img loading=\"lazy\" decoding=\"async\" width=\"150\" height=\"150\" src=\"https:\/\/www.radiopiu.net\/wordpress\/wp-content\/uploads\/2024\/01\/73D5CAA2-C3D7-4651-A4E7-9619FF4E3CFF-150x150.jpeg\" class=\"attachment-thumbnail size-thumbnail\" alt=\"\" \/><\/a>\n\t\t\t\t<\/dt><\/dl><dl class='gallery-item'>\n\t\t\t\t<dt class='gallery-icon landscape'>\n\t\t\t\t\t<a class=\"rollover rollover-zoom dt-pswp-item\" title=\"A0C280B2-42A9-4100-8EA6-BA11FFEEFCC5\" data-dt-img-description=\"\" data-large_image_width=\"800\" data-large_image_height=\"533\"href='https:\/\/www.radiopiu.net\/wordpress\/wp-content\/uploads\/2024\/01\/A0C280B2-42A9-4100-8EA6-BA11FFEEFCC5.jpeg'><img loading=\"lazy\" decoding=\"async\" width=\"150\" height=\"150\" src=\"https:\/\/www.radiopiu.net\/wordpress\/wp-content\/uploads\/2024\/01\/A0C280B2-42A9-4100-8EA6-BA11FFEEFCC5-150x150.jpeg\" class=\"attachment-thumbnail size-thumbnail\" alt=\"\" \/><\/a>\n\t\t\t\t<\/dt><\/dl><br style=\"clear: both\" \/>\n\t\t\t<\/div>\n\n<p>&nbsp;<\/p>\n<p>&nbsp;<\/p>\n<div style=\"width: 848px;\" class=\"wp-video\"><video class=\"wp-video-shortcode\" id=\"video-370626-1\" width=\"848\" height=\"480\" preload=\"metadata\" controls=\"controls\"><source type=\"video\/mp4\" src=\"https:\/\/www.radiopiu.net\/wordpress\/wp-content\/uploads\/2024\/01\/WhatsApp-Video-2024-01-19-at-15.02.44.mp4?_=1\" \/><a href=\"https:\/\/www.radiopiu.net\/wordpress\/wp-content\/uploads\/2024\/01\/WhatsApp-Video-2024-01-19-at-15.02.44.mp4\">https:\/\/www.radiopiu.net\/wordpress\/wp-content\/uploads\/2024\/01\/WhatsApp-Video-2024-01-19-at-15.02.44.mp4<\/a><\/video><\/div>\n<blockquote>\n<h3>Michele Giacomel, presidente associazione Vajont il futuro della memoria<\/h3>\n<\/blockquote>\n<div style=\"width: 848px;\" class=\"wp-video\"><video class=\"wp-video-shortcode\" id=\"video-370626-2\" width=\"848\" height=\"480\" preload=\"metadata\" controls=\"controls\"><source type=\"video\/mp4\" src=\"https:\/\/www.radiopiu.net\/wordpress\/wp-content\/uploads\/2024\/01\/WhatsApp-Video-2024-01-19-at-15.49.48.mp4?_=2\" \/><a href=\"https:\/\/www.radiopiu.net\/wordpress\/wp-content\/uploads\/2024\/01\/WhatsApp-Video-2024-01-19-at-15.49.48.mp4\">https:\/\/www.radiopiu.net\/wordpress\/wp-content\/uploads\/2024\/01\/WhatsApp-Video-2024-01-19-at-15.49.48.mp4<\/a><\/video><\/div>\n<blockquote>\n<h3>Arnaldo Olivier superstite<\/h3>\n<\/blockquote>\n<div style=\"width: 848px;\" class=\"wp-video\"><video class=\"wp-video-shortcode\" id=\"video-370626-3\" width=\"848\" height=\"480\" preload=\"metadata\" controls=\"controls\"><source type=\"video\/mp4\" src=\"https:\/\/www.radiopiu.net\/wordpress\/wp-content\/uploads\/2024\/01\/WhatsApp-Video-2024-01-19-at-15.44.07.mp4?_=3\" \/><a href=\"https:\/\/www.radiopiu.net\/wordpress\/wp-content\/uploads\/2024\/01\/WhatsApp-Video-2024-01-19-at-15.44.07.mp4\">https:\/\/www.radiopiu.net\/wordpress\/wp-content\/uploads\/2024\/01\/WhatsApp-Video-2024-01-19-at-15.44.07.mp4<\/a><\/video><\/div>\n<p>&nbsp;<\/p>\n<p>&nbsp;<\/p>\n<hr \/>\n<p>&nbsp;<\/p>\n","protected":false},"excerpt":{"rendered":"<p>&nbsp; ^^^ &nbsp; &nbsp; ROMA Papa Francesco ha accolto le comunit\u00e0 del Vajont in udienza privata in Vaticano. Il Pontefice ha ricordato il disastro del 9 ottobre 1963, esprimendo commozione per le vittime ma elogiando anche la dignit\u00e0 e la forza di chi ha ricostruito Longarone. Ha citato San Francesco, esortando al rispetto della natura&hellip;<\/p>\n","protected":false},"author":4,"featured_media":370628,"comment_status":"closed","ping_status":"closed","sticky":false,"template":"","format":"standard","meta":{"_monsterinsights_skip_tracking":false,"_monsterinsights_sitenote_active":false,"_monsterinsights_sitenote_note":"","_monsterinsights_sitenote_category":0,"footnotes":""},"categories":[51,49],"tags":[],"class_list":["post-370626","post","type-post","status-publish","format-standard","has-post-thumbnail","hentry","category-evidenza-top","category-news-18","category-51","category-49","description-off"],"img_url":"https:\/\/www.radiopiu.net\/wordpress\/wp-content\/uploads\/2024\/01\/Senza-nome-63.png","_links":{"self":[{"href":"https:\/\/www.radiopiu.net\/wordpress\/wp-json\/wp\/v2\/posts\/370626","targetHints":{"allow":["GET"]}}],"collection":[{"href":"https:\/\/www.radiopiu.net\/wordpress\/wp-json\/wp\/v2\/posts"}],"about":[{"href":"https:\/\/www.radiopiu.net\/wordpress\/wp-json\/wp\/v2\/types\/post"}],"author":[{"embeddable":true,"href":"https:\/\/www.radiopiu.net\/wordpress\/wp-json\/wp\/v2\/users\/4"}],"replies":[{"embeddable":true,"href":"https:\/\/www.radiopiu.net\/wordpress\/wp-json\/wp\/v2\/comments?post=370626"}],"version-history":[{"count":0,"href":"https:\/\/www.radiopiu.net\/wordpress\/wp-json\/wp\/v2\/posts\/370626\/revisions"}],"wp:featuredmedia":[{"embeddable":true,"href":"https:\/\/www.radiopiu.net\/wordpress\/wp-json\/wp\/v2\/media\/370628"}],"wp:attachment":[{"href":"https:\/\/www.radiopiu.net\/wordpress\/wp-json\/wp\/v2\/media?parent=370626"}],"wp:term":[{"taxonomy":"category","embeddable":true,"href":"https:\/\/www.radiopiu.net\/wordpress\/wp-json\/wp\/v2\/categories?post=370626"},{"taxonomy":"post_tag","embeddable":true,"href":"https:\/\/www.radiopiu.net\/wordpress\/wp-json\/wp\/v2\/tags?post=370626"}],"curies":[{"name":"wp","href":"https:\/\/api.w.org\/{rel}","templated":true}]}}