{"id":370631,"date":"2024-01-19T15:14:25","date_gmt":"2024-01-19T14:14:25","guid":{"rendered":"https:\/\/www.radiopiu.net\/wordpress\/?p=370631"},"modified":"2024-01-20T06:02:56","modified_gmt":"2024-01-20T05:02:56","slug":"lorella-benvegnu-eletta-nella-segreteria-confederale-cisl","status":"publish","type":"post","link":"https:\/\/www.radiopiu.net\/wordpress\/lorella-benvegnu-eletta-nella-segreteria-confederale-cisl\/","title":{"rendered":"LORELLA BENVEGNU&#8217; ELETTA NELLA SEGRETERIA CONFEDERALE CISL"},"content":{"rendered":"<p>***<\/p>\n<p>&nbsp;<\/p>\n<p><strong><a class=\"dt-pswp-item\" href=\"https:\/\/www.radiopiu.net\/wordpress\/wp-content\/uploads\/2024\/01\/Lorella-Benvegnu1.jpeg\" data-dt-img-description=\"\" data-large_image_width=\"1600\" data-large_image_height=\"1200\"><img loading=\"lazy\" decoding=\"async\" class=\"wp-image-370635 alignleft\" src=\"https:\/\/www.radiopiu.net\/wordpress\/wp-content\/uploads\/2024\/01\/Lorella-Benvegnu1-300x225.jpeg\" alt=\"\" width=\"183\" height=\"137\" srcset=\"https:\/\/www.radiopiu.net\/wordpress\/wp-content\/uploads\/2024\/01\/Lorella-Benvegnu1-300x225.jpeg 300w, https:\/\/www.radiopiu.net\/wordpress\/wp-content\/uploads\/2024\/01\/Lorella-Benvegnu1-1024x768.jpeg 1024w, https:\/\/www.radiopiu.net\/wordpress\/wp-content\/uploads\/2024\/01\/Lorella-Benvegnu1-768x576.jpeg 768w, https:\/\/www.radiopiu.net\/wordpress\/wp-content\/uploads\/2024\/01\/Lorella-Benvegnu1-1536x1152.jpeg 1536w, https:\/\/www.radiopiu.net\/wordpress\/wp-content\/uploads\/2024\/01\/Lorella-Benvegnu1.jpeg 1600w\" sizes=\"auto, (max-width: 183px) 100vw, 183px\" \/><\/a>TREVISO_BELLUNO<\/strong> Lorella Benvegn\u00f9, figura storica della Cisl Scuola, \u00e8 stata eletta nella segreteria confederale della Cisl Belluno Treviso. Subentra a Teresa Merotto, raggiunta dalla pensione, affiancando il segretario generale Paglini e il segretario Brancher. Benvegn\u00f9, attiva nel volontariato e laureata in Lettere, \u00e8 alla guida della Cisl Scuola Belluno Treviso dal 2020. Con una lunga storia sindacale, ha maturato <a class=\"dt-pswp-item\" href=\"https:\/\/www.radiopiu.net\/wordpress\/wp-content\/uploads\/2024\/01\/Segreteria-24-Brancher-Benvegnu-Paglini.jpeg\" data-dt-img-description=\"\" data-large_image_width=\"1600\" data-large_image_height=\"1200\"><img loading=\"lazy\" decoding=\"async\" class=\" wp-image-370634 alignright\" src=\"https:\/\/www.radiopiu.net\/wordpress\/wp-content\/uploads\/2024\/01\/Segreteria-24-Brancher-Benvegnu-Paglini-300x225.jpeg\" alt=\"\" width=\"228\" height=\"171\" srcset=\"https:\/\/www.radiopiu.net\/wordpress\/wp-content\/uploads\/2024\/01\/Segreteria-24-Brancher-Benvegnu-Paglini-300x225.jpeg 300w, https:\/\/www.radiopiu.net\/wordpress\/wp-content\/uploads\/2024\/01\/Segreteria-24-Brancher-Benvegnu-Paglini-1024x768.jpeg 1024w, https:\/\/www.radiopiu.net\/wordpress\/wp-content\/uploads\/2024\/01\/Segreteria-24-Brancher-Benvegnu-Paglini-768x576.jpeg 768w, https:\/\/www.radiopiu.net\/wordpress\/wp-content\/uploads\/2024\/01\/Segreteria-24-Brancher-Benvegnu-Paglini-1536x1152.jpeg 1536w, https:\/\/www.radiopiu.net\/wordpress\/wp-content\/uploads\/2024\/01\/Segreteria-24-Brancher-Benvegnu-Paglini.jpeg 1600w\" sizes=\"auto, (max-width: 228px) 100vw, 228px\" \/><\/a>competenze nel settore scolastico. Nel suo discorso di ringraziamento, ha sottolineato la responsabilit\u00e0 dell&#8217;incarico e l&#8217;importanza di far crescere le persone lavorando in gruppo. Il segretario Paglini ha evidenziato l&#8217;incertezza del periodo, toccando vari temi attuali. In tre interventi distinti, il segretario generale della Cisl Belluno Treviso, Massimiliano Paglini, ha elogiato la neoeletta Lorella Benvegn\u00f9 per la sua esperienza sindacale e competenze. Ha affrontato diverse tematiche, tra cui l&#8217;incertezza economica, la gestione migratoria e la Manovra 2024, esprimendo soddisfazione per alcuni risultati ma criticando il governo sulle pensioni. Il segretario generale della Cisl del Veneto, Gianfranco Refosco, ha ringraziato Benvegn\u00f9 per la sua disponibilit\u00e0 e sottolineato l&#8217;importanza del sindacato in un periodo di trasformazione sociale. Le conclusioni sono state affidate al Segretario nazionale Confederale <a class=\"dt-pswp-item\" href=\"https:\/\/www.radiopiu.net\/wordpress\/wp-content\/uploads\/2024\/01\/CG-19.01.24-2-scaled.jpg\" data-dt-img-description=\"\" data-large_image_width=\"2560\" data-large_image_height=\"1920\"><img loading=\"lazy\" decoding=\"async\" class=\" wp-image-370632 alignleft\" src=\"https:\/\/www.radiopiu.net\/wordpress\/wp-content\/uploads\/2024\/01\/CG-19.01.24-2-300x225.jpg\" alt=\"\" width=\"165\" height=\"124\" srcset=\"https:\/\/www.radiopiu.net\/wordpress\/wp-content\/uploads\/2024\/01\/CG-19.01.24-2-300x225.jpg 300w, https:\/\/www.radiopiu.net\/wordpress\/wp-content\/uploads\/2024\/01\/CG-19.01.24-2-1024x768.jpg 1024w, https:\/\/www.radiopiu.net\/wordpress\/wp-content\/uploads\/2024\/01\/CG-19.01.24-2-768x576.jpg 768w, https:\/\/www.radiopiu.net\/wordpress\/wp-content\/uploads\/2024\/01\/CG-19.01.24-2-1536x1152.jpg 1536w, https:\/\/www.radiopiu.net\/wordpress\/wp-content\/uploads\/2024\/01\/CG-19.01.24-2-2048x1536.jpg 2048w\" sizes=\"auto, (max-width: 165px) 100vw, 165px\" \/><\/a>Giorgio Graziani, che ha elogiato l&#8217;impegno della Cisl, evidenziando una proposta di legge per la partecipazione dei lavoratori alla gestione delle imprese.<\/p>\n<blockquote>\n<div align=\"left\"><span style=\"color: #000000; font-family: Helvetica;\"><em>Alla guida della Cisl Scuola Belluno Treviso dal 2020, 63 anni, laureata in Lettere, attiva nel volontariato e nell&#8217;associazionismo, Benvegn\u00f9 \u00e8 entrata nel mondo della scuola nel 1986 come docente di scuola secondaria. Nel 2000 \u00e8 stata eletta Rsu, 8 anni dopo ha deciso di dedicarsi a tempo pieno all\u2019attivit\u00e0 sindacale: nel 2010 \u00e8 stata eletta segretaria generale della Cisl Scuola di Belluno, nel 2013 segretaria aggiunta nella unificata Cisl Scuola Belluno Treviso e nel dicembre 2020 Segretaria generale della stessa.<\/em><\/span><\/div>\n<\/blockquote>\n<div align=\"left\"><\/div>\n<div align=\"left\"><\/div>\n<div align=\"left\"><strong>AI MICROFONI DI RADIOPIU&#8230; LORELLA BENVEGNU&#8217;<\/strong><\/div>\n<div align=\"left\">\n<audio class=\"wp-audio-shortcode\" id=\"audio-370631-1\" preload=\"none\" style=\"width: 100%;\" controls=\"controls\"><source type=\"audio\/mpeg\" src=\"https:\/\/www.radiopiu.net\/wordpress\/wp-content\/uploads\/2024\/01\/benvegnu.mp3?_=1\" \/><a href=\"https:\/\/www.radiopiu.net\/wordpress\/wp-content\/uploads\/2024\/01\/benvegnu.mp3\">https:\/\/www.radiopiu.net\/wordpress\/wp-content\/uploads\/2024\/01\/benvegnu.mp3<\/a><\/audio>\n<\/div>\n<div align=\"left\"><\/div>\n<div align=\"left\"><strong>MASSIMILIANO PAGLINI<\/strong><audio class=\"wp-audio-shortcode\" id=\"audio-370631-2\" preload=\"none\" style=\"width: 100%;\" controls=\"controls\"><source type=\"audio\/mpeg\" src=\"https:\/\/www.radiopiu.net\/wordpress\/wp-content\/uploads\/2024\/01\/paglini.mp3?_=2\" \/><a href=\"https:\/\/www.radiopiu.net\/wordpress\/wp-content\/uploads\/2024\/01\/paglini.mp3\">https:\/\/www.radiopiu.net\/wordpress\/wp-content\/uploads\/2024\/01\/paglini.mp3<\/a><\/audio>\n<\/div>\n<blockquote>\n<div align=\"left\"><\/div>\n<div align=\"left\"><a class=\"dt-pswp-item\" href=\"https:\/\/www.radiopiu.net\/wordpress\/wp-content\/uploads\/2024\/01\/CG-19.01.24-CISL.jpg\" data-dt-img-description=\"\" data-large_image_width=\"2016\" data-large_image_height=\"1512\"><img loading=\"lazy\" decoding=\"async\" class=\"wp-image-370633 aligncenter\" src=\"https:\/\/www.radiopiu.net\/wordpress\/wp-content\/uploads\/2024\/01\/CG-19.01.24-CISL-300x225.jpg\" alt=\"\" width=\"151\" height=\"113\" srcset=\"https:\/\/www.radiopiu.net\/wordpress\/wp-content\/uploads\/2024\/01\/CG-19.01.24-CISL-300x225.jpg 300w, https:\/\/www.radiopiu.net\/wordpress\/wp-content\/uploads\/2024\/01\/CG-19.01.24-CISL-1024x768.jpg 1024w, https:\/\/www.radiopiu.net\/wordpress\/wp-content\/uploads\/2024\/01\/CG-19.01.24-CISL-768x576.jpg 768w, https:\/\/www.radiopiu.net\/wordpress\/wp-content\/uploads\/2024\/01\/CG-19.01.24-CISL-1536x1152.jpg 1536w, https:\/\/www.radiopiu.net\/wordpress\/wp-content\/uploads\/2024\/01\/CG-19.01.24-CISL.jpg 2016w\" sizes=\"auto, (max-width: 151px) 100vw, 151px\" \/><\/a><\/div>\n<\/blockquote>\n<div align=\"left\"><\/div>\n<p>___<\/p>\n","protected":false},"excerpt":{"rendered":"<p>*** &nbsp; TREVISO_BELLUNO Lorella Benvegn\u00f9, figura storica della Cisl Scuola, \u00e8 stata eletta nella segreteria confederale della Cisl Belluno Treviso. Subentra a Teresa Merotto, raggiunta dalla pensione, affiancando il segretario generale Paglini e il segretario Brancher. Benvegn\u00f9, attiva nel volontariato e laureata in Lettere, \u00e8 alla guida della Cisl Scuola Belluno Treviso dal 2020. Con&hellip;<\/p>\n","protected":false},"author":4,"featured_media":370635,"comment_status":"closed","ping_status":"closed","sticky":false,"template":"","format":"standard","meta":{"_monsterinsights_skip_tracking":false,"_monsterinsights_sitenote_active":false,"_monsterinsights_sitenote_note":"","_monsterinsights_sitenote_category":0,"footnotes":""},"categories":[51,49],"tags":[],"class_list":["post-370631","post","type-post","status-publish","format-standard","has-post-thumbnail","hentry","category-evidenza-top","category-news-18","category-51","category-49","description-off"],"img_url":"https:\/\/www.radiopiu.net\/wordpress\/wp-content\/uploads\/2024\/01\/Lorella-Benvegnu1.jpeg","_links":{"self":[{"href":"https:\/\/www.radiopiu.net\/wordpress\/wp-json\/wp\/v2\/posts\/370631","targetHints":{"allow":["GET"]}}],"collection":[{"href":"https:\/\/www.radiopiu.net\/wordpress\/wp-json\/wp\/v2\/posts"}],"about":[{"href":"https:\/\/www.radiopiu.net\/wordpress\/wp-json\/wp\/v2\/types\/post"}],"author":[{"embeddable":true,"href":"https:\/\/www.radiopiu.net\/wordpress\/wp-json\/wp\/v2\/users\/4"}],"replies":[{"embeddable":true,"href":"https:\/\/www.radiopiu.net\/wordpress\/wp-json\/wp\/v2\/comments?post=370631"}],"version-history":[{"count":0,"href":"https:\/\/www.radiopiu.net\/wordpress\/wp-json\/wp\/v2\/posts\/370631\/revisions"}],"wp:featuredmedia":[{"embeddable":true,"href":"https:\/\/www.radiopiu.net\/wordpress\/wp-json\/wp\/v2\/media\/370635"}],"wp:attachment":[{"href":"https:\/\/www.radiopiu.net\/wordpress\/wp-json\/wp\/v2\/media?parent=370631"}],"wp:term":[{"taxonomy":"category","embeddable":true,"href":"https:\/\/www.radiopiu.net\/wordpress\/wp-json\/wp\/v2\/categories?post=370631"},{"taxonomy":"post_tag","embeddable":true,"href":"https:\/\/www.radiopiu.net\/wordpress\/wp-json\/wp\/v2\/tags?post=370631"}],"curies":[{"name":"wp","href":"https:\/\/api.w.org\/{rel}","templated":true}]}}